{"id":962,"date":"2023-04-03T22:50:03","date_gmt":"2023-04-03T22:50:03","guid":{"rendered":"https:\/\/tirinha.com\/compositor-japones-ryuichi-sakamoto-morre-aos-71-anos\/"},"modified":"2023-04-03T22:50:03","modified_gmt":"2023-04-03T22:50:03","slug":"nha-soan-nhac-nguoi-nhat-ban-ryuichi-sakamoto-qua-doi-o-tuoi-71","status":"publish","type":"post","link":"https:\/\/tirinha.com\/vi\/962\/compositor-japones-ryuichi-sakamoto-morre-aos-71-anos\/","title":{"rendered":"Nh\u1ea1c s\u0129 Nh\u1eadt B\u1ea3n Ryuichi Sakamoto qua \u0111\u1eddi \u1edf tu\u1ed5i 71"},"content":{"rendered":"<p><\/p>\n<p>        nh\u00e0 so\u1ea1n nh\u1ea1c Nh\u1eadt B\u1ea3n <strong>ryuchi sakamoto<\/strong>, <strong>m\u1ed9t trong nh\u1eefng ng\u01b0\u1eddi c\u00f3 t\u1ea7m nh\u00ecn \u00e2m nh\u1ea1c v\u0129 \u0111\u1ea1i c\u1ee7a nh\u1eefng th\u1eadp k\u1ef7 g\u1ea7n \u0111\u00e2y<\/strong>, m\u1ed9t ng\u01b0\u1eddi th\u1eed nghi\u1ec7m nhi\u1ec1u phong c\u00e1ch kh\u00e1c nhau v\u00e0 l\u00e0 t\u00e1c gi\u1ea3 c\u1ee7a nh\u1eefng b\u1ea3n nh\u1ea1c phim kh\u00f3 qu\u00ean, \u0111\u00e3 qua \u0111\u1eddi v\u00e0o ng\u00e0y 28 th\u00e1ng 3 \u1edf tu\u1ed5i 71, ng\u01b0\u1eddi \u0111\u1ea1i di\u1ec7n c\u1ee7a \u00f4ng th\u00f4ng b\u00e1o v\u00e0o Ch\u1ee7 Nh\u1eadt n\u00e0y. Th\u1eadt kh\u00f4ng may, c\u00e1i ch\u1ebft c\u1ee7a ngh\u1ec7 s\u0129 l\u00e0 tin t\u1ee9c \u0111\u01b0\u1ee3c d\u1ef1 \u0111o\u00e1n tr\u01b0\u1edbc. B\u1ea3n th\u00e2n \u00f4ng g\u1ea7n \u0111\u00e2y \u0111\u00e3 n\u00f3i r\u1eb1ng \u00f4ng m\u1eafc b\u1ec7nh ung th\u01b0 tr\u1ef1c tr\u00e0ng \u1edf giai \u0111o\u1ea1n r\u1ea5t n\u1eb7ng v\u00e0 ch\u1ec9 c\u00f3 th\u1ec3 d\u1eabn \u0111\u1ebfn t\u1eed vong, v\u00e0 \u00f4ng \u0111\u00e3 d\u00e0nh c\u1ea3 cu\u1ed9c \u0111\u1eddi m\u00ecnh cho qu\u00e1 tr\u00ecnh n\u00e0y. <strong>h\u1ed3 s\u01a1 m\u1edbi nh\u1ea5t, <\/strong><em><strong>12<\/strong><\/em><strong>,<\/strong> \u0111\u01b0\u1ee3c xu\u1ea5t b\u1ea3n c\u00e1ch \u0111\u00e2y v\u00e0i th\u00e1ng v\u00e0 gi\u1ed1ng nh\u01b0 m\u1ed9t cu\u1ed1n nh\u1eadt k\u00fd \u00e2m nh\u1ea1c v\u1ec1 giai \u0111o\u1ea1n cu\u1ed1i \u0111\u1eddi c\u1ee7a \u00f4ng, trong \u0111\u00f3 \u00f4ng ghi l\u1ea1i nh\u1eefng tr\u1ea1ng th\u00e1i tinh th\u1ea7n kh\u00e1c nhau c\u1ee7a m\u00ecnh.\n<\/p>\n<div>\n<p class=\"article-body__text\">\n<p>        \u201cTrong khi \u0111ang \u0111i\u1ec1u tr\u1ecb b\u1ec7nh ung th\u01b0 \u0111\u01b0\u1ee3c ph\u00e1t hi\u1ec7n v\u00e0o th\u00e1ng 6 n\u0103m 2020,<strong> <\/strong>Sakamoto v\u1eabn ti\u1ebfp t\u1ee5c t\u1ea1o ra vi\u1ec7c l\u00e0m b\u1ea5t c\u1ee9 khi n\u00e0o s\u1ee9c kh\u1ecfe cho ph\u00e9p. <strong>\u00d4ng s\u1ed1ng v\u1edbi \u00e2m nh\u1ea1c cho \u0111\u1ebfn cu\u1ed1i \u0111\u1eddi<\/strong>\u201c, c\u01a1 quan c\u1ee7a \u00f4ng ch\u1ec9 ra, <strong>chung<\/strong>trong tuy\u00ean b\u1ed1 c\u00f4ng khai v\u1ec1 c\u00e1i ch\u1ebft c\u1ee7a m\u00ecnh tr\u00ean Twitter.\n<\/p>\n<div class=\"article-body__embed\">\n<blockquote class=\"twitter-tweet\" data-lang=\"es\">\n<p lang=\"zxx\" dir=\"ltr\"><a href=\"https:\/\/t.co\/Fq0hRyp5F4\">\u1ea3nh.twitter.com\/Fq0hRyp5F4<\/a><\/p>\n<p>\u2014commons (@commons) <a href=\"https:\/\/twitter.com\/commmons\/status\/1642507718832586754?ref_src=twsrc%5Etfw\">Ng\u00e0y 2 th\u00e1ng 4 n\u0103m 2023<\/a><\/p><\/blockquote>\n<\/div>\n<p class=\"article-body__text\">\n<p>        \u0111\u01b0\u1ee3c h\u00ecnh th\u00e0nh nh\u01b0 <strong>ngh\u1ec7 s\u0129 piano v\u1edbi m\u1ed9t ch\u00e2n trong truy\u1ec1n th\u1ed1ng Nh\u1eadt B\u1ea3n v\u00e0 ch\u00e2n c\u00f2n l\u1ea1i trong \u00e2m nh\u1ea1c c\u1ed5 \u0111i\u1ec3n<\/strong>v\u1edbi <strong>Debussy <\/strong>V\u00e0 <strong>Ravel <\/strong>nh\u01b0 t\u00e0i li\u1ec7u tham kh\u1ea3o ch\u00ednh, Sakamoto l\u00e0 m\u1ed9t trong nh\u1eefng ng\u01b0\u1eddi s\u00e1ng l\u1eadp v\u00e0o cu\u1ed1i nh\u1eefng n\u0103m 70 c\u1ee7a <strong>D\u00e0n nh\u1ea1c ma thu\u1eadt m\u00e0u v\u00e0ng<\/strong>, m\u1ed9t \u0111\u1ed9i h\u00ecnh m\u1edf ra con \u0111\u01b0\u1eddng m\u1edbi cho nh\u1ea1c pop v\u00e0 l\u00e0 ngu\u1ed3n g\u1ed1c c\u1ee7a nhi\u1ec1u phong c\u00e1ch nh\u1ea1c \u0111i\u1ec7n t\u1eed. N\u0103m 1978, anh ph\u00e1t h\u00e0nh album solo \u0111\u1ea7u ti\u00ean c\u1ee7a m\u00ecnh, <em>M\u1ed9t Ng\u00e0n Con Dao c\u1ee7a Ryuchi Sakamoto<\/em>n\u01a1i \u00f4ng \u0111\u1eafm m\u00ecnh v\u00e0o \u00e2m nh\u1ea1c truy\u1ec1n th\u1ed1ng c\u1ee7a \u0111\u1ea5t n\u01b0\u1edbc m\u00ecnh v\u00e0 ti\u1ebfp t\u1ee5c th\u1eed nghi\u1ec7m v\u1edbi thi\u1ebft b\u1ecb \u0111i\u1ec7n t\u1eed trong khi m\u1edf ra c\u00e1nh c\u1eeda cho nh\u1eefng g\u00ec s\u1ebd tr\u1edf th\u00e0nh <strong>phong c\u00e1ch m\u00e0 \u00f4ng s\u1ebd \u0111\u01b0\u1ee3c c\u00f4ng nh\u1eadn nhi\u1ec1u nh\u1ea5t, ch\u1ee7 ngh\u0129a t\u1ed1i gi\u1ea3n<\/strong> sau n\u00e0y ph\u00e1t tri\u1ec3n th\u00e0nh v\u00f4 s\u1ed1 t\u00e1c ph\u1ea9m mang h\u01b0\u01a1ng v\u1ecb t\u00e2n c\u1ed5 \u0111i\u1ec3n v\u00e0 c\u1ea3 nh\u1ea1c phim gi\u00fap \u00f4ng tr\u1edf th\u00e0nh m\u1ed9t nh\u00e0 so\u1ea1n nh\u1ea1c n\u1ed5i ti\u1ebfng th\u1ebf gi\u1edbi. \u0110\u1ea7u ti\u00ean l\u00e0 <em>Ch\u00fac m\u1eebng Gi\u00e1ng sinh \u00d4ng Lawrence<\/em> (1983), m\u1ed9t b\u1ed9 phim do ng\u01b0\u1eddi \u0111\u1ed3ng h\u01b0\u01a1ng c\u1ee7a \u00f4ng l\u00e0 Nagisha Oshima \u0111\u1ea1o di\u1ec5n, v\u00e0 sau \u0111\u00f3 l\u00e0 nh\u1eefng b\u1ed9 phim kh\u00e1c nh\u01b0 <em>Ho\u00e0ng \u0111\u1ebf cu\u1ed1i c\u00f9ng<\/em> (1987), m\u00e0 \u00f4ng \u0111\u00e3 th\u1ef1c hi\u1ec7n v\u1edbi s\u1ef1 h\u1ee3p t\u00e1c c\u1ee7a <strong>David Byrne<\/strong> v\u00e0 n\u00f3 s\u1ebd c\u00f3 gi\u00e1 tr\u1ecb g\u00ec <strong>m\u1ed9t gi\u1ea3i oscar<\/strong>, <em>b\u1ea7u tr\u1eddi b\u1ea3o v\u1ec7 <\/em>(1990) ho\u1eb7c <em>con ma<\/em> (2015). \u0110\u1ebeN <strong>Pedro Almod\u00f3var<\/strong> \u0111\u00e3 vi\u1ebft b\u1ea3n nh\u1ea1c cho <em>Gi\u00e0y cao g\u00f3t<\/em> (1991), m\u1eb7c d\u00f9 kh\u00f4ng ai trong s\u1ed1 h\u1ecd h\u00e0i l\u00f2ng v\u1edbi c\u00f4ng vi\u1ec7c c\u1ee7a m\u00ecnh.\n<\/p>\n<p>\n    <iframe title=\"Ryuichi Sakamoto - B\u1ea7u tr\u1eddi che ch\u1edf\" width=\"790\" height=\"444\" src=\"https:\/\/www.youtube.com\/embed\/xLRpPISVgoA?feature=oembed\" frameborder=\"0\" allow=\"accelerometer; autoplay; clipboard-write; encrypted-media; gyroscope; picture-in-picture; web-share\" allowfullscreen><\/iframe>\n<\/p>\n<p class=\"article-body__text\">\n<p>        N\u0103m 1992, Sakamoto \u0111\u00e3 s\u00e1ng t\u00e1c m\u1ed9t t\u00e1c ph\u1ea9m, <em>Bi\u1ec3n \u0110\u1ecba Trung H\u1ea3i<\/em>cho<strong> khai m\u1ea1c Th\u1ebf v\u1eadn h\u1ed9i Olympic Barcelona<\/strong>. K\u1ec3 t\u1eeb khi h\u1ecdc \u0111\u1ea1i h\u1ecdc, ng\u01b0\u1eddi \u0111\u00e0n \u00f4ng Nh\u1eadt B\u1ea3n n\u00e0y \u0111\u00e3 l\u00e0 ng\u01b0\u1eddi am hi\u1ec3u s\u00e2u s\u1eafc kh\u00f4ng ch\u1ec9 v\u1ec1 truy\u1ec1n th\u1ed1ng \u00e2m nh\u1ea1c Nh\u1eadt B\u1ea3n m\u00e0 c\u00f2n v\u1ec1 nhi\u1ec1u th\u1ec3 lo\u1ea1i nh\u1ea1c th\u1ebf gi\u1edbi, v\u00e0 \u0111\u00e3 r\u1ea5t th\u00e2n thi\u1ebft v\u1edbi ng\u01b0\u1eddi Brazil trong nhi\u1ec1u n\u0103m. \u00d4ng \u0111\u00e3 h\u1ee3p t\u00e1c v\u1edbi nhi\u1ec1u nh\u1ea1c s\u0129 c\u00f3 nhi\u1ec1u phong c\u00e1ch v\u00e0 ngu\u1ed3n g\u1ed1c kh\u00e1c nhau nh\u01b0 <strong>Caetano Veloso<\/strong>, <strong>Iggy Pop<\/strong>, <strong>Youssou N&#039;Dour<\/strong> b\u1ea5t k\u00ec <strong>Bill Laswell l\u00e0 ai?<\/strong> V\u1edbi m\u1ed9t nh\u00e0 c\u1ea3i ti\u1ebfn \u00e2m nh\u1ea1c v\u0129 \u0111\u1ea1i kh\u00e1c, <strong>David Bowie<\/strong>tr\u00f9ng v\u1edbi vi\u1ec7c quay phim<em> Ch\u00fac m\u1eebng Gi\u00e1ng sinh \u00d4ng Louren\u00e7o<\/em>, m\u1ed9t trong nh\u1eefng b\u1ed9 phim m\u00e0 Sakamoto c\u0169ng tham gia di\u1ec5n xu\u1ea5t. Nhi\u1ec1u n\u0103m sau, \u00f4ng h\u1ed1i h\u1eadn v\u00ec \u0111\u00e3 kh\u00f4ng vun \u0111\u1eafp t\u00ecnh b\u1ea1n nhi\u1ec1u h\u01a1n v\u1edbi anh \u1ea5y. \u00d4ng c\u0169ng l\u00e0m nh\u1ea1c cho nhi\u1ec1u ng\u01b0\u1eddi kh\u00e1c nhau <strong>tr\u00f2 ch\u01a1i \u0111i\u1ec7n t\u1eed<\/strong>v\u00e0 l\u00e0 m\u1ed9t ngh\u1ec7 s\u0129 tham gia v\u00e0o <strong>ho\u1ea1t \u0111\u1ed9ng ch\u1ed1ng h\u1ea1t nh\u00e2n <\/strong>v\u00e0 ch\u1ed1ng l\u1ea1i lu\u1eadt b\u1ea3o v\u1ec7 b\u1ea3n quy\u1ec1n.\n<\/p>\n<p class=\"article-body__text\">\n<p>        Sakamoto \u0111\u00e3 ph\u1ea3i ch\u1ecbu \u0111au kh\u1ed5 c\u00e1ch \u0111\u00e2y v\u00e0i n\u0103m <strong>m\u1ed9t lo\u1ea1i ung th\u01b0 kh\u00e1c, trong tr\u01b0\u1eddng h\u1ee3p n\u00e0y l\u00e0 ung th\u01b0 thanh qu\u1ea3n<\/strong>m\u00e0 \u00f4ng \u0111\u00e3 h\u1ed3i ph\u1ee5c, v\u00e0 \u00f4ng \u0111\u00e3 t\u01b0\u1eddng thu\u1eadt l\u1ea1i trong m\u1ed9t b\u1ed9 phim t\u00e0i li\u1ec7u v\u1ec1 s\u1ef1 nghi\u1ec7p c\u1ee7a m\u00ecnh, <em>k\u1ebft th\u00fac<\/em>, c\u00f3 th\u1ec3 xem tr\u00ean Filmin. M\u1ed9t ngh\u1ec7 s\u0129 c\u00f3 t\u00ednh c\u00e1ch k\u00edn \u0111\u00e1o v\u00e0 c\u1ef1c k\u1ef3 c\u1ea7u to\u00e0n, v\u00e0i n\u0103m tr\u01b0\u1edbc c\u00f3 giai tho\u1ea1i n\u1ed5i ti\u1ebfng r\u1eb1ng, c\u1ea3m th\u1ea5y gh\u00ea t\u1edfm v\u1edbi nh\u1ea1c n\u1ec1n c\u1ee7a nh\u00e0 h\u00e0ng Nh\u1eadt B\u1ea3n y\u00eau th\u00edch c\u1ee7a m\u00ecnh \u1edf New York, n\u01a1i \u00f4ng s\u1ed1ng, n\u00ean \u0111\u00e3 \u0111\u1ec1 ngh\u1ecb <strong>t\u1ea1o danh s\u00e1ch ph\u00e1t ph\u00f9 h\u1ee3p v\u1edbi s\u1edf th\u00edch \u1ea9m th\u1ef1c c\u1ee7a b\u1ea1n. <\/strong>Nh\u00e0 so\u1ea1n nh\u1ea1c t\u00e0i ba c\u1ee7a nh\u1eefng b\u1ea3n nh\u1ea1c phim, ngh\u1ec7 s\u0129 \u0111\u00e3 \u0111\u01b0a \u00e2m nh\u1ea1c v\u00e0o m\u1ed9t quan ni\u1ec7m nh\u1ea5t \u0111\u1ecbnh v\u1ec1 hi\u1ec7n \u0111\u1ea1i, lu\u00f4n \u1edf gi\u1eefa truy\u1ec1n th\u1ed1ng v\u00e0 ti\u00ean phong, kh\u00f4ng th\u1ec3 kh\u00f4ng l\u00e0m nh\u01b0 v\u1eady ngay c\u1ea3 \u1edf nh\u1eefng kh\u00f4ng gian tr\u1ea7n t\u1ee5c nh\u1ea5t m\u00e0 \u00f4ng th\u01b0\u1eddng lui t\u1edbi.\n<\/p>\n<\/p><\/div>\n<p><script async src=\"\/\/platform.twitter.com\/widgets.js\" charset=\"utf-8\"><\/script><\/p>","protected":false},"excerpt":{"rendered":"<p>Nh\u00e0 so\u1ea1n nh\u1ea1c ng\u01b0\u1eddi Nh\u1eadt Ryuchi Sakamoto, m\u1ed9t trong nh\u1eefng nh\u00e0 ti\u00ean phong \u00e2m nh\u1ea1c v\u0129 \u0111\u1ea1i c\u1ee7a nh\u1eefng th\u1eadp k\u1ef7 g\u1ea7n \u0111\u00e2y, ng\u01b0\u1eddi th\u1eed nghi\u1ec7m nhi\u1ec1u phong c\u00e1ch kh\u00e1c nhau v\u00e0 l\u00e0 t\u00e1c gi\u1ea3 c\u1ee7a\u2026 <\/p>","protected":false},"author":1,"featured_media":964,"comment_status":"open","ping_status":"open","sticky":false,"template":"","format":"standard","meta":{"fifu_image_url":"https:\/\/estaticos-cdn.prensaiberica.es\/clip\/3c50a511-c131-4647-8309-55eaecce0925_16-9-aspect-ratio_default_0.jpg","fifu_image_alt":"","footnotes":""},"categories":[35],"tags":[],"class_list":["post-962","post","type-post","status-publish","format-standard","has-post-thumbnail","hentry","category-cultura-e-lazer","latest_post"],"yoast_head":"<!-- This site is optimized with the Yoast SEO plugin v27.3 - https:\/\/yoast.com\/product\/yoast-seo-wordpress\/ -->\n<title>Compositor japon\u00eas Ryuichi Sakamoto morre aos 71 anos - Tirinha.com<\/title>\n<meta name=\"robots\" content=\"index, follow, max-snippet:-1, max-image-preview:large, max-video-preview:-1\" \/>\n<link rel=\"canonical\" href=\"https:\/\/tirinha.com\/vi\/962\/nha-soan-nhac-nguoi-nhat-ban-ryuichi-sakamoto-qua-doi-o-tuoi-71\/\" \/>\n<meta property=\"og:locale\" content=\"vi_VN\" \/>\n<meta property=\"og:type\" content=\"article\" \/>\n<meta property=\"og:title\" content=\"Compositor japon\u00eas Ryuichi Sakamoto morre aos 71 anos - Tirinha.com\" \/>\n<meta property=\"og:description\" content=\"compositor japon\u00eas ryuchi sakamoto, um dos grandes vision\u00e1rios da m\u00fasica das \u00faltimas d\u00e9cadas, experimentador de v\u00e1rios estilos e autor de &hellip;\" \/>\n<meta property=\"og:url\" content=\"https:\/\/tirinha.com\/vi\/962\/nha-soan-nhac-nguoi-nhat-ban-ryuichi-sakamoto-qua-doi-o-tuoi-71\/\" \/>\n<meta property=\"og:site_name\" content=\"Tirinha.com\" \/>\n<meta property=\"article:published_time\" content=\"2023-04-03T22:50:03+00:00\" \/>\n<meta property=\"og:image\" content=\"https:\/\/estaticos-cdn.prensaiberica.es\/clip\/3c50a511-c131-4647-8309-55eaecce0925_16-9-aspect-ratio_default_0.jpg\" \/>\n<meta name=\"author\" content=\"admin\" \/>\n<meta name=\"twitter:card\" content=\"summary_large_image\" \/>\n<meta name=\"twitter:image\" content=\"https:\/\/estaticos-cdn.prensaiberica.es\/clip\/3c50a511-c131-4647-8309-55eaecce0925_16-9-aspect-ratio_default_0.jpg\" \/>\n<meta name=\"twitter:label1\" content=\"\u0110\u01b0\u1ee3c vi\u1ebft b\u1edfi\" \/>\n\t<meta name=\"twitter:data1\" content=\"admin\" \/>\n\t<meta name=\"twitter:label2\" content=\"\u01af\u1edbc t\u00ednh th\u1eddi gian \u0111\u1ecdc\" \/>\n\t<meta name=\"twitter:data2\" content=\"3 ph\u00fat\" \/>\n<script type=\"application\/ld+json\" class=\"yoast-schema-graph\">{\"@context\":\"https:\\\/\\\/schema.org\",\"@graph\":[{\"@type\":\"Article\",\"@id\":\"https:\\\/\\\/tirinha.com\\\/962\\\/compositor-japones-ryuichi-sakamoto-morre-aos-71-anos\\\/#article\",\"isPartOf\":{\"@id\":\"https:\\\/\\\/tirinha.com\\\/962\\\/compositor-japones-ryuichi-sakamoto-morre-aos-71-anos\\\/\"},\"author\":{\"name\":\"admin\",\"@id\":\"https:\\\/\\\/tirinha.com\\\/#\\\/schema\\\/person\\\/e22bdfbe17e0461f7e927e6a1208d4d9\"},\"headline\":\"Compositor japon\u00eas Ryuichi Sakamoto morre aos 71 anos\",\"datePublished\":\"2023-04-03T22:50:03+00:00\",\"mainEntityOfPage\":{\"@id\":\"https:\\\/\\\/tirinha.com\\\/962\\\/compositor-japones-ryuichi-sakamoto-morre-aos-71-anos\\\/\"},\"wordCount\":666,\"commentCount\":0,\"publisher\":{\"@id\":\"https:\\\/\\\/tirinha.com\\\/#organization\"},\"image\":{\"@id\":\"https:\\\/\\\/tirinha.com\\\/962\\\/compositor-japones-ryuichi-sakamoto-morre-aos-71-anos\\\/#primaryimage\"},\"thumbnailUrl\":\"https:\\\/\\\/estaticos-cdn.prensaiberica.es\\\/clip\\\/3c50a511-c131-4647-8309-55eaecce0925_16-9-aspect-ratio_default_0.jpg\",\"articleSection\":[\"Cultura e lazer\"],\"inLanguage\":\"vi\",\"potentialAction\":[{\"@type\":\"CommentAction\",\"name\":\"Comment\",\"target\":[\"https:\\\/\\\/tirinha.com\\\/962\\\/compositor-japones-ryuichi-sakamoto-morre-aos-71-anos\\\/#respond\"]}]},{\"@type\":\"WebPage\",\"@id\":\"https:\\\/\\\/tirinha.com\\\/962\\\/compositor-japones-ryuichi-sakamoto-morre-aos-71-anos\\\/\",\"url\":\"https:\\\/\\\/tirinha.com\\\/962\\\/compositor-japones-ryuichi-sakamoto-morre-aos-71-anos\\\/\",\"name\":\"Compositor japon\u00eas Ryuichi Sakamoto morre aos 71 anos - Tirinha.com\",\"isPartOf\":{\"@id\":\"https:\\\/\\\/tirinha.com\\\/#website\"},\"primaryImageOfPage\":{\"@id\":\"https:\\\/\\\/tirinha.com\\\/962\\\/compositor-japones-ryuichi-sakamoto-morre-aos-71-anos\\\/#primaryimage\"},\"image\":{\"@id\":\"https:\\\/\\\/tirinha.com\\\/962\\\/compositor-japones-ryuichi-sakamoto-morre-aos-71-anos\\\/#primaryimage\"},\"thumbnailUrl\":\"https:\\\/\\\/estaticos-cdn.prensaiberica.es\\\/clip\\\/3c50a511-c131-4647-8309-55eaecce0925_16-9-aspect-ratio_default_0.jpg\",\"datePublished\":\"2023-04-03T22:50:03+00:00\",\"breadcrumb\":{\"@id\":\"https:\\\/\\\/tirinha.com\\\/962\\\/compositor-japones-ryuichi-sakamoto-morre-aos-71-anos\\\/#breadcrumb\"},\"inLanguage\":\"vi\",\"potentialAction\":[{\"@type\":\"ReadAction\",\"target\":[\"https:\\\/\\\/tirinha.com\\\/962\\\/compositor-japones-ryuichi-sakamoto-morre-aos-71-anos\\\/\"]}]},{\"@type\":\"ImageObject\",\"inLanguage\":\"vi\",\"@id\":\"https:\\\/\\\/tirinha.com\\\/962\\\/compositor-japones-ryuichi-sakamoto-morre-aos-71-anos\\\/#primaryimage\",\"url\":\"https:\\\/\\\/estaticos-cdn.prensaiberica.es\\\/clip\\\/3c50a511-c131-4647-8309-55eaecce0925_16-9-aspect-ratio_default_0.jpg\",\"contentUrl\":\"https:\\\/\\\/estaticos-cdn.prensaiberica.es\\\/clip\\\/3c50a511-c131-4647-8309-55eaecce0925_16-9-aspect-ratio_default_0.jpg\"},{\"@type\":\"BreadcrumbList\",\"@id\":\"https:\\\/\\\/tirinha.com\\\/962\\\/compositor-japones-ryuichi-sakamoto-morre-aos-71-anos\\\/#breadcrumb\",\"itemListElement\":[{\"@type\":\"ListItem\",\"position\":1,\"name\":\"Home\",\"item\":\"https:\\\/\\\/tirinha.com\\\/\"},{\"@type\":\"ListItem\",\"position\":2,\"name\":\"Compositor japon\u00eas Ryuichi Sakamoto morre aos 71 anos\"}]},{\"@type\":\"WebSite\",\"@id\":\"https:\\\/\\\/tirinha.com\\\/#website\",\"url\":\"https:\\\/\\\/tirinha.com\\\/\",\"name\":\"Tirinha.com\",\"description\":\"Arte e livros resenhas\",\"publisher\":{\"@id\":\"https:\\\/\\\/tirinha.com\\\/#organization\"},\"potentialAction\":[{\"@type\":\"SearchAction\",\"target\":{\"@type\":\"EntryPoint\",\"urlTemplate\":\"https:\\\/\\\/tirinha.com\\\/?s={search_term_string}\"},\"query-input\":{\"@type\":\"PropertyValueSpecification\",\"valueRequired\":true,\"valueName\":\"search_term_string\"}}],\"inLanguage\":\"vi\"},{\"@type\":\"Organization\",\"@id\":\"https:\\\/\\\/tirinha.com\\\/#organization\",\"name\":\"Tirinha.com\",\"url\":\"https:\\\/\\\/tirinha.com\\\/\",\"logo\":{\"@type\":\"ImageObject\",\"inLanguage\":\"vi\",\"@id\":\"https:\\\/\\\/tirinha.com\\\/#\\\/schema\\\/logo\\\/image\\\/\",\"url\":\"https:\\\/\\\/tirinha.com\\\/wp-content\\\/uploads\\\/2023\\\/08\\\/cropped-Logo-Tirinha.webp\",\"contentUrl\":\"https:\\\/\\\/tirinha.com\\\/wp-content\\\/uploads\\\/2023\\\/08\\\/cropped-Logo-Tirinha.webp\",\"width\":512,\"height\":512,\"caption\":\"Tirinha.com\"},\"image\":{\"@id\":\"https:\\\/\\\/tirinha.com\\\/#\\\/schema\\\/logo\\\/image\\\/\"}},{\"@type\":\"Person\",\"@id\":\"https:\\\/\\\/tirinha.com\\\/#\\\/schema\\\/person\\\/e22bdfbe17e0461f7e927e6a1208d4d9\",\"name\":\"admin\",\"image\":{\"@type\":\"ImageObject\",\"inLanguage\":\"vi\",\"@id\":\"https:\\\/\\\/tirinha.com\\\/wp-content\\\/litespeed\\\/avatar\\\/d0068f7931cc87d7274eb0c3db1deb4b.jpg?ver=1776829466\",\"url\":\"https:\\\/\\\/tirinha.com\\\/wp-content\\\/litespeed\\\/avatar\\\/d0068f7931cc87d7274eb0c3db1deb4b.jpg?ver=1776829466\",\"contentUrl\":\"https:\\\/\\\/tirinha.com\\\/wp-content\\\/litespeed\\\/avatar\\\/d0068f7931cc87d7274eb0c3db1deb4b.jpg?ver=1776829466\",\"caption\":\"admin\"},\"sameAs\":[\"https:\\\/\\\/tirinha.com\"],\"url\":\"https:\\\/\\\/tirinha.com\\\/vi\\\/author\\\/admin\\\/\"}]}<\/script>\n<!-- \/ Yoast SEO plugin. -->","yoast_head_json":{"title":"Nh\u00e0 so\u1ea1n nh\u1ea1c ng\u01b0\u1eddi Nh\u1eadt B\u1ea3n Ryuichi Sakamoto qua \u0111\u1eddi \u1edf tu\u1ed5i 71 - Tirinha.com","robots":{"index":"index","follow":"follow","max-snippet":"max-snippet:-1","max-image-preview":"max-image-preview:large","max-video-preview":"max-video-preview:-1"},"canonical":"https:\/\/tirinha.com\/vi\/962\/nha-soan-nhac-nguoi-nhat-ban-ryuichi-sakamoto-qua-doi-o-tuoi-71\/","og_locale":"vi_VN","og_type":"article","og_title":"Compositor japon\u00eas Ryuichi Sakamoto morre aos 71 anos - Tirinha.com","og_description":"compositor japon\u00eas ryuchi sakamoto, um dos grandes vision\u00e1rios da m\u00fasica das \u00faltimas d\u00e9cadas, experimentador de v\u00e1rios estilos e autor de &hellip;","og_url":"https:\/\/tirinha.com\/vi\/962\/nha-soan-nhac-nguoi-nhat-ban-ryuichi-sakamoto-qua-doi-o-tuoi-71\/","og_site_name":"Tirinha.com","article_published_time":"2023-04-03T22:50:03+00:00","og_image":[{"url":"https:\/\/estaticos-cdn.prensaiberica.es\/clip\/3c50a511-c131-4647-8309-55eaecce0925_16-9-aspect-ratio_default_0.jpg","type":"","width":"","height":""}],"author":"admin","twitter_card":"summary_large_image","twitter_image":"https:\/\/estaticos-cdn.prensaiberica.es\/clip\/3c50a511-c131-4647-8309-55eaecce0925_16-9-aspect-ratio_default_0.jpg","twitter_misc":{"\u0110\u01b0\u1ee3c vi\u1ebft b\u1edfi":"admin","\u01af\u1edbc t\u00ednh th\u1eddi gian \u0111\u1ecdc":"3 ph\u00fat"},"schema":{"@context":"https:\/\/schema.org","@graph":[{"@type":"Article","@id":"https:\/\/tirinha.com\/962\/compositor-japones-ryuichi-sakamoto-morre-aos-71-anos\/#article","isPartOf":{"@id":"https:\/\/tirinha.com\/962\/compositor-japones-ryuichi-sakamoto-morre-aos-71-anos\/"},"author":{"name":"admin","@id":"https:\/\/tirinha.com\/#\/schema\/person\/e22bdfbe17e0461f7e927e6a1208d4d9"},"headline":"Compositor japon\u00eas Ryuichi Sakamoto morre aos 71 anos","datePublished":"2023-04-03T22:50:03+00:00","mainEntityOfPage":{"@id":"https:\/\/tirinha.com\/962\/compositor-japones-ryuichi-sakamoto-morre-aos-71-anos\/"},"wordCount":666,"commentCount":0,"publisher":{"@id":"https:\/\/tirinha.com\/#organization"},"image":{"@id":"https:\/\/tirinha.com\/962\/compositor-japones-ryuichi-sakamoto-morre-aos-71-anos\/#primaryimage"},"thumbnailUrl":"https:\/\/estaticos-cdn.prensaiberica.es\/clip\/3c50a511-c131-4647-8309-55eaecce0925_16-9-aspect-ratio_default_0.jpg","articleSection":["Cultura e lazer"],"inLanguage":"vi","potentialAction":[{"@type":"CommentAction","name":"Comment","target":["https:\/\/tirinha.com\/962\/compositor-japones-ryuichi-sakamoto-morre-aos-71-anos\/#respond"]}]},{"@type":"WebPage","@id":"https:\/\/tirinha.com\/962\/compositor-japones-ryuichi-sakamoto-morre-aos-71-anos\/","url":"https:\/\/tirinha.com\/962\/compositor-japones-ryuichi-sakamoto-morre-aos-71-anos\/","name":"Nh\u00e0 so\u1ea1n nh\u1ea1c ng\u01b0\u1eddi Nh\u1eadt B\u1ea3n Ryuichi Sakamoto qua \u0111\u1eddi \u1edf tu\u1ed5i 71 - Tirinha.com","isPartOf":{"@id":"https:\/\/tirinha.com\/#website"},"primaryImageOfPage":{"@id":"https:\/\/tirinha.com\/962\/compositor-japones-ryuichi-sakamoto-morre-aos-71-anos\/#primaryimage"},"image":{"@id":"https:\/\/tirinha.com\/962\/compositor-japones-ryuichi-sakamoto-morre-aos-71-anos\/#primaryimage"},"thumbnailUrl":"https:\/\/estaticos-cdn.prensaiberica.es\/clip\/3c50a511-c131-4647-8309-55eaecce0925_16-9-aspect-ratio_default_0.jpg","datePublished":"2023-04-03T22:50:03+00:00","breadcrumb":{"@id":"https:\/\/tirinha.com\/962\/compositor-japones-ryuichi-sakamoto-morre-aos-71-anos\/#breadcrumb"},"inLanguage":"vi","potentialAction":[{"@type":"ReadAction","target":["https:\/\/tirinha.com\/962\/compositor-japones-ryuichi-sakamoto-morre-aos-71-anos\/"]}]},{"@type":"ImageObject","inLanguage":"vi","@id":"https:\/\/tirinha.com\/962\/compositor-japones-ryuichi-sakamoto-morre-aos-71-anos\/#primaryimage","url":"https:\/\/estaticos-cdn.prensaiberica.es\/clip\/3c50a511-c131-4647-8309-55eaecce0925_16-9-aspect-ratio_default_0.jpg","contentUrl":"https:\/\/estaticos-cdn.prensaiberica.es\/clip\/3c50a511-c131-4647-8309-55eaecce0925_16-9-aspect-ratio_default_0.jpg"},{"@type":"BreadcrumbList","@id":"https:\/\/tirinha.com\/962\/compositor-japones-ryuichi-sakamoto-morre-aos-71-anos\/#breadcrumb","itemListElement":[{"@type":"ListItem","position":1,"name":"Home","item":"https:\/\/tirinha.com\/"},{"@type":"ListItem","position":2,"name":"Compositor japon\u00eas Ryuichi Sakamoto morre aos 71 anos"}]},{"@type":"WebSite","@id":"https:\/\/tirinha.com\/#website","url":"https:\/\/tirinha.com\/","name":"Truy\u1ec7n tranh.com","description":"\u0110\u00e1nh gi\u00e1 ngh\u1ec7 thu\u1eadt v\u00e0 s\u00e1ch","publisher":{"@id":"https:\/\/tirinha.com\/#organization"},"potentialAction":[{"@type":"SearchAction","target":{"@type":"EntryPoint","urlTemplate":"https:\/\/tirinha.com\/?s={search_term_string}"},"query-input":{"@type":"PropertyValueSpecification","valueRequired":true,"valueName":"search_term_string"}}],"inLanguage":"vi"},{"@type":"Organization","@id":"https:\/\/tirinha.com\/#organization","name":"Truy\u1ec7n tranh.com","url":"https:\/\/tirinha.com\/","logo":{"@type":"ImageObject","inLanguage":"vi","@id":"https:\/\/tirinha.com\/#\/schema\/logo\/image\/","url":"https:\/\/tirinha.com\/wp-content\/uploads\/2023\/08\/cropped-Logo-Tirinha.webp","contentUrl":"https:\/\/tirinha.com\/wp-content\/uploads\/2023\/08\/cropped-Logo-Tirinha.webp","width":512,"height":512,"caption":"Tirinha.com"},"image":{"@id":"https:\/\/tirinha.com\/#\/schema\/logo\/image\/"}},{"@type":"Person","@id":"https:\/\/tirinha.com\/#\/schema\/person\/e22bdfbe17e0461f7e927e6a1208d4d9","name":"qu\u1ea3n tr\u1ecb vi\u00ean","image":{"@type":"ImageObject","inLanguage":"vi","@id":"https:\/\/tirinha.com\/wp-content\/litespeed\/avatar\/d0068f7931cc87d7274eb0c3db1deb4b.jpg?ver=1776829466","url":"https:\/\/tirinha.com\/wp-content\/litespeed\/avatar\/d0068f7931cc87d7274eb0c3db1deb4b.jpg?ver=1776829466","contentUrl":"https:\/\/tirinha.com\/wp-content\/litespeed\/avatar\/d0068f7931cc87d7274eb0c3db1deb4b.jpg?ver=1776829466","caption":"admin"},"sameAs":["https:\/\/tirinha.com"],"url":"https:\/\/tirinha.com\/vi\/author\/admin\/"}]}},"_links":{"self":[{"href":"https:\/\/tirinha.com\/vi\/wp-json\/wp\/v2\/posts\/962","targetHints":{"allow":["GET"]}}],"collection":[{"href":"https:\/\/tirinha.com\/vi\/wp-json\/wp\/v2\/posts"}],"about":[{"href":"https:\/\/tirinha.com\/vi\/wp-json\/wp\/v2\/types\/post"}],"author":[{"embeddable":true,"href":"https:\/\/tirinha.com\/vi\/wp-json\/wp\/v2\/users\/1"}],"replies":[{"embeddable":true,"href":"https:\/\/tirinha.com\/vi\/wp-json\/wp\/v2\/comments?post=962"}],"version-history":[{"count":0,"href":"https:\/\/tirinha.com\/vi\/wp-json\/wp\/v2\/posts\/962\/revisions"}],"wp:featuredmedia":[{"embeddable":true,"href":"https:\/\/tirinha.com\/vi\/wp-json\/wp\/v2\/media\/964"}],"wp:attachment":[{"href":"https:\/\/tirinha.com\/vi\/wp-json\/wp\/v2\/media?parent=962"}],"wp:term":[{"taxonomy":"category","embeddable":true,"href":"https:\/\/tirinha.com\/vi\/wp-json\/wp\/v2\/categories?post=962"},{"taxonomy":"post_tag","embeddable":true,"href":"https:\/\/tirinha.com\/vi\/wp-json\/wp\/v2\/tags?post=962"}],"curies":[{"name":"wp","href":"https:\/\/api.w.org\/{rel}","templated":true}]}}