{"id":960,"date":"2023-04-03T22:49:35","date_gmt":"2023-04-03T22:49:35","guid":{"rendered":"https:\/\/tirinha.com\/o-ator-miguel-rellan-se-apresenta-no-teatro-principal-de-alicante\/"},"modified":"2023-04-03T22:49:35","modified_gmt":"2023-04-03T22:49:35","slug":"dien-vien-miguel-rellan-bieu-dien-tai-nha-hat-chinh-o-alicante","status":"publish","type":"post","link":"https:\/\/tirinha.com\/vi\/960\/o-ator-miguel-rellan-se-apresenta-no-teatro-principal-de-alicante\/","title":{"rendered":"Nam di\u1ec5n vi\u00ean Miguel Rell\u00e1n bi\u1ec3u di\u1ec5n t\u1ea1i Hi\u1ec7u tr\u01b0\u1edfng Teatro \u1edf Alicante"},"content":{"rendered":"<p><\/p>\n<p>        \u00d4ng h\u1ecdc y khoa v\u00e0 \u00e2m nh\u1ea1c, nh\u01b0ng ch\u1ecdn s\u1ed1ng nh\u01b0 nh\u1eefng ng\u01b0\u1eddi kh\u00e1c. Miguel Rell\u00e1n (Tetu\u00e1n, 1943) k\u1ec3 t\u1eeb \u0111\u00f3 kh\u00f4ng ng\u1eebng theo \u0111u\u1ed5i s\u1ef1 nghi\u1ec7p m\u00e0 \u00f4ng cho bi\u1ebft \u00f4ng ch\u1ecdn vai di\u1ec5n r\u1ea5t nghi\u00eam ng\u1eb7t nh\u01b0ng c\u0169ng d\u1ec5 d\u00e0ng \u0111\u1ea7u h\u00e0ng tr\u01b0\u1edbc \u0111i\u1ec7n \u1ea3nh, &quot;n\u1ebfu h\u1ecd tr\u1ea3 cho t\u00f4i v\u00e0i \u0111\u00f4 la&quot;. V\u00e0o th\u1ee9 b\u1ea3y, anh \u1ea5y bi\u1ec3u di\u1ec5n t\u1ea1i Teatro Principal \u1edf Alicante <em><strong>tr\u1edf v\u1ec1 nh\u00e0<\/strong><\/em>c\u1ee7a Harold Pinter. V\u00e0 th\u1ee9 n\u0103m tu\u1ea7n tr\u01b0\u1edbc l\u00e0 m\u00f9a th\u1ee9 hai c\u1ee7a <em><strong>Ch\u00fang t\u00f4i xin l\u1ed7i v\u00ec s\u1ef1 b\u1ea5t ti\u1ec7n n\u00e0y<\/strong><\/em>. V\u1ec1 h\u01b0u? M\u1ed9t c\u00e2u tr\u1ea3 l\u1eddi d\u1ee9t kho\u00e1t l\u00e0 kh\u00f4ng.\n<\/p>\n<div wp_automatic_readability=\"174\">\n<p class=\"article-body__text question-answers__question\">Anh \u1ea5y \u0111\u1ebfn Alicante v\u1edbi m\u1ed9t m\u1ea3nh,<em> tr\u1edf v\u1ec1 nh\u00e0<\/em>c\u1ee7a Harold Pinter, mi\u00eau t\u1ea3 cu\u1ed9c s\u1ed1ng c\u1ee7a m\u1ed9t gia \u0111\u00ecnh v\u1edbi nh\u1eefng g\u00f3c s\u00e1ng v\u00e0 g\u00f3c t\u1ed1i. Ch\u00fang ta h\u00e3y \u0111i, gi\u1ed1ng nh\u01b0 m\u1ecdi ng\u01b0\u1eddi kh\u00e1c.<\/p>\n<p class=\"article-body__text question-answers__answer\">V\u00e2ng, t\u00f4i e l\u00e0 v\u1eady. \u0110i\u1ec1u x\u1ea3y ra l\u00e0 trong tr\u01b0\u1eddng h\u1ee3p n\u00e0y, Pinter ch\u1ecdn m\u1ed9t gia \u0111\u00ecnh, gi\u1ed1ng nh\u01b0 anh ta c\u00f3 th\u1ec3 ch\u1ecdn m\u1ed9t \u0111\u1ed9i tu\u1ea7n tra c\u01a1 kh\u00ed, \u0111\u1ec3 n\u00f3i v\u1ec1 con ng\u01b0\u1eddi. Pinter n\u00f3i r\u1eb1ng s\u00e2n kh\u1ea5u c\u1ee7a \u00f4ng r\u1ea5t kh\u00f3 v\u00e0 r\u1ea5t kh\u00f3 \u0111\u1ec3 n\u00f3i v\u1ec1 n\u00f3 v\u00ec \u00f4ng hi\u1ec3u r\u1eb1ng n\u00f3 m\u00e2u thu\u1eabn v\u00e0 kh\u00f3 hi\u1ec3u, nh\u01b0ng \u00f4ng c\u1ed1 g\u1eafng ph\u1ea3n \u00e1nh cu\u1ed9c s\u1ed1ng m\u00e0 \u0111\u1ed1i v\u1edbi t\u00f4i l\u00e0 m\u00e2u thu\u1eabn v\u00e0 kh\u00f3 hi\u1ec3u. \u0110\u00f4i khi trong l\u00fac t\u1eadp d\u01b0\u1ee3t, ch\u00fang t\u00f4i ch\u1ee3t ngh\u0129 r\u1eb1ng <em>tr\u1edf v\u1ec1 nh\u00e0 <\/em>Gi\u1ed1ng nh\u01b0 ch\u00fang ta \u0111ang \u0111i b\u1ed9 tr\u00ean v\u1ec9a h\u00e8 v\u00e0 m\u1ed9t c\u1eeda s\u1ed5 m\u1edf ra \u1edf t\u1ea7ng l\u1eedng v\u00e0 ch\u00fang ta \u0111\u01b0\u1ee3c ch\u1ee9ng ki\u1ebfn c\u1ea3nh t\u01b0\u1ee3ng c\u1ee7a m\u1ed9t gia \u0111\u00ecnh m\u00e0 ch\u00fang ta kh\u00f4ng bi\u1ebft g\u00ec v\u1ec1 h\u1ecd. H\u1ecd y\u00eau nhau, c\u00e3i nhau, n\u00f3i d\u1ed1i, n\u00f3i s\u1ef1 th\u1eadt v\u1edbi nhau\u2026 V\u00e0 sau m\u1ed9t ti\u1ebfng r\u01b0\u1ee1i, c\u1eeda s\u1ed5 \u0111\u00f3ng l\u1ea1i v\u00e0 ch\u00fang ta ch\u1ec9 c\u00f2n l\u1ea1i b\u00ecnh lu\u1eadn v\u1ec1 nh\u1eefng g\u00ec m\u00ecnh th\u1ea5y. \u0110\u00e2y l\u00e0 t\u00e1c ph\u1ea9m th\u1ee9 ba c\u1ee7a Pinter m\u00e0 t\u00f4i th\u1ef1c hi\u1ec7n v\u00e0 t\u00f4i ngh\u0129 r\u1eb1ng nh\u00ecn chung nh\u1eefng g\u00ec \u00f4ng \u1ea5y l\u00e0m l\u00e0 \u0111\u1eb7t m\u1ed9t t\u1ea5m g\u01b0\u01a1ng tr\u01b0\u1edbc m\u1eb7t ch\u00fang ta v\u00e0 n\u00f3i v\u1edbi ch\u00fang ta: \u0111\u1eebng tr\u1ed1n, \u0111\u00e2y ch\u00ednh l\u00e0 b\u1ea1n. V\u1edbi t\u00f4i, c\u00f3 v\u1ebb nh\u01b0 t\u1ef7 l\u1ec7 ngu ng\u1ed1c trong nh\u1eefng n\u0103m g\u1ea7n \u0111\u00e2y \u0111\u00e3 t\u0103ng theo c\u1ea5p s\u1ed1 nh\u00e2n tr\u00ean to\u00e0n th\u1ebf gi\u1edbi. B\u1eaft \u0111\u1ea7u t\u1eeb ng\u01b0\u1eddi g\u1eedi cho ch\u00fang t\u00f4i. V\u00e0 nh\u01b0 th\u01b0\u1eddng l\u1ec7, ch\u00fang ta, nh\u1eefng c\u00f4ng d\u00e2n, ph\u1ea3i ch\u1ecbu tr\u00e1ch nhi\u1ec7m cho nh\u1eefng g\u00ec x\u1ea3y ra v\u1edbi ch\u00fang ta v\u00ec ch\u00fang ta b\u1ea7u ra c\u00e1c ch\u00ednh tr\u1ecb gia. \u0110i\u1ec1u n\u00e0y cho th\u1ea5y t\u1ea7m quan tr\u1ecdng c\u1ee7a s\u00e2n kh\u1ea5u.<\/p>\n<p class=\"article-body__text question-answers__question\">Di\u1ec5n vi\u00ean c\u1ea7n ph\u1ea3i quay l\u1ea1i s\u00e2n kh\u1ea5u theo th\u1eddi gian \u0111\u1ebfn m\u1ee9c n\u00e0o?<\/p>\n<p class=\"article-body__text question-answers__answer\">V\u00e2ng, t\u00f4i lu\u00f4n l\u00e0m vi\u1ec7c \u1edf r\u1ea1p v\u00e0 th\u1ec9nh tho\u1ea3ng t\u00f4i l\u00e0m phim ho\u1eb7c ch\u01b0\u01a1ng tr\u00ecnh truy\u1ec1n h\u00ecnh \u0111\u1ec3 l\u1ea5p \u0111\u1ea7y m\u1ed9t n\u1eeda t\u1ee7 l\u1ea1nh. S\u00e2n kh\u1ea5u l\u00e0 s\u1ef1 th\u1eadt, \u0111i\u1ec7n \u1ea3nh l\u00e0 ngh\u1ec7 thu\u1eadt c\u1ee7a \u0111\u1ea1o di\u1ec5n, h\u1ecd c\u1eaft b\u1ecf b\u1ea1n. C\u0169ng gi\u1ed1ng nh\u01b0 h\u00e1t nh\u1ea1c rock hay nh\u1ea1c opera. Ng\u00e0y nay, b\u1ea5t c\u1ee9 ai c\u0169ng c\u00f3 th\u1ec3 h\u00e1t. Nh\u01b0ng h\u00e3y l\u00ean s\u00e2n kh\u1ea5u v\u00e0 h\u00e1t. Chuy\u1ec7n \u0111\u00f3 kh\u00e1c. \u0110i\u1ec7n \u1ea3nh l\u00e0 h\u00ecnh \u1ea3nh v\u00e0 s\u00e2n kh\u1ea5u l\u00e0 s\u1ef1 th\u1eadt. S\u00e2n kh\u1ea5u l\u00e0 m\u1ed9t l\u1eddi n\u00f3i d\u1ed1i \u0111\u01b0\u1ee3c kh\u00e1n gi\u1ea3 \u0111\u1ed3ng \u00fd, t\u00f4i gi\u1ea3 v\u1edd l\u00e0 m\u1ed9t ng\u01b0\u1eddi kh\u00e1c v\u00e0 kh\u00e1n gi\u1ea3 gi\u1ea3 v\u1edd tin nh\u01b0ng bi\u1ebft r\u1eb1ng t\u00f4i kh\u00f4ng ph\u1ea3i l\u00e0 Richard III. V\u00ec v\u1eady, theo m\u1ed9t c\u00e1ch n\u00e0o \u0111\u00f3, m\u1eb7c d\u00f9 ch\u00fang ta c\u00f3 r\u1ea5t nhi\u1ec1u h\u00ecnh \u1ea3nh v\u00e0 \u00e2m nh\u1ea1c \u1edf kh\u1eafp m\u1ecdi n\u01a1i, nh\u01b0ng hi\u1ec7n nay ng\u00e0y c\u00e0ng c\u00f3 nhi\u1ec1u ng\u01b0\u1eddi ph\u00e1t tr\u1ef1c ti\u1ebfp, b\u1ea5t k\u1ec3 l\u00e0 g\u00ec, v\u00ec \u0111i\u1ec1u \u0111\u00f3 l\u00e0 kh\u00f4ng th\u1ec3 \u0111o\u00e1n tr\u01b0\u1edbc. Bi\u1ec3u di\u1ec5n t\u1ed1t nh\u1ea5t nh\u01b0 sau.<\/p>\n<article class=\"article-quote article-quote--middle-quote\">\n<h3>\u201cV\u1edbi t\u00f4i, c\u00f3 v\u1ebb nh\u01b0 t\u1ef7 l\u1ec7 ngu ng\u1ed1c trong nh\u1eefng n\u0103m g\u1ea7n \u0111\u00e2y \u0111\u00e3 t\u0103ng theo c\u1ea5p s\u1ed1 nh\u00e2n tr\u00ean to\u00e0n th\u1ebf gi\u1edbi. B\u1eaft \u0111\u1ea7u t\u1eeb nh\u1eefng ng\u01b0\u1eddi g\u1eedi n\u00f3 cho ch\u00fang ta.\u201d<\/h3>\n<\/article>\n<p class=\"article-body__text question-answers__question\">B\u1ed9 truy\u1ec7n \u0111\u00e3 mang \u0111\u1ebfn lu\u1ed3ng gi\u00f3 m\u1edbi cho ngh\u1ec1 n\u00e0y trong nh\u1eefng n\u0103m g\u1ea7n \u0111\u00e2y. B\u1ea1n \u0111ang \u1edf c\u00f9ng Antonio Resines trong<em> Ch\u00fang t\u00f4i xin l\u1ed7i v\u00ec s\u1ef1 b\u1ea5t ti\u1ec7n n\u00e0y<\/em>, \u0111\u00e3 c\u00f4ng chi\u1ebfu m\u00f9a th\u1ee9 hai v\u00e0o th\u1ee9 n\u0103m. Anh \u1ea5y c\u00f3 v\u1ebb h\u01a1i ho\u00e0i nghi v\u1ec1 th\u1ebf gi\u1edbi h\u00ecnh \u1ea3nh.<\/p>\n<p class=\"article-body__text question-answers__answer\">Kh\u00f4ng c\u00f3 c\u01a1 h\u1ed9i. Tr\u1ea3i nghi\u1ec7m n\u00e0y r\u1ea5t t\u1ed1t. N\u1ebfu h\u1ecd m\u1eddi t\u00f4i xem phim v\u00e0 ng\u01b0\u1eddi \u0111\u1ea1i di\u1ec7n c\u1ee7a t\u00f4i n\u00f3i r\u1eb1ng h\u1ecd s\u1ebd tr\u1ea3 cho t\u00f4i m\u1ed9t \u00edt \u0111\u00f4 la th\u00ec t\u00f4i ch\u1ea5p nh\u1eadn, nh\u01b0ng th\u01b0\u1eddng th\u00ec t\u00f4i kh\u00f4ng quan t\u00e2m. T\u00f4i l\u00e0 m\u1ed9t tay s\u00fang. B\u00e2y gi\u1edd t\u00f4i s\u1ebd quay phim v\u1edbi Mart\u00ednez L\u00e1zaro v\u00e0 t\u00f4i \u0111\u00e3 quen v\u1edbi vi\u1ec7c vai di\u1ec5n b\u1ecb c\u1eaft, nh\u1eefng th\u1ee9 t\u1ed1n nhi\u1ec1u c\u00f4ng s\u1ee9c kh\u00f4ng \u0111\u01b0\u1ee3c xu\u1ea5t hi\u1ec7n ho\u1eb7c b\u1ed9 phim kh\u00f4ng \u0111\u01b0\u1ee3c ph\u00e1t h\u00e0nh. V\u00ec v\u1eady, t\u00f4i c\u00f3 m\u1ed9t kho\u1ea3ng c\u00e1ch nh\u1ea5t \u0111\u1ecbnh. M\u1ed9t \u0111i\u1ec1u n\u1eefa l\u00e0 l\u00e0m vi\u1ec7c c\u00f9ng b\u1ea1n b\u00e8. Juan Cavestany v\u00e0 \u00c1lvaro Fern\u00e1ndez Armero ch\u1ec9 s\u00e1ng t\u1ea1o ra lo\u1ea1t phim n\u00e0y m\u1ed9t ch\u00fat \u0111\u1ec3 ph\u00f9 h\u1ee3p v\u1edbi nhu c\u1ea7u c\u1ee7a h\u1ecd v\u00ec t\u00f4i y\u00eau \u00e2m nh\u1ea1c v\u00e0 mu\u1ed1n c\u00f3 m\u1ed9t k\u1ecbch b\u1ea3n do m\u1ed9t nh\u1ea1c tr\u01b0\u1edfng d\u00e0n nh\u1ea1c vi\u1ebft. H\u1ecd g\u1ecdi cho t\u00f4i \u0111\u1ec3 n\u00f3i r\u1eb1ng h\u1ecd \u0111\u00e3 b\u1ecba ra c\u00e2u chuy\u1ec7n v\u1ec1 m\u1ed9t nh\u1ea1c tr\u01b0\u1edfng d\u00e0n nh\u1ea1c v\u00e0 t\u00f4i r\u1ea5t vui\u2026 nh\u01b0ng \u0111\u00f3 kh\u00f4ng ph\u1ea3i l\u00e0 vai di\u1ec5n d\u00e0nh cho t\u00f4i, m\u00e0 l\u00e0 d\u00e0nh cho Resines (c\u01b0\u1eddi). L\u00e0m vi\u1ec7c v\u1edbi b\u1ea1n b\u00e8 th\u00ec r\u1ea5t kh\u00e1c, r\u1ea5t tuy\u1ec7t v\u1eddi, nh\u01b0ng kh\u00f4ng ph\u1ea3i l\u00fac n\u00e0o c\u0169ng nh\u01b0 v\u1eady v\u00e0 kh\u00f4ng c\u00f2n l\u1ef1a ch\u1ecdn n\u00e0o kh\u00e1c ngo\u00e0i vi\u1ec7c ch\u1ea5p nh\u1eadn m\u1ecdi th\u1ee9.<\/p>\n<article class=\"article-photo article-photo--\" wp_automatic_readability=\"28\">\n    <!-- \/.multimedia-block__element --><\/p>\n<p class=\"article-photo__footer\">\n            <em>Miguel Rell\u00e1n, trong v\u1edf k\u1ecbch \u201cV\u1ec1 nh\u00e0\u201d.<\/em>                    <\/p>\n<p><!-- \/.article-photo__footer --><br \/>\n    <\/article>\n<p><!-- \/.article-photo article-photo-- --><\/p>\n<p class=\"article-body__text question-answers__question\">B\u1ea1n s\u1ebd kh\u00f4ng ng\u1ea7n ng\u1ea1i ch\u1ecdn ai?<\/p>\n<p class=\"article-body__text question-answers__answer\">Khi m\u1edbi b\u1eaft \u0111\u1ea7u, t\u00f4i ch\u1ec9 mu\u1ed1n \u0111\u00f3ng phim v\u1edbi Carlos Saura ho\u1eb7c Manuel Guti\u00e9rrez Arag\u00f3n, v\u00e0 trong s\u00e2n kh\u1ea5u, v\u1edbi Nuria Espert v\u00e0 Adolfo Marsillach. T\u00f4i r\u1ea5t \u0111\u00f3i cho \u0111\u1ebfn khi nh\u1eadn ra r\u1eb1ng m\u00ecnh ph\u1ea3i l\u00e0m m\u1ecdi th\u1ee9. D\u00f9 sao th\u00ec sau \u0111\u00f3 t\u00f4i c\u0169ng kh\u00f4ng xem phim n\u1eefa. T\u00f4i c\u0169ng bi\u1ebft c\u00e1ch t\u1eeb ch\u1ed1i m\u1ed9t c\u00e1ch kh\u00e9o l\u00e9o. Nh\u01b0ng trong \u0111i\u1ec7n \u1ea3nh v\u00e0 truy\u1ec1n h\u00ecnh, n\u1ebfu h\u1ecd tr\u1ea3 ti\u1ec1n cho t\u00f4i, t\u00f4i s\u1ebd tr\u1ea3, c\u00f2n trong s\u00e2n kh\u1ea5u th\u00ec kh\u00f4ng. S\u00e2n kh\u1ea5u r\u1ea5t kh\u00f3, b\u1ea1n ph\u1ea3i c\u00f3 t\u00ednh k\u1ef7 lu\u1eadt cao, \u0111\u00f3 l\u00e0 tr\u01b0\u1eddng h\u1ecdc c\u1ee7a con ng\u01b0\u1eddi; B\u1ea1n h\u1ecdc c\u00e1ch r\u1ed9ng l\u01b0\u1ee3ng v\u1edbi ng\u01b0\u1eddi kh\u00e1c v\u00e0 mu\u1ed1n ng\u01b0\u1eddi kh\u00e1c r\u1ed9ng l\u01b0\u1ee3ng v\u1edbi b\u1ea1n, b\u1ea1n s\u1ebd m\u1ea5t \u0111i s\u1ef1 nh\u00fat nh\u00e1t, b\u1ea1n h\u1ecdc c\u00e1ch l\u00e0m vi\u1ec7c nh\u00f3m v\u00e0 b\u1ea1n c\u0169ng ti\u1ebfp thu \u0111\u01b0\u1ee3c nhi\u1ec1u v\u0103n h\u00f3a. B\u1ea1n c\u0169ng ph\u1ea3i l\u1ef1a ch\u1ecdn b\u1ea1n \u0111\u1eddi r\u1ea5t c\u1ea9n th\u1eadn v\u00ec b\u1ea1n s\u1ebd c\u00f3 b\u1ea1n trai v\u00e0 ph\u1ea3i s\u1ed1ng c\u00f9ng h\u1ecd trong hai n\u0103m.<\/p>\n<p class=\"article-body__text question-answers__question\">Li\u1ec7u c\u00e1ch l\u00e0m phim v\u00e0 phim truy\u1ec1n h\u00ecnh c\u00f3 thay \u0111\u1ed5i nhi\u1ec1u trong nh\u1eefng n\u0103m g\u1ea7n \u0111\u00e2y kh\u00f4ng?<\/p>\n<p class=\"article-body__text question-answers__answer\">V\u1ec1 m\u1eb7t k\u1ef9 thu\u1eadt th\u00ec \u0111i\u1ec1u \u0111\u00f3 l\u00e0 hi\u1ec3n nhi\u00ean. C\u00e1c d\u00e2y c\u00e1p \u0111\u00e3 bi\u1ebfn m\u1ea5t. Nh\u01b0ng t\u00f4i kh\u00f4ng ngh\u0129 l\u00e0 hi\u1ec7n nay c\u00f3 nh\u1eefng b\u1ed9 phim hay lo\u1ea1t phim n\u00e0o hay h\u01a1n \u0111\u01b0\u1ee3c th\u1ef1c hi\u1ec7n. M\u1ed9t ng\u01b0\u1eddi ph\u1ee5 tr\u00e1ch n\u1ec1n t\u1ea3ng \u0111\u00e3 n\u00f3i v\u1edbi t\u00f4i r\u1eb1ng ch\u1ea5t l\u01b0\u1ee3ng \u0111ang gi\u1ea3m d\u1ea7n \u0111\u1ed1i v\u1edbi \u0111\u1ed1i t\u01b0\u1ee3ng kh\u00e1n gi\u1ea3 m\u00e0 h\u1ecd \u0111ang t\u00ecm ki\u1ebfm. T\u00f4i c\u00f3 \u1ea5n t\u01b0\u1ee3ng l\u00e0 m\u1ecdi th\u1ee9 \u0111\u00e3 \u0111\u01b0\u1ee3c n\u00f3i r\u1ed3i. TRONG<em> Cu\u1ed9c phi\u00eau l\u01b0u Odyssey<\/em>Homer \u0111\u00e3 k\u1ec3 h\u1ebft m\u1ecdi chuy\u1ec7n v\u00e0 Shakespeare \u0111\u00e3 k\u1ebft th\u00fac. V\u00ec v\u1eady, \u0111i\u1ec1u \u0111\u00f3 ph\u1ee5 thu\u1ed9c v\u00e0o c\u00e1ch b\u1ea1n \u0111\u1ebfm.<\/p>\n<article class=\"article-quote article-quote--middle-quote\">\n<h3>\u201cS\u00e2n kh\u1ea5u l\u00e0 m\u1ed9t l\u1eddi n\u00f3i d\u1ed1i \u0111\u01b0\u1ee3c kh\u00e1n gi\u1ea3 \u0111\u1ed3ng \u00fd, t\u00f4i gi\u1ea3 v\u1edd l\u00e0 m\u1ed9t ng\u01b0\u1eddi kh\u00e1c v\u00e0 kh\u00e1n gi\u1ea3 gi\u1ea3 v\u1edd tin t\u00f4i\u201d<\/h3>\n<\/article>\n<p class=\"article-body__text question-answers__question\">\u00d4ng \u0111\u00e3 gi\u00e0nh \u0111\u01b0\u1ee3c gi\u1ea3i Goya cho <em>d\u00ec t\u00f4i<\/em> v\u00e0o n\u0103m 1986. B\u1ea1n kh\u00f4ng ch\u01a1i th\u00eam m\u1ed9t b\u1ea3n n\u1eefa sao?<\/p>\n<p class=\"article-body__text question-answers__answer\">\u1ed2, t\u00f4i kh\u00f4ng bi\u1ebft. T\u00f4i c\u00f3 nhi\u1ec1u gi\u1ea3i th\u01b0\u1edfng v\u00e0 c\u0169ng c\u00f3 kho\u1ea3ng c\u00e1ch duy\u00ean d\u00e1ng v\u1edbi c\u00e1c gi\u1ea3i th\u01b0\u1edfng. Tr\u1eeb khi b\u1ea1n thuy\u1ebft ph\u1ee5c \u0111\u01b0\u1ee3c t\u00f4i, gi\u1ea3i th\u01b0\u1edfng \u0111\u01b0\u1ee3c trao l\u00e0 \u0111\u1ec3 th\u00fac \u0111\u1ea9y \u0111i\u1ec1u g\u00ec \u0111\u00f3. B\u1ea1n c\u00f3 th\u1ec3 \u0111o \u0111\u01b0\u1ee3c ai nh\u1ea3y nhi\u1ec1u h\u01a1n, nh\u01b0ng l\u00e0m sao b\u1ea1n c\u00f3 th\u1ec3 \u0111o \u0111\u01b0\u1ee3c di\u1ec5n vi\u00ean n\u00e0o gi\u1ecfi h\u01a1n di\u1ec5n vi\u00ean n\u00e0o? Khi h\u1ecd trao cho t\u00f4i m\u1ed9t gi\u1ea3i th\u01b0\u1edfng, m\u00e0 t\u00f4i \u0111\u00e3 \u0111\u01b0\u1ee3c trao r\u1ea5t nhi\u1ec1u l\u1ea7n trong su\u1ed1t s\u1ef1 nghi\u1ec7p c\u1ee7a m\u00ecnh, t\u00f4i n\u00f3i nhi\u1ec1u v\u1ec1 Camus, ng\u01b0\u1eddi \u0111\u00e3 n\u00f3i r\u1eb1ng n\u1ebfu b\u1ea1n ki\u00ean tr\u00ec c\u1ed1ng hi\u1ebfn cho m\u1ed9t l\u0129nh v\u1ef1c ngh\u1ec7 thu\u1eadt, s\u1edbm hay mu\u1ed9n b\u1ea1n c\u0169ng s\u1ebd nh\u1eadn \u0111\u01b0\u1ee3c gi\u1ea3i th\u01b0\u1edfng, ph\u1ea7n kh\u00f3 kh\u0103n \u0111\u00f3 x\u1ee9ng \u0111\u00e1ng v\u1edbi n\u00f3. T\u00f4i c\u00f3 nhi\u1ec1u th\u1ee9 m\u00e0 t\u00f4i kh\u00f4ng x\u1ee9ng \u0111\u00e1ng c\u00f3 \u0111\u01b0\u1ee3c v\u00e0 nh\u1eefng th\u1ee9 kh\u00e1c m\u00e0 t\u00f4i x\u1ee9ng \u0111\u00e1ng th\u00ec kh\u00f4ng \u0111\u01b0\u1ee3c ban cho t\u00f4i.<\/p>\n<p class=\"article-body__text question-answers__question\">Di\u1ec5n vi\u00ean kh\u00f4ng c\u00f3 tu\u1ed5i \u0111\u1ec3 ngh\u1ec9 h\u01b0u v\u00ec c\u00f3 nh\u1eefng nh\u00e2n v\u1eadt t\u1eeb m\u1ecdi th\u1ebf h\u1ec7 trong m\u1ed9t b\u1ed9 phim, v\u1edf k\u1ecbch ho\u1eb7c lo\u1ea1t phim. B\u1ea1n c\u00f3 ngh\u0129 v\u1ec1 kho\u1ea3nh kh\u1eafc n\u00e0y kh\u00f4ng?<\/p>\n<p class=\"article-body__text question-answers__answer\">Kh\u00f4ng. Ng\u01b0\u1eddi c\u1ed1ng hi\u1ebfn h\u1ebft m\u00ecnh cho ho\u1ea1t \u0111\u1ed9ng s\u00e1ng t\u1ea1o c\u00f3 \u0111\u01b0\u1ee3c ngh\u1ec9 h\u01b0u kh\u00f4ng? C\u00e1c nh\u00e0 th\u01a1? C\u00e1c nh\u00e0 v\u0103n? V\u0169 c\u00f4ng v\u00ec kh\u00f4ng th\u1ec3 nh\u1ea5c ch\u00e2n l\u00ean, nh\u01b0ng t\u1ea1i sao Vargas Llosa kh\u00f4ng gi\u1ea3i ngh\u1ec7? Trong c\u00f4ng vi\u1ec7c n\u00e0y, s\u1ee9c kh\u1ecfe s\u1ebd l\u1ea5y \u0111i ng\u00e0y b\u1ea1n ki\u1ebfm \u0111\u01b0\u1ee3c th\u1ee9 g\u00ec \u0111\u00f3 v\u00e0 b\u1ea1n h\u01a1i ngu ng\u1ed1c v\u00ec kh\u00f4ng c\u00f3 l\u1ef1a ch\u1ecdn n\u00e0o kh\u00e1c. Chaplin n\u00f3i r\u1eb1ng trong cu\u1ed9c \u0111\u1eddi n\u00e0y ch\u1ec9 c\u00f3 th\u1eddi gian \u0111\u1ec3 l\u00e0m ng\u01b0\u1eddi nghi\u1ec7p d\u01b0.<\/p>\n<article class=\"article-photo article-photo--\" wp_automatic_readability=\"28\">\n    <!-- \/.multimedia-block__element --><\/p>\n<p class=\"article-photo__footer\">\n            <em>C\u00e1c di\u1ec5n vi\u00ean Antonio Resines v\u00e0 Miguel Rell\u00e1n, trong \u201cXin l\u1ed7i v\u00ec s\u1ef1 b\u1ea5t ti\u1ec7n n\u00e0y\u201d.<\/em>            <span>XP\/MOVISTAR+<\/span>        <\/p>\n<p><!-- \/.article-photo__footer --><br \/>\n    <\/article>\n<p><!-- \/.article-photo article-photo-- --><\/p>\n<p class=\"article-body__text question-answers__question\">V\u00e0i tu\u1ea7n tr\u01b0\u1edbc, Quy ch\u1ebf Ngh\u1ec7 s\u0129 \u0111\u00e3 \u0111\u01b0\u1ee3c ph\u00ea duy\u1ec7t. Li\u1ec7u t\u00ecnh h\u00ecnh c\u1ee7a ng\u00e0nh c\u00f3 thay \u0111\u1ed5i tr\u01b0\u1edbc v\u00e0 sau kh\u00f4ng?<\/p>\n<p class=\"article-body__text question-answers__answer\">V\u00e2ng, t\u00f4i kh\u00f4ng bi\u1ebft anh ta. Nh\u01b0 El Brujo \u0111\u00e3 n\u00f3i, vi\u1ec7c n\u00e0y gi\u1ed1ng nh\u01b0 vi\u1ec7c t\u1ea1o ra quy ch\u1ebf c\u1ee7a hi\u1ec7p s\u0129 giang h\u1ed3. H\u1ecd mu\u1ed1n g\u00ec? Nh\u1eefng ng\u01b0\u1eddi th\u1ea5t nghi\u1ec7p c\u00f3 \u0111\u01b0\u1ee3c tr\u1ee3 c\u1ea5p kh\u00f4ng? Tr\u01b0\u1edbc h\u1ebft, c\u00f3 r\u1ea5t nhi\u1ec1u di\u1ec5n vi\u00ean th\u1ea5t nghi\u1ec7p v\u00ec h\u1ecd x\u1ee9ng \u0111\u00e1ng, v\u00ec h\u1ecd t\u1ec7, v\u00ec h\u1ecd kh\u00f4ng chuy\u00ean nghi\u1ec7p, h\u1ecd ch\u1ec9 \u0111\u1eb9p trai. C\u00f3 nh\u1eefng n\u1eef di\u1ec5n vi\u00ean \u0111\u01b0\u1ee3c sao ch\u00e9p v\u00e0 ho\u00e1n \u0111\u1ed5i ch\u1ec9 quan t\u00e2m \u0111\u1ebfn vi\u1ec7c n\u1ed5i ti\u1ebfng. V\u00e0 h\u1ecd c\u00f3 m\u1ecdi quy\u1ec1n tr\u00ean th\u1ebf gi\u1edbi n\u00e0y. L\u00e0m phim v\u00e0 truy\u1ec1n h\u00ecnh r\u1ea5t d\u1ec5, ch\u1ec9 c\u1ea7n n\u00f3i l\u1eddi tho\u1ea1i - th\u1eadm ch\u00ed kh\u00f4ng c\u1ea7n n\u00f3i n\u1eefa v\u00ec b\u1ea1n kh\u00f4ng c\u1ea7n n\u00f3i - v\u00e0 kh\u00f4ng b\u1ecb v\u1ea5p ng\u00e3 v\u00e0o \u0111\u1ed3 \u0111\u1ea1c c\u0169ng d\u1ec5. T\u00f4i nh\u00ecn th\u1ea5y r\u1ea5t nhi\u1ec1u x\u00e1c ch\u1ebft tuy\u1ec7t \u0111\u1eb9p s\u1eafp nu\u1ed1t ch\u1eedng th\u1ebf gi\u1edbi. Nh\u01b0ng l\u00e0m di\u1ec5n vi\u00ean l\u1ea1i l\u00e0 chuy\u1ec7n kh\u00e1c.<\/p>\n<article class=\"article-quote article-quote--middle-quote\">\n<h3>\u201cC\u00f3 r\u1ea5t nhi\u1ec1u di\u1ec5n vi\u00ean th\u1ea5t nghi\u1ec7p v\u00ec h\u1ecd x\u1ee9ng \u0111\u00e1ng, v\u00ec h\u1ecd t\u1ec7, v\u00ec h\u1ecd kh\u00f4ng chuy\u00ean nghi\u1ec7p, h\u1ecd ch\u1ec9 \u0111\u1eb9p trai\u201d<\/h3>\n<\/article>\n<p class=\"article-body__text question-answers__question\">N\u1ebfu ngay l\u00fac n\u00e0y b\u1ea1n \u0111\u01b0\u1ee3c g\u1ecdi \u0111\u1ec3 gi\u1edbi thi\u1ec7u m\u1ed9t b\u1ed9 phim, m\u1ed9t lo\u1ea1t phim ho\u1eb7c m\u1ed9t v\u1edf k\u1ecbch, b\u1ea1n mu\u1ed1n nghe ai \u1edf \u0111\u1ea7u d\u00e2y b\u00ean kia?<\/p>\n<p class=\"article-body__text question-answers__answer\">V\u00e2ng, \u0111\u1ed1i v\u1edbi m\u1ed9t ng\u01b0\u1eddi b\u1ea1n. May m\u1eafn thay, t\u00f4i c\u00f3 nhi\u1ec1u. T\u1eeb Fernando Colomo \u0111\u1ebfn David Gal\u00e1n Galindo hay Jorge Coira. Th\u00eam v\u00e0o \u0111\u00f3, ch\u00fang s\u1ebd l\u00e0 nh\u1eefng d\u1ef1 \u00e1n tuy\u1ec7t v\u1eddi. T\u00f4i th\u01b0\u1eddng may m\u1eafn. \u0110i\u1ec1u x\u1ea3y ra l\u00e0 th\u1ec9nh tho\u1ea3ng c\u00f3 m\u1ed9t \u0111\u1ee9a tr\u1ebb tin v\u00e0o \u0111i\u1ec1u g\u00ec \u0111\u00f3. T\u00f4i l\u00e0m r\u1ea5t nhi\u1ec1u phim ng\u1eafn v\u00e0 c\u00f3 nh\u1eefng ng\u01b0\u1eddi thi\u1ebfu kinh nghi\u1ec7m tin r\u1eb1ng \u0111i\u1ec7n \u1ea3nh b\u1eaft \u0111\u1ea7u t\u1eeb Tarantino. T\u00f4i th\u1ef1c s\u1ef1 th\u00edch h\u1ecdc, nh\u01b0ng t\u00f4i th\u1ea5y kh\u00f3 ch\u1ecbu v\u00ec h\u1ecd l\u1ea1i ph\u1ea3i d\u1ea1y t\u00f4i v\u00e0o th\u1eddi \u0111i\u1ec3m n\u00e0y. C\u00f3 nh\u1eefng ng\u01b0\u1eddi r\u1ea5t ngu ng\u1ed1c v\u00e0 c\u00f3 nh\u1eefng ng\u01b0\u1eddi r\u1ea5t th\u00f4ng minh.<\/p>\n<p class=\"article-body__text question-answers__question\">B\u1ea1n h\u1ecdc ng\u00e0nh Y. B\u1ea1n c\u00f3 bao gi\u1edd ngh\u0129 r\u1eb1ng m\u00ecnh n\u00ean d\u00e0nh th\u1eddi gian \u0111\u1ec3 ch\u1eefa l\u00e0nh c\u01a1 th\u1ec3 thay v\u00ec c\u1ed1 g\u1eafng ch\u1eefa l\u00e0nh t\u00e2m h\u1ed3n kh\u00f4ng?<\/p>\n<p class=\"article-body__text question-answers__answer\">T\u00f4i h\u1ecdc y khoa v\u00ec b\u1ed1 t\u00f4i l\u00e0 b\u00e1c s\u0129. Nh\u01b0ng t\u00f4i kh\u00f4ng bao gi\u1edd h\u1ed1i h\u1eadn v\u1ec1 \u0111i\u1ec1u \u0111\u00f3. Tr\u1eddi \u01a1i, t\u00f4i mu\u1ed1n s\u1ed1ng ba cu\u1ed9c \u0111\u1eddi: m\u1ed9t l\u00e0 nh\u1ea1c tr\u01b0\u1edfng, m\u1ed9t l\u00e0 b\u00e1c s\u0129 v\u00e0 m\u1ed9t l\u00e0 di\u1ec5n vi\u00ean.<\/p>\n<\/p><\/div>","protected":false},"excerpt":{"rendered":"<p>Estudou medicina e m\u00fasica, mas escolheu viver sendo os outros. Miguel Rell\u00e1n (Tetu\u00e1n, 1943) n\u00e3o parou desde ent\u00e3o de forjar &hellip; <\/p>","protected":false},"author":1,"featured_media":961,"comment_status":"open","ping_status":"open","sticky":false,"template":"","format":"standard","meta":{"fifu_image_url":"https:\/\/estaticos-cdn.prensaiberica.es\/clip\/7901d6f7-7324-4832-a478-48da0818f6a4_16-9-aspect-ratio_default_0.jpg","fifu_image_alt":"","footnotes":""},"categories":[35],"tags":[],"class_list":["post-960","post","type-post","status-publish","format-standard","has-post-thumbnail","hentry","category-cultura-e-lazer","latest_post"],"yoast_head":"<!-- This site is optimized with the Yoast SEO plugin v27.3 - https:\/\/yoast.com\/product\/yoast-seo-wordpress\/ -->\n<title>O ator Miguel Rell\u00e1n se apresenta no Teatro Principal de Alicante - Tirinha.com<\/title>\n<meta name=\"robots\" content=\"index, follow, max-snippet:-1, max-image-preview:large, max-video-preview:-1\" \/>\n<link rel=\"canonical\" href=\"https:\/\/tirinha.com\/vi\/960\/dien-vien-miguel-rellan-bieu-dien-tai-nha-hat-chinh-o-alicante\/\" \/>\n<meta property=\"og:locale\" content=\"vi_VN\" \/>\n<meta property=\"og:type\" content=\"article\" \/>\n<meta property=\"og:title\" content=\"O ator Miguel Rell\u00e1n se apresenta no Teatro Principal de Alicante - Tirinha.com\" \/>\n<meta property=\"og:description\" content=\"Estudou medicina e m\u00fasica, mas escolheu viver sendo os outros. Miguel Rell\u00e1n (Tetu\u00e1n, 1943) n\u00e3o parou desde ent\u00e3o de forjar &hellip;\" \/>\n<meta property=\"og:url\" content=\"https:\/\/tirinha.com\/vi\/960\/dien-vien-miguel-rellan-bieu-dien-tai-nha-hat-chinh-o-alicante\/\" \/>\n<meta property=\"og:site_name\" content=\"Tirinha.com\" \/>\n<meta property=\"article:published_time\" content=\"2023-04-03T22:49:35+00:00\" \/>\n<meta property=\"og:image\" content=\"https:\/\/estaticos-cdn.prensaiberica.es\/clip\/7901d6f7-7324-4832-a478-48da0818f6a4_16-9-aspect-ratio_default_0.jpg\" \/>\n<meta name=\"author\" content=\"admin\" \/>\n<meta name=\"twitter:card\" content=\"summary_large_image\" \/>\n<meta name=\"twitter:image\" content=\"https:\/\/estaticos-cdn.prensaiberica.es\/clip\/7901d6f7-7324-4832-a478-48da0818f6a4_16-9-aspect-ratio_default_0.jpg\" \/>\n<meta name=\"twitter:label1\" content=\"\u0110\u01b0\u1ee3c vi\u1ebft b\u1edfi\" \/>\n\t<meta name=\"twitter:data1\" content=\"admin\" \/>\n\t<meta name=\"twitter:label2\" content=\"\u01af\u1edbc t\u00ednh th\u1eddi gian \u0111\u1ecdc\" \/>\n\t<meta name=\"twitter:data2\" content=\"8 ph\u00fat\" \/>\n<script type=\"application\/ld+json\" class=\"yoast-schema-graph\">{\"@context\":\"https:\\\/\\\/schema.org\",\"@graph\":[{\"@type\":\"Article\",\"@id\":\"https:\\\/\\\/tirinha.com\\\/960\\\/o-ator-miguel-rellan-se-apresenta-no-teatro-principal-de-alicante\\\/#article\",\"isPartOf\":{\"@id\":\"https:\\\/\\\/tirinha.com\\\/960\\\/o-ator-miguel-rellan-se-apresenta-no-teatro-principal-de-alicante\\\/\"},\"author\":{\"name\":\"admin\",\"@id\":\"https:\\\/\\\/tirinha.com\\\/#\\\/schema\\\/person\\\/e22bdfbe17e0461f7e927e6a1208d4d9\"},\"headline\":\"O ator Miguel Rell\u00e1n se apresenta no Teatro Principal de Alicante\",\"datePublished\":\"2023-04-03T22:49:35+00:00\",\"mainEntityOfPage\":{\"@id\":\"https:\\\/\\\/tirinha.com\\\/960\\\/o-ator-miguel-rellan-se-apresenta-no-teatro-principal-de-alicante\\\/\"},\"wordCount\":1570,\"commentCount\":0,\"publisher\":{\"@id\":\"https:\\\/\\\/tirinha.com\\\/#organization\"},\"image\":{\"@id\":\"https:\\\/\\\/tirinha.com\\\/960\\\/o-ator-miguel-rellan-se-apresenta-no-teatro-principal-de-alicante\\\/#primaryimage\"},\"thumbnailUrl\":\"https:\\\/\\\/estaticos-cdn.prensaiberica.es\\\/clip\\\/7901d6f7-7324-4832-a478-48da0818f6a4_16-9-aspect-ratio_default_0.jpg\",\"articleSection\":[\"Cultura e lazer\"],\"inLanguage\":\"vi\",\"potentialAction\":[{\"@type\":\"CommentAction\",\"name\":\"Comment\",\"target\":[\"https:\\\/\\\/tirinha.com\\\/960\\\/o-ator-miguel-rellan-se-apresenta-no-teatro-principal-de-alicante\\\/#respond\"]}]},{\"@type\":\"WebPage\",\"@id\":\"https:\\\/\\\/tirinha.com\\\/960\\\/o-ator-miguel-rellan-se-apresenta-no-teatro-principal-de-alicante\\\/\",\"url\":\"https:\\\/\\\/tirinha.com\\\/960\\\/o-ator-miguel-rellan-se-apresenta-no-teatro-principal-de-alicante\\\/\",\"name\":\"O ator Miguel Rell\u00e1n se apresenta no Teatro Principal de Alicante - Tirinha.com\",\"isPartOf\":{\"@id\":\"https:\\\/\\\/tirinha.com\\\/#website\"},\"primaryImageOfPage\":{\"@id\":\"https:\\\/\\\/tirinha.com\\\/960\\\/o-ator-miguel-rellan-se-apresenta-no-teatro-principal-de-alicante\\\/#primaryimage\"},\"image\":{\"@id\":\"https:\\\/\\\/tirinha.com\\\/960\\\/o-ator-miguel-rellan-se-apresenta-no-teatro-principal-de-alicante\\\/#primaryimage\"},\"thumbnailUrl\":\"https:\\\/\\\/estaticos-cdn.prensaiberica.es\\\/clip\\\/7901d6f7-7324-4832-a478-48da0818f6a4_16-9-aspect-ratio_default_0.jpg\",\"datePublished\":\"2023-04-03T22:49:35+00:00\",\"breadcrumb\":{\"@id\":\"https:\\\/\\\/tirinha.com\\\/960\\\/o-ator-miguel-rellan-se-apresenta-no-teatro-principal-de-alicante\\\/#breadcrumb\"},\"inLanguage\":\"vi\",\"potentialAction\":[{\"@type\":\"ReadAction\",\"target\":[\"https:\\\/\\\/tirinha.com\\\/960\\\/o-ator-miguel-rellan-se-apresenta-no-teatro-principal-de-alicante\\\/\"]}]},{\"@type\":\"ImageObject\",\"inLanguage\":\"vi\",\"@id\":\"https:\\\/\\\/tirinha.com\\\/960\\\/o-ator-miguel-rellan-se-apresenta-no-teatro-principal-de-alicante\\\/#primaryimage\",\"url\":\"https:\\\/\\\/estaticos-cdn.prensaiberica.es\\\/clip\\\/7901d6f7-7324-4832-a478-48da0818f6a4_16-9-aspect-ratio_default_0.jpg\",\"contentUrl\":\"https:\\\/\\\/estaticos-cdn.prensaiberica.es\\\/clip\\\/7901d6f7-7324-4832-a478-48da0818f6a4_16-9-aspect-ratio_default_0.jpg\"},{\"@type\":\"BreadcrumbList\",\"@id\":\"https:\\\/\\\/tirinha.com\\\/960\\\/o-ator-miguel-rellan-se-apresenta-no-teatro-principal-de-alicante\\\/#breadcrumb\",\"itemListElement\":[{\"@type\":\"ListItem\",\"position\":1,\"name\":\"Home\",\"item\":\"https:\\\/\\\/tirinha.com\\\/\"},{\"@type\":\"ListItem\",\"position\":2,\"name\":\"O ator Miguel Rell\u00e1n se apresenta no Teatro Principal de Alicante\"}]},{\"@type\":\"WebSite\",\"@id\":\"https:\\\/\\\/tirinha.com\\\/#website\",\"url\":\"https:\\\/\\\/tirinha.com\\\/\",\"name\":\"Tirinha.com\",\"description\":\"Arte e livros resenhas\",\"publisher\":{\"@id\":\"https:\\\/\\\/tirinha.com\\\/#organization\"},\"potentialAction\":[{\"@type\":\"SearchAction\",\"target\":{\"@type\":\"EntryPoint\",\"urlTemplate\":\"https:\\\/\\\/tirinha.com\\\/?s={search_term_string}\"},\"query-input\":{\"@type\":\"PropertyValueSpecification\",\"valueRequired\":true,\"valueName\":\"search_term_string\"}}],\"inLanguage\":\"vi\"},{\"@type\":\"Organization\",\"@id\":\"https:\\\/\\\/tirinha.com\\\/#organization\",\"name\":\"Tirinha.com\",\"url\":\"https:\\\/\\\/tirinha.com\\\/\",\"logo\":{\"@type\":\"ImageObject\",\"inLanguage\":\"vi\",\"@id\":\"https:\\\/\\\/tirinha.com\\\/#\\\/schema\\\/logo\\\/image\\\/\",\"url\":\"https:\\\/\\\/tirinha.com\\\/wp-content\\\/uploads\\\/2023\\\/08\\\/cropped-Logo-Tirinha.webp\",\"contentUrl\":\"https:\\\/\\\/tirinha.com\\\/wp-content\\\/uploads\\\/2023\\\/08\\\/cropped-Logo-Tirinha.webp\",\"width\":512,\"height\":512,\"caption\":\"Tirinha.com\"},\"image\":{\"@id\":\"https:\\\/\\\/tirinha.com\\\/#\\\/schema\\\/logo\\\/image\\\/\"}},{\"@type\":\"Person\",\"@id\":\"https:\\\/\\\/tirinha.com\\\/#\\\/schema\\\/person\\\/e22bdfbe17e0461f7e927e6a1208d4d9\",\"name\":\"admin\",\"image\":{\"@type\":\"ImageObject\",\"inLanguage\":\"vi\",\"@id\":\"https:\\\/\\\/tirinha.com\\\/wp-content\\\/litespeed\\\/avatar\\\/d0068f7931cc87d7274eb0c3db1deb4b.jpg?ver=1777434315\",\"url\":\"https:\\\/\\\/tirinha.com\\\/wp-content\\\/litespeed\\\/avatar\\\/d0068f7931cc87d7274eb0c3db1deb4b.jpg?ver=1777434315\",\"contentUrl\":\"https:\\\/\\\/tirinha.com\\\/wp-content\\\/litespeed\\\/avatar\\\/d0068f7931cc87d7274eb0c3db1deb4b.jpg?ver=1777434315\",\"caption\":\"admin\"},\"sameAs\":[\"https:\\\/\\\/tirinha.com\"],\"url\":\"https:\\\/\\\/tirinha.com\\\/vi\\\/author\\\/admin\\\/\"}]}<\/script>\n<!-- \/ Yoast SEO plugin. -->","yoast_head_json":{"title":"Nam di\u1ec5n vi\u00ean Miguel Rell\u00e1n bi\u1ec3u di\u1ec5n t\u1ea1i Hi\u1ec7u tr\u01b0\u1edfng Teatro \u1edf Alicante - Tirinha.com","robots":{"index":"index","follow":"follow","max-snippet":"max-snippet:-1","max-image-preview":"max-image-preview:large","max-video-preview":"max-video-preview:-1"},"canonical":"https:\/\/tirinha.com\/vi\/960\/dien-vien-miguel-rellan-bieu-dien-tai-nha-hat-chinh-o-alicante\/","og_locale":"vi_VN","og_type":"article","og_title":"O ator Miguel Rell\u00e1n se apresenta no Teatro Principal de Alicante - Tirinha.com","og_description":"Estudou medicina e m\u00fasica, mas escolheu viver sendo os outros. Miguel Rell\u00e1n (Tetu\u00e1n, 1943) n\u00e3o parou desde ent\u00e3o de forjar &hellip;","og_url":"https:\/\/tirinha.com\/vi\/960\/dien-vien-miguel-rellan-bieu-dien-tai-nha-hat-chinh-o-alicante\/","og_site_name":"Tirinha.com","article_published_time":"2023-04-03T22:49:35+00:00","og_image":[{"url":"https:\/\/estaticos-cdn.prensaiberica.es\/clip\/7901d6f7-7324-4832-a478-48da0818f6a4_16-9-aspect-ratio_default_0.jpg","type":"","width":"","height":""}],"author":"admin","twitter_card":"summary_large_image","twitter_image":"https:\/\/estaticos-cdn.prensaiberica.es\/clip\/7901d6f7-7324-4832-a478-48da0818f6a4_16-9-aspect-ratio_default_0.jpg","twitter_misc":{"\u0110\u01b0\u1ee3c vi\u1ebft b\u1edfi":"admin","\u01af\u1edbc t\u00ednh th\u1eddi gian \u0111\u1ecdc":"8 ph\u00fat"},"schema":{"@context":"https:\/\/schema.org","@graph":[{"@type":"Article","@id":"https:\/\/tirinha.com\/960\/o-ator-miguel-rellan-se-apresenta-no-teatro-principal-de-alicante\/#article","isPartOf":{"@id":"https:\/\/tirinha.com\/960\/o-ator-miguel-rellan-se-apresenta-no-teatro-principal-de-alicante\/"},"author":{"name":"admin","@id":"https:\/\/tirinha.com\/#\/schema\/person\/e22bdfbe17e0461f7e927e6a1208d4d9"},"headline":"O ator Miguel Rell\u00e1n se apresenta no Teatro Principal de Alicante","datePublished":"2023-04-03T22:49:35+00:00","mainEntityOfPage":{"@id":"https:\/\/tirinha.com\/960\/o-ator-miguel-rellan-se-apresenta-no-teatro-principal-de-alicante\/"},"wordCount":1570,"commentCount":0,"publisher":{"@id":"https:\/\/tirinha.com\/#organization"},"image":{"@id":"https:\/\/tirinha.com\/960\/o-ator-miguel-rellan-se-apresenta-no-teatro-principal-de-alicante\/#primaryimage"},"thumbnailUrl":"https:\/\/estaticos-cdn.prensaiberica.es\/clip\/7901d6f7-7324-4832-a478-48da0818f6a4_16-9-aspect-ratio_default_0.jpg","articleSection":["Cultura e lazer"],"inLanguage":"vi","potentialAction":[{"@type":"CommentAction","name":"Comment","target":["https:\/\/tirinha.com\/960\/o-ator-miguel-rellan-se-apresenta-no-teatro-principal-de-alicante\/#respond"]}]},{"@type":"WebPage","@id":"https:\/\/tirinha.com\/960\/o-ator-miguel-rellan-se-apresenta-no-teatro-principal-de-alicante\/","url":"https:\/\/tirinha.com\/960\/o-ator-miguel-rellan-se-apresenta-no-teatro-principal-de-alicante\/","name":"Nam di\u1ec5n vi\u00ean Miguel Rell\u00e1n bi\u1ec3u di\u1ec5n t\u1ea1i Hi\u1ec7u tr\u01b0\u1edfng Teatro \u1edf Alicante - Tirinha.com","isPartOf":{"@id":"https:\/\/tirinha.com\/#website"},"primaryImageOfPage":{"@id":"https:\/\/tirinha.com\/960\/o-ator-miguel-rellan-se-apresenta-no-teatro-principal-de-alicante\/#primaryimage"},"image":{"@id":"https:\/\/tirinha.com\/960\/o-ator-miguel-rellan-se-apresenta-no-teatro-principal-de-alicante\/#primaryimage"},"thumbnailUrl":"https:\/\/estaticos-cdn.prensaiberica.es\/clip\/7901d6f7-7324-4832-a478-48da0818f6a4_16-9-aspect-ratio_default_0.jpg","datePublished":"2023-04-03T22:49:35+00:00","breadcrumb":{"@id":"https:\/\/tirinha.com\/960\/o-ator-miguel-rellan-se-apresenta-no-teatro-principal-de-alicante\/#breadcrumb"},"inLanguage":"vi","potentialAction":[{"@type":"ReadAction","target":["https:\/\/tirinha.com\/960\/o-ator-miguel-rellan-se-apresenta-no-teatro-principal-de-alicante\/"]}]},{"@type":"ImageObject","inLanguage":"vi","@id":"https:\/\/tirinha.com\/960\/o-ator-miguel-rellan-se-apresenta-no-teatro-principal-de-alicante\/#primaryimage","url":"https:\/\/estaticos-cdn.prensaiberica.es\/clip\/7901d6f7-7324-4832-a478-48da0818f6a4_16-9-aspect-ratio_default_0.jpg","contentUrl":"https:\/\/estaticos-cdn.prensaiberica.es\/clip\/7901d6f7-7324-4832-a478-48da0818f6a4_16-9-aspect-ratio_default_0.jpg"},{"@type":"BreadcrumbList","@id":"https:\/\/tirinha.com\/960\/o-ator-miguel-rellan-se-apresenta-no-teatro-principal-de-alicante\/#breadcrumb","itemListElement":[{"@type":"ListItem","position":1,"name":"Home","item":"https:\/\/tirinha.com\/"},{"@type":"ListItem","position":2,"name":"O ator Miguel Rell\u00e1n se apresenta no Teatro Principal de Alicante"}]},{"@type":"WebSite","@id":"https:\/\/tirinha.com\/#website","url":"https:\/\/tirinha.com\/","name":"Truy\u1ec7n tranh.com","description":"\u0110\u00e1nh gi\u00e1 ngh\u1ec7 thu\u1eadt v\u00e0 s\u00e1ch","publisher":{"@id":"https:\/\/tirinha.com\/#organization"},"potentialAction":[{"@type":"SearchAction","target":{"@type":"EntryPoint","urlTemplate":"https:\/\/tirinha.com\/?s={search_term_string}"},"query-input":{"@type":"PropertyValueSpecification","valueRequired":true,"valueName":"search_term_string"}}],"inLanguage":"vi"},{"@type":"Organization","@id":"https:\/\/tirinha.com\/#organization","name":"Truy\u1ec7n tranh.com","url":"https:\/\/tirinha.com\/","logo":{"@type":"ImageObject","inLanguage":"vi","@id":"https:\/\/tirinha.com\/#\/schema\/logo\/image\/","url":"https:\/\/tirinha.com\/wp-content\/uploads\/2023\/08\/cropped-Logo-Tirinha.webp","contentUrl":"https:\/\/tirinha.com\/wp-content\/uploads\/2023\/08\/cropped-Logo-Tirinha.webp","width":512,"height":512,"caption":"Tirinha.com"},"image":{"@id":"https:\/\/tirinha.com\/#\/schema\/logo\/image\/"}},{"@type":"Person","@id":"https:\/\/tirinha.com\/#\/schema\/person\/e22bdfbe17e0461f7e927e6a1208d4d9","name":"qu\u1ea3n tr\u1ecb vi\u00ean","image":{"@type":"ImageObject","inLanguage":"vi","@id":"https:\/\/tirinha.com\/wp-content\/litespeed\/avatar\/d0068f7931cc87d7274eb0c3db1deb4b.jpg?ver=1777434315","url":"https:\/\/tirinha.com\/wp-content\/litespeed\/avatar\/d0068f7931cc87d7274eb0c3db1deb4b.jpg?ver=1777434315","contentUrl":"https:\/\/tirinha.com\/wp-content\/litespeed\/avatar\/d0068f7931cc87d7274eb0c3db1deb4b.jpg?ver=1777434315","caption":"admin"},"sameAs":["https:\/\/tirinha.com"],"url":"https:\/\/tirinha.com\/vi\/author\/admin\/"}]}},"_links":{"self":[{"href":"https:\/\/tirinha.com\/vi\/wp-json\/wp\/v2\/posts\/960","targetHints":{"allow":["GET"]}}],"collection":[{"href":"https:\/\/tirinha.com\/vi\/wp-json\/wp\/v2\/posts"}],"about":[{"href":"https:\/\/tirinha.com\/vi\/wp-json\/wp\/v2\/types\/post"}],"author":[{"embeddable":true,"href":"https:\/\/tirinha.com\/vi\/wp-json\/wp\/v2\/users\/1"}],"replies":[{"embeddable":true,"href":"https:\/\/tirinha.com\/vi\/wp-json\/wp\/v2\/comments?post=960"}],"version-history":[{"count":0,"href":"https:\/\/tirinha.com\/vi\/wp-json\/wp\/v2\/posts\/960\/revisions"}],"wp:featuredmedia":[{"embeddable":true,"href":"https:\/\/tirinha.com\/vi\/wp-json\/wp\/v2\/media\/961"}],"wp:attachment":[{"href":"https:\/\/tirinha.com\/vi\/wp-json\/wp\/v2\/media?parent=960"}],"wp:term":[{"taxonomy":"category","embeddable":true,"href":"https:\/\/tirinha.com\/vi\/wp-json\/wp\/v2\/categories?post=960"},{"taxonomy":"post_tag","embeddable":true,"href":"https:\/\/tirinha.com\/vi\/wp-json\/wp\/v2\/tags?post=960"}],"curies":[{"name":"wp","href":"https:\/\/api.w.org\/{rel}","templated":true}]}}