{"id":945,"date":"2023-04-03T21:00:15","date_gmt":"2023-04-03T21:00:15","guid":{"rendered":"https:\/\/tirinha.com\/leganes_-as-fiestas-de-san-nicasio-triunfaram-com-o-mercado-medieval\/"},"modified":"2023-04-03T21:00:15","modified_gmt":"2023-04-03T21:00:15","slug":"leganes_-le-hoi-san-nicasio-da-thanh-cong-ruc-ro-voi-cho-thoi-trung-co","status":"publish","type":"post","link":"https:\/\/tirinha.com\/vi\/945\/leganes_-as-fiestas-de-san-nicasio-triunfaram-com-o-mercado-medieval\/","title":{"rendered":"LEGAN\u00c9S_ L\u1ec5 h\u1ed9i San Nicasio chi\u1ebfn th\u1eafng v\u1edbi Ch\u1ee3 th\u1eddi Trung c\u1ed5"},"content":{"rendered":"<p><\/p>\n<div id=\"post-280\">\n<div class=\"entry-content\">\n<p><strong>LEGAN\u00c9S\/8 TH\u00c1NG 10 N\u0102M 2013\/V\u0102N H\u00d3A_<\/strong>  Khu ph\u1ed1 San Nicasio \u0111\u00e3 ch\u00e0o \u0111\u00f3n h\u00e0ng ng\u00e0n ng\u01b0\u1eddi v\u00e0o cu\u1ed1i tu\u1ea7n tr\u01b0\u1edbc \u0111\u1ec3 tham gia l\u1ec5 h\u1ed9i. Ch\u1ee3 th\u1eddi Trung c\u1ed5 l\u00e0 m\u1ed9t trong nh\u1eefng \u0111i\u1ec3m thu h\u00fat l\u1edbn nh\u1ea5t c\u00f9ng v\u1edbi khu h\u1ed9i ch\u1ee3 Fairground m\u1edbi. <\/p>\n<p> B\u00e0 Noem\u00ed Selas, \u1ee6y vi\u00ean H\u1ed9i \u0111\u1ed3ng An ninh C\u00f4ng d\u00e2n v\u00e0 L\u1ec5 h\u1ed9i, \u0111\u00e3 khai m\u1ea1c s\u1ef1 ki\u1ec7n v\u00e0o th\u1ee9 S\u00e1u v\u00e0 b\u00e0y t\u1ecf s\u1ef1 h\u00e0i l\u00f2ng v\u1edbi s\u1ed1 l\u01b0\u1ee3ng l\u1edbn ng\u01b0\u1eddi tham d\u1ef1, \u0111\u1ed3ng th\u1eddi nh\u1eafc l\u1ea1i r\u1eb1ng \u201cn\u0103m nay, ngo\u00e0i s\u1ed1 l\u01b0\u1ee3ng v\u00e0 ch\u1ea5t l\u01b0\u1ee3ng gian h\u00e0ng, ch\u00fang t\u00f4i c\u00f2n ch\u00fa tr\u1ecdng nhi\u1ec1u \u0111\u1ebfn kh\u00e2u trang tr\u00ed, n\u1ed9i dung v\u00e0 c\u00e1c \u0111i\u1ec3m thu h\u00fat tr\u1ebb nh\u1ecf\u201d.<\/p>\n<p> H\u1ed9i ch\u1ee3 \u0110i\u1ec3m tham quan m\u1edbi t\u1ea1i Khu h\u1ed9i ch\u1ee3 San Nicasio c\u00f3 25 \u0111i\u1ec3m tham quan thu\u1ed9c m\u1ecdi lo\u1ea1i h\u00ecnh trong su\u1ed1t th\u1eddi gian l\u1ec5 h\u1ed9i.<\/p>\n<div>\n<p>H\u01a1n n\u1eefa, c\u00f9ng v\u1edbi c\u00e1c ho\u1ea1t \u0111\u1ed9ng cu\u1ed1i tu\u1ea7n \u0111\u1ea7u ti\u00ean t\u1ea1i San Nicasio, s\u1ef1 ki\u1ec7n Corrida Popular Legan\u00e9s l\u1ea7n th\u1ee9 XXXIII \u0111\u00e3 di\u1ec5n ra, thu h\u00fat r\u1ea5t \u0111\u00f4ng ng\u01b0\u1eddi tham gia v\u00ec \u0111\u00e2y l\u00e0 m\u1ed9t trong nh\u1eefng s\u1ef1 ki\u1ec7n \u0111\u01b0\u1ee3c ng\u01b0\u1eddi d\u00e2n \u0111\u1ecba ph\u01b0\u01a1ng mong \u0111\u1ee3i nh\u1ea5t h\u1eb1ng n\u0103m.<\/p>\n<\/div>\n<p><h3 class=\"jp-relatedposts-headline\"><em>C\u00f3 li\u00ean quan<\/em><\/h3>\n<\/p><\/div>\n<p><!-- .entry-content --><\/p>\n<p>\t<!-- .entry-footer --><\/p>\n<\/div>","protected":false},"excerpt":{"rendered":"<p>LEGAN\u00c9S\/8 OUT 13\/CULTURA_ O bairro de San Nicasio recebeu milhares de pessoas no \u00faltimo fim de semana para comemorar suas &hellip; <\/p>","protected":false},"author":1,"featured_media":946,"comment_status":"open","ping_status":"open","sticky":false,"template":"","format":"standard","meta":{"fifu_image_url":"https:\/\/i0.wp.com\/noticiasparamunicipios.com\/wp-content\/uploads\/2021\/06\/Logo-para-Yoast-1.png?fit=800,298&ssl=1","fifu_image_alt":"","footnotes":""},"categories":[35],"tags":[],"class_list":["post-945","post","type-post","status-publish","format-standard","has-post-thumbnail","hentry","category-cultura-e-lazer","latest_post"],"yoast_head":"<!-- This site is optimized with the Yoast SEO plugin v27.3 - https:\/\/yoast.com\/product\/yoast-seo-wordpress\/ -->\n<title>LEGAN\u00c9S_ As Fiestas de San Nicasio triunfaram com o Mercado Medieval - Tirinha.com<\/title>\n<meta name=\"robots\" content=\"index, follow, max-snippet:-1, max-image-preview:large, max-video-preview:-1\" \/>\n<link rel=\"canonical\" href=\"https:\/\/tirinha.com\/vi\/945\/leganes_-le-hoi-san-nicasio-da-thanh-cong-ruc-ro-voi-cho-thoi-trung-co\/\" \/>\n<meta property=\"og:locale\" content=\"vi_VN\" \/>\n<meta property=\"og:type\" content=\"article\" \/>\n<meta property=\"og:title\" content=\"LEGAN\u00c9S_ As Fiestas de San Nicasio triunfaram com o Mercado Medieval - Tirinha.com\" \/>\n<meta property=\"og:description\" content=\"LEGAN\u00c9S\/8 OUT 13\/CULTURA_ O bairro de San Nicasio recebeu milhares de pessoas no \u00faltimo fim de semana para comemorar suas &hellip;\" \/>\n<meta property=\"og:url\" content=\"https:\/\/tirinha.com\/vi\/945\/leganes_-le-hoi-san-nicasio-da-thanh-cong-ruc-ro-voi-cho-thoi-trung-co\/\" \/>\n<meta property=\"og:site_name\" content=\"Tirinha.com\" \/>\n<meta property=\"article:published_time\" content=\"2023-04-03T21:00:15+00:00\" \/>\n<meta property=\"og:image\" content=\"https:\/\/i0.wp.com\/noticiasparamunicipios.com\/wp-content\/uploads\/2021\/06\/Logo-para-Yoast-1.png?fit=800,298&ssl=1\" \/>\n<meta name=\"author\" content=\"admin\" \/>\n<meta name=\"twitter:card\" content=\"summary_large_image\" \/>\n<meta name=\"twitter:image\" content=\"https:\/\/i0.wp.com\/noticiasparamunicipios.com\/wp-content\/uploads\/2021\/06\/Logo-para-Yoast-1.png?fit=800,298&ssl=1\" \/>\n<meta name=\"twitter:label1\" content=\"\u0110\u01b0\u1ee3c vi\u1ebft b\u1edfi\" \/>\n\t<meta name=\"twitter:data1\" content=\"admin\" \/>\n\t<meta name=\"twitter:label2\" content=\"\u01af\u1edbc t\u00ednh th\u1eddi gian \u0111\u1ecdc\" \/>\n\t<meta name=\"twitter:data2\" content=\"1 ph\u00fat\" \/>\n<script type=\"application\/ld+json\" class=\"yoast-schema-graph\">{\"@context\":\"https:\\\/\\\/schema.org\",\"@graph\":[{\"@type\":\"Article\",\"@id\":\"https:\\\/\\\/tirinha.com\\\/945\\\/leganes_-as-fiestas-de-san-nicasio-triunfaram-com-o-mercado-medieval\\\/#article\",\"isPartOf\":{\"@id\":\"https:\\\/\\\/tirinha.com\\\/945\\\/leganes_-as-fiestas-de-san-nicasio-triunfaram-com-o-mercado-medieval\\\/\"},\"author\":{\"name\":\"admin\",\"@id\":\"https:\\\/\\\/tirinha.com\\\/#\\\/schema\\\/person\\\/e22bdfbe17e0461f7e927e6a1208d4d9\"},\"headline\":\"LEGAN\u00c9S_ As Fiestas de San Nicasio triunfaram com o Mercado Medieval\",\"datePublished\":\"2023-04-03T21:00:15+00:00\",\"mainEntityOfPage\":{\"@id\":\"https:\\\/\\\/tirinha.com\\\/945\\\/leganes_-as-fiestas-de-san-nicasio-triunfaram-com-o-mercado-medieval\\\/\"},\"wordCount\":171,\"commentCount\":0,\"publisher\":{\"@id\":\"https:\\\/\\\/tirinha.com\\\/#organization\"},\"image\":{\"@id\":\"https:\\\/\\\/tirinha.com\\\/945\\\/leganes_-as-fiestas-de-san-nicasio-triunfaram-com-o-mercado-medieval\\\/#primaryimage\"},\"thumbnailUrl\":\"https:\\\/\\\/i0.wp.com\\\/noticiasparamunicipios.com\\\/wp-content\\\/uploads\\\/2021\\\/06\\\/Logo-para-Yoast-1.png?fit=800,298&ssl=1\",\"articleSection\":[\"Cultura e lazer\"],\"inLanguage\":\"vi\",\"potentialAction\":[{\"@type\":\"CommentAction\",\"name\":\"Comment\",\"target\":[\"https:\\\/\\\/tirinha.com\\\/945\\\/leganes_-as-fiestas-de-san-nicasio-triunfaram-com-o-mercado-medieval\\\/#respond\"]}]},{\"@type\":\"WebPage\",\"@id\":\"https:\\\/\\\/tirinha.com\\\/945\\\/leganes_-as-fiestas-de-san-nicasio-triunfaram-com-o-mercado-medieval\\\/\",\"url\":\"https:\\\/\\\/tirinha.com\\\/945\\\/leganes_-as-fiestas-de-san-nicasio-triunfaram-com-o-mercado-medieval\\\/\",\"name\":\"LEGAN\u00c9S_ As Fiestas de San Nicasio triunfaram com o Mercado Medieval - Tirinha.com\",\"isPartOf\":{\"@id\":\"https:\\\/\\\/tirinha.com\\\/#website\"},\"primaryImageOfPage\":{\"@id\":\"https:\\\/\\\/tirinha.com\\\/945\\\/leganes_-as-fiestas-de-san-nicasio-triunfaram-com-o-mercado-medieval\\\/#primaryimage\"},\"image\":{\"@id\":\"https:\\\/\\\/tirinha.com\\\/945\\\/leganes_-as-fiestas-de-san-nicasio-triunfaram-com-o-mercado-medieval\\\/#primaryimage\"},\"thumbnailUrl\":\"https:\\\/\\\/i0.wp.com\\\/noticiasparamunicipios.com\\\/wp-content\\\/uploads\\\/2021\\\/06\\\/Logo-para-Yoast-1.png?fit=800,298&ssl=1\",\"datePublished\":\"2023-04-03T21:00:15+00:00\",\"breadcrumb\":{\"@id\":\"https:\\\/\\\/tirinha.com\\\/945\\\/leganes_-as-fiestas-de-san-nicasio-triunfaram-com-o-mercado-medieval\\\/#breadcrumb\"},\"inLanguage\":\"vi\",\"potentialAction\":[{\"@type\":\"ReadAction\",\"target\":[\"https:\\\/\\\/tirinha.com\\\/945\\\/leganes_-as-fiestas-de-san-nicasio-triunfaram-com-o-mercado-medieval\\\/\"]}]},{\"@type\":\"ImageObject\",\"inLanguage\":\"vi\",\"@id\":\"https:\\\/\\\/tirinha.com\\\/945\\\/leganes_-as-fiestas-de-san-nicasio-triunfaram-com-o-mercado-medieval\\\/#primaryimage\",\"url\":\"https:\\\/\\\/i0.wp.com\\\/noticiasparamunicipios.com\\\/wp-content\\\/uploads\\\/2021\\\/06\\\/Logo-para-Yoast-1.png?fit=800,298&ssl=1\",\"contentUrl\":\"https:\\\/\\\/i0.wp.com\\\/noticiasparamunicipios.com\\\/wp-content\\\/uploads\\\/2021\\\/06\\\/Logo-para-Yoast-1.png?fit=800,298&ssl=1\"},{\"@type\":\"BreadcrumbList\",\"@id\":\"https:\\\/\\\/tirinha.com\\\/945\\\/leganes_-as-fiestas-de-san-nicasio-triunfaram-com-o-mercado-medieval\\\/#breadcrumb\",\"itemListElement\":[{\"@type\":\"ListItem\",\"position\":1,\"name\":\"Home\",\"item\":\"https:\\\/\\\/tirinha.com\\\/\"},{\"@type\":\"ListItem\",\"position\":2,\"name\":\"LEGAN\u00c9S_ As Fiestas de San Nicasio triunfaram com o Mercado Medieval\"}]},{\"@type\":\"WebSite\",\"@id\":\"https:\\\/\\\/tirinha.com\\\/#website\",\"url\":\"https:\\\/\\\/tirinha.com\\\/\",\"name\":\"Tirinha.com\",\"description\":\"Arte e livros resenhas\",\"publisher\":{\"@id\":\"https:\\\/\\\/tirinha.com\\\/#organization\"},\"potentialAction\":[{\"@type\":\"SearchAction\",\"target\":{\"@type\":\"EntryPoint\",\"urlTemplate\":\"https:\\\/\\\/tirinha.com\\\/?s={search_term_string}\"},\"query-input\":{\"@type\":\"PropertyValueSpecification\",\"valueRequired\":true,\"valueName\":\"search_term_string\"}}],\"inLanguage\":\"vi\"},{\"@type\":\"Organization\",\"@id\":\"https:\\\/\\\/tirinha.com\\\/#organization\",\"name\":\"Tirinha.com\",\"url\":\"https:\\\/\\\/tirinha.com\\\/\",\"logo\":{\"@type\":\"ImageObject\",\"inLanguage\":\"vi\",\"@id\":\"https:\\\/\\\/tirinha.com\\\/#\\\/schema\\\/logo\\\/image\\\/\",\"url\":\"https:\\\/\\\/tirinha.com\\\/wp-content\\\/uploads\\\/2023\\\/08\\\/cropped-Logo-Tirinha.webp\",\"contentUrl\":\"https:\\\/\\\/tirinha.com\\\/wp-content\\\/uploads\\\/2023\\\/08\\\/cropped-Logo-Tirinha.webp\",\"width\":512,\"height\":512,\"caption\":\"Tirinha.com\"},\"image\":{\"@id\":\"https:\\\/\\\/tirinha.com\\\/#\\\/schema\\\/logo\\\/image\\\/\"}},{\"@type\":\"Person\",\"@id\":\"https:\\\/\\\/tirinha.com\\\/#\\\/schema\\\/person\\\/e22bdfbe17e0461f7e927e6a1208d4d9\",\"name\":\"admin\",\"image\":{\"@type\":\"ImageObject\",\"inLanguage\":\"vi\",\"@id\":\"https:\\\/\\\/tirinha.com\\\/wp-content\\\/litespeed\\\/avatar\\\/d0068f7931cc87d7274eb0c3db1deb4b.jpg?ver=1776829466\",\"url\":\"https:\\\/\\\/tirinha.com\\\/wp-content\\\/litespeed\\\/avatar\\\/d0068f7931cc87d7274eb0c3db1deb4b.jpg?ver=1776829466\",\"contentUrl\":\"https:\\\/\\\/tirinha.com\\\/wp-content\\\/litespeed\\\/avatar\\\/d0068f7931cc87d7274eb0c3db1deb4b.jpg?ver=1776829466\",\"caption\":\"admin\"},\"sameAs\":[\"https:\\\/\\\/tirinha.com\"],\"url\":\"https:\\\/\\\/tirinha.com\\\/vi\\\/author\\\/admin\\\/\"}]}<\/script>\n<!-- \/ Yoast SEO plugin. -->","yoast_head_json":{"title":"LEGAN\u00c9S_ L\u1ec5 h\u1ed9i San Nicasio \u0111\u00e3 th\u00e0nh c\u00f4ng r\u1ef1c r\u1ee1 v\u1edbi Ch\u1ee3 Trung c\u1ed5 - Tirinha.com","robots":{"index":"index","follow":"follow","max-snippet":"max-snippet:-1","max-image-preview":"max-image-preview:large","max-video-preview":"max-video-preview:-1"},"canonical":"https:\/\/tirinha.com\/vi\/945\/leganes_-le-hoi-san-nicasio-da-thanh-cong-ruc-ro-voi-cho-thoi-trung-co\/","og_locale":"vi_VN","og_type":"article","og_title":"LEGAN\u00c9S_ As Fiestas de San Nicasio triunfaram com o Mercado Medieval - Tirinha.com","og_description":"LEGAN\u00c9S\/8 OUT 13\/CULTURA_ O bairro de San Nicasio recebeu milhares de pessoas no \u00faltimo fim de semana para comemorar suas &hellip;","og_url":"https:\/\/tirinha.com\/vi\/945\/leganes_-le-hoi-san-nicasio-da-thanh-cong-ruc-ro-voi-cho-thoi-trung-co\/","og_site_name":"Tirinha.com","article_published_time":"2023-04-03T21:00:15+00:00","og_image":[{"url":"https:\/\/i0.wp.com\/noticiasparamunicipios.com\/wp-content\/uploads\/2021\/06\/Logo-para-Yoast-1.png?fit=800,298&ssl=1","type":"","width":"","height":""}],"author":"admin","twitter_card":"summary_large_image","twitter_image":"https:\/\/i0.wp.com\/noticiasparamunicipios.com\/wp-content\/uploads\/2021\/06\/Logo-para-Yoast-1.png?fit=800,298&ssl=1","twitter_misc":{"\u0110\u01b0\u1ee3c vi\u1ebft b\u1edfi":"admin","\u01af\u1edbc t\u00ednh th\u1eddi gian \u0111\u1ecdc":"1 ph\u00fat"},"schema":{"@context":"https:\/\/schema.org","@graph":[{"@type":"Article","@id":"https:\/\/tirinha.com\/945\/leganes_-as-fiestas-de-san-nicasio-triunfaram-com-o-mercado-medieval\/#article","isPartOf":{"@id":"https:\/\/tirinha.com\/945\/leganes_-as-fiestas-de-san-nicasio-triunfaram-com-o-mercado-medieval\/"},"author":{"name":"admin","@id":"https:\/\/tirinha.com\/#\/schema\/person\/e22bdfbe17e0461f7e927e6a1208d4d9"},"headline":"LEGAN\u00c9S_ As Fiestas de San Nicasio triunfaram com o Mercado Medieval","datePublished":"2023-04-03T21:00:15+00:00","mainEntityOfPage":{"@id":"https:\/\/tirinha.com\/945\/leganes_-as-fiestas-de-san-nicasio-triunfaram-com-o-mercado-medieval\/"},"wordCount":171,"commentCount":0,"publisher":{"@id":"https:\/\/tirinha.com\/#organization"},"image":{"@id":"https:\/\/tirinha.com\/945\/leganes_-as-fiestas-de-san-nicasio-triunfaram-com-o-mercado-medieval\/#primaryimage"},"thumbnailUrl":"https:\/\/i0.wp.com\/noticiasparamunicipios.com\/wp-content\/uploads\/2021\/06\/Logo-para-Yoast-1.png?fit=800,298&ssl=1","articleSection":["Cultura e lazer"],"inLanguage":"vi","potentialAction":[{"@type":"CommentAction","name":"Comment","target":["https:\/\/tirinha.com\/945\/leganes_-as-fiestas-de-san-nicasio-triunfaram-com-o-mercado-medieval\/#respond"]}]},{"@type":"WebPage","@id":"https:\/\/tirinha.com\/945\/leganes_-as-fiestas-de-san-nicasio-triunfaram-com-o-mercado-medieval\/","url":"https:\/\/tirinha.com\/945\/leganes_-as-fiestas-de-san-nicasio-triunfaram-com-o-mercado-medieval\/","name":"LEGAN\u00c9S_ L\u1ec5 h\u1ed9i San Nicasio \u0111\u00e3 th\u00e0nh c\u00f4ng r\u1ef1c r\u1ee1 v\u1edbi Ch\u1ee3 Trung c\u1ed5 - Tirinha.com","isPartOf":{"@id":"https:\/\/tirinha.com\/#website"},"primaryImageOfPage":{"@id":"https:\/\/tirinha.com\/945\/leganes_-as-fiestas-de-san-nicasio-triunfaram-com-o-mercado-medieval\/#primaryimage"},"image":{"@id":"https:\/\/tirinha.com\/945\/leganes_-as-fiestas-de-san-nicasio-triunfaram-com-o-mercado-medieval\/#primaryimage"},"thumbnailUrl":"https:\/\/i0.wp.com\/noticiasparamunicipios.com\/wp-content\/uploads\/2021\/06\/Logo-para-Yoast-1.png?fit=800,298&ssl=1","datePublished":"2023-04-03T21:00:15+00:00","breadcrumb":{"@id":"https:\/\/tirinha.com\/945\/leganes_-as-fiestas-de-san-nicasio-triunfaram-com-o-mercado-medieval\/#breadcrumb"},"inLanguage":"vi","potentialAction":[{"@type":"ReadAction","target":["https:\/\/tirinha.com\/945\/leganes_-as-fiestas-de-san-nicasio-triunfaram-com-o-mercado-medieval\/"]}]},{"@type":"ImageObject","inLanguage":"vi","@id":"https:\/\/tirinha.com\/945\/leganes_-as-fiestas-de-san-nicasio-triunfaram-com-o-mercado-medieval\/#primaryimage","url":"https:\/\/i0.wp.com\/noticiasparamunicipios.com\/wp-content\/uploads\/2021\/06\/Logo-para-Yoast-1.png?fit=800,298&ssl=1","contentUrl":"https:\/\/i0.wp.com\/noticiasparamunicipios.com\/wp-content\/uploads\/2021\/06\/Logo-para-Yoast-1.png?fit=800,298&ssl=1"},{"@type":"BreadcrumbList","@id":"https:\/\/tirinha.com\/945\/leganes_-as-fiestas-de-san-nicasio-triunfaram-com-o-mercado-medieval\/#breadcrumb","itemListElement":[{"@type":"ListItem","position":1,"name":"Home","item":"https:\/\/tirinha.com\/"},{"@type":"ListItem","position":2,"name":"LEGAN\u00c9S_ As Fiestas de San Nicasio triunfaram com o Mercado Medieval"}]},{"@type":"WebSite","@id":"https:\/\/tirinha.com\/#website","url":"https:\/\/tirinha.com\/","name":"Truy\u1ec7n tranh.com","description":"\u0110\u00e1nh gi\u00e1 ngh\u1ec7 thu\u1eadt v\u00e0 s\u00e1ch","publisher":{"@id":"https:\/\/tirinha.com\/#organization"},"potentialAction":[{"@type":"SearchAction","target":{"@type":"EntryPoint","urlTemplate":"https:\/\/tirinha.com\/?s={search_term_string}"},"query-input":{"@type":"PropertyValueSpecification","valueRequired":true,"valueName":"search_term_string"}}],"inLanguage":"vi"},{"@type":"Organization","@id":"https:\/\/tirinha.com\/#organization","name":"Truy\u1ec7n tranh.com","url":"https:\/\/tirinha.com\/","logo":{"@type":"ImageObject","inLanguage":"vi","@id":"https:\/\/tirinha.com\/#\/schema\/logo\/image\/","url":"https:\/\/tirinha.com\/wp-content\/uploads\/2023\/08\/cropped-Logo-Tirinha.webp","contentUrl":"https:\/\/tirinha.com\/wp-content\/uploads\/2023\/08\/cropped-Logo-Tirinha.webp","width":512,"height":512,"caption":"Tirinha.com"},"image":{"@id":"https:\/\/tirinha.com\/#\/schema\/logo\/image\/"}},{"@type":"Person","@id":"https:\/\/tirinha.com\/#\/schema\/person\/e22bdfbe17e0461f7e927e6a1208d4d9","name":"qu\u1ea3n tr\u1ecb vi\u00ean","image":{"@type":"ImageObject","inLanguage":"vi","@id":"https:\/\/tirinha.com\/wp-content\/litespeed\/avatar\/d0068f7931cc87d7274eb0c3db1deb4b.jpg?ver=1776829466","url":"https:\/\/tirinha.com\/wp-content\/litespeed\/avatar\/d0068f7931cc87d7274eb0c3db1deb4b.jpg?ver=1776829466","contentUrl":"https:\/\/tirinha.com\/wp-content\/litespeed\/avatar\/d0068f7931cc87d7274eb0c3db1deb4b.jpg?ver=1776829466","caption":"admin"},"sameAs":["https:\/\/tirinha.com"],"url":"https:\/\/tirinha.com\/vi\/author\/admin\/"}]}},"_links":{"self":[{"href":"https:\/\/tirinha.com\/vi\/wp-json\/wp\/v2\/posts\/945","targetHints":{"allow":["GET"]}}],"collection":[{"href":"https:\/\/tirinha.com\/vi\/wp-json\/wp\/v2\/posts"}],"about":[{"href":"https:\/\/tirinha.com\/vi\/wp-json\/wp\/v2\/types\/post"}],"author":[{"embeddable":true,"href":"https:\/\/tirinha.com\/vi\/wp-json\/wp\/v2\/users\/1"}],"replies":[{"embeddable":true,"href":"https:\/\/tirinha.com\/vi\/wp-json\/wp\/v2\/comments?post=945"}],"version-history":[{"count":0,"href":"https:\/\/tirinha.com\/vi\/wp-json\/wp\/v2\/posts\/945\/revisions"}],"wp:featuredmedia":[{"embeddable":true,"href":"https:\/\/tirinha.com\/vi\/wp-json\/wp\/v2\/media\/946"}],"wp:attachment":[{"href":"https:\/\/tirinha.com\/vi\/wp-json\/wp\/v2\/media?parent=945"}],"wp:term":[{"taxonomy":"category","embeddable":true,"href":"https:\/\/tirinha.com\/vi\/wp-json\/wp\/v2\/categories?post=945"},{"taxonomy":"post_tag","embeddable":true,"href":"https:\/\/tirinha.com\/vi\/wp-json\/wp\/v2\/tags?post=945"}],"curies":[{"name":"wp","href":"https:\/\/api.w.org\/{rel}","templated":true}]}}