{"id":910,"date":"2023-04-03T14:31:05","date_gmt":"2023-04-03T14:31:05","guid":{"rendered":"https:\/\/tirinha.com\/arganda-del-rey-850-000-euros-vao-ser-investidos-para-reforcar-a-imagem-do-primavera-sound\/"},"modified":"2023-04-03T14:31:05","modified_gmt":"2023-04-03T14:31:05","slug":"arganda-del-rey-850-000-euros-vao-ser-investidos-para-reforcar-a-imagem-do-primavera-sound","status":"publish","type":"post","link":"https:\/\/tirinha.com\/vi\/910\/arganda-del-rey-850-000-euros-vao-ser-investidos-para-reforcar-a-imagem-do-primavera-sound\/","title":{"rendered":"ARGANDA DEL REY\/ 850.000 euro s\u1ebd \u0111\u01b0\u1ee3c \u0111\u1ea7u t\u01b0 \u0111\u1ec3 c\u1ee7ng c\u1ed1 h\u00ecnh \u1ea3nh c\u1ee7a Primavera Sound"},"content":{"rendered":"<p><\/p>\n<div>\n<p>Phi\u00ean b\u1ea3n ti\u1ebfp theo c\u1ee7a l\u1ec5 h\u1ed9i Primavera Sound, di\u1ec5n ra v\u00e0o th\u00e1ng 6 t\u1ea1i City of Rock \u1edf Arganda del Rey, s\u1ebd c\u00f3 s\u1ef1 g\u00f3p m\u1eb7t c\u1ee7a <strong>kho\u1ea3n \u0111\u1ea7u t\u01b0 khu v\u1ef1c tr\u1ecb gi\u00e1 850 ngh\u00ecn euro nh\u1eb1m t\u0103ng c\u01b0\u1eddng h\u00ecnh \u1ea3nh v\u00e0 s\u1ee9c h\u1ea5p d\u1eabn du l\u1ecbch c\u1ee7a c\u00e1c th\u1ecb tr\u01b0\u1eddng qu\u1ed1c t\u1ebf c\u00f3 li\u00ean quan trong khu v\u1ef1c.<\/strong><\/p>\n<p>\u0110i\u1ec1u n\u00e0y \u0111\u00e3 \u0111\u01b0\u1ee3c C\u1ed9ng \u0111\u1ed3ng Madrid \u0111\u01b0a ra trong m\u1ed9t tuy\u00ean b\u1ed1, trong \u0111\u00f3 nh\u1eafc l\u1ea1i r\u1eb1ng <strong>Phi\u00ean b\u1ea3n ti\u1ebfp theo c\u1ee7a Primavera Sound s\u1ebd l\u00e0 phi\u00ean b\u1ea3n \u0111\u1ea7u ti\u00ean c\u00f3 s\u1ef1 tham gia c\u1ee7a hai \u0111\u1ecba \u0111i\u1ec3m t\u1ea1i T\u00e2y Ban Nha: Barcelona, \u200b\u200bn\u01a1i di\u1ec5n ra s\u1ef1 ki\u1ec7n t\u1eeb n\u0103m 2001, v\u00e0 C\u1ed9ng \u0111\u1ed3ng Madrid, n\u01a1i \u0111\u0103ng cai m\u1edbi.<\/strong><\/p>\n<aside class=\"scaip scaip-1\">\n\t\t<\/aside>\n<p><strong>C\u1ee5 th\u1ec3, t\u1eeb ng\u00e0y 5 \u0111\u1ebfn ng\u00e0y 11 th\u00e1ng 6, City of Rock, t\u1ecda l\u1ea1c t\u1ea1i th\u00e0nh ph\u1ed1 Arganda del Rey, s\u1ebd l\u00e0 s\u00e2n kh\u1ea5u ch\u00ednh c\u1ee7a s\u1ef1 ki\u1ec7n Madrid.<\/strong>c\u0169ng s\u1ebd c\u00f3 c\u00e1c ho\u1ea1t \u0111\u1ed9ng tr\u1ea3i r\u1ed9ng kh\u1eafp nhi\u1ec1u n\u01a1i kh\u00e1c nhau c\u1ee7a th\u1ee7 \u0111\u00f4.<\/p>\n<p><strong>D\u1ef1 ki\u1ebfn c\u00f3 h\u01a1n 300.000 ng\u01b0\u1eddi tham gia (85.000 ng\u01b0\u1eddi m\u1ed7i ng\u00e0y t\u1ea1i khu ph\u1ee9c h\u1ee3p Argande\u00f1o v\u00e0 60.000 ng\u01b0\u1eddi \u1edf c\u00e1c kh\u00f4ng gian c\u00f2n l\u1ea1i) v\u00e0 200.000 ng\u01b0\u1eddi ngh\u1ec9 qua \u0111\u00eam t\u1ea1i khu v\u1ef1c n\u00e0y<\/strong>, v\u1edbi chi ph\u00ed trung b\u00ecnh cho ng\u01b0\u1eddi n\u01b0\u1edbc ngo\u00e0i tham gia l\u00e0 1.200 euro trong 3 ng\u00e0y di\u1ec5n ra l\u1ec5 h\u1ed9i. 50% kh\u00e1n gi\u1ea3 c\u1ee7a l\u1ec5 h\u1ed9i l\u00e0 kh\u00e1n gi\u1ea3 qu\u1ed1c t\u1ebf, ch\u1ee7 y\u1ebfu \u0111\u1ebfn t\u1eeb V\u01b0\u01a1ng qu\u1ed1c Anh (32%) v\u00e0 Hoa K\u1ef3 (14%), v\u1edbi \u0111\u1ed9 tu\u1ed5i trung b\u00ecnh l\u00e0 29.<\/p>\n<p>H\u01a1n n\u1eefa, <strong>H\u1ecd \u0111\u1ea3m b\u1ea3o r\u1eb1ng t\u00e1c \u0111\u1ed9ng kinh t\u1ebf t\u1eeb s\u1ef1 hi\u1ec7n di\u1ec7n c\u1ee7a c\u00f4ng ch\u00fang s\u1ebd c\u00f3 t\u00e1c \u0111\u1ed9ng l\u1edbn \u0111\u1ebfn c\u00e1c ph\u01b0\u01a1ng ti\u1ec7n truy\u1ec1n th\u00f4ng c\u1ee7a C\u1ed9ng \u0111\u1ed3ng Madrid.<\/strong>v\u00ec ban t\u1ed5 ch\u1ee9c s\u1ebd \u0111\u1ea7u t\u01b0 kho\u1ea3ng 1,5 tri\u1ec7u euro v\u00e0o ph\u01b0\u01a1ng ti\u1ec7n truy\u1ec1n th\u00f4ng v\u00e0 c\u00e1c ho\u1ea1t \u0111\u1ed9ng \u0111\u1eb7c bi\u1ec7t \u0111\u1ec3 qu\u1ea3ng b\u00e1 s\u1ef1 ki\u1ec7n Madrid v\u00e0 \u0111\u1ed3ng th\u1eddi qu\u1ea3ng b\u00e1 h\u00ecnh \u1ea3nh c\u1ee7a khu v\u1ef1c, hi\u1ec7n \u0111\u00e3 nh\u1eadn \u0111\u01b0\u1ee3c h\u01a1n 4.000 y\u00eau c\u1ea7u t\u1eeb b\u00e1o ch\u00ed.<\/p>\n<aside class=\"scaip scaip-2\">\n\t\t<\/aside>\n<p>S\u1ef1 tham gia c\u1ee7a B\u1ed9 v\u00e0o s\u1ef1 ki\u1ec7n n\u00e0y ng\u1ee5 \u00fd <strong>nh\u1eefng c\u00e2n nh\u1eafc c\u1ee5 th\u1ec3 c\u00f3 l\u1ee3i cho C\u1ed9ng \u0111\u1ed3ng Madrid v\u1ec1 m\u1eb7t hi\u1ec7n di\u1ec7n th\u01b0\u01a1ng hi\u1ec7u tr\u00ean c\u1ea3 trang web c\u1ee7a l\u1ec5 h\u1ed9i,<\/strong> v\u1edbi h\u01a1n 5 tri\u1ec7u l\u01b0\u1ee3t kh\u00e1ch truy c\u1eadp duy nh\u1ea5t m\u1ed7i n\u0103m; <strong>c\u0169ng tr\u00ean m\u1ea1ng x\u00e3 h\u1ed9i c\u1ee7a b\u1ea1n, <\/strong>v\u1edbi ph\u1ea1m vi ti\u1ebfp c\u1eadn l\u00e0 355 tri\u1ec7u ng\u01b0\u1eddi trong su\u1ed1t l\u1ec5 h\u1ed9i v\u00e0 852 tri\u1ec7u l\u01b0\u1ee3t hi\u1ec3n th\u1ecb; v\u00e0 trong b\u1ea3n tin c\u1ee7a m\u00ecnh, c\u00f3 h\u01a1n 415.000 ng\u01b0\u1eddi \u0111\u0103ng k\u00fd tr\u00ean to\u00e0n th\u1ebf gi\u1edbi.<\/p>\n<p>M\u1eb7t kh\u00e1c, <strong>N\u1ed9i dung qu\u1ea3ng b\u00e1 du l\u1ecbch s\u1ebd \u0111\u01b0\u1ee3c s\u1ea3n xu\u1ea5t v\u00e0 ph\u00e2n ph\u1ed1i cho C\u1ed9ng \u0111\u1ed3ng Madrid theo nhi\u1ec1u \u0111\u1ecbnh d\u1ea1ng kh\u00e1c nhau<\/strong> v\u00e0 th\u00f4ng qua nhi\u1ec1u k\u00eanh kh\u00e1c nhau, v\u1edbi s\u1ef1 h\u1ee3p t\u00e1c v\u1edbi c\u00e1c ngh\u1ec7 s\u0129 chuy\u00ean ng\u00e0nh v\u00e0 nh\u1eefng ng\u01b0\u1eddi c\u00f3 t\u1ea7m \u1ea3nh h\u01b0\u1edfng. M\u1ed9t ch\u01b0\u01a1ng tr\u00ecnh du l\u1ecbch c\u0169ng s\u1ebd \u0111\u01b0\u1ee3c l\u1eadp ra cho tu\u1ea7n l\u1ec5 h\u1ed9i.<\/p>\n<p>H\u01a1n n\u1eefa, theo th\u1ecfa thu\u1eadn,<strong> C\u1ed9ng \u0111\u1ed3ng Madrid s\u1ebd c\u00f3 s\u00e2n kh\u1ea5u ri\u00eang cho c\u00e1c ban nh\u1ea1c \u0111\u1ecba ph\u01b0\u01a1ng t\u1ea1i khu v\u1ef1c d\u00e0nh cho ng\u01b0\u1eddi h\u00e2m m\u1ed9, \u0111\u01b0\u1ee3c l\u1eafp \u0111\u1eb7t t\u1ea1i s\u00e2n v\u1eadn \u0111\u1ed9ng b\u00f3ng \u0111\u00e1 C\u00edvitas Metropolitano.<\/strong> s\u1ebd l\u00e0 trung t\u00e2m k\u1ebft n\u1ed1i gi\u1eefa Madrid v\u00e0 Arganda del Rey, v\u00e0 m\u1ed9t kh\u00f4ng gian kh\u00e1c s\u1ebd \u0111\u01b0\u1ee3c d\u00e0nh ri\u00eang cho trung t\u00e2m n\u00e0y t\u1ea1i Th\u00e0nh ph\u1ed1 Rock.<\/p>\n<aside class=\"scaip scaip-3\">\n\t\t<\/aside>\n<figure class=\"wp-block-image size-large\"><img fetchpriority=\"high\" decoding=\"async\" width=\"780\" height=\"625\" alt=\"Th\u00e0nh ph\u1ed1 \u0111\u00e1 Arganda del Rey\" class=\"wp-image-342179 jetpack-lazy-image\" data-recalc-dims=\"1\" srcset=\"https:\/\/i0.wp.com\/noticiasparamunicipios.com\/wp-content\/uploads\/2022\/06\/ciudad-del-rock-arganda-festival-e1677001829111.jpg?resize=1024%2C820&amp;ssl=1 1024w, https:\/\/i0.wp.com\/noticiasparamunicipios.com\/wp-content\/uploads\/2022\/06\/ciudad-del-rock-arganda-festival-e1677001829111.jpg?resize=300%2C240&amp;ssl=1 300w, https:\/\/i0.wp.com\/noticiasparamunicipios.com\/wp-content\/uploads\/2022\/06\/ciudad-del-rock-arganda-festival-e1677001829111.jpg?resize=768%2C615&amp;ssl=1 768w, https:\/\/i0.wp.com\/noticiasparamunicipios.com\/wp-content\/uploads\/2022\/06\/ciudad-del-rock-arganda-festival-e1677001829111.jpg?resize=1536%2C1230&amp;ssl=1 1536w, https:\/\/i0.wp.com\/noticiasparamunicipios.com\/wp-content\/uploads\/2022\/06\/ciudad-del-rock-arganda-festival-e1677001829111.jpg?resize=1200%2C961&amp;ssl=1 1200w, https:\/\/i0.wp.com\/noticiasparamunicipios.com\/wp-content\/uploads\/2022\/06\/ciudad-del-rock-arganda-festival-e1677001829111.jpg?resize=1568%2C1255&amp;ssl=1 1568w, https:\/\/i0.wp.com\/noticiasparamunicipios.com\/wp-content\/uploads\/2022\/06\/ciudad-del-rock-arganda-festival-e1677001829111.jpg?resize=400%2C320&amp;ssl=1 400w, https:\/\/i0.wp.com\/noticiasparamunicipios.com\/wp-content\/uploads\/2022\/06\/ciudad-del-rock-arganda-festival-e1677001829111.jpg?w=1694&amp;ssl=1 1694w\" data-lazy-sizes=\"(max-width: 780px) 100vw, 780px\" src=\"https:\/\/i0.wp.com\/noticiasparamunicipios.com\/wp-content\/uploads\/2022\/06\/ciudad-del-rock-arganda-festival-e1677001829111-1024x820.jpg?resize=780%2C625&amp;is-pending-load=1#038;ssl=1\"\/><noscript><img data-lazy-fallback=\"1\" decoding=\"async\" width=\"780\" height=\"625\" src=\"https:\/\/i0.wp.com\/noticiasparamunicipios.com\/wp-content\/uploads\/2022\/06\/ciudad-del-rock-arganda-festival-e1677001829111-1024x820.jpg?resize=780%2C625&amp;ssl=1\" alt=\"Th\u00e0nh ph\u1ed1 \u0111\u00e1 Arganda del Rey\" class=\"wp-image-342179\" srcset=\"https:\/\/i0.wp.com\/noticiasparamunicipios.com\/wp-content\/uploads\/2022\/06\/ciudad-del-rock-arganda-festival-e1677001829111.jpg?resize=1024%2C820&amp;ssl=1 1024w, https:\/\/i0.wp.com\/noticiasparamunicipios.com\/wp-content\/uploads\/2022\/06\/ciudad-del-rock-arganda-festival-e1677001829111.jpg?resize=300%2C240&amp;ssl=1 300w, https:\/\/i0.wp.com\/noticiasparamunicipios.com\/wp-content\/uploads\/2022\/06\/ciudad-del-rock-arganda-festival-e1677001829111.jpg?resize=768%2C615&amp;ssl=1 768w, https:\/\/i0.wp.com\/noticiasparamunicipios.com\/wp-content\/uploads\/2022\/06\/ciudad-del-rock-arganda-festival-e1677001829111.jpg?resize=1536%2C1230&amp;ssl=1 1536w, https:\/\/i0.wp.com\/noticiasparamunicipios.com\/wp-content\/uploads\/2022\/06\/ciudad-del-rock-arganda-festival-e1677001829111.jpg?resize=1200%2C961&amp;ssl=1 1200w, https:\/\/i0.wp.com\/noticiasparamunicipios.com\/wp-content\/uploads\/2022\/06\/ciudad-del-rock-arganda-festival-e1677001829111.jpg?resize=1568%2C1255&amp;ssl=1 1568w, https:\/\/i0.wp.com\/noticiasparamunicipios.com\/wp-content\/uploads\/2022\/06\/ciudad-del-rock-arganda-festival-e1677001829111.jpg?resize=400%2C320&amp;ssl=1 400w, https:\/\/i0.wp.com\/noticiasparamunicipios.com\/wp-content\/uploads\/2022\/06\/ciudad-del-rock-arganda-festival-e1677001829111.jpg?w=1694&amp;ssl=1 1694w\" sizes=\"(max-width: 780px) 100vw, 780px\" data-recalc-dims=\"1\"\/><\/noscript><figcaption class=\"wp-element-caption\">Th\u00e0nh ph\u1ed1 \u0111\u00e1 Arganda del Rey<\/figcaption><\/figure>\n<h2 class=\"wp-block-heading\">H\u01a1n 200 b\u00e0i thuy\u1ebft tr\u00ecnh<\/h2>\n<p><strong>Th\u00e0nh ph\u1ed1 Rock, c\u00e1ch trung t\u00e2m th\u1ee7 \u0111\u00f4 kho\u1ea3ng 40 km, s\u1ebd t\u1ed5 ch\u1ee9c h\u01a1n 200 bu\u1ed5i bi\u1ec3u di\u1ec5n tr\u1ea3i d\u00e0i tr\u00ean 10 s\u00e2n kh\u1ea5u<\/strong>nh\u01b0ng ngo\u00e0i ra, h\u01a1n 10 \u0111\u1ecba \u0111i\u1ec3m bi\u1ec3u t\u01b0\u1ee3ng t\u1ea1i Madrid s\u1ebd c\u00f3 ch\u01b0\u01a1ng tr\u00ecnh th\u00f4ng qua hi\u1ec7p h\u1ed9i Madrid en Vivo, v\u00e0 C\u00edvitas Metropolitano s\u1ebd tr\u1edf th\u00e0nh khu v\u1ef1c d\u00e0nh cho ng\u01b0\u1eddi h\u00e2m m\u1ed9 v\u00e0 s\u00e2n kh\u1ea5u cho ng\u00e0y khai m\u1ea1c, n\u01a1i s\u1ebd c\u00f3 m\u1ed9t ch\u01b0\u01a1ng tr\u00ecnh bi\u1ec3u di\u1ec5n \u0111\u1eb3ng c\u1ea5p v\u00e0 ch\u01b0\u01a1ng tr\u00ecnh mi\u1ec5n ph\u00ed.<\/p>\n<p>Ch\u01b0\u01a1ng tr\u00ecnh ngh\u1ec7 thu\u1eadt bao g\u1ed3m nhi\u1ec1u th\u1ec3 lo\u1ea1i, v\u1edbi <strong>c\u00e1c ngh\u1ec7 s\u0129 nh\u01b0 Blur, Halsey, New Order, Kendrick Lamar, Depeche Mode, Rosal\u00eda v\u00e0 Calvin Harris,<\/strong> nh\u1eefng ng\u01b0\u1eddi s\u1ebd l\u00e0m vi\u1ec7c t\u1ea1i c\u1ea3 hai tr\u1ee5 s\u1edf. T\u01b0\u01a1ng t\u1ef1 nh\u01b0 v\u1eady, c\u00e1c ho\u1ea1t \u0111\u1ed9ng s\u1ebd \u0111\u01b0\u1ee3c th\u1ef1c hi\u1ec7n cho c\u00e1c \u0111\u1ea1i l\u00fd trong ng\u00e0nh c\u00f4ng nghi\u1ec7p \u00e2m nh\u1ea1c.<\/p>\n<p>H\u01a1n n\u1eefa, th\u1ecb tr\u01b0\u1edfng Arganda del Rey, Guillermo Hita (PSOE), \u0111\u00e3 tuy\u00ean b\u1ed1 c\u00e1ch \u0111\u00e2y v\u00e0i tu\u1ea7n r\u1eb1ng <strong>Argande\u00f1os s\u1ebd c\u00f3 \u201cgi\u1ea3m gi\u00e1 20%\u201d cho v\u00e9 tham d\u1ef1 bu\u1ed5i h\u00f2a nh\u1ea1c t\u1ea1i l\u1ec5 h\u1ed9i Primavera Sound ti\u1ebfp theo.<\/strong><\/p>\n<aside class=\"scaip scaip-4\">\n\t\t<\/aside>\n<p><h3 class=\"jp-relatedposts-headline\"><em>C\u00f3 li\u00ean quan<\/em><\/h3>\n<\/p><\/div>","protected":false},"excerpt":{"rendered":"<p>A pr\u00f3xima edi\u00e7\u00e3o do festival Primavera Sound, a decorrer em junho na Cidade do Rock em Arganda del Rey, contar\u00e1 &hellip; <\/p>","protected":false},"author":1,"featured_media":911,"comment_status":"open","ping_status":"open","sticky":false,"template":"","format":"standard","meta":{"fifu_image_url":"https:\/\/noticiasparamunicipios.com\/wp-content\/uploads\/2022\/06\/EuropaPress_4495395_pancarta_presidenta_comunidad_madrid_isabel_diaz_ayuso_dandose_beso-scaled.jpg","fifu_image_alt":"","footnotes":""},"categories":[35],"tags":[],"class_list":["post-910","post","type-post","status-publish","format-standard","has-post-thumbnail","hentry","category-cultura-e-lazer","latest_post"],"yoast_head":"<!-- This site is optimized with the Yoast SEO plugin v27.3 - https:\/\/yoast.com\/product\/yoast-seo-wordpress\/ -->\n<title>ARGANDA DEL REY\/ 850.000 euros v\u00e3o ser investidos para refor\u00e7ar a imagem do Primavera Sound - Tirinha.com<\/title>\n<meta name=\"robots\" content=\"index, follow, max-snippet:-1, max-image-preview:large, max-video-preview:-1\" \/>\n<link rel=\"canonical\" href=\"https:\/\/tirinha.com\/vi\/910\/arganda-del-rey-850-000-euros-vao-ser-investidos-para-reforcar-a-imagem-do-primavera-sound\/\" \/>\n<meta property=\"og:locale\" content=\"vi_VN\" \/>\n<meta property=\"og:type\" content=\"article\" \/>\n<meta property=\"og:title\" content=\"ARGANDA DEL REY\/ 850.000 euros v\u00e3o ser investidos para refor\u00e7ar a imagem do Primavera Sound - Tirinha.com\" \/>\n<meta property=\"og:description\" content=\"A pr\u00f3xima edi\u00e7\u00e3o do festival Primavera Sound, a decorrer em junho na Cidade do Rock em Arganda del Rey, contar\u00e1 &hellip;\" \/>\n<meta property=\"og:url\" content=\"https:\/\/tirinha.com\/vi\/910\/arganda-del-rey-850-000-euros-vao-ser-investidos-para-reforcar-a-imagem-do-primavera-sound\/\" \/>\n<meta property=\"og:site_name\" content=\"Tirinha.com\" \/>\n<meta property=\"article:published_time\" content=\"2023-04-03T14:31:05+00:00\" \/>\n<meta property=\"og:image\" content=\"https:\/\/noticiasparamunicipios.com\/wp-content\/uploads\/2022\/06\/EuropaPress_4495395_pancarta_presidenta_comunidad_madrid_isabel_diaz_ayuso_dandose_beso-scaled.jpg\" \/>\n<meta name=\"author\" content=\"admin\" \/>\n<meta name=\"twitter:card\" content=\"summary_large_image\" \/>\n<meta name=\"twitter:image\" content=\"https:\/\/noticiasparamunicipios.com\/wp-content\/uploads\/2022\/06\/EuropaPress_4495395_pancarta_presidenta_comunidad_madrid_isabel_diaz_ayuso_dandose_beso-scaled.jpg\" \/>\n<meta name=\"twitter:label1\" content=\"\u0110\u01b0\u1ee3c vi\u1ebft b\u1edfi\" \/>\n\t<meta name=\"twitter:data1\" content=\"admin\" \/>\n\t<meta name=\"twitter:label2\" content=\"\u01af\u1edbc t\u00ednh th\u1eddi gian \u0111\u1ecdc\" \/>\n\t<meta name=\"twitter:data2\" content=\"3 ph\u00fat\" \/>\n<script type=\"application\/ld+json\" class=\"yoast-schema-graph\">{\"@context\":\"https:\\\/\\\/schema.org\",\"@graph\":[{\"@type\":\"Article\",\"@id\":\"https:\\\/\\\/tirinha.com\\\/910\\\/arganda-del-rey-850-000-euros-vao-ser-investidos-para-reforcar-a-imagem-do-primavera-sound\\\/#article\",\"isPartOf\":{\"@id\":\"https:\\\/\\\/tirinha.com\\\/910\\\/arganda-del-rey-850-000-euros-vao-ser-investidos-para-reforcar-a-imagem-do-primavera-sound\\\/\"},\"author\":{\"name\":\"admin\",\"@id\":\"https:\\\/\\\/tirinha.com\\\/#\\\/schema\\\/person\\\/e22bdfbe17e0461f7e927e6a1208d4d9\"},\"headline\":\"ARGANDA DEL REY\\\/ 850.000 euros v\u00e3o ser investidos para refor\u00e7ar a imagem do Primavera Sound\",\"datePublished\":\"2023-04-03T14:31:05+00:00\",\"mainEntityOfPage\":{\"@id\":\"https:\\\/\\\/tirinha.com\\\/910\\\/arganda-del-rey-850-000-euros-vao-ser-investidos-para-reforcar-a-imagem-do-primavera-sound\\\/\"},\"wordCount\":627,\"commentCount\":0,\"publisher\":{\"@id\":\"https:\\\/\\\/tirinha.com\\\/#organization\"},\"image\":{\"@id\":\"https:\\\/\\\/tirinha.com\\\/910\\\/arganda-del-rey-850-000-euros-vao-ser-investidos-para-reforcar-a-imagem-do-primavera-sound\\\/#primaryimage\"},\"thumbnailUrl\":\"https:\\\/\\\/noticiasparamunicipios.com\\\/wp-content\\\/uploads\\\/2022\\\/06\\\/EuropaPress_4495395_pancarta_presidenta_comunidad_madrid_isabel_diaz_ayuso_dandose_beso-scaled.jpg\",\"articleSection\":[\"Cultura e lazer\"],\"inLanguage\":\"vi\",\"potentialAction\":[{\"@type\":\"CommentAction\",\"name\":\"Comment\",\"target\":[\"https:\\\/\\\/tirinha.com\\\/910\\\/arganda-del-rey-850-000-euros-vao-ser-investidos-para-reforcar-a-imagem-do-primavera-sound\\\/#respond\"]}]},{\"@type\":\"WebPage\",\"@id\":\"https:\\\/\\\/tirinha.com\\\/910\\\/arganda-del-rey-850-000-euros-vao-ser-investidos-para-reforcar-a-imagem-do-primavera-sound\\\/\",\"url\":\"https:\\\/\\\/tirinha.com\\\/910\\\/arganda-del-rey-850-000-euros-vao-ser-investidos-para-reforcar-a-imagem-do-primavera-sound\\\/\",\"name\":\"ARGANDA DEL REY\\\/ 850.000 euros v\u00e3o ser investidos para refor\u00e7ar a imagem do Primavera Sound - Tirinha.com\",\"isPartOf\":{\"@id\":\"https:\\\/\\\/tirinha.com\\\/#website\"},\"primaryImageOfPage\":{\"@id\":\"https:\\\/\\\/tirinha.com\\\/910\\\/arganda-del-rey-850-000-euros-vao-ser-investidos-para-reforcar-a-imagem-do-primavera-sound\\\/#primaryimage\"},\"image\":{\"@id\":\"https:\\\/\\\/tirinha.com\\\/910\\\/arganda-del-rey-850-000-euros-vao-ser-investidos-para-reforcar-a-imagem-do-primavera-sound\\\/#primaryimage\"},\"thumbnailUrl\":\"https:\\\/\\\/noticiasparamunicipios.com\\\/wp-content\\\/uploads\\\/2022\\\/06\\\/EuropaPress_4495395_pancarta_presidenta_comunidad_madrid_isabel_diaz_ayuso_dandose_beso-scaled.jpg\",\"datePublished\":\"2023-04-03T14:31:05+00:00\",\"breadcrumb\":{\"@id\":\"https:\\\/\\\/tirinha.com\\\/910\\\/arganda-del-rey-850-000-euros-vao-ser-investidos-para-reforcar-a-imagem-do-primavera-sound\\\/#breadcrumb\"},\"inLanguage\":\"vi\",\"potentialAction\":[{\"@type\":\"ReadAction\",\"target\":[\"https:\\\/\\\/tirinha.com\\\/910\\\/arganda-del-rey-850-000-euros-vao-ser-investidos-para-reforcar-a-imagem-do-primavera-sound\\\/\"]}]},{\"@type\":\"ImageObject\",\"inLanguage\":\"vi\",\"@id\":\"https:\\\/\\\/tirinha.com\\\/910\\\/arganda-del-rey-850-000-euros-vao-ser-investidos-para-reforcar-a-imagem-do-primavera-sound\\\/#primaryimage\",\"url\":\"https:\\\/\\\/noticiasparamunicipios.com\\\/wp-content\\\/uploads\\\/2022\\\/06\\\/EuropaPress_4495395_pancarta_presidenta_comunidad_madrid_isabel_diaz_ayuso_dandose_beso-scaled.jpg\",\"contentUrl\":\"https:\\\/\\\/noticiasparamunicipios.com\\\/wp-content\\\/uploads\\\/2022\\\/06\\\/EuropaPress_4495395_pancarta_presidenta_comunidad_madrid_isabel_diaz_ayuso_dandose_beso-scaled.jpg\"},{\"@type\":\"BreadcrumbList\",\"@id\":\"https:\\\/\\\/tirinha.com\\\/910\\\/arganda-del-rey-850-000-euros-vao-ser-investidos-para-reforcar-a-imagem-do-primavera-sound\\\/#breadcrumb\",\"itemListElement\":[{\"@type\":\"ListItem\",\"position\":1,\"name\":\"Home\",\"item\":\"https:\\\/\\\/tirinha.com\\\/\"},{\"@type\":\"ListItem\",\"position\":2,\"name\":\"ARGANDA DEL REY\\\/ 850.000 euros v\u00e3o ser investidos para refor\u00e7ar a imagem do Primavera Sound\"}]},{\"@type\":\"WebSite\",\"@id\":\"https:\\\/\\\/tirinha.com\\\/#website\",\"url\":\"https:\\\/\\\/tirinha.com\\\/\",\"name\":\"Tirinha.com\",\"description\":\"Arte e livros resenhas\",\"publisher\":{\"@id\":\"https:\\\/\\\/tirinha.com\\\/#organization\"},\"potentialAction\":[{\"@type\":\"SearchAction\",\"target\":{\"@type\":\"EntryPoint\",\"urlTemplate\":\"https:\\\/\\\/tirinha.com\\\/?s={search_term_string}\"},\"query-input\":{\"@type\":\"PropertyValueSpecification\",\"valueRequired\":true,\"valueName\":\"search_term_string\"}}],\"inLanguage\":\"vi\"},{\"@type\":\"Organization\",\"@id\":\"https:\\\/\\\/tirinha.com\\\/#organization\",\"name\":\"Tirinha.com\",\"url\":\"https:\\\/\\\/tirinha.com\\\/\",\"logo\":{\"@type\":\"ImageObject\",\"inLanguage\":\"vi\",\"@id\":\"https:\\\/\\\/tirinha.com\\\/#\\\/schema\\\/logo\\\/image\\\/\",\"url\":\"https:\\\/\\\/tirinha.com\\\/wp-content\\\/uploads\\\/2023\\\/08\\\/cropped-Logo-Tirinha.webp\",\"contentUrl\":\"https:\\\/\\\/tirinha.com\\\/wp-content\\\/uploads\\\/2023\\\/08\\\/cropped-Logo-Tirinha.webp\",\"width\":512,\"height\":512,\"caption\":\"Tirinha.com\"},\"image\":{\"@id\":\"https:\\\/\\\/tirinha.com\\\/#\\\/schema\\\/logo\\\/image\\\/\"}},{\"@type\":\"Person\",\"@id\":\"https:\\\/\\\/tirinha.com\\\/#\\\/schema\\\/person\\\/e22bdfbe17e0461f7e927e6a1208d4d9\",\"name\":\"admin\",\"image\":{\"@type\":\"ImageObject\",\"inLanguage\":\"vi\",\"@id\":\"https:\\\/\\\/tirinha.com\\\/wp-content\\\/litespeed\\\/avatar\\\/d0068f7931cc87d7274eb0c3db1deb4b.jpg?ver=1776829466\",\"url\":\"https:\\\/\\\/tirinha.com\\\/wp-content\\\/litespeed\\\/avatar\\\/d0068f7931cc87d7274eb0c3db1deb4b.jpg?ver=1776829466\",\"contentUrl\":\"https:\\\/\\\/tirinha.com\\\/wp-content\\\/litespeed\\\/avatar\\\/d0068f7931cc87d7274eb0c3db1deb4b.jpg?ver=1776829466\",\"caption\":\"admin\"},\"sameAs\":[\"https:\\\/\\\/tirinha.com\"],\"url\":\"https:\\\/\\\/tirinha.com\\\/vi\\\/author\\\/admin\\\/\"}]}<\/script>\n<!-- \/ Yoast SEO plugin. -->","yoast_head_json":{"title":"ARGANDA DEL REY\/ 850.000 euros v\u00e3o ser investidos para refor\u00e7ar a imagem do Primavera Sound - Tirinha.com","robots":{"index":"index","follow":"follow","max-snippet":"max-snippet:-1","max-image-preview":"max-image-preview:large","max-video-preview":"max-video-preview:-1"},"canonical":"https:\/\/tirinha.com\/vi\/910\/arganda-del-rey-850-000-euros-vao-ser-investidos-para-reforcar-a-imagem-do-primavera-sound\/","og_locale":"vi_VN","og_type":"article","og_title":"ARGANDA DEL REY\/ 850.000 euros v\u00e3o ser investidos para refor\u00e7ar a imagem do Primavera Sound - Tirinha.com","og_description":"A pr\u00f3xima edi\u00e7\u00e3o do festival Primavera Sound, a decorrer em junho na Cidade do Rock em Arganda del Rey, contar\u00e1 &hellip;","og_url":"https:\/\/tirinha.com\/vi\/910\/arganda-del-rey-850-000-euros-vao-ser-investidos-para-reforcar-a-imagem-do-primavera-sound\/","og_site_name":"Tirinha.com","article_published_time":"2023-04-03T14:31:05+00:00","og_image":[{"url":"https:\/\/noticiasparamunicipios.com\/wp-content\/uploads\/2022\/06\/EuropaPress_4495395_pancarta_presidenta_comunidad_madrid_isabel_diaz_ayuso_dandose_beso-scaled.jpg","type":"","width":"","height":""}],"author":"admin","twitter_card":"summary_large_image","twitter_image":"https:\/\/noticiasparamunicipios.com\/wp-content\/uploads\/2022\/06\/EuropaPress_4495395_pancarta_presidenta_comunidad_madrid_isabel_diaz_ayuso_dandose_beso-scaled.jpg","twitter_misc":{"\u0110\u01b0\u1ee3c vi\u1ebft b\u1edfi":"admin","\u01af\u1edbc t\u00ednh th\u1eddi gian \u0111\u1ecdc":"3 ph\u00fat"},"schema":{"@context":"https:\/\/schema.org","@graph":[{"@type":"Article","@id":"https:\/\/tirinha.com\/910\/arganda-del-rey-850-000-euros-vao-ser-investidos-para-reforcar-a-imagem-do-primavera-sound\/#article","isPartOf":{"@id":"https:\/\/tirinha.com\/910\/arganda-del-rey-850-000-euros-vao-ser-investidos-para-reforcar-a-imagem-do-primavera-sound\/"},"author":{"name":"admin","@id":"https:\/\/tirinha.com\/#\/schema\/person\/e22bdfbe17e0461f7e927e6a1208d4d9"},"headline":"ARGANDA DEL REY\/ 850.000 euros v\u00e3o ser investidos para refor\u00e7ar a imagem do Primavera Sound","datePublished":"2023-04-03T14:31:05+00:00","mainEntityOfPage":{"@id":"https:\/\/tirinha.com\/910\/arganda-del-rey-850-000-euros-vao-ser-investidos-para-reforcar-a-imagem-do-primavera-sound\/"},"wordCount":627,"commentCount":0,"publisher":{"@id":"https:\/\/tirinha.com\/#organization"},"image":{"@id":"https:\/\/tirinha.com\/910\/arganda-del-rey-850-000-euros-vao-ser-investidos-para-reforcar-a-imagem-do-primavera-sound\/#primaryimage"},"thumbnailUrl":"https:\/\/noticiasparamunicipios.com\/wp-content\/uploads\/2022\/06\/EuropaPress_4495395_pancarta_presidenta_comunidad_madrid_isabel_diaz_ayuso_dandose_beso-scaled.jpg","articleSection":["Cultura e lazer"],"inLanguage":"vi","potentialAction":[{"@type":"CommentAction","name":"Comment","target":["https:\/\/tirinha.com\/910\/arganda-del-rey-850-000-euros-vao-ser-investidos-para-reforcar-a-imagem-do-primavera-sound\/#respond"]}]},{"@type":"WebPage","@id":"https:\/\/tirinha.com\/910\/arganda-del-rey-850-000-euros-vao-ser-investidos-para-reforcar-a-imagem-do-primavera-sound\/","url":"https:\/\/tirinha.com\/910\/arganda-del-rey-850-000-euros-vao-ser-investidos-para-reforcar-a-imagem-do-primavera-sound\/","name":"ARGANDA DEL REY\/ 850.000 euros v\u00e3o ser investidos para refor\u00e7ar a imagem do Primavera Sound - Tirinha.com","isPartOf":{"@id":"https:\/\/tirinha.com\/#website"},"primaryImageOfPage":{"@id":"https:\/\/tirinha.com\/910\/arganda-del-rey-850-000-euros-vao-ser-investidos-para-reforcar-a-imagem-do-primavera-sound\/#primaryimage"},"image":{"@id":"https:\/\/tirinha.com\/910\/arganda-del-rey-850-000-euros-vao-ser-investidos-para-reforcar-a-imagem-do-primavera-sound\/#primaryimage"},"thumbnailUrl":"https:\/\/noticiasparamunicipios.com\/wp-content\/uploads\/2022\/06\/EuropaPress_4495395_pancarta_presidenta_comunidad_madrid_isabel_diaz_ayuso_dandose_beso-scaled.jpg","datePublished":"2023-04-03T14:31:05+00:00","breadcrumb":{"@id":"https:\/\/tirinha.com\/910\/arganda-del-rey-850-000-euros-vao-ser-investidos-para-reforcar-a-imagem-do-primavera-sound\/#breadcrumb"},"inLanguage":"vi","potentialAction":[{"@type":"ReadAction","target":["https:\/\/tirinha.com\/910\/arganda-del-rey-850-000-euros-vao-ser-investidos-para-reforcar-a-imagem-do-primavera-sound\/"]}]},{"@type":"ImageObject","inLanguage":"vi","@id":"https:\/\/tirinha.com\/910\/arganda-del-rey-850-000-euros-vao-ser-investidos-para-reforcar-a-imagem-do-primavera-sound\/#primaryimage","url":"https:\/\/noticiasparamunicipios.com\/wp-content\/uploads\/2022\/06\/EuropaPress_4495395_pancarta_presidenta_comunidad_madrid_isabel_diaz_ayuso_dandose_beso-scaled.jpg","contentUrl":"https:\/\/noticiasparamunicipios.com\/wp-content\/uploads\/2022\/06\/EuropaPress_4495395_pancarta_presidenta_comunidad_madrid_isabel_diaz_ayuso_dandose_beso-scaled.jpg"},{"@type":"BreadcrumbList","@id":"https:\/\/tirinha.com\/910\/arganda-del-rey-850-000-euros-vao-ser-investidos-para-reforcar-a-imagem-do-primavera-sound\/#breadcrumb","itemListElement":[{"@type":"ListItem","position":1,"name":"Home","item":"https:\/\/tirinha.com\/"},{"@type":"ListItem","position":2,"name":"ARGANDA DEL REY\/ 850.000 euros v\u00e3o ser investidos para refor\u00e7ar a imagem do Primavera Sound"}]},{"@type":"WebSite","@id":"https:\/\/tirinha.com\/#website","url":"https:\/\/tirinha.com\/","name":"Truy\u1ec7n tranh.com","description":"\u0110\u00e1nh gi\u00e1 ngh\u1ec7 thu\u1eadt v\u00e0 s\u00e1ch","publisher":{"@id":"https:\/\/tirinha.com\/#organization"},"potentialAction":[{"@type":"SearchAction","target":{"@type":"EntryPoint","urlTemplate":"https:\/\/tirinha.com\/?s={search_term_string}"},"query-input":{"@type":"PropertyValueSpecification","valueRequired":true,"valueName":"search_term_string"}}],"inLanguage":"vi"},{"@type":"Organization","@id":"https:\/\/tirinha.com\/#organization","name":"Truy\u1ec7n tranh.com","url":"https:\/\/tirinha.com\/","logo":{"@type":"ImageObject","inLanguage":"vi","@id":"https:\/\/tirinha.com\/#\/schema\/logo\/image\/","url":"https:\/\/tirinha.com\/wp-content\/uploads\/2023\/08\/cropped-Logo-Tirinha.webp","contentUrl":"https:\/\/tirinha.com\/wp-content\/uploads\/2023\/08\/cropped-Logo-Tirinha.webp","width":512,"height":512,"caption":"Tirinha.com"},"image":{"@id":"https:\/\/tirinha.com\/#\/schema\/logo\/image\/"}},{"@type":"Person","@id":"https:\/\/tirinha.com\/#\/schema\/person\/e22bdfbe17e0461f7e927e6a1208d4d9","name":"qu\u1ea3n tr\u1ecb vi\u00ean","image":{"@type":"ImageObject","inLanguage":"vi","@id":"https:\/\/tirinha.com\/wp-content\/litespeed\/avatar\/d0068f7931cc87d7274eb0c3db1deb4b.jpg?ver=1776829466","url":"https:\/\/tirinha.com\/wp-content\/litespeed\/avatar\/d0068f7931cc87d7274eb0c3db1deb4b.jpg?ver=1776829466","contentUrl":"https:\/\/tirinha.com\/wp-content\/litespeed\/avatar\/d0068f7931cc87d7274eb0c3db1deb4b.jpg?ver=1776829466","caption":"admin"},"sameAs":["https:\/\/tirinha.com"],"url":"https:\/\/tirinha.com\/vi\/author\/admin\/"}]}},"_links":{"self":[{"href":"https:\/\/tirinha.com\/vi\/wp-json\/wp\/v2\/posts\/910","targetHints":{"allow":["GET"]}}],"collection":[{"href":"https:\/\/tirinha.com\/vi\/wp-json\/wp\/v2\/posts"}],"about":[{"href":"https:\/\/tirinha.com\/vi\/wp-json\/wp\/v2\/types\/post"}],"author":[{"embeddable":true,"href":"https:\/\/tirinha.com\/vi\/wp-json\/wp\/v2\/users\/1"}],"replies":[{"embeddable":true,"href":"https:\/\/tirinha.com\/vi\/wp-json\/wp\/v2\/comments?post=910"}],"version-history":[{"count":0,"href":"https:\/\/tirinha.com\/vi\/wp-json\/wp\/v2\/posts\/910\/revisions"}],"wp:featuredmedia":[{"embeddable":true,"href":"https:\/\/tirinha.com\/vi\/wp-json\/wp\/v2\/media\/911"}],"wp:attachment":[{"href":"https:\/\/tirinha.com\/vi\/wp-json\/wp\/v2\/media?parent=910"}],"wp:term":[{"taxonomy":"category","embeddable":true,"href":"https:\/\/tirinha.com\/vi\/wp-json\/wp\/v2\/categories?post=910"},{"taxonomy":"post_tag","embeddable":true,"href":"https:\/\/tirinha.com\/vi\/wp-json\/wp\/v2\/tags?post=910"}],"curies":[{"name":"wp","href":"https:\/\/api.w.org\/{rel}","templated":true}]}}