{"id":1059,"date":"2023-04-05T10:35:05","date_gmt":"2023-04-05T10:35:05","guid":{"rendered":"https:\/\/tirinha.com\/mickey-e-minnie-comemoram-seu-90o-aniversario\/"},"modified":"2023-04-05T10:35:05","modified_gmt":"2023-04-05T10:35:05","slug":"mickey-va-minnie-ky-niem-90-nam-ngay-cuoi","status":"publish","type":"post","link":"https:\/\/tirinha.com\/vi\/1059\/mickey-e-minnie-comemoram-seu-90o-aniversario\/","title":{"rendered":"Mickey v\u00e0 Minnie k\u1ef7 ni\u1ec7m 90 n\u0103m ng\u00e0y c\u01b0\u1edbi"},"content":{"rendered":"<p><\/p>\n<div>\n<h3>M\u1eb7c d\u00f9 \u0111\u00e3 ch\u00edn m\u01b0\u01a1i tu\u1ed5i, b\u1ed9 \u0111\u00f4i g\u1eb7m nh\u1ea5m n\u00e0y v\u1eabn gi\u1eef \u0111\u01b0\u1ee3c v\u00f3c d\u00e1ng tuy\u1ec7t v\u1eddi, tr\u1edf th\u00e0nh bi\u1ec3u t\u01b0\u1ee3ng \u0111\u01b0\u1ee3c c\u1ea3 tr\u1ebb em v\u00e0 ng\u01b0\u1eddi l\u1edbn y\u00eau th\u00edch<\/h3>\n<p style=\"text-align:left;\">Cu\u1ed1i tu\u1ea7n tr\u01b0\u1edbc, ch\u00fa chu\u1ed9t n\u1ed5i ti\u1ebfng nh\u1ea5t c\u1ee7a Disney, chu\u1ed9t Mickey, c\u00f9ng ng\u01b0\u1eddi b\u1ea1n \u0111\u1ed3ng h\u00e0nh kh\u00f4ng th\u1ec3 t\u00e1ch r\u1eddi, chu\u1ed9t Minnie, \u0111\u00e3 b\u01b0\u1edbc sang tu\u1ed5i 90 v\u00e0 \u0111\u1ebf ch\u1ebf Disney \u0111\u00e3 t\u1ed5 ch\u1ee9c l\u1ec5 k\u1ef7 ni\u1ec7m theo m\u1ed9t c\u00e1ch \u0111\u1ea7y phong c\u00e1ch.<\/p>\n<p><img fetchpriority=\"high\" data-attachment-id=\"928\" data-permalink=\"https:\/\/elgeneracionalpost.com\/cultura\/2018\/1120\/927\/mickey-y-minnie-celebran-su-90-aniversario.html\/attachment\/mickey-minnie-railroad-header\" data-orig-file=\"https:\/\/i0.wp.com\/elgeneracionalpost.com\/wp-content\/uploads\/2018\/11\/mickey-minnie-railroad-header.jpg?fit=970%2C545&amp;ssl=1\" data-orig-size=\"970,545\" data-comments-opened=\"1\" data-image-meta=\"{&quot;aperture&quot;:&quot;0&quot;,&quot;credit&quot;:&quot;&quot;,&quot;camera&quot;:&quot;&quot;,&quot;caption&quot;:&quot;&quot;,&quot;created_timestamp&quot;:&quot;0&quot;,&quot;copyright&quot;:&quot;&quot;,&quot;focal_length&quot;:&quot;0&quot;,&quot;iso&quot;:&quot;0&quot;,&quot;shutter_speed&quot;:&quot;0&quot;,&quot;title&quot;:&quot;&quot;,&quot;orientation&quot;:&quot;0&quot;}\" data-image-title=\"mickey-minnie-railroad-header\" data-image-description=\"\" data-image-caption=\"\" data-medium-file=\"https:\/\/i0.wp.com\/elgeneracionalpost.com\/wp-content\/uploads\/2018\/11\/mickey-minnie-railroad-header.jpg?fit=300%2C169&amp;ssl=1\" data-large-file=\"https:\/\/i0.wp.com\/elgeneracionalpost.com\/wp-content\/uploads\/2018\/11\/mickey-minnie-railroad-header.jpg?fit=696%2C391&amp;ssl=1\" decoding=\"async\" class=\"alignnone size-full wp-image-928 jetpack-lazy-image\" src=\"https:\/\/i0.wp.com\/elgeneracionalpost.com\/wp-content\/uploads\/2018\/11\/mickey-minnie-railroad-header.jpg?resize=696%2C391&amp;ssl=1\" alt=\"\u0110\u1ea7u m\u00e1y xe l\u1eeda Mickey-Minnie\" width=\"696\" height=\"391\" data-recalc-dims=\"1\" data-lazy-src=\"https:\/\/i0.wp.com\/elgeneracionalpost.com\/wp-content\/uploads\/2018\/11\/mickey-minnie-railroad-header.jpg?resize=696%2C391&amp;is-pending-load=1#038;ssl=1\" srcset=\"data:image\/gif;base64,R0lGODlhAQABAIAAAAAAAP\/\/\/yH5BAEAAAAALAAAAAABAAEAAAIBRAA7\"\/><noscript><img data-lazy-fallback=\"1\" data-attachment-id=\"928\" data-permalink=\"https:\/\/elgeneracionalpost.com\/cultura\/2018\/1120\/927\/mickey-y-minnie-celebran-su-90-aniversario.html\/attachment\/mickey-minnie-railroad-header\" data-orig-file=\"https:\/\/i0.wp.com\/elgeneracionalpost.com\/wp-content\/uploads\/2018\/11\/mickey-minnie-railroad-header.jpg?fit=970%2C545&amp;ssl=1\" data-orig-size=\"970,545\" data-comments-opened=\"1\" data-image-meta=\"{&quot;aperture&quot;:&quot;0&quot;,&quot;credit&quot;:&quot;&quot;,&quot;camera&quot;:&quot;&quot;,&quot;caption&quot;:&quot;&quot;,&quot;created_timestamp&quot;:&quot;0&quot;,&quot;copyright&quot;:&quot;&quot;,&quot;focal_length&quot;:&quot;0&quot;,&quot;iso&quot;:&quot;0&quot;,&quot;shutter_speed&quot;:&quot;0&quot;,&quot;title&quot;:&quot;&quot;,&quot;orientation&quot;:&quot;0&quot;}\" data-image-title=\"mickey-minnie-railroad-header\" data-image-description=\"\" data-image-caption=\"\" data-medium-file=\"https:\/\/i0.wp.com\/elgeneracionalpost.com\/wp-content\/uploads\/2018\/11\/mickey-minnie-railroad-header.jpg?fit=300%2C169&amp;ssl=1\" data-large-file=\"https:\/\/i0.wp.com\/elgeneracionalpost.com\/wp-content\/uploads\/2018\/11\/mickey-minnie-railroad-header.jpg?fit=696%2C391&amp;ssl=1\" decoding=\"async\" class=\"alignnone size-full wp-image-928\" src=\"https:\/\/i0.wp.com\/elgeneracionalpost.com\/wp-content\/uploads\/2018\/11\/mickey-minnie-railroad-header.jpg?resize=696%2C391&amp;ssl=1\" alt=\"\u0110\u1ea7u m\u00e1y xe l\u1eeda Mickey-Minnie\" width=\"696\" height=\"391\" data-recalc-dims=\"1\"\/><\/noscript><\/p>\n<h5 style=\"text-align:right;\">nhi\u1ebfp \u1ea3nh disney<\/h5>\n<p>C\u1ea3 hai lo\u00e0i g\u1eb7m nh\u1ea5m \u0111\u1ea7u ti\u00ean xu\u1ea5t hi\u1ec7n trong th\u1eddi gian ng\u1eafn <em>m\u00e1y bay \u0111i\u00ean<\/em> v\u00e0o ng\u00e0y 15 th\u00e1ng 5 n\u0103m 1928, nh\u01b0ng \u0111\u00e3 \u0111\u1ea1t \u0111\u01b0\u1ee3c th\u00e0nh c\u00f4ng v\u00e0o ng\u00e0y 18 th\u00e1ng 11 n\u0103m 1928 v\u1edbi <em>T\u00e0u h\u01a1i n\u01b0\u1edbc Willie <\/em>t\u1ea1i Nh\u00e0 h\u00e1t Colony \u1edf Th\u00e0nh ph\u1ed1 New York, tr\u1edf th\u00e0nh b\u1ed9 phim ho\u1ea1t h\u00ecnh \u0111en tr\u1eafng \u0111\u1ea7u ti\u00ean c\u00f3 nh\u1ea1c n\u1ec1n \u0111\u1ed3ng b\u1ed9.<\/p>\n<p>Nh\u00e2n v\u1eadt k\u1ef3 l\u1ea1 v\u1edbi \u0111\u00f4i tai to v\u00e0 v\u1ebb ngo\u00e0i l\u00f4i cu\u1ed1n n\u00e0y xu\u1ea5t hi\u1ec7n v\u00ec Walt Disney bu\u1ed9c ph\u1ea3i t\u00ecm ng\u01b0\u1eddi k\u1ebf nhi\u1ec7m cho ng\u00f4i sao Oswald the Lucky Rabbit, v\u00ec m\u1ed9t nh\u00e0 ph\u00e2n ph\u1ed1i \u0111\u00e3 l\u1ea5y m\u1ea5t b\u1ea3n quy\u1ec1n. Ai c\u00f3 th\u1ec3 ng\u1edd r\u1eb1ng s\u1ef1 th\u1ea5t b\u1ea1i n\u00e0y s\u1ebd t\u1ea1o n\u00ean m\u1ed9t trong nh\u1eefng nh\u00e2n v\u1eadt mang t\u00ednh bi\u1ec3u t\u01b0\u1ee3ng nh\u1ea5t trong n\u1ec1n \u0111i\u1ec7n \u1ea3nh thi\u1ebfu nhi?<\/p>\n<p>L\u00fac \u0111\u1ea7u, Disney quy\u1ebft \u0111\u1ecbnh \u0111\u1eb7t t\u00ean nh\u00e2n v\u1eadt m\u1edbi c\u1ee7a m\u00ecnh l\u00e0 Mortimer, nh\u01b0ng v\u1ee3 \u00f4ng l\u00e0 Lilian l\u1ea1i \u0111\u1ec1 ngh\u1ecb \u00f4ng \u0111\u1ed5i t\u00ean th\u00e0nh Mickey Mouse, v\u00e0 \u0111\u00e2y ch\u1eafc ch\u1eafn l\u00e0 m\u1ed9t l\u1ef1a ch\u1ecdn tuy\u1ec7t v\u1eddi. M\u1eb7c d\u00f9 t\u00ean g\u1ecdi c\u1ee7a n\u00f3 kh\u00e1 ph\u1ed5 bi\u1ebfn, nh\u01b0ng c\u00f3 nh\u1eefng qu\u1ed1c gia m\u00e0 n\u00f3 kh\u00f4ng \u0111\u01b0\u1ee3c bi\u1ebft \u0111\u1ebfn nh\u01b0 v\u1eady, v\u00ed d\u1ee5, \u1edf \u00dd n\u00f3 \u0111\u01b0\u1ee3c g\u1ecdi l\u00e0 Topolino, \u1edf Th\u1ee5y \u0110i\u1ec3n l\u00e0 Musse Pigg v\u00e0 \u1edf Trung Qu\u1ed1c l\u00e0 Mi Lau Shu. Nh\u1eefng b\u1ea3n ph\u00e1c th\u1ea3o \u0111\u1ea7u ti\u00ean \u0111\u1ebfn t\u1eeb h\u1ecda s\u0129 truy\u1ec7n tranh Ubbe Iwerks, ng\u01b0\u1eddi \u0111\u00e3 n\u1eafm b\u1eaft \u0111\u01b0\u1ee3c \u00fd t\u01b0\u1edfng c\u1ee7a Disney.<\/p>\n<p>Trong su\u1ed1t 90 n\u0103m, ngo\u1ea1i h\u00ecnh c\u1ee7a \u00f4ng \u0111\u00e3 c\u00f3 nhi\u1ec1u thay \u0111\u1ed5i \u0111\u1ec3 ph\u00f9 h\u1ee3p v\u1edbi t\u1eebng th\u1eddi \u0111\u1ea1i. N\u0103m 1929, Mickey \u0111eo \u0111\u00f4i g\u0103ng tay n\u1ed5i ti\u1ebfng c\u1ee7a m\u00ecnh, v\u00e0 v\u00e0i n\u0103m sau, l\u00f4ng m\u00e0y v\u00e0 con ng\u01b0\u01a1i \u0111\u01b0\u1ee3c th\u00eam v\u00e0o m\u1eaft, mang l\u1ea1i cho ch\u00fa v\u1ebb ngo\u00e0i hi\u1ec7n \u0111\u1ea1i h\u01a1n.<\/p>\n<p><img data-attachment-id=\"934\" data-permalink=\"https:\/\/elgeneracionalpost.com\/cultura\/2018\/1120\/927\/mickey-y-minnie-celebran-su-90-aniversario.html\/attachment\/_20181120_2120531\" data-orig-file=\"https:\/\/i0.wp.com\/elgeneracionalpost.com\/wp-content\/uploads\/2018\/11\/20181120_2120531.jpg?fit=720%2C1015&amp;ssl=1\" data-orig-size=\"720,1015\" data-comments-opened=\"1\" data-image-meta=\"{&quot;aperture&quot;:&quot;0&quot;,&quot;credit&quot;:&quot;&quot;,&quot;camera&quot;:&quot;&quot;,&quot;caption&quot;:&quot;&quot;,&quot;created_timestamp&quot;:&quot;0&quot;,&quot;copyright&quot;:&quot;&quot;,&quot;focal_length&quot;:&quot;0&quot;,&quot;iso&quot;:&quot;0&quot;,&quot;shutter_speed&quot;:&quot;0&quot;,&quot;title&quot;:&quot;&quot;,&quot;orientation&quot;:&quot;0&quot;}\" data-image-title=\"_20181120_212053(1)\" data-image-description=\"\" data-image-caption=\"\" data-medium-file=\"https:\/\/i0.wp.com\/elgeneracionalpost.com\/wp-content\/uploads\/2018\/11\/20181120_2120531.jpg?fit=213%2C300&amp;ssl=1\" data-large-file=\"https:\/\/i0.wp.com\/elgeneracionalpost.com\/wp-content\/uploads\/2018\/11\/20181120_2120531.jpg?fit=696%2C981&amp;ssl=1\" decoding=\"async\" class=\"alignnone size-full wp-image-934 jetpack-lazy-image\" src=\"https:\/\/i0.wp.com\/elgeneracionalpost.com\/wp-content\/uploads\/2018\/11\/20181120_2120531.jpg?resize=696%2C981&amp;ssl=1\" alt=\"_20181120_212053(1)\" width=\"696\" height=\"981\" data-recalc-dims=\"1\" data-lazy-src=\"https:\/\/i0.wp.com\/elgeneracionalpost.com\/wp-content\/uploads\/2018\/11\/20181120_2120531.jpg?resize=696%2C981&amp;is-pending-load=1#038;ssl=1\" srcset=\"data:image\/gif;base64,R0lGODlhAQABAIAAAAAAAP\/\/\/yH5BAEAAAAALAAAAAABAAEAAAIBRAA7\"\/><noscript><img loading=\"lazy\" data-lazy-fallback=\"1\" data-attachment-id=\"934\" data-permalink=\"https:\/\/elgeneracionalpost.com\/cultura\/2018\/1120\/927\/mickey-y-minnie-celebran-su-90-aniversario.html\/attachment\/_20181120_2120531\" data-orig-file=\"https:\/\/i0.wp.com\/elgeneracionalpost.com\/wp-content\/uploads\/2018\/11\/20181120_2120531.jpg?fit=720%2C1015&amp;ssl=1\" data-orig-size=\"720,1015\" data-comments-opened=\"1\" data-image-meta=\"{&quot;aperture&quot;:&quot;0&quot;,&quot;credit&quot;:&quot;&quot;,&quot;camera&quot;:&quot;&quot;,&quot;caption&quot;:&quot;&quot;,&quot;created_timestamp&quot;:&quot;0&quot;,&quot;copyright&quot;:&quot;&quot;,&quot;focal_length&quot;:&quot;0&quot;,&quot;iso&quot;:&quot;0&quot;,&quot;shutter_speed&quot;:&quot;0&quot;,&quot;title&quot;:&quot;&quot;,&quot;orientation&quot;:&quot;0&quot;}\" data-image-title=\"_20181120_212053(1)\" data-image-description=\"\" data-image-caption=\"\" data-medium-file=\"https:\/\/i0.wp.com\/elgeneracionalpost.com\/wp-content\/uploads\/2018\/11\/20181120_2120531.jpg?fit=213%2C300&amp;ssl=1\" data-large-file=\"https:\/\/i0.wp.com\/elgeneracionalpost.com\/wp-content\/uploads\/2018\/11\/20181120_2120531.jpg?fit=696%2C981&amp;ssl=1\" decoding=\"async\" class=\"alignnone size-full wp-image-934\" src=\"https:\/\/i0.wp.com\/elgeneracionalpost.com\/wp-content\/uploads\/2018\/11\/20181120_2120531.jpg?resize=696%2C981&amp;ssl=1\" alt=\"_20181120_212053(1)\" width=\"696\" height=\"981\" data-recalc-dims=\"1\"\/><\/noscript><\/p>\n<h5 style=\"text-align:right;\">S\u1ef1 ph\u00e1t tri\u1ec3n c\u1ee7a thi\u1ebft k\u1ebf Mickey trong su\u1ed1t 90 n\u0103m qua. Nhi\u1ebfp \u1ea3nh tr\u00ean to\u00e0n th\u1ebf gi\u1edbi.<\/h5>\n<p>N\u0103m 1929 v\u1edbi b\u1ed9 phim ng\u1eafn <em>C\u1eadu b\u00e9 l\u1ec5 h\u1ed9i,<\/em> Mickey l\u00ean ti\u1ebfng l\u1ea7n \u0111\u1ea7u ti\u00ean. \u0110i\u1ec1u th\u00fa v\u1ecb l\u00e0 trong su\u1ed1t ch\u00edn th\u1eadp k\u1ef7 n\u00e0y ch\u1ec9 c\u00f3 n\u0103m ng\u01b0\u1eddi l\u1ed3ng ti\u1ebfng cho \u00f4ng: Walt Disney l\u1ed3ng ti\u1ebfng cho \u0111\u1ebfn n\u0103m 1947, thay th\u1ebf l\u00e0 Jimmy MacDonald b\u1ecb Wayne Allwine gi\u00e1ng ch\u1ee9c v\u00e0o n\u0103m 1977 v\u00e0 t\u00ednh \u0111\u1ebfn n\u0103m 2009, Bret Iwan v\u00e0 Chris Diamantopoulos l\u00e0 nh\u1eefng di\u1ec5n vi\u00ean l\u1ed3ng ti\u1ebfng n\u1ed5i ti\u1ebfng nh\u1ea5t. \u1ede T\u00e2y Ban Nha, ngh\u1ec7 s\u0129 l\u1ed3ng ti\u1ebfng hi\u1ec7n t\u1ea1i l\u00e0 Jos\u00e9 Padilla.<\/p>\n<p>H\u1ecd \u0111\u1ebfn T\u00e2y Ban Nha v\u00e0o n\u0103m 1934 trong c\u00e1c b\u1ee9c bi\u1ebfm h\u1ecda h\u00e0ng ng\u00e0y c\u1ee7a t\u1edd Vanguarda, v\u1edbi nh\u1eefng c\u00e1i t\u00ean kh\u00e1c nhau: Miguel\u00edn v\u00e0 Mimi, nh\u1eefng ng\u01b0\u1eddi \u0111\u00e3 th\u00e0nh c\u00f4ng kh\u00f4ng th\u1ec3 ch\u1ed1i c\u00e3i v\u00e0 th\u1eadm ch\u00ed h\u1ecd c\u00f2n c\u00f3 t\u1ea1p ch\u00ed ri\u00eang.<\/p>\n<p>V\u00e0i n\u0103m sau, v\u00e0o n\u0103m 1935, n\u00f3 \u0111\u00e3 ra r\u1ea1p <em>Bu\u1ed5i h\u00f2a nh\u1ea1c c\u1ee7a ban nh\u1ea1c<\/em>, phim ng\u1eafn m\u00e0u \u0111\u1ea7u ti\u00ean c\u1ee7a \u00f4ng. Sau \u0111\u00f3, v\u00e0o n\u0103m 1940, \u00f4ng \u0111\u00e3 \u0111\u1ec3 l\u1ea1i d\u1ea5u \u1ea5n c\u1ee7a m\u00ecnh v\u1edbi ph\u1ea7n ti\u1ebfp theo The Sorcerer&#039;s Apprentice, trong b\u1ed9 phim <em>Sang tr\u1ecdng<\/em>. L\u1ea7n cu\u1ed1i c\u00f9ng Mickey tr\u1edf l\u1ea1i m\u00e0n \u1ea3nh r\u1ed9ng l\u00e0 v\u00e0o n\u0103m 2013 v\u1edbi b\u1ed9 phim ng\u1eafn <em>c\u00f3 \u0111\u01b0\u1ee3c m\u1ed9t con ng\u1ef1a<\/em>.<\/p>\n<p>Ngo\u00e0i ra, anh l\u00e0 nh\u00e2n v\u1eadt ho\u1ea1t h\u00ecnh \u0111\u1ea7u ti\u00ean c\u00f3 m\u1ed9t ng\u00f4i sao tr\u00ean \u0110\u1ea1i l\u1ed9 Danh v\u1ecdng Hollywood, v\u00e0o k\u1ef7 ni\u1ec7m 50 n\u0103m ng\u00e0y m\u1ea5t c\u1ee7a anh, ng\u00e0y 18 th\u00e1ng 11 n\u0103m 1978. Tuy nhi\u00ean, m\u1eb7c d\u00f9 anh lu\u00f4n ra m\u1eaft c\u00f9ng b\u1ea1n g\u00e1i Minnie, nh\u01b0ng Minnie \u0111\u00e3 nh\u1eadn \u0111\u01b0\u1ee3c ng\u00f4i sao c\u1ee7a m\u00ecnh v\u00e0o \u0111\u1ea7u n\u0103m nay.<\/p>\n<p>Nh\u00e2n d\u1ecbp l\u1ec5 k\u1ef7 ni\u1ec7m n\u00e0y, c\u00f4ng ty mu\u1ed1n tri \u00e2n c\u1eb7p chu\u1ed9t k\u1ef3 l\u1ea1 n\u00e0y b\u1eb1ng m\u1ed9t ch\u01b0\u01a1ng tr\u00ecnh \u0111\u1eb7c bi\u1ec7t k\u00e9o d\u00e0i 90 ng\u00e0y, v\u1edbi nhi\u1ec1u ho\u1ea1t \u0111\u1ed9ng d\u00e0nh cho tr\u1ebb em v\u00e0 ng\u01b0\u1eddi l\u1edbn t\u1ea1i c\u00e1c c\u00f4ng vi\u00ean ch\u1ee7 \u0111\u1ec1 Disneyland Park v\u00e0 Disneyland Paris.<\/p>\n<p>Ngo\u00e0i ra, h\u00e0ng tr\u0103m th\u01b0\u01a1ng hi\u1ec7u mu\u1ed1n vinh danh h\u1ecd, m\u1ed9t s\u1ed1 trong \u0111\u00f3 c\u00f3 Bershka, m\u1ed9t c\u00f4ng ty tr\u1ebb \u0111\u1ebfn t\u1eeb Inditex, hay c\u00f4ng ty d\u1ec7t may T\u00e2y Ban Nha El Ganso \u0111\u00e3 cho ra m\u1eaft b\u1ed9 s\u01b0u t\u1eadp qu\u1ea7n \u00e1o l\u1ea5y c\u1ea3m h\u1ee9ng t\u1eeb h\u1ecd. Pandora c\u0169ng tham gia b\u1eefa ti\u1ec7c, m\u1eb7c d\u00f9 \u0111\u00e3 h\u1ee3p t\u00e1c v\u1edbi Disney t\u1eeb n\u0103m 2014, v\u00e0 \u0111\u1ec3 k\u1ef7 ni\u1ec7m ng\u00e0y th\u00e0nh l\u1eadp, h\u00e3ng \u0111\u00e3 b\u00e1n m\u1ed9t m\u1eb7t d\u00e2y chuy\u1ec1n Mickey b\u1eb1ng b\u1ea1c v\u00e0 m\u1ed9t m\u1eb7t d\u00e2y chuy\u1ec1n v\u00e0ng 90. Tuy nhi\u00ean, c\u00e1c ngh\u1ec7 s\u0129 v\u00e0 nh\u00e0 thi\u1ebft k\u1ebf nh\u01b0 Dolce &amp; Gabbana v\u00e0 Andy Warhol \u0111\u00e3 t\u1ea1o ra nhi\u1ec1u s\u00e1ng t\u1ea1o v\u1edbi c\u00f4ng ty n\u00e0y.<\/p>\n<p>T\u00f3m l\u1ea1i, nh\u1eefng nh\u00e2n v\u1eadt l\u00f4i cu\u1ed1n n\u00e0y, m\u1eb7c d\u00f9 l\u00e0 c\u1eb7p \u0111\u00f4i ho\u1ea1t h\u00ecnh t\u1ed3n t\u1ea1i l\u00e2u nh\u1ea5t tr\u00ean th\u1ebf gi\u1edbi, v\u1eabn ti\u1ebfp t\u1ee5c l\u00e0 bi\u1ec3u t\u01b0\u1ee3ng \u0111\u01b0\u1ee3c c\u1ea3 tr\u1ebb em v\u00e0 ng\u01b0\u1eddi l\u1edbn y\u00eau th\u00edch v\u00e0 nh\u01b0 Walt Disney \u0111\u00e3 n\u00f3i: \u201cT\u00f4i hy v\u1ecdng ch\u00fang ta kh\u00f4ng bao gi\u1edd qu\u00ean m\u1ed9t \u0111i\u1ec1u: t\u1ea5t c\u1ea3 b\u1eaft \u0111\u1ea7u t\u1eeb m\u1ed9t ch\u00fa chu\u1ed9t.<\/p>\n<div class=\"sharedaddy sd-block sd-like jetpack-likes-widget-wrapper jetpack-likes-widget-unloaded\" id=\"like-post-wrapper-153844979-927-642d4ed8ded6b\" data-src=\"https:\/\/widgets.wp.com\/likes\/#blog_id=153844979&amp;post_id=927&amp;origin=elgeneracionalpost.com&amp;obj_id=153844979-927-642d4ed8ded6b\" data-name=\"like-post-frame-153844979-927-642d4ed8ded6b\" data-title=\"Me gusta o Compartir\">\n<h3 class=\"sd-title\">T\u00f4i th\u00edch \u0111i\u1ec1u n\u00e0y:<\/h3>\n<p><span class=\"button\"><span>T\u00f4i th\u00edch<\/span><\/span> <span class=\"loading\">\u0110ang t\u1ea3i\u2026<\/span><\/p>\n<p><span class=\"sd-text-color\"\/><\/div>\n<p><h3 class=\"jp-relatedposts-headline\"><em>C\u00f3 li\u00ean quan<\/em><\/h3>\n<\/p>\n<\/div>","protected":false},"excerpt":{"rendered":"<p>M\u1eb7c d\u00f9 \u0111\u00e3 ch\u00edn m\u01b0\u01a1i tu\u1ed5i, b\u1ed9 \u0111\u00f4i g\u1eb7m nh\u1ea5m n\u00e0y v\u1eabn gi\u1eef \u0111\u01b0\u1ee3c phong \u0111\u1ed9 \u0111\u1ec9nh cao, tr\u1edf th\u00e0nh bi\u1ec3u t\u01b0\u1ee3ng \u0111\u01b0\u1ee3c c\u1ea3 tr\u1ebb em v\u00e0 ng\u01b0\u1eddi l\u1edbn y\u00eau th\u00edch\u2026 <\/p>","protected":false},"author":1,"featured_media":1060,"comment_status":"open","ping_status":"open","sticky":false,"template":"","format":"standard","meta":{"fifu_image_url":"https:\/\/i2.wp.com\/elgeneracionalpost.com\/wp-content\/uploads\/2018\/11\/mickey-minnie-railroad-header.jpg?fit=970,545&ssl=1","fifu_image_alt":"","footnotes":""},"categories":[35],"tags":[],"class_list":["post-1059","post","type-post","status-publish","format-standard","has-post-thumbnail","hentry","category-cultura-e-lazer","latest_post"],"yoast_head":"<!-- This site is optimized with the Yoast SEO plugin v27.3 - https:\/\/yoast.com\/product\/yoast-seo-wordpress\/ -->\n<title>Mickey e Minnie comemoram seu 90\u00ba anivers\u00e1rio - Tirinha.com<\/title>\n<meta name=\"robots\" content=\"index, follow, max-snippet:-1, max-image-preview:large, max-video-preview:-1\" \/>\n<link rel=\"canonical\" href=\"https:\/\/tirinha.com\/vi\/1059\/mickey-va-minnie-ky-niem-90-nam-ngay-cuoi\/\" \/>\n<meta property=\"og:locale\" content=\"vi_VN\" \/>\n<meta property=\"og:type\" content=\"article\" \/>\n<meta property=\"og:title\" content=\"Mickey e Minnie comemoram seu 90\u00ba anivers\u00e1rio - Tirinha.com\" \/>\n<meta property=\"og:description\" content=\"Apesar dos noventa anos, a dupla de roedores segue em plena forma, tornando-se um \u00edcone amado por crian\u00e7as e adultos &hellip;\" \/>\n<meta property=\"og:url\" content=\"https:\/\/tirinha.com\/vi\/1059\/mickey-va-minnie-ky-niem-90-nam-ngay-cuoi\/\" \/>\n<meta property=\"og:site_name\" content=\"Tirinha.com\" \/>\n<meta property=\"article:published_time\" content=\"2023-04-05T10:35:05+00:00\" \/>\n<meta property=\"og:image\" content=\"https:\/\/i2.wp.com\/elgeneracionalpost.com\/wp-content\/uploads\/2018\/11\/mickey-minnie-railroad-header.jpg?fit=970,545&ssl=1\" \/>\n<meta name=\"author\" content=\"admin\" \/>\n<meta name=\"twitter:card\" content=\"summary_large_image\" \/>\n<meta name=\"twitter:image\" content=\"https:\/\/i2.wp.com\/elgeneracionalpost.com\/wp-content\/uploads\/2018\/11\/mickey-minnie-railroad-header.jpg?fit=970,545&ssl=1\" \/>\n<meta name=\"twitter:label1\" content=\"\u0110\u01b0\u1ee3c vi\u1ebft b\u1edfi\" \/>\n\t<meta name=\"twitter:data1\" content=\"admin\" \/>\n\t<meta name=\"twitter:label2\" content=\"\u01af\u1edbc t\u00ednh th\u1eddi gian \u0111\u1ecdc\" \/>\n\t<meta name=\"twitter:data2\" content=\"3 ph\u00fat\" \/>\n<script type=\"application\/ld+json\" class=\"yoast-schema-graph\">{\"@context\":\"https:\\\/\\\/schema.org\",\"@graph\":[{\"@type\":\"Article\",\"@id\":\"https:\\\/\\\/tirinha.com\\\/1059\\\/mickey-e-minnie-comemoram-seu-90o-aniversario\\\/#article\",\"isPartOf\":{\"@id\":\"https:\\\/\\\/tirinha.com\\\/1059\\\/mickey-e-minnie-comemoram-seu-90o-aniversario\\\/\"},\"author\":{\"name\":\"admin\",\"@id\":\"https:\\\/\\\/tirinha.com\\\/#\\\/schema\\\/person\\\/e22bdfbe17e0461f7e927e6a1208d4d9\"},\"headline\":\"Mickey e Minnie comemoram seu 90\u00ba anivers\u00e1rio\",\"datePublished\":\"2023-04-05T10:35:05+00:00\",\"mainEntityOfPage\":{\"@id\":\"https:\\\/\\\/tirinha.com\\\/1059\\\/mickey-e-minnie-comemoram-seu-90o-aniversario\\\/\"},\"wordCount\":683,\"commentCount\":0,\"publisher\":{\"@id\":\"https:\\\/\\\/tirinha.com\\\/#organization\"},\"image\":{\"@id\":\"https:\\\/\\\/tirinha.com\\\/1059\\\/mickey-e-minnie-comemoram-seu-90o-aniversario\\\/#primaryimage\"},\"thumbnailUrl\":\"https:\\\/\\\/i2.wp.com\\\/elgeneracionalpost.com\\\/wp-content\\\/uploads\\\/2018\\\/11\\\/mickey-minnie-railroad-header.jpg?fit=970,545&ssl=1\",\"articleSection\":[\"Cultura e lazer\"],\"inLanguage\":\"vi\",\"potentialAction\":[{\"@type\":\"CommentAction\",\"name\":\"Comment\",\"target\":[\"https:\\\/\\\/tirinha.com\\\/1059\\\/mickey-e-minnie-comemoram-seu-90o-aniversario\\\/#respond\"]}]},{\"@type\":\"WebPage\",\"@id\":\"https:\\\/\\\/tirinha.com\\\/1059\\\/mickey-e-minnie-comemoram-seu-90o-aniversario\\\/\",\"url\":\"https:\\\/\\\/tirinha.com\\\/1059\\\/mickey-e-minnie-comemoram-seu-90o-aniversario\\\/\",\"name\":\"Mickey e Minnie comemoram seu 90\u00ba anivers\u00e1rio - Tirinha.com\",\"isPartOf\":{\"@id\":\"https:\\\/\\\/tirinha.com\\\/#website\"},\"primaryImageOfPage\":{\"@id\":\"https:\\\/\\\/tirinha.com\\\/1059\\\/mickey-e-minnie-comemoram-seu-90o-aniversario\\\/#primaryimage\"},\"image\":{\"@id\":\"https:\\\/\\\/tirinha.com\\\/1059\\\/mickey-e-minnie-comemoram-seu-90o-aniversario\\\/#primaryimage\"},\"thumbnailUrl\":\"https:\\\/\\\/i2.wp.com\\\/elgeneracionalpost.com\\\/wp-content\\\/uploads\\\/2018\\\/11\\\/mickey-minnie-railroad-header.jpg?fit=970,545&ssl=1\",\"datePublished\":\"2023-04-05T10:35:05+00:00\",\"breadcrumb\":{\"@id\":\"https:\\\/\\\/tirinha.com\\\/1059\\\/mickey-e-minnie-comemoram-seu-90o-aniversario\\\/#breadcrumb\"},\"inLanguage\":\"vi\",\"potentialAction\":[{\"@type\":\"ReadAction\",\"target\":[\"https:\\\/\\\/tirinha.com\\\/1059\\\/mickey-e-minnie-comemoram-seu-90o-aniversario\\\/\"]}]},{\"@type\":\"ImageObject\",\"inLanguage\":\"vi\",\"@id\":\"https:\\\/\\\/tirinha.com\\\/1059\\\/mickey-e-minnie-comemoram-seu-90o-aniversario\\\/#primaryimage\",\"url\":\"https:\\\/\\\/i2.wp.com\\\/elgeneracionalpost.com\\\/wp-content\\\/uploads\\\/2018\\\/11\\\/mickey-minnie-railroad-header.jpg?fit=970,545&ssl=1\",\"contentUrl\":\"https:\\\/\\\/i2.wp.com\\\/elgeneracionalpost.com\\\/wp-content\\\/uploads\\\/2018\\\/11\\\/mickey-minnie-railroad-header.jpg?fit=970,545&ssl=1\"},{\"@type\":\"BreadcrumbList\",\"@id\":\"https:\\\/\\\/tirinha.com\\\/1059\\\/mickey-e-minnie-comemoram-seu-90o-aniversario\\\/#breadcrumb\",\"itemListElement\":[{\"@type\":\"ListItem\",\"position\":1,\"name\":\"Home\",\"item\":\"https:\\\/\\\/tirinha.com\\\/\"},{\"@type\":\"ListItem\",\"position\":2,\"name\":\"Mickey e Minnie comemoram seu 90\u00ba anivers\u00e1rio\"}]},{\"@type\":\"WebSite\",\"@id\":\"https:\\\/\\\/tirinha.com\\\/#website\",\"url\":\"https:\\\/\\\/tirinha.com\\\/\",\"name\":\"Tirinha.com\",\"description\":\"Arte e livros resenhas\",\"publisher\":{\"@id\":\"https:\\\/\\\/tirinha.com\\\/#organization\"},\"potentialAction\":[{\"@type\":\"SearchAction\",\"target\":{\"@type\":\"EntryPoint\",\"urlTemplate\":\"https:\\\/\\\/tirinha.com\\\/?s={search_term_string}\"},\"query-input\":{\"@type\":\"PropertyValueSpecification\",\"valueRequired\":true,\"valueName\":\"search_term_string\"}}],\"inLanguage\":\"vi\"},{\"@type\":\"Organization\",\"@id\":\"https:\\\/\\\/tirinha.com\\\/#organization\",\"name\":\"Tirinha.com\",\"url\":\"https:\\\/\\\/tirinha.com\\\/\",\"logo\":{\"@type\":\"ImageObject\",\"inLanguage\":\"vi\",\"@id\":\"https:\\\/\\\/tirinha.com\\\/#\\\/schema\\\/logo\\\/image\\\/\",\"url\":\"https:\\\/\\\/tirinha.com\\\/wp-content\\\/uploads\\\/2023\\\/08\\\/cropped-Logo-Tirinha.webp\",\"contentUrl\":\"https:\\\/\\\/tirinha.com\\\/wp-content\\\/uploads\\\/2023\\\/08\\\/cropped-Logo-Tirinha.webp\",\"width\":512,\"height\":512,\"caption\":\"Tirinha.com\"},\"image\":{\"@id\":\"https:\\\/\\\/tirinha.com\\\/#\\\/schema\\\/logo\\\/image\\\/\"}},{\"@type\":\"Person\",\"@id\":\"https:\\\/\\\/tirinha.com\\\/#\\\/schema\\\/person\\\/e22bdfbe17e0461f7e927e6a1208d4d9\",\"name\":\"admin\",\"image\":{\"@type\":\"ImageObject\",\"inLanguage\":\"vi\",\"@id\":\"https:\\\/\\\/tirinha.com\\\/wp-content\\\/litespeed\\\/avatar\\\/d0068f7931cc87d7274eb0c3db1deb4b.jpg?ver=1777434315\",\"url\":\"https:\\\/\\\/tirinha.com\\\/wp-content\\\/litespeed\\\/avatar\\\/d0068f7931cc87d7274eb0c3db1deb4b.jpg?ver=1777434315\",\"contentUrl\":\"https:\\\/\\\/tirinha.com\\\/wp-content\\\/litespeed\\\/avatar\\\/d0068f7931cc87d7274eb0c3db1deb4b.jpg?ver=1777434315\",\"caption\":\"admin\"},\"sameAs\":[\"https:\\\/\\\/tirinha.com\"],\"url\":\"https:\\\/\\\/tirinha.com\\\/vi\\\/author\\\/admin\\\/\"}]}<\/script>\n<!-- \/ Yoast SEO plugin. -->","yoast_head_json":{"title":"Mickey v\u00e0 Minnie k\u1ef7 ni\u1ec7m sinh nh\u1eadt l\u1ea7n th\u1ee9 90 c\u1ee7a h\u1ecd - Tirinha.com","robots":{"index":"index","follow":"follow","max-snippet":"max-snippet:-1","max-image-preview":"max-image-preview:large","max-video-preview":"max-video-preview:-1"},"canonical":"https:\/\/tirinha.com\/vi\/1059\/mickey-va-minnie-ky-niem-90-nam-ngay-cuoi\/","og_locale":"vi_VN","og_type":"article","og_title":"Mickey e Minnie comemoram seu 90\u00ba anivers\u00e1rio - Tirinha.com","og_description":"Apesar dos noventa anos, a dupla de roedores segue em plena forma, tornando-se um \u00edcone amado por crian\u00e7as e adultos &hellip;","og_url":"https:\/\/tirinha.com\/vi\/1059\/mickey-va-minnie-ky-niem-90-nam-ngay-cuoi\/","og_site_name":"Tirinha.com","article_published_time":"2023-04-05T10:35:05+00:00","og_image":[{"url":"https:\/\/i2.wp.com\/elgeneracionalpost.com\/wp-content\/uploads\/2018\/11\/mickey-minnie-railroad-header.jpg?fit=970,545&ssl=1","type":"","width":"","height":""}],"author":"admin","twitter_card":"summary_large_image","twitter_image":"https:\/\/i2.wp.com\/elgeneracionalpost.com\/wp-content\/uploads\/2018\/11\/mickey-minnie-railroad-header.jpg?fit=970,545&ssl=1","twitter_misc":{"\u0110\u01b0\u1ee3c vi\u1ebft b\u1edfi":"admin","\u01af\u1edbc t\u00ednh th\u1eddi gian \u0111\u1ecdc":"3 ph\u00fat"},"schema":{"@context":"https:\/\/schema.org","@graph":[{"@type":"Article","@id":"https:\/\/tirinha.com\/1059\/mickey-e-minnie-comemoram-seu-90o-aniversario\/#article","isPartOf":{"@id":"https:\/\/tirinha.com\/1059\/mickey-e-minnie-comemoram-seu-90o-aniversario\/"},"author":{"name":"admin","@id":"https:\/\/tirinha.com\/#\/schema\/person\/e22bdfbe17e0461f7e927e6a1208d4d9"},"headline":"Mickey e Minnie comemoram seu 90\u00ba anivers\u00e1rio","datePublished":"2023-04-05T10:35:05+00:00","mainEntityOfPage":{"@id":"https:\/\/tirinha.com\/1059\/mickey-e-minnie-comemoram-seu-90o-aniversario\/"},"wordCount":683,"commentCount":0,"publisher":{"@id":"https:\/\/tirinha.com\/#organization"},"image":{"@id":"https:\/\/tirinha.com\/1059\/mickey-e-minnie-comemoram-seu-90o-aniversario\/#primaryimage"},"thumbnailUrl":"https:\/\/i2.wp.com\/elgeneracionalpost.com\/wp-content\/uploads\/2018\/11\/mickey-minnie-railroad-header.jpg?fit=970,545&ssl=1","articleSection":["Cultura e lazer"],"inLanguage":"vi","potentialAction":[{"@type":"CommentAction","name":"Comment","target":["https:\/\/tirinha.com\/1059\/mickey-e-minnie-comemoram-seu-90o-aniversario\/#respond"]}]},{"@type":"WebPage","@id":"https:\/\/tirinha.com\/1059\/mickey-e-minnie-comemoram-seu-90o-aniversario\/","url":"https:\/\/tirinha.com\/1059\/mickey-e-minnie-comemoram-seu-90o-aniversario\/","name":"Mickey v\u00e0 Minnie k\u1ef7 ni\u1ec7m sinh nh\u1eadt l\u1ea7n th\u1ee9 90 c\u1ee7a h\u1ecd - Tirinha.com","isPartOf":{"@id":"https:\/\/tirinha.com\/#website"},"primaryImageOfPage":{"@id":"https:\/\/tirinha.com\/1059\/mickey-e-minnie-comemoram-seu-90o-aniversario\/#primaryimage"},"image":{"@id":"https:\/\/tirinha.com\/1059\/mickey-e-minnie-comemoram-seu-90o-aniversario\/#primaryimage"},"thumbnailUrl":"https:\/\/i2.wp.com\/elgeneracionalpost.com\/wp-content\/uploads\/2018\/11\/mickey-minnie-railroad-header.jpg?fit=970,545&ssl=1","datePublished":"2023-04-05T10:35:05+00:00","breadcrumb":{"@id":"https:\/\/tirinha.com\/1059\/mickey-e-minnie-comemoram-seu-90o-aniversario\/#breadcrumb"},"inLanguage":"vi","potentialAction":[{"@type":"ReadAction","target":["https:\/\/tirinha.com\/1059\/mickey-e-minnie-comemoram-seu-90o-aniversario\/"]}]},{"@type":"ImageObject","inLanguage":"vi","@id":"https:\/\/tirinha.com\/1059\/mickey-e-minnie-comemoram-seu-90o-aniversario\/#primaryimage","url":"https:\/\/i2.wp.com\/elgeneracionalpost.com\/wp-content\/uploads\/2018\/11\/mickey-minnie-railroad-header.jpg?fit=970,545&ssl=1","contentUrl":"https:\/\/i2.wp.com\/elgeneracionalpost.com\/wp-content\/uploads\/2018\/11\/mickey-minnie-railroad-header.jpg?fit=970,545&ssl=1"},{"@type":"BreadcrumbList","@id":"https:\/\/tirinha.com\/1059\/mickey-e-minnie-comemoram-seu-90o-aniversario\/#breadcrumb","itemListElement":[{"@type":"ListItem","position":1,"name":"Home","item":"https:\/\/tirinha.com\/"},{"@type":"ListItem","position":2,"name":"Mickey e Minnie comemoram seu 90\u00ba anivers\u00e1rio"}]},{"@type":"WebSite","@id":"https:\/\/tirinha.com\/#website","url":"https:\/\/tirinha.com\/","name":"Truy\u1ec7n tranh.com","description":"\u0110\u00e1nh gi\u00e1 ngh\u1ec7 thu\u1eadt v\u00e0 s\u00e1ch","publisher":{"@id":"https:\/\/tirinha.com\/#organization"},"potentialAction":[{"@type":"SearchAction","target":{"@type":"EntryPoint","urlTemplate":"https:\/\/tirinha.com\/?s={search_term_string}"},"query-input":{"@type":"PropertyValueSpecification","valueRequired":true,"valueName":"search_term_string"}}],"inLanguage":"vi"},{"@type":"Organization","@id":"https:\/\/tirinha.com\/#organization","name":"Truy\u1ec7n tranh.com","url":"https:\/\/tirinha.com\/","logo":{"@type":"ImageObject","inLanguage":"vi","@id":"https:\/\/tirinha.com\/#\/schema\/logo\/image\/","url":"https:\/\/tirinha.com\/wp-content\/uploads\/2023\/08\/cropped-Logo-Tirinha.webp","contentUrl":"https:\/\/tirinha.com\/wp-content\/uploads\/2023\/08\/cropped-Logo-Tirinha.webp","width":512,"height":512,"caption":"Tirinha.com"},"image":{"@id":"https:\/\/tirinha.com\/#\/schema\/logo\/image\/"}},{"@type":"Person","@id":"https:\/\/tirinha.com\/#\/schema\/person\/e22bdfbe17e0461f7e927e6a1208d4d9","name":"qu\u1ea3n tr\u1ecb vi\u00ean","image":{"@type":"ImageObject","inLanguage":"vi","@id":"https:\/\/tirinha.com\/wp-content\/litespeed\/avatar\/d0068f7931cc87d7274eb0c3db1deb4b.jpg?ver=1777434315","url":"https:\/\/tirinha.com\/wp-content\/litespeed\/avatar\/d0068f7931cc87d7274eb0c3db1deb4b.jpg?ver=1777434315","contentUrl":"https:\/\/tirinha.com\/wp-content\/litespeed\/avatar\/d0068f7931cc87d7274eb0c3db1deb4b.jpg?ver=1777434315","caption":"admin"},"sameAs":["https:\/\/tirinha.com"],"url":"https:\/\/tirinha.com\/vi\/author\/admin\/"}]}},"_links":{"self":[{"href":"https:\/\/tirinha.com\/vi\/wp-json\/wp\/v2\/posts\/1059","targetHints":{"allow":["GET"]}}],"collection":[{"href":"https:\/\/tirinha.com\/vi\/wp-json\/wp\/v2\/posts"}],"about":[{"href":"https:\/\/tirinha.com\/vi\/wp-json\/wp\/v2\/types\/post"}],"author":[{"embeddable":true,"href":"https:\/\/tirinha.com\/vi\/wp-json\/wp\/v2\/users\/1"}],"replies":[{"embeddable":true,"href":"https:\/\/tirinha.com\/vi\/wp-json\/wp\/v2\/comments?post=1059"}],"version-history":[{"count":0,"href":"https:\/\/tirinha.com\/vi\/wp-json\/wp\/v2\/posts\/1059\/revisions"}],"wp:featuredmedia":[{"embeddable":true,"href":"https:\/\/tirinha.com\/vi\/wp-json\/wp\/v2\/media\/1060"}],"wp:attachment":[{"href":"https:\/\/tirinha.com\/vi\/wp-json\/wp\/v2\/media?parent=1059"}],"wp:term":[{"taxonomy":"category","embeddable":true,"href":"https:\/\/tirinha.com\/vi\/wp-json\/wp\/v2\/categories?post=1059"},{"taxonomy":"post_tag","embeddable":true,"href":"https:\/\/tirinha.com\/vi\/wp-json\/wp\/v2\/tags?post=1059"}],"curies":[{"name":"wp","href":"https:\/\/api.w.org\/{rel}","templated":true}]}}