{"id":973,"date":"2023-04-03T22:57:56","date_gmt":"2023-04-03T22:57:56","guid":{"rendered":"https:\/\/tirinha.com\/artesanato-e-raizes-nos-desenhos-de-estela-clares\/"},"modified":"2023-04-03T22:57:56","modified_gmt":"2023-04-03T22:57:56","slug":"estela-klaresning-rasmlaridagi-hunarmandchilik-va-ildizlar","status":"publish","type":"post","link":"https:\/\/tirinha.com\/uz\/973\/artesanato-e-raizes-nos-desenhos-de-estela-clares\/","title":{"rendered":"Estela Clares dizaynlaridagi hunarmandchilik va ildizlar"},"content":{"rendered":"<p><\/p>\n<div data-td-block-uid=\"tdi_70\">\n<div class=\"tdb-block-inner td-fix-index\">\n<h2>Qishloq va xotiralar ushbu ispan moda brendining kiyimlarini birlashtirgan iplardir.<\/h2>\n<p><strong>Dizayner Estela Clares Ispaniyaning qishloq shaharlaridagi buvisi va uylaridan ilhomlanib yaratilgan &quot;Carrichete&quot; kolleksiyasini taqdim etadi.<\/strong><\/p>\n<p>Ta&#039;riflash oson <strong>iste&#039;dod<\/strong> kimdirdan. So&#039;zlar ko&#039;p o&#039;ylamasdan avtomatik ravishda oqadi. Darhol, yaxshi bajarilgan ishning mukammalligi toshib ketadi va aynan o&#039;shanda siz ba&#039;zi tirnoqlarning bu nimani anglatishini bilmasdan ham yaxshi bajarilganini bilasiz. <strong>mohiyat<\/strong> Bu tushunarsiz va so&#039;z bilan ifodalab bo&#039;lmaydi. Uni osongina tasvirlab bo&#039;lmaydi, chunki mohiyati <strong>sukunatlar<\/strong> e<strong> ko&#039;zni qamashtiruvchi<\/strong>. Estela Clares begunohlik va bolalikni, soddalikni va tushdan keyin shokoladli non yeyiladigan uyning ildizlarini eslatuvchi mohiyat bilan naqshlar yaratadi.<\/p>\n<figure id=\"attachment_84481\" aria-describedby=\"caption-attachment-84481\" style=\"width: 202px\" class=\"wp-caption aligncenter\"><img fetchpriority=\"high\" data-attachment-id=\"84481\" data-permalink=\"https:\/\/elgeneracionalpost.com\/cultura\/moda-tendencias\/2023\/0402\/84339\/artesania-y-raices-en-los-disenos-de-estela-clares.html\/attachment\/cristina-gomez-ruiz-83\" data-orig-file=\"https:\/\/i0.wp.com\/elgeneracionalpost.com\/wp-content\/uploads\/2023\/04\/Cristina-Gomez-Ruiz-83.jpg?fit=3826%2C5669&amp;ssl=1\" data-orig-size=\"3826,5669\" data-comments-opened=\"0\" data-image-meta=\"{&quot;aperture&quot;:&quot;0&quot;,&quot;credit&quot;:&quot;&quot;,&quot;camera&quot;:&quot;SP-3000&quot;,&quot;caption&quot;:&quot;&quot;,&quot;created_timestamp&quot;:&quot;1667383256&quot;,&quot;copyright&quot;:&quot;&quot;,&quot;focal_length&quot;:&quot;0&quot;,&quot;iso&quot;:&quot;0&quot;,&quot;shutter_speed&quot;:&quot;0&quot;,&quot;title&quot;:&quot;&quot;,&quot;orientation&quot;:&quot;0&quot;}\" data-image-title=\"Cristina Gomez Ruiz-83\" data-image-description=\"\" data-image-caption=\"&lt;p&gt;Colecci\u00f3n \u00abCarrichete\u00bb | Fuente: Cristina G\u00f3mez Ruiz&lt;\/p&gt;&#10;\" data-medium-file=\"https:\/\/i0.wp.com\/elgeneracionalpost.com\/wp-content\/uploads\/2023\/04\/Cristina-Gomez-Ruiz-83.jpg?fit=202%2C300&amp;ssl=1\" data-large-file=\"https:\/\/i0.wp.com\/elgeneracionalpost.com\/wp-content\/uploads\/2023\/04\/Cristina-Gomez-Ruiz-83.jpg?fit=691%2C1024&amp;ssl=1\" decoding=\"async\" class=\"size-medium wp-image-84481 jetpack-lazy-image\" src=\"https:\/\/i0.wp.com\/elgeneracionalpost.com\/wp-content\/uploads\/2023\/04\/Cristina-Gomez-Ruiz-83.jpg?resize=202%2C300&amp;ssl=1\" alt=\"\" width=\"202\" height=\"300\" data-recalc-dims=\"1\" data-lazy-srcset=\"https:\/\/i0.wp.com\/elgeneracionalpost.com\/wp-content\/uploads\/2023\/04\/Cristina-Gomez-Ruiz-83.jpg?resize=202%2C300&amp;ssl=1 202w, https:\/\/i0.wp.com\/elgeneracionalpost.com\/wp-content\/uploads\/2023\/04\/Cristina-Gomez-Ruiz-83.jpg?resize=691%2C1024&amp;ssl=1 691w, https:\/\/i0.wp.com\/elgeneracionalpost.com\/wp-content\/uploads\/2023\/04\/Cristina-Gomez-Ruiz-83.jpg?resize=768%2C1138&amp;ssl=1 768w, https:\/\/i0.wp.com\/elgeneracionalpost.com\/wp-content\/uploads\/2023\/04\/Cristina-Gomez-Ruiz-83.jpg?resize=1037%2C1536&amp;ssl=1 1037w, https:\/\/i0.wp.com\/elgeneracionalpost.com\/wp-content\/uploads\/2023\/04\/Cristina-Gomez-Ruiz-83.jpg?resize=1382%2C2048&amp;ssl=1 1382w, https:\/\/i0.wp.com\/elgeneracionalpost.com\/wp-content\/uploads\/2023\/04\/Cristina-Gomez-Ruiz-83.jpg?resize=150%2C222&amp;ssl=1 150w, https:\/\/i0.wp.com\/elgeneracionalpost.com\/wp-content\/uploads\/2023\/04\/Cristina-Gomez-Ruiz-83.jpg?resize=300%2C445&amp;ssl=1 300w, https:\/\/i0.wp.com\/elgeneracionalpost.com\/wp-content\/uploads\/2023\/04\/Cristina-Gomez-Ruiz-83.jpg?resize=696%2C1031&amp;ssl=1 696w, https:\/\/i0.wp.com\/elgeneracionalpost.com\/wp-content\/uploads\/2023\/04\/Cristina-Gomez-Ruiz-83.jpg?resize=1068%2C1582&amp;ssl=1 1068w, https:\/\/i0.wp.com\/elgeneracionalpost.com\/wp-content\/uploads\/2023\/04\/Cristina-Gomez-Ruiz-83.jpg?resize=1920%2C2845&amp;ssl=1 1920w, https:\/\/i0.wp.com\/elgeneracionalpost.com\/wp-content\/uploads\/2023\/04\/Cristina-Gomez-Ruiz-83.jpg?w=2088&amp;ssl=1 2088w\" data-lazy-sizes=\"(max-width: 202px) 100vw, 202px\" data-lazy-src=\"https:\/\/i0.wp.com\/elgeneracionalpost.com\/wp-content\/uploads\/2023\/04\/Cristina-Gomez-Ruiz-83.jpg?resize=202%2C300&amp;is-pending-load=1#038;ssl=1\" srcset=\"data:image\/gif;base64,R0lGODlhAQABAIAAAAAAAP\/\/\/yH5BAEAAAAALAAAAAABAAEAAAIBRAA7\"\/><noscript><img data-lazy-fallback=\"1\" data-attachment-id=\"84481\" data-permalink=\"https:\/\/elgeneracionalpost.com\/cultura\/moda-tendencias\/2023\/0402\/84339\/artesania-y-raices-en-los-disenos-de-estela-clares.html\/attachment\/cristina-gomez-ruiz-83\" data-orig-file=\"https:\/\/i0.wp.com\/elgeneracionalpost.com\/wp-content\/uploads\/2023\/04\/Cristina-Gomez-Ruiz-83.jpg?fit=3826%2C5669&amp;ssl=1\" data-orig-size=\"3826,5669\" data-comments-opened=\"0\" data-image-meta=\"{&quot;aperture&quot;:&quot;0&quot;,&quot;credit&quot;:&quot;&quot;,&quot;camera&quot;:&quot;SP-3000&quot;,&quot;caption&quot;:&quot;&quot;,&quot;created_timestamp&quot;:&quot;1667383256&quot;,&quot;copyright&quot;:&quot;&quot;,&quot;focal_length&quot;:&quot;0&quot;,&quot;iso&quot;:&quot;0&quot;,&quot;shutter_speed&quot;:&quot;0&quot;,&quot;title&quot;:&quot;&quot;,&quot;orientation&quot;:&quot;0&quot;}\" data-image-title=\"Cristina Gomez Ruiz-83\" data-image-description=\"\" data-image-caption=\"&lt;p&gt;Colecci\u00f3n \u00abCarrichete\u00bb | Fuente: Cristina G\u00f3mez Ruiz&lt;\/p&gt;&#10;\" data-medium-file=\"https:\/\/i0.wp.com\/elgeneracionalpost.com\/wp-content\/uploads\/2023\/04\/Cristina-Gomez-Ruiz-83.jpg?fit=202%2C300&amp;ssl=1\" data-large-file=\"https:\/\/i0.wp.com\/elgeneracionalpost.com\/wp-content\/uploads\/2023\/04\/Cristina-Gomez-Ruiz-83.jpg?fit=691%2C1024&amp;ssl=1\" decoding=\"async\" class=\"size-medium wp-image-84481\" src=\"https:\/\/i0.wp.com\/elgeneracionalpost.com\/wp-content\/uploads\/2023\/04\/Cristina-Gomez-Ruiz-83.jpg?resize=202%2C300&amp;ssl=1\" alt=\"\" width=\"202\" height=\"300\" srcset=\"https:\/\/i0.wp.com\/elgeneracionalpost.com\/wp-content\/uploads\/2023\/04\/Cristina-Gomez-Ruiz-83.jpg?resize=202%2C300&amp;ssl=1 202w, https:\/\/i0.wp.com\/elgeneracionalpost.com\/wp-content\/uploads\/2023\/04\/Cristina-Gomez-Ruiz-83.jpg?resize=691%2C1024&amp;ssl=1 691w, https:\/\/i0.wp.com\/elgeneracionalpost.com\/wp-content\/uploads\/2023\/04\/Cristina-Gomez-Ruiz-83.jpg?resize=768%2C1138&amp;ssl=1 768w, https:\/\/i0.wp.com\/elgeneracionalpost.com\/wp-content\/uploads\/2023\/04\/Cristina-Gomez-Ruiz-83.jpg?resize=1037%2C1536&amp;ssl=1 1037w, https:\/\/i0.wp.com\/elgeneracionalpost.com\/wp-content\/uploads\/2023\/04\/Cristina-Gomez-Ruiz-83.jpg?resize=1382%2C2048&amp;ssl=1 1382w, https:\/\/i0.wp.com\/elgeneracionalpost.com\/wp-content\/uploads\/2023\/04\/Cristina-Gomez-Ruiz-83.jpg?resize=150%2C222&amp;ssl=1 150w, https:\/\/i0.wp.com\/elgeneracionalpost.com\/wp-content\/uploads\/2023\/04\/Cristina-Gomez-Ruiz-83.jpg?resize=300%2C445&amp;ssl=1 300w, https:\/\/i0.wp.com\/elgeneracionalpost.com\/wp-content\/uploads\/2023\/04\/Cristina-Gomez-Ruiz-83.jpg?resize=696%2C1031&amp;ssl=1 696w, https:\/\/i0.wp.com\/elgeneracionalpost.com\/wp-content\/uploads\/2023\/04\/Cristina-Gomez-Ruiz-83.jpg?resize=1068%2C1582&amp;ssl=1 1068w, https:\/\/i0.wp.com\/elgeneracionalpost.com\/wp-content\/uploads\/2023\/04\/Cristina-Gomez-Ruiz-83.jpg?resize=1920%2C2845&amp;ssl=1 1920w, https:\/\/i0.wp.com\/elgeneracionalpost.com\/wp-content\/uploads\/2023\/04\/Cristina-Gomez-Ruiz-83.jpg?w=2088&amp;ssl=1 2088w\" sizes=\"(max-width: 202px) 100vw, 202px\" data-recalc-dims=\"1\"\/><\/noscript><figcaption id=\"caption-attachment-84481\" class=\"wp-caption-text\">&quot;Carrichete&quot; to&#039;plami | Manba: Kristina Gomes Ruiz Batafsil ma&#039;lumot<\/figcaption><\/figure>\n<p>Yer va xotira xizmat qiladi <strong>Stella Clares<\/strong> o&#039;tmishga hozirgi zamon nigohi bilan qaraydigan to&#039;plam yaratish. <strong>Andalusiya<\/strong> Bu dizayner sharaflashni istagan yer edi <strong>\u00ab&quot;karrichete&quot;\u00bb<\/strong>xususan, viloyat <strong>Almeriya<\/strong>, ...uning kelib chiqishi qayerda. Ispaniyaning janubi-sharqida 1950-yillarga oid g&#039;or uyi bor, u yerda Klersning buyuk ishtiyoqi o&#039;sgan: moda. To&#039;plam, shuningdek, unga minnatdorchilik xabaridir... <strong>Shtat<\/strong>bobosi va buvisiga, lekin, eng avvalo, uning qiyofasiga <strong>buvisi<\/strong> Maruja, kompaniyaning muhim qismi. The <strong>dizayner<\/strong> de Almeriya o&#039;z kiyimlari orqali oilasining tarixini qayta tiklaydi va an&#039;analar tasvirlarini jonlantiradi. <strong>Lorquiana<\/strong> Qo&#039;lda yasalgan buyumlarning qiymatiga investitsiya qiling.<\/p>\n<figure id=\"attachment_84586\" aria-describedby=\"caption-attachment-84586\" style=\"width: 221px\" class=\"wp-caption aligncenter\"><img data-attachment-id=\"84586\" data-permalink=\"https:\/\/elgeneracionalpost.com\/cultura\/moda-tendencias\/2023\/0402\/84339\/artesania-y-raices-en-los-disenos-de-estela-clares.html\/attachment\/tapiz\" data-orig-file=\"https:\/\/i0.wp.com\/elgeneracionalpost.com\/wp-content\/uploads\/2023\/04\/tapiz.jpg?fit=1728%2C2560&amp;ssl=1\" data-orig-size=\"1728,2560\" data-comments-opened=\"0\" data-image-meta=\"{&quot;aperture&quot;:&quot;0&quot;,&quot;credit&quot;:&quot;&quot;,&quot;camera&quot;:&quot;SP-3000&quot;,&quot;caption&quot;:&quot;&quot;,&quot;created_timestamp&quot;:&quot;1667383271&quot;,&quot;copyright&quot;:&quot;&quot;,&quot;focal_length&quot;:&quot;0&quot;,&quot;iso&quot;:&quot;0&quot;,&quot;shutter_speed&quot;:&quot;0&quot;,&quot;title&quot;:&quot;&quot;,&quot;orientation&quot;:&quot;0&quot;}\" data-image-title=\"tapiz\" data-image-description=\"\" data-image-caption=\"&lt;p&gt;Tapiz reconvertido en vestido de la colecci\u00f3n \u00abCarrichete\u00bb | Fuente: Cristina G\u00f3mez Ruiz&lt;\/p&gt;&#10;\" data-medium-file=\"https:\/\/i0.wp.com\/elgeneracionalpost.com\/wp-content\/uploads\/2023\/04\/tapiz.jpg?fit=203%2C300&amp;ssl=1\" data-large-file=\"https:\/\/i0.wp.com\/elgeneracionalpost.com\/wp-content\/uploads\/2023\/04\/tapiz.jpg?fit=691%2C1024&amp;ssl=1\" decoding=\"async\" class=\"wp-image-84586 jetpack-lazy-image\" src=\"https:\/\/i0.wp.com\/elgeneracionalpost.com\/wp-content\/uploads\/2023\/04\/tapiz.jpg?resize=221%2C327&amp;ssl=1\" alt=\"\" width=\"221\" height=\"327\" data-recalc-dims=\"1\" data-lazy-srcset=\"https:\/\/i0.wp.com\/elgeneracionalpost.com\/wp-content\/uploads\/2023\/04\/tapiz.jpg?resize=203%2C300&amp;ssl=1 203w, https:\/\/i0.wp.com\/elgeneracionalpost.com\/wp-content\/uploads\/2023\/04\/tapiz.jpg?resize=691%2C1024&amp;ssl=1 691w, https:\/\/i0.wp.com\/elgeneracionalpost.com\/wp-content\/uploads\/2023\/04\/tapiz.jpg?resize=768%2C1138&amp;ssl=1 768w, https:\/\/i0.wp.com\/elgeneracionalpost.com\/wp-content\/uploads\/2023\/04\/tapiz.jpg?resize=1037%2C1536&amp;ssl=1 1037w, https:\/\/i0.wp.com\/elgeneracionalpost.com\/wp-content\/uploads\/2023\/04\/tapiz.jpg?resize=1382%2C2048&amp;ssl=1 1382w, https:\/\/i0.wp.com\/elgeneracionalpost.com\/wp-content\/uploads\/2023\/04\/tapiz.jpg?resize=150%2C222&amp;ssl=1 150w, https:\/\/i0.wp.com\/elgeneracionalpost.com\/wp-content\/uploads\/2023\/04\/tapiz.jpg?resize=300%2C444&amp;ssl=1 300w, https:\/\/i0.wp.com\/elgeneracionalpost.com\/wp-content\/uploads\/2023\/04\/tapiz.jpg?resize=696%2C1031&amp;ssl=1 696w, https:\/\/i0.wp.com\/elgeneracionalpost.com\/wp-content\/uploads\/2023\/04\/tapiz.jpg?resize=1068%2C1582&amp;ssl=1 1068w, https:\/\/i0.wp.com\/elgeneracionalpost.com\/wp-content\/uploads\/2023\/04\/tapiz.jpg?w=1728&amp;ssl=1 1728w\" data-lazy-sizes=\"(max-width: 221px) 100vw, 221px\" data-lazy-src=\"https:\/\/i0.wp.com\/elgeneracionalpost.com\/wp-content\/uploads\/2023\/04\/tapiz.jpg?resize=221%2C327&amp;is-pending-load=1#038;ssl=1\" srcset=\"data:image\/gif;base64,R0lGODlhAQABAIAAAAAAAP\/\/\/yH5BAEAAAAALAAAAAABAAEAAAIBRAA7\"\/><noscript><img loading=\"lazy\" data-lazy-fallback=\"1\" data-attachment-id=\"84586\" data-permalink=\"https:\/\/elgeneracionalpost.com\/cultura\/moda-tendencias\/2023\/0402\/84339\/artesania-y-raices-en-los-disenos-de-estela-clares.html\/attachment\/tapiz\" data-orig-file=\"https:\/\/i0.wp.com\/elgeneracionalpost.com\/wp-content\/uploads\/2023\/04\/tapiz.jpg?fit=1728%2C2560&amp;ssl=1\" data-orig-size=\"1728,2560\" data-comments-opened=\"0\" data-image-meta=\"{&quot;aperture&quot;:&quot;0&quot;,&quot;credit&quot;:&quot;&quot;,&quot;camera&quot;:&quot;SP-3000&quot;,&quot;caption&quot;:&quot;&quot;,&quot;created_timestamp&quot;:&quot;1667383271&quot;,&quot;copyright&quot;:&quot;&quot;,&quot;focal_length&quot;:&quot;0&quot;,&quot;iso&quot;:&quot;0&quot;,&quot;shutter_speed&quot;:&quot;0&quot;,&quot;title&quot;:&quot;&quot;,&quot;orientation&quot;:&quot;0&quot;}\" data-image-title=\"tapiz\" data-image-description=\"\" data-image-caption=\"&lt;p&gt;Tapiz reconvertido en vestido de la colecci\u00f3n \u00abCarrichete\u00bb | Fuente: Cristina G\u00f3mez Ruiz&lt;\/p&gt;&#10;\" data-medium-file=\"https:\/\/i0.wp.com\/elgeneracionalpost.com\/wp-content\/uploads\/2023\/04\/tapiz.jpg?fit=203%2C300&amp;ssl=1\" data-large-file=\"https:\/\/i0.wp.com\/elgeneracionalpost.com\/wp-content\/uploads\/2023\/04\/tapiz.jpg?fit=691%2C1024&amp;ssl=1\" decoding=\"async\" class=\"wp-image-84586\" src=\"https:\/\/i0.wp.com\/elgeneracionalpost.com\/wp-content\/uploads\/2023\/04\/tapiz.jpg?resize=221%2C327&amp;ssl=1\" alt=\"\" width=\"221\" height=\"327\" srcset=\"https:\/\/i0.wp.com\/elgeneracionalpost.com\/wp-content\/uploads\/2023\/04\/tapiz.jpg?resize=203%2C300&amp;ssl=1 203w, https:\/\/i0.wp.com\/elgeneracionalpost.com\/wp-content\/uploads\/2023\/04\/tapiz.jpg?resize=691%2C1024&amp;ssl=1 691w, https:\/\/i0.wp.com\/elgeneracionalpost.com\/wp-content\/uploads\/2023\/04\/tapiz.jpg?resize=768%2C1138&amp;ssl=1 768w, https:\/\/i0.wp.com\/elgeneracionalpost.com\/wp-content\/uploads\/2023\/04\/tapiz.jpg?resize=1037%2C1536&amp;ssl=1 1037w, https:\/\/i0.wp.com\/elgeneracionalpost.com\/wp-content\/uploads\/2023\/04\/tapiz.jpg?resize=1382%2C2048&amp;ssl=1 1382w, https:\/\/i0.wp.com\/elgeneracionalpost.com\/wp-content\/uploads\/2023\/04\/tapiz.jpg?resize=150%2C222&amp;ssl=1 150w, https:\/\/i0.wp.com\/elgeneracionalpost.com\/wp-content\/uploads\/2023\/04\/tapiz.jpg?resize=300%2C444&amp;ssl=1 300w, https:\/\/i0.wp.com\/elgeneracionalpost.com\/wp-content\/uploads\/2023\/04\/tapiz.jpg?resize=696%2C1031&amp;ssl=1 696w, https:\/\/i0.wp.com\/elgeneracionalpost.com\/wp-content\/uploads\/2023\/04\/tapiz.jpg?resize=1068%2C1582&amp;ssl=1 1068w, https:\/\/i0.wp.com\/elgeneracionalpost.com\/wp-content\/uploads\/2023\/04\/tapiz.jpg?w=1728&amp;ssl=1 1728w\" sizes=\"auto, (max-width: 221px) 100vw, 221px\" data-recalc-dims=\"1\"\/><\/noscript><figcaption id=\"caption-attachment-84586\" class=\"wp-caption-text\">&quot;Carrichete&quot; kolleksiyasidan libosga aylantirilgan gobelen | Manba: Kristina Gomes Ruiz Batafsil ma&#039;lumot<\/figcaption><\/figure>\n<h3>tabiiy va organik materiallar<\/h3>\n<p>Siz foydalanadigan matolar <strong>Stella Clares<\/strong> Ular kiyim-kechak buyumlaridan hikoya qilishning muhimligini aks ettiradi. &quot;Men buvimning uyidan topilgan materiallardan ilhom olaman. To&#039;plamda men buvimning uyida topadigan bosmalarning tartibsizligidan bir oz aks ettirmoqchi edim. Balki pardalar...&quot; <strong>chiziqlar<\/strong>sochiq boshqa rangda va u gilamchani qo&#039;yadi <strong>igna<\/strong> &quot;Stol atrofida gullar bilan bezatilgan.&quot; Dizayner uydan matolar, to&#039;qimachilik buyumlari va gobelenlarni tiklaydi. <strong>tanish<\/strong> boshqa hech qayerda topilmaydigan kiyimlar. Kiyimlar parchalarga aylanadi <strong>eksklyuziv<\/strong> va noyob, batafsil va ehtiyotkorlik bilan yaratilgan.<\/p>\n<figure id=\"attachment_84482\" aria-describedby=\"caption-attachment-84482\" style=\"width: 202px\" class=\"wp-caption aligncenter\"><img loading=\"lazy\" data-attachment-id=\"84482\" data-permalink=\"https:\/\/elgeneracionalpost.com\/cultura\/moda-tendencias\/2023\/0402\/84339\/artesania-y-raices-en-los-disenos-de-estela-clares.html\/attachment\/cristina-gomez-ruiz-65\" data-orig-file=\"https:\/\/i0.wp.com\/elgeneracionalpost.com\/wp-content\/uploads\/2023\/04\/Cristina-Gomez-Ruiz-65.jpg?fit=3826%2C5669&amp;ssl=1\" data-orig-size=\"3826,5669\" data-comments-opened=\"0\" data-image-meta=\"{&quot;aperture&quot;:&quot;0&quot;,&quot;credit&quot;:&quot;&quot;,&quot;camera&quot;:&quot;SP-3000&quot;,&quot;caption&quot;:&quot;&quot;,&quot;created_timestamp&quot;:&quot;1667382503&quot;,&quot;copyright&quot;:&quot;&quot;,&quot;focal_length&quot;:&quot;0&quot;,&quot;iso&quot;:&quot;0&quot;,&quot;shutter_speed&quot;:&quot;0&quot;,&quot;title&quot;:&quot;&quot;,&quot;orientation&quot;:&quot;0&quot;}\" data-image-title=\"Cristina Gomez Ruiz-65\" data-image-description=\"\" data-image-caption=\"&lt;p&gt;Colecci\u00f3n \u00abCarrichete\u00bb | Fuente: Cristina G\u00f3mez Ruiz&lt;\/p&gt;&#10;\" data-medium-file=\"https:\/\/i0.wp.com\/elgeneracionalpost.com\/wp-content\/uploads\/2023\/04\/Cristina-Gomez-Ruiz-65.jpg?fit=202%2C300&amp;ssl=1\" data-large-file=\"https:\/\/i0.wp.com\/elgeneracionalpost.com\/wp-content\/uploads\/2023\/04\/Cristina-Gomez-Ruiz-65.jpg?fit=691%2C1024&amp;ssl=1\" decoding=\"async\" class=\"size-medium wp-image-84482 jetpack-lazy-image\" src=\"https:\/\/i0.wp.com\/elgeneracionalpost.com\/wp-content\/uploads\/2023\/04\/Cristina-Gomez-Ruiz-65.jpg?resize=202%2C300&amp;ssl=1\" alt=\"\" width=\"202\" height=\"300\" data-recalc-dims=\"1\" data-lazy-srcset=\"https:\/\/i0.wp.com\/elgeneracionalpost.com\/wp-content\/uploads\/2023\/04\/Cristina-Gomez-Ruiz-65.jpg?resize=202%2C300&amp;ssl=1 202w, https:\/\/i0.wp.com\/elgeneracionalpost.com\/wp-content\/uploads\/2023\/04\/Cristina-Gomez-Ruiz-65.jpg?resize=691%2C1024&amp;ssl=1 691w, https:\/\/i0.wp.com\/elgeneracionalpost.com\/wp-content\/uploads\/2023\/04\/Cristina-Gomez-Ruiz-65.jpg?resize=768%2C1138&amp;ssl=1 768w, https:\/\/i0.wp.com\/elgeneracionalpost.com\/wp-content\/uploads\/2023\/04\/Cristina-Gomez-Ruiz-65.jpg?resize=1037%2C1536&amp;ssl=1 1037w, https:\/\/i0.wp.com\/elgeneracionalpost.com\/wp-content\/uploads\/2023\/04\/Cristina-Gomez-Ruiz-65.jpg?resize=1382%2C2048&amp;ssl=1 1382w, https:\/\/i0.wp.com\/elgeneracionalpost.com\/wp-content\/uploads\/2023\/04\/Cristina-Gomez-Ruiz-65.jpg?resize=150%2C222&amp;ssl=1 150w, https:\/\/i0.wp.com\/elgeneracionalpost.com\/wp-content\/uploads\/2023\/04\/Cristina-Gomez-Ruiz-65.jpg?resize=300%2C445&amp;ssl=1 300w, https:\/\/i0.wp.com\/elgeneracionalpost.com\/wp-content\/uploads\/2023\/04\/Cristina-Gomez-Ruiz-65.jpg?resize=696%2C1031&amp;ssl=1 696w, https:\/\/i0.wp.com\/elgeneracionalpost.com\/wp-content\/uploads\/2023\/04\/Cristina-Gomez-Ruiz-65.jpg?resize=1068%2C1582&amp;ssl=1 1068w, https:\/\/i0.wp.com\/elgeneracionalpost.com\/wp-content\/uploads\/2023\/04\/Cristina-Gomez-Ruiz-65.jpg?resize=1920%2C2845&amp;ssl=1 1920w, https:\/\/i0.wp.com\/elgeneracionalpost.com\/wp-content\/uploads\/2023\/04\/Cristina-Gomez-Ruiz-65.jpg?w=2088&amp;ssl=1 2088w\" data-lazy-sizes=\"(max-width: 202px) 100vw, 202px\" data-lazy-src=\"https:\/\/i0.wp.com\/elgeneracionalpost.com\/wp-content\/uploads\/2023\/04\/Cristina-Gomez-Ruiz-65.jpg?resize=202%2C300&amp;is-pending-load=1#038;ssl=1\" srcset=\"data:image\/gif;base64,R0lGODlhAQABAIAAAAAAAP\/\/\/yH5BAEAAAAALAAAAAABAAEAAAIBRAA7\"\/><noscript><img loading=\"lazy\" data-lazy-fallback=\"1\" data-attachment-id=\"84482\" data-permalink=\"https:\/\/elgeneracionalpost.com\/cultura\/moda-tendencias\/2023\/0402\/84339\/artesania-y-raices-en-los-disenos-de-estela-clares.html\/attachment\/cristina-gomez-ruiz-65\" data-orig-file=\"https:\/\/i0.wp.com\/elgeneracionalpost.com\/wp-content\/uploads\/2023\/04\/Cristina-Gomez-Ruiz-65.jpg?fit=3826%2C5669&amp;ssl=1\" data-orig-size=\"3826,5669\" data-comments-opened=\"0\" data-image-meta=\"{&quot;aperture&quot;:&quot;0&quot;,&quot;credit&quot;:&quot;&quot;,&quot;camera&quot;:&quot;SP-3000&quot;,&quot;caption&quot;:&quot;&quot;,&quot;created_timestamp&quot;:&quot;1667382503&quot;,&quot;copyright&quot;:&quot;&quot;,&quot;focal_length&quot;:&quot;0&quot;,&quot;iso&quot;:&quot;0&quot;,&quot;shutter_speed&quot;:&quot;0&quot;,&quot;title&quot;:&quot;&quot;,&quot;orientation&quot;:&quot;0&quot;}\" data-image-title=\"Cristina Gomez Ruiz-65\" data-image-description=\"\" data-image-caption=\"&lt;p&gt;Colecci\u00f3n \u00abCarrichete\u00bb | Fuente: Cristina G\u00f3mez Ruiz&lt;\/p&gt;&#10;\" data-medium-file=\"https:\/\/i0.wp.com\/elgeneracionalpost.com\/wp-content\/uploads\/2023\/04\/Cristina-Gomez-Ruiz-65.jpg?fit=202%2C300&amp;ssl=1\" data-large-file=\"https:\/\/i0.wp.com\/elgeneracionalpost.com\/wp-content\/uploads\/2023\/04\/Cristina-Gomez-Ruiz-65.jpg?fit=691%2C1024&amp;ssl=1\" decoding=\"async\" class=\"size-medium wp-image-84482\" src=\"https:\/\/i0.wp.com\/elgeneracionalpost.com\/wp-content\/uploads\/2023\/04\/Cristina-Gomez-Ruiz-65.jpg?resize=202%2C300&amp;ssl=1\" alt=\"\" width=\"202\" height=\"300\" srcset=\"https:\/\/i0.wp.com\/elgeneracionalpost.com\/wp-content\/uploads\/2023\/04\/Cristina-Gomez-Ruiz-65.jpg?resize=202%2C300&amp;ssl=1 202w, https:\/\/i0.wp.com\/elgeneracionalpost.com\/wp-content\/uploads\/2023\/04\/Cristina-Gomez-Ruiz-65.jpg?resize=691%2C1024&amp;ssl=1 691w, https:\/\/i0.wp.com\/elgeneracionalpost.com\/wp-content\/uploads\/2023\/04\/Cristina-Gomez-Ruiz-65.jpg?resize=768%2C1138&amp;ssl=1 768w, https:\/\/i0.wp.com\/elgeneracionalpost.com\/wp-content\/uploads\/2023\/04\/Cristina-Gomez-Ruiz-65.jpg?resize=1037%2C1536&amp;ssl=1 1037w, https:\/\/i0.wp.com\/elgeneracionalpost.com\/wp-content\/uploads\/2023\/04\/Cristina-Gomez-Ruiz-65.jpg?resize=1382%2C2048&amp;ssl=1 1382w, https:\/\/i0.wp.com\/elgeneracionalpost.com\/wp-content\/uploads\/2023\/04\/Cristina-Gomez-Ruiz-65.jpg?resize=150%2C222&amp;ssl=1 150w, https:\/\/i0.wp.com\/elgeneracionalpost.com\/wp-content\/uploads\/2023\/04\/Cristina-Gomez-Ruiz-65.jpg?resize=300%2C445&amp;ssl=1 300w, https:\/\/i0.wp.com\/elgeneracionalpost.com\/wp-content\/uploads\/2023\/04\/Cristina-Gomez-Ruiz-65.jpg?resize=696%2C1031&amp;ssl=1 696w, https:\/\/i0.wp.com\/elgeneracionalpost.com\/wp-content\/uploads\/2023\/04\/Cristina-Gomez-Ruiz-65.jpg?resize=1068%2C1582&amp;ssl=1 1068w, https:\/\/i0.wp.com\/elgeneracionalpost.com\/wp-content\/uploads\/2023\/04\/Cristina-Gomez-Ruiz-65.jpg?resize=1920%2C2845&amp;ssl=1 1920w, https:\/\/i0.wp.com\/elgeneracionalpost.com\/wp-content\/uploads\/2023\/04\/Cristina-Gomez-Ruiz-65.jpg?w=2088&amp;ssl=1 2088w\" sizes=\"auto, (max-width: 202px) 100vw, 202px\" data-recalc-dims=\"1\"\/><\/noscript><figcaption id=\"caption-attachment-84482\" class=\"wp-caption-text\">&quot;Carrichete&quot; to&#039;plami | Manba: Kristina Gomes Ruiz Batafsil ma&#039;lumot<\/figcaption><\/figure>\n<p>Estela Klares o&#039;z ustaxonasida Alvaro Kalafatdan saboq oladi <strong>Malaga<\/strong>. U kelajak haqida o&#039;ylaganida, oyoqlari yerda bo&#039;ladi va u kamtar va minnatdor bo&#039;ladi. &quot;Mening hozirgi niyatim...&quot; dan ko&#039;p narsa o&#039;rganish. <strong>dizaynerlar<\/strong>va endi nafaqat dizaynerlar, men ular bilan muloqot qilishni yaxshi ko&#039;raman <strong>fotosuratchilar<\/strong>bilan <strong>stilistlar<\/strong>qilgan barcha ishlarim o&#039;tib ketdi <strong>hamkorlik<\/strong>\u00ab&quot;Uning orzusi - o&#039;zinikiga ega bo&#039;lish...&quot; <strong>ustaxona<\/strong>Tinch joyda, buvisiniki kabi qo&#039;llari uni yo&#039;naltirishda davom eta oladigan joyda.<\/p>\n<div class=\"sharedaddy sd-block sd-like jetpack-likes-widget-wrapper jetpack-likes-widget-unloaded\" id=\"like-post-wrapper-153844979-84339-642b59f39805d\" data-src=\"https:\/\/widgets.wp.com\/likes\/#blog_id=153844979&amp;post_id=84339&amp;origin=elgeneracionalpost.com&amp;obj_id=153844979-84339-642b59f39805d\" data-name=\"like-post-frame-153844979-84339-642b59f39805d\" data-title=\"Me gusta o Compartir\">\n<h3 class=\"sd-title\">Bu menga yoqdi:<\/h3>\n<p><span class=\"button\"><span>Menga yoqadi<\/span><\/span> <span class=\"loading\">Yuklanmoqda\u2026<\/span><\/p>\n<p><span class=\"sd-text-color\"\/><\/div>\n<p><h3 class=\"jp-relatedposts-headline\"><em>Tegishli<\/em><\/h3>\n<\/p>\n<\/div>\n<\/div>","protected":false},"excerpt":{"rendered":"<p>O campo e as mem\u00f3rias s\u00e3o os fios que costuram as roupas desta marca de moda espanhola A estilista Estela &hellip; <\/p>","protected":false},"author":1,"featured_media":974,"comment_status":"open","ping_status":"open","sticky":false,"template":"","format":"standard","meta":{"fifu_image_url":"https:\/\/elgeneracionalpost.com\/wp-content\/uploads\/2023\/04\/Cristina-Gomez-Ruiz-93-691x1024.jpg","fifu_image_alt":"","footnotes":""},"categories":[35],"tags":[],"class_list":["post-973","post","type-post","status-publish","format-standard","has-post-thumbnail","hentry","category-cultura-e-lazer","latest_post"],"yoast_head":"<!-- This site is optimized with the Yoast SEO plugin v27.3 - https:\/\/yoast.com\/product\/yoast-seo-wordpress\/ -->\n<title>Artesanato e ra\u00edzes nos desenhos de Estela Clares - Tirinha.com<\/title>\n<meta name=\"robots\" content=\"index, follow, max-snippet:-1, max-image-preview:large, max-video-preview:-1\" \/>\n<link rel=\"canonical\" href=\"https:\/\/tirinha.com\/uz\/973\/estela-klaresning-rasmlaridagi-hunarmandchilik-va-ildizlar\/\" \/>\n<meta property=\"og:locale\" content=\"uz_UZ\" \/>\n<meta property=\"og:type\" content=\"article\" \/>\n<meta property=\"og:title\" content=\"Artesanato e ra\u00edzes nos desenhos de Estela Clares - Tirinha.com\" \/>\n<meta property=\"og:description\" content=\"O campo e as mem\u00f3rias s\u00e3o os fios que costuram as roupas desta marca de moda espanhola A estilista Estela &hellip;\" \/>\n<meta property=\"og:url\" content=\"https:\/\/tirinha.com\/uz\/973\/estela-klaresning-rasmlaridagi-hunarmandchilik-va-ildizlar\/\" \/>\n<meta property=\"og:site_name\" content=\"Tirinha.com\" \/>\n<meta property=\"article:published_time\" content=\"2023-04-03T22:57:56+00:00\" \/>\n<meta property=\"og:image\" content=\"https:\/\/elgeneracionalpost.com\/wp-content\/uploads\/2023\/04\/Cristina-Gomez-Ruiz-93-691x1024.jpg\" \/>\n<meta name=\"author\" content=\"admin\" \/>\n<meta name=\"twitter:card\" content=\"summary_large_image\" \/>\n<meta name=\"twitter:image\" content=\"https:\/\/elgeneracionalpost.com\/wp-content\/uploads\/2023\/04\/Cristina-Gomez-Ruiz-93-691x1024.jpg\" \/>\n<meta name=\"twitter:label1\" content=\"Written by\" \/>\n\t<meta name=\"twitter:data1\" content=\"admin\" \/>\n\t<meta name=\"twitter:label2\" content=\"Est. reading time\" \/>\n\t<meta name=\"twitter:data2\" content=\"3 daqiqa\" \/>\n<script type=\"application\/ld+json\" class=\"yoast-schema-graph\">{\"@context\":\"https:\\\/\\\/schema.org\",\"@graph\":[{\"@type\":\"Article\",\"@id\":\"https:\\\/\\\/tirinha.com\\\/973\\\/artesanato-e-raizes-nos-desenhos-de-estela-clares\\\/#article\",\"isPartOf\":{\"@id\":\"https:\\\/\\\/tirinha.com\\\/973\\\/artesanato-e-raizes-nos-desenhos-de-estela-clares\\\/\"},\"author\":{\"name\":\"admin\",\"@id\":\"https:\\\/\\\/tirinha.com\\\/#\\\/schema\\\/person\\\/e22bdfbe17e0461f7e927e6a1208d4d9\"},\"headline\":\"Artesanato e ra\u00edzes nos desenhos de Estela Clares\",\"datePublished\":\"2023-04-03T22:57:56+00:00\",\"mainEntityOfPage\":{\"@id\":\"https:\\\/\\\/tirinha.com\\\/973\\\/artesanato-e-raizes-nos-desenhos-de-estela-clares\\\/\"},\"wordCount\":511,\"commentCount\":0,\"publisher\":{\"@id\":\"https:\\\/\\\/tirinha.com\\\/#organization\"},\"image\":{\"@id\":\"https:\\\/\\\/tirinha.com\\\/973\\\/artesanato-e-raizes-nos-desenhos-de-estela-clares\\\/#primaryimage\"},\"thumbnailUrl\":\"https:\\\/\\\/elgeneracionalpost.com\\\/wp-content\\\/uploads\\\/2023\\\/04\\\/Cristina-Gomez-Ruiz-93-691x1024.jpg\",\"articleSection\":[\"Cultura e lazer\"],\"inLanguage\":\"uz-UZ\",\"potentialAction\":[{\"@type\":\"CommentAction\",\"name\":\"Comment\",\"target\":[\"https:\\\/\\\/tirinha.com\\\/973\\\/artesanato-e-raizes-nos-desenhos-de-estela-clares\\\/#respond\"]}]},{\"@type\":\"WebPage\",\"@id\":\"https:\\\/\\\/tirinha.com\\\/973\\\/artesanato-e-raizes-nos-desenhos-de-estela-clares\\\/\",\"url\":\"https:\\\/\\\/tirinha.com\\\/973\\\/artesanato-e-raizes-nos-desenhos-de-estela-clares\\\/\",\"name\":\"Artesanato e ra\u00edzes nos desenhos de Estela Clares - Tirinha.com\",\"isPartOf\":{\"@id\":\"https:\\\/\\\/tirinha.com\\\/#website\"},\"primaryImageOfPage\":{\"@id\":\"https:\\\/\\\/tirinha.com\\\/973\\\/artesanato-e-raizes-nos-desenhos-de-estela-clares\\\/#primaryimage\"},\"image\":{\"@id\":\"https:\\\/\\\/tirinha.com\\\/973\\\/artesanato-e-raizes-nos-desenhos-de-estela-clares\\\/#primaryimage\"},\"thumbnailUrl\":\"https:\\\/\\\/elgeneracionalpost.com\\\/wp-content\\\/uploads\\\/2023\\\/04\\\/Cristina-Gomez-Ruiz-93-691x1024.jpg\",\"datePublished\":\"2023-04-03T22:57:56+00:00\",\"breadcrumb\":{\"@id\":\"https:\\\/\\\/tirinha.com\\\/973\\\/artesanato-e-raizes-nos-desenhos-de-estela-clares\\\/#breadcrumb\"},\"inLanguage\":\"uz-UZ\",\"potentialAction\":[{\"@type\":\"ReadAction\",\"target\":[\"https:\\\/\\\/tirinha.com\\\/973\\\/artesanato-e-raizes-nos-desenhos-de-estela-clares\\\/\"]}]},{\"@type\":\"ImageObject\",\"inLanguage\":\"uz-UZ\",\"@id\":\"https:\\\/\\\/tirinha.com\\\/973\\\/artesanato-e-raizes-nos-desenhos-de-estela-clares\\\/#primaryimage\",\"url\":\"https:\\\/\\\/elgeneracionalpost.com\\\/wp-content\\\/uploads\\\/2023\\\/04\\\/Cristina-Gomez-Ruiz-93-691x1024.jpg\",\"contentUrl\":\"https:\\\/\\\/elgeneracionalpost.com\\\/wp-content\\\/uploads\\\/2023\\\/04\\\/Cristina-Gomez-Ruiz-93-691x1024.jpg\"},{\"@type\":\"BreadcrumbList\",\"@id\":\"https:\\\/\\\/tirinha.com\\\/973\\\/artesanato-e-raizes-nos-desenhos-de-estela-clares\\\/#breadcrumb\",\"itemListElement\":[{\"@type\":\"ListItem\",\"position\":1,\"name\":\"Home\",\"item\":\"https:\\\/\\\/tirinha.com\\\/\"},{\"@type\":\"ListItem\",\"position\":2,\"name\":\"Artesanato e ra\u00edzes nos desenhos de Estela Clares\"}]},{\"@type\":\"WebSite\",\"@id\":\"https:\\\/\\\/tirinha.com\\\/#website\",\"url\":\"https:\\\/\\\/tirinha.com\\\/\",\"name\":\"Tirinha.com\",\"description\":\"Arte e livros resenhas\",\"publisher\":{\"@id\":\"https:\\\/\\\/tirinha.com\\\/#organization\"},\"potentialAction\":[{\"@type\":\"SearchAction\",\"target\":{\"@type\":\"EntryPoint\",\"urlTemplate\":\"https:\\\/\\\/tirinha.com\\\/?s={search_term_string}\"},\"query-input\":{\"@type\":\"PropertyValueSpecification\",\"valueRequired\":true,\"valueName\":\"search_term_string\"}}],\"inLanguage\":\"uz-UZ\"},{\"@type\":\"Organization\",\"@id\":\"https:\\\/\\\/tirinha.com\\\/#organization\",\"name\":\"Tirinha.com\",\"url\":\"https:\\\/\\\/tirinha.com\\\/\",\"logo\":{\"@type\":\"ImageObject\",\"inLanguage\":\"uz-UZ\",\"@id\":\"https:\\\/\\\/tirinha.com\\\/#\\\/schema\\\/logo\\\/image\\\/\",\"url\":\"https:\\\/\\\/tirinha.com\\\/wp-content\\\/uploads\\\/2023\\\/08\\\/cropped-Logo-Tirinha.webp\",\"contentUrl\":\"https:\\\/\\\/tirinha.com\\\/wp-content\\\/uploads\\\/2023\\\/08\\\/cropped-Logo-Tirinha.webp\",\"width\":512,\"height\":512,\"caption\":\"Tirinha.com\"},\"image\":{\"@id\":\"https:\\\/\\\/tirinha.com\\\/#\\\/schema\\\/logo\\\/image\\\/\"}},{\"@type\":\"Person\",\"@id\":\"https:\\\/\\\/tirinha.com\\\/#\\\/schema\\\/person\\\/e22bdfbe17e0461f7e927e6a1208d4d9\",\"name\":\"admin\",\"image\":{\"@type\":\"ImageObject\",\"inLanguage\":\"uz-UZ\",\"@id\":\"https:\\\/\\\/tirinha.com\\\/wp-content\\\/litespeed\\\/avatar\\\/d0068f7931cc87d7274eb0c3db1deb4b.jpg?ver=1776829466\",\"url\":\"https:\\\/\\\/tirinha.com\\\/wp-content\\\/litespeed\\\/avatar\\\/d0068f7931cc87d7274eb0c3db1deb4b.jpg?ver=1776829466\",\"contentUrl\":\"https:\\\/\\\/tirinha.com\\\/wp-content\\\/litespeed\\\/avatar\\\/d0068f7931cc87d7274eb0c3db1deb4b.jpg?ver=1776829466\",\"caption\":\"admin\"},\"sameAs\":[\"https:\\\/\\\/tirinha.com\"],\"url\":\"https:\\\/\\\/tirinha.com\\\/uz\\\/author\\\/admin\\\/\"}]}<\/script>\n<!-- \/ Yoast SEO plugin. -->","yoast_head_json":{"title":"Estela Klaresning rasmlaridagi hunarmandchilik va ildizlar - Tirinha.com","robots":{"index":"index","follow":"follow","max-snippet":"max-snippet:-1","max-image-preview":"max-image-preview:large","max-video-preview":"max-video-preview:-1"},"canonical":"https:\/\/tirinha.com\/uz\/973\/estela-klaresning-rasmlaridagi-hunarmandchilik-va-ildizlar\/","og_locale":"uz_UZ","og_type":"article","og_title":"Artesanato e ra\u00edzes nos desenhos de Estela Clares - Tirinha.com","og_description":"O campo e as mem\u00f3rias s\u00e3o os fios que costuram as roupas desta marca de moda espanhola A estilista Estela &hellip;","og_url":"https:\/\/tirinha.com\/uz\/973\/estela-klaresning-rasmlaridagi-hunarmandchilik-va-ildizlar\/","og_site_name":"Tirinha.com","article_published_time":"2023-04-03T22:57:56+00:00","og_image":[{"url":"https:\/\/elgeneracionalpost.com\/wp-content\/uploads\/2023\/04\/Cristina-Gomez-Ruiz-93-691x1024.jpg","type":"","width":"","height":""}],"author":"admin","twitter_card":"summary_large_image","twitter_image":"https:\/\/elgeneracionalpost.com\/wp-content\/uploads\/2023\/04\/Cristina-Gomez-Ruiz-93-691x1024.jpg","twitter_misc":{"Written by":"admin","Est. reading time":"3 daqiqa"},"schema":{"@context":"https:\/\/schema.org","@graph":[{"@type":"Article","@id":"https:\/\/tirinha.com\/973\/artesanato-e-raizes-nos-desenhos-de-estela-clares\/#article","isPartOf":{"@id":"https:\/\/tirinha.com\/973\/artesanato-e-raizes-nos-desenhos-de-estela-clares\/"},"author":{"name":"admin","@id":"https:\/\/tirinha.com\/#\/schema\/person\/e22bdfbe17e0461f7e927e6a1208d4d9"},"headline":"Artesanato e ra\u00edzes nos desenhos de Estela Clares","datePublished":"2023-04-03T22:57:56+00:00","mainEntityOfPage":{"@id":"https:\/\/tirinha.com\/973\/artesanato-e-raizes-nos-desenhos-de-estela-clares\/"},"wordCount":511,"commentCount":0,"publisher":{"@id":"https:\/\/tirinha.com\/#organization"},"image":{"@id":"https:\/\/tirinha.com\/973\/artesanato-e-raizes-nos-desenhos-de-estela-clares\/#primaryimage"},"thumbnailUrl":"https:\/\/elgeneracionalpost.com\/wp-content\/uploads\/2023\/04\/Cristina-Gomez-Ruiz-93-691x1024.jpg","articleSection":["Cultura e lazer"],"inLanguage":"uz-UZ","potentialAction":[{"@type":"CommentAction","name":"Comment","target":["https:\/\/tirinha.com\/973\/artesanato-e-raizes-nos-desenhos-de-estela-clares\/#respond"]}]},{"@type":"WebPage","@id":"https:\/\/tirinha.com\/973\/artesanato-e-raizes-nos-desenhos-de-estela-clares\/","url":"https:\/\/tirinha.com\/973\/artesanato-e-raizes-nos-desenhos-de-estela-clares\/","name":"Estela Klaresning rasmlaridagi hunarmandchilik va ildizlar - Tirinha.com","isPartOf":{"@id":"https:\/\/tirinha.com\/#website"},"primaryImageOfPage":{"@id":"https:\/\/tirinha.com\/973\/artesanato-e-raizes-nos-desenhos-de-estela-clares\/#primaryimage"},"image":{"@id":"https:\/\/tirinha.com\/973\/artesanato-e-raizes-nos-desenhos-de-estela-clares\/#primaryimage"},"thumbnailUrl":"https:\/\/elgeneracionalpost.com\/wp-content\/uploads\/2023\/04\/Cristina-Gomez-Ruiz-93-691x1024.jpg","datePublished":"2023-04-03T22:57:56+00:00","breadcrumb":{"@id":"https:\/\/tirinha.com\/973\/artesanato-e-raizes-nos-desenhos-de-estela-clares\/#breadcrumb"},"inLanguage":"uz-UZ","potentialAction":[{"@type":"ReadAction","target":["https:\/\/tirinha.com\/973\/artesanato-e-raizes-nos-desenhos-de-estela-clares\/"]}]},{"@type":"ImageObject","inLanguage":"uz-UZ","@id":"https:\/\/tirinha.com\/973\/artesanato-e-raizes-nos-desenhos-de-estela-clares\/#primaryimage","url":"https:\/\/elgeneracionalpost.com\/wp-content\/uploads\/2023\/04\/Cristina-Gomez-Ruiz-93-691x1024.jpg","contentUrl":"https:\/\/elgeneracionalpost.com\/wp-content\/uploads\/2023\/04\/Cristina-Gomez-Ruiz-93-691x1024.jpg"},{"@type":"BreadcrumbList","@id":"https:\/\/tirinha.com\/973\/artesanato-e-raizes-nos-desenhos-de-estela-clares\/#breadcrumb","itemListElement":[{"@type":"ListItem","position":1,"name":"Home","item":"https:\/\/tirinha.com\/"},{"@type":"ListItem","position":2,"name":"Artesanato e ra\u00edzes nos desenhos de Estela Clares"}]},{"@type":"WebSite","@id":"https:\/\/tirinha.com\/#website","url":"https:\/\/tirinha.com\/","name":"Tirinha.com","description":"San&#039;at va kitob sharhlari","publisher":{"@id":"https:\/\/tirinha.com\/#organization"},"potentialAction":[{"@type":"SearchAction","target":{"@type":"EntryPoint","urlTemplate":"https:\/\/tirinha.com\/?s={search_term_string}"},"query-input":{"@type":"PropertyValueSpecification","valueRequired":true,"valueName":"search_term_string"}}],"inLanguage":"uz-UZ"},{"@type":"Organization","@id":"https:\/\/tirinha.com\/#organization","name":"Tirinha.com","url":"https:\/\/tirinha.com\/","logo":{"@type":"ImageObject","inLanguage":"uz-UZ","@id":"https:\/\/tirinha.com\/#\/schema\/logo\/image\/","url":"https:\/\/tirinha.com\/wp-content\/uploads\/2023\/08\/cropped-Logo-Tirinha.webp","contentUrl":"https:\/\/tirinha.com\/wp-content\/uploads\/2023\/08\/cropped-Logo-Tirinha.webp","width":512,"height":512,"caption":"Tirinha.com"},"image":{"@id":"https:\/\/tirinha.com\/#\/schema\/logo\/image\/"}},{"@type":"Person","@id":"https:\/\/tirinha.com\/#\/schema\/person\/e22bdfbe17e0461f7e927e6a1208d4d9","name":"admin","image":{"@type":"ImageObject","inLanguage":"uz-UZ","@id":"https:\/\/tirinha.com\/wp-content\/litespeed\/avatar\/d0068f7931cc87d7274eb0c3db1deb4b.jpg?ver=1776829466","url":"https:\/\/tirinha.com\/wp-content\/litespeed\/avatar\/d0068f7931cc87d7274eb0c3db1deb4b.jpg?ver=1776829466","contentUrl":"https:\/\/tirinha.com\/wp-content\/litespeed\/avatar\/d0068f7931cc87d7274eb0c3db1deb4b.jpg?ver=1776829466","caption":"admin"},"sameAs":["https:\/\/tirinha.com"],"url":"https:\/\/tirinha.com\/uz\/author\/admin\/"}]}},"_links":{"self":[{"href":"https:\/\/tirinha.com\/uz\/wp-json\/wp\/v2\/posts\/973","targetHints":{"allow":["GET"]}}],"collection":[{"href":"https:\/\/tirinha.com\/uz\/wp-json\/wp\/v2\/posts"}],"about":[{"href":"https:\/\/tirinha.com\/uz\/wp-json\/wp\/v2\/types\/post"}],"author":[{"embeddable":true,"href":"https:\/\/tirinha.com\/uz\/wp-json\/wp\/v2\/users\/1"}],"replies":[{"embeddable":true,"href":"https:\/\/tirinha.com\/uz\/wp-json\/wp\/v2\/comments?post=973"}],"version-history":[{"count":0,"href":"https:\/\/tirinha.com\/uz\/wp-json\/wp\/v2\/posts\/973\/revisions"}],"wp:featuredmedia":[{"embeddable":true,"href":"https:\/\/tirinha.com\/uz\/wp-json\/wp\/v2\/media\/974"}],"wp:attachment":[{"href":"https:\/\/tirinha.com\/uz\/wp-json\/wp\/v2\/media?parent=973"}],"wp:term":[{"taxonomy":"category","embeddable":true,"href":"https:\/\/tirinha.com\/uz\/wp-json\/wp\/v2\/categories?post=973"},{"taxonomy":"post_tag","embeddable":true,"href":"https:\/\/tirinha.com\/uz\/wp-json\/wp\/v2\/tags?post=973"}],"curies":[{"name":"wp","href":"https:\/\/api.w.org\/{rel}","templated":true}]}}