{"id":927,"date":"2023-04-03T17:51:27","date_gmt":"2023-04-03T17:51:27","guid":{"rendered":"https:\/\/tirinha.com\/torrejon-de-ardoz-mala-rodriguez-e-el-chojin-estarao-no-epica-jam\/"},"modified":"2023-04-03T17:51:27","modified_gmt":"2023-04-03T17:51:27","slug":"torrejon-de-ardoz-mala-rodriges-va-el-chojin-epik-murabboda-boladi","status":"publish","type":"post","link":"https:\/\/tirinha.com\/uz\/927\/torrejon-de-ardoz-mala-rodriguez-e-el-chojin-estarao-no-epica-jam\/","title":{"rendered":"TORREJ\u00d3N DE ARDOZ\/ Mala Rodriges va El Chojin \u00c9pica Jamda bo&#039;lishadi."},"content":{"rendered":"<p><\/p>\n<div>\n<p>Festival <strong>Epik Jam 2023<\/strong> Torrejon shunday rassomlar bilan birga keladi <strong>Mala Rodriges, Nach, Rapsusklei, Morodo, El Chojin yoki Frank T<\/strong>iyun oyida barcha Torrejoneros uchun taqdim etiladi.<\/p>\n<p>Uchrashuv shu kuni bo&#039;lib o&#039;tadi<strong> 3-iyun kuni Torrej\u00f3n de Ardoz yarmarkasining konsert zalida <\/strong>To&#039;liq sig&#039;imga yetguncha kirish bepul. Bundan tashqari, tushdan keyin asosiy sahnadagi chiqishlar bilan almashtiriladigan tadbirlar bo&#039;lib o&#039;tadi. Ular... orqali efirga uzatiladi. <strong>yuqish<\/strong>. <\/p>\n<aside class=\"scaip scaip-1\">\n\t\t<\/aside>\n<p>Hozircha faqat \u00c9pica Jamning posteri chiqarildi, unda kabi san&#039;atkorlar ishtirok etdi <strong>Morodo, Ambrok, Duo Kie, Frank T, Ocer va Rade, Swan Fyahbwoy, Shotta, Zeta, ZPU, R de Rumba, Dj Big Falanges yoki MC Randy.<\/strong> Ularning barchasiga hamrohlik qilishdi <strong>Grafiti rassomi Suso33, breakdancers Fresh Rockers va Double H va Queen Mary tomonidan taqdimot qilindi.<\/strong>. Bu e&#039;lon o&#039;tgan chorshanba kuni Atocha Advokatlar Ko&#039;p maqsadli Markazi tomonidan efirga uzatilgan radio dasturida e&#039;lon qilindi. Biroq, qolgan rassomlar juma kuni tasdiqlanadi. <\/p>\n<p>Konsistoriyada tushuntirilganidek, bu ziyofat quyidagilarga kiritilgan <strong>Torrexon yozgi festivali 2023<\/strong>Torrexon de Ardozda mutlaqo bepul kontsert festivali.<\/p>\n<figure class=\"wp-block-image size-large\"><img fetchpriority=\"high\" decoding=\"async\" width=\"780\" height=\"520\" alt=\"Torrejon konsert zali\" class=\"wp-image-383851 jetpack-lazy-image\" data-recalc-dims=\"1\" srcset=\"https:\/\/i0.wp.com\/noticiasparamunicipios.com\/wp-content\/uploads\/2023\/03\/Concierto-Recinto-Ferial-Torrejon-scaled.jpg?resize=1024%2C683&amp;ssl=1 1024w, https:\/\/i0.wp.com\/noticiasparamunicipios.com\/wp-content\/uploads\/2023\/03\/Concierto-Recinto-Ferial-Torrejon-scaled.jpg?resize=300%2C200&amp;ssl=1 300w, https:\/\/i0.wp.com\/noticiasparamunicipios.com\/wp-content\/uploads\/2023\/03\/Concierto-Recinto-Ferial-Torrejon-scaled.jpg?resize=768%2C512&amp;ssl=1 768w, https:\/\/i0.wp.com\/noticiasparamunicipios.com\/wp-content\/uploads\/2023\/03\/Concierto-Recinto-Ferial-Torrejon-scaled.jpg?resize=1536%2C1024&amp;ssl=1 1536w, https:\/\/i0.wp.com\/noticiasparamunicipios.com\/wp-content\/uploads\/2023\/03\/Concierto-Recinto-Ferial-Torrejon-scaled.jpg?resize=2048%2C1365&amp;ssl=1 2048w, https:\/\/i0.wp.com\/noticiasparamunicipios.com\/wp-content\/uploads\/2023\/03\/Concierto-Recinto-Ferial-Torrejon-scaled.jpg?resize=1200%2C800&amp;ssl=1 1200w, https:\/\/i0.wp.com\/noticiasparamunicipios.com\/wp-content\/uploads\/2023\/03\/Concierto-Recinto-Ferial-Torrejon-scaled.jpg?resize=1568%2C1045&amp;ssl=1 1568w, https:\/\/i0.wp.com\/noticiasparamunicipios.com\/wp-content\/uploads\/2023\/03\/Concierto-Recinto-Ferial-Torrejon-scaled.jpg?resize=400%2C267&amp;ssl=1 400w, https:\/\/i0.wp.com\/noticiasparamunicipios.com\/wp-content\/uploads\/2023\/03\/Concierto-Recinto-Ferial-Torrejon-scaled.jpg?w=2340&amp;ssl=1 2340w\" data-lazy-sizes=\"(max-width: 780px) 100vw, 780px\" src=\"https:\/\/i0.wp.com\/noticiasparamunicipios.com\/wp-content\/uploads\/2023\/03\/Concierto-Recinto-Ferial-Torrejon.jpg?resize=780%2C520&amp;is-pending-load=1#038;ssl=1\"\/><noscript><img data-lazy-fallback=\"1\" decoding=\"async\" width=\"780\" height=\"520\" src=\"https:\/\/i0.wp.com\/noticiasparamunicipios.com\/wp-content\/uploads\/2023\/03\/Concierto-Recinto-Ferial-Torrejon.jpg?resize=780%2C520&amp;ssl=1\" alt=\"Torrejon konsert zali\" class=\"wp-image-383851\" srcset=\"https:\/\/i0.wp.com\/noticiasparamunicipios.com\/wp-content\/uploads\/2023\/03\/Concierto-Recinto-Ferial-Torrejon-scaled.jpg?resize=1024%2C683&amp;ssl=1 1024w, https:\/\/i0.wp.com\/noticiasparamunicipios.com\/wp-content\/uploads\/2023\/03\/Concierto-Recinto-Ferial-Torrejon-scaled.jpg?resize=300%2C200&amp;ssl=1 300w, https:\/\/i0.wp.com\/noticiasparamunicipios.com\/wp-content\/uploads\/2023\/03\/Concierto-Recinto-Ferial-Torrejon-scaled.jpg?resize=768%2C512&amp;ssl=1 768w, https:\/\/i0.wp.com\/noticiasparamunicipios.com\/wp-content\/uploads\/2023\/03\/Concierto-Recinto-Ferial-Torrejon-scaled.jpg?resize=1536%2C1024&amp;ssl=1 1536w, https:\/\/i0.wp.com\/noticiasparamunicipios.com\/wp-content\/uploads\/2023\/03\/Concierto-Recinto-Ferial-Torrejon-scaled.jpg?resize=2048%2C1365&amp;ssl=1 2048w, https:\/\/i0.wp.com\/noticiasparamunicipios.com\/wp-content\/uploads\/2023\/03\/Concierto-Recinto-Ferial-Torrejon-scaled.jpg?resize=1200%2C800&amp;ssl=1 1200w, https:\/\/i0.wp.com\/noticiasparamunicipios.com\/wp-content\/uploads\/2023\/03\/Concierto-Recinto-Ferial-Torrejon-scaled.jpg?resize=1568%2C1045&amp;ssl=1 1568w, https:\/\/i0.wp.com\/noticiasparamunicipios.com\/wp-content\/uploads\/2023\/03\/Concierto-Recinto-Ferial-Torrejon-scaled.jpg?resize=400%2C267&amp;ssl=1 400w, https:\/\/i0.wp.com\/noticiasparamunicipios.com\/wp-content\/uploads\/2023\/03\/Concierto-Recinto-Ferial-Torrejon-scaled.jpg?w=2340&amp;ssl=1 2340w\" sizes=\"(max-width: 780px) 100vw, 780px\" data-recalc-dims=\"1\"\/><\/noscript><figcaption class=\"wp-element-caption\">Torrejon konsert zali<\/figcaption><\/figure>\n<h3 class=\"wp-block-heading\">Hip-hopning 50 yilligini nishonlang<\/h3>\n<p>Reper El Chojin Epic Jam &quot;bo&#039;lishini e&#039;lon qildi\u00ab<strong>So&#039;nggi o&#039;n yilliklarda Ispaniyada birinchi hip-hop qilichlarini namoyish etuvchi noyob festival.<\/strong>\u00ab. <\/p>\n<aside class=\"scaip scaip-2\">\n\t\t<\/aside>\n<p>O&#039;z navbatida, reper va tadbir boshlovchisi, <strong>Frank T.<\/strong>U hip-hopning 50 yilligini nishonlash &quot;ni namoyish etish&quot; ekanligini ta&#039;kidladi.\u00ab<strong>Boshida juda kichik va ahamiyatsiz bo&#039;lgan narsa shahar madaniyatining bir qismi sifatida ulkan va hal qiluvchi bo&#039;lib qolishi mumkin.\u00bb<\/strong>.<\/p>\n<p><h3 class=\"jp-relatedposts-headline\"><em>Tegishli<\/em><\/h3>\n<\/p><\/div>","protected":false},"excerpt":{"rendered":"<p>O festival Jam \u00e9pico 2023 vem a Torrej\u00f3n com artistas como Mala Rodr\u00edguez, Nach, Rapsusklei, Morodo, El Chojin ou Frank &hellip; <\/p>","protected":false},"author":1,"featured_media":928,"comment_status":"open","ping_status":"open","sticky":false,"template":"","format":"standard","meta":{"fifu_image_url":"https:\/\/noticiasparamunicipios.com\/wp-content\/uploads\/2023\/03\/Mala-Rodriguez.jpg","fifu_image_alt":"","footnotes":""},"categories":[35],"tags":[],"class_list":["post-927","post","type-post","status-publish","format-standard","has-post-thumbnail","hentry","category-cultura-e-lazer","latest_post"],"yoast_head":"<!-- This site is optimized with the Yoast SEO plugin v27.3 - https:\/\/yoast.com\/product\/yoast-seo-wordpress\/ -->\n<title>TORREJ\u00d3N DE ARDOZ\/ Mala Rodr\u00edguez e El Chojin estar\u00e3o no \u00c9pica Jam - Tirinha.com<\/title>\n<meta name=\"robots\" content=\"index, follow, max-snippet:-1, max-image-preview:large, max-video-preview:-1\" \/>\n<link rel=\"canonical\" href=\"https:\/\/tirinha.com\/uz\/927\/torrejon-de-ardoz-mala-rodriges-va-el-chojin-epik-murabboda-boladi\/\" \/>\n<meta property=\"og:locale\" content=\"uz_UZ\" \/>\n<meta property=\"og:type\" content=\"article\" \/>\n<meta property=\"og:title\" content=\"TORREJ\u00d3N DE ARDOZ\/ Mala Rodr\u00edguez e El Chojin estar\u00e3o no \u00c9pica Jam - Tirinha.com\" \/>\n<meta property=\"og:description\" content=\"O festival Jam \u00e9pico 2023 vem a Torrej\u00f3n com artistas como Mala Rodr\u00edguez, Nach, Rapsusklei, Morodo, El Chojin ou Frank &hellip;\" \/>\n<meta property=\"og:url\" content=\"https:\/\/tirinha.com\/uz\/927\/torrejon-de-ardoz-mala-rodriges-va-el-chojin-epik-murabboda-boladi\/\" \/>\n<meta property=\"og:site_name\" content=\"Tirinha.com\" \/>\n<meta property=\"article:published_time\" content=\"2023-04-03T17:51:27+00:00\" \/>\n<meta property=\"og:image\" content=\"https:\/\/noticiasparamunicipios.com\/wp-content\/uploads\/2023\/03\/Mala-Rodriguez.jpg\" \/>\n<meta name=\"author\" content=\"admin\" \/>\n<meta name=\"twitter:card\" content=\"summary_large_image\" \/>\n<meta name=\"twitter:image\" content=\"https:\/\/noticiasparamunicipios.com\/wp-content\/uploads\/2023\/03\/Mala-Rodriguez.jpg\" \/>\n<meta name=\"twitter:label1\" content=\"Written by\" \/>\n\t<meta name=\"twitter:data1\" content=\"admin\" \/>\n\t<meta name=\"twitter:label2\" content=\"Est. reading time\" \/>\n\t<meta name=\"twitter:data2\" content=\"1 daqiqa\" \/>\n<script type=\"application\/ld+json\" class=\"yoast-schema-graph\">{\"@context\":\"https:\\\/\\\/schema.org\",\"@graph\":[{\"@type\":\"Article\",\"@id\":\"https:\\\/\\\/tirinha.com\\\/927\\\/torrejon-de-ardoz-mala-rodriguez-e-el-chojin-estarao-no-epica-jam\\\/#article\",\"isPartOf\":{\"@id\":\"https:\\\/\\\/tirinha.com\\\/927\\\/torrejon-de-ardoz-mala-rodriguez-e-el-chojin-estarao-no-epica-jam\\\/\"},\"author\":{\"name\":\"admin\",\"@id\":\"https:\\\/\\\/tirinha.com\\\/#\\\/schema\\\/person\\\/e22bdfbe17e0461f7e927e6a1208d4d9\"},\"headline\":\"TORREJ\u00d3N DE ARDOZ\\\/ Mala Rodr\u00edguez e El Chojin estar\u00e3o no \u00c9pica Jam\",\"datePublished\":\"2023-04-03T17:51:27+00:00\",\"mainEntityOfPage\":{\"@id\":\"https:\\\/\\\/tirinha.com\\\/927\\\/torrejon-de-ardoz-mala-rodriguez-e-el-chojin-estarao-no-epica-jam\\\/\"},\"wordCount\":292,\"commentCount\":0,\"publisher\":{\"@id\":\"https:\\\/\\\/tirinha.com\\\/#organization\"},\"image\":{\"@id\":\"https:\\\/\\\/tirinha.com\\\/927\\\/torrejon-de-ardoz-mala-rodriguez-e-el-chojin-estarao-no-epica-jam\\\/#primaryimage\"},\"thumbnailUrl\":\"https:\\\/\\\/noticiasparamunicipios.com\\\/wp-content\\\/uploads\\\/2023\\\/03\\\/Mala-Rodriguez.jpg\",\"articleSection\":[\"Cultura e lazer\"],\"inLanguage\":\"uz-UZ\",\"potentialAction\":[{\"@type\":\"CommentAction\",\"name\":\"Comment\",\"target\":[\"https:\\\/\\\/tirinha.com\\\/927\\\/torrejon-de-ardoz-mala-rodriguez-e-el-chojin-estarao-no-epica-jam\\\/#respond\"]}]},{\"@type\":\"WebPage\",\"@id\":\"https:\\\/\\\/tirinha.com\\\/927\\\/torrejon-de-ardoz-mala-rodriguez-e-el-chojin-estarao-no-epica-jam\\\/\",\"url\":\"https:\\\/\\\/tirinha.com\\\/927\\\/torrejon-de-ardoz-mala-rodriguez-e-el-chojin-estarao-no-epica-jam\\\/\",\"name\":\"TORREJ\u00d3N DE ARDOZ\\\/ Mala Rodr\u00edguez e El Chojin estar\u00e3o no \u00c9pica Jam - Tirinha.com\",\"isPartOf\":{\"@id\":\"https:\\\/\\\/tirinha.com\\\/#website\"},\"primaryImageOfPage\":{\"@id\":\"https:\\\/\\\/tirinha.com\\\/927\\\/torrejon-de-ardoz-mala-rodriguez-e-el-chojin-estarao-no-epica-jam\\\/#primaryimage\"},\"image\":{\"@id\":\"https:\\\/\\\/tirinha.com\\\/927\\\/torrejon-de-ardoz-mala-rodriguez-e-el-chojin-estarao-no-epica-jam\\\/#primaryimage\"},\"thumbnailUrl\":\"https:\\\/\\\/noticiasparamunicipios.com\\\/wp-content\\\/uploads\\\/2023\\\/03\\\/Mala-Rodriguez.jpg\",\"datePublished\":\"2023-04-03T17:51:27+00:00\",\"breadcrumb\":{\"@id\":\"https:\\\/\\\/tirinha.com\\\/927\\\/torrejon-de-ardoz-mala-rodriguez-e-el-chojin-estarao-no-epica-jam\\\/#breadcrumb\"},\"inLanguage\":\"uz-UZ\",\"potentialAction\":[{\"@type\":\"ReadAction\",\"target\":[\"https:\\\/\\\/tirinha.com\\\/927\\\/torrejon-de-ardoz-mala-rodriguez-e-el-chojin-estarao-no-epica-jam\\\/\"]}]},{\"@type\":\"ImageObject\",\"inLanguage\":\"uz-UZ\",\"@id\":\"https:\\\/\\\/tirinha.com\\\/927\\\/torrejon-de-ardoz-mala-rodriguez-e-el-chojin-estarao-no-epica-jam\\\/#primaryimage\",\"url\":\"https:\\\/\\\/noticiasparamunicipios.com\\\/wp-content\\\/uploads\\\/2023\\\/03\\\/Mala-Rodriguez.jpg\",\"contentUrl\":\"https:\\\/\\\/noticiasparamunicipios.com\\\/wp-content\\\/uploads\\\/2023\\\/03\\\/Mala-Rodriguez.jpg\"},{\"@type\":\"BreadcrumbList\",\"@id\":\"https:\\\/\\\/tirinha.com\\\/927\\\/torrejon-de-ardoz-mala-rodriguez-e-el-chojin-estarao-no-epica-jam\\\/#breadcrumb\",\"itemListElement\":[{\"@type\":\"ListItem\",\"position\":1,\"name\":\"Home\",\"item\":\"https:\\\/\\\/tirinha.com\\\/\"},{\"@type\":\"ListItem\",\"position\":2,\"name\":\"TORREJ\u00d3N DE ARDOZ\\\/ Mala Rodr\u00edguez e El Chojin estar\u00e3o no \u00c9pica Jam\"}]},{\"@type\":\"WebSite\",\"@id\":\"https:\\\/\\\/tirinha.com\\\/#website\",\"url\":\"https:\\\/\\\/tirinha.com\\\/\",\"name\":\"Tirinha.com\",\"description\":\"Arte e livros resenhas\",\"publisher\":{\"@id\":\"https:\\\/\\\/tirinha.com\\\/#organization\"},\"potentialAction\":[{\"@type\":\"SearchAction\",\"target\":{\"@type\":\"EntryPoint\",\"urlTemplate\":\"https:\\\/\\\/tirinha.com\\\/?s={search_term_string}\"},\"query-input\":{\"@type\":\"PropertyValueSpecification\",\"valueRequired\":true,\"valueName\":\"search_term_string\"}}],\"inLanguage\":\"uz-UZ\"},{\"@type\":\"Organization\",\"@id\":\"https:\\\/\\\/tirinha.com\\\/#organization\",\"name\":\"Tirinha.com\",\"url\":\"https:\\\/\\\/tirinha.com\\\/\",\"logo\":{\"@type\":\"ImageObject\",\"inLanguage\":\"uz-UZ\",\"@id\":\"https:\\\/\\\/tirinha.com\\\/#\\\/schema\\\/logo\\\/image\\\/\",\"url\":\"https:\\\/\\\/tirinha.com\\\/wp-content\\\/uploads\\\/2023\\\/08\\\/cropped-Logo-Tirinha.webp\",\"contentUrl\":\"https:\\\/\\\/tirinha.com\\\/wp-content\\\/uploads\\\/2023\\\/08\\\/cropped-Logo-Tirinha.webp\",\"width\":512,\"height\":512,\"caption\":\"Tirinha.com\"},\"image\":{\"@id\":\"https:\\\/\\\/tirinha.com\\\/#\\\/schema\\\/logo\\\/image\\\/\"}},{\"@type\":\"Person\",\"@id\":\"https:\\\/\\\/tirinha.com\\\/#\\\/schema\\\/person\\\/e22bdfbe17e0461f7e927e6a1208d4d9\",\"name\":\"admin\",\"image\":{\"@type\":\"ImageObject\",\"inLanguage\":\"uz-UZ\",\"@id\":\"https:\\\/\\\/tirinha.com\\\/wp-content\\\/litespeed\\\/avatar\\\/d0068f7931cc87d7274eb0c3db1deb4b.jpg?ver=1776829466\",\"url\":\"https:\\\/\\\/tirinha.com\\\/wp-content\\\/litespeed\\\/avatar\\\/d0068f7931cc87d7274eb0c3db1deb4b.jpg?ver=1776829466\",\"contentUrl\":\"https:\\\/\\\/tirinha.com\\\/wp-content\\\/litespeed\\\/avatar\\\/d0068f7931cc87d7274eb0c3db1deb4b.jpg?ver=1776829466\",\"caption\":\"admin\"},\"sameAs\":[\"https:\\\/\\\/tirinha.com\"],\"url\":\"https:\\\/\\\/tirinha.com\\\/uz\\\/author\\\/admin\\\/\"}]}<\/script>\n<!-- \/ Yoast SEO plugin. -->","yoast_head_json":{"title":"TORREJ\u00d3N DE ARDOZ\/ Mala Rodriges va El Chojin \u00c9pica Jamda bo&#039;lishadi - Tirinha.com","robots":{"index":"index","follow":"follow","max-snippet":"max-snippet:-1","max-image-preview":"max-image-preview:large","max-video-preview":"max-video-preview:-1"},"canonical":"https:\/\/tirinha.com\/uz\/927\/torrejon-de-ardoz-mala-rodriges-va-el-chojin-epik-murabboda-boladi\/","og_locale":"uz_UZ","og_type":"article","og_title":"TORREJ\u00d3N DE ARDOZ\/ Mala Rodr\u00edguez e El Chojin estar\u00e3o no \u00c9pica Jam - Tirinha.com","og_description":"O festival Jam \u00e9pico 2023 vem a Torrej\u00f3n com artistas como Mala Rodr\u00edguez, Nach, Rapsusklei, Morodo, El Chojin ou Frank &hellip;","og_url":"https:\/\/tirinha.com\/uz\/927\/torrejon-de-ardoz-mala-rodriges-va-el-chojin-epik-murabboda-boladi\/","og_site_name":"Tirinha.com","article_published_time":"2023-04-03T17:51:27+00:00","og_image":[{"url":"https:\/\/noticiasparamunicipios.com\/wp-content\/uploads\/2023\/03\/Mala-Rodriguez.jpg","type":"","width":"","height":""}],"author":"admin","twitter_card":"summary_large_image","twitter_image":"https:\/\/noticiasparamunicipios.com\/wp-content\/uploads\/2023\/03\/Mala-Rodriguez.jpg","twitter_misc":{"Written by":"admin","Est. reading time":"1 daqiqa"},"schema":{"@context":"https:\/\/schema.org","@graph":[{"@type":"Article","@id":"https:\/\/tirinha.com\/927\/torrejon-de-ardoz-mala-rodriguez-e-el-chojin-estarao-no-epica-jam\/#article","isPartOf":{"@id":"https:\/\/tirinha.com\/927\/torrejon-de-ardoz-mala-rodriguez-e-el-chojin-estarao-no-epica-jam\/"},"author":{"name":"admin","@id":"https:\/\/tirinha.com\/#\/schema\/person\/e22bdfbe17e0461f7e927e6a1208d4d9"},"headline":"TORREJ\u00d3N DE ARDOZ\/ Mala Rodr\u00edguez e El Chojin estar\u00e3o no \u00c9pica Jam","datePublished":"2023-04-03T17:51:27+00:00","mainEntityOfPage":{"@id":"https:\/\/tirinha.com\/927\/torrejon-de-ardoz-mala-rodriguez-e-el-chojin-estarao-no-epica-jam\/"},"wordCount":292,"commentCount":0,"publisher":{"@id":"https:\/\/tirinha.com\/#organization"},"image":{"@id":"https:\/\/tirinha.com\/927\/torrejon-de-ardoz-mala-rodriguez-e-el-chojin-estarao-no-epica-jam\/#primaryimage"},"thumbnailUrl":"https:\/\/noticiasparamunicipios.com\/wp-content\/uploads\/2023\/03\/Mala-Rodriguez.jpg","articleSection":["Cultura e lazer"],"inLanguage":"uz-UZ","potentialAction":[{"@type":"CommentAction","name":"Comment","target":["https:\/\/tirinha.com\/927\/torrejon-de-ardoz-mala-rodriguez-e-el-chojin-estarao-no-epica-jam\/#respond"]}]},{"@type":"WebPage","@id":"https:\/\/tirinha.com\/927\/torrejon-de-ardoz-mala-rodriguez-e-el-chojin-estarao-no-epica-jam\/","url":"https:\/\/tirinha.com\/927\/torrejon-de-ardoz-mala-rodriguez-e-el-chojin-estarao-no-epica-jam\/","name":"TORREJ\u00d3N DE ARDOZ\/ Mala Rodriges va El Chojin \u00c9pica Jamda bo&#039;lishadi - Tirinha.com","isPartOf":{"@id":"https:\/\/tirinha.com\/#website"},"primaryImageOfPage":{"@id":"https:\/\/tirinha.com\/927\/torrejon-de-ardoz-mala-rodriguez-e-el-chojin-estarao-no-epica-jam\/#primaryimage"},"image":{"@id":"https:\/\/tirinha.com\/927\/torrejon-de-ardoz-mala-rodriguez-e-el-chojin-estarao-no-epica-jam\/#primaryimage"},"thumbnailUrl":"https:\/\/noticiasparamunicipios.com\/wp-content\/uploads\/2023\/03\/Mala-Rodriguez.jpg","datePublished":"2023-04-03T17:51:27+00:00","breadcrumb":{"@id":"https:\/\/tirinha.com\/927\/torrejon-de-ardoz-mala-rodriguez-e-el-chojin-estarao-no-epica-jam\/#breadcrumb"},"inLanguage":"uz-UZ","potentialAction":[{"@type":"ReadAction","target":["https:\/\/tirinha.com\/927\/torrejon-de-ardoz-mala-rodriguez-e-el-chojin-estarao-no-epica-jam\/"]}]},{"@type":"ImageObject","inLanguage":"uz-UZ","@id":"https:\/\/tirinha.com\/927\/torrejon-de-ardoz-mala-rodriguez-e-el-chojin-estarao-no-epica-jam\/#primaryimage","url":"https:\/\/noticiasparamunicipios.com\/wp-content\/uploads\/2023\/03\/Mala-Rodriguez.jpg","contentUrl":"https:\/\/noticiasparamunicipios.com\/wp-content\/uploads\/2023\/03\/Mala-Rodriguez.jpg"},{"@type":"BreadcrumbList","@id":"https:\/\/tirinha.com\/927\/torrejon-de-ardoz-mala-rodriguez-e-el-chojin-estarao-no-epica-jam\/#breadcrumb","itemListElement":[{"@type":"ListItem","position":1,"name":"Home","item":"https:\/\/tirinha.com\/"},{"@type":"ListItem","position":2,"name":"TORREJ\u00d3N DE ARDOZ\/ Mala Rodr\u00edguez e El Chojin estar\u00e3o no \u00c9pica Jam"}]},{"@type":"WebSite","@id":"https:\/\/tirinha.com\/#website","url":"https:\/\/tirinha.com\/","name":"Tirinha.com","description":"San&#039;at va kitob sharhlari","publisher":{"@id":"https:\/\/tirinha.com\/#organization"},"potentialAction":[{"@type":"SearchAction","target":{"@type":"EntryPoint","urlTemplate":"https:\/\/tirinha.com\/?s={search_term_string}"},"query-input":{"@type":"PropertyValueSpecification","valueRequired":true,"valueName":"search_term_string"}}],"inLanguage":"uz-UZ"},{"@type":"Organization","@id":"https:\/\/tirinha.com\/#organization","name":"Tirinha.com","url":"https:\/\/tirinha.com\/","logo":{"@type":"ImageObject","inLanguage":"uz-UZ","@id":"https:\/\/tirinha.com\/#\/schema\/logo\/image\/","url":"https:\/\/tirinha.com\/wp-content\/uploads\/2023\/08\/cropped-Logo-Tirinha.webp","contentUrl":"https:\/\/tirinha.com\/wp-content\/uploads\/2023\/08\/cropped-Logo-Tirinha.webp","width":512,"height":512,"caption":"Tirinha.com"},"image":{"@id":"https:\/\/tirinha.com\/#\/schema\/logo\/image\/"}},{"@type":"Person","@id":"https:\/\/tirinha.com\/#\/schema\/person\/e22bdfbe17e0461f7e927e6a1208d4d9","name":"admin","image":{"@type":"ImageObject","inLanguage":"uz-UZ","@id":"https:\/\/tirinha.com\/wp-content\/litespeed\/avatar\/d0068f7931cc87d7274eb0c3db1deb4b.jpg?ver=1776829466","url":"https:\/\/tirinha.com\/wp-content\/litespeed\/avatar\/d0068f7931cc87d7274eb0c3db1deb4b.jpg?ver=1776829466","contentUrl":"https:\/\/tirinha.com\/wp-content\/litespeed\/avatar\/d0068f7931cc87d7274eb0c3db1deb4b.jpg?ver=1776829466","caption":"admin"},"sameAs":["https:\/\/tirinha.com"],"url":"https:\/\/tirinha.com\/uz\/author\/admin\/"}]}},"_links":{"self":[{"href":"https:\/\/tirinha.com\/uz\/wp-json\/wp\/v2\/posts\/927","targetHints":{"allow":["GET"]}}],"collection":[{"href":"https:\/\/tirinha.com\/uz\/wp-json\/wp\/v2\/posts"}],"about":[{"href":"https:\/\/tirinha.com\/uz\/wp-json\/wp\/v2\/types\/post"}],"author":[{"embeddable":true,"href":"https:\/\/tirinha.com\/uz\/wp-json\/wp\/v2\/users\/1"}],"replies":[{"embeddable":true,"href":"https:\/\/tirinha.com\/uz\/wp-json\/wp\/v2\/comments?post=927"}],"version-history":[{"count":0,"href":"https:\/\/tirinha.com\/uz\/wp-json\/wp\/v2\/posts\/927\/revisions"}],"wp:featuredmedia":[{"embeddable":true,"href":"https:\/\/tirinha.com\/uz\/wp-json\/wp\/v2\/media\/928"}],"wp:attachment":[{"href":"https:\/\/tirinha.com\/uz\/wp-json\/wp\/v2\/media?parent=927"}],"wp:term":[{"taxonomy":"category","embeddable":true,"href":"https:\/\/tirinha.com\/uz\/wp-json\/wp\/v2\/categories?post=927"},{"taxonomy":"post_tag","embeddable":true,"href":"https:\/\/tirinha.com\/uz\/wp-json\/wp\/v2\/tags?post=927"}],"curies":[{"name":"wp","href":"https:\/\/api.w.org\/{rel}","templated":true}]}}