{"id":862,"date":"2023-04-03T13:21:14","date_gmt":"2023-04-03T13:21:14","guid":{"rendered":"https:\/\/tirinha.com\/a-berlinale-considera-aumentar-o-preco-dos-ingressos-devido-a-inflacao\/"},"modified":"2023-04-03T13:21:14","modified_gmt":"2023-04-03T13:21:14","slug":"berlinale-kinoteatri-inflyatsiya-tufayli-chiptalar-narxini-oshirishni-korib-chiqmoqda","status":"publish","type":"post","link":"https:\/\/tirinha.com\/uz\/862\/a-berlinale-considera-aumentar-o-preco-dos-ingressos-devido-a-inflacao\/","title":{"rendered":"Berlinale kinoteatri inflyatsiya tufayli chiptalar narxini oshirishni ko&#039;rib chiqmoqda."},"content":{"rendered":"<p><\/p>\n<div data-id=\"7eeb31cd\" data-element_type=\"widget\" data-widget_type=\"theme-post-content.default\">\n<div class=\"elementor-widget-container\">\n<p>\u201c&quot;Biz ularni biroz qimmatroq qilishimiz kerak bo&#039;ladi, chunki hozirda narxlarning oshib borishiga duch kelmoqdamiz&quot;, dedi u.<\/p>\n<p>\u201cBiz hali ham nima qila olishimiz yoki nima qilishni xohlashimizni ichki jihatdan o\u02bbylab ko\u02bbrmoqdamiz. Chunki, shu bilan birga, albatta, biz narxlarni juda ko\u02bbp oshirish orqali jamoatchilikni qo\u02bbrqitmoqchi emasmiz\u201d, dedi u va har qanday holatda ham o\u02bbsish besh yevrodan (US$ 5.30) kam bo\u02bblishini qo\u02bbshimcha qildi.<\/p>\n<p>Rissenbeekning ta&#039;kidlashicha, energiya narxlarining oshishi Berlinale Palast yoki hatto kinoteatrlardagi texnologiya va yig&#039;ish kompaniyalari kabi ko&#039;plab xizmat ko&#039;rsatuvchi provayderlar uchun xarajatlarni oshirdi. Uning so&#039;zlariga ko&#039;ra, bu kompaniyalarning xodimlar va texnologiya xarajatlari yuqoriroq, bu esa o&#039;z navbatida Berlinalega o&#039;tadi.<\/p>\n<p>\u201cKinoteatrlarda energiya xarajatlari yuqori, shuning uchun ular uchun ijara haqi bizda yuqoriroq. Men tushunmaydigan sabablarga ko&#039;ra, bufet narxlari ham ikki baravar oshdi\u201d, dedi Rissenbeek.<\/p>\n<p>Yana bir muammo - tadbirlar sohasida xodimlarning yetishmasligi, shuning uchun ishchilar yuqori ish haqini talab qilishlari mumkin, dedi u.<\/p>\n<p>Mumkin bo&#039;lgan yechimlarga kelsak, Rissenbeek o&#039;z tadbirlarini o&#039;zgartirishini va festivalning ikkita yangi bosh homiysi va boshqa hamkorlari borligini aytdi. &quot;Ammo biz yangi homiylar bilan ham xarajatlarning oshishini yolg&#039;iz o&#039;zi moliyalashtira olmaymiz.&quot;\u201c<\/p>\n<p>Shuningdek, u rahbariyat Madaniyat bo&#039;yicha davlat kotibi bilan muzokaralar olib borayotganini e&#039;lon qildi.<\/p>\n<p>Kann va Venetsiya bilan bir qatorda, Berlinale dunyodagi yetakchi kinofestivallardan biridir. Keyingi nashri 2023-yil 16-26-fevral kunlari bo&#039;lib o&#039;tishi rejalashtirilgan.<\/p>\n<\/div>\n<\/div>","protected":false},"excerpt":{"rendered":"<p>&#8220;Teremos que encarec\u00ea-los um pouco mais, porque no momento estamos enfrentando um aumento de custos&#8221;, disse. \u201cAinda estamos pesando internamente &hellip; <\/p>","protected":false},"author":1,"featured_media":863,"comment_status":"open","ping_status":"open","sticky":false,"template":"","format":"standard","meta":{"fifu_image_url":"https:\/\/www.elboletin.com\/wp-content\/uploads\/2020\/08\/www.elboletin.com_fotos_1_138365_berlinale.jpg","fifu_image_alt":"","footnotes":""},"categories":[35],"tags":[],"class_list":["post-862","post","type-post","status-publish","format-standard","has-post-thumbnail","hentry","category-cultura-e-lazer","latest_post"],"yoast_head":"<!-- This site is optimized with the Yoast SEO plugin v27.3 - https:\/\/yoast.com\/product\/yoast-seo-wordpress\/ -->\n<title>A Berlinale considera aumentar o pre\u00e7o dos ingressos devido \u00e0 infla\u00e7\u00e3o - Tirinha.com<\/title>\n<meta name=\"robots\" content=\"index, follow, max-snippet:-1, max-image-preview:large, max-video-preview:-1\" \/>\n<link rel=\"canonical\" href=\"https:\/\/tirinha.com\/uz\/862\/berlinale-kinoteatri-inflyatsiya-tufayli-chiptalar-narxini-oshirishni-korib-chiqmoqda\/\" \/>\n<meta property=\"og:locale\" content=\"uz_UZ\" \/>\n<meta property=\"og:type\" content=\"article\" \/>\n<meta property=\"og:title\" content=\"A Berlinale considera aumentar o pre\u00e7o dos ingressos devido \u00e0 infla\u00e7\u00e3o - Tirinha.com\" \/>\n<meta property=\"og:description\" content=\"&#8220;Teremos que encarec\u00ea-los um pouco mais, porque no momento estamos enfrentando um aumento de custos&#8221;, disse. \u201cAinda estamos pesando internamente &hellip;\" \/>\n<meta property=\"og:url\" content=\"https:\/\/tirinha.com\/uz\/862\/berlinale-kinoteatri-inflyatsiya-tufayli-chiptalar-narxini-oshirishni-korib-chiqmoqda\/\" \/>\n<meta property=\"og:site_name\" content=\"Tirinha.com\" \/>\n<meta property=\"article:published_time\" content=\"2023-04-03T13:21:14+00:00\" \/>\n<meta property=\"og:image\" content=\"https:\/\/www.elboletin.com\/wp-content\/uploads\/2020\/08\/www.elboletin.com_fotos_1_138365_berlinale.jpg\" \/>\n<meta name=\"author\" content=\"admin\" \/>\n<meta name=\"twitter:card\" content=\"summary_large_image\" \/>\n<meta name=\"twitter:image\" content=\"https:\/\/www.elboletin.com\/wp-content\/uploads\/2020\/08\/www.elboletin.com_fotos_1_138365_berlinale.jpg\" \/>\n<meta name=\"twitter:label1\" content=\"Written by\" \/>\n\t<meta name=\"twitter:data1\" content=\"admin\" \/>\n\t<meta name=\"twitter:label2\" content=\"Est. reading time\" \/>\n\t<meta name=\"twitter:data2\" content=\"1 daqiqa\" \/>\n<script type=\"application\/ld+json\" class=\"yoast-schema-graph\">{\"@context\":\"https:\\\/\\\/schema.org\",\"@graph\":[{\"@type\":\"Article\",\"@id\":\"https:\\\/\\\/tirinha.com\\\/862\\\/a-berlinale-considera-aumentar-o-preco-dos-ingressos-devido-a-inflacao\\\/#article\",\"isPartOf\":{\"@id\":\"https:\\\/\\\/tirinha.com\\\/862\\\/a-berlinale-considera-aumentar-o-preco-dos-ingressos-devido-a-inflacao\\\/\"},\"author\":{\"name\":\"admin\",\"@id\":\"https:\\\/\\\/tirinha.com\\\/#\\\/schema\\\/person\\\/e22bdfbe17e0461f7e927e6a1208d4d9\"},\"headline\":\"A Berlinale considera aumentar o pre\u00e7o dos ingressos devido \u00e0 infla\u00e7\u00e3o\",\"datePublished\":\"2023-04-03T13:21:14+00:00\",\"mainEntityOfPage\":{\"@id\":\"https:\\\/\\\/tirinha.com\\\/862\\\/a-berlinale-considera-aumentar-o-preco-dos-ingressos-devido-a-inflacao\\\/\"},\"wordCount\":273,\"commentCount\":0,\"publisher\":{\"@id\":\"https:\\\/\\\/tirinha.com\\\/#organization\"},\"image\":{\"@id\":\"https:\\\/\\\/tirinha.com\\\/862\\\/a-berlinale-considera-aumentar-o-preco-dos-ingressos-devido-a-inflacao\\\/#primaryimage\"},\"thumbnailUrl\":\"https:\\\/\\\/www.elboletin.com\\\/wp-content\\\/uploads\\\/2020\\\/08\\\/www.elboletin.com_fotos_1_138365_berlinale.jpg\",\"articleSection\":[\"Cultura e lazer\"],\"inLanguage\":\"uz-UZ\",\"potentialAction\":[{\"@type\":\"CommentAction\",\"name\":\"Comment\",\"target\":[\"https:\\\/\\\/tirinha.com\\\/862\\\/a-berlinale-considera-aumentar-o-preco-dos-ingressos-devido-a-inflacao\\\/#respond\"]}]},{\"@type\":\"WebPage\",\"@id\":\"https:\\\/\\\/tirinha.com\\\/862\\\/a-berlinale-considera-aumentar-o-preco-dos-ingressos-devido-a-inflacao\\\/\",\"url\":\"https:\\\/\\\/tirinha.com\\\/862\\\/a-berlinale-considera-aumentar-o-preco-dos-ingressos-devido-a-inflacao\\\/\",\"name\":\"A Berlinale considera aumentar o pre\u00e7o dos ingressos devido \u00e0 infla\u00e7\u00e3o - Tirinha.com\",\"isPartOf\":{\"@id\":\"https:\\\/\\\/tirinha.com\\\/#website\"},\"primaryImageOfPage\":{\"@id\":\"https:\\\/\\\/tirinha.com\\\/862\\\/a-berlinale-considera-aumentar-o-preco-dos-ingressos-devido-a-inflacao\\\/#primaryimage\"},\"image\":{\"@id\":\"https:\\\/\\\/tirinha.com\\\/862\\\/a-berlinale-considera-aumentar-o-preco-dos-ingressos-devido-a-inflacao\\\/#primaryimage\"},\"thumbnailUrl\":\"https:\\\/\\\/www.elboletin.com\\\/wp-content\\\/uploads\\\/2020\\\/08\\\/www.elboletin.com_fotos_1_138365_berlinale.jpg\",\"datePublished\":\"2023-04-03T13:21:14+00:00\",\"breadcrumb\":{\"@id\":\"https:\\\/\\\/tirinha.com\\\/862\\\/a-berlinale-considera-aumentar-o-preco-dos-ingressos-devido-a-inflacao\\\/#breadcrumb\"},\"inLanguage\":\"uz-UZ\",\"potentialAction\":[{\"@type\":\"ReadAction\",\"target\":[\"https:\\\/\\\/tirinha.com\\\/862\\\/a-berlinale-considera-aumentar-o-preco-dos-ingressos-devido-a-inflacao\\\/\"]}]},{\"@type\":\"ImageObject\",\"inLanguage\":\"uz-UZ\",\"@id\":\"https:\\\/\\\/tirinha.com\\\/862\\\/a-berlinale-considera-aumentar-o-preco-dos-ingressos-devido-a-inflacao\\\/#primaryimage\",\"url\":\"https:\\\/\\\/www.elboletin.com\\\/wp-content\\\/uploads\\\/2020\\\/08\\\/www.elboletin.com_fotos_1_138365_berlinale.jpg\",\"contentUrl\":\"https:\\\/\\\/www.elboletin.com\\\/wp-content\\\/uploads\\\/2020\\\/08\\\/www.elboletin.com_fotos_1_138365_berlinale.jpg\"},{\"@type\":\"BreadcrumbList\",\"@id\":\"https:\\\/\\\/tirinha.com\\\/862\\\/a-berlinale-considera-aumentar-o-preco-dos-ingressos-devido-a-inflacao\\\/#breadcrumb\",\"itemListElement\":[{\"@type\":\"ListItem\",\"position\":1,\"name\":\"Home\",\"item\":\"https:\\\/\\\/tirinha.com\\\/\"},{\"@type\":\"ListItem\",\"position\":2,\"name\":\"A Berlinale considera aumentar o pre\u00e7o dos ingressos devido \u00e0 infla\u00e7\u00e3o\"}]},{\"@type\":\"WebSite\",\"@id\":\"https:\\\/\\\/tirinha.com\\\/#website\",\"url\":\"https:\\\/\\\/tirinha.com\\\/\",\"name\":\"Tirinha.com\",\"description\":\"Arte e livros resenhas\",\"publisher\":{\"@id\":\"https:\\\/\\\/tirinha.com\\\/#organization\"},\"potentialAction\":[{\"@type\":\"SearchAction\",\"target\":{\"@type\":\"EntryPoint\",\"urlTemplate\":\"https:\\\/\\\/tirinha.com\\\/?s={search_term_string}\"},\"query-input\":{\"@type\":\"PropertyValueSpecification\",\"valueRequired\":true,\"valueName\":\"search_term_string\"}}],\"inLanguage\":\"uz-UZ\"},{\"@type\":\"Organization\",\"@id\":\"https:\\\/\\\/tirinha.com\\\/#organization\",\"name\":\"Tirinha.com\",\"url\":\"https:\\\/\\\/tirinha.com\\\/\",\"logo\":{\"@type\":\"ImageObject\",\"inLanguage\":\"uz-UZ\",\"@id\":\"https:\\\/\\\/tirinha.com\\\/#\\\/schema\\\/logo\\\/image\\\/\",\"url\":\"https:\\\/\\\/tirinha.com\\\/wp-content\\\/uploads\\\/2023\\\/08\\\/cropped-Logo-Tirinha.webp\",\"contentUrl\":\"https:\\\/\\\/tirinha.com\\\/wp-content\\\/uploads\\\/2023\\\/08\\\/cropped-Logo-Tirinha.webp\",\"width\":512,\"height\":512,\"caption\":\"Tirinha.com\"},\"image\":{\"@id\":\"https:\\\/\\\/tirinha.com\\\/#\\\/schema\\\/logo\\\/image\\\/\"}},{\"@type\":\"Person\",\"@id\":\"https:\\\/\\\/tirinha.com\\\/#\\\/schema\\\/person\\\/e22bdfbe17e0461f7e927e6a1208d4d9\",\"name\":\"admin\",\"image\":{\"@type\":\"ImageObject\",\"inLanguage\":\"uz-UZ\",\"@id\":\"https:\\\/\\\/tirinha.com\\\/wp-content\\\/litespeed\\\/avatar\\\/d0068f7931cc87d7274eb0c3db1deb4b.jpg?ver=1777434315\",\"url\":\"https:\\\/\\\/tirinha.com\\\/wp-content\\\/litespeed\\\/avatar\\\/d0068f7931cc87d7274eb0c3db1deb4b.jpg?ver=1777434315\",\"contentUrl\":\"https:\\\/\\\/tirinha.com\\\/wp-content\\\/litespeed\\\/avatar\\\/d0068f7931cc87d7274eb0c3db1deb4b.jpg?ver=1777434315\",\"caption\":\"admin\"},\"sameAs\":[\"https:\\\/\\\/tirinha.com\"],\"url\":\"https:\\\/\\\/tirinha.com\\\/uz\\\/author\\\/admin\\\/\"}]}<\/script>\n<!-- \/ Yoast SEO plugin. -->","yoast_head_json":{"title":"Berlinale inflyatsiya tufayli chiptalar narxini oshirishni ko&#039;rib chiqmoqda - Tirinha.com","robots":{"index":"index","follow":"follow","max-snippet":"max-snippet:-1","max-image-preview":"max-image-preview:large","max-video-preview":"max-video-preview:-1"},"canonical":"https:\/\/tirinha.com\/uz\/862\/berlinale-kinoteatri-inflyatsiya-tufayli-chiptalar-narxini-oshirishni-korib-chiqmoqda\/","og_locale":"uz_UZ","og_type":"article","og_title":"A Berlinale considera aumentar o pre\u00e7o dos ingressos devido \u00e0 infla\u00e7\u00e3o - Tirinha.com","og_description":"&#8220;Teremos que encarec\u00ea-los um pouco mais, porque no momento estamos enfrentando um aumento de custos&#8221;, disse. \u201cAinda estamos pesando internamente &hellip;","og_url":"https:\/\/tirinha.com\/uz\/862\/berlinale-kinoteatri-inflyatsiya-tufayli-chiptalar-narxini-oshirishni-korib-chiqmoqda\/","og_site_name":"Tirinha.com","article_published_time":"2023-04-03T13:21:14+00:00","og_image":[{"url":"https:\/\/www.elboletin.com\/wp-content\/uploads\/2020\/08\/www.elboletin.com_fotos_1_138365_berlinale.jpg","type":"","width":"","height":""}],"author":"admin","twitter_card":"summary_large_image","twitter_image":"https:\/\/www.elboletin.com\/wp-content\/uploads\/2020\/08\/www.elboletin.com_fotos_1_138365_berlinale.jpg","twitter_misc":{"Written by":"admin","Est. reading time":"1 daqiqa"},"schema":{"@context":"https:\/\/schema.org","@graph":[{"@type":"Article","@id":"https:\/\/tirinha.com\/862\/a-berlinale-considera-aumentar-o-preco-dos-ingressos-devido-a-inflacao\/#article","isPartOf":{"@id":"https:\/\/tirinha.com\/862\/a-berlinale-considera-aumentar-o-preco-dos-ingressos-devido-a-inflacao\/"},"author":{"name":"admin","@id":"https:\/\/tirinha.com\/#\/schema\/person\/e22bdfbe17e0461f7e927e6a1208d4d9"},"headline":"A Berlinale considera aumentar o pre\u00e7o dos ingressos devido \u00e0 infla\u00e7\u00e3o","datePublished":"2023-04-03T13:21:14+00:00","mainEntityOfPage":{"@id":"https:\/\/tirinha.com\/862\/a-berlinale-considera-aumentar-o-preco-dos-ingressos-devido-a-inflacao\/"},"wordCount":273,"commentCount":0,"publisher":{"@id":"https:\/\/tirinha.com\/#organization"},"image":{"@id":"https:\/\/tirinha.com\/862\/a-berlinale-considera-aumentar-o-preco-dos-ingressos-devido-a-inflacao\/#primaryimage"},"thumbnailUrl":"https:\/\/www.elboletin.com\/wp-content\/uploads\/2020\/08\/www.elboletin.com_fotos_1_138365_berlinale.jpg","articleSection":["Cultura e lazer"],"inLanguage":"uz-UZ","potentialAction":[{"@type":"CommentAction","name":"Comment","target":["https:\/\/tirinha.com\/862\/a-berlinale-considera-aumentar-o-preco-dos-ingressos-devido-a-inflacao\/#respond"]}]},{"@type":"WebPage","@id":"https:\/\/tirinha.com\/862\/a-berlinale-considera-aumentar-o-preco-dos-ingressos-devido-a-inflacao\/","url":"https:\/\/tirinha.com\/862\/a-berlinale-considera-aumentar-o-preco-dos-ingressos-devido-a-inflacao\/","name":"Berlinale inflyatsiya tufayli chiptalar narxini oshirishni ko&#039;rib chiqmoqda - Tirinha.com","isPartOf":{"@id":"https:\/\/tirinha.com\/#website"},"primaryImageOfPage":{"@id":"https:\/\/tirinha.com\/862\/a-berlinale-considera-aumentar-o-preco-dos-ingressos-devido-a-inflacao\/#primaryimage"},"image":{"@id":"https:\/\/tirinha.com\/862\/a-berlinale-considera-aumentar-o-preco-dos-ingressos-devido-a-inflacao\/#primaryimage"},"thumbnailUrl":"https:\/\/www.elboletin.com\/wp-content\/uploads\/2020\/08\/www.elboletin.com_fotos_1_138365_berlinale.jpg","datePublished":"2023-04-03T13:21:14+00:00","breadcrumb":{"@id":"https:\/\/tirinha.com\/862\/a-berlinale-considera-aumentar-o-preco-dos-ingressos-devido-a-inflacao\/#breadcrumb"},"inLanguage":"uz-UZ","potentialAction":[{"@type":"ReadAction","target":["https:\/\/tirinha.com\/862\/a-berlinale-considera-aumentar-o-preco-dos-ingressos-devido-a-inflacao\/"]}]},{"@type":"ImageObject","inLanguage":"uz-UZ","@id":"https:\/\/tirinha.com\/862\/a-berlinale-considera-aumentar-o-preco-dos-ingressos-devido-a-inflacao\/#primaryimage","url":"https:\/\/www.elboletin.com\/wp-content\/uploads\/2020\/08\/www.elboletin.com_fotos_1_138365_berlinale.jpg","contentUrl":"https:\/\/www.elboletin.com\/wp-content\/uploads\/2020\/08\/www.elboletin.com_fotos_1_138365_berlinale.jpg"},{"@type":"BreadcrumbList","@id":"https:\/\/tirinha.com\/862\/a-berlinale-considera-aumentar-o-preco-dos-ingressos-devido-a-inflacao\/#breadcrumb","itemListElement":[{"@type":"ListItem","position":1,"name":"Home","item":"https:\/\/tirinha.com\/"},{"@type":"ListItem","position":2,"name":"A Berlinale considera aumentar o pre\u00e7o dos ingressos devido \u00e0 infla\u00e7\u00e3o"}]},{"@type":"WebSite","@id":"https:\/\/tirinha.com\/#website","url":"https:\/\/tirinha.com\/","name":"Tirinha.com","description":"San&#039;at va kitob sharhlari","publisher":{"@id":"https:\/\/tirinha.com\/#organization"},"potentialAction":[{"@type":"SearchAction","target":{"@type":"EntryPoint","urlTemplate":"https:\/\/tirinha.com\/?s={search_term_string}"},"query-input":{"@type":"PropertyValueSpecification","valueRequired":true,"valueName":"search_term_string"}}],"inLanguage":"uz-UZ"},{"@type":"Organization","@id":"https:\/\/tirinha.com\/#organization","name":"Tirinha.com","url":"https:\/\/tirinha.com\/","logo":{"@type":"ImageObject","inLanguage":"uz-UZ","@id":"https:\/\/tirinha.com\/#\/schema\/logo\/image\/","url":"https:\/\/tirinha.com\/wp-content\/uploads\/2023\/08\/cropped-Logo-Tirinha.webp","contentUrl":"https:\/\/tirinha.com\/wp-content\/uploads\/2023\/08\/cropped-Logo-Tirinha.webp","width":512,"height":512,"caption":"Tirinha.com"},"image":{"@id":"https:\/\/tirinha.com\/#\/schema\/logo\/image\/"}},{"@type":"Person","@id":"https:\/\/tirinha.com\/#\/schema\/person\/e22bdfbe17e0461f7e927e6a1208d4d9","name":"admin","image":{"@type":"ImageObject","inLanguage":"uz-UZ","@id":"https:\/\/tirinha.com\/wp-content\/litespeed\/avatar\/d0068f7931cc87d7274eb0c3db1deb4b.jpg?ver=1777434315","url":"https:\/\/tirinha.com\/wp-content\/litespeed\/avatar\/d0068f7931cc87d7274eb0c3db1deb4b.jpg?ver=1777434315","contentUrl":"https:\/\/tirinha.com\/wp-content\/litespeed\/avatar\/d0068f7931cc87d7274eb0c3db1deb4b.jpg?ver=1777434315","caption":"admin"},"sameAs":["https:\/\/tirinha.com"],"url":"https:\/\/tirinha.com\/uz\/author\/admin\/"}]}},"_links":{"self":[{"href":"https:\/\/tirinha.com\/uz\/wp-json\/wp\/v2\/posts\/862","targetHints":{"allow":["GET"]}}],"collection":[{"href":"https:\/\/tirinha.com\/uz\/wp-json\/wp\/v2\/posts"}],"about":[{"href":"https:\/\/tirinha.com\/uz\/wp-json\/wp\/v2\/types\/post"}],"author":[{"embeddable":true,"href":"https:\/\/tirinha.com\/uz\/wp-json\/wp\/v2\/users\/1"}],"replies":[{"embeddable":true,"href":"https:\/\/tirinha.com\/uz\/wp-json\/wp\/v2\/comments?post=862"}],"version-history":[{"count":0,"href":"https:\/\/tirinha.com\/uz\/wp-json\/wp\/v2\/posts\/862\/revisions"}],"wp:featuredmedia":[{"embeddable":true,"href":"https:\/\/tirinha.com\/uz\/wp-json\/wp\/v2\/media\/863"}],"wp:attachment":[{"href":"https:\/\/tirinha.com\/uz\/wp-json\/wp\/v2\/media?parent=862"}],"wp:term":[{"taxonomy":"category","embeddable":true,"href":"https:\/\/tirinha.com\/uz\/wp-json\/wp\/v2\/categories?post=862"},{"taxonomy":"post_tag","embeddable":true,"href":"https:\/\/tirinha.com\/uz\/wp-json\/wp\/v2\/tags?post=862"}],"curies":[{"name":"wp","href":"https:\/\/api.w.org\/{rel}","templated":true}]}}