{"id":1867,"date":"2025-05-09T19:29:45","date_gmt":"2025-05-09T19:29:45","guid":{"rendered":"https:\/\/tirinha.com\/?p=1867"},"modified":"2025-05-21T12:19:47","modified_gmt":"2025-05-21T12:19:47","slug":"facebook-rangini-ozgartirish","status":"publish","type":"post","link":"https:\/\/tirinha.com\/uz\/1867\/mudar-a-cor-do-facebook\/","title":{"rendered":"Facebook rangini qanday o&#039;zgartirishni bilib oling."},"content":{"rendered":"<p>Facebook milliardlab odamlarning kundalik hayotida mavjud bo&#039;lgan dunyodagi eng keng tarqalgan ijtimoiy tarmoqlardan biriga aylandi. <\/p>\n\n\n\n<style>\n.botao-container {\n    display: flex;\n    justify-content: center;\n    margin: 20px 0; \/* Espa\u00e7amento opcional *\/\n}\n\n.botao-estilizado {\n    display: inline-block;\n    padding: 12px 24px;\n    font-size: 18px;\n    font-weight: bold;\n    font-family: Arial, sans-serif; \/* Fonte Arial *\/\n    color: white;\n    background: linear-gradient(145deg, #25D366, #128C7E); \/* Cores do WhatsApp *\/\n    border-radius: 8px;\n    box-shadow: 4px 4px 10px rgba(0, 0, 0, 0.2), \n                -2px -2px 5px rgba(255, 255, 255, 0.2);\n    text-decoration: none;\n    transition: all 0.3s ease-in-out;\n    text-align: center;\n}\n\n.botao-estilizado:hover {\n    background: linear-gradient(145deg, #128C7E, #075E54); \/* Tons mais escuros no hover *\/\n    box-shadow: 2px 2px 8px rgba(0, 0, 0, 0.3), \n                -1px -1px 4px rgba(255, 255, 255, 0.1);\n    transform: translateY(-3px);\n}\n<\/style>\n\n<div class=\"botao-container\">\n    <a href=\"https:\/\/play.google.com\/store\/search?q=change%20collor%20whatsapp&#038;c=apps&#038;hl=en\" class=\"botao-estilizado\">HOZIR RANGNI O&#039;ZGARTIRISH<\/a>\n<\/div>\n\n\n\n<p>Biroq, bir xil platformadan juda ko&#039;p odamlar foydalanayotgani sababli, ba&#039;zi foydalanuvchilar o&#039;z tajribalarini shaxsiylashtirishni xohlashlari tabiiy. <\/p>\n\n\n\n<p>Shuning uchun, eng kutilgan o&#039;zgarishlardan biri bu <strong>Facebook rangini o&#039;zgartiring.<\/strong>, brauzerni yanada yoqimli, qiziqarli va hatto samarali qiladigan narsa. <\/p>\n\n\n\n<p>Ushbu maqolada siz ushbu o&#039;zgarishni xavfsiz va oson amalga oshirish uchun bilishingiz kerak bo&#039;lgan hamma narsani topasiz.<\/p>\n\n\n\n<h2 class=\"wp-block-heading\">Nima uchun Facebook rangini o&#039;zgartirish kerak?<\/h2>\n\n\n\n<p>Avvalo, nima uchun shuncha ko&#039;p odamlar qidirayotganini tushunish muhimdir. <strong>Facebook rangini o&#039;zgartiring.<\/strong>. <\/p>\n\n\n\n<p>Albatta, ijtimoiy tarmoq toza va funktsional dizaynga ega bo&#039;lsa-da, klassik ko&#039;k rang hammaga ham yoqmasligi mumkin. Mana ba&#039;zi keng tarqalgan sabablar:<\/p>\n\n\n\n<ul class=\"wp-block-list\">\n<li><strong>Shaxsiylashtirilgan estetika<\/strong>Ba&#039;zi odamlar shunchaki o&#039;zlarining shaxsiyati yoki uslubini aks ettirish uchun turli xil ranglarni afzal ko&#039;rishadi.<\/li>\n\n\n\n<li><strong>Eng yaxshi o&#039;qish<\/strong>Oq fonni quyuqroq rang bilan almashtirish platformada ko&#039;p vaqt o&#039;tkazadiganlarga ko&#039;z charchoqini kamaytirishga yordam beradi.<\/li>\n\n\n\n<li><strong>Farqlash<\/strong>Facebook\u2019ingizni noyob qilish tajribani yanada yoqimli qilishi mumkin.<\/li>\n\n\n\n<li><strong>Kirish imkoniyati<\/strong>Rang ko&#039;rligi yoki yorug&#039;likka sezgirligi bo&#039;lgan odamlar boshqa rang kombinatsiyalaridan foyda ko&#039;rishlari mumkin.<\/li>\n<\/ul>\n\n\n\n<p>Endi sabablarni tushunganingizdan so&#039;ng, keling, sizga Facebook rangini o&#039;zgartirishning turli usullarini ko&#039;rsataylik.<\/p>\n\n\n\n<h2 class=\"wp-block-heading\">Facebook rangini rasman o&#039;zgartirish mumkinmi?<\/h2>\n\n\n\n<p>To&#039;g&#039;ridan-to&#039;g&#039;ri javob: <strong>norasmiy ravishda Facebookning o&#039;zi tomonidan<\/strong>. Platforma Dark Mode kabi ba&#039;zi cheklangan sozlamalarni taklif qiladi, ammo ranglarni yanada kengroq sozlash uchun hali ham mahalliy funksiya yo&#039;q.<\/p>\n\n\n\n<p>Shunga qaramay, sizning ehtiyojlaringizni to&#039;liq qondira oladigan xavfsiz muqobil yechimlar mavjud. <\/p>\n\n\n\n<p>Keling, ushbu variantlarni ko&#039;rib chiqaylik.<\/p>\n\n\n\n<h2 class=\"wp-block-heading\">Brauzer kengaytmalari yordamida Facebook rangini qanday o&#039;zgartirish mumkin.<\/h2>\n\n\n\n<p>Facebook rangini o&#039;zgartirishning eng amaliy usullaridan biri bu Google Chrome, Firefox yoki Edge brauzerlarida kengaytmalardan foydalanishdir. <\/p>\n\n\n\n<p>Shuning uchun, ushbu vositalar sizga Facebook kabi turli veb-saytlarning vizual uslubini o&#039;zgartirish imkonini beradi.<\/p>\n\n\n\n<h3 class=\"wp-block-heading\">Kengaytmadan foydalanish bo&#039;yicha bosqichma-bosqich ko&#039;rsatmalar. <em>Zamonaviy<\/em><\/h3>\n\n\n\n<p>Eng mashhur kengaytmalardan biri bu <strong>Zamonaviy<\/strong>. Buni qanday ishlatish kerak:<\/p>\n\n\n\n<ol class=\"wp-block-list\">\n<li><strong>Zamonaviy o&#039;rnatish<\/strong>:\n<ul class=\"wp-block-list\">\n<li>Chrome internet-do&#039;koniga yoki brauzeringiz kengaytmalari do&#039;koniga kiring.<\/li>\n\n\n\n<li>\u201cZamonaviy \u2013 Har qanday veb-sayt uchun maxsus mavzular\u201d ni qidiring.<\/li>\n\n\n\n<li>&quot;Chrome-ga qo&#039;shish&quot; (yoki tegishli brauzer) ni bosing.<\/li>\n<\/ul>\n<\/li>\n\n\n\n<li><strong>Facebookga kirish<\/strong>:\n<ul class=\"wp-block-list\">\n<li>Odatdagidek hisobingizga kiring.<\/li>\n<\/ul>\n<\/li>\n\n\n\n<li><strong>Mavzuni tanlang.<\/strong>:\n<ul class=\"wp-block-list\">\n<li>Stylish o&#039;rnatilgan bo&#039;lsa, brauzeringizning yuqori burchagidagi kengaytma belgisini bosing.<\/li>\n\n\n\n<li>&quot;Ushbu sayt uchun boshqa uslublarni topish&quot; tugmasini bosing.<\/li>\n\n\n\n<li>Facebook uchun mavjud bo&#039;lgan turli mavzular bilan yangi yorliq ochiladi.<\/li>\n\n\n\n<li>O&#039;zingizga yoqqanini tanlang (pushti, qora, neon mavzular va boshqalar mavjud).<\/li>\n<\/ul>\n<\/li>\n\n\n\n<li><strong>Mavzuni qo&#039;llang<\/strong>:\n<ul class=\"wp-block-list\">\n<li>&quot;O&#039;rnatish uslubi&quot; ni bosing.<\/li>\n\n\n\n<li>Bajarildi! Yangi rang darhol qo&#039;llaniladi.<\/li>\n<\/ul>\n<\/li>\n<\/ol>\n\n\n\n<p>Bu amaliy, bepul va xavfsiz usul... <strong>Facebook rangini o&#039;zgartiring.<\/strong> va ko&#039;proq shaxsiylashtirilgan vizual tajribaga ega bo&#039;ling.<\/p>\n\n\n\n<h2 class=\"wp-block-heading\">Boshqa kengaytmalar va alternativalar<\/h2>\n\n\n\n<p>Stylishdan tashqari, xuddi shu maqsadga ega boshqa kengaytmalar ham mavjud, masalan:<\/p>\n\n\n\n<ul class=\"wp-block-list\">\n<li><strong>Super qorong&#039;u rejim<\/strong>To&#039;q ranglarni afzal ko&#039;rganlarga qaratilgan.<\/li>\n\n\n\n<li><strong>Facebook uchun rang o&#039;zgartirgich<\/strong>Kerakli ranglarni qo&#039;lda o&#039;rnatish imkonini beradi.<\/li>\n\n\n\n<li><strong>Facebook mavzusi yaratuvchisi<\/strong>O&#039;z mavzularini noldan yaratishni yoqtiradiganlar uchun.<\/li>\n<\/ul>\n\n\n\n<p>Kengaytmalarni faqat ishonchli manbalardan o&#039;rnatishni unutmang, ularga brauzeringizga kirishga ruxsat berishdan oldin sharhlar va reytinglarni tekshirib ko&#039;ring.<\/p>\n\n\n\n<h2 class=\"wp-block-heading\">Mobil telefonimda Facebook rangini qanday o&#039;zgartiraman?<\/h2>\n\n\n\n<p>Afsuski, mobil qurilmalar ish stoli brauzerlari kabi ko&#039;p sozlash imkonini bermaydi. Biroq, ba&#039;zi variantlar hali ham mavjud:<\/p>\n\n\n\n<h3 class=\"wp-block-heading\">1. <strong>Mahalliy qorong&#039;u rejim<\/strong><\/h3>\n\n\n\n<p>O <strong>Facebookning qorong&#039;u rejimi<\/strong> Endi u rasman Android va iOS uchun ham mavjud. Uni faollashtirish uchun:<\/p>\n\n\n\n<ul class=\"wp-block-list\">\n<li>Ilovaning asosiy menyusiga o&#039;ting (uch qatorli belgi).<\/li>\n\n\n\n<li>&quot;Sozlamalar va maxfiylik&quot; bo&#039;limiga pastga aylantiring.<\/li>\n\n\n\n<li>&quot;Qorong&#039;u rejim&quot; ga teging.<\/li>\n\n\n\n<li>\u201cYoqilgan\u201d, \u201cO\u02bbchirilgan\u201d yoki \u201cAvtomatik\u201d variantlarini tanlang.<\/li>\n<\/ul>\n\n\n\n<h3 class=\"wp-block-heading\">2. <strong>Uchinchi tomon ilovalari (ehtiyotkorlik bilan)<\/strong><\/h3>\n\n\n\n<p>Play Store kabi do&#039;konlarda Facebook ko&#039;rinishini o&#039;zgartirishga va&#039;da beradigan ilovalar mavjud. <\/p>\n\n\n\n<p>Biroq, bu zarur <strong>juda ehtiyot bo&#039;ling<\/strong>, chunki ushbu ilovalarning aksariyati sizning maxfiyligingiz yoki xavfsizligingizga xavf tug&#039;dirishi mumkin.<\/p>\n\n\n\n<p>Agar uni sinab ko&#039;rishni tanlasangiz, quyidagilarni tekshiring:<\/p>\n\n\n\n<ul class=\"wp-block-list\">\n<li>So&#039;nggi foydalanuvchi sharhlari.<\/li>\n\n\n\n<li>Ilova tomonidan so&#039;ralgan ruxsatnomalar.<\/li>\n\n\n\n<li>Agar ishlab chiquvchi ishonchli bo&#039;lsa.<\/li>\n<\/ul>\n\n\n\n<h2 class=\"wp-block-heading\">Facebook rangingizni o&#039;zgartirish bo&#039;yicha xavfsizlik bo&#039;yicha maslahatlar.<\/h2>\n\n\n\n<p>Onlayn platformalarni sozlash haqida gap ketganda, xavfsizlik eng muhim ahamiyatga ega. Vizual o&#039;zgarishlarni amalga oshirishning ba&#039;zi eng yaxshi amaliyotlari:<\/p>\n\n\n\n<ul class=\"wp-block-list\">\n<li><strong>Noma&#039;lum fayllarni yuklab olishdan saqlaning.<\/strong>.<\/li>\n\n\n\n<li><strong>Kirish ma&#039;lumotlaringizni taqdim etmang.<\/strong> shubhali kengaytmalar yoki ilovalar.<\/li>\n\n\n\n<li><strong>Eng so&#039;nggi brauzerlardan foydalaning.<\/strong> ko&#039;proq himoyani ta&#039;minlash uchun.<\/li>\n\n\n\n<li><strong>Kengaytmalaringizni vaqti-vaqti bilan ko&#039;rib chiqing.<\/strong> va foydalanmaydiganlarini olib tashlang.<\/li>\n<\/ul>\n\n\n\n<h2 class=\"wp-block-heading\">Facebook rangini o&#039;zgartirishga arziydimi?<\/h2>\n\n\n\n<p>Shuning uchun, qaror sizning foydalanish profilingizga bog&#039;liq. Ijtimoiy tarmoqlarda kuniga soatlab vaqt o&#039;tkazadiganlar uchun yanada qulay interfeys vizual qulaylikni va hatto kayfiyatni yaxshilashi mumkin. <\/p>\n\n\n\n<p>Biroq, standart ko&#039;rinishga ozgina xilma-xillik qo&#039;shmoqchi bo&#039;lganlar uchun bu uni shaxsiylashtirishning qiziqarli usuli bo&#039;lishi mumkin.<\/p>\n\n\n\n<p>Bundan tashqari, agar siz Facebook\u2019dan ish, o\u2018qish yoki kontent o\u2018qish uchun tez-tez foydalansangiz, fon va ranglarni o\u2018zgartirish brauzerni yanada samarali va samaraliroq qilishi mumkin.<\/p>\n\n\n\n<h2 class=\"wp-block-heading\">Yakuniy mulohazalar<\/h2>\n\n\n\n<p><strong>Facebook rangini o&#039;zgartiring<\/strong> Ha, bu mumkin, hatto platforma orqali mahalliy bo&#039;lmasa ham. <\/p>\n\n\n\n<p>Shuning uchun, brauzer kengaytmalari kabi bir nechta oddiy vositalar yordamida siz ijtimoiy media tajribangizni o&#039;zgartirishingiz va uni o&#039;zingiznikiga aylantirishingiz mumkin.<\/p>\n\n\n\n<p>Biroq, raqamli muhitni sozlash, ayniqsa vizual qulaylik, o&#039;ziga xoslik va kirish imkoniyatini qadrlaydigan foydalanuvchilar orasida tobora ortib borayotgan tendentsiyadir. <\/p>\n\n\n\n<p>Albatta, ma&#039;lumotlaringiz xavfsizligiga putur yetkazmaslik uchun shubhali kelib chiqishi bo&#039;lgan vositalar bilan ehtiyot bo&#039;lishingiz kerak.<\/p>\n\n\n\n<p>Nihoyat, endi Facebook profilingiz rangini qanday o&#039;zgartirishni bilganingizdan so&#039;ng, turli xil uslublarni sinab ko&#039;rish va qaysi biri sizga eng mos kelishini aniqlash haqida nima deysiz?<\/p>","protected":false},"excerpt":{"rendered":"<p>Facebook milliardlab odamlarning kundalik hayotida mavjud bo&#039;lgan dunyodagi eng keng tarqalgan ijtimoiy tarmoqlardan biriga aylandi... <\/p>","protected":false},"author":1,"featured_media":1868,"comment_status":"closed","ping_status":"closed","sticky":false,"template":"","format":"standard","meta":{"fifu_image_url":"","fifu_image_alt":"","footnotes":""},"categories":[36],"tags":[1734,1648,1649],"class_list":["post-1867","post","type-post","status-publish","format-standard","has-post-thumbnail","hentry","category-aplicativo","tag-descubra-como-mudar-a-cor-do-facebook","tag-facebook","tag-mude-a-cor-do-facebook","latest_post"],"yoast_head":"<!-- This site is optimized with the Yoast SEO plugin v27.3 - https:\/\/yoast.com\/product\/yoast-seo-wordpress\/ -->\n<title>Descubra como mudar a cor do Facebook - Tirinha.com<\/title>\n<meta name=\"description\" content=\"Uma das mudan\u00e7as mais desejadas \u00e9 mudar a cor do Facebook, algo que pode tornar a navega\u00e7\u00e3o mais agrad\u00e1vel, divertida e at\u00e9 produtiva.\" \/>\n<meta name=\"robots\" content=\"index, follow, max-snippet:-1, max-image-preview:large, max-video-preview:-1\" \/>\n<link rel=\"canonical\" href=\"https:\/\/tirinha.com\/uz\/1867\/facebook-rangini-ozgartirish\/\" \/>\n<meta property=\"og:locale\" content=\"uz_UZ\" \/>\n<meta property=\"og:type\" content=\"article\" \/>\n<meta property=\"og:title\" content=\"Descubra como mudar a cor do Facebook - Tirinha.com\" \/>\n<meta property=\"og:description\" content=\"Uma das mudan\u00e7as mais desejadas \u00e9 mudar a cor do Facebook, algo que pode tornar a navega\u00e7\u00e3o mais agrad\u00e1vel, divertida e at\u00e9 produtiva.\" \/>\n<meta property=\"og:url\" content=\"https:\/\/tirinha.com\/uz\/1867\/facebook-rangini-ozgartirish\/\" \/>\n<meta property=\"og:site_name\" content=\"Tirinha.com\" \/>\n<meta property=\"article:published_time\" content=\"2025-05-09T19:29:45+00:00\" \/>\n<meta property=\"article:modified_time\" content=\"2025-05-21T12:19:47+00:00\" \/>\n<meta property=\"og:image\" content=\"https:\/\/tirinha.com\/wp-content\/uploads\/2025\/05\/ChatGPT-Image-9-de-mai.-de-2025-16_27_54.png\" \/>\n\t<meta property=\"og:image:width\" content=\"1024\" \/>\n\t<meta property=\"og:image:height\" content=\"1024\" \/>\n\t<meta property=\"og:image:type\" content=\"image\/png\" \/>\n<meta name=\"author\" content=\"admin\" \/>\n<meta name=\"twitter:card\" content=\"summary_large_image\" \/>\n<meta name=\"twitter:label1\" content=\"Written by\" \/>\n\t<meta name=\"twitter:data1\" content=\"admin\" \/>\n\t<meta name=\"twitter:label2\" content=\"Est. reading time\" \/>\n\t<meta name=\"twitter:data2\" content=\"6 daqiqa\" \/>\n<script type=\"application\/ld+json\" class=\"yoast-schema-graph\">{\"@context\":\"https:\\\/\\\/schema.org\",\"@graph\":[{\"@type\":\"Article\",\"@id\":\"https:\\\/\\\/tirinha.com\\\/1867\\\/mudar-a-cor-do-facebook\\\/#article\",\"isPartOf\":{\"@id\":\"https:\\\/\\\/tirinha.com\\\/1867\\\/mudar-a-cor-do-facebook\\\/\"},\"author\":{\"name\":\"admin\",\"@id\":\"https:\\\/\\\/tirinha.com\\\/#\\\/schema\\\/person\\\/e22bdfbe17e0461f7e927e6a1208d4d9\"},\"headline\":\"Descubra como mudar a cor do Facebook\",\"datePublished\":\"2025-05-09T19:29:45+00:00\",\"dateModified\":\"2025-05-21T12:19:47+00:00\",\"mainEntityOfPage\":{\"@id\":\"https:\\\/\\\/tirinha.com\\\/1867\\\/mudar-a-cor-do-facebook\\\/\"},\"wordCount\":998,\"publisher\":{\"@id\":\"https:\\\/\\\/tirinha.com\\\/#organization\"},\"image\":{\"@id\":\"https:\\\/\\\/tirinha.com\\\/1867\\\/mudar-a-cor-do-facebook\\\/#primaryimage\"},\"thumbnailUrl\":\"https:\\\/\\\/tirinha.com\\\/wp-content\\\/uploads\\\/2025\\\/05\\\/ChatGPT-Image-9-de-mai.-de-2025-16_27_54.png\",\"keywords\":[\"Descubra como mudar a cor do Facebook\",\"facebook\",\"Mude a Cor Do Facebook\"],\"articleSection\":[\"Aplicativo\"],\"inLanguage\":\"uz-UZ\"},{\"@type\":\"WebPage\",\"@id\":\"https:\\\/\\\/tirinha.com\\\/1867\\\/mudar-a-cor-do-facebook\\\/\",\"url\":\"https:\\\/\\\/tirinha.com\\\/1867\\\/mudar-a-cor-do-facebook\\\/\",\"name\":\"Descubra como mudar a cor do Facebook - Tirinha.com\",\"isPartOf\":{\"@id\":\"https:\\\/\\\/tirinha.com\\\/#website\"},\"primaryImageOfPage\":{\"@id\":\"https:\\\/\\\/tirinha.com\\\/1867\\\/mudar-a-cor-do-facebook\\\/#primaryimage\"},\"image\":{\"@id\":\"https:\\\/\\\/tirinha.com\\\/1867\\\/mudar-a-cor-do-facebook\\\/#primaryimage\"},\"thumbnailUrl\":\"https:\\\/\\\/tirinha.com\\\/wp-content\\\/uploads\\\/2025\\\/05\\\/ChatGPT-Image-9-de-mai.-de-2025-16_27_54.png\",\"datePublished\":\"2025-05-09T19:29:45+00:00\",\"dateModified\":\"2025-05-21T12:19:47+00:00\",\"description\":\"Uma das mudan\u00e7as mais desejadas \u00e9 mudar a cor do Facebook, algo que pode tornar a navega\u00e7\u00e3o mais agrad\u00e1vel, divertida e at\u00e9 produtiva.\",\"breadcrumb\":{\"@id\":\"https:\\\/\\\/tirinha.com\\\/1867\\\/mudar-a-cor-do-facebook\\\/#breadcrumb\"},\"inLanguage\":\"uz-UZ\",\"potentialAction\":[{\"@type\":\"ReadAction\",\"target\":[\"https:\\\/\\\/tirinha.com\\\/1867\\\/mudar-a-cor-do-facebook\\\/\"]}]},{\"@type\":\"ImageObject\",\"inLanguage\":\"uz-UZ\",\"@id\":\"https:\\\/\\\/tirinha.com\\\/1867\\\/mudar-a-cor-do-facebook\\\/#primaryimage\",\"url\":\"https:\\\/\\\/tirinha.com\\\/wp-content\\\/uploads\\\/2025\\\/05\\\/ChatGPT-Image-9-de-mai.-de-2025-16_27_54.png\",\"contentUrl\":\"https:\\\/\\\/tirinha.com\\\/wp-content\\\/uploads\\\/2025\\\/05\\\/ChatGPT-Image-9-de-mai.-de-2025-16_27_54.png\",\"width\":1024,\"height\":1024,\"caption\":\"mudar cor do facebook\"},{\"@type\":\"BreadcrumbList\",\"@id\":\"https:\\\/\\\/tirinha.com\\\/1867\\\/mudar-a-cor-do-facebook\\\/#breadcrumb\",\"itemListElement\":[{\"@type\":\"ListItem\",\"position\":1,\"name\":\"Home\",\"item\":\"https:\\\/\\\/tirinha.com\\\/\"},{\"@type\":\"ListItem\",\"position\":2,\"name\":\"Descubra como mudar a cor do Facebook\"}]},{\"@type\":\"WebSite\",\"@id\":\"https:\\\/\\\/tirinha.com\\\/#website\",\"url\":\"https:\\\/\\\/tirinha.com\\\/\",\"name\":\"Tirinha.com\",\"description\":\"Arte e livros resenhas\",\"publisher\":{\"@id\":\"https:\\\/\\\/tirinha.com\\\/#organization\"},\"potentialAction\":[{\"@type\":\"SearchAction\",\"target\":{\"@type\":\"EntryPoint\",\"urlTemplate\":\"https:\\\/\\\/tirinha.com\\\/?s={search_term_string}\"},\"query-input\":{\"@type\":\"PropertyValueSpecification\",\"valueRequired\":true,\"valueName\":\"search_term_string\"}}],\"inLanguage\":\"uz-UZ\"},{\"@type\":\"Organization\",\"@id\":\"https:\\\/\\\/tirinha.com\\\/#organization\",\"name\":\"Tirinha.com\",\"url\":\"https:\\\/\\\/tirinha.com\\\/\",\"logo\":{\"@type\":\"ImageObject\",\"inLanguage\":\"uz-UZ\",\"@id\":\"https:\\\/\\\/tirinha.com\\\/#\\\/schema\\\/logo\\\/image\\\/\",\"url\":\"https:\\\/\\\/tirinha.com\\\/wp-content\\\/uploads\\\/2023\\\/08\\\/cropped-Logo-Tirinha.webp\",\"contentUrl\":\"https:\\\/\\\/tirinha.com\\\/wp-content\\\/uploads\\\/2023\\\/08\\\/cropped-Logo-Tirinha.webp\",\"width\":512,\"height\":512,\"caption\":\"Tirinha.com\"},\"image\":{\"@id\":\"https:\\\/\\\/tirinha.com\\\/#\\\/schema\\\/logo\\\/image\\\/\"}},{\"@type\":\"Person\",\"@id\":\"https:\\\/\\\/tirinha.com\\\/#\\\/schema\\\/person\\\/e22bdfbe17e0461f7e927e6a1208d4d9\",\"name\":\"admin\",\"image\":{\"@type\":\"ImageObject\",\"inLanguage\":\"uz-UZ\",\"@id\":\"https:\\\/\\\/tirinha.com\\\/wp-content\\\/litespeed\\\/avatar\\\/d0068f7931cc87d7274eb0c3db1deb4b.jpg?ver=1776829466\",\"url\":\"https:\\\/\\\/tirinha.com\\\/wp-content\\\/litespeed\\\/avatar\\\/d0068f7931cc87d7274eb0c3db1deb4b.jpg?ver=1776829466\",\"contentUrl\":\"https:\\\/\\\/tirinha.com\\\/wp-content\\\/litespeed\\\/avatar\\\/d0068f7931cc87d7274eb0c3db1deb4b.jpg?ver=1776829466\",\"caption\":\"admin\"},\"sameAs\":[\"https:\\\/\\\/tirinha.com\"],\"url\":\"https:\\\/\\\/tirinha.com\\\/uz\\\/author\\\/admin\\\/\"}]}<\/script>\n<!-- \/ Yoast SEO plugin. -->","yoast_head_json":{"title":"Facebook rangini qanday o&#039;zgartirishni bilib oling - Tirinha.com","description":"Eng orzu qilingan o&#039;zgarishlardan biri bu Facebook rangini o&#039;zgartirishdir, bu esa brauzerni yanada yoqimli, qiziqarli va hatto samarali qilishi mumkin.","robots":{"index":"index","follow":"follow","max-snippet":"max-snippet:-1","max-image-preview":"max-image-preview:large","max-video-preview":"max-video-preview:-1"},"canonical":"https:\/\/tirinha.com\/uz\/1867\/facebook-rangini-ozgartirish\/","og_locale":"uz_UZ","og_type":"article","og_title":"Descubra como mudar a cor do Facebook - Tirinha.com","og_description":"Uma das mudan\u00e7as mais desejadas \u00e9 mudar a cor do Facebook, algo que pode tornar a navega\u00e7\u00e3o mais agrad\u00e1vel, divertida e at\u00e9 produtiva.","og_url":"https:\/\/tirinha.com\/uz\/1867\/facebook-rangini-ozgartirish\/","og_site_name":"Tirinha.com","article_published_time":"2025-05-09T19:29:45+00:00","article_modified_time":"2025-05-21T12:19:47+00:00","og_image":[{"width":1024,"height":1024,"url":"https:\/\/tirinha.com\/wp-content\/uploads\/2025\/05\/ChatGPT-Image-9-de-mai.-de-2025-16_27_54.png","type":"image\/png"}],"author":"admin","twitter_card":"summary_large_image","twitter_misc":{"Written by":"admin","Est. reading time":"6 daqiqa"},"schema":{"@context":"https:\/\/schema.org","@graph":[{"@type":"Article","@id":"https:\/\/tirinha.com\/1867\/mudar-a-cor-do-facebook\/#article","isPartOf":{"@id":"https:\/\/tirinha.com\/1867\/mudar-a-cor-do-facebook\/"},"author":{"name":"admin","@id":"https:\/\/tirinha.com\/#\/schema\/person\/e22bdfbe17e0461f7e927e6a1208d4d9"},"headline":"Descubra como mudar a cor do Facebook","datePublished":"2025-05-09T19:29:45+00:00","dateModified":"2025-05-21T12:19:47+00:00","mainEntityOfPage":{"@id":"https:\/\/tirinha.com\/1867\/mudar-a-cor-do-facebook\/"},"wordCount":998,"publisher":{"@id":"https:\/\/tirinha.com\/#organization"},"image":{"@id":"https:\/\/tirinha.com\/1867\/mudar-a-cor-do-facebook\/#primaryimage"},"thumbnailUrl":"https:\/\/tirinha.com\/wp-content\/uploads\/2025\/05\/ChatGPT-Image-9-de-mai.-de-2025-16_27_54.png","keywords":["Descubra como mudar a cor do Facebook","facebook","Mude a Cor Do Facebook"],"articleSection":["Aplicativo"],"inLanguage":"uz-UZ"},{"@type":"WebPage","@id":"https:\/\/tirinha.com\/1867\/mudar-a-cor-do-facebook\/","url":"https:\/\/tirinha.com\/1867\/mudar-a-cor-do-facebook\/","name":"Facebook rangini qanday o&#039;zgartirishni bilib oling - Tirinha.com","isPartOf":{"@id":"https:\/\/tirinha.com\/#website"},"primaryImageOfPage":{"@id":"https:\/\/tirinha.com\/1867\/mudar-a-cor-do-facebook\/#primaryimage"},"image":{"@id":"https:\/\/tirinha.com\/1867\/mudar-a-cor-do-facebook\/#primaryimage"},"thumbnailUrl":"https:\/\/tirinha.com\/wp-content\/uploads\/2025\/05\/ChatGPT-Image-9-de-mai.-de-2025-16_27_54.png","datePublished":"2025-05-09T19:29:45+00:00","dateModified":"2025-05-21T12:19:47+00:00","description":"Eng orzu qilingan o&#039;zgarishlardan biri bu Facebook rangini o&#039;zgartirishdir, bu esa brauzerni yanada yoqimli, qiziqarli va hatto samarali qilishi mumkin.","breadcrumb":{"@id":"https:\/\/tirinha.com\/1867\/mudar-a-cor-do-facebook\/#breadcrumb"},"inLanguage":"uz-UZ","potentialAction":[{"@type":"ReadAction","target":["https:\/\/tirinha.com\/1867\/mudar-a-cor-do-facebook\/"]}]},{"@type":"ImageObject","inLanguage":"uz-UZ","@id":"https:\/\/tirinha.com\/1867\/mudar-a-cor-do-facebook\/#primaryimage","url":"https:\/\/tirinha.com\/wp-content\/uploads\/2025\/05\/ChatGPT-Image-9-de-mai.-de-2025-16_27_54.png","contentUrl":"https:\/\/tirinha.com\/wp-content\/uploads\/2025\/05\/ChatGPT-Image-9-de-mai.-de-2025-16_27_54.png","width":1024,"height":1024,"caption":"mudar cor do facebook"},{"@type":"BreadcrumbList","@id":"https:\/\/tirinha.com\/1867\/mudar-a-cor-do-facebook\/#breadcrumb","itemListElement":[{"@type":"ListItem","position":1,"name":"Home","item":"https:\/\/tirinha.com\/"},{"@type":"ListItem","position":2,"name":"Descubra como mudar a cor do Facebook"}]},{"@type":"WebSite","@id":"https:\/\/tirinha.com\/#website","url":"https:\/\/tirinha.com\/","name":"Tirinha.com","description":"San&#039;at va kitob sharhlari","publisher":{"@id":"https:\/\/tirinha.com\/#organization"},"potentialAction":[{"@type":"SearchAction","target":{"@type":"EntryPoint","urlTemplate":"https:\/\/tirinha.com\/?s={search_term_string}"},"query-input":{"@type":"PropertyValueSpecification","valueRequired":true,"valueName":"search_term_string"}}],"inLanguage":"uz-UZ"},{"@type":"Organization","@id":"https:\/\/tirinha.com\/#organization","name":"Tirinha.com","url":"https:\/\/tirinha.com\/","logo":{"@type":"ImageObject","inLanguage":"uz-UZ","@id":"https:\/\/tirinha.com\/#\/schema\/logo\/image\/","url":"https:\/\/tirinha.com\/wp-content\/uploads\/2023\/08\/cropped-Logo-Tirinha.webp","contentUrl":"https:\/\/tirinha.com\/wp-content\/uploads\/2023\/08\/cropped-Logo-Tirinha.webp","width":512,"height":512,"caption":"Tirinha.com"},"image":{"@id":"https:\/\/tirinha.com\/#\/schema\/logo\/image\/"}},{"@type":"Person","@id":"https:\/\/tirinha.com\/#\/schema\/person\/e22bdfbe17e0461f7e927e6a1208d4d9","name":"admin","image":{"@type":"ImageObject","inLanguage":"uz-UZ","@id":"https:\/\/tirinha.com\/wp-content\/litespeed\/avatar\/d0068f7931cc87d7274eb0c3db1deb4b.jpg?ver=1776829466","url":"https:\/\/tirinha.com\/wp-content\/litespeed\/avatar\/d0068f7931cc87d7274eb0c3db1deb4b.jpg?ver=1776829466","contentUrl":"https:\/\/tirinha.com\/wp-content\/litespeed\/avatar\/d0068f7931cc87d7274eb0c3db1deb4b.jpg?ver=1776829466","caption":"admin"},"sameAs":["https:\/\/tirinha.com"],"url":"https:\/\/tirinha.com\/uz\/author\/admin\/"}]}},"_links":{"self":[{"href":"https:\/\/tirinha.com\/uz\/wp-json\/wp\/v2\/posts\/1867","targetHints":{"allow":["GET"]}}],"collection":[{"href":"https:\/\/tirinha.com\/uz\/wp-json\/wp\/v2\/posts"}],"about":[{"href":"https:\/\/tirinha.com\/uz\/wp-json\/wp\/v2\/types\/post"}],"author":[{"embeddable":true,"href":"https:\/\/tirinha.com\/uz\/wp-json\/wp\/v2\/users\/1"}],"replies":[{"embeddable":true,"href":"https:\/\/tirinha.com\/uz\/wp-json\/wp\/v2\/comments?post=1867"}],"version-history":[{"count":0,"href":"https:\/\/tirinha.com\/uz\/wp-json\/wp\/v2\/posts\/1867\/revisions"}],"wp:featuredmedia":[{"embeddable":true,"href":"https:\/\/tirinha.com\/uz\/wp-json\/wp\/v2\/media\/1868"}],"wp:attachment":[{"href":"https:\/\/tirinha.com\/uz\/wp-json\/wp\/v2\/media?parent=1867"}],"wp:term":[{"taxonomy":"category","embeddable":true,"href":"https:\/\/tirinha.com\/uz\/wp-json\/wp\/v2\/categories?post=1867"},{"taxonomy":"post_tag","embeddable":true,"href":"https:\/\/tirinha.com\/uz\/wp-json\/wp\/v2\/tags?post=1867"}],"curies":[{"name":"wp","href":"https:\/\/api.w.org\/{rel}","templated":true}]}}