{"id":1130,"date":"2023-04-12T17:17:33","date_gmt":"2023-04-12T17:17:33","guid":{"rendered":"https:\/\/tirinha.com\/el-silencio-com-aron-piper-e-manu-rios-na-netflix-em-19-de-maio\/"},"modified":"2023-04-12T17:17:33","modified_gmt":"2023-04-12T17:17:33","slug":"19-may-kuni-netflixda-aron-payper-va-manu-rios-ishtirokidagi-sukunat","status":"publish","type":"post","link":"https:\/\/tirinha.com\/uz\/1130\/el-silencio-com-aron-piper-e-manu-rios-na-netflix-em-19-de-maio\/","title":{"rendered":"\u201819-may kuni Netflix\u2019da Aron Piper va Manu Rios ishtirokidagi \u2019El Silencio\u201d filmi."},"content":{"rendered":"<p><\/p>\n<div data-td-block-uid=\"tdi_70\">\n<div class=\"tdb-block-inner td-fix-index\">\n<h2>Aitor Gabilondo tomonidan yaratilgan mini-serialda Elita aktyorlari Aron Piper va Manu Rios ishtirok etadi.<\/h2>\n<p><strong>Netflix bugun filmning rasmiy treyleri va posterini e\u02bclon qildi <em>Jimlik<\/em>Aitor Gabilondo tomonidan yaratilgan va Ar\u00f3n Piper ishtirokidagi bezovta qiluvchi psixologik triller 19-may kuni butun dunyo bo&#039;ylab eksklyuziv Netflixda chiqariladi.<\/strong><\/p>\n<p>So&#039;zlari bilan aytganda <strong>Aitor Gabilondo<\/strong>, mini-serialning yaratuvchisi va prodyuseri: \u201cSergio Siskar (Aron Piper) tergovchilarni gapirmasdan va ular uni kuzatayotganini ham bilmasdan boshqarishga muvaffaq bo\u02bbladi. Aynan ular uning har bir imo-ishorasini tushunishga urinib, o\u02bbz tuzog\u02bbiga tushib, ko\u02bbrishni istagan narsalarini ko\u02bbrishadi. <strong>Xo&#039;sh, o&#039;lja kim?<\/strong> Ekrandagi odammi yoki tomosha qilayotgan odammi?<\/p>\n<p><span class=\"embed-youtube\" style=\"text-align:center; display: block;\"><iframe title=\"Sukunat (EN ESPA\u00d1OL) | Rasmiy treyler | Netflix\" width=\"790\" height=\"444\" src=\"https:\/\/www.youtube.com\/embed\/QlnQ5O69_LA?feature=oembed\" frameborder=\"0\" allow=\"accelerometer; autoplay; clipboard-write; encrypted-media; gyroscope; picture-in-picture; web-share\" allowfullscreen><\/iframe><\/span><\/p>\n<p><em><strong>Jimlik<\/strong><\/em>  hikoya qiladi <strong>Serxio Siskar (Aron Piper)<\/strong>, Voyaga yetmagan paytida ota-onasini o&#039;ldirganidan olti yil o&#039;tib ozodlikka chiqqan Serxio shu vaqt ichida birorta ham og&#039;iz so&#039;z aytmagan yoki rasmiylar bilan hamkorlik qilmagan, shuning uchun ham jinoyatning sabablari, ham uning hozirgi niyati sirligicha qolmoqda. <strong>Ana Dussel<\/strong> (Almudena Amor), yosh psixiatr va uning jamoasi uning jamiyat uchun potentsial xavfini aniqlash uchun javobgar bo&#039;ladi. <strong>uni kechayu kunduz yashirincha, hayvon kabi kuzatib<\/strong>.<\/p>\n<p><strong>Alea media<\/strong> Netflix uchun ushbu mini-serialni ishlab chiqarmoqda, bosh rolni ijro etmoqda <strong>Aron quvurchi<\/strong> (<em>Ortda qoldirgan tartibsizlik, Elita)<\/em>,<strong> Almudena sevgisi<\/strong> (<em>Yaxshi standart, sizni hushyor tutish uchun hikoyalar<\/em>), <strong>Kristina Kovani<\/strong> (<em>Ov<\/em>), <strong>Manu Rios<\/strong> (<em>Elita, G&#039;azab davri<\/em>), <strong>Aitor Luna<\/strong> (<em>Yerning merosxo&#039;ri Valeriya<\/em>),<strong> Ramiro Blas<\/strong> (<em>Maktab-internat: Gumbazlar<\/em>), <strong>Aria Bedmar<\/strong> (<em>Yer merosxo&#039;rlari, menga kimligimni aytinglar.<\/em>va <strong>Mikel Losada<\/strong> (<em>Ana, Garsiya va Garsiya)<\/em>boshqalar orasida.<\/p>\n<div class=\"sharedaddy sd-block sd-like jetpack-likes-widget-wrapper jetpack-likes-widget-unloaded\" id=\"like-post-wrapper-153844979-85695-6436e7acbb01c\" data-src=\"https:\/\/widgets.wp.com\/likes\/#blog_id=153844979&amp;post_id=85695&amp;origin=elgeneracionalpost.com&amp;obj_id=153844979-85695-6436e7acbb01c\" data-name=\"like-post-frame-153844979-85695-6436e7acbb01c\" data-title=\"Me gusta o Compartir\">\n<h3 class=\"sd-title\">Bu menga yoqdi:<\/h3>\n<p><span class=\"button\"><span>Menga yoqadi<\/span><\/span> <span class=\"loading\">Yuklanmoqda\u2026<\/span><\/p>\n<p><span class=\"sd-text-color\"\/><\/div>\n<p><h3 class=\"jp-relatedposts-headline\"><em>Tegishli<\/em><\/h3>\n<\/p>\n<\/div>\n<\/div>","protected":false},"excerpt":{"rendered":"<p>Miniss\u00e9rie criada por Aitor Gabilondo protagonizada pelos atores de Elite, Ar\u00f3n Piper e Manu R\u00edos A Netflix revelou hoje o &hellip; <\/p>","protected":false},"author":1,"featured_media":1132,"comment_status":"open","ping_status":"open","sticky":false,"template":"","format":"standard","meta":{"fifu_image_url":"https:\/\/elgeneracionalpost.com\/wp-content\/uploads\/2023\/04\/0500_EL_SILENCIO_STILL_LANDER_MGL2539-1024x576.jpg","fifu_image_alt":"","footnotes":""},"categories":[35],"tags":[],"class_list":["post-1130","post","type-post","status-publish","format-standard","has-post-thumbnail","hentry","category-cultura-e-lazer","latest_post"],"yoast_head":"<!-- This site is optimized with the Yoast SEO plugin v27.3 - https:\/\/yoast.com\/product\/yoast-seo-wordpress\/ -->\n<title>&#039;El Silencio&#039; com Ar\u00f3n Piper e Manu R\u00edos na Netflix em 19 de maio - Tirinha.com<\/title>\n<meta name=\"robots\" content=\"index, follow, max-snippet:-1, max-image-preview:large, max-video-preview:-1\" \/>\n<link rel=\"canonical\" href=\"https:\/\/tirinha.com\/uz\/1130\/19-may-kuni-netflixda-aron-payper-va-manu-rios-ishtirokidagi-sukunat\/\" \/>\n<meta property=\"og:locale\" content=\"uz_UZ\" \/>\n<meta property=\"og:type\" content=\"article\" \/>\n<meta property=\"og:title\" content=\"&#039;El Silencio&#039; com Ar\u00f3n Piper e Manu R\u00edos na Netflix em 19 de maio - Tirinha.com\" \/>\n<meta property=\"og:description\" content=\"Miniss\u00e9rie criada por Aitor Gabilondo protagonizada pelos atores de Elite, Ar\u00f3n Piper e Manu R\u00edos A Netflix revelou hoje o &hellip;\" \/>\n<meta property=\"og:url\" content=\"https:\/\/tirinha.com\/uz\/1130\/19-may-kuni-netflixda-aron-payper-va-manu-rios-ishtirokidagi-sukunat\/\" \/>\n<meta property=\"og:site_name\" content=\"Tirinha.com\" \/>\n<meta property=\"article:published_time\" content=\"2023-04-12T17:17:33+00:00\" \/>\n<meta property=\"og:image\" content=\"https:\/\/elgeneracionalpost.com\/wp-content\/uploads\/2023\/04\/0500_EL_SILENCIO_STILL_LANDER_MGL2539-1024x576.jpg\" \/>\n<meta name=\"author\" content=\"admin\" \/>\n<meta name=\"twitter:card\" content=\"summary_large_image\" \/>\n<meta name=\"twitter:image\" content=\"https:\/\/elgeneracionalpost.com\/wp-content\/uploads\/2023\/04\/0500_EL_SILENCIO_STILL_LANDER_MGL2539-1024x576.jpg\" \/>\n<meta name=\"twitter:label1\" content=\"Written by\" \/>\n\t<meta name=\"twitter:data1\" content=\"admin\" \/>\n\t<meta name=\"twitter:label2\" content=\"Est. reading time\" \/>\n\t<meta name=\"twitter:data2\" content=\"2 daqiqa\" \/>\n<script type=\"application\/ld+json\" class=\"yoast-schema-graph\">{\"@context\":\"https:\\\/\\\/schema.org\",\"@graph\":[{\"@type\":\"Article\",\"@id\":\"https:\\\/\\\/tirinha.com\\\/1130\\\/el-silencio-com-aron-piper-e-manu-rios-na-netflix-em-19-de-maio\\\/#article\",\"isPartOf\":{\"@id\":\"https:\\\/\\\/tirinha.com\\\/1130\\\/el-silencio-com-aron-piper-e-manu-rios-na-netflix-em-19-de-maio\\\/\"},\"author\":{\"name\":\"admin\",\"@id\":\"https:\\\/\\\/tirinha.com\\\/#\\\/schema\\\/person\\\/e22bdfbe17e0461f7e927e6a1208d4d9\"},\"headline\":\"&#8216;El Silencio&#8217; com Ar\u00f3n Piper e Manu R\u00edos na Netflix em 19 de maio\",\"datePublished\":\"2023-04-12T17:17:33+00:00\",\"mainEntityOfPage\":{\"@id\":\"https:\\\/\\\/tirinha.com\\\/1130\\\/el-silencio-com-aron-piper-e-manu-rios-na-netflix-em-19-de-maio\\\/\"},\"wordCount\":326,\"commentCount\":0,\"publisher\":{\"@id\":\"https:\\\/\\\/tirinha.com\\\/#organization\"},\"image\":{\"@id\":\"https:\\\/\\\/tirinha.com\\\/1130\\\/el-silencio-com-aron-piper-e-manu-rios-na-netflix-em-19-de-maio\\\/#primaryimage\"},\"thumbnailUrl\":\"https:\\\/\\\/elgeneracionalpost.com\\\/wp-content\\\/uploads\\\/2023\\\/04\\\/0500_EL_SILENCIO_STILL_LANDER_MGL2539-1024x576.jpg\",\"articleSection\":[\"Cultura e lazer\"],\"inLanguage\":\"uz-UZ\",\"potentialAction\":[{\"@type\":\"CommentAction\",\"name\":\"Comment\",\"target\":[\"https:\\\/\\\/tirinha.com\\\/1130\\\/el-silencio-com-aron-piper-e-manu-rios-na-netflix-em-19-de-maio\\\/#respond\"]}]},{\"@type\":\"WebPage\",\"@id\":\"https:\\\/\\\/tirinha.com\\\/1130\\\/el-silencio-com-aron-piper-e-manu-rios-na-netflix-em-19-de-maio\\\/\",\"url\":\"https:\\\/\\\/tirinha.com\\\/1130\\\/el-silencio-com-aron-piper-e-manu-rios-na-netflix-em-19-de-maio\\\/\",\"name\":\"'El Silencio' com Ar\u00f3n Piper e Manu R\u00edos na Netflix em 19 de maio - Tirinha.com\",\"isPartOf\":{\"@id\":\"https:\\\/\\\/tirinha.com\\\/#website\"},\"primaryImageOfPage\":{\"@id\":\"https:\\\/\\\/tirinha.com\\\/1130\\\/el-silencio-com-aron-piper-e-manu-rios-na-netflix-em-19-de-maio\\\/#primaryimage\"},\"image\":{\"@id\":\"https:\\\/\\\/tirinha.com\\\/1130\\\/el-silencio-com-aron-piper-e-manu-rios-na-netflix-em-19-de-maio\\\/#primaryimage\"},\"thumbnailUrl\":\"https:\\\/\\\/elgeneracionalpost.com\\\/wp-content\\\/uploads\\\/2023\\\/04\\\/0500_EL_SILENCIO_STILL_LANDER_MGL2539-1024x576.jpg\",\"datePublished\":\"2023-04-12T17:17:33+00:00\",\"breadcrumb\":{\"@id\":\"https:\\\/\\\/tirinha.com\\\/1130\\\/el-silencio-com-aron-piper-e-manu-rios-na-netflix-em-19-de-maio\\\/#breadcrumb\"},\"inLanguage\":\"uz-UZ\",\"potentialAction\":[{\"@type\":\"ReadAction\",\"target\":[\"https:\\\/\\\/tirinha.com\\\/1130\\\/el-silencio-com-aron-piper-e-manu-rios-na-netflix-em-19-de-maio\\\/\"]}]},{\"@type\":\"ImageObject\",\"inLanguage\":\"uz-UZ\",\"@id\":\"https:\\\/\\\/tirinha.com\\\/1130\\\/el-silencio-com-aron-piper-e-manu-rios-na-netflix-em-19-de-maio\\\/#primaryimage\",\"url\":\"https:\\\/\\\/elgeneracionalpost.com\\\/wp-content\\\/uploads\\\/2023\\\/04\\\/0500_EL_SILENCIO_STILL_LANDER_MGL2539-1024x576.jpg\",\"contentUrl\":\"https:\\\/\\\/elgeneracionalpost.com\\\/wp-content\\\/uploads\\\/2023\\\/04\\\/0500_EL_SILENCIO_STILL_LANDER_MGL2539-1024x576.jpg\"},{\"@type\":\"BreadcrumbList\",\"@id\":\"https:\\\/\\\/tirinha.com\\\/1130\\\/el-silencio-com-aron-piper-e-manu-rios-na-netflix-em-19-de-maio\\\/#breadcrumb\",\"itemListElement\":[{\"@type\":\"ListItem\",\"position\":1,\"name\":\"Home\",\"item\":\"https:\\\/\\\/tirinha.com\\\/\"},{\"@type\":\"ListItem\",\"position\":2,\"name\":\"&#8216;El Silencio&#8217; com Ar\u00f3n Piper e Manu R\u00edos na Netflix em 19 de maio\"}]},{\"@type\":\"WebSite\",\"@id\":\"https:\\\/\\\/tirinha.com\\\/#website\",\"url\":\"https:\\\/\\\/tirinha.com\\\/\",\"name\":\"Tirinha.com\",\"description\":\"Arte e livros resenhas\",\"publisher\":{\"@id\":\"https:\\\/\\\/tirinha.com\\\/#organization\"},\"potentialAction\":[{\"@type\":\"SearchAction\",\"target\":{\"@type\":\"EntryPoint\",\"urlTemplate\":\"https:\\\/\\\/tirinha.com\\\/?s={search_term_string}\"},\"query-input\":{\"@type\":\"PropertyValueSpecification\",\"valueRequired\":true,\"valueName\":\"search_term_string\"}}],\"inLanguage\":\"uz-UZ\"},{\"@type\":\"Organization\",\"@id\":\"https:\\\/\\\/tirinha.com\\\/#organization\",\"name\":\"Tirinha.com\",\"url\":\"https:\\\/\\\/tirinha.com\\\/\",\"logo\":{\"@type\":\"ImageObject\",\"inLanguage\":\"uz-UZ\",\"@id\":\"https:\\\/\\\/tirinha.com\\\/#\\\/schema\\\/logo\\\/image\\\/\",\"url\":\"https:\\\/\\\/tirinha.com\\\/wp-content\\\/uploads\\\/2023\\\/08\\\/cropped-Logo-Tirinha.webp\",\"contentUrl\":\"https:\\\/\\\/tirinha.com\\\/wp-content\\\/uploads\\\/2023\\\/08\\\/cropped-Logo-Tirinha.webp\",\"width\":512,\"height\":512,\"caption\":\"Tirinha.com\"},\"image\":{\"@id\":\"https:\\\/\\\/tirinha.com\\\/#\\\/schema\\\/logo\\\/image\\\/\"}},{\"@type\":\"Person\",\"@id\":\"https:\\\/\\\/tirinha.com\\\/#\\\/schema\\\/person\\\/e22bdfbe17e0461f7e927e6a1208d4d9\",\"name\":\"admin\",\"image\":{\"@type\":\"ImageObject\",\"inLanguage\":\"uz-UZ\",\"@id\":\"https:\\\/\\\/tirinha.com\\\/wp-content\\\/litespeed\\\/avatar\\\/d0068f7931cc87d7274eb0c3db1deb4b.jpg?ver=1776829466\",\"url\":\"https:\\\/\\\/tirinha.com\\\/wp-content\\\/litespeed\\\/avatar\\\/d0068f7931cc87d7274eb0c3db1deb4b.jpg?ver=1776829466\",\"contentUrl\":\"https:\\\/\\\/tirinha.com\\\/wp-content\\\/litespeed\\\/avatar\\\/d0068f7931cc87d7274eb0c3db1deb4b.jpg?ver=1776829466\",\"caption\":\"admin\"},\"sameAs\":[\"https:\\\/\\\/tirinha.com\"],\"url\":\"https:\\\/\\\/tirinha.com\\\/uz\\\/author\\\/admin\\\/\"}]}<\/script>\n<!-- \/ Yoast SEO plugin. -->","yoast_head_json":{"title":"'19-may kuni Netflix\u2019da Aron Piper va Manu Rios ishtirokidagi 'El Silencio\u201d \u2013 Tirinha.com","robots":{"index":"index","follow":"follow","max-snippet":"max-snippet:-1","max-image-preview":"max-image-preview:large","max-video-preview":"max-video-preview:-1"},"canonical":"https:\/\/tirinha.com\/uz\/1130\/19-may-kuni-netflixda-aron-payper-va-manu-rios-ishtirokidagi-sukunat\/","og_locale":"uz_UZ","og_type":"article","og_title":"'El Silencio' com Ar\u00f3n Piper e Manu R\u00edos na Netflix em 19 de maio - Tirinha.com","og_description":"Miniss\u00e9rie criada por Aitor Gabilondo protagonizada pelos atores de Elite, Ar\u00f3n Piper e Manu R\u00edos A Netflix revelou hoje o &hellip;","og_url":"https:\/\/tirinha.com\/uz\/1130\/19-may-kuni-netflixda-aron-payper-va-manu-rios-ishtirokidagi-sukunat\/","og_site_name":"Tirinha.com","article_published_time":"2023-04-12T17:17:33+00:00","og_image":[{"url":"https:\/\/elgeneracionalpost.com\/wp-content\/uploads\/2023\/04\/0500_EL_SILENCIO_STILL_LANDER_MGL2539-1024x576.jpg","type":"","width":"","height":""}],"author":"admin","twitter_card":"summary_large_image","twitter_image":"https:\/\/elgeneracionalpost.com\/wp-content\/uploads\/2023\/04\/0500_EL_SILENCIO_STILL_LANDER_MGL2539-1024x576.jpg","twitter_misc":{"Written by":"admin","Est. reading time":"2 daqiqa"},"schema":{"@context":"https:\/\/schema.org","@graph":[{"@type":"Article","@id":"https:\/\/tirinha.com\/1130\/el-silencio-com-aron-piper-e-manu-rios-na-netflix-em-19-de-maio\/#article","isPartOf":{"@id":"https:\/\/tirinha.com\/1130\/el-silencio-com-aron-piper-e-manu-rios-na-netflix-em-19-de-maio\/"},"author":{"name":"admin","@id":"https:\/\/tirinha.com\/#\/schema\/person\/e22bdfbe17e0461f7e927e6a1208d4d9"},"headline":"&#8216;El Silencio&#8217; com Ar\u00f3n Piper e Manu R\u00edos na Netflix em 19 de maio","datePublished":"2023-04-12T17:17:33+00:00","mainEntityOfPage":{"@id":"https:\/\/tirinha.com\/1130\/el-silencio-com-aron-piper-e-manu-rios-na-netflix-em-19-de-maio\/"},"wordCount":326,"commentCount":0,"publisher":{"@id":"https:\/\/tirinha.com\/#organization"},"image":{"@id":"https:\/\/tirinha.com\/1130\/el-silencio-com-aron-piper-e-manu-rios-na-netflix-em-19-de-maio\/#primaryimage"},"thumbnailUrl":"https:\/\/elgeneracionalpost.com\/wp-content\/uploads\/2023\/04\/0500_EL_SILENCIO_STILL_LANDER_MGL2539-1024x576.jpg","articleSection":["Cultura e lazer"],"inLanguage":"uz-UZ","potentialAction":[{"@type":"CommentAction","name":"Comment","target":["https:\/\/tirinha.com\/1130\/el-silencio-com-aron-piper-e-manu-rios-na-netflix-em-19-de-maio\/#respond"]}]},{"@type":"WebPage","@id":"https:\/\/tirinha.com\/1130\/el-silencio-com-aron-piper-e-manu-rios-na-netflix-em-19-de-maio\/","url":"https:\/\/tirinha.com\/1130\/el-silencio-com-aron-piper-e-manu-rios-na-netflix-em-19-de-maio\/","name":"'19-may kuni Netflix\u2019da Aron Piper va Manu Rios ishtirokidagi 'El Silencio\u201d \u2013 Tirinha.com","isPartOf":{"@id":"https:\/\/tirinha.com\/#website"},"primaryImageOfPage":{"@id":"https:\/\/tirinha.com\/1130\/el-silencio-com-aron-piper-e-manu-rios-na-netflix-em-19-de-maio\/#primaryimage"},"image":{"@id":"https:\/\/tirinha.com\/1130\/el-silencio-com-aron-piper-e-manu-rios-na-netflix-em-19-de-maio\/#primaryimage"},"thumbnailUrl":"https:\/\/elgeneracionalpost.com\/wp-content\/uploads\/2023\/04\/0500_EL_SILENCIO_STILL_LANDER_MGL2539-1024x576.jpg","datePublished":"2023-04-12T17:17:33+00:00","breadcrumb":{"@id":"https:\/\/tirinha.com\/1130\/el-silencio-com-aron-piper-e-manu-rios-na-netflix-em-19-de-maio\/#breadcrumb"},"inLanguage":"uz-UZ","potentialAction":[{"@type":"ReadAction","target":["https:\/\/tirinha.com\/1130\/el-silencio-com-aron-piper-e-manu-rios-na-netflix-em-19-de-maio\/"]}]},{"@type":"ImageObject","inLanguage":"uz-UZ","@id":"https:\/\/tirinha.com\/1130\/el-silencio-com-aron-piper-e-manu-rios-na-netflix-em-19-de-maio\/#primaryimage","url":"https:\/\/elgeneracionalpost.com\/wp-content\/uploads\/2023\/04\/0500_EL_SILENCIO_STILL_LANDER_MGL2539-1024x576.jpg","contentUrl":"https:\/\/elgeneracionalpost.com\/wp-content\/uploads\/2023\/04\/0500_EL_SILENCIO_STILL_LANDER_MGL2539-1024x576.jpg"},{"@type":"BreadcrumbList","@id":"https:\/\/tirinha.com\/1130\/el-silencio-com-aron-piper-e-manu-rios-na-netflix-em-19-de-maio\/#breadcrumb","itemListElement":[{"@type":"ListItem","position":1,"name":"Home","item":"https:\/\/tirinha.com\/"},{"@type":"ListItem","position":2,"name":"&#8216;El Silencio&#8217; com Ar\u00f3n Piper e Manu R\u00edos na Netflix em 19 de maio"}]},{"@type":"WebSite","@id":"https:\/\/tirinha.com\/#website","url":"https:\/\/tirinha.com\/","name":"Tirinha.com","description":"San&#039;at va kitob sharhlari","publisher":{"@id":"https:\/\/tirinha.com\/#organization"},"potentialAction":[{"@type":"SearchAction","target":{"@type":"EntryPoint","urlTemplate":"https:\/\/tirinha.com\/?s={search_term_string}"},"query-input":{"@type":"PropertyValueSpecification","valueRequired":true,"valueName":"search_term_string"}}],"inLanguage":"uz-UZ"},{"@type":"Organization","@id":"https:\/\/tirinha.com\/#organization","name":"Tirinha.com","url":"https:\/\/tirinha.com\/","logo":{"@type":"ImageObject","inLanguage":"uz-UZ","@id":"https:\/\/tirinha.com\/#\/schema\/logo\/image\/","url":"https:\/\/tirinha.com\/wp-content\/uploads\/2023\/08\/cropped-Logo-Tirinha.webp","contentUrl":"https:\/\/tirinha.com\/wp-content\/uploads\/2023\/08\/cropped-Logo-Tirinha.webp","width":512,"height":512,"caption":"Tirinha.com"},"image":{"@id":"https:\/\/tirinha.com\/#\/schema\/logo\/image\/"}},{"@type":"Person","@id":"https:\/\/tirinha.com\/#\/schema\/person\/e22bdfbe17e0461f7e927e6a1208d4d9","name":"admin","image":{"@type":"ImageObject","inLanguage":"uz-UZ","@id":"https:\/\/tirinha.com\/wp-content\/litespeed\/avatar\/d0068f7931cc87d7274eb0c3db1deb4b.jpg?ver=1776829466","url":"https:\/\/tirinha.com\/wp-content\/litespeed\/avatar\/d0068f7931cc87d7274eb0c3db1deb4b.jpg?ver=1776829466","contentUrl":"https:\/\/tirinha.com\/wp-content\/litespeed\/avatar\/d0068f7931cc87d7274eb0c3db1deb4b.jpg?ver=1776829466","caption":"admin"},"sameAs":["https:\/\/tirinha.com"],"url":"https:\/\/tirinha.com\/uz\/author\/admin\/"}]}},"_links":{"self":[{"href":"https:\/\/tirinha.com\/uz\/wp-json\/wp\/v2\/posts\/1130","targetHints":{"allow":["GET"]}}],"collection":[{"href":"https:\/\/tirinha.com\/uz\/wp-json\/wp\/v2\/posts"}],"about":[{"href":"https:\/\/tirinha.com\/uz\/wp-json\/wp\/v2\/types\/post"}],"author":[{"embeddable":true,"href":"https:\/\/tirinha.com\/uz\/wp-json\/wp\/v2\/users\/1"}],"replies":[{"embeddable":true,"href":"https:\/\/tirinha.com\/uz\/wp-json\/wp\/v2\/comments?post=1130"}],"version-history":[{"count":0,"href":"https:\/\/tirinha.com\/uz\/wp-json\/wp\/v2\/posts\/1130\/revisions"}],"wp:featuredmedia":[{"embeddable":true,"href":"https:\/\/tirinha.com\/uz\/wp-json\/wp\/v2\/media\/1132"}],"wp:attachment":[{"href":"https:\/\/tirinha.com\/uz\/wp-json\/wp\/v2\/media?parent=1130"}],"wp:term":[{"taxonomy":"category","embeddable":true,"href":"https:\/\/tirinha.com\/uz\/wp-json\/wp\/v2\/categories?post=1130"},{"taxonomy":"post_tag","embeddable":true,"href":"https:\/\/tirinha.com\/uz\/wp-json\/wp\/v2\/tags?post=1130"}],"curies":[{"name":"wp","href":"https:\/\/api.w.org\/{rel}","templated":true}]}}