{"id":970,"date":"2023-04-03T22:57:43","date_gmt":"2023-04-03T22:57:43","guid":{"rendered":"https:\/\/tirinha.com\/eu-posso-lidar-com-tudo-que-vem-em-meu-caminho\/"},"modified":"2023-04-03T22:57:43","modified_gmt":"2023-04-03T22:57:43","slug":"eu-posso-lidar-com-tudo-que-vem-em-meu-caminho","status":"publish","type":"post","link":"https:\/\/tirinha.com\/tr\/970\/eu-posso-lidar-com-tudo-que-vem-em-meu-caminho\/","title":{"rendered":"\u201cYoluma \u00e7\u0131kan her \u015feyin \u00fcstesinden gelebilirim.\u201d"},"content":{"rendered":"<p><\/p>\n<div>\n<h2><em>yaln\u0131z yapabilirim<\/em>Ale Lozano&#039;nun ilk single&#039;\u0131<\/h2>\n<p><strong>lozano biras\u0131<\/strong> (2000) ilk single&#039;lar\u0131n\u0131 31 Mart&#039;ta sundu <em><strong>yaln\u0131z yapabilirim<\/strong><\/em>. Bu \u015fark\u0131da Guadalajaral\u0131 sanat\u00e7\u0131 size her \u015feyi yapabilece\u011finizi hat\u0131rlatmak i\u00e7in bir \u00fcstesinden gelme hikayesi anlat\u0131yor. Dahas\u0131, onu dinleyen ki\u015finin bir mesajla \u00f6zde\u015fle\u015fece\u011fini ve bu mesajla motive olaca\u011f\u0131n\u0131 umuyor ki biz de i\u00e7ine dald\u0131\u011f\u0131m\u0131z farkl\u0131 durumlar nedeniyle bunu s\u0131kl\u0131kla unutuyoruz.<\/p>\n<p>B\u00fct\u00fcn bunlara \u015funu da eklemeliyiz ki bu pazartesi ilk video klibi <em>Bekar<\/em> Ale taraf\u0131ndan. Sanat\u00e7\u0131 m\u00fczi\u011fi ileti\u015fim d\u00fcnyas\u0131yla birle\u015ftiriyor. \u015eu anda bir podcast&#039;i var ve Mediaset Espa\u00f1a&#039;da \u00e7al\u0131\u015f\u0131yor. B\u00f6ylece daha sonra zaman\u0131m\u0131z olmad\u0131\u011f\u0131n\u0131 s\u00f6yl\u00fcyorlar! Her \u015feyin \u00fcstesinden gelebiliriz, yeter ki inanal\u0131m! Bu nedenle, bu g\u00fczel sesli mesaj\u0131n i\u00e7erdi\u011fi harika eseri bize anlatabilmesi i\u00e7in sanat\u00e7\u0131y\u0131 ilk elden getirmek istedik.<\/p>\n<p><strong>Soru: Performans yapma ilham\u0131 nereden geliyor? <em>yaln\u0131z yapabilirim<\/em>? <\/strong><\/p>\n<p><strong>Yan\u0131tlamak i\u00e7in:<\/strong> Asl\u0131nda ayr\u0131l\u0131\u011f\u0131n ard\u0131ndan \u00e7ok zor bir d\u00f6nem ge\u00e7irdim, ba\u015fka bir \u00fclkede tek ba\u015f\u0131ma ya\u015fad\u0131m ve kendimi tamamen kaybetmi\u015f gibi hissettim. Kim oldu\u011fumu ya da hayatta ne arad\u0131\u011f\u0131m\u0131 bilmiyordum. Olduk\u00e7a sinir bozucuydu ve bence ya\u015fayabilece\u011finiz en k\u00f6t\u00fc duygulardan biri: kim oldu\u011funuzu bilmemek. Yava\u015f yava\u015f o d\u00f6ng\u00fcden \u00e7\u0131kt\u0131m, her \u015feyin \u00fcstesinden gelebilece\u011fime, kendimi yeniden bulmak i\u00e7in kendimden ba\u015fka kimseye ihtiyac\u0131m olmad\u0131\u011f\u0131na inanmaya ihtiyac\u0131m vard\u0131. \u0130\u015fte oradan, kendimi g\u00fc\u00e7lendirme ve \u00f6n\u00fcme \u00e7\u0131kan her \u015feyin \u00fcstesinden gelebilece\u011fimi kendime hat\u0131rlatma ihtiyac\u0131mdan do\u011fdu!<\/p>\n<p><strong>S: Bu \u015fark\u0131da hangi tarzlar\u0131 yakalamak istediniz?<\/strong><\/p>\n<p><strong>A:<\/strong> Belirli bir tarz\u0131 nas\u0131l tan\u0131mlayaca\u011f\u0131m\u0131 bilemezdim, iyi bir ritmi olmas\u0131n\u0131, ne \u00e7ok yava\u015f ne de \u00e7ok g\u00fc\u00e7l\u00fc olmas\u0131n\u0131 ve ayn\u0131 zamanda onlar\u0131n yapt\u0131klar\u0131ndan etkilenmemize izin verebilece\u011fimiz bir ger\u00e7ekli\u011fi anlatabilmesini istedim. deme ve &quot;yeter art\u0131k&quot; demenin g\u00fcc\u00fc hayat\u0131m, beni durdurmalar\u0131na izin veremem.<\/p>\n<p><strong>Soru: Bu \u015fark\u0131yla amac\u0131n\u0131z nedir?<\/strong><\/p>\n<p><strong>A:<\/strong> \u0130nsanlar\u0131n \u015fark\u0131 s\u00f6zleriyle \u00f6zde\u015fle\u015fmelerini, onlar\u0131 dinleyerek motive olmalar\u0131n\u0131, \u00f6zlerini bast\u0131rmamay\u0131 ve hayal ettikleri ki\u015fi olmalar\u0131n\u0131 hat\u0131rlamalar\u0131n\u0131 \u00e7ok isterim.<\/p>\n<div>\n<figure id=\"attachment_84333\" aria-describedby=\"caption-attachment-84333\" style=\"width: 682px\" class=\"wp-caption alignnone\"><img fetchpriority=\"high\" data-attachment-id=\"84333\" data-permalink=\"https:\/\/elgeneracionalpost.com\/cultura\/2023\/0403\/84321\/ale-lozano-puedo-con-todo-lo-que-se-me-ponga-por-delante.html\/attachment\/image-3-7\" data-orig-file=\"https:\/\/i0.wp.com\/elgeneracionalpost.com\/wp-content\/uploads\/2023\/03\/Image-3.jpeg?fit=1066%2C1600&amp;ssl=1\" data-orig-size=\"1066,1600\" data-comments-opened=\"0\" data-image-meta=\"{&quot;aperture&quot;:&quot;0&quot;,&quot;credit&quot;:&quot;&quot;,&quot;camera&quot;:&quot;&quot;,&quot;caption&quot;:&quot;&quot;,&quot;created_timestamp&quot;:&quot;0&quot;,&quot;copyright&quot;:&quot;&quot;,&quot;focal_length&quot;:&quot;0&quot;,&quot;iso&quot;:&quot;0&quot;,&quot;shutter_speed&quot;:&quot;0&quot;,&quot;title&quot;:&quot;&quot;,&quot;orientation&quot;:&quot;1&quot;}\" data-image-title=\"Image (3)\" data-image-description=\"\" data-image-caption=\"&lt;p&gt;Ale Lozano lanza su primer tema \u2018Yo Puedo Sola\u2019. | Fuente: @alee_lozano_&lt;\/p&gt;&#10;\" data-medium-file=\"https:\/\/i0.wp.com\/elgeneracionalpost.com\/wp-content\/uploads\/2023\/03\/Image-3.jpeg?fit=200%2C300&amp;ssl=1\" data-large-file=\"https:\/\/i0.wp.com\/elgeneracionalpost.com\/wp-content\/uploads\/2023\/03\/Image-3.jpeg?fit=682%2C1024&amp;ssl=1\" decoding=\"async\" class=\"wp-image-84333 size-large jetpack-lazy-image\" src=\"https:\/\/i0.wp.com\/elgeneracionalpost.com\/wp-content\/uploads\/2023\/03\/Image-3.jpeg?resize=682%2C1024&amp;ssl=1\" alt=\"\" width=\"682\" height=\"1024\" data-recalc-dims=\"1\" data-lazy-srcset=\"https:\/\/i0.wp.com\/elgeneracionalpost.com\/wp-content\/uploads\/2023\/03\/Image-3.jpeg?resize=682%2C1024&amp;ssl=1 682w, https:\/\/i0.wp.com\/elgeneracionalpost.com\/wp-content\/uploads\/2023\/03\/Image-3.jpeg?resize=200%2C300&amp;ssl=1 200w, https:\/\/i0.wp.com\/elgeneracionalpost.com\/wp-content\/uploads\/2023\/03\/Image-3.jpeg?resize=768%2C1153&amp;ssl=1 768w, https:\/\/i0.wp.com\/elgeneracionalpost.com\/wp-content\/uploads\/2023\/03\/Image-3.jpeg?resize=1023%2C1536&amp;ssl=1 1023w, https:\/\/i0.wp.com\/elgeneracionalpost.com\/wp-content\/uploads\/2023\/03\/Image-3.jpeg?resize=150%2C225&amp;ssl=1 150w, https:\/\/i0.wp.com\/elgeneracionalpost.com\/wp-content\/uploads\/2023\/03\/Image-3.jpeg?resize=300%2C450&amp;ssl=1 300w, https:\/\/i0.wp.com\/elgeneracionalpost.com\/wp-content\/uploads\/2023\/03\/Image-3.jpeg?resize=696%2C1045&amp;ssl=1 696w, https:\/\/i0.wp.com\/elgeneracionalpost.com\/wp-content\/uploads\/2023\/03\/Image-3.jpeg?w=1066&amp;ssl=1 1066w\" data-lazy-sizes=\"(max-width: 682px) 100vw, 682px\" data-lazy-src=\"https:\/\/i0.wp.com\/elgeneracionalpost.com\/wp-content\/uploads\/2023\/03\/Image-3.jpeg?resize=682%2C1024&amp;is-pending-load=1#038;ssl=1\" srcset=\"data:image\/gif;base64,R0lGODlhAQABAIAAAAAAAP\/\/\/yH5BAEAAAAALAAAAAABAAEAAAIBRAA7\"\/><noscript><img data-lazy-fallback=\"1\" data-attachment-id=\"84333\" data-permalink=\"https:\/\/elgeneracionalpost.com\/cultura\/2023\/0403\/84321\/ale-lozano-puedo-con-todo-lo-que-se-me-ponga-por-delante.html\/attachment\/image-3-7\" data-orig-file=\"https:\/\/i0.wp.com\/elgeneracionalpost.com\/wp-content\/uploads\/2023\/03\/Image-3.jpeg?fit=1066%2C1600&amp;ssl=1\" data-orig-size=\"1066,1600\" data-comments-opened=\"0\" data-image-meta=\"{&quot;aperture&quot;:&quot;0&quot;,&quot;credit&quot;:&quot;&quot;,&quot;camera&quot;:&quot;&quot;,&quot;caption&quot;:&quot;&quot;,&quot;created_timestamp&quot;:&quot;0&quot;,&quot;copyright&quot;:&quot;&quot;,&quot;focal_length&quot;:&quot;0&quot;,&quot;iso&quot;:&quot;0&quot;,&quot;shutter_speed&quot;:&quot;0&quot;,&quot;title&quot;:&quot;&quot;,&quot;orientation&quot;:&quot;1&quot;}\" data-image-title=\"Image (3)\" data-image-description=\"\" data-image-caption=\"&lt;p&gt;Ale Lozano lanza su primer tema \u2018Yo Puedo Sola\u2019. | Fuente: @alee_lozano_&lt;\/p&gt;&#10;\" data-medium-file=\"https:\/\/i0.wp.com\/elgeneracionalpost.com\/wp-content\/uploads\/2023\/03\/Image-3.jpeg?fit=200%2C300&amp;ssl=1\" data-large-file=\"https:\/\/i0.wp.com\/elgeneracionalpost.com\/wp-content\/uploads\/2023\/03\/Image-3.jpeg?fit=682%2C1024&amp;ssl=1\" decoding=\"async\" class=\"wp-image-84333 size-large\" src=\"https:\/\/i0.wp.com\/elgeneracionalpost.com\/wp-content\/uploads\/2023\/03\/Image-3.jpeg?resize=682%2C1024&amp;ssl=1\" alt=\"\" width=\"682\" height=\"1024\" srcset=\"https:\/\/i0.wp.com\/elgeneracionalpost.com\/wp-content\/uploads\/2023\/03\/Image-3.jpeg?resize=682%2C1024&amp;ssl=1 682w, https:\/\/i0.wp.com\/elgeneracionalpost.com\/wp-content\/uploads\/2023\/03\/Image-3.jpeg?resize=200%2C300&amp;ssl=1 200w, https:\/\/i0.wp.com\/elgeneracionalpost.com\/wp-content\/uploads\/2023\/03\/Image-3.jpeg?resize=768%2C1153&amp;ssl=1 768w, https:\/\/i0.wp.com\/elgeneracionalpost.com\/wp-content\/uploads\/2023\/03\/Image-3.jpeg?resize=1023%2C1536&amp;ssl=1 1023w, https:\/\/i0.wp.com\/elgeneracionalpost.com\/wp-content\/uploads\/2023\/03\/Image-3.jpeg?resize=150%2C225&amp;ssl=1 150w, https:\/\/i0.wp.com\/elgeneracionalpost.com\/wp-content\/uploads\/2023\/03\/Image-3.jpeg?resize=300%2C450&amp;ssl=1 300w, https:\/\/i0.wp.com\/elgeneracionalpost.com\/wp-content\/uploads\/2023\/03\/Image-3.jpeg?resize=696%2C1045&amp;ssl=1 696w, https:\/\/i0.wp.com\/elgeneracionalpost.com\/wp-content\/uploads\/2023\/03\/Image-3.jpeg?w=1066&amp;ssl=1 1066w\" sizes=\"(max-width: 682px) 100vw, 682px\" data-recalc-dims=\"1\"\/><\/noscript><figcaption id=\"caption-attachment-84333\" class=\"wp-caption-text\">Ale Lozano ilk \u015fark\u0131s\u0131 &#039;Yo Puedo Sola&#039;y\u0131 yay\u0131nlad\u0131. | Kaynak: @alee_lozano_<\/figcaption><\/figure>\n<\/div>\n<p><strong>Soru: Ne zamand\u0131r m\u00fczik \u00fczerinde \u00e7al\u0131\u015f\u0131yorsunuz?<\/strong><\/p>\n<p><strong>A:<\/strong> Beste yapmaya 2021&#039;in ba\u015f\u0131nda ba\u015flad\u0131m ve 2023&#039;te yay\u0131nlamak bana inan\u0131lmaz geliyor. Bu, iki y\u0131ld\u0131r \u00fczerinde \u00e7al\u0131\u015ft\u0131\u011f\u0131m anlam\u0131na gelmiyor ama \u015f\u00fcphelerim vard\u0131, b\u0131rakt\u0131m ve bir\u00e7ok kez yeniden ba\u015flad\u0131m. . Bir \u015fark\u0131n\u0131n, bir mektubun farkl\u0131 bir bak\u0131\u015f a\u00e7\u0131s\u0131yla dinlenmesine izin vermek sorun de\u011fil ama bug\u00fcne kadar kendimize olan g\u00fcvenimizin \u00e7ok eksik oldu\u011funu d\u00fc\u015f\u00fcn\u00fcyorum. Sonunda her \u015fekilde kendime bahse giriyorum.<\/p>\n<p><strong>S: Bu \u015fark\u0131y\u0131 yapan herhangi bir sanat\u00e7\u0131y\u0131 fark ettiniz mi?<\/strong><\/p>\n<p><strong>A:<\/strong> Di\u011fer sanat\u00e7\u0131larla \u00f6zde\u015fle\u015fmekte zorluk \u00e7ekiyorum, san\u0131r\u0131m h\u00e2l\u00e2 m\u00fczikal yolumu ke\u015ffediyorum. Birbiriyle alakas\u0131 olmayan pek \u00e7ok stil ve sanat\u00e7\u0131y\u0131 seviyorum. Mesela onun ifade edebildi\u011fi hassasiyeti seviyorum <strong>Bebek<\/strong> \u015fark\u0131 s\u00f6zlerinle, vokal k\u0131vr\u0131mlar\u0131n\u0131 seviyorum <strong>Cristina<\/strong> <strong>Kartal<\/strong> ve iletti\u011fi \u0131s\u0131 <strong>Norah<\/strong> <strong>Jones<\/strong>ve birbirleriyle kesinlikle hi\u00e7bir ilgileri yok!<\/p>\n<p><h3>Kaybetme serisinden \u00e7\u0131kmak i\u00e7in dinlemeniz gereken \u015fark\u0131<\/h3>\n<\/p>\n<p><strong>Soru: En \u00e7ok hangi \u015fark\u0131c\u0131ya dikkat ediyorsunuz? <\/strong><\/p>\n<p><strong>A:<\/strong> \u015eu s\u0131ralar zihnimi yeni tarzlara a\u00e7maya, y\u0131llar \u00f6ncesine gidip bug\u00fcn duyduklar\u0131m\u0131z\u0131n nereden geldi\u011fini, bug\u00fcn dinledi\u011fimiz \u015fark\u0131c\u0131lara kimlerin ilham vermi\u015f olabilece\u011fini g\u00f6rmeye ve biraz daha derine inmeye \u00e7al\u0131\u015f\u0131yorum haha diyelim. Pek \u00e7ok Latin \u015fark\u0131c\u0131y\u0131 dinliyorum <strong>Besleme<\/strong> herhangi <strong>Carol G.<\/strong>ama ben de duyuyorum <strong>Norah Jones veya Christina Aguilera.<\/strong> Her \u015feyden biraz.<\/p>\n<p><strong>Soru: \u0130dol\u00fcn\u00fcz kim?<\/strong><\/p>\n<p><strong>A:<\/strong> B\u00f6yle bir idol\u00fcm olmad\u0131\u011f\u0131n\u0131 s\u00f6ylemek \u015fa\u015f\u0131rt\u0131c\u0131 olacakt\u0131r. Justin Bieber&#039;\u0131 zaman\u0131nda seviyordum ama san\u0131r\u0131m daha \u00e7ok gen\u00e7lik a\u015fk\u0131yd\u0131 haha, ama dikkatli olun! Onun m\u00fczi\u011fini h\u00e2l\u00e2 be\u011feniyorum. Aitana, Pablo Alboran ve <strong>Rosalia<\/strong> Ulusal d\u00fczeyde bana \u00e7ok ilham veriyorlar. Ve uluslararas\u0131 alanda her \u015feyden biraz.<\/p>\n<div>\n<figure id=\"attachment_84332\" aria-describedby=\"caption-attachment-84332\" style=\"width: 696px\" class=\"wp-caption alignnone\"><img data-attachment-id=\"84332\" data-permalink=\"https:\/\/elgeneracionalpost.com\/cultura\/2023\/0403\/84321\/ale-lozano-puedo-con-todo-lo-que-se-me-ponga-por-delante.html\/attachment\/image-2-9\" data-orig-file=\"https:\/\/i0.wp.com\/elgeneracionalpost.com\/wp-content\/uploads\/2023\/03\/Image-2.jpeg?fit=1440%2C1800&amp;ssl=1\" data-orig-size=\"1440,1800\" data-comments-opened=\"0\" data-image-meta=\"{&quot;aperture&quot;:&quot;0&quot;,&quot;credit&quot;:&quot;&quot;,&quot;camera&quot;:&quot;&quot;,&quot;caption&quot;:&quot;&quot;,&quot;created_timestamp&quot;:&quot;0&quot;,&quot;copyright&quot;:&quot;&quot;,&quot;focal_length&quot;:&quot;0&quot;,&quot;iso&quot;:&quot;0&quot;,&quot;shutter_speed&quot;:&quot;0&quot;,&quot;title&quot;:&quot;&quot;,&quot;orientation&quot;:&quot;1&quot;}\" data-image-title=\"Image (2)\" data-image-description=\"\" data-image-caption=\"&lt;p&gt;Ale Lozano lanza su primer tema \u2018Yo Puedo Sola\u2019. | Fuente: @alee_lozano_&lt;\/p&gt;&#10;\" data-medium-file=\"https:\/\/i0.wp.com\/elgeneracionalpost.com\/wp-content\/uploads\/2023\/03\/Image-2.jpeg?fit=240%2C300&amp;ssl=1\" data-large-file=\"https:\/\/i0.wp.com\/elgeneracionalpost.com\/wp-content\/uploads\/2023\/03\/Image-2.jpeg?fit=696%2C870&amp;ssl=1\" decoding=\"async\" class=\"wp-image-84332 size-large jetpack-lazy-image\" src=\"https:\/\/i0.wp.com\/elgeneracionalpost.com\/wp-content\/uploads\/2023\/03\/Image-2.jpeg?resize=696%2C870&amp;ssl=1\" alt=\"\" width=\"696\" height=\"870\" data-recalc-dims=\"1\" data-lazy-srcset=\"https:\/\/i0.wp.com\/elgeneracionalpost.com\/wp-content\/uploads\/2023\/03\/Image-2.jpeg?resize=819%2C1024&amp;ssl=1 819w, https:\/\/i0.wp.com\/elgeneracionalpost.com\/wp-content\/uploads\/2023\/03\/Image-2.jpeg?resize=240%2C300&amp;ssl=1 240w, https:\/\/i0.wp.com\/elgeneracionalpost.com\/wp-content\/uploads\/2023\/03\/Image-2.jpeg?resize=768%2C960&amp;ssl=1 768w, https:\/\/i0.wp.com\/elgeneracionalpost.com\/wp-content\/uploads\/2023\/03\/Image-2.jpeg?resize=1229%2C1536&amp;ssl=1 1229w, https:\/\/i0.wp.com\/elgeneracionalpost.com\/wp-content\/uploads\/2023\/03\/Image-2.jpeg?resize=150%2C188&amp;ssl=1 150w, https:\/\/i0.wp.com\/elgeneracionalpost.com\/wp-content\/uploads\/2023\/03\/Image-2.jpeg?resize=300%2C375&amp;ssl=1 300w, https:\/\/i0.wp.com\/elgeneracionalpost.com\/wp-content\/uploads\/2023\/03\/Image-2.jpeg?resize=696%2C870&amp;ssl=1 696w, https:\/\/i0.wp.com\/elgeneracionalpost.com\/wp-content\/uploads\/2023\/03\/Image-2.jpeg?resize=1068%2C1335&amp;ssl=1 1068w, https:\/\/i0.wp.com\/elgeneracionalpost.com\/wp-content\/uploads\/2023\/03\/Image-2.jpeg?w=1440&amp;ssl=1 1440w\" data-lazy-sizes=\"(max-width: 696px) 100vw, 696px\" data-lazy-src=\"https:\/\/i0.wp.com\/elgeneracionalpost.com\/wp-content\/uploads\/2023\/03\/Image-2.jpeg?resize=696%2C870&amp;is-pending-load=1#038;ssl=1\" srcset=\"data:image\/gif;base64,R0lGODlhAQABAIAAAAAAAP\/\/\/yH5BAEAAAAALAAAAAABAAEAAAIBRAA7\"\/><noscript><img loading=\"lazy\" data-lazy-fallback=\"1\" data-attachment-id=\"84332\" data-permalink=\"https:\/\/elgeneracionalpost.com\/cultura\/2023\/0403\/84321\/ale-lozano-puedo-con-todo-lo-que-se-me-ponga-por-delante.html\/attachment\/image-2-9\" data-orig-file=\"https:\/\/i0.wp.com\/elgeneracionalpost.com\/wp-content\/uploads\/2023\/03\/Image-2.jpeg?fit=1440%2C1800&amp;ssl=1\" data-orig-size=\"1440,1800\" data-comments-opened=\"0\" data-image-meta=\"{&quot;aperture&quot;:&quot;0&quot;,&quot;credit&quot;:&quot;&quot;,&quot;camera&quot;:&quot;&quot;,&quot;caption&quot;:&quot;&quot;,&quot;created_timestamp&quot;:&quot;0&quot;,&quot;copyright&quot;:&quot;&quot;,&quot;focal_length&quot;:&quot;0&quot;,&quot;iso&quot;:&quot;0&quot;,&quot;shutter_speed&quot;:&quot;0&quot;,&quot;title&quot;:&quot;&quot;,&quot;orientation&quot;:&quot;1&quot;}\" data-image-title=\"Image (2)\" data-image-description=\"\" data-image-caption=\"&lt;p&gt;Ale Lozano lanza su primer tema \u2018Yo Puedo Sola\u2019. | Fuente: @alee_lozano_&lt;\/p&gt;&#10;\" data-medium-file=\"https:\/\/i0.wp.com\/elgeneracionalpost.com\/wp-content\/uploads\/2023\/03\/Image-2.jpeg?fit=240%2C300&amp;ssl=1\" data-large-file=\"https:\/\/i0.wp.com\/elgeneracionalpost.com\/wp-content\/uploads\/2023\/03\/Image-2.jpeg?fit=696%2C870&amp;ssl=1\" decoding=\"async\" class=\"wp-image-84332 size-large\" src=\"https:\/\/i0.wp.com\/elgeneracionalpost.com\/wp-content\/uploads\/2023\/03\/Image-2.jpeg?resize=696%2C870&amp;ssl=1\" alt=\"\" width=\"696\" height=\"870\" srcset=\"https:\/\/i0.wp.com\/elgeneracionalpost.com\/wp-content\/uploads\/2023\/03\/Image-2.jpeg?resize=819%2C1024&amp;ssl=1 819w, https:\/\/i0.wp.com\/elgeneracionalpost.com\/wp-content\/uploads\/2023\/03\/Image-2.jpeg?resize=240%2C300&amp;ssl=1 240w, https:\/\/i0.wp.com\/elgeneracionalpost.com\/wp-content\/uploads\/2023\/03\/Image-2.jpeg?resize=768%2C960&amp;ssl=1 768w, https:\/\/i0.wp.com\/elgeneracionalpost.com\/wp-content\/uploads\/2023\/03\/Image-2.jpeg?resize=1229%2C1536&amp;ssl=1 1229w, https:\/\/i0.wp.com\/elgeneracionalpost.com\/wp-content\/uploads\/2023\/03\/Image-2.jpeg?resize=150%2C188&amp;ssl=1 150w, https:\/\/i0.wp.com\/elgeneracionalpost.com\/wp-content\/uploads\/2023\/03\/Image-2.jpeg?resize=300%2C375&amp;ssl=1 300w, https:\/\/i0.wp.com\/elgeneracionalpost.com\/wp-content\/uploads\/2023\/03\/Image-2.jpeg?resize=696%2C870&amp;ssl=1 696w, https:\/\/i0.wp.com\/elgeneracionalpost.com\/wp-content\/uploads\/2023\/03\/Image-2.jpeg?resize=1068%2C1335&amp;ssl=1 1068w, https:\/\/i0.wp.com\/elgeneracionalpost.com\/wp-content\/uploads\/2023\/03\/Image-2.jpeg?w=1440&amp;ssl=1 1440w\" sizes=\"auto, (max-width: 696px) 100vw, 696px\" data-recalc-dims=\"1\"\/><\/noscript><figcaption id=\"caption-attachment-84332\" class=\"wp-caption-text\">Ale Lozano ilk \u015fark\u0131s\u0131 &#039;Yo Puedo Sola&#039;y\u0131 yay\u0131nlad\u0131. | Kaynak: @alee_lozano_<\/figcaption><\/figure>\n<\/div>\n<p><strong>Soru: \u015eark\u0131n\u0131n yap\u0131mc\u0131s\u0131 kim?<\/strong><\/p>\n<p><strong>A:<\/strong> M\u00fczik ritmi <strong>SMRK BEATS,<\/strong> Hala olgunla\u015fma s\u00fcrecinde olan daha fazla \u015fark\u0131da onun temellerini kullan\u0131yorum ve ger\u00e7ekten ho\u015fuma gidiyor. Kay\u0131t ve mastering bunun sonucudur <strong>Danny Delgado<\/strong>, bir \u00e7atlak. Kendisi bana kar\u015f\u0131 \u00e7ok sab\u0131rl\u0131 davrand\u0131, ben beste yapma ve kaydetme konusunda yeniyim ve o bir usta.<\/p>\n<p><strong>Soru: De\u011fersiz oldu\u011funa inan\u0131p seni a\u015fa\u011f\u0131layan insanlara ne s\u00f6ylersin?<\/strong><\/p>\n<p><strong>A:<\/strong> Hayallerimizin ba\u015far\u0131s\u0131n\u0131 geri kalan\u0131n belirlemesine izin veremeyiz. Sa\u011f\u0131r kulaklar! Onlara projelerine odaklanmalar\u0131n\u0131 ve ba\u015fkalar\u0131n\u0131n hayallerini yarg\u0131lamamalar\u0131n\u0131 s\u00f6ylerdim. Onun y\u00fcz\u00fcnden \u015fark\u0131y\u0131 yay\u0131nlamaktan \u00e7ok korkuyordum: \u201cYa benden bunu beklemiyorlarsa? Ya ger\u00e7ekten do\u011fru yapmazsam? Ba\u015fka kimse yapmasa bile kendinize g\u00fcvenmeli ve kendinize bahse girmelisiniz.<\/p>\n<p><strong>Soru: Hayallerinin pe\u015finden ko\u015fmaya cesaret edemeyenlere ne tavsiye edersiniz?<\/strong><\/p>\n<p><strong>A:<\/strong> Neyi yay\u0131nl\u0131yorlar! Bizim tek bir hayat\u0131m\u0131z var! Bu konularda \u00e7ok konu\u015fuyorum <em>kendine yard\u0131m et kendine yard\u0131m et<\/em>podcast&#039;im, ba\u015fkalar\u0131n\u0131n bizim hakk\u0131m\u0131zda ne d\u00fc\u015f\u00fcnd\u00fc\u011f\u00fcn\u00fcn veya s\u00f6yledi\u011finin fark\u0131nda olamayaca\u011f\u0131m\u0131z ger\u00e7e\u011fiyle ilgili.<\/p>\n<div>\n<p><span class=\"embed-youtube\" style=\"text-align:center; display: block;\"><iframe title=\"YO PUEDO SOLA - Ale \u2020 Lozano\" width=\"790\" height=\"444\" src=\"https:\/\/www.youtube.com\/embed\/bby20vBZrr0?feature=oembed\" frameborder=\"0\" allow=\"accelerometer; autoplay; clipboard-write; encrypted-media; gyroscope; picture-in-picture; web-share\" allowfullscreen><\/iframe><\/span><\/p>\n<\/div>\n<h3\/>\n<div class=\"sharedaddy sd-block sd-like jetpack-likes-widget-wrapper jetpack-likes-widget-unloaded\" id=\"like-post-wrapper-153844979-84321-642b59e6b9847\" data-src=\"https:\/\/widgets.wp.com\/likes\/#blog_id=153844979&amp;post_id=84321&amp;origin=elgeneracionalpost.com&amp;obj_id=153844979-84321-642b59e6b9847\" data-name=\"like-post-frame-153844979-84321-642b59e6b9847\" data-title=\"Me gusta o Compartir\">\n<h3 class=\"sd-title\">Bunu severim:<\/h3>\n<p><span class=\"button\"><span>Severim<\/span><\/span> <span class=\"loading\">Y\u00fckleniyor\u2026<\/span><\/p>\n<p><span class=\"sd-text-color\"\/><\/div>\n<p><h3 class=\"jp-relatedposts-headline\"><em>\u0130lgili<\/em><\/h3>\n<\/p>\n<\/div>","protected":false},"excerpt":{"rendered":"<p>Yaln\u0131z Kalabilirim Ale Lozano&#039;nun ilk single biras\u0131 Lozano (2000) 31 Mart&#039;ta ilk single&#039;\u0131 I&#039;i sundu. <\/p>","protected":false},"author":1,"featured_media":972,"comment_status":"open","ping_status":"open","sticky":false,"template":"","format":"standard","meta":{"fifu_image_url":"https:\/\/elgeneracionalpost.com\/wp-content\/uploads\/2023\/03\/Image-1-1024x1024.jpeg","fifu_image_alt":"","footnotes":""},"categories":[35],"tags":[],"class_list":["post-970","post","type-post","status-publish","format-standard","has-post-thumbnail","hentry","category-cultura-e-lazer","latest_post"],"yoast_head":"<!-- This site is optimized with the Yoast SEO plugin v27.3 - https:\/\/yoast.com\/product\/yoast-seo-wordpress\/ -->\n<title>&quot;Eu posso lidar com tudo que vem em meu caminho&quot; - Tirinha.com<\/title>\n<meta name=\"robots\" content=\"index, follow, max-snippet:-1, max-image-preview:large, max-video-preview:-1\" \/>\n<link rel=\"canonical\" href=\"https:\/\/tirinha.com\/tr\/970\/eu-posso-lidar-com-tudo-que-vem-em-meu-caminho\/\" \/>\n<meta property=\"og:locale\" content=\"tr_TR\" \/>\n<meta property=\"og:type\" content=\"article\" \/>\n<meta property=\"og:title\" content=\"&quot;Eu posso lidar com tudo que vem em meu caminho&quot; - Tirinha.com\" \/>\n<meta property=\"og:description\" content=\"eu posso sozinhoo primeiro single de Ale Lozano cerveja lozano (2000) apresentou em 31 de mar\u00e7o seu primeiro single eu &hellip;\" \/>\n<meta property=\"og:url\" content=\"https:\/\/tirinha.com\/tr\/970\/eu-posso-lidar-com-tudo-que-vem-em-meu-caminho\/\" \/>\n<meta property=\"og:site_name\" content=\"Tirinha.com\" \/>\n<meta property=\"article:published_time\" content=\"2023-04-03T22:57:43+00:00\" \/>\n<meta property=\"og:image\" content=\"https:\/\/elgeneracionalpost.com\/wp-content\/uploads\/2023\/03\/Image-1-1024x1024.jpeg\" \/>\n<meta name=\"author\" content=\"admin\" \/>\n<meta name=\"twitter:card\" content=\"summary_large_image\" \/>\n<meta name=\"twitter:image\" content=\"https:\/\/elgeneracionalpost.com\/wp-content\/uploads\/2023\/03\/Image-1-1024x1024.jpeg\" \/>\n<meta name=\"twitter:label1\" content=\"Yazan:\" \/>\n\t<meta name=\"twitter:data1\" content=\"admin\" \/>\n\t<meta name=\"twitter:label2\" content=\"Tahmini okuma s\u00fcresi\" \/>\n\t<meta name=\"twitter:data2\" content=\"5 dakika\" \/>\n<script type=\"application\/ld+json\" class=\"yoast-schema-graph\">{\"@context\":\"https:\\\/\\\/schema.org\",\"@graph\":[{\"@type\":\"Article\",\"@id\":\"https:\\\/\\\/tirinha.com\\\/970\\\/eu-posso-lidar-com-tudo-que-vem-em-meu-caminho\\\/#article\",\"isPartOf\":{\"@id\":\"https:\\\/\\\/tirinha.com\\\/970\\\/eu-posso-lidar-com-tudo-que-vem-em-meu-caminho\\\/\"},\"author\":{\"name\":\"admin\",\"@id\":\"https:\\\/\\\/tirinha.com\\\/#\\\/schema\\\/person\\\/e22bdfbe17e0461f7e927e6a1208d4d9\"},\"headline\":\"&#8220;Eu posso lidar com tudo que vem em meu caminho&#8221;\",\"datePublished\":\"2023-04-03T22:57:43+00:00\",\"mainEntityOfPage\":{\"@id\":\"https:\\\/\\\/tirinha.com\\\/970\\\/eu-posso-lidar-com-tudo-que-vem-em-meu-caminho\\\/\"},\"wordCount\":969,\"commentCount\":0,\"publisher\":{\"@id\":\"https:\\\/\\\/tirinha.com\\\/#organization\"},\"image\":{\"@id\":\"https:\\\/\\\/tirinha.com\\\/970\\\/eu-posso-lidar-com-tudo-que-vem-em-meu-caminho\\\/#primaryimage\"},\"thumbnailUrl\":\"https:\\\/\\\/elgeneracionalpost.com\\\/wp-content\\\/uploads\\\/2023\\\/03\\\/Image-1-1024x1024.jpeg\",\"articleSection\":[\"Cultura e lazer\"],\"inLanguage\":\"tr\",\"potentialAction\":[{\"@type\":\"CommentAction\",\"name\":\"Comment\",\"target\":[\"https:\\\/\\\/tirinha.com\\\/970\\\/eu-posso-lidar-com-tudo-que-vem-em-meu-caminho\\\/#respond\"]}]},{\"@type\":\"WebPage\",\"@id\":\"https:\\\/\\\/tirinha.com\\\/970\\\/eu-posso-lidar-com-tudo-que-vem-em-meu-caminho\\\/\",\"url\":\"https:\\\/\\\/tirinha.com\\\/970\\\/eu-posso-lidar-com-tudo-que-vem-em-meu-caminho\\\/\",\"name\":\"\\\"Eu posso lidar com tudo que vem em meu caminho\\\" - Tirinha.com\",\"isPartOf\":{\"@id\":\"https:\\\/\\\/tirinha.com\\\/#website\"},\"primaryImageOfPage\":{\"@id\":\"https:\\\/\\\/tirinha.com\\\/970\\\/eu-posso-lidar-com-tudo-que-vem-em-meu-caminho\\\/#primaryimage\"},\"image\":{\"@id\":\"https:\\\/\\\/tirinha.com\\\/970\\\/eu-posso-lidar-com-tudo-que-vem-em-meu-caminho\\\/#primaryimage\"},\"thumbnailUrl\":\"https:\\\/\\\/elgeneracionalpost.com\\\/wp-content\\\/uploads\\\/2023\\\/03\\\/Image-1-1024x1024.jpeg\",\"datePublished\":\"2023-04-03T22:57:43+00:00\",\"breadcrumb\":{\"@id\":\"https:\\\/\\\/tirinha.com\\\/970\\\/eu-posso-lidar-com-tudo-que-vem-em-meu-caminho\\\/#breadcrumb\"},\"inLanguage\":\"tr\",\"potentialAction\":[{\"@type\":\"ReadAction\",\"target\":[\"https:\\\/\\\/tirinha.com\\\/970\\\/eu-posso-lidar-com-tudo-que-vem-em-meu-caminho\\\/\"]}]},{\"@type\":\"ImageObject\",\"inLanguage\":\"tr\",\"@id\":\"https:\\\/\\\/tirinha.com\\\/970\\\/eu-posso-lidar-com-tudo-que-vem-em-meu-caminho\\\/#primaryimage\",\"url\":\"https:\\\/\\\/elgeneracionalpost.com\\\/wp-content\\\/uploads\\\/2023\\\/03\\\/Image-1-1024x1024.jpeg\",\"contentUrl\":\"https:\\\/\\\/elgeneracionalpost.com\\\/wp-content\\\/uploads\\\/2023\\\/03\\\/Image-1-1024x1024.jpeg\"},{\"@type\":\"BreadcrumbList\",\"@id\":\"https:\\\/\\\/tirinha.com\\\/970\\\/eu-posso-lidar-com-tudo-que-vem-em-meu-caminho\\\/#breadcrumb\",\"itemListElement\":[{\"@type\":\"ListItem\",\"position\":1,\"name\":\"Home\",\"item\":\"https:\\\/\\\/tirinha.com\\\/\"},{\"@type\":\"ListItem\",\"position\":2,\"name\":\"&#8220;Eu posso lidar com tudo que vem em meu caminho&#8221;\"}]},{\"@type\":\"WebSite\",\"@id\":\"https:\\\/\\\/tirinha.com\\\/#website\",\"url\":\"https:\\\/\\\/tirinha.com\\\/\",\"name\":\"Tirinha.com\",\"description\":\"Arte e livros resenhas\",\"publisher\":{\"@id\":\"https:\\\/\\\/tirinha.com\\\/#organization\"},\"potentialAction\":[{\"@type\":\"SearchAction\",\"target\":{\"@type\":\"EntryPoint\",\"urlTemplate\":\"https:\\\/\\\/tirinha.com\\\/?s={search_term_string}\"},\"query-input\":{\"@type\":\"PropertyValueSpecification\",\"valueRequired\":true,\"valueName\":\"search_term_string\"}}],\"inLanguage\":\"tr\"},{\"@type\":\"Organization\",\"@id\":\"https:\\\/\\\/tirinha.com\\\/#organization\",\"name\":\"Tirinha.com\",\"url\":\"https:\\\/\\\/tirinha.com\\\/\",\"logo\":{\"@type\":\"ImageObject\",\"inLanguage\":\"tr\",\"@id\":\"https:\\\/\\\/tirinha.com\\\/#\\\/schema\\\/logo\\\/image\\\/\",\"url\":\"https:\\\/\\\/tirinha.com\\\/wp-content\\\/uploads\\\/2023\\\/08\\\/cropped-Logo-Tirinha.webp\",\"contentUrl\":\"https:\\\/\\\/tirinha.com\\\/wp-content\\\/uploads\\\/2023\\\/08\\\/cropped-Logo-Tirinha.webp\",\"width\":512,\"height\":512,\"caption\":\"Tirinha.com\"},\"image\":{\"@id\":\"https:\\\/\\\/tirinha.com\\\/#\\\/schema\\\/logo\\\/image\\\/\"}},{\"@type\":\"Person\",\"@id\":\"https:\\\/\\\/tirinha.com\\\/#\\\/schema\\\/person\\\/e22bdfbe17e0461f7e927e6a1208d4d9\",\"name\":\"admin\",\"image\":{\"@type\":\"ImageObject\",\"inLanguage\":\"tr\",\"@id\":\"https:\\\/\\\/tirinha.com\\\/wp-content\\\/litespeed\\\/avatar\\\/d0068f7931cc87d7274eb0c3db1deb4b.jpg?ver=1777434315\",\"url\":\"https:\\\/\\\/tirinha.com\\\/wp-content\\\/litespeed\\\/avatar\\\/d0068f7931cc87d7274eb0c3db1deb4b.jpg?ver=1777434315\",\"contentUrl\":\"https:\\\/\\\/tirinha.com\\\/wp-content\\\/litespeed\\\/avatar\\\/d0068f7931cc87d7274eb0c3db1deb4b.jpg?ver=1777434315\",\"caption\":\"admin\"},\"sameAs\":[\"https:\\\/\\\/tirinha.com\"],\"url\":\"https:\\\/\\\/tirinha.com\\\/tr\\\/author\\\/admin\\\/\"}]}<\/script>\n<!-- \/ Yoast SEO plugin. -->","yoast_head_json":{"title":"\"Eu posso lidar com tudo que vem em meu caminho\" - Tirinha.com","robots":{"index":"index","follow":"follow","max-snippet":"max-snippet:-1","max-image-preview":"max-image-preview:large","max-video-preview":"max-video-preview:-1"},"canonical":"https:\/\/tirinha.com\/tr\/970\/eu-posso-lidar-com-tudo-que-vem-em-meu-caminho\/","og_locale":"tr_TR","og_type":"article","og_title":"\"Eu posso lidar com tudo que vem em meu caminho\" - Tirinha.com","og_description":"eu posso sozinhoo primeiro single de Ale Lozano cerveja lozano (2000) apresentou em 31 de mar\u00e7o seu primeiro single eu &hellip;","og_url":"https:\/\/tirinha.com\/tr\/970\/eu-posso-lidar-com-tudo-que-vem-em-meu-caminho\/","og_site_name":"Tirinha.com","article_published_time":"2023-04-03T22:57:43+00:00","og_image":[{"url":"https:\/\/elgeneracionalpost.com\/wp-content\/uploads\/2023\/03\/Image-1-1024x1024.jpeg","type":"","width":"","height":""}],"author":"admin","twitter_card":"summary_large_image","twitter_image":"https:\/\/elgeneracionalpost.com\/wp-content\/uploads\/2023\/03\/Image-1-1024x1024.jpeg","twitter_misc":{"Yazan:":"admin","Tahmini okuma s\u00fcresi":"5 dakika"},"schema":{"@context":"https:\/\/schema.org","@graph":[{"@type":"Article","@id":"https:\/\/tirinha.com\/970\/eu-posso-lidar-com-tudo-que-vem-em-meu-caminho\/#article","isPartOf":{"@id":"https:\/\/tirinha.com\/970\/eu-posso-lidar-com-tudo-que-vem-em-meu-caminho\/"},"author":{"name":"admin","@id":"https:\/\/tirinha.com\/#\/schema\/person\/e22bdfbe17e0461f7e927e6a1208d4d9"},"headline":"&#8220;Eu posso lidar com tudo que vem em meu caminho&#8221;","datePublished":"2023-04-03T22:57:43+00:00","mainEntityOfPage":{"@id":"https:\/\/tirinha.com\/970\/eu-posso-lidar-com-tudo-que-vem-em-meu-caminho\/"},"wordCount":969,"commentCount":0,"publisher":{"@id":"https:\/\/tirinha.com\/#organization"},"image":{"@id":"https:\/\/tirinha.com\/970\/eu-posso-lidar-com-tudo-que-vem-em-meu-caminho\/#primaryimage"},"thumbnailUrl":"https:\/\/elgeneracionalpost.com\/wp-content\/uploads\/2023\/03\/Image-1-1024x1024.jpeg","articleSection":["Cultura e lazer"],"inLanguage":"tr","potentialAction":[{"@type":"CommentAction","name":"Comment","target":["https:\/\/tirinha.com\/970\/eu-posso-lidar-com-tudo-que-vem-em-meu-caminho\/#respond"]}]},{"@type":"WebPage","@id":"https:\/\/tirinha.com\/970\/eu-posso-lidar-com-tudo-que-vem-em-meu-caminho\/","url":"https:\/\/tirinha.com\/970\/eu-posso-lidar-com-tudo-que-vem-em-meu-caminho\/","name":"\"Eu posso lidar com tudo que vem em meu caminho\" - Tirinha.com","isPartOf":{"@id":"https:\/\/tirinha.com\/#website"},"primaryImageOfPage":{"@id":"https:\/\/tirinha.com\/970\/eu-posso-lidar-com-tudo-que-vem-em-meu-caminho\/#primaryimage"},"image":{"@id":"https:\/\/tirinha.com\/970\/eu-posso-lidar-com-tudo-que-vem-em-meu-caminho\/#primaryimage"},"thumbnailUrl":"https:\/\/elgeneracionalpost.com\/wp-content\/uploads\/2023\/03\/Image-1-1024x1024.jpeg","datePublished":"2023-04-03T22:57:43+00:00","breadcrumb":{"@id":"https:\/\/tirinha.com\/970\/eu-posso-lidar-com-tudo-que-vem-em-meu-caminho\/#breadcrumb"},"inLanguage":"tr","potentialAction":[{"@type":"ReadAction","target":["https:\/\/tirinha.com\/970\/eu-posso-lidar-com-tudo-que-vem-em-meu-caminho\/"]}]},{"@type":"ImageObject","inLanguage":"tr","@id":"https:\/\/tirinha.com\/970\/eu-posso-lidar-com-tudo-que-vem-em-meu-caminho\/#primaryimage","url":"https:\/\/elgeneracionalpost.com\/wp-content\/uploads\/2023\/03\/Image-1-1024x1024.jpeg","contentUrl":"https:\/\/elgeneracionalpost.com\/wp-content\/uploads\/2023\/03\/Image-1-1024x1024.jpeg"},{"@type":"BreadcrumbList","@id":"https:\/\/tirinha.com\/970\/eu-posso-lidar-com-tudo-que-vem-em-meu-caminho\/#breadcrumb","itemListElement":[{"@type":"ListItem","position":1,"name":"Home","item":"https:\/\/tirinha.com\/"},{"@type":"ListItem","position":2,"name":"&#8220;Eu posso lidar com tudo que vem em meu caminho&#8221;"}]},{"@type":"WebSite","@id":"https:\/\/tirinha.com\/#website","url":"https:\/\/tirinha.com\/","name":"\u00e7izgi roman.com","description":"Sanat ve kitap ele\u015ftirileri","publisher":{"@id":"https:\/\/tirinha.com\/#organization"},"potentialAction":[{"@type":"SearchAction","target":{"@type":"EntryPoint","urlTemplate":"https:\/\/tirinha.com\/?s={search_term_string}"},"query-input":{"@type":"PropertyValueSpecification","valueRequired":true,"valueName":"search_term_string"}}],"inLanguage":"tr"},{"@type":"Organization","@id":"https:\/\/tirinha.com\/#organization","name":"\u00e7izgi roman.com","url":"https:\/\/tirinha.com\/","logo":{"@type":"ImageObject","inLanguage":"tr","@id":"https:\/\/tirinha.com\/#\/schema\/logo\/image\/","url":"https:\/\/tirinha.com\/wp-content\/uploads\/2023\/08\/cropped-Logo-Tirinha.webp","contentUrl":"https:\/\/tirinha.com\/wp-content\/uploads\/2023\/08\/cropped-Logo-Tirinha.webp","width":512,"height":512,"caption":"Tirinha.com"},"image":{"@id":"https:\/\/tirinha.com\/#\/schema\/logo\/image\/"}},{"@type":"Person","@id":"https:\/\/tirinha.com\/#\/schema\/person\/e22bdfbe17e0461f7e927e6a1208d4d9","name":"y\u00f6netici","image":{"@type":"ImageObject","inLanguage":"tr","@id":"https:\/\/tirinha.com\/wp-content\/litespeed\/avatar\/d0068f7931cc87d7274eb0c3db1deb4b.jpg?ver=1777434315","url":"https:\/\/tirinha.com\/wp-content\/litespeed\/avatar\/d0068f7931cc87d7274eb0c3db1deb4b.jpg?ver=1777434315","contentUrl":"https:\/\/tirinha.com\/wp-content\/litespeed\/avatar\/d0068f7931cc87d7274eb0c3db1deb4b.jpg?ver=1777434315","caption":"admin"},"sameAs":["https:\/\/tirinha.com"],"url":"https:\/\/tirinha.com\/tr\/author\/admin\/"}]}},"_links":{"self":[{"href":"https:\/\/tirinha.com\/tr\/wp-json\/wp\/v2\/posts\/970","targetHints":{"allow":["GET"]}}],"collection":[{"href":"https:\/\/tirinha.com\/tr\/wp-json\/wp\/v2\/posts"}],"about":[{"href":"https:\/\/tirinha.com\/tr\/wp-json\/wp\/v2\/types\/post"}],"author":[{"embeddable":true,"href":"https:\/\/tirinha.com\/tr\/wp-json\/wp\/v2\/users\/1"}],"replies":[{"embeddable":true,"href":"https:\/\/tirinha.com\/tr\/wp-json\/wp\/v2\/comments?post=970"}],"version-history":[{"count":0,"href":"https:\/\/tirinha.com\/tr\/wp-json\/wp\/v2\/posts\/970\/revisions"}],"wp:featuredmedia":[{"embeddable":true,"href":"https:\/\/tirinha.com\/tr\/wp-json\/wp\/v2\/media\/972"}],"wp:attachment":[{"href":"https:\/\/tirinha.com\/tr\/wp-json\/wp\/v2\/media?parent=970"}],"wp:term":[{"taxonomy":"category","embeddable":true,"href":"https:\/\/tirinha.com\/tr\/wp-json\/wp\/v2\/categories?post=970"},{"taxonomy":"post_tag","embeddable":true,"href":"https:\/\/tirinha.com\/tr\/wp-json\/wp\/v2\/tags?post=970"}],"curies":[{"name":"wp","href":"https:\/\/api.w.org\/{rel}","templated":true}]}}