{"id":962,"date":"2023-04-03T22:50:03","date_gmt":"2023-04-03T22:50:03","guid":{"rendered":"https:\/\/tirinha.com\/compositor-japones-ryuichi-sakamoto-morre-aos-71-anos\/"},"modified":"2023-04-03T22:50:03","modified_gmt":"2023-04-03T22:50:03","slug":"japon-besteci-ryuichi-sakamoto-71-yasinda-hayatini-kaybetti","status":"publish","type":"post","link":"https:\/\/tirinha.com\/tr\/962\/compositor-japones-ryuichi-sakamoto-morre-aos-71-anos\/","title":{"rendered":"Japon besteci Ryuichi Sakamoto 71 ya\u015f\u0131nda hayat\u0131n\u0131 kaybetti"},"content":{"rendered":"<p><\/p>\n<p>        Japon besteci <strong>ryuchi sakamoto<\/strong>, <strong>son y\u0131llar\u0131n en b\u00fcy\u00fck m\u00fczik vizyonerlerinden biri<\/strong>Temsilcileri bu Pazar g\u00fcn\u00fc yapt\u0131\u011f\u0131 duyuruda, \u00e7e\u015fitli tarzlar\u0131n deneycisi ve unutulmaz film m\u00fcziklerinin yazar\u0131 28 Mart&#039;ta 71 ya\u015f\u0131nda vefat etti\u011fini duyurdu. Sanat\u00e7\u0131n\u0131n \u00f6l\u00fcm\u00fc maalesef beklenen bir haberdi. Ge\u00e7ti\u011fimiz g\u00fcnlerde kolorektal kanserin ancak \u00f6l\u00fcmle sonu\u00e7lanabilecek ileri evrede oldu\u011funu kendisi de s\u00f6ylemi\u015f ve hayat\u0131n\u0131 bu s\u00fcrece adam\u0131\u015ft\u0131. <strong>son kay\u0131t \u00e7al\u0131\u015fmas\u0131, <\/strong><em><strong>12<\/strong><\/em><strong>,<\/strong> Birka\u00e7 ay \u00f6nce bas\u0131lan ve farkl\u0131 ruh hallerini yakalad\u0131\u011f\u0131, hayat\u0131n\u0131n bu son evresine ait bir t\u00fcr m\u00fczik g\u00fcnl\u00fc\u011f\u00fc.\n<\/p>\n<div>\n<p class=\"article-body__text\">\n<p>        &quot;Haziran 2020&#039;de ke\u015ffedilen kanser tedavisi g\u00f6r\u00fcrken,<strong> <\/strong>Sakamoto, sa\u011fl\u0131\u011f\u0131 izin verdi\u011fi \u00f6l\u00e7\u00fcde i\u015f yaratmaya devam etti. <strong>Sonuna kadar m\u00fczikle ya\u015fad\u0131<\/strong>&quot;, ajans\u0131na dikkat \u00e7ekti, <strong>yayg\u0131n<\/strong>Twitter&#039;da \u00f6l\u00fcm\u00fcn\u00fc kamuoyuna duyurdu\u011fu a\u00e7\u0131klamada.\n<\/p>\n<div class=\"article-body__embed\">\n<blockquote class=\"twitter-tweet\" data-lang=\"es\">\n<p lang=\"zxx\" dir=\"ltr\"><a href=\"https:\/\/t.co\/Fq0hRyp5F4\">pic.twitter.com\/Fq0hRyp5F4<\/a><\/p>\n<p>\u2014ortak (@ortak) <a href=\"https:\/\/twitter.com\/commmons\/status\/1642507718832586754?ref_src=twsrc%5Etfw\">2 Nisan 2023<\/a><\/p><\/blockquote>\n<\/div>\n<p class=\"article-body__text\">\n<p>        olarak olu\u015fturuldu <strong>bir aya\u011f\u0131 Japon gelene\u011finde, di\u011fer aya\u011f\u0131 klasik m\u00fczikte olan piyanist<\/strong>ile <strong>Debussy <\/strong>Bu <strong>Ravel <\/strong>Ana referans olarak Sakamoto&#039;nun kurucular\u0131ndan biri oldu\u011fu <strong>Sar\u0131 B\u00fcy\u00fc Orkestras\u0131<\/strong>pop&#039;a yeni yollar a\u00e7an, elektronik m\u00fczi\u011fin pek \u00e7ok tarz\u0131n\u0131n k\u00f6keninde yer alan bir olu\u015fum. 1978&#039;de ilk solo alb\u00fcm\u00fcn\u00fc \u00e7\u0131kard\u0131. <em>Ryuchi Sakamoto&#039;dan Bin B\u0131\u00e7ak<\/em>Burada kendini \u00fclkesinin geleneksel m\u00fczi\u011fine kapt\u0131rd\u0131 ve elektronikle denemeler yapmaya devam ederek gelece\u011fin kap\u0131lar\u0131n\u0131 a\u00e7t\u0131. <strong>En \u00e7ok tan\u0131naca\u011f\u0131 tarz minimalizm<\/strong> Bu daha sonra neoklasik bir tada sahip sonsuz bestelere ve ayn\u0131 zamanda onu d\u00fcnyaca \u00fcnl\u00fc bir besteci yapacak film m\u00fcziklerine d\u00f6n\u00fc\u015fecek. \u0130lki <em>Mutlu Noeller Bay Lawrence<\/em> (1983), vatanda\u015f\u0131 Nagisha Oshima&#039;n\u0131n y\u00f6netti\u011fi bir film ve di\u011ferleri bunu takip edecekti. <em>Son imparator<\/em> (1987) ile i\u015fbirli\u011fi i\u00e7inde yapt\u0131\u011f\u0131 <strong>David Byrne<\/strong> ve de\u011feri ne olurdu <strong>bir oscar<\/strong>, <em>koruyucu g\u00f6ky\u00fcz\u00fc <\/em>(1990) veya <em>hayalet<\/em> (2015). \u0130\u00e7in <strong>Pedro Almod\u00f3var<\/strong> i\u00e7in skoru yazd\u0131 <em>Y\u00fcksek topuklu ayakkab\u0131<\/em> (1991), ancak hi\u00e7biri \u00e7al\u0131\u015fmalar\u0131ndan memnun de\u011fildi.\n<\/p>\n<p>\n    <iframe title=\"Ryuichi Sakamoto - Korunan G\u00f6ky\u00fcz\u00fc\" width=\"790\" height=\"444\" src=\"https:\/\/www.youtube.com\/embed\/xLRpPISVgoA?feature=oembed\" frameborder=\"0\" allow=\"accelerometer; autoplay; clipboard-write; encrypted-media; gyroscope; picture-in-picture; web-share\" allowfullscreen><\/iframe>\n<\/p>\n<p class=\"article-body__text\">\n<p>        1992&#039;de Sakamoto bir par\u00e7a besteledi: <em>Akdeniz<\/em>-e<strong> Barselona Olimpiyat Oyunlar\u0131n\u0131n a\u00e7\u0131l\u0131\u015f\u0131<\/strong>. \u00dcniversite e\u011fitiminden bu yana Japonlar, yaln\u0131zca Japon m\u00fczik gelene\u011fi hakk\u0131nda de\u011fil, ayn\u0131 zamanda \u00e7e\u015fitli d\u00fcnya m\u00fczikleri hakk\u0131nda da derin bir bilgiye sahipti ve birka\u00e7 y\u0131ld\u0131r Brezilyal\u0131ya \u00e7ok yak\u0131nd\u0131. Farkl\u0131 tarz ve k\u00f6kenlerden m\u00fczisyenlerle i\u015fbirli\u011fi yapt\u0131. <strong>Caetano Veloso<\/strong>, <strong>Iggy Pop&#039;un<\/strong>, <strong>Youssou N&#039;Dour<\/strong> herhangi <strong>Bill Laswell.<\/strong> Ba\u015fka bir b\u00fcy\u00fck m\u00fczikal yenilik\u00e7iyle, <strong>David Bowie<\/strong>\u00e7ekimleri ile ayn\u0131 zamana denk geldi<em> mutlu Noeller efendim lauren\u00e7o<\/em>Sakamoto&#039;nun da oyuncu olarak yer ald\u0131\u011f\u0131 filmlerden biri. Y\u0131llar sonra onunla daha fazla dostluk kuramad\u0131\u011f\u0131 i\u00e7in pi\u015fman olacakt\u0131. Ayr\u0131ca farkl\u0131 m\u00fcziklerden de m\u00fczik yapt\u0131. <strong>video oyunu<\/strong>ve me\u015fgul bir sanat\u00e7\u0131yd\u0131 <strong>n\u00fckleer kar\u015f\u0131t\u0131 aktivizm <\/strong>ve telif haklar\u0131n\u0131 koruyan yasalara ayk\u0131r\u0131d\u0131r.\n<\/p>\n<p class=\"article-body__text\">\n<p>        Sakamoto birka\u00e7 y\u0131l \u00f6nce zaten ac\u0131 \u00e7ekmi\u015fti <strong>di\u011fer kanser, bu durumda g\u0131rtlak<\/strong>\u0130yile\u015fti\u011fi ve kariyeriyle ilgili bir belgeselde bahsetti\u011fi \u015fey, <em>koda<\/em>Filminde g\u00f6r\u00fclebilecek olan. \u00c7ekingen ve son derece m\u00fckemmeliyet\u00e7i bir karaktere sahip bir sanat\u00e7\u0131n\u0131n, birka\u00e7 y\u0131l \u00f6nce ya\u015fad\u0131\u011f\u0131 New York&#039;ta en sevdi\u011fi Japon restoran\u0131ndaki fon m\u00fczi\u011finden tiksinerek ona evlenme teklif etti\u011fine dair bir anekdot me\u015fhur oldu. <strong>Mutfa\u011f\u0131n\u0131zla uyumlu bir \u00e7alma listesi haz\u0131rlay\u0131n. <\/strong>M\u00fczi\u011fi belirli bir modernlik anlay\u0131\u015f\u0131 i\u00e7ine yerle\u015ftiren, her zaman gelenek ile avangard\u0131n ortas\u0131nda yer alan se\u00e7kin film m\u00fczikleri yazar\u0131, m\u00fcdavimi oldu\u011fu en din d\u0131\u015f\u0131 mekanlarda bile bunu yapmaktan geri duramazd\u0131.\n<\/p>\n<\/p><\/div>\n<p><script async src=\"\/\/platform.twitter.com\/widgets.js\" charset=\"utf-8\"><\/script><\/p>","protected":false},"excerpt":{"rendered":"<p>Japon besteci Ryuchi Sakamoto, son y\u0131llar\u0131n en b\u00fcy\u00fck m\u00fczik vizyonerlerinden biri, \u00e7e\u015fitli \u00fcsluplar\u0131n deneycisi ve yazar\u0131\u2026 <\/p>","protected":false},"author":1,"featured_media":964,"comment_status":"open","ping_status":"open","sticky":false,"template":"","format":"standard","meta":{"fifu_image_url":"https:\/\/estaticos-cdn.prensaiberica.es\/clip\/3c50a511-c131-4647-8309-55eaecce0925_16-9-aspect-ratio_default_0.jpg","fifu_image_alt":"","footnotes":""},"categories":[35],"tags":[],"class_list":["post-962","post","type-post","status-publish","format-standard","has-post-thumbnail","hentry","category-cultura-e-lazer","latest_post"],"yoast_head":"<!-- This site is optimized with the Yoast SEO plugin v27.3 - https:\/\/yoast.com\/product\/yoast-seo-wordpress\/ -->\n<title>Compositor japon\u00eas Ryuichi Sakamoto morre aos 71 anos - Tirinha.com<\/title>\n<meta name=\"robots\" content=\"index, follow, max-snippet:-1, max-image-preview:large, max-video-preview:-1\" \/>\n<link rel=\"canonical\" href=\"https:\/\/tirinha.com\/tr\/962\/japon-besteci-ryuichi-sakamoto-71-yasinda-hayatini-kaybetti\/\" \/>\n<meta property=\"og:locale\" content=\"tr_TR\" \/>\n<meta property=\"og:type\" content=\"article\" \/>\n<meta property=\"og:title\" content=\"Compositor japon\u00eas Ryuichi Sakamoto morre aos 71 anos - Tirinha.com\" \/>\n<meta property=\"og:description\" content=\"compositor japon\u00eas ryuchi sakamoto, um dos grandes vision\u00e1rios da m\u00fasica das \u00faltimas d\u00e9cadas, experimentador de v\u00e1rios estilos e autor de &hellip;\" \/>\n<meta property=\"og:url\" content=\"https:\/\/tirinha.com\/tr\/962\/japon-besteci-ryuichi-sakamoto-71-yasinda-hayatini-kaybetti\/\" \/>\n<meta property=\"og:site_name\" content=\"Tirinha.com\" \/>\n<meta property=\"article:published_time\" content=\"2023-04-03T22:50:03+00:00\" \/>\n<meta property=\"og:image\" content=\"https:\/\/estaticos-cdn.prensaiberica.es\/clip\/3c50a511-c131-4647-8309-55eaecce0925_16-9-aspect-ratio_default_0.jpg\" \/>\n<meta name=\"author\" content=\"admin\" \/>\n<meta name=\"twitter:card\" content=\"summary_large_image\" \/>\n<meta name=\"twitter:image\" content=\"https:\/\/estaticos-cdn.prensaiberica.es\/clip\/3c50a511-c131-4647-8309-55eaecce0925_16-9-aspect-ratio_default_0.jpg\" \/>\n<meta name=\"twitter:label1\" content=\"Yazan:\" \/>\n\t<meta name=\"twitter:data1\" content=\"admin\" \/>\n\t<meta name=\"twitter:label2\" content=\"Tahmini okuma s\u00fcresi\" \/>\n\t<meta name=\"twitter:data2\" content=\"3 dakika\" \/>\n<script type=\"application\/ld+json\" class=\"yoast-schema-graph\">{\"@context\":\"https:\\\/\\\/schema.org\",\"@graph\":[{\"@type\":\"Article\",\"@id\":\"https:\\\/\\\/tirinha.com\\\/962\\\/compositor-japones-ryuichi-sakamoto-morre-aos-71-anos\\\/#article\",\"isPartOf\":{\"@id\":\"https:\\\/\\\/tirinha.com\\\/962\\\/compositor-japones-ryuichi-sakamoto-morre-aos-71-anos\\\/\"},\"author\":{\"name\":\"admin\",\"@id\":\"https:\\\/\\\/tirinha.com\\\/#\\\/schema\\\/person\\\/e22bdfbe17e0461f7e927e6a1208d4d9\"},\"headline\":\"Compositor japon\u00eas Ryuichi Sakamoto morre aos 71 anos\",\"datePublished\":\"2023-04-03T22:50:03+00:00\",\"mainEntityOfPage\":{\"@id\":\"https:\\\/\\\/tirinha.com\\\/962\\\/compositor-japones-ryuichi-sakamoto-morre-aos-71-anos\\\/\"},\"wordCount\":666,\"commentCount\":0,\"publisher\":{\"@id\":\"https:\\\/\\\/tirinha.com\\\/#organization\"},\"image\":{\"@id\":\"https:\\\/\\\/tirinha.com\\\/962\\\/compositor-japones-ryuichi-sakamoto-morre-aos-71-anos\\\/#primaryimage\"},\"thumbnailUrl\":\"https:\\\/\\\/estaticos-cdn.prensaiberica.es\\\/clip\\\/3c50a511-c131-4647-8309-55eaecce0925_16-9-aspect-ratio_default_0.jpg\",\"articleSection\":[\"Cultura e lazer\"],\"inLanguage\":\"tr\",\"potentialAction\":[{\"@type\":\"CommentAction\",\"name\":\"Comment\",\"target\":[\"https:\\\/\\\/tirinha.com\\\/962\\\/compositor-japones-ryuichi-sakamoto-morre-aos-71-anos\\\/#respond\"]}]},{\"@type\":\"WebPage\",\"@id\":\"https:\\\/\\\/tirinha.com\\\/962\\\/compositor-japones-ryuichi-sakamoto-morre-aos-71-anos\\\/\",\"url\":\"https:\\\/\\\/tirinha.com\\\/962\\\/compositor-japones-ryuichi-sakamoto-morre-aos-71-anos\\\/\",\"name\":\"Compositor japon\u00eas Ryuichi Sakamoto morre aos 71 anos - Tirinha.com\",\"isPartOf\":{\"@id\":\"https:\\\/\\\/tirinha.com\\\/#website\"},\"primaryImageOfPage\":{\"@id\":\"https:\\\/\\\/tirinha.com\\\/962\\\/compositor-japones-ryuichi-sakamoto-morre-aos-71-anos\\\/#primaryimage\"},\"image\":{\"@id\":\"https:\\\/\\\/tirinha.com\\\/962\\\/compositor-japones-ryuichi-sakamoto-morre-aos-71-anos\\\/#primaryimage\"},\"thumbnailUrl\":\"https:\\\/\\\/estaticos-cdn.prensaiberica.es\\\/clip\\\/3c50a511-c131-4647-8309-55eaecce0925_16-9-aspect-ratio_default_0.jpg\",\"datePublished\":\"2023-04-03T22:50:03+00:00\",\"breadcrumb\":{\"@id\":\"https:\\\/\\\/tirinha.com\\\/962\\\/compositor-japones-ryuichi-sakamoto-morre-aos-71-anos\\\/#breadcrumb\"},\"inLanguage\":\"tr\",\"potentialAction\":[{\"@type\":\"ReadAction\",\"target\":[\"https:\\\/\\\/tirinha.com\\\/962\\\/compositor-japones-ryuichi-sakamoto-morre-aos-71-anos\\\/\"]}]},{\"@type\":\"ImageObject\",\"inLanguage\":\"tr\",\"@id\":\"https:\\\/\\\/tirinha.com\\\/962\\\/compositor-japones-ryuichi-sakamoto-morre-aos-71-anos\\\/#primaryimage\",\"url\":\"https:\\\/\\\/estaticos-cdn.prensaiberica.es\\\/clip\\\/3c50a511-c131-4647-8309-55eaecce0925_16-9-aspect-ratio_default_0.jpg\",\"contentUrl\":\"https:\\\/\\\/estaticos-cdn.prensaiberica.es\\\/clip\\\/3c50a511-c131-4647-8309-55eaecce0925_16-9-aspect-ratio_default_0.jpg\"},{\"@type\":\"BreadcrumbList\",\"@id\":\"https:\\\/\\\/tirinha.com\\\/962\\\/compositor-japones-ryuichi-sakamoto-morre-aos-71-anos\\\/#breadcrumb\",\"itemListElement\":[{\"@type\":\"ListItem\",\"position\":1,\"name\":\"Home\",\"item\":\"https:\\\/\\\/tirinha.com\\\/\"},{\"@type\":\"ListItem\",\"position\":2,\"name\":\"Compositor japon\u00eas Ryuichi Sakamoto morre aos 71 anos\"}]},{\"@type\":\"WebSite\",\"@id\":\"https:\\\/\\\/tirinha.com\\\/#website\",\"url\":\"https:\\\/\\\/tirinha.com\\\/\",\"name\":\"Tirinha.com\",\"description\":\"Arte e livros resenhas\",\"publisher\":{\"@id\":\"https:\\\/\\\/tirinha.com\\\/#organization\"},\"potentialAction\":[{\"@type\":\"SearchAction\",\"target\":{\"@type\":\"EntryPoint\",\"urlTemplate\":\"https:\\\/\\\/tirinha.com\\\/?s={search_term_string}\"},\"query-input\":{\"@type\":\"PropertyValueSpecification\",\"valueRequired\":true,\"valueName\":\"search_term_string\"}}],\"inLanguage\":\"tr\"},{\"@type\":\"Organization\",\"@id\":\"https:\\\/\\\/tirinha.com\\\/#organization\",\"name\":\"Tirinha.com\",\"url\":\"https:\\\/\\\/tirinha.com\\\/\",\"logo\":{\"@type\":\"ImageObject\",\"inLanguage\":\"tr\",\"@id\":\"https:\\\/\\\/tirinha.com\\\/#\\\/schema\\\/logo\\\/image\\\/\",\"url\":\"https:\\\/\\\/tirinha.com\\\/wp-content\\\/uploads\\\/2023\\\/08\\\/cropped-Logo-Tirinha.webp\",\"contentUrl\":\"https:\\\/\\\/tirinha.com\\\/wp-content\\\/uploads\\\/2023\\\/08\\\/cropped-Logo-Tirinha.webp\",\"width\":512,\"height\":512,\"caption\":\"Tirinha.com\"},\"image\":{\"@id\":\"https:\\\/\\\/tirinha.com\\\/#\\\/schema\\\/logo\\\/image\\\/\"}},{\"@type\":\"Person\",\"@id\":\"https:\\\/\\\/tirinha.com\\\/#\\\/schema\\\/person\\\/e22bdfbe17e0461f7e927e6a1208d4d9\",\"name\":\"admin\",\"image\":{\"@type\":\"ImageObject\",\"inLanguage\":\"tr\",\"@id\":\"https:\\\/\\\/tirinha.com\\\/wp-content\\\/litespeed\\\/avatar\\\/d0068f7931cc87d7274eb0c3db1deb4b.jpg?ver=1776829466\",\"url\":\"https:\\\/\\\/tirinha.com\\\/wp-content\\\/litespeed\\\/avatar\\\/d0068f7931cc87d7274eb0c3db1deb4b.jpg?ver=1776829466\",\"contentUrl\":\"https:\\\/\\\/tirinha.com\\\/wp-content\\\/litespeed\\\/avatar\\\/d0068f7931cc87d7274eb0c3db1deb4b.jpg?ver=1776829466\",\"caption\":\"admin\"},\"sameAs\":[\"https:\\\/\\\/tirinha.com\"],\"url\":\"https:\\\/\\\/tirinha.com\\\/tr\\\/author\\\/admin\\\/\"}]}<\/script>\n<!-- \/ Yoast SEO plugin. -->","yoast_head_json":{"title":"Japon besteci Ryuichi Sakamoto 71 ya\u015f\u0131nda hayat\u0131n\u0131 kaybetti - Tirinha.com","robots":{"index":"index","follow":"follow","max-snippet":"max-snippet:-1","max-image-preview":"max-image-preview:large","max-video-preview":"max-video-preview:-1"},"canonical":"https:\/\/tirinha.com\/tr\/962\/japon-besteci-ryuichi-sakamoto-71-yasinda-hayatini-kaybetti\/","og_locale":"tr_TR","og_type":"article","og_title":"Compositor japon\u00eas Ryuichi Sakamoto morre aos 71 anos - Tirinha.com","og_description":"compositor japon\u00eas ryuchi sakamoto, um dos grandes vision\u00e1rios da m\u00fasica das \u00faltimas d\u00e9cadas, experimentador de v\u00e1rios estilos e autor de &hellip;","og_url":"https:\/\/tirinha.com\/tr\/962\/japon-besteci-ryuichi-sakamoto-71-yasinda-hayatini-kaybetti\/","og_site_name":"Tirinha.com","article_published_time":"2023-04-03T22:50:03+00:00","og_image":[{"url":"https:\/\/estaticos-cdn.prensaiberica.es\/clip\/3c50a511-c131-4647-8309-55eaecce0925_16-9-aspect-ratio_default_0.jpg","type":"","width":"","height":""}],"author":"admin","twitter_card":"summary_large_image","twitter_image":"https:\/\/estaticos-cdn.prensaiberica.es\/clip\/3c50a511-c131-4647-8309-55eaecce0925_16-9-aspect-ratio_default_0.jpg","twitter_misc":{"Yazan:":"admin","Tahmini okuma s\u00fcresi":"3 dakika"},"schema":{"@context":"https:\/\/schema.org","@graph":[{"@type":"Article","@id":"https:\/\/tirinha.com\/962\/compositor-japones-ryuichi-sakamoto-morre-aos-71-anos\/#article","isPartOf":{"@id":"https:\/\/tirinha.com\/962\/compositor-japones-ryuichi-sakamoto-morre-aos-71-anos\/"},"author":{"name":"admin","@id":"https:\/\/tirinha.com\/#\/schema\/person\/e22bdfbe17e0461f7e927e6a1208d4d9"},"headline":"Compositor japon\u00eas Ryuichi Sakamoto morre aos 71 anos","datePublished":"2023-04-03T22:50:03+00:00","mainEntityOfPage":{"@id":"https:\/\/tirinha.com\/962\/compositor-japones-ryuichi-sakamoto-morre-aos-71-anos\/"},"wordCount":666,"commentCount":0,"publisher":{"@id":"https:\/\/tirinha.com\/#organization"},"image":{"@id":"https:\/\/tirinha.com\/962\/compositor-japones-ryuichi-sakamoto-morre-aos-71-anos\/#primaryimage"},"thumbnailUrl":"https:\/\/estaticos-cdn.prensaiberica.es\/clip\/3c50a511-c131-4647-8309-55eaecce0925_16-9-aspect-ratio_default_0.jpg","articleSection":["Cultura e lazer"],"inLanguage":"tr","potentialAction":[{"@type":"CommentAction","name":"Comment","target":["https:\/\/tirinha.com\/962\/compositor-japones-ryuichi-sakamoto-morre-aos-71-anos\/#respond"]}]},{"@type":"WebPage","@id":"https:\/\/tirinha.com\/962\/compositor-japones-ryuichi-sakamoto-morre-aos-71-anos\/","url":"https:\/\/tirinha.com\/962\/compositor-japones-ryuichi-sakamoto-morre-aos-71-anos\/","name":"Japon besteci Ryuichi Sakamoto 71 ya\u015f\u0131nda hayat\u0131n\u0131 kaybetti - Tirinha.com","isPartOf":{"@id":"https:\/\/tirinha.com\/#website"},"primaryImageOfPage":{"@id":"https:\/\/tirinha.com\/962\/compositor-japones-ryuichi-sakamoto-morre-aos-71-anos\/#primaryimage"},"image":{"@id":"https:\/\/tirinha.com\/962\/compositor-japones-ryuichi-sakamoto-morre-aos-71-anos\/#primaryimage"},"thumbnailUrl":"https:\/\/estaticos-cdn.prensaiberica.es\/clip\/3c50a511-c131-4647-8309-55eaecce0925_16-9-aspect-ratio_default_0.jpg","datePublished":"2023-04-03T22:50:03+00:00","breadcrumb":{"@id":"https:\/\/tirinha.com\/962\/compositor-japones-ryuichi-sakamoto-morre-aos-71-anos\/#breadcrumb"},"inLanguage":"tr","potentialAction":[{"@type":"ReadAction","target":["https:\/\/tirinha.com\/962\/compositor-japones-ryuichi-sakamoto-morre-aos-71-anos\/"]}]},{"@type":"ImageObject","inLanguage":"tr","@id":"https:\/\/tirinha.com\/962\/compositor-japones-ryuichi-sakamoto-morre-aos-71-anos\/#primaryimage","url":"https:\/\/estaticos-cdn.prensaiberica.es\/clip\/3c50a511-c131-4647-8309-55eaecce0925_16-9-aspect-ratio_default_0.jpg","contentUrl":"https:\/\/estaticos-cdn.prensaiberica.es\/clip\/3c50a511-c131-4647-8309-55eaecce0925_16-9-aspect-ratio_default_0.jpg"},{"@type":"BreadcrumbList","@id":"https:\/\/tirinha.com\/962\/compositor-japones-ryuichi-sakamoto-morre-aos-71-anos\/#breadcrumb","itemListElement":[{"@type":"ListItem","position":1,"name":"Home","item":"https:\/\/tirinha.com\/"},{"@type":"ListItem","position":2,"name":"Compositor japon\u00eas Ryuichi Sakamoto morre aos 71 anos"}]},{"@type":"WebSite","@id":"https:\/\/tirinha.com\/#website","url":"https:\/\/tirinha.com\/","name":"\u00e7izgi roman.com","description":"Sanat ve kitap ele\u015ftirileri","publisher":{"@id":"https:\/\/tirinha.com\/#organization"},"potentialAction":[{"@type":"SearchAction","target":{"@type":"EntryPoint","urlTemplate":"https:\/\/tirinha.com\/?s={search_term_string}"},"query-input":{"@type":"PropertyValueSpecification","valueRequired":true,"valueName":"search_term_string"}}],"inLanguage":"tr"},{"@type":"Organization","@id":"https:\/\/tirinha.com\/#organization","name":"\u00e7izgi roman.com","url":"https:\/\/tirinha.com\/","logo":{"@type":"ImageObject","inLanguage":"tr","@id":"https:\/\/tirinha.com\/#\/schema\/logo\/image\/","url":"https:\/\/tirinha.com\/wp-content\/uploads\/2023\/08\/cropped-Logo-Tirinha.webp","contentUrl":"https:\/\/tirinha.com\/wp-content\/uploads\/2023\/08\/cropped-Logo-Tirinha.webp","width":512,"height":512,"caption":"Tirinha.com"},"image":{"@id":"https:\/\/tirinha.com\/#\/schema\/logo\/image\/"}},{"@type":"Person","@id":"https:\/\/tirinha.com\/#\/schema\/person\/e22bdfbe17e0461f7e927e6a1208d4d9","name":"y\u00f6netici","image":{"@type":"ImageObject","inLanguage":"tr","@id":"https:\/\/tirinha.com\/wp-content\/litespeed\/avatar\/d0068f7931cc87d7274eb0c3db1deb4b.jpg?ver=1776829466","url":"https:\/\/tirinha.com\/wp-content\/litespeed\/avatar\/d0068f7931cc87d7274eb0c3db1deb4b.jpg?ver=1776829466","contentUrl":"https:\/\/tirinha.com\/wp-content\/litespeed\/avatar\/d0068f7931cc87d7274eb0c3db1deb4b.jpg?ver=1776829466","caption":"admin"},"sameAs":["https:\/\/tirinha.com"],"url":"https:\/\/tirinha.com\/tr\/author\/admin\/"}]}},"_links":{"self":[{"href":"https:\/\/tirinha.com\/tr\/wp-json\/wp\/v2\/posts\/962","targetHints":{"allow":["GET"]}}],"collection":[{"href":"https:\/\/tirinha.com\/tr\/wp-json\/wp\/v2\/posts"}],"about":[{"href":"https:\/\/tirinha.com\/tr\/wp-json\/wp\/v2\/types\/post"}],"author":[{"embeddable":true,"href":"https:\/\/tirinha.com\/tr\/wp-json\/wp\/v2\/users\/1"}],"replies":[{"embeddable":true,"href":"https:\/\/tirinha.com\/tr\/wp-json\/wp\/v2\/comments?post=962"}],"version-history":[{"count":0,"href":"https:\/\/tirinha.com\/tr\/wp-json\/wp\/v2\/posts\/962\/revisions"}],"wp:featuredmedia":[{"embeddable":true,"href":"https:\/\/tirinha.com\/tr\/wp-json\/wp\/v2\/media\/964"}],"wp:attachment":[{"href":"https:\/\/tirinha.com\/tr\/wp-json\/wp\/v2\/media?parent=962"}],"wp:term":[{"taxonomy":"category","embeddable":true,"href":"https:\/\/tirinha.com\/tr\/wp-json\/wp\/v2\/categories?post=962"},{"taxonomy":"post_tag","embeddable":true,"href":"https:\/\/tirinha.com\/tr\/wp-json\/wp\/v2\/tags?post=962"}],"curies":[{"name":"wp","href":"https:\/\/api.w.org\/{rel}","templated":true}]}}