{"id":954,"date":"2023-04-03T22:48:19","date_gmt":"2023-04-03T22:48:19","guid":{"rendered":"https:\/\/tirinha.com\/filmin-abre-um-canal-de-cinema-valenciano-com-mais-de-150-filmes\/"},"modified":"2023-04-03T22:48:19","modified_gmt":"2023-04-03T22:48:19","slug":"filmin-150den-fazla-filmin-yer-aldigi-bir-valensiya-film-kanalini-aciyor","status":"publish","type":"post","link":"https:\/\/tirinha.com\/tr\/954\/filmin-abre-um-canal-de-cinema-valenciano-com-mais-de-150-filmes\/","title":{"rendered":"Film, 150&#039;den fazla filmin yer ald\u0131\u011f\u0131 Valensiya sinema kanal\u0131n\u0131 a\u00e7\u0131yor"},"content":{"rendered":"<p><\/p>\n<p>        \u0130lk k\u0131sa <strong>Chema Garc\u00eda Ibarra, Elena L\u00f3pez Riera veya Ad\u00e1n Aliaga<\/strong>belgeselleri<strong> \u0130svi\u00e7re Filmleri<\/strong> veya filmler<strong> Miguel Albaladejo, Sergio Mira, Fran Ruvira ve Pilar P\u00e9rez Solano.<\/strong> herhangi <strong>david valero<\/strong>Alicante&#039;nin di\u011fer y\u00f6netmenleri aras\u0131nda yer alan bu film art\u0131k filmde izlenebiliyor.\n<\/p>\n<div>\n<p class=\"article-body__text\">\n<p>        \u00c7evrimi\u00e7i sinema platformuna bir kanal eklendi <strong>150&#039;den fazla ba\u015fl\u0131k <\/strong>Cultura da Generalitat ile var\u0131lan anla\u015fma sayesinde art\u0131k mevcut olan Valensiya sinemas\u0131n\u0131n<strong> Valensiya K\u00fclt\u00fcr Enstit\u00fcs\u00fc <\/strong>IVC&#039;nin G\u00f6rsel-\u0130\u015fitseller ve Sinematografi direkt\u00f6r yard\u0131mc\u0131s\u0131, &quot;Valensiya&#039;n\u0131n mevcut g\u00f6rsel-i\u015fitsel teklifini platformlarda g\u00f6r\u00fcn\u00fcr hale getirmeye ve tan\u0131tmaya ba\u015flaman\u0131n yan\u0131 s\u0131ra IVC-la Filmoteca Valenciana markas\u0131n\u0131 tan\u0131tma ve Sinematografik Dok\u00fcmantasyon Merkezimizi tan\u0131tma&quot; amac\u0131n\u0131 ta\u015f\u0131d\u0131\u011f\u0131n\u0131 belirtti, <strong>Francisco Felipe<\/strong>.\n<\/p>\n<p class=\"article-body__text\">\n<p>        IVC&#039;nin teklifleri <strong>Filmin katalo\u011funun tamam\u0131na bir ayl\u0131k \u00fccretsiz abonelik <\/strong>-e <strong>ilk 1000 ki\u015fi <\/strong>Sinematografik Dok\u00fcmantasyon Merkezine \u015fahsen veya elektronik olarak kay\u0131t yapt\u0131ranlar. Bu teklif Valensiya Toplulu\u011fu&#039;nda ikamet eden kullan\u0131c\u0131larla s\u0131n\u0131rl\u0131d\u0131r.\n<\/p>\n<p class=\"article-body__text\">\n<p>        Elektronik kay\u0131t, Sinematografik Dok\u00fcmantasyon Merkezi web sitesinde bulunan form kullan\u0131larak yap\u0131lmal\u0131d\u0131r: &lt; Sizi merkez kullan\u0131c\u0131s\u0131 olarak tan\u0131yan kart \u015fahsen teslim al\u0131nabilece\u011fi gibi istenirse normal posta yoluyla da teslim al\u0131nabilir.\n<\/p>\n<h2 class=\"article-body__ladillo\">dokuz b\u00f6l\u00fcm<\/h2>\n<p class=\"article-body__text\">\n<p>        Filmin yeni kanal\u0131, i\u00e7eri\u011fin aboneleri i\u00e7in daha eri\u015filebilir olmas\u0131n\u0131 sa\u011flamak amac\u0131yla dokuz tematik b\u00f6l\u00fcme ayr\u0131lm\u0131\u015ft\u0131r. Kanal olu\u015fturulmadan \u00f6nce bu filmlerin t\u00fcm\u00fc zaten platformun katalo\u011funun bir par\u00e7as\u0131yd\u0131. Tematik b\u00f6l\u00fcmler a\u015fa\u011f\u0131daki gibidir: <strong>G\u00fcncel kurgu uzun metrajl\u0131 filmler, di\u011fer kurgu yap\u0131mlar, belgeseller, Valensiya temal\u0131 belgeseller, Valensiya dilinde orijinal versiyonda sinema, animasyon, Valensiya vizyonlar\u0131 ve k\u0131sa filmler<\/strong>.\n<\/p>\n<h3 class=\"article-body__ladillo\"><strong>G\u00fcncel kurgu uzun metrajl\u0131 filmler<\/strong><\/h3>\n<p class=\"article-body__text\">\n<p>        G\u00fcncel Valensiya kurgu yap\u0131mlar\u0131: \u015funlardan olu\u015fur: <strong>20 uzun metrajl\u0131 film<\/strong>Bu b\u00f6l\u00fcmde Cannes, Berlin, San Sebasti\u00e1n, M\u00e1laga, Valladolid, M\u00e1laga, Mostra de Val\u00e8ncia, Alicante veya Sitges festivalleri taraf\u0131ndan \u00f6d\u00fcle lay\u0131k g\u00f6r\u00fclen veya se\u00e7ilen Valensiya sinemas\u0131n\u0131n en yeni yap\u0131mlar\u0131n\u0131 (2019-2022) bulabilirsiniz.\n<\/p>\n<p class=\"article-body__text\">\n<p>        Bu b\u00f6l\u00fcm a\u015fa\u011f\u0131dakiler i\u00e7in &#039;Su&#039;yu i\u00e7erir: <strong>Elena Lopes Riera<\/strong>; Avelina Prat&#039;\u0131n &#039;Vasil&#039;i; Adri\u00e1n Silvestre&#039;den &#039;Bo\u015flu\u011fum ve Ben&#039;; Jordi N\u00fa\u00f1ez&#039;in yazd\u0131\u011f\u0131 &#039;Kim bilir&#039;; Claudia Pinto Emperador&#039;un yazd\u0131\u011f\u0131 &#039;Sonu\u00e7lar&#039;; Julia Paz&#039;dan &#039;A\u015fk&#039;; \u00c1lex Montoya&#039;dan &#039;Lucas&#039;, Ventura Durall&#039;dan &#039;L&#039;ofrena&#039;; Cristina Fern\u00e1ndez Pintado ve Miguel Llorens&#039;in &#039;\u00d6lmeyi b\u0131rakan \u015feyler&#039;, Laura Ma\u00f1\u00e1&#039;n\u0131n &#039;Frederica Montseny, konu\u015fan kad\u0131n&#039;; Carlos Marqu\u00e9s-Marcet&#039;in yazd\u0131\u011f\u0131 &#039;La mort de Guillem&#039;; Fernando Gonz\u00e1lez G\u00f3mez ve Ra\u00fal Cerezo&#039;nun yazd\u0131\u011f\u0131 &#039;La pasajera&#039;; Agust\u00edn Rubio Alcover&#039;\u0131n &#039;La desvida&#039;s\u0131; Pedro P\u00e9rez-Rosado&#039;nun &#039;Muazzam kanatlar\u0131 olan bir kad\u0131n&#039;; S\u00edlvia Quer&#039;in yazd\u0131\u011f\u0131 &#039;La dona del segle&#039;; Jos\u00e9 Luis Montesinos&#039;un &quot;Strings&quot; adl\u0131 eseri; Javier Artigas&#039;\u0131n &#039;Ate\u015ften Uzak&#039; adl\u0131 eseri; Fernando Alonso y Fr\u00edas&#039;\u0131n &#039;Bold&#039; adl\u0131 eseri; Eduardo Casanova&#039;n\u0131n &#039;Peles&#039;i ve David Marqu\u00e9s&#039;in &#039;\u0130\u015fsizlik Kul\u00fcb\u00fc&#039;.\n<\/p>\n<h3 class=\"article-body__ladillo\"><strong>Di\u011fer kurgusal yap\u0131mlar<\/strong><\/h3>\n<p class=\"article-body__text\">\n<p>        &#039;Di\u011fer Valensiya kurgu yap\u0131mlar\u0131&#039; b\u00f6l\u00fcm\u00fcnde 2019 ile 21. y\u00fczy\u0131l\u0131n ba\u015f\u0131 aras\u0131nda \u00fcretilmi\u015f uzun metrajl\u0131 filmler yer al\u0131yor. Bu b\u00f6l\u00fcmde Fernando P\u00e9rez&#039;in &#039;Havana&#039;da Son G\u00fcnler&#039; adl\u0131 eseri; Roser Aguilar&#039;\u0131n &#039;Brava&#039;s\u0131; Michael Aguil\u00f3&#039;nun &#039;Repose Alan\u0131&#039;; Miguel \u00c1ngel Toledo&#039;nun yazd\u0131\u011f\u0131 &#039;Yol&#039;; Samuel Domingo&#039;nun &#039;Habitus&#039;u; &quot;Gi\u015fe rekorlar\u0131 k\u0131ran&quot; <strong>Tirso Calero<\/strong>; Gabi Ochoa&#039;n\u0131n &#039;A\u015fk art\u0131k eskisi gibi de\u011fil&#039;; Maxi Valero&#039;nun &#039;Kelebek Adam&#039;\u0131; Iv\u00e1n Fern\u00e1ndez C\u00f3rdoba&#039;n\u0131n &#039;Anlam\u0131 Ge\u00e7mek&#039;; &#039;Uran\u00fcs&#039;, <strong>Chema Garcia Ibarra<\/strong>; Pedro P\u00e9rez Rosado&#039;nun yazd\u0131\u011f\u0131 &#039;Wilaya&#039;; Sigfrid Monle\u00f3n&#039;un &#039;Hollandal\u0131 Adas\u0131&#039;; Lilian Rosado Gonz\u00e1lez&#039;in &#039;Deniz kokusunun ula\u015fmad\u0131\u011f\u0131 yer&#039; ve Isaki Lacuesta&#039;n\u0131n &#039;Zaman\u0131n efsanesi&#039;.\n<\/p>\n<p class=\"article-body__text\">\n<p>        Baz\u0131 y\u00f6netmenler mevcut <strong>birden fazla uzun metrajl\u0131 film<\/strong>. Alicante&#039;li film yap\u0131mc\u0131s\u0131<strong> Adam Alia\u011fa<\/strong> ile mevcut<strong> &#039;Stigmata&#039;, &#039;Ethernaut&#039;un Kad\u0131n\u0131&#039;, &#039;K\u0131l\u00e7\u0131k&#039; ve &#039;Nuh&#039;un Gemisi&#039;<\/strong>i\u015fbirli\u011fiyle y\u00f6nlendirildi <strong>david valero<\/strong>. Valensiyal\u0131 Alberto Morais, &#039;Las olas&#039;, &#039;Los chicos del puerto&#039; ve &#039;La madre&#039; ile sahneye \u00e7\u0131k\u0131yor.\n<\/p>\n<h3 class=\"article-body__ladillo\"><strong>belgeseller<\/strong><\/h3>\n<p class=\"article-body__text\">\n<p>        Genel Valensiya temal\u0131 belgesel prod\u00fcksiyon: 30 yap\u0131mdan olu\u015fan bu b\u00f6l\u00fcmde Valensiya sinemas\u0131n\u0131n M\u00e1laga, San Sebasti\u00e1n, Valladolid, Mostra de Val\u00e8ncia, Docs Valencia gibi festivallerde se\u00e7ilen veya \u00f6d\u00fcl alan en yeni kurgu olmayan filmlerini bulabilirsiniz. , Docs Barcelona veya Documenta Madrid.\n<\/p>\n<p class=\"article-body__text\">\n<p>        Son y\u0131llardaki belgeseller aras\u0131nda Adri\u00e1n Silvestre&#039;nin &#039;Sediments&#039; adl\u0131 filmi; Javier Polo&#039;nun &#039;Pembe Flamingo&#039;nun Gizemi&#039;; &#039;D\u00f6rd\u00fcnc\u00fc Krall\u0131k&#039;, taraf\u0131ndan <strong>Adam Alia\u011fa ve Alex Lora<\/strong>; Javier \u00c1lvarez Sol\u00eds&#039;in &#039;Lanetli Kelime&#039; adl\u0131 eseri; Javier Tolentino&#039;dan &#039;Tahran i\u00e7in bir blues&#039;; Ana Ram\u00f3n Rubio&#039;nun yazd\u0131\u011f\u0131 &#039;Neredeyse Hayaletler&#039;; &#039;Arkadeoloji&#039;, <strong>Mario Paulo Mart\u00ednez<\/strong>; Pedro P\u00e9rez-Rosado&#039;nun &#039;Aimra, sahipsiz b\u00f6lge&#039;; \u00d2scar Bern\u00e0cer&#039;in &#039;Arad\u0131klar\u0131m\u0131z&#039;; Ram\u00f3n Al\u00f3s&#039;un yazd\u0131\u011f\u0131 &#039;\u0130kinci Olmak \u0130steyen Adam&#039;; Orlando Bosch&#039;tan &#039;G\u00f6r\u00fcnmez D\u00fcnyalar&#039;; Francesc Betriu&#039;nun yazd\u0131\u011f\u0131 &#039;Son Havac\u0131&#039;; Susana Guardiola ve Marta Figueras&#039;\u0131n yazd\u0131\u011f\u0131 &#039;Jos\u00e9 Padilla&#039;y\u0131 Ke\u015ffetmek&#039;; Hugo Dom\u00e9nech ve Ra\u00fal Riebenbauer&#039;in yazd\u0131\u011f\u0131 &#039;Buzda\u011f\u0131n\u0131n g\u00f6lgesi&#039;; Chus Guti\u00e9rrez&#039;in yazd\u0131\u011f\u0131 &#039;Rol ve Rol&#039;; &#039;Proje ABD&#039;, taraf\u0131ndan <strong>Miguel Herrero<\/strong>; Laura P\u00e9rez&#039;in yazd\u0131\u011f\u0131 &#039;Ses kal\u0131yor&#039;; Claudia Reig&#039;in yazd\u0131\u011f\u0131 &#039;Trans Direni\u015fi&#039;; \u00d3scar Mart\u00edn&#039;in yazd\u0131\u011f\u0131 &#039;Kolektif Sel\u00fcloit&#039;;<strong> Juanjo Gim\u00e9nez ve Ad\u00e1n Aliaga&#039;dan &#039;Dodge and Hit&#039;<\/strong>; Alberto Morais&#039;in &#039;Sinemada Bir Yer&#039;; Vicen Peris&#039;in &#039;Haf\u0131zan\u0131n Sesleri&#039;; Valent\u00ed Figueres&#039;in &quot;Ayaklar\u0131n\u0131n \u00fczerinde ya\u015famak&quot; ve Ricardo Maci\u00e1n&#039;\u0131n &quot;Los ojos de Ariana&quot; adl\u0131 eseri.\n<\/p>\n<p class=\"article-body__text\">\n<p>        Y\u00f6netmenlerden baz\u0131lar\u0131 <strong>birden fazla belgeselle sunuluyor.<\/strong> Bu Rafa Mol\u00e9s&#039;in durumudur ve <strong>Pepe Andr\u00e9<\/strong>Filmin kadrosunda yer alan Suica Films&#039;in yarat\u0131c\u0131lar\u0131<strong> &#039;Istakoz \u00c7orbas\u0131&#039;, &#039;Sara Baras. T\u00fcm Sesler&#039;, &#039;Dansa Be\u015f G\u00fcn&#039;, &#039;Stuka Deneyi&#039; ve &#039;Camlara Yap\u0131\u015f\u0131yor&#039;.<\/strong>\n<\/p>\n<h3 class=\"article-body__ladillo\"><strong>Valensiya temal\u0131 belgeseller<\/strong><\/h3>\n<p class=\"article-body__text\">\n<p>        \u00d6zellikle Valensiya temal\u0131 Valensiya belgesel yap\u0131mlar\u0131: bu b\u00f6l\u00fcmde Jos\u00e9 Luis Garc\u00eda S\u00e1nchez&#039;in yazd\u0131\u011f\u0131 &#039;Por la gracia de Luis&#039;; Amparo Fortuny&#039;nin yazd\u0131\u011f\u0131 &#039;Baharda \u00c7al\u0131\u015fma&#039;; Alfonso Amador&#039;un yazd\u0131\u011f\u0131 &#039;Camaroga&#039;; &#039;Tuzlu R\u00fcyalar&#039;, <strong>Alfredo Navarro<\/strong>; Miguel \u00c1ngel Baixauli&#039;nin &#039;Tempos das \u00c1guas&#039;\u0131; Miguel \u00c1ngel Jim\u00e9nez&#039;in yazd\u0131\u011f\u0131 &#039;Ve her mercime\u011fin i\u00e7inde bir tanr\u0131&#039;;<strong> Ad\u00e1n Alia\u011fa&#039;dan &#039;B\u00fcy\u00fckannemin evi&#039;<\/strong>ve Rosana Pastor ve Enrique Viciano&#039;nun yazd\u0131\u011f\u0131 &#039;Be\u015finci \u015e\u00f6valye&#039;.\n<\/p>\n<p class=\"article-body__text\">\n<p>        Y\u00f6netmen \u00d2scar Bern\u00e0cer bu b\u00f6l\u00fcmde \u00fc\u00e7 belgeselle temsil ediliyor: &#039;Dengenin tarifi&#039;, &#039;G\u00fcne\u015fi \u015fi\u015feleyen adam&#039; ve &#039;\u0130\u015fte g\u00fcne\u015f geliyor&#039;.\n<\/p>\n<p class=\"article-body__text\">\n<p>        Komediye ayr\u0131lm\u0131\u015f b\u00f6l\u00fcmde Suso Imbern\u00f3n ve Juanjo Moscard\u00f3&#039;nun &#039;Amor en polvo&#039;sunu bulacaks\u0131n\u0131z; D\u00eddac Cervera&#039;n\u0131n &#039;Senin i\u00e7in yapaca\u011f\u0131m binlerce \u015fey&#039;; In\u00e9s Paris&#039;in &#039;Annemin babam\u0131 \u00f6ld\u00fcrd\u00fc\u011f\u00fc gece&#039;; Santiago Pumarola&#039;n\u0131n yazd\u0131\u011f\u0131 &#039;Benidorm, a\u015fk\u0131m&#039;; Carles Alberola&#039;dan &#039;Beni bekleyecek misin?&#039;; Miguel Albaladejo&#039;dan &#039;Cachorro&#039; ve Pau Mart\u00ednez&#039;den &#039;El kaser\u00f3n&#039;.\n<\/p>\n<h3 class=\"article-body__ladillo\"><strong>Valensiya dilinde orijinal versiyonda sinema<\/strong><\/h3>\n<p class=\"article-body__text\">\n<p>        Valensiya dilindeki orijinal versiyondaki Valensiya sinemas\u0131 b\u00f6l\u00fcm\u00fc \u015funlardan olu\u015fmaktad\u0131r: <strong>21 yap\u0131m,<\/strong> uzun metrajl\u0131 filmler, belgeseller ve k\u0131sa filmler aras\u0131nda.\n<\/p>\n<p class=\"article-body__text\">\n<p>        Bu b\u00f6l\u00fcmde Jordi N\u00fa\u00f1ez&#039;in kurgu filmleri &#039;El que Sabe&#039;; D\u00eddac Civera&#039;n\u0131n &#039;Senin i\u00e7in yapaca\u011f\u0131m binlerce \u015fey&#039;; Carles Alberola&#039;dan &#039;Beni bekleyecek misin?&#039;; &#039;Orson West&#039; taraf\u0131ndan <strong>Fran Ruvira<\/strong>; Cristina Fern\u00e1ndez Pintado ve Miguel Llorens&#039;in &#039;\u00d6lmeyi b\u0131rakan \u015feyler&#039;, Laura Ma\u00f1\u00e1&#039;n\u0131n &#039;Frederica Montseny, konu\u015fan kad\u0131n&#039;; Carlos Marqu\u00e9s-Marcet&#039;in yazd\u0131\u011f\u0131 &#039;La mort de Guillem&#039;; Roser Aguilar&#039;\u0131n &#039;Brava&#039;s\u0131; Ventura Durall&#039;\u0131n yazd\u0131\u011f\u0131 &#039;L&#039;ofrena&#039; ve &#039;Les Dues Vides de Andr\u00e9s Rabad\u00e1n&#039;; Pedro P\u00e9rez Rosado&#039;nun &#039;Una dona amb unes muazzames&#039; ve S\u00edlvia Quer&#039;in &#039;La dona del segle&#039;.\n<\/p>\n<p class=\"article-body__text\">\n<p>        Belgesel t\u00fcr\u00fcn\u00fc Alfonso Amador&#039;un &#039;Camagoga&#039;s\u0131 temsil ediyor; S\u00edlvia Quer&#039;in &#039;Terra Cremada&#039;s\u0131; \u00d2scar Bern\u00e0cer&#039;in &#039;Dengenin tarifi&#039;; <strong>Rafa Moles ve Pepe Andreu&#039;dan &#039;Picades kontra cam&#039; ve &#039;Stuka Deneyimi&#039;<\/strong>; Helena S\u00e1nchez Bel&#039;in yazd\u0131\u011f\u0131 &#039;Carraixet Bombas\u0131&#039;; Ad\u00e1n Aliaga&#039;dan &#039;La g\u00e0bia&#039; ve Miguel \u00c1ngel Baixauli&#039;den &#039;Temps d&#039;aigua&#039;. Ayr\u0131ca Lucia Alemany&#039;nin &#039;14 anys i un dia&#039; adl\u0131 k\u0131sa kurgusunu da g\u00f6rebilirsiniz.\n<\/p>\n<h3 class=\"article-body__ladillo\"><strong>Animasyon<\/strong><\/h3>\n<p class=\"article-body__text\">\n<p>        Animasyon k\u0131sa filmler ve uzun metrajl\u0131 filmler kategorisinde on bir yap\u0131m yer al\u0131yor: Mikel Mas Bilbao ve Txesco Montalt&#039;\u0131n &#039;Mironins&#039;i; Juan Fran Jacinto ve Carla Pereira&#039;n\u0131n yazd\u0131\u011f\u0131 &#039;Metamorfose&#039;; Sam Conflictive&#039;den &#039;After This&#039;; Emilio Mart\u00ed&#039;nin yazd\u0131\u011f\u0131 &#039;Makun&#039;; Jaime Maestro&#039;nun &#039;T\u00fct\u00fcn Sat\u0131c\u0131s\u0131&#039;; Adriana Navarro&#039;nun &#039;V\u00eda Tango&#039; adl\u0131 eseri; Abraham L\u00f3pez Guerrero&#039;nun yazd\u0131\u011f\u0131 &#039;Blue &amp; Malone: \u200b\u200b\u200b\u200bCases&#039; ve &#039;Blue &amp; Malone: \u200b\u200b\u200b\u200bDedektifler&#039;; Daniela Cuenca&#039;n\u0131n &#039;Bagaj muhafazas\u0131&#039;; Jos\u00e9 Prats ve \u00c1lvaro Robles&#039;in yazd\u0131\u011f\u0131 &#039;\u015eemsiyeler&#039; ve Emilio Yebra&#039;n\u0131n yazd\u0131\u011f\u0131 &#039;Sen en g\u00fc\u00e7l\u00fc de\u011filsin&#039;.\n<\/p>\n<h3 class=\"article-body__ladillo\"><strong>Valensiya g\u00f6r\u00fcn\u00fcm\u00fc<\/strong><\/h3>\n<p class=\"article-body__text\">\n<p>        &#039;Valencia&#039;ya Bak\u0131\u015f&#039; b\u00f6l\u00fcm\u00fc, Luis Garc\u00eda Berlanga&#039;n\u0131n &#039;La escopeta nacional&#039;\u0131 gibi Valencial\u0131 y\u00f6netmenlerin yap\u0131m\u0131 Valencia&#039;da yap\u0131lmayan uzun metrajl\u0131 filmlerini; Francisco Lara Palop&#039;tan &#039;El inat\u00e7\u0131&#039;; Jaume Balaguer\u00f3 ve Paco Plaza&#039;dan &#039;REC&#039; ve &#039;REC2&#039;; Paco Plaza&#039;dan &#039;REC3&#039;;<strong> &#039;Virginia Kul\u00fcp Orkestras\u0131&#039; ve &#039;Art\u0131k A\u015f\u0131klar&#039;, <\/strong><strong>Manuel Iborra<\/strong>; Lucas Moro ve Manuel Rossell&#039;in yazd\u0131\u011f\u0131 &#039;\u0130dam Edildi&#039;;<strong> &#039;Do\u011fum g\u00fcn\u00fc&#039;, <\/strong><strong>kaydeden Eugenio Mira<\/strong>; Eloy Enciso&#039;nun &#039;Uzun gece&#039; ve &#039;Arraianos&#039;u; Javier Balaguer&#039;den &#039;Yaln\u0131zca benim&#039;; Sergio Villanueva&#039;n\u0131n &#039;The Diners&#039; adl\u0131 eseri; Piluca Baquero&#039;nun &#039;Bozulmu\u015f Sessizlik&#039; adl\u0131 eseri; &#039;\u0130nan\u0131lmazlar&#039; <strong>david valero<\/strong>; Beatriz Sanchis&#039;in &#039;Devler&#039; ve &#039;Herkes \u00d6ld\u00fc&#039;; &#039;Cumhuriyetin \u00f6\u011fretmenleri&#039; <strong>Pilar Perez Solano<\/strong>; Amparo Climent&#039;in yazd\u0131\u011f\u0131 &#039;Afrika&#039;n\u0131n G\u00f6zya\u015flar\u0131&#039;; Daniel Monz\u00f3n&#039;un yazd\u0131\u011f\u0131 &#039;Kovak kutusu&#039;; Alfonso Amador&#039;un &#039;Enxaneta&#039; ve &#039;May\u0131s&#039;\u0131n 50 g\u00fcn\u00fc&#039;; David Marqu\u00e9s&#039;in &#039;\u00c7\u00f6p Kutusu&#039;; Paula Palacios&#039;un &#039;Cartas Molhadas&#039;\u0131; Sigfrid Monle\u00f3n&#039;un &#039;\u00d6l\u00fcm\u00fcnden sonra \u00e7ekilen filmi&#039; ve &#039;C\u00e1ntico&#039;; ve Fran Silvestre&#039;nin &#039;A\u015fk Nesneleri&#039;.\n<\/p>\n<h3 class=\"article-body__ladillo\"><strong>k\u0131sa filmler<\/strong><\/h3>\n<p class=\"article-body__text\">\n<p>        K\u0131sa filmler b\u00f6l\u00fcm\u00fcnde \u00d2scar Bern\u00e0cer&#039;in &#039;Stanbrook&#039; ve &#039;Bikini&#039;si; Borja Soler&#039;den &#039;Snorkel&#039; ve &#039;Mindanao&#039;; Sergio Serrano&#039;dan &#039;K\u00f6pekler havl\u0131yor&#039;; Helena S\u00e1nchez Bel&#039;in yazd\u0131\u011f\u0131 &#039;Carraixet Bombas\u0131&#039;;<strong> Adan Aliaga&#039;n\u0131n &#039;La g\u00e0bia&#039; adl\u0131 eseri<\/strong>;<strong> &#039;Arzu edenler&#039;, &#039;Las v\u00edsceras&#039; ve &#039;Pueblo&#039;, Elena L\u00f3pez Riera<\/strong>; Juan Fran Jacinto ve Carla Pereira&#039;n\u0131n yazd\u0131\u011f\u0131 &#039;Metamorfose&#039;; Emilio Mart\u00ed&#039;nin yazd\u0131\u011f\u0131 &#039;Makun&#039;; Jaime Maestro&#039;nun &#039;T\u00fct\u00fcn Sat\u0131c\u0131s\u0131&#039;; Adriana Navarro&#039;nun &#039;V\u00eda Tango&#039; adl\u0131 eseri; Abraham L\u00f3pez Guerrero&#039;nun yazd\u0131\u011f\u0131 &#039;Blue &amp; Malone: \u200b\u200b\u200b\u200bCases&#039; ve &#039;Blue &amp; Malone: \u200b\u200b\u200b\u200bDedektifler&#039;; Daniela Cuenca&#039;n\u0131n &#039;Bagaj muhafazas\u0131&#039;; Jos\u00e9 Prats ve \u00c1lvaro Robles&#039;in &#039;Umbrellas&#039; adl\u0131 eseri; Emilio Yebra&#039;n\u0131n &#039;En g\u00fc\u00e7l\u00fcs\u00fc de\u011filsin&#039;;<strong> Chema Garc\u00eda Ibarra&#039;n\u0131n &#039;Alt\u0131n Efsane&#039;, &#039;Gizem&#039;, &#039;Protopartik\u00fcller&#039;, &#039;Disko Parl\u0131yor&#039; ve &#039;Nebula 5 Robotlar\u0131n\u0131n Sald\u0131r\u0131s\u0131&#039;<\/strong>; Lucia Alemany&#039;den &#039;14 y\u0131l ve bir g\u00fcn&#039;; Javier Polo&#039;nun &#039;8 par\u00e7ada Avrupa&#039; ve \u00d3scar Mart\u00edn&#039;in &#039;Fallas 37: sava\u015fta sanat&#039;.\n<\/p>\n<\/p><\/div>","protected":false},"excerpt":{"rendered":"<p>Chema Garc\u00eda Ibarra, Elena L\u00f3pez Riera veya Ad\u00e1n Aliagaos&#039;un Suica Filmes belgesellerinden ilk k\u0131sa filmi veya \u2026 <\/p>","protected":false},"author":1,"featured_media":955,"comment_status":"open","ping_status":"open","sticky":false,"template":"","format":"standard","meta":{"fifu_image_url":"https:\/\/estaticos-cdn.prensaiberica.es\/clip\/15a4a999-9a2e-4a10-8866-d32760b3fd65_16-9-aspect-ratio_default_0.jpg","fifu_image_alt":"","footnotes":""},"categories":[35],"tags":[],"class_list":["post-954","post","type-post","status-publish","format-standard","has-post-thumbnail","hentry","category-cultura-e-lazer","latest_post"],"yoast_head":"<!-- This site is optimized with the Yoast SEO plugin v27.3 - https:\/\/yoast.com\/product\/yoast-seo-wordpress\/ -->\n<title>Filmin abre um canal de cinema valenciano com mais de 150 filmes - Tirinha.com<\/title>\n<meta name=\"robots\" content=\"index, follow, max-snippet:-1, max-image-preview:large, max-video-preview:-1\" \/>\n<link rel=\"canonical\" href=\"https:\/\/tirinha.com\/tr\/954\/filmin-150den-fazla-filmin-yer-aldigi-bir-valensiya-film-kanalini-aciyor\/\" \/>\n<meta property=\"og:locale\" content=\"tr_TR\" \/>\n<meta property=\"og:type\" content=\"article\" \/>\n<meta property=\"og:title\" content=\"Filmin abre um canal de cinema valenciano com mais de 150 filmes - Tirinha.com\" \/>\n<meta property=\"og:description\" content=\"O primeiro short de Chema Garc\u00eda Ibarra, Elena L\u00f3pez Riera ou Ad\u00e1n Aliagaos document\u00e1rios de Suica Filmes ou filmes de &hellip;\" \/>\n<meta property=\"og:url\" content=\"https:\/\/tirinha.com\/tr\/954\/filmin-150den-fazla-filmin-yer-aldigi-bir-valensiya-film-kanalini-aciyor\/\" \/>\n<meta property=\"og:site_name\" content=\"Tirinha.com\" \/>\n<meta property=\"article:published_time\" content=\"2023-04-03T22:48:19+00:00\" \/>\n<meta property=\"og:image\" content=\"https:\/\/estaticos-cdn.prensaiberica.es\/clip\/15a4a999-9a2e-4a10-8866-d32760b3fd65_16-9-aspect-ratio_default_0.jpg\" \/>\n<meta name=\"author\" content=\"admin\" \/>\n<meta name=\"twitter:card\" content=\"summary_large_image\" \/>\n<meta name=\"twitter:image\" content=\"https:\/\/estaticos-cdn.prensaiberica.es\/clip\/15a4a999-9a2e-4a10-8866-d32760b3fd65_16-9-aspect-ratio_default_0.jpg\" \/>\n<meta name=\"twitter:label1\" content=\"Yazan:\" \/>\n\t<meta name=\"twitter:data1\" content=\"admin\" \/>\n\t<meta name=\"twitter:label2\" content=\"Tahmini okuma s\u00fcresi\" \/>\n\t<meta name=\"twitter:data2\" content=\"9 dakika\" \/>\n<script type=\"application\/ld+json\" class=\"yoast-schema-graph\">{\"@context\":\"https:\\\/\\\/schema.org\",\"@graph\":[{\"@type\":\"Article\",\"@id\":\"https:\\\/\\\/tirinha.com\\\/954\\\/filmin-abre-um-canal-de-cinema-valenciano-com-mais-de-150-filmes\\\/#article\",\"isPartOf\":{\"@id\":\"https:\\\/\\\/tirinha.com\\\/954\\\/filmin-abre-um-canal-de-cinema-valenciano-com-mais-de-150-filmes\\\/\"},\"author\":{\"name\":\"admin\",\"@id\":\"https:\\\/\\\/tirinha.com\\\/#\\\/schema\\\/person\\\/e22bdfbe17e0461f7e927e6a1208d4d9\"},\"headline\":\"Filmin abre um canal de cinema valenciano com mais de 150 filmes\",\"datePublished\":\"2023-04-03T22:48:19+00:00\",\"mainEntityOfPage\":{\"@id\":\"https:\\\/\\\/tirinha.com\\\/954\\\/filmin-abre-um-canal-de-cinema-valenciano-com-mais-de-150-filmes\\\/\"},\"wordCount\":1825,\"commentCount\":0,\"publisher\":{\"@id\":\"https:\\\/\\\/tirinha.com\\\/#organization\"},\"image\":{\"@id\":\"https:\\\/\\\/tirinha.com\\\/954\\\/filmin-abre-um-canal-de-cinema-valenciano-com-mais-de-150-filmes\\\/#primaryimage\"},\"thumbnailUrl\":\"https:\\\/\\\/estaticos-cdn.prensaiberica.es\\\/clip\\\/15a4a999-9a2e-4a10-8866-d32760b3fd65_16-9-aspect-ratio_default_0.jpg\",\"articleSection\":[\"Cultura e lazer\"],\"inLanguage\":\"tr\",\"potentialAction\":[{\"@type\":\"CommentAction\",\"name\":\"Comment\",\"target\":[\"https:\\\/\\\/tirinha.com\\\/954\\\/filmin-abre-um-canal-de-cinema-valenciano-com-mais-de-150-filmes\\\/#respond\"]}]},{\"@type\":\"WebPage\",\"@id\":\"https:\\\/\\\/tirinha.com\\\/954\\\/filmin-abre-um-canal-de-cinema-valenciano-com-mais-de-150-filmes\\\/\",\"url\":\"https:\\\/\\\/tirinha.com\\\/954\\\/filmin-abre-um-canal-de-cinema-valenciano-com-mais-de-150-filmes\\\/\",\"name\":\"Filmin abre um canal de cinema valenciano com mais de 150 filmes - Tirinha.com\",\"isPartOf\":{\"@id\":\"https:\\\/\\\/tirinha.com\\\/#website\"},\"primaryImageOfPage\":{\"@id\":\"https:\\\/\\\/tirinha.com\\\/954\\\/filmin-abre-um-canal-de-cinema-valenciano-com-mais-de-150-filmes\\\/#primaryimage\"},\"image\":{\"@id\":\"https:\\\/\\\/tirinha.com\\\/954\\\/filmin-abre-um-canal-de-cinema-valenciano-com-mais-de-150-filmes\\\/#primaryimage\"},\"thumbnailUrl\":\"https:\\\/\\\/estaticos-cdn.prensaiberica.es\\\/clip\\\/15a4a999-9a2e-4a10-8866-d32760b3fd65_16-9-aspect-ratio_default_0.jpg\",\"datePublished\":\"2023-04-03T22:48:19+00:00\",\"breadcrumb\":{\"@id\":\"https:\\\/\\\/tirinha.com\\\/954\\\/filmin-abre-um-canal-de-cinema-valenciano-com-mais-de-150-filmes\\\/#breadcrumb\"},\"inLanguage\":\"tr\",\"potentialAction\":[{\"@type\":\"ReadAction\",\"target\":[\"https:\\\/\\\/tirinha.com\\\/954\\\/filmin-abre-um-canal-de-cinema-valenciano-com-mais-de-150-filmes\\\/\"]}]},{\"@type\":\"ImageObject\",\"inLanguage\":\"tr\",\"@id\":\"https:\\\/\\\/tirinha.com\\\/954\\\/filmin-abre-um-canal-de-cinema-valenciano-com-mais-de-150-filmes\\\/#primaryimage\",\"url\":\"https:\\\/\\\/estaticos-cdn.prensaiberica.es\\\/clip\\\/15a4a999-9a2e-4a10-8866-d32760b3fd65_16-9-aspect-ratio_default_0.jpg\",\"contentUrl\":\"https:\\\/\\\/estaticos-cdn.prensaiberica.es\\\/clip\\\/15a4a999-9a2e-4a10-8866-d32760b3fd65_16-9-aspect-ratio_default_0.jpg\"},{\"@type\":\"BreadcrumbList\",\"@id\":\"https:\\\/\\\/tirinha.com\\\/954\\\/filmin-abre-um-canal-de-cinema-valenciano-com-mais-de-150-filmes\\\/#breadcrumb\",\"itemListElement\":[{\"@type\":\"ListItem\",\"position\":1,\"name\":\"Home\",\"item\":\"https:\\\/\\\/tirinha.com\\\/\"},{\"@type\":\"ListItem\",\"position\":2,\"name\":\"Filmin abre um canal de cinema valenciano com mais de 150 filmes\"}]},{\"@type\":\"WebSite\",\"@id\":\"https:\\\/\\\/tirinha.com\\\/#website\",\"url\":\"https:\\\/\\\/tirinha.com\\\/\",\"name\":\"Tirinha.com\",\"description\":\"Arte e livros resenhas\",\"publisher\":{\"@id\":\"https:\\\/\\\/tirinha.com\\\/#organization\"},\"potentialAction\":[{\"@type\":\"SearchAction\",\"target\":{\"@type\":\"EntryPoint\",\"urlTemplate\":\"https:\\\/\\\/tirinha.com\\\/?s={search_term_string}\"},\"query-input\":{\"@type\":\"PropertyValueSpecification\",\"valueRequired\":true,\"valueName\":\"search_term_string\"}}],\"inLanguage\":\"tr\"},{\"@type\":\"Organization\",\"@id\":\"https:\\\/\\\/tirinha.com\\\/#organization\",\"name\":\"Tirinha.com\",\"url\":\"https:\\\/\\\/tirinha.com\\\/\",\"logo\":{\"@type\":\"ImageObject\",\"inLanguage\":\"tr\",\"@id\":\"https:\\\/\\\/tirinha.com\\\/#\\\/schema\\\/logo\\\/image\\\/\",\"url\":\"https:\\\/\\\/tirinha.com\\\/wp-content\\\/uploads\\\/2023\\\/08\\\/cropped-Logo-Tirinha.webp\",\"contentUrl\":\"https:\\\/\\\/tirinha.com\\\/wp-content\\\/uploads\\\/2023\\\/08\\\/cropped-Logo-Tirinha.webp\",\"width\":512,\"height\":512,\"caption\":\"Tirinha.com\"},\"image\":{\"@id\":\"https:\\\/\\\/tirinha.com\\\/#\\\/schema\\\/logo\\\/image\\\/\"}},{\"@type\":\"Person\",\"@id\":\"https:\\\/\\\/tirinha.com\\\/#\\\/schema\\\/person\\\/e22bdfbe17e0461f7e927e6a1208d4d9\",\"name\":\"admin\",\"image\":{\"@type\":\"ImageObject\",\"inLanguage\":\"tr\",\"@id\":\"https:\\\/\\\/tirinha.com\\\/wp-content\\\/litespeed\\\/avatar\\\/d0068f7931cc87d7274eb0c3db1deb4b.jpg?ver=1776829466\",\"url\":\"https:\\\/\\\/tirinha.com\\\/wp-content\\\/litespeed\\\/avatar\\\/d0068f7931cc87d7274eb0c3db1deb4b.jpg?ver=1776829466\",\"contentUrl\":\"https:\\\/\\\/tirinha.com\\\/wp-content\\\/litespeed\\\/avatar\\\/d0068f7931cc87d7274eb0c3db1deb4b.jpg?ver=1776829466\",\"caption\":\"admin\"},\"sameAs\":[\"https:\\\/\\\/tirinha.com\"],\"url\":\"https:\\\/\\\/tirinha.com\\\/tr\\\/author\\\/admin\\\/\"}]}<\/script>\n<!-- \/ Yoast SEO plugin. -->","yoast_head_json":{"title":"Filmin, 150&#039;den fazla film i\u00e7eren bir Valensiya film kanal\u0131 a\u00e7\u0131yor - Tirinha.com","robots":{"index":"index","follow":"follow","max-snippet":"max-snippet:-1","max-image-preview":"max-image-preview:large","max-video-preview":"max-video-preview:-1"},"canonical":"https:\/\/tirinha.com\/tr\/954\/filmin-150den-fazla-filmin-yer-aldigi-bir-valensiya-film-kanalini-aciyor\/","og_locale":"tr_TR","og_type":"article","og_title":"Filmin abre um canal de cinema valenciano com mais de 150 filmes - Tirinha.com","og_description":"O primeiro short de Chema Garc\u00eda Ibarra, Elena L\u00f3pez Riera ou Ad\u00e1n Aliagaos document\u00e1rios de Suica Filmes ou filmes de &hellip;","og_url":"https:\/\/tirinha.com\/tr\/954\/filmin-150den-fazla-filmin-yer-aldigi-bir-valensiya-film-kanalini-aciyor\/","og_site_name":"Tirinha.com","article_published_time":"2023-04-03T22:48:19+00:00","og_image":[{"url":"https:\/\/estaticos-cdn.prensaiberica.es\/clip\/15a4a999-9a2e-4a10-8866-d32760b3fd65_16-9-aspect-ratio_default_0.jpg","type":"","width":"","height":""}],"author":"admin","twitter_card":"summary_large_image","twitter_image":"https:\/\/estaticos-cdn.prensaiberica.es\/clip\/15a4a999-9a2e-4a10-8866-d32760b3fd65_16-9-aspect-ratio_default_0.jpg","twitter_misc":{"Yazan:":"admin","Tahmini okuma s\u00fcresi":"9 dakika"},"schema":{"@context":"https:\/\/schema.org","@graph":[{"@type":"Article","@id":"https:\/\/tirinha.com\/954\/filmin-abre-um-canal-de-cinema-valenciano-com-mais-de-150-filmes\/#article","isPartOf":{"@id":"https:\/\/tirinha.com\/954\/filmin-abre-um-canal-de-cinema-valenciano-com-mais-de-150-filmes\/"},"author":{"name":"admin","@id":"https:\/\/tirinha.com\/#\/schema\/person\/e22bdfbe17e0461f7e927e6a1208d4d9"},"headline":"Filmin abre um canal de cinema valenciano com mais de 150 filmes","datePublished":"2023-04-03T22:48:19+00:00","mainEntityOfPage":{"@id":"https:\/\/tirinha.com\/954\/filmin-abre-um-canal-de-cinema-valenciano-com-mais-de-150-filmes\/"},"wordCount":1825,"commentCount":0,"publisher":{"@id":"https:\/\/tirinha.com\/#organization"},"image":{"@id":"https:\/\/tirinha.com\/954\/filmin-abre-um-canal-de-cinema-valenciano-com-mais-de-150-filmes\/#primaryimage"},"thumbnailUrl":"https:\/\/estaticos-cdn.prensaiberica.es\/clip\/15a4a999-9a2e-4a10-8866-d32760b3fd65_16-9-aspect-ratio_default_0.jpg","articleSection":["Cultura e lazer"],"inLanguage":"tr","potentialAction":[{"@type":"CommentAction","name":"Comment","target":["https:\/\/tirinha.com\/954\/filmin-abre-um-canal-de-cinema-valenciano-com-mais-de-150-filmes\/#respond"]}]},{"@type":"WebPage","@id":"https:\/\/tirinha.com\/954\/filmin-abre-um-canal-de-cinema-valenciano-com-mais-de-150-filmes\/","url":"https:\/\/tirinha.com\/954\/filmin-abre-um-canal-de-cinema-valenciano-com-mais-de-150-filmes\/","name":"Filmin, 150&#039;den fazla film i\u00e7eren bir Valensiya film kanal\u0131 a\u00e7\u0131yor - Tirinha.com","isPartOf":{"@id":"https:\/\/tirinha.com\/#website"},"primaryImageOfPage":{"@id":"https:\/\/tirinha.com\/954\/filmin-abre-um-canal-de-cinema-valenciano-com-mais-de-150-filmes\/#primaryimage"},"image":{"@id":"https:\/\/tirinha.com\/954\/filmin-abre-um-canal-de-cinema-valenciano-com-mais-de-150-filmes\/#primaryimage"},"thumbnailUrl":"https:\/\/estaticos-cdn.prensaiberica.es\/clip\/15a4a999-9a2e-4a10-8866-d32760b3fd65_16-9-aspect-ratio_default_0.jpg","datePublished":"2023-04-03T22:48:19+00:00","breadcrumb":{"@id":"https:\/\/tirinha.com\/954\/filmin-abre-um-canal-de-cinema-valenciano-com-mais-de-150-filmes\/#breadcrumb"},"inLanguage":"tr","potentialAction":[{"@type":"ReadAction","target":["https:\/\/tirinha.com\/954\/filmin-abre-um-canal-de-cinema-valenciano-com-mais-de-150-filmes\/"]}]},{"@type":"ImageObject","inLanguage":"tr","@id":"https:\/\/tirinha.com\/954\/filmin-abre-um-canal-de-cinema-valenciano-com-mais-de-150-filmes\/#primaryimage","url":"https:\/\/estaticos-cdn.prensaiberica.es\/clip\/15a4a999-9a2e-4a10-8866-d32760b3fd65_16-9-aspect-ratio_default_0.jpg","contentUrl":"https:\/\/estaticos-cdn.prensaiberica.es\/clip\/15a4a999-9a2e-4a10-8866-d32760b3fd65_16-9-aspect-ratio_default_0.jpg"},{"@type":"BreadcrumbList","@id":"https:\/\/tirinha.com\/954\/filmin-abre-um-canal-de-cinema-valenciano-com-mais-de-150-filmes\/#breadcrumb","itemListElement":[{"@type":"ListItem","position":1,"name":"Home","item":"https:\/\/tirinha.com\/"},{"@type":"ListItem","position":2,"name":"Filmin abre um canal de cinema valenciano com mais de 150 filmes"}]},{"@type":"WebSite","@id":"https:\/\/tirinha.com\/#website","url":"https:\/\/tirinha.com\/","name":"\u00e7izgi roman.com","description":"Sanat ve kitap ele\u015ftirileri","publisher":{"@id":"https:\/\/tirinha.com\/#organization"},"potentialAction":[{"@type":"SearchAction","target":{"@type":"EntryPoint","urlTemplate":"https:\/\/tirinha.com\/?s={search_term_string}"},"query-input":{"@type":"PropertyValueSpecification","valueRequired":true,"valueName":"search_term_string"}}],"inLanguage":"tr"},{"@type":"Organization","@id":"https:\/\/tirinha.com\/#organization","name":"\u00e7izgi roman.com","url":"https:\/\/tirinha.com\/","logo":{"@type":"ImageObject","inLanguage":"tr","@id":"https:\/\/tirinha.com\/#\/schema\/logo\/image\/","url":"https:\/\/tirinha.com\/wp-content\/uploads\/2023\/08\/cropped-Logo-Tirinha.webp","contentUrl":"https:\/\/tirinha.com\/wp-content\/uploads\/2023\/08\/cropped-Logo-Tirinha.webp","width":512,"height":512,"caption":"Tirinha.com"},"image":{"@id":"https:\/\/tirinha.com\/#\/schema\/logo\/image\/"}},{"@type":"Person","@id":"https:\/\/tirinha.com\/#\/schema\/person\/e22bdfbe17e0461f7e927e6a1208d4d9","name":"y\u00f6netici","image":{"@type":"ImageObject","inLanguage":"tr","@id":"https:\/\/tirinha.com\/wp-content\/litespeed\/avatar\/d0068f7931cc87d7274eb0c3db1deb4b.jpg?ver=1776829466","url":"https:\/\/tirinha.com\/wp-content\/litespeed\/avatar\/d0068f7931cc87d7274eb0c3db1deb4b.jpg?ver=1776829466","contentUrl":"https:\/\/tirinha.com\/wp-content\/litespeed\/avatar\/d0068f7931cc87d7274eb0c3db1deb4b.jpg?ver=1776829466","caption":"admin"},"sameAs":["https:\/\/tirinha.com"],"url":"https:\/\/tirinha.com\/tr\/author\/admin\/"}]}},"_links":{"self":[{"href":"https:\/\/tirinha.com\/tr\/wp-json\/wp\/v2\/posts\/954","targetHints":{"allow":["GET"]}}],"collection":[{"href":"https:\/\/tirinha.com\/tr\/wp-json\/wp\/v2\/posts"}],"about":[{"href":"https:\/\/tirinha.com\/tr\/wp-json\/wp\/v2\/types\/post"}],"author":[{"embeddable":true,"href":"https:\/\/tirinha.com\/tr\/wp-json\/wp\/v2\/users\/1"}],"replies":[{"embeddable":true,"href":"https:\/\/tirinha.com\/tr\/wp-json\/wp\/v2\/comments?post=954"}],"version-history":[{"count":0,"href":"https:\/\/tirinha.com\/tr\/wp-json\/wp\/v2\/posts\/954\/revisions"}],"wp:featuredmedia":[{"embeddable":true,"href":"https:\/\/tirinha.com\/tr\/wp-json\/wp\/v2\/media\/955"}],"wp:attachment":[{"href":"https:\/\/tirinha.com\/tr\/wp-json\/wp\/v2\/media?parent=954"}],"wp:term":[{"taxonomy":"category","embeddable":true,"href":"https:\/\/tirinha.com\/tr\/wp-json\/wp\/v2\/categories?post=954"},{"taxonomy":"post_tag","embeddable":true,"href":"https:\/\/tirinha.com\/tr\/wp-json\/wp\/v2\/tags?post=954"}],"curies":[{"name":"wp","href":"https:\/\/api.w.org\/{rel}","templated":true}]}}