{"id":883,"date":"2023-04-03T13:45:13","date_gmt":"2023-04-03T13:45:13","guid":{"rendered":"https:\/\/tirinha.com\/museu-reina-sofia-recebe-pauline-boundry-e-renate-lorenz\/"},"modified":"2023-04-03T13:45:13","modified_gmt":"2023-04-03T13:45:13","slug":"reina-sofia-muzesi-pauline-boundry-ve-renate-lorenzi-agirlamaktan-mutluluk-duyar","status":"publish","type":"post","link":"https:\/\/tirinha.com\/tr\/883\/museu-reina-sofia-recebe-pauline-boundry-e-renate-lorenz\/","title":{"rendered":"Reina Sofia M\u00fczesi, Pauline Boundry ve Renate Lorenz&#039;i a\u011f\u0131rl\u0131yor"},"content":{"rendered":"<p><\/p>\n<p>&#13;<\/p>\n<h2 itemprop=\"alternativeHeadline\">7 Ekim&#039;den 9 Nisan&#039;a kadar Pal\u00e1cio de Cristal&#039;de bu iki yazar\u0131n eserlerini g\u00f6rebilirsiniz.<\/h2>\n<p>&#13;\n                <\/p>\n<div itemprop=\"articleBody\">\n<p>Museo Reina Sofia, 7 Ekim - 9 Nisan tarihleri aras\u0131nda Pal\u00e1cio de Cristal&#039;de sanat\u00e7\u0131lar Pauline Boudry ve Renate Lorenz&#039;in ge\u00e7mi\u015fe, \u015feffafl\u0131\u011fa, binan\u0131n \u00f6zelliklerine ve \u00e7a\u011fda\u015f \u015fiddete de\u011finen bir sergi projesi d\u00fczenliyor.<\/p>\n<\/p>\n<p>Pauline Boudry (Lozan, \u0130svi\u00e7re, 1972) ve Renate Lorenz (Berlin, Almanya, 1963) 2006&#039;dan bu yana birlikte \u00e7al\u0131\u015fan iki yazard\u0131r. Ele\u015ftirel tarihi, imgeyi ve ge\u00e7mi\u015fi analiz etmek i\u00e7in g\u00fcncel ve ge\u00e7mi\u015f materyalleri g\u00f6zden ge\u00e7iren filmsel enstalasyonlar \u00fcretmeleriyle \u00f6ne \u00e7\u0131k\u0131yorlar. hareket foto\u011fraf\u00e7\u0131l\u0131\u011f\u0131. Ayr\u0131ca son y\u0131llarda dikkatlerini k\u00fclt\u00fcrel miras, cinsiyet s\u00f6ylemleri ve queer teori gibi g\u00fcn\u00fcm\u00fcz\u00fcn olduk\u00e7a moda olan konular\u0131na yo\u011funla\u015ft\u0131rd\u0131lar.<\/p>\n<div id=\"ctl00_ctl00_cph1_cph1_ctrlBlogPost_sumario\" style=\"background-color:#c11d4d;\" class=\"sumarioCentral\">\n<p>Eserleri geleneksel anlat\u0131lar\u0131n normatifli\u011fini ve izleyiciyle ili\u015fkilendirilen gelenekleri sorguluyor.<\/p>\n<\/p><\/div>\n<div id=\"ctl00_ctl00_cph1_cph1_ctrlBlogPost_body2\">\n<p>\u00c7al\u0131\u015fmalar\u0131, geleneksel anlat\u0131lar\u0131n normatifli\u011fini ve izleyiciyle ili\u015fkilendirilen gelenekleri sorguluyor ve bunlar\u0131 daha sonra yeniden hayal etmek i\u00e7in yeni senaryolar \u00fcretiyor. Bunu yapmak i\u00e7in filmden dansa, enstalasyondan heykel ve performansa kadar her t\u00fcrl\u00fc sanatsal tarz\u0131 kullan\u0131yorlar.<\/p>\n<\/p>\n<p>Eserleri Z\u00fcrih&#039;teki Kunsthalle (\u0130svi\u00e7re), Viyana&#039;daki Kunsthalle (Avusturya), Eindhoven&#039;daki Van Abbemuseum (Hollanda) veya Houston&#039;daki \u00c7a\u011fda\u015f Sanatlar M\u00fczesi (Amerika Birle\u015fik Devletleri) gibi sanat galerilerinde g\u00f6r\u00fcld\u00fc. Ayr\u0131ca 2019 y\u0131l\u0131nda 58. Venedik Bienali&#039;nde \u0130svi\u00e7re&#039;yi, \u015fu anda CA2M M\u00fczesi&#039;nde kad\u0131n sanat\u00e7\u0131lara adanan Bir Hareketin Portresi sergisi kapsam\u0131nda g\u00f6r\u00fclebilen Geriye Do\u011fru adl\u0131 enstalasyonla temsil etmi\u015fti.<\/p>\n<\/p><\/div>\n<\/p><\/div>","protected":false},"excerpt":{"rendered":"<p>7 Ekim&#039;den 9 Nisan&#039;a kadar Pal\u00e1cio de Cristal&#039;de bu iki sanat\u00e7\u0131n\u0131n eserlerini g\u00f6rebilirsiniz\u2026 <\/p>","protected":false},"author":1,"featured_media":0,"comment_status":"open","ping_status":"open","sticky":false,"template":"","format":"standard","meta":{"fifu_image_url":"","fifu_image_alt":"","footnotes":""},"categories":[35],"tags":[],"class_list":["post-883","post","type-post","status-publish","format-standard","hentry","category-cultura-e-lazer","latest_post"],"yoast_head":"<!-- This site is optimized with the Yoast SEO plugin v27.3 - https:\/\/yoast.com\/product\/yoast-seo-wordpress\/ -->\n<title>Museu Reina Sof\u00eda recebe Pauline Boundry e Renate Lorenz - Tirinha.com<\/title>\n<meta name=\"robots\" content=\"index, follow, max-snippet:-1, max-image-preview:large, max-video-preview:-1\" \/>\n<link rel=\"canonical\" href=\"https:\/\/tirinha.com\/tr\/883\/reina-sofia-muzesi-pauline-boundry-ve-renate-lorenzi-agirlamaktan-mutluluk-duyar\/\" \/>\n<meta property=\"og:locale\" content=\"tr_TR\" \/>\n<meta property=\"og:type\" content=\"article\" \/>\n<meta property=\"og:title\" content=\"Museu Reina Sof\u00eda recebe Pauline Boundry e Renate Lorenz - Tirinha.com\" \/>\n<meta property=\"og:description\" content=\"&#013; No Pal\u00e1cio de Cristal, de 7 de outubro a 9 de abril, voc\u00ea pode ver as obras desses dois &hellip;\" \/>\n<meta property=\"og:url\" content=\"https:\/\/tirinha.com\/tr\/883\/reina-sofia-muzesi-pauline-boundry-ve-renate-lorenzi-agirlamaktan-mutluluk-duyar\/\" \/>\n<meta property=\"og:site_name\" content=\"Tirinha.com\" \/>\n<meta property=\"article:published_time\" content=\"2023-04-03T13:45:13+00:00\" \/>\n<meta name=\"author\" content=\"admin\" \/>\n<meta name=\"twitter:card\" content=\"summary_large_image\" \/>\n<meta name=\"twitter:label1\" content=\"Yazan:\" \/>\n\t<meta name=\"twitter:data1\" content=\"admin\" \/>\n\t<meta name=\"twitter:label2\" content=\"Tahmini okuma s\u00fcresi\" \/>\n\t<meta name=\"twitter:data2\" content=\"1 dakika\" \/>\n<script type=\"application\/ld+json\" class=\"yoast-schema-graph\">{\"@context\":\"https:\\\/\\\/schema.org\",\"@graph\":[{\"@type\":\"Article\",\"@id\":\"https:\\\/\\\/tirinha.com\\\/883\\\/museu-reina-sofia-recebe-pauline-boundry-e-renate-lorenz\\\/#article\",\"isPartOf\":{\"@id\":\"https:\\\/\\\/tirinha.com\\\/883\\\/museu-reina-sofia-recebe-pauline-boundry-e-renate-lorenz\\\/\"},\"author\":{\"name\":\"admin\",\"@id\":\"https:\\\/\\\/tirinha.com\\\/#\\\/schema\\\/person\\\/e22bdfbe17e0461f7e927e6a1208d4d9\"},\"headline\":\"Museu Reina Sof\u00eda recebe Pauline Boundry e Renate Lorenz\",\"datePublished\":\"2023-04-03T13:45:13+00:00\",\"mainEntityOfPage\":{\"@id\":\"https:\\\/\\\/tirinha.com\\\/883\\\/museu-reina-sofia-recebe-pauline-boundry-e-renate-lorenz\\\/\"},\"wordCount\":298,\"commentCount\":0,\"publisher\":{\"@id\":\"https:\\\/\\\/tirinha.com\\\/#organization\"},\"articleSection\":[\"Cultura e lazer\"],\"inLanguage\":\"tr\",\"potentialAction\":[{\"@type\":\"CommentAction\",\"name\":\"Comment\",\"target\":[\"https:\\\/\\\/tirinha.com\\\/883\\\/museu-reina-sofia-recebe-pauline-boundry-e-renate-lorenz\\\/#respond\"]}]},{\"@type\":\"WebPage\",\"@id\":\"https:\\\/\\\/tirinha.com\\\/883\\\/museu-reina-sofia-recebe-pauline-boundry-e-renate-lorenz\\\/\",\"url\":\"https:\\\/\\\/tirinha.com\\\/883\\\/museu-reina-sofia-recebe-pauline-boundry-e-renate-lorenz\\\/\",\"name\":\"Museu Reina Sof\u00eda recebe Pauline Boundry e Renate Lorenz - Tirinha.com\",\"isPartOf\":{\"@id\":\"https:\\\/\\\/tirinha.com\\\/#website\"},\"datePublished\":\"2023-04-03T13:45:13+00:00\",\"breadcrumb\":{\"@id\":\"https:\\\/\\\/tirinha.com\\\/883\\\/museu-reina-sofia-recebe-pauline-boundry-e-renate-lorenz\\\/#breadcrumb\"},\"inLanguage\":\"tr\",\"potentialAction\":[{\"@type\":\"ReadAction\",\"target\":[\"https:\\\/\\\/tirinha.com\\\/883\\\/museu-reina-sofia-recebe-pauline-boundry-e-renate-lorenz\\\/\"]}]},{\"@type\":\"BreadcrumbList\",\"@id\":\"https:\\\/\\\/tirinha.com\\\/883\\\/museu-reina-sofia-recebe-pauline-boundry-e-renate-lorenz\\\/#breadcrumb\",\"itemListElement\":[{\"@type\":\"ListItem\",\"position\":1,\"name\":\"Home\",\"item\":\"https:\\\/\\\/tirinha.com\\\/\"},{\"@type\":\"ListItem\",\"position\":2,\"name\":\"Museu Reina Sof\u00eda recebe Pauline Boundry e Renate Lorenz\"}]},{\"@type\":\"WebSite\",\"@id\":\"https:\\\/\\\/tirinha.com\\\/#website\",\"url\":\"https:\\\/\\\/tirinha.com\\\/\",\"name\":\"Tirinha.com\",\"description\":\"Arte e livros resenhas\",\"publisher\":{\"@id\":\"https:\\\/\\\/tirinha.com\\\/#organization\"},\"potentialAction\":[{\"@type\":\"SearchAction\",\"target\":{\"@type\":\"EntryPoint\",\"urlTemplate\":\"https:\\\/\\\/tirinha.com\\\/?s={search_term_string}\"},\"query-input\":{\"@type\":\"PropertyValueSpecification\",\"valueRequired\":true,\"valueName\":\"search_term_string\"}}],\"inLanguage\":\"tr\"},{\"@type\":\"Organization\",\"@id\":\"https:\\\/\\\/tirinha.com\\\/#organization\",\"name\":\"Tirinha.com\",\"url\":\"https:\\\/\\\/tirinha.com\\\/\",\"logo\":{\"@type\":\"ImageObject\",\"inLanguage\":\"tr\",\"@id\":\"https:\\\/\\\/tirinha.com\\\/#\\\/schema\\\/logo\\\/image\\\/\",\"url\":\"https:\\\/\\\/tirinha.com\\\/wp-content\\\/uploads\\\/2023\\\/08\\\/cropped-Logo-Tirinha.webp\",\"contentUrl\":\"https:\\\/\\\/tirinha.com\\\/wp-content\\\/uploads\\\/2023\\\/08\\\/cropped-Logo-Tirinha.webp\",\"width\":512,\"height\":512,\"caption\":\"Tirinha.com\"},\"image\":{\"@id\":\"https:\\\/\\\/tirinha.com\\\/#\\\/schema\\\/logo\\\/image\\\/\"}},{\"@type\":\"Person\",\"@id\":\"https:\\\/\\\/tirinha.com\\\/#\\\/schema\\\/person\\\/e22bdfbe17e0461f7e927e6a1208d4d9\",\"name\":\"admin\",\"image\":{\"@type\":\"ImageObject\",\"inLanguage\":\"tr\",\"@id\":\"https:\\\/\\\/tirinha.com\\\/wp-content\\\/litespeed\\\/avatar\\\/d0068f7931cc87d7274eb0c3db1deb4b.jpg?ver=1777434315\",\"url\":\"https:\\\/\\\/tirinha.com\\\/wp-content\\\/litespeed\\\/avatar\\\/d0068f7931cc87d7274eb0c3db1deb4b.jpg?ver=1777434315\",\"contentUrl\":\"https:\\\/\\\/tirinha.com\\\/wp-content\\\/litespeed\\\/avatar\\\/d0068f7931cc87d7274eb0c3db1deb4b.jpg?ver=1777434315\",\"caption\":\"admin\"},\"sameAs\":[\"https:\\\/\\\/tirinha.com\"],\"url\":\"https:\\\/\\\/tirinha.com\\\/tr\\\/author\\\/admin\\\/\"}]}<\/script>\n<!-- \/ Yoast SEO plugin. -->","yoast_head_json":{"title":"Reina Sofia M\u00fczesi Pauline Boundry ve Renate Lorenz&#039;i a\u011f\u0131rlad\u0131 - Tirinha.com","robots":{"index":"index","follow":"follow","max-snippet":"max-snippet:-1","max-image-preview":"max-image-preview:large","max-video-preview":"max-video-preview:-1"},"canonical":"https:\/\/tirinha.com\/tr\/883\/reina-sofia-muzesi-pauline-boundry-ve-renate-lorenzi-agirlamaktan-mutluluk-duyar\/","og_locale":"tr_TR","og_type":"article","og_title":"Museu Reina Sof\u00eda recebe Pauline Boundry e Renate Lorenz - Tirinha.com","og_description":"&#13; No Pal\u00e1cio de Cristal, de 7 de outubro a 9 de abril, voc\u00ea pode ver as obras desses dois &hellip;","og_url":"https:\/\/tirinha.com\/tr\/883\/reina-sofia-muzesi-pauline-boundry-ve-renate-lorenzi-agirlamaktan-mutluluk-duyar\/","og_site_name":"Tirinha.com","article_published_time":"2023-04-03T13:45:13+00:00","author":"admin","twitter_card":"summary_large_image","twitter_misc":{"Yazan:":"admin","Tahmini okuma s\u00fcresi":"1 dakika"},"schema":{"@context":"https:\/\/schema.org","@graph":[{"@type":"Article","@id":"https:\/\/tirinha.com\/883\/museu-reina-sofia-recebe-pauline-boundry-e-renate-lorenz\/#article","isPartOf":{"@id":"https:\/\/tirinha.com\/883\/museu-reina-sofia-recebe-pauline-boundry-e-renate-lorenz\/"},"author":{"name":"admin","@id":"https:\/\/tirinha.com\/#\/schema\/person\/e22bdfbe17e0461f7e927e6a1208d4d9"},"headline":"Museu Reina Sof\u00eda recebe Pauline Boundry e Renate Lorenz","datePublished":"2023-04-03T13:45:13+00:00","mainEntityOfPage":{"@id":"https:\/\/tirinha.com\/883\/museu-reina-sofia-recebe-pauline-boundry-e-renate-lorenz\/"},"wordCount":298,"commentCount":0,"publisher":{"@id":"https:\/\/tirinha.com\/#organization"},"articleSection":["Cultura e lazer"],"inLanguage":"tr","potentialAction":[{"@type":"CommentAction","name":"Comment","target":["https:\/\/tirinha.com\/883\/museu-reina-sofia-recebe-pauline-boundry-e-renate-lorenz\/#respond"]}]},{"@type":"WebPage","@id":"https:\/\/tirinha.com\/883\/museu-reina-sofia-recebe-pauline-boundry-e-renate-lorenz\/","url":"https:\/\/tirinha.com\/883\/museu-reina-sofia-recebe-pauline-boundry-e-renate-lorenz\/","name":"Reina Sofia M\u00fczesi Pauline Boundry ve Renate Lorenz&#039;i a\u011f\u0131rlad\u0131 - Tirinha.com","isPartOf":{"@id":"https:\/\/tirinha.com\/#website"},"datePublished":"2023-04-03T13:45:13+00:00","breadcrumb":{"@id":"https:\/\/tirinha.com\/883\/museu-reina-sofia-recebe-pauline-boundry-e-renate-lorenz\/#breadcrumb"},"inLanguage":"tr","potentialAction":[{"@type":"ReadAction","target":["https:\/\/tirinha.com\/883\/museu-reina-sofia-recebe-pauline-boundry-e-renate-lorenz\/"]}]},{"@type":"BreadcrumbList","@id":"https:\/\/tirinha.com\/883\/museu-reina-sofia-recebe-pauline-boundry-e-renate-lorenz\/#breadcrumb","itemListElement":[{"@type":"ListItem","position":1,"name":"Home","item":"https:\/\/tirinha.com\/"},{"@type":"ListItem","position":2,"name":"Museu Reina Sof\u00eda recebe Pauline Boundry e Renate Lorenz"}]},{"@type":"WebSite","@id":"https:\/\/tirinha.com\/#website","url":"https:\/\/tirinha.com\/","name":"\u00e7izgi roman.com","description":"Sanat ve kitap ele\u015ftirileri","publisher":{"@id":"https:\/\/tirinha.com\/#organization"},"potentialAction":[{"@type":"SearchAction","target":{"@type":"EntryPoint","urlTemplate":"https:\/\/tirinha.com\/?s={search_term_string}"},"query-input":{"@type":"PropertyValueSpecification","valueRequired":true,"valueName":"search_term_string"}}],"inLanguage":"tr"},{"@type":"Organization","@id":"https:\/\/tirinha.com\/#organization","name":"\u00e7izgi roman.com","url":"https:\/\/tirinha.com\/","logo":{"@type":"ImageObject","inLanguage":"tr","@id":"https:\/\/tirinha.com\/#\/schema\/logo\/image\/","url":"https:\/\/tirinha.com\/wp-content\/uploads\/2023\/08\/cropped-Logo-Tirinha.webp","contentUrl":"https:\/\/tirinha.com\/wp-content\/uploads\/2023\/08\/cropped-Logo-Tirinha.webp","width":512,"height":512,"caption":"Tirinha.com"},"image":{"@id":"https:\/\/tirinha.com\/#\/schema\/logo\/image\/"}},{"@type":"Person","@id":"https:\/\/tirinha.com\/#\/schema\/person\/e22bdfbe17e0461f7e927e6a1208d4d9","name":"y\u00f6netici","image":{"@type":"ImageObject","inLanguage":"tr","@id":"https:\/\/tirinha.com\/wp-content\/litespeed\/avatar\/d0068f7931cc87d7274eb0c3db1deb4b.jpg?ver=1777434315","url":"https:\/\/tirinha.com\/wp-content\/litespeed\/avatar\/d0068f7931cc87d7274eb0c3db1deb4b.jpg?ver=1777434315","contentUrl":"https:\/\/tirinha.com\/wp-content\/litespeed\/avatar\/d0068f7931cc87d7274eb0c3db1deb4b.jpg?ver=1777434315","caption":"admin"},"sameAs":["https:\/\/tirinha.com"],"url":"https:\/\/tirinha.com\/tr\/author\/admin\/"}]}},"_links":{"self":[{"href":"https:\/\/tirinha.com\/tr\/wp-json\/wp\/v2\/posts\/883","targetHints":{"allow":["GET"]}}],"collection":[{"href":"https:\/\/tirinha.com\/tr\/wp-json\/wp\/v2\/posts"}],"about":[{"href":"https:\/\/tirinha.com\/tr\/wp-json\/wp\/v2\/types\/post"}],"author":[{"embeddable":true,"href":"https:\/\/tirinha.com\/tr\/wp-json\/wp\/v2\/users\/1"}],"replies":[{"embeddable":true,"href":"https:\/\/tirinha.com\/tr\/wp-json\/wp\/v2\/comments?post=883"}],"version-history":[{"count":0,"href":"https:\/\/tirinha.com\/tr\/wp-json\/wp\/v2\/posts\/883\/revisions"}],"wp:attachment":[{"href":"https:\/\/tirinha.com\/tr\/wp-json\/wp\/v2\/media?parent=883"}],"wp:term":[{"taxonomy":"category","embeddable":true,"href":"https:\/\/tirinha.com\/tr\/wp-json\/wp\/v2\/categories?post=883"},{"taxonomy":"post_tag","embeddable":true,"href":"https:\/\/tirinha.com\/tr\/wp-json\/wp\/v2\/tags?post=883"}],"curies":[{"name":"wp","href":"https:\/\/api.w.org\/{rel}","templated":true}]}}