{"id":880,"date":"2023-04-03T13:43:43","date_gmt":"2023-04-03T13:43:43","guid":{"rendered":"https:\/\/tirinha.com\/madrid-celebra-semana-santa-entre-saetas\/"},"modified":"2023-04-03T13:43:43","modified_gmt":"2023-04-03T13:43:43","slug":"madrid-saetalar-arasinda-kutsal-haftayi-kutluyor","status":"publish","type":"post","link":"https:\/\/tirinha.com\/tr\/880\/madrid-celebra-semana-santa-entre-saetas\/","title":{"rendered":"Madrid saetalar aras\u0131ndaki Kutsal Haftay\u0131 kutluyor"},"content":{"rendered":"<p><\/p>\n<p>&#13;<\/p>\n<h2 itemprop=\"alternativeHeadline\">Organizasyon, rotay\u0131 ve ana y\u00fcr\u00fcy\u00fc\u015flerle ilgili bilgileri i\u00e7eren resimli bir harita olu\u015fturdu<\/h2>\n<p>&#13;\n                <\/p>\n<div itemprop=\"articleBody\">\n<p style=\"text-align: justify;\"><strong>K\u00fclt\u00fcr, Turizm ve Spor Daire Ba\u015fkanl\u0131\u011f\u0131&#039;n\u0131n Kutsal Hafta dolay\u0131s\u0131yla d\u00fczenledi\u011fi k\u00fclt\u00fcr program\u0131<\/strong> balkonlardan saetalar ve alaylar\u0131n e\u015flik etmesi dahildir, <strong>org konserleri<\/strong> San Gin\u00e9s mahallesindeki eylemler <strong>Belediye Senfoni Orkestras\u0131<\/strong> La Almudena katedralinde ve geleneksel <strong>davul \u00e7almak<\/strong> Plaza Mayor&#039;da.<\/p>\n<p style=\"text-align: justify;\">\n<p style=\"text-align: justify;\"><strong>Ayr\u0131ca Madrid sakinlerine ve ziyaret\u00e7ilerine rehberlik etmek i\u00e7in olu\u015fturuldu.<\/strong> bu g\u00fcnlerde \u015fehrin sokaklar\u0131nda ko\u015facak olan alaylarla, <strong>resimli bir harita<\/strong> \u015eehrin H\u00fcz\u00fcnl\u00fc Cuma ile Kutsal Cumartesi aras\u0131nda ev sahipli\u011fi yapt\u0131\u011f\u0131 ana ge\u00e7itlerin g\u00fczergah\u0131 ve bilgileri.<\/p>\n<p style=\"text-align: justify;\">\n<p style=\"text-align: justify;\"><strong>24 Mart&#039;ta d\u00f6ng\u00fc ba\u015flad\u0131\u201d<em>San Gin\u00e9s Org M\u00fczi\u011fi<\/em>\u201dve \u015fimdi son iki konserini kutluyor.<\/strong> \u0130lki Madrid&#039;deki Catedral de Santa Mar\u00eda la Real de la Almudena&#039;n\u0131n orgcusu Roberto Fresco taraf\u0131ndan verilecek ve ger\u00e7ekle\u015fecek. <strong>Bug\u00fcn.<\/strong> Bu arada o<strong> 3 Nisan<\/strong> S\u0131ra Freiburg&#039;daki Johanneskirche ve Almanya&#039;daki St. Blasien Manast\u0131r\u0131&#039;n\u0131n orgcusu Bernhard Marx&#039;a gelecek.<\/p>\n<div id=\"ctl00_ctl00_cph1_cph1_ctrlBlogPost_sumario\" style=\"background-color:#c11d4d;\" class=\"sumarioCentral\">\n<p style=\"text-align: center;\">B\u00fcy\u00fck flamenko \u015fark\u0131c\u0131lar\u0131 baz\u0131 ge\u00e7it t\u00f6renleri ge\u00e7erken saetalar s\u00f6yleyecek<\/p>\n<\/p><\/div>\n<div id=\"ctl00_ctl00_cph1_cph1_ctrlBlogPost_body2\">\n<p style=\"text-align: justify;\"><strong>Belediye Senfoni Orkestras\u0131<\/strong>\u015fef Jan Cober&#039;in y\u00f6netti\u011fi yeni bir konserden sorumlu olacak,<strong> Bug\u00fcn, 30 Mart Per\u015fembe, saat 20.00&#039;de.<\/strong>, Santa Mar\u00eda la Real de la Almudena Katedrali&#039;nde. M\u00fczik grubu Mozart&#039;\u0131n Requiem Mass&#039;\u0131n\u0131 seslendirecek.<\/p>\n<p style=\"text-align: justify;\">\n<p style=\"text-align: justify;\">En heyecanl\u0131 anlardan bir di\u011feri ise b\u00fcy\u00fcklerin m\u00fcdahalesiyle ya\u015fanacak. <strong>Baz\u0131 alaylar ge\u00e7erken saetalar s\u00f6yleyecek flamenko \u015fark\u0131c\u0131lar\u0131<\/strong> ba\u015fkentin en \u00fcnl\u00fcs\u00fc. Bunlardan ilki Kiki Morente olacak. <strong>Hay\u0131rl\u0131 cumalar<\/strong> 7 Nisan saat 20.30&#039;da Jes\u00fas de Medinaceli&#039;nin ge\u00e7it t\u00f6reninde. Ertesi g\u00fcn, <strong>kutsal Cumartesi<\/strong> <strong>8 Nisan saat 18.00&#039;de.<\/strong> Soledad alay\u0131nda s\u0131ra Lela Soto \u201cSordera\u201dya gelecek. Ayn\u0131 g\u00fcn, saat <strong>19:00.<\/strong>Plaza Mayor \u201c<strong><em>Balkonlardan oklar<\/em><\/strong>\u201c&quot;.<\/p>\n<p style=\"text-align: justify;\">\n<p style=\"text-align: justify;\">Son olarak geleneksel \u201c<strong><em>davul \u00e7almak<\/em><\/strong>&quot; de <strong>ana meydan<\/strong>. 9 Nisan Pazar g\u00fcn\u00fc saat 13.00&#039;te La Real, \u0130sa Nazareno&#039;nun K\u00f6leli\u011finin \u00c7ok \u015eanl\u0131 ve Kadim Karde\u015fli\u011fi ve Zaragozal\u0131 Aziz Magdalene&#039;nin D\u00f6n\u00fc\u015f\u00fcm\u00fc&#039;n\u00fcn Dirili\u015fi&#039;nde ger\u00e7ekle\u015fecek.<\/p>\n<p style=\"text-align: justify;\">\n<\/p><\/div>\n<\/p><\/div>","protected":false},"excerpt":{"rendered":"<p>Organizasyon, rotay\u0131 ve ana y\u00fcr\u00fcy\u00fc\u015flerle ilgili bilgileri i\u00e7eren resimli bir harita olu\u015fturdu. K\u00fclt\u00fcr program\u0131\u2026 <\/p>","protected":false},"author":1,"featured_media":0,"comment_status":"open","ping_status":"open","sticky":false,"template":"","format":"standard","meta":{"fifu_image_url":"","fifu_image_alt":"","footnotes":""},"categories":[35],"tags":[],"class_list":["post-880","post","type-post","status-publish","format-standard","hentry","category-cultura-e-lazer","latest_post"],"yoast_head":"<!-- This site is optimized with the Yoast SEO plugin v27.3 - https:\/\/yoast.com\/product\/yoast-seo-wordpress\/ -->\n<title>Madrid celebra Semana Santa entre saetas - Tirinha.com<\/title>\n<meta name=\"robots\" content=\"index, follow, max-snippet:-1, max-image-preview:large, max-video-preview:-1\" \/>\n<link rel=\"canonical\" href=\"https:\/\/tirinha.com\/tr\/880\/madrid-saetalar-arasinda-kutsal-haftayi-kutluyor\/\" \/>\n<meta property=\"og:locale\" content=\"tr_TR\" \/>\n<meta property=\"og:type\" content=\"article\" \/>\n<meta property=\"og:title\" content=\"Madrid celebra Semana Santa entre saetas - Tirinha.com\" \/>\n<meta property=\"og:description\" content=\"&#013; A organiza\u00e7\u00e3o criou um mapa ilustrado com o percurso e informa\u00e7\u00e3o sobre os principais cortejos &#013; O programa cultural &hellip;\" \/>\n<meta property=\"og:url\" content=\"https:\/\/tirinha.com\/tr\/880\/madrid-saetalar-arasinda-kutsal-haftayi-kutluyor\/\" \/>\n<meta property=\"og:site_name\" content=\"Tirinha.com\" \/>\n<meta property=\"article:published_time\" content=\"2023-04-03T13:43:43+00:00\" \/>\n<meta name=\"author\" content=\"admin\" \/>\n<meta name=\"twitter:card\" content=\"summary_large_image\" \/>\n<meta name=\"twitter:label1\" content=\"Yazan:\" \/>\n\t<meta name=\"twitter:data1\" content=\"admin\" \/>\n\t<meta name=\"twitter:label2\" content=\"Tahmini okuma s\u00fcresi\" \/>\n\t<meta name=\"twitter:data2\" content=\"2 dakika\" \/>\n<script type=\"application\/ld+json\" class=\"yoast-schema-graph\">{\"@context\":\"https:\\\/\\\/schema.org\",\"@graph\":[{\"@type\":\"Article\",\"@id\":\"https:\\\/\\\/tirinha.com\\\/880\\\/madrid-celebra-semana-santa-entre-saetas\\\/#article\",\"isPartOf\":{\"@id\":\"https:\\\/\\\/tirinha.com\\\/880\\\/madrid-celebra-semana-santa-entre-saetas\\\/\"},\"author\":{\"name\":\"admin\",\"@id\":\"https:\\\/\\\/tirinha.com\\\/#\\\/schema\\\/person\\\/e22bdfbe17e0461f7e927e6a1208d4d9\"},\"headline\":\"Madrid celebra Semana Santa entre saetas\",\"datePublished\":\"2023-04-03T13:43:43+00:00\",\"mainEntityOfPage\":{\"@id\":\"https:\\\/\\\/tirinha.com\\\/880\\\/madrid-celebra-semana-santa-entre-saetas\\\/\"},\"wordCount\":390,\"commentCount\":0,\"publisher\":{\"@id\":\"https:\\\/\\\/tirinha.com\\\/#organization\"},\"articleSection\":[\"Cultura e lazer\"],\"inLanguage\":\"tr\",\"potentialAction\":[{\"@type\":\"CommentAction\",\"name\":\"Comment\",\"target\":[\"https:\\\/\\\/tirinha.com\\\/880\\\/madrid-celebra-semana-santa-entre-saetas\\\/#respond\"]}]},{\"@type\":\"WebPage\",\"@id\":\"https:\\\/\\\/tirinha.com\\\/880\\\/madrid-celebra-semana-santa-entre-saetas\\\/\",\"url\":\"https:\\\/\\\/tirinha.com\\\/880\\\/madrid-celebra-semana-santa-entre-saetas\\\/\",\"name\":\"Madrid celebra Semana Santa entre saetas - Tirinha.com\",\"isPartOf\":{\"@id\":\"https:\\\/\\\/tirinha.com\\\/#website\"},\"datePublished\":\"2023-04-03T13:43:43+00:00\",\"breadcrumb\":{\"@id\":\"https:\\\/\\\/tirinha.com\\\/880\\\/madrid-celebra-semana-santa-entre-saetas\\\/#breadcrumb\"},\"inLanguage\":\"tr\",\"potentialAction\":[{\"@type\":\"ReadAction\",\"target\":[\"https:\\\/\\\/tirinha.com\\\/880\\\/madrid-celebra-semana-santa-entre-saetas\\\/\"]}]},{\"@type\":\"BreadcrumbList\",\"@id\":\"https:\\\/\\\/tirinha.com\\\/880\\\/madrid-celebra-semana-santa-entre-saetas\\\/#breadcrumb\",\"itemListElement\":[{\"@type\":\"ListItem\",\"position\":1,\"name\":\"Home\",\"item\":\"https:\\\/\\\/tirinha.com\\\/\"},{\"@type\":\"ListItem\",\"position\":2,\"name\":\"Madrid celebra Semana Santa entre saetas\"}]},{\"@type\":\"WebSite\",\"@id\":\"https:\\\/\\\/tirinha.com\\\/#website\",\"url\":\"https:\\\/\\\/tirinha.com\\\/\",\"name\":\"Tirinha.com\",\"description\":\"Arte e livros resenhas\",\"publisher\":{\"@id\":\"https:\\\/\\\/tirinha.com\\\/#organization\"},\"potentialAction\":[{\"@type\":\"SearchAction\",\"target\":{\"@type\":\"EntryPoint\",\"urlTemplate\":\"https:\\\/\\\/tirinha.com\\\/?s={search_term_string}\"},\"query-input\":{\"@type\":\"PropertyValueSpecification\",\"valueRequired\":true,\"valueName\":\"search_term_string\"}}],\"inLanguage\":\"tr\"},{\"@type\":\"Organization\",\"@id\":\"https:\\\/\\\/tirinha.com\\\/#organization\",\"name\":\"Tirinha.com\",\"url\":\"https:\\\/\\\/tirinha.com\\\/\",\"logo\":{\"@type\":\"ImageObject\",\"inLanguage\":\"tr\",\"@id\":\"https:\\\/\\\/tirinha.com\\\/#\\\/schema\\\/logo\\\/image\\\/\",\"url\":\"https:\\\/\\\/tirinha.com\\\/wp-content\\\/uploads\\\/2023\\\/08\\\/cropped-Logo-Tirinha.webp\",\"contentUrl\":\"https:\\\/\\\/tirinha.com\\\/wp-content\\\/uploads\\\/2023\\\/08\\\/cropped-Logo-Tirinha.webp\",\"width\":512,\"height\":512,\"caption\":\"Tirinha.com\"},\"image\":{\"@id\":\"https:\\\/\\\/tirinha.com\\\/#\\\/schema\\\/logo\\\/image\\\/\"}},{\"@type\":\"Person\",\"@id\":\"https:\\\/\\\/tirinha.com\\\/#\\\/schema\\\/person\\\/e22bdfbe17e0461f7e927e6a1208d4d9\",\"name\":\"admin\",\"image\":{\"@type\":\"ImageObject\",\"inLanguage\":\"tr\",\"@id\":\"https:\\\/\\\/tirinha.com\\\/wp-content\\\/litespeed\\\/avatar\\\/d0068f7931cc87d7274eb0c3db1deb4b.jpg?ver=1776829466\",\"url\":\"https:\\\/\\\/tirinha.com\\\/wp-content\\\/litespeed\\\/avatar\\\/d0068f7931cc87d7274eb0c3db1deb4b.jpg?ver=1776829466\",\"contentUrl\":\"https:\\\/\\\/tirinha.com\\\/wp-content\\\/litespeed\\\/avatar\\\/d0068f7931cc87d7274eb0c3db1deb4b.jpg?ver=1776829466\",\"caption\":\"admin\"},\"sameAs\":[\"https:\\\/\\\/tirinha.com\"],\"url\":\"https:\\\/\\\/tirinha.com\\\/tr\\\/author\\\/admin\\\/\"}]}<\/script>\n<!-- \/ Yoast SEO plugin. -->","yoast_head_json":{"title":"Madrid, saetalar aras\u0131nda Kutsal Haftay\u0131 kutluyor - Tirinha.com","robots":{"index":"index","follow":"follow","max-snippet":"max-snippet:-1","max-image-preview":"max-image-preview:large","max-video-preview":"max-video-preview:-1"},"canonical":"https:\/\/tirinha.com\/tr\/880\/madrid-saetalar-arasinda-kutsal-haftayi-kutluyor\/","og_locale":"tr_TR","og_type":"article","og_title":"Madrid celebra Semana Santa entre saetas - Tirinha.com","og_description":"&#13; A organiza\u00e7\u00e3o criou um mapa ilustrado com o percurso e informa\u00e7\u00e3o sobre os principais cortejos &#13; O programa cultural &hellip;","og_url":"https:\/\/tirinha.com\/tr\/880\/madrid-saetalar-arasinda-kutsal-haftayi-kutluyor\/","og_site_name":"Tirinha.com","article_published_time":"2023-04-03T13:43:43+00:00","author":"admin","twitter_card":"summary_large_image","twitter_misc":{"Yazan:":"admin","Tahmini okuma s\u00fcresi":"2 dakika"},"schema":{"@context":"https:\/\/schema.org","@graph":[{"@type":"Article","@id":"https:\/\/tirinha.com\/880\/madrid-celebra-semana-santa-entre-saetas\/#article","isPartOf":{"@id":"https:\/\/tirinha.com\/880\/madrid-celebra-semana-santa-entre-saetas\/"},"author":{"name":"admin","@id":"https:\/\/tirinha.com\/#\/schema\/person\/e22bdfbe17e0461f7e927e6a1208d4d9"},"headline":"Madrid celebra Semana Santa entre saetas","datePublished":"2023-04-03T13:43:43+00:00","mainEntityOfPage":{"@id":"https:\/\/tirinha.com\/880\/madrid-celebra-semana-santa-entre-saetas\/"},"wordCount":390,"commentCount":0,"publisher":{"@id":"https:\/\/tirinha.com\/#organization"},"articleSection":["Cultura e lazer"],"inLanguage":"tr","potentialAction":[{"@type":"CommentAction","name":"Comment","target":["https:\/\/tirinha.com\/880\/madrid-celebra-semana-santa-entre-saetas\/#respond"]}]},{"@type":"WebPage","@id":"https:\/\/tirinha.com\/880\/madrid-celebra-semana-santa-entre-saetas\/","url":"https:\/\/tirinha.com\/880\/madrid-celebra-semana-santa-entre-saetas\/","name":"Madrid, saetalar aras\u0131nda Kutsal Haftay\u0131 kutluyor - Tirinha.com","isPartOf":{"@id":"https:\/\/tirinha.com\/#website"},"datePublished":"2023-04-03T13:43:43+00:00","breadcrumb":{"@id":"https:\/\/tirinha.com\/880\/madrid-celebra-semana-santa-entre-saetas\/#breadcrumb"},"inLanguage":"tr","potentialAction":[{"@type":"ReadAction","target":["https:\/\/tirinha.com\/880\/madrid-celebra-semana-santa-entre-saetas\/"]}]},{"@type":"BreadcrumbList","@id":"https:\/\/tirinha.com\/880\/madrid-celebra-semana-santa-entre-saetas\/#breadcrumb","itemListElement":[{"@type":"ListItem","position":1,"name":"Home","item":"https:\/\/tirinha.com\/"},{"@type":"ListItem","position":2,"name":"Madrid celebra Semana Santa entre saetas"}]},{"@type":"WebSite","@id":"https:\/\/tirinha.com\/#website","url":"https:\/\/tirinha.com\/","name":"\u00e7izgi roman.com","description":"Sanat ve kitap ele\u015ftirileri","publisher":{"@id":"https:\/\/tirinha.com\/#organization"},"potentialAction":[{"@type":"SearchAction","target":{"@type":"EntryPoint","urlTemplate":"https:\/\/tirinha.com\/?s={search_term_string}"},"query-input":{"@type":"PropertyValueSpecification","valueRequired":true,"valueName":"search_term_string"}}],"inLanguage":"tr"},{"@type":"Organization","@id":"https:\/\/tirinha.com\/#organization","name":"\u00e7izgi roman.com","url":"https:\/\/tirinha.com\/","logo":{"@type":"ImageObject","inLanguage":"tr","@id":"https:\/\/tirinha.com\/#\/schema\/logo\/image\/","url":"https:\/\/tirinha.com\/wp-content\/uploads\/2023\/08\/cropped-Logo-Tirinha.webp","contentUrl":"https:\/\/tirinha.com\/wp-content\/uploads\/2023\/08\/cropped-Logo-Tirinha.webp","width":512,"height":512,"caption":"Tirinha.com"},"image":{"@id":"https:\/\/tirinha.com\/#\/schema\/logo\/image\/"}},{"@type":"Person","@id":"https:\/\/tirinha.com\/#\/schema\/person\/e22bdfbe17e0461f7e927e6a1208d4d9","name":"y\u00f6netici","image":{"@type":"ImageObject","inLanguage":"tr","@id":"https:\/\/tirinha.com\/wp-content\/litespeed\/avatar\/d0068f7931cc87d7274eb0c3db1deb4b.jpg?ver=1776829466","url":"https:\/\/tirinha.com\/wp-content\/litespeed\/avatar\/d0068f7931cc87d7274eb0c3db1deb4b.jpg?ver=1776829466","contentUrl":"https:\/\/tirinha.com\/wp-content\/litespeed\/avatar\/d0068f7931cc87d7274eb0c3db1deb4b.jpg?ver=1776829466","caption":"admin"},"sameAs":["https:\/\/tirinha.com"],"url":"https:\/\/tirinha.com\/tr\/author\/admin\/"}]}},"_links":{"self":[{"href":"https:\/\/tirinha.com\/tr\/wp-json\/wp\/v2\/posts\/880","targetHints":{"allow":["GET"]}}],"collection":[{"href":"https:\/\/tirinha.com\/tr\/wp-json\/wp\/v2\/posts"}],"about":[{"href":"https:\/\/tirinha.com\/tr\/wp-json\/wp\/v2\/types\/post"}],"author":[{"embeddable":true,"href":"https:\/\/tirinha.com\/tr\/wp-json\/wp\/v2\/users\/1"}],"replies":[{"embeddable":true,"href":"https:\/\/tirinha.com\/tr\/wp-json\/wp\/v2\/comments?post=880"}],"version-history":[{"count":0,"href":"https:\/\/tirinha.com\/tr\/wp-json\/wp\/v2\/posts\/880\/revisions"}],"wp:attachment":[{"href":"https:\/\/tirinha.com\/tr\/wp-json\/wp\/v2\/media?parent=880"}],"wp:term":[{"taxonomy":"category","embeddable":true,"href":"https:\/\/tirinha.com\/tr\/wp-json\/wp\/v2\/categories?post=880"},{"taxonomy":"post_tag","embeddable":true,"href":"https:\/\/tirinha.com\/tr\/wp-json\/wp\/v2\/tags?post=880"}],"curies":[{"name":"wp","href":"https:\/\/api.w.org\/{rel}","templated":true}]}}