{"id":862,"date":"2023-04-03T13:21:14","date_gmt":"2023-04-03T13:21:14","guid":{"rendered":"https:\/\/tirinha.com\/a-berlinale-considera-aumentar-o-preco-dos-ingressos-devido-a-inflacao\/"},"modified":"2023-04-03T13:21:14","modified_gmt":"2023-04-03T13:21:14","slug":"berlinale-enflasyon-nedeniyle-bilet-fiyatlarini-artirmayi-dusunuyor","status":"publish","type":"post","link":"https:\/\/tirinha.com\/tr\/862\/a-berlinale-considera-aumentar-o-preco-dos-ingressos-devido-a-inflacao\/","title":{"rendered":"Berlinale enflasyon nedeniyle bilet fiyatlar\u0131n\u0131 art\u0131rmay\u0131 d\u00fc\u015f\u00fcn\u00fcyor"},"content":{"rendered":"<p><\/p>\n<div data-id=\"7eeb31cd\" data-element_type=\"widget\" data-widget_type=\"theme-post-content.default\">\n<div class=\"elementor-widget-container\">\n<p>&quot;Onlar\u0131 biraz daha pahal\u0131 hale getirmemiz gerekecek \u00e7\u00fcnk\u00fc \u015fu anda maliyetlerde bir art\u0131\u015fla kar\u015f\u0131 kar\u015f\u0131yay\u0131z&quot; dedi.<\/p>\n<p>\u201cHala dahili olarak ne yapabilece\u011fimizi veya yapmak istedi\u011fimizi tart\u0131yoruz. \u00c7\u00fcnk\u00fc ayn\u0131 zamanda elbette fiyatlar\u0131 \u00e7ok fazla art\u0131rarak halk\u0131 da korkutmak istemiyoruz\u201d diyen Erdo\u011fan, her hal\u00fckarda art\u0131\u015f\u0131n 5 avronun alt\u0131nda olaca\u011f\u0131n\u0131 (US$ 5,30) ekledi.<\/p>\n<p>Rissenbeek, enerji fiyatlar\u0131ndaki art\u0131\u015f\u0131n Berlinale Palast&#039;ta ve hatta sinemalarda teknoloji ve montaj gibi bir\u00e7ok hizmet sa\u011flay\u0131c\u0131n\u0131n maliyetlerini art\u0131rd\u0131\u011f\u0131n\u0131 belirtti. Bu \u015firketlerin personel ve teknoloji maliyetlerinin daha y\u00fcksek oldu\u011funu ve bunun da Berlinale&#039;ye yans\u0131t\u0131laca\u011f\u0131n\u0131 s\u00f6yledi.<\/p>\n<p>\u201cSinemalar\u0131n enerji maliyetleri daha y\u00fcksek, dolay\u0131s\u0131yla sinema kiralar\u0131 da bizim i\u00e7in daha y\u00fcksek. Tam olarak anlamad\u0131\u011f\u0131m nedenlerden dolay\u0131 b\u00fcfe fiyatlar\u0131 da iki kat\u0131na \u00e7\u0131kt\u0131,&quot; dedi Rissenbeek.<\/p>\n<p>Bir di\u011fer sorunun da etkinlik end\u00fcstrisindeki personel s\u0131k\u0131nt\u0131s\u0131 oldu\u011funu, bu nedenle i\u015f\u00e7ilerin daha y\u00fcksek \u00fccret isteyebilece\u011fini s\u00f6yledi.<\/p>\n<p>Olas\u0131 \u00e7\u00f6z\u00fcmlere gelince Rissenbeek, etkinliklerinde d\u00fczenlemeler yapaca\u011f\u0131n\u0131 ve festivalin iki yeni ana sponsoru ve ba\u015fka ortaklar\u0131 oldu\u011funu s\u00f6yledi. &quot;Fakat yeni sponsorlarla bile artan maliyetleri tek ba\u015f\u0131m\u0131za finanse edemeyiz.&quot;<\/p>\n<p>Ayr\u0131ca y\u00f6netimin K\u00fclt\u00fcrden Sorumlu Devlet Bakan\u0131 ile g\u00f6r\u00fc\u015fmelerde bulundu\u011funu da duyurdu.<\/p>\n<p>Berlinale, Cannes ve Venedik&#039;le birlikte d\u00fcnyan\u0131n en \u00f6nemli film festivallerinden biridir. Bir sonraki bask\u0131n\u0131n 16-26 \u015eubat 2023 tarihleri aras\u0131nda yap\u0131lmas\u0131 planlan\u0131yor.<\/p>\n<\/div>\n<\/div>","protected":false},"excerpt":{"rendered":"<p>&quot;Onlar\u0131 biraz daha pahal\u0131 hale getirmemiz gerekecek \u00e7\u00fcnk\u00fc \u015fu anda maliyetlerde bir art\u0131\u015fla kar\u015f\u0131 kar\u015f\u0131yay\u0131z&quot; dedi. \u201cHala kendi i\u00e7imizde tart\u0131yoruz\u2026 <\/p>","protected":false},"author":1,"featured_media":863,"comment_status":"open","ping_status":"open","sticky":false,"template":"","format":"standard","meta":{"fifu_image_url":"https:\/\/www.elboletin.com\/wp-content\/uploads\/2020\/08\/www.elboletin.com_fotos_1_138365_berlinale.jpg","fifu_image_alt":"","footnotes":""},"categories":[35],"tags":[],"class_list":["post-862","post","type-post","status-publish","format-standard","has-post-thumbnail","hentry","category-cultura-e-lazer","latest_post"],"yoast_head":"<!-- This site is optimized with the Yoast SEO plugin v27.3 - https:\/\/yoast.com\/product\/yoast-seo-wordpress\/ -->\n<title>A Berlinale considera aumentar o pre\u00e7o dos ingressos devido \u00e0 infla\u00e7\u00e3o - Tirinha.com<\/title>\n<meta name=\"robots\" content=\"index, follow, max-snippet:-1, max-image-preview:large, max-video-preview:-1\" \/>\n<link rel=\"canonical\" href=\"https:\/\/tirinha.com\/tr\/862\/berlinale-enflasyon-nedeniyle-bilet-fiyatlarini-artirmayi-dusunuyor\/\" \/>\n<meta property=\"og:locale\" content=\"tr_TR\" \/>\n<meta property=\"og:type\" content=\"article\" \/>\n<meta property=\"og:title\" content=\"A Berlinale considera aumentar o pre\u00e7o dos ingressos devido \u00e0 infla\u00e7\u00e3o - Tirinha.com\" \/>\n<meta property=\"og:description\" content=\"&#8220;Teremos que encarec\u00ea-los um pouco mais, porque no momento estamos enfrentando um aumento de custos&#8221;, disse. \u201cAinda estamos pesando internamente &hellip;\" \/>\n<meta property=\"og:url\" content=\"https:\/\/tirinha.com\/tr\/862\/berlinale-enflasyon-nedeniyle-bilet-fiyatlarini-artirmayi-dusunuyor\/\" \/>\n<meta property=\"og:site_name\" content=\"Tirinha.com\" \/>\n<meta property=\"article:published_time\" content=\"2023-04-03T13:21:14+00:00\" \/>\n<meta property=\"og:image\" content=\"https:\/\/www.elboletin.com\/wp-content\/uploads\/2020\/08\/www.elboletin.com_fotos_1_138365_berlinale.jpg\" \/>\n<meta name=\"author\" content=\"admin\" \/>\n<meta name=\"twitter:card\" content=\"summary_large_image\" \/>\n<meta name=\"twitter:image\" content=\"https:\/\/www.elboletin.com\/wp-content\/uploads\/2020\/08\/www.elboletin.com_fotos_1_138365_berlinale.jpg\" \/>\n<meta name=\"twitter:label1\" content=\"Yazan:\" \/>\n\t<meta name=\"twitter:data1\" content=\"admin\" \/>\n\t<meta name=\"twitter:label2\" content=\"Tahmini okuma s\u00fcresi\" \/>\n\t<meta name=\"twitter:data2\" content=\"1 dakika\" \/>\n<script type=\"application\/ld+json\" class=\"yoast-schema-graph\">{\"@context\":\"https:\\\/\\\/schema.org\",\"@graph\":[{\"@type\":\"Article\",\"@id\":\"https:\\\/\\\/tirinha.com\\\/862\\\/a-berlinale-considera-aumentar-o-preco-dos-ingressos-devido-a-inflacao\\\/#article\",\"isPartOf\":{\"@id\":\"https:\\\/\\\/tirinha.com\\\/862\\\/a-berlinale-considera-aumentar-o-preco-dos-ingressos-devido-a-inflacao\\\/\"},\"author\":{\"name\":\"admin\",\"@id\":\"https:\\\/\\\/tirinha.com\\\/#\\\/schema\\\/person\\\/e22bdfbe17e0461f7e927e6a1208d4d9\"},\"headline\":\"A Berlinale considera aumentar o pre\u00e7o dos ingressos devido \u00e0 infla\u00e7\u00e3o\",\"datePublished\":\"2023-04-03T13:21:14+00:00\",\"mainEntityOfPage\":{\"@id\":\"https:\\\/\\\/tirinha.com\\\/862\\\/a-berlinale-considera-aumentar-o-preco-dos-ingressos-devido-a-inflacao\\\/\"},\"wordCount\":273,\"commentCount\":0,\"publisher\":{\"@id\":\"https:\\\/\\\/tirinha.com\\\/#organization\"},\"image\":{\"@id\":\"https:\\\/\\\/tirinha.com\\\/862\\\/a-berlinale-considera-aumentar-o-preco-dos-ingressos-devido-a-inflacao\\\/#primaryimage\"},\"thumbnailUrl\":\"https:\\\/\\\/www.elboletin.com\\\/wp-content\\\/uploads\\\/2020\\\/08\\\/www.elboletin.com_fotos_1_138365_berlinale.jpg\",\"articleSection\":[\"Cultura e lazer\"],\"inLanguage\":\"tr\",\"potentialAction\":[{\"@type\":\"CommentAction\",\"name\":\"Comment\",\"target\":[\"https:\\\/\\\/tirinha.com\\\/862\\\/a-berlinale-considera-aumentar-o-preco-dos-ingressos-devido-a-inflacao\\\/#respond\"]}]},{\"@type\":\"WebPage\",\"@id\":\"https:\\\/\\\/tirinha.com\\\/862\\\/a-berlinale-considera-aumentar-o-preco-dos-ingressos-devido-a-inflacao\\\/\",\"url\":\"https:\\\/\\\/tirinha.com\\\/862\\\/a-berlinale-considera-aumentar-o-preco-dos-ingressos-devido-a-inflacao\\\/\",\"name\":\"A Berlinale considera aumentar o pre\u00e7o dos ingressos devido \u00e0 infla\u00e7\u00e3o - Tirinha.com\",\"isPartOf\":{\"@id\":\"https:\\\/\\\/tirinha.com\\\/#website\"},\"primaryImageOfPage\":{\"@id\":\"https:\\\/\\\/tirinha.com\\\/862\\\/a-berlinale-considera-aumentar-o-preco-dos-ingressos-devido-a-inflacao\\\/#primaryimage\"},\"image\":{\"@id\":\"https:\\\/\\\/tirinha.com\\\/862\\\/a-berlinale-considera-aumentar-o-preco-dos-ingressos-devido-a-inflacao\\\/#primaryimage\"},\"thumbnailUrl\":\"https:\\\/\\\/www.elboletin.com\\\/wp-content\\\/uploads\\\/2020\\\/08\\\/www.elboletin.com_fotos_1_138365_berlinale.jpg\",\"datePublished\":\"2023-04-03T13:21:14+00:00\",\"breadcrumb\":{\"@id\":\"https:\\\/\\\/tirinha.com\\\/862\\\/a-berlinale-considera-aumentar-o-preco-dos-ingressos-devido-a-inflacao\\\/#breadcrumb\"},\"inLanguage\":\"tr\",\"potentialAction\":[{\"@type\":\"ReadAction\",\"target\":[\"https:\\\/\\\/tirinha.com\\\/862\\\/a-berlinale-considera-aumentar-o-preco-dos-ingressos-devido-a-inflacao\\\/\"]}]},{\"@type\":\"ImageObject\",\"inLanguage\":\"tr\",\"@id\":\"https:\\\/\\\/tirinha.com\\\/862\\\/a-berlinale-considera-aumentar-o-preco-dos-ingressos-devido-a-inflacao\\\/#primaryimage\",\"url\":\"https:\\\/\\\/www.elboletin.com\\\/wp-content\\\/uploads\\\/2020\\\/08\\\/www.elboletin.com_fotos_1_138365_berlinale.jpg\",\"contentUrl\":\"https:\\\/\\\/www.elboletin.com\\\/wp-content\\\/uploads\\\/2020\\\/08\\\/www.elboletin.com_fotos_1_138365_berlinale.jpg\"},{\"@type\":\"BreadcrumbList\",\"@id\":\"https:\\\/\\\/tirinha.com\\\/862\\\/a-berlinale-considera-aumentar-o-preco-dos-ingressos-devido-a-inflacao\\\/#breadcrumb\",\"itemListElement\":[{\"@type\":\"ListItem\",\"position\":1,\"name\":\"Home\",\"item\":\"https:\\\/\\\/tirinha.com\\\/\"},{\"@type\":\"ListItem\",\"position\":2,\"name\":\"A Berlinale considera aumentar o pre\u00e7o dos ingressos devido \u00e0 infla\u00e7\u00e3o\"}]},{\"@type\":\"WebSite\",\"@id\":\"https:\\\/\\\/tirinha.com\\\/#website\",\"url\":\"https:\\\/\\\/tirinha.com\\\/\",\"name\":\"Tirinha.com\",\"description\":\"Arte e livros resenhas\",\"publisher\":{\"@id\":\"https:\\\/\\\/tirinha.com\\\/#organization\"},\"potentialAction\":[{\"@type\":\"SearchAction\",\"target\":{\"@type\":\"EntryPoint\",\"urlTemplate\":\"https:\\\/\\\/tirinha.com\\\/?s={search_term_string}\"},\"query-input\":{\"@type\":\"PropertyValueSpecification\",\"valueRequired\":true,\"valueName\":\"search_term_string\"}}],\"inLanguage\":\"tr\"},{\"@type\":\"Organization\",\"@id\":\"https:\\\/\\\/tirinha.com\\\/#organization\",\"name\":\"Tirinha.com\",\"url\":\"https:\\\/\\\/tirinha.com\\\/\",\"logo\":{\"@type\":\"ImageObject\",\"inLanguage\":\"tr\",\"@id\":\"https:\\\/\\\/tirinha.com\\\/#\\\/schema\\\/logo\\\/image\\\/\",\"url\":\"https:\\\/\\\/tirinha.com\\\/wp-content\\\/uploads\\\/2023\\\/08\\\/cropped-Logo-Tirinha.webp\",\"contentUrl\":\"https:\\\/\\\/tirinha.com\\\/wp-content\\\/uploads\\\/2023\\\/08\\\/cropped-Logo-Tirinha.webp\",\"width\":512,\"height\":512,\"caption\":\"Tirinha.com\"},\"image\":{\"@id\":\"https:\\\/\\\/tirinha.com\\\/#\\\/schema\\\/logo\\\/image\\\/\"}},{\"@type\":\"Person\",\"@id\":\"https:\\\/\\\/tirinha.com\\\/#\\\/schema\\\/person\\\/e22bdfbe17e0461f7e927e6a1208d4d9\",\"name\":\"admin\",\"image\":{\"@type\":\"ImageObject\",\"inLanguage\":\"tr\",\"@id\":\"https:\\\/\\\/tirinha.com\\\/wp-content\\\/litespeed\\\/avatar\\\/d0068f7931cc87d7274eb0c3db1deb4b.jpg?ver=1777434315\",\"url\":\"https:\\\/\\\/tirinha.com\\\/wp-content\\\/litespeed\\\/avatar\\\/d0068f7931cc87d7274eb0c3db1deb4b.jpg?ver=1777434315\",\"contentUrl\":\"https:\\\/\\\/tirinha.com\\\/wp-content\\\/litespeed\\\/avatar\\\/d0068f7931cc87d7274eb0c3db1deb4b.jpg?ver=1777434315\",\"caption\":\"admin\"},\"sameAs\":[\"https:\\\/\\\/tirinha.com\"],\"url\":\"https:\\\/\\\/tirinha.com\\\/tr\\\/author\\\/admin\\\/\"}]}<\/script>\n<!-- \/ Yoast SEO plugin. -->","yoast_head_json":{"title":"Berlinale, enflasyon nedeniyle bilet fiyatlar\u0131n\u0131 art\u0131rmay\u0131 d\u00fc\u015f\u00fcn\u00fcyor - Tirinha.com","robots":{"index":"index","follow":"follow","max-snippet":"max-snippet:-1","max-image-preview":"max-image-preview:large","max-video-preview":"max-video-preview:-1"},"canonical":"https:\/\/tirinha.com\/tr\/862\/berlinale-enflasyon-nedeniyle-bilet-fiyatlarini-artirmayi-dusunuyor\/","og_locale":"tr_TR","og_type":"article","og_title":"A Berlinale considera aumentar o pre\u00e7o dos ingressos devido \u00e0 infla\u00e7\u00e3o - Tirinha.com","og_description":"&#8220;Teremos que encarec\u00ea-los um pouco mais, porque no momento estamos enfrentando um aumento de custos&#8221;, disse. \u201cAinda estamos pesando internamente &hellip;","og_url":"https:\/\/tirinha.com\/tr\/862\/berlinale-enflasyon-nedeniyle-bilet-fiyatlarini-artirmayi-dusunuyor\/","og_site_name":"Tirinha.com","article_published_time":"2023-04-03T13:21:14+00:00","og_image":[{"url":"https:\/\/www.elboletin.com\/wp-content\/uploads\/2020\/08\/www.elboletin.com_fotos_1_138365_berlinale.jpg","type":"","width":"","height":""}],"author":"admin","twitter_card":"summary_large_image","twitter_image":"https:\/\/www.elboletin.com\/wp-content\/uploads\/2020\/08\/www.elboletin.com_fotos_1_138365_berlinale.jpg","twitter_misc":{"Yazan:":"admin","Tahmini okuma s\u00fcresi":"1 dakika"},"schema":{"@context":"https:\/\/schema.org","@graph":[{"@type":"Article","@id":"https:\/\/tirinha.com\/862\/a-berlinale-considera-aumentar-o-preco-dos-ingressos-devido-a-inflacao\/#article","isPartOf":{"@id":"https:\/\/tirinha.com\/862\/a-berlinale-considera-aumentar-o-preco-dos-ingressos-devido-a-inflacao\/"},"author":{"name":"admin","@id":"https:\/\/tirinha.com\/#\/schema\/person\/e22bdfbe17e0461f7e927e6a1208d4d9"},"headline":"A Berlinale considera aumentar o pre\u00e7o dos ingressos devido \u00e0 infla\u00e7\u00e3o","datePublished":"2023-04-03T13:21:14+00:00","mainEntityOfPage":{"@id":"https:\/\/tirinha.com\/862\/a-berlinale-considera-aumentar-o-preco-dos-ingressos-devido-a-inflacao\/"},"wordCount":273,"commentCount":0,"publisher":{"@id":"https:\/\/tirinha.com\/#organization"},"image":{"@id":"https:\/\/tirinha.com\/862\/a-berlinale-considera-aumentar-o-preco-dos-ingressos-devido-a-inflacao\/#primaryimage"},"thumbnailUrl":"https:\/\/www.elboletin.com\/wp-content\/uploads\/2020\/08\/www.elboletin.com_fotos_1_138365_berlinale.jpg","articleSection":["Cultura e lazer"],"inLanguage":"tr","potentialAction":[{"@type":"CommentAction","name":"Comment","target":["https:\/\/tirinha.com\/862\/a-berlinale-considera-aumentar-o-preco-dos-ingressos-devido-a-inflacao\/#respond"]}]},{"@type":"WebPage","@id":"https:\/\/tirinha.com\/862\/a-berlinale-considera-aumentar-o-preco-dos-ingressos-devido-a-inflacao\/","url":"https:\/\/tirinha.com\/862\/a-berlinale-considera-aumentar-o-preco-dos-ingressos-devido-a-inflacao\/","name":"Berlinale, enflasyon nedeniyle bilet fiyatlar\u0131n\u0131 art\u0131rmay\u0131 d\u00fc\u015f\u00fcn\u00fcyor - Tirinha.com","isPartOf":{"@id":"https:\/\/tirinha.com\/#website"},"primaryImageOfPage":{"@id":"https:\/\/tirinha.com\/862\/a-berlinale-considera-aumentar-o-preco-dos-ingressos-devido-a-inflacao\/#primaryimage"},"image":{"@id":"https:\/\/tirinha.com\/862\/a-berlinale-considera-aumentar-o-preco-dos-ingressos-devido-a-inflacao\/#primaryimage"},"thumbnailUrl":"https:\/\/www.elboletin.com\/wp-content\/uploads\/2020\/08\/www.elboletin.com_fotos_1_138365_berlinale.jpg","datePublished":"2023-04-03T13:21:14+00:00","breadcrumb":{"@id":"https:\/\/tirinha.com\/862\/a-berlinale-considera-aumentar-o-preco-dos-ingressos-devido-a-inflacao\/#breadcrumb"},"inLanguage":"tr","potentialAction":[{"@type":"ReadAction","target":["https:\/\/tirinha.com\/862\/a-berlinale-considera-aumentar-o-preco-dos-ingressos-devido-a-inflacao\/"]}]},{"@type":"ImageObject","inLanguage":"tr","@id":"https:\/\/tirinha.com\/862\/a-berlinale-considera-aumentar-o-preco-dos-ingressos-devido-a-inflacao\/#primaryimage","url":"https:\/\/www.elboletin.com\/wp-content\/uploads\/2020\/08\/www.elboletin.com_fotos_1_138365_berlinale.jpg","contentUrl":"https:\/\/www.elboletin.com\/wp-content\/uploads\/2020\/08\/www.elboletin.com_fotos_1_138365_berlinale.jpg"},{"@type":"BreadcrumbList","@id":"https:\/\/tirinha.com\/862\/a-berlinale-considera-aumentar-o-preco-dos-ingressos-devido-a-inflacao\/#breadcrumb","itemListElement":[{"@type":"ListItem","position":1,"name":"Home","item":"https:\/\/tirinha.com\/"},{"@type":"ListItem","position":2,"name":"A Berlinale considera aumentar o pre\u00e7o dos ingressos devido \u00e0 infla\u00e7\u00e3o"}]},{"@type":"WebSite","@id":"https:\/\/tirinha.com\/#website","url":"https:\/\/tirinha.com\/","name":"\u00e7izgi roman.com","description":"Sanat ve kitap ele\u015ftirileri","publisher":{"@id":"https:\/\/tirinha.com\/#organization"},"potentialAction":[{"@type":"SearchAction","target":{"@type":"EntryPoint","urlTemplate":"https:\/\/tirinha.com\/?s={search_term_string}"},"query-input":{"@type":"PropertyValueSpecification","valueRequired":true,"valueName":"search_term_string"}}],"inLanguage":"tr"},{"@type":"Organization","@id":"https:\/\/tirinha.com\/#organization","name":"\u00e7izgi roman.com","url":"https:\/\/tirinha.com\/","logo":{"@type":"ImageObject","inLanguage":"tr","@id":"https:\/\/tirinha.com\/#\/schema\/logo\/image\/","url":"https:\/\/tirinha.com\/wp-content\/uploads\/2023\/08\/cropped-Logo-Tirinha.webp","contentUrl":"https:\/\/tirinha.com\/wp-content\/uploads\/2023\/08\/cropped-Logo-Tirinha.webp","width":512,"height":512,"caption":"Tirinha.com"},"image":{"@id":"https:\/\/tirinha.com\/#\/schema\/logo\/image\/"}},{"@type":"Person","@id":"https:\/\/tirinha.com\/#\/schema\/person\/e22bdfbe17e0461f7e927e6a1208d4d9","name":"y\u00f6netici","image":{"@type":"ImageObject","inLanguage":"tr","@id":"https:\/\/tirinha.com\/wp-content\/litespeed\/avatar\/d0068f7931cc87d7274eb0c3db1deb4b.jpg?ver=1777434315","url":"https:\/\/tirinha.com\/wp-content\/litespeed\/avatar\/d0068f7931cc87d7274eb0c3db1deb4b.jpg?ver=1777434315","contentUrl":"https:\/\/tirinha.com\/wp-content\/litespeed\/avatar\/d0068f7931cc87d7274eb0c3db1deb4b.jpg?ver=1777434315","caption":"admin"},"sameAs":["https:\/\/tirinha.com"],"url":"https:\/\/tirinha.com\/tr\/author\/admin\/"}]}},"_links":{"self":[{"href":"https:\/\/tirinha.com\/tr\/wp-json\/wp\/v2\/posts\/862","targetHints":{"allow":["GET"]}}],"collection":[{"href":"https:\/\/tirinha.com\/tr\/wp-json\/wp\/v2\/posts"}],"about":[{"href":"https:\/\/tirinha.com\/tr\/wp-json\/wp\/v2\/types\/post"}],"author":[{"embeddable":true,"href":"https:\/\/tirinha.com\/tr\/wp-json\/wp\/v2\/users\/1"}],"replies":[{"embeddable":true,"href":"https:\/\/tirinha.com\/tr\/wp-json\/wp\/v2\/comments?post=862"}],"version-history":[{"count":0,"href":"https:\/\/tirinha.com\/tr\/wp-json\/wp\/v2\/posts\/862\/revisions"}],"wp:featuredmedia":[{"embeddable":true,"href":"https:\/\/tirinha.com\/tr\/wp-json\/wp\/v2\/media\/863"}],"wp:attachment":[{"href":"https:\/\/tirinha.com\/tr\/wp-json\/wp\/v2\/media?parent=862"}],"wp:term":[{"taxonomy":"category","embeddable":true,"href":"https:\/\/tirinha.com\/tr\/wp-json\/wp\/v2\/categories?post=862"},{"taxonomy":"post_tag","embeddable":true,"href":"https:\/\/tirinha.com\/tr\/wp-json\/wp\/v2\/tags?post=862"}],"curies":[{"name":"wp","href":"https:\/\/api.w.org\/{rel}","templated":true}]}}