{"id":796,"date":"2023-03-03T21:13:16","date_gmt":"2023-03-03T21:13:16","guid":{"rendered":"https:\/\/tirinha.com\/um-artista-radical-e-autentico\/"},"modified":"2023-03-03T21:13:16","modified_gmt":"2023-03-03T21:13:16","slug":"radikal-ve-ozgun-bir-sanatci","status":"publish","type":"post","link":"https:\/\/tirinha.com\/tr\/796\/um-artista-radical-e-autentico\/","title":{"rendered":"radikal ve \u00f6zg\u00fcn bir sanat\u00e7\u0131"},"content":{"rendered":"<p> [ad_1]<br \/>\n<\/p>\n<div id=\"article-body-content\" data-action=\"toggle\" data-status=\"on\">\n<p class=\"paragraph\" id=\"paragraph_1\">Pouco conhecido na Espanha, <strong>Maria Teresa Hincapie<\/strong> (1956-2008) foi o grande pioneiro da <em>desempenho<\/em> na Col\u00f4mbia e <strong>uma das figuras mais impressionantes da arte de a\u00e7\u00e3o<\/strong> pela sua presen\u00e7a radical ao habitar os espa\u00e7os.  Sua obra chegou dilu\u00edda em nosso pa\u00eds em coletivos no in\u00edcio deste s\u00e9culo XXI, quando j\u00e1 havia sido reconhecida em grandes bienais e museus internacionais.  Portanto, apenas precedida pela pequena mostra individual na galeria Mira 1 de Madri h\u00e1 alguns meses, esta primeira grande retrospectiva, co-produzida pelo MACBA juntamente com o Museu de Medell\u00edn, \u00e9 um evento e tanto.  Liquidado com sucesso?<\/p>\n<p class=\"paragraph\" id=\"paragraph_2\">Soma-se \u00e0 dificuldade de lidar com qualquer retrospectiva performativa, multiplicada pela aus\u00eancia do protagonista, a <strong>falta de registros de qualidade<\/strong> pela posi\u00e7\u00e3o inabal\u00e1vel de Hincapi\u00e9 sobre a rela\u00e7\u00e3o indissol\u00favel entre arte e vida, forjada em uma obra de resist\u00eancia que se op\u00f4s \u00e0 v\u00e3 espetaculariza\u00e7\u00e3o e ao materialismo grosseiro de nosso tempo.<\/p>\n<p class=\"paragraph\" id=\"paragraph_3\">A solu\u00e7\u00e3o feliz passou por um <strong>pesquisa intensiva<\/strong>que revitalizou seu acervo doado ao MoMA com entrevistas a colaboradores pr\u00f3ximos, a apresenta\u00e7\u00e3o de algumas de suas espirais com objetos e elementos isolados da natureza, e a contribui\u00e7\u00e3o de artistas que refazem suas a\u00e7\u00f5es, como <strong>Maria Jos\u00e9 Arjona<\/strong> e <strong>mapa do teatro<\/strong>;  ou, eles evocam, como no maravilhoso v\u00eddeo de <strong>coco fusco<\/strong> sobre a ilha dos t\u00famulos dos mortos n\u00e3o reclamados (anteriormente devido \u00e0 AIDS, recentemente devido \u00e0 Covid), Hart Island, em frente ao New York Bronx.<\/p>\n<blockquote class=\"content__blockquote\">\n<div class=\"blockquote-box\">\n<p class=\"blockquote__quote\">Hincapi\u00e9 falou em ativar as energias masculinas e femininas e definiu a arte feminista com o slogan<\/p>\n<\/div>\n<\/blockquote>\n<p class=\"paragraph\" id=\"paragraph_4\">Um passeio tem\u00e1tico e austero que consegue transmitir a autenticidade deste artista.  Autodidata, veio por acaso ao teatro antropol\u00f3gico de <strong>Barba<\/strong> e aos pobres de <strong>Grotowski<\/strong>o que o levou a viajar pelo Oriente para aprender t\u00e9cnicas de teatro e dan\u00e7a n\u00e3o ocidentais, forma\u00e7\u00e3o com a qual se estrearia no final dos anos oitenta num sistema de arte que mal conhecia e a respeito do qual <strong>tentou ficar \u00e0 margem<\/strong>ocupando espa\u00e7os residuais ou exteriores que habitou durante dias.<\/p>\n<p class=\"paragraph\" id=\"paragraph_5\"><em>[Arte colombiano antes y despu\u00e9s del boom]<\/em><\/p>\n<p class=\"paragraph\" id=\"paragraph_6\">Partiu da afirma\u00e7\u00e3o da exist\u00eancia real atrav\u00e9s da transcend\u00eancia \u201csagrada\u201d da vida cotidiana para conduzir \u00e0 habita\u00e7\u00e3o ancestral de etnias no M\u00e9xico e na Col\u00f4mbia.<\/p>\n<p class=\"paragraph\" id=\"paragraph_7\">Diz-se aqui, de certa forma, que ela n\u00e3o era feminista e que sua posi\u00e7\u00e3o era andr\u00f3gina.  Como outras artistas de sua gera\u00e7\u00e3o, Hincapi\u00e9 falava em ativar as energias masculinas e femininas e definia a arte feminista com um slogan.  Mas ela dedicou uma d\u00e9cada para se apresentar como um ser-mulher, com <em>apresenta\u00e7\u00f5es<\/em> t\u00e3o decisivo quanto <em>Mostru\u00e1rio<\/em> e <em>uma coisa \u00e9 uma coisa<\/em>.  E s\u00f3 revendo as curadoras com quem trabalhou e as exposi\u00e7\u00f5es coletivas de mulheres das quais participou em mostras meio mundo <strong>uma forte rede de irmandade<\/strong>.<\/p>\n<h3 class=\"follow-topics-title\"><span class=\"follow-topics-title__icon\"\/>Siga os t\u00f3picos que lhe interessam<\/h3>\n<\/p><\/div>\n","protected":false},"excerpt":{"rendered":"<p>[ad_1] Pouco conhecido na Espanha, Maria Teresa Hincapie (1956-2008) foi o grande pioneiro da desempenho na Col\u00f4mbia e uma das &hellip; <\/p>\n","protected":false},"author":1,"featured_media":797,"comment_status":"open","ping_status":"open","sticky":false,"template":"","format":"standard","meta":{"fifu_image_url":"https:\/\/s1.eestatic.com\/2022\/11\/24\/el-cultural\/arte\/720938432_229124731_600x315.jpg","fifu_image_alt":"","footnotes":""},"categories":[34],"tags":[],"class_list":["post-796","post","type-post","status-publish","format-standard","has-post-thumbnail","hentry","category-arte","latest_post"],"yoast_head":"<!-- This site is optimized with the Yoast SEO plugin v27.3 - https:\/\/yoast.com\/product\/yoast-seo-wordpress\/ -->\n<title>um artista radical e aut\u00eantico - Tirinha.com<\/title>\n<meta name=\"robots\" content=\"index, follow, max-snippet:-1, max-image-preview:large, max-video-preview:-1\" \/>\n<link rel=\"canonical\" href=\"https:\/\/tirinha.com\/tr\/796\/radikal-ve-ozgun-bir-sanatci\/\" \/>\n<meta property=\"og:locale\" content=\"tr_TR\" \/>\n<meta property=\"og:type\" content=\"article\" \/>\n<meta property=\"og:title\" content=\"um artista radical e aut\u00eantico - Tirinha.com\" \/>\n<meta property=\"og:description\" content=\"[ad_1] Pouco conhecido na Espanha, Maria Teresa Hincapie (1956-2008) foi o grande pioneiro da desempenho na Col\u00f4mbia e uma das &hellip;\" \/>\n<meta property=\"og:url\" content=\"https:\/\/tirinha.com\/tr\/796\/radikal-ve-ozgun-bir-sanatci\/\" \/>\n<meta property=\"og:site_name\" content=\"Tirinha.com\" \/>\n<meta property=\"article:published_time\" content=\"2023-03-03T21:13:16+00:00\" \/>\n<meta property=\"og:image\" content=\"https:\/\/s1.eestatic.com\/2022\/11\/24\/el-cultural\/arte\/720938432_229124731_600x315.jpg\" \/>\n<meta name=\"author\" content=\"admin\" \/>\n<meta name=\"twitter:card\" content=\"summary_large_image\" \/>\n<meta name=\"twitter:image\" content=\"https:\/\/s1.eestatic.com\/2022\/11\/24\/el-cultural\/arte\/720938432_229124731_600x315.jpg\" \/>\n<meta name=\"twitter:label1\" content=\"Yazan:\" \/>\n\t<meta name=\"twitter:data1\" content=\"admin\" \/>\n\t<meta name=\"twitter:label2\" content=\"Tahmini okuma s\u00fcresi\" \/>\n\t<meta name=\"twitter:data2\" content=\"2 dakika\" \/>\n<script type=\"application\/ld+json\" class=\"yoast-schema-graph\">{\"@context\":\"https:\\\/\\\/schema.org\",\"@graph\":[{\"@type\":\"Article\",\"@id\":\"https:\\\/\\\/tirinha.com\\\/796\\\/um-artista-radical-e-autentico\\\/#article\",\"isPartOf\":{\"@id\":\"https:\\\/\\\/tirinha.com\\\/796\\\/um-artista-radical-e-autentico\\\/\"},\"author\":{\"name\":\"admin\",\"@id\":\"https:\\\/\\\/tirinha.com\\\/#\\\/schema\\\/person\\\/e22bdfbe17e0461f7e927e6a1208d4d9\"},\"headline\":\"um artista radical e aut\u00eantico\",\"datePublished\":\"2023-03-03T21:13:16+00:00\",\"mainEntityOfPage\":{\"@id\":\"https:\\\/\\\/tirinha.com\\\/796\\\/um-artista-radical-e-autentico\\\/\"},\"wordCount\":501,\"commentCount\":0,\"publisher\":{\"@id\":\"https:\\\/\\\/tirinha.com\\\/#organization\"},\"image\":{\"@id\":\"https:\\\/\\\/tirinha.com\\\/796\\\/um-artista-radical-e-autentico\\\/#primaryimage\"},\"thumbnailUrl\":\"https:\\\/\\\/s1.eestatic.com\\\/2022\\\/11\\\/24\\\/el-cultural\\\/arte\\\/720938432_229124731_600x315.jpg\",\"articleSection\":[\"Arte\"],\"inLanguage\":\"tr\",\"potentialAction\":[{\"@type\":\"CommentAction\",\"name\":\"Comment\",\"target\":[\"https:\\\/\\\/tirinha.com\\\/796\\\/um-artista-radical-e-autentico\\\/#respond\"]}]},{\"@type\":\"WebPage\",\"@id\":\"https:\\\/\\\/tirinha.com\\\/796\\\/um-artista-radical-e-autentico\\\/\",\"url\":\"https:\\\/\\\/tirinha.com\\\/796\\\/um-artista-radical-e-autentico\\\/\",\"name\":\"um artista radical e aut\u00eantico - Tirinha.com\",\"isPartOf\":{\"@id\":\"https:\\\/\\\/tirinha.com\\\/#website\"},\"primaryImageOfPage\":{\"@id\":\"https:\\\/\\\/tirinha.com\\\/796\\\/um-artista-radical-e-autentico\\\/#primaryimage\"},\"image\":{\"@id\":\"https:\\\/\\\/tirinha.com\\\/796\\\/um-artista-radical-e-autentico\\\/#primaryimage\"},\"thumbnailUrl\":\"https:\\\/\\\/s1.eestatic.com\\\/2022\\\/11\\\/24\\\/el-cultural\\\/arte\\\/720938432_229124731_600x315.jpg\",\"datePublished\":\"2023-03-03T21:13:16+00:00\",\"breadcrumb\":{\"@id\":\"https:\\\/\\\/tirinha.com\\\/796\\\/um-artista-radical-e-autentico\\\/#breadcrumb\"},\"inLanguage\":\"tr\",\"potentialAction\":[{\"@type\":\"ReadAction\",\"target\":[\"https:\\\/\\\/tirinha.com\\\/796\\\/um-artista-radical-e-autentico\\\/\"]}]},{\"@type\":\"ImageObject\",\"inLanguage\":\"tr\",\"@id\":\"https:\\\/\\\/tirinha.com\\\/796\\\/um-artista-radical-e-autentico\\\/#primaryimage\",\"url\":\"https:\\\/\\\/s1.eestatic.com\\\/2022\\\/11\\\/24\\\/el-cultural\\\/arte\\\/720938432_229124731_600x315.jpg\",\"contentUrl\":\"https:\\\/\\\/s1.eestatic.com\\\/2022\\\/11\\\/24\\\/el-cultural\\\/arte\\\/720938432_229124731_600x315.jpg\"},{\"@type\":\"BreadcrumbList\",\"@id\":\"https:\\\/\\\/tirinha.com\\\/796\\\/um-artista-radical-e-autentico\\\/#breadcrumb\",\"itemListElement\":[{\"@type\":\"ListItem\",\"position\":1,\"name\":\"Home\",\"item\":\"https:\\\/\\\/tirinha.com\\\/\"},{\"@type\":\"ListItem\",\"position\":2,\"name\":\"um artista radical e aut\u00eantico\"}]},{\"@type\":\"WebSite\",\"@id\":\"https:\\\/\\\/tirinha.com\\\/#website\",\"url\":\"https:\\\/\\\/tirinha.com\\\/\",\"name\":\"Tirinha.com\",\"description\":\"Arte e livros resenhas\",\"publisher\":{\"@id\":\"https:\\\/\\\/tirinha.com\\\/#organization\"},\"potentialAction\":[{\"@type\":\"SearchAction\",\"target\":{\"@type\":\"EntryPoint\",\"urlTemplate\":\"https:\\\/\\\/tirinha.com\\\/?s={search_term_string}\"},\"query-input\":{\"@type\":\"PropertyValueSpecification\",\"valueRequired\":true,\"valueName\":\"search_term_string\"}}],\"inLanguage\":\"tr\"},{\"@type\":\"Organization\",\"@id\":\"https:\\\/\\\/tirinha.com\\\/#organization\",\"name\":\"Tirinha.com\",\"url\":\"https:\\\/\\\/tirinha.com\\\/\",\"logo\":{\"@type\":\"ImageObject\",\"inLanguage\":\"tr\",\"@id\":\"https:\\\/\\\/tirinha.com\\\/#\\\/schema\\\/logo\\\/image\\\/\",\"url\":\"https:\\\/\\\/tirinha.com\\\/wp-content\\\/uploads\\\/2023\\\/08\\\/cropped-Logo-Tirinha.webp\",\"contentUrl\":\"https:\\\/\\\/tirinha.com\\\/wp-content\\\/uploads\\\/2023\\\/08\\\/cropped-Logo-Tirinha.webp\",\"width\":512,\"height\":512,\"caption\":\"Tirinha.com\"},\"image\":{\"@id\":\"https:\\\/\\\/tirinha.com\\\/#\\\/schema\\\/logo\\\/image\\\/\"}},{\"@type\":\"Person\",\"@id\":\"https:\\\/\\\/tirinha.com\\\/#\\\/schema\\\/person\\\/e22bdfbe17e0461f7e927e6a1208d4d9\",\"name\":\"admin\",\"image\":{\"@type\":\"ImageObject\",\"inLanguage\":\"tr\",\"@id\":\"https:\\\/\\\/tirinha.com\\\/wp-content\\\/litespeed\\\/avatar\\\/d0068f7931cc87d7274eb0c3db1deb4b.jpg?ver=1776829466\",\"url\":\"https:\\\/\\\/tirinha.com\\\/wp-content\\\/litespeed\\\/avatar\\\/d0068f7931cc87d7274eb0c3db1deb4b.jpg?ver=1776829466\",\"contentUrl\":\"https:\\\/\\\/tirinha.com\\\/wp-content\\\/litespeed\\\/avatar\\\/d0068f7931cc87d7274eb0c3db1deb4b.jpg?ver=1776829466\",\"caption\":\"admin\"},\"sameAs\":[\"https:\\\/\\\/tirinha.com\"],\"url\":\"https:\\\/\\\/tirinha.com\\\/tr\\\/author\\\/admin\\\/\"}]}<\/script>\n<!-- \/ Yoast SEO plugin. -->","yoast_head_json":{"title":"Radikal ve \u00f6zg\u00fcn bir sanat\u00e7\u0131 - Tirinha.com","robots":{"index":"index","follow":"follow","max-snippet":"max-snippet:-1","max-image-preview":"max-image-preview:large","max-video-preview":"max-video-preview:-1"},"canonical":"https:\/\/tirinha.com\/tr\/796\/radikal-ve-ozgun-bir-sanatci\/","og_locale":"tr_TR","og_type":"article","og_title":"um artista radical e aut\u00eantico - Tirinha.com","og_description":"[ad_1] Pouco conhecido na Espanha, Maria Teresa Hincapie (1956-2008) foi o grande pioneiro da desempenho na Col\u00f4mbia e uma das &hellip;","og_url":"https:\/\/tirinha.com\/tr\/796\/radikal-ve-ozgun-bir-sanatci\/","og_site_name":"Tirinha.com","article_published_time":"2023-03-03T21:13:16+00:00","og_image":[{"url":"https:\/\/s1.eestatic.com\/2022\/11\/24\/el-cultural\/arte\/720938432_229124731_600x315.jpg","type":"","width":"","height":""}],"author":"admin","twitter_card":"summary_large_image","twitter_image":"https:\/\/s1.eestatic.com\/2022\/11\/24\/el-cultural\/arte\/720938432_229124731_600x315.jpg","twitter_misc":{"Yazan:":"admin","Tahmini okuma s\u00fcresi":"2 dakika"},"schema":{"@context":"https:\/\/schema.org","@graph":[{"@type":"Article","@id":"https:\/\/tirinha.com\/796\/um-artista-radical-e-autentico\/#article","isPartOf":{"@id":"https:\/\/tirinha.com\/796\/um-artista-radical-e-autentico\/"},"author":{"name":"admin","@id":"https:\/\/tirinha.com\/#\/schema\/person\/e22bdfbe17e0461f7e927e6a1208d4d9"},"headline":"um artista radical e aut\u00eantico","datePublished":"2023-03-03T21:13:16+00:00","mainEntityOfPage":{"@id":"https:\/\/tirinha.com\/796\/um-artista-radical-e-autentico\/"},"wordCount":501,"commentCount":0,"publisher":{"@id":"https:\/\/tirinha.com\/#organization"},"image":{"@id":"https:\/\/tirinha.com\/796\/um-artista-radical-e-autentico\/#primaryimage"},"thumbnailUrl":"https:\/\/s1.eestatic.com\/2022\/11\/24\/el-cultural\/arte\/720938432_229124731_600x315.jpg","articleSection":["Arte"],"inLanguage":"tr","potentialAction":[{"@type":"CommentAction","name":"Comment","target":["https:\/\/tirinha.com\/796\/um-artista-radical-e-autentico\/#respond"]}]},{"@type":"WebPage","@id":"https:\/\/tirinha.com\/796\/um-artista-radical-e-autentico\/","url":"https:\/\/tirinha.com\/796\/um-artista-radical-e-autentico\/","name":"Radikal ve \u00f6zg\u00fcn bir sanat\u00e7\u0131 - Tirinha.com","isPartOf":{"@id":"https:\/\/tirinha.com\/#website"},"primaryImageOfPage":{"@id":"https:\/\/tirinha.com\/796\/um-artista-radical-e-autentico\/#primaryimage"},"image":{"@id":"https:\/\/tirinha.com\/796\/um-artista-radical-e-autentico\/#primaryimage"},"thumbnailUrl":"https:\/\/s1.eestatic.com\/2022\/11\/24\/el-cultural\/arte\/720938432_229124731_600x315.jpg","datePublished":"2023-03-03T21:13:16+00:00","breadcrumb":{"@id":"https:\/\/tirinha.com\/796\/um-artista-radical-e-autentico\/#breadcrumb"},"inLanguage":"tr","potentialAction":[{"@type":"ReadAction","target":["https:\/\/tirinha.com\/796\/um-artista-radical-e-autentico\/"]}]},{"@type":"ImageObject","inLanguage":"tr","@id":"https:\/\/tirinha.com\/796\/um-artista-radical-e-autentico\/#primaryimage","url":"https:\/\/s1.eestatic.com\/2022\/11\/24\/el-cultural\/arte\/720938432_229124731_600x315.jpg","contentUrl":"https:\/\/s1.eestatic.com\/2022\/11\/24\/el-cultural\/arte\/720938432_229124731_600x315.jpg"},{"@type":"BreadcrumbList","@id":"https:\/\/tirinha.com\/796\/um-artista-radical-e-autentico\/#breadcrumb","itemListElement":[{"@type":"ListItem","position":1,"name":"Home","item":"https:\/\/tirinha.com\/"},{"@type":"ListItem","position":2,"name":"um artista radical e aut\u00eantico"}]},{"@type":"WebSite","@id":"https:\/\/tirinha.com\/#website","url":"https:\/\/tirinha.com\/","name":"\u00e7izgi roman.com","description":"Sanat ve kitap ele\u015ftirileri","publisher":{"@id":"https:\/\/tirinha.com\/#organization"},"potentialAction":[{"@type":"SearchAction","target":{"@type":"EntryPoint","urlTemplate":"https:\/\/tirinha.com\/?s={search_term_string}"},"query-input":{"@type":"PropertyValueSpecification","valueRequired":true,"valueName":"search_term_string"}}],"inLanguage":"tr"},{"@type":"Organization","@id":"https:\/\/tirinha.com\/#organization","name":"\u00e7izgi roman.com","url":"https:\/\/tirinha.com\/","logo":{"@type":"ImageObject","inLanguage":"tr","@id":"https:\/\/tirinha.com\/#\/schema\/logo\/image\/","url":"https:\/\/tirinha.com\/wp-content\/uploads\/2023\/08\/cropped-Logo-Tirinha.webp","contentUrl":"https:\/\/tirinha.com\/wp-content\/uploads\/2023\/08\/cropped-Logo-Tirinha.webp","width":512,"height":512,"caption":"Tirinha.com"},"image":{"@id":"https:\/\/tirinha.com\/#\/schema\/logo\/image\/"}},{"@type":"Person","@id":"https:\/\/tirinha.com\/#\/schema\/person\/e22bdfbe17e0461f7e927e6a1208d4d9","name":"y\u00f6netici","image":{"@type":"ImageObject","inLanguage":"tr","@id":"https:\/\/tirinha.com\/wp-content\/litespeed\/avatar\/d0068f7931cc87d7274eb0c3db1deb4b.jpg?ver=1776829466","url":"https:\/\/tirinha.com\/wp-content\/litespeed\/avatar\/d0068f7931cc87d7274eb0c3db1deb4b.jpg?ver=1776829466","contentUrl":"https:\/\/tirinha.com\/wp-content\/litespeed\/avatar\/d0068f7931cc87d7274eb0c3db1deb4b.jpg?ver=1776829466","caption":"admin"},"sameAs":["https:\/\/tirinha.com"],"url":"https:\/\/tirinha.com\/tr\/author\/admin\/"}]}},"_links":{"self":[{"href":"https:\/\/tirinha.com\/tr\/wp-json\/wp\/v2\/posts\/796","targetHints":{"allow":["GET"]}}],"collection":[{"href":"https:\/\/tirinha.com\/tr\/wp-json\/wp\/v2\/posts"}],"about":[{"href":"https:\/\/tirinha.com\/tr\/wp-json\/wp\/v2\/types\/post"}],"author":[{"embeddable":true,"href":"https:\/\/tirinha.com\/tr\/wp-json\/wp\/v2\/users\/1"}],"replies":[{"embeddable":true,"href":"https:\/\/tirinha.com\/tr\/wp-json\/wp\/v2\/comments?post=796"}],"version-history":[{"count":0,"href":"https:\/\/tirinha.com\/tr\/wp-json\/wp\/v2\/posts\/796\/revisions"}],"wp:featuredmedia":[{"embeddable":true,"href":"https:\/\/tirinha.com\/tr\/wp-json\/wp\/v2\/media\/797"}],"wp:attachment":[{"href":"https:\/\/tirinha.com\/tr\/wp-json\/wp\/v2\/media?parent=796"}],"wp:term":[{"taxonomy":"category","embeddable":true,"href":"https:\/\/tirinha.com\/tr\/wp-json\/wp\/v2\/categories?post=796"},{"taxonomy":"post_tag","embeddable":true,"href":"https:\/\/tirinha.com\/tr\/wp-json\/wp\/v2\/tags?post=796"}],"curies":[{"name":"wp","href":"https:\/\/api.w.org\/{rel}","templated":true}]}}