{"id":1135,"date":"2023-04-13T12:07:57","date_gmt":"2023-04-13T12:07:57","guid":{"rendered":"https:\/\/tirinha.com\/o-poder-curador-do-silencio-o-livro-de-belen-colomina-para-transformar-a-mente\/"},"modified":"2023-04-13T12:07:57","modified_gmt":"2023-04-13T12:07:57","slug":"o-poder-curador-do-silencio-o-livro-de-belen-colomina-para-transformar-a-mente","status":"publish","type":"post","link":"https:\/\/tirinha.com\/tr\/1135\/o-poder-curador-do-silencio-o-livro-de-belen-colomina-para-transformar-a-mente\/","title":{"rendered":"Bel\u00e9n Colomina&#039;n\u0131n zihni d\u00f6n\u00fc\u015ft\u00fcrmeye y\u00f6nelik kitab\u0131 &#039;Sessizli\u011fin iyile\u015ftirici g\u00fcc\u00fc&#039;"},"content":{"rendered":"<p><\/p>\n<div>\n<h2>Bel\u00e9n Colomina meditasyon yoluyla bizi sa\u011fl\u0131kl\u0131 ya\u015fama yakla\u015ft\u0131r\u0131yor<\/h2>\n<p><strong>Sa\u011fl\u0131k psikolo\u011fu, h\u00fcmanist psikoterapist ve psikoloji ve meditasyon \u00fczerine kitaplar\u0131n yazar\u0131 Bel\u00e9n Colomina, kitab\u0131yla bizi cesaretlendiriyor <em>Sessizli\u011fin iyile\u015ftirici g\u00fcc\u00fc<\/em>Meditasyon yoluyla, \u201cdengeyi ve i\u00e7 huzuru yeniden sa\u011flayarak\u201d ve meditasyonu bir sonu\u00e7 olarak de\u011fil \u201cbir deneyim\u201d olarak ya\u015fayarak zihnimizi d\u00f6n\u00fc\u015ft\u00fcr\u00fcn ve refaha ula\u015f\u0131n. <\/strong><\/p>\n<blockquote class=\"instagram-media\" data-instgrm-captioned=\"\" data-instgrm-permalink=\"https:\/\/www.instagram.com\/reel\/Cp0ENCCjAz2\/?utm_source=ig_embed&amp;utm_campaign=loading\" data-instgrm-version=\"14\" style=\" background:#FFF; border:0; border-radius:3px; box-shadow:0 0 1px 0 rgba(0,0,0,0.5),0 1px 10px 0 rgba(0,0,0,0.15); margin: 1px; max-width:658px; min-width:326px; padding:0; width:99.375%; width:-webkit-calc(100% - 2px); width:calc(100% - 2px);\">\n<\/blockquote>\n<p><strong>Soru: Meditasyona veya fark\u0131ndal\u0131\u011fa ba\u015flamak i\u00e7in do\u011fru zaman ne zaman? <\/strong><\/p>\n<p><strong>Yan\u0131tlamak i\u00e7in:<\/strong> Herhangi bir zaman\u0131n ba\u015flamak i\u00e7in iyi bir zaman oldu\u011funu d\u00fc\u015f\u00fcn\u00fcyorum. Ancak her \u015feyden \u00f6nce hayat\u0131n\u0131z\u0131n daha \u00e7ok otopilotta \u00e7al\u0131\u015ft\u0131\u011f\u0131n\u0131 hissetmeye ba\u015flad\u0131\u011f\u0131n\u0131zda, stres, kayg\u0131 veya ac\u0131 belirtileri hissetmeye ba\u015flad\u0131\u011f\u0131n\u0131zda. Bu hislerin t\u00fcm semptomlar\u0131n\u0131 g\u00fcn\u00fcn herhangi bir saatinde hissedebiliriz, dolay\u0131s\u0131yla her zaman iyidir. Zihnimizi anlamak ve do\u011fal olan g\u00fcnl\u00fck ac\u0131y\u0131 hafifletecek stratejiler ve ara\u00e7lar edinmek i\u00e7in meditasyonla ba\u015flamak, semptomlar\u0131 hafifletecek ila\u00e7larla ba\u015flamaktan daha iyidir.<\/p>\n<p><strong>P:<\/strong> <strong>G\u00fcn\u00fcn hangi saatlerinde pratik yapabiliriz? <em>fark\u0131ndal\u0131k<\/em>?<\/strong><\/p>\n<p><strong>A:<\/strong> Meditasyon yapman\u0131n iki yolu vard\u0131r: resmi meditasyon ve resmi olmayan meditasyon. Resmi meditasyon, g\u00fcnde bir zaman ay\u0131rd\u0131\u011f\u0131n\u0131z ve meditasyon yapmak i\u00e7in bir yer ay\u0131rd\u0131\u011f\u0131n\u0131z yerdir. \u00d6te yandan gayri resmi meditasyon, bunu herhangi bir g\u00fcnl\u00fck aktiviteyle ayn\u0131 anda yapmaktan ibarettir; yemek yerken veya y\u00fcr\u00fcrken olabilir, bu \u015fekilde bunu otomatik pilotta yapmad\u0131\u011f\u0131n\u0131z, ancak duyular\u0131n fark\u0131nda oldu\u011funuzu hissedeceksiniz. v\u00fccudunda.<\/p>\n<p><strong>P:<\/strong> <strong>Meditasyona ba\u015flad\u0131\u011f\u0131m\u0131zda d\u00fc\u015f\u00fcncelerimizi nas\u0131l sakinle\u015ftiririz?<\/strong><\/p>\n<p><strong>A:<\/strong> Zihinsel sakinli\u011fi kazanmak i\u00e7in d\u00fc\u015f\u00fcncelerini d\u00fczenlemeye \u00e7al\u0131\u015fan ki\u015finin kendisidir. Nefesi kullanabiliriz veya dikkatimizi zihni sabitleyen ve dengeleyen daha sabit bir nesneye \u00e7ekebiliriz.<\/p>\n<p><strong>P:<\/strong> <strong>Meditasyonun g\u00fcnl\u00fck hayatta faydalar\u0131 nelerdir?<\/strong><\/p>\n<p><strong>A:<\/strong>  Hem fiziksel hem psikolojik hem de ili\u015fkiler a\u00e7\u0131s\u0131ndan pek \u00e7ok faydas\u0131 vard\u0131r. Ancak en \u00f6nemli faydalar\u0131ndan biri g\u00fcnl\u00fck ac\u0131lardan kurtulmakt\u0131r. \u015eimdiki anda olman\u0131z\u0131 sa\u011flar, stresi azalt\u0131r, kayg\u0131y\u0131 azalt\u0131r, empatiyi art\u0131r\u0131r, \u015fefkati art\u0131r\u0131r. K\u0131sacas\u0131, yans\u0131t\u0131c\u0131 fark\u0131ndal\u0131\u011f\u0131 artt\u0131rd\u0131\u011f\u0131 ve sonu\u00e7 olarak herhangi bir itici uyarana yol a\u00e7an d\u00fcrt\u00fc-tepkisel davran\u0131\u015f\u0131 azaltt\u0131\u011f\u0131 i\u00e7in zihninizi d\u00f6n\u00fc\u015ft\u00fcr\u00fcr.<\/p>\n<p>Ayr\u0131ca g\u00fcn\u00fcn\u00fcz\u00fc planlaman\u0131za, g\u00fcndelik sorunlar\u0131 daha bilin\u00e7li ve yap\u0131c\u0131 bir \u015fekilde \u00e7\u00f6zmenize, dengede ya\u015faman\u0131za, v\u00fccudunuzdaki duyumlara kar\u015f\u0131 dikkatli ve fark\u0131nda olman\u0131za ve kendinizi uyumlu bir \u015fekilde anlaman\u0131za yard\u0131mc\u0131 olur. Sonu\u00e7ta hayat\u0131n\u0131z\u0131 uyumlu hale getirebilirsiniz \u00e7\u00fcnk\u00fc ayn\u0131 zamanda ili\u015fkilerinizle, de\u011ferlerinizle ve zihninizle de uyum sa\u011flayabilirsiniz. Nihai hedef, hayat\u0131n sizi almas\u0131 de\u011fil, hayat\u0131n\u0131z\u0131n fark\u0131nda olmak ve onu y\u00f6netmektir.<\/p>\n<p><strong>P:<\/strong> <b>Kitapta zihnin d\u00f6n\u00fc\u015ft\u00fcr\u00fclmesinden \u00e7ok bahsediyorsunuz, bu s\u00fcre\u00e7 nas\u0131l ger\u00e7ekle\u015fiyor?<\/b><\/p>\n<p><strong>A:<\/strong> Belirli beceriler kazand\u0131\u011f\u0131m\u0131zda zihnimiz de bedenimizdeki herhangi bir kas gibidir. Bu \u015fekilde \u00f6n lobun dikkat ve y\u00fcr\u00fct\u00fcc\u00fc i\u015flevlerini geli\u015ftiririz; Tehdit sistemi veya uyar\u0131 sistemi i\u00e7in etkinle\u015ftirilen b\u00f6lgeleri azalt\u0131r. K\u0131saca bir\u00e7ok zihinsel mekanizmay\u0131 bir\u00e7ok d\u00fczenleyici mekanizma lehine d\u00f6n\u00fc\u015ft\u00fcr\u00fcr. Beynimizde olup biteni g\u00f6rmesek de her g\u00fcn bize fayda sa\u011flayan olumlu \u015feyler oluyor.<\/p>\n<p>Ayr\u0131ca, \u00e7ok fazla kortizol \u00fcreten stres sonucu beynimizin yap\u0131s\u0131n\u0131n nas\u0131l de\u011fi\u015fti\u011finin de fark\u0131nda de\u011filiz. Meditasyonla bu hormonu d\u00fczenleyebilir, ayr\u0131ca hayat\u0131n kayg\u0131lar\u0131n\u0131 farkl\u0131 bir \u015fekilde g\u00f6rebiliriz.<\/p>\n<p><strong>Soru: Bunlar aras\u0131nda do\u011frudan bir ili\u015fki var m\u0131? <em>fark\u0131ndal\u0131k<\/em> yoksa meditasyon ve Budizm mi?<\/strong><\/p>\n<p><strong>A:<\/strong> Meditasyon zihnimizin spor salonudur; zihnimizi erdemli hallere al\u0131\u015ft\u0131rmaktan olu\u015fur ve tefekk\u00fcr gelene\u011finde hem Budizm hem de bir\u00e7ok din, dine uyarlanm\u0131\u015f meditasyonu kullan\u0131r.<\/p>\n<p>Bilim meditasyonun herkeste i\u015fe yarad\u0131\u011f\u0131n\u0131 g\u00f6stermi\u015ftir. Sadece Budizm de\u011fil, bir\u00e7ok din gibi, bu arac\u0131 kulland\u0131\u011f\u0131m\u0131z\u0131 bilmeden kendimiz de kulland\u0131k. Bu nedenle s\u0131radan bir ki\u015finin arac\u0131d\u0131r; Dinle ilgisi ya da ba\u011flant\u0131s\u0131 yoktur ama din bunu kullanm\u0131\u015ft\u0131r.<\/p>\n<p><strong>Soru: Kitap kimin i\u00e7in?<\/strong><\/p>\n<p><strong>A:<\/strong> Kitab\u0131 meditasyona ba\u015flayacak olan herkes okuyabilir, at\u0131lmas\u0131 gereken ad\u0131mlar\u0131 anlat\u0131yorum ve zihni e\u011fitmeye ba\u015flamak i\u00e7in bir meditasyon program\u0131 var. Bununla birlikte, e\u011fer zaten meditasyona ba\u015flad\u0131ysan\u0131z, zihnimizin kal\u0131plar\u0131n\u0131, ac\u0131lar\u0131m\u0131z\u0131 ve bunlar\u0131n nas\u0131l hafifletilece\u011fini daha iyi anlayaca\u011f\u0131m ikinci bir b\u00f6l\u00fcm var.<\/p>\n<p>Kitap meditasyon ve psikolojiye dayan\u0131yor, ayn\u0131 zamanda bir psikolog olarak deneyimlerime de dayan\u0131yor. Hastalar\u0131mla meditasyonun g\u00fcnl\u00fck ya\u015famlar\u0131na nas\u0131l etki etti\u011fini g\u00f6r\u00fcyorum. Bu nedenle bu kitab\u0131 herkese tavsiye ediyorum.<\/p>\n<h3>Meditasyonda uzun bir deneyim<\/h3>\n<p><strong>Soru: Ne zaman meditasyon yapmaya ba\u015flad\u0131n?<\/strong><\/p>\n<p><strong>A:<\/strong> Uzun y\u0131llard\u0131r meditasyon yap\u0131yorum. K\u00fc\u00e7\u00fckken d\u00f6v\u00fc\u015f sanatlar\u0131yla u\u011fra\u015ft\u0131m ve yapt\u0131\u011f\u0131m\u0131 bilmeden meditasyon yapmaya ba\u015flad\u0131m. Bir yeti\u015fkin olarak bunun bana yard\u0131mc\u0131 oldu\u011funu fark ettim ve psikoloji okurken kendimi meditasyon ve meditasyon konusunda e\u011fitmeye ve e\u011fitmeye ba\u015flad\u0131m. <em>fark\u0131ndal\u0131k<\/em>. Yani 15 y\u0131l\u0131 a\u015fk\u0131n bir s\u00fcredir meditasyon mesle\u011fim ve prati\u011fim var.<\/p>\n<p>Bu enstr\u00fcmanla insan zihninin \u00e7al\u0131\u015fma mekanizmas\u0131n\u0131 y\u00f6nlendirebildim ve anlayabildim. Zihin, ac\u0131y\u0131 anlamak ve onu hafifletmenin mekanizmalar\u0131n\u0131 anlamak i\u00e7in m\u00fckemmel ve gerekli bir laboratuvard\u0131r.<\/p>\n<p><strong>Soru: \u0130nsanlar meditasyonda kendilerini s\u0131k\u0131\u015fm\u0131\u015f hissedebilirler mi?<\/strong><\/p>\n<p><strong>A:<\/strong> Bu uygulaman\u0131n \u00f6n\u00fcnde pek \u00e7ok engel var; zihin bizi sabote eder ve direnir ve meditasyonun faydas\u0131z oldu\u011fu, sizi daha da sinirlendirdi\u011fi, hatta zaman kayb\u0131 oldu\u011fu y\u00f6n\u00fcnde tart\u0131\u015fmalar ba\u015flar. Normal bir \u015feymi\u015f gibi engellerle y\u00fczle\u015fmek zorunday\u0131z, \u00e7\u00fcnk\u00fc zihnimiz \u00e7alkant\u0131l\u0131 ve g\u00fcr\u00fclt\u00fcl\u00fc olmaya al\u0131\u015fk\u0131n oldu\u011fu i\u00e7in direniyor; Sakinlik onu rahats\u0131z ediyor.<\/p>\n<p>Sessizlik al\u0131\u015fkanl\u0131\u011f\u0131n\u0131 edinmeliyiz ve bunu yapabilmek i\u00e7in sakinli\u011fin d\u00fczenlendi\u011fi g\u00fcvenli bir yer bulmal\u0131y\u0131z. Sab\u0131r ve zaman gereklidir. Bazen kendinizi s\u0131k\u0131\u015fm\u0131\u015f hissediyorsan\u0131z de\u011fi\u015fiklik yapmak gerekebilir. Meditasyon yapman\u0131n birka\u00e7 yolu vard\u0131r: fark\u0131ndal\u0131k, \u00fcretken ve analitik uygulama. Birinden di\u011ferine ge\u00e7ebilirsiniz.<\/p>\n<p><strong>S: Bu uygulamalar\u0131n her biri nelerden olu\u015fuyor?<\/strong><\/p>\n<p><strong>A:<\/strong> Meditasyonun ilk ailesi dikkattir. <em>fark\u0131ndal\u0131k<\/em>zihinsel sakinli\u011fi elde etti\u011fimiz yer. Ayr\u0131ca diren\u00e7li durumlar yaratan \u00fcretken meditasyonlar ailesi vard\u0131r; zihnimizde erdemleri geli\u015ftiririz; sevgi ya da \u015fefkat gibi. Son olarak, zihnimizi farkl\u0131 bir yerden g\u00f6zlemlemeyi \u00f6\u011frendik\u00e7e anlay\u0131\u015f\u0131 ve bilgeli\u011fi art\u0131ran analitik olanlar da vard\u0131r.<\/p>\n<p>Meditasyon yapman\u0131n bir\u00e7ok yolu vard\u0131r, bu nedenle <em>fark\u0131ndal\u0131k<\/em> Onlardan biri. Her ki\u015finin, i\u00e7inde bulundu\u011fu ana en uygun uygulamaya uyum sa\u011flamas\u0131n\u0131 ve uygulamaya girmesini gerektirir. Bu nedenle kitapta mant\u0131ksal bir s\u0131rayla uygulaman\u0131z\u0131 \u00f6nerdi\u011fim bir program yap\u0131yorum ancak sizin i\u00e7in en iyi oldu\u011funu d\u00fc\u015f\u00fcn\u00fcyorsan\u0131z onu \u00e7e\u015fitlendirebilirsiniz.<\/p>\n<p><strong>Soru: Meditasyonun son y\u0131llarda bir trend oldu\u011funu d\u00fc\u015f\u00fcn\u00fcyor musunuz?<\/strong><\/p>\n<p><strong>A:<\/strong> Bilimin sonu\u00e7lar\u0131 meditasyonun d\u00fcnyevi bir ara\u00e7 olarak bilinmesine yard\u0131mc\u0131 oldu\u011fu ve bu de\u011fi\u015fiklikler g\u00fcnl\u00fck e\u011fitimden 6 veya 8 hafta sonra ya\u015fand\u0131\u011f\u0131 i\u00e7in bir patlama ya\u015fand\u0131.<\/p>\n<p>S\u00fcrekli pratik yapmak co\u015fku de\u011fil, istedi\u011finize veya bu ya\u015fam tarz\u0131na sahip olman\u0131za yard\u0131mc\u0131 oldu\u011funa dair inan\u00e7 gerektirir; Hayata sakin bakmaya ba\u015flamak, g\u00fcr\u00fclt\u00fcy\u00fc, \u00fcretkenli\u011fi ve stresi b\u0131rakmakla ilgilidir. Kayg\u0131 ve otomatik pilot yay\u0131ld\u0131 ve hayat\u0131n bizim ad\u0131m\u0131za karar verdi\u011fine inan\u0131yoruz. Meditasyon, ya\u015famlar\u0131m\u0131z\u0131 nereye y\u00f6nlendirece\u011fimizi daha yap\u0131c\u0131 ve diren\u00e7li bir i\u00e7sel konumdan se\u00e7ti\u011fimizin fark\u0131nda olmaktan ibarettir.<\/p>\n<div class=\"sharedaddy sd-block sd-like jetpack-likes-widget-wrapper jetpack-likes-widget-unloaded\" id=\"like-post-wrapper-153844979-85612-6437f09b20441\" data-src=\"https:\/\/widgets.wp.com\/likes\/#blog_id=153844979&amp;post_id=85612&amp;origin=elgeneracionalpost.com&amp;obj_id=153844979-85612-6437f09b20441\" data-name=\"like-post-frame-153844979-85612-6437f09b20441\" data-title=\"Me gusta o Compartir\">\n<h3 class=\"sd-title\">Bunu severim:<\/h3>\n<p><span class=\"button\"><span>Severim<\/span><\/span> <span class=\"loading\">Y\u00fckleniyor\u2026<\/span><\/p>\n<p><span class=\"sd-text-color\"\/><\/div>\n<p><h3 class=\"jp-relatedposts-headline\"><em>\u0130lgili<\/em><\/h3>\n<\/p>\n<\/div>\n<p><script async defer src=\"https:\/\/platform.instagram.com\/en_US\/embeds.js\"><\/script><\/p>","protected":false},"excerpt":{"rendered":"<p>Bel\u00e9n Colomina meditasyon arac\u0131l\u0131\u011f\u0131yla bizi sa\u011fl\u0131kl\u0131 ya\u015fama yakla\u015ft\u0131r\u0131yor Bel\u00e9n Colomina, sa\u011fl\u0131k psikolo\u011fu, h\u00fcmanist psikoterapist ve kitap yazar\u0131\u2026 <\/p>","protected":false},"author":1,"featured_media":1136,"comment_status":"open","ping_status":"open","sticky":false,"template":"","format":"standard","meta":{"fifu_image_url":"https:\/\/elgeneracionalpost.com\/wp-content\/uploads\/2023\/04\/belen1.jpg","fifu_image_alt":"","footnotes":""},"categories":[35],"tags":[],"class_list":["post-1135","post","type-post","status-publish","format-standard","has-post-thumbnail","hentry","category-cultura-e-lazer","latest_post"],"yoast_head":"<!-- This site is optimized with the Yoast SEO plugin v27.3 - https:\/\/yoast.com\/product\/yoast-seo-wordpress\/ -->\n<title>&#039;O poder curador do sil\u00eancio&#039;, o livro de Bel\u00e9n Colomina para transformar a mente - Tirinha.com<\/title>\n<meta name=\"robots\" content=\"index, follow, max-snippet:-1, max-image-preview:large, max-video-preview:-1\" \/>\n<link rel=\"canonical\" href=\"https:\/\/tirinha.com\/tr\/1135\/o-poder-curador-do-silencio-o-livro-de-belen-colomina-para-transformar-a-mente\/\" \/>\n<meta property=\"og:locale\" content=\"tr_TR\" \/>\n<meta property=\"og:type\" content=\"article\" \/>\n<meta property=\"og:title\" content=\"&#039;O poder curador do sil\u00eancio&#039;, o livro de Bel\u00e9n Colomina para transformar a mente - Tirinha.com\" \/>\n<meta property=\"og:description\" content=\"Bel\u00e9n Colomina nos aproxima do bem-estar atrav\u00e9s da medita\u00e7\u00e3o Bel\u00e9n Colomina, psic\u00f3loga da sa\u00fade, psicoterapeuta humanista e autora de livros &hellip;\" \/>\n<meta property=\"og:url\" content=\"https:\/\/tirinha.com\/tr\/1135\/o-poder-curador-do-silencio-o-livro-de-belen-colomina-para-transformar-a-mente\/\" \/>\n<meta property=\"og:site_name\" content=\"Tirinha.com\" \/>\n<meta property=\"article:published_time\" content=\"2023-04-13T12:07:57+00:00\" \/>\n<meta property=\"og:image\" content=\"https:\/\/elgeneracionalpost.com\/wp-content\/uploads\/2023\/04\/belen1.jpg\" \/>\n<meta name=\"author\" content=\"admin\" \/>\n<meta name=\"twitter:card\" content=\"summary_large_image\" \/>\n<meta name=\"twitter:image\" content=\"https:\/\/elgeneracionalpost.com\/wp-content\/uploads\/2023\/04\/belen1.jpg\" \/>\n<meta name=\"twitter:label1\" content=\"Yazan:\" \/>\n\t<meta name=\"twitter:data1\" content=\"admin\" \/>\n\t<meta name=\"twitter:label2\" content=\"Tahmini okuma s\u00fcresi\" \/>\n\t<meta name=\"twitter:data2\" content=\"7 dakika\" \/>\n<script type=\"application\/ld+json\" class=\"yoast-schema-graph\">{\"@context\":\"https:\\\/\\\/schema.org\",\"@graph\":[{\"@type\":\"Article\",\"@id\":\"https:\\\/\\\/tirinha.com\\\/1135\\\/o-poder-curador-do-silencio-o-livro-de-belen-colomina-para-transformar-a-mente\\\/#article\",\"isPartOf\":{\"@id\":\"https:\\\/\\\/tirinha.com\\\/1135\\\/o-poder-curador-do-silencio-o-livro-de-belen-colomina-para-transformar-a-mente\\\/\"},\"author\":{\"name\":\"admin\",\"@id\":\"https:\\\/\\\/tirinha.com\\\/#\\\/schema\\\/person\\\/e22bdfbe17e0461f7e927e6a1208d4d9\"},\"headline\":\"&#8216;O poder curador do sil\u00eancio&#8217;, o livro de Bel\u00e9n Colomina para transformar a mente\",\"datePublished\":\"2023-04-13T12:07:57+00:00\",\"mainEntityOfPage\":{\"@id\":\"https:\\\/\\\/tirinha.com\\\/1135\\\/o-poder-curador-do-silencio-o-livro-de-belen-colomina-para-transformar-a-mente\\\/\"},\"wordCount\":1423,\"commentCount\":0,\"publisher\":{\"@id\":\"https:\\\/\\\/tirinha.com\\\/#organization\"},\"image\":{\"@id\":\"https:\\\/\\\/tirinha.com\\\/1135\\\/o-poder-curador-do-silencio-o-livro-de-belen-colomina-para-transformar-a-mente\\\/#primaryimage\"},\"thumbnailUrl\":\"https:\\\/\\\/elgeneracionalpost.com\\\/wp-content\\\/uploads\\\/2023\\\/04\\\/belen1.jpg\",\"articleSection\":[\"Cultura e lazer\"],\"inLanguage\":\"tr\",\"potentialAction\":[{\"@type\":\"CommentAction\",\"name\":\"Comment\",\"target\":[\"https:\\\/\\\/tirinha.com\\\/1135\\\/o-poder-curador-do-silencio-o-livro-de-belen-colomina-para-transformar-a-mente\\\/#respond\"]}]},{\"@type\":\"WebPage\",\"@id\":\"https:\\\/\\\/tirinha.com\\\/1135\\\/o-poder-curador-do-silencio-o-livro-de-belen-colomina-para-transformar-a-mente\\\/\",\"url\":\"https:\\\/\\\/tirinha.com\\\/1135\\\/o-poder-curador-do-silencio-o-livro-de-belen-colomina-para-transformar-a-mente\\\/\",\"name\":\"'O poder curador do sil\u00eancio', o livro de Bel\u00e9n Colomina para transformar a mente - Tirinha.com\",\"isPartOf\":{\"@id\":\"https:\\\/\\\/tirinha.com\\\/#website\"},\"primaryImageOfPage\":{\"@id\":\"https:\\\/\\\/tirinha.com\\\/1135\\\/o-poder-curador-do-silencio-o-livro-de-belen-colomina-para-transformar-a-mente\\\/#primaryimage\"},\"image\":{\"@id\":\"https:\\\/\\\/tirinha.com\\\/1135\\\/o-poder-curador-do-silencio-o-livro-de-belen-colomina-para-transformar-a-mente\\\/#primaryimage\"},\"thumbnailUrl\":\"https:\\\/\\\/elgeneracionalpost.com\\\/wp-content\\\/uploads\\\/2023\\\/04\\\/belen1.jpg\",\"datePublished\":\"2023-04-13T12:07:57+00:00\",\"breadcrumb\":{\"@id\":\"https:\\\/\\\/tirinha.com\\\/1135\\\/o-poder-curador-do-silencio-o-livro-de-belen-colomina-para-transformar-a-mente\\\/#breadcrumb\"},\"inLanguage\":\"tr\",\"potentialAction\":[{\"@type\":\"ReadAction\",\"target\":[\"https:\\\/\\\/tirinha.com\\\/1135\\\/o-poder-curador-do-silencio-o-livro-de-belen-colomina-para-transformar-a-mente\\\/\"]}]},{\"@type\":\"ImageObject\",\"inLanguage\":\"tr\",\"@id\":\"https:\\\/\\\/tirinha.com\\\/1135\\\/o-poder-curador-do-silencio-o-livro-de-belen-colomina-para-transformar-a-mente\\\/#primaryimage\",\"url\":\"https:\\\/\\\/elgeneracionalpost.com\\\/wp-content\\\/uploads\\\/2023\\\/04\\\/belen1.jpg\",\"contentUrl\":\"https:\\\/\\\/elgeneracionalpost.com\\\/wp-content\\\/uploads\\\/2023\\\/04\\\/belen1.jpg\"},{\"@type\":\"BreadcrumbList\",\"@id\":\"https:\\\/\\\/tirinha.com\\\/1135\\\/o-poder-curador-do-silencio-o-livro-de-belen-colomina-para-transformar-a-mente\\\/#breadcrumb\",\"itemListElement\":[{\"@type\":\"ListItem\",\"position\":1,\"name\":\"Home\",\"item\":\"https:\\\/\\\/tirinha.com\\\/\"},{\"@type\":\"ListItem\",\"position\":2,\"name\":\"&#8216;O poder curador do sil\u00eancio&#8217;, o livro de Bel\u00e9n Colomina para transformar a mente\"}]},{\"@type\":\"WebSite\",\"@id\":\"https:\\\/\\\/tirinha.com\\\/#website\",\"url\":\"https:\\\/\\\/tirinha.com\\\/\",\"name\":\"Tirinha.com\",\"description\":\"Arte e livros resenhas\",\"publisher\":{\"@id\":\"https:\\\/\\\/tirinha.com\\\/#organization\"},\"potentialAction\":[{\"@type\":\"SearchAction\",\"target\":{\"@type\":\"EntryPoint\",\"urlTemplate\":\"https:\\\/\\\/tirinha.com\\\/?s={search_term_string}\"},\"query-input\":{\"@type\":\"PropertyValueSpecification\",\"valueRequired\":true,\"valueName\":\"search_term_string\"}}],\"inLanguage\":\"tr\"},{\"@type\":\"Organization\",\"@id\":\"https:\\\/\\\/tirinha.com\\\/#organization\",\"name\":\"Tirinha.com\",\"url\":\"https:\\\/\\\/tirinha.com\\\/\",\"logo\":{\"@type\":\"ImageObject\",\"inLanguage\":\"tr\",\"@id\":\"https:\\\/\\\/tirinha.com\\\/#\\\/schema\\\/logo\\\/image\\\/\",\"url\":\"https:\\\/\\\/tirinha.com\\\/wp-content\\\/uploads\\\/2023\\\/08\\\/cropped-Logo-Tirinha.webp\",\"contentUrl\":\"https:\\\/\\\/tirinha.com\\\/wp-content\\\/uploads\\\/2023\\\/08\\\/cropped-Logo-Tirinha.webp\",\"width\":512,\"height\":512,\"caption\":\"Tirinha.com\"},\"image\":{\"@id\":\"https:\\\/\\\/tirinha.com\\\/#\\\/schema\\\/logo\\\/image\\\/\"}},{\"@type\":\"Person\",\"@id\":\"https:\\\/\\\/tirinha.com\\\/#\\\/schema\\\/person\\\/e22bdfbe17e0461f7e927e6a1208d4d9\",\"name\":\"admin\",\"image\":{\"@type\":\"ImageObject\",\"inLanguage\":\"tr\",\"@id\":\"https:\\\/\\\/tirinha.com\\\/wp-content\\\/litespeed\\\/avatar\\\/d0068f7931cc87d7274eb0c3db1deb4b.jpg?ver=1776829466\",\"url\":\"https:\\\/\\\/tirinha.com\\\/wp-content\\\/litespeed\\\/avatar\\\/d0068f7931cc87d7274eb0c3db1deb4b.jpg?ver=1776829466\",\"contentUrl\":\"https:\\\/\\\/tirinha.com\\\/wp-content\\\/litespeed\\\/avatar\\\/d0068f7931cc87d7274eb0c3db1deb4b.jpg?ver=1776829466\",\"caption\":\"admin\"},\"sameAs\":[\"https:\\\/\\\/tirinha.com\"],\"url\":\"https:\\\/\\\/tirinha.com\\\/tr\\\/author\\\/admin\\\/\"}]}<\/script>\n<!-- \/ Yoast SEO plugin. -->","yoast_head_json":{"title":"'O poder curador do sil\u00eancio', o livro de Bel\u00e9n Colomina para transformar a mente - Tirinha.com","robots":{"index":"index","follow":"follow","max-snippet":"max-snippet:-1","max-image-preview":"max-image-preview:large","max-video-preview":"max-video-preview:-1"},"canonical":"https:\/\/tirinha.com\/tr\/1135\/o-poder-curador-do-silencio-o-livro-de-belen-colomina-para-transformar-a-mente\/","og_locale":"tr_TR","og_type":"article","og_title":"'O poder curador do sil\u00eancio', o livro de Bel\u00e9n Colomina para transformar a mente - Tirinha.com","og_description":"Bel\u00e9n Colomina nos aproxima do bem-estar atrav\u00e9s da medita\u00e7\u00e3o Bel\u00e9n Colomina, psic\u00f3loga da sa\u00fade, psicoterapeuta humanista e autora de livros &hellip;","og_url":"https:\/\/tirinha.com\/tr\/1135\/o-poder-curador-do-silencio-o-livro-de-belen-colomina-para-transformar-a-mente\/","og_site_name":"Tirinha.com","article_published_time":"2023-04-13T12:07:57+00:00","og_image":[{"url":"https:\/\/elgeneracionalpost.com\/wp-content\/uploads\/2023\/04\/belen1.jpg","type":"","width":"","height":""}],"author":"admin","twitter_card":"summary_large_image","twitter_image":"https:\/\/elgeneracionalpost.com\/wp-content\/uploads\/2023\/04\/belen1.jpg","twitter_misc":{"Yazan:":"admin","Tahmini okuma s\u00fcresi":"7 dakika"},"schema":{"@context":"https:\/\/schema.org","@graph":[{"@type":"Article","@id":"https:\/\/tirinha.com\/1135\/o-poder-curador-do-silencio-o-livro-de-belen-colomina-para-transformar-a-mente\/#article","isPartOf":{"@id":"https:\/\/tirinha.com\/1135\/o-poder-curador-do-silencio-o-livro-de-belen-colomina-para-transformar-a-mente\/"},"author":{"name":"admin","@id":"https:\/\/tirinha.com\/#\/schema\/person\/e22bdfbe17e0461f7e927e6a1208d4d9"},"headline":"&#8216;O poder curador do sil\u00eancio&#8217;, o livro de Bel\u00e9n Colomina para transformar a mente","datePublished":"2023-04-13T12:07:57+00:00","mainEntityOfPage":{"@id":"https:\/\/tirinha.com\/1135\/o-poder-curador-do-silencio-o-livro-de-belen-colomina-para-transformar-a-mente\/"},"wordCount":1423,"commentCount":0,"publisher":{"@id":"https:\/\/tirinha.com\/#organization"},"image":{"@id":"https:\/\/tirinha.com\/1135\/o-poder-curador-do-silencio-o-livro-de-belen-colomina-para-transformar-a-mente\/#primaryimage"},"thumbnailUrl":"https:\/\/elgeneracionalpost.com\/wp-content\/uploads\/2023\/04\/belen1.jpg","articleSection":["Cultura e lazer"],"inLanguage":"tr","potentialAction":[{"@type":"CommentAction","name":"Comment","target":["https:\/\/tirinha.com\/1135\/o-poder-curador-do-silencio-o-livro-de-belen-colomina-para-transformar-a-mente\/#respond"]}]},{"@type":"WebPage","@id":"https:\/\/tirinha.com\/1135\/o-poder-curador-do-silencio-o-livro-de-belen-colomina-para-transformar-a-mente\/","url":"https:\/\/tirinha.com\/1135\/o-poder-curador-do-silencio-o-livro-de-belen-colomina-para-transformar-a-mente\/","name":"'O poder curador do sil\u00eancio', o livro de Bel\u00e9n Colomina para transformar a mente - Tirinha.com","isPartOf":{"@id":"https:\/\/tirinha.com\/#website"},"primaryImageOfPage":{"@id":"https:\/\/tirinha.com\/1135\/o-poder-curador-do-silencio-o-livro-de-belen-colomina-para-transformar-a-mente\/#primaryimage"},"image":{"@id":"https:\/\/tirinha.com\/1135\/o-poder-curador-do-silencio-o-livro-de-belen-colomina-para-transformar-a-mente\/#primaryimage"},"thumbnailUrl":"https:\/\/elgeneracionalpost.com\/wp-content\/uploads\/2023\/04\/belen1.jpg","datePublished":"2023-04-13T12:07:57+00:00","breadcrumb":{"@id":"https:\/\/tirinha.com\/1135\/o-poder-curador-do-silencio-o-livro-de-belen-colomina-para-transformar-a-mente\/#breadcrumb"},"inLanguage":"tr","potentialAction":[{"@type":"ReadAction","target":["https:\/\/tirinha.com\/1135\/o-poder-curador-do-silencio-o-livro-de-belen-colomina-para-transformar-a-mente\/"]}]},{"@type":"ImageObject","inLanguage":"tr","@id":"https:\/\/tirinha.com\/1135\/o-poder-curador-do-silencio-o-livro-de-belen-colomina-para-transformar-a-mente\/#primaryimage","url":"https:\/\/elgeneracionalpost.com\/wp-content\/uploads\/2023\/04\/belen1.jpg","contentUrl":"https:\/\/elgeneracionalpost.com\/wp-content\/uploads\/2023\/04\/belen1.jpg"},{"@type":"BreadcrumbList","@id":"https:\/\/tirinha.com\/1135\/o-poder-curador-do-silencio-o-livro-de-belen-colomina-para-transformar-a-mente\/#breadcrumb","itemListElement":[{"@type":"ListItem","position":1,"name":"Home","item":"https:\/\/tirinha.com\/"},{"@type":"ListItem","position":2,"name":"&#8216;O poder curador do sil\u00eancio&#8217;, o livro de Bel\u00e9n Colomina para transformar a mente"}]},{"@type":"WebSite","@id":"https:\/\/tirinha.com\/#website","url":"https:\/\/tirinha.com\/","name":"\u00e7izgi roman.com","description":"Sanat ve kitap ele\u015ftirileri","publisher":{"@id":"https:\/\/tirinha.com\/#organization"},"potentialAction":[{"@type":"SearchAction","target":{"@type":"EntryPoint","urlTemplate":"https:\/\/tirinha.com\/?s={search_term_string}"},"query-input":{"@type":"PropertyValueSpecification","valueRequired":true,"valueName":"search_term_string"}}],"inLanguage":"tr"},{"@type":"Organization","@id":"https:\/\/tirinha.com\/#organization","name":"\u00e7izgi roman.com","url":"https:\/\/tirinha.com\/","logo":{"@type":"ImageObject","inLanguage":"tr","@id":"https:\/\/tirinha.com\/#\/schema\/logo\/image\/","url":"https:\/\/tirinha.com\/wp-content\/uploads\/2023\/08\/cropped-Logo-Tirinha.webp","contentUrl":"https:\/\/tirinha.com\/wp-content\/uploads\/2023\/08\/cropped-Logo-Tirinha.webp","width":512,"height":512,"caption":"Tirinha.com"},"image":{"@id":"https:\/\/tirinha.com\/#\/schema\/logo\/image\/"}},{"@type":"Person","@id":"https:\/\/tirinha.com\/#\/schema\/person\/e22bdfbe17e0461f7e927e6a1208d4d9","name":"y\u00f6netici","image":{"@type":"ImageObject","inLanguage":"tr","@id":"https:\/\/tirinha.com\/wp-content\/litespeed\/avatar\/d0068f7931cc87d7274eb0c3db1deb4b.jpg?ver=1776829466","url":"https:\/\/tirinha.com\/wp-content\/litespeed\/avatar\/d0068f7931cc87d7274eb0c3db1deb4b.jpg?ver=1776829466","contentUrl":"https:\/\/tirinha.com\/wp-content\/litespeed\/avatar\/d0068f7931cc87d7274eb0c3db1deb4b.jpg?ver=1776829466","caption":"admin"},"sameAs":["https:\/\/tirinha.com"],"url":"https:\/\/tirinha.com\/tr\/author\/admin\/"}]}},"_links":{"self":[{"href":"https:\/\/tirinha.com\/tr\/wp-json\/wp\/v2\/posts\/1135","targetHints":{"allow":["GET"]}}],"collection":[{"href":"https:\/\/tirinha.com\/tr\/wp-json\/wp\/v2\/posts"}],"about":[{"href":"https:\/\/tirinha.com\/tr\/wp-json\/wp\/v2\/types\/post"}],"author":[{"embeddable":true,"href":"https:\/\/tirinha.com\/tr\/wp-json\/wp\/v2\/users\/1"}],"replies":[{"embeddable":true,"href":"https:\/\/tirinha.com\/tr\/wp-json\/wp\/v2\/comments?post=1135"}],"version-history":[{"count":0,"href":"https:\/\/tirinha.com\/tr\/wp-json\/wp\/v2\/posts\/1135\/revisions"}],"wp:featuredmedia":[{"embeddable":true,"href":"https:\/\/tirinha.com\/tr\/wp-json\/wp\/v2\/media\/1136"}],"wp:attachment":[{"href":"https:\/\/tirinha.com\/tr\/wp-json\/wp\/v2\/media?parent=1135"}],"wp:term":[{"taxonomy":"category","embeddable":true,"href":"https:\/\/tirinha.com\/tr\/wp-json\/wp\/v2\/categories?post=1135"},{"taxonomy":"post_tag","embeddable":true,"href":"https:\/\/tirinha.com\/tr\/wp-json\/wp\/v2\/tags?post=1135"}],"curies":[{"name":"wp","href":"https:\/\/api.w.org\/{rel}","templated":true}]}}