{"id":1108,"date":"2023-04-10T18:41:43","date_gmt":"2023-04-10T18:41:43","guid":{"rendered":"https:\/\/tirinha.com\/anclados-lanca-seu-ultimo-single-quiero\/"},"modified":"2023-04-10T18:41:43","modified_gmt":"2023-04-10T18:41:43","slug":"anclados-son-singlei-quieroyu-yayinladi","status":"publish","type":"post","link":"https:\/\/tirinha.com\/tr\/1108\/anclados-lanca-seu-ultimo-single-quiero\/","title":{"rendered":"Anclados son single&#039;\u0131 &#039;QUIERO+&#039;\u0131 yay\u0131nlad\u0131"},"content":{"rendered":"<p><\/p>\n<div data-td-block-uid=\"tdi_70\">\n<div class=\"tdb-block-inner td-fix-index\">\n<div>\n<p><strong>Anclados m\u00fczik grubu son single&#039;\u0131n\u0131n yay\u0131nland\u0131\u011f\u0131n\u0131 duyurmaktan mutluluk duyuyor <em>\u0130ST\u0130YORUM<\/em>30 Mart&#039;tan bu yana t\u00fcm dijital platformlarda. Yeni \u015fark\u0131 grup i\u00e7in yeni bir ba\u015far\u0131 olaca\u011fa benziyor ve takip\u00e7ileri taraf\u0131ndan merakla bekleniyor.<\/strong><\/p>\n<\/div>\n<p><em><strong>\u0130ST\u0130YORUM<\/strong><\/em> Enerjisi, ritmi ve b\u00fcy\u00fcleyici melodisiyle \u00f6ne \u00e7\u0131kan ve \u015f\u00fcphesiz grubun hayranlar\u0131n\u0131n favorilerinden biri olacak bir \u015fark\u0131. \u015eark\u0131, olu\u015fturdu\u011fu akustik ikili taraf\u0131ndan yaz\u0131lm\u0131\u015ft\u0131r. <strong>Carlos Diaz Martin-Albo<\/strong> Bu <strong>Ruben Navarrete Cobaleday. <\/strong>Ayr\u0131ca yap\u0131mc\u0131l\u0131\u011f\u0131n\u0131 m\u00fczik yap\u0131mc\u0131s\u0131 \u00fcstlendi. <strong>Javier Balmoral<\/strong>. Bu \u015fark\u0131n\u0131n \u00e7\u0131k\u0131\u015f\u0131 \u015fu sat\u0131rlardan \u00f6nce geliyor: <strong>\u00f6zel konserler<\/strong> grubun \u0130spanya&#039;daki farkl\u0131 d\u00fc\u011f\u00fcnlerde ve cemaatlerde sunaca\u011f\u0131 \u015fark\u0131.<\/p>\n<p><span class=\"embed-youtube\" style=\"text-align:center; display: block;\"><iframe title=\"Anclados - QUIERO + (Resmi Video Klip)\" width=\"790\" height=\"444\" src=\"https:\/\/www.youtube.com\/embed\/X8eDUHvUwGM?feature=oembed\" frameborder=\"0\" allow=\"accelerometer; autoplay; clipboard-write; encrypted-media; gyroscope; picture-in-picture; web-share\" allowfullscreen><\/iframe><\/span><\/p>\n<p>pop grubu, <strong>demirlemi\u015f,<\/strong> Sosyal medyada olduk\u00e7a aktif olarak hayranlar\u0131n\u0131 projeleri ve \u015fovlar\u0131 hakk\u0131nda bilgilendiriyor. Grup takip\u00e7ileri web sitelerinde daha fazla bilgi bulabilir<strong> resmi site<\/strong> ve onlar\u0131 sosyal a\u011flarda takip edin; <strong>Facebook<\/strong> Bu <strong>instagram<\/strong>. Ek olarak, t\u00fcm Ba\u011flant\u0131l\u0131 m\u00fczikleri a\u015fa\u011f\u0131dakiler de dahil olmak \u00fczere t\u00fcm ak\u0131\u015f platformlar\u0131nda dinleyebilirsiniz: <strong>Spotify<\/strong>, <strong>Apple M\u00fczik<\/strong> Bu <strong>Youtube<\/strong>di\u011ferleri aras\u0131nda.<\/p>\n<div>\n<p><strong>M\u00fczik g\u00fcn\u00fcm\u00fcz\u00fc tamamen de\u011fi\u015ftirebilir<\/strong>daha sonra yay\u0131nlanmas\u0131 <em><strong>\u0130ST\u0130YORUM<\/strong><\/em>  Anchor hayranlar\u0131 i\u00e7in harika bir haber. Grup bir kez daha yaratma yetene\u011fini g\u00f6sterdi. <strong>ak\u0131lda kal\u0131c\u0131 ve enerjik \u015fark\u0131lar<\/strong>ve bu yeni \u015fark\u0131n\u0131n b\u00fcy\u00fck bir ba\u015far\u0131 elde etmesini umuyoruz. Dinleme f\u0131rsat\u0131n\u0131 ka\u00e7\u0131rmay\u0131n <strong><em>\u0130ST\u0130YORUM<\/em><\/strong>  ve onlar\u0131n i\u00e7inde demirli kalmak <strong>sosyal medya<\/strong> Yakla\u015fan projeleri ve \u015fovlar\u0131 hakk\u0131nda daha fazla bilgi i\u00e7in.<\/p>\n<\/div>\n<p><strong>Ayr\u0131ca ilginizi \u00e7ekebilir:<\/strong><\/p>\n<blockquote class=\"wp-embedded-content\" data-secret=\"5G3wAuqzBb\">\n<p>Tr\u00eas Caladas ve Paula Mattheus&#039;tan yeni single &#039;Con Cada Luna&#039;<\/p>\n<\/blockquote>\n<p><iframe class=\"wp-embedded-content\" sandbox=\"allow-scripts\" security=\"restricted\" style=\"position: absolute; clip: rect(1px, 1px, 1px, 1px);\" title=\"\u00abTres Caladas ve Paula Mattheus&#039;tan yeni tekli &#039;&#039;Con Cada Luna&#039;&#039; \u2014 EG. Dijital s\u00fcreli yay\u0131n. Haberler. Haberler\" src=\"https:\/\/elgeneracionalpost.com\/cultura\/musica\/2023\/0327\/83450\/con-cada-luna-nuevo-single-de-tres-caladas-y-paula-mattheus.html\/embed#?secret=bemPZCGrIa#?secret=5G3wAuqzBb\" data-secret=\"5G3wAuqzBb\" width=\"600\" height=\"338\" frameborder=\"0\" marginwidth=\"0\" marginheight=\"0\" scrolling=\"no\"><\/iframe><\/p>\n<div class=\"sharedaddy sd-block sd-like jetpack-likes-widget-wrapper jetpack-likes-widget-unloaded\" id=\"like-post-wrapper-153844979-85407-64345865f1d8c\" data-src=\"https:\/\/widgets.wp.com\/likes\/#blog_id=153844979&amp;post_id=85407&amp;origin=elgeneracionalpost.com&amp;obj_id=153844979-85407-64345865f1d8c\" data-name=\"like-post-frame-153844979-85407-64345865f1d8c\" data-title=\"Me gusta o Compartir\">\n<h3 class=\"sd-title\">Bunu severim:<\/h3>\n<p><span class=\"button\"><span>Severim<\/span><\/span> <span class=\"loading\">Y\u00fckleniyor\u2026<\/span><\/p>\n<p><span class=\"sd-text-color\"\/><\/div>\n<p><h3 class=\"jp-relatedposts-headline\"><em>\u0130lgili<\/em><\/h3>\n<\/p>\n<\/div>\n<\/div>\n<p><script async defer src=\"https:\/\/platform.instagram.com\/en_US\/embeds.js\"><\/script><\/p>","protected":false},"excerpt":{"rendered":"<p>Anclados m\u00fczik grubu son single&#039;\u0131 EU QUERO+&#039;n\u0131n yay\u0131nland\u0131\u011f\u0131n\u0131 duyurmaktan mutluluk duyuyor. <\/p>","protected":false},"author":1,"featured_media":1110,"comment_status":"open","ping_status":"open","sticky":false,"template":"","format":"standard","meta":{"fifu_image_url":"https:\/\/elgeneracionalpost.com\/wp-content\/uploads\/2023\/04\/quiero.jpg","fifu_image_alt":"","footnotes":""},"categories":[35],"tags":[],"class_list":["post-1108","post","type-post","status-publish","format-standard","has-post-thumbnail","hentry","category-cultura-e-lazer","latest_post"],"yoast_head":"<!-- This site is optimized with the Yoast SEO plugin v27.3 - https:\/\/yoast.com\/product\/yoast-seo-wordpress\/ -->\n<title>Anclados lan\u00e7a seu \u00faltimo single &#039;QUIERO+&#039; - Tirinha.com<\/title>\n<meta name=\"robots\" content=\"index, follow, max-snippet:-1, max-image-preview:large, max-video-preview:-1\" \/>\n<link rel=\"canonical\" href=\"https:\/\/tirinha.com\/tr\/1108\/anclados-son-singlei-quieroyu-yayinladi\/\" \/>\n<meta property=\"og:locale\" content=\"tr_TR\" \/>\n<meta property=\"og:type\" content=\"article\" \/>\n<meta property=\"og:title\" content=\"Anclados lan\u00e7a seu \u00faltimo single &#039;QUIERO+&#039; - Tirinha.com\" \/>\n<meta property=\"og:description\" content=\"O grupo musical Anclados tem o prazer de anunciar o lan\u00e7amento do seu mais recente single EU QUERO+, que est\u00e1 &hellip;\" \/>\n<meta property=\"og:url\" content=\"https:\/\/tirinha.com\/tr\/1108\/anclados-son-singlei-quieroyu-yayinladi\/\" \/>\n<meta property=\"og:site_name\" content=\"Tirinha.com\" \/>\n<meta property=\"article:published_time\" content=\"2023-04-10T18:41:43+00:00\" \/>\n<meta property=\"og:image\" content=\"https:\/\/elgeneracionalpost.com\/wp-content\/uploads\/2023\/04\/quiero.jpg\" \/>\n<meta name=\"author\" content=\"admin\" \/>\n<meta name=\"twitter:card\" content=\"summary_large_image\" \/>\n<meta name=\"twitter:image\" content=\"https:\/\/elgeneracionalpost.com\/wp-content\/uploads\/2023\/04\/quiero.jpg\" \/>\n<meta name=\"twitter:label1\" content=\"Yazan:\" \/>\n\t<meta name=\"twitter:data1\" content=\"admin\" \/>\n\t<meta name=\"twitter:label2\" content=\"Tahmini okuma s\u00fcresi\" \/>\n\t<meta name=\"twitter:data2\" content=\"2 dakika\" \/>\n<script type=\"application\/ld+json\" class=\"yoast-schema-graph\">{\"@context\":\"https:\\\/\\\/schema.org\",\"@graph\":[{\"@type\":\"Article\",\"@id\":\"https:\\\/\\\/tirinha.com\\\/1108\\\/anclados-lanca-seu-ultimo-single-quiero\\\/#article\",\"isPartOf\":{\"@id\":\"https:\\\/\\\/tirinha.com\\\/1108\\\/anclados-lanca-seu-ultimo-single-quiero\\\/\"},\"author\":{\"name\":\"admin\",\"@id\":\"https:\\\/\\\/tirinha.com\\\/#\\\/schema\\\/person\\\/e22bdfbe17e0461f7e927e6a1208d4d9\"},\"headline\":\"Anclados lan\u00e7a seu \u00faltimo single &#8216;QUIERO+&#8217;\",\"datePublished\":\"2023-04-10T18:41:43+00:00\",\"mainEntityOfPage\":{\"@id\":\"https:\\\/\\\/tirinha.com\\\/1108\\\/anclados-lanca-seu-ultimo-single-quiero\\\/\"},\"wordCount\":327,\"commentCount\":0,\"publisher\":{\"@id\":\"https:\\\/\\\/tirinha.com\\\/#organization\"},\"image\":{\"@id\":\"https:\\\/\\\/tirinha.com\\\/1108\\\/anclados-lanca-seu-ultimo-single-quiero\\\/#primaryimage\"},\"thumbnailUrl\":\"https:\\\/\\\/elgeneracionalpost.com\\\/wp-content\\\/uploads\\\/2023\\\/04\\\/quiero.jpg\",\"articleSection\":[\"Cultura e lazer\"],\"inLanguage\":\"tr\",\"potentialAction\":[{\"@type\":\"CommentAction\",\"name\":\"Comment\",\"target\":[\"https:\\\/\\\/tirinha.com\\\/1108\\\/anclados-lanca-seu-ultimo-single-quiero\\\/#respond\"]}]},{\"@type\":\"WebPage\",\"@id\":\"https:\\\/\\\/tirinha.com\\\/1108\\\/anclados-lanca-seu-ultimo-single-quiero\\\/\",\"url\":\"https:\\\/\\\/tirinha.com\\\/1108\\\/anclados-lanca-seu-ultimo-single-quiero\\\/\",\"name\":\"Anclados lan\u00e7a seu \u00faltimo single 'QUIERO+' - Tirinha.com\",\"isPartOf\":{\"@id\":\"https:\\\/\\\/tirinha.com\\\/#website\"},\"primaryImageOfPage\":{\"@id\":\"https:\\\/\\\/tirinha.com\\\/1108\\\/anclados-lanca-seu-ultimo-single-quiero\\\/#primaryimage\"},\"image\":{\"@id\":\"https:\\\/\\\/tirinha.com\\\/1108\\\/anclados-lanca-seu-ultimo-single-quiero\\\/#primaryimage\"},\"thumbnailUrl\":\"https:\\\/\\\/elgeneracionalpost.com\\\/wp-content\\\/uploads\\\/2023\\\/04\\\/quiero.jpg\",\"datePublished\":\"2023-04-10T18:41:43+00:00\",\"breadcrumb\":{\"@id\":\"https:\\\/\\\/tirinha.com\\\/1108\\\/anclados-lanca-seu-ultimo-single-quiero\\\/#breadcrumb\"},\"inLanguage\":\"tr\",\"potentialAction\":[{\"@type\":\"ReadAction\",\"target\":[\"https:\\\/\\\/tirinha.com\\\/1108\\\/anclados-lanca-seu-ultimo-single-quiero\\\/\"]}]},{\"@type\":\"ImageObject\",\"inLanguage\":\"tr\",\"@id\":\"https:\\\/\\\/tirinha.com\\\/1108\\\/anclados-lanca-seu-ultimo-single-quiero\\\/#primaryimage\",\"url\":\"https:\\\/\\\/elgeneracionalpost.com\\\/wp-content\\\/uploads\\\/2023\\\/04\\\/quiero.jpg\",\"contentUrl\":\"https:\\\/\\\/elgeneracionalpost.com\\\/wp-content\\\/uploads\\\/2023\\\/04\\\/quiero.jpg\"},{\"@type\":\"BreadcrumbList\",\"@id\":\"https:\\\/\\\/tirinha.com\\\/1108\\\/anclados-lanca-seu-ultimo-single-quiero\\\/#breadcrumb\",\"itemListElement\":[{\"@type\":\"ListItem\",\"position\":1,\"name\":\"Home\",\"item\":\"https:\\\/\\\/tirinha.com\\\/\"},{\"@type\":\"ListItem\",\"position\":2,\"name\":\"Anclados lan\u00e7a seu \u00faltimo single &#8216;QUIERO+&#8217;\"}]},{\"@type\":\"WebSite\",\"@id\":\"https:\\\/\\\/tirinha.com\\\/#website\",\"url\":\"https:\\\/\\\/tirinha.com\\\/\",\"name\":\"Tirinha.com\",\"description\":\"Arte e livros resenhas\",\"publisher\":{\"@id\":\"https:\\\/\\\/tirinha.com\\\/#organization\"},\"potentialAction\":[{\"@type\":\"SearchAction\",\"target\":{\"@type\":\"EntryPoint\",\"urlTemplate\":\"https:\\\/\\\/tirinha.com\\\/?s={search_term_string}\"},\"query-input\":{\"@type\":\"PropertyValueSpecification\",\"valueRequired\":true,\"valueName\":\"search_term_string\"}}],\"inLanguage\":\"tr\"},{\"@type\":\"Organization\",\"@id\":\"https:\\\/\\\/tirinha.com\\\/#organization\",\"name\":\"Tirinha.com\",\"url\":\"https:\\\/\\\/tirinha.com\\\/\",\"logo\":{\"@type\":\"ImageObject\",\"inLanguage\":\"tr\",\"@id\":\"https:\\\/\\\/tirinha.com\\\/#\\\/schema\\\/logo\\\/image\\\/\",\"url\":\"https:\\\/\\\/tirinha.com\\\/wp-content\\\/uploads\\\/2023\\\/08\\\/cropped-Logo-Tirinha.webp\",\"contentUrl\":\"https:\\\/\\\/tirinha.com\\\/wp-content\\\/uploads\\\/2023\\\/08\\\/cropped-Logo-Tirinha.webp\",\"width\":512,\"height\":512,\"caption\":\"Tirinha.com\"},\"image\":{\"@id\":\"https:\\\/\\\/tirinha.com\\\/#\\\/schema\\\/logo\\\/image\\\/\"}},{\"@type\":\"Person\",\"@id\":\"https:\\\/\\\/tirinha.com\\\/#\\\/schema\\\/person\\\/e22bdfbe17e0461f7e927e6a1208d4d9\",\"name\":\"admin\",\"image\":{\"@type\":\"ImageObject\",\"inLanguage\":\"tr\",\"@id\":\"https:\\\/\\\/tirinha.com\\\/wp-content\\\/litespeed\\\/avatar\\\/d0068f7931cc87d7274eb0c3db1deb4b.jpg?ver=1776829466\",\"url\":\"https:\\\/\\\/tirinha.com\\\/wp-content\\\/litespeed\\\/avatar\\\/d0068f7931cc87d7274eb0c3db1deb4b.jpg?ver=1776829466\",\"contentUrl\":\"https:\\\/\\\/tirinha.com\\\/wp-content\\\/litespeed\\\/avatar\\\/d0068f7931cc87d7274eb0c3db1deb4b.jpg?ver=1776829466\",\"caption\":\"admin\"},\"sameAs\":[\"https:\\\/\\\/tirinha.com\"],\"url\":\"https:\\\/\\\/tirinha.com\\\/tr\\\/author\\\/admin\\\/\"}]}<\/script>\n<!-- \/ Yoast SEO plugin. -->","yoast_head_json":{"title":"Anclados son single&#039;\u0131 &#039;QUIERO+&#039;\u0131 yay\u0131nlad\u0131 - Tirinha.com","robots":{"index":"index","follow":"follow","max-snippet":"max-snippet:-1","max-image-preview":"max-image-preview:large","max-video-preview":"max-video-preview:-1"},"canonical":"https:\/\/tirinha.com\/tr\/1108\/anclados-son-singlei-quieroyu-yayinladi\/","og_locale":"tr_TR","og_type":"article","og_title":"Anclados lan\u00e7a seu \u00faltimo single 'QUIERO+' - Tirinha.com","og_description":"O grupo musical Anclados tem o prazer de anunciar o lan\u00e7amento do seu mais recente single EU QUERO+, que est\u00e1 &hellip;","og_url":"https:\/\/tirinha.com\/tr\/1108\/anclados-son-singlei-quieroyu-yayinladi\/","og_site_name":"Tirinha.com","article_published_time":"2023-04-10T18:41:43+00:00","og_image":[{"url":"https:\/\/elgeneracionalpost.com\/wp-content\/uploads\/2023\/04\/quiero.jpg","type":"","width":"","height":""}],"author":"admin","twitter_card":"summary_large_image","twitter_image":"https:\/\/elgeneracionalpost.com\/wp-content\/uploads\/2023\/04\/quiero.jpg","twitter_misc":{"Yazan:":"admin","Tahmini okuma s\u00fcresi":"2 dakika"},"schema":{"@context":"https:\/\/schema.org","@graph":[{"@type":"Article","@id":"https:\/\/tirinha.com\/1108\/anclados-lanca-seu-ultimo-single-quiero\/#article","isPartOf":{"@id":"https:\/\/tirinha.com\/1108\/anclados-lanca-seu-ultimo-single-quiero\/"},"author":{"name":"admin","@id":"https:\/\/tirinha.com\/#\/schema\/person\/e22bdfbe17e0461f7e927e6a1208d4d9"},"headline":"Anclados lan\u00e7a seu \u00faltimo single &#8216;QUIERO+&#8217;","datePublished":"2023-04-10T18:41:43+00:00","mainEntityOfPage":{"@id":"https:\/\/tirinha.com\/1108\/anclados-lanca-seu-ultimo-single-quiero\/"},"wordCount":327,"commentCount":0,"publisher":{"@id":"https:\/\/tirinha.com\/#organization"},"image":{"@id":"https:\/\/tirinha.com\/1108\/anclados-lanca-seu-ultimo-single-quiero\/#primaryimage"},"thumbnailUrl":"https:\/\/elgeneracionalpost.com\/wp-content\/uploads\/2023\/04\/quiero.jpg","articleSection":["Cultura e lazer"],"inLanguage":"tr","potentialAction":[{"@type":"CommentAction","name":"Comment","target":["https:\/\/tirinha.com\/1108\/anclados-lanca-seu-ultimo-single-quiero\/#respond"]}]},{"@type":"WebPage","@id":"https:\/\/tirinha.com\/1108\/anclados-lanca-seu-ultimo-single-quiero\/","url":"https:\/\/tirinha.com\/1108\/anclados-lanca-seu-ultimo-single-quiero\/","name":"Anclados son single&#039;\u0131 &#039;QUIERO+&#039;\u0131 yay\u0131nlad\u0131 - Tirinha.com","isPartOf":{"@id":"https:\/\/tirinha.com\/#website"},"primaryImageOfPage":{"@id":"https:\/\/tirinha.com\/1108\/anclados-lanca-seu-ultimo-single-quiero\/#primaryimage"},"image":{"@id":"https:\/\/tirinha.com\/1108\/anclados-lanca-seu-ultimo-single-quiero\/#primaryimage"},"thumbnailUrl":"https:\/\/elgeneracionalpost.com\/wp-content\/uploads\/2023\/04\/quiero.jpg","datePublished":"2023-04-10T18:41:43+00:00","breadcrumb":{"@id":"https:\/\/tirinha.com\/1108\/anclados-lanca-seu-ultimo-single-quiero\/#breadcrumb"},"inLanguage":"tr","potentialAction":[{"@type":"ReadAction","target":["https:\/\/tirinha.com\/1108\/anclados-lanca-seu-ultimo-single-quiero\/"]}]},{"@type":"ImageObject","inLanguage":"tr","@id":"https:\/\/tirinha.com\/1108\/anclados-lanca-seu-ultimo-single-quiero\/#primaryimage","url":"https:\/\/elgeneracionalpost.com\/wp-content\/uploads\/2023\/04\/quiero.jpg","contentUrl":"https:\/\/elgeneracionalpost.com\/wp-content\/uploads\/2023\/04\/quiero.jpg"},{"@type":"BreadcrumbList","@id":"https:\/\/tirinha.com\/1108\/anclados-lanca-seu-ultimo-single-quiero\/#breadcrumb","itemListElement":[{"@type":"ListItem","position":1,"name":"Home","item":"https:\/\/tirinha.com\/"},{"@type":"ListItem","position":2,"name":"Anclados lan\u00e7a seu \u00faltimo single &#8216;QUIERO+&#8217;"}]},{"@type":"WebSite","@id":"https:\/\/tirinha.com\/#website","url":"https:\/\/tirinha.com\/","name":"\u00e7izgi roman.com","description":"Sanat ve kitap ele\u015ftirileri","publisher":{"@id":"https:\/\/tirinha.com\/#organization"},"potentialAction":[{"@type":"SearchAction","target":{"@type":"EntryPoint","urlTemplate":"https:\/\/tirinha.com\/?s={search_term_string}"},"query-input":{"@type":"PropertyValueSpecification","valueRequired":true,"valueName":"search_term_string"}}],"inLanguage":"tr"},{"@type":"Organization","@id":"https:\/\/tirinha.com\/#organization","name":"\u00e7izgi roman.com","url":"https:\/\/tirinha.com\/","logo":{"@type":"ImageObject","inLanguage":"tr","@id":"https:\/\/tirinha.com\/#\/schema\/logo\/image\/","url":"https:\/\/tirinha.com\/wp-content\/uploads\/2023\/08\/cropped-Logo-Tirinha.webp","contentUrl":"https:\/\/tirinha.com\/wp-content\/uploads\/2023\/08\/cropped-Logo-Tirinha.webp","width":512,"height":512,"caption":"Tirinha.com"},"image":{"@id":"https:\/\/tirinha.com\/#\/schema\/logo\/image\/"}},{"@type":"Person","@id":"https:\/\/tirinha.com\/#\/schema\/person\/e22bdfbe17e0461f7e927e6a1208d4d9","name":"y\u00f6netici","image":{"@type":"ImageObject","inLanguage":"tr","@id":"https:\/\/tirinha.com\/wp-content\/litespeed\/avatar\/d0068f7931cc87d7274eb0c3db1deb4b.jpg?ver=1776829466","url":"https:\/\/tirinha.com\/wp-content\/litespeed\/avatar\/d0068f7931cc87d7274eb0c3db1deb4b.jpg?ver=1776829466","contentUrl":"https:\/\/tirinha.com\/wp-content\/litespeed\/avatar\/d0068f7931cc87d7274eb0c3db1deb4b.jpg?ver=1776829466","caption":"admin"},"sameAs":["https:\/\/tirinha.com"],"url":"https:\/\/tirinha.com\/tr\/author\/admin\/"}]}},"_links":{"self":[{"href":"https:\/\/tirinha.com\/tr\/wp-json\/wp\/v2\/posts\/1108","targetHints":{"allow":["GET"]}}],"collection":[{"href":"https:\/\/tirinha.com\/tr\/wp-json\/wp\/v2\/posts"}],"about":[{"href":"https:\/\/tirinha.com\/tr\/wp-json\/wp\/v2\/types\/post"}],"author":[{"embeddable":true,"href":"https:\/\/tirinha.com\/tr\/wp-json\/wp\/v2\/users\/1"}],"replies":[{"embeddable":true,"href":"https:\/\/tirinha.com\/tr\/wp-json\/wp\/v2\/comments?post=1108"}],"version-history":[{"count":0,"href":"https:\/\/tirinha.com\/tr\/wp-json\/wp\/v2\/posts\/1108\/revisions"}],"wp:featuredmedia":[{"embeddable":true,"href":"https:\/\/tirinha.com\/tr\/wp-json\/wp\/v2\/media\/1110"}],"wp:attachment":[{"href":"https:\/\/tirinha.com\/tr\/wp-json\/wp\/v2\/media?parent=1108"}],"wp:term":[{"taxonomy":"category","embeddable":true,"href":"https:\/\/tirinha.com\/tr\/wp-json\/wp\/v2\/categories?post=1108"},{"taxonomy":"post_tag","embeddable":true,"href":"https:\/\/tirinha.com\/tr\/wp-json\/wp\/v2\/tags?post=1108"}],"curies":[{"name":"wp","href":"https:\/\/api.w.org\/{rel}","templated":true}]}}