{"id":1100,"date":"2023-04-08T19:43:37","date_gmt":"2023-04-08T19:43:37","guid":{"rendered":"https:\/\/tirinha.com\/50-anos-sem-pablo-picasso\/"},"modified":"2023-04-08T19:43:37","modified_gmt":"2023-04-08T19:43:37","slug":"pablo-picassosuz-50-yil","status":"publish","type":"post","link":"https:\/\/tirinha.com\/tr\/1100\/50-anos-sem-pablo-picasso\/","title":{"rendered":"Pablo Picasso&#039;suz 50 y\u0131l"},"content":{"rendered":"<p><\/p>\n<div>\n<p><strong>2023 y\u0131l\u0131nda d\u00fcnya \u00e7ap\u0131nda Pablo Picasso&#039;nun eserlerinin yer ald\u0131\u011f\u0131 50&#039;den fazla sergi d\u00fczenlenecek. Her ne kadar \u0130spanya ve Fransa sanat\u00e7\u0131n\u0131n hayat\u0131ndaki en \u00f6nemli \u00fclkeler olsa da sanat eserleri \u0130svi\u00e7re, Almanya, Monako Prensli\u011fi, Bel\u00e7ika ve Romanya&#039;da da sergilenecek.<\/strong><\/p>\n<p><strong>Pablo Ruiz Picasso&#039;nun<\/strong>Daha \u00e7ok Pablo Picasso olarak bilinen sanat\u00e7\u0131, 50 y\u0131l \u00f6nce bu g\u00fcn \u00f6ld\u00fc. <span style=\"font-weight: 400\">Hayat\u0131n\u0131n son g\u00fcnlerinde evi g\u00f6zetleyen gazetecilerin \u00e7evreledi\u011fi bir \u00f6l\u00fcm. Sonunda do\u011fal bir \u015fekilde sona erdi <strong>akci\u011fer \u00f6demi<\/strong> Fransa&#039;da. G\u00fcney Fransa&#039;daki Vauvenargues kalesinin parklar\u0131na g\u00f6m\u00fcld\u00fc.<\/span><\/p>\n<p><span style=\"font-weight: 400\">Sanat\u00e7\u0131n\u0131n d\u00fcnyaya merakl\u0131 ve endi\u015fe verici derecede sessiz geli\u015finden sonra sanat, sezgisel olarak onun hayat\u0131na girdi. Bunu s\u00f6ylediler <strong>\u0130lk kelimesi &quot;piz, piz&quot; oldu<\/strong> B\u00f6ylece k\u00fc\u00e7\u00fck Malagal\u0131 adam\u0131n babas\u0131ndan bir &quot;kalem&quot; istedi\u011fini, b\u00f6ylece daha y\u00fcr\u00fcyemeden resim \u00e7izebilece\u011fini yans\u0131t\u0131yordu.<\/span><\/p>\n<p><span style=\"font-weight: 400\">Picasso&#039;nun kapsaml\u0131, sorgulanan ve incelenen sanatsal biyografisi, <strong>farkl\u0131 a\u015famalara ayr\u0131lm\u0131\u015ft\u0131r.<\/strong><\/span><\/p>\n<p><span style=\"font-weight: 400\">Gen\u00e7 bir End\u00fcl\u00fcs do\u011fdu <strong>25 Kas\u0131m 1881<\/strong>sadece sekiz ya\u015f\u0131ndayken resim yapaca\u011f\u0131n\u0131 <em>Malaga liman\u0131n\u0131n g\u00f6r\u00fcn\u00fcm\u00fc <\/em>(1890). Geli\u015fim y\u0131llar\u0131nda akrabalar\u0131n\u0131n portrelerini de yapt\u0131. <em>portre pepa teyze<\/em> (1896) ve hatta di\u011fer eserleri kopyalad\u0131.<\/span><\/p>\n<p><span style=\"font-weight: 400\">Babas\u0131n\u0131n istikrars\u0131z i\u015fi nedeniyle La Coru\u00f1a&#039;ya ta\u015f\u0131nd\u0131ktan sonra Picasso, La Coru\u00f1a Sanat Okulu&#039;na gitmek de dahil olmak \u00fczere g\u00fcnl\u00fck hayat\u0131ndan sahneler \u00e7izmeye devam etti. Be\u015f y\u0131l sonra aile, Picasso&#039;nun k\u00fc\u00e7\u00fck k\u0131z karde\u015finin \u00f6l\u00fcm\u00fcyle ba\u015fa \u00e7\u0131kmak i\u00e7in Barselona&#039;ya ta\u015f\u0131nd\u0131. <strong>kabuk, <\/strong>Kiminle \u00f6lece\u011fim? <strong>hen\u00fcz 7 ya\u015f\u0131nday\u0131m <\/strong>hastal\u0131k nedeniyle ya\u015fl\u0131 <strong>difteri.<\/strong><\/span><\/p>\n<h3>Mavi Sahne (1900 \u2013 1904)<\/h3>\n<p><span style=\"font-weight: 400\">\u0130\u00e7inde <strong>1900<\/strong> ve Evrensel Sergi vesilesiyle Picasso, kendisi de bir ressam olan b\u00fcy\u00fck dostuyla birlikte, <strong>Carlos Casagemas<\/strong>Paris&#039;e do\u011fru y\u00fcr\u00fcd\u00fcler. Bir ki\u015fi i\u00e7in <strong>romantik dram<\/strong> kar\u015f\u0131l\u0131ks\u0131z, <strong>Casagemas intihar etti<\/strong> kafas\u0131na bir kur\u015funla. Bu Picasso i\u00e7in a\u011f\u0131r bir darbeydi. <\/span><\/p>\n<p><span style=\"font-weight: 400\">Bu a\u015famada Picasso&#039;nun eserleri \u015funu ifade etmektedir: <strong>\u00fcz\u00fcnt\u00fc ve terkedilmi\u015flik<\/strong>. Karakterleri de g\u00f6rebiliriz <strong>uzun, ba\u015f a\u015fa\u011f\u0131 ve statik<\/strong>temsil eden <strong>alt s\u0131n\u0131flar<\/strong> mahallede dola\u015fan Barselona ve Paris&#039;ten evsizler, fahi\u015feler, hastalar ve a\u015f\u0131r\u0131 yoksul aileler gibi <strong>b\u00fcy\u00fck melankoli.<\/strong><\/span><\/p>\n<p><span style=\"font-weight: 400\">O <strong>Mavi renk<\/strong> i\u015faretleyecektir <strong>derin \u00fcz\u00fcnt\u00fc<\/strong> Picasso&#039;nun arkada\u015f\u0131n\u0131n \u00f6l\u00fcm\u00fc hakk\u0131nda ne hissetti\u011fini. Bu resimlerde so\u011fuk renkler ve bo\u015f arka planlar hakimdir.<\/span><\/p>\n<p><span style=\"font-weight: 400\"><em>\u0130ki k\u0131z karde\u015f<\/em> (1902), <em>Eski k\u00f6r gitarist<\/em> (1903) ve <em>Trajedi<\/em> (1903)&#039;in bu a\u015famada yapt\u0131\u011f\u0131 \u00e7al\u0131\u015fmalardan baz\u0131lar\u0131d\u0131r. Bu a\u015famay\u0131 tamamlayan \u00e7al\u0131\u015fma <em>tutumlu yiyecek<\/em> (1904).<\/span><\/p>\n<figure id=\"attachment_85229\" aria-describedby=\"caption-attachment-85229\" style=\"width: 444px\" class=\"wp-caption aligncenter\"><img fetchpriority=\"high\" data-attachment-id=\"85229\" data-permalink=\"https:\/\/elgeneracionalpost.com\/cultura\/2023\/0408\/85160\/50-anos-sin-pablo-picasso.html\/attachment\/la-tragedia-1903\" data-orig-file=\"https:\/\/i0.wp.com\/elgeneracionalpost.com\/wp-content\/uploads\/2023\/04\/La-tragedia-1903.png?fit=800%2C1229&amp;ssl=1\" data-orig-size=\"800,1229\" data-comments-opened=\"0\" data-image-meta=\"{&quot;aperture&quot;:&quot;0&quot;,&quot;credit&quot;:&quot;&quot;,&quot;camera&quot;:&quot;&quot;,&quot;caption&quot;:&quot;&quot;,&quot;created_timestamp&quot;:&quot;0&quot;,&quot;copyright&quot;:&quot;&quot;,&quot;focal_length&quot;:&quot;0&quot;,&quot;iso&quot;:&quot;0&quot;,&quot;shutter_speed&quot;:&quot;0&quot;,&quot;title&quot;:&quot;&quot;,&quot;orientation&quot;:&quot;0&quot;}\" data-image-title=\"La tragedia (1903)\" data-image-description=\"&lt;p&gt;La tragedia (1903) Pablo Picasso&lt;\/p&gt;&#10;\" data-image-caption=\"&lt;p&gt;La tragedia (1903) Pablo Picasso&lt;\/p&gt;&#10;\" data-medium-file=\"https:\/\/i0.wp.com\/elgeneracionalpost.com\/wp-content\/uploads\/2023\/04\/La-tragedia-1903.png?fit=195%2C300&amp;ssl=1\" data-large-file=\"https:\/\/i0.wp.com\/elgeneracionalpost.com\/wp-content\/uploads\/2023\/04\/La-tragedia-1903.png?fit=667%2C1024&amp;ssl=1\" decoding=\"async\" class=\"wp-image-85229 jetpack-lazy-image\" src=\"https:\/\/i0.wp.com\/elgeneracionalpost.com\/wp-content\/uploads\/2023\/04\/La-tragedia-1903.png?resize=444%2C682&amp;ssl=1\" alt=\"\" width=\"444\" height=\"682\" data-recalc-dims=\"1\" data-lazy-srcset=\"https:\/\/i0.wp.com\/elgeneracionalpost.com\/wp-content\/uploads\/2023\/04\/La-tragedia-1903.png?w=800&amp;ssl=1 800w, https:\/\/i0.wp.com\/elgeneracionalpost.com\/wp-content\/uploads\/2023\/04\/La-tragedia-1903.png?resize=195%2C300&amp;ssl=1 195w, https:\/\/i0.wp.com\/elgeneracionalpost.com\/wp-content\/uploads\/2023\/04\/La-tragedia-1903.png?resize=667%2C1024&amp;ssl=1 667w, https:\/\/i0.wp.com\/elgeneracionalpost.com\/wp-content\/uploads\/2023\/04\/La-tragedia-1903.png?resize=768%2C1180&amp;ssl=1 768w, https:\/\/i0.wp.com\/elgeneracionalpost.com\/wp-content\/uploads\/2023\/04\/La-tragedia-1903.png?resize=150%2C230&amp;ssl=1 150w, https:\/\/i0.wp.com\/elgeneracionalpost.com\/wp-content\/uploads\/2023\/04\/La-tragedia-1903.png?resize=300%2C461&amp;ssl=1 300w, https:\/\/i0.wp.com\/elgeneracionalpost.com\/wp-content\/uploads\/2023\/04\/La-tragedia-1903.png?resize=696%2C1069&amp;ssl=1 696w\" data-lazy-sizes=\"(max-width: 444px) 100vw, 444px\" data-lazy-src=\"https:\/\/i0.wp.com\/elgeneracionalpost.com\/wp-content\/uploads\/2023\/04\/La-tragedia-1903.png?resize=444%2C682&amp;is-pending-load=1#038;ssl=1\" srcset=\"data:image\/gif;base64,R0lGODlhAQABAIAAAAAAAP\/\/\/yH5BAEAAAAALAAAAAABAAEAAAIBRAA7\"\/><noscript><img data-lazy-fallback=\"1\" data-attachment-id=\"85229\" data-permalink=\"https:\/\/elgeneracionalpost.com\/cultura\/2023\/0408\/85160\/50-anos-sin-pablo-picasso.html\/attachment\/la-tragedia-1903\" data-orig-file=\"https:\/\/i0.wp.com\/elgeneracionalpost.com\/wp-content\/uploads\/2023\/04\/La-tragedia-1903.png?fit=800%2C1229&amp;ssl=1\" data-orig-size=\"800,1229\" data-comments-opened=\"0\" data-image-meta=\"{&quot;aperture&quot;:&quot;0&quot;,&quot;credit&quot;:&quot;&quot;,&quot;camera&quot;:&quot;&quot;,&quot;caption&quot;:&quot;&quot;,&quot;created_timestamp&quot;:&quot;0&quot;,&quot;copyright&quot;:&quot;&quot;,&quot;focal_length&quot;:&quot;0&quot;,&quot;iso&quot;:&quot;0&quot;,&quot;shutter_speed&quot;:&quot;0&quot;,&quot;title&quot;:&quot;&quot;,&quot;orientation&quot;:&quot;0&quot;}\" data-image-title=\"La tragedia (1903)\" data-image-description=\"&lt;p&gt;La tragedia (1903) Pablo Picasso&lt;\/p&gt;&#10;\" data-image-caption=\"&lt;p&gt;La tragedia (1903) Pablo Picasso&lt;\/p&gt;&#10;\" data-medium-file=\"https:\/\/i0.wp.com\/elgeneracionalpost.com\/wp-content\/uploads\/2023\/04\/La-tragedia-1903.png?fit=195%2C300&amp;ssl=1\" data-large-file=\"https:\/\/i0.wp.com\/elgeneracionalpost.com\/wp-content\/uploads\/2023\/04\/La-tragedia-1903.png?fit=667%2C1024&amp;ssl=1\" decoding=\"async\" class=\"wp-image-85229\" src=\"https:\/\/i0.wp.com\/elgeneracionalpost.com\/wp-content\/uploads\/2023\/04\/La-tragedia-1903.png?resize=444%2C682&amp;ssl=1\" alt=\"\" width=\"444\" height=\"682\" srcset=\"https:\/\/i0.wp.com\/elgeneracionalpost.com\/wp-content\/uploads\/2023\/04\/La-tragedia-1903.png?w=800&amp;ssl=1 800w, https:\/\/i0.wp.com\/elgeneracionalpost.com\/wp-content\/uploads\/2023\/04\/La-tragedia-1903.png?resize=195%2C300&amp;ssl=1 195w, https:\/\/i0.wp.com\/elgeneracionalpost.com\/wp-content\/uploads\/2023\/04\/La-tragedia-1903.png?resize=667%2C1024&amp;ssl=1 667w, https:\/\/i0.wp.com\/elgeneracionalpost.com\/wp-content\/uploads\/2023\/04\/La-tragedia-1903.png?resize=768%2C1180&amp;ssl=1 768w, https:\/\/i0.wp.com\/elgeneracionalpost.com\/wp-content\/uploads\/2023\/04\/La-tragedia-1903.png?resize=150%2C230&amp;ssl=1 150w, https:\/\/i0.wp.com\/elgeneracionalpost.com\/wp-content\/uploads\/2023\/04\/La-tragedia-1903.png?resize=300%2C461&amp;ssl=1 300w, https:\/\/i0.wp.com\/elgeneracionalpost.com\/wp-content\/uploads\/2023\/04\/La-tragedia-1903.png?resize=696%2C1069&amp;ssl=1 696w\" sizes=\"(max-width: 444px) 100vw, 444px\" data-recalc-dims=\"1\"\/><\/noscript><figcaption id=\"caption-attachment-85229\" class=\"wp-caption-text\">Trajedi (1903) Pablo Picasso<\/figcaption><\/figure>\n<h3>Pembe Sahne (1904 \u2013 1907)<\/h3>\n<p><span style=\"font-weight: 400\">Malagal\u0131 adam <strong>Paris Montmartre&#039;a ta\u015f\u0131nmaya karar verir.<\/strong> Paris havas\u0131, sanat\u00e7\u0131ya bu sahnedeki resimleri yaratma konusunda ilham veriyor. Kaynaklar oldu\u011fundan \u00f6nceki ad\u0131m\u0131n tam tersidir. <strong>daha ne\u015feli ve canl\u0131 bir ton<\/strong>karakterler olmasa da <strong>neredeyse hi\u00e7 duygu. <\/strong><\/span><\/p>\n<p><span style=\"font-weight: 400\">Kahramanlar palya\u00e7olar, akrobatlar ve hokkabazlard\u0131r. <strong>sirk hayati \u00f6nem ta\u015f\u0131yor<\/strong> Bu a\u015famay\u0131 anlamak i\u00e7in. \u00d6 <strong>renkler daha s\u0131cak<\/strong> <strong>ve pastel tonlarda.<\/strong> \u015eimdi komik ve eksiksiz resimler kullan\u0131n.<\/span><\/p>\n<p><span style=\"font-weight: 400\">Bu a\u015faman\u0131n en \u00f6nemli tablolar\u0131ndan \u00fc\u00e7\u00fc <em>akrobat ailesi<\/em> (1905), <em>Akt\u00f6r<\/em> (1904) ve <em>Hollandal\u0131 g\u00fczellik<\/em> (1906).<\/span><\/p>\n<h3>Karanl\u0131k D\u00f6nem (1906 \u2013 1909)<\/h3>\n<p><span style=\"font-weight: 400\">\u0130lkel Afrika sanat\u0131 ve \u0130ber sanat\u0131, k\u00fcbizme ge\u00e7i\u015f olan bu yeni a\u015famada sanat\u00e7\u0131ya ilham verdi.<strong> Rakamlar ayr\u0131\u015f\u0131yor<\/strong> koyu renkler ve grinin tonlar\u0131 hakimdir.<\/span><\/p>\n<p><span style=\"font-weight: 400\">Bu a\u015famada i\u015f \u00f6ne \u00e7\u0131k\u0131yor <em>kad\u0131n b\u00fcst\u00fc<\/em> (1909).<\/span><\/p>\n<h3>K\u00fcbizm<\/h3>\n<p><span style=\"font-weight: 400\">Bu bir <strong>hareket<\/strong> kim geli\u015ftirdi <strong>Jorge Braque ile<\/strong> Paris&#039;te. Kullan\u0131m\u0131 ile karakterize edildi <strong>geometrik \u015fekiller<\/strong> (k\u00fcpler, k\u00fcreler\u2026) do\u011fadan fig\u00fcrleri temsil ediyor. Sonu\u00e7, perspektiften kopmay\u0131 sa\u011flayan \u00fc\u00e7\u00fcnc\u00fc bir boyuttu. Soyut sanatla kar\u0131\u015ft\u0131r\u0131lmamal\u0131d\u0131r. <strong>kullan\u0131lan t\u00fcm formlar\u0131n somut bir kullan\u0131m\u0131 vard\u0131r.<\/strong><\/span><\/p>\n<p><span style=\"font-weight: 400\">Bu ad\u0131mla ba\u015flayan \u00e7al\u0131\u015fma <em>Avignonlu han\u0131mlar<\/em> (1907).<\/span><\/p>\n<p><span style=\"font-weight: 400\">K\u00fcbizmde \u00fc\u00e7 a\u015fama buluyoruz: <strong>do\u011fal k\u00fcbizm, analitik veya hermetik k\u00fcbizm ve sentetik k\u00fcbizm.<\/strong><\/span><\/p>\n<figure id=\"attachment_85231\" aria-describedby=\"caption-attachment-85231\" style=\"width: 503px\" class=\"wp-caption aligncenter\"><img data-attachment-id=\"85231\" data-permalink=\"https:\/\/elgeneracionalpost.com\/cultura\/2023\/0408\/85160\/50-anos-sin-pablo-picasso.html\/attachment\/las-senoritas-de-avignon-1907\" data-orig-file=\"https:\/\/i0.wp.com\/elgeneracionalpost.com\/wp-content\/uploads\/2023\/04\/Las-senoritas-de-Avignon-1907.png?fit=800%2C829&amp;ssl=1\" data-orig-size=\"800,829\" data-comments-opened=\"0\" data-image-meta=\"{&quot;aperture&quot;:&quot;0&quot;,&quot;credit&quot;:&quot;&quot;,&quot;camera&quot;:&quot;&quot;,&quot;caption&quot;:&quot;&quot;,&quot;created_timestamp&quot;:&quot;0&quot;,&quot;copyright&quot;:&quot;&quot;,&quot;focal_length&quot;:&quot;0&quot;,&quot;iso&quot;:&quot;0&quot;,&quot;shutter_speed&quot;:&quot;0&quot;,&quot;title&quot;:&quot;&quot;,&quot;orientation&quot;:&quot;0&quot;}\" data-image-title=\"Las se\u00f1oritas de Avignon (1907)\" data-image-description=\"&lt;p&gt;Las se\u00f1oritas de Avignon (1907) Pablo Picasso&lt;\/p&gt;&#10;\" data-image-caption=\"&lt;p&gt;Las se\u00f1oritas de Avignon (1907) Pablo Picasso&lt;\/p&gt;&#10;\" data-medium-file=\"https:\/\/i0.wp.com\/elgeneracionalpost.com\/wp-content\/uploads\/2023\/04\/Las-senoritas-de-Avignon-1907.png?fit=290%2C300&amp;ssl=1\" data-large-file=\"https:\/\/i0.wp.com\/elgeneracionalpost.com\/wp-content\/uploads\/2023\/04\/Las-senoritas-de-Avignon-1907.png?fit=696%2C721&amp;ssl=1\" decoding=\"async\" class=\"wp-image-85231 jetpack-lazy-image\" src=\"https:\/\/i0.wp.com\/elgeneracionalpost.com\/wp-content\/uploads\/2023\/04\/Las-senoritas-de-Avignon-1907.png?resize=503%2C521&amp;ssl=1\" alt=\"\" width=\"503\" height=\"521\" data-recalc-dims=\"1\" data-lazy-srcset=\"https:\/\/i0.wp.com\/elgeneracionalpost.com\/wp-content\/uploads\/2023\/04\/Las-senoritas-de-Avignon-1907.png?w=800&amp;ssl=1 800w, https:\/\/i0.wp.com\/elgeneracionalpost.com\/wp-content\/uploads\/2023\/04\/Las-senoritas-de-Avignon-1907.png?resize=290%2C300&amp;ssl=1 290w, https:\/\/i0.wp.com\/elgeneracionalpost.com\/wp-content\/uploads\/2023\/04\/Las-senoritas-de-Avignon-1907.png?resize=768%2C796&amp;ssl=1 768w, https:\/\/i0.wp.com\/elgeneracionalpost.com\/wp-content\/uploads\/2023\/04\/Las-senoritas-de-Avignon-1907.png?resize=150%2C155&amp;ssl=1 150w, https:\/\/i0.wp.com\/elgeneracionalpost.com\/wp-content\/uploads\/2023\/04\/Las-senoritas-de-Avignon-1907.png?resize=300%2C311&amp;ssl=1 300w, https:\/\/i0.wp.com\/elgeneracionalpost.com\/wp-content\/uploads\/2023\/04\/Las-senoritas-de-Avignon-1907.png?resize=696%2C721&amp;ssl=1 696w\" data-lazy-sizes=\"(max-width: 503px) 100vw, 503px\" data-lazy-src=\"https:\/\/i0.wp.com\/elgeneracionalpost.com\/wp-content\/uploads\/2023\/04\/Las-senoritas-de-Avignon-1907.png?resize=503%2C521&amp;is-pending-load=1#038;ssl=1\" srcset=\"data:image\/gif;base64,R0lGODlhAQABAIAAAAAAAP\/\/\/yH5BAEAAAAALAAAAAABAAEAAAIBRAA7\"\/><noscript><img loading=\"lazy\" data-lazy-fallback=\"1\" data-attachment-id=\"85231\" data-permalink=\"https:\/\/elgeneracionalpost.com\/cultura\/2023\/0408\/85160\/50-anos-sin-pablo-picasso.html\/attachment\/las-senoritas-de-avignon-1907\" data-orig-file=\"https:\/\/i0.wp.com\/elgeneracionalpost.com\/wp-content\/uploads\/2023\/04\/Las-senoritas-de-Avignon-1907.png?fit=800%2C829&amp;ssl=1\" data-orig-size=\"800,829\" data-comments-opened=\"0\" data-image-meta=\"{&quot;aperture&quot;:&quot;0&quot;,&quot;credit&quot;:&quot;&quot;,&quot;camera&quot;:&quot;&quot;,&quot;caption&quot;:&quot;&quot;,&quot;created_timestamp&quot;:&quot;0&quot;,&quot;copyright&quot;:&quot;&quot;,&quot;focal_length&quot;:&quot;0&quot;,&quot;iso&quot;:&quot;0&quot;,&quot;shutter_speed&quot;:&quot;0&quot;,&quot;title&quot;:&quot;&quot;,&quot;orientation&quot;:&quot;0&quot;}\" data-image-title=\"Las se\u00f1oritas de Avignon (1907)\" data-image-description=\"&lt;p&gt;Las se\u00f1oritas de Avignon (1907) Pablo Picasso&lt;\/p&gt;&#10;\" data-image-caption=\"&lt;p&gt;Las se\u00f1oritas de Avignon (1907) Pablo Picasso&lt;\/p&gt;&#10;\" data-medium-file=\"https:\/\/i0.wp.com\/elgeneracionalpost.com\/wp-content\/uploads\/2023\/04\/Las-senoritas-de-Avignon-1907.png?fit=290%2C300&amp;ssl=1\" data-large-file=\"https:\/\/i0.wp.com\/elgeneracionalpost.com\/wp-content\/uploads\/2023\/04\/Las-senoritas-de-Avignon-1907.png?fit=696%2C721&amp;ssl=1\" decoding=\"async\" class=\"wp-image-85231\" src=\"https:\/\/i0.wp.com\/elgeneracionalpost.com\/wp-content\/uploads\/2023\/04\/Las-senoritas-de-Avignon-1907.png?resize=503%2C521&amp;ssl=1\" alt=\"\" width=\"503\" height=\"521\" srcset=\"https:\/\/i0.wp.com\/elgeneracionalpost.com\/wp-content\/uploads\/2023\/04\/Las-senoritas-de-Avignon-1907.png?w=800&amp;ssl=1 800w, https:\/\/i0.wp.com\/elgeneracionalpost.com\/wp-content\/uploads\/2023\/04\/Las-senoritas-de-Avignon-1907.png?resize=290%2C300&amp;ssl=1 290w, https:\/\/i0.wp.com\/elgeneracionalpost.com\/wp-content\/uploads\/2023\/04\/Las-senoritas-de-Avignon-1907.png?resize=768%2C796&amp;ssl=1 768w, https:\/\/i0.wp.com\/elgeneracionalpost.com\/wp-content\/uploads\/2023\/04\/Las-senoritas-de-Avignon-1907.png?resize=150%2C155&amp;ssl=1 150w, https:\/\/i0.wp.com\/elgeneracionalpost.com\/wp-content\/uploads\/2023\/04\/Las-senoritas-de-Avignon-1907.png?resize=300%2C311&amp;ssl=1 300w, https:\/\/i0.wp.com\/elgeneracionalpost.com\/wp-content\/uploads\/2023\/04\/Las-senoritas-de-Avignon-1907.png?resize=696%2C721&amp;ssl=1 696w\" sizes=\"auto, (max-width: 503px) 100vw, 503px\" data-recalc-dims=\"1\"\/><\/noscript><figcaption id=\"caption-attachment-85231\" class=\"wp-caption-text\">Avignon&#039;un K\u0131zlar\u0131 (1907) Pablo Picasso<\/figcaption><\/figure>\n<h3>sahne k\u00fcbizmi<\/h3>\n<p><span style=\"font-weight: 400\">Sahne K\u00fcbizmi, ayn\u0131 zamanda \u201c<strong>\u00f6n analiz<\/strong>\u201d, bu a\u015faman\u0131n ilk a\u015famas\u0131d\u0131r. <\/span><span style=\"font-weight: 400\">Burada k\u00fcbist sanata ilham vererek bu ak\u0131m\u0131n temellerini atan sanat\u00e7\u0131 C\u00e9zanne&#039;\u0131 buluyoruz.<\/span><\/p>\n<p><span style=\"font-weight: 400\">Bu a\u015famada i\u015f \u00f6ne \u00e7\u0131k\u0131yor <em>iki fig\u00fcrl\u00fc manzara<\/em> (1908).<\/span><\/p>\n<h3>analitik k\u00fcbizm<\/h3>\n<p><span style=\"font-weight: 400\">Bu a\u015faman\u0131n ad\u0131 buradan gelmektedir. <strong>derin analiz<\/strong> Picasso&#039;nun farkl\u0131 bak\u0131\u015f a\u00e7\u0131lar\u0131yla eserleri hakk\u0131nda neler yapt\u0131\u011f\u0131. Daha fazla say\u0131da plana ek olarak. <\/span><\/p>\n<p><span style=\"font-weight: 400\">kullan\u0131ld\u0131\u011f\u0131n\u0131 g\u00f6r\u00fcyoruz <strong>a<\/strong> <strong>koyu sar\u0131, mavi, ye\u015fil ve hatta gri renk yelpazesi.<\/strong><\/span><\/p>\n<p><span style=\"font-weight: 400\">Bu a\u015famada farkl\u0131 \u00e7al\u0131\u015fmalar g\u00f6rebiliriz; <em>\u015eair<\/em> (1911) ve <em>klarnet e\u015fli\u011finde nat\u00fcrmort<\/em> (1911).<\/span><\/p>\n<figure id=\"attachment_85237\" aria-describedby=\"caption-attachment-85237\" style=\"width: 489px\" class=\"wp-caption aligncenter\"><img loading=\"lazy\" data-attachment-id=\"85237\" data-permalink=\"https:\/\/elgeneracionalpost.com\/cultura\/2023\/0408\/85160\/50-anos-sin-pablo-picasso.html\/attachment\/naturaleza-muerta-con-clarinete-1911\" data-orig-file=\"https:\/\/i0.wp.com\/elgeneracionalpost.com\/wp-content\/uploads\/2023\/04\/Naturaleza-muerta-con-clarinete-1911.jpeg?fit=1228%2C1881&amp;ssl=1\" data-orig-size=\"1228,1881\" data-comments-opened=\"0\" data-image-meta=\"{&quot;aperture&quot;:&quot;0&quot;,&quot;credit&quot;:&quot;&quot;,&quot;camera&quot;:&quot;&quot;,&quot;caption&quot;:&quot;&quot;,&quot;created_timestamp&quot;:&quot;0&quot;,&quot;copyright&quot;:&quot;&quot;,&quot;focal_length&quot;:&quot;0&quot;,&quot;iso&quot;:&quot;0&quot;,&quot;shutter_speed&quot;:&quot;0&quot;,&quot;title&quot;:&quot;&quot;,&quot;orientation&quot;:&quot;0&quot;}\" data-image-title=\"Naturaleza muerta con clarinete (1911)\" data-image-description=\"\" data-image-caption=\"&lt;p&gt;Naturaleza muerta con clarinete (1911) Pablo Picasso&lt;\/p&gt;&#10;\" data-medium-file=\"https:\/\/i0.wp.com\/elgeneracionalpost.com\/wp-content\/uploads\/2023\/04\/Naturaleza-muerta-con-clarinete-1911.jpeg?fit=196%2C300&amp;ssl=1\" data-large-file=\"https:\/\/i0.wp.com\/elgeneracionalpost.com\/wp-content\/uploads\/2023\/04\/Naturaleza-muerta-con-clarinete-1911.jpeg?fit=669%2C1024&amp;ssl=1\" decoding=\"async\" class=\"wp-image-85237 jetpack-lazy-image\" src=\"https:\/\/i0.wp.com\/elgeneracionalpost.com\/wp-content\/uploads\/2023\/04\/Naturaleza-muerta-con-clarinete-1911.jpeg?resize=489%2C749&amp;ssl=1\" alt=\"\" width=\"489\" height=\"749\" data-recalc-dims=\"1\" data-lazy-srcset=\"https:\/\/i0.wp.com\/elgeneracionalpost.com\/wp-content\/uploads\/2023\/04\/Naturaleza-muerta-con-clarinete-1911.jpeg?w=1228&amp;ssl=1 1228w, https:\/\/i0.wp.com\/elgeneracionalpost.com\/wp-content\/uploads\/2023\/04\/Naturaleza-muerta-con-clarinete-1911.jpeg?resize=196%2C300&amp;ssl=1 196w, https:\/\/i0.wp.com\/elgeneracionalpost.com\/wp-content\/uploads\/2023\/04\/Naturaleza-muerta-con-clarinete-1911.jpeg?resize=669%2C1024&amp;ssl=1 669w, https:\/\/i0.wp.com\/elgeneracionalpost.com\/wp-content\/uploads\/2023\/04\/Naturaleza-muerta-con-clarinete-1911.jpeg?resize=768%2C1176&amp;ssl=1 768w, https:\/\/i0.wp.com\/elgeneracionalpost.com\/wp-content\/uploads\/2023\/04\/Naturaleza-muerta-con-clarinete-1911.jpeg?resize=1003%2C1536&amp;ssl=1 1003w, https:\/\/i0.wp.com\/elgeneracionalpost.com\/wp-content\/uploads\/2023\/04\/Naturaleza-muerta-con-clarinete-1911.jpeg?resize=150%2C230&amp;ssl=1 150w, https:\/\/i0.wp.com\/elgeneracionalpost.com\/wp-content\/uploads\/2023\/04\/Naturaleza-muerta-con-clarinete-1911.jpeg?resize=300%2C460&amp;ssl=1 300w, https:\/\/i0.wp.com\/elgeneracionalpost.com\/wp-content\/uploads\/2023\/04\/Naturaleza-muerta-con-clarinete-1911.jpeg?resize=696%2C1066&amp;ssl=1 696w, https:\/\/i0.wp.com\/elgeneracionalpost.com\/wp-content\/uploads\/2023\/04\/Naturaleza-muerta-con-clarinete-1911.jpeg?resize=1068%2C1636&amp;ssl=1 1068w\" data-lazy-sizes=\"(max-width: 489px) 100vw, 489px\" data-lazy-src=\"https:\/\/i0.wp.com\/elgeneracionalpost.com\/wp-content\/uploads\/2023\/04\/Naturaleza-muerta-con-clarinete-1911.jpeg?resize=489%2C749&amp;is-pending-load=1#038;ssl=1\" srcset=\"data:image\/gif;base64,R0lGODlhAQABAIAAAAAAAP\/\/\/yH5BAEAAAAALAAAAAABAAEAAAIBRAA7\"\/><noscript><img loading=\"lazy\" data-lazy-fallback=\"1\" data-attachment-id=\"85237\" data-permalink=\"https:\/\/elgeneracionalpost.com\/cultura\/2023\/0408\/85160\/50-anos-sin-pablo-picasso.html\/attachment\/naturaleza-muerta-con-clarinete-1911\" data-orig-file=\"https:\/\/i0.wp.com\/elgeneracionalpost.com\/wp-content\/uploads\/2023\/04\/Naturaleza-muerta-con-clarinete-1911.jpeg?fit=1228%2C1881&amp;ssl=1\" data-orig-size=\"1228,1881\" data-comments-opened=\"0\" data-image-meta=\"{&quot;aperture&quot;:&quot;0&quot;,&quot;credit&quot;:&quot;&quot;,&quot;camera&quot;:&quot;&quot;,&quot;caption&quot;:&quot;&quot;,&quot;created_timestamp&quot;:&quot;0&quot;,&quot;copyright&quot;:&quot;&quot;,&quot;focal_length&quot;:&quot;0&quot;,&quot;iso&quot;:&quot;0&quot;,&quot;shutter_speed&quot;:&quot;0&quot;,&quot;title&quot;:&quot;&quot;,&quot;orientation&quot;:&quot;0&quot;}\" data-image-title=\"Naturaleza muerta con clarinete (1911)\" data-image-description=\"\" data-image-caption=\"&lt;p&gt;Naturaleza muerta con clarinete (1911) Pablo Picasso&lt;\/p&gt;&#10;\" data-medium-file=\"https:\/\/i0.wp.com\/elgeneracionalpost.com\/wp-content\/uploads\/2023\/04\/Naturaleza-muerta-con-clarinete-1911.jpeg?fit=196%2C300&amp;ssl=1\" data-large-file=\"https:\/\/i0.wp.com\/elgeneracionalpost.com\/wp-content\/uploads\/2023\/04\/Naturaleza-muerta-con-clarinete-1911.jpeg?fit=669%2C1024&amp;ssl=1\" decoding=\"async\" class=\"wp-image-85237\" src=\"https:\/\/i0.wp.com\/elgeneracionalpost.com\/wp-content\/uploads\/2023\/04\/Naturaleza-muerta-con-clarinete-1911.jpeg?resize=489%2C749&amp;ssl=1\" alt=\"\" width=\"489\" height=\"749\" srcset=\"https:\/\/i0.wp.com\/elgeneracionalpost.com\/wp-content\/uploads\/2023\/04\/Naturaleza-muerta-con-clarinete-1911.jpeg?w=1228&amp;ssl=1 1228w, https:\/\/i0.wp.com\/elgeneracionalpost.com\/wp-content\/uploads\/2023\/04\/Naturaleza-muerta-con-clarinete-1911.jpeg?resize=196%2C300&amp;ssl=1 196w, https:\/\/i0.wp.com\/elgeneracionalpost.com\/wp-content\/uploads\/2023\/04\/Naturaleza-muerta-con-clarinete-1911.jpeg?resize=669%2C1024&amp;ssl=1 669w, https:\/\/i0.wp.com\/elgeneracionalpost.com\/wp-content\/uploads\/2023\/04\/Naturaleza-muerta-con-clarinete-1911.jpeg?resize=768%2C1176&amp;ssl=1 768w, https:\/\/i0.wp.com\/elgeneracionalpost.com\/wp-content\/uploads\/2023\/04\/Naturaleza-muerta-con-clarinete-1911.jpeg?resize=1003%2C1536&amp;ssl=1 1003w, https:\/\/i0.wp.com\/elgeneracionalpost.com\/wp-content\/uploads\/2023\/04\/Naturaleza-muerta-con-clarinete-1911.jpeg?resize=150%2C230&amp;ssl=1 150w, https:\/\/i0.wp.com\/elgeneracionalpost.com\/wp-content\/uploads\/2023\/04\/Naturaleza-muerta-con-clarinete-1911.jpeg?resize=300%2C460&amp;ssl=1 300w, https:\/\/i0.wp.com\/elgeneracionalpost.com\/wp-content\/uploads\/2023\/04\/Naturaleza-muerta-con-clarinete-1911.jpeg?resize=696%2C1066&amp;ssl=1 696w, https:\/\/i0.wp.com\/elgeneracionalpost.com\/wp-content\/uploads\/2023\/04\/Naturaleza-muerta-con-clarinete-1911.jpeg?resize=1068%2C1636&amp;ssl=1 1068w\" sizes=\"auto, (max-width: 489px) 100vw, 489px\" data-recalc-dims=\"1\"\/><\/noscript><figcaption id=\"caption-attachment-85237\" class=\"wp-caption-text\">Klarnetli nat\u00fcrmort (1911) Pablo Picasso<\/figcaption><\/figure>\n<h3>Sentetik K\u00fcbizm (1912 \u2013 1914)<\/h3>\n<p><span style=\"font-weight: 400\">Bu a\u015famada, <strong>O<\/strong> <strong>kolaj<\/strong>. \u00c7al\u0131\u015fmalar\u0131nda ka\u011f\u0131t, masa \u00f6rt\u00fcs\u00fc par\u00e7alar\u0131 kullanmaya ba\u015flad\u0131. Kolaj\u0131n amac\u0131 <strong>daha \u00f6nce ayr\u0131\u015ft\u0131r\u0131lm\u0131\u015f g\u00f6r\u00fcnt\u00fcleri yeniden olu\u015fturmakt\u0131.<\/strong> B\u00f6ylece, bir renk paletiyle &quot;sonucun genel \u00f6nemini&quot; olu\u015fturmak b\u00fcy\u00fck \u00f6l\u00e7\u00fcde geni\u015fletildi.<\/span><\/p>\n<p><span style=\"font-weight: 400\">Gibi i\u015fler <em>Gitar, klarnet ve \u015fi\u015fe bir masada<\/em> (1916) ve <em>a\u015fa\u011f\u0131dan buteille<\/em> (1914).<\/span><\/p>\n<h3>Neoklasizm (1917 \u2013 1925)<\/h3>\n<p><span style=\"font-weight: 400\">Bu sahnenin temas\u0131 kesinlikle <strong>aile ortam\u0131<\/strong>asl\u0131nda kar\u0131s\u0131n\u0131n resmini yapt\u0131 <strong>Olga Hokhlova<\/strong> \u00e7e\u015fitli nedenlerle (<em>Olga&#039;n\u0131n kanepedeki portresi<\/em> (1918)). B\u00f6ylece huzur iletiyor. 1921&#039;de Picasso&#039;nun<strong> Paulo ad\u0131nda bir o\u011flu var<\/strong>sanat\u00e7\u0131 i\u00e7in ba\u015fka bir ilham kayna\u011f\u0131.<\/span><\/p>\n<p><span style=\"font-weight: 400\">Ayr\u0131ca bu eserlerin temas\u0131 mitolojik motiflerdi.<\/span><\/p>\n<h3>S\u00fcrrealizm (1928-1932)<\/h3>\n<p><span style=\"font-weight: 400\">Picasso&#039;nun varl\u0131\u011f\u0131n\u0131 her zaman inkar etti\u011fi, ancak resimlerinin aksini s\u00f6yledi\u011fi s\u00fcrrealizm. <\/span><\/p>\n<p><span style=\"font-weight: 400\">karakterler bask\u0131n <strong>canavarca, deforme ve b\u00fcy\u00fck. <\/strong><\/span><span style=\"font-weight: 400\">Bu a\u015famada sanat\u00e7\u0131 temsil etmeye ba\u015flar. <strong>Hayallerin d\u00fcnyas\u0131<\/strong>Mutlak kontrol eksikli\u011fi ve \u00e7\u00f6z\u00fclemeyen metaforlar Malague\u00f1o sahnesini kaplad\u0131.<\/span><\/p>\n<p><span style=\"font-weight: 400\">En \u00f6nemli \u00e7al\u0131\u015fmalardan biri <em>deniz kenar\u0131ndaki rakamlar<\/em> (1931).<\/span><\/p>\n<figure id=\"attachment_85233\" aria-describedby=\"caption-attachment-85233\" style=\"width: 1600px\" class=\"wp-caption aligncenter\"><img loading=\"lazy\" data-attachment-id=\"85233\" data-permalink=\"https:\/\/elgeneracionalpost.com\/cultura\/2023\/0408\/85160\/50-anos-sin-pablo-picasso.html\/attachment\/figuras-a-orillas-del-mar-1931\" data-orig-file=\"https:\/\/i0.wp.com\/elgeneracionalpost.com\/wp-content\/uploads\/2023\/04\/Figuras-a-orillas-del-mar-1931.jpg?fit=1600%2C1118&amp;ssl=1\" data-orig-size=\"1600,1118\" data-comments-opened=\"0\" data-image-meta=\"{&quot;aperture&quot;:&quot;0&quot;,&quot;credit&quot;:&quot;&quot;,&quot;camera&quot;:&quot;&quot;,&quot;caption&quot;:&quot;&quot;,&quot;created_timestamp&quot;:&quot;0&quot;,&quot;copyright&quot;:&quot;&quot;,&quot;focal_length&quot;:&quot;0&quot;,&quot;iso&quot;:&quot;0&quot;,&quot;shutter_speed&quot;:&quot;0&quot;,&quot;title&quot;:&quot;&quot;,&quot;orientation&quot;:&quot;0&quot;}\" data-image-title=\"Figuras a orillas del mar (1931)\" data-image-description=\"&lt;p&gt;Figuras a orillas del mar (1931) Pablo Picasso&lt;\/p&gt;&#10;\" data-image-caption=\"&lt;p&gt;Figuras a orillas del mar (1931) Pablo Picasso&lt;\/p&gt;&#10;\" data-medium-file=\"https:\/\/i0.wp.com\/elgeneracionalpost.com\/wp-content\/uploads\/2023\/04\/Figuras-a-orillas-del-mar-1931.jpg?fit=300%2C210&amp;ssl=1\" data-large-file=\"https:\/\/i0.wp.com\/elgeneracionalpost.com\/wp-content\/uploads\/2023\/04\/Figuras-a-orillas-del-mar-1931.jpg?fit=696%2C487&amp;ssl=1\" decoding=\"async\" class=\"size-full wp-image-85233 jetpack-lazy-image\" src=\"https:\/\/i0.wp.com\/elgeneracionalpost.com\/wp-content\/uploads\/2023\/04\/Figuras-a-orillas-del-mar-1931.jpg?resize=696%2C486&amp;ssl=1\" alt=\"\" width=\"696\" height=\"486\" data-recalc-dims=\"1\" data-lazy-srcset=\"https:\/\/i0.wp.com\/elgeneracionalpost.com\/wp-content\/uploads\/2023\/04\/Figuras-a-orillas-del-mar-1931.jpg?w=1600&amp;ssl=1 1600w, https:\/\/i0.wp.com\/elgeneracionalpost.com\/wp-content\/uploads\/2023\/04\/Figuras-a-orillas-del-mar-1931.jpg?resize=300%2C210&amp;ssl=1 300w, https:\/\/i0.wp.com\/elgeneracionalpost.com\/wp-content\/uploads\/2023\/04\/Figuras-a-orillas-del-mar-1931.jpg?resize=1024%2C716&amp;ssl=1 1024w, https:\/\/i0.wp.com\/elgeneracionalpost.com\/wp-content\/uploads\/2023\/04\/Figuras-a-orillas-del-mar-1931.jpg?resize=768%2C537&amp;ssl=1 768w, https:\/\/i0.wp.com\/elgeneracionalpost.com\/wp-content\/uploads\/2023\/04\/Figuras-a-orillas-del-mar-1931.jpg?resize=1536%2C1073&amp;ssl=1 1536w, https:\/\/i0.wp.com\/elgeneracionalpost.com\/wp-content\/uploads\/2023\/04\/Figuras-a-orillas-del-mar-1931.jpg?resize=150%2C105&amp;ssl=1 150w, https:\/\/i0.wp.com\/elgeneracionalpost.com\/wp-content\/uploads\/2023\/04\/Figuras-a-orillas-del-mar-1931.jpg?resize=696%2C486&amp;ssl=1 696w, https:\/\/i0.wp.com\/elgeneracionalpost.com\/wp-content\/uploads\/2023\/04\/Figuras-a-orillas-del-mar-1931.jpg?resize=1068%2C746&amp;ssl=1 1068w, https:\/\/i0.wp.com\/elgeneracionalpost.com\/wp-content\/uploads\/2023\/04\/Figuras-a-orillas-del-mar-1931.jpg?w=1392&amp;ssl=1 1392w\" data-lazy-sizes=\"(max-width: 696px) 100vw, 696px\" data-lazy-src=\"https:\/\/i0.wp.com\/elgeneracionalpost.com\/wp-content\/uploads\/2023\/04\/Figuras-a-orillas-del-mar-1931.jpg?resize=696%2C486&amp;is-pending-load=1#038;ssl=1\" srcset=\"data:image\/gif;base64,R0lGODlhAQABAIAAAAAAAP\/\/\/yH5BAEAAAAALAAAAAABAAEAAAIBRAA7\"\/><noscript><img loading=\"lazy\" data-lazy-fallback=\"1\" data-attachment-id=\"85233\" data-permalink=\"https:\/\/elgeneracionalpost.com\/cultura\/2023\/0408\/85160\/50-anos-sin-pablo-picasso.html\/attachment\/figuras-a-orillas-del-mar-1931\" data-orig-file=\"https:\/\/i0.wp.com\/elgeneracionalpost.com\/wp-content\/uploads\/2023\/04\/Figuras-a-orillas-del-mar-1931.jpg?fit=1600%2C1118&amp;ssl=1\" data-orig-size=\"1600,1118\" data-comments-opened=\"0\" data-image-meta=\"{&quot;aperture&quot;:&quot;0&quot;,&quot;credit&quot;:&quot;&quot;,&quot;camera&quot;:&quot;&quot;,&quot;caption&quot;:&quot;&quot;,&quot;created_timestamp&quot;:&quot;0&quot;,&quot;copyright&quot;:&quot;&quot;,&quot;focal_length&quot;:&quot;0&quot;,&quot;iso&quot;:&quot;0&quot;,&quot;shutter_speed&quot;:&quot;0&quot;,&quot;title&quot;:&quot;&quot;,&quot;orientation&quot;:&quot;0&quot;}\" data-image-title=\"Figuras a orillas del mar (1931)\" data-image-description=\"&lt;p&gt;Figuras a orillas del mar (1931) Pablo Picasso&lt;\/p&gt;&#10;\" data-image-caption=\"&lt;p&gt;Figuras a orillas del mar (1931) Pablo Picasso&lt;\/p&gt;&#10;\" data-medium-file=\"https:\/\/i0.wp.com\/elgeneracionalpost.com\/wp-content\/uploads\/2023\/04\/Figuras-a-orillas-del-mar-1931.jpg?fit=300%2C210&amp;ssl=1\" data-large-file=\"https:\/\/i0.wp.com\/elgeneracionalpost.com\/wp-content\/uploads\/2023\/04\/Figuras-a-orillas-del-mar-1931.jpg?fit=696%2C487&amp;ssl=1\" decoding=\"async\" class=\"size-full wp-image-85233\" src=\"https:\/\/i0.wp.com\/elgeneracionalpost.com\/wp-content\/uploads\/2023\/04\/Figuras-a-orillas-del-mar-1931.jpg?resize=696%2C486&amp;ssl=1\" alt=\"\" width=\"696\" height=\"486\" srcset=\"https:\/\/i0.wp.com\/elgeneracionalpost.com\/wp-content\/uploads\/2023\/04\/Figuras-a-orillas-del-mar-1931.jpg?w=1600&amp;ssl=1 1600w, https:\/\/i0.wp.com\/elgeneracionalpost.com\/wp-content\/uploads\/2023\/04\/Figuras-a-orillas-del-mar-1931.jpg?resize=300%2C210&amp;ssl=1 300w, https:\/\/i0.wp.com\/elgeneracionalpost.com\/wp-content\/uploads\/2023\/04\/Figuras-a-orillas-del-mar-1931.jpg?resize=1024%2C716&amp;ssl=1 1024w, https:\/\/i0.wp.com\/elgeneracionalpost.com\/wp-content\/uploads\/2023\/04\/Figuras-a-orillas-del-mar-1931.jpg?resize=768%2C537&amp;ssl=1 768w, https:\/\/i0.wp.com\/elgeneracionalpost.com\/wp-content\/uploads\/2023\/04\/Figuras-a-orillas-del-mar-1931.jpg?resize=1536%2C1073&amp;ssl=1 1536w, https:\/\/i0.wp.com\/elgeneracionalpost.com\/wp-content\/uploads\/2023\/04\/Figuras-a-orillas-del-mar-1931.jpg?resize=150%2C105&amp;ssl=1 150w, https:\/\/i0.wp.com\/elgeneracionalpost.com\/wp-content\/uploads\/2023\/04\/Figuras-a-orillas-del-mar-1931.jpg?resize=696%2C486&amp;ssl=1 696w, https:\/\/i0.wp.com\/elgeneracionalpost.com\/wp-content\/uploads\/2023\/04\/Figuras-a-orillas-del-mar-1931.jpg?resize=1068%2C746&amp;ssl=1 1068w, https:\/\/i0.wp.com\/elgeneracionalpost.com\/wp-content\/uploads\/2023\/04\/Figuras-a-orillas-del-mar-1931.jpg?w=1392&amp;ssl=1 1392w\" sizes=\"auto, (max-width: 696px) 100vw, 696px\" data-recalc-dims=\"1\"\/><\/noscript><figcaption id=\"caption-attachment-85233\" class=\"wp-caption-text\">Deniz Kenar\u0131ndaki Fig\u00fcrler (1931) Pablo Picasso<\/figcaption><\/figure>\n<h3>Ekspresyonizm (1932-1946)<\/h3>\n<p><span style=\"font-weight: 400\">\u0130spanya \u0130\u00e7 Sava\u015f\u0131 ve \u0130kinci D\u00fcnya Sava\u015f\u0131 Picasso&#039;nun eserlerini \u00e7arp\u0131tt\u0131. \u015eimdi <strong>ac\u0131 ve korku<\/strong> Kurbanlar\u0131n ac\u0131s\u0131 nedeniyle o bo\u015f tuvallerin ba\u015f kahraman\u0131 onlard\u0131.<\/span><\/p>\n<h3><em>Guernica<\/em> (1937)<\/h3>\n<p><span style=\"font-weight: 400\">Almanlar\u0131n Bask halk\u0131na beklenmedik bombalamalar\u0131 ve \u0130kinci Cumhuriyet H\u00fck\u00fcmeti&#039;nin g\u00f6revlendirmesi, Picasso&#039;yu d\u00fcnya \u00e7ap\u0131nda en tan\u0131nm\u0131\u015f eserlerinden biri haline getirdi. Sanat\u00e7\u0131, 1937&#039;de Paris D\u00fcnya Fuar\u0131&#039;nda sergilenmek \u00fczere yakla\u015f\u0131k 8 metre geni\u015fli\u011finde bir tabloyu yaln\u0131zca bir ay s\u00fcrd\u00fc. <\/span><\/p>\n<figure id=\"attachment_85235\" aria-describedby=\"caption-attachment-85235\" style=\"width: 2105px\" class=\"wp-caption aligncenter\"><img loading=\"lazy\" data-attachment-id=\"85235\" data-permalink=\"https:\/\/elgeneracionalpost.com\/cultura\/2023\/0408\/85160\/50-anos-sin-pablo-picasso.html\/attachment\/el-guernica-1937\" data-orig-file=\"https:\/\/i0.wp.com\/elgeneracionalpost.com\/wp-content\/uploads\/2023\/04\/El-Guernica-1937.jpg?fit=2105%2C953&amp;ssl=1\" data-orig-size=\"2105,953\" data-comments-opened=\"0\" data-image-meta=\"{&quot;aperture&quot;:&quot;0&quot;,&quot;credit&quot;:&quot;&quot;,&quot;camera&quot;:&quot;&quot;,&quot;caption&quot;:&quot;&quot;,&quot;created_timestamp&quot;:&quot;0&quot;,&quot;copyright&quot;:&quot;&quot;,&quot;focal_length&quot;:&quot;0&quot;,&quot;iso&quot;:&quot;0&quot;,&quot;shutter_speed&quot;:&quot;0&quot;,&quot;title&quot;:&quot;&quot;,&quot;orientation&quot;:&quot;0&quot;}\" data-image-title=\"El Guernica (1937)\" data-image-description=\"&lt;p&gt;El Guernica (1937) Pablo Picasso&lt;\/p&gt;&#10;\" data-image-caption=\"&lt;p&gt;El Guernica (1937) Pablo Picasso&lt;\/p&gt;&#10;\" data-medium-file=\"https:\/\/i0.wp.com\/elgeneracionalpost.com\/wp-content\/uploads\/2023\/04\/El-Guernica-1937.jpg?fit=300%2C136&amp;ssl=1\" data-large-file=\"https:\/\/i0.wp.com\/elgeneracionalpost.com\/wp-content\/uploads\/2023\/04\/El-Guernica-1937.jpg?fit=696%2C315&amp;ssl=1\" decoding=\"async\" class=\"size-full wp-image-85235 jetpack-lazy-image\" src=\"https:\/\/i0.wp.com\/elgeneracionalpost.com\/wp-content\/uploads\/2023\/04\/El-Guernica-1937.jpg?resize=696%2C315&amp;ssl=1\" alt=\"\" width=\"696\" height=\"315\" data-recalc-dims=\"1\" data-lazy-srcset=\"https:\/\/i0.wp.com\/elgeneracionalpost.com\/wp-content\/uploads\/2023\/04\/El-Guernica-1937.jpg?w=2105&amp;ssl=1 2105w, https:\/\/i0.wp.com\/elgeneracionalpost.com\/wp-content\/uploads\/2023\/04\/El-Guernica-1937.jpg?resize=300%2C136&amp;ssl=1 300w, https:\/\/i0.wp.com\/elgeneracionalpost.com\/wp-content\/uploads\/2023\/04\/El-Guernica-1937.jpg?resize=1024%2C464&amp;ssl=1 1024w, https:\/\/i0.wp.com\/elgeneracionalpost.com\/wp-content\/uploads\/2023\/04\/El-Guernica-1937.jpg?resize=768%2C348&amp;ssl=1 768w, https:\/\/i0.wp.com\/elgeneracionalpost.com\/wp-content\/uploads\/2023\/04\/El-Guernica-1937.jpg?resize=1536%2C695&amp;ssl=1 1536w, https:\/\/i0.wp.com\/elgeneracionalpost.com\/wp-content\/uploads\/2023\/04\/El-Guernica-1937.jpg?resize=2048%2C927&amp;ssl=1 2048w, https:\/\/i0.wp.com\/elgeneracionalpost.com\/wp-content\/uploads\/2023\/04\/El-Guernica-1937.jpg?resize=150%2C68&amp;ssl=1 150w, https:\/\/i0.wp.com\/elgeneracionalpost.com\/wp-content\/uploads\/2023\/04\/El-Guernica-1937.jpg?resize=696%2C315&amp;ssl=1 696w, https:\/\/i0.wp.com\/elgeneracionalpost.com\/wp-content\/uploads\/2023\/04\/El-Guernica-1937.jpg?resize=1068%2C484&amp;ssl=1 1068w, https:\/\/i0.wp.com\/elgeneracionalpost.com\/wp-content\/uploads\/2023\/04\/El-Guernica-1937.jpg?resize=1920%2C869&amp;ssl=1 1920w, https:\/\/i0.wp.com\/elgeneracionalpost.com\/wp-content\/uploads\/2023\/04\/El-Guernica-1937.jpg?w=1392&amp;ssl=1 1392w\" data-lazy-sizes=\"(max-width: 696px) 100vw, 696px\" data-lazy-src=\"https:\/\/i0.wp.com\/elgeneracionalpost.com\/wp-content\/uploads\/2023\/04\/El-Guernica-1937.jpg?resize=696%2C315&amp;is-pending-load=1#038;ssl=1\" srcset=\"data:image\/gif;base64,R0lGODlhAQABAIAAAAAAAP\/\/\/yH5BAEAAAAALAAAAAABAAEAAAIBRAA7\"\/><noscript><img loading=\"lazy\" data-lazy-fallback=\"1\" data-attachment-id=\"85235\" data-permalink=\"https:\/\/elgeneracionalpost.com\/cultura\/2023\/0408\/85160\/50-anos-sin-pablo-picasso.html\/attachment\/el-guernica-1937\" data-orig-file=\"https:\/\/i0.wp.com\/elgeneracionalpost.com\/wp-content\/uploads\/2023\/04\/El-Guernica-1937.jpg?fit=2105%2C953&amp;ssl=1\" data-orig-size=\"2105,953\" data-comments-opened=\"0\" data-image-meta=\"{&quot;aperture&quot;:&quot;0&quot;,&quot;credit&quot;:&quot;&quot;,&quot;camera&quot;:&quot;&quot;,&quot;caption&quot;:&quot;&quot;,&quot;created_timestamp&quot;:&quot;0&quot;,&quot;copyright&quot;:&quot;&quot;,&quot;focal_length&quot;:&quot;0&quot;,&quot;iso&quot;:&quot;0&quot;,&quot;shutter_speed&quot;:&quot;0&quot;,&quot;title&quot;:&quot;&quot;,&quot;orientation&quot;:&quot;0&quot;}\" data-image-title=\"El Guernica (1937)\" data-image-description=\"&lt;p&gt;El Guernica (1937) Pablo Picasso&lt;\/p&gt;&#10;\" data-image-caption=\"&lt;p&gt;El Guernica (1937) Pablo Picasso&lt;\/p&gt;&#10;\" data-medium-file=\"https:\/\/i0.wp.com\/elgeneracionalpost.com\/wp-content\/uploads\/2023\/04\/El-Guernica-1937.jpg?fit=300%2C136&amp;ssl=1\" data-large-file=\"https:\/\/i0.wp.com\/elgeneracionalpost.com\/wp-content\/uploads\/2023\/04\/El-Guernica-1937.jpg?fit=696%2C315&amp;ssl=1\" decoding=\"async\" class=\"size-full wp-image-85235\" src=\"https:\/\/i0.wp.com\/elgeneracionalpost.com\/wp-content\/uploads\/2023\/04\/El-Guernica-1937.jpg?resize=696%2C315&amp;ssl=1\" alt=\"\" width=\"696\" height=\"315\" srcset=\"https:\/\/i0.wp.com\/elgeneracionalpost.com\/wp-content\/uploads\/2023\/04\/El-Guernica-1937.jpg?w=2105&amp;ssl=1 2105w, https:\/\/i0.wp.com\/elgeneracionalpost.com\/wp-content\/uploads\/2023\/04\/El-Guernica-1937.jpg?resize=300%2C136&amp;ssl=1 300w, https:\/\/i0.wp.com\/elgeneracionalpost.com\/wp-content\/uploads\/2023\/04\/El-Guernica-1937.jpg?resize=1024%2C464&amp;ssl=1 1024w, https:\/\/i0.wp.com\/elgeneracionalpost.com\/wp-content\/uploads\/2023\/04\/El-Guernica-1937.jpg?resize=768%2C348&amp;ssl=1 768w, https:\/\/i0.wp.com\/elgeneracionalpost.com\/wp-content\/uploads\/2023\/04\/El-Guernica-1937.jpg?resize=1536%2C695&amp;ssl=1 1536w, https:\/\/i0.wp.com\/elgeneracionalpost.com\/wp-content\/uploads\/2023\/04\/El-Guernica-1937.jpg?resize=2048%2C927&amp;ssl=1 2048w, https:\/\/i0.wp.com\/elgeneracionalpost.com\/wp-content\/uploads\/2023\/04\/El-Guernica-1937.jpg?resize=150%2C68&amp;ssl=1 150w, https:\/\/i0.wp.com\/elgeneracionalpost.com\/wp-content\/uploads\/2023\/04\/El-Guernica-1937.jpg?resize=696%2C315&amp;ssl=1 696w, https:\/\/i0.wp.com\/elgeneracionalpost.com\/wp-content\/uploads\/2023\/04\/El-Guernica-1937.jpg?resize=1068%2C484&amp;ssl=1 1068w, https:\/\/i0.wp.com\/elgeneracionalpost.com\/wp-content\/uploads\/2023\/04\/El-Guernica-1937.jpg?resize=1920%2C869&amp;ssl=1 1920w, https:\/\/i0.wp.com\/elgeneracionalpost.com\/wp-content\/uploads\/2023\/04\/El-Guernica-1937.jpg?w=1392&amp;ssl=1 1392w\" sizes=\"auto, (max-width: 696px) 100vw, 696px\" data-recalc-dims=\"1\"\/><\/noscript><figcaption id=\"caption-attachment-85235\" class=\"wp-caption-text\">Guernica (1937) Pablo Picasso<\/figcaption><\/figure>\n<h3>Vallauris (1946-1953)<\/h3>\n<p><span style=\"font-weight: 400\">Picasso bu a\u015famada <strong>Fransa&#039;n\u0131n Vallauris \u015fehrine yerle\u015fir<\/strong> bir sergiye a\u015f\u0131k oldu\u011fundan beri <strong>seramik<\/strong>. \u00c7\u00f6mlekler, al\u00e7\u0131 heykeller, vazolar, fayanslar... her t\u00fcrl\u00fc seramik yapt\u0131, hatta 2.000&#039;den fazla par\u00e7a yaratt\u0131. \u0130lham\u0131n\u0131 aile hayat\u0131ndan ve ayn\u0131 zamanda aile hayat\u0131na olan ilgisinden al\u0131yor<strong> Bo\u011fa g\u00fcre\u015fi.<\/strong><\/span><\/p>\n<h3>Son a\u015fama (1954 \u2013 1973)<\/h3>\n<p><span style=\"font-weight: 400\">Bu son a\u015famada Picasso kendini<strong> \u00e7al\u0131\u015fmay\u0131 g\u00f6zden ge\u00e7irmek<\/strong> Vel\u00e1zquez, Goya ya da Manet gibi \u00f6nemli ressamlar\u0131n. 1972&#039;de sanat\u00e7\u0131 yaratt\u0131 <strong>onlardan<\/strong> <strong>en yeni otoportreler<\/strong>. Bir y\u0131l sonra, 8 Nisan 1973&#039;te \u00f6ld\u00fc. 50 y\u0131l \u00f6nce bug\u00fcn.<\/span><\/p>\n<div class=\"sharedaddy sd-block sd-like jetpack-likes-widget-wrapper jetpack-likes-widget-unloaded\" id=\"like-post-wrapper-153844979-85160-6431c3e7bf081\" data-src=\"https:\/\/widgets.wp.com\/likes\/#blog_id=153844979&amp;post_id=85160&amp;origin=elgeneracionalpost.com&amp;obj_id=153844979-85160-6431c3e7bf081\" data-name=\"like-post-frame-153844979-85160-6431c3e7bf081\" data-title=\"Me gusta o Compartir\">\n<h3 class=\"sd-title\">Bunu severim:<\/h3>\n<p><span class=\"button\"><span>Severim<\/span><\/span> <span class=\"loading\">Y\u00fckleniyor\u2026<\/span><\/p>\n<p><span class=\"sd-text-color\"\/><\/div>\n<p><h3 class=\"jp-relatedposts-headline\"><em>\u0130lgili<\/em><\/h3>\n<\/p>\n<\/div>","protected":false},"excerpt":{"rendered":"<p>2023 y\u0131l\u0131nda d\u00fcnya \u00e7ap\u0131nda Pablo Picasso&#039;nun eserlerinin yer ald\u0131\u011f\u0131 50&#039;den fazla sergi d\u00fczenlenecek. Her ne kadar \u0130spanya ve Fransa\u2026 <\/p>","protected":false},"author":1,"featured_media":1101,"comment_status":"open","ping_status":"open","sticky":false,"template":"","format":"standard","meta":{"fifu_image_url":"https:\/\/i0.wp.com\/elgeneracionalpost.com\/wp-content\/uploads\/2023\/04\/picasso_1.jpg?fit=1030,1030&ssl=1","fifu_image_alt":"","footnotes":""},"categories":[35],"tags":[],"class_list":["post-1100","post","type-post","status-publish","format-standard","has-post-thumbnail","hentry","category-cultura-e-lazer","latest_post"],"yoast_head":"<!-- This site is optimized with the Yoast SEO plugin v27.3 - https:\/\/yoast.com\/product\/yoast-seo-wordpress\/ -->\n<title>50 anos sem Pablo Picasso - Tirinha.com<\/title>\n<meta name=\"robots\" content=\"index, follow, max-snippet:-1, max-image-preview:large, max-video-preview:-1\" \/>\n<link rel=\"canonical\" href=\"https:\/\/tirinha.com\/tr\/1100\/pablo-picassosuz-50-yil\/\" \/>\n<meta property=\"og:locale\" content=\"tr_TR\" \/>\n<meta property=\"og:type\" content=\"article\" \/>\n<meta property=\"og:title\" content=\"50 anos sem Pablo Picasso - Tirinha.com\" \/>\n<meta property=\"og:description\" content=\"Em 2023 ser\u00e3o mais de 50 exposi\u00e7\u00f5es da arte de Pablo Picasso pelo mundo. Embora a Espanha e a Fran\u00e7a &hellip;\" \/>\n<meta property=\"og:url\" content=\"https:\/\/tirinha.com\/tr\/1100\/pablo-picassosuz-50-yil\/\" \/>\n<meta property=\"og:site_name\" content=\"Tirinha.com\" \/>\n<meta property=\"article:published_time\" content=\"2023-04-08T19:43:37+00:00\" \/>\n<meta property=\"og:image\" content=\"https:\/\/i0.wp.com\/elgeneracionalpost.com\/wp-content\/uploads\/2023\/04\/picasso_1.jpg?fit=1030,1030&ssl=1\" \/>\n<meta name=\"author\" content=\"admin\" \/>\n<meta name=\"twitter:card\" content=\"summary_large_image\" \/>\n<meta name=\"twitter:image\" content=\"https:\/\/i0.wp.com\/elgeneracionalpost.com\/wp-content\/uploads\/2023\/04\/picasso_1.jpg?fit=1030,1030&ssl=1\" \/>\n<meta name=\"twitter:label1\" content=\"Yazan:\" \/>\n\t<meta name=\"twitter:data1\" content=\"admin\" \/>\n\t<meta name=\"twitter:label2\" content=\"Tahmini okuma s\u00fcresi\" \/>\n\t<meta name=\"twitter:data2\" content=\"6 dakika\" \/>\n<script type=\"application\/ld+json\" class=\"yoast-schema-graph\">{\"@context\":\"https:\\\/\\\/schema.org\",\"@graph\":[{\"@type\":\"Article\",\"@id\":\"https:\\\/\\\/tirinha.com\\\/1100\\\/50-anos-sem-pablo-picasso\\\/#article\",\"isPartOf\":{\"@id\":\"https:\\\/\\\/tirinha.com\\\/1100\\\/50-anos-sem-pablo-picasso\\\/\"},\"author\":{\"name\":\"admin\",\"@id\":\"https:\\\/\\\/tirinha.com\\\/#\\\/schema\\\/person\\\/e22bdfbe17e0461f7e927e6a1208d4d9\"},\"headline\":\"50 anos sem Pablo Picasso\",\"datePublished\":\"2023-04-08T19:43:37+00:00\",\"mainEntityOfPage\":{\"@id\":\"https:\\\/\\\/tirinha.com\\\/1100\\\/50-anos-sem-pablo-picasso\\\/\"},\"wordCount\":1162,\"commentCount\":0,\"publisher\":{\"@id\":\"https:\\\/\\\/tirinha.com\\\/#organization\"},\"image\":{\"@id\":\"https:\\\/\\\/tirinha.com\\\/1100\\\/50-anos-sem-pablo-picasso\\\/#primaryimage\"},\"thumbnailUrl\":\"https:\\\/\\\/i0.wp.com\\\/elgeneracionalpost.com\\\/wp-content\\\/uploads\\\/2023\\\/04\\\/picasso_1.jpg?fit=1030,1030&ssl=1\",\"articleSection\":[\"Cultura e lazer\"],\"inLanguage\":\"tr\",\"potentialAction\":[{\"@type\":\"CommentAction\",\"name\":\"Comment\",\"target\":[\"https:\\\/\\\/tirinha.com\\\/1100\\\/50-anos-sem-pablo-picasso\\\/#respond\"]}]},{\"@type\":\"WebPage\",\"@id\":\"https:\\\/\\\/tirinha.com\\\/1100\\\/50-anos-sem-pablo-picasso\\\/\",\"url\":\"https:\\\/\\\/tirinha.com\\\/1100\\\/50-anos-sem-pablo-picasso\\\/\",\"name\":\"50 anos sem Pablo Picasso - Tirinha.com\",\"isPartOf\":{\"@id\":\"https:\\\/\\\/tirinha.com\\\/#website\"},\"primaryImageOfPage\":{\"@id\":\"https:\\\/\\\/tirinha.com\\\/1100\\\/50-anos-sem-pablo-picasso\\\/#primaryimage\"},\"image\":{\"@id\":\"https:\\\/\\\/tirinha.com\\\/1100\\\/50-anos-sem-pablo-picasso\\\/#primaryimage\"},\"thumbnailUrl\":\"https:\\\/\\\/i0.wp.com\\\/elgeneracionalpost.com\\\/wp-content\\\/uploads\\\/2023\\\/04\\\/picasso_1.jpg?fit=1030,1030&ssl=1\",\"datePublished\":\"2023-04-08T19:43:37+00:00\",\"breadcrumb\":{\"@id\":\"https:\\\/\\\/tirinha.com\\\/1100\\\/50-anos-sem-pablo-picasso\\\/#breadcrumb\"},\"inLanguage\":\"tr\",\"potentialAction\":[{\"@type\":\"ReadAction\",\"target\":[\"https:\\\/\\\/tirinha.com\\\/1100\\\/50-anos-sem-pablo-picasso\\\/\"]}]},{\"@type\":\"ImageObject\",\"inLanguage\":\"tr\",\"@id\":\"https:\\\/\\\/tirinha.com\\\/1100\\\/50-anos-sem-pablo-picasso\\\/#primaryimage\",\"url\":\"https:\\\/\\\/i0.wp.com\\\/elgeneracionalpost.com\\\/wp-content\\\/uploads\\\/2023\\\/04\\\/picasso_1.jpg?fit=1030,1030&ssl=1\",\"contentUrl\":\"https:\\\/\\\/i0.wp.com\\\/elgeneracionalpost.com\\\/wp-content\\\/uploads\\\/2023\\\/04\\\/picasso_1.jpg?fit=1030,1030&ssl=1\"},{\"@type\":\"BreadcrumbList\",\"@id\":\"https:\\\/\\\/tirinha.com\\\/1100\\\/50-anos-sem-pablo-picasso\\\/#breadcrumb\",\"itemListElement\":[{\"@type\":\"ListItem\",\"position\":1,\"name\":\"Home\",\"item\":\"https:\\\/\\\/tirinha.com\\\/\"},{\"@type\":\"ListItem\",\"position\":2,\"name\":\"50 anos sem Pablo Picasso\"}]},{\"@type\":\"WebSite\",\"@id\":\"https:\\\/\\\/tirinha.com\\\/#website\",\"url\":\"https:\\\/\\\/tirinha.com\\\/\",\"name\":\"Tirinha.com\",\"description\":\"Arte e livros resenhas\",\"publisher\":{\"@id\":\"https:\\\/\\\/tirinha.com\\\/#organization\"},\"potentialAction\":[{\"@type\":\"SearchAction\",\"target\":{\"@type\":\"EntryPoint\",\"urlTemplate\":\"https:\\\/\\\/tirinha.com\\\/?s={search_term_string}\"},\"query-input\":{\"@type\":\"PropertyValueSpecification\",\"valueRequired\":true,\"valueName\":\"search_term_string\"}}],\"inLanguage\":\"tr\"},{\"@type\":\"Organization\",\"@id\":\"https:\\\/\\\/tirinha.com\\\/#organization\",\"name\":\"Tirinha.com\",\"url\":\"https:\\\/\\\/tirinha.com\\\/\",\"logo\":{\"@type\":\"ImageObject\",\"inLanguage\":\"tr\",\"@id\":\"https:\\\/\\\/tirinha.com\\\/#\\\/schema\\\/logo\\\/image\\\/\",\"url\":\"https:\\\/\\\/tirinha.com\\\/wp-content\\\/uploads\\\/2023\\\/08\\\/cropped-Logo-Tirinha.webp\",\"contentUrl\":\"https:\\\/\\\/tirinha.com\\\/wp-content\\\/uploads\\\/2023\\\/08\\\/cropped-Logo-Tirinha.webp\",\"width\":512,\"height\":512,\"caption\":\"Tirinha.com\"},\"image\":{\"@id\":\"https:\\\/\\\/tirinha.com\\\/#\\\/schema\\\/logo\\\/image\\\/\"}},{\"@type\":\"Person\",\"@id\":\"https:\\\/\\\/tirinha.com\\\/#\\\/schema\\\/person\\\/e22bdfbe17e0461f7e927e6a1208d4d9\",\"name\":\"admin\",\"image\":{\"@type\":\"ImageObject\",\"inLanguage\":\"tr\",\"@id\":\"https:\\\/\\\/tirinha.com\\\/wp-content\\\/litespeed\\\/avatar\\\/d0068f7931cc87d7274eb0c3db1deb4b.jpg?ver=1777434315\",\"url\":\"https:\\\/\\\/tirinha.com\\\/wp-content\\\/litespeed\\\/avatar\\\/d0068f7931cc87d7274eb0c3db1deb4b.jpg?ver=1777434315\",\"contentUrl\":\"https:\\\/\\\/tirinha.com\\\/wp-content\\\/litespeed\\\/avatar\\\/d0068f7931cc87d7274eb0c3db1deb4b.jpg?ver=1777434315\",\"caption\":\"admin\"},\"sameAs\":[\"https:\\\/\\\/tirinha.com\"],\"url\":\"https:\\\/\\\/tirinha.com\\\/tr\\\/author\\\/admin\\\/\"}]}<\/script>\n<!-- \/ Yoast SEO plugin. -->","yoast_head_json":{"title":"Pablo Picasso&#039;suz ge\u00e7en 50 y\u0131l - Tirinha.com","robots":{"index":"index","follow":"follow","max-snippet":"max-snippet:-1","max-image-preview":"max-image-preview:large","max-video-preview":"max-video-preview:-1"},"canonical":"https:\/\/tirinha.com\/tr\/1100\/pablo-picassosuz-50-yil\/","og_locale":"tr_TR","og_type":"article","og_title":"50 anos sem Pablo Picasso - Tirinha.com","og_description":"Em 2023 ser\u00e3o mais de 50 exposi\u00e7\u00f5es da arte de Pablo Picasso pelo mundo. Embora a Espanha e a Fran\u00e7a &hellip;","og_url":"https:\/\/tirinha.com\/tr\/1100\/pablo-picassosuz-50-yil\/","og_site_name":"Tirinha.com","article_published_time":"2023-04-08T19:43:37+00:00","og_image":[{"url":"https:\/\/i0.wp.com\/elgeneracionalpost.com\/wp-content\/uploads\/2023\/04\/picasso_1.jpg?fit=1030,1030&ssl=1","type":"","width":"","height":""}],"author":"admin","twitter_card":"summary_large_image","twitter_image":"https:\/\/i0.wp.com\/elgeneracionalpost.com\/wp-content\/uploads\/2023\/04\/picasso_1.jpg?fit=1030,1030&ssl=1","twitter_misc":{"Yazan:":"admin","Tahmini okuma s\u00fcresi":"6 dakika"},"schema":{"@context":"https:\/\/schema.org","@graph":[{"@type":"Article","@id":"https:\/\/tirinha.com\/1100\/50-anos-sem-pablo-picasso\/#article","isPartOf":{"@id":"https:\/\/tirinha.com\/1100\/50-anos-sem-pablo-picasso\/"},"author":{"name":"admin","@id":"https:\/\/tirinha.com\/#\/schema\/person\/e22bdfbe17e0461f7e927e6a1208d4d9"},"headline":"50 anos sem Pablo Picasso","datePublished":"2023-04-08T19:43:37+00:00","mainEntityOfPage":{"@id":"https:\/\/tirinha.com\/1100\/50-anos-sem-pablo-picasso\/"},"wordCount":1162,"commentCount":0,"publisher":{"@id":"https:\/\/tirinha.com\/#organization"},"image":{"@id":"https:\/\/tirinha.com\/1100\/50-anos-sem-pablo-picasso\/#primaryimage"},"thumbnailUrl":"https:\/\/i0.wp.com\/elgeneracionalpost.com\/wp-content\/uploads\/2023\/04\/picasso_1.jpg?fit=1030,1030&ssl=1","articleSection":["Cultura e lazer"],"inLanguage":"tr","potentialAction":[{"@type":"CommentAction","name":"Comment","target":["https:\/\/tirinha.com\/1100\/50-anos-sem-pablo-picasso\/#respond"]}]},{"@type":"WebPage","@id":"https:\/\/tirinha.com\/1100\/50-anos-sem-pablo-picasso\/","url":"https:\/\/tirinha.com\/1100\/50-anos-sem-pablo-picasso\/","name":"Pablo Picasso&#039;suz ge\u00e7en 50 y\u0131l - Tirinha.com","isPartOf":{"@id":"https:\/\/tirinha.com\/#website"},"primaryImageOfPage":{"@id":"https:\/\/tirinha.com\/1100\/50-anos-sem-pablo-picasso\/#primaryimage"},"image":{"@id":"https:\/\/tirinha.com\/1100\/50-anos-sem-pablo-picasso\/#primaryimage"},"thumbnailUrl":"https:\/\/i0.wp.com\/elgeneracionalpost.com\/wp-content\/uploads\/2023\/04\/picasso_1.jpg?fit=1030,1030&ssl=1","datePublished":"2023-04-08T19:43:37+00:00","breadcrumb":{"@id":"https:\/\/tirinha.com\/1100\/50-anos-sem-pablo-picasso\/#breadcrumb"},"inLanguage":"tr","potentialAction":[{"@type":"ReadAction","target":["https:\/\/tirinha.com\/1100\/50-anos-sem-pablo-picasso\/"]}]},{"@type":"ImageObject","inLanguage":"tr","@id":"https:\/\/tirinha.com\/1100\/50-anos-sem-pablo-picasso\/#primaryimage","url":"https:\/\/i0.wp.com\/elgeneracionalpost.com\/wp-content\/uploads\/2023\/04\/picasso_1.jpg?fit=1030,1030&ssl=1","contentUrl":"https:\/\/i0.wp.com\/elgeneracionalpost.com\/wp-content\/uploads\/2023\/04\/picasso_1.jpg?fit=1030,1030&ssl=1"},{"@type":"BreadcrumbList","@id":"https:\/\/tirinha.com\/1100\/50-anos-sem-pablo-picasso\/#breadcrumb","itemListElement":[{"@type":"ListItem","position":1,"name":"Home","item":"https:\/\/tirinha.com\/"},{"@type":"ListItem","position":2,"name":"50 anos sem Pablo Picasso"}]},{"@type":"WebSite","@id":"https:\/\/tirinha.com\/#website","url":"https:\/\/tirinha.com\/","name":"\u00e7izgi roman.com","description":"Sanat ve kitap ele\u015ftirileri","publisher":{"@id":"https:\/\/tirinha.com\/#organization"},"potentialAction":[{"@type":"SearchAction","target":{"@type":"EntryPoint","urlTemplate":"https:\/\/tirinha.com\/?s={search_term_string}"},"query-input":{"@type":"PropertyValueSpecification","valueRequired":true,"valueName":"search_term_string"}}],"inLanguage":"tr"},{"@type":"Organization","@id":"https:\/\/tirinha.com\/#organization","name":"\u00e7izgi roman.com","url":"https:\/\/tirinha.com\/","logo":{"@type":"ImageObject","inLanguage":"tr","@id":"https:\/\/tirinha.com\/#\/schema\/logo\/image\/","url":"https:\/\/tirinha.com\/wp-content\/uploads\/2023\/08\/cropped-Logo-Tirinha.webp","contentUrl":"https:\/\/tirinha.com\/wp-content\/uploads\/2023\/08\/cropped-Logo-Tirinha.webp","width":512,"height":512,"caption":"Tirinha.com"},"image":{"@id":"https:\/\/tirinha.com\/#\/schema\/logo\/image\/"}},{"@type":"Person","@id":"https:\/\/tirinha.com\/#\/schema\/person\/e22bdfbe17e0461f7e927e6a1208d4d9","name":"y\u00f6netici","image":{"@type":"ImageObject","inLanguage":"tr","@id":"https:\/\/tirinha.com\/wp-content\/litespeed\/avatar\/d0068f7931cc87d7274eb0c3db1deb4b.jpg?ver=1777434315","url":"https:\/\/tirinha.com\/wp-content\/litespeed\/avatar\/d0068f7931cc87d7274eb0c3db1deb4b.jpg?ver=1777434315","contentUrl":"https:\/\/tirinha.com\/wp-content\/litespeed\/avatar\/d0068f7931cc87d7274eb0c3db1deb4b.jpg?ver=1777434315","caption":"admin"},"sameAs":["https:\/\/tirinha.com"],"url":"https:\/\/tirinha.com\/tr\/author\/admin\/"}]}},"_links":{"self":[{"href":"https:\/\/tirinha.com\/tr\/wp-json\/wp\/v2\/posts\/1100","targetHints":{"allow":["GET"]}}],"collection":[{"href":"https:\/\/tirinha.com\/tr\/wp-json\/wp\/v2\/posts"}],"about":[{"href":"https:\/\/tirinha.com\/tr\/wp-json\/wp\/v2\/types\/post"}],"author":[{"embeddable":true,"href":"https:\/\/tirinha.com\/tr\/wp-json\/wp\/v2\/users\/1"}],"replies":[{"embeddable":true,"href":"https:\/\/tirinha.com\/tr\/wp-json\/wp\/v2\/comments?post=1100"}],"version-history":[{"count":0,"href":"https:\/\/tirinha.com\/tr\/wp-json\/wp\/v2\/posts\/1100\/revisions"}],"wp:featuredmedia":[{"embeddable":true,"href":"https:\/\/tirinha.com\/tr\/wp-json\/wp\/v2\/media\/1101"}],"wp:attachment":[{"href":"https:\/\/tirinha.com\/tr\/wp-json\/wp\/v2\/media?parent=1100"}],"wp:term":[{"taxonomy":"category","embeddable":true,"href":"https:\/\/tirinha.com\/tr\/wp-json\/wp\/v2\/categories?post=1100"},{"taxonomy":"post_tag","embeddable":true,"href":"https:\/\/tirinha.com\/tr\/wp-json\/wp\/v2\/tags?post=1100"}],"curies":[{"name":"wp","href":"https:\/\/api.w.org\/{rel}","templated":true}]}}