{"id":1061,"date":"2023-04-05T10:58:58","date_gmt":"2023-04-05T10:58:58","guid":{"rendered":"https:\/\/tirinha.com\/a-nova-temporada-de-teatro-em-madrid\/"},"modified":"2023-04-05T10:58:58","modified_gmt":"2023-04-05T10:58:58","slug":"madriddeki-yeni-tiyatro-sezonu","status":"publish","type":"post","link":"https:\/\/tirinha.com\/tr\/1061\/a-nova-temporada-de-teatro-em-madrid\/","title":{"rendered":"Madrid&#039;de yeni tiyatro sezonu"},"content":{"rendered":"<p><\/p>\n<div>\n<h3>2018\/2019 sezonu ba\u015fkentin sinemalar\u0131nda \u00e7oktan ba\u015flad\u0131 ve m\u00fczikallerin hakimiyetini s\u00fcrd\u00fcrd\u00fc\u011f\u00fc \u00e7ok b\u00fcy\u00fck bir reklam panosu bulunuyor<\/h3>\n<p><img fetchpriority=\"high\" data-attachment-id=\"369\" data-permalink=\"https:\/\/elgeneracionalpost.com\/cultura\/2018\/1117\/368\/la-nueva-temporada-teatral-en-madrid.html\/attachment\/teatro-comedia-width-1200\" data-orig-file=\"https:\/\/i0.wp.com\/elgeneracionalpost.com\/wp-content\/uploads\/2018\/11\/teatro-comedia-width-1200.jpg?fit=1200%2C656&amp;ssl=1\" data-orig-size=\"1200,656\" data-comments-opened=\"1\" data-image-meta=\"{&quot;aperture&quot;:&quot;0&quot;,&quot;credit&quot;:&quot;&quot;,&quot;camera&quot;:&quot;&quot;,&quot;caption&quot;:&quot;&quot;,&quot;created_timestamp&quot;:&quot;0&quot;,&quot;copyright&quot;:&quot;&quot;,&quot;focal_length&quot;:&quot;0&quot;,&quot;iso&quot;:&quot;0&quot;,&quot;shutter_speed&quot;:&quot;0&quot;,&quot;title&quot;:&quot;&quot;,&quot;orientation&quot;:&quot;0&quot;}\" data-image-title=\"teatro-comedia.width-1200\" data-image-description=\"\" data-image-caption=\"\" data-medium-file=\"https:\/\/i0.wp.com\/elgeneracionalpost.com\/wp-content\/uploads\/2018\/11\/teatro-comedia-width-1200.jpg?fit=300%2C164&amp;ssl=1\" data-large-file=\"https:\/\/i0.wp.com\/elgeneracionalpost.com\/wp-content\/uploads\/2018\/11\/teatro-comedia-width-1200.jpg?fit=696%2C380&amp;ssl=1\" decoding=\"async\" class=\"wp-image-369 aligncenter jetpack-lazy-image\" src=\"https:\/\/i0.wp.com\/elgeneracionalpost.com\/wp-content\/uploads\/2018\/11\/teatro-comedia-width-1200.jpg?resize=449%2C245&amp;ssl=1\" alt=\"tiyatro-komedi.geni\u015flik-1200\" width=\"449\" height=\"245\" data-recalc-dims=\"1\" data-lazy-src=\"https:\/\/i0.wp.com\/elgeneracionalpost.com\/wp-content\/uploads\/2018\/11\/teatro-comedia-width-1200.jpg?resize=449%2C245&amp;is-pending-load=1#038;ssl=1\" srcset=\"data:image\/gif;base64,R0lGODlhAQABAIAAAAAAAP\/\/\/yH5BAEAAAAALAAAAAABAAEAAAIBRAA7\"\/><noscript><img data-lazy-fallback=\"1\" data-attachment-id=\"369\" data-permalink=\"https:\/\/elgeneracionalpost.com\/cultura\/2018\/1117\/368\/la-nueva-temporada-teatral-en-madrid.html\/attachment\/teatro-comedia-width-1200\" data-orig-file=\"https:\/\/i0.wp.com\/elgeneracionalpost.com\/wp-content\/uploads\/2018\/11\/teatro-comedia-width-1200.jpg?fit=1200%2C656&amp;ssl=1\" data-orig-size=\"1200,656\" data-comments-opened=\"1\" data-image-meta=\"{&quot;aperture&quot;:&quot;0&quot;,&quot;credit&quot;:&quot;&quot;,&quot;camera&quot;:&quot;&quot;,&quot;caption&quot;:&quot;&quot;,&quot;created_timestamp&quot;:&quot;0&quot;,&quot;copyright&quot;:&quot;&quot;,&quot;focal_length&quot;:&quot;0&quot;,&quot;iso&quot;:&quot;0&quot;,&quot;shutter_speed&quot;:&quot;0&quot;,&quot;title&quot;:&quot;&quot;,&quot;orientation&quot;:&quot;0&quot;}\" data-image-title=\"teatro-comedia.width-1200\" data-image-description=\"\" data-image-caption=\"\" data-medium-file=\"https:\/\/i0.wp.com\/elgeneracionalpost.com\/wp-content\/uploads\/2018\/11\/teatro-comedia-width-1200.jpg?fit=300%2C164&amp;ssl=1\" data-large-file=\"https:\/\/i0.wp.com\/elgeneracionalpost.com\/wp-content\/uploads\/2018\/11\/teatro-comedia-width-1200.jpg?fit=696%2C380&amp;ssl=1\" decoding=\"async\" class=\"wp-image-369 aligncenter\" src=\"https:\/\/i0.wp.com\/elgeneracionalpost.com\/wp-content\/uploads\/2018\/11\/teatro-comedia-width-1200.jpg?resize=449%2C245&amp;ssl=1\" alt=\"tiyatro-komedi.geni\u015flik-1200\" width=\"449\" height=\"245\" data-recalc-dims=\"1\"\/><\/noscript><\/p>\n<p>Komedi Tiyatrosu. <i>Kaynak: ticketea.es <\/i><\/p>\n<p>Noel&#039;in getirdi\u011fi tirajdan faydalanmak ve dolay\u0131s\u0131yla gi\u015feyi art\u0131rmak i\u00e7in \u00e7o\u011fu eserin vizyona girdi\u011fi aylar eyl\u00fcl ve ekim aylar\u0131; Bu bir s\u0131r de\u011fil. Bu nedenle, bu y\u0131l \u015firketler ekiplerini birle\u015ftirdi ve seyirci, Madrid&#039;in \u00e7o\u011fu tiyatrosuna yay\u0131lm\u0131\u015f geni\u015f bir se\u00e7im yelpazesine sahip olacak. Dram ya da komedi, modern ya da klasik tiyatro, \u015fiir ya da d\u00fczyaz\u0131; Bu \u015fehirde se\u00e7enek s\u0131k\u0131nt\u0131s\u0131 yok.<\/p>\n<p>Gibi uyarlamalar\u0131 g\u00f6rebilirsiniz <i><strong>moby dick<\/strong><\/i><i>, <\/i>Juan Cavestany&#039;nin yazd\u0131\u011f\u0131 ve y\u00f6netmenli\u011fini Andr\u00e9s Lima&#039;n\u0131n \u00fcstlendi\u011fi, ulusal turnesini Gij\u00f3n, Santa Cruz de Tenerife veya Zaragoza gibi \u015fehirlerde ger\u00e7ekle\u015ftiren ve ba\u015fkentin sinemalar\u0131nda 25-17 Ocak tarihleri aras\u0131nda sona erecek olan versiyon. Teatro de La Latina.<\/p>\n<p>Halk\u0131n emrinde \u00e7e\u015fitli komediler var: <i><strong>efendi b\u00fclb\u00fcl<\/strong><\/i>Els Joglars \u015firketi taraf\u0131ndan yap\u0131lan ve Ramon Fontser\u00e8&#039;nin y\u00f6netti\u011fi filmde ba\u015f kahraman Santiago Rusi\u00f1ol eseri resmediyor <i>morfin<\/i> Bu ilaca ba\u011f\u0131ml\u0131 olduktan sonra st\u00fcdyosu-m\u00fczesinde kal\u0131r ve etkisi mekan\u0131n y\u0131k\u0131lmas\u0131na neden olur ve g\u00fc\u00e7 ve mizahla \u00e7at\u0131\u015fmalar ortaya \u00e7\u0131kmaya ba\u015flar. Gelecek y\u0131l 9 Ocak&#039;tan 27 Eyl\u00fcl&#039;e kadar Madrid&#039;deki Teatro Mar\u00eda Guerrero&#039;da olacak. Veya bunun gibi dramalar <i><strong>K\u0131rlang\u0131\u00e7, <\/strong><\/i>Lazona \u015firketinin \u00fcyesi ve y\u00f6netmen Josep Maria Mestres, 12 Nisan 2019&#039;dan bu yana Teatro Infanta Isabel&#039;de. \u0130kincisi, Ram\u00f3n&#039;u evinde kar\u015f\u0131layan ve anma t\u00f6reninde \u015fark\u0131 s\u00f6ylemek i\u00e7in ses tekni\u011fini geli\u015ftirmek isteyen kat\u0131 bir \u015fark\u0131 \u00f6\u011fretmeninin hikayesini anlat\u0131yor. yak\u0131n zamanda \u00f6len annesi i\u00e7in. Se\u00e7ilen \u015fark\u0131n\u0131n kendisi i\u00e7in ve g\u00f6r\u00fcn\u00fc\u015fe g\u00f6re gen\u00e7 \u00f6\u011frenciye yard\u0131m etmeyi kabul eden kad\u0131n i\u00e7in de \u00f6zel bir anlam\u0131 var.<\/p>\n<p>Ulusal Klasik Tiyatro Toplulu\u011fu&#039;nun Teatro de la Comedia&#039;da \u015fu tarihlerde geni\u015f bir eser repertuvar\u0131 vard\u0131r: <strong><i>Bir evin \u00e7abalar\u0131, <\/i><\/strong>oyundan uyarlanan tiyatro 9 Aral\u0131k&#039;a kadar g\u00f6sterime girecek <i>yayalar <\/i>Sor Juana In\u00e9s de la Cruz&#039;dan: Bu ev, a\u015fk, ac\u0131, insan kalbi ve ya\u015fam gibi bir labirenttir; herhangi <strong><i>\u0130ntikam olmadan ceza <\/i><\/strong>3 \u015eubat&#039;a kadar s\u00fcrecek olan bu hikaye, 2000&#039;lerin sonunda sars\u0131lan \u0130talya&#039;da \u015fehir devletlerinin kar\u015f\u0131 kar\u015f\u0131ya geldi\u011fi siyasi ba\u011flamda ge\u00e7en bir onur trajedisi. <i>quattrocento<\/i>. Ayn\u0131 firman\u0131n 2019 y\u0131l\u0131 ba\u015f\u0131nda ba\u015flataca\u011f\u0131 \u00e7al\u0131\u015fmalar da \u00f6nemli.<\/p>\n<p>Ancak son y\u0131llarda Madrid&#039;i ziyaret ettiyseniz \u015fehrin en b\u00fcy\u00fck k\u00fclt\u00fcrel cazibe merkezlerinden birinin m\u00fczikaller oldu\u011funu bilirsiniz; ve gi\u015fe rekorlar\u0131 k\u0131rmaya devam ediyorlar. \u015e\u00f6yle \u00e7al\u0131\u015f\u0131r <i><strong>Aslan Kral <\/strong><\/i>Yedi y\u0131l\u0131 a\u015fk\u0131n s\u00fcredir neredeyse her g\u00fcn performans sergileyen (Teatro Lope de Vega) veya <i><strong>billie elliot <\/strong><\/i>Eyl\u00fcl ay\u0131nda ikinci sezonuna ba\u015flayan (Nuevo Teatro Alcal\u00e1); Madrid&#039;in merkezindeki tiyatrolara milyonlarca seyirci getiriyorlar ve gelirleri de bu rakamlarla \u00f6l\u00e7\u00fcl\u00fcyor. Ayr\u0131ca \u015f\u00f6yle pr\u00f6miyerler var: <i><strong>Anastasya <\/strong><\/i>(Kolezyum Tiyatrosu), <i><strong>bat\u0131 yakas\u0131 tarihi <\/strong><\/i>(Calderon Tiyatrosu) veya <strong><i>gen\u00e7 Franken\u015ftayn <\/i><\/strong>(Philips Gran V\u00eda I\u015f\u0131k Tiyatrosu); \u00e7o\u011fu b\u00fcy\u00fck film yap\u0131mlar\u0131ndan veya Broadway hitlerinden uyarlamalar ve neredeyse iyi bir koleksiyonu garanti ediyor.<\/p>\n<p>B\u00f6ylece, tiyatro severler ve bu d\u00fcnyay\u0131 daha derinlemesine ke\u015ffetmek isteyenler, bu tarihlerde hem b\u00fcy\u00fck hem de mahalle tiyatrolar\u0131nda se\u00e7ebilecekleri y\u00fczlerce oyunla, be\u011fenseniz de be\u011fenmeseniz de, ba\u015fka bir oyun izleme iste\u011fi uyand\u0131racak ayd\u0131nlat\u0131c\u0131 bir deneyimi garanti ediyor. performans \u00e7ok k\u0131sa s\u00fcrede<\/p>\n<p><img data-attachment-id=\"390\" data-permalink=\"https:\/\/elgeneracionalpost.com\/cultura\/2018\/1117\/368\/la-nueva-temporada-teatral-en-madrid.html\/attachment\/20130225_gran_via\" data-orig-file=\"https:\/\/i0.wp.com\/elgeneracionalpost.com\/wp-content\/uploads\/2018\/11\/20130225_gran_via.jpg?fit=570%2C285&amp;ssl=1\" data-orig-size=\"570,285\" data-comments-opened=\"1\" data-image-meta=\"{&quot;aperture&quot;:&quot;0&quot;,&quot;credit&quot;:&quot;&quot;,&quot;camera&quot;:&quot;&quot;,&quot;caption&quot;:&quot;&quot;,&quot;created_timestamp&quot;:&quot;0&quot;,&quot;copyright&quot;:&quot;&quot;,&quot;focal_length&quot;:&quot;0&quot;,&quot;iso&quot;:&quot;0&quot;,&quot;shutter_speed&quot;:&quot;0&quot;,&quot;title&quot;:&quot;&quot;,&quot;orientation&quot;:&quot;1&quot;}\" data-image-title=\"20130225_gran_via\" data-image-description=\"\" data-image-caption=\"\" data-medium-file=\"https:\/\/i0.wp.com\/elgeneracionalpost.com\/wp-content\/uploads\/2018\/11\/20130225_gran_via.jpg?fit=300%2C150&amp;ssl=1\" data-large-file=\"https:\/\/i0.wp.com\/elgeneracionalpost.com\/wp-content\/uploads\/2018\/11\/20130225_gran_via.jpg?fit=570%2C285&amp;ssl=1\" decoding=\"async\" class=\"wp-image-390 aligncenter jetpack-lazy-image\" src=\"https:\/\/i0.wp.com\/elgeneracionalpost.com\/wp-content\/uploads\/2018\/11\/20130225_gran_via.jpg?resize=450%2C225&amp;ssl=1\" alt=\"20130225_gran_via\" width=\"450\" height=\"225\" data-recalc-dims=\"1\" data-lazy-src=\"https:\/\/i0.wp.com\/elgeneracionalpost.com\/wp-content\/uploads\/2018\/11\/20130225_gran_via.jpg?resize=450%2C225&amp;is-pending-load=1#038;ssl=1\" srcset=\"data:image\/gif;base64,R0lGODlhAQABAIAAAAAAAP\/\/\/yH5BAEAAAAALAAAAAABAAEAAAIBRAA7\"\/><noscript><img loading=\"lazy\" data-lazy-fallback=\"1\" data-attachment-id=\"390\" data-permalink=\"https:\/\/elgeneracionalpost.com\/cultura\/2018\/1117\/368\/la-nueva-temporada-teatral-en-madrid.html\/attachment\/20130225_gran_via\" data-orig-file=\"https:\/\/i0.wp.com\/elgeneracionalpost.com\/wp-content\/uploads\/2018\/11\/20130225_gran_via.jpg?fit=570%2C285&amp;ssl=1\" data-orig-size=\"570,285\" data-comments-opened=\"1\" data-image-meta=\"{&quot;aperture&quot;:&quot;0&quot;,&quot;credit&quot;:&quot;&quot;,&quot;camera&quot;:&quot;&quot;,&quot;caption&quot;:&quot;&quot;,&quot;created_timestamp&quot;:&quot;0&quot;,&quot;copyright&quot;:&quot;&quot;,&quot;focal_length&quot;:&quot;0&quot;,&quot;iso&quot;:&quot;0&quot;,&quot;shutter_speed&quot;:&quot;0&quot;,&quot;title&quot;:&quot;&quot;,&quot;orientation&quot;:&quot;1&quot;}\" data-image-title=\"20130225_gran_via\" data-image-description=\"\" data-image-caption=\"\" data-medium-file=\"https:\/\/i0.wp.com\/elgeneracionalpost.com\/wp-content\/uploads\/2018\/11\/20130225_gran_via.jpg?fit=300%2C150&amp;ssl=1\" data-large-file=\"https:\/\/i0.wp.com\/elgeneracionalpost.com\/wp-content\/uploads\/2018\/11\/20130225_gran_via.jpg?fit=570%2C285&amp;ssl=1\" decoding=\"async\" class=\"wp-image-390 aligncenter\" src=\"https:\/\/i0.wp.com\/elgeneracionalpost.com\/wp-content\/uploads\/2018\/11\/20130225_gran_via.jpg?resize=450%2C225&amp;ssl=1\" alt=\"20130225_gran_via\" width=\"450\" height=\"225\" data-recalc-dims=\"1\"\/><\/noscript><br \/><span style=\"line-height:inherit;\">Gran V\u00eda, \u201cMadrid&#039;in Broadway&#039;i\u201d. <i>Kaynak: O Pa\u00eds. <\/i><\/span><\/p>\n<div class=\"sharedaddy sd-block sd-like jetpack-likes-widget-wrapper jetpack-likes-widget-unloaded\" id=\"like-post-wrapper-153844979-368-642d5471d5b19\" data-src=\"https:\/\/widgets.wp.com\/likes\/#blog_id=153844979&amp;post_id=368&amp;origin=elgeneracionalpost.com&amp;obj_id=153844979-368-642d5471d5b19\" data-name=\"like-post-frame-153844979-368-642d5471d5b19\" data-title=\"Me gusta o Compartir\">\n<h3 class=\"sd-title\">Bunu severim:<\/h3>\n<p><span class=\"button\"><span>Severim<\/span><\/span> <span class=\"loading\">Y\u00fckleniyor\u2026<\/span><\/p>\n<p><span class=\"sd-text-color\"\/><\/div>\n<p><h3 class=\"jp-relatedposts-headline\"><em>\u0130lgili<\/em><\/h3>\n<\/p>\n<\/div>","protected":false},"excerpt":{"rendered":"<p>2018\/2019 sezonu ba\u015fkentin sinemalar\u0131nda \u00e7oktan ba\u015flad\u0131 ve m\u00fczikallerin devam etti\u011fi \u00e7ok b\u00fcy\u00fck bir reklam panosu bulunuyor... <\/p>","protected":false},"author":1,"featured_media":1062,"comment_status":"open","ping_status":"open","sticky":false,"template":"","format":"standard","meta":{"fifu_image_url":"https:\/\/i0.wp.com\/elgeneracionalpost.com\/wp-content\/uploads\/2018\/11\/teatro-comedia-width-1200.jpg?fit=1200,656","fifu_image_alt":"","footnotes":""},"categories":[35],"tags":[],"class_list":["post-1061","post","type-post","status-publish","format-standard","has-post-thumbnail","hentry","category-cultura-e-lazer","latest_post"],"yoast_head":"<!-- This site is optimized with the Yoast SEO plugin v27.3 - https:\/\/yoast.com\/product\/yoast-seo-wordpress\/ -->\n<title>A nova temporada de teatro em Madrid - Tirinha.com<\/title>\n<meta name=\"robots\" content=\"index, follow, max-snippet:-1, max-image-preview:large, max-video-preview:-1\" \/>\n<link rel=\"canonical\" href=\"https:\/\/tirinha.com\/tr\/1061\/madriddeki-yeni-tiyatro-sezonu\/\" \/>\n<meta property=\"og:locale\" content=\"tr_TR\" \/>\n<meta property=\"og:type\" content=\"article\" \/>\n<meta property=\"og:title\" content=\"A nova temporada de teatro em Madrid - Tirinha.com\" \/>\n<meta property=\"og:description\" content=\"A temporada 2018\/2019 j\u00e1 come\u00e7ou nos teatros da capital e traz um outdoor bem amplo em que os musicais continuam &hellip;\" \/>\n<meta property=\"og:url\" content=\"https:\/\/tirinha.com\/tr\/1061\/madriddeki-yeni-tiyatro-sezonu\/\" \/>\n<meta property=\"og:site_name\" content=\"Tirinha.com\" \/>\n<meta property=\"article:published_time\" content=\"2023-04-05T10:58:58+00:00\" \/>\n<meta property=\"og:image\" content=\"https:\/\/i0.wp.com\/elgeneracionalpost.com\/wp-content\/uploads\/2018\/11\/teatro-comedia-width-1200.jpg?fit=1200,656\" \/>\n<meta name=\"author\" content=\"admin\" \/>\n<meta name=\"twitter:card\" content=\"summary_large_image\" \/>\n<meta name=\"twitter:image\" content=\"https:\/\/i0.wp.com\/elgeneracionalpost.com\/wp-content\/uploads\/2018\/11\/teatro-comedia-width-1200.jpg?fit=1200,656\" \/>\n<meta name=\"twitter:label1\" content=\"Yazan:\" \/>\n\t<meta name=\"twitter:data1\" content=\"admin\" \/>\n\t<meta name=\"twitter:label2\" content=\"Tahmini okuma s\u00fcresi\" \/>\n\t<meta name=\"twitter:data2\" content=\"3 dakika\" \/>\n<script type=\"application\/ld+json\" class=\"yoast-schema-graph\">{\"@context\":\"https:\\\/\\\/schema.org\",\"@graph\":[{\"@type\":\"Article\",\"@id\":\"https:\\\/\\\/tirinha.com\\\/1061\\\/a-nova-temporada-de-teatro-em-madrid\\\/#article\",\"isPartOf\":{\"@id\":\"https:\\\/\\\/tirinha.com\\\/1061\\\/a-nova-temporada-de-teatro-em-madrid\\\/\"},\"author\":{\"name\":\"admin\",\"@id\":\"https:\\\/\\\/tirinha.com\\\/#\\\/schema\\\/person\\\/e22bdfbe17e0461f7e927e6a1208d4d9\"},\"headline\":\"A nova temporada de teatro em Madrid\",\"datePublished\":\"2023-04-05T10:58:58+00:00\",\"mainEntityOfPage\":{\"@id\":\"https:\\\/\\\/tirinha.com\\\/1061\\\/a-nova-temporada-de-teatro-em-madrid\\\/\"},\"wordCount\":667,\"commentCount\":0,\"publisher\":{\"@id\":\"https:\\\/\\\/tirinha.com\\\/#organization\"},\"image\":{\"@id\":\"https:\\\/\\\/tirinha.com\\\/1061\\\/a-nova-temporada-de-teatro-em-madrid\\\/#primaryimage\"},\"thumbnailUrl\":\"https:\\\/\\\/i0.wp.com\\\/elgeneracionalpost.com\\\/wp-content\\\/uploads\\\/2018\\\/11\\\/teatro-comedia-width-1200.jpg?fit=1200,656\",\"articleSection\":[\"Cultura e lazer\"],\"inLanguage\":\"tr\",\"potentialAction\":[{\"@type\":\"CommentAction\",\"name\":\"Comment\",\"target\":[\"https:\\\/\\\/tirinha.com\\\/1061\\\/a-nova-temporada-de-teatro-em-madrid\\\/#respond\"]}]},{\"@type\":\"WebPage\",\"@id\":\"https:\\\/\\\/tirinha.com\\\/1061\\\/a-nova-temporada-de-teatro-em-madrid\\\/\",\"url\":\"https:\\\/\\\/tirinha.com\\\/1061\\\/a-nova-temporada-de-teatro-em-madrid\\\/\",\"name\":\"A nova temporada de teatro em Madrid - Tirinha.com\",\"isPartOf\":{\"@id\":\"https:\\\/\\\/tirinha.com\\\/#website\"},\"primaryImageOfPage\":{\"@id\":\"https:\\\/\\\/tirinha.com\\\/1061\\\/a-nova-temporada-de-teatro-em-madrid\\\/#primaryimage\"},\"image\":{\"@id\":\"https:\\\/\\\/tirinha.com\\\/1061\\\/a-nova-temporada-de-teatro-em-madrid\\\/#primaryimage\"},\"thumbnailUrl\":\"https:\\\/\\\/i0.wp.com\\\/elgeneracionalpost.com\\\/wp-content\\\/uploads\\\/2018\\\/11\\\/teatro-comedia-width-1200.jpg?fit=1200,656\",\"datePublished\":\"2023-04-05T10:58:58+00:00\",\"breadcrumb\":{\"@id\":\"https:\\\/\\\/tirinha.com\\\/1061\\\/a-nova-temporada-de-teatro-em-madrid\\\/#breadcrumb\"},\"inLanguage\":\"tr\",\"potentialAction\":[{\"@type\":\"ReadAction\",\"target\":[\"https:\\\/\\\/tirinha.com\\\/1061\\\/a-nova-temporada-de-teatro-em-madrid\\\/\"]}]},{\"@type\":\"ImageObject\",\"inLanguage\":\"tr\",\"@id\":\"https:\\\/\\\/tirinha.com\\\/1061\\\/a-nova-temporada-de-teatro-em-madrid\\\/#primaryimage\",\"url\":\"https:\\\/\\\/i0.wp.com\\\/elgeneracionalpost.com\\\/wp-content\\\/uploads\\\/2018\\\/11\\\/teatro-comedia-width-1200.jpg?fit=1200,656\",\"contentUrl\":\"https:\\\/\\\/i0.wp.com\\\/elgeneracionalpost.com\\\/wp-content\\\/uploads\\\/2018\\\/11\\\/teatro-comedia-width-1200.jpg?fit=1200,656\"},{\"@type\":\"BreadcrumbList\",\"@id\":\"https:\\\/\\\/tirinha.com\\\/1061\\\/a-nova-temporada-de-teatro-em-madrid\\\/#breadcrumb\",\"itemListElement\":[{\"@type\":\"ListItem\",\"position\":1,\"name\":\"Home\",\"item\":\"https:\\\/\\\/tirinha.com\\\/\"},{\"@type\":\"ListItem\",\"position\":2,\"name\":\"A nova temporada de teatro em Madrid\"}]},{\"@type\":\"WebSite\",\"@id\":\"https:\\\/\\\/tirinha.com\\\/#website\",\"url\":\"https:\\\/\\\/tirinha.com\\\/\",\"name\":\"Tirinha.com\",\"description\":\"Arte e livros resenhas\",\"publisher\":{\"@id\":\"https:\\\/\\\/tirinha.com\\\/#organization\"},\"potentialAction\":[{\"@type\":\"SearchAction\",\"target\":{\"@type\":\"EntryPoint\",\"urlTemplate\":\"https:\\\/\\\/tirinha.com\\\/?s={search_term_string}\"},\"query-input\":{\"@type\":\"PropertyValueSpecification\",\"valueRequired\":true,\"valueName\":\"search_term_string\"}}],\"inLanguage\":\"tr\"},{\"@type\":\"Organization\",\"@id\":\"https:\\\/\\\/tirinha.com\\\/#organization\",\"name\":\"Tirinha.com\",\"url\":\"https:\\\/\\\/tirinha.com\\\/\",\"logo\":{\"@type\":\"ImageObject\",\"inLanguage\":\"tr\",\"@id\":\"https:\\\/\\\/tirinha.com\\\/#\\\/schema\\\/logo\\\/image\\\/\",\"url\":\"https:\\\/\\\/tirinha.com\\\/wp-content\\\/uploads\\\/2023\\\/08\\\/cropped-Logo-Tirinha.webp\",\"contentUrl\":\"https:\\\/\\\/tirinha.com\\\/wp-content\\\/uploads\\\/2023\\\/08\\\/cropped-Logo-Tirinha.webp\",\"width\":512,\"height\":512,\"caption\":\"Tirinha.com\"},\"image\":{\"@id\":\"https:\\\/\\\/tirinha.com\\\/#\\\/schema\\\/logo\\\/image\\\/\"}},{\"@type\":\"Person\",\"@id\":\"https:\\\/\\\/tirinha.com\\\/#\\\/schema\\\/person\\\/e22bdfbe17e0461f7e927e6a1208d4d9\",\"name\":\"admin\",\"image\":{\"@type\":\"ImageObject\",\"inLanguage\":\"tr\",\"@id\":\"https:\\\/\\\/tirinha.com\\\/wp-content\\\/litespeed\\\/avatar\\\/d0068f7931cc87d7274eb0c3db1deb4b.jpg?ver=1777434315\",\"url\":\"https:\\\/\\\/tirinha.com\\\/wp-content\\\/litespeed\\\/avatar\\\/d0068f7931cc87d7274eb0c3db1deb4b.jpg?ver=1777434315\",\"contentUrl\":\"https:\\\/\\\/tirinha.com\\\/wp-content\\\/litespeed\\\/avatar\\\/d0068f7931cc87d7274eb0c3db1deb4b.jpg?ver=1777434315\",\"caption\":\"admin\"},\"sameAs\":[\"https:\\\/\\\/tirinha.com\"],\"url\":\"https:\\\/\\\/tirinha.com\\\/tr\\\/author\\\/admin\\\/\"}]}<\/script>\n<!-- \/ Yoast SEO plugin. -->","yoast_head_json":{"title":"Madrid&#039;de yeni tiyatro sezonu - Tirinha.com","robots":{"index":"index","follow":"follow","max-snippet":"max-snippet:-1","max-image-preview":"max-image-preview:large","max-video-preview":"max-video-preview:-1"},"canonical":"https:\/\/tirinha.com\/tr\/1061\/madriddeki-yeni-tiyatro-sezonu\/","og_locale":"tr_TR","og_type":"article","og_title":"A nova temporada de teatro em Madrid - Tirinha.com","og_description":"A temporada 2018\/2019 j\u00e1 come\u00e7ou nos teatros da capital e traz um outdoor bem amplo em que os musicais continuam &hellip;","og_url":"https:\/\/tirinha.com\/tr\/1061\/madriddeki-yeni-tiyatro-sezonu\/","og_site_name":"Tirinha.com","article_published_time":"2023-04-05T10:58:58+00:00","og_image":[{"url":"https:\/\/i0.wp.com\/elgeneracionalpost.com\/wp-content\/uploads\/2018\/11\/teatro-comedia-width-1200.jpg?fit=1200,656","type":"","width":"","height":""}],"author":"admin","twitter_card":"summary_large_image","twitter_image":"https:\/\/i0.wp.com\/elgeneracionalpost.com\/wp-content\/uploads\/2018\/11\/teatro-comedia-width-1200.jpg?fit=1200,656","twitter_misc":{"Yazan:":"admin","Tahmini okuma s\u00fcresi":"3 dakika"},"schema":{"@context":"https:\/\/schema.org","@graph":[{"@type":"Article","@id":"https:\/\/tirinha.com\/1061\/a-nova-temporada-de-teatro-em-madrid\/#article","isPartOf":{"@id":"https:\/\/tirinha.com\/1061\/a-nova-temporada-de-teatro-em-madrid\/"},"author":{"name":"admin","@id":"https:\/\/tirinha.com\/#\/schema\/person\/e22bdfbe17e0461f7e927e6a1208d4d9"},"headline":"A nova temporada de teatro em Madrid","datePublished":"2023-04-05T10:58:58+00:00","mainEntityOfPage":{"@id":"https:\/\/tirinha.com\/1061\/a-nova-temporada-de-teatro-em-madrid\/"},"wordCount":667,"commentCount":0,"publisher":{"@id":"https:\/\/tirinha.com\/#organization"},"image":{"@id":"https:\/\/tirinha.com\/1061\/a-nova-temporada-de-teatro-em-madrid\/#primaryimage"},"thumbnailUrl":"https:\/\/i0.wp.com\/elgeneracionalpost.com\/wp-content\/uploads\/2018\/11\/teatro-comedia-width-1200.jpg?fit=1200,656","articleSection":["Cultura e lazer"],"inLanguage":"tr","potentialAction":[{"@type":"CommentAction","name":"Comment","target":["https:\/\/tirinha.com\/1061\/a-nova-temporada-de-teatro-em-madrid\/#respond"]}]},{"@type":"WebPage","@id":"https:\/\/tirinha.com\/1061\/a-nova-temporada-de-teatro-em-madrid\/","url":"https:\/\/tirinha.com\/1061\/a-nova-temporada-de-teatro-em-madrid\/","name":"Madrid&#039;de yeni tiyatro sezonu - Tirinha.com","isPartOf":{"@id":"https:\/\/tirinha.com\/#website"},"primaryImageOfPage":{"@id":"https:\/\/tirinha.com\/1061\/a-nova-temporada-de-teatro-em-madrid\/#primaryimage"},"image":{"@id":"https:\/\/tirinha.com\/1061\/a-nova-temporada-de-teatro-em-madrid\/#primaryimage"},"thumbnailUrl":"https:\/\/i0.wp.com\/elgeneracionalpost.com\/wp-content\/uploads\/2018\/11\/teatro-comedia-width-1200.jpg?fit=1200,656","datePublished":"2023-04-05T10:58:58+00:00","breadcrumb":{"@id":"https:\/\/tirinha.com\/1061\/a-nova-temporada-de-teatro-em-madrid\/#breadcrumb"},"inLanguage":"tr","potentialAction":[{"@type":"ReadAction","target":["https:\/\/tirinha.com\/1061\/a-nova-temporada-de-teatro-em-madrid\/"]}]},{"@type":"ImageObject","inLanguage":"tr","@id":"https:\/\/tirinha.com\/1061\/a-nova-temporada-de-teatro-em-madrid\/#primaryimage","url":"https:\/\/i0.wp.com\/elgeneracionalpost.com\/wp-content\/uploads\/2018\/11\/teatro-comedia-width-1200.jpg?fit=1200,656","contentUrl":"https:\/\/i0.wp.com\/elgeneracionalpost.com\/wp-content\/uploads\/2018\/11\/teatro-comedia-width-1200.jpg?fit=1200,656"},{"@type":"BreadcrumbList","@id":"https:\/\/tirinha.com\/1061\/a-nova-temporada-de-teatro-em-madrid\/#breadcrumb","itemListElement":[{"@type":"ListItem","position":1,"name":"Home","item":"https:\/\/tirinha.com\/"},{"@type":"ListItem","position":2,"name":"A nova temporada de teatro em Madrid"}]},{"@type":"WebSite","@id":"https:\/\/tirinha.com\/#website","url":"https:\/\/tirinha.com\/","name":"\u00e7izgi roman.com","description":"Sanat ve kitap ele\u015ftirileri","publisher":{"@id":"https:\/\/tirinha.com\/#organization"},"potentialAction":[{"@type":"SearchAction","target":{"@type":"EntryPoint","urlTemplate":"https:\/\/tirinha.com\/?s={search_term_string}"},"query-input":{"@type":"PropertyValueSpecification","valueRequired":true,"valueName":"search_term_string"}}],"inLanguage":"tr"},{"@type":"Organization","@id":"https:\/\/tirinha.com\/#organization","name":"\u00e7izgi roman.com","url":"https:\/\/tirinha.com\/","logo":{"@type":"ImageObject","inLanguage":"tr","@id":"https:\/\/tirinha.com\/#\/schema\/logo\/image\/","url":"https:\/\/tirinha.com\/wp-content\/uploads\/2023\/08\/cropped-Logo-Tirinha.webp","contentUrl":"https:\/\/tirinha.com\/wp-content\/uploads\/2023\/08\/cropped-Logo-Tirinha.webp","width":512,"height":512,"caption":"Tirinha.com"},"image":{"@id":"https:\/\/tirinha.com\/#\/schema\/logo\/image\/"}},{"@type":"Person","@id":"https:\/\/tirinha.com\/#\/schema\/person\/e22bdfbe17e0461f7e927e6a1208d4d9","name":"y\u00f6netici","image":{"@type":"ImageObject","inLanguage":"tr","@id":"https:\/\/tirinha.com\/wp-content\/litespeed\/avatar\/d0068f7931cc87d7274eb0c3db1deb4b.jpg?ver=1777434315","url":"https:\/\/tirinha.com\/wp-content\/litespeed\/avatar\/d0068f7931cc87d7274eb0c3db1deb4b.jpg?ver=1777434315","contentUrl":"https:\/\/tirinha.com\/wp-content\/litespeed\/avatar\/d0068f7931cc87d7274eb0c3db1deb4b.jpg?ver=1777434315","caption":"admin"},"sameAs":["https:\/\/tirinha.com"],"url":"https:\/\/tirinha.com\/tr\/author\/admin\/"}]}},"_links":{"self":[{"href":"https:\/\/tirinha.com\/tr\/wp-json\/wp\/v2\/posts\/1061","targetHints":{"allow":["GET"]}}],"collection":[{"href":"https:\/\/tirinha.com\/tr\/wp-json\/wp\/v2\/posts"}],"about":[{"href":"https:\/\/tirinha.com\/tr\/wp-json\/wp\/v2\/types\/post"}],"author":[{"embeddable":true,"href":"https:\/\/tirinha.com\/tr\/wp-json\/wp\/v2\/users\/1"}],"replies":[{"embeddable":true,"href":"https:\/\/tirinha.com\/tr\/wp-json\/wp\/v2\/comments?post=1061"}],"version-history":[{"count":0,"href":"https:\/\/tirinha.com\/tr\/wp-json\/wp\/v2\/posts\/1061\/revisions"}],"wp:featuredmedia":[{"embeddable":true,"href":"https:\/\/tirinha.com\/tr\/wp-json\/wp\/v2\/media\/1062"}],"wp:attachment":[{"href":"https:\/\/tirinha.com\/tr\/wp-json\/wp\/v2\/media?parent=1061"}],"wp:term":[{"taxonomy":"category","embeddable":true,"href":"https:\/\/tirinha.com\/tr\/wp-json\/wp\/v2\/categories?post=1061"},{"taxonomy":"post_tag","embeddable":true,"href":"https:\/\/tirinha.com\/tr\/wp-json\/wp\/v2\/tags?post=1061"}],"curies":[{"name":"wp","href":"https:\/\/api.w.org\/{rel}","templated":true}]}}