{"id":1051,"date":"2023-04-05T08:00:47","date_gmt":"2023-04-05T08:00:47","guid":{"rendered":"https:\/\/tirinha.com\/tempos-de-cultura-eg-o-jornal-digital-noticias-presente\/"},"modified":"2023-04-05T08:00:47","modified_gmt":"2023-04-05T08:00:47","slug":"kultur-caglari-ornegin-dijital-gazete-haberleri-gunumuz","status":"publish","type":"post","link":"https:\/\/tirinha.com\/tr\/1051\/tempos-de-cultura-eg-o-jornal-digital-noticias-presente\/","title":{"rendered":"K\u00fclt\u00fcr zamanlar\u0131 \u2013 EG. Dijital gazete. Haberler. Hediye"},"content":{"rendered":"<p><\/p>\n<div>\n<h3><strong>Bir\u00e7o\u011fu k\u00fclt\u00fcr\u00fcn art\u0131k eskisi gibi olmad\u0131\u011f\u0131na, belki de yeni geli\u015fti\u011fine inan\u0131yor<\/strong><\/h3>\n<p><img fetchpriority=\"high\" data-attachment-id=\"533\" data-permalink=\"https:\/\/elgeneracionalpost.com\/cultura\/2018\/1115\/532\/tiempos-de-cultura.html\/attachment\/810787\" data-orig-file=\"https:\/\/i0.wp.com\/elgeneracionalpost.com\/wp-content\/uploads\/2018\/11\/810787.jpg?fit=370%2C277&amp;ssl=1\" data-orig-size=\"370,277\" data-comments-opened=\"1\" data-image-meta=\"{&quot;aperture&quot;:&quot;0&quot;,&quot;credit&quot;:&quot;&quot;,&quot;camera&quot;:&quot;&quot;,&quot;caption&quot;:&quot;&quot;,&quot;created_timestamp&quot;:&quot;0&quot;,&quot;copyright&quot;:&quot;&quot;,&quot;focal_length&quot;:&quot;0&quot;,&quot;iso&quot;:&quot;0&quot;,&quot;shutter_speed&quot;:&quot;0&quot;,&quot;title&quot;:&quot;&quot;,&quot;orientation&quot;:&quot;0&quot;}\" data-image-title=\"810787\" data-image-description=\"\" data-image-caption=\"\" data-medium-file=\"https:\/\/i0.wp.com\/elgeneracionalpost.com\/wp-content\/uploads\/2018\/11\/810787.jpg?fit=300%2C225&amp;ssl=1\" data-large-file=\"https:\/\/i0.wp.com\/elgeneracionalpost.com\/wp-content\/uploads\/2018\/11\/810787.jpg?fit=370%2C277&amp;ssl=1\" decoding=\"async\" class=\"wp-image-533 aligncenter jetpack-lazy-image\" src=\"https:\/\/i0.wp.com\/elgeneracionalpost.com\/wp-content\/uploads\/2018\/11\/810787.jpg?resize=626%2C468&amp;ssl=1\" alt=\"810787\" width=\"626\" height=\"468\" data-recalc-dims=\"1\" data-lazy-src=\"https:\/\/i0.wp.com\/elgeneracionalpost.com\/wp-content\/uploads\/2018\/11\/810787.jpg?resize=626%2C468&amp;is-pending-load=1#038;ssl=1\" srcset=\"data:image\/gif;base64,R0lGODlhAQABAIAAAAAAAP\/\/\/yH5BAEAAAAALAAAAAABAAEAAAIBRAA7\"\/><noscript><img data-lazy-fallback=\"1\" data-attachment-id=\"533\" data-permalink=\"https:\/\/elgeneracionalpost.com\/cultura\/2018\/1115\/532\/tiempos-de-cultura.html\/attachment\/810787\" data-orig-file=\"https:\/\/i0.wp.com\/elgeneracionalpost.com\/wp-content\/uploads\/2018\/11\/810787.jpg?fit=370%2C277&amp;ssl=1\" data-orig-size=\"370,277\" data-comments-opened=\"1\" data-image-meta=\"{&quot;aperture&quot;:&quot;0&quot;,&quot;credit&quot;:&quot;&quot;,&quot;camera&quot;:&quot;&quot;,&quot;caption&quot;:&quot;&quot;,&quot;created_timestamp&quot;:&quot;0&quot;,&quot;copyright&quot;:&quot;&quot;,&quot;focal_length&quot;:&quot;0&quot;,&quot;iso&quot;:&quot;0&quot;,&quot;shutter_speed&quot;:&quot;0&quot;,&quot;title&quot;:&quot;&quot;,&quot;orientation&quot;:&quot;0&quot;}\" data-image-title=\"810787\" data-image-description=\"\" data-image-caption=\"\" data-medium-file=\"https:\/\/i0.wp.com\/elgeneracionalpost.com\/wp-content\/uploads\/2018\/11\/810787.jpg?fit=300%2C225&amp;ssl=1\" data-large-file=\"https:\/\/i0.wp.com\/elgeneracionalpost.com\/wp-content\/uploads\/2018\/11\/810787.jpg?fit=370%2C277&amp;ssl=1\" decoding=\"async\" class=\"wp-image-533 aligncenter\" src=\"https:\/\/i0.wp.com\/elgeneracionalpost.com\/wp-content\/uploads\/2018\/11\/810787.jpg?resize=626%2C468&amp;ssl=1\" alt=\"810787\" width=\"626\" height=\"468\" data-recalc-dims=\"1\"\/><\/noscript><\/p>\n<h5><span class=\"irc_dsh\"><span class=\"irc_ho\" dir=\"ltr\">Almu\u00f1\u00e9car K\u00fclt\u00fcr Foto\u011fraf\u00e7\u0131l\u0131\u011f\u0131 \u2013 WordPress.com<\/span><\/span><\/h5>\n<p>K\u00fclt\u00fcr, zaman i\u00e7inde pek \u00e7ok anlam\u0131 ve n\u00fcans\u0131 olan yedi harfli bir kelime; e\u011fer biri kendisini onu tan\u0131mlayacak konumda bulursa, bu kadar yayg\u0131n olarak kullan\u0131lan ama bu kadar az kullan\u0131lan \u015feyin \u00fczerine d\u00fc\u015f\u00fcnmek i\u00e7in birka\u00e7 dakika harcamas\u0131 gerekecek. anla\u015f\u0131lan terimdir.<\/p>\n<p>Teknik olarak k\u00fclt\u00fcr, birinin ele\u015ftirel yarg\u0131s\u0131n\u0131 geni\u015fletmesine olanak tan\u0131yan t\u00fcm bilgi birikimini ifade eder. Ayn\u0131 \u015fekilde, farkl\u0131 ya\u015fam tarzlar\u0131 ve gelenekleri, tarihi, dini, felsefi ve bilimsel bilgileri ve yeni sanatsal ve edebi bi\u00e7imlerin ara\u015ft\u0131r\u0131lmas\u0131n\u0131 ve t\u00fcm bilgi alanlar\u0131ndaki \u00e7al\u0131\u015fmalar\u0131 te\u015fvik etmeyi ima eder.<\/p>\n<p>Ancak uygulamada, baz\u0131lar\u0131 i\u00e7in neyin k\u00fclt\u00fcr olup olmad\u0131\u011f\u0131 konusunda o kadar \u00e7ok fikir var ki, \u00e7o\u011fu ki\u015fi i\u00e7in k\u00fclt\u00fcr\u00fcn a\u00e7\u0131k bir yans\u0131mas\u0131 olan bo\u011fa g\u00fcre\u015fi gibi tart\u0131\u015f\u0131lan ve ihtilafl\u0131 bir konuya gidin, di\u011ferleri i\u00e7in ise bunun yap\u0131lmas\u0131 kabul edilemez. bu \u015fekilde de\u011ferlendirilebilir.<\/p>\n<p>Bug\u00fcn pek \u00e7ok uzman k\u00fclt\u00fcr\u00fcn geriledi\u011fini iddia ediyor.Tarihte hi\u00e7bir zaman bu kadar \u00e7ok bilimsel ve teknolojik ke\u015fif yap\u0131lmam\u0131\u015f, bu kadar \u00e7ok kitap bas\u0131lmam\u0131\u015f, bu kadar \u00e7ok m\u00fcze a\u00e7\u0131lmam\u0131\u015ft\u0131. Ancak t\u00fcm bunlara ra\u011fmen h\u00e2l\u00e2 gen\u00e7li\u011fe, art\u0131k okumayan, sanatla ilgilenmeyen, h\u00fcmanist, bilimsel ve teknolojik bilginin temel kavramlar\u0131ndan habersiz kay\u0131p bir nesile y\u00f6nelik pop\u00fcler bir ele\u015ftiri var.<\/p>\n<p>Ancak belki de olan tek \u015fey k\u00fclt\u00fcr\u00fcn zamanla yenilenmesiydi. Bunun a\u00e7\u0131k bir \u00f6rne\u011fi, iyi kullan\u0131ld\u0131\u011f\u0131nda sanat\u0131n a\u00e7\u0131k bir penceresini temsil eden sosyal a\u011flard\u0131r; modellerden biri de foto\u011fraf\u00e7\u0131l\u0131k alan\u0131nda patlamaya yol a\u00e7an Instagram&#039;d\u0131r. Dans da m\u00fczik gibi yeni tarzlarla yenileniyor. Dahas\u0131, binlerce gencin elli y\u0131l \u00f6ncesinin \u015fark\u0131lar\u0131n\u0131 var g\u00fcc\u00fcyle s\u00f6ylemesini sa\u011flayan OT gibi programlar\u0131n olu\u015fturulmas\u0131. \u00d6te yandan tiyatro, son y\u0131llarda belki de Aslan Kral veya Billy Elliot gibi b\u00fcy\u00fck m\u00fczikaller sayesinde ihti\u015fam kazand\u0131. Sanat modernle\u015fti, graffiti sayesinde tuvaller sokaklara ta\u015f\u0131nd\u0131. Benzer \u015fekilde, k\u00fcreselle\u015fme k\u00fclt\u00fcr\u00fcn geni\u015flemesine olanak tan\u0131d\u0131; bunun bir \u00f6rne\u011fi Japonya&#039;daki flamenko akademilerinin artmas\u0131d\u0131r.<\/p>\n<p>Dolay\u0131s\u0131yla k\u00fclt\u00fcr t\u00fcketiliyorsa, belki de \u00f6nceki on y\u0131llara g\u00f6re farkl\u0131 yap\u0131l\u0131yorsa bu daha iyi ya da daha k\u00f6t\u00fc oldu\u011fu anlam\u0131na gelmez, \u00e7\u00fcnk\u00fc as\u0131l \u00f6nemli olan kaliteli bir k\u00fclt\u00fcr olmas\u0131d\u0131r.<\/p>\n<div class=\"sharedaddy sd-block sd-like jetpack-likes-widget-wrapper jetpack-likes-widget-unloaded\" id=\"like-post-wrapper-153844979-532-642d2aae56d1d\" data-src=\"https:\/\/widgets.wp.com\/likes\/#blog_id=153844979&amp;post_id=532&amp;origin=elgeneracionalpost.com&amp;obj_id=153844979-532-642d2aae56d1d\" data-name=\"like-post-frame-153844979-532-642d2aae56d1d\" data-title=\"Me gusta o Compartir\">\n<h3 class=\"sd-title\">Bunu severim:<\/h3>\n<p><span class=\"button\"><span>Severim<\/span><\/span> <span class=\"loading\">Y\u00fckleniyor\u2026<\/span><\/p>\n<p><span class=\"sd-text-color\"\/><\/div>\n<p><h3 class=\"jp-relatedposts-headline\"><em>\u0130lgili<\/em><\/h3>\n<\/p>\n<\/div>","protected":false},"excerpt":{"rendered":"<p>Bir\u00e7o\u011fu k\u00fclt\u00fcr\u00fcn art\u0131k eskisi gibi olmad\u0131\u011f\u0131na, belki de K\u00fclt\u00fcr Foto\u011fraf\u00e7\u0131l\u0131\u011f\u0131 Almu\u00f1\u00e9car&#039;\u0131n yeni geli\u015fti\u011fine inan\u0131yor \u2013 \u2026 <\/p>","protected":false},"author":1,"featured_media":1052,"comment_status":"open","ping_status":"open","sticky":false,"template":"","format":"standard","meta":{"fifu_image_url":"https:\/\/i2.wp.com\/elgeneracionalpost.com\/wp-content\/uploads\/2018\/11\/810787.jpg?fit=370,277&ssl=1","fifu_image_alt":"","footnotes":""},"categories":[35],"tags":[],"class_list":["post-1051","post","type-post","status-publish","format-standard","has-post-thumbnail","hentry","category-cultura-e-lazer","latest_post"],"yoast_head":"<!-- This site is optimized with the Yoast SEO plugin v27.3 - https:\/\/yoast.com\/product\/yoast-seo-wordpress\/ -->\n<title>Tempos de cultura - EG. O jornal digital. Not\u00edcias. Presente - Tirinha.com<\/title>\n<meta name=\"robots\" content=\"index, follow, max-snippet:-1, max-image-preview:large, max-video-preview:-1\" \/>\n<link rel=\"canonical\" href=\"https:\/\/tirinha.com\/tr\/1051\/kultur-caglari-ornegin-dijital-gazete-haberleri-gunumuz\/\" \/>\n<meta property=\"og:locale\" content=\"tr_TR\" \/>\n<meta property=\"og:type\" content=\"article\" \/>\n<meta property=\"og:title\" content=\"Tempos de cultura - EG. O jornal digital. Not\u00edcias. Presente - Tirinha.com\" \/>\n<meta property=\"og:description\" content=\"Muitos acreditam que a cultura n\u00e3o \u00e9 mais o que era, talvez apenas tenha evolu\u00eddo Fotografia de Cultura Almu\u00f1\u00e9car \u2013 &hellip;\" \/>\n<meta property=\"og:url\" content=\"https:\/\/tirinha.com\/tr\/1051\/kultur-caglari-ornegin-dijital-gazete-haberleri-gunumuz\/\" \/>\n<meta property=\"og:site_name\" content=\"Tirinha.com\" \/>\n<meta property=\"article:published_time\" content=\"2023-04-05T08:00:47+00:00\" \/>\n<meta property=\"og:image\" content=\"https:\/\/i2.wp.com\/elgeneracionalpost.com\/wp-content\/uploads\/2018\/11\/810787.jpg?fit=370,277&ssl=1\" \/>\n<meta name=\"author\" content=\"admin\" \/>\n<meta name=\"twitter:card\" content=\"summary_large_image\" \/>\n<meta name=\"twitter:image\" content=\"https:\/\/i2.wp.com\/elgeneracionalpost.com\/wp-content\/uploads\/2018\/11\/810787.jpg?fit=370,277&ssl=1\" \/>\n<meta name=\"twitter:label1\" content=\"Yazan:\" \/>\n\t<meta name=\"twitter:data1\" content=\"admin\" \/>\n\t<meta name=\"twitter:label2\" content=\"Tahmini okuma s\u00fcresi\" \/>\n\t<meta name=\"twitter:data2\" content=\"2 dakika\" \/>\n<script type=\"application\/ld+json\" class=\"yoast-schema-graph\">{\"@context\":\"https:\\\/\\\/schema.org\",\"@graph\":[{\"@type\":\"Article\",\"@id\":\"https:\\\/\\\/tirinha.com\\\/1051\\\/tempos-de-cultura-eg-o-jornal-digital-noticias-presente\\\/#article\",\"isPartOf\":{\"@id\":\"https:\\\/\\\/tirinha.com\\\/1051\\\/tempos-de-cultura-eg-o-jornal-digital-noticias-presente\\\/\"},\"author\":{\"name\":\"admin\",\"@id\":\"https:\\\/\\\/tirinha.com\\\/#\\\/schema\\\/person\\\/e22bdfbe17e0461f7e927e6a1208d4d9\"},\"headline\":\"Tempos de cultura &#8211; EG. O jornal digital. Not\u00edcias. Presente\",\"datePublished\":\"2023-04-05T08:00:47+00:00\",\"mainEntityOfPage\":{\"@id\":\"https:\\\/\\\/tirinha.com\\\/1051\\\/tempos-de-cultura-eg-o-jornal-digital-noticias-presente\\\/\"},\"wordCount\":468,\"commentCount\":0,\"publisher\":{\"@id\":\"https:\\\/\\\/tirinha.com\\\/#organization\"},\"image\":{\"@id\":\"https:\\\/\\\/tirinha.com\\\/1051\\\/tempos-de-cultura-eg-o-jornal-digital-noticias-presente\\\/#primaryimage\"},\"thumbnailUrl\":\"https:\\\/\\\/i2.wp.com\\\/elgeneracionalpost.com\\\/wp-content\\\/uploads\\\/2018\\\/11\\\/810787.jpg?fit=370,277&ssl=1\",\"articleSection\":[\"Cultura e lazer\"],\"inLanguage\":\"tr\",\"potentialAction\":[{\"@type\":\"CommentAction\",\"name\":\"Comment\",\"target\":[\"https:\\\/\\\/tirinha.com\\\/1051\\\/tempos-de-cultura-eg-o-jornal-digital-noticias-presente\\\/#respond\"]}]},{\"@type\":\"WebPage\",\"@id\":\"https:\\\/\\\/tirinha.com\\\/1051\\\/tempos-de-cultura-eg-o-jornal-digital-noticias-presente\\\/\",\"url\":\"https:\\\/\\\/tirinha.com\\\/1051\\\/tempos-de-cultura-eg-o-jornal-digital-noticias-presente\\\/\",\"name\":\"Tempos de cultura - EG. O jornal digital. Not\u00edcias. Presente - Tirinha.com\",\"isPartOf\":{\"@id\":\"https:\\\/\\\/tirinha.com\\\/#website\"},\"primaryImageOfPage\":{\"@id\":\"https:\\\/\\\/tirinha.com\\\/1051\\\/tempos-de-cultura-eg-o-jornal-digital-noticias-presente\\\/#primaryimage\"},\"image\":{\"@id\":\"https:\\\/\\\/tirinha.com\\\/1051\\\/tempos-de-cultura-eg-o-jornal-digital-noticias-presente\\\/#primaryimage\"},\"thumbnailUrl\":\"https:\\\/\\\/i2.wp.com\\\/elgeneracionalpost.com\\\/wp-content\\\/uploads\\\/2018\\\/11\\\/810787.jpg?fit=370,277&ssl=1\",\"datePublished\":\"2023-04-05T08:00:47+00:00\",\"breadcrumb\":{\"@id\":\"https:\\\/\\\/tirinha.com\\\/1051\\\/tempos-de-cultura-eg-o-jornal-digital-noticias-presente\\\/#breadcrumb\"},\"inLanguage\":\"tr\",\"potentialAction\":[{\"@type\":\"ReadAction\",\"target\":[\"https:\\\/\\\/tirinha.com\\\/1051\\\/tempos-de-cultura-eg-o-jornal-digital-noticias-presente\\\/\"]}]},{\"@type\":\"ImageObject\",\"inLanguage\":\"tr\",\"@id\":\"https:\\\/\\\/tirinha.com\\\/1051\\\/tempos-de-cultura-eg-o-jornal-digital-noticias-presente\\\/#primaryimage\",\"url\":\"https:\\\/\\\/i2.wp.com\\\/elgeneracionalpost.com\\\/wp-content\\\/uploads\\\/2018\\\/11\\\/810787.jpg?fit=370,277&ssl=1\",\"contentUrl\":\"https:\\\/\\\/i2.wp.com\\\/elgeneracionalpost.com\\\/wp-content\\\/uploads\\\/2018\\\/11\\\/810787.jpg?fit=370,277&ssl=1\"},{\"@type\":\"BreadcrumbList\",\"@id\":\"https:\\\/\\\/tirinha.com\\\/1051\\\/tempos-de-cultura-eg-o-jornal-digital-noticias-presente\\\/#breadcrumb\",\"itemListElement\":[{\"@type\":\"ListItem\",\"position\":1,\"name\":\"Home\",\"item\":\"https:\\\/\\\/tirinha.com\\\/\"},{\"@type\":\"ListItem\",\"position\":2,\"name\":\"Tempos de cultura &#8211; EG. O jornal digital. Not\u00edcias. Presente\"}]},{\"@type\":\"WebSite\",\"@id\":\"https:\\\/\\\/tirinha.com\\\/#website\",\"url\":\"https:\\\/\\\/tirinha.com\\\/\",\"name\":\"Tirinha.com\",\"description\":\"Arte e livros resenhas\",\"publisher\":{\"@id\":\"https:\\\/\\\/tirinha.com\\\/#organization\"},\"potentialAction\":[{\"@type\":\"SearchAction\",\"target\":{\"@type\":\"EntryPoint\",\"urlTemplate\":\"https:\\\/\\\/tirinha.com\\\/?s={search_term_string}\"},\"query-input\":{\"@type\":\"PropertyValueSpecification\",\"valueRequired\":true,\"valueName\":\"search_term_string\"}}],\"inLanguage\":\"tr\"},{\"@type\":\"Organization\",\"@id\":\"https:\\\/\\\/tirinha.com\\\/#organization\",\"name\":\"Tirinha.com\",\"url\":\"https:\\\/\\\/tirinha.com\\\/\",\"logo\":{\"@type\":\"ImageObject\",\"inLanguage\":\"tr\",\"@id\":\"https:\\\/\\\/tirinha.com\\\/#\\\/schema\\\/logo\\\/image\\\/\",\"url\":\"https:\\\/\\\/tirinha.com\\\/wp-content\\\/uploads\\\/2023\\\/08\\\/cropped-Logo-Tirinha.webp\",\"contentUrl\":\"https:\\\/\\\/tirinha.com\\\/wp-content\\\/uploads\\\/2023\\\/08\\\/cropped-Logo-Tirinha.webp\",\"width\":512,\"height\":512,\"caption\":\"Tirinha.com\"},\"image\":{\"@id\":\"https:\\\/\\\/tirinha.com\\\/#\\\/schema\\\/logo\\\/image\\\/\"}},{\"@type\":\"Person\",\"@id\":\"https:\\\/\\\/tirinha.com\\\/#\\\/schema\\\/person\\\/e22bdfbe17e0461f7e927e6a1208d4d9\",\"name\":\"admin\",\"image\":{\"@type\":\"ImageObject\",\"inLanguage\":\"tr\",\"@id\":\"https:\\\/\\\/tirinha.com\\\/wp-content\\\/litespeed\\\/avatar\\\/d0068f7931cc87d7274eb0c3db1deb4b.jpg?ver=1776829466\",\"url\":\"https:\\\/\\\/tirinha.com\\\/wp-content\\\/litespeed\\\/avatar\\\/d0068f7931cc87d7274eb0c3db1deb4b.jpg?ver=1776829466\",\"contentUrl\":\"https:\\\/\\\/tirinha.com\\\/wp-content\\\/litespeed\\\/avatar\\\/d0068f7931cc87d7274eb0c3db1deb4b.jpg?ver=1776829466\",\"caption\":\"admin\"},\"sameAs\":[\"https:\\\/\\\/tirinha.com\"],\"url\":\"https:\\\/\\\/tirinha.com\\\/tr\\\/author\\\/admin\\\/\"}]}<\/script>\n<!-- \/ Yoast SEO plugin. -->","yoast_head_json":{"title":"K\u00fclt\u00fcr Zamanlar\u0131 - EG. Dijital gazete. Haberler. Sunar - Tirinha.com","robots":{"index":"index","follow":"follow","max-snippet":"max-snippet:-1","max-image-preview":"max-image-preview:large","max-video-preview":"max-video-preview:-1"},"canonical":"https:\/\/tirinha.com\/tr\/1051\/kultur-caglari-ornegin-dijital-gazete-haberleri-gunumuz\/","og_locale":"tr_TR","og_type":"article","og_title":"Tempos de cultura - EG. O jornal digital. Not\u00edcias. Presente - Tirinha.com","og_description":"Muitos acreditam que a cultura n\u00e3o \u00e9 mais o que era, talvez apenas tenha evolu\u00eddo Fotografia de Cultura Almu\u00f1\u00e9car \u2013 &hellip;","og_url":"https:\/\/tirinha.com\/tr\/1051\/kultur-caglari-ornegin-dijital-gazete-haberleri-gunumuz\/","og_site_name":"Tirinha.com","article_published_time":"2023-04-05T08:00:47+00:00","og_image":[{"url":"https:\/\/i2.wp.com\/elgeneracionalpost.com\/wp-content\/uploads\/2018\/11\/810787.jpg?fit=370,277&ssl=1","type":"","width":"","height":""}],"author":"admin","twitter_card":"summary_large_image","twitter_image":"https:\/\/i2.wp.com\/elgeneracionalpost.com\/wp-content\/uploads\/2018\/11\/810787.jpg?fit=370,277&ssl=1","twitter_misc":{"Yazan:":"admin","Tahmini okuma s\u00fcresi":"2 dakika"},"schema":{"@context":"https:\/\/schema.org","@graph":[{"@type":"Article","@id":"https:\/\/tirinha.com\/1051\/tempos-de-cultura-eg-o-jornal-digital-noticias-presente\/#article","isPartOf":{"@id":"https:\/\/tirinha.com\/1051\/tempos-de-cultura-eg-o-jornal-digital-noticias-presente\/"},"author":{"name":"admin","@id":"https:\/\/tirinha.com\/#\/schema\/person\/e22bdfbe17e0461f7e927e6a1208d4d9"},"headline":"Tempos de cultura &#8211; EG. O jornal digital. Not\u00edcias. Presente","datePublished":"2023-04-05T08:00:47+00:00","mainEntityOfPage":{"@id":"https:\/\/tirinha.com\/1051\/tempos-de-cultura-eg-o-jornal-digital-noticias-presente\/"},"wordCount":468,"commentCount":0,"publisher":{"@id":"https:\/\/tirinha.com\/#organization"},"image":{"@id":"https:\/\/tirinha.com\/1051\/tempos-de-cultura-eg-o-jornal-digital-noticias-presente\/#primaryimage"},"thumbnailUrl":"https:\/\/i2.wp.com\/elgeneracionalpost.com\/wp-content\/uploads\/2018\/11\/810787.jpg?fit=370,277&ssl=1","articleSection":["Cultura e lazer"],"inLanguage":"tr","potentialAction":[{"@type":"CommentAction","name":"Comment","target":["https:\/\/tirinha.com\/1051\/tempos-de-cultura-eg-o-jornal-digital-noticias-presente\/#respond"]}]},{"@type":"WebPage","@id":"https:\/\/tirinha.com\/1051\/tempos-de-cultura-eg-o-jornal-digital-noticias-presente\/","url":"https:\/\/tirinha.com\/1051\/tempos-de-cultura-eg-o-jornal-digital-noticias-presente\/","name":"K\u00fclt\u00fcr Zamanlar\u0131 - EG. Dijital gazete. Haberler. Sunar - Tirinha.com","isPartOf":{"@id":"https:\/\/tirinha.com\/#website"},"primaryImageOfPage":{"@id":"https:\/\/tirinha.com\/1051\/tempos-de-cultura-eg-o-jornal-digital-noticias-presente\/#primaryimage"},"image":{"@id":"https:\/\/tirinha.com\/1051\/tempos-de-cultura-eg-o-jornal-digital-noticias-presente\/#primaryimage"},"thumbnailUrl":"https:\/\/i2.wp.com\/elgeneracionalpost.com\/wp-content\/uploads\/2018\/11\/810787.jpg?fit=370,277&ssl=1","datePublished":"2023-04-05T08:00:47+00:00","breadcrumb":{"@id":"https:\/\/tirinha.com\/1051\/tempos-de-cultura-eg-o-jornal-digital-noticias-presente\/#breadcrumb"},"inLanguage":"tr","potentialAction":[{"@type":"ReadAction","target":["https:\/\/tirinha.com\/1051\/tempos-de-cultura-eg-o-jornal-digital-noticias-presente\/"]}]},{"@type":"ImageObject","inLanguage":"tr","@id":"https:\/\/tirinha.com\/1051\/tempos-de-cultura-eg-o-jornal-digital-noticias-presente\/#primaryimage","url":"https:\/\/i2.wp.com\/elgeneracionalpost.com\/wp-content\/uploads\/2018\/11\/810787.jpg?fit=370,277&ssl=1","contentUrl":"https:\/\/i2.wp.com\/elgeneracionalpost.com\/wp-content\/uploads\/2018\/11\/810787.jpg?fit=370,277&ssl=1"},{"@type":"BreadcrumbList","@id":"https:\/\/tirinha.com\/1051\/tempos-de-cultura-eg-o-jornal-digital-noticias-presente\/#breadcrumb","itemListElement":[{"@type":"ListItem","position":1,"name":"Home","item":"https:\/\/tirinha.com\/"},{"@type":"ListItem","position":2,"name":"Tempos de cultura &#8211; EG. O jornal digital. Not\u00edcias. Presente"}]},{"@type":"WebSite","@id":"https:\/\/tirinha.com\/#website","url":"https:\/\/tirinha.com\/","name":"\u00e7izgi roman.com","description":"Sanat ve kitap ele\u015ftirileri","publisher":{"@id":"https:\/\/tirinha.com\/#organization"},"potentialAction":[{"@type":"SearchAction","target":{"@type":"EntryPoint","urlTemplate":"https:\/\/tirinha.com\/?s={search_term_string}"},"query-input":{"@type":"PropertyValueSpecification","valueRequired":true,"valueName":"search_term_string"}}],"inLanguage":"tr"},{"@type":"Organization","@id":"https:\/\/tirinha.com\/#organization","name":"\u00e7izgi roman.com","url":"https:\/\/tirinha.com\/","logo":{"@type":"ImageObject","inLanguage":"tr","@id":"https:\/\/tirinha.com\/#\/schema\/logo\/image\/","url":"https:\/\/tirinha.com\/wp-content\/uploads\/2023\/08\/cropped-Logo-Tirinha.webp","contentUrl":"https:\/\/tirinha.com\/wp-content\/uploads\/2023\/08\/cropped-Logo-Tirinha.webp","width":512,"height":512,"caption":"Tirinha.com"},"image":{"@id":"https:\/\/tirinha.com\/#\/schema\/logo\/image\/"}},{"@type":"Person","@id":"https:\/\/tirinha.com\/#\/schema\/person\/e22bdfbe17e0461f7e927e6a1208d4d9","name":"y\u00f6netici","image":{"@type":"ImageObject","inLanguage":"tr","@id":"https:\/\/tirinha.com\/wp-content\/litespeed\/avatar\/d0068f7931cc87d7274eb0c3db1deb4b.jpg?ver=1776829466","url":"https:\/\/tirinha.com\/wp-content\/litespeed\/avatar\/d0068f7931cc87d7274eb0c3db1deb4b.jpg?ver=1776829466","contentUrl":"https:\/\/tirinha.com\/wp-content\/litespeed\/avatar\/d0068f7931cc87d7274eb0c3db1deb4b.jpg?ver=1776829466","caption":"admin"},"sameAs":["https:\/\/tirinha.com"],"url":"https:\/\/tirinha.com\/tr\/author\/admin\/"}]}},"_links":{"self":[{"href":"https:\/\/tirinha.com\/tr\/wp-json\/wp\/v2\/posts\/1051","targetHints":{"allow":["GET"]}}],"collection":[{"href":"https:\/\/tirinha.com\/tr\/wp-json\/wp\/v2\/posts"}],"about":[{"href":"https:\/\/tirinha.com\/tr\/wp-json\/wp\/v2\/types\/post"}],"author":[{"embeddable":true,"href":"https:\/\/tirinha.com\/tr\/wp-json\/wp\/v2\/users\/1"}],"replies":[{"embeddable":true,"href":"https:\/\/tirinha.com\/tr\/wp-json\/wp\/v2\/comments?post=1051"}],"version-history":[{"count":0,"href":"https:\/\/tirinha.com\/tr\/wp-json\/wp\/v2\/posts\/1051\/revisions"}],"wp:featuredmedia":[{"embeddable":true,"href":"https:\/\/tirinha.com\/tr\/wp-json\/wp\/v2\/media\/1052"}],"wp:attachment":[{"href":"https:\/\/tirinha.com\/tr\/wp-json\/wp\/v2\/media?parent=1051"}],"wp:term":[{"taxonomy":"category","embeddable":true,"href":"https:\/\/tirinha.com\/tr\/wp-json\/wp\/v2\/categories?post=1051"},{"taxonomy":"post_tag","embeddable":true,"href":"https:\/\/tirinha.com\/tr\/wp-json\/wp\/v2\/tags?post=1051"}],"curies":[{"name":"wp","href":"https:\/\/api.w.org\/{rel}","templated":true}]}}