{"id":929,"date":"2023-04-03T18:25:28","date_gmt":"2023-04-03T18:25:28","guid":{"rendered":"https:\/\/tirinha.com\/alcorcon-dia-da-avo-e-comemorado-no-domingo-com-uma-flor-e-um-poema\/"},"modified":"2023-04-03T18:25:28","modified_gmt":"2023-04-03T18:25:28","slug":"alcorcon-dia-da-avo-e-comemorado-no-domingo-com-uma-flor-e-um-poema","status":"publish","type":"post","link":"https:\/\/tirinha.com\/ru\/929\/alcorcon-dia-da-avo-e-comemorado-no-domingo-com-uma-flor-e-um-poema\/","title":{"rendered":"\u0410\u041b\u042c\u041a\u041e\u0420\u041a\u041e\u041d \/ \u0414\u0435\u043d\u044c \u0431\u0430\u0431\u0443\u0448\u043a\u0438 \u043e\u0442\u043c\u0435\u0447\u0430\u044e\u0442 \u0432 \u0432\u043e\u0441\u043a\u0440\u0435\u0441\u0435\u043d\u044c\u0435 \u0441 \u0446\u0432\u0435\u0442\u043a\u043e\u043c \u0438 \u0441\u0442\u0438\u0445\u043e\u0442\u0432\u043e\u0440\u0435\u043d\u0438\u0435\u043c"},"content":{"rendered":"<p><\/p>\n<div id=\"post-729\">\n<div class=\"entry-content\">\n<p><strong>\u0410\u041b\u042c\u041a\u041e\u0420\u041a\u041e\u041d\/ 18OUT\/ \u041e\u0411\u0429\u0415\u0421\u0422\u0412\u041e_<\/strong> \u0413\u043e\u0440\u043e\u0434\u0441\u043a\u043e\u0439 \u0441\u043e\u0432\u0435\u0442 \u0410\u043b\u044c\u043a\u043e\u0440\u043a\u043e\u043d\u0430 \u0447\u0435\u0440\u0435\u0437<strong> \u0414\u0435\u043f\u0430\u0440\u0442\u0430\u043c\u0435\u043d\u0442 \u043f\u043e \u0434\u0435\u043b\u0430\u043c \u0441\u0435\u043c\u044c\u0438 \u0438 \u043f\u043e\u0436\u0438\u043b\u044b\u0445 \u043b\u044e\u0434\u0435\u0439<\/strong>\u043e\u0442\u043f\u0440\u0430\u0437\u0434\u043d\u0443\u0439\u0442\u0435 \u044d\u0442\u043e \u0441\u043b\u0435\u0434\u0443\u044e\u0449\u0435\u0435<strong> \u0412\u043e\u0441\u043a\u0440\u0435\u0441\u0435\u043d\u044c\u0435, 20 \u043e\u043a\u0442\u044f\u0431\u0440\u044f, \u0414\u0435\u043d\u044c \u0431\u0430\u0431\u0443\u0448\u043a\u0438<\/strong>. \u00ab\u042d\u0442\u043e \u043c\u043e\u043c\u0435\u043d\u0442, \u043a\u043e\u0433\u0434\u0430 \u043c\u044b \u0445\u043e\u0442\u0438\u043c \u0432\u044b\u0440\u0430\u0437\u0438\u0442\u044c \u043e\u0441\u043e\u0431\u0443\u044e \u043f\u0440\u0438\u0437\u043d\u0430\u0442\u0435\u043b\u044c\u043d\u043e\u0441\u0442\u044c \u0431\u0430\u0431\u0443\u0448\u043a\u0430\u043c \u043c\u0443\u043d\u0438\u0446\u0438\u043f\u0430\u043b\u0438\u0442\u0435\u0442\u0430, \u0444\u0443\u043d\u0434\u0430\u043c\u0435\u043d\u0442\u0430\u043b\u044c\u043d\u043e\u0439 \u043e\u043f\u043e\u0440\u0435 \u0432\u0441\u0435\u0445 \u0441\u0435\u043c\u0435\u0439. \u0418\u043c\u0435\u043d\u043d\u043e \u043e\u043d\u0438 \u0432 \u0437\u043d\u0430\u0447\u0438\u0442\u0435\u043b\u044c\u043d\u043e\u0439 \u0441\u0442\u0435\u043f\u0435\u043d\u0438 \u043f\u0435\u0440\u0435\u0434\u0430\u043b\u0438 \u043d\u0430\u043c \u0442\u0440\u0430\u0434\u0438\u0446\u0438\u0438 \u0438 \u0441\u0443\u0442\u044c \u043a\u0430\u0436\u0434\u043e\u0439 \u0441\u0435\u043c\u044c\u0438, \u043a\u043e\u0442\u043e\u0440\u044b\u0435 \u0431\u044b\u043b\u0438 \u0434\u043e\u0447\u0435\u0440\u044c\u043c\u0438, \u043c\u0430\u0442\u0435\u0440\u044f\u043c\u0438 \u0438, \u043d\u0430\u043a\u043e\u043d\u0435\u0446, \u0431\u0430\u0431\u0443\u0448\u043a\u0430\u043c\u0438. \u042d\u0442\u0430 \u043f\u0440\u0430\u0432\u0438\u0442\u0435\u043b\u044c\u0441\u0442\u0432\u0435\u043d\u043d\u0430\u044f \u043a\u043e\u043c\u0430\u043d\u0434\u0430 \u0444\u043e\u043a\u0443\u0441\u0438\u0440\u0443\u0435\u0442 \u0441\u0432\u043e\u044e \u043f\u043e\u043b\u0438\u0442\u0438\u043a\u0443 \u043d\u0430 \u0441\u0435\u043c\u044c\u044f\u0445; \u0438\u0445 \u0431\u043b\u0430\u0433\u043e\u043f\u043e\u043b\u0443\u0447\u0438\u0435 \u2014 \u044d\u0442\u043e \u0431\u043b\u0430\u0433\u043e\u043f\u043e\u043b\u0443\u0447\u0438\u0435 \u0432\u0441\u0435\u0445\u00bb, \u2014 \u0437\u0430\u044f\u0432\u0438\u043b\u0430 <strong>\u0432\u0442\u043e\u0440\u043e\u0439 \u0437\u0430\u043c\u0435\u0441\u0442\u0438\u0442\u0435\u043b\u044c \u043c\u044d\u0440\u0430 \u0421\u0438\u043b\u044c\u0432\u0438\u044f \u041a\u0440\u0443\u0441.<\/strong><\/p>\n<p>\u0412 \u043e\u0437\u043d\u0430\u043c\u0435\u043d\u043e\u0432\u0430\u043d\u0438\u0435 \u044d\u0442\u043e\u0433\u043e \u0434\u043d\u044f \u0432\u043e \u0432\u0440\u0435\u043c\u044f \u0442\u0440\u0430\u0434\u0438\u0446\u0438\u043e\u043d\u043d\u043e\u0433\u043e \u0442\u0430\u043d\u0446\u0435\u0432\u0430\u043b\u044c\u043d\u043e\u0433\u043e \u0432\u0435\u0447\u0435\u0440\u0430, \u043a\u043e\u0442\u043e\u0440\u044b\u0439 \u043f\u0440\u043e\u0445\u043e\u0434\u0438\u0442 \u043a\u0430\u0436\u0434\u043e\u0435 \u0432\u043e\u0441\u043a\u0440\u0435\u0441\u0435\u043d\u044c\u0435 \u0432 \u041c\u0443\u043d\u0438\u0446\u0438\u043f\u0430\u043b\u044c\u043d\u043e\u043c \u0446\u0435\u043d\u0442\u0440\u0435 \u0434\u043b\u044f \u043f\u043e\u0436\u0438\u043b\u044b\u0445 \u043b\u044e\u0434\u0435\u0439 \u0438\u043c\u0435\u043d\u0438 \u0421\u0430\u043b\u044c\u0432\u0430\u0434\u043e\u0440\u0430 \u0410\u043b\u044c\u0435\u043d\u0434\u0435, \u0432\u0441\u0435 \u043f\u0440\u0438\u0441\u0443\u0442\u0441\u0442\u0432\u0443\u044e\u0449\u0438\u0435 \u0431\u0430\u0431\u0443\u0448\u043a\u0438 \u043f\u043e\u043b\u0443\u0447\u0430\u0442 \u0446\u0432\u0435\u0442\u044b \u0438 \u0441\u0442\u0438\u0445\u043e\u0442\u0432\u043e\u0440\u0435\u043d\u0438\u0435, \u043a\u043e\u0442\u043e\u0440\u043e\u0435 \u043e\u043d\u0438 \u043f\u0440\u043e\u0447\u0442\u0443\u0442.<\/p>\n<aside class=\"scaip scaip-1\">\n\t\t<\/aside>\n<p>\u0416\u0435\u043d\u0449\u0438\u043d\u044b \u0438\u0437 \u0410\u043b\u044c\u043a\u043e\u0440\u043a\u043e\u043d\u0430, \u043a\u043e\u0442\u043e\u0440\u044b\u0435 \u044f\u0432\u043b\u044f\u044e\u0442\u0441\u044f \u0431\u0430\u0431\u0443\u0448\u043a\u0430\u043c\u0438 \u0438 \u0436\u0435\u043b\u0430\u044e\u0442 \u043f\u0440\u0438\u043d\u044f\u0442\u044c \u0443\u0447\u0430\u0441\u0442\u0438\u0435 \u0432 \u044d\u0442\u043e\u043c \u043c\u0435\u0440\u043e\u043f\u0440\u0438\u044f\u0442\u0438\u0438, \u0441\u043f\u0435\u0446\u0438\u0430\u043b\u044c\u043d\u043e \u043f\u043e\u0441\u0432\u044f\u0449\u0435\u043d\u043d\u043e\u043c \u0438\u043c \u0432\u0441\u0435\u043c, \u043c\u043e\u0433\u0443\u0442 \u043f\u0440\u0438\u0439\u0442\u0438 \u0432 \u0421\u0430\u043b\u044c\u0432\u0430\u0434\u043e\u0440 \u0410\u043b\u044c\u0435\u043d\u0434\u0435 \u0432 \u0432\u043e\u0441\u043a\u0440\u0435\u0441\u0435\u043d\u044c\u0435, 20 \u043e\u043a\u0442\u044f\u0431\u0440\u044f, \u0441 16:45 \u0434\u043e 19:45.<\/p>\n<p><strong>\u041d\u043e\u0432\u043e\u0441\u0442\u0438 \u0434\u043b\u044f \u043c\u0443\u043d\u0438\u0446\u0438\u043f\u0430\u043b\u0438\u0442\u0435\u0442\u043e\u0432<\/strong><\/p>\n<p><h3 class=\"jp-relatedposts-headline\"><em>\u0421\u0432\u044f\u0437\u0430\u043d\u043d\u044b\u0439<\/em><\/h3>\n<\/p><\/div>\n<p><!-- .entry-content --><\/p>\n<p>\t<!-- .entry-footer --><\/p>\n<\/div>","protected":false},"excerpt":{"rendered":"<p>\u0410\u041b\u042c\u041a\u041e\u0420\u041a\u041e\u041d\/18 \u041e\u041a\u0422\u042f\u0411\u0420\u042f\/ \u041e\u0411\u0429\u0415\u0421\u0422\u0412\u041e_ \u0413\u043e\u0440\u043e\u0434\u0441\u043a\u043e\u0439 \u0441\u043e\u0432\u0435\u0442 \u0410\u043b\u044c\u043a\u043e\u0440\u043a\u043e\u043d\u0430 \u0447\u0435\u0440\u0435\u0437 \u0414\u0435\u043f\u0430\u0440\u0442\u0430\u043c\u0435\u043d\u0442 \u043f\u043e \u0434\u0435\u043b\u0430\u043c \u0441\u0435\u043c\u044c\u0438 \u0438 \u043f\u043e\u0436\u0438\u043b\u044b\u0445 \u043b\u044e\u0434\u0435\u0439 \u043e\u0442\u043c\u0435\u0447\u0430\u0435\u0442 \u0432 \u0431\u043b\u0438\u0436\u0430\u0439\u0448\u0435\u0435 \u0432\u043e\u0441\u043a\u0440\u0435\u0441\u0435\u043d\u044c\u0435, 20-\u0435 \u0447\u0438\u0441\u043b\u043e\u2026 <\/p>","protected":false},"author":1,"featured_media":930,"comment_status":"open","ping_status":"open","sticky":false,"template":"","format":"standard","meta":{"fifu_image_url":"https:\/\/i0.wp.com\/noticiasparamunicipios.com\/wp-content\/uploads\/2021\/06\/Logo-para-Yoast-1.png?fit=800,298&ssl=1","fifu_image_alt":"","footnotes":""},"categories":[35],"tags":[],"class_list":["post-929","post","type-post","status-publish","format-standard","has-post-thumbnail","hentry","category-cultura-e-lazer","latest_post"],"yoast_head":"<!-- This site is optimized with the Yoast SEO plugin v27.3 - https:\/\/yoast.com\/product\/yoast-seo-wordpress\/ -->\n<title>ALCORC\u00d3N \/ Dia da Av\u00f3 \u00e9 comemorado no domingo com uma flor e um poema - Tirinha.com<\/title>\n<meta name=\"robots\" content=\"index, follow, max-snippet:-1, max-image-preview:large, max-video-preview:-1\" \/>\n<link rel=\"canonical\" href=\"https:\/\/tirinha.com\/ru\/929\/alcorcon-dia-da-avo-e-comemorado-no-domingo-com-uma-flor-e-um-poema\/\" \/>\n<meta property=\"og:locale\" content=\"ru_RU\" \/>\n<meta property=\"og:type\" content=\"article\" \/>\n<meta property=\"og:title\" content=\"ALCORC\u00d3N \/ Dia da Av\u00f3 \u00e9 comemorado no domingo com uma flor e um poema - Tirinha.com\" \/>\n<meta property=\"og:description\" content=\"ALCORC\u00d3N\/ 18OUT\/ SOCIEDADE_ A C\u00e2mara Municipal de Alcorc\u00f3n, atrav\u00e9s da Departamento de Fam\u00edlia e Idososcomemore este pr\u00f3ximo Domingo, 20 de &hellip;\" \/>\n<meta property=\"og:url\" content=\"https:\/\/tirinha.com\/ru\/929\/alcorcon-dia-da-avo-e-comemorado-no-domingo-com-uma-flor-e-um-poema\/\" \/>\n<meta property=\"og:site_name\" content=\"Tirinha.com\" \/>\n<meta property=\"article:published_time\" content=\"2023-04-03T18:25:28+00:00\" \/>\n<meta property=\"og:image\" content=\"https:\/\/i0.wp.com\/noticiasparamunicipios.com\/wp-content\/uploads\/2021\/06\/Logo-para-Yoast-1.png?fit=800,298&ssl=1\" \/>\n<meta name=\"author\" content=\"admin\" \/>\n<meta name=\"twitter:card\" content=\"summary_large_image\" \/>\n<meta name=\"twitter:image\" content=\"https:\/\/i0.wp.com\/noticiasparamunicipios.com\/wp-content\/uploads\/2021\/06\/Logo-para-Yoast-1.png?fit=800,298&ssl=1\" \/>\n<meta name=\"twitter:label1\" content=\"\u041d\u0430\u043f\u0438\u0441\u0430\u043d\u043e \u0430\u0432\u0442\u043e\u0440\u043e\u043c\" \/>\n\t<meta name=\"twitter:data1\" content=\"admin\" \/>\n\t<meta name=\"twitter:label2\" content=\"\u041f\u0440\u0438\u043c\u0435\u0440\u043d\u043e\u0435 \u0432\u0440\u0435\u043c\u044f \u0434\u043b\u044f \u0447\u0442\u0435\u043d\u0438\u044f\" \/>\n\t<meta name=\"twitter:data2\" content=\"1 \u043c\u0438\u043d\u0443\u0442\u0430\" \/>\n<script type=\"application\/ld+json\" class=\"yoast-schema-graph\">{\"@context\":\"https:\\\/\\\/schema.org\",\"@graph\":[{\"@type\":\"Article\",\"@id\":\"https:\\\/\\\/tirinha.com\\\/929\\\/alcorcon-dia-da-avo-e-comemorado-no-domingo-com-uma-flor-e-um-poema\\\/#article\",\"isPartOf\":{\"@id\":\"https:\\\/\\\/tirinha.com\\\/929\\\/alcorcon-dia-da-avo-e-comemorado-no-domingo-com-uma-flor-e-um-poema\\\/\"},\"author\":{\"name\":\"admin\",\"@id\":\"https:\\\/\\\/tirinha.com\\\/#\\\/schema\\\/person\\\/e22bdfbe17e0461f7e927e6a1208d4d9\"},\"headline\":\"ALCORC\u00d3N \\\/ Dia da Av\u00f3 \u00e9 comemorado no domingo com uma flor e um poema\",\"datePublished\":\"2023-04-03T18:25:28+00:00\",\"mainEntityOfPage\":{\"@id\":\"https:\\\/\\\/tirinha.com\\\/929\\\/alcorcon-dia-da-avo-e-comemorado-no-domingo-com-uma-flor-e-um-poema\\\/\"},\"wordCount\":193,\"commentCount\":0,\"publisher\":{\"@id\":\"https:\\\/\\\/tirinha.com\\\/#organization\"},\"image\":{\"@id\":\"https:\\\/\\\/tirinha.com\\\/929\\\/alcorcon-dia-da-avo-e-comemorado-no-domingo-com-uma-flor-e-um-poema\\\/#primaryimage\"},\"thumbnailUrl\":\"https:\\\/\\\/i0.wp.com\\\/noticiasparamunicipios.com\\\/wp-content\\\/uploads\\\/2021\\\/06\\\/Logo-para-Yoast-1.png?fit=800,298&ssl=1\",\"articleSection\":[\"Cultura e lazer\"],\"inLanguage\":\"ru-RU\",\"potentialAction\":[{\"@type\":\"CommentAction\",\"name\":\"Comment\",\"target\":[\"https:\\\/\\\/tirinha.com\\\/929\\\/alcorcon-dia-da-avo-e-comemorado-no-domingo-com-uma-flor-e-um-poema\\\/#respond\"]}]},{\"@type\":\"WebPage\",\"@id\":\"https:\\\/\\\/tirinha.com\\\/929\\\/alcorcon-dia-da-avo-e-comemorado-no-domingo-com-uma-flor-e-um-poema\\\/\",\"url\":\"https:\\\/\\\/tirinha.com\\\/929\\\/alcorcon-dia-da-avo-e-comemorado-no-domingo-com-uma-flor-e-um-poema\\\/\",\"name\":\"ALCORC\u00d3N \\\/ Dia da Av\u00f3 \u00e9 comemorado no domingo com uma flor e um poema - Tirinha.com\",\"isPartOf\":{\"@id\":\"https:\\\/\\\/tirinha.com\\\/#website\"},\"primaryImageOfPage\":{\"@id\":\"https:\\\/\\\/tirinha.com\\\/929\\\/alcorcon-dia-da-avo-e-comemorado-no-domingo-com-uma-flor-e-um-poema\\\/#primaryimage\"},\"image\":{\"@id\":\"https:\\\/\\\/tirinha.com\\\/929\\\/alcorcon-dia-da-avo-e-comemorado-no-domingo-com-uma-flor-e-um-poema\\\/#primaryimage\"},\"thumbnailUrl\":\"https:\\\/\\\/i0.wp.com\\\/noticiasparamunicipios.com\\\/wp-content\\\/uploads\\\/2021\\\/06\\\/Logo-para-Yoast-1.png?fit=800,298&ssl=1\",\"datePublished\":\"2023-04-03T18:25:28+00:00\",\"breadcrumb\":{\"@id\":\"https:\\\/\\\/tirinha.com\\\/929\\\/alcorcon-dia-da-avo-e-comemorado-no-domingo-com-uma-flor-e-um-poema\\\/#breadcrumb\"},\"inLanguage\":\"ru-RU\",\"potentialAction\":[{\"@type\":\"ReadAction\",\"target\":[\"https:\\\/\\\/tirinha.com\\\/929\\\/alcorcon-dia-da-avo-e-comemorado-no-domingo-com-uma-flor-e-um-poema\\\/\"]}]},{\"@type\":\"ImageObject\",\"inLanguage\":\"ru-RU\",\"@id\":\"https:\\\/\\\/tirinha.com\\\/929\\\/alcorcon-dia-da-avo-e-comemorado-no-domingo-com-uma-flor-e-um-poema\\\/#primaryimage\",\"url\":\"https:\\\/\\\/i0.wp.com\\\/noticiasparamunicipios.com\\\/wp-content\\\/uploads\\\/2021\\\/06\\\/Logo-para-Yoast-1.png?fit=800,298&ssl=1\",\"contentUrl\":\"https:\\\/\\\/i0.wp.com\\\/noticiasparamunicipios.com\\\/wp-content\\\/uploads\\\/2021\\\/06\\\/Logo-para-Yoast-1.png?fit=800,298&ssl=1\"},{\"@type\":\"BreadcrumbList\",\"@id\":\"https:\\\/\\\/tirinha.com\\\/929\\\/alcorcon-dia-da-avo-e-comemorado-no-domingo-com-uma-flor-e-um-poema\\\/#breadcrumb\",\"itemListElement\":[{\"@type\":\"ListItem\",\"position\":1,\"name\":\"Home\",\"item\":\"https:\\\/\\\/tirinha.com\\\/\"},{\"@type\":\"ListItem\",\"position\":2,\"name\":\"ALCORC\u00d3N \\\/ Dia da Av\u00f3 \u00e9 comemorado no domingo com uma flor e um poema\"}]},{\"@type\":\"WebSite\",\"@id\":\"https:\\\/\\\/tirinha.com\\\/#website\",\"url\":\"https:\\\/\\\/tirinha.com\\\/\",\"name\":\"Tirinha.com\",\"description\":\"Arte e livros resenhas\",\"publisher\":{\"@id\":\"https:\\\/\\\/tirinha.com\\\/#organization\"},\"potentialAction\":[{\"@type\":\"SearchAction\",\"target\":{\"@type\":\"EntryPoint\",\"urlTemplate\":\"https:\\\/\\\/tirinha.com\\\/?s={search_term_string}\"},\"query-input\":{\"@type\":\"PropertyValueSpecification\",\"valueRequired\":true,\"valueName\":\"search_term_string\"}}],\"inLanguage\":\"ru-RU\"},{\"@type\":\"Organization\",\"@id\":\"https:\\\/\\\/tirinha.com\\\/#organization\",\"name\":\"Tirinha.com\",\"url\":\"https:\\\/\\\/tirinha.com\\\/\",\"logo\":{\"@type\":\"ImageObject\",\"inLanguage\":\"ru-RU\",\"@id\":\"https:\\\/\\\/tirinha.com\\\/#\\\/schema\\\/logo\\\/image\\\/\",\"url\":\"https:\\\/\\\/tirinha.com\\\/wp-content\\\/uploads\\\/2023\\\/08\\\/cropped-Logo-Tirinha.webp\",\"contentUrl\":\"https:\\\/\\\/tirinha.com\\\/wp-content\\\/uploads\\\/2023\\\/08\\\/cropped-Logo-Tirinha.webp\",\"width\":512,\"height\":512,\"caption\":\"Tirinha.com\"},\"image\":{\"@id\":\"https:\\\/\\\/tirinha.com\\\/#\\\/schema\\\/logo\\\/image\\\/\"}},{\"@type\":\"Person\",\"@id\":\"https:\\\/\\\/tirinha.com\\\/#\\\/schema\\\/person\\\/e22bdfbe17e0461f7e927e6a1208d4d9\",\"name\":\"admin\",\"image\":{\"@type\":\"ImageObject\",\"inLanguage\":\"ru-RU\",\"@id\":\"https:\\\/\\\/tirinha.com\\\/wp-content\\\/litespeed\\\/avatar\\\/d0068f7931cc87d7274eb0c3db1deb4b.jpg?ver=1777434315\",\"url\":\"https:\\\/\\\/tirinha.com\\\/wp-content\\\/litespeed\\\/avatar\\\/d0068f7931cc87d7274eb0c3db1deb4b.jpg?ver=1777434315\",\"contentUrl\":\"https:\\\/\\\/tirinha.com\\\/wp-content\\\/litespeed\\\/avatar\\\/d0068f7931cc87d7274eb0c3db1deb4b.jpg?ver=1777434315\",\"caption\":\"admin\"},\"sameAs\":[\"https:\\\/\\\/tirinha.com\"],\"url\":\"https:\\\/\\\/tirinha.com\\\/ru\\\/author\\\/admin\\\/\"}]}<\/script>\n<!-- \/ Yoast SEO plugin. -->","yoast_head_json":{"title":"ALCORC\u00d3N \/ Dia da Av\u00f3 \u00e9 comemorado no domingo com uma flor e um poema - Tirinha.com","robots":{"index":"index","follow":"follow","max-snippet":"max-snippet:-1","max-image-preview":"max-image-preview:large","max-video-preview":"max-video-preview:-1"},"canonical":"https:\/\/tirinha.com\/ru\/929\/alcorcon-dia-da-avo-e-comemorado-no-domingo-com-uma-flor-e-um-poema\/","og_locale":"ru_RU","og_type":"article","og_title":"ALCORC\u00d3N \/ Dia da Av\u00f3 \u00e9 comemorado no domingo com uma flor e um poema - Tirinha.com","og_description":"ALCORC\u00d3N\/ 18OUT\/ SOCIEDADE_ A C\u00e2mara Municipal de Alcorc\u00f3n, atrav\u00e9s da Departamento de Fam\u00edlia e Idososcomemore este pr\u00f3ximo Domingo, 20 de &hellip;","og_url":"https:\/\/tirinha.com\/ru\/929\/alcorcon-dia-da-avo-e-comemorado-no-domingo-com-uma-flor-e-um-poema\/","og_site_name":"Tirinha.com","article_published_time":"2023-04-03T18:25:28+00:00","og_image":[{"url":"https:\/\/i0.wp.com\/noticiasparamunicipios.com\/wp-content\/uploads\/2021\/06\/Logo-para-Yoast-1.png?fit=800,298&ssl=1","type":"","width":"","height":""}],"author":"admin","twitter_card":"summary_large_image","twitter_image":"https:\/\/i0.wp.com\/noticiasparamunicipios.com\/wp-content\/uploads\/2021\/06\/Logo-para-Yoast-1.png?fit=800,298&ssl=1","twitter_misc":{"\u041d\u0430\u043f\u0438\u0441\u0430\u043d\u043e \u0430\u0432\u0442\u043e\u0440\u043e\u043c":"admin","\u041f\u0440\u0438\u043c\u0435\u0440\u043d\u043e\u0435 \u0432\u0440\u0435\u043c\u044f \u0434\u043b\u044f \u0447\u0442\u0435\u043d\u0438\u044f":"1 \u043c\u0438\u043d\u0443\u0442\u0430"},"schema":{"@context":"https:\/\/schema.org","@graph":[{"@type":"Article","@id":"https:\/\/tirinha.com\/929\/alcorcon-dia-da-avo-e-comemorado-no-domingo-com-uma-flor-e-um-poema\/#article","isPartOf":{"@id":"https:\/\/tirinha.com\/929\/alcorcon-dia-da-avo-e-comemorado-no-domingo-com-uma-flor-e-um-poema\/"},"author":{"name":"admin","@id":"https:\/\/tirinha.com\/#\/schema\/person\/e22bdfbe17e0461f7e927e6a1208d4d9"},"headline":"ALCORC\u00d3N \/ Dia da Av\u00f3 \u00e9 comemorado no domingo com uma flor e um poema","datePublished":"2023-04-03T18:25:28+00:00","mainEntityOfPage":{"@id":"https:\/\/tirinha.com\/929\/alcorcon-dia-da-avo-e-comemorado-no-domingo-com-uma-flor-e-um-poema\/"},"wordCount":193,"commentCount":0,"publisher":{"@id":"https:\/\/tirinha.com\/#organization"},"image":{"@id":"https:\/\/tirinha.com\/929\/alcorcon-dia-da-avo-e-comemorado-no-domingo-com-uma-flor-e-um-poema\/#primaryimage"},"thumbnailUrl":"https:\/\/i0.wp.com\/noticiasparamunicipios.com\/wp-content\/uploads\/2021\/06\/Logo-para-Yoast-1.png?fit=800,298&ssl=1","articleSection":["Cultura e lazer"],"inLanguage":"ru-RU","potentialAction":[{"@type":"CommentAction","name":"Comment","target":["https:\/\/tirinha.com\/929\/alcorcon-dia-da-avo-e-comemorado-no-domingo-com-uma-flor-e-um-poema\/#respond"]}]},{"@type":"WebPage","@id":"https:\/\/tirinha.com\/929\/alcorcon-dia-da-avo-e-comemorado-no-domingo-com-uma-flor-e-um-poema\/","url":"https:\/\/tirinha.com\/929\/alcorcon-dia-da-avo-e-comemorado-no-domingo-com-uma-flor-e-um-poema\/","name":"ALCORC\u00d3N \/ Dia da Av\u00f3 \u00e9 comemorado no domingo com uma flor e um poema - Tirinha.com","isPartOf":{"@id":"https:\/\/tirinha.com\/#website"},"primaryImageOfPage":{"@id":"https:\/\/tirinha.com\/929\/alcorcon-dia-da-avo-e-comemorado-no-domingo-com-uma-flor-e-um-poema\/#primaryimage"},"image":{"@id":"https:\/\/tirinha.com\/929\/alcorcon-dia-da-avo-e-comemorado-no-domingo-com-uma-flor-e-um-poema\/#primaryimage"},"thumbnailUrl":"https:\/\/i0.wp.com\/noticiasparamunicipios.com\/wp-content\/uploads\/2021\/06\/Logo-para-Yoast-1.png?fit=800,298&ssl=1","datePublished":"2023-04-03T18:25:28+00:00","breadcrumb":{"@id":"https:\/\/tirinha.com\/929\/alcorcon-dia-da-avo-e-comemorado-no-domingo-com-uma-flor-e-um-poema\/#breadcrumb"},"inLanguage":"ru-RU","potentialAction":[{"@type":"ReadAction","target":["https:\/\/tirinha.com\/929\/alcorcon-dia-da-avo-e-comemorado-no-domingo-com-uma-flor-e-um-poema\/"]}]},{"@type":"ImageObject","inLanguage":"ru-RU","@id":"https:\/\/tirinha.com\/929\/alcorcon-dia-da-avo-e-comemorado-no-domingo-com-uma-flor-e-um-poema\/#primaryimage","url":"https:\/\/i0.wp.com\/noticiasparamunicipios.com\/wp-content\/uploads\/2021\/06\/Logo-para-Yoast-1.png?fit=800,298&ssl=1","contentUrl":"https:\/\/i0.wp.com\/noticiasparamunicipios.com\/wp-content\/uploads\/2021\/06\/Logo-para-Yoast-1.png?fit=800,298&ssl=1"},{"@type":"BreadcrumbList","@id":"https:\/\/tirinha.com\/929\/alcorcon-dia-da-avo-e-comemorado-no-domingo-com-uma-flor-e-um-poema\/#breadcrumb","itemListElement":[{"@type":"ListItem","position":1,"name":"Home","item":"https:\/\/tirinha.com\/"},{"@type":"ListItem","position":2,"name":"ALCORC\u00d3N \/ Dia da Av\u00f3 \u00e9 comemorado no domingo com uma flor e um poema"}]},{"@type":"WebSite","@id":"https:\/\/tirinha.com\/#website","url":"https:\/\/tirinha.com\/","name":"\u0422\u0438\u0440\u0438\u043d\u044c\u044f.com","description":"\u0420\u0435\u0446\u0435\u043d\u0437\u0438\u0438 \u043d\u0430 \u0438\u0441\u043a\u0443\u0441\u0441\u0442\u0432\u043e \u0438 \u043a\u043d\u0438\u0433\u0438","publisher":{"@id":"https:\/\/tirinha.com\/#organization"},"potentialAction":[{"@type":"SearchAction","target":{"@type":"EntryPoint","urlTemplate":"https:\/\/tirinha.com\/?s={search_term_string}"},"query-input":{"@type":"PropertyValueSpecification","valueRequired":true,"valueName":"search_term_string"}}],"inLanguage":"ru-RU"},{"@type":"Organization","@id":"https:\/\/tirinha.com\/#organization","name":"\u0422\u0438\u0440\u0438\u043d\u044c\u044f.com","url":"https:\/\/tirinha.com\/","logo":{"@type":"ImageObject","inLanguage":"ru-RU","@id":"https:\/\/tirinha.com\/#\/schema\/logo\/image\/","url":"https:\/\/tirinha.com\/wp-content\/uploads\/2023\/08\/cropped-Logo-Tirinha.webp","contentUrl":"https:\/\/tirinha.com\/wp-content\/uploads\/2023\/08\/cropped-Logo-Tirinha.webp","width":512,"height":512,"caption":"Tirinha.com"},"image":{"@id":"https:\/\/tirinha.com\/#\/schema\/logo\/image\/"}},{"@type":"Person","@id":"https:\/\/tirinha.com\/#\/schema\/person\/e22bdfbe17e0461f7e927e6a1208d4d9","name":"\u0430\u0434\u043c\u0438\u043d\u0438\u0441\u0442\u0440\u0430\u0442\u043e\u0440","image":{"@type":"ImageObject","inLanguage":"ru-RU","@id":"https:\/\/tirinha.com\/wp-content\/litespeed\/avatar\/d0068f7931cc87d7274eb0c3db1deb4b.jpg?ver=1777434315","url":"https:\/\/tirinha.com\/wp-content\/litespeed\/avatar\/d0068f7931cc87d7274eb0c3db1deb4b.jpg?ver=1777434315","contentUrl":"https:\/\/tirinha.com\/wp-content\/litespeed\/avatar\/d0068f7931cc87d7274eb0c3db1deb4b.jpg?ver=1777434315","caption":"admin"},"sameAs":["https:\/\/tirinha.com"],"url":"https:\/\/tirinha.com\/ru\/author\/admin\/"}]}},"_links":{"self":[{"href":"https:\/\/tirinha.com\/ru\/wp-json\/wp\/v2\/posts\/929","targetHints":{"allow":["GET"]}}],"collection":[{"href":"https:\/\/tirinha.com\/ru\/wp-json\/wp\/v2\/posts"}],"about":[{"href":"https:\/\/tirinha.com\/ru\/wp-json\/wp\/v2\/types\/post"}],"author":[{"embeddable":true,"href":"https:\/\/tirinha.com\/ru\/wp-json\/wp\/v2\/users\/1"}],"replies":[{"embeddable":true,"href":"https:\/\/tirinha.com\/ru\/wp-json\/wp\/v2\/comments?post=929"}],"version-history":[{"count":0,"href":"https:\/\/tirinha.com\/ru\/wp-json\/wp\/v2\/posts\/929\/revisions"}],"wp:featuredmedia":[{"embeddable":true,"href":"https:\/\/tirinha.com\/ru\/wp-json\/wp\/v2\/media\/930"}],"wp:attachment":[{"href":"https:\/\/tirinha.com\/ru\/wp-json\/wp\/v2\/media?parent=929"}],"wp:term":[{"taxonomy":"category","embeddable":true,"href":"https:\/\/tirinha.com\/ru\/wp-json\/wp\/v2\/categories?post=929"},{"taxonomy":"post_tag","embeddable":true,"href":"https:\/\/tirinha.com\/ru\/wp-json\/wp\/v2\/tags?post=929"}],"curies":[{"name":"WP","href":"https:\/\/api.w.org\/{rel}","templated":true}]}}