{"id":970,"date":"2023-04-03T22:57:43","date_gmt":"2023-04-03T22:57:43","guid":{"rendered":"https:\/\/tirinha.com\/eu-posso-lidar-com-tudo-que-vem-em-meu-caminho\/"},"modified":"2023-04-03T22:57:43","modified_gmt":"2023-04-03T22:57:43","slug":"pot-face-fata-oricarui-lucru-care-imi-iese-in-cale","status":"publish","type":"post","link":"https:\/\/tirinha.com\/ro\/970\/eu-posso-lidar-com-tudo-que-vem-em-meu-caminho\/","title":{"rendered":"\u201eMa pot descurca cu orice imi vine in cale.\u201d"},"content":{"rendered":"<p><\/p>\n<div>\n<h2><em>Pot singur<\/em>Primul single al lui Ale Lozano<\/h2>\n<p><strong>bere lozano<\/strong> (2000) au prezentat primul lor single pe 31 martie <em><strong>Pot singur<\/strong><\/em>. \u00cen aceast\u0103 melodie, artista din Guadalajara spune o poveste a dep\u0103\u0219irii pentru a-\u021bi aminti c\u0103 po\u021bi face orice. Mai mult, ea sper\u0103 ca oricine o ascult\u0103 s\u0103 se identifice \u0219i s\u0103 se simt\u0103 motivat de un mesaj, pe care de multe ori \u00eel uit\u0103m din cauza diferitelor situa\u021bii \u00een care suntem cufunda\u021bi.<\/p>\n<p>La toate acestea, trebuie s\u0103 ad\u0103ug\u0103m c\u0103 luni aceasta clipul video pentru prima <em>singur<\/em> de Ale. Artistul \u00eembin\u0103 muzica cu lumea comunic\u0103rii. \u00cen prezent are un podcast \u0219i lucreaz\u0103 la Mediaset Espa\u00f1a. Ca mai t\u00e2rziu s\u0103 spun\u0103 c\u0103 nu avem timp! Ne descurc\u0103m cu orice, trebuie doar s\u0103 credem! De aceea am vrut s\u0103 o aducem pe artist\u0103 direct, astfel \u00eenc\u00e2t s\u0103 ne poat\u0103 spune despre marea munc\u0103 care a intrat \u00een acest frumos mesaj sonor.<\/p>\n<p><strong>\u00centrebare: De unde vine inspira\u021bia de a c\u00e2nta? <em>Pot singur<\/em>? <\/strong><\/p>\n<p><strong>Pentru a r\u0103spunde:<\/strong> De fapt, am trecut printr-o perioad\u0103 foarte dificil\u0103 dup\u0103 o desp\u0103r\u021bire, tr\u0103ind singur\u0103 \u00eentr-o alt\u0103 \u021bar\u0103 \u0219i sim\u021bind c\u0103 m-am pierdut complet. Nu \u0219tiam cine sunt \u0219i nici ce c\u0103utam \u00een via\u021b\u0103. A fost destul de frustrant \u0219i cred c\u0103 este unul dintre cele mai rele sentimente pe care le po\u021bi experimenta: a nu \u0219ti cine e\u0219ti. \u00cencetul cu \u00eencetul am ie\u0219it din bucla aceea, trebuia s\u0103 cred c\u0103 m\u0103 descurc cu totul, c\u0103 nu aveam nevoie de nimeni altul dec\u00e2t de mine pentru a m\u0103 reg\u0103si. A\u0219a c\u0103 s-a n\u0103scut de acolo, din nevoia de a m\u0103 \u00eent\u0103ri \u0219i de a-mi aminti c\u0103 m\u0103 descurc cu tot ce \u00eemi iese \u00een cale!<\/p>\n<p><strong>\u00ce: Ce stiluri ai vrut s\u0103 captezi \u00een aceast\u0103 muzic\u0103?<\/strong><\/p>\n<p><strong>CEL:<\/strong> Nu a\u0219 \u0219ti s\u0103 definesc un stil anume, mi-am dorit s\u0103 aib\u0103 un ritm bun, nici prea lent, nici prea puternic, \u0219i \u00een acela\u0219i timp s\u0103 poat\u0103 spune o realitate \u00een care s\u0103 ne l\u0103s\u0103m influen\u021ba\u021bi de ceea ce ei. spune \u0219i acea for\u021b\u0103 de a spune \u201eajunge, este de ajuns\u201d via\u021ba mea, nu le pot l\u0103sa s\u0103 m\u0103 opreasc\u0103.\u201d<\/p>\n<p><strong>\u00ce: Care este scopul t\u0103u cu aceast\u0103 melodie?<\/strong><\/p>\n<p><strong>CEL:<\/strong> Mi-ar pl\u0103cea ca oamenii s\u0103 se identifice cu versurile, s\u0103 fie motiva\u021bi s\u0103 le asculte \u0219i s\u0103 nu-\u0219i aminteasc\u0103 s\u0103 nu le suprima esen\u021ba \u0219i s\u0103 devin\u0103 persoana pe care viseaz\u0103 s\u0103 fie.<\/p>\n<div>\n<figure id=\"attachment_84333\" aria-describedby=\"caption-attachment-84333\" style=\"width: 682px\" class=\"wp-caption alignnone\"><img fetchpriority=\"high\" data-attachment-id=\"84333\" data-permalink=\"https:\/\/elgeneracionalpost.com\/cultura\/2023\/0403\/84321\/ale-lozano-puedo-con-todo-lo-que-se-me-ponga-por-delante.html\/attachment\/image-3-7\" data-orig-file=\"https:\/\/i0.wp.com\/elgeneracionalpost.com\/wp-content\/uploads\/2023\/03\/Image-3.jpeg?fit=1066%2C1600&amp;ssl=1\" data-orig-size=\"1066,1600\" data-comments-opened=\"0\" data-image-meta=\"{&quot;aperture&quot;:&quot;0&quot;,&quot;credit&quot;:&quot;&quot;,&quot;camera&quot;:&quot;&quot;,&quot;caption&quot;:&quot;&quot;,&quot;created_timestamp&quot;:&quot;0&quot;,&quot;copyright&quot;:&quot;&quot;,&quot;focal_length&quot;:&quot;0&quot;,&quot;iso&quot;:&quot;0&quot;,&quot;shutter_speed&quot;:&quot;0&quot;,&quot;title&quot;:&quot;&quot;,&quot;orientation&quot;:&quot;1&quot;}\" data-image-title=\"Image (3)\" data-image-description=\"\" data-image-caption=\"&lt;p&gt;Ale Lozano lanza su primer tema \u2018Yo Puedo Sola\u2019. | Fuente: @alee_lozano_&lt;\/p&gt;&#10;\" data-medium-file=\"https:\/\/i0.wp.com\/elgeneracionalpost.com\/wp-content\/uploads\/2023\/03\/Image-3.jpeg?fit=200%2C300&amp;ssl=1\" data-large-file=\"https:\/\/i0.wp.com\/elgeneracionalpost.com\/wp-content\/uploads\/2023\/03\/Image-3.jpeg?fit=682%2C1024&amp;ssl=1\" decoding=\"async\" class=\"wp-image-84333 size-large jetpack-lazy-image\" src=\"https:\/\/i0.wp.com\/elgeneracionalpost.com\/wp-content\/uploads\/2023\/03\/Image-3.jpeg?resize=682%2C1024&amp;ssl=1\" alt=\"\" width=\"682\" height=\"1024\" data-recalc-dims=\"1\" data-lazy-srcset=\"https:\/\/i0.wp.com\/elgeneracionalpost.com\/wp-content\/uploads\/2023\/03\/Image-3.jpeg?resize=682%2C1024&amp;ssl=1 682w, https:\/\/i0.wp.com\/elgeneracionalpost.com\/wp-content\/uploads\/2023\/03\/Image-3.jpeg?resize=200%2C300&amp;ssl=1 200w, https:\/\/i0.wp.com\/elgeneracionalpost.com\/wp-content\/uploads\/2023\/03\/Image-3.jpeg?resize=768%2C1153&amp;ssl=1 768w, https:\/\/i0.wp.com\/elgeneracionalpost.com\/wp-content\/uploads\/2023\/03\/Image-3.jpeg?resize=1023%2C1536&amp;ssl=1 1023w, https:\/\/i0.wp.com\/elgeneracionalpost.com\/wp-content\/uploads\/2023\/03\/Image-3.jpeg?resize=150%2C225&amp;ssl=1 150w, https:\/\/i0.wp.com\/elgeneracionalpost.com\/wp-content\/uploads\/2023\/03\/Image-3.jpeg?resize=300%2C450&amp;ssl=1 300w, https:\/\/i0.wp.com\/elgeneracionalpost.com\/wp-content\/uploads\/2023\/03\/Image-3.jpeg?resize=696%2C1045&amp;ssl=1 696w, https:\/\/i0.wp.com\/elgeneracionalpost.com\/wp-content\/uploads\/2023\/03\/Image-3.jpeg?w=1066&amp;ssl=1 1066w\" data-lazy-sizes=\"(max-width: 682px) 100vw, 682px\" data-lazy-src=\"https:\/\/i0.wp.com\/elgeneracionalpost.com\/wp-content\/uploads\/2023\/03\/Image-3.jpeg?resize=682%2C1024&amp;is-pending-load=1#038;ssl=1\" srcset=\"data:image\/gif;base64,R0lGODlhAQABAIAAAAAAAP\/\/\/yH5BAEAAAAALAAAAAABAAEAAAIBRAA7\"\/><noscript><img data-lazy-fallback=\"1\" data-attachment-id=\"84333\" data-permalink=\"https:\/\/elgeneracionalpost.com\/cultura\/2023\/0403\/84321\/ale-lozano-puedo-con-todo-lo-que-se-me-ponga-por-delante.html\/attachment\/image-3-7\" data-orig-file=\"https:\/\/i0.wp.com\/elgeneracionalpost.com\/wp-content\/uploads\/2023\/03\/Image-3.jpeg?fit=1066%2C1600&amp;ssl=1\" data-orig-size=\"1066,1600\" data-comments-opened=\"0\" data-image-meta=\"{&quot;aperture&quot;:&quot;0&quot;,&quot;credit&quot;:&quot;&quot;,&quot;camera&quot;:&quot;&quot;,&quot;caption&quot;:&quot;&quot;,&quot;created_timestamp&quot;:&quot;0&quot;,&quot;copyright&quot;:&quot;&quot;,&quot;focal_length&quot;:&quot;0&quot;,&quot;iso&quot;:&quot;0&quot;,&quot;shutter_speed&quot;:&quot;0&quot;,&quot;title&quot;:&quot;&quot;,&quot;orientation&quot;:&quot;1&quot;}\" data-image-title=\"Image (3)\" data-image-description=\"\" data-image-caption=\"&lt;p&gt;Ale Lozano lanza su primer tema \u2018Yo Puedo Sola\u2019. | Fuente: @alee_lozano_&lt;\/p&gt;&#10;\" data-medium-file=\"https:\/\/i0.wp.com\/elgeneracionalpost.com\/wp-content\/uploads\/2023\/03\/Image-3.jpeg?fit=200%2C300&amp;ssl=1\" data-large-file=\"https:\/\/i0.wp.com\/elgeneracionalpost.com\/wp-content\/uploads\/2023\/03\/Image-3.jpeg?fit=682%2C1024&amp;ssl=1\" decoding=\"async\" class=\"wp-image-84333 size-large\" src=\"https:\/\/i0.wp.com\/elgeneracionalpost.com\/wp-content\/uploads\/2023\/03\/Image-3.jpeg?resize=682%2C1024&amp;ssl=1\" alt=\"\" width=\"682\" height=\"1024\" srcset=\"https:\/\/i0.wp.com\/elgeneracionalpost.com\/wp-content\/uploads\/2023\/03\/Image-3.jpeg?resize=682%2C1024&amp;ssl=1 682w, https:\/\/i0.wp.com\/elgeneracionalpost.com\/wp-content\/uploads\/2023\/03\/Image-3.jpeg?resize=200%2C300&amp;ssl=1 200w, https:\/\/i0.wp.com\/elgeneracionalpost.com\/wp-content\/uploads\/2023\/03\/Image-3.jpeg?resize=768%2C1153&amp;ssl=1 768w, https:\/\/i0.wp.com\/elgeneracionalpost.com\/wp-content\/uploads\/2023\/03\/Image-3.jpeg?resize=1023%2C1536&amp;ssl=1 1023w, https:\/\/i0.wp.com\/elgeneracionalpost.com\/wp-content\/uploads\/2023\/03\/Image-3.jpeg?resize=150%2C225&amp;ssl=1 150w, https:\/\/i0.wp.com\/elgeneracionalpost.com\/wp-content\/uploads\/2023\/03\/Image-3.jpeg?resize=300%2C450&amp;ssl=1 300w, https:\/\/i0.wp.com\/elgeneracionalpost.com\/wp-content\/uploads\/2023\/03\/Image-3.jpeg?resize=696%2C1045&amp;ssl=1 696w, https:\/\/i0.wp.com\/elgeneracionalpost.com\/wp-content\/uploads\/2023\/03\/Image-3.jpeg?w=1066&amp;ssl=1 1066w\" sizes=\"(max-width: 682px) 100vw, 682px\" data-recalc-dims=\"1\"\/><\/noscript><figcaption id=\"caption-attachment-84333\" class=\"wp-caption-text\">Ale Lozano lanseaz\u0103 prima sa pies\u0103 \u201eYo Puedo Sola\u201d. | Sursa: @alee_lozano_<\/figcaption><\/figure>\n<\/div>\n<p><strong>\u00ce: De c\u00e2t timp lucrezi la muzic\u0103?<\/strong><\/p>\n<p><strong>CEL:<\/strong> Am \u00eenceput s\u0103 compun la \u00eenceputul lui 2021 \u0219i mi se pare incredibil s\u0103 \u00eel public \u00een 2023. Nu \u00eenseamn\u0103 c\u0103 lucrez la el de doi ani, dar am avut dubii, am p\u0103r\u0103sit-o \u0219i am reluat-o de multe ori. . E \u00een regul\u0103 s\u0103 la\u0219i o melodie s\u0103 se odihneasc\u0103, o scrisoare s\u0103 o auzi din alt punct de vedere, dar cred c\u0103 ne-a lipsit mult\u0103 \u00eencredere p\u00e2n\u0103 ast\u0103zi. \u00cen cele din urm\u0103, pariez pe mine \u00een toate privin\u021bele.<\/p>\n<p><strong>\u00ce: A\u021bi observat vreun arti\u0219ti care au creat aceast\u0103 melodie?<\/strong><\/p>\n<p><strong>CEL:<\/strong> Am dificult\u0103\u021bi s\u0103 m\u0103 identific cu al\u021bi arti\u0219ti, cred c\u0103 \u00eenc\u0103 \u00eemi descop\u0103r drumul muzical. \u00cemi plac multe stiluri \u0219i arti\u0219ti care nu au nimic de-a face unul cu cel\u0103lalt. De exemplu, \u00eemi place tandre\u021bea pe care o poate exprima <strong>copil<\/strong> cu versurile tale, iubesc r\u0103sucirile vocale ale <strong>Cristina<\/strong> <strong>Aerie<\/strong> \u0219i c\u0103ldura pe care o transmite <strong>Norah<\/strong> <strong>jones<\/strong>\u0219i nu au absolut nimic de-a face unul cu cel\u0103lalt!<\/p>\n<p><h3>Melodia pe care trebuie s\u0103 o auzi pentru a ie\u0219i dintr-o serie de \u00eenfr\u00e2ngeri<\/h3>\n<\/p>\n<p><strong>\u00ce: C\u0103rui c\u00e2nt\u0103re\u021b \u00eei acorda\u021bi cea mai mare aten\u021bie? <\/strong><\/p>\n<p><strong>CEL:<\/strong> \u00cen prezent, \u00eencerc s\u0103-mi deschid mintea c\u0103tre noi stiluri, s\u0103 m\u0103 \u00eentorc cu ani \u00een urm\u0103 pentru a vedea de unde vine ceea ce auzim ast\u0103zi, cine ar fi putut s\u0103-i inspire pe c\u00e2nt\u0103re\u021bii pe care \u00eei auzim ast\u0103zi \u0219i s\u0103 merg pu\u021bin mai ad\u00e2nc, s\u0103 spunem haha. Ascult o mul\u021bime de c\u00e2nt\u0103re\u021bi latini ca <strong>Feid<\/strong> orice <strong>Carol G.<\/strong>dar aud \u0219i eu <strong>Norah Jones sau Christina Aguilera.<\/strong> Un pic din toate.<\/p>\n<p><strong>\u00ce: Cine este idolul t\u0103u?<\/strong><\/p>\n<p><strong>CEL:<\/strong> Va fi surprinz\u0103tor s\u0103 spun c\u0103 nu am un idol ca atare. L-am iubit pe Justin Bieber pe vremea lui, dar cred c\u0103 a fost mai degrab\u0103 o dragoste de adolescent\u0103 haha, dar fii atent! \u00cenc\u0103 \u00eemi place muzica lui. Aitana, Pablo Albor\u00e1n \u0219i <strong>rozalia<\/strong> M\u0103 inspir\u0103 foarte mult la nivel na\u021bional. \u0218i pe plan interna\u021bional, pu\u021bin din toate.<\/p>\n<div>\n<figure id=\"attachment_84332\" aria-describedby=\"caption-attachment-84332\" style=\"width: 696px\" class=\"wp-caption alignnone\"><img data-attachment-id=\"84332\" data-permalink=\"https:\/\/elgeneracionalpost.com\/cultura\/2023\/0403\/84321\/ale-lozano-puedo-con-todo-lo-que-se-me-ponga-por-delante.html\/attachment\/image-2-9\" data-orig-file=\"https:\/\/i0.wp.com\/elgeneracionalpost.com\/wp-content\/uploads\/2023\/03\/Image-2.jpeg?fit=1440%2C1800&amp;ssl=1\" data-orig-size=\"1440,1800\" data-comments-opened=\"0\" data-image-meta=\"{&quot;aperture&quot;:&quot;0&quot;,&quot;credit&quot;:&quot;&quot;,&quot;camera&quot;:&quot;&quot;,&quot;caption&quot;:&quot;&quot;,&quot;created_timestamp&quot;:&quot;0&quot;,&quot;copyright&quot;:&quot;&quot;,&quot;focal_length&quot;:&quot;0&quot;,&quot;iso&quot;:&quot;0&quot;,&quot;shutter_speed&quot;:&quot;0&quot;,&quot;title&quot;:&quot;&quot;,&quot;orientation&quot;:&quot;1&quot;}\" data-image-title=\"Image (2)\" data-image-description=\"\" data-image-caption=\"&lt;p&gt;Ale Lozano lanza su primer tema \u2018Yo Puedo Sola\u2019. | Fuente: @alee_lozano_&lt;\/p&gt;&#10;\" data-medium-file=\"https:\/\/i0.wp.com\/elgeneracionalpost.com\/wp-content\/uploads\/2023\/03\/Image-2.jpeg?fit=240%2C300&amp;ssl=1\" data-large-file=\"https:\/\/i0.wp.com\/elgeneracionalpost.com\/wp-content\/uploads\/2023\/03\/Image-2.jpeg?fit=696%2C870&amp;ssl=1\" decoding=\"async\" class=\"wp-image-84332 size-large jetpack-lazy-image\" src=\"https:\/\/i0.wp.com\/elgeneracionalpost.com\/wp-content\/uploads\/2023\/03\/Image-2.jpeg?resize=696%2C870&amp;ssl=1\" alt=\"\" width=\"696\" height=\"870\" data-recalc-dims=\"1\" data-lazy-srcset=\"https:\/\/i0.wp.com\/elgeneracionalpost.com\/wp-content\/uploads\/2023\/03\/Image-2.jpeg?resize=819%2C1024&amp;ssl=1 819w, https:\/\/i0.wp.com\/elgeneracionalpost.com\/wp-content\/uploads\/2023\/03\/Image-2.jpeg?resize=240%2C300&amp;ssl=1 240w, https:\/\/i0.wp.com\/elgeneracionalpost.com\/wp-content\/uploads\/2023\/03\/Image-2.jpeg?resize=768%2C960&amp;ssl=1 768w, https:\/\/i0.wp.com\/elgeneracionalpost.com\/wp-content\/uploads\/2023\/03\/Image-2.jpeg?resize=1229%2C1536&amp;ssl=1 1229w, https:\/\/i0.wp.com\/elgeneracionalpost.com\/wp-content\/uploads\/2023\/03\/Image-2.jpeg?resize=150%2C188&amp;ssl=1 150w, https:\/\/i0.wp.com\/elgeneracionalpost.com\/wp-content\/uploads\/2023\/03\/Image-2.jpeg?resize=300%2C375&amp;ssl=1 300w, https:\/\/i0.wp.com\/elgeneracionalpost.com\/wp-content\/uploads\/2023\/03\/Image-2.jpeg?resize=696%2C870&amp;ssl=1 696w, https:\/\/i0.wp.com\/elgeneracionalpost.com\/wp-content\/uploads\/2023\/03\/Image-2.jpeg?resize=1068%2C1335&amp;ssl=1 1068w, https:\/\/i0.wp.com\/elgeneracionalpost.com\/wp-content\/uploads\/2023\/03\/Image-2.jpeg?w=1440&amp;ssl=1 1440w\" data-lazy-sizes=\"(max-width: 696px) 100vw, 696px\" data-lazy-src=\"https:\/\/i0.wp.com\/elgeneracionalpost.com\/wp-content\/uploads\/2023\/03\/Image-2.jpeg?resize=696%2C870&amp;is-pending-load=1#038;ssl=1\" srcset=\"data:image\/gif;base64,R0lGODlhAQABAIAAAAAAAP\/\/\/yH5BAEAAAAALAAAAAABAAEAAAIBRAA7\"\/><noscript><img loading=\"lazy\" data-lazy-fallback=\"1\" data-attachment-id=\"84332\" data-permalink=\"https:\/\/elgeneracionalpost.com\/cultura\/2023\/0403\/84321\/ale-lozano-puedo-con-todo-lo-que-se-me-ponga-por-delante.html\/attachment\/image-2-9\" data-orig-file=\"https:\/\/i0.wp.com\/elgeneracionalpost.com\/wp-content\/uploads\/2023\/03\/Image-2.jpeg?fit=1440%2C1800&amp;ssl=1\" data-orig-size=\"1440,1800\" data-comments-opened=\"0\" data-image-meta=\"{&quot;aperture&quot;:&quot;0&quot;,&quot;credit&quot;:&quot;&quot;,&quot;camera&quot;:&quot;&quot;,&quot;caption&quot;:&quot;&quot;,&quot;created_timestamp&quot;:&quot;0&quot;,&quot;copyright&quot;:&quot;&quot;,&quot;focal_length&quot;:&quot;0&quot;,&quot;iso&quot;:&quot;0&quot;,&quot;shutter_speed&quot;:&quot;0&quot;,&quot;title&quot;:&quot;&quot;,&quot;orientation&quot;:&quot;1&quot;}\" data-image-title=\"Image (2)\" data-image-description=\"\" data-image-caption=\"&lt;p&gt;Ale Lozano lanza su primer tema \u2018Yo Puedo Sola\u2019. | Fuente: @alee_lozano_&lt;\/p&gt;&#10;\" data-medium-file=\"https:\/\/i0.wp.com\/elgeneracionalpost.com\/wp-content\/uploads\/2023\/03\/Image-2.jpeg?fit=240%2C300&amp;ssl=1\" data-large-file=\"https:\/\/i0.wp.com\/elgeneracionalpost.com\/wp-content\/uploads\/2023\/03\/Image-2.jpeg?fit=696%2C870&amp;ssl=1\" decoding=\"async\" class=\"wp-image-84332 size-large\" src=\"https:\/\/i0.wp.com\/elgeneracionalpost.com\/wp-content\/uploads\/2023\/03\/Image-2.jpeg?resize=696%2C870&amp;ssl=1\" alt=\"\" width=\"696\" height=\"870\" srcset=\"https:\/\/i0.wp.com\/elgeneracionalpost.com\/wp-content\/uploads\/2023\/03\/Image-2.jpeg?resize=819%2C1024&amp;ssl=1 819w, https:\/\/i0.wp.com\/elgeneracionalpost.com\/wp-content\/uploads\/2023\/03\/Image-2.jpeg?resize=240%2C300&amp;ssl=1 240w, https:\/\/i0.wp.com\/elgeneracionalpost.com\/wp-content\/uploads\/2023\/03\/Image-2.jpeg?resize=768%2C960&amp;ssl=1 768w, https:\/\/i0.wp.com\/elgeneracionalpost.com\/wp-content\/uploads\/2023\/03\/Image-2.jpeg?resize=1229%2C1536&amp;ssl=1 1229w, https:\/\/i0.wp.com\/elgeneracionalpost.com\/wp-content\/uploads\/2023\/03\/Image-2.jpeg?resize=150%2C188&amp;ssl=1 150w, https:\/\/i0.wp.com\/elgeneracionalpost.com\/wp-content\/uploads\/2023\/03\/Image-2.jpeg?resize=300%2C375&amp;ssl=1 300w, https:\/\/i0.wp.com\/elgeneracionalpost.com\/wp-content\/uploads\/2023\/03\/Image-2.jpeg?resize=696%2C870&amp;ssl=1 696w, https:\/\/i0.wp.com\/elgeneracionalpost.com\/wp-content\/uploads\/2023\/03\/Image-2.jpeg?resize=1068%2C1335&amp;ssl=1 1068w, https:\/\/i0.wp.com\/elgeneracionalpost.com\/wp-content\/uploads\/2023\/03\/Image-2.jpeg?w=1440&amp;ssl=1 1440w\" sizes=\"auto, (max-width: 696px) 100vw, 696px\" data-recalc-dims=\"1\"\/><\/noscript><figcaption id=\"caption-attachment-84332\" class=\"wp-caption-text\">Ale Lozano lanseaz\u0103 prima sa pies\u0103 \u201eYo Puedo Sola\u201d. | Sursa: @alee_lozano_<\/figcaption><\/figure>\n<\/div>\n<p><strong>\u00ce: Cine este produc\u0103torul melodiei?<\/strong><\/p>\n<p><strong>CEL:<\/strong> Beat muzical este <strong>SMRK BEATS,<\/strong> I-am folosit bazele \u00een mai multe melodii care sunt \u00eenc\u0103 \u00een curs de maturizare \u0219i \u00eemi place foarte mult. \u00cenregistrarea \u0219i masterizarea este rezultatul <strong>Danny Delgado<\/strong>, un crac. A avut foarte mult\u0103 r\u0103bdare cu mine, sunt nou la compozi\u021bie, la \u00eenregistrare \u0219i el este un maestru.<\/p>\n<p><strong>\u00ce: Ce le-ai spune tuturor acelor oameni care te-au dobor\u00e2t, crez\u00e2nd c\u0103 nu ai valoare?<\/strong><\/p>\n<p><strong>CEL:<\/strong> Nu putem l\u0103sa restul s\u0103 determine succesul viselor noastre. Urechi surde! Le-a\u0219 spune s\u0103 se concentreze pe proiectele lor \u0219i s\u0103 nu judece visele altora. Mi-a fost foarte fric\u0103 s\u0103 lansez piesa din cauza lui: \u201eDac\u0103 nu se a\u0219teapt\u0103 la asta de la mine? Dac\u0103 chiar nu o fac corect? Trebuie s\u0103 ai \u00eencredere \u00een tine \u0219i s\u0103 pariezi pe tine, chiar dac\u0103 nimeni altcineva nu are.<\/p>\n<p><strong>\u00ce: Ce sfaturi le-ai da celor care nu \u00eendr\u0103znesc s\u0103-\u0219i urm\u0103reasc\u0103 visurile?<\/strong><\/p>\n<p><strong>CEL:<\/strong> Ce elibereaz\u0103! Avem o singur\u0103 via\u021b\u0103! Despre aceste lucruri vorbesc mult <em>ajut\u0103-te s\u0103 te aju\u021bi<\/em>podcast-ul meu, despre faptul c\u0103 nu putem fi con\u0219tien\u021bi de ceea ce cred sau spun al\u021bii despre noi.<\/p>\n<div>\n<p><span class=\"embed-youtube\" style=\"text-align:center; display: block;\"><iframe title=\"YO PUEDO SOLA - Ale \u2020 Lozano\" width=\"790\" height=\"444\" src=\"https:\/\/www.youtube.com\/embed\/bby20vBZrr0?feature=oembed\" frameborder=\"0\" allow=\"accelerometer; autoplay; clipboard-write; encrypted-media; gyroscope; picture-in-picture; web-share\" allowfullscreen><\/iframe><\/span><\/p>\n<\/div>\n<h3\/>\n<div class=\"sharedaddy sd-block sd-like jetpack-likes-widget-wrapper jetpack-likes-widget-unloaded\" id=\"like-post-wrapper-153844979-84321-642b59e6b9847\" data-src=\"https:\/\/widgets.wp.com\/likes\/#blog_id=153844979&amp;post_id=84321&amp;origin=elgeneracionalpost.com&amp;obj_id=153844979-84321-642b59e6b9847\" data-name=\"like-post-frame-153844979-84321-642b59e6b9847\" data-title=\"Me gusta o Compartir\">\n<h3 class=\"sd-title\">\u00cemi place asta:<\/h3>\n<p><span class=\"button\"><span>imi place<\/span><\/span> <span class=\"loading\">\u00cenc\u0103rcare\u2026<\/span><\/p>\n<p><span class=\"sd-text-color\"\/><\/div>\n<p><h3 class=\"jp-relatedposts-headline\"><em>\u00cenrudit<\/em><\/h3>\n<\/p>\n<\/div>","protected":false},"excerpt":{"rendered":"<p>I can alone Ale Lozano&#039;s first single beer Lozano (2000) a prezentat pe 31 martie primul sau single I... <\/p>","protected":false},"author":1,"featured_media":972,"comment_status":"open","ping_status":"open","sticky":false,"template":"","format":"standard","meta":{"fifu_image_url":"https:\/\/elgeneracionalpost.com\/wp-content\/uploads\/2023\/03\/Image-1-1024x1024.jpeg","fifu_image_alt":"","footnotes":""},"categories":[35],"tags":[],"class_list":["post-970","post","type-post","status-publish","format-standard","has-post-thumbnail","hentry","category-cultura-e-lazer","latest_post"],"yoast_head":"<!-- This site is optimized with the Yoast SEO plugin v27.3 - https:\/\/yoast.com\/product\/yoast-seo-wordpress\/ -->\n<title>&quot;Eu posso lidar com tudo que vem em meu caminho&quot; - Tirinha.com<\/title>\n<meta name=\"robots\" content=\"index, follow, max-snippet:-1, max-image-preview:large, max-video-preview:-1\" \/>\n<link rel=\"canonical\" href=\"https:\/\/tirinha.com\/ro\/970\/pot-face-fata-oricarui-lucru-care-imi-iese-in-cale\/\" \/>\n<meta property=\"og:locale\" content=\"ro_RO\" \/>\n<meta property=\"og:type\" content=\"article\" \/>\n<meta property=\"og:title\" content=\"&quot;Eu posso lidar com tudo que vem em meu caminho&quot; - Tirinha.com\" \/>\n<meta property=\"og:description\" content=\"eu posso sozinhoo primeiro single de Ale Lozano cerveja lozano (2000) apresentou em 31 de mar\u00e7o seu primeiro single eu &hellip;\" \/>\n<meta property=\"og:url\" content=\"https:\/\/tirinha.com\/ro\/970\/pot-face-fata-oricarui-lucru-care-imi-iese-in-cale\/\" \/>\n<meta property=\"og:site_name\" content=\"Tirinha.com\" \/>\n<meta property=\"article:published_time\" content=\"2023-04-03T22:57:43+00:00\" \/>\n<meta property=\"og:image\" content=\"https:\/\/elgeneracionalpost.com\/wp-content\/uploads\/2023\/03\/Image-1-1024x1024.jpeg\" \/>\n<meta name=\"author\" content=\"admin\" \/>\n<meta name=\"twitter:card\" content=\"summary_large_image\" \/>\n<meta name=\"twitter:image\" content=\"https:\/\/elgeneracionalpost.com\/wp-content\/uploads\/2023\/03\/Image-1-1024x1024.jpeg\" \/>\n<meta name=\"twitter:label1\" content=\"Scris de\" \/>\n\t<meta name=\"twitter:data1\" content=\"admin\" \/>\n\t<meta name=\"twitter:label2\" content=\"Timp estimat pentru citire\" \/>\n\t<meta name=\"twitter:data2\" content=\"5 minute\" \/>\n<script type=\"application\/ld+json\" class=\"yoast-schema-graph\">{\"@context\":\"https:\\\/\\\/schema.org\",\"@graph\":[{\"@type\":\"Article\",\"@id\":\"https:\\\/\\\/tirinha.com\\\/970\\\/eu-posso-lidar-com-tudo-que-vem-em-meu-caminho\\\/#article\",\"isPartOf\":{\"@id\":\"https:\\\/\\\/tirinha.com\\\/970\\\/eu-posso-lidar-com-tudo-que-vem-em-meu-caminho\\\/\"},\"author\":{\"name\":\"admin\",\"@id\":\"https:\\\/\\\/tirinha.com\\\/#\\\/schema\\\/person\\\/e22bdfbe17e0461f7e927e6a1208d4d9\"},\"headline\":\"&#8220;Eu posso lidar com tudo que vem em meu caminho&#8221;\",\"datePublished\":\"2023-04-03T22:57:43+00:00\",\"mainEntityOfPage\":{\"@id\":\"https:\\\/\\\/tirinha.com\\\/970\\\/eu-posso-lidar-com-tudo-que-vem-em-meu-caminho\\\/\"},\"wordCount\":969,\"commentCount\":0,\"publisher\":{\"@id\":\"https:\\\/\\\/tirinha.com\\\/#organization\"},\"image\":{\"@id\":\"https:\\\/\\\/tirinha.com\\\/970\\\/eu-posso-lidar-com-tudo-que-vem-em-meu-caminho\\\/#primaryimage\"},\"thumbnailUrl\":\"https:\\\/\\\/elgeneracionalpost.com\\\/wp-content\\\/uploads\\\/2023\\\/03\\\/Image-1-1024x1024.jpeg\",\"articleSection\":[\"Cultura e lazer\"],\"inLanguage\":\"ro-RO\",\"potentialAction\":[{\"@type\":\"CommentAction\",\"name\":\"Comment\",\"target\":[\"https:\\\/\\\/tirinha.com\\\/970\\\/eu-posso-lidar-com-tudo-que-vem-em-meu-caminho\\\/#respond\"]}]},{\"@type\":\"WebPage\",\"@id\":\"https:\\\/\\\/tirinha.com\\\/970\\\/eu-posso-lidar-com-tudo-que-vem-em-meu-caminho\\\/\",\"url\":\"https:\\\/\\\/tirinha.com\\\/970\\\/eu-posso-lidar-com-tudo-que-vem-em-meu-caminho\\\/\",\"name\":\"\\\"Eu posso lidar com tudo que vem em meu caminho\\\" - Tirinha.com\",\"isPartOf\":{\"@id\":\"https:\\\/\\\/tirinha.com\\\/#website\"},\"primaryImageOfPage\":{\"@id\":\"https:\\\/\\\/tirinha.com\\\/970\\\/eu-posso-lidar-com-tudo-que-vem-em-meu-caminho\\\/#primaryimage\"},\"image\":{\"@id\":\"https:\\\/\\\/tirinha.com\\\/970\\\/eu-posso-lidar-com-tudo-que-vem-em-meu-caminho\\\/#primaryimage\"},\"thumbnailUrl\":\"https:\\\/\\\/elgeneracionalpost.com\\\/wp-content\\\/uploads\\\/2023\\\/03\\\/Image-1-1024x1024.jpeg\",\"datePublished\":\"2023-04-03T22:57:43+00:00\",\"breadcrumb\":{\"@id\":\"https:\\\/\\\/tirinha.com\\\/970\\\/eu-posso-lidar-com-tudo-que-vem-em-meu-caminho\\\/#breadcrumb\"},\"inLanguage\":\"ro-RO\",\"potentialAction\":[{\"@type\":\"ReadAction\",\"target\":[\"https:\\\/\\\/tirinha.com\\\/970\\\/eu-posso-lidar-com-tudo-que-vem-em-meu-caminho\\\/\"]}]},{\"@type\":\"ImageObject\",\"inLanguage\":\"ro-RO\",\"@id\":\"https:\\\/\\\/tirinha.com\\\/970\\\/eu-posso-lidar-com-tudo-que-vem-em-meu-caminho\\\/#primaryimage\",\"url\":\"https:\\\/\\\/elgeneracionalpost.com\\\/wp-content\\\/uploads\\\/2023\\\/03\\\/Image-1-1024x1024.jpeg\",\"contentUrl\":\"https:\\\/\\\/elgeneracionalpost.com\\\/wp-content\\\/uploads\\\/2023\\\/03\\\/Image-1-1024x1024.jpeg\"},{\"@type\":\"BreadcrumbList\",\"@id\":\"https:\\\/\\\/tirinha.com\\\/970\\\/eu-posso-lidar-com-tudo-que-vem-em-meu-caminho\\\/#breadcrumb\",\"itemListElement\":[{\"@type\":\"ListItem\",\"position\":1,\"name\":\"Home\",\"item\":\"https:\\\/\\\/tirinha.com\\\/\"},{\"@type\":\"ListItem\",\"position\":2,\"name\":\"&#8220;Eu posso lidar com tudo que vem em meu caminho&#8221;\"}]},{\"@type\":\"WebSite\",\"@id\":\"https:\\\/\\\/tirinha.com\\\/#website\",\"url\":\"https:\\\/\\\/tirinha.com\\\/\",\"name\":\"Tirinha.com\",\"description\":\"Arte e livros resenhas\",\"publisher\":{\"@id\":\"https:\\\/\\\/tirinha.com\\\/#organization\"},\"potentialAction\":[{\"@type\":\"SearchAction\",\"target\":{\"@type\":\"EntryPoint\",\"urlTemplate\":\"https:\\\/\\\/tirinha.com\\\/?s={search_term_string}\"},\"query-input\":{\"@type\":\"PropertyValueSpecification\",\"valueRequired\":true,\"valueName\":\"search_term_string\"}}],\"inLanguage\":\"ro-RO\"},{\"@type\":\"Organization\",\"@id\":\"https:\\\/\\\/tirinha.com\\\/#organization\",\"name\":\"Tirinha.com\",\"url\":\"https:\\\/\\\/tirinha.com\\\/\",\"logo\":{\"@type\":\"ImageObject\",\"inLanguage\":\"ro-RO\",\"@id\":\"https:\\\/\\\/tirinha.com\\\/#\\\/schema\\\/logo\\\/image\\\/\",\"url\":\"https:\\\/\\\/tirinha.com\\\/wp-content\\\/uploads\\\/2023\\\/08\\\/cropped-Logo-Tirinha.webp\",\"contentUrl\":\"https:\\\/\\\/tirinha.com\\\/wp-content\\\/uploads\\\/2023\\\/08\\\/cropped-Logo-Tirinha.webp\",\"width\":512,\"height\":512,\"caption\":\"Tirinha.com\"},\"image\":{\"@id\":\"https:\\\/\\\/tirinha.com\\\/#\\\/schema\\\/logo\\\/image\\\/\"}},{\"@type\":\"Person\",\"@id\":\"https:\\\/\\\/tirinha.com\\\/#\\\/schema\\\/person\\\/e22bdfbe17e0461f7e927e6a1208d4d9\",\"name\":\"admin\",\"image\":{\"@type\":\"ImageObject\",\"inLanguage\":\"ro-RO\",\"@id\":\"https:\\\/\\\/tirinha.com\\\/wp-content\\\/litespeed\\\/avatar\\\/d0068f7931cc87d7274eb0c3db1deb4b.jpg?ver=1777434315\",\"url\":\"https:\\\/\\\/tirinha.com\\\/wp-content\\\/litespeed\\\/avatar\\\/d0068f7931cc87d7274eb0c3db1deb4b.jpg?ver=1777434315\",\"contentUrl\":\"https:\\\/\\\/tirinha.com\\\/wp-content\\\/litespeed\\\/avatar\\\/d0068f7931cc87d7274eb0c3db1deb4b.jpg?ver=1777434315\",\"caption\":\"admin\"},\"sameAs\":[\"https:\\\/\\\/tirinha.com\"],\"url\":\"https:\\\/\\\/tirinha.com\\\/ro\\\/author\\\/admin\\\/\"}]}<\/script>\n<!-- \/ Yoast SEO plugin. -->","yoast_head_json":{"title":"\"Pot face fa\u021b\u0103 oric\u0103rui lucru care \u00eemi iese \u00een cale\" - Tirinha.com","robots":{"index":"index","follow":"follow","max-snippet":"max-snippet:-1","max-image-preview":"max-image-preview:large","max-video-preview":"max-video-preview:-1"},"canonical":"https:\/\/tirinha.com\/ro\/970\/pot-face-fata-oricarui-lucru-care-imi-iese-in-cale\/","og_locale":"ro_RO","og_type":"article","og_title":"\"Eu posso lidar com tudo que vem em meu caminho\" - Tirinha.com","og_description":"eu posso sozinhoo primeiro single de Ale Lozano cerveja lozano (2000) apresentou em 31 de mar\u00e7o seu primeiro single eu &hellip;","og_url":"https:\/\/tirinha.com\/ro\/970\/pot-face-fata-oricarui-lucru-care-imi-iese-in-cale\/","og_site_name":"Tirinha.com","article_published_time":"2023-04-03T22:57:43+00:00","og_image":[{"url":"https:\/\/elgeneracionalpost.com\/wp-content\/uploads\/2023\/03\/Image-1-1024x1024.jpeg","type":"","width":"","height":""}],"author":"admin","twitter_card":"summary_large_image","twitter_image":"https:\/\/elgeneracionalpost.com\/wp-content\/uploads\/2023\/03\/Image-1-1024x1024.jpeg","twitter_misc":{"Scris de":"admin","Timp estimat pentru citire":"5 minute"},"schema":{"@context":"https:\/\/schema.org","@graph":[{"@type":"Article","@id":"https:\/\/tirinha.com\/970\/eu-posso-lidar-com-tudo-que-vem-em-meu-caminho\/#article","isPartOf":{"@id":"https:\/\/tirinha.com\/970\/eu-posso-lidar-com-tudo-que-vem-em-meu-caminho\/"},"author":{"name":"admin","@id":"https:\/\/tirinha.com\/#\/schema\/person\/e22bdfbe17e0461f7e927e6a1208d4d9"},"headline":"&#8220;Eu posso lidar com tudo que vem em meu caminho&#8221;","datePublished":"2023-04-03T22:57:43+00:00","mainEntityOfPage":{"@id":"https:\/\/tirinha.com\/970\/eu-posso-lidar-com-tudo-que-vem-em-meu-caminho\/"},"wordCount":969,"commentCount":0,"publisher":{"@id":"https:\/\/tirinha.com\/#organization"},"image":{"@id":"https:\/\/tirinha.com\/970\/eu-posso-lidar-com-tudo-que-vem-em-meu-caminho\/#primaryimage"},"thumbnailUrl":"https:\/\/elgeneracionalpost.com\/wp-content\/uploads\/2023\/03\/Image-1-1024x1024.jpeg","articleSection":["Cultura e lazer"],"inLanguage":"ro-RO","potentialAction":[{"@type":"CommentAction","name":"Comment","target":["https:\/\/tirinha.com\/970\/eu-posso-lidar-com-tudo-que-vem-em-meu-caminho\/#respond"]}]},{"@type":"WebPage","@id":"https:\/\/tirinha.com\/970\/eu-posso-lidar-com-tudo-que-vem-em-meu-caminho\/","url":"https:\/\/tirinha.com\/970\/eu-posso-lidar-com-tudo-que-vem-em-meu-caminho\/","name":"\"Pot face fa\u021b\u0103 oric\u0103rui lucru care \u00eemi iese \u00een cale\" - Tirinha.com","isPartOf":{"@id":"https:\/\/tirinha.com\/#website"},"primaryImageOfPage":{"@id":"https:\/\/tirinha.com\/970\/eu-posso-lidar-com-tudo-que-vem-em-meu-caminho\/#primaryimage"},"image":{"@id":"https:\/\/tirinha.com\/970\/eu-posso-lidar-com-tudo-que-vem-em-meu-caminho\/#primaryimage"},"thumbnailUrl":"https:\/\/elgeneracionalpost.com\/wp-content\/uploads\/2023\/03\/Image-1-1024x1024.jpeg","datePublished":"2023-04-03T22:57:43+00:00","breadcrumb":{"@id":"https:\/\/tirinha.com\/970\/eu-posso-lidar-com-tudo-que-vem-em-meu-caminho\/#breadcrumb"},"inLanguage":"ro-RO","potentialAction":[{"@type":"ReadAction","target":["https:\/\/tirinha.com\/970\/eu-posso-lidar-com-tudo-que-vem-em-meu-caminho\/"]}]},{"@type":"ImageObject","inLanguage":"ro-RO","@id":"https:\/\/tirinha.com\/970\/eu-posso-lidar-com-tudo-que-vem-em-meu-caminho\/#primaryimage","url":"https:\/\/elgeneracionalpost.com\/wp-content\/uploads\/2023\/03\/Image-1-1024x1024.jpeg","contentUrl":"https:\/\/elgeneracionalpost.com\/wp-content\/uploads\/2023\/03\/Image-1-1024x1024.jpeg"},{"@type":"BreadcrumbList","@id":"https:\/\/tirinha.com\/970\/eu-posso-lidar-com-tudo-que-vem-em-meu-caminho\/#breadcrumb","itemListElement":[{"@type":"ListItem","position":1,"name":"Home","item":"https:\/\/tirinha.com\/"},{"@type":"ListItem","position":2,"name":"&#8220;Eu posso lidar com tudo que vem em meu caminho&#8221;"}]},{"@type":"WebSite","@id":"https:\/\/tirinha.com\/#website","url":"https:\/\/tirinha.com\/","name":"Tirinha.com","description":"Recenzii de art\u0103 \u0219i c\u0103r\u021bi","publisher":{"@id":"https:\/\/tirinha.com\/#organization"},"potentialAction":[{"@type":"SearchAction","target":{"@type":"EntryPoint","urlTemplate":"https:\/\/tirinha.com\/?s={search_term_string}"},"query-input":{"@type":"PropertyValueSpecification","valueRequired":true,"valueName":"search_term_string"}}],"inLanguage":"ro-RO"},{"@type":"Organization","@id":"https:\/\/tirinha.com\/#organization","name":"Tirinha.com","url":"https:\/\/tirinha.com\/","logo":{"@type":"ImageObject","inLanguage":"ro-RO","@id":"https:\/\/tirinha.com\/#\/schema\/logo\/image\/","url":"https:\/\/tirinha.com\/wp-content\/uploads\/2023\/08\/cropped-Logo-Tirinha.webp","contentUrl":"https:\/\/tirinha.com\/wp-content\/uploads\/2023\/08\/cropped-Logo-Tirinha.webp","width":512,"height":512,"caption":"Tirinha.com"},"image":{"@id":"https:\/\/tirinha.com\/#\/schema\/logo\/image\/"}},{"@type":"Person","@id":"https:\/\/tirinha.com\/#\/schema\/person\/e22bdfbe17e0461f7e927e6a1208d4d9","name":"administrator","image":{"@type":"ImageObject","inLanguage":"ro-RO","@id":"https:\/\/tirinha.com\/wp-content\/litespeed\/avatar\/d0068f7931cc87d7274eb0c3db1deb4b.jpg?ver=1777434315","url":"https:\/\/tirinha.com\/wp-content\/litespeed\/avatar\/d0068f7931cc87d7274eb0c3db1deb4b.jpg?ver=1777434315","contentUrl":"https:\/\/tirinha.com\/wp-content\/litespeed\/avatar\/d0068f7931cc87d7274eb0c3db1deb4b.jpg?ver=1777434315","caption":"admin"},"sameAs":["https:\/\/tirinha.com"],"url":"https:\/\/tirinha.com\/ro\/author\/admin\/"}]}},"_links":{"self":[{"href":"https:\/\/tirinha.com\/ro\/wp-json\/wp\/v2\/posts\/970","targetHints":{"allow":["GET"]}}],"collection":[{"href":"https:\/\/tirinha.com\/ro\/wp-json\/wp\/v2\/posts"}],"about":[{"href":"https:\/\/tirinha.com\/ro\/wp-json\/wp\/v2\/types\/post"}],"author":[{"embeddable":true,"href":"https:\/\/tirinha.com\/ro\/wp-json\/wp\/v2\/users\/1"}],"replies":[{"embeddable":true,"href":"https:\/\/tirinha.com\/ro\/wp-json\/wp\/v2\/comments?post=970"}],"version-history":[{"count":0,"href":"https:\/\/tirinha.com\/ro\/wp-json\/wp\/v2\/posts\/970\/revisions"}],"wp:featuredmedia":[{"embeddable":true,"href":"https:\/\/tirinha.com\/ro\/wp-json\/wp\/v2\/media\/972"}],"wp:attachment":[{"href":"https:\/\/tirinha.com\/ro\/wp-json\/wp\/v2\/media?parent=970"}],"wp:term":[{"taxonomy":"category","embeddable":true,"href":"https:\/\/tirinha.com\/ro\/wp-json\/wp\/v2\/categories?post=970"},{"taxonomy":"post_tag","embeddable":true,"href":"https:\/\/tirinha.com\/ro\/wp-json\/wp\/v2\/tags?post=970"}],"curies":[{"name":"wp","href":"https:\/\/api.w.org\/{rel}","templated":true}]}}