{"id":965,"date":"2023-04-03T22:50:12","date_gmt":"2023-04-03T22:50:12","guid":{"rendered":"https:\/\/tirinha.com\/25-anos-de-encontro-entre-ciencia-e-arte\/"},"modified":"2023-04-03T22:50:12","modified_gmt":"2023-04-03T22:50:12","slug":"25-de-ani-de-intalnire-intre-stiinta-si-arta","status":"publish","type":"post","link":"https:\/\/tirinha.com\/ro\/965\/25-anos-de-encontro-entre-ciencia-e-arte\/","title":{"rendered":"25 de ani de \u00eent\u00e2lnire \u00eentre \u0219tiin\u021b\u0103 \u0219i art\u0103"},"content":{"rendered":"<p><\/p>\n<p>        Primul <strong>Concursul Funda\u021biei Miradas Jorge Ali\u00f3<\/strong> a fost creat \u00een <strong>1998<\/strong> dintre lucr\u0103rile a o sut\u0103 de arti\u0219ti din Alicante, care au expus la IFA \u00een cadrul Congresului Societ\u0103\u021bii Spaniole de Oftalmologie. <strong>dou\u0103zeci \u015fi cinci de ani mai t\u00e2rziu<\/strong>acest apel bienal la pictur\u0103, cu <strong>treisprezece edi\u021bii na\u021bionale <\/strong>\u015fi <strong>zece interna\u0163ionale<\/strong>atras <strong>peste 2.500 de arti\u0219ti<\/strong>care au participat de atunci<strong> 27 de \u021b\u0103ri<\/strong>a acordat deja mai mult de<strong> 70 de lucr\u0103ri <\/strong>si realizat <strong>20 de expozi\u021bii <\/strong>c\u0103l\u0103toresc, trei dintre ei \u00een Italia.\n<\/p>\n<div wp_automatic_readability=\"96.999707088459\">\n<p class=\"article-body__text\">\n<p>        Miradas \u00ee\u0219i s\u0103rb\u0103tore\u0219te primul sfert de secol cu o expozi\u021bie important\u0103 curatoriat\u0103 de <strong>Juana Maria Balsalobre<\/strong> care ocup\u0103 \u00eentreaga prim\u0103rie a <strong>Pia\u021ba Alicante<\/strong>deschis ieri cu <strong>91 de piese artistice<\/strong> care \u00eencearc\u0103 mereu s\u0103 arate<strong> \u201eexpresivitatea viziunii\u201d<\/strong> sau oferi <strong>\u201eun sens vizual\u201d<\/strong>dup\u0103 cum au subliniat ieri profesorul \u0219i Jorge Ali\u00f3.\n<\/p>\n<p class=\"article-body__text\">\n<p>        Concuren\u021ba, a c\u0103rei baz\u0103 este <strong>comuniunea dintre \u0219tiin\u021b\u0103 \u0219i art\u0103<\/strong> pentru \u201ecre\u0219terea gradului de con\u0219tientizare cu privire la importan\u021ba <strong>s\u0103n\u0103tatea ochilor \u0219i prevenirea orbirii<\/strong>\u00bb, a ad\u0103ugat directorul concursului \u0219i pre\u0219edintele Funda\u021biei Ali\u00f3, <strong>Maria Lopes<\/strong>s-a consolidat \u00een scena artistic\u0103 ca <strong>\u00eent\u00e2lnire cu o putere de atrac\u021bie incontestabil\u0103<\/strong>care \u00een fiecare an reune\u015fte munca de <strong>peste o sut\u0103 de creatori -mul\u021bi repet\u0103-<\/strong>evaluat de a <strong>juriu de prestigiu<\/strong>\u00een acest an prezidat de teoreticianul \u015fi criticul de art\u0103<strong> Alfonso de la Torre<\/strong>specialist \u00een arta contemporan\u0103 spaniol\u0103, care a considerat aceast\u0103 competi\u021bie o \u201eraritate\u201d \u0219i \u201eo onoare\u201d de a-l prezida.\n<\/p>\n<article class=\"article-photo article-photo--\" wp_automatic_readability=\"28\">\n    <!-- \/.multimedia-block__element --><\/p>\n<p class=\"article-photo__footer\">\n            <em>Jorge Ali\u00f3, \u00c1ngel Mateo Charris \u0219i Mar\u00eda L\u00f3pez<\/em>            <span>HECTOR SURSE<\/span>        <\/p>\n<p><!-- \/.article-photo__footer --><br \/>\n    <\/article>\n<p><!-- \/.article-photo article-photo-- --><\/p>\n<p class=\"article-body__text\">\n<p>        De la Torre a f\u0103cut apel la<strong> \u201emisterul aspectului\u201d <\/strong>\u00een lucr\u0103rile premiate de anul acesta, anun\u0163ate ieri \u00een cadrul expozi\u0163iei, care sunt g\u0103zduite \u00een sala Explanada al\u0103turi de finali\u015fti, \u00eempreun\u0103 cu alte <strong>34 de lucr\u0103ri fotografice<\/strong> \u00een sala Tabarca (\u00een prima expozi\u0163ie a acestei discipline), pe l\u00e2ng\u0103 altele <strong>13 picturi de onoare \u0219i premii interna\u021bionale<\/strong> \u00een sala Luceros \u0219i 9 desene pentru copii \u00een holul de la intrare. Curatorul Balsalobre a subliniat c\u0103 \u00een toate acestea predomin\u0103 \u201eo simbioz\u0103 \u00eentre s\u0103n\u0103tatea vizual\u0103, prevenirea orbirii \u0219i crea\u021bia pictural\u0103\u201d.\n<\/p>\n<h2 class=\"article-body__ladillo\">premiat anul acesta<\/h2>\n<p class=\"article-body__text\">\n<p>        Ast\u0103zi a fost transmis premiul unic din prima edi\u021bie din 1998 <strong>patru premii principale<\/strong>, <strong>dou\u0103 men\u021biuni<\/strong> titluri onorifice \u0219i selec\u021bia de <strong>trei lucr\u0103ri pentru concursul interna\u0163ional<\/strong>care va fi reglementat \u00een iulie anul viitor, pe l\u00e2ng\u0103 cel <strong>Premiul pentru traiectorie profesional\u0103 \u0219i artistic\u0103<\/strong>care anul acesta a fost pentru artistul din Cartagena<strong> Angel Mateo Charris<\/strong> cu munca ta <em>Visul oftalmologului<\/em>, al c\u0103rui nume se al\u0103tur\u0103 celor ale lui Luis Feito, Pol\u00edn Laporta, Jos\u00e9 M\u00aa Yturralde sau Eduardo Naranjo, printre al\u021bii. Figura sa a fost glosat\u0103 de criticul Jos\u00e9 Luis Mart\u00ednez Meseguer.\n<\/p>\n<article class=\"article-photo article-photo--\" wp_automatic_readability=\"27\">\n    <!-- \/.multimedia-block__element --><\/p>\n<p class=\"article-photo__footer\">\n            <em>Lucr\u0103ri premiate \u00een cadrul expozi\u021biei pentru aniversarea a 25 de ani de la Concursul Miradas<\/em>            <span>HECTOR SURSE<\/span>        <\/p>\n<p><!-- \/.article-photo__footer --><br \/>\n    <\/article>\n<p><!-- \/.article-photo article-photo-- --><\/p>\n<p class=\"article-body__text\">\n<p>        El <strong>Premiul Miradas 2023 <\/strong>A mers la artistul murcian <strong>Manuel P\u00e1ez Alvarez<\/strong> pentru munca lui <em>leucip <\/em>cu un aer de pictur\u0103 olandez\u0103, dup\u0103 cum a subliniat De la Torre; profesorul UMH <strong>Jos\u00e9 Antonio Hinojos<\/strong> a primit <strong>Premiul Funda\u021biei Jorge Ali\u00f3<\/strong> cu opera sa \u201evelazque\u00f1a\u201d. <em>Erori de refrac\u021bie<\/em> ; <strong>Adrian Munoz Espouy<\/strong> am luat <strong>Premiul pentru cel mai bun artist emergent <\/strong>pentru dvs <em>Insight<\/em>, realizat \u00een acuarel\u0103 \u0219i grafit; \u015fi <strong>Natan Tarrago Terradelas<\/strong>cu 80 la sut\u0103 deficien\u021b\u0103 de vedere, a fost recunoscut\u0103 cu <strong>Premiul pentru cel mai bun artist cu diversitate func\u021bional\u0103<\/strong> pentru munca lui <em>pe jum\u0103tate goal\u0103<\/em>. \u201eBoala \u00eemi limiteaz\u0103 spa\u021biul creativ, dar nu \u0219i capacitatea mea de a crea\u201d, spune artista.\n<\/p>\n<p class=\"article-body__text\">\n<p>        Men\u021biunea de onoare pentru <strong>cea mai buna compozitie<\/strong> a mers la <strong>Ginesa Martinez L\u00f3pez<\/strong>cu sindromul Down, la <em>ochiul care zboar\u0103<\/em>\u00een care reinterpreteaz\u0103 o lucrare a lui Eduardo Naranjo \u0219i men\u021bionarea<strong> cea mai original\u0103 tehnic\u0103<\/strong>la <strong>Manuel Fernando Adrianzen<\/strong> cu iluzia ta optic\u0103 <em>selfie-uri<\/em>.\n<\/p>\n<p class=\"article-body__text\">\n<p>        In aceasta editie, <strong>peste 20.000 de euro \u00een premii.<\/strong>\n<\/p>\n<\/p><\/div>","protected":false},"excerpt":{"rendered":"<p>Primul Concurs Miradas Funda\u00e7\u00e3o Jorge Ali\u00f3 a fost creat \u00een 1998 din lucr\u0103rile a o sut\u0103 de arti\u0219ti din Alicante,... <\/p>","protected":false},"author":1,"featured_media":966,"comment_status":"open","ping_status":"open","sticky":false,"template":"","format":"standard","meta":{"fifu_image_url":"https:\/\/estaticos-cdn.prensaiberica.es\/clip\/acd7c1c8-c20a-4e56-8522-fcc4dacd9a9d_16-9-aspect-ratio_default_0.jpg","fifu_image_alt":"","footnotes":""},"categories":[35],"tags":[],"class_list":["post-965","post","type-post","status-publish","format-standard","has-post-thumbnail","hentry","category-cultura-e-lazer","latest_post"],"yoast_head":"<!-- This site is optimized with the Yoast SEO plugin v27.3 - https:\/\/yoast.com\/product\/yoast-seo-wordpress\/ -->\n<title>25 anos de encontro entre ci\u00eancia e arte - Tirinha.com<\/title>\n<meta name=\"robots\" content=\"index, follow, max-snippet:-1, max-image-preview:large, max-video-preview:-1\" \/>\n<link rel=\"canonical\" href=\"https:\/\/tirinha.com\/ro\/965\/25-de-ani-de-intalnire-intre-stiinta-si-arta\/\" \/>\n<meta property=\"og:locale\" content=\"ro_RO\" \/>\n<meta property=\"og:type\" content=\"article\" \/>\n<meta property=\"og:title\" content=\"25 anos de encontro entre ci\u00eancia e arte - Tirinha.com\" \/>\n<meta property=\"og:description\" content=\"O primeiro Concurso Miradas Funda\u00e7\u00e3o Jorge Ali\u00f3 foi criado em 1998 das obras de uma centena de artistas de Alicante, &hellip;\" \/>\n<meta property=\"og:url\" content=\"https:\/\/tirinha.com\/ro\/965\/25-de-ani-de-intalnire-intre-stiinta-si-arta\/\" \/>\n<meta property=\"og:site_name\" content=\"Tirinha.com\" \/>\n<meta property=\"article:published_time\" content=\"2023-04-03T22:50:12+00:00\" \/>\n<meta property=\"og:image\" content=\"https:\/\/estaticos-cdn.prensaiberica.es\/clip\/acd7c1c8-c20a-4e56-8522-fcc4dacd9a9d_16-9-aspect-ratio_default_0.jpg\" \/>\n<meta name=\"author\" content=\"admin\" \/>\n<meta name=\"twitter:card\" content=\"summary_large_image\" \/>\n<meta name=\"twitter:image\" content=\"https:\/\/estaticos-cdn.prensaiberica.es\/clip\/acd7c1c8-c20a-4e56-8522-fcc4dacd9a9d_16-9-aspect-ratio_default_0.jpg\" \/>\n<meta name=\"twitter:label1\" content=\"Scris de\" \/>\n\t<meta name=\"twitter:data1\" content=\"admin\" \/>\n\t<meta name=\"twitter:label2\" content=\"Timp estimat pentru citire\" \/>\n\t<meta name=\"twitter:data2\" content=\"3 minute\" \/>\n<script type=\"application\/ld+json\" class=\"yoast-schema-graph\">{\"@context\":\"https:\\\/\\\/schema.org\",\"@graph\":[{\"@type\":\"Article\",\"@id\":\"https:\\\/\\\/tirinha.com\\\/965\\\/25-anos-de-encontro-entre-ciencia-e-arte\\\/#article\",\"isPartOf\":{\"@id\":\"https:\\\/\\\/tirinha.com\\\/965\\\/25-anos-de-encontro-entre-ciencia-e-arte\\\/\"},\"author\":{\"name\":\"admin\",\"@id\":\"https:\\\/\\\/tirinha.com\\\/#\\\/schema\\\/person\\\/e22bdfbe17e0461f7e927e6a1208d4d9\"},\"headline\":\"25 anos de encontro entre ci\u00eancia e arte\",\"datePublished\":\"2023-04-03T22:50:12+00:00\",\"mainEntityOfPage\":{\"@id\":\"https:\\\/\\\/tirinha.com\\\/965\\\/25-anos-de-encontro-entre-ciencia-e-arte\\\/\"},\"wordCount\":643,\"commentCount\":0,\"publisher\":{\"@id\":\"https:\\\/\\\/tirinha.com\\\/#organization\"},\"image\":{\"@id\":\"https:\\\/\\\/tirinha.com\\\/965\\\/25-anos-de-encontro-entre-ciencia-e-arte\\\/#primaryimage\"},\"thumbnailUrl\":\"https:\\\/\\\/estaticos-cdn.prensaiberica.es\\\/clip\\\/acd7c1c8-c20a-4e56-8522-fcc4dacd9a9d_16-9-aspect-ratio_default_0.jpg\",\"articleSection\":[\"Cultura e lazer\"],\"inLanguage\":\"ro-RO\",\"potentialAction\":[{\"@type\":\"CommentAction\",\"name\":\"Comment\",\"target\":[\"https:\\\/\\\/tirinha.com\\\/965\\\/25-anos-de-encontro-entre-ciencia-e-arte\\\/#respond\"]}]},{\"@type\":\"WebPage\",\"@id\":\"https:\\\/\\\/tirinha.com\\\/965\\\/25-anos-de-encontro-entre-ciencia-e-arte\\\/\",\"url\":\"https:\\\/\\\/tirinha.com\\\/965\\\/25-anos-de-encontro-entre-ciencia-e-arte\\\/\",\"name\":\"25 anos de encontro entre ci\u00eancia e arte - Tirinha.com\",\"isPartOf\":{\"@id\":\"https:\\\/\\\/tirinha.com\\\/#website\"},\"primaryImageOfPage\":{\"@id\":\"https:\\\/\\\/tirinha.com\\\/965\\\/25-anos-de-encontro-entre-ciencia-e-arte\\\/#primaryimage\"},\"image\":{\"@id\":\"https:\\\/\\\/tirinha.com\\\/965\\\/25-anos-de-encontro-entre-ciencia-e-arte\\\/#primaryimage\"},\"thumbnailUrl\":\"https:\\\/\\\/estaticos-cdn.prensaiberica.es\\\/clip\\\/acd7c1c8-c20a-4e56-8522-fcc4dacd9a9d_16-9-aspect-ratio_default_0.jpg\",\"datePublished\":\"2023-04-03T22:50:12+00:00\",\"breadcrumb\":{\"@id\":\"https:\\\/\\\/tirinha.com\\\/965\\\/25-anos-de-encontro-entre-ciencia-e-arte\\\/#breadcrumb\"},\"inLanguage\":\"ro-RO\",\"potentialAction\":[{\"@type\":\"ReadAction\",\"target\":[\"https:\\\/\\\/tirinha.com\\\/965\\\/25-anos-de-encontro-entre-ciencia-e-arte\\\/\"]}]},{\"@type\":\"ImageObject\",\"inLanguage\":\"ro-RO\",\"@id\":\"https:\\\/\\\/tirinha.com\\\/965\\\/25-anos-de-encontro-entre-ciencia-e-arte\\\/#primaryimage\",\"url\":\"https:\\\/\\\/estaticos-cdn.prensaiberica.es\\\/clip\\\/acd7c1c8-c20a-4e56-8522-fcc4dacd9a9d_16-9-aspect-ratio_default_0.jpg\",\"contentUrl\":\"https:\\\/\\\/estaticos-cdn.prensaiberica.es\\\/clip\\\/acd7c1c8-c20a-4e56-8522-fcc4dacd9a9d_16-9-aspect-ratio_default_0.jpg\"},{\"@type\":\"BreadcrumbList\",\"@id\":\"https:\\\/\\\/tirinha.com\\\/965\\\/25-anos-de-encontro-entre-ciencia-e-arte\\\/#breadcrumb\",\"itemListElement\":[{\"@type\":\"ListItem\",\"position\":1,\"name\":\"Home\",\"item\":\"https:\\\/\\\/tirinha.com\\\/\"},{\"@type\":\"ListItem\",\"position\":2,\"name\":\"25 anos de encontro entre ci\u00eancia e arte\"}]},{\"@type\":\"WebSite\",\"@id\":\"https:\\\/\\\/tirinha.com\\\/#website\",\"url\":\"https:\\\/\\\/tirinha.com\\\/\",\"name\":\"Tirinha.com\",\"description\":\"Arte e livros resenhas\",\"publisher\":{\"@id\":\"https:\\\/\\\/tirinha.com\\\/#organization\"},\"potentialAction\":[{\"@type\":\"SearchAction\",\"target\":{\"@type\":\"EntryPoint\",\"urlTemplate\":\"https:\\\/\\\/tirinha.com\\\/?s={search_term_string}\"},\"query-input\":{\"@type\":\"PropertyValueSpecification\",\"valueRequired\":true,\"valueName\":\"search_term_string\"}}],\"inLanguage\":\"ro-RO\"},{\"@type\":\"Organization\",\"@id\":\"https:\\\/\\\/tirinha.com\\\/#organization\",\"name\":\"Tirinha.com\",\"url\":\"https:\\\/\\\/tirinha.com\\\/\",\"logo\":{\"@type\":\"ImageObject\",\"inLanguage\":\"ro-RO\",\"@id\":\"https:\\\/\\\/tirinha.com\\\/#\\\/schema\\\/logo\\\/image\\\/\",\"url\":\"https:\\\/\\\/tirinha.com\\\/wp-content\\\/uploads\\\/2023\\\/08\\\/cropped-Logo-Tirinha.webp\",\"contentUrl\":\"https:\\\/\\\/tirinha.com\\\/wp-content\\\/uploads\\\/2023\\\/08\\\/cropped-Logo-Tirinha.webp\",\"width\":512,\"height\":512,\"caption\":\"Tirinha.com\"},\"image\":{\"@id\":\"https:\\\/\\\/tirinha.com\\\/#\\\/schema\\\/logo\\\/image\\\/\"}},{\"@type\":\"Person\",\"@id\":\"https:\\\/\\\/tirinha.com\\\/#\\\/schema\\\/person\\\/e22bdfbe17e0461f7e927e6a1208d4d9\",\"name\":\"admin\",\"image\":{\"@type\":\"ImageObject\",\"inLanguage\":\"ro-RO\",\"@id\":\"https:\\\/\\\/tirinha.com\\\/wp-content\\\/litespeed\\\/avatar\\\/d0068f7931cc87d7274eb0c3db1deb4b.jpg?ver=1776829466\",\"url\":\"https:\\\/\\\/tirinha.com\\\/wp-content\\\/litespeed\\\/avatar\\\/d0068f7931cc87d7274eb0c3db1deb4b.jpg?ver=1776829466\",\"contentUrl\":\"https:\\\/\\\/tirinha.com\\\/wp-content\\\/litespeed\\\/avatar\\\/d0068f7931cc87d7274eb0c3db1deb4b.jpg?ver=1776829466\",\"caption\":\"admin\"},\"sameAs\":[\"https:\\\/\\\/tirinha.com\"],\"url\":\"https:\\\/\\\/tirinha.com\\\/ro\\\/author\\\/admin\\\/\"}]}<\/script>\n<!-- \/ Yoast SEO plugin. -->","yoast_head_json":{"title":"25 de ani de \u00eent\u00e2lnire \u00eentre \u0219tiin\u021b\u0103 \u0219i art\u0103 - Tirinha.com","robots":{"index":"index","follow":"follow","max-snippet":"max-snippet:-1","max-image-preview":"max-image-preview:large","max-video-preview":"max-video-preview:-1"},"canonical":"https:\/\/tirinha.com\/ro\/965\/25-de-ani-de-intalnire-intre-stiinta-si-arta\/","og_locale":"ro_RO","og_type":"article","og_title":"25 anos de encontro entre ci\u00eancia e arte - Tirinha.com","og_description":"O primeiro Concurso Miradas Funda\u00e7\u00e3o Jorge Ali\u00f3 foi criado em 1998 das obras de uma centena de artistas de Alicante, &hellip;","og_url":"https:\/\/tirinha.com\/ro\/965\/25-de-ani-de-intalnire-intre-stiinta-si-arta\/","og_site_name":"Tirinha.com","article_published_time":"2023-04-03T22:50:12+00:00","og_image":[{"url":"https:\/\/estaticos-cdn.prensaiberica.es\/clip\/acd7c1c8-c20a-4e56-8522-fcc4dacd9a9d_16-9-aspect-ratio_default_0.jpg","type":"","width":"","height":""}],"author":"admin","twitter_card":"summary_large_image","twitter_image":"https:\/\/estaticos-cdn.prensaiberica.es\/clip\/acd7c1c8-c20a-4e56-8522-fcc4dacd9a9d_16-9-aspect-ratio_default_0.jpg","twitter_misc":{"Scris de":"admin","Timp estimat pentru citire":"3 minute"},"schema":{"@context":"https:\/\/schema.org","@graph":[{"@type":"Article","@id":"https:\/\/tirinha.com\/965\/25-anos-de-encontro-entre-ciencia-e-arte\/#article","isPartOf":{"@id":"https:\/\/tirinha.com\/965\/25-anos-de-encontro-entre-ciencia-e-arte\/"},"author":{"name":"admin","@id":"https:\/\/tirinha.com\/#\/schema\/person\/e22bdfbe17e0461f7e927e6a1208d4d9"},"headline":"25 anos de encontro entre ci\u00eancia e arte","datePublished":"2023-04-03T22:50:12+00:00","mainEntityOfPage":{"@id":"https:\/\/tirinha.com\/965\/25-anos-de-encontro-entre-ciencia-e-arte\/"},"wordCount":643,"commentCount":0,"publisher":{"@id":"https:\/\/tirinha.com\/#organization"},"image":{"@id":"https:\/\/tirinha.com\/965\/25-anos-de-encontro-entre-ciencia-e-arte\/#primaryimage"},"thumbnailUrl":"https:\/\/estaticos-cdn.prensaiberica.es\/clip\/acd7c1c8-c20a-4e56-8522-fcc4dacd9a9d_16-9-aspect-ratio_default_0.jpg","articleSection":["Cultura e lazer"],"inLanguage":"ro-RO","potentialAction":[{"@type":"CommentAction","name":"Comment","target":["https:\/\/tirinha.com\/965\/25-anos-de-encontro-entre-ciencia-e-arte\/#respond"]}]},{"@type":"WebPage","@id":"https:\/\/tirinha.com\/965\/25-anos-de-encontro-entre-ciencia-e-arte\/","url":"https:\/\/tirinha.com\/965\/25-anos-de-encontro-entre-ciencia-e-arte\/","name":"25 de ani de \u00eent\u00e2lnire \u00eentre \u0219tiin\u021b\u0103 \u0219i art\u0103 - Tirinha.com","isPartOf":{"@id":"https:\/\/tirinha.com\/#website"},"primaryImageOfPage":{"@id":"https:\/\/tirinha.com\/965\/25-anos-de-encontro-entre-ciencia-e-arte\/#primaryimage"},"image":{"@id":"https:\/\/tirinha.com\/965\/25-anos-de-encontro-entre-ciencia-e-arte\/#primaryimage"},"thumbnailUrl":"https:\/\/estaticos-cdn.prensaiberica.es\/clip\/acd7c1c8-c20a-4e56-8522-fcc4dacd9a9d_16-9-aspect-ratio_default_0.jpg","datePublished":"2023-04-03T22:50:12+00:00","breadcrumb":{"@id":"https:\/\/tirinha.com\/965\/25-anos-de-encontro-entre-ciencia-e-arte\/#breadcrumb"},"inLanguage":"ro-RO","potentialAction":[{"@type":"ReadAction","target":["https:\/\/tirinha.com\/965\/25-anos-de-encontro-entre-ciencia-e-arte\/"]}]},{"@type":"ImageObject","inLanguage":"ro-RO","@id":"https:\/\/tirinha.com\/965\/25-anos-de-encontro-entre-ciencia-e-arte\/#primaryimage","url":"https:\/\/estaticos-cdn.prensaiberica.es\/clip\/acd7c1c8-c20a-4e56-8522-fcc4dacd9a9d_16-9-aspect-ratio_default_0.jpg","contentUrl":"https:\/\/estaticos-cdn.prensaiberica.es\/clip\/acd7c1c8-c20a-4e56-8522-fcc4dacd9a9d_16-9-aspect-ratio_default_0.jpg"},{"@type":"BreadcrumbList","@id":"https:\/\/tirinha.com\/965\/25-anos-de-encontro-entre-ciencia-e-arte\/#breadcrumb","itemListElement":[{"@type":"ListItem","position":1,"name":"Home","item":"https:\/\/tirinha.com\/"},{"@type":"ListItem","position":2,"name":"25 anos de encontro entre ci\u00eancia e arte"}]},{"@type":"WebSite","@id":"https:\/\/tirinha.com\/#website","url":"https:\/\/tirinha.com\/","name":"Tirinha.com","description":"Recenzii de art\u0103 \u0219i c\u0103r\u021bi","publisher":{"@id":"https:\/\/tirinha.com\/#organization"},"potentialAction":[{"@type":"SearchAction","target":{"@type":"EntryPoint","urlTemplate":"https:\/\/tirinha.com\/?s={search_term_string}"},"query-input":{"@type":"PropertyValueSpecification","valueRequired":true,"valueName":"search_term_string"}}],"inLanguage":"ro-RO"},{"@type":"Organization","@id":"https:\/\/tirinha.com\/#organization","name":"Tirinha.com","url":"https:\/\/tirinha.com\/","logo":{"@type":"ImageObject","inLanguage":"ro-RO","@id":"https:\/\/tirinha.com\/#\/schema\/logo\/image\/","url":"https:\/\/tirinha.com\/wp-content\/uploads\/2023\/08\/cropped-Logo-Tirinha.webp","contentUrl":"https:\/\/tirinha.com\/wp-content\/uploads\/2023\/08\/cropped-Logo-Tirinha.webp","width":512,"height":512,"caption":"Tirinha.com"},"image":{"@id":"https:\/\/tirinha.com\/#\/schema\/logo\/image\/"}},{"@type":"Person","@id":"https:\/\/tirinha.com\/#\/schema\/person\/e22bdfbe17e0461f7e927e6a1208d4d9","name":"administrator","image":{"@type":"ImageObject","inLanguage":"ro-RO","@id":"https:\/\/tirinha.com\/wp-content\/litespeed\/avatar\/d0068f7931cc87d7274eb0c3db1deb4b.jpg?ver=1776829466","url":"https:\/\/tirinha.com\/wp-content\/litespeed\/avatar\/d0068f7931cc87d7274eb0c3db1deb4b.jpg?ver=1776829466","contentUrl":"https:\/\/tirinha.com\/wp-content\/litespeed\/avatar\/d0068f7931cc87d7274eb0c3db1deb4b.jpg?ver=1776829466","caption":"admin"},"sameAs":["https:\/\/tirinha.com"],"url":"https:\/\/tirinha.com\/ro\/author\/admin\/"}]}},"_links":{"self":[{"href":"https:\/\/tirinha.com\/ro\/wp-json\/wp\/v2\/posts\/965","targetHints":{"allow":["GET"]}}],"collection":[{"href":"https:\/\/tirinha.com\/ro\/wp-json\/wp\/v2\/posts"}],"about":[{"href":"https:\/\/tirinha.com\/ro\/wp-json\/wp\/v2\/types\/post"}],"author":[{"embeddable":true,"href":"https:\/\/tirinha.com\/ro\/wp-json\/wp\/v2\/users\/1"}],"replies":[{"embeddable":true,"href":"https:\/\/tirinha.com\/ro\/wp-json\/wp\/v2\/comments?post=965"}],"version-history":[{"count":0,"href":"https:\/\/tirinha.com\/ro\/wp-json\/wp\/v2\/posts\/965\/revisions"}],"wp:featuredmedia":[{"embeddable":true,"href":"https:\/\/tirinha.com\/ro\/wp-json\/wp\/v2\/media\/966"}],"wp:attachment":[{"href":"https:\/\/tirinha.com\/ro\/wp-json\/wp\/v2\/media?parent=965"}],"wp:term":[{"taxonomy":"category","embeddable":true,"href":"https:\/\/tirinha.com\/ro\/wp-json\/wp\/v2\/categories?post=965"},{"taxonomy":"post_tag","embeddable":true,"href":"https:\/\/tirinha.com\/ro\/wp-json\/wp\/v2\/tags?post=965"}],"curies":[{"name":"wp","href":"https:\/\/api.w.org\/{rel}","templated":true}]}}