{"id":960,"date":"2023-04-03T22:49:35","date_gmt":"2023-04-03T22:49:35","guid":{"rendered":"https:\/\/tirinha.com\/o-ator-miguel-rellan-se-apresenta-no-teatro-principal-de-alicante\/"},"modified":"2023-04-03T22:49:35","modified_gmt":"2023-04-03T22:49:35","slug":"o-ator-miguel-rellan-se-apresenta-no-teatro-principal-de-alicante","status":"publish","type":"post","link":"https:\/\/tirinha.com\/ro\/960\/o-ator-miguel-rellan-se-apresenta-no-teatro-principal-de-alicante\/","title":{"rendered":"Actorul Miguel Rell\u00e1n joac\u0103 la Teatro Principal din Alicante"},"content":{"rendered":"<p><\/p>\n<p>        A studiat medicina \u0219i muzica, dar a ales s\u0103 tr\u0103iasc\u0103 ca al\u021bii. Miguel Rell\u00e1n (Tetu\u00e1n, 1943) nu a \u00eencetat de atunci s\u0103-\u0219i for\u021beze o carier\u0103, \u00een care, spune el, \u00ee\u0219i alege piesele cu rigurozitate, dar se d\u0103 u\u0219or cinematografiei, \u201edac\u0103 \u00eemi dau o mic\u0103 schimbare\u201d. S\u00e2mb\u0103t\u0103 joac\u0103 la Teatro Principal din Alicante <em><strong>\u00eentoarce-te acas\u0103<\/strong><\/em>de Harold Pinter. \u0218i joia trecut\u0103 al doilea sezon al <em><strong>Ne cerem scuze pentru inconveniente<\/strong><\/em>. La pensie? Un nr r\u0103sun\u0103tor.\n<\/p>\n<div wp_automatic_readability=\"174\">\n<p class=\"article-body__text question-answers__question\">El vine la Alicante cu o pies\u0103 de teatru,<em> \u00eentoarce-te acas\u0103<\/em>, de Harold Pinter, care scoate \u00een eviden\u021b\u0103 via\u021ba unei anumite familii cu luminile \u0219i umbrele ei. Hai, ca to\u021bi ceilal\u021bi.<\/p>\n<p class=\"article-body__text question-answers__answer\">Da, mi-e team\u0103 c\u0103 da. Ce se \u00eent\u00e2mpl\u0103 este c\u0103 \u00een acest caz Pinter alege o familie, deoarece ar putea alege o patrul\u0103 de mecanici, pentru a vorbi despre fiin\u021be umane. Pinter a spus c\u0103 teatrul lui a fost greu \u0219i c\u0103 este greu s\u0103 vorbesc despre el pentru c\u0103 \u00een\u021belege c\u0103 este contradictoriu \u0219i confuz, dar c\u0103 \u00eencearc\u0103 s\u0103 reflecte via\u021ba care pentru mine este contradictorie \u0219i confuz\u0103. Uneori, la repeti\u021bii, ne-a trecut prin minte c\u0103 <em>\u00eentoarce-te acas\u0103 <\/em>Parc\u0103 mergeam pe strad\u0103 pe un trotuar \u0219i o fereastr\u0103 s-a deschis la mezanin \u0219i ni s-a oferit spectacolul unei familii despre care nu \u0219tim nimic. Se iubesc, se ceart\u0103, mint, \u00ee\u0219i spun adev\u0103rul... \u0218i dup\u0103 o or\u0103 \u0219i jum\u0103tate ferestrele se \u00eenchid \u0219i r\u0103m\u00e2nem s\u0103 coment\u0103m ce am v\u0103zut. Este a treia lucrare a lui Pinter pe care o fac \u0219i cred c\u0103 \u00een general ceea ce face este s\u0103 ne pun\u0103 o oglind\u0103 \u00een fa\u021ba \u0219i s\u0103 ne spun\u0103: nu o ascunde, acesta e\u0219ti tu. Mi se pare c\u0103 rata prostiei din ultimii ani a crescut exponen\u021bial \u00een \u00eentreaga lume. \u00cencep\u00e2nd cu cine ne trimite. \u0218i, ca \u00eentotdeauna, noi, cet\u0103\u021benii, suntem de vin\u0103 pentru ceea ce ni se \u00eent\u00e2mpl\u0103 pentru c\u0103 alegem politicieni. Aceasta arat\u0103 importan\u021ba teatrului.<\/p>\n<p class=\"article-body__text question-answers__question\">\u00cen ce m\u0103sur\u0103 este necesar s\u0103 te \u00eentorci din c\u00e2nd \u00een c\u00e2nd la teatru pentru un actor?<\/p>\n<p class=\"article-body__text question-answers__answer\">Ei bine, mereu fac teatru \u0219i din c\u00e2nd \u00een c\u00e2nd fac cinema sau televiziune pentru a umple frigiderul pe jum\u0103tate. Teatrul este adev\u0103rul, cinematograful este arta regizorului, ei te \u00eentrerup. Este la fel cu a c\u00e2nta rock sau oper\u0103. \u00cen ultima vreme, oricine poate c\u00e2nta. Dar urc\u0103 pe scen\u0103 s\u0103 c\u00e2n\u021bi. Acest lucru este diferit. Cinematograful este imagine, iar teatrul este adev\u0103r. Teatrul este o minciun\u0103 care este de acord cu spectatorul, m\u0103 prefac c\u0103 sunt altcineva \u0219i spectatorul se preface c\u0103 crede dar \u0219tie c\u0103 nu sunt Richard al III-lea. Deci, \u00eentr-un fel, de\u0219i avem at\u00e2t de multe imagini \u0219i muzic\u0103 peste tot, acum mai mult ca oric\u00e2nd oamenii intr\u0103 \u00een direct, oricare ar fi, pentru c\u0103 este imprevizibil. Cea mai bun\u0103 reprezentare este urm\u0103toarea.<\/p>\n<article class=\"article-quote article-quote--middle-quote\">\n<h3>\u201eMi se pare c\u0103 rata prostiei \u00een ultimii ani a crescut exponen\u021bial \u00een \u00eentreaga lume. \u00cencep\u00e2nd cu cei care ne trimit\u201d<\/h3>\n<\/article>\n<p class=\"article-body__text question-answers__question\">Serialele au dat profesiei un plus de oxigen \u00een ultimii ani. Sunte\u021bi la bord cu Antonio Resines<em> Ne cerem scuze pentru inconveniente<\/em>, care \u0219i-a lansat joi \u00een premier\u0103 cel de-al doilea sezon. Pare pu\u021bin sceptic cu privire la lumea imaginilor.<\/p>\n<p class=\"article-body__text question-answers__answer\">Nicio \u0219ans\u0103. Experien\u021ba a fost foarte bun\u0103. Dac\u0103 \u00eemi ofer\u0103 filme \u0219i reprezentan\u021bii mei \u00eemi spun c\u0103 \u00eemi vor da c\u00e2\u021biva dolari, ei bine, o voi lua, dar de multe ori nu m\u0103 intereseaz\u0103. Sunt un tr\u0103g\u0103tor. Acum o s\u0103 filmez cu Mart\u00ednez L\u00e1zaro \u0219i m-am obi\u0219nuit cu t\u0103ieturi \u00een rol, lucruri care cost\u0103 mult\u0103 munc\u0103 s\u0103 nu apar\u0103 sau filmul s\u0103 nu fie lansat. Deci am un fel de distan\u021b\u0103. Un alt lucru este lucrul cu prietenii. Juan Cavestany \u0219i \u00c1lvaro Fern\u00e1ndez Armero au inventat aceast\u0103 serie pu\u021bin mai mult pe m\u0103sur\u0103, deoarece \u00eemi place muzica \u0219i \u00eemi doream un scenariu al unui dirijor de orchestr\u0103. M-au sunat s\u0103-mi spun\u0103 c\u0103 au inventat povestea unui director de orchestr\u0103 \u0219i m-am bucurat... dar nu a fost rolul pentru mine, ci pentru Resines (r\u00e2de). Lucrul cu prietenii este foarte diferit, este minunat, dar nu se \u00eent\u00e2mpl\u0103 \u00eentotdeauna \u0219i nu exist\u0103 alt\u0103 op\u021biune dec\u00e2t s\u0103 accepti lucrurile.<\/p>\n<article class=\"article-photo article-photo--\" wp_automatic_readability=\"28\">\n    <!-- \/.multimedia-block__element --><\/p>\n<p class=\"article-photo__footer\">\n            <em>Miguel Rell\u00e1n, \u00een piesa \u201eRegresso a casa\u201d.<\/em>                    <\/p>\n<p><!-- \/.article-photo__footer --><br \/>\n    <\/article>\n<p><!-- \/.article-photo article-photo-- --><\/p>\n<p class=\"article-body__text question-answers__question\">Cu cine nu ai ezita?<\/p>\n<p class=\"article-body__text question-answers__answer\">C\u00e2nd am \u00eenceput am vrut s\u0103 filmez doar cu Carlos Saura sau Manuel Guti\u00e9rrez Arag\u00f3n, iar \u00een teatru, cu Nuria Espert \u0219i Adolfo Marsillach. Mi-a fost foarte foame p\u00e2n\u0103 mi-am dat seama c\u0103 totul trebuie f\u0103cut. Oricum, nu m\u0103 uit la filme dup\u0103 aceea. De asemenea, \u0219tiu s\u0103 spun nu foarte priceput. Dar la cinema \u0219i televiziune, dac\u0103 ei m\u0103 pl\u0103tesc, eu pl\u0103tesc, la teatru nu. Teatrul este foarte dur, trebuie s\u0103 ai mult\u0103 disciplin\u0103, este o \u0219coal\u0103 pentru fiin\u021be umane; \u00cenve\u021bi s\u0103 fii generos cu ceilal\u021bi \u0219i ca al\u021bii s\u0103 fie genero\u0219i cu tine, \u00ee\u021bi pierzi timiditatea, \u00eenve\u021bi s\u0103 lucrezi \u00een echip\u0103, pe l\u00e2ng\u0103 faptul c\u0103 dob\u00e2nde\u0219ti mult\u0103 cultur\u0103. De asemenea, trebuie s\u0103-\u021bi alegi partenerii cu mare aten\u021bie pentru c\u0103 g\u0103se\u0219ti iubi\u021bi de doi ani cu care trebuie s\u0103 tr\u0103ie\u0219ti.<\/p>\n<p class=\"article-body__text question-answers__question\">S-a schimbat mult modul de a face filme \u0219i seriale \u00een ultimii ani?<\/p>\n<p class=\"article-body__text question-answers__answer\">Tehnic este evident. Cablurile au disp\u0103rut. Dar nu cred c\u0103 acum se fac filme \u0219i seriale mai bune. Cineva responsabil de o platform\u0103 mi-a spus c\u0103 calitatea scade din nou pentru public, motiv pentru care este solicitat\u0103. Am impresia c\u0103 totul a fost spus. \u00cen<em> Odiseea<\/em>, Homer a povestit totul \u0219i Shakespeare a terminat. Deci depinde de cum numeri.<\/p>\n<article class=\"article-quote article-quote--middle-quote\">\n<h3>\u201eTeatrul este o minciun\u0103 care este de acord cu spectatorul, m\u0103 prefac c\u0103 sunt altcineva \u0219i spectatorul se preface c\u0103 o crede\u201d<\/h3>\n<\/article>\n<p class=\"article-body__text question-answers__question\">A c\u00e2\u0219tigat un Goya pentru <em>m\u0103tu\u0219a mea<\/em> \u00een 1986. Nu mai joci altul?<\/p>\n<p class=\"article-body__text question-answers__answer\">Ei bine, nu \u0219tiu. Am multe premii \u0219i am \u0219i o distan\u021b\u0103 gra\u021bioas\u0103 cu premiile. Dac\u0103 nu m\u0103 convingi de contrariu, premiile sunt acolo pentru a promova ceva. Po\u021bi m\u0103sura cine sare mai mult, dar cum m\u0103sori dac\u0103 un actor este mai bun dec\u00e2t altul? Cand imi dau unul, pe care multi imi dau de-a lungul carierei, vorbesc mult despre Camus, ca daca te dedici insistent unei discipline artistice, mai devreme sau mai tarziu iti vor da un premiu, greu este sa il meriti. Am multe pe care nu le merit \u0219i altele pe care le merit nu mi-au fost d\u0103ruite.<\/p>\n<p class=\"article-body__text question-answers__question\">Un actor nu este suficient de mare pentru a se pensiona pentru c\u0103 \u00eentr-un film, teatru sau serial sunt personaje din toate genera\u021biile. Te g\u00e2nde\u0219ti la acest moment?<\/p>\n<p class=\"article-body__text question-answers__answer\">Nu. Se pensioneaz\u0103 cineva care se dedic\u0103 unei activit\u0103\u021bi creative? Poe\u021bii? Scriitorii? Dansator pentru c\u0103 nu poate ridica piciorul, dar de ce nu se retrage Vargas Llosa? La meseria asta, s\u0103n\u0103tatea \u00ee\u021bi ia ziua \u00een care c\u00e2\u0219tigi ceva \u0219i e\u0219ti cam prost pentru c\u0103 nu ai alt\u0103 op\u021biune. Chaplin spunea c\u0103 \u00een aceast\u0103 via\u021b\u0103 exist\u0103 doar timp pentru a fi amator.<\/p>\n<article class=\"article-photo article-photo--\" wp_automatic_readability=\"28\">\n    <!-- \/.multimedia-block__element --><\/p>\n<p class=\"article-photo__footer\">\n            <em>Actorii Antonio Resines \u0219i Miguel Rell\u00e1n, \u00een \u201e\u00cemi pare r\u0103u pentru inconvenient\u201d.<\/em>            <span>XP\/MOVISTAR+<\/span>        <\/p>\n<p><!-- \/.article-photo__footer --><br \/>\n    <\/article>\n<p><!-- \/.article-photo article-photo-- --><\/p>\n<p class=\"article-body__text question-answers__question\">\u00cen urm\u0103 cu c\u00e2teva s\u0103pt\u0103m\u00e2ni a fost aprobat Statutul Artistului. Va exista un \u00eenainte \u0219i un dup\u0103 \u00een situa\u021bia din sector?<\/p>\n<p class=\"article-body__text question-answers__answer\">Ei bine, nu-l cunosc. Dup\u0103 cum a spus El Brujo, este ca \u0219i cum ai face statutul de cavaler r\u0103t\u0103cit. Ce vor ei? C\u0103 cei care sunt \u0219omeri primesc o indemniza\u021bie? \u00cen primul r\u00e2nd, sunt mul\u021bi actori care sunt \u0219omeri pentru c\u0103 merit\u0103, pentru c\u0103 sunt r\u0103i, pentru c\u0103 nu sunt profesioni\u0219ti, sunt doar frumo\u0219i. Exist\u0103 actri\u021be clonate \u0219i interschimbabile care sunt interesate doar s\u0103 fie celebre. \u0218i au toate drepturile din lume. S\u0103 faci filme \u0219i televiziune este foarte u\u0219or, s\u0103 spui textul -\u0219i acum nici m\u0103car asta pentru c\u0103 nu vorbe\u0219ti-, \u0219i s\u0103 nu te \u00eempiedici de mobilier, este u\u0219or. Am v\u0103zut un num\u0103r mare de cadavre rafinate care ar devora lumea. Dar a fi actor este altceva.<\/p>\n<article class=\"article-quote article-quote--middle-quote\">\n<h3>\u201eSunt mul\u021bi actori care sunt \u0219omeri pentru c\u0103 merit\u0103, pentru c\u0103 sunt r\u0103i, pentru c\u0103 nu sunt profesioni\u0219ti, sunt doar frumo\u0219i\u201d<\/h3>\n<\/article>\n<p class=\"article-body__text question-answers__question\">Dac\u0103 ai fi chemat chiar acum s\u0103-\u021bi oferi un film, un serial sau o pies\u0103 de teatru, pe cine \u021bi-ar pl\u0103cea s\u0103 auzi la cel\u0103lalt cap\u0103t al firului?<\/p>\n<p class=\"article-body__text question-answers__answer\">Ei bine, pentru un prieten. Am multe, din fericire. De la Fernando Colomo la David Gal\u00e1n Galindo sau Jorge Coira. \u00cen plus, ar fi proiecte grozave. \u00cen general sunt norocos. Ce se \u00eent\u00e2mpl\u0103 este c\u0103 din c\u00e2nd \u00een c\u00e2nd exist\u0103 un copil care crede \u00een ceva. Fac foarte multe scurtmetraje \u0219i sunt oameni f\u0103r\u0103 experien\u021b\u0103 care cred c\u0103 cinematografia a \u00eenceput cu Tarantino. \u00cemi place foarte mult s\u0103 \u00eenv\u0103\u021b, dar m\u0103 deranjeaz\u0103 c\u0103 m\u0103 \u00eenva\u021b\u0103 \u00een acest moment. Sunt oameni foarte pro\u0219ti \u0219i foarte inteligen\u021bi.<\/p>\n<p class=\"article-body__text question-answers__question\">Studiezi Medicina. Te-ai g\u00e2ndit vreodat\u0103 c\u0103 ar fi trebuit s\u0103 te dedici vindec\u0103rii corpului t\u0103u \u00een loc s\u0103 \u00eencerci s\u0103-\u021bi vindeci sufletul?<\/p>\n<p class=\"article-body__text question-answers__answer\">Am studiat medicina pentru c\u0103 tat\u0103l meu era medic. Dar nu am regretat niciodat\u0103. Omule, a\u0219 vrea s\u0103 tr\u0103iesc trei vie\u021bi: una s\u0103 fiu dirijor, una s\u0103 fiu medic \u0219i una s\u0103 fiu actor.<\/p>\n<\/p><\/div>","protected":false},"excerpt":{"rendered":"<p>A studiat medicina \u0219i muzica, dar a ales s\u0103 tr\u0103iasc\u0103 ca al\u021bii. Miguel Rell\u00e1n (Tetu\u00e1n, 1943) nu a \u00eencetat de atunci s\u0103 forjeze... <\/p>","protected":false},"author":1,"featured_media":961,"comment_status":"open","ping_status":"open","sticky":false,"template":"","format":"standard","meta":{"fifu_image_url":"https:\/\/estaticos-cdn.prensaiberica.es\/clip\/7901d6f7-7324-4832-a478-48da0818f6a4_16-9-aspect-ratio_default_0.jpg","fifu_image_alt":"","footnotes":""},"categories":[35],"tags":[],"class_list":["post-960","post","type-post","status-publish","format-standard","has-post-thumbnail","hentry","category-cultura-e-lazer","latest_post"],"yoast_head":"<!-- This site is optimized with the Yoast SEO plugin v27.3 - https:\/\/yoast.com\/product\/yoast-seo-wordpress\/ -->\n<title>O ator Miguel Rell\u00e1n se apresenta no Teatro Principal de Alicante - Tirinha.com<\/title>\n<meta name=\"robots\" content=\"index, follow, max-snippet:-1, max-image-preview:large, max-video-preview:-1\" \/>\n<link rel=\"canonical\" href=\"https:\/\/tirinha.com\/ro\/960\/o-ator-miguel-rellan-se-apresenta-no-teatro-principal-de-alicante\/\" \/>\n<meta property=\"og:locale\" content=\"ro_RO\" \/>\n<meta property=\"og:type\" content=\"article\" \/>\n<meta property=\"og:title\" content=\"O ator Miguel Rell\u00e1n se apresenta no Teatro Principal de Alicante - Tirinha.com\" \/>\n<meta property=\"og:description\" content=\"Estudou medicina e m\u00fasica, mas escolheu viver sendo os outros. Miguel Rell\u00e1n (Tetu\u00e1n, 1943) n\u00e3o parou desde ent\u00e3o de forjar &hellip;\" \/>\n<meta property=\"og:url\" content=\"https:\/\/tirinha.com\/ro\/960\/o-ator-miguel-rellan-se-apresenta-no-teatro-principal-de-alicante\/\" \/>\n<meta property=\"og:site_name\" content=\"Tirinha.com\" \/>\n<meta property=\"article:published_time\" content=\"2023-04-03T22:49:35+00:00\" \/>\n<meta property=\"og:image\" content=\"https:\/\/estaticos-cdn.prensaiberica.es\/clip\/7901d6f7-7324-4832-a478-48da0818f6a4_16-9-aspect-ratio_default_0.jpg\" \/>\n<meta name=\"author\" content=\"admin\" \/>\n<meta name=\"twitter:card\" content=\"summary_large_image\" \/>\n<meta name=\"twitter:image\" content=\"https:\/\/estaticos-cdn.prensaiberica.es\/clip\/7901d6f7-7324-4832-a478-48da0818f6a4_16-9-aspect-ratio_default_0.jpg\" \/>\n<meta name=\"twitter:label1\" content=\"Scris de\" \/>\n\t<meta name=\"twitter:data1\" content=\"admin\" \/>\n\t<meta name=\"twitter:label2\" content=\"Timp estimat pentru citire\" \/>\n\t<meta name=\"twitter:data2\" content=\"8 minute\" \/>\n<script type=\"application\/ld+json\" class=\"yoast-schema-graph\">{\"@context\":\"https:\\\/\\\/schema.org\",\"@graph\":[{\"@type\":\"Article\",\"@id\":\"https:\\\/\\\/tirinha.com\\\/960\\\/o-ator-miguel-rellan-se-apresenta-no-teatro-principal-de-alicante\\\/#article\",\"isPartOf\":{\"@id\":\"https:\\\/\\\/tirinha.com\\\/960\\\/o-ator-miguel-rellan-se-apresenta-no-teatro-principal-de-alicante\\\/\"},\"author\":{\"name\":\"admin\",\"@id\":\"https:\\\/\\\/tirinha.com\\\/#\\\/schema\\\/person\\\/e22bdfbe17e0461f7e927e6a1208d4d9\"},\"headline\":\"O ator Miguel Rell\u00e1n se apresenta no Teatro Principal de Alicante\",\"datePublished\":\"2023-04-03T22:49:35+00:00\",\"mainEntityOfPage\":{\"@id\":\"https:\\\/\\\/tirinha.com\\\/960\\\/o-ator-miguel-rellan-se-apresenta-no-teatro-principal-de-alicante\\\/\"},\"wordCount\":1570,\"commentCount\":0,\"publisher\":{\"@id\":\"https:\\\/\\\/tirinha.com\\\/#organization\"},\"image\":{\"@id\":\"https:\\\/\\\/tirinha.com\\\/960\\\/o-ator-miguel-rellan-se-apresenta-no-teatro-principal-de-alicante\\\/#primaryimage\"},\"thumbnailUrl\":\"https:\\\/\\\/estaticos-cdn.prensaiberica.es\\\/clip\\\/7901d6f7-7324-4832-a478-48da0818f6a4_16-9-aspect-ratio_default_0.jpg\",\"articleSection\":[\"Cultura e lazer\"],\"inLanguage\":\"ro-RO\",\"potentialAction\":[{\"@type\":\"CommentAction\",\"name\":\"Comment\",\"target\":[\"https:\\\/\\\/tirinha.com\\\/960\\\/o-ator-miguel-rellan-se-apresenta-no-teatro-principal-de-alicante\\\/#respond\"]}]},{\"@type\":\"WebPage\",\"@id\":\"https:\\\/\\\/tirinha.com\\\/960\\\/o-ator-miguel-rellan-se-apresenta-no-teatro-principal-de-alicante\\\/\",\"url\":\"https:\\\/\\\/tirinha.com\\\/960\\\/o-ator-miguel-rellan-se-apresenta-no-teatro-principal-de-alicante\\\/\",\"name\":\"O ator Miguel Rell\u00e1n se apresenta no Teatro Principal de Alicante - Tirinha.com\",\"isPartOf\":{\"@id\":\"https:\\\/\\\/tirinha.com\\\/#website\"},\"primaryImageOfPage\":{\"@id\":\"https:\\\/\\\/tirinha.com\\\/960\\\/o-ator-miguel-rellan-se-apresenta-no-teatro-principal-de-alicante\\\/#primaryimage\"},\"image\":{\"@id\":\"https:\\\/\\\/tirinha.com\\\/960\\\/o-ator-miguel-rellan-se-apresenta-no-teatro-principal-de-alicante\\\/#primaryimage\"},\"thumbnailUrl\":\"https:\\\/\\\/estaticos-cdn.prensaiberica.es\\\/clip\\\/7901d6f7-7324-4832-a478-48da0818f6a4_16-9-aspect-ratio_default_0.jpg\",\"datePublished\":\"2023-04-03T22:49:35+00:00\",\"breadcrumb\":{\"@id\":\"https:\\\/\\\/tirinha.com\\\/960\\\/o-ator-miguel-rellan-se-apresenta-no-teatro-principal-de-alicante\\\/#breadcrumb\"},\"inLanguage\":\"ro-RO\",\"potentialAction\":[{\"@type\":\"ReadAction\",\"target\":[\"https:\\\/\\\/tirinha.com\\\/960\\\/o-ator-miguel-rellan-se-apresenta-no-teatro-principal-de-alicante\\\/\"]}]},{\"@type\":\"ImageObject\",\"inLanguage\":\"ro-RO\",\"@id\":\"https:\\\/\\\/tirinha.com\\\/960\\\/o-ator-miguel-rellan-se-apresenta-no-teatro-principal-de-alicante\\\/#primaryimage\",\"url\":\"https:\\\/\\\/estaticos-cdn.prensaiberica.es\\\/clip\\\/7901d6f7-7324-4832-a478-48da0818f6a4_16-9-aspect-ratio_default_0.jpg\",\"contentUrl\":\"https:\\\/\\\/estaticos-cdn.prensaiberica.es\\\/clip\\\/7901d6f7-7324-4832-a478-48da0818f6a4_16-9-aspect-ratio_default_0.jpg\"},{\"@type\":\"BreadcrumbList\",\"@id\":\"https:\\\/\\\/tirinha.com\\\/960\\\/o-ator-miguel-rellan-se-apresenta-no-teatro-principal-de-alicante\\\/#breadcrumb\",\"itemListElement\":[{\"@type\":\"ListItem\",\"position\":1,\"name\":\"Home\",\"item\":\"https:\\\/\\\/tirinha.com\\\/\"},{\"@type\":\"ListItem\",\"position\":2,\"name\":\"O ator Miguel Rell\u00e1n se apresenta no Teatro Principal de Alicante\"}]},{\"@type\":\"WebSite\",\"@id\":\"https:\\\/\\\/tirinha.com\\\/#website\",\"url\":\"https:\\\/\\\/tirinha.com\\\/\",\"name\":\"Tirinha.com\",\"description\":\"Arte e livros resenhas\",\"publisher\":{\"@id\":\"https:\\\/\\\/tirinha.com\\\/#organization\"},\"potentialAction\":[{\"@type\":\"SearchAction\",\"target\":{\"@type\":\"EntryPoint\",\"urlTemplate\":\"https:\\\/\\\/tirinha.com\\\/?s={search_term_string}\"},\"query-input\":{\"@type\":\"PropertyValueSpecification\",\"valueRequired\":true,\"valueName\":\"search_term_string\"}}],\"inLanguage\":\"ro-RO\"},{\"@type\":\"Organization\",\"@id\":\"https:\\\/\\\/tirinha.com\\\/#organization\",\"name\":\"Tirinha.com\",\"url\":\"https:\\\/\\\/tirinha.com\\\/\",\"logo\":{\"@type\":\"ImageObject\",\"inLanguage\":\"ro-RO\",\"@id\":\"https:\\\/\\\/tirinha.com\\\/#\\\/schema\\\/logo\\\/image\\\/\",\"url\":\"https:\\\/\\\/tirinha.com\\\/wp-content\\\/uploads\\\/2023\\\/08\\\/cropped-Logo-Tirinha.webp\",\"contentUrl\":\"https:\\\/\\\/tirinha.com\\\/wp-content\\\/uploads\\\/2023\\\/08\\\/cropped-Logo-Tirinha.webp\",\"width\":512,\"height\":512,\"caption\":\"Tirinha.com\"},\"image\":{\"@id\":\"https:\\\/\\\/tirinha.com\\\/#\\\/schema\\\/logo\\\/image\\\/\"}},{\"@type\":\"Person\",\"@id\":\"https:\\\/\\\/tirinha.com\\\/#\\\/schema\\\/person\\\/e22bdfbe17e0461f7e927e6a1208d4d9\",\"name\":\"admin\",\"image\":{\"@type\":\"ImageObject\",\"inLanguage\":\"ro-RO\",\"@id\":\"https:\\\/\\\/tirinha.com\\\/wp-content\\\/litespeed\\\/avatar\\\/d0068f7931cc87d7274eb0c3db1deb4b.jpg?ver=1776829466\",\"url\":\"https:\\\/\\\/tirinha.com\\\/wp-content\\\/litespeed\\\/avatar\\\/d0068f7931cc87d7274eb0c3db1deb4b.jpg?ver=1776829466\",\"contentUrl\":\"https:\\\/\\\/tirinha.com\\\/wp-content\\\/litespeed\\\/avatar\\\/d0068f7931cc87d7274eb0c3db1deb4b.jpg?ver=1776829466\",\"caption\":\"admin\"},\"sameAs\":[\"https:\\\/\\\/tirinha.com\"],\"url\":\"https:\\\/\\\/tirinha.com\\\/ro\\\/author\\\/admin\\\/\"}]}<\/script>\n<!-- \/ Yoast SEO plugin. -->","yoast_head_json":{"title":"O ator Miguel Rell\u00e1n se apresenta no Teatro Principal de Alicante - Tirinha.com","robots":{"index":"index","follow":"follow","max-snippet":"max-snippet:-1","max-image-preview":"max-image-preview:large","max-video-preview":"max-video-preview:-1"},"canonical":"https:\/\/tirinha.com\/ro\/960\/o-ator-miguel-rellan-se-apresenta-no-teatro-principal-de-alicante\/","og_locale":"ro_RO","og_type":"article","og_title":"O ator Miguel Rell\u00e1n se apresenta no Teatro Principal de Alicante - Tirinha.com","og_description":"Estudou medicina e m\u00fasica, mas escolheu viver sendo os outros. Miguel Rell\u00e1n (Tetu\u00e1n, 1943) n\u00e3o parou desde ent\u00e3o de forjar &hellip;","og_url":"https:\/\/tirinha.com\/ro\/960\/o-ator-miguel-rellan-se-apresenta-no-teatro-principal-de-alicante\/","og_site_name":"Tirinha.com","article_published_time":"2023-04-03T22:49:35+00:00","og_image":[{"url":"https:\/\/estaticos-cdn.prensaiberica.es\/clip\/7901d6f7-7324-4832-a478-48da0818f6a4_16-9-aspect-ratio_default_0.jpg","type":"","width":"","height":""}],"author":"admin","twitter_card":"summary_large_image","twitter_image":"https:\/\/estaticos-cdn.prensaiberica.es\/clip\/7901d6f7-7324-4832-a478-48da0818f6a4_16-9-aspect-ratio_default_0.jpg","twitter_misc":{"Scris de":"admin","Timp estimat pentru citire":"8 minute"},"schema":{"@context":"https:\/\/schema.org","@graph":[{"@type":"Article","@id":"https:\/\/tirinha.com\/960\/o-ator-miguel-rellan-se-apresenta-no-teatro-principal-de-alicante\/#article","isPartOf":{"@id":"https:\/\/tirinha.com\/960\/o-ator-miguel-rellan-se-apresenta-no-teatro-principal-de-alicante\/"},"author":{"name":"admin","@id":"https:\/\/tirinha.com\/#\/schema\/person\/e22bdfbe17e0461f7e927e6a1208d4d9"},"headline":"O ator Miguel Rell\u00e1n se apresenta no Teatro Principal de Alicante","datePublished":"2023-04-03T22:49:35+00:00","mainEntityOfPage":{"@id":"https:\/\/tirinha.com\/960\/o-ator-miguel-rellan-se-apresenta-no-teatro-principal-de-alicante\/"},"wordCount":1570,"commentCount":0,"publisher":{"@id":"https:\/\/tirinha.com\/#organization"},"image":{"@id":"https:\/\/tirinha.com\/960\/o-ator-miguel-rellan-se-apresenta-no-teatro-principal-de-alicante\/#primaryimage"},"thumbnailUrl":"https:\/\/estaticos-cdn.prensaiberica.es\/clip\/7901d6f7-7324-4832-a478-48da0818f6a4_16-9-aspect-ratio_default_0.jpg","articleSection":["Cultura e lazer"],"inLanguage":"ro-RO","potentialAction":[{"@type":"CommentAction","name":"Comment","target":["https:\/\/tirinha.com\/960\/o-ator-miguel-rellan-se-apresenta-no-teatro-principal-de-alicante\/#respond"]}]},{"@type":"WebPage","@id":"https:\/\/tirinha.com\/960\/o-ator-miguel-rellan-se-apresenta-no-teatro-principal-de-alicante\/","url":"https:\/\/tirinha.com\/960\/o-ator-miguel-rellan-se-apresenta-no-teatro-principal-de-alicante\/","name":"O ator Miguel Rell\u00e1n se apresenta no Teatro Principal de Alicante - Tirinha.com","isPartOf":{"@id":"https:\/\/tirinha.com\/#website"},"primaryImageOfPage":{"@id":"https:\/\/tirinha.com\/960\/o-ator-miguel-rellan-se-apresenta-no-teatro-principal-de-alicante\/#primaryimage"},"image":{"@id":"https:\/\/tirinha.com\/960\/o-ator-miguel-rellan-se-apresenta-no-teatro-principal-de-alicante\/#primaryimage"},"thumbnailUrl":"https:\/\/estaticos-cdn.prensaiberica.es\/clip\/7901d6f7-7324-4832-a478-48da0818f6a4_16-9-aspect-ratio_default_0.jpg","datePublished":"2023-04-03T22:49:35+00:00","breadcrumb":{"@id":"https:\/\/tirinha.com\/960\/o-ator-miguel-rellan-se-apresenta-no-teatro-principal-de-alicante\/#breadcrumb"},"inLanguage":"ro-RO","potentialAction":[{"@type":"ReadAction","target":["https:\/\/tirinha.com\/960\/o-ator-miguel-rellan-se-apresenta-no-teatro-principal-de-alicante\/"]}]},{"@type":"ImageObject","inLanguage":"ro-RO","@id":"https:\/\/tirinha.com\/960\/o-ator-miguel-rellan-se-apresenta-no-teatro-principal-de-alicante\/#primaryimage","url":"https:\/\/estaticos-cdn.prensaiberica.es\/clip\/7901d6f7-7324-4832-a478-48da0818f6a4_16-9-aspect-ratio_default_0.jpg","contentUrl":"https:\/\/estaticos-cdn.prensaiberica.es\/clip\/7901d6f7-7324-4832-a478-48da0818f6a4_16-9-aspect-ratio_default_0.jpg"},{"@type":"BreadcrumbList","@id":"https:\/\/tirinha.com\/960\/o-ator-miguel-rellan-se-apresenta-no-teatro-principal-de-alicante\/#breadcrumb","itemListElement":[{"@type":"ListItem","position":1,"name":"Home","item":"https:\/\/tirinha.com\/"},{"@type":"ListItem","position":2,"name":"O ator Miguel Rell\u00e1n se apresenta no Teatro Principal de Alicante"}]},{"@type":"WebSite","@id":"https:\/\/tirinha.com\/#website","url":"https:\/\/tirinha.com\/","name":"Tirinha.com","description":"Recenzii de art\u0103 \u0219i c\u0103r\u021bi","publisher":{"@id":"https:\/\/tirinha.com\/#organization"},"potentialAction":[{"@type":"SearchAction","target":{"@type":"EntryPoint","urlTemplate":"https:\/\/tirinha.com\/?s={search_term_string}"},"query-input":{"@type":"PropertyValueSpecification","valueRequired":true,"valueName":"search_term_string"}}],"inLanguage":"ro-RO"},{"@type":"Organization","@id":"https:\/\/tirinha.com\/#organization","name":"Tirinha.com","url":"https:\/\/tirinha.com\/","logo":{"@type":"ImageObject","inLanguage":"ro-RO","@id":"https:\/\/tirinha.com\/#\/schema\/logo\/image\/","url":"https:\/\/tirinha.com\/wp-content\/uploads\/2023\/08\/cropped-Logo-Tirinha.webp","contentUrl":"https:\/\/tirinha.com\/wp-content\/uploads\/2023\/08\/cropped-Logo-Tirinha.webp","width":512,"height":512,"caption":"Tirinha.com"},"image":{"@id":"https:\/\/tirinha.com\/#\/schema\/logo\/image\/"}},{"@type":"Person","@id":"https:\/\/tirinha.com\/#\/schema\/person\/e22bdfbe17e0461f7e927e6a1208d4d9","name":"administrator","image":{"@type":"ImageObject","inLanguage":"ro-RO","@id":"https:\/\/tirinha.com\/wp-content\/litespeed\/avatar\/d0068f7931cc87d7274eb0c3db1deb4b.jpg?ver=1776829466","url":"https:\/\/tirinha.com\/wp-content\/litespeed\/avatar\/d0068f7931cc87d7274eb0c3db1deb4b.jpg?ver=1776829466","contentUrl":"https:\/\/tirinha.com\/wp-content\/litespeed\/avatar\/d0068f7931cc87d7274eb0c3db1deb4b.jpg?ver=1776829466","caption":"admin"},"sameAs":["https:\/\/tirinha.com"],"url":"https:\/\/tirinha.com\/ro\/author\/admin\/"}]}},"_links":{"self":[{"href":"https:\/\/tirinha.com\/ro\/wp-json\/wp\/v2\/posts\/960","targetHints":{"allow":["GET"]}}],"collection":[{"href":"https:\/\/tirinha.com\/ro\/wp-json\/wp\/v2\/posts"}],"about":[{"href":"https:\/\/tirinha.com\/ro\/wp-json\/wp\/v2\/types\/post"}],"author":[{"embeddable":true,"href":"https:\/\/tirinha.com\/ro\/wp-json\/wp\/v2\/users\/1"}],"replies":[{"embeddable":true,"href":"https:\/\/tirinha.com\/ro\/wp-json\/wp\/v2\/comments?post=960"}],"version-history":[{"count":0,"href":"https:\/\/tirinha.com\/ro\/wp-json\/wp\/v2\/posts\/960\/revisions"}],"wp:featuredmedia":[{"embeddable":true,"href":"https:\/\/tirinha.com\/ro\/wp-json\/wp\/v2\/media\/961"}],"wp:attachment":[{"href":"https:\/\/tirinha.com\/ro\/wp-json\/wp\/v2\/media?parent=960"}],"wp:term":[{"taxonomy":"category","embeddable":true,"href":"https:\/\/tirinha.com\/ro\/wp-json\/wp\/v2\/categories?post=960"},{"taxonomy":"post_tag","embeddable":true,"href":"https:\/\/tirinha.com\/ro\/wp-json\/wp\/v2\/tags?post=960"}],"curies":[{"name":"wp","href":"https:\/\/api.w.org\/{rel}","templated":true}]}}