{"id":947,"date":"2023-04-03T21:16:22","date_gmt":"2023-04-03T21:16:22","guid":{"rendered":"https:\/\/tirinha.com\/getafe_-amarelinha-fecha-o-preludio-do-getafe-negro\/"},"modified":"2023-04-03T21:16:22","modified_gmt":"2023-04-03T21:16:22","slug":"getafe_-amarelinha-inchide-preludiul-getafe-negro","status":"publish","type":"post","link":"https:\/\/tirinha.com\/ro\/947\/getafe_-amarelinha-fecha-o-preludio-do-getafe-negro\/","title":{"rendered":"GETAFE_ Hopscotch \u00eenchide preludiul Getafe Negro"},"content":{"rendered":"<p><\/p>\n<div id=\"post-272\">\n<div class=\"entry-content\">\n<p><strong>GETAFE\/8 OCT 13\/CULTURA_<\/strong>  Black Jazz este preludiul Getafe \u0219i anul acesta love\u0219te puternic. Concertele din 4 \u0219i 5 octombrie cu Rachelle Bentley \u0219i Ver\u00f3nica Ferreiro (s\u00e2mb\u0103t\u0103, 5 octombrie), \u00eempreun\u0103 cu minunatul concert al lui Javier Elorrieta din 6 octombrie, au \u00eenc\u00e2ntat publicul care nu a avut dec\u00e2t s\u0103 se bucure de produc\u021bia muzical\u0103 Amarelinha. , romanul de Julio Cort\u00e1zar care va avea loc vineri, 11 octombrie, la Teatro Garc\u00eda Lorca.<\/p>\n<p>Montajul muzical \u00een <em>\u015eotron<\/em>de Julio Cort\u00e1zar, parte a unei propuneri muzicale care acoper\u0103 at\u00e2t melodiile El Club de la Serpiente, c\u00e2t \u0219i muzica, \u00een principal francez\u0103, pe care scriitorul a ascultat-o \u00een timp ce \u00ee\u0219i scria <em>\u015eotron<\/em> \u00eentre 1953 \u015fi 1963, data public\u0103rii sale<\/p>\n<aside class=\"scaip scaip-1\">\n\t\t<\/aside>\n<p><h3 class=\"jp-relatedposts-headline\"><em>\u00cenrudit<\/em><\/h3>\n<\/p><\/div>\n<p><!-- .entry-content --><\/p>\n<p>\t<!-- .entry-footer --><\/p>\n<\/div>","protected":false},"excerpt":{"rendered":"<p>GETAFE\/8 OCT 13\/CULTURA_ Black Jazz este preludiul Getafe \u0219i anul acesta love\u0219te puternic. Concertele de\u2026 <\/p>","protected":false},"author":1,"featured_media":948,"comment_status":"open","ping_status":"open","sticky":false,"template":"","format":"standard","meta":{"fifu_image_url":"https:\/\/i0.wp.com\/noticiasparamunicipios.com\/wp-content\/uploads\/2021\/06\/Logo-para-Yoast-1.png?fit=800,298&ssl=1","fifu_image_alt":"","footnotes":""},"categories":[35],"tags":[],"class_list":["post-947","post","type-post","status-publish","format-standard","has-post-thumbnail","hentry","category-cultura-e-lazer","latest_post"],"yoast_head":"<!-- This site is optimized with the Yoast SEO plugin v27.3 - https:\/\/yoast.com\/product\/yoast-seo-wordpress\/ -->\n<title>GETAFE_ Amarelinha fecha o prel\u00fadio do Getafe Negro - Tirinha.com<\/title>\n<meta name=\"robots\" content=\"index, follow, max-snippet:-1, max-image-preview:large, max-video-preview:-1\" \/>\n<link rel=\"canonical\" href=\"https:\/\/tirinha.com\/ro\/947\/getafe_-amarelinha-inchide-preludiul-getafe-negro\/\" \/>\n<meta property=\"og:locale\" content=\"ro_RO\" \/>\n<meta property=\"og:type\" content=\"article\" \/>\n<meta property=\"og:title\" content=\"GETAFE_ Amarelinha fecha o prel\u00fadio do Getafe Negro - Tirinha.com\" \/>\n<meta property=\"og:description\" content=\"GETAFE\/8 OUT 13\/CULTURA_ O Black Jazz \u00e9 o prel\u00fadio do Getafe e este ano est\u00e1 batendo forte. Os concertos dos &hellip;\" \/>\n<meta property=\"og:url\" content=\"https:\/\/tirinha.com\/ro\/947\/getafe_-amarelinha-inchide-preludiul-getafe-negro\/\" \/>\n<meta property=\"og:site_name\" content=\"Tirinha.com\" \/>\n<meta property=\"article:published_time\" content=\"2023-04-03T21:16:22+00:00\" \/>\n<meta property=\"og:image\" content=\"https:\/\/i0.wp.com\/noticiasparamunicipios.com\/wp-content\/uploads\/2021\/06\/Logo-para-Yoast-1.png?fit=800,298&ssl=1\" \/>\n<meta name=\"author\" content=\"admin\" \/>\n<meta name=\"twitter:card\" content=\"summary_large_image\" \/>\n<meta name=\"twitter:image\" content=\"https:\/\/i0.wp.com\/noticiasparamunicipios.com\/wp-content\/uploads\/2021\/06\/Logo-para-Yoast-1.png?fit=800,298&ssl=1\" \/>\n<meta name=\"twitter:label1\" content=\"Scris de\" \/>\n\t<meta name=\"twitter:data1\" content=\"admin\" \/>\n\t<meta name=\"twitter:label2\" content=\"Timp estimat pentru citire\" \/>\n\t<meta name=\"twitter:data2\" content=\"1 minut\" \/>\n<script type=\"application\/ld+json\" class=\"yoast-schema-graph\">{\"@context\":\"https:\\\/\\\/schema.org\",\"@graph\":[{\"@type\":\"Article\",\"@id\":\"https:\\\/\\\/tirinha.com\\\/947\\\/getafe_-amarelinha-fecha-o-preludio-do-getafe-negro\\\/#article\",\"isPartOf\":{\"@id\":\"https:\\\/\\\/tirinha.com\\\/947\\\/getafe_-amarelinha-fecha-o-preludio-do-getafe-negro\\\/\"},\"author\":{\"name\":\"admin\",\"@id\":\"https:\\\/\\\/tirinha.com\\\/#\\\/schema\\\/person\\\/e22bdfbe17e0461f7e927e6a1208d4d9\"},\"headline\":\"GETAFE_ Amarelinha fecha o prel\u00fadio do Getafe Negro\",\"datePublished\":\"2023-04-03T21:16:22+00:00\",\"mainEntityOfPage\":{\"@id\":\"https:\\\/\\\/tirinha.com\\\/947\\\/getafe_-amarelinha-fecha-o-preludio-do-getafe-negro\\\/\"},\"wordCount\":131,\"commentCount\":0,\"publisher\":{\"@id\":\"https:\\\/\\\/tirinha.com\\\/#organization\"},\"image\":{\"@id\":\"https:\\\/\\\/tirinha.com\\\/947\\\/getafe_-amarelinha-fecha-o-preludio-do-getafe-negro\\\/#primaryimage\"},\"thumbnailUrl\":\"https:\\\/\\\/i0.wp.com\\\/noticiasparamunicipios.com\\\/wp-content\\\/uploads\\\/2021\\\/06\\\/Logo-para-Yoast-1.png?fit=800,298&ssl=1\",\"articleSection\":[\"Cultura e lazer\"],\"inLanguage\":\"ro-RO\",\"potentialAction\":[{\"@type\":\"CommentAction\",\"name\":\"Comment\",\"target\":[\"https:\\\/\\\/tirinha.com\\\/947\\\/getafe_-amarelinha-fecha-o-preludio-do-getafe-negro\\\/#respond\"]}]},{\"@type\":\"WebPage\",\"@id\":\"https:\\\/\\\/tirinha.com\\\/947\\\/getafe_-amarelinha-fecha-o-preludio-do-getafe-negro\\\/\",\"url\":\"https:\\\/\\\/tirinha.com\\\/947\\\/getafe_-amarelinha-fecha-o-preludio-do-getafe-negro\\\/\",\"name\":\"GETAFE_ Amarelinha fecha o prel\u00fadio do Getafe Negro - Tirinha.com\",\"isPartOf\":{\"@id\":\"https:\\\/\\\/tirinha.com\\\/#website\"},\"primaryImageOfPage\":{\"@id\":\"https:\\\/\\\/tirinha.com\\\/947\\\/getafe_-amarelinha-fecha-o-preludio-do-getafe-negro\\\/#primaryimage\"},\"image\":{\"@id\":\"https:\\\/\\\/tirinha.com\\\/947\\\/getafe_-amarelinha-fecha-o-preludio-do-getafe-negro\\\/#primaryimage\"},\"thumbnailUrl\":\"https:\\\/\\\/i0.wp.com\\\/noticiasparamunicipios.com\\\/wp-content\\\/uploads\\\/2021\\\/06\\\/Logo-para-Yoast-1.png?fit=800,298&ssl=1\",\"datePublished\":\"2023-04-03T21:16:22+00:00\",\"breadcrumb\":{\"@id\":\"https:\\\/\\\/tirinha.com\\\/947\\\/getafe_-amarelinha-fecha-o-preludio-do-getafe-negro\\\/#breadcrumb\"},\"inLanguage\":\"ro-RO\",\"potentialAction\":[{\"@type\":\"ReadAction\",\"target\":[\"https:\\\/\\\/tirinha.com\\\/947\\\/getafe_-amarelinha-fecha-o-preludio-do-getafe-negro\\\/\"]}]},{\"@type\":\"ImageObject\",\"inLanguage\":\"ro-RO\",\"@id\":\"https:\\\/\\\/tirinha.com\\\/947\\\/getafe_-amarelinha-fecha-o-preludio-do-getafe-negro\\\/#primaryimage\",\"url\":\"https:\\\/\\\/i0.wp.com\\\/noticiasparamunicipios.com\\\/wp-content\\\/uploads\\\/2021\\\/06\\\/Logo-para-Yoast-1.png?fit=800,298&ssl=1\",\"contentUrl\":\"https:\\\/\\\/i0.wp.com\\\/noticiasparamunicipios.com\\\/wp-content\\\/uploads\\\/2021\\\/06\\\/Logo-para-Yoast-1.png?fit=800,298&ssl=1\"},{\"@type\":\"BreadcrumbList\",\"@id\":\"https:\\\/\\\/tirinha.com\\\/947\\\/getafe_-amarelinha-fecha-o-preludio-do-getafe-negro\\\/#breadcrumb\",\"itemListElement\":[{\"@type\":\"ListItem\",\"position\":1,\"name\":\"Home\",\"item\":\"https:\\\/\\\/tirinha.com\\\/\"},{\"@type\":\"ListItem\",\"position\":2,\"name\":\"GETAFE_ Amarelinha fecha o prel\u00fadio do Getafe Negro\"}]},{\"@type\":\"WebSite\",\"@id\":\"https:\\\/\\\/tirinha.com\\\/#website\",\"url\":\"https:\\\/\\\/tirinha.com\\\/\",\"name\":\"Tirinha.com\",\"description\":\"Arte e livros resenhas\",\"publisher\":{\"@id\":\"https:\\\/\\\/tirinha.com\\\/#organization\"},\"potentialAction\":[{\"@type\":\"SearchAction\",\"target\":{\"@type\":\"EntryPoint\",\"urlTemplate\":\"https:\\\/\\\/tirinha.com\\\/?s={search_term_string}\"},\"query-input\":{\"@type\":\"PropertyValueSpecification\",\"valueRequired\":true,\"valueName\":\"search_term_string\"}}],\"inLanguage\":\"ro-RO\"},{\"@type\":\"Organization\",\"@id\":\"https:\\\/\\\/tirinha.com\\\/#organization\",\"name\":\"Tirinha.com\",\"url\":\"https:\\\/\\\/tirinha.com\\\/\",\"logo\":{\"@type\":\"ImageObject\",\"inLanguage\":\"ro-RO\",\"@id\":\"https:\\\/\\\/tirinha.com\\\/#\\\/schema\\\/logo\\\/image\\\/\",\"url\":\"https:\\\/\\\/tirinha.com\\\/wp-content\\\/uploads\\\/2023\\\/08\\\/cropped-Logo-Tirinha.webp\",\"contentUrl\":\"https:\\\/\\\/tirinha.com\\\/wp-content\\\/uploads\\\/2023\\\/08\\\/cropped-Logo-Tirinha.webp\",\"width\":512,\"height\":512,\"caption\":\"Tirinha.com\"},\"image\":{\"@id\":\"https:\\\/\\\/tirinha.com\\\/#\\\/schema\\\/logo\\\/image\\\/\"}},{\"@type\":\"Person\",\"@id\":\"https:\\\/\\\/tirinha.com\\\/#\\\/schema\\\/person\\\/e22bdfbe17e0461f7e927e6a1208d4d9\",\"name\":\"admin\",\"image\":{\"@type\":\"ImageObject\",\"inLanguage\":\"ro-RO\",\"@id\":\"https:\\\/\\\/tirinha.com\\\/wp-content\\\/litespeed\\\/avatar\\\/d0068f7931cc87d7274eb0c3db1deb4b.jpg?ver=1776829466\",\"url\":\"https:\\\/\\\/tirinha.com\\\/wp-content\\\/litespeed\\\/avatar\\\/d0068f7931cc87d7274eb0c3db1deb4b.jpg?ver=1776829466\",\"contentUrl\":\"https:\\\/\\\/tirinha.com\\\/wp-content\\\/litespeed\\\/avatar\\\/d0068f7931cc87d7274eb0c3db1deb4b.jpg?ver=1776829466\",\"caption\":\"admin\"},\"sameAs\":[\"https:\\\/\\\/tirinha.com\"],\"url\":\"https:\\\/\\\/tirinha.com\\\/ro\\\/author\\\/admin\\\/\"}]}<\/script>\n<!-- \/ Yoast SEO plugin. -->","yoast_head_json":{"title":"GETAFE_ Amarelinha \u00eenchide preludiul Getafe Negro - Tirinha.com","robots":{"index":"index","follow":"follow","max-snippet":"max-snippet:-1","max-image-preview":"max-image-preview:large","max-video-preview":"max-video-preview:-1"},"canonical":"https:\/\/tirinha.com\/ro\/947\/getafe_-amarelinha-inchide-preludiul-getafe-negro\/","og_locale":"ro_RO","og_type":"article","og_title":"GETAFE_ Amarelinha fecha o prel\u00fadio do Getafe Negro - Tirinha.com","og_description":"GETAFE\/8 OUT 13\/CULTURA_ O Black Jazz \u00e9 o prel\u00fadio do Getafe e este ano est\u00e1 batendo forte. Os concertos dos &hellip;","og_url":"https:\/\/tirinha.com\/ro\/947\/getafe_-amarelinha-inchide-preludiul-getafe-negro\/","og_site_name":"Tirinha.com","article_published_time":"2023-04-03T21:16:22+00:00","og_image":[{"url":"https:\/\/i0.wp.com\/noticiasparamunicipios.com\/wp-content\/uploads\/2021\/06\/Logo-para-Yoast-1.png?fit=800,298&ssl=1","type":"","width":"","height":""}],"author":"admin","twitter_card":"summary_large_image","twitter_image":"https:\/\/i0.wp.com\/noticiasparamunicipios.com\/wp-content\/uploads\/2021\/06\/Logo-para-Yoast-1.png?fit=800,298&ssl=1","twitter_misc":{"Scris de":"admin","Timp estimat pentru citire":"1 minut"},"schema":{"@context":"https:\/\/schema.org","@graph":[{"@type":"Article","@id":"https:\/\/tirinha.com\/947\/getafe_-amarelinha-fecha-o-preludio-do-getafe-negro\/#article","isPartOf":{"@id":"https:\/\/tirinha.com\/947\/getafe_-amarelinha-fecha-o-preludio-do-getafe-negro\/"},"author":{"name":"admin","@id":"https:\/\/tirinha.com\/#\/schema\/person\/e22bdfbe17e0461f7e927e6a1208d4d9"},"headline":"GETAFE_ Amarelinha fecha o prel\u00fadio do Getafe Negro","datePublished":"2023-04-03T21:16:22+00:00","mainEntityOfPage":{"@id":"https:\/\/tirinha.com\/947\/getafe_-amarelinha-fecha-o-preludio-do-getafe-negro\/"},"wordCount":131,"commentCount":0,"publisher":{"@id":"https:\/\/tirinha.com\/#organization"},"image":{"@id":"https:\/\/tirinha.com\/947\/getafe_-amarelinha-fecha-o-preludio-do-getafe-negro\/#primaryimage"},"thumbnailUrl":"https:\/\/i0.wp.com\/noticiasparamunicipios.com\/wp-content\/uploads\/2021\/06\/Logo-para-Yoast-1.png?fit=800,298&ssl=1","articleSection":["Cultura e lazer"],"inLanguage":"ro-RO","potentialAction":[{"@type":"CommentAction","name":"Comment","target":["https:\/\/tirinha.com\/947\/getafe_-amarelinha-fecha-o-preludio-do-getafe-negro\/#respond"]}]},{"@type":"WebPage","@id":"https:\/\/tirinha.com\/947\/getafe_-amarelinha-fecha-o-preludio-do-getafe-negro\/","url":"https:\/\/tirinha.com\/947\/getafe_-amarelinha-fecha-o-preludio-do-getafe-negro\/","name":"GETAFE_ Amarelinha \u00eenchide preludiul Getafe Negro - Tirinha.com","isPartOf":{"@id":"https:\/\/tirinha.com\/#website"},"primaryImageOfPage":{"@id":"https:\/\/tirinha.com\/947\/getafe_-amarelinha-fecha-o-preludio-do-getafe-negro\/#primaryimage"},"image":{"@id":"https:\/\/tirinha.com\/947\/getafe_-amarelinha-fecha-o-preludio-do-getafe-negro\/#primaryimage"},"thumbnailUrl":"https:\/\/i0.wp.com\/noticiasparamunicipios.com\/wp-content\/uploads\/2021\/06\/Logo-para-Yoast-1.png?fit=800,298&ssl=1","datePublished":"2023-04-03T21:16:22+00:00","breadcrumb":{"@id":"https:\/\/tirinha.com\/947\/getafe_-amarelinha-fecha-o-preludio-do-getafe-negro\/#breadcrumb"},"inLanguage":"ro-RO","potentialAction":[{"@type":"ReadAction","target":["https:\/\/tirinha.com\/947\/getafe_-amarelinha-fecha-o-preludio-do-getafe-negro\/"]}]},{"@type":"ImageObject","inLanguage":"ro-RO","@id":"https:\/\/tirinha.com\/947\/getafe_-amarelinha-fecha-o-preludio-do-getafe-negro\/#primaryimage","url":"https:\/\/i0.wp.com\/noticiasparamunicipios.com\/wp-content\/uploads\/2021\/06\/Logo-para-Yoast-1.png?fit=800,298&ssl=1","contentUrl":"https:\/\/i0.wp.com\/noticiasparamunicipios.com\/wp-content\/uploads\/2021\/06\/Logo-para-Yoast-1.png?fit=800,298&ssl=1"},{"@type":"BreadcrumbList","@id":"https:\/\/tirinha.com\/947\/getafe_-amarelinha-fecha-o-preludio-do-getafe-negro\/#breadcrumb","itemListElement":[{"@type":"ListItem","position":1,"name":"Home","item":"https:\/\/tirinha.com\/"},{"@type":"ListItem","position":2,"name":"GETAFE_ Amarelinha fecha o prel\u00fadio do Getafe Negro"}]},{"@type":"WebSite","@id":"https:\/\/tirinha.com\/#website","url":"https:\/\/tirinha.com\/","name":"Tirinha.com","description":"Recenzii de art\u0103 \u0219i c\u0103r\u021bi","publisher":{"@id":"https:\/\/tirinha.com\/#organization"},"potentialAction":[{"@type":"SearchAction","target":{"@type":"EntryPoint","urlTemplate":"https:\/\/tirinha.com\/?s={search_term_string}"},"query-input":{"@type":"PropertyValueSpecification","valueRequired":true,"valueName":"search_term_string"}}],"inLanguage":"ro-RO"},{"@type":"Organization","@id":"https:\/\/tirinha.com\/#organization","name":"Tirinha.com","url":"https:\/\/tirinha.com\/","logo":{"@type":"ImageObject","inLanguage":"ro-RO","@id":"https:\/\/tirinha.com\/#\/schema\/logo\/image\/","url":"https:\/\/tirinha.com\/wp-content\/uploads\/2023\/08\/cropped-Logo-Tirinha.webp","contentUrl":"https:\/\/tirinha.com\/wp-content\/uploads\/2023\/08\/cropped-Logo-Tirinha.webp","width":512,"height":512,"caption":"Tirinha.com"},"image":{"@id":"https:\/\/tirinha.com\/#\/schema\/logo\/image\/"}},{"@type":"Person","@id":"https:\/\/tirinha.com\/#\/schema\/person\/e22bdfbe17e0461f7e927e6a1208d4d9","name":"administrator","image":{"@type":"ImageObject","inLanguage":"ro-RO","@id":"https:\/\/tirinha.com\/wp-content\/litespeed\/avatar\/d0068f7931cc87d7274eb0c3db1deb4b.jpg?ver=1776829466","url":"https:\/\/tirinha.com\/wp-content\/litespeed\/avatar\/d0068f7931cc87d7274eb0c3db1deb4b.jpg?ver=1776829466","contentUrl":"https:\/\/tirinha.com\/wp-content\/litespeed\/avatar\/d0068f7931cc87d7274eb0c3db1deb4b.jpg?ver=1776829466","caption":"admin"},"sameAs":["https:\/\/tirinha.com"],"url":"https:\/\/tirinha.com\/ro\/author\/admin\/"}]}},"_links":{"self":[{"href":"https:\/\/tirinha.com\/ro\/wp-json\/wp\/v2\/posts\/947","targetHints":{"allow":["GET"]}}],"collection":[{"href":"https:\/\/tirinha.com\/ro\/wp-json\/wp\/v2\/posts"}],"about":[{"href":"https:\/\/tirinha.com\/ro\/wp-json\/wp\/v2\/types\/post"}],"author":[{"embeddable":true,"href":"https:\/\/tirinha.com\/ro\/wp-json\/wp\/v2\/users\/1"}],"replies":[{"embeddable":true,"href":"https:\/\/tirinha.com\/ro\/wp-json\/wp\/v2\/comments?post=947"}],"version-history":[{"count":0,"href":"https:\/\/tirinha.com\/ro\/wp-json\/wp\/v2\/posts\/947\/revisions"}],"wp:featuredmedia":[{"embeddable":true,"href":"https:\/\/tirinha.com\/ro\/wp-json\/wp\/v2\/media\/948"}],"wp:attachment":[{"href":"https:\/\/tirinha.com\/ro\/wp-json\/wp\/v2\/media?parent=947"}],"wp:term":[{"taxonomy":"category","embeddable":true,"href":"https:\/\/tirinha.com\/ro\/wp-json\/wp\/v2\/categories?post=947"},{"taxonomy":"post_tag","embeddable":true,"href":"https:\/\/tirinha.com\/ro\/wp-json\/wp\/v2\/tags?post=947"}],"curies":[{"name":"wp","href":"https:\/\/api.w.org\/{rel}","templated":true}]}}