{"id":609,"date":"2022-06-23T21:34:58","date_gmt":"2022-06-23T21:34:58","guid":{"rendered":"https:\/\/tirinha.com\/revisao-de-starr-muito-tempo-marc-ross-no-trabalho\/"},"modified":"2022-12-27T12:08:03","modified_gmt":"2022-12-27T12:08:03","slug":"marco-ross-a-petrecut-mult-timp-la-serviciu","status":"publish","type":"post","link":"https:\/\/tirinha.com\/ro\/609\/muito-tempo-marc-ross-no-trabalho\/","title":{"rendered":"Mult\u0103 vreme: Marc Ross la serviciu"},"content":{"rendered":"<div id=\"post-body-8552530608944071443\">\n<div dir=\"ltr\" style=\"text-align: left;\" trbidi=\"on\">\n<table cellpadding=\"0\" cellspacing=\"0\" class=\"tr-caption-container\" style=\"float: left; margin-right: 1em; text-align: left;\">\n<tbody>\n<tr>\n<td style=\"text-align: center;\"><img fetchpriority=\"high\" decoding=\"async\" border=\"0\" height=\"265\" src=\"http:\/\/2.bp.blogspot.com\/-ige99U1PXT0\/VeRvPyB9ngI\/AAAAAAAAHOM\/YqJAGAzXGLQ\/s400\/CCAC%2B1-1.jpg\" width=\"400\"\/><\/td>\n<\/tr>\n<tr>\n<td class=\"tr-caption\" style=\"text-align: center;\"><span style=\"font-family: Arial, Helvetica, sans-serif; font-size: xx-small;\">Mark Ross, <i>Nu este nevoie de explica\u021bie<\/i> instalat la Centrul Cultural de Arte, august 2015<\/span><\/td>\n<\/tr>\n<\/tbody>\n<\/table>\n<p><span style=\"font-family: Arial, Helvetica, sans-serif;\">Centrul Cultural de Arte Columbus ar\u0103ta ca interiorul unei cutii de bijuterii c\u00e2nd am vizitat expozi\u021bia de pictur\u0103 Marc Ross, care s-a \u00eenchis pe 29 august. Spa\u021biul a fost perfect pentru expunerea unor picturi luminoase, la scar\u0103 larg\u0103, dominate de culori unice. Fiecare avea loc pentru a respira \u0219i spa\u021biu pentru a str\u0103luci, pentru pictura lui Ross ambele, ca ni\u0219te organisme vii.<\/span><br \/>\n<span style=\"font-family: Arial, Helvetica, sans-serif;\"><br \/><\/span><br \/>\n<span style=\"font-family: Arial, Helvetica, sans-serif;\">Care este diferen\u021ba dintre ceva viu \u0219i ceva care nu este? Asta este o <i>Sesame Street<\/i> concept, nu-i a\u0219a, o distinc\u021bie fundamental\u0103 pe care o \u00eenv\u0103\u021b\u0103m \u00een primii ani? Picturile se \u00eencadreaz\u0103 \u00een categoria ne\u00eensufle\u021bite, \u00een ciuda metaforelor pe care orice scriitor de art\u0103 sau vizitator de galerie le-ar putea fabrica. <\/span><span style=\"font-family: Arial, Helvetica, sans-serif;\">Dar opera lui Marc Ross invit\u0103 la o reconsiderare serioas\u0103 a spa\u021biului dintre animat \u0219i inanimat \u00een art\u0103. <\/span><br \/>\n<span style=\"font-family: Arial, Helvetica, sans-serif;\"><br \/><\/span><\/p>\n<table align=\"center\" cellpadding=\"0\" cellspacing=\"0\" class=\"tr-caption-container\" style=\"margin-left: auto; margin-right: auto; text-align: center;\">\n<tbody>\n<tr>\n<td style=\"text-align: center;\"><img decoding=\"async\" border=\"0\" height=\"478\" src=\"http:\/\/1.bp.blogspot.com\/-GzTY4g7Rfdg\/VeWN_odpIbI\/AAAAAAAAHOs\/Cmfy2WEx-j0\/s640\/Memento%2B%25231%2B.jpg\" width=\"640\"\/><\/td>\n<\/tr>\n<tr>\n<td class=\"tr-caption\" style=\"text-align: center;\"><span style=\"font-family: Arial, Helvetica, sans-serif; font-size: xx-small;\">Mark Ross, <i>Memoria #1, <\/i>62 x 84.\u201d Creioane acrilice, pastel, colorate.<\/span><\/td>\n<\/tr>\n<\/tbody>\n<\/table>\n<p><span style=\"font-family: Arial, Helvetica, sans-serif;\">\u00cen conversa\u021bia despre galerie care a \u00eencheiat aceast\u0103 emisiune, <i>Nu este nevoie de explica\u021bii, <\/i>artistul mi-a m\u0103rturisit c\u0103 ur\u0103\u0219te s\u0103 \u021bin\u0103 prelegeri pentru c\u0103 are foarte pu\u021bine de spus. A fost scutit de nevoia de a vorbi, pun\u00e2nd \u00eentreb\u0103ri din partea publicului s\u0103u, ceea ce a dezv\u0103luit multe. <\/span><br \/>\n<span style=\"font-family: Arial, Helvetica, sans-serif;\"><br \/><\/span><\/p>\n<table cellpadding=\"0\" cellspacing=\"0\" class=\"tr-caption-container\" style=\"float: left; text-align: left;\">\n<tbody>\n<tr>\n<td style=\"text-align: center;\"><img decoding=\"async\" border=\"0\" height=\"212\" src=\"http:\/\/4.bp.blogspot.com\/-HBC66TCVdMM\/VeWSMYvtFVI\/AAAAAAAAHPI\/4ImOtbf998U\/s320\/Memento%2B%25231%2BDetail.jpg\" width=\"320\"\/><\/td>\n<\/tr>\n<tr>\n<td class=\"tr-caption\" style=\"text-align: center;\"><span style=\"font-size: xx-small;\"><span style=\"font-family: Arial, Helvetica, sans-serif;\">Mark Ross, <\/span><span style=\"font-family: Arial, Helvetica, sans-serif;\"><i>Memoria #1, <\/i>Detaliu<i>.<\/i><\/span><\/span><\/td>\n<\/tr>\n<\/tbody>\n<\/table>\n<p><span style=\"font-family: Arial, Helvetica, sans-serif;\">Cel mai important lucru pe care ni l-a spus Ross este c\u0103 fiecare dintre aceste lucr\u0103ri dureaz\u0103 mult p\u00e2n\u0103 la finalizare, iar finalizarea respectiv\u0103 este marcat\u0103 \u00eentr-un mod simplu \u0219i practic: Se face c\u00e2nd vede c\u0103 nu mai are nimic de ad\u0103ugat. <\/span><br \/>\n<span style=\"font-family: Arial, Helvetica, sans-serif;\"><br \/><\/span><br \/>\n<span style=\"font-family: Arial, Helvetica, sans-serif;\">La o inspec\u021bie atent\u0103, devine clar c\u00e2t de mult a f\u0103cut el pentru a crea lucr\u0103ri \u00een\u0219el\u0103tor de simple. \u00cen acest detaliu al <i>Memoria #1, <\/i>se vede varietatea infinit\u0103 a stria\u0163iilor verticale \u015fi superficiale. Observ\u0103m c\u0103 linia trasat\u0103 \u00een pictur\u0103 relev\u0103 c\u0103 culoarea suprafe\u021bei se afl\u0103 \u00een v\u00e2rful unei istorii profunde \u2013 o arheologie \u2013 a deciziilor, despre care \u0219tim doar c\u0103 Ross a schimbat culorile de multe ori. Numai el \u0219tie ce s-a mai \u00eent\u00e2mplat \u0219i ce a fost cur\u0103\u021bat de pe aceast\u0103 suprafa\u021b\u0103 de-a lungul lungului s\u0103u proces de a deveni ceea ce a decis c\u0103 va ajunge.<\/span><br \/>\n<span style=\"font-family: Arial, Helvetica, sans-serif;\"><br \/><\/span><br \/>\n<span style=\"font-family: Arial, Helvetica, sans-serif;\">Pentru Ross, importan\u021ba \u0219i pl\u0103cerea picturii este procesul. Are o garsonier\u0103 mare \u00een casa pe care o \u00eemparte cu so\u021bia sa. Dar chiar \u0219i asta este strict interzis atunci c\u00e2nd lucreaz\u0103, deoarece concentrarea lui este prea intens\u0103. <\/span><\/p>\n<table cellpadding=\"0\" cellspacing=\"0\" class=\"tr-caption-container\" style=\"float: right; text-align: right;\">\n<tbody>\n<tr>\n<td style=\"text-align: center;\"><img loading=\"lazy\" decoding=\"async\" border=\"0\" height=\"400\" src=\"http:\/\/1.bp.blogspot.com\/-MloGvcwZ7yM\/VeWN8NLU_aI\/AAAAAAAAHOo\/VN6YG4LWIJY\/s400\/Make%2BMe%2BThat%2BHappy%2B.jpg\" width=\"351\"\/><\/td>\n<\/tr>\n<tr>\n<td class=\"tr-caption\" style=\"text-align: center;\"><span style=\"font-family: Arial, Helvetica, sans-serif; font-size: xx-small;\">Mark Ross, <i>F\u0103-m\u0103 at\u00e2t de fericit, <\/i>68x60.\u201d<\/span><\/td>\n<\/tr>\n<\/tbody>\n<\/table>\n<p><span style=\"font-family: Arial, Helvetica, sans-serif;\"\/><br \/><span style=\"font-family: Arial, Helvetica, sans-serif;\"\/><br \/>\n<span style=\"font-family: Arial, Helvetica, sans-serif;\">Cu toate acestea, c\u00e2nd \u00eencearc\u0103 s\u0103 explice ceea ce el <i>el face <\/i>\u00een studio, nu ai gre\u0219i s\u0103 descrii procesul ca pe un joc. De\u0219i timpul lui este strict p\u0103zit, nu este tocmai concentrat \u2013 nu \u0219tie ce se va \u00eent\u00e2mpla \u0219i nu are nicio strategie. Procesul este s\u0103 vedem ce <i>pot eu <\/i>a se \u00eent\u00e2mpla; permite\u021bi-v\u0103 ca timpul, spa\u021biul \u0219i golul mental s\u0103 fie relaxa\u021bi \u0219i receptivi. <\/span><br \/>\n<span style=\"font-family: Arial, Helvetica, sans-serif;\"><br \/><\/span><br \/>\n<span style=\"font-family: Arial, Helvetica, sans-serif;\">Nu este aceasta starea unui copil, care poate oric\u00e2nd s\u0103 fac\u0103 ceva din nimic, gener\u00e2nd idei grozave la fel de u\u0219or ca o r\u00e2ndunica, a c\u0103rui imagina\u021bie este un organ la fel de vital ca pl\u0103m\u00e2nii s\u0103i? <\/span><br \/>\n<span style=\"font-family: Arial, Helvetica, sans-serif;\"><br \/><\/span><br \/>\n<span style=\"font-family: Arial, Helvetica, sans-serif;\">Ceea ce face acest artist este invizibil pentru noi pentru c\u0103 toate lunile pe care le petrece \u00een studio sunt eforturi care sunt pictate. Lucrarea dvs. este \u0219tears\u0103 \u00een mod constant \u0219i este permis\u0103 o singur\u0103 dat\u0103. Dac\u0103 lu\u0103m \u00een considerare opinia conform c\u0103reia corpurile noastre se \u00eenlocuiesc continuu pe m\u0103sur\u0103 ce celulele mor \u0219i se descompun, picturile lui Ross sunt corpuri care se re\u00eennoiesc de sine, dar f\u0103r\u0103 pierderi de material. \u00ce\u0219i acumuleaz\u0103 pove\u0219tile, devenind din ce \u00een ce mai grele \u0219i mai groase cu fiecare aplicare de material. <\/span><br \/>\n<span style=\"font-family: Arial, Helvetica, sans-serif;\"\/><br \/><span style=\"font-family: Arial, Helvetica, sans-serif;\"\/><\/p>\n<table cellpadding=\"0\" cellspacing=\"0\" class=\"tr-caption-container\" style=\"float: left; text-align: left;\">\n<tbody>\n<tr>\n<td style=\"text-align: center;\"><img loading=\"lazy\" decoding=\"async\" border=\"0\" height=\"320\" src=\"http:\/\/4.bp.blogspot.com\/-LHTOhTrqvl4\/VeWe7DF0wNI\/AAAAAAAAHPY\/YYPvwD9pj3U\/s320\/Make%2BMe%2BThat%2BHappy%2Bdetail.jpg\" width=\"212\"\/><\/td>\n<\/tr>\n<tr>\n<td class=\"tr-caption\" style=\"text-align: center;\"><span style=\"font-family: Arial, Helvetica, sans-serif; font-size: xx-small;\">Mark Ross, <i>F\u0103-m\u0103 at\u00e2t de fericit, <\/i>Detaliu <br \/>ar\u0103t\u00e2nd desenul de suprafa\u021b\u0103<\/span><\/td>\n<\/tr>\n<\/tbody>\n<\/table>\n<p><span style=\"font-family: Arial, Helvetica, sans-serif;\">Dup\u0103 cum ne imagin\u0103m adesea scopul artistic, \u00een timpul r\u0103pirii sale artistul se va concentra asupra subiectului sau pasiunii sale. Aceasta ar putea fi promovarea unui vis, rezolvarea unei angoase personale sau sprijinirea unei cauze sociale sau politice din lume. Suntem pu\u021bin descuraja\u021bi s\u0103-l auzim pe Ross spun\u00e2ndu-ne c\u0103 nu se g\u00e2nde\u0219te la nimic anume \u00een timp ce lucreaz\u0103.<\/span><br \/>\n<span style=\"font-family: Arial, Helvetica, sans-serif;\"><br \/><\/span><br \/>\n<span style=\"font-family: Arial, Helvetica, sans-serif;\">Ideea mea este c\u0103 nu exist\u0103 niciodat\u0103 vreo modalitate de a \u0219ti ce se \u00eent\u00e2mpl\u0103 \u00een mintea unui artist \u00een timp ce lucreaz\u0103. G\u00e2nduri \u201emari\u201d sau \u201eobi\u0219nuite\u201d? Cine ar trebui s\u0103 judece? La urma urmei, cui \u00eei pas\u0103? Ceea ce Ross a pus \u00een aceste picturi pe care le putem vedea \u0219i experimenta ca privitori este <i>Timp.<\/i> <\/span><br \/>\n<span style=\"font-family: Arial, Helvetica, sans-serif;\"><br \/><\/span><br \/>\n<span style=\"font-family: Arial, Helvetica, sans-serif;\">Marc Ross este un artist contemplativ, un tip de artist pentru care nu poate exista suficient respect. \u0218tiind c\u0103 vedem doar etapele finale ale muncii efectuate pe parcursul lunilor de zile ar trebui s\u0103 ne \u00eencetineasc\u0103 respira\u021bia \u0219i s\u0103 ne spun\u0103 s\u0103 facem o pauz\u0103 \u00eenainte de orice lucru. Un spectacol ca <i>Nu este nevoie de explica\u021bie<\/i> este, de fapt, o jen\u0103 de bog\u0103\u021bii \u2013 aproape prea mult \u2013 a\u0219a cum ne cheam\u0103 fiecare tablou \u0219i fiecare ar trebui s\u0103 cear\u0103 ore de contemplare.<\/span><br \/>\n<span style=\"font-family: Arial, Helvetica, sans-serif;\"><br \/><\/span><br \/>\n<span style=\"font-family: Arial, Helvetica, sans-serif;\">Suprafe\u021bele acestor lucr\u0103ri sunt pove\u0219ti despre ceea ce a tr\u0103it \u0219i a \u00eengropat artistul; sunt pove\u0219ti \u00eenscrise cu concluzii organizate \u2013 dac\u0103 nearticulate \u2013 bazate pe experien\u021b\u0103. Aceste rezultate, prezente la suprafa\u021b\u0103, \u00eel mul\u021bumesc pe artistul care crede c\u0103 nu are nevoie s\u0103 le explice \u0219i nici pe sine. S\u0103 le accept\u0103m pentru frumuse\u021bea, interesul, prostia sau sensul pe care le g\u0103sim sau le atribuim \u00een explorarea lor. Artistul nu spune ce este acolo; artistul nu ne spune ce a crezut: a\u0219a cum spune Ross, poate nici nu \u0219tie. Important este c\u0103 <i>Cheltuirea timpului este inerent\u0103 muncii, iar acum depinde de noi s\u0103 ne g\u00e2ndim.<\/i><\/span><\/p>\n<table cellpadding=\"0\" cellspacing=\"0\" class=\"tr-caption-container\" style=\"float: right; text-align: right;\">\n<tbody>\n<tr>\n<td style=\"text-align: center;\"><img loading=\"lazy\" decoding=\"async\" border=\"0\" height=\"640\" src=\"http:\/\/1.bp.blogspot.com\/-f1p4ORreC98\/VeWN0jpjy2I\/AAAAAAAAHOg\/vY9mHfypQ9A\/s640\/Epiphany%2B%2B.jpg\" width=\"430\"\/><\/td>\n<\/tr>\n<tr>\n<td class=\"tr-caption\" style=\"text-align: center;\"><span style=\"font-family: Arial, Helvetica, sans-serif; font-size: xx-small;\">Mark Ross, <i>Epifanie, <\/i>72 x 41\u2033, creioane acrilice, pastel, colorate.<\/span><\/td>\n<\/tr>\n<\/tbody>\n<\/table>\n<p>\n<span style=\"font-family: Arial, Helvetica, sans-serif;\">Aceste picturi sunt cufundate \u00een sutele de ore de studio pe care Ross le-a petrecut privind \u0219i interac\u021bion\u00e2nd cu aceste suprafe\u021be, lu\u00e2nd decizii strategice \u0219i spontane cu privire la ce ar putea face cu ele. Aceste decizii sunt excentrice din c\u00e2te \u0219tim sau ne pas\u0103: dac\u0103 urmeaz\u0103 proceduri academice, industriale sau de \u00eengrijire nu conteaz\u0103 ce vedem noi, dec\u00e2t \u00een m\u0103sura \u00een care vrea s\u0103 le dezv\u0103luie.<\/span><br \/>\n<span style=\"font-family: Arial, Helvetica, sans-serif;\"><br \/><\/span><br \/>\n<span style=\"font-family: Arial, Helvetica, sans-serif;\">Picturile lui Ross documenteaz\u0103 valoarea timpului petrecut cu sine; de a fi liber \u0219i de a alege con\u0219tientizarea fa\u021b\u0103 de uitare; de experimentare de rutin\u0103 (f\u0103r\u0103 rezultate promise) ca suficient\u0103 pentru a avea sens privat, indiferent dac\u0103 cosmosul o ofer\u0103 sau nu. Ei sugereaz\u0103 c\u0103 frumuse\u021bea poate s\u0103 apar\u0103 \u2013 \u0219i s\u0103 str\u0103luceasc\u0103 \u2013 din luni \u0219i luni de eforturi neinspirate, executate \u00een lini\u0219te. Vedem cum ordinea \u0219i viziunea se impun \u00een t\u0103cere asupra perioadelor r\u0103bd\u0103toare de \u00eencerc\u0103ri \u0219i teste f\u0103r\u0103 scopuri capitaliste. Consider\u0103m c\u0103 munca pentru propriile noastre scopuri \u0219i \u00een\u021belegere poate crea frumuse\u021be \u0219i satisfac\u021bie.<\/span><br \/>\n<span style=\"font-family: Arial, Helvetica, sans-serif;\"><br \/><\/span><br \/>\n<span style=\"font-family: Arial, Helvetica, sans-serif;\">Povestea timpului artistului, r\u0103bdarea \u0219i g\u00e2ndurile \u00eenscrise \u00een aceast\u0103 oper\u0103 de art\u0103 ne sunt prezentate \u00eentr-un mod foarte direct. Dac\u0103 ne angaj\u0103m s\u0103 ascult\u0103m \u0219i s\u0103 privim, comunicarea este la fel de imediat\u0103 ca \u0219i conversa\u021bia f\u0103r\u0103 vorbe mici - surprinz\u0103tor de familiar\u0103 \u0219i eliberatoare mental \u0219i fizic. Dac\u0103 petrecem pu\u021bin timp, ne va genera mai mult. Timpul petrecut observ\u00e2nd creeaz\u0103 \u00een observator mult mai mult dec\u00e2t este nevoie, aduc\u00e2ndu-ne timp \u0219i spa\u021biu \u0219i vederi uitate, dac\u0103 nu noi.<\/span><br \/>\n<span style=\"font-family: Arial, Helvetica, sans-serif;\"><br \/><\/span><br \/>\n<span style=\"font-family: Arial, Helvetica, sans-serif;\">Va produce creativitatea artistic\u0103 \u00eentotdeauna ceva nou, proasp\u0103t sau \u201e\u00eensemnat\u201d? Uneori, artistul ne ofer\u0103 ceva la fel de vechi precum p\u0103m\u00e2ntul \u0219i natura uman\u0103, amintindu-ne de nevoia noastr\u0103 de t\u0103cere, de vremuri de ner\u0103bdare, de \u00eentreb\u0103ri mari sau de contemplare a interiorului spre deosebire de peisajul social.<\/span><br \/>\n<span style=\"font-family: Arial, Helvetica, sans-serif;\"><br \/><\/span><br \/>\n<span style=\"font-family: Arial, Helvetica, sans-serif;\">Ross picteaz\u0103 \u00eentr-o ven\u0103 \u00eentreb\u0103toare care iese \u00een eviden\u021b\u0103 \u00eentr-o lume aglomerat\u0103, egoist\u0103. Munca lui lent\u0103 \u0219i lini\u0219tit\u0103 este plin\u0103 de via\u021b\u0103 \u0219i de conversa\u021bii profunde. Cu toate acestea <i>Nu este nevoie de explica\u021bie <\/i>este \u00eenchis, a\u0219tepta\u021bi-v\u0103 la mai multe lucr\u0103ri de la Ross \u00een urm\u0103toarele luni <\/span><span style=\"background-color: white; font-family: HelveticaNeue, 'Helvetica Neue', Helvetica, Arial, 'Lucida Grande', sans-serif;\">la filiala Chillicothe a Universit\u0103\u021bii Ohio, Galeria Bennett Hall (septembrie-octombrie); \u0218i \u00een <\/span><span style=\"background-color: white; font-family: HelveticaNeue, 'Helvetica Neue', Helvetica, Arial, 'Lucida Grande', sans-serif;\">\u201eExpozi\u021bie inaugural\u0103 a juriului\u201d la Galeria Riffe, din noiembrie 2015 p\u00e2n\u0103 \u00een 10 ianuarie 2016.<\/span><br \/>\n<span style=\"background-color: white; font-family: HelveticaNeue, 'Helvetica Neue', Helvetica, Arial, 'Lucida Grande', sans-serif; font-size: 16px;\"><br \/><\/span><br \/>\n<span style=\"font-family: Arial, Helvetica, sans-serif;\"\/><\/p>\n<table align=\"center\" cellpadding=\"0\" cellspacing=\"0\" class=\"tr-caption-container\" style=\"margin-left: auto; margin-right: auto; text-align: center;\">\n<tbody>\n<tr>\n<td style=\"text-align: center;\"><img loading=\"lazy\" decoding=\"async\" border=\"0\" height=\"265\" src=\"http:\/\/4.bp.blogspot.com\/-_KTlTMWGpPQ\/VeW96lFTETI\/AAAAAAAAHPo\/4nLTe7T1yt4\/s400\/CCAC%2B4.jpg\" width=\"400\"\/><\/td>\n<\/tr>\n<tr>\n<td class=\"tr-caption\" style=\"text-align: center;\"><span style=\"font-family: Arial, Helvetica, sans-serif; font-size: xx-small;\">Mark Ross, <i>Nu este nevoie de explica\u021bie <\/i>instalat la Centrul Cultural de Arte, vara 2015.<\/span><\/td>\n<\/tr>\n<\/tbody>\n<\/table>\n<p><span style=\"font-family: Arial, Helvetica, sans-serif; font-size: x-small;\">Fotografii prin amabilitatea lui Marc Ross<\/span><\/p>\n<\/div>\n<\/div>","protected":false},"excerpt":{"rendered":"<p>Marc Ross, Nu este nevoie de explica\u021bii instalat la Centrul de Arte Culturale, august 2015 Centrul de Arte Culturale Columbus ar\u0103ta... <\/p>","protected":false},"author":1,"featured_media":610,"comment_status":"open","ping_status":"open","sticky":false,"template":"","format":"standard","meta":{"fifu_image_url":"http:\/\/2.bp.blogspot.com\/-ige99U1PXT0\/VeRvPyB9ngI\/AAAAAAAAHOM\/YqJAGAzXGLQ\/w1200-h630-p-k-no-nu\/CCAC+1-1.jpg","fifu_image_alt":"","footnotes":""},"categories":[34],"tags":[],"class_list":["post-609","post","type-post","status-publish","format-standard","has-post-thumbnail","hentry","category-arte","latest_post"],"yoast_head":"<!-- This site is optimized with the Yoast SEO plugin v27.3 - https:\/\/yoast.com\/product\/yoast-seo-wordpress\/ -->\n<title>Muito tempo: Marc Ross no trabalho - Tirinha.com<\/title>\n<meta name=\"robots\" content=\"index, follow, max-snippet:-1, max-image-preview:large, max-video-preview:-1\" \/>\n<link rel=\"canonical\" href=\"https:\/\/tirinha.com\/ro\/609\/marco-ross-a-petrecut-mult-timp-la-serviciu\/\" \/>\n<meta property=\"og:locale\" content=\"ro_RO\" \/>\n<meta property=\"og:type\" content=\"article\" \/>\n<meta property=\"og:title\" content=\"Muito tempo: Marc Ross no trabalho - Tirinha.com\" \/>\n<meta property=\"og:description\" content=\"Marc Ross, Nenhuma explica\u00e7\u00e3o necess\u00e1ria instalado no Centro Cultural de Artes, agosto de 2015 O Columbus Cultural Arts Center parecia &hellip;\" \/>\n<meta property=\"og:url\" content=\"https:\/\/tirinha.com\/ro\/609\/marco-ross-a-petrecut-mult-timp-la-serviciu\/\" \/>\n<meta property=\"og:site_name\" content=\"Tirinha.com\" \/>\n<meta property=\"article:published_time\" content=\"2022-06-23T21:34:58+00:00\" \/>\n<meta property=\"article:modified_time\" content=\"2022-12-27T12:08:03+00:00\" \/>\n<meta property=\"og:image\" content=\"http:\/\/2.bp.blogspot.com\/-ige99U1PXT0\/VeRvPyB9ngI\/AAAAAAAAHOM\/YqJAGAzXGLQ\/w1200-h630-p-k-no-nu\/CCAC+1-1.jpg\" \/>\n<meta name=\"author\" content=\"admin\" \/>\n<meta name=\"twitter:card\" content=\"summary_large_image\" \/>\n<meta name=\"twitter:image\" content=\"http:\/\/2.bp.blogspot.com\/-ige99U1PXT0\/VeRvPyB9ngI\/AAAAAAAAHOM\/YqJAGAzXGLQ\/w1200-h630-p-k-no-nu\/CCAC+1-1.jpg\" \/>\n<meta name=\"twitter:label1\" content=\"Scris de\" \/>\n\t<meta name=\"twitter:data1\" content=\"admin\" \/>\n\t<meta name=\"twitter:label2\" content=\"Timp estimat pentru citire\" \/>\n\t<meta name=\"twitter:data2\" content=\"7 minute\" \/>\n<script type=\"application\/ld+json\" class=\"yoast-schema-graph\">{\"@context\":\"https:\\\/\\\/schema.org\",\"@graph\":[{\"@type\":\"Article\",\"@id\":\"https:\\\/\\\/tirinha.com\\\/609\\\/muito-tempo-marc-ross-no-trabalho\\\/#article\",\"isPartOf\":{\"@id\":\"https:\\\/\\\/tirinha.com\\\/609\\\/muito-tempo-marc-ross-no-trabalho\\\/\"},\"author\":{\"name\":\"admin\",\"@id\":\"https:\\\/\\\/tirinha.com\\\/#\\\/schema\\\/person\\\/e22bdfbe17e0461f7e927e6a1208d4d9\"},\"headline\":\"Muito tempo: Marc Ross no trabalho\",\"datePublished\":\"2022-06-23T21:34:58+00:00\",\"dateModified\":\"2022-12-27T12:08:03+00:00\",\"mainEntityOfPage\":{\"@id\":\"https:\\\/\\\/tirinha.com\\\/609\\\/muito-tempo-marc-ross-no-trabalho\\\/\"},\"wordCount\":1394,\"commentCount\":0,\"publisher\":{\"@id\":\"https:\\\/\\\/tirinha.com\\\/#organization\"},\"image\":{\"@id\":\"https:\\\/\\\/tirinha.com\\\/609\\\/muito-tempo-marc-ross-no-trabalho\\\/#primaryimage\"},\"thumbnailUrl\":\"http:\\\/\\\/2.bp.blogspot.com\\\/-ige99U1PXT0\\\/VeRvPyB9ngI\\\/AAAAAAAAHOM\\\/YqJAGAzXGLQ\\\/w1200-h630-p-k-no-nu\\\/CCAC+1-1.jpg\",\"articleSection\":[\"Arte\"],\"inLanguage\":\"ro-RO\",\"potentialAction\":[{\"@type\":\"CommentAction\",\"name\":\"Comment\",\"target\":[\"https:\\\/\\\/tirinha.com\\\/609\\\/muito-tempo-marc-ross-no-trabalho\\\/#respond\"]}]},{\"@type\":\"WebPage\",\"@id\":\"https:\\\/\\\/tirinha.com\\\/609\\\/muito-tempo-marc-ross-no-trabalho\\\/\",\"url\":\"https:\\\/\\\/tirinha.com\\\/609\\\/muito-tempo-marc-ross-no-trabalho\\\/\",\"name\":\"Muito tempo: Marc Ross no trabalho - Tirinha.com\",\"isPartOf\":{\"@id\":\"https:\\\/\\\/tirinha.com\\\/#website\"},\"primaryImageOfPage\":{\"@id\":\"https:\\\/\\\/tirinha.com\\\/609\\\/muito-tempo-marc-ross-no-trabalho\\\/#primaryimage\"},\"image\":{\"@id\":\"https:\\\/\\\/tirinha.com\\\/609\\\/muito-tempo-marc-ross-no-trabalho\\\/#primaryimage\"},\"thumbnailUrl\":\"http:\\\/\\\/2.bp.blogspot.com\\\/-ige99U1PXT0\\\/VeRvPyB9ngI\\\/AAAAAAAAHOM\\\/YqJAGAzXGLQ\\\/w1200-h630-p-k-no-nu\\\/CCAC+1-1.jpg\",\"datePublished\":\"2022-06-23T21:34:58+00:00\",\"dateModified\":\"2022-12-27T12:08:03+00:00\",\"breadcrumb\":{\"@id\":\"https:\\\/\\\/tirinha.com\\\/609\\\/muito-tempo-marc-ross-no-trabalho\\\/#breadcrumb\"},\"inLanguage\":\"ro-RO\",\"potentialAction\":[{\"@type\":\"ReadAction\",\"target\":[\"https:\\\/\\\/tirinha.com\\\/609\\\/muito-tempo-marc-ross-no-trabalho\\\/\"]}]},{\"@type\":\"ImageObject\",\"inLanguage\":\"ro-RO\",\"@id\":\"https:\\\/\\\/tirinha.com\\\/609\\\/muito-tempo-marc-ross-no-trabalho\\\/#primaryimage\",\"url\":\"http:\\\/\\\/2.bp.blogspot.com\\\/-ige99U1PXT0\\\/VeRvPyB9ngI\\\/AAAAAAAAHOM\\\/YqJAGAzXGLQ\\\/w1200-h630-p-k-no-nu\\\/CCAC+1-1.jpg\",\"contentUrl\":\"http:\\\/\\\/2.bp.blogspot.com\\\/-ige99U1PXT0\\\/VeRvPyB9ngI\\\/AAAAAAAAHOM\\\/YqJAGAzXGLQ\\\/w1200-h630-p-k-no-nu\\\/CCAC+1-1.jpg\"},{\"@type\":\"BreadcrumbList\",\"@id\":\"https:\\\/\\\/tirinha.com\\\/609\\\/muito-tempo-marc-ross-no-trabalho\\\/#breadcrumb\",\"itemListElement\":[{\"@type\":\"ListItem\",\"position\":1,\"name\":\"Home\",\"item\":\"https:\\\/\\\/tirinha.com\\\/\"},{\"@type\":\"ListItem\",\"position\":2,\"name\":\"Muito tempo: Marc Ross no trabalho\"}]},{\"@type\":\"WebSite\",\"@id\":\"https:\\\/\\\/tirinha.com\\\/#website\",\"url\":\"https:\\\/\\\/tirinha.com\\\/\",\"name\":\"Tirinha.com\",\"description\":\"Arte e livros resenhas\",\"publisher\":{\"@id\":\"https:\\\/\\\/tirinha.com\\\/#organization\"},\"potentialAction\":[{\"@type\":\"SearchAction\",\"target\":{\"@type\":\"EntryPoint\",\"urlTemplate\":\"https:\\\/\\\/tirinha.com\\\/?s={search_term_string}\"},\"query-input\":{\"@type\":\"PropertyValueSpecification\",\"valueRequired\":true,\"valueName\":\"search_term_string\"}}],\"inLanguage\":\"ro-RO\"},{\"@type\":\"Organization\",\"@id\":\"https:\\\/\\\/tirinha.com\\\/#organization\",\"name\":\"Tirinha.com\",\"url\":\"https:\\\/\\\/tirinha.com\\\/\",\"logo\":{\"@type\":\"ImageObject\",\"inLanguage\":\"ro-RO\",\"@id\":\"https:\\\/\\\/tirinha.com\\\/#\\\/schema\\\/logo\\\/image\\\/\",\"url\":\"https:\\\/\\\/tirinha.com\\\/wp-content\\\/uploads\\\/2023\\\/08\\\/cropped-Logo-Tirinha.webp\",\"contentUrl\":\"https:\\\/\\\/tirinha.com\\\/wp-content\\\/uploads\\\/2023\\\/08\\\/cropped-Logo-Tirinha.webp\",\"width\":512,\"height\":512,\"caption\":\"Tirinha.com\"},\"image\":{\"@id\":\"https:\\\/\\\/tirinha.com\\\/#\\\/schema\\\/logo\\\/image\\\/\"}},{\"@type\":\"Person\",\"@id\":\"https:\\\/\\\/tirinha.com\\\/#\\\/schema\\\/person\\\/e22bdfbe17e0461f7e927e6a1208d4d9\",\"name\":\"admin\",\"image\":{\"@type\":\"ImageObject\",\"inLanguage\":\"ro-RO\",\"@id\":\"https:\\\/\\\/tirinha.com\\\/wp-content\\\/litespeed\\\/avatar\\\/d0068f7931cc87d7274eb0c3db1deb4b.jpg?ver=1776829466\",\"url\":\"https:\\\/\\\/tirinha.com\\\/wp-content\\\/litespeed\\\/avatar\\\/d0068f7931cc87d7274eb0c3db1deb4b.jpg?ver=1776829466\",\"contentUrl\":\"https:\\\/\\\/tirinha.com\\\/wp-content\\\/litespeed\\\/avatar\\\/d0068f7931cc87d7274eb0c3db1deb4b.jpg?ver=1776829466\",\"caption\":\"admin\"},\"sameAs\":[\"https:\\\/\\\/tirinha.com\"],\"url\":\"https:\\\/\\\/tirinha.com\\\/ro\\\/author\\\/admin\\\/\"}]}<\/script>\n<!-- \/ Yoast SEO plugin. -->","yoast_head_json":{"title":"Mult timp: Marc Ross la serviciu - Comic Strip.com","robots":{"index":"index","follow":"follow","max-snippet":"max-snippet:-1","max-image-preview":"max-image-preview:large","max-video-preview":"max-video-preview:-1"},"canonical":"https:\/\/tirinha.com\/ro\/609\/marco-ross-a-petrecut-mult-timp-la-serviciu\/","og_locale":"ro_RO","og_type":"article","og_title":"Muito tempo: Marc Ross no trabalho - Tirinha.com","og_description":"Marc Ross, Nenhuma explica\u00e7\u00e3o necess\u00e1ria instalado no Centro Cultural de Artes, agosto de 2015 O Columbus Cultural Arts Center parecia &hellip;","og_url":"https:\/\/tirinha.com\/ro\/609\/marco-ross-a-petrecut-mult-timp-la-serviciu\/","og_site_name":"Tirinha.com","article_published_time":"2022-06-23T21:34:58+00:00","article_modified_time":"2022-12-27T12:08:03+00:00","og_image":[{"url":"http:\/\/2.bp.blogspot.com\/-ige99U1PXT0\/VeRvPyB9ngI\/AAAAAAAAHOM\/YqJAGAzXGLQ\/w1200-h630-p-k-no-nu\/CCAC+1-1.jpg","type":"","width":"","height":""}],"author":"admin","twitter_card":"summary_large_image","twitter_image":"http:\/\/2.bp.blogspot.com\/-ige99U1PXT0\/VeRvPyB9ngI\/AAAAAAAAHOM\/YqJAGAzXGLQ\/w1200-h630-p-k-no-nu\/CCAC+1-1.jpg","twitter_misc":{"Scris de":"admin","Timp estimat pentru citire":"7 minute"},"schema":{"@context":"https:\/\/schema.org","@graph":[{"@type":"Article","@id":"https:\/\/tirinha.com\/609\/muito-tempo-marc-ross-no-trabalho\/#article","isPartOf":{"@id":"https:\/\/tirinha.com\/609\/muito-tempo-marc-ross-no-trabalho\/"},"author":{"name":"admin","@id":"https:\/\/tirinha.com\/#\/schema\/person\/e22bdfbe17e0461f7e927e6a1208d4d9"},"headline":"Muito tempo: Marc Ross no trabalho","datePublished":"2022-06-23T21:34:58+00:00","dateModified":"2022-12-27T12:08:03+00:00","mainEntityOfPage":{"@id":"https:\/\/tirinha.com\/609\/muito-tempo-marc-ross-no-trabalho\/"},"wordCount":1394,"commentCount":0,"publisher":{"@id":"https:\/\/tirinha.com\/#organization"},"image":{"@id":"https:\/\/tirinha.com\/609\/muito-tempo-marc-ross-no-trabalho\/#primaryimage"},"thumbnailUrl":"http:\/\/2.bp.blogspot.com\/-ige99U1PXT0\/VeRvPyB9ngI\/AAAAAAAAHOM\/YqJAGAzXGLQ\/w1200-h630-p-k-no-nu\/CCAC+1-1.jpg","articleSection":["Arte"],"inLanguage":"ro-RO","potentialAction":[{"@type":"CommentAction","name":"Comment","target":["https:\/\/tirinha.com\/609\/muito-tempo-marc-ross-no-trabalho\/#respond"]}]},{"@type":"WebPage","@id":"https:\/\/tirinha.com\/609\/muito-tempo-marc-ross-no-trabalho\/","url":"https:\/\/tirinha.com\/609\/muito-tempo-marc-ross-no-trabalho\/","name":"Mult timp: Marc Ross la serviciu - Comic Strip.com","isPartOf":{"@id":"https:\/\/tirinha.com\/#website"},"primaryImageOfPage":{"@id":"https:\/\/tirinha.com\/609\/muito-tempo-marc-ross-no-trabalho\/#primaryimage"},"image":{"@id":"https:\/\/tirinha.com\/609\/muito-tempo-marc-ross-no-trabalho\/#primaryimage"},"thumbnailUrl":"http:\/\/2.bp.blogspot.com\/-ige99U1PXT0\/VeRvPyB9ngI\/AAAAAAAAHOM\/YqJAGAzXGLQ\/w1200-h630-p-k-no-nu\/CCAC+1-1.jpg","datePublished":"2022-06-23T21:34:58+00:00","dateModified":"2022-12-27T12:08:03+00:00","breadcrumb":{"@id":"https:\/\/tirinha.com\/609\/muito-tempo-marc-ross-no-trabalho\/#breadcrumb"},"inLanguage":"ro-RO","potentialAction":[{"@type":"ReadAction","target":["https:\/\/tirinha.com\/609\/muito-tempo-marc-ross-no-trabalho\/"]}]},{"@type":"ImageObject","inLanguage":"ro-RO","@id":"https:\/\/tirinha.com\/609\/muito-tempo-marc-ross-no-trabalho\/#primaryimage","url":"http:\/\/2.bp.blogspot.com\/-ige99U1PXT0\/VeRvPyB9ngI\/AAAAAAAAHOM\/YqJAGAzXGLQ\/w1200-h630-p-k-no-nu\/CCAC+1-1.jpg","contentUrl":"http:\/\/2.bp.blogspot.com\/-ige99U1PXT0\/VeRvPyB9ngI\/AAAAAAAAHOM\/YqJAGAzXGLQ\/w1200-h630-p-k-no-nu\/CCAC+1-1.jpg"},{"@type":"BreadcrumbList","@id":"https:\/\/tirinha.com\/609\/muito-tempo-marc-ross-no-trabalho\/#breadcrumb","itemListElement":[{"@type":"ListItem","position":1,"name":"Home","item":"https:\/\/tirinha.com\/"},{"@type":"ListItem","position":2,"name":"Muito tempo: Marc Ross no trabalho"}]},{"@type":"WebSite","@id":"https:\/\/tirinha.com\/#website","url":"https:\/\/tirinha.com\/","name":"Tirinha.com","description":"Recenzii de art\u0103 \u0219i c\u0103r\u021bi","publisher":{"@id":"https:\/\/tirinha.com\/#organization"},"potentialAction":[{"@type":"SearchAction","target":{"@type":"EntryPoint","urlTemplate":"https:\/\/tirinha.com\/?s={search_term_string}"},"query-input":{"@type":"PropertyValueSpecification","valueRequired":true,"valueName":"search_term_string"}}],"inLanguage":"ro-RO"},{"@type":"Organization","@id":"https:\/\/tirinha.com\/#organization","name":"Tirinha.com","url":"https:\/\/tirinha.com\/","logo":{"@type":"ImageObject","inLanguage":"ro-RO","@id":"https:\/\/tirinha.com\/#\/schema\/logo\/image\/","url":"https:\/\/tirinha.com\/wp-content\/uploads\/2023\/08\/cropped-Logo-Tirinha.webp","contentUrl":"https:\/\/tirinha.com\/wp-content\/uploads\/2023\/08\/cropped-Logo-Tirinha.webp","width":512,"height":512,"caption":"Tirinha.com"},"image":{"@id":"https:\/\/tirinha.com\/#\/schema\/logo\/image\/"}},{"@type":"Person","@id":"https:\/\/tirinha.com\/#\/schema\/person\/e22bdfbe17e0461f7e927e6a1208d4d9","name":"administrator","image":{"@type":"ImageObject","inLanguage":"ro-RO","@id":"https:\/\/tirinha.com\/wp-content\/litespeed\/avatar\/d0068f7931cc87d7274eb0c3db1deb4b.jpg?ver=1776829466","url":"https:\/\/tirinha.com\/wp-content\/litespeed\/avatar\/d0068f7931cc87d7274eb0c3db1deb4b.jpg?ver=1776829466","contentUrl":"https:\/\/tirinha.com\/wp-content\/litespeed\/avatar\/d0068f7931cc87d7274eb0c3db1deb4b.jpg?ver=1776829466","caption":"admin"},"sameAs":["https:\/\/tirinha.com"],"url":"https:\/\/tirinha.com\/ro\/author\/admin\/"}]}},"_links":{"self":[{"href":"https:\/\/tirinha.com\/ro\/wp-json\/wp\/v2\/posts\/609","targetHints":{"allow":["GET"]}}],"collection":[{"href":"https:\/\/tirinha.com\/ro\/wp-json\/wp\/v2\/posts"}],"about":[{"href":"https:\/\/tirinha.com\/ro\/wp-json\/wp\/v2\/types\/post"}],"author":[{"embeddable":true,"href":"https:\/\/tirinha.com\/ro\/wp-json\/wp\/v2\/users\/1"}],"replies":[{"embeddable":true,"href":"https:\/\/tirinha.com\/ro\/wp-json\/wp\/v2\/comments?post=609"}],"version-history":[{"count":0,"href":"https:\/\/tirinha.com\/ro\/wp-json\/wp\/v2\/posts\/609\/revisions"}],"wp:featuredmedia":[{"embeddable":true,"href":"https:\/\/tirinha.com\/ro\/wp-json\/wp\/v2\/media\/610"}],"wp:attachment":[{"href":"https:\/\/tirinha.com\/ro\/wp-json\/wp\/v2\/media?parent=609"}],"wp:term":[{"taxonomy":"category","embeddable":true,"href":"https:\/\/tirinha.com\/ro\/wp-json\/wp\/v2\/categories?post=609"},{"taxonomy":"post_tag","embeddable":true,"href":"https:\/\/tirinha.com\/ro\/wp-json\/wp\/v2\/tags?post=609"}],"curies":[{"name":"wp","href":"https:\/\/api.w.org\/{rel}","templated":true}]}}