{"id":1130,"date":"2023-04-12T17:17:33","date_gmt":"2023-04-12T17:17:33","guid":{"rendered":"https:\/\/tirinha.com\/el-silencio-com-aron-piper-e-manu-rios-na-netflix-em-19-de-maio\/"},"modified":"2023-04-12T17:17:33","modified_gmt":"2023-04-12T17:17:33","slug":"tacerea-cu-aron-piper-si-manu-rios-pe-netflix-pe-19-mai","status":"publish","type":"post","link":"https:\/\/tirinha.com\/ro\/1130\/el-silencio-com-aron-piper-e-manu-rios-na-netflix-em-19-de-maio\/","title":{"rendered":"\u201eEl Silencio\u201d cu Ar\u00f3n Piper \u0219i Manu R\u00edos pe Netflix pe 19 mai"},"content":{"rendered":"<p><\/p>\n<div data-td-block-uid=\"tdi_70\">\n<div class=\"tdb-block-inner td-fix-index\">\n<h2>Miniserie creat\u0103 de Aitor Gabilondo cu actorii de elit\u0103 Ar\u00f3n Piper \u0219i Manu R\u00edos<\/h2>\n<p><strong>Netflix a dezv\u0103luit ast\u0103zi trailerul \u0219i posterul oficial pentru <em>T\u0103cerea<\/em>un thriller psihologic tulbur\u0103tor creat de Aitor Gabilondo \u0219i cu Ar\u00f3n Piper \u00een rol principal, care va fi lansat la nivel global, doar pe Netflix, pe 19 mai.<\/strong><\/p>\n<p>\u00cen cuvintele lui <strong>Aitor Gabilondo<\/strong>, creatorul \u0219i produc\u0103torul miniseriei: \u201eSergio Ciscar (Ar\u00f3n Piper) reu\u0219e\u0219te s\u0103-i domine pe anchetatori f\u0103r\u0103 s\u0103 vorbeasc\u0103 \u0219i f\u0103r\u0103 s\u0103 \u0219tie m\u0103car c\u0103 \u00eel urm\u0103resc. Ei sunt cei care, \u00eencerc\u00e2nd s\u0103 descifreze fiecare dintre gesturile tale, ajung s\u0103 cad\u0103 \u00een propria lor capcan\u0103 \u0219i s\u0103 vad\u0103 ce vor s\u0103 vad\u0103. <strong>Cine este prada atunci?<\/strong> Cel de pe ecran sau cine \u00eel urm\u0103re\u0219te?<\/p>\n<p><span class=\"embed-youtube\" style=\"text-align:center; display: block;\"><iframe title=\"T\u0103cerea (EN ESPA\u00d1OL) | Trailer oficial | Netflix\" width=\"790\" height=\"444\" src=\"https:\/\/www.youtube.com\/embed\/QlnQ5O69_LA?feature=oembed\" frameborder=\"0\" allow=\"accelerometer; autoplay; clipboard-write; encrypted-media; gyroscope; picture-in-picture; web-share\" allowfullscreen><\/iframe><\/span><\/p>\n<p><em><strong>T\u0103cerea<\/strong><\/em>  spune povestea lui <strong>Sergio Ciscar (Aron Piper)<\/strong>, care este eliberat la \u0219ase ani dup\u0103 ce \u0219i-a ucis p\u0103rin\u021bii, c\u00e2nd era \u00eenc\u0103 minor. \u00cen acest timp, Sergio nu a rostit nici m\u0103car un cuv\u00e2nt \u0219i nu a cooperat cu justi\u021bia, a\u0219a c\u0103 at\u00e2t motiva\u021biile crimei, c\u00e2t \u0219i inten\u021biile sale actuale sunt un mister. <strong>Ana Dussel<\/strong> (Almudena Amor), un t\u00e2n\u0103r psihiatru \u0219i echipa ei vor fi \u00eens\u0103rcina\u021bi cu determinarea poten\u021bialului pericol pentru societate. <strong>privindu-l \u00een secret zi \u0219i noapte, ca un animal<\/strong>.<\/p>\n<p><strong>Alea media<\/strong> produce aceast\u0103 miniserie pentru Netflix cu rolul principal <strong>aron piper<\/strong> (<em>Mizeria pe care o la\u0219i, Elite)<\/em>,<strong> Iube\u0219te-l pe Almudena<\/strong> (<em>Standardul bun, Pove\u0219ti care s\u0103 te \u00eempiedice s\u0103 dormi<\/em>), <strong>Cristina Kovani<\/strong> (<em>V\u00e2n\u0103toarea<\/em>), <strong>Manu Rios<\/strong> (<em>Elita, Epoca m\u00e2niei<\/em>), <strong>Aitor Luna<\/strong> (<em>Mo\u0219tenitoarea p\u0103m\u00e2ntului, Valeria<\/em>),<strong> Ramiro Blas<\/strong> (<em>Internatul: Domurile<\/em>), <strong>Aria Bedmar<\/strong> (<em>Mo\u0219tenitorii p\u0103m\u00e2ntului, spune\u021bi-mi cine sunt<\/em>) \u0219i <strong>Mikel Losada<\/strong> (<em>Ana, Garcia \u0219i Garcia)<\/em>intre ceilalti.<\/p>\n<div class=\"sharedaddy sd-block sd-like jetpack-likes-widget-wrapper jetpack-likes-widget-unloaded\" id=\"like-post-wrapper-153844979-85695-6436e7acbb01c\" data-src=\"https:\/\/widgets.wp.com\/likes\/#blog_id=153844979&amp;post_id=85695&amp;origin=elgeneracionalpost.com&amp;obj_id=153844979-85695-6436e7acbb01c\" data-name=\"like-post-frame-153844979-85695-6436e7acbb01c\" data-title=\"Me gusta o Compartir\">\n<h3 class=\"sd-title\">\u00cemi place asta:<\/h3>\n<p><span class=\"button\"><span>imi place<\/span><\/span> <span class=\"loading\">\u00cenc\u0103rcare\u2026<\/span><\/p>\n<p><span class=\"sd-text-color\"\/><\/div>\n<p><h3 class=\"jp-relatedposts-headline\"><em>\u00cenrudit<\/em><\/h3>\n<\/p>\n<\/div>\n<\/div>","protected":false},"excerpt":{"rendered":"<p>Miniseria creat\u0103 de Aitor Gabilondo cu actorii de elit\u0103 Ar\u00f3n Piper \u0219i Manu R\u00edos Netflix a dezv\u0103luit ast\u0103zi... <\/p>","protected":false},"author":1,"featured_media":1132,"comment_status":"open","ping_status":"open","sticky":false,"template":"","format":"standard","meta":{"fifu_image_url":"https:\/\/elgeneracionalpost.com\/wp-content\/uploads\/2023\/04\/0500_EL_SILENCIO_STILL_LANDER_MGL2539-1024x576.jpg","fifu_image_alt":"","footnotes":""},"categories":[35],"tags":[],"class_list":["post-1130","post","type-post","status-publish","format-standard","has-post-thumbnail","hentry","category-cultura-e-lazer","latest_post"],"yoast_head":"<!-- This site is optimized with the Yoast SEO plugin v27.3 - https:\/\/yoast.com\/product\/yoast-seo-wordpress\/ -->\n<title>&#039;El Silencio&#039; com Ar\u00f3n Piper e Manu R\u00edos na Netflix em 19 de maio - Tirinha.com<\/title>\n<meta name=\"robots\" content=\"index, follow, max-snippet:-1, max-image-preview:large, max-video-preview:-1\" \/>\n<link rel=\"canonical\" href=\"https:\/\/tirinha.com\/ro\/1130\/tacerea-cu-aron-piper-si-manu-rios-pe-netflix-pe-19-mai\/\" \/>\n<meta property=\"og:locale\" content=\"ro_RO\" \/>\n<meta property=\"og:type\" content=\"article\" \/>\n<meta property=\"og:title\" content=\"&#039;El Silencio&#039; com Ar\u00f3n Piper e Manu R\u00edos na Netflix em 19 de maio - Tirinha.com\" \/>\n<meta property=\"og:description\" content=\"Miniss\u00e9rie criada por Aitor Gabilondo protagonizada pelos atores de Elite, Ar\u00f3n Piper e Manu R\u00edos A Netflix revelou hoje o &hellip;\" \/>\n<meta property=\"og:url\" content=\"https:\/\/tirinha.com\/ro\/1130\/tacerea-cu-aron-piper-si-manu-rios-pe-netflix-pe-19-mai\/\" \/>\n<meta property=\"og:site_name\" content=\"Tirinha.com\" \/>\n<meta property=\"article:published_time\" content=\"2023-04-12T17:17:33+00:00\" \/>\n<meta property=\"og:image\" content=\"https:\/\/elgeneracionalpost.com\/wp-content\/uploads\/2023\/04\/0500_EL_SILENCIO_STILL_LANDER_MGL2539-1024x576.jpg\" \/>\n<meta name=\"author\" content=\"admin\" \/>\n<meta name=\"twitter:card\" content=\"summary_large_image\" \/>\n<meta name=\"twitter:image\" content=\"https:\/\/elgeneracionalpost.com\/wp-content\/uploads\/2023\/04\/0500_EL_SILENCIO_STILL_LANDER_MGL2539-1024x576.jpg\" \/>\n<meta name=\"twitter:label1\" content=\"Scris de\" \/>\n\t<meta name=\"twitter:data1\" content=\"admin\" \/>\n\t<meta name=\"twitter:label2\" content=\"Timp estimat pentru citire\" \/>\n\t<meta name=\"twitter:data2\" content=\"2 minute\" \/>\n<script type=\"application\/ld+json\" class=\"yoast-schema-graph\">{\"@context\":\"https:\\\/\\\/schema.org\",\"@graph\":[{\"@type\":\"Article\",\"@id\":\"https:\\\/\\\/tirinha.com\\\/1130\\\/el-silencio-com-aron-piper-e-manu-rios-na-netflix-em-19-de-maio\\\/#article\",\"isPartOf\":{\"@id\":\"https:\\\/\\\/tirinha.com\\\/1130\\\/el-silencio-com-aron-piper-e-manu-rios-na-netflix-em-19-de-maio\\\/\"},\"author\":{\"name\":\"admin\",\"@id\":\"https:\\\/\\\/tirinha.com\\\/#\\\/schema\\\/person\\\/e22bdfbe17e0461f7e927e6a1208d4d9\"},\"headline\":\"&#8216;El Silencio&#8217; com Ar\u00f3n Piper e Manu R\u00edos na Netflix em 19 de maio\",\"datePublished\":\"2023-04-12T17:17:33+00:00\",\"mainEntityOfPage\":{\"@id\":\"https:\\\/\\\/tirinha.com\\\/1130\\\/el-silencio-com-aron-piper-e-manu-rios-na-netflix-em-19-de-maio\\\/\"},\"wordCount\":326,\"commentCount\":0,\"publisher\":{\"@id\":\"https:\\\/\\\/tirinha.com\\\/#organization\"},\"image\":{\"@id\":\"https:\\\/\\\/tirinha.com\\\/1130\\\/el-silencio-com-aron-piper-e-manu-rios-na-netflix-em-19-de-maio\\\/#primaryimage\"},\"thumbnailUrl\":\"https:\\\/\\\/elgeneracionalpost.com\\\/wp-content\\\/uploads\\\/2023\\\/04\\\/0500_EL_SILENCIO_STILL_LANDER_MGL2539-1024x576.jpg\",\"articleSection\":[\"Cultura e lazer\"],\"inLanguage\":\"ro-RO\",\"potentialAction\":[{\"@type\":\"CommentAction\",\"name\":\"Comment\",\"target\":[\"https:\\\/\\\/tirinha.com\\\/1130\\\/el-silencio-com-aron-piper-e-manu-rios-na-netflix-em-19-de-maio\\\/#respond\"]}]},{\"@type\":\"WebPage\",\"@id\":\"https:\\\/\\\/tirinha.com\\\/1130\\\/el-silencio-com-aron-piper-e-manu-rios-na-netflix-em-19-de-maio\\\/\",\"url\":\"https:\\\/\\\/tirinha.com\\\/1130\\\/el-silencio-com-aron-piper-e-manu-rios-na-netflix-em-19-de-maio\\\/\",\"name\":\"'El Silencio' com Ar\u00f3n Piper e Manu R\u00edos na Netflix em 19 de maio - Tirinha.com\",\"isPartOf\":{\"@id\":\"https:\\\/\\\/tirinha.com\\\/#website\"},\"primaryImageOfPage\":{\"@id\":\"https:\\\/\\\/tirinha.com\\\/1130\\\/el-silencio-com-aron-piper-e-manu-rios-na-netflix-em-19-de-maio\\\/#primaryimage\"},\"image\":{\"@id\":\"https:\\\/\\\/tirinha.com\\\/1130\\\/el-silencio-com-aron-piper-e-manu-rios-na-netflix-em-19-de-maio\\\/#primaryimage\"},\"thumbnailUrl\":\"https:\\\/\\\/elgeneracionalpost.com\\\/wp-content\\\/uploads\\\/2023\\\/04\\\/0500_EL_SILENCIO_STILL_LANDER_MGL2539-1024x576.jpg\",\"datePublished\":\"2023-04-12T17:17:33+00:00\",\"breadcrumb\":{\"@id\":\"https:\\\/\\\/tirinha.com\\\/1130\\\/el-silencio-com-aron-piper-e-manu-rios-na-netflix-em-19-de-maio\\\/#breadcrumb\"},\"inLanguage\":\"ro-RO\",\"potentialAction\":[{\"@type\":\"ReadAction\",\"target\":[\"https:\\\/\\\/tirinha.com\\\/1130\\\/el-silencio-com-aron-piper-e-manu-rios-na-netflix-em-19-de-maio\\\/\"]}]},{\"@type\":\"ImageObject\",\"inLanguage\":\"ro-RO\",\"@id\":\"https:\\\/\\\/tirinha.com\\\/1130\\\/el-silencio-com-aron-piper-e-manu-rios-na-netflix-em-19-de-maio\\\/#primaryimage\",\"url\":\"https:\\\/\\\/elgeneracionalpost.com\\\/wp-content\\\/uploads\\\/2023\\\/04\\\/0500_EL_SILENCIO_STILL_LANDER_MGL2539-1024x576.jpg\",\"contentUrl\":\"https:\\\/\\\/elgeneracionalpost.com\\\/wp-content\\\/uploads\\\/2023\\\/04\\\/0500_EL_SILENCIO_STILL_LANDER_MGL2539-1024x576.jpg\"},{\"@type\":\"BreadcrumbList\",\"@id\":\"https:\\\/\\\/tirinha.com\\\/1130\\\/el-silencio-com-aron-piper-e-manu-rios-na-netflix-em-19-de-maio\\\/#breadcrumb\",\"itemListElement\":[{\"@type\":\"ListItem\",\"position\":1,\"name\":\"Home\",\"item\":\"https:\\\/\\\/tirinha.com\\\/\"},{\"@type\":\"ListItem\",\"position\":2,\"name\":\"&#8216;El Silencio&#8217; com Ar\u00f3n Piper e Manu R\u00edos na Netflix em 19 de maio\"}]},{\"@type\":\"WebSite\",\"@id\":\"https:\\\/\\\/tirinha.com\\\/#website\",\"url\":\"https:\\\/\\\/tirinha.com\\\/\",\"name\":\"Tirinha.com\",\"description\":\"Arte e livros resenhas\",\"publisher\":{\"@id\":\"https:\\\/\\\/tirinha.com\\\/#organization\"},\"potentialAction\":[{\"@type\":\"SearchAction\",\"target\":{\"@type\":\"EntryPoint\",\"urlTemplate\":\"https:\\\/\\\/tirinha.com\\\/?s={search_term_string}\"},\"query-input\":{\"@type\":\"PropertyValueSpecification\",\"valueRequired\":true,\"valueName\":\"search_term_string\"}}],\"inLanguage\":\"ro-RO\"},{\"@type\":\"Organization\",\"@id\":\"https:\\\/\\\/tirinha.com\\\/#organization\",\"name\":\"Tirinha.com\",\"url\":\"https:\\\/\\\/tirinha.com\\\/\",\"logo\":{\"@type\":\"ImageObject\",\"inLanguage\":\"ro-RO\",\"@id\":\"https:\\\/\\\/tirinha.com\\\/#\\\/schema\\\/logo\\\/image\\\/\",\"url\":\"https:\\\/\\\/tirinha.com\\\/wp-content\\\/uploads\\\/2023\\\/08\\\/cropped-Logo-Tirinha.webp\",\"contentUrl\":\"https:\\\/\\\/tirinha.com\\\/wp-content\\\/uploads\\\/2023\\\/08\\\/cropped-Logo-Tirinha.webp\",\"width\":512,\"height\":512,\"caption\":\"Tirinha.com\"},\"image\":{\"@id\":\"https:\\\/\\\/tirinha.com\\\/#\\\/schema\\\/logo\\\/image\\\/\"}},{\"@type\":\"Person\",\"@id\":\"https:\\\/\\\/tirinha.com\\\/#\\\/schema\\\/person\\\/e22bdfbe17e0461f7e927e6a1208d4d9\",\"name\":\"admin\",\"image\":{\"@type\":\"ImageObject\",\"inLanguage\":\"ro-RO\",\"@id\":\"https:\\\/\\\/tirinha.com\\\/wp-content\\\/litespeed\\\/avatar\\\/d0068f7931cc87d7274eb0c3db1deb4b.jpg?ver=1776829466\",\"url\":\"https:\\\/\\\/tirinha.com\\\/wp-content\\\/litespeed\\\/avatar\\\/d0068f7931cc87d7274eb0c3db1deb4b.jpg?ver=1776829466\",\"contentUrl\":\"https:\\\/\\\/tirinha.com\\\/wp-content\\\/litespeed\\\/avatar\\\/d0068f7931cc87d7274eb0c3db1deb4b.jpg?ver=1776829466\",\"caption\":\"admin\"},\"sameAs\":[\"https:\\\/\\\/tirinha.com\"],\"url\":\"https:\\\/\\\/tirinha.com\\\/ro\\\/author\\\/admin\\\/\"}]}<\/script>\n<!-- \/ Yoast SEO plugin. -->","yoast_head_json":{"title":"'El Silencio' cu Ar\u00f3n Piper \u0219i Manu R\u00edos pe Netflix pe 19 mai - Tirinha.com","robots":{"index":"index","follow":"follow","max-snippet":"max-snippet:-1","max-image-preview":"max-image-preview:large","max-video-preview":"max-video-preview:-1"},"canonical":"https:\/\/tirinha.com\/ro\/1130\/tacerea-cu-aron-piper-si-manu-rios-pe-netflix-pe-19-mai\/","og_locale":"ro_RO","og_type":"article","og_title":"'El Silencio' com Ar\u00f3n Piper e Manu R\u00edos na Netflix em 19 de maio - Tirinha.com","og_description":"Miniss\u00e9rie criada por Aitor Gabilondo protagonizada pelos atores de Elite, Ar\u00f3n Piper e Manu R\u00edos A Netflix revelou hoje o &hellip;","og_url":"https:\/\/tirinha.com\/ro\/1130\/tacerea-cu-aron-piper-si-manu-rios-pe-netflix-pe-19-mai\/","og_site_name":"Tirinha.com","article_published_time":"2023-04-12T17:17:33+00:00","og_image":[{"url":"https:\/\/elgeneracionalpost.com\/wp-content\/uploads\/2023\/04\/0500_EL_SILENCIO_STILL_LANDER_MGL2539-1024x576.jpg","type":"","width":"","height":""}],"author":"admin","twitter_card":"summary_large_image","twitter_image":"https:\/\/elgeneracionalpost.com\/wp-content\/uploads\/2023\/04\/0500_EL_SILENCIO_STILL_LANDER_MGL2539-1024x576.jpg","twitter_misc":{"Scris de":"admin","Timp estimat pentru citire":"2 minute"},"schema":{"@context":"https:\/\/schema.org","@graph":[{"@type":"Article","@id":"https:\/\/tirinha.com\/1130\/el-silencio-com-aron-piper-e-manu-rios-na-netflix-em-19-de-maio\/#article","isPartOf":{"@id":"https:\/\/tirinha.com\/1130\/el-silencio-com-aron-piper-e-manu-rios-na-netflix-em-19-de-maio\/"},"author":{"name":"admin","@id":"https:\/\/tirinha.com\/#\/schema\/person\/e22bdfbe17e0461f7e927e6a1208d4d9"},"headline":"&#8216;El Silencio&#8217; com Ar\u00f3n Piper e Manu R\u00edos na Netflix em 19 de maio","datePublished":"2023-04-12T17:17:33+00:00","mainEntityOfPage":{"@id":"https:\/\/tirinha.com\/1130\/el-silencio-com-aron-piper-e-manu-rios-na-netflix-em-19-de-maio\/"},"wordCount":326,"commentCount":0,"publisher":{"@id":"https:\/\/tirinha.com\/#organization"},"image":{"@id":"https:\/\/tirinha.com\/1130\/el-silencio-com-aron-piper-e-manu-rios-na-netflix-em-19-de-maio\/#primaryimage"},"thumbnailUrl":"https:\/\/elgeneracionalpost.com\/wp-content\/uploads\/2023\/04\/0500_EL_SILENCIO_STILL_LANDER_MGL2539-1024x576.jpg","articleSection":["Cultura e lazer"],"inLanguage":"ro-RO","potentialAction":[{"@type":"CommentAction","name":"Comment","target":["https:\/\/tirinha.com\/1130\/el-silencio-com-aron-piper-e-manu-rios-na-netflix-em-19-de-maio\/#respond"]}]},{"@type":"WebPage","@id":"https:\/\/tirinha.com\/1130\/el-silencio-com-aron-piper-e-manu-rios-na-netflix-em-19-de-maio\/","url":"https:\/\/tirinha.com\/1130\/el-silencio-com-aron-piper-e-manu-rios-na-netflix-em-19-de-maio\/","name":"'El Silencio' cu Ar\u00f3n Piper \u0219i Manu R\u00edos pe Netflix pe 19 mai - Tirinha.com","isPartOf":{"@id":"https:\/\/tirinha.com\/#website"},"primaryImageOfPage":{"@id":"https:\/\/tirinha.com\/1130\/el-silencio-com-aron-piper-e-manu-rios-na-netflix-em-19-de-maio\/#primaryimage"},"image":{"@id":"https:\/\/tirinha.com\/1130\/el-silencio-com-aron-piper-e-manu-rios-na-netflix-em-19-de-maio\/#primaryimage"},"thumbnailUrl":"https:\/\/elgeneracionalpost.com\/wp-content\/uploads\/2023\/04\/0500_EL_SILENCIO_STILL_LANDER_MGL2539-1024x576.jpg","datePublished":"2023-04-12T17:17:33+00:00","breadcrumb":{"@id":"https:\/\/tirinha.com\/1130\/el-silencio-com-aron-piper-e-manu-rios-na-netflix-em-19-de-maio\/#breadcrumb"},"inLanguage":"ro-RO","potentialAction":[{"@type":"ReadAction","target":["https:\/\/tirinha.com\/1130\/el-silencio-com-aron-piper-e-manu-rios-na-netflix-em-19-de-maio\/"]}]},{"@type":"ImageObject","inLanguage":"ro-RO","@id":"https:\/\/tirinha.com\/1130\/el-silencio-com-aron-piper-e-manu-rios-na-netflix-em-19-de-maio\/#primaryimage","url":"https:\/\/elgeneracionalpost.com\/wp-content\/uploads\/2023\/04\/0500_EL_SILENCIO_STILL_LANDER_MGL2539-1024x576.jpg","contentUrl":"https:\/\/elgeneracionalpost.com\/wp-content\/uploads\/2023\/04\/0500_EL_SILENCIO_STILL_LANDER_MGL2539-1024x576.jpg"},{"@type":"BreadcrumbList","@id":"https:\/\/tirinha.com\/1130\/el-silencio-com-aron-piper-e-manu-rios-na-netflix-em-19-de-maio\/#breadcrumb","itemListElement":[{"@type":"ListItem","position":1,"name":"Home","item":"https:\/\/tirinha.com\/"},{"@type":"ListItem","position":2,"name":"&#8216;El Silencio&#8217; com Ar\u00f3n Piper e Manu R\u00edos na Netflix em 19 de maio"}]},{"@type":"WebSite","@id":"https:\/\/tirinha.com\/#website","url":"https:\/\/tirinha.com\/","name":"Tirinha.com","description":"Recenzii de art\u0103 \u0219i c\u0103r\u021bi","publisher":{"@id":"https:\/\/tirinha.com\/#organization"},"potentialAction":[{"@type":"SearchAction","target":{"@type":"EntryPoint","urlTemplate":"https:\/\/tirinha.com\/?s={search_term_string}"},"query-input":{"@type":"PropertyValueSpecification","valueRequired":true,"valueName":"search_term_string"}}],"inLanguage":"ro-RO"},{"@type":"Organization","@id":"https:\/\/tirinha.com\/#organization","name":"Tirinha.com","url":"https:\/\/tirinha.com\/","logo":{"@type":"ImageObject","inLanguage":"ro-RO","@id":"https:\/\/tirinha.com\/#\/schema\/logo\/image\/","url":"https:\/\/tirinha.com\/wp-content\/uploads\/2023\/08\/cropped-Logo-Tirinha.webp","contentUrl":"https:\/\/tirinha.com\/wp-content\/uploads\/2023\/08\/cropped-Logo-Tirinha.webp","width":512,"height":512,"caption":"Tirinha.com"},"image":{"@id":"https:\/\/tirinha.com\/#\/schema\/logo\/image\/"}},{"@type":"Person","@id":"https:\/\/tirinha.com\/#\/schema\/person\/e22bdfbe17e0461f7e927e6a1208d4d9","name":"administrator","image":{"@type":"ImageObject","inLanguage":"ro-RO","@id":"https:\/\/tirinha.com\/wp-content\/litespeed\/avatar\/d0068f7931cc87d7274eb0c3db1deb4b.jpg?ver=1776829466","url":"https:\/\/tirinha.com\/wp-content\/litespeed\/avatar\/d0068f7931cc87d7274eb0c3db1deb4b.jpg?ver=1776829466","contentUrl":"https:\/\/tirinha.com\/wp-content\/litespeed\/avatar\/d0068f7931cc87d7274eb0c3db1deb4b.jpg?ver=1776829466","caption":"admin"},"sameAs":["https:\/\/tirinha.com"],"url":"https:\/\/tirinha.com\/ro\/author\/admin\/"}]}},"_links":{"self":[{"href":"https:\/\/tirinha.com\/ro\/wp-json\/wp\/v2\/posts\/1130","targetHints":{"allow":["GET"]}}],"collection":[{"href":"https:\/\/tirinha.com\/ro\/wp-json\/wp\/v2\/posts"}],"about":[{"href":"https:\/\/tirinha.com\/ro\/wp-json\/wp\/v2\/types\/post"}],"author":[{"embeddable":true,"href":"https:\/\/tirinha.com\/ro\/wp-json\/wp\/v2\/users\/1"}],"replies":[{"embeddable":true,"href":"https:\/\/tirinha.com\/ro\/wp-json\/wp\/v2\/comments?post=1130"}],"version-history":[{"count":0,"href":"https:\/\/tirinha.com\/ro\/wp-json\/wp\/v2\/posts\/1130\/revisions"}],"wp:featuredmedia":[{"embeddable":true,"href":"https:\/\/tirinha.com\/ro\/wp-json\/wp\/v2\/media\/1132"}],"wp:attachment":[{"href":"https:\/\/tirinha.com\/ro\/wp-json\/wp\/v2\/media?parent=1130"}],"wp:term":[{"taxonomy":"category","embeddable":true,"href":"https:\/\/tirinha.com\/ro\/wp-json\/wp\/v2\/categories?post=1130"},{"taxonomy":"post_tag","embeddable":true,"href":"https:\/\/tirinha.com\/ro\/wp-json\/wp\/v2\/tags?post=1130"}],"curies":[{"name":"wp","href":"https:\/\/api.w.org\/{rel}","templated":true}]}}