{"id":1083,"date":"2023-04-05T22:35:16","date_gmt":"2023-04-05T22:35:16","guid":{"rendered":"https:\/\/tirinha.com\/novo-trailer-de-homem-aranha-no-aranhaverso\/"},"modified":"2023-04-05T22:35:16","modified_gmt":"2023-04-05T22:35:16","slug":"noul-trailer-pentru-spider-man-into-the-spider-verse","status":"publish","type":"post","link":"https:\/\/tirinha.com\/ro\/1083\/novo-trailer-de-homem-aranha-no-aranhaverso\/","title":{"rendered":"Nou trailer pentru \u201eSpider-Man: Into the Spider-Verse\u201d"},"content":{"rendered":"<p><\/p>\n<div data-td-block-uid=\"tdi_70\">\n<div class=\"tdb-block-inner td-fix-index\">\n<h2 style=\"text-align: left;\"><span style=\"font-weight: 400;\">Multiversul Spider-Man<\/span><\/h2>\n<p><strong>O nou\u0103 previzualizare a sequelului <em>Spider-Man \u00een Spider-Verse<\/em> a sosit. <\/strong><\/p>\n<p><span class=\"embed-youtube\" style=\"text-align:center; display: block;\"><iframe title=\"Spider-Man: Across the Spider-Verse | Trailer oficial #2 | Sony Animation\" width=\"790\" height=\"444\" src=\"https:\/\/www.youtube.com\/embed\/4WKHNNtVbUM?feature=oembed\" frameborder=\"0\" allow=\"accelerometer; autoplay; clipboard-write; encrypted-media; gyroscope; picture-in-picture; web-share\" allowfullscreen><\/iframe><\/span><\/p>\n<h3><span style=\"font-weight: 400;\">\u00eenapoi cu mile<\/span><\/h3>\n<p><span style=\"font-weight: 400;\">Dup\u0103 mult aclamata \u015fi <strong>C\u00e2\u0219tig\u0103tor de Oscar<\/strong>, <strong><em>Spider-Man \u00een Spider-Verse<\/em><\/strong>a devenit clar c\u0103 <strong>Sony Pictures Animation<\/strong> Nu a\u0219 rata ocazia <strong>arunc\u0103-\u021bi \u00een aer personajele<\/strong> din universul Spider-Man \u00eenc\u0103 o dat\u0103. Cu aceast\u0103 continuare,<strong> care va fi \u00eemp\u0103r\u021bit \u00een dou\u0103 p\u0103r\u021bi<\/strong>, <em><strong>Spider-Man \u00een Spider-Verse<\/strong><\/em>  devenit unul dintre <strong>cele mai a\u0219teptate filme<\/strong> acest 2023 \u0219i nu e de mirare. <\/span><\/p>\n<p><span style=\"font-weight: 400;\">Continuarea ne prezint\u0103 o <strong>Miles Morales mai b\u0103tr\u00e2n \u0219i mai matur<\/strong>, care pare s\u0103 se lupte cu mantaua Spider-Man de c\u00e2\u021biva ani. De\u015fi,<strong> un nou inamic<\/strong> cunoscut ca<strong><em>  punctul<\/em><\/strong>  a venit s\u0103-i tulbure lini\u0219tea \u0219i cu <strong>revenirea prietenilor vechi \u0219i noi,<\/strong> Mii trebuie <strong>Alege-\u021bi propria cale ca Spider-Man<\/strong>.<\/span><\/p>\n<figure id=\"attachment_84856\" aria-describedby=\"caption-attachment-84856\" style=\"width: 2000px\" class=\"wp-caption alignnone\"><img fetchpriority=\"high\" data-attachment-id=\"84856\" data-permalink=\"https:\/\/elgeneracionalpost.com\/cultura\/2023\/0405\/84846\/nuevo-trailer-de-spider-man-across-the-spider-verse.html\/attachment\/spider-man%c2%99-across-the-spider-verse\" data-orig-file=\"https:\/\/i0.wp.com\/elgeneracionalpost.com\/wp-content\/uploads\/2023\/04\/SpiderManAcrossTheSpiderVerse_TheSpot_01_2000x837_thumbnail.jpg?fit=2000%2C837&amp;ssl=1\" data-orig-size=\"2000,837\" data-comments-opened=\"0\" data-image-meta=\"{&quot;aperture&quot;:&quot;0&quot;,&quot;credit&quot;:&quot;Sony Pictures Animation&quot;,&quot;camera&quot;:&quot;&quot;,&quot;caption&quot;:&quot;Miles Morales (Shameik Moore) and Gwen Stacy (Hailee Steinfeld) take on The Spot (Jason Schwartzman) in Columbia Pictures and Sony Pictures Animation's SPIDER-MAN\\u0099: ACROSS THE SPIDER-VERSE.&quot;,&quot;created_timestamp&quot;:&quot;1571672466&quot;,&quot;copyright&quot;:&quot;\\u00a92022 CTMG, Inc. All Rights Reserved.&quot;,&quot;focal_length&quot;:&quot;0&quot;,&quot;iso&quot;:&quot;0&quot;,&quot;shutter_speed&quot;:&quot;0&quot;,&quot;title&quot;:&quot;SPIDER-MAN\\u0099: ACROSS THE SPIDER-VERSE&quot;,&quot;orientation&quot;:&quot;0&quot;}\" data-image-title=\"SPIDER-MAN\u0099: ACROSS THE SPIDER-VERSE\" data-image-description=\"\" data-image-caption=\"&lt;p&gt;Primera imagen publicada con Miles, Gwen y The Spot | Fuente: Sony Pictures Animation&lt;\/p&gt;&#10;\" data-medium-file=\"https:\/\/i0.wp.com\/elgeneracionalpost.com\/wp-content\/uploads\/2023\/04\/SpiderManAcrossTheSpiderVerse_TheSpot_01_2000x837_thumbnail.jpg?fit=300%2C126&amp;ssl=1\" data-large-file=\"https:\/\/i0.wp.com\/elgeneracionalpost.com\/wp-content\/uploads\/2023\/04\/SpiderManAcrossTheSpiderVerse_TheSpot_01_2000x837_thumbnail.jpg?fit=696%2C292&amp;ssl=1\" decoding=\"async\" class=\"size-full wp-image-84856 jetpack-lazy-image\" src=\"https:\/\/i0.wp.com\/elgeneracionalpost.com\/wp-content\/uploads\/2023\/04\/SpiderManAcrossTheSpiderVerse_TheSpot_01_2000x837_thumbnail.jpg?resize=696%2C291&amp;ssl=1\" alt=\"\" width=\"696\" height=\"291\" data-recalc-dims=\"1\" data-lazy-srcset=\"https:\/\/i0.wp.com\/elgeneracionalpost.com\/wp-content\/uploads\/2023\/04\/SpiderManAcrossTheSpiderVerse_TheSpot_01_2000x837_thumbnail.jpg?w=2000&amp;ssl=1 2000w, https:\/\/i0.wp.com\/elgeneracionalpost.com\/wp-content\/uploads\/2023\/04\/SpiderManAcrossTheSpiderVerse_TheSpot_01_2000x837_thumbnail.jpg?resize=300%2C126&amp;ssl=1 300w, https:\/\/i0.wp.com\/elgeneracionalpost.com\/wp-content\/uploads\/2023\/04\/SpiderManAcrossTheSpiderVerse_TheSpot_01_2000x837_thumbnail.jpg?resize=1024%2C429&amp;ssl=1 1024w, https:\/\/i0.wp.com\/elgeneracionalpost.com\/wp-content\/uploads\/2023\/04\/SpiderManAcrossTheSpiderVerse_TheSpot_01_2000x837_thumbnail.jpg?resize=768%2C321&amp;ssl=1 768w, https:\/\/i0.wp.com\/elgeneracionalpost.com\/wp-content\/uploads\/2023\/04\/SpiderManAcrossTheSpiderVerse_TheSpot_01_2000x837_thumbnail.jpg?resize=1536%2C643&amp;ssl=1 1536w, https:\/\/i0.wp.com\/elgeneracionalpost.com\/wp-content\/uploads\/2023\/04\/SpiderManAcrossTheSpiderVerse_TheSpot_01_2000x837_thumbnail.jpg?resize=150%2C63&amp;ssl=1 150w, https:\/\/i0.wp.com\/elgeneracionalpost.com\/wp-content\/uploads\/2023\/04\/SpiderManAcrossTheSpiderVerse_TheSpot_01_2000x837_thumbnail.jpg?resize=696%2C291&amp;ssl=1 696w, https:\/\/i0.wp.com\/elgeneracionalpost.com\/wp-content\/uploads\/2023\/04\/SpiderManAcrossTheSpiderVerse_TheSpot_01_2000x837_thumbnail.jpg?resize=1068%2C447&amp;ssl=1 1068w, https:\/\/i0.wp.com\/elgeneracionalpost.com\/wp-content\/uploads\/2023\/04\/SpiderManAcrossTheSpiderVerse_TheSpot_01_2000x837_thumbnail.jpg?resize=1920%2C804&amp;ssl=1 1920w, https:\/\/i0.wp.com\/elgeneracionalpost.com\/wp-content\/uploads\/2023\/04\/SpiderManAcrossTheSpiderVerse_TheSpot_01_2000x837_thumbnail.jpg?w=1392&amp;ssl=1 1392w\" data-lazy-sizes=\"(max-width: 696px) 100vw, 696px\" data-lazy-src=\"https:\/\/i0.wp.com\/elgeneracionalpost.com\/wp-content\/uploads\/2023\/04\/SpiderManAcrossTheSpiderVerse_TheSpot_01_2000x837_thumbnail.jpg?resize=696%2C291&amp;is-pending-load=1#038;ssl=1\" srcset=\"data:image\/gif;base64,R0lGODlhAQABAIAAAAAAAP\/\/\/yH5BAEAAAAALAAAAAABAAEAAAIBRAA7\"\/><noscript><img loading=\"lazy\" data-lazy-fallback=\"1\" data-attachment-id=\"84856\" data-permalink=\"https:\/\/elgeneracionalpost.com\/cultura\/2023\/0405\/84846\/nuevo-trailer-de-spider-man-across-the-spider-verse.html\/attachment\/spider-man%c2%99-across-the-spider-verse\" data-orig-file=\"https:\/\/i0.wp.com\/elgeneracionalpost.com\/wp-content\/uploads\/2023\/04\/SpiderManAcrossTheSpiderVerse_TheSpot_01_2000x837_thumbnail.jpg?fit=2000%2C837&amp;ssl=1\" data-orig-size=\"2000,837\" data-comments-opened=\"0\" data-image-meta=\"{&quot;aperture&quot;:&quot;0&quot;,&quot;credit&quot;:&quot;Sony Pictures Animation&quot;,&quot;camera&quot;:&quot;&quot;,&quot;caption&quot;:&quot;Miles Morales (Shameik Moore) and Gwen Stacy (Hailee Steinfeld) take on The Spot (Jason Schwartzman) in Columbia Pictures and Sony Pictures Animation's SPIDER-MAN\\u0099: ACROSS THE SPIDER-VERSE.&quot;,&quot;created_timestamp&quot;:&quot;1571672466&quot;,&quot;copyright&quot;:&quot;\\u00a92022 CTMG, Inc. All Rights Reserved.&quot;,&quot;focal_length&quot;:&quot;0&quot;,&quot;iso&quot;:&quot;0&quot;,&quot;shutter_speed&quot;:&quot;0&quot;,&quot;title&quot;:&quot;SPIDER-MAN\\u0099: ACROSS THE SPIDER-VERSE&quot;,&quot;orientation&quot;:&quot;0&quot;}\" data-image-title=\"SPIDER-MAN\u0099: ACROSS THE SPIDER-VERSE\" data-image-description=\"\" data-image-caption=\"&lt;p&gt;Primera imagen publicada con Miles, Gwen y The Spot | Fuente: Sony Pictures Animation&lt;\/p&gt;&#10;\" data-medium-file=\"https:\/\/i0.wp.com\/elgeneracionalpost.com\/wp-content\/uploads\/2023\/04\/SpiderManAcrossTheSpiderVerse_TheSpot_01_2000x837_thumbnail.jpg?fit=300%2C126&amp;ssl=1\" data-large-file=\"https:\/\/i0.wp.com\/elgeneracionalpost.com\/wp-content\/uploads\/2023\/04\/SpiderManAcrossTheSpiderVerse_TheSpot_01_2000x837_thumbnail.jpg?fit=696%2C292&amp;ssl=1\" decoding=\"async\" class=\"size-full wp-image-84856\" src=\"https:\/\/i0.wp.com\/elgeneracionalpost.com\/wp-content\/uploads\/2023\/04\/SpiderManAcrossTheSpiderVerse_TheSpot_01_2000x837_thumbnail.jpg?resize=696%2C291&amp;ssl=1\" alt=\"\" width=\"696\" height=\"291\" srcset=\"https:\/\/i0.wp.com\/elgeneracionalpost.com\/wp-content\/uploads\/2023\/04\/SpiderManAcrossTheSpiderVerse_TheSpot_01_2000x837_thumbnail.jpg?w=2000&amp;ssl=1 2000w, https:\/\/i0.wp.com\/elgeneracionalpost.com\/wp-content\/uploads\/2023\/04\/SpiderManAcrossTheSpiderVerse_TheSpot_01_2000x837_thumbnail.jpg?resize=300%2C126&amp;ssl=1 300w, https:\/\/i0.wp.com\/elgeneracionalpost.com\/wp-content\/uploads\/2023\/04\/SpiderManAcrossTheSpiderVerse_TheSpot_01_2000x837_thumbnail.jpg?resize=1024%2C429&amp;ssl=1 1024w, https:\/\/i0.wp.com\/elgeneracionalpost.com\/wp-content\/uploads\/2023\/04\/SpiderManAcrossTheSpiderVerse_TheSpot_01_2000x837_thumbnail.jpg?resize=768%2C321&amp;ssl=1 768w, https:\/\/i0.wp.com\/elgeneracionalpost.com\/wp-content\/uploads\/2023\/04\/SpiderManAcrossTheSpiderVerse_TheSpot_01_2000x837_thumbnail.jpg?resize=1536%2C643&amp;ssl=1 1536w, https:\/\/i0.wp.com\/elgeneracionalpost.com\/wp-content\/uploads\/2023\/04\/SpiderManAcrossTheSpiderVerse_TheSpot_01_2000x837_thumbnail.jpg?resize=150%2C63&amp;ssl=1 150w, https:\/\/i0.wp.com\/elgeneracionalpost.com\/wp-content\/uploads\/2023\/04\/SpiderManAcrossTheSpiderVerse_TheSpot_01_2000x837_thumbnail.jpg?resize=696%2C291&amp;ssl=1 696w, https:\/\/i0.wp.com\/elgeneracionalpost.com\/wp-content\/uploads\/2023\/04\/SpiderManAcrossTheSpiderVerse_TheSpot_01_2000x837_thumbnail.jpg?resize=1068%2C447&amp;ssl=1 1068w, https:\/\/i0.wp.com\/elgeneracionalpost.com\/wp-content\/uploads\/2023\/04\/SpiderManAcrossTheSpiderVerse_TheSpot_01_2000x837_thumbnail.jpg?resize=1920%2C804&amp;ssl=1 1920w, https:\/\/i0.wp.com\/elgeneracionalpost.com\/wp-content\/uploads\/2023\/04\/SpiderManAcrossTheSpiderVerse_TheSpot_01_2000x837_thumbnail.jpg?w=1392&amp;ssl=1 1392w\" sizes=\"auto, (max-width: 696px) 100vw, 696px\" data-recalc-dims=\"1\"\/><\/noscript><figcaption id=\"caption-attachment-84856\" class=\"wp-caption-text\">Prima imagine publicat\u0103 cu Miles, Gwen \u0219i The Spot | Sursa: Sony Pictures Animation<\/figcaption><\/figure>\n<h3><span style=\"font-weight: 400;\">o nou\u0103 privire<\/span><\/h3>\n<p><span style=\"font-weight: 400;\"><strong>Privind mai de aproape<\/strong> remorca, am fost complet <strong>uimit<\/strong>. El <strong>abordare artistic\u0103<\/strong> care a intrat cu ma\u0219ina <strong>Sony Pictures Animation<\/strong> \u00eenc\u0103 de la primul film <strong>total sc\u0103pat\u0103 de sub control<\/strong>l\u0103s\u00e2ndu-ne s\u0103 vedem asta <strong>posibilit\u0103\u021bile sunt nesf\u00e2r\u0219ite<\/strong>. Anima\u021bia din aceast\u0103 nou\u0103 band\u0103 <strong>nu \u00eenceteaz\u0103 s\u0103 ne surprind\u0103<\/strong> si cu siguranta va reveni <strong>a creat un nou precedent<\/strong>a\u0219a cum a f\u0103cut \u00een vremea lui <em><strong>Spider-Man \u00een Spider-Verse<\/strong><\/em>. <\/span><\/p>\n<p><span style=\"font-weight: 400;\">Concentr\u00e2ndu-te mai mult asupra ta <strong>intriga posibila<\/strong>\u00eenc\u0103<strong> Este foarte difuz<\/strong>vedem pentru prima dat\u0103 personajul de<strong><em>  punctul<\/em> <\/strong>\u00eentr-o remorc\u0103, sunt sigur <strong>Va crea o mul\u021bime de probleme<\/strong> la <strong>Mii<\/strong>. Dar cel mai curios lucru este c\u0103 oricine pare s\u0103 fie <strong>mai mult\u0103 du\u015fm\u0103nie<\/strong> cu prietenul nostru din Brooklyn, va fi <strong>Miguel O&#039;hara<\/strong>mai cunoscut ca <strong>Spider-Man 2099<\/strong>. Vedem c\u0103 acesta din urm\u0103 este<strong> liderul unei echipe de Spider-Men<\/strong> care are <strong>aproape orice variant\u0103 de tracker de perete<\/strong> pe care ni le putem imagina. <\/span><\/p>\n<figure id=\"attachment_84858\" aria-describedby=\"caption-attachment-84858\" style=\"width: 2000px\" class=\"wp-caption alignnone\"><img data-attachment-id=\"84858\" data-permalink=\"https:\/\/elgeneracionalpost.com\/cultura\/2023\/0405\/84846\/nuevo-trailer-de-spider-man-across-the-spider-verse.html\/attachment\/spider-man%c2%99-across-the-spider-verse-part-one\" data-orig-file=\"https:\/\/i0.wp.com\/elgeneracionalpost.com\/wp-content\/uploads\/2023\/04\/SV2_trsb0290_2000x838_thumbnail.jpg?fit=2000%2C838&amp;ssl=1\" data-orig-size=\"2000,838\" data-comments-opened=\"0\" data-image-meta=\"{&quot;aperture&quot;:&quot;0&quot;,&quot;credit&quot;:&quot;Sony Pictures Animation&quot;,&quot;camera&quot;:&quot;&quot;,&quot;caption&quot;:&quot;Spider-Man 2099 (Oscar Isaac) and Miles Morales (Shameik Moore) in Columbia Pictures and Sony Pictures Animation's SPIDER-MAN\\u0099: ACROSS THE SPIDER-VERSE (PART ONE).&quot;,&quot;created_timestamp&quot;:&quot;1638283896&quot;,&quot;copyright&quot;:&quot;\\u00a92021 CTMG, Inc. All Rights Reserved.&quot;,&quot;focal_length&quot;:&quot;0&quot;,&quot;iso&quot;:&quot;0&quot;,&quot;shutter_speed&quot;:&quot;0&quot;,&quot;title&quot;:&quot;SPIDER-MAN\\u0099: ACROSS THE SPIDER-VERSE (PART ONE)&quot;,&quot;orientation&quot;:&quot;0&quot;}\" data-image-title=\"SPIDER-MAN\u0099: ACROSS THE SPIDER-VERSE (PART ONE)\" data-image-description=\"\" data-image-caption=\"&lt;p&gt;Spider-Man 2099, Miguel O\u2019hara, persiguiendo a Miles | Fuente: Sony Pictures Animation&lt;\/p&gt;&#10;\" data-medium-file=\"https:\/\/i0.wp.com\/elgeneracionalpost.com\/wp-content\/uploads\/2023\/04\/SV2_trsb0290_2000x838_thumbnail.jpg?fit=300%2C126&amp;ssl=1\" data-large-file=\"https:\/\/i0.wp.com\/elgeneracionalpost.com\/wp-content\/uploads\/2023\/04\/SV2_trsb0290_2000x838_thumbnail.jpg?fit=696%2C292&amp;ssl=1\" decoding=\"async\" class=\"size-full wp-image-84858 jetpack-lazy-image\" src=\"https:\/\/i0.wp.com\/elgeneracionalpost.com\/wp-content\/uploads\/2023\/04\/SV2_trsb0290_2000x838_thumbnail.jpg?resize=696%2C292&amp;ssl=1\" alt=\"\" width=\"696\" height=\"292\" data-recalc-dims=\"1\" data-lazy-srcset=\"https:\/\/i0.wp.com\/elgeneracionalpost.com\/wp-content\/uploads\/2023\/04\/SV2_trsb0290_2000x838_thumbnail.jpg?w=2000&amp;ssl=1 2000w, https:\/\/i0.wp.com\/elgeneracionalpost.com\/wp-content\/uploads\/2023\/04\/SV2_trsb0290_2000x838_thumbnail.jpg?resize=300%2C126&amp;ssl=1 300w, https:\/\/i0.wp.com\/elgeneracionalpost.com\/wp-content\/uploads\/2023\/04\/SV2_trsb0290_2000x838_thumbnail.jpg?resize=1024%2C429&amp;ssl=1 1024w, https:\/\/i0.wp.com\/elgeneracionalpost.com\/wp-content\/uploads\/2023\/04\/SV2_trsb0290_2000x838_thumbnail.jpg?resize=768%2C322&amp;ssl=1 768w, https:\/\/i0.wp.com\/elgeneracionalpost.com\/wp-content\/uploads\/2023\/04\/SV2_trsb0290_2000x838_thumbnail.jpg?resize=1536%2C644&amp;ssl=1 1536w, https:\/\/i0.wp.com\/elgeneracionalpost.com\/wp-content\/uploads\/2023\/04\/SV2_trsb0290_2000x838_thumbnail.jpg?resize=150%2C63&amp;ssl=1 150w, https:\/\/i0.wp.com\/elgeneracionalpost.com\/wp-content\/uploads\/2023\/04\/SV2_trsb0290_2000x838_thumbnail.jpg?resize=696%2C292&amp;ssl=1 696w, https:\/\/i0.wp.com\/elgeneracionalpost.com\/wp-content\/uploads\/2023\/04\/SV2_trsb0290_2000x838_thumbnail.jpg?resize=1068%2C447&amp;ssl=1 1068w, https:\/\/i0.wp.com\/elgeneracionalpost.com\/wp-content\/uploads\/2023\/04\/SV2_trsb0290_2000x838_thumbnail.jpg?resize=1920%2C804&amp;ssl=1 1920w, https:\/\/i0.wp.com\/elgeneracionalpost.com\/wp-content\/uploads\/2023\/04\/SV2_trsb0290_2000x838_thumbnail.jpg?w=1392&amp;ssl=1 1392w\" data-lazy-sizes=\"(max-width: 696px) 100vw, 696px\" data-lazy-src=\"https:\/\/i0.wp.com\/elgeneracionalpost.com\/wp-content\/uploads\/2023\/04\/SV2_trsb0290_2000x838_thumbnail.jpg?resize=696%2C292&amp;is-pending-load=1#038;ssl=1\" srcset=\"data:image\/gif;base64,R0lGODlhAQABAIAAAAAAAP\/\/\/yH5BAEAAAAALAAAAAABAAEAAAIBRAA7\"\/><noscript><img loading=\"lazy\" data-lazy-fallback=\"1\" data-attachment-id=\"84858\" data-permalink=\"https:\/\/elgeneracionalpost.com\/cultura\/2023\/0405\/84846\/nuevo-trailer-de-spider-man-across-the-spider-verse.html\/attachment\/spider-man%c2%99-across-the-spider-verse-part-one\" data-orig-file=\"https:\/\/i0.wp.com\/elgeneracionalpost.com\/wp-content\/uploads\/2023\/04\/SV2_trsb0290_2000x838_thumbnail.jpg?fit=2000%2C838&amp;ssl=1\" data-orig-size=\"2000,838\" data-comments-opened=\"0\" data-image-meta=\"{&quot;aperture&quot;:&quot;0&quot;,&quot;credit&quot;:&quot;Sony Pictures Animation&quot;,&quot;camera&quot;:&quot;&quot;,&quot;caption&quot;:&quot;Spider-Man 2099 (Oscar Isaac) and Miles Morales (Shameik Moore) in Columbia Pictures and Sony Pictures Animation's SPIDER-MAN\\u0099: ACROSS THE SPIDER-VERSE (PART ONE).&quot;,&quot;created_timestamp&quot;:&quot;1638283896&quot;,&quot;copyright&quot;:&quot;\\u00a92021 CTMG, Inc. All Rights Reserved.&quot;,&quot;focal_length&quot;:&quot;0&quot;,&quot;iso&quot;:&quot;0&quot;,&quot;shutter_speed&quot;:&quot;0&quot;,&quot;title&quot;:&quot;SPIDER-MAN\\u0099: ACROSS THE SPIDER-VERSE (PART ONE)&quot;,&quot;orientation&quot;:&quot;0&quot;}\" data-image-title=\"SPIDER-MAN\u0099: ACROSS THE SPIDER-VERSE (PART ONE)\" data-image-description=\"\" data-image-caption=\"&lt;p&gt;Spider-Man 2099, Miguel O\u2019hara, persiguiendo a Miles | Fuente: Sony Pictures Animation&lt;\/p&gt;&#10;\" data-medium-file=\"https:\/\/i0.wp.com\/elgeneracionalpost.com\/wp-content\/uploads\/2023\/04\/SV2_trsb0290_2000x838_thumbnail.jpg?fit=300%2C126&amp;ssl=1\" data-large-file=\"https:\/\/i0.wp.com\/elgeneracionalpost.com\/wp-content\/uploads\/2023\/04\/SV2_trsb0290_2000x838_thumbnail.jpg?fit=696%2C292&amp;ssl=1\" decoding=\"async\" class=\"size-full wp-image-84858\" src=\"https:\/\/i0.wp.com\/elgeneracionalpost.com\/wp-content\/uploads\/2023\/04\/SV2_trsb0290_2000x838_thumbnail.jpg?resize=696%2C292&amp;ssl=1\" alt=\"\" width=\"696\" height=\"292\" srcset=\"https:\/\/i0.wp.com\/elgeneracionalpost.com\/wp-content\/uploads\/2023\/04\/SV2_trsb0290_2000x838_thumbnail.jpg?w=2000&amp;ssl=1 2000w, https:\/\/i0.wp.com\/elgeneracionalpost.com\/wp-content\/uploads\/2023\/04\/SV2_trsb0290_2000x838_thumbnail.jpg?resize=300%2C126&amp;ssl=1 300w, https:\/\/i0.wp.com\/elgeneracionalpost.com\/wp-content\/uploads\/2023\/04\/SV2_trsb0290_2000x838_thumbnail.jpg?resize=1024%2C429&amp;ssl=1 1024w, https:\/\/i0.wp.com\/elgeneracionalpost.com\/wp-content\/uploads\/2023\/04\/SV2_trsb0290_2000x838_thumbnail.jpg?resize=768%2C322&amp;ssl=1 768w, https:\/\/i0.wp.com\/elgeneracionalpost.com\/wp-content\/uploads\/2023\/04\/SV2_trsb0290_2000x838_thumbnail.jpg?resize=1536%2C644&amp;ssl=1 1536w, https:\/\/i0.wp.com\/elgeneracionalpost.com\/wp-content\/uploads\/2023\/04\/SV2_trsb0290_2000x838_thumbnail.jpg?resize=150%2C63&amp;ssl=1 150w, https:\/\/i0.wp.com\/elgeneracionalpost.com\/wp-content\/uploads\/2023\/04\/SV2_trsb0290_2000x838_thumbnail.jpg?resize=696%2C292&amp;ssl=1 696w, https:\/\/i0.wp.com\/elgeneracionalpost.com\/wp-content\/uploads\/2023\/04\/SV2_trsb0290_2000x838_thumbnail.jpg?resize=1068%2C447&amp;ssl=1 1068w, https:\/\/i0.wp.com\/elgeneracionalpost.com\/wp-content\/uploads\/2023\/04\/SV2_trsb0290_2000x838_thumbnail.jpg?resize=1920%2C804&amp;ssl=1 1920w, https:\/\/i0.wp.com\/elgeneracionalpost.com\/wp-content\/uploads\/2023\/04\/SV2_trsb0290_2000x838_thumbnail.jpg?w=1392&amp;ssl=1 1392w\" sizes=\"auto, (max-width: 696px) 100vw, 696px\" data-recalc-dims=\"1\"\/><\/noscript><figcaption id=\"caption-attachment-84858\" class=\"wp-caption-text\">Spider-Man 2099, Miguel O&#039;hara, \u00eel urm\u0103re\u0219te pe Miles | Sursa: Sony Pictures Animation<\/figcaption><\/figure>\n<p><span style=\"font-weight: 400;\">ne vedem din nou <strong>gwen<\/strong> \u015fi <strong>Peter B. Parker<\/strong>care apare surprinz\u0103tor<strong> cu fiica lui Mayday, <\/strong>\u0219i renun\u021b\u0103 la anumite referin\u021be la <strong>Dr. Strange \u0219i un tocilar de pe P\u0103m\u00e2nt 199999<\/strong>conect\u00e2ndu-se direct cu <em><strong>Omul P\u0103ianjen f\u0103r\u0103 drum spre cas\u0103<\/strong><\/em>. De\u0219i vom vedea dac\u0103 va continua ca <strong>o simpl\u0103 referin\u021b\u0103<\/strong> sau po\u021bi <strong>dezvolta in continuare<\/strong>ca o curiozitate suplimentar\u0103, trailerul \u00een spaniol\u0103 care a fost publicat <strong>Sony Pictures Spania<\/strong> \u00eencepe cu imagini \u0219i voci ale <strong>om p\u0103ianjen<\/strong> de <strong>Tobey Maguire, Andrew Garfield<\/strong> iar tocilarul <strong>Tom Holland<\/strong>.<\/span><\/p>\n<p><span class=\"embed-youtube\" style=\"text-align:center; display: block;\"><iframe title=\"SPIDER-MAN: \u00ceNTRECERE MULTIVERSUL. Trailer HD oficial spaniol. Exclusiv \u00een cinematografe.\" width=\"790\" height=\"444\" src=\"https:\/\/www.youtube.com\/embed\/b_yMOiRgMmQ?feature=oembed\" frameborder=\"0\" allow=\"accelerometer; autoplay; clipboard-write; encrypted-media; gyroscope; picture-in-picture; web-share\" allowfullscreen><\/iframe><\/span><\/p>\n<\/p>\n<div class=\"sharedaddy sd-block sd-like jetpack-likes-widget-wrapper jetpack-likes-widget-unloaded\" id=\"like-post-wrapper-153844979-84846-642df7a3b2368\" data-src=\"https:\/\/widgets.wp.com\/likes\/#blog_id=153844979&amp;post_id=84846&amp;origin=elgeneracionalpost.com&amp;obj_id=153844979-84846-642df7a3b2368\" data-name=\"like-post-frame-153844979-84846-642df7a3b2368\" data-title=\"Me gusta o Compartir\">\n<h3 class=\"sd-title\">\u00cemi place asta:<\/h3>\n<p><span class=\"button\"><span>imi place<\/span><\/span> <span class=\"loading\">\u00cenc\u0103rcare\u2026<\/span><\/p>\n<p><span class=\"sd-text-color\"\/><\/div>\n<p><h3 class=\"jp-relatedposts-headline\"><em>\u00cenrudit<\/em><\/h3>\n<\/p>\n<\/div>\n<\/div>","protected":false},"excerpt":{"rendered":"<p>Spider-Man Multiverse A sosit o nou\u0103 previzualizare a sequelului Spider-Man: Into the Spider-Verse. \u00eenapoi cu mile Dup\u0103 mult apreciatul... <\/p>","protected":false},"author":1,"featured_media":1086,"comment_status":"open","ping_status":"open","sticky":false,"template":"","format":"standard","meta":{"fifu_image_url":"https:\/\/elgeneracionalpost.com\/wp-content\/uploads\/2023\/04\/SV2_trsb0225_4K_lm_v13-1024x429.jpg","fifu_image_alt":"","footnotes":""},"categories":[35],"tags":[],"class_list":["post-1083","post","type-post","status-publish","format-standard","has-post-thumbnail","hentry","category-cultura-e-lazer","latest_post"],"yoast_head":"<!-- This site is optimized with the Yoast SEO plugin v27.3 - https:\/\/yoast.com\/product\/yoast-seo-wordpress\/ -->\n<title>Novo trailer de &#039;Homem-Aranha no Aranhaverso&#039; - Tirinha.com<\/title>\n<meta name=\"robots\" content=\"index, follow, max-snippet:-1, max-image-preview:large, max-video-preview:-1\" \/>\n<link rel=\"canonical\" href=\"https:\/\/tirinha.com\/ro\/1083\/noul-trailer-pentru-spider-man-into-the-spider-verse\/\" \/>\n<meta property=\"og:locale\" content=\"ro_RO\" \/>\n<meta property=\"og:type\" content=\"article\" \/>\n<meta property=\"og:title\" content=\"Novo trailer de &#039;Homem-Aranha no Aranhaverso&#039; - Tirinha.com\" \/>\n<meta property=\"og:description\" content=\"Multiverso do Homem-Aranha Uma nova pr\u00e9via da sequ\u00eancia Homem-Aranha no Aranhaverso chegou. de volta com milhas Ap\u00f3s o t\u00e3o aclamado &hellip;\" \/>\n<meta property=\"og:url\" content=\"https:\/\/tirinha.com\/ro\/1083\/noul-trailer-pentru-spider-man-into-the-spider-verse\/\" \/>\n<meta property=\"og:site_name\" content=\"Tirinha.com\" \/>\n<meta property=\"article:published_time\" content=\"2023-04-05T22:35:16+00:00\" \/>\n<meta property=\"og:image\" content=\"https:\/\/elgeneracionalpost.com\/wp-content\/uploads\/2023\/04\/SV2_trsb0225_4K_lm_v13-1024x429.jpg\" \/>\n<meta name=\"author\" content=\"admin\" \/>\n<meta name=\"twitter:card\" content=\"summary_large_image\" \/>\n<meta name=\"twitter:image\" content=\"https:\/\/elgeneracionalpost.com\/wp-content\/uploads\/2023\/04\/SV2_trsb0225_4K_lm_v13-1024x429.jpg\" \/>\n<meta name=\"twitter:label1\" content=\"Scris de\" \/>\n\t<meta name=\"twitter:data1\" content=\"admin\" \/>\n\t<meta name=\"twitter:label2\" content=\"Timp estimat pentru citire\" \/>\n\t<meta name=\"twitter:data2\" content=\"2 minute\" \/>\n<script type=\"application\/ld+json\" class=\"yoast-schema-graph\">{\"@context\":\"https:\\\/\\\/schema.org\",\"@graph\":[{\"@type\":\"Article\",\"@id\":\"https:\\\/\\\/tirinha.com\\\/1083\\\/novo-trailer-de-homem-aranha-no-aranhaverso\\\/#article\",\"isPartOf\":{\"@id\":\"https:\\\/\\\/tirinha.com\\\/1083\\\/novo-trailer-de-homem-aranha-no-aranhaverso\\\/\"},\"author\":{\"name\":\"admin\",\"@id\":\"https:\\\/\\\/tirinha.com\\\/#\\\/schema\\\/person\\\/e22bdfbe17e0461f7e927e6a1208d4d9\"},\"headline\":\"Novo trailer de &#8216;Homem-Aranha no Aranhaverso&#8217;\",\"datePublished\":\"2023-04-05T22:35:16+00:00\",\"mainEntityOfPage\":{\"@id\":\"https:\\\/\\\/tirinha.com\\\/1083\\\/novo-trailer-de-homem-aranha-no-aranhaverso\\\/\"},\"wordCount\":418,\"commentCount\":0,\"publisher\":{\"@id\":\"https:\\\/\\\/tirinha.com\\\/#organization\"},\"image\":{\"@id\":\"https:\\\/\\\/tirinha.com\\\/1083\\\/novo-trailer-de-homem-aranha-no-aranhaverso\\\/#primaryimage\"},\"thumbnailUrl\":\"https:\\\/\\\/elgeneracionalpost.com\\\/wp-content\\\/uploads\\\/2023\\\/04\\\/SV2_trsb0225_4K_lm_v13-1024x429.jpg\",\"articleSection\":[\"Cultura e lazer\"],\"inLanguage\":\"ro-RO\",\"potentialAction\":[{\"@type\":\"CommentAction\",\"name\":\"Comment\",\"target\":[\"https:\\\/\\\/tirinha.com\\\/1083\\\/novo-trailer-de-homem-aranha-no-aranhaverso\\\/#respond\"]}]},{\"@type\":\"WebPage\",\"@id\":\"https:\\\/\\\/tirinha.com\\\/1083\\\/novo-trailer-de-homem-aranha-no-aranhaverso\\\/\",\"url\":\"https:\\\/\\\/tirinha.com\\\/1083\\\/novo-trailer-de-homem-aranha-no-aranhaverso\\\/\",\"name\":\"Novo trailer de 'Homem-Aranha no Aranhaverso' - Tirinha.com\",\"isPartOf\":{\"@id\":\"https:\\\/\\\/tirinha.com\\\/#website\"},\"primaryImageOfPage\":{\"@id\":\"https:\\\/\\\/tirinha.com\\\/1083\\\/novo-trailer-de-homem-aranha-no-aranhaverso\\\/#primaryimage\"},\"image\":{\"@id\":\"https:\\\/\\\/tirinha.com\\\/1083\\\/novo-trailer-de-homem-aranha-no-aranhaverso\\\/#primaryimage\"},\"thumbnailUrl\":\"https:\\\/\\\/elgeneracionalpost.com\\\/wp-content\\\/uploads\\\/2023\\\/04\\\/SV2_trsb0225_4K_lm_v13-1024x429.jpg\",\"datePublished\":\"2023-04-05T22:35:16+00:00\",\"breadcrumb\":{\"@id\":\"https:\\\/\\\/tirinha.com\\\/1083\\\/novo-trailer-de-homem-aranha-no-aranhaverso\\\/#breadcrumb\"},\"inLanguage\":\"ro-RO\",\"potentialAction\":[{\"@type\":\"ReadAction\",\"target\":[\"https:\\\/\\\/tirinha.com\\\/1083\\\/novo-trailer-de-homem-aranha-no-aranhaverso\\\/\"]}]},{\"@type\":\"ImageObject\",\"inLanguage\":\"ro-RO\",\"@id\":\"https:\\\/\\\/tirinha.com\\\/1083\\\/novo-trailer-de-homem-aranha-no-aranhaverso\\\/#primaryimage\",\"url\":\"https:\\\/\\\/elgeneracionalpost.com\\\/wp-content\\\/uploads\\\/2023\\\/04\\\/SV2_trsb0225_4K_lm_v13-1024x429.jpg\",\"contentUrl\":\"https:\\\/\\\/elgeneracionalpost.com\\\/wp-content\\\/uploads\\\/2023\\\/04\\\/SV2_trsb0225_4K_lm_v13-1024x429.jpg\"},{\"@type\":\"BreadcrumbList\",\"@id\":\"https:\\\/\\\/tirinha.com\\\/1083\\\/novo-trailer-de-homem-aranha-no-aranhaverso\\\/#breadcrumb\",\"itemListElement\":[{\"@type\":\"ListItem\",\"position\":1,\"name\":\"Home\",\"item\":\"https:\\\/\\\/tirinha.com\\\/\"},{\"@type\":\"ListItem\",\"position\":2,\"name\":\"Novo trailer de &#8216;Homem-Aranha no Aranhaverso&#8217;\"}]},{\"@type\":\"WebSite\",\"@id\":\"https:\\\/\\\/tirinha.com\\\/#website\",\"url\":\"https:\\\/\\\/tirinha.com\\\/\",\"name\":\"Tirinha.com\",\"description\":\"Arte e livros resenhas\",\"publisher\":{\"@id\":\"https:\\\/\\\/tirinha.com\\\/#organization\"},\"potentialAction\":[{\"@type\":\"SearchAction\",\"target\":{\"@type\":\"EntryPoint\",\"urlTemplate\":\"https:\\\/\\\/tirinha.com\\\/?s={search_term_string}\"},\"query-input\":{\"@type\":\"PropertyValueSpecification\",\"valueRequired\":true,\"valueName\":\"search_term_string\"}}],\"inLanguage\":\"ro-RO\"},{\"@type\":\"Organization\",\"@id\":\"https:\\\/\\\/tirinha.com\\\/#organization\",\"name\":\"Tirinha.com\",\"url\":\"https:\\\/\\\/tirinha.com\\\/\",\"logo\":{\"@type\":\"ImageObject\",\"inLanguage\":\"ro-RO\",\"@id\":\"https:\\\/\\\/tirinha.com\\\/#\\\/schema\\\/logo\\\/image\\\/\",\"url\":\"https:\\\/\\\/tirinha.com\\\/wp-content\\\/uploads\\\/2023\\\/08\\\/cropped-Logo-Tirinha.webp\",\"contentUrl\":\"https:\\\/\\\/tirinha.com\\\/wp-content\\\/uploads\\\/2023\\\/08\\\/cropped-Logo-Tirinha.webp\",\"width\":512,\"height\":512,\"caption\":\"Tirinha.com\"},\"image\":{\"@id\":\"https:\\\/\\\/tirinha.com\\\/#\\\/schema\\\/logo\\\/image\\\/\"}},{\"@type\":\"Person\",\"@id\":\"https:\\\/\\\/tirinha.com\\\/#\\\/schema\\\/person\\\/e22bdfbe17e0461f7e927e6a1208d4d9\",\"name\":\"admin\",\"image\":{\"@type\":\"ImageObject\",\"inLanguage\":\"ro-RO\",\"@id\":\"https:\\\/\\\/tirinha.com\\\/wp-content\\\/litespeed\\\/avatar\\\/d0068f7931cc87d7274eb0c3db1deb4b.jpg?ver=1776829466\",\"url\":\"https:\\\/\\\/tirinha.com\\\/wp-content\\\/litespeed\\\/avatar\\\/d0068f7931cc87d7274eb0c3db1deb4b.jpg?ver=1776829466\",\"contentUrl\":\"https:\\\/\\\/tirinha.com\\\/wp-content\\\/litespeed\\\/avatar\\\/d0068f7931cc87d7274eb0c3db1deb4b.jpg?ver=1776829466\",\"caption\":\"admin\"},\"sameAs\":[\"https:\\\/\\\/tirinha.com\"],\"url\":\"https:\\\/\\\/tirinha.com\\\/ro\\\/author\\\/admin\\\/\"}]}<\/script>\n<!-- \/ Yoast SEO plugin. -->","yoast_head_json":{"title":"Noul trailer pentru 'Spider-Man: Into the Spider-Verse' - Tirinha.com","robots":{"index":"index","follow":"follow","max-snippet":"max-snippet:-1","max-image-preview":"max-image-preview:large","max-video-preview":"max-video-preview:-1"},"canonical":"https:\/\/tirinha.com\/ro\/1083\/noul-trailer-pentru-spider-man-into-the-spider-verse\/","og_locale":"ro_RO","og_type":"article","og_title":"Novo trailer de 'Homem-Aranha no Aranhaverso' - Tirinha.com","og_description":"Multiverso do Homem-Aranha Uma nova pr\u00e9via da sequ\u00eancia Homem-Aranha no Aranhaverso chegou. de volta com milhas Ap\u00f3s o t\u00e3o aclamado &hellip;","og_url":"https:\/\/tirinha.com\/ro\/1083\/noul-trailer-pentru-spider-man-into-the-spider-verse\/","og_site_name":"Tirinha.com","article_published_time":"2023-04-05T22:35:16+00:00","og_image":[{"url":"https:\/\/elgeneracionalpost.com\/wp-content\/uploads\/2023\/04\/SV2_trsb0225_4K_lm_v13-1024x429.jpg","type":"","width":"","height":""}],"author":"admin","twitter_card":"summary_large_image","twitter_image":"https:\/\/elgeneracionalpost.com\/wp-content\/uploads\/2023\/04\/SV2_trsb0225_4K_lm_v13-1024x429.jpg","twitter_misc":{"Scris de":"admin","Timp estimat pentru citire":"2 minute"},"schema":{"@context":"https:\/\/schema.org","@graph":[{"@type":"Article","@id":"https:\/\/tirinha.com\/1083\/novo-trailer-de-homem-aranha-no-aranhaverso\/#article","isPartOf":{"@id":"https:\/\/tirinha.com\/1083\/novo-trailer-de-homem-aranha-no-aranhaverso\/"},"author":{"name":"admin","@id":"https:\/\/tirinha.com\/#\/schema\/person\/e22bdfbe17e0461f7e927e6a1208d4d9"},"headline":"Novo trailer de &#8216;Homem-Aranha no Aranhaverso&#8217;","datePublished":"2023-04-05T22:35:16+00:00","mainEntityOfPage":{"@id":"https:\/\/tirinha.com\/1083\/novo-trailer-de-homem-aranha-no-aranhaverso\/"},"wordCount":418,"commentCount":0,"publisher":{"@id":"https:\/\/tirinha.com\/#organization"},"image":{"@id":"https:\/\/tirinha.com\/1083\/novo-trailer-de-homem-aranha-no-aranhaverso\/#primaryimage"},"thumbnailUrl":"https:\/\/elgeneracionalpost.com\/wp-content\/uploads\/2023\/04\/SV2_trsb0225_4K_lm_v13-1024x429.jpg","articleSection":["Cultura e lazer"],"inLanguage":"ro-RO","potentialAction":[{"@type":"CommentAction","name":"Comment","target":["https:\/\/tirinha.com\/1083\/novo-trailer-de-homem-aranha-no-aranhaverso\/#respond"]}]},{"@type":"WebPage","@id":"https:\/\/tirinha.com\/1083\/novo-trailer-de-homem-aranha-no-aranhaverso\/","url":"https:\/\/tirinha.com\/1083\/novo-trailer-de-homem-aranha-no-aranhaverso\/","name":"Noul trailer pentru 'Spider-Man: Into the Spider-Verse' - Tirinha.com","isPartOf":{"@id":"https:\/\/tirinha.com\/#website"},"primaryImageOfPage":{"@id":"https:\/\/tirinha.com\/1083\/novo-trailer-de-homem-aranha-no-aranhaverso\/#primaryimage"},"image":{"@id":"https:\/\/tirinha.com\/1083\/novo-trailer-de-homem-aranha-no-aranhaverso\/#primaryimage"},"thumbnailUrl":"https:\/\/elgeneracionalpost.com\/wp-content\/uploads\/2023\/04\/SV2_trsb0225_4K_lm_v13-1024x429.jpg","datePublished":"2023-04-05T22:35:16+00:00","breadcrumb":{"@id":"https:\/\/tirinha.com\/1083\/novo-trailer-de-homem-aranha-no-aranhaverso\/#breadcrumb"},"inLanguage":"ro-RO","potentialAction":[{"@type":"ReadAction","target":["https:\/\/tirinha.com\/1083\/novo-trailer-de-homem-aranha-no-aranhaverso\/"]}]},{"@type":"ImageObject","inLanguage":"ro-RO","@id":"https:\/\/tirinha.com\/1083\/novo-trailer-de-homem-aranha-no-aranhaverso\/#primaryimage","url":"https:\/\/elgeneracionalpost.com\/wp-content\/uploads\/2023\/04\/SV2_trsb0225_4K_lm_v13-1024x429.jpg","contentUrl":"https:\/\/elgeneracionalpost.com\/wp-content\/uploads\/2023\/04\/SV2_trsb0225_4K_lm_v13-1024x429.jpg"},{"@type":"BreadcrumbList","@id":"https:\/\/tirinha.com\/1083\/novo-trailer-de-homem-aranha-no-aranhaverso\/#breadcrumb","itemListElement":[{"@type":"ListItem","position":1,"name":"Home","item":"https:\/\/tirinha.com\/"},{"@type":"ListItem","position":2,"name":"Novo trailer de &#8216;Homem-Aranha no Aranhaverso&#8217;"}]},{"@type":"WebSite","@id":"https:\/\/tirinha.com\/#website","url":"https:\/\/tirinha.com\/","name":"Tirinha.com","description":"Recenzii de art\u0103 \u0219i c\u0103r\u021bi","publisher":{"@id":"https:\/\/tirinha.com\/#organization"},"potentialAction":[{"@type":"SearchAction","target":{"@type":"EntryPoint","urlTemplate":"https:\/\/tirinha.com\/?s={search_term_string}"},"query-input":{"@type":"PropertyValueSpecification","valueRequired":true,"valueName":"search_term_string"}}],"inLanguage":"ro-RO"},{"@type":"Organization","@id":"https:\/\/tirinha.com\/#organization","name":"Tirinha.com","url":"https:\/\/tirinha.com\/","logo":{"@type":"ImageObject","inLanguage":"ro-RO","@id":"https:\/\/tirinha.com\/#\/schema\/logo\/image\/","url":"https:\/\/tirinha.com\/wp-content\/uploads\/2023\/08\/cropped-Logo-Tirinha.webp","contentUrl":"https:\/\/tirinha.com\/wp-content\/uploads\/2023\/08\/cropped-Logo-Tirinha.webp","width":512,"height":512,"caption":"Tirinha.com"},"image":{"@id":"https:\/\/tirinha.com\/#\/schema\/logo\/image\/"}},{"@type":"Person","@id":"https:\/\/tirinha.com\/#\/schema\/person\/e22bdfbe17e0461f7e927e6a1208d4d9","name":"administrator","image":{"@type":"ImageObject","inLanguage":"ro-RO","@id":"https:\/\/tirinha.com\/wp-content\/litespeed\/avatar\/d0068f7931cc87d7274eb0c3db1deb4b.jpg?ver=1776829466","url":"https:\/\/tirinha.com\/wp-content\/litespeed\/avatar\/d0068f7931cc87d7274eb0c3db1deb4b.jpg?ver=1776829466","contentUrl":"https:\/\/tirinha.com\/wp-content\/litespeed\/avatar\/d0068f7931cc87d7274eb0c3db1deb4b.jpg?ver=1776829466","caption":"admin"},"sameAs":["https:\/\/tirinha.com"],"url":"https:\/\/tirinha.com\/ro\/author\/admin\/"}]}},"_links":{"self":[{"href":"https:\/\/tirinha.com\/ro\/wp-json\/wp\/v2\/posts\/1083","targetHints":{"allow":["GET"]}}],"collection":[{"href":"https:\/\/tirinha.com\/ro\/wp-json\/wp\/v2\/posts"}],"about":[{"href":"https:\/\/tirinha.com\/ro\/wp-json\/wp\/v2\/types\/post"}],"author":[{"embeddable":true,"href":"https:\/\/tirinha.com\/ro\/wp-json\/wp\/v2\/users\/1"}],"replies":[{"embeddable":true,"href":"https:\/\/tirinha.com\/ro\/wp-json\/wp\/v2\/comments?post=1083"}],"version-history":[{"count":0,"href":"https:\/\/tirinha.com\/ro\/wp-json\/wp\/v2\/posts\/1083\/revisions"}],"wp:featuredmedia":[{"embeddable":true,"href":"https:\/\/tirinha.com\/ro\/wp-json\/wp\/v2\/media\/1086"}],"wp:attachment":[{"href":"https:\/\/tirinha.com\/ro\/wp-json\/wp\/v2\/media?parent=1083"}],"wp:term":[{"taxonomy":"category","embeddable":true,"href":"https:\/\/tirinha.com\/ro\/wp-json\/wp\/v2\/categories?post=1083"},{"taxonomy":"post_tag","embeddable":true,"href":"https:\/\/tirinha.com\/ro\/wp-json\/wp\/v2\/tags?post=1083"}],"curies":[{"name":"wp","href":"https:\/\/api.w.org\/{rel}","templated":true}]}}