{"id":1063,"date":"2023-04-05T11:46:23","date_gmt":"2023-04-05T11:46:23","guid":{"rendered":"https:\/\/tirinha.com\/grammy-latino-2018-eg-o-jornal-digital-noticias-presente\/"},"modified":"2023-04-05T11:46:23","modified_gmt":"2023-04-05T11:46:23","slug":"latin-grammy-2018-de-exemplu-prezentarea-de-stiri-a-ziarului-digital","status":"publish","type":"post","link":"https:\/\/tirinha.com\/ro\/1063\/grammy-latino-2018-eg-o-jornal-digital-noticias-presente\/","title":{"rendered":"Latin Grammy 2018 \u2013 EG. Ziarul digital. \u015etiri. Cadou"},"content":{"rendered":"<p><\/p>\n<div data-td-block-uid=\"tdi_70\">\n<div class=\"tdb-block-inner td-fix-index\">\n<h3><span style=\"color:#808080;\">Un succes care se repet\u0103 an de an <\/span><\/h3>\n<figure id=\"attachment_649\" aria-describedby=\"caption-attachment-649\" style=\"width: 992px\" class=\"wp-caption alignnone\"><img fetchpriority=\"high\" data-attachment-id=\"649\" data-permalink=\"https:\/\/elgeneracionalpost.com\/cultura\/2018\/1116\/648\/los-grammy-latino-2018.html\/attachment\/rosalia\" data-orig-file=\"https:\/\/i0.wp.com\/elgeneracionalpost.com\/wp-content\/uploads\/2018\/11\/rosalia.jpg?fit=992%2C558&amp;ssl=1\" data-orig-size=\"992,558\" data-comments-opened=\"1\" data-image-meta=\"{&quot;aperture&quot;:&quot;0&quot;,&quot;credit&quot;:&quot;&quot;,&quot;camera&quot;:&quot;&quot;,&quot;caption&quot;:&quot;&quot;,&quot;created_timestamp&quot;:&quot;0&quot;,&quot;copyright&quot;:&quot;&quot;,&quot;focal_length&quot;:&quot;0&quot;,&quot;iso&quot;:&quot;0&quot;,&quot;shutter_speed&quot;:&quot;0&quot;,&quot;title&quot;:&quot;&quot;,&quot;orientation&quot;:&quot;0&quot;}\" data-image-title=\"rosalia\" data-image-description=\"\" data-image-caption=\"\" data-medium-file=\"https:\/\/i0.wp.com\/elgeneracionalpost.com\/wp-content\/uploads\/2018\/11\/rosalia.jpg?fit=300%2C169&amp;ssl=1\" data-large-file=\"https:\/\/i0.wp.com\/elgeneracionalpost.com\/wp-content\/uploads\/2018\/11\/rosalia.jpg?fit=696%2C392&amp;ssl=1\" decoding=\"async\" class=\"alignnone size-full wp-image-649 jetpack-lazy-image\" src=\"https:\/\/i0.wp.com\/elgeneracionalpost.com\/wp-content\/uploads\/2018\/11\/rosalia.jpg?resize=696%2C392&amp;ssl=1\" alt=\"rozalia\" width=\"696\" height=\"392\" data-recalc-dims=\"1\" data-lazy-src=\"https:\/\/i0.wp.com\/elgeneracionalpost.com\/wp-content\/uploads\/2018\/11\/rosalia.jpg?resize=696%2C392&amp;is-pending-load=1#038;ssl=1\" srcset=\"data:image\/gif;base64,R0lGODlhAQABAIAAAAAAAP\/\/\/yH5BAEAAAAALAAAAAABAAEAAAIBRAA7\"\/><noscript><img data-lazy-fallback=\"1\" data-attachment-id=\"649\" data-permalink=\"https:\/\/elgeneracionalpost.com\/cultura\/2018\/1116\/648\/los-grammy-latino-2018.html\/attachment\/rosalia\" data-orig-file=\"https:\/\/i0.wp.com\/elgeneracionalpost.com\/wp-content\/uploads\/2018\/11\/rosalia.jpg?fit=992%2C558&amp;ssl=1\" data-orig-size=\"992,558\" data-comments-opened=\"1\" data-image-meta=\"{&quot;aperture&quot;:&quot;0&quot;,&quot;credit&quot;:&quot;&quot;,&quot;camera&quot;:&quot;&quot;,&quot;caption&quot;:&quot;&quot;,&quot;created_timestamp&quot;:&quot;0&quot;,&quot;copyright&quot;:&quot;&quot;,&quot;focal_length&quot;:&quot;0&quot;,&quot;iso&quot;:&quot;0&quot;,&quot;shutter_speed&quot;:&quot;0&quot;,&quot;title&quot;:&quot;&quot;,&quot;orientation&quot;:&quot;0&quot;}\" data-image-title=\"rosalia\" data-image-description=\"\" data-image-caption=\"\" data-medium-file=\"https:\/\/i0.wp.com\/elgeneracionalpost.com\/wp-content\/uploads\/2018\/11\/rosalia.jpg?fit=300%2C169&amp;ssl=1\" data-large-file=\"https:\/\/i0.wp.com\/elgeneracionalpost.com\/wp-content\/uploads\/2018\/11\/rosalia.jpg?fit=696%2C392&amp;ssl=1\" decoding=\"async\" class=\"alignnone size-full wp-image-649\" src=\"https:\/\/i0.wp.com\/elgeneracionalpost.com\/wp-content\/uploads\/2018\/11\/rosalia.jpg?resize=696%2C392&amp;ssl=1\" alt=\"rozalia\" width=\"696\" height=\"392\" data-recalc-dims=\"1\"\/><\/noscript><figcaption id=\"caption-attachment-649\" class=\"wp-caption-text\">Rosal\u00eda la premiile Grammy 2018 (Robyn Beck\/AFP)<\/figcaption><\/figure>\n<p>Premiile Latin Grammy sunt o onoare acordat\u0103 de Academia Na\u021bional\u0103 a Artelor \u0219i \u0218tiin\u021belor \u00cenregistr\u0103rii din Statele Unite pentru a recunoa\u0219te o realizare deosebit de notabil\u0103 \u00een industria muzical\u0103 pentru un anumit artist. Ceremonia anual\u0103 de decernare a premiilor include spectacole ale arti\u0219tilor importan\u021bi \u0219i prezentarea de premii care trezesc cel mai mare interes popular.<\/p>\n<p>Anul acesta, ceremonia de premiere a avut loc pe 15 noiembrie la MGM Grand Garden Arena din Las Vegas. \u00cen cadrul evenimentului au f\u0103cut parte principalele figuri ale muzicii \u00een spaniol\u0103 (\u0219i portughez\u0103).<\/p>\n<p>Ceremonia a \u00eenceput cu c\u00e2nt\u0103re\u021bul de salsa Marc Anthony, c\u00e2nt\u0103re\u021bul \u0219i actorul Will Smith \u0219i reggaetonul Bad Bunny.<\/p>\n<p>Spania a avut o reprezentare fructuoas\u0103 la gal\u0103; Bunbury au fost premia\u021bi ca cel mai bun album rock pentru <em>A\u0219tept\u0103ri<\/em>\u0219i Manolo Garc\u00eda pentru cel mai bun album pop\/rock pentru al s\u0103u <em>geometria fulgerului<\/em>. Astfel, c\u00e2nt\u0103rea\u021ba Rosal\u00eda cu noul ei album <em>voin\u0163a r\u0103ului<\/em> Ea a fost, de asemenea, premiat\u0103 \u0219i a prezentat un spectacol de lupt\u0103 cu tauri interpret\u00e2nd melodia ei \u201eMalamente\u201d<em>. <\/em>Dar nu a fost singurul care a \u0219ocat publicul, Man\u00e1 i-a ridicat de pe scaune.<\/p>\n<p>\u00cen cele din urm\u0103, aceasta este lista c\u00e2\u0219tig\u0103torilor conform Proiectului Trust:<\/p>\n<ul>\n<li>Recordul anului: \u201eTelefonie\u201d, Jorge Drexler.<\/li>\n<li>C\u00e2ntecul anului: \u201eTelefonie\u201d, Jorge Drexler.<\/li>\n<li>Albumul anului: <em>Mexic pentru totdeauna<\/em>Luis Miguel.<\/li>\n<li>Cel mai bun debutant: Karol G.<\/li>\n<li>Cel mai bun album vocal pop tradi\u021bional: <em>f\u0103-te sim\u021bit<\/em>Laura Pausini.<\/li>\n<li>Cel mai bun album vocal pop contemporan: <em>FAME<\/em>Maluma.<\/li>\n<li>Cel mai bun album de muzic\u0103 urban\u0103: <em>Vibra\u021bii<\/em>J. Balvin.<\/li>\n<li>Cel mai bun c\u00e2ntec de muzic\u0103 urban\u0103: \u201eDura\u201d, Daddy Yankee, Urbani Mota Cedeno, Juan G. Rivera V\u00e1zquez \u0219i Luis Jorge Romero.<\/li>\n<li>Cel mai bun album de muzic\u0103 nordic\u0103: <em>r\u0103zboi proxy<\/em>calibru 50 \u0219i <em>\u00eengerii exist\u0103<\/em>Greutate (dublu c\u00e2\u0219tig\u0103tor).<\/li>\n<li>Cel mai bun album de salsa: <em>25\/07<\/em>Victor Manuelle.<\/li>\n<li>Cea mai bun\u0103 fuziune\/interpretare urban\u0103: \u00abMalamente\u00bb, Rosal\u00eda.<\/li>\n<li>Cel mai bun album cre\u0219tin (\u00een portughez\u0103): <em>Suntem via\u021ba mea<\/em>Fernanda Brum.<\/li>\n<li>Cel mai bun album pop contemporan \u00een limba portughez\u0103: <em>nocturn<\/em>Anadi.<\/li>\n<li>Cel mai bun album de muzic\u0103 rock sau alternativ\u0103 \u00een portughez\u0103: <em>Lenin \u00een tranzit<\/em>Lenin.<\/li>\n<li>Cel mai bun album de samba\/pagode: <em>dragoste si muzica<\/em>Maria Rita.<\/li>\n<li>Cel mai bun album de muzic\u0103 popular\u0103 brazilian\u0103: <em>rulote<\/em>Chico Buarque.<\/li>\n<li>Cel mai bun album de muzic\u0103 country: <em>Sunt dovezi<\/em>Chit\u00e3ozinho &amp; Xoror\u00f3.<\/li>\n<li>Cea mai bun\u0103 melodie \u00een portughez\u0103: \u00abAs caravanas\u00bb, Chico Buarque.<\/li>\n<li>Cel mai bun album instrumental: <em>Identitate<\/em>Miguel Siso.<\/li>\n<li>Cel mai bun album popular: <em>Musas (un omagiu adus folclorului din America Latin\u0103 \u00een m\u00e2inile lui Los Macorinos), Vol. 2<\/em>Natalia Lafourcade.<\/li>\n<li>Cel mai bun album de tango: <em>vigoare tango<\/em>Pedro Giraudo.<\/li>\n<li>Cel mai bun album de muzica flamenco: <em>la est de muzica<\/em>Arhanghel.<\/li>\n<li>Cel mai bun album de jazz\/jazz latin: <em>natura universal\u0103<\/em>Hermeto Pascoal &amp; Big Band.<\/li>\n<li>Cel mai bun album de muzic\u0103 roots \u00een portughez\u0103: <em>+AR<\/em>Almir Sater \u0219i Renato Teixeira.<\/li>\n<li>Cel mai bun album cre\u0219tin (\u00een spaniol\u0103): <em>\u0219aptezeci de ori \u0219apte<\/em>Olarii.<\/li>\n<li>Cel mai bun album de muzic\u0103 latin\u0103 pentru copii: <em>\u00eemi voi imagina<\/em>Lumina lunii.<\/li>\n<li>Cel mai bun album de muzic\u0103 clasic\u0103: <em>magic \u0219i misterios<\/em>Claudia Montero.<\/li>\n<li>Cea mai bun\u0103 oper\u0103\/compozi\u021bie clasic\u0103 contemporan\u0103: \u00abLuces y shadows. Concert pentru chitar\u0103 \u0219i orchestr\u0103 de coarde\u00bb, Claudia Montero.<\/li>\n<li>Cel mai bun aranjament: <em>vezi tu<\/em>Milton Salcedo.<\/li>\n<li>Cel mai bun design de ambalare: <em>diferite tipuri de lumin\u0103<\/em>Carlos Triste\u021be.<\/li>\n<li>Cel mai bun album cumbia\/vallenato: <em>Asta e via\u0163a<\/em>Silvestre Dangond.<\/li>\n<li>Cel mai bun album tropical contemporan: <em>tr\u0103ie\u015fti<\/em>Carlos Vives.<\/li>\n<li>Cel mai bun album tropical tradi\u021bional: <em>A m\u00ed qu\u00e9 \u2013 Omagiu adus clasicilor cubanezi<\/em>Jos\u00e9 Alberto El Canario \u0219i El Septeto Santiaguero.<\/li>\n<li>Cel mai bun album Tropical Fusion: <em>Ca un inel pe deget<\/em>Aymee Nuviola.<\/li>\n<li>Cea mai bun\u0103 melodie tropical\u0103: \u201eI want time\u201d, Juan Carlos Luces \u0219i V\u00edctor Manuelle.<\/li>\n<li>Cel mai bun album de c\u00e2nt\u0103re\u021b \u0219i compozitor: <em>vest\u0103 de salvare de ghea\u021b\u0103<\/em>George Drexler.<\/li>\n<li>Cel mai bun album muzical ranchera\/mariachi: <em>Mexic pentru totdeauna<\/em>Luis Miguel.<\/li>\n<\/ul>\n<p>\u200b<\/p>\n<div class=\"sharedaddy sd-block sd-like jetpack-likes-widget-wrapper jetpack-likes-widget-unloaded\" id=\"like-post-wrapper-153844979-648-642d5f8e9e806\" data-src=\"https:\/\/widgets.wp.com\/likes\/#blog_id=153844979&amp;post_id=648&amp;origin=elgeneracionalpost.com&amp;obj_id=153844979-648-642d5f8e9e806\" data-name=\"like-post-frame-153844979-648-642d5f8e9e806\" data-title=\"Me gusta o Compartir\">\n<h3 class=\"sd-title\">\u00cemi place asta:<\/h3>\n<p><span class=\"button\"><span>imi place<\/span><\/span> <span class=\"loading\">\u00cenc\u0103rcare\u2026<\/span><\/p>\n<p><span class=\"sd-text-color\"\/><\/div>\n<p><h3 class=\"jp-relatedposts-headline\"><em>\u00cenrudit<\/em><\/h3>\n<\/p>\n<\/div>\n<\/div>","protected":false},"excerpt":{"rendered":"<p>Un succes care se repet\u0103 an de an Rosal\u00eda la Premiile Grammy 2018 (Robyn Beck\/AFP) Premiile Latin Grammy sunt... <\/p>","protected":false},"author":1,"featured_media":1064,"comment_status":"open","ping_status":"open","sticky":false,"template":"","format":"standard","meta":{"fifu_image_url":"https:\/\/i2.wp.com\/elgeneracionalpost.com\/wp-content\/uploads\/2018\/11\/rosalia.jpg?fit=992,558&ssl=1","fifu_image_alt":"","footnotes":""},"categories":[35],"tags":[],"class_list":["post-1063","post","type-post","status-publish","format-standard","has-post-thumbnail","hentry","category-cultura-e-lazer","latest_post"],"yoast_head":"<!-- This site is optimized with the Yoast SEO plugin v27.3 - https:\/\/yoast.com\/product\/yoast-seo-wordpress\/ -->\n<title>Grammy Latino 2018 - EG. O jornal digital. Not\u00edcias. Presente - Tirinha.com<\/title>\n<meta name=\"robots\" content=\"index, follow, max-snippet:-1, max-image-preview:large, max-video-preview:-1\" \/>\n<link rel=\"canonical\" href=\"https:\/\/tirinha.com\/ro\/1063\/latin-grammy-2018-de-exemplu-prezentarea-de-stiri-a-ziarului-digital\/\" \/>\n<meta property=\"og:locale\" content=\"ro_RO\" \/>\n<meta property=\"og:type\" content=\"article\" \/>\n<meta property=\"og:title\" content=\"Grammy Latino 2018 - EG. O jornal digital. Not\u00edcias. Presente - Tirinha.com\" \/>\n<meta property=\"og:description\" content=\"Um sucesso que se repete ano ap\u00f3s ano Rosal\u00eda no Grammy Awards 2018 (Robyn Beck\/ AFP) O Grammy Latino \u00e9 &hellip;\" \/>\n<meta property=\"og:url\" content=\"https:\/\/tirinha.com\/ro\/1063\/latin-grammy-2018-de-exemplu-prezentarea-de-stiri-a-ziarului-digital\/\" \/>\n<meta property=\"og:site_name\" content=\"Tirinha.com\" \/>\n<meta property=\"article:published_time\" content=\"2023-04-05T11:46:23+00:00\" \/>\n<meta property=\"og:image\" content=\"https:\/\/i2.wp.com\/elgeneracionalpost.com\/wp-content\/uploads\/2018\/11\/rosalia.jpg?fit=992,558&ssl=1\" \/>\n<meta name=\"author\" content=\"admin\" \/>\n<meta name=\"twitter:card\" content=\"summary_large_image\" \/>\n<meta name=\"twitter:image\" content=\"https:\/\/i2.wp.com\/elgeneracionalpost.com\/wp-content\/uploads\/2018\/11\/rosalia.jpg?fit=992,558&ssl=1\" \/>\n<meta name=\"twitter:label1\" content=\"Scris de\" \/>\n\t<meta name=\"twitter:data1\" content=\"admin\" \/>\n\t<meta name=\"twitter:label2\" content=\"Timp estimat pentru citire\" \/>\n\t<meta name=\"twitter:data2\" content=\"3 minute\" \/>\n<script type=\"application\/ld+json\" class=\"yoast-schema-graph\">{\"@context\":\"https:\\\/\\\/schema.org\",\"@graph\":[{\"@type\":\"Article\",\"@id\":\"https:\\\/\\\/tirinha.com\\\/1063\\\/grammy-latino-2018-eg-o-jornal-digital-noticias-presente\\\/#article\",\"isPartOf\":{\"@id\":\"https:\\\/\\\/tirinha.com\\\/1063\\\/grammy-latino-2018-eg-o-jornal-digital-noticias-presente\\\/\"},\"author\":{\"name\":\"admin\",\"@id\":\"https:\\\/\\\/tirinha.com\\\/#\\\/schema\\\/person\\\/e22bdfbe17e0461f7e927e6a1208d4d9\"},\"headline\":\"Grammy Latino 2018 &#8211; EG. O jornal digital. Not\u00edcias. Presente\",\"datePublished\":\"2023-04-05T11:46:23+00:00\",\"mainEntityOfPage\":{\"@id\":\"https:\\\/\\\/tirinha.com\\\/1063\\\/grammy-latino-2018-eg-o-jornal-digital-noticias-presente\\\/\"},\"wordCount\":655,\"commentCount\":0,\"publisher\":{\"@id\":\"https:\\\/\\\/tirinha.com\\\/#organization\"},\"image\":{\"@id\":\"https:\\\/\\\/tirinha.com\\\/1063\\\/grammy-latino-2018-eg-o-jornal-digital-noticias-presente\\\/#primaryimage\"},\"thumbnailUrl\":\"https:\\\/\\\/i2.wp.com\\\/elgeneracionalpost.com\\\/wp-content\\\/uploads\\\/2018\\\/11\\\/rosalia.jpg?fit=992,558&ssl=1\",\"articleSection\":[\"Cultura e lazer\"],\"inLanguage\":\"ro-RO\",\"potentialAction\":[{\"@type\":\"CommentAction\",\"name\":\"Comment\",\"target\":[\"https:\\\/\\\/tirinha.com\\\/1063\\\/grammy-latino-2018-eg-o-jornal-digital-noticias-presente\\\/#respond\"]}]},{\"@type\":\"WebPage\",\"@id\":\"https:\\\/\\\/tirinha.com\\\/1063\\\/grammy-latino-2018-eg-o-jornal-digital-noticias-presente\\\/\",\"url\":\"https:\\\/\\\/tirinha.com\\\/1063\\\/grammy-latino-2018-eg-o-jornal-digital-noticias-presente\\\/\",\"name\":\"Grammy Latino 2018 - EG. O jornal digital. Not\u00edcias. Presente - Tirinha.com\",\"isPartOf\":{\"@id\":\"https:\\\/\\\/tirinha.com\\\/#website\"},\"primaryImageOfPage\":{\"@id\":\"https:\\\/\\\/tirinha.com\\\/1063\\\/grammy-latino-2018-eg-o-jornal-digital-noticias-presente\\\/#primaryimage\"},\"image\":{\"@id\":\"https:\\\/\\\/tirinha.com\\\/1063\\\/grammy-latino-2018-eg-o-jornal-digital-noticias-presente\\\/#primaryimage\"},\"thumbnailUrl\":\"https:\\\/\\\/i2.wp.com\\\/elgeneracionalpost.com\\\/wp-content\\\/uploads\\\/2018\\\/11\\\/rosalia.jpg?fit=992,558&ssl=1\",\"datePublished\":\"2023-04-05T11:46:23+00:00\",\"breadcrumb\":{\"@id\":\"https:\\\/\\\/tirinha.com\\\/1063\\\/grammy-latino-2018-eg-o-jornal-digital-noticias-presente\\\/#breadcrumb\"},\"inLanguage\":\"ro-RO\",\"potentialAction\":[{\"@type\":\"ReadAction\",\"target\":[\"https:\\\/\\\/tirinha.com\\\/1063\\\/grammy-latino-2018-eg-o-jornal-digital-noticias-presente\\\/\"]}]},{\"@type\":\"ImageObject\",\"inLanguage\":\"ro-RO\",\"@id\":\"https:\\\/\\\/tirinha.com\\\/1063\\\/grammy-latino-2018-eg-o-jornal-digital-noticias-presente\\\/#primaryimage\",\"url\":\"https:\\\/\\\/i2.wp.com\\\/elgeneracionalpost.com\\\/wp-content\\\/uploads\\\/2018\\\/11\\\/rosalia.jpg?fit=992,558&ssl=1\",\"contentUrl\":\"https:\\\/\\\/i2.wp.com\\\/elgeneracionalpost.com\\\/wp-content\\\/uploads\\\/2018\\\/11\\\/rosalia.jpg?fit=992,558&ssl=1\"},{\"@type\":\"BreadcrumbList\",\"@id\":\"https:\\\/\\\/tirinha.com\\\/1063\\\/grammy-latino-2018-eg-o-jornal-digital-noticias-presente\\\/#breadcrumb\",\"itemListElement\":[{\"@type\":\"ListItem\",\"position\":1,\"name\":\"Home\",\"item\":\"https:\\\/\\\/tirinha.com\\\/\"},{\"@type\":\"ListItem\",\"position\":2,\"name\":\"Grammy Latino 2018 &#8211; EG. O jornal digital. Not\u00edcias. Presente\"}]},{\"@type\":\"WebSite\",\"@id\":\"https:\\\/\\\/tirinha.com\\\/#website\",\"url\":\"https:\\\/\\\/tirinha.com\\\/\",\"name\":\"Tirinha.com\",\"description\":\"Arte e livros resenhas\",\"publisher\":{\"@id\":\"https:\\\/\\\/tirinha.com\\\/#organization\"},\"potentialAction\":[{\"@type\":\"SearchAction\",\"target\":{\"@type\":\"EntryPoint\",\"urlTemplate\":\"https:\\\/\\\/tirinha.com\\\/?s={search_term_string}\"},\"query-input\":{\"@type\":\"PropertyValueSpecification\",\"valueRequired\":true,\"valueName\":\"search_term_string\"}}],\"inLanguage\":\"ro-RO\"},{\"@type\":\"Organization\",\"@id\":\"https:\\\/\\\/tirinha.com\\\/#organization\",\"name\":\"Tirinha.com\",\"url\":\"https:\\\/\\\/tirinha.com\\\/\",\"logo\":{\"@type\":\"ImageObject\",\"inLanguage\":\"ro-RO\",\"@id\":\"https:\\\/\\\/tirinha.com\\\/#\\\/schema\\\/logo\\\/image\\\/\",\"url\":\"https:\\\/\\\/tirinha.com\\\/wp-content\\\/uploads\\\/2023\\\/08\\\/cropped-Logo-Tirinha.webp\",\"contentUrl\":\"https:\\\/\\\/tirinha.com\\\/wp-content\\\/uploads\\\/2023\\\/08\\\/cropped-Logo-Tirinha.webp\",\"width\":512,\"height\":512,\"caption\":\"Tirinha.com\"},\"image\":{\"@id\":\"https:\\\/\\\/tirinha.com\\\/#\\\/schema\\\/logo\\\/image\\\/\"}},{\"@type\":\"Person\",\"@id\":\"https:\\\/\\\/tirinha.com\\\/#\\\/schema\\\/person\\\/e22bdfbe17e0461f7e927e6a1208d4d9\",\"name\":\"admin\",\"image\":{\"@type\":\"ImageObject\",\"inLanguage\":\"ro-RO\",\"@id\":\"https:\\\/\\\/tirinha.com\\\/wp-content\\\/litespeed\\\/avatar\\\/d0068f7931cc87d7274eb0c3db1deb4b.jpg?ver=1776829466\",\"url\":\"https:\\\/\\\/tirinha.com\\\/wp-content\\\/litespeed\\\/avatar\\\/d0068f7931cc87d7274eb0c3db1deb4b.jpg?ver=1776829466\",\"contentUrl\":\"https:\\\/\\\/tirinha.com\\\/wp-content\\\/litespeed\\\/avatar\\\/d0068f7931cc87d7274eb0c3db1deb4b.jpg?ver=1776829466\",\"caption\":\"admin\"},\"sameAs\":[\"https:\\\/\\\/tirinha.com\"],\"url\":\"https:\\\/\\\/tirinha.com\\\/ro\\\/author\\\/admin\\\/\"}]}<\/script>\n<!-- \/ Yoast SEO plugin. -->","yoast_head_json":{"title":"Latin Grammy 2018 - EG. Ziarul digital. \u0218tiri. Prezentare - Tirinha.com","robots":{"index":"index","follow":"follow","max-snippet":"max-snippet:-1","max-image-preview":"max-image-preview:large","max-video-preview":"max-video-preview:-1"},"canonical":"https:\/\/tirinha.com\/ro\/1063\/latin-grammy-2018-de-exemplu-prezentarea-de-stiri-a-ziarului-digital\/","og_locale":"ro_RO","og_type":"article","og_title":"Grammy Latino 2018 - EG. O jornal digital. Not\u00edcias. Presente - Tirinha.com","og_description":"Um sucesso que se repete ano ap\u00f3s ano Rosal\u00eda no Grammy Awards 2018 (Robyn Beck\/ AFP) O Grammy Latino \u00e9 &hellip;","og_url":"https:\/\/tirinha.com\/ro\/1063\/latin-grammy-2018-de-exemplu-prezentarea-de-stiri-a-ziarului-digital\/","og_site_name":"Tirinha.com","article_published_time":"2023-04-05T11:46:23+00:00","og_image":[{"url":"https:\/\/i2.wp.com\/elgeneracionalpost.com\/wp-content\/uploads\/2018\/11\/rosalia.jpg?fit=992,558&ssl=1","type":"","width":"","height":""}],"author":"admin","twitter_card":"summary_large_image","twitter_image":"https:\/\/i2.wp.com\/elgeneracionalpost.com\/wp-content\/uploads\/2018\/11\/rosalia.jpg?fit=992,558&ssl=1","twitter_misc":{"Scris de":"admin","Timp estimat pentru citire":"3 minute"},"schema":{"@context":"https:\/\/schema.org","@graph":[{"@type":"Article","@id":"https:\/\/tirinha.com\/1063\/grammy-latino-2018-eg-o-jornal-digital-noticias-presente\/#article","isPartOf":{"@id":"https:\/\/tirinha.com\/1063\/grammy-latino-2018-eg-o-jornal-digital-noticias-presente\/"},"author":{"name":"admin","@id":"https:\/\/tirinha.com\/#\/schema\/person\/e22bdfbe17e0461f7e927e6a1208d4d9"},"headline":"Grammy Latino 2018 &#8211; EG. O jornal digital. Not\u00edcias. Presente","datePublished":"2023-04-05T11:46:23+00:00","mainEntityOfPage":{"@id":"https:\/\/tirinha.com\/1063\/grammy-latino-2018-eg-o-jornal-digital-noticias-presente\/"},"wordCount":655,"commentCount":0,"publisher":{"@id":"https:\/\/tirinha.com\/#organization"},"image":{"@id":"https:\/\/tirinha.com\/1063\/grammy-latino-2018-eg-o-jornal-digital-noticias-presente\/#primaryimage"},"thumbnailUrl":"https:\/\/i2.wp.com\/elgeneracionalpost.com\/wp-content\/uploads\/2018\/11\/rosalia.jpg?fit=992,558&ssl=1","articleSection":["Cultura e lazer"],"inLanguage":"ro-RO","potentialAction":[{"@type":"CommentAction","name":"Comment","target":["https:\/\/tirinha.com\/1063\/grammy-latino-2018-eg-o-jornal-digital-noticias-presente\/#respond"]}]},{"@type":"WebPage","@id":"https:\/\/tirinha.com\/1063\/grammy-latino-2018-eg-o-jornal-digital-noticias-presente\/","url":"https:\/\/tirinha.com\/1063\/grammy-latino-2018-eg-o-jornal-digital-noticias-presente\/","name":"Latin Grammy 2018 - EG. Ziarul digital. \u0218tiri. Prezentare - Tirinha.com","isPartOf":{"@id":"https:\/\/tirinha.com\/#website"},"primaryImageOfPage":{"@id":"https:\/\/tirinha.com\/1063\/grammy-latino-2018-eg-o-jornal-digital-noticias-presente\/#primaryimage"},"image":{"@id":"https:\/\/tirinha.com\/1063\/grammy-latino-2018-eg-o-jornal-digital-noticias-presente\/#primaryimage"},"thumbnailUrl":"https:\/\/i2.wp.com\/elgeneracionalpost.com\/wp-content\/uploads\/2018\/11\/rosalia.jpg?fit=992,558&ssl=1","datePublished":"2023-04-05T11:46:23+00:00","breadcrumb":{"@id":"https:\/\/tirinha.com\/1063\/grammy-latino-2018-eg-o-jornal-digital-noticias-presente\/#breadcrumb"},"inLanguage":"ro-RO","potentialAction":[{"@type":"ReadAction","target":["https:\/\/tirinha.com\/1063\/grammy-latino-2018-eg-o-jornal-digital-noticias-presente\/"]}]},{"@type":"ImageObject","inLanguage":"ro-RO","@id":"https:\/\/tirinha.com\/1063\/grammy-latino-2018-eg-o-jornal-digital-noticias-presente\/#primaryimage","url":"https:\/\/i2.wp.com\/elgeneracionalpost.com\/wp-content\/uploads\/2018\/11\/rosalia.jpg?fit=992,558&ssl=1","contentUrl":"https:\/\/i2.wp.com\/elgeneracionalpost.com\/wp-content\/uploads\/2018\/11\/rosalia.jpg?fit=992,558&ssl=1"},{"@type":"BreadcrumbList","@id":"https:\/\/tirinha.com\/1063\/grammy-latino-2018-eg-o-jornal-digital-noticias-presente\/#breadcrumb","itemListElement":[{"@type":"ListItem","position":1,"name":"Home","item":"https:\/\/tirinha.com\/"},{"@type":"ListItem","position":2,"name":"Grammy Latino 2018 &#8211; EG. O jornal digital. Not\u00edcias. Presente"}]},{"@type":"WebSite","@id":"https:\/\/tirinha.com\/#website","url":"https:\/\/tirinha.com\/","name":"Tirinha.com","description":"Recenzii de art\u0103 \u0219i c\u0103r\u021bi","publisher":{"@id":"https:\/\/tirinha.com\/#organization"},"potentialAction":[{"@type":"SearchAction","target":{"@type":"EntryPoint","urlTemplate":"https:\/\/tirinha.com\/?s={search_term_string}"},"query-input":{"@type":"PropertyValueSpecification","valueRequired":true,"valueName":"search_term_string"}}],"inLanguage":"ro-RO"},{"@type":"Organization","@id":"https:\/\/tirinha.com\/#organization","name":"Tirinha.com","url":"https:\/\/tirinha.com\/","logo":{"@type":"ImageObject","inLanguage":"ro-RO","@id":"https:\/\/tirinha.com\/#\/schema\/logo\/image\/","url":"https:\/\/tirinha.com\/wp-content\/uploads\/2023\/08\/cropped-Logo-Tirinha.webp","contentUrl":"https:\/\/tirinha.com\/wp-content\/uploads\/2023\/08\/cropped-Logo-Tirinha.webp","width":512,"height":512,"caption":"Tirinha.com"},"image":{"@id":"https:\/\/tirinha.com\/#\/schema\/logo\/image\/"}},{"@type":"Person","@id":"https:\/\/tirinha.com\/#\/schema\/person\/e22bdfbe17e0461f7e927e6a1208d4d9","name":"administrator","image":{"@type":"ImageObject","inLanguage":"ro-RO","@id":"https:\/\/tirinha.com\/wp-content\/litespeed\/avatar\/d0068f7931cc87d7274eb0c3db1deb4b.jpg?ver=1776829466","url":"https:\/\/tirinha.com\/wp-content\/litespeed\/avatar\/d0068f7931cc87d7274eb0c3db1deb4b.jpg?ver=1776829466","contentUrl":"https:\/\/tirinha.com\/wp-content\/litespeed\/avatar\/d0068f7931cc87d7274eb0c3db1deb4b.jpg?ver=1776829466","caption":"admin"},"sameAs":["https:\/\/tirinha.com"],"url":"https:\/\/tirinha.com\/ro\/author\/admin\/"}]}},"_links":{"self":[{"href":"https:\/\/tirinha.com\/ro\/wp-json\/wp\/v2\/posts\/1063","targetHints":{"allow":["GET"]}}],"collection":[{"href":"https:\/\/tirinha.com\/ro\/wp-json\/wp\/v2\/posts"}],"about":[{"href":"https:\/\/tirinha.com\/ro\/wp-json\/wp\/v2\/types\/post"}],"author":[{"embeddable":true,"href":"https:\/\/tirinha.com\/ro\/wp-json\/wp\/v2\/users\/1"}],"replies":[{"embeddable":true,"href":"https:\/\/tirinha.com\/ro\/wp-json\/wp\/v2\/comments?post=1063"}],"version-history":[{"count":0,"href":"https:\/\/tirinha.com\/ro\/wp-json\/wp\/v2\/posts\/1063\/revisions"}],"wp:featuredmedia":[{"embeddable":true,"href":"https:\/\/tirinha.com\/ro\/wp-json\/wp\/v2\/media\/1064"}],"wp:attachment":[{"href":"https:\/\/tirinha.com\/ro\/wp-json\/wp\/v2\/media?parent=1063"}],"wp:term":[{"taxonomy":"category","embeddable":true,"href":"https:\/\/tirinha.com\/ro\/wp-json\/wp\/v2\/categories?post=1063"},{"taxonomy":"post_tag","embeddable":true,"href":"https:\/\/tirinha.com\/ro\/wp-json\/wp\/v2\/tags?post=1063"}],"curies":[{"name":"wp","href":"https:\/\/api.w.org\/{rel}","templated":true}]}}