{"id":1023,"date":"2023-04-04T02:19:57","date_gmt":"2023-04-04T02:19:57","guid":{"rendered":"https:\/\/tirinha.com\/entrevista-daniel-sanchez-eg-o-jornal-digital-noticias-presente\/"},"modified":"2023-04-04T02:19:57","modified_gmt":"2023-04-04T02:19:57","slug":"interviu-cu-daniel-sanchez-eg-ziarul-digital-stiri-actuale","status":"publish","type":"post","link":"https:\/\/tirinha.com\/ro\/1023\/entrevista-daniel-sanchez-eg-o-jornal-digital-noticias-presente\/","title":{"rendered":"Interviu Daniel S\u00e1nchez \u2013 EG. Ziarul digital. \u015etiri. Cadou"},"content":{"rendered":"<p><\/p>\n<div>\n<h2><span style=\"color: #333300;\"><em>\u0218i \u00een ianuarie, prim\u0103vara<\/em> este prima culegere de poezii a lui Daniel, un t\u00e2n\u0103r pasionat de scris \u0219i dragoste<\/span><\/h2>\n<p>Daniel S\u00e1nchez, cunoscut \u0219i sub numele de \u201eEl ba\u00fal de las vidas\u201d pe Instagram, a publicat prima sa carte de poezie pe 18 octombrie sub eticheta Postdata Ediciones. Cartea este alc\u0103tuit\u0103 din 80 de poezii \u00eenconjurate de un mesaj optimist \u0219i plin de speran\u021b\u0103 despre via\u021b\u0103. Daniel, \u00een interviul cu El Generacional, \u0219i-a ar\u0103tat latura mai personal\u0103, mai sincer\u0103 \u0219i mai emo\u021bional\u0103.<\/p>\n<p><strong>S\u0103 \u00eentreb. Cum ai descrie cartea? \u0218i tu?<\/strong><\/p>\n<p><strong>Pentru a r\u0103spunde. <\/strong>Cartea este o serie de experien\u021be \u0219i temeri, dar mereu \u00eenconjurate de speran\u021b\u0103. L\u0103sa\u021bi loc sentimentului de speran\u021b\u0103 pe care de obicei nu \u00eel abandon\u0103m niciodat\u0103. \u00cen ceea ce m\u0103 prive\u0219te, m\u0103 consider o persoan\u0103 foarte sensibil\u0103 care, ca \u0219i cartea mea, nu \u00ee\u0219i pierde niciodat\u0103 speran\u021ba pentru c\u0103 \u00eencerc mereu s\u0103 cred c\u0103, p\u00e2n\u0103 la urm\u0103, aproape totul poate merge bine. Acum sunt recunosc\u0103tor c\u0103 nu am renun\u021bat la speran\u021ba de a publica o carte pentru c\u0103, \u00een acest caz, nu a\u0219 fi publicat nimic.<\/p>\n<p><strong>Q. <\/strong><strong>Ce \u00eencerci s\u0103 transmi\u021bi cu versurile tale?<\/strong><\/p>\n<p><strong>O.<\/strong> Adesea transmit dragoste sau durere de inim\u0103. Totu\u0219i, \u00een aceast\u0103 carte, fiind o introducere \u00een lumea poeziei, am vrut s\u0103 ar\u0103t pu\u021bin despre modul meu de a g\u00e2ndi.<\/p>\n<p><img fetchpriority=\"high\" data-attachment-id=\"172\" data-permalink=\"https:\/\/elgeneracionalpost.com\/cultura\/2018\/1113\/167\/daniel-sanchez-las-penas-tambien-terminan-floreciendo.html\/attachment\/43462007_300744174099606_1512972206852987954_n\" data-orig-file=\"https:\/\/i0.wp.com\/elgeneracionalpost.com\/wp-content\/uploads\/2018\/11\/43462007_300744174099606_1512972206852987954_n-e1542048035419.jpg?fit=608%2C520&amp;ssl=1\" data-orig-size=\"608,520\" data-comments-opened=\"1\" data-image-meta=\"{&quot;aperture&quot;:&quot;0&quot;,&quot;credit&quot;:&quot;&quot;,&quot;camera&quot;:&quot;&quot;,&quot;caption&quot;:&quot;&quot;,&quot;created_timestamp&quot;:&quot;0&quot;,&quot;copyright&quot;:&quot;&quot;,&quot;focal_length&quot;:&quot;0&quot;,&quot;iso&quot;:&quot;0&quot;,&quot;shutter_speed&quot;:&quot;0&quot;,&quot;title&quot;:&quot;&quot;,&quot;orientation&quot;:&quot;0&quot;}\" data-image-title=\"43462007_300744174099606_1512972206852987954_n\" data-image-description=\"\" data-image-caption=\"\" data-medium-file=\"https:\/\/i0.wp.com\/elgeneracionalpost.com\/wp-content\/uploads\/2018\/11\/43462007_300744174099606_1512972206852987954_n-e1542048035419.jpg?fit=300%2C257&amp;ssl=1\" data-large-file=\"https:\/\/i0.wp.com\/elgeneracionalpost.com\/wp-content\/uploads\/2018\/11\/43462007_300744174099606_1512972206852987954_n-e1542048035419.jpg?fit=608%2C520&amp;ssl=1\" decoding=\"async\" class=\"wp-image-172 aligncenter jetpack-lazy-image\" src=\"https:\/\/i0.wp.com\/elgeneracionalpost.com\/wp-content\/uploads\/2018\/11\/43462007_300744174099606_1512972206852987954_n-e1542048035419.jpg?resize=393%2C336&amp;ssl=1\" alt=\"43462007_300744174099606_1512972206852987954_n\" width=\"393\" height=\"336\" data-recalc-dims=\"1\" data-lazy-src=\"https:\/\/i0.wp.com\/elgeneracionalpost.com\/wp-content\/uploads\/2018\/11\/43462007_300744174099606_1512972206852987954_n-e1542048035419.jpg?resize=393%2C336&amp;is-pending-load=1#038;ssl=1\" srcset=\"data:image\/gif;base64,R0lGODlhAQABAIAAAAAAAP\/\/\/yH5BAEAAAAALAAAAAABAAEAAAIBRAA7\"\/><noscript><img data-lazy-fallback=\"1\" data-attachment-id=\"172\" data-permalink=\"https:\/\/elgeneracionalpost.com\/cultura\/2018\/1113\/167\/daniel-sanchez-las-penas-tambien-terminan-floreciendo.html\/attachment\/43462007_300744174099606_1512972206852987954_n\" data-orig-file=\"https:\/\/i0.wp.com\/elgeneracionalpost.com\/wp-content\/uploads\/2018\/11\/43462007_300744174099606_1512972206852987954_n-e1542048035419.jpg?fit=608%2C520&amp;ssl=1\" data-orig-size=\"608,520\" data-comments-opened=\"1\" data-image-meta=\"{&quot;aperture&quot;:&quot;0&quot;,&quot;credit&quot;:&quot;&quot;,&quot;camera&quot;:&quot;&quot;,&quot;caption&quot;:&quot;&quot;,&quot;created_timestamp&quot;:&quot;0&quot;,&quot;copyright&quot;:&quot;&quot;,&quot;focal_length&quot;:&quot;0&quot;,&quot;iso&quot;:&quot;0&quot;,&quot;shutter_speed&quot;:&quot;0&quot;,&quot;title&quot;:&quot;&quot;,&quot;orientation&quot;:&quot;0&quot;}\" data-image-title=\"43462007_300744174099606_1512972206852987954_n\" data-image-description=\"\" data-image-caption=\"\" data-medium-file=\"https:\/\/i0.wp.com\/elgeneracionalpost.com\/wp-content\/uploads\/2018\/11\/43462007_300744174099606_1512972206852987954_n-e1542048035419.jpg?fit=300%2C257&amp;ssl=1\" data-large-file=\"https:\/\/i0.wp.com\/elgeneracionalpost.com\/wp-content\/uploads\/2018\/11\/43462007_300744174099606_1512972206852987954_n-e1542048035419.jpg?fit=608%2C520&amp;ssl=1\" decoding=\"async\" class=\"wp-image-172 aligncenter\" src=\"https:\/\/i0.wp.com\/elgeneracionalpost.com\/wp-content\/uploads\/2018\/11\/43462007_300744174099606_1512972206852987954_n-e1542048035419.jpg?resize=393%2C336&amp;ssl=1\" alt=\"43462007_300744174099606_1512972206852987954_n\" width=\"393\" height=\"336\" data-recalc-dims=\"1\"\/><\/noscript><\/p>\n<p><strong>Q. <\/strong><strong>Vede\u021bi ideea poezilor voastre reflectat\u0103 \u00een ilustra\u021bie?<\/strong><\/p>\n<p><strong>O. <\/strong>Complet. Este exact ceea ce mi-am dorit \u0219i cu simbolurile pe care mi le-am dorit. Este un b\u0103rbat gol, vulnerabil, \u00een care prim\u0103vara \u00eenflore\u0219te \u0219i acoper\u0103.<\/p>\n<p><strong>Q. <\/strong><strong>Ce rol joac\u0103 prim\u0103vara \u00een via\u021ba ta?<\/strong><\/p>\n<p><strong>O. <\/strong>Pentru mine, prim\u0103vara \u00een sens literar este o metafor\u0103 a rena\u0219terii. Cu alte cuvinte, vreau s\u0103 cred, \u0219i la asta am reflectat, c\u0103 \u0219i durerile ajung s\u0103 \u00eenfloreasc\u0103.<\/p>\n<p><strong>Q. <\/strong><strong>Ai spus recent c\u0103 aceasta nu este singura carte pe care ai scris-o. De ce ai decis s\u0103-l publici pe acesta \u0219i nu altul?<\/strong><\/p>\n<p><strong>O. <\/strong>Ei bine, am decis c\u0103 primul pe care l-am scris nu era foarte bine terminat \u0219i am preferat s\u0103-l p\u0103strez pentru mine. Acesta a fost al doilea pe care l-am scris, dar primul care a fost publicat. Exist\u0103 \u0219i o a treia carte pe care vreau s\u0103 o p\u0103strez pentru mai t\u00e2rziu. Am decis sa postez <em>\u0218i \u00een ianuarie, prim\u0103vara<\/em> pentru c\u0103 \u00een aceast\u0103 colec\u021bie de poezii am reflectat cine sunt \u0219i, a\u0219a cum am spus, este \u0219i o scrisoare de introducere \u00een lumea literar\u0103.<\/p>\n<p><strong>Q. <\/strong><strong>Timp de un an ai locuit la Paris. Se reflect\u0103 \u0219ederea dumneavoastr\u0103 \u00een capitala Fran\u021bei \u00een carte?<\/strong><\/p>\n<p><strong>O. <\/strong>\u00cen aceast\u0103 carte nu se reflect\u0103 experien\u021ba mea de la Paris pentru c\u0103 la acea vreme o scriam pe prima.<\/p>\n<p><strong>\u00ce. Editorul cu care a\u021bi publicat a fost \u00een afaceri doar de pu\u021bin timp. Cum a fost procesul de publicare a c\u0103r\u021bii?<\/strong><\/p>\n<p><strong>O. <\/strong>Ei bine, a fost foarte pozitiv. Mi-a pl\u0103cut foarte mult pentru c\u0103 tot ce mi-am dorit \u0219i am avut \u00een vedere a fost realizat \u0219i realizat. \u00cen plus, mi-a pl\u0103cut rezultatul final.<\/p>\n<p><strong>Q. <\/strong><strong>C\u00e2nd a ajuns prima edi\u021bie la tine acas\u0103, cum te-ai sim\u021bit?<\/strong><\/p>\n<p><strong>O. <\/strong>C\u00e2nd editorul meu mi-a trimis fotografii cu cartea terminat\u0103, am pl\u00e2ns. Era inevitabil. Cartea a ajuns la o prieten\u0103 \u00eenaintea mea, a\u0219a c\u0103 am ie\u0219it pe strad\u0103 \u0219i am v\u0103zut geanta \u0219i am alergat s\u0103 o ajung din urm\u0103 \u0219i s\u0103 \u00eentreb dac\u0103 are pachete. C\u00e2nd le-am primit, am fost at\u00e2t de entuziasmat\u0103 \u0219i nu m-am putut opri din z\u00e2mbet toat\u0103 ziua. Este o experien\u021b\u0103 pe care nu o voi uita niciodat\u0103. Acum sper doar s\u0103 fie unul dintre multe.<\/p>\n<p><strong>\u00ce. Cum a ap\u0103rut numele \u201eCuf\u0103rul vie\u021bilor\u201d?<\/strong><\/p>\n<p><strong>O. <\/strong>Ei bine, mereu mi-au pl\u0103cut cuferele \u0219i \u00een casa mea aveam mai multe. C\u00e2nd m\u0103 g\u00e2ndeam la numele blogului meu, am v\u0103zut un mic cuf\u0103r pe birou \u0219i mi-a trecut prin minte. Este \u0219i o metafor\u0103: blogul meu este un fel de cuf\u0103r care con\u021bine experien\u021bele mele, dar aceste experien\u021be se reflect\u0103 \u0219i \u00een via\u021ba altor oameni, de unde \u0219i numele.<\/p>\n<p><strong>\u00ce. \u00centr-una dintre poeziile tale putem citi: \u201eVia\u021ba este ceea ce se \u00eent\u00e2mpl\u0103 \u00een timp ce ne mai r\u0103m\u00e2ne dorin\u021ba\u201d. Ai ratat vreodat\u0103 ocazia de a realiza un vis din fric\u0103?<\/strong><\/p>\n<p><strong>O. <\/strong>Ei bine, poate a\u0219 fi f\u0103cut multe lucruri dac\u0103 frica nu m-ar fi oprit. A\u0219 fi plecat mai devreme sau mai des \u00een str\u0103in\u0103tate. A\u0219 fi \u00eenceput s\u0103 scriu a\u0219a cum scriu acum mult mai devreme, a\u0219 fi m\u0103rturisit lucruri pe care nu le-am m\u0103rturisit p\u00e2n\u0103 acum. \u0218i trebuie s\u0103 spun, c\u00e2nd a ap\u0103rut cartea, mi-a fost foarte fric\u0103 de respingere \u0219i e\u0219ec. Acum sunt foarte entuziasmat. Nu \u0219tiu ce se va \u00eent\u00e2mpla, dar z\u00e2mbetul care \u00eemi apare pe fa\u021b\u0103 c\u00e2nd v\u0103d cartea este nepre\u021buit.<\/p>\n<div class=\"sharedaddy sd-block sd-like jetpack-likes-widget-wrapper jetpack-likes-widget-unloaded\" id=\"like-post-wrapper-153844979-167-642b894c57228\" data-src=\"https:\/\/widgets.wp.com\/likes\/#blog_id=153844979&amp;post_id=167&amp;origin=elgeneracionalpost.com&amp;obj_id=153844979-167-642b894c57228\" data-name=\"like-post-frame-153844979-167-642b894c57228\" data-title=\"Me gusta o Compartir\">\n<h3 class=\"sd-title\">\u00cemi place asta:<\/h3>\n<p><span class=\"button\"><span>imi place<\/span><\/span> <span class=\"loading\">\u00cenc\u0103rcare\u2026<\/span><\/p>\n<p><span class=\"sd-text-color\"\/><\/div>\n<p><h3 class=\"jp-relatedposts-headline\"><em>\u00cenrudit<\/em><\/h3>\n<\/p>\n<\/div>\n<p><script async defer src=\"https:\/\/platform.instagram.com\/en_US\/embeds.js\"><\/script><\/p>","protected":false},"excerpt":{"rendered":"<p>\u0218i \u00een ianuarie, Primavera este prima colec\u021bie de poezii a lui Daniel, un t\u00e2n\u0103r pasionat de scris \u0219i dragoste... <\/p>","protected":false},"author":1,"featured_media":1024,"comment_status":"open","ping_status":"open","sticky":false,"template":"","format":"standard","meta":{"fifu_image_url":"https:\/\/elgeneracionalpost.com\/wp-content\/uploads\/2018\/11\/45404530_506604343175754_4213497700853069171_n1.jpg","fifu_image_alt":"","footnotes":""},"categories":[35],"tags":[],"class_list":["post-1023","post","type-post","status-publish","format-standard","has-post-thumbnail","hentry","category-cultura-e-lazer","latest_post"],"yoast_head":"<!-- This site is optimized with the Yoast SEO plugin v27.3 - https:\/\/yoast.com\/product\/yoast-seo-wordpress\/ -->\n<title>Entrevista Daniel S\u00e1nchez - EG. O jornal digital. Not\u00edcias. Presente - Tirinha.com<\/title>\n<meta name=\"robots\" content=\"index, follow, max-snippet:-1, max-image-preview:large, max-video-preview:-1\" \/>\n<link rel=\"canonical\" href=\"https:\/\/tirinha.com\/ro\/1023\/interviu-cu-daniel-sanchez-eg-ziarul-digital-stiri-actuale\/\" \/>\n<meta property=\"og:locale\" content=\"ro_RO\" \/>\n<meta property=\"og:type\" content=\"article\" \/>\n<meta property=\"og:title\" content=\"Entrevista Daniel S\u00e1nchez - EG. O jornal digital. Not\u00edcias. Presente - Tirinha.com\" \/>\n<meta property=\"og:description\" content=\"E em janeiro, primavera \u00e9 a primeira colet\u00e2nea de poemas de Daniel, um jovem apaixonado pela escrita e pelo amor &hellip;\" \/>\n<meta property=\"og:url\" content=\"https:\/\/tirinha.com\/ro\/1023\/interviu-cu-daniel-sanchez-eg-ziarul-digital-stiri-actuale\/\" \/>\n<meta property=\"og:site_name\" content=\"Tirinha.com\" \/>\n<meta property=\"article:published_time\" content=\"2023-04-04T02:19:57+00:00\" \/>\n<meta property=\"og:image\" content=\"https:\/\/elgeneracionalpost.com\/wp-content\/uploads\/2018\/11\/45404530_506604343175754_4213497700853069171_n1.jpg\" \/>\n<meta name=\"author\" content=\"admin\" \/>\n<meta name=\"twitter:card\" content=\"summary_large_image\" \/>\n<meta name=\"twitter:image\" content=\"https:\/\/elgeneracionalpost.com\/wp-content\/uploads\/2018\/11\/45404530_506604343175754_4213497700853069171_n1.jpg\" \/>\n<meta name=\"twitter:label1\" content=\"Scris de\" \/>\n\t<meta name=\"twitter:data1\" content=\"admin\" \/>\n\t<meta name=\"twitter:label2\" content=\"Timp estimat pentru citire\" \/>\n\t<meta name=\"twitter:data2\" content=\"4 minute\" \/>\n<script type=\"application\/ld+json\" class=\"yoast-schema-graph\">{\"@context\":\"https:\\\/\\\/schema.org\",\"@graph\":[{\"@type\":\"Article\",\"@id\":\"https:\\\/\\\/tirinha.com\\\/1023\\\/entrevista-daniel-sanchez-eg-o-jornal-digital-noticias-presente\\\/#article\",\"isPartOf\":{\"@id\":\"https:\\\/\\\/tirinha.com\\\/1023\\\/entrevista-daniel-sanchez-eg-o-jornal-digital-noticias-presente\\\/\"},\"author\":{\"name\":\"admin\",\"@id\":\"https:\\\/\\\/tirinha.com\\\/#\\\/schema\\\/person\\\/e22bdfbe17e0461f7e927e6a1208d4d9\"},\"headline\":\"Entrevista Daniel S\u00e1nchez &#8211; EG. O jornal digital. Not\u00edcias. Presente\",\"datePublished\":\"2023-04-04T02:19:57+00:00\",\"mainEntityOfPage\":{\"@id\":\"https:\\\/\\\/tirinha.com\\\/1023\\\/entrevista-daniel-sanchez-eg-o-jornal-digital-noticias-presente\\\/\"},\"wordCount\":784,\"commentCount\":0,\"publisher\":{\"@id\":\"https:\\\/\\\/tirinha.com\\\/#organization\"},\"image\":{\"@id\":\"https:\\\/\\\/tirinha.com\\\/1023\\\/entrevista-daniel-sanchez-eg-o-jornal-digital-noticias-presente\\\/#primaryimage\"},\"thumbnailUrl\":\"https:\\\/\\\/elgeneracionalpost.com\\\/wp-content\\\/uploads\\\/2018\\\/11\\\/45404530_506604343175754_4213497700853069171_n1.jpg\",\"articleSection\":[\"Cultura e lazer\"],\"inLanguage\":\"ro-RO\",\"potentialAction\":[{\"@type\":\"CommentAction\",\"name\":\"Comment\",\"target\":[\"https:\\\/\\\/tirinha.com\\\/1023\\\/entrevista-daniel-sanchez-eg-o-jornal-digital-noticias-presente\\\/#respond\"]}]},{\"@type\":\"WebPage\",\"@id\":\"https:\\\/\\\/tirinha.com\\\/1023\\\/entrevista-daniel-sanchez-eg-o-jornal-digital-noticias-presente\\\/\",\"url\":\"https:\\\/\\\/tirinha.com\\\/1023\\\/entrevista-daniel-sanchez-eg-o-jornal-digital-noticias-presente\\\/\",\"name\":\"Entrevista Daniel S\u00e1nchez - EG. O jornal digital. Not\u00edcias. Presente - Tirinha.com\",\"isPartOf\":{\"@id\":\"https:\\\/\\\/tirinha.com\\\/#website\"},\"primaryImageOfPage\":{\"@id\":\"https:\\\/\\\/tirinha.com\\\/1023\\\/entrevista-daniel-sanchez-eg-o-jornal-digital-noticias-presente\\\/#primaryimage\"},\"image\":{\"@id\":\"https:\\\/\\\/tirinha.com\\\/1023\\\/entrevista-daniel-sanchez-eg-o-jornal-digital-noticias-presente\\\/#primaryimage\"},\"thumbnailUrl\":\"https:\\\/\\\/elgeneracionalpost.com\\\/wp-content\\\/uploads\\\/2018\\\/11\\\/45404530_506604343175754_4213497700853069171_n1.jpg\",\"datePublished\":\"2023-04-04T02:19:57+00:00\",\"breadcrumb\":{\"@id\":\"https:\\\/\\\/tirinha.com\\\/1023\\\/entrevista-daniel-sanchez-eg-o-jornal-digital-noticias-presente\\\/#breadcrumb\"},\"inLanguage\":\"ro-RO\",\"potentialAction\":[{\"@type\":\"ReadAction\",\"target\":[\"https:\\\/\\\/tirinha.com\\\/1023\\\/entrevista-daniel-sanchez-eg-o-jornal-digital-noticias-presente\\\/\"]}]},{\"@type\":\"ImageObject\",\"inLanguage\":\"ro-RO\",\"@id\":\"https:\\\/\\\/tirinha.com\\\/1023\\\/entrevista-daniel-sanchez-eg-o-jornal-digital-noticias-presente\\\/#primaryimage\",\"url\":\"https:\\\/\\\/elgeneracionalpost.com\\\/wp-content\\\/uploads\\\/2018\\\/11\\\/45404530_506604343175754_4213497700853069171_n1.jpg\",\"contentUrl\":\"https:\\\/\\\/elgeneracionalpost.com\\\/wp-content\\\/uploads\\\/2018\\\/11\\\/45404530_506604343175754_4213497700853069171_n1.jpg\"},{\"@type\":\"BreadcrumbList\",\"@id\":\"https:\\\/\\\/tirinha.com\\\/1023\\\/entrevista-daniel-sanchez-eg-o-jornal-digital-noticias-presente\\\/#breadcrumb\",\"itemListElement\":[{\"@type\":\"ListItem\",\"position\":1,\"name\":\"Home\",\"item\":\"https:\\\/\\\/tirinha.com\\\/\"},{\"@type\":\"ListItem\",\"position\":2,\"name\":\"Entrevista Daniel S\u00e1nchez &#8211; EG. O jornal digital. Not\u00edcias. Presente\"}]},{\"@type\":\"WebSite\",\"@id\":\"https:\\\/\\\/tirinha.com\\\/#website\",\"url\":\"https:\\\/\\\/tirinha.com\\\/\",\"name\":\"Tirinha.com\",\"description\":\"Arte e livros resenhas\",\"publisher\":{\"@id\":\"https:\\\/\\\/tirinha.com\\\/#organization\"},\"potentialAction\":[{\"@type\":\"SearchAction\",\"target\":{\"@type\":\"EntryPoint\",\"urlTemplate\":\"https:\\\/\\\/tirinha.com\\\/?s={search_term_string}\"},\"query-input\":{\"@type\":\"PropertyValueSpecification\",\"valueRequired\":true,\"valueName\":\"search_term_string\"}}],\"inLanguage\":\"ro-RO\"},{\"@type\":\"Organization\",\"@id\":\"https:\\\/\\\/tirinha.com\\\/#organization\",\"name\":\"Tirinha.com\",\"url\":\"https:\\\/\\\/tirinha.com\\\/\",\"logo\":{\"@type\":\"ImageObject\",\"inLanguage\":\"ro-RO\",\"@id\":\"https:\\\/\\\/tirinha.com\\\/#\\\/schema\\\/logo\\\/image\\\/\",\"url\":\"https:\\\/\\\/tirinha.com\\\/wp-content\\\/uploads\\\/2023\\\/08\\\/cropped-Logo-Tirinha.webp\",\"contentUrl\":\"https:\\\/\\\/tirinha.com\\\/wp-content\\\/uploads\\\/2023\\\/08\\\/cropped-Logo-Tirinha.webp\",\"width\":512,\"height\":512,\"caption\":\"Tirinha.com\"},\"image\":{\"@id\":\"https:\\\/\\\/tirinha.com\\\/#\\\/schema\\\/logo\\\/image\\\/\"}},{\"@type\":\"Person\",\"@id\":\"https:\\\/\\\/tirinha.com\\\/#\\\/schema\\\/person\\\/e22bdfbe17e0461f7e927e6a1208d4d9\",\"name\":\"admin\",\"image\":{\"@type\":\"ImageObject\",\"inLanguage\":\"ro-RO\",\"@id\":\"https:\\\/\\\/tirinha.com\\\/wp-content\\\/litespeed\\\/avatar\\\/d0068f7931cc87d7274eb0c3db1deb4b.jpg?ver=1776829466\",\"url\":\"https:\\\/\\\/tirinha.com\\\/wp-content\\\/litespeed\\\/avatar\\\/d0068f7931cc87d7274eb0c3db1deb4b.jpg?ver=1776829466\",\"contentUrl\":\"https:\\\/\\\/tirinha.com\\\/wp-content\\\/litespeed\\\/avatar\\\/d0068f7931cc87d7274eb0c3db1deb4b.jpg?ver=1776829466\",\"caption\":\"admin\"},\"sameAs\":[\"https:\\\/\\\/tirinha.com\"],\"url\":\"https:\\\/\\\/tirinha.com\\\/ro\\\/author\\\/admin\\\/\"}]}<\/script>\n<!-- \/ Yoast SEO plugin. -->","yoast_head_json":{"title":"Interviu cu Daniel S\u00e1nchez - EG. Ziarul digital. \u0218tiri. Prezentare - Tirinha.com","robots":{"index":"index","follow":"follow","max-snippet":"max-snippet:-1","max-image-preview":"max-image-preview:large","max-video-preview":"max-video-preview:-1"},"canonical":"https:\/\/tirinha.com\/ro\/1023\/interviu-cu-daniel-sanchez-eg-ziarul-digital-stiri-actuale\/","og_locale":"ro_RO","og_type":"article","og_title":"Entrevista Daniel S\u00e1nchez - EG. O jornal digital. Not\u00edcias. Presente - Tirinha.com","og_description":"E em janeiro, primavera \u00e9 a primeira colet\u00e2nea de poemas de Daniel, um jovem apaixonado pela escrita e pelo amor &hellip;","og_url":"https:\/\/tirinha.com\/ro\/1023\/interviu-cu-daniel-sanchez-eg-ziarul-digital-stiri-actuale\/","og_site_name":"Tirinha.com","article_published_time":"2023-04-04T02:19:57+00:00","og_image":[{"url":"https:\/\/elgeneracionalpost.com\/wp-content\/uploads\/2018\/11\/45404530_506604343175754_4213497700853069171_n1.jpg","type":"","width":"","height":""}],"author":"admin","twitter_card":"summary_large_image","twitter_image":"https:\/\/elgeneracionalpost.com\/wp-content\/uploads\/2018\/11\/45404530_506604343175754_4213497700853069171_n1.jpg","twitter_misc":{"Scris de":"admin","Timp estimat pentru citire":"4 minute"},"schema":{"@context":"https:\/\/schema.org","@graph":[{"@type":"Article","@id":"https:\/\/tirinha.com\/1023\/entrevista-daniel-sanchez-eg-o-jornal-digital-noticias-presente\/#article","isPartOf":{"@id":"https:\/\/tirinha.com\/1023\/entrevista-daniel-sanchez-eg-o-jornal-digital-noticias-presente\/"},"author":{"name":"admin","@id":"https:\/\/tirinha.com\/#\/schema\/person\/e22bdfbe17e0461f7e927e6a1208d4d9"},"headline":"Entrevista Daniel S\u00e1nchez &#8211; EG. O jornal digital. Not\u00edcias. Presente","datePublished":"2023-04-04T02:19:57+00:00","mainEntityOfPage":{"@id":"https:\/\/tirinha.com\/1023\/entrevista-daniel-sanchez-eg-o-jornal-digital-noticias-presente\/"},"wordCount":784,"commentCount":0,"publisher":{"@id":"https:\/\/tirinha.com\/#organization"},"image":{"@id":"https:\/\/tirinha.com\/1023\/entrevista-daniel-sanchez-eg-o-jornal-digital-noticias-presente\/#primaryimage"},"thumbnailUrl":"https:\/\/elgeneracionalpost.com\/wp-content\/uploads\/2018\/11\/45404530_506604343175754_4213497700853069171_n1.jpg","articleSection":["Cultura e lazer"],"inLanguage":"ro-RO","potentialAction":[{"@type":"CommentAction","name":"Comment","target":["https:\/\/tirinha.com\/1023\/entrevista-daniel-sanchez-eg-o-jornal-digital-noticias-presente\/#respond"]}]},{"@type":"WebPage","@id":"https:\/\/tirinha.com\/1023\/entrevista-daniel-sanchez-eg-o-jornal-digital-noticias-presente\/","url":"https:\/\/tirinha.com\/1023\/entrevista-daniel-sanchez-eg-o-jornal-digital-noticias-presente\/","name":"Interviu cu Daniel S\u00e1nchez - EG. Ziarul digital. \u0218tiri. Prezentare - Tirinha.com","isPartOf":{"@id":"https:\/\/tirinha.com\/#website"},"primaryImageOfPage":{"@id":"https:\/\/tirinha.com\/1023\/entrevista-daniel-sanchez-eg-o-jornal-digital-noticias-presente\/#primaryimage"},"image":{"@id":"https:\/\/tirinha.com\/1023\/entrevista-daniel-sanchez-eg-o-jornal-digital-noticias-presente\/#primaryimage"},"thumbnailUrl":"https:\/\/elgeneracionalpost.com\/wp-content\/uploads\/2018\/11\/45404530_506604343175754_4213497700853069171_n1.jpg","datePublished":"2023-04-04T02:19:57+00:00","breadcrumb":{"@id":"https:\/\/tirinha.com\/1023\/entrevista-daniel-sanchez-eg-o-jornal-digital-noticias-presente\/#breadcrumb"},"inLanguage":"ro-RO","potentialAction":[{"@type":"ReadAction","target":["https:\/\/tirinha.com\/1023\/entrevista-daniel-sanchez-eg-o-jornal-digital-noticias-presente\/"]}]},{"@type":"ImageObject","inLanguage":"ro-RO","@id":"https:\/\/tirinha.com\/1023\/entrevista-daniel-sanchez-eg-o-jornal-digital-noticias-presente\/#primaryimage","url":"https:\/\/elgeneracionalpost.com\/wp-content\/uploads\/2018\/11\/45404530_506604343175754_4213497700853069171_n1.jpg","contentUrl":"https:\/\/elgeneracionalpost.com\/wp-content\/uploads\/2018\/11\/45404530_506604343175754_4213497700853069171_n1.jpg"},{"@type":"BreadcrumbList","@id":"https:\/\/tirinha.com\/1023\/entrevista-daniel-sanchez-eg-o-jornal-digital-noticias-presente\/#breadcrumb","itemListElement":[{"@type":"ListItem","position":1,"name":"Home","item":"https:\/\/tirinha.com\/"},{"@type":"ListItem","position":2,"name":"Entrevista Daniel S\u00e1nchez &#8211; EG. O jornal digital. Not\u00edcias. Presente"}]},{"@type":"WebSite","@id":"https:\/\/tirinha.com\/#website","url":"https:\/\/tirinha.com\/","name":"Tirinha.com","description":"Recenzii de art\u0103 \u0219i c\u0103r\u021bi","publisher":{"@id":"https:\/\/tirinha.com\/#organization"},"potentialAction":[{"@type":"SearchAction","target":{"@type":"EntryPoint","urlTemplate":"https:\/\/tirinha.com\/?s={search_term_string}"},"query-input":{"@type":"PropertyValueSpecification","valueRequired":true,"valueName":"search_term_string"}}],"inLanguage":"ro-RO"},{"@type":"Organization","@id":"https:\/\/tirinha.com\/#organization","name":"Tirinha.com","url":"https:\/\/tirinha.com\/","logo":{"@type":"ImageObject","inLanguage":"ro-RO","@id":"https:\/\/tirinha.com\/#\/schema\/logo\/image\/","url":"https:\/\/tirinha.com\/wp-content\/uploads\/2023\/08\/cropped-Logo-Tirinha.webp","contentUrl":"https:\/\/tirinha.com\/wp-content\/uploads\/2023\/08\/cropped-Logo-Tirinha.webp","width":512,"height":512,"caption":"Tirinha.com"},"image":{"@id":"https:\/\/tirinha.com\/#\/schema\/logo\/image\/"}},{"@type":"Person","@id":"https:\/\/tirinha.com\/#\/schema\/person\/e22bdfbe17e0461f7e927e6a1208d4d9","name":"administrator","image":{"@type":"ImageObject","inLanguage":"ro-RO","@id":"https:\/\/tirinha.com\/wp-content\/litespeed\/avatar\/d0068f7931cc87d7274eb0c3db1deb4b.jpg?ver=1776829466","url":"https:\/\/tirinha.com\/wp-content\/litespeed\/avatar\/d0068f7931cc87d7274eb0c3db1deb4b.jpg?ver=1776829466","contentUrl":"https:\/\/tirinha.com\/wp-content\/litespeed\/avatar\/d0068f7931cc87d7274eb0c3db1deb4b.jpg?ver=1776829466","caption":"admin"},"sameAs":["https:\/\/tirinha.com"],"url":"https:\/\/tirinha.com\/ro\/author\/admin\/"}]}},"_links":{"self":[{"href":"https:\/\/tirinha.com\/ro\/wp-json\/wp\/v2\/posts\/1023","targetHints":{"allow":["GET"]}}],"collection":[{"href":"https:\/\/tirinha.com\/ro\/wp-json\/wp\/v2\/posts"}],"about":[{"href":"https:\/\/tirinha.com\/ro\/wp-json\/wp\/v2\/types\/post"}],"author":[{"embeddable":true,"href":"https:\/\/tirinha.com\/ro\/wp-json\/wp\/v2\/users\/1"}],"replies":[{"embeddable":true,"href":"https:\/\/tirinha.com\/ro\/wp-json\/wp\/v2\/comments?post=1023"}],"version-history":[{"count":0,"href":"https:\/\/tirinha.com\/ro\/wp-json\/wp\/v2\/posts\/1023\/revisions"}],"wp:featuredmedia":[{"embeddable":true,"href":"https:\/\/tirinha.com\/ro\/wp-json\/wp\/v2\/media\/1024"}],"wp:attachment":[{"href":"https:\/\/tirinha.com\/ro\/wp-json\/wp\/v2\/media?parent=1023"}],"wp:term":[{"taxonomy":"category","embeddable":true,"href":"https:\/\/tirinha.com\/ro\/wp-json\/wp\/v2\/categories?post=1023"},{"taxonomy":"post_tag","embeddable":true,"href":"https:\/\/tirinha.com\/ro\/wp-json\/wp\/v2\/tags?post=1023"}],"curies":[{"name":"wp","href":"https:\/\/api.w.org\/{rel}","templated":true}]}}