{"id":970,"date":"2023-04-03T22:57:43","date_gmt":"2023-04-03T22:57:43","guid":{"rendered":"https:\/\/tirinha.com\/eu-posso-lidar-com-tudo-que-vem-em-meu-caminho\/"},"modified":"2023-04-03T22:57:43","modified_gmt":"2023-04-03T22:57:43","slug":"potrafie-poradzic-sobie-ze-wszystkim-co-stanie-na-mojej-drodze","status":"publish","type":"post","link":"https:\/\/tirinha.com\/pl\/970\/eu-posso-lidar-com-tudo-que-vem-em-meu-caminho\/","title":{"rendered":"\u201ePotrafi\u0119 sobie poradzi\u0107 ze wszystkim, co stanie mi na drodze\u201d."},"content":{"rendered":"<p><\/p>\n<div>\n<h2><em>Mog\u0119 sam<\/em>Pierwszy singiel Ale Lozano<\/h2>\n<p><strong>piwo Lozano<\/strong> (2000) zaprezentowali sw\u00f3j pierwszy singiel 31 marca <em><strong>Mog\u0119 sam<\/strong><\/em>. W tej piosence artystka z Guadalajary opowiada histori\u0119 o zwyci\u0119\u017caniu, aby przypomnie\u0107, \u017ce mo\u017cesz wszystko. Ponadto ma nadziej\u0119, \u017ce ka\u017cdy, kto jej s\u0142ucha, uto\u017csami si\u0119 z przes\u0142aniem i poczuje si\u0119 zmotywowany przez przes\u0142anie, o kt\u00f3rym cz\u0119sto zapominamy ze wzgl\u0119du na r\u00f3\u017cne sytuacje, w jakich si\u0119 znajdujemy.<\/p>\n<p>Do tego wszystkiego trzeba doda\u0107, \u017ce ju\u017c w najbli\u017cszy poniedzia\u0142ek klip wideo po raz pierwszy <em>pojedynczy<\/em> przez Ale. Artystka \u0142\u0105czy muzyk\u0119 ze \u015bwiatem komunikacji. Obecnie prowadzi podcast i pracuje w Mediaset Espa\u00f1a. \u017beby p\u00f3\u017aniej m\u00f3wili, \u017ce nie mamy czasu! Damy sobie rad\u0119 ze wszystkim, musimy tylko w to uwierzy\u0107! Dlatego chcieli\u015bmy pozna\u0107 artystk\u0119 z pierwszej r\u0119ki, aby mog\u0142a nam opowiedzie\u0107 o wspania\u0142ej pracy, kt\u00f3ra w\u0142o\u017cy\u0142a si\u0119 w to pi\u0119kne przes\u0142anie d\u017awi\u0119kowe.<\/p>\n<p><strong>Pytanie: Sk\u0105d bierze si\u0119 inspiracja do wyst\u0119p\u00f3w? <em>Mog\u0119 sam<\/em>? <\/strong><\/p>\n<p><strong>Reagowa\u0107:<\/strong> W\u0142a\u015bciwie to prze\u017cy\u0142am naprawd\u0119 trudny okres po rozstaniu, mieszkaj\u0105c samotnie w innym kraju i czuj\u0105c, \u017ce ca\u0142kowicie si\u0119 zatraci\u0142am. Nie wiedzia\u0142am kim jestem i czego szukam w \u017cyciu. To by\u0142o do\u015b\u0107 frustruj\u0105ce i my\u015bl\u0119, \u017ce to jedno z najgorszych uczu\u0107, jakich mo\u017cesz do\u015bwiadczy\u0107: niewiedza, kim jeste\u015b. Stopniowo wychodzi\u0142am z tego p\u0119tli, musia\u0142am uwierzy\u0107, \u017ce dam sobie rad\u0119 ze wszystkim, \u017ce nie potrzebuj\u0119 nikogo innego poza sob\u0105, aby si\u0119 ponownie odnale\u017a\u0107. Wi\u0119c to narodzi\u0142o si\u0119 stamt\u0105d, z potrzeby wzmocnienia si\u0119 i przypomnienia sobie, \u017ce poradz\u0119 sobie ze wszystkim, co stanie mi na drodze!<\/p>\n<p><strong>P: Jakie style chcia\u0142e\u015b uchwyci\u0107 w tej piosence?<\/strong><\/p>\n<p><strong>A:<\/strong> Nie wiedzia\u0142abym, jak zdefiniowa\u0107 konkretny styl, chcia\u0142am, \u017ceby mia\u0142 dobry rytm, ani za wolny, ani za mocny, a jednocze\u015bnie potrafi\u0142 opowiedzie\u0107 rzeczywisto\u015b\u0107, w kt\u00f3rej mo\u017cemy pozwoli\u0107 sobie na wp\u0142yw tego, co oni powiedzie\u0107 i tej sile powiedzenia \u201edo\u015b\u0107, wystarczy\u201d mojego \u017cycia, nie mog\u0119 pozwoli\u0107, \u017ceby mnie powstrzymali.<\/p>\n<p><strong>P: Jaki jest tw\u00f3j cel zwi\u0105zany z t\u0105 piosenk\u0105?<\/strong><\/p>\n<p><strong>A:<\/strong> Chcia\u0142bym, \u017ceby ludzie identyfikowali si\u0119 z tekstami piosenek, motywowali si\u0119 ich s\u0142uchaniem i pami\u0119tali, aby nie t\u0142umi\u0107 ich istoty i sta\u0107 si\u0119 osob\u0105, o kt\u00f3rej marz\u0105.<\/p>\n<div>\n<figure id=\"attachment_84333\" aria-describedby=\"caption-attachment-84333\" style=\"width: 682px\" class=\"wp-caption alignnone\"><img fetchpriority=\"high\" data-attachment-id=\"84333\" data-permalink=\"https:\/\/elgeneracionalpost.com\/cultura\/2023\/0403\/84321\/ale-lozano-puedo-con-todo-lo-que-se-me-ponga-por-delante.html\/attachment\/image-3-7\" data-orig-file=\"https:\/\/i0.wp.com\/elgeneracionalpost.com\/wp-content\/uploads\/2023\/03\/Image-3.jpeg?fit=1066%2C1600&amp;ssl=1\" data-orig-size=\"1066,1600\" data-comments-opened=\"0\" data-image-meta=\"{&quot;aperture&quot;:&quot;0&quot;,&quot;credit&quot;:&quot;&quot;,&quot;camera&quot;:&quot;&quot;,&quot;caption&quot;:&quot;&quot;,&quot;created_timestamp&quot;:&quot;0&quot;,&quot;copyright&quot;:&quot;&quot;,&quot;focal_length&quot;:&quot;0&quot;,&quot;iso&quot;:&quot;0&quot;,&quot;shutter_speed&quot;:&quot;0&quot;,&quot;title&quot;:&quot;&quot;,&quot;orientation&quot;:&quot;1&quot;}\" data-image-title=\"Image (3)\" data-image-description=\"\" data-image-caption=\"&lt;p&gt;Ale Lozano lanza su primer tema \u2018Yo Puedo Sola\u2019. | Fuente: @alee_lozano_&lt;\/p&gt;&#10;\" data-medium-file=\"https:\/\/i0.wp.com\/elgeneracionalpost.com\/wp-content\/uploads\/2023\/03\/Image-3.jpeg?fit=200%2C300&amp;ssl=1\" data-large-file=\"https:\/\/i0.wp.com\/elgeneracionalpost.com\/wp-content\/uploads\/2023\/03\/Image-3.jpeg?fit=682%2C1024&amp;ssl=1\" decoding=\"async\" class=\"wp-image-84333 size-large jetpack-lazy-image\" src=\"https:\/\/i0.wp.com\/elgeneracionalpost.com\/wp-content\/uploads\/2023\/03\/Image-3.jpeg?resize=682%2C1024&amp;ssl=1\" alt=\"\" width=\"682\" height=\"1024\" data-recalc-dims=\"1\" data-lazy-srcset=\"https:\/\/i0.wp.com\/elgeneracionalpost.com\/wp-content\/uploads\/2023\/03\/Image-3.jpeg?resize=682%2C1024&amp;ssl=1 682w, https:\/\/i0.wp.com\/elgeneracionalpost.com\/wp-content\/uploads\/2023\/03\/Image-3.jpeg?resize=200%2C300&amp;ssl=1 200w, https:\/\/i0.wp.com\/elgeneracionalpost.com\/wp-content\/uploads\/2023\/03\/Image-3.jpeg?resize=768%2C1153&amp;ssl=1 768w, https:\/\/i0.wp.com\/elgeneracionalpost.com\/wp-content\/uploads\/2023\/03\/Image-3.jpeg?resize=1023%2C1536&amp;ssl=1 1023w, https:\/\/i0.wp.com\/elgeneracionalpost.com\/wp-content\/uploads\/2023\/03\/Image-3.jpeg?resize=150%2C225&amp;ssl=1 150w, https:\/\/i0.wp.com\/elgeneracionalpost.com\/wp-content\/uploads\/2023\/03\/Image-3.jpeg?resize=300%2C450&amp;ssl=1 300w, https:\/\/i0.wp.com\/elgeneracionalpost.com\/wp-content\/uploads\/2023\/03\/Image-3.jpeg?resize=696%2C1045&amp;ssl=1 696w, https:\/\/i0.wp.com\/elgeneracionalpost.com\/wp-content\/uploads\/2023\/03\/Image-3.jpeg?w=1066&amp;ssl=1 1066w\" data-lazy-sizes=\"(max-width: 682px) 100vw, 682px\" data-lazy-src=\"https:\/\/i0.wp.com\/elgeneracionalpost.com\/wp-content\/uploads\/2023\/03\/Image-3.jpeg?resize=682%2C1024&amp;is-pending-load=1#038;ssl=1\" srcset=\"data:image\/gif;base64,R0lGODlhAQABAIAAAAAAAP\/\/\/yH5BAEAAAAALAAAAAABAAEAAAIBRAA7\"\/><noscript><img data-lazy-fallback=\"1\" data-attachment-id=\"84333\" data-permalink=\"https:\/\/elgeneracionalpost.com\/cultura\/2023\/0403\/84321\/ale-lozano-puedo-con-todo-lo-que-se-me-ponga-por-delante.html\/attachment\/image-3-7\" data-orig-file=\"https:\/\/i0.wp.com\/elgeneracionalpost.com\/wp-content\/uploads\/2023\/03\/Image-3.jpeg?fit=1066%2C1600&amp;ssl=1\" data-orig-size=\"1066,1600\" data-comments-opened=\"0\" data-image-meta=\"{&quot;aperture&quot;:&quot;0&quot;,&quot;credit&quot;:&quot;&quot;,&quot;camera&quot;:&quot;&quot;,&quot;caption&quot;:&quot;&quot;,&quot;created_timestamp&quot;:&quot;0&quot;,&quot;copyright&quot;:&quot;&quot;,&quot;focal_length&quot;:&quot;0&quot;,&quot;iso&quot;:&quot;0&quot;,&quot;shutter_speed&quot;:&quot;0&quot;,&quot;title&quot;:&quot;&quot;,&quot;orientation&quot;:&quot;1&quot;}\" data-image-title=\"Image (3)\" data-image-description=\"\" data-image-caption=\"&lt;p&gt;Ale Lozano lanza su primer tema \u2018Yo Puedo Sola\u2019. | Fuente: @alee_lozano_&lt;\/p&gt;&#10;\" data-medium-file=\"https:\/\/i0.wp.com\/elgeneracionalpost.com\/wp-content\/uploads\/2023\/03\/Image-3.jpeg?fit=200%2C300&amp;ssl=1\" data-large-file=\"https:\/\/i0.wp.com\/elgeneracionalpost.com\/wp-content\/uploads\/2023\/03\/Image-3.jpeg?fit=682%2C1024&amp;ssl=1\" decoding=\"async\" class=\"wp-image-84333 size-large\" src=\"https:\/\/i0.wp.com\/elgeneracionalpost.com\/wp-content\/uploads\/2023\/03\/Image-3.jpeg?resize=682%2C1024&amp;ssl=1\" alt=\"\" width=\"682\" height=\"1024\" srcset=\"https:\/\/i0.wp.com\/elgeneracionalpost.com\/wp-content\/uploads\/2023\/03\/Image-3.jpeg?resize=682%2C1024&amp;ssl=1 682w, https:\/\/i0.wp.com\/elgeneracionalpost.com\/wp-content\/uploads\/2023\/03\/Image-3.jpeg?resize=200%2C300&amp;ssl=1 200w, https:\/\/i0.wp.com\/elgeneracionalpost.com\/wp-content\/uploads\/2023\/03\/Image-3.jpeg?resize=768%2C1153&amp;ssl=1 768w, https:\/\/i0.wp.com\/elgeneracionalpost.com\/wp-content\/uploads\/2023\/03\/Image-3.jpeg?resize=1023%2C1536&amp;ssl=1 1023w, https:\/\/i0.wp.com\/elgeneracionalpost.com\/wp-content\/uploads\/2023\/03\/Image-3.jpeg?resize=150%2C225&amp;ssl=1 150w, https:\/\/i0.wp.com\/elgeneracionalpost.com\/wp-content\/uploads\/2023\/03\/Image-3.jpeg?resize=300%2C450&amp;ssl=1 300w, https:\/\/i0.wp.com\/elgeneracionalpost.com\/wp-content\/uploads\/2023\/03\/Image-3.jpeg?resize=696%2C1045&amp;ssl=1 696w, https:\/\/i0.wp.com\/elgeneracionalpost.com\/wp-content\/uploads\/2023\/03\/Image-3.jpeg?w=1066&amp;ssl=1 1066w\" sizes=\"(max-width: 682px) 100vw, 682px\" data-recalc-dims=\"1\"\/><\/noscript><figcaption id=\"caption-attachment-84333\" class=\"wp-caption-text\">Ale Lozano wydaje swoj\u0105 pierwsz\u0105 piosenk\u0119 \u201eYo Puedo Sola\u201d. | \u0179r\u00f3d\u0142o: @alee_lozano_<\/figcaption><\/figure>\n<\/div>\n<p><strong>P: Jak d\u0142ugo pracujesz nad muzyk\u0105?<\/strong><\/p>\n<p><strong>A:<\/strong> Zacz\u0105\u0142em komponowa\u0107 na pocz\u0105tku 2021 roku i wydaje mi si\u0119 niewiarygodne, \u017ce opublikuj\u0119 to w 2023 roku. Nie oznacza to, \u017ce pracowa\u0142em nad tym dwa lata, ale mia\u0142em w\u0105tpliwo\u015bci, zostawia\u0142em to i zaczyna\u0142em wiele razy od nowa . Nie ma nic z\u0142ego w daniu piosence spokoju, listowi do wys\u0142uchania jej z innego punktu widzenia, ale my\u015bl\u0119, \u017ce a\u017c do dzisiaj brakowa\u0142o nam du\u017co pewno\u015bci siebie. Wreszcie stawiam na siebie pod ka\u017cdym wzgl\u0119dem.<\/p>\n<p><strong>P: Czy zauwa\u017cy\u0142e\u015b, \u017ce jacy\u015b arty\u015bci stworzyli t\u0119 piosenk\u0119?<\/strong><\/p>\n<p><strong>A:<\/strong> Mam trudno\u015bci z identyfikacj\u0105 z innymi artystami, my\u015bl\u0119, \u017ce wci\u0105\u017c odkrywam swoj\u0105 muzyczn\u0105 drog\u0119. Lubi\u0119 wiele styl\u00f3w i artyst\u00f3w, kt\u00f3rzy nie maj\u0105 ze sob\u0105 nic wsp\u00f3lnego. Na przyk\u0142ad uwielbiam czu\u0142o\u015b\u0107, kt\u00f3r\u0105 potrafi wyrazi\u0107 <strong>Dziecko<\/strong> z twoimi tekstami, uwielbiam zwroty akcji wokalnych <strong>Krystyna<\/strong> <strong>Orle gniazdo<\/strong> i ciep\u0142o, kt\u00f3re przekazuje <strong>Nora<\/strong> <strong>Jonesa<\/strong>i nie maj\u0105 ze sob\u0105 nic wsp\u00f3lnego!<\/p>\n<p><h3>Piosenka, kt\u00f3r\u0105 musisz us\u0142ysze\u0107, aby wyj\u015b\u0107 z passy pora\u017cek<\/h3>\n<\/p>\n<p><strong>P: Na jakiego piosenkarza zwracasz najwi\u0119ksz\u0105 uwag\u0119? <\/strong><\/p>\n<p><strong>A:<\/strong> Obecnie staram si\u0119 otworzy\u0107 umys\u0142 na nowe style, cofn\u0105\u0107 si\u0119 o lata, aby zobaczy\u0107, sk\u0105d pochodzi to, co s\u0142yszymy dzisiaj, kto m\u00f3g\u0142 zainspirowa\u0107 wokalist\u00f3w, kt\u00f3rych dzisiaj s\u0142yszymy i zej\u015b\u0107 troch\u0119 g\u0142\u0119biej, powiedzmy, haha. S\u0142ucham wielu latynoskich piosenkarzy <strong>Feid<\/strong> ka\u017cdy <strong>Karol G.<\/strong>ale te\u017c s\u0142ysz\u0119 <strong>Norah Jones czy Christina Aguilera.<\/strong> Troch\u0119 wszystkiego.<\/p>\n<p><strong>P: Kto jest Twoim idolem?<\/strong><\/p>\n<p><strong>A:<\/strong> Zaskoczeniem b\u0119dzie stwierdzenie, \u017ce nie mam idola jako takiego. Kocha\u0142am Justina Biebera za jego czas\u00f3w, ale my\u015bl\u0119, \u017ce by\u0142a to raczej mi\u0142o\u015b\u0107 nastoletnia, haha, ale b\u0105d\u017a ostro\u017cna! Nadal lubi\u0119 jego muzyk\u0119. Aitana, Pablo Albor\u00e1n i <strong>Rozalia<\/strong> Bardzo mnie inspiruj\u0105 na poziomie krajowym. A na arenie mi\u0119dzynarodowej wszystkiego po trochu.<\/p>\n<div>\n<figure id=\"attachment_84332\" aria-describedby=\"caption-attachment-84332\" style=\"width: 696px\" class=\"wp-caption alignnone\"><img data-attachment-id=\"84332\" data-permalink=\"https:\/\/elgeneracionalpost.com\/cultura\/2023\/0403\/84321\/ale-lozano-puedo-con-todo-lo-que-se-me-ponga-por-delante.html\/attachment\/image-2-9\" data-orig-file=\"https:\/\/i0.wp.com\/elgeneracionalpost.com\/wp-content\/uploads\/2023\/03\/Image-2.jpeg?fit=1440%2C1800&amp;ssl=1\" data-orig-size=\"1440,1800\" data-comments-opened=\"0\" data-image-meta=\"{&quot;aperture&quot;:&quot;0&quot;,&quot;credit&quot;:&quot;&quot;,&quot;camera&quot;:&quot;&quot;,&quot;caption&quot;:&quot;&quot;,&quot;created_timestamp&quot;:&quot;0&quot;,&quot;copyright&quot;:&quot;&quot;,&quot;focal_length&quot;:&quot;0&quot;,&quot;iso&quot;:&quot;0&quot;,&quot;shutter_speed&quot;:&quot;0&quot;,&quot;title&quot;:&quot;&quot;,&quot;orientation&quot;:&quot;1&quot;}\" data-image-title=\"Image (2)\" data-image-description=\"\" data-image-caption=\"&lt;p&gt;Ale Lozano lanza su primer tema \u2018Yo Puedo Sola\u2019. | Fuente: @alee_lozano_&lt;\/p&gt;&#10;\" data-medium-file=\"https:\/\/i0.wp.com\/elgeneracionalpost.com\/wp-content\/uploads\/2023\/03\/Image-2.jpeg?fit=240%2C300&amp;ssl=1\" data-large-file=\"https:\/\/i0.wp.com\/elgeneracionalpost.com\/wp-content\/uploads\/2023\/03\/Image-2.jpeg?fit=696%2C870&amp;ssl=1\" decoding=\"async\" class=\"wp-image-84332 size-large jetpack-lazy-image\" src=\"https:\/\/i0.wp.com\/elgeneracionalpost.com\/wp-content\/uploads\/2023\/03\/Image-2.jpeg?resize=696%2C870&amp;ssl=1\" alt=\"\" width=\"696\" height=\"870\" data-recalc-dims=\"1\" data-lazy-srcset=\"https:\/\/i0.wp.com\/elgeneracionalpost.com\/wp-content\/uploads\/2023\/03\/Image-2.jpeg?resize=819%2C1024&amp;ssl=1 819w, https:\/\/i0.wp.com\/elgeneracionalpost.com\/wp-content\/uploads\/2023\/03\/Image-2.jpeg?resize=240%2C300&amp;ssl=1 240w, https:\/\/i0.wp.com\/elgeneracionalpost.com\/wp-content\/uploads\/2023\/03\/Image-2.jpeg?resize=768%2C960&amp;ssl=1 768w, https:\/\/i0.wp.com\/elgeneracionalpost.com\/wp-content\/uploads\/2023\/03\/Image-2.jpeg?resize=1229%2C1536&amp;ssl=1 1229w, https:\/\/i0.wp.com\/elgeneracionalpost.com\/wp-content\/uploads\/2023\/03\/Image-2.jpeg?resize=150%2C188&amp;ssl=1 150w, https:\/\/i0.wp.com\/elgeneracionalpost.com\/wp-content\/uploads\/2023\/03\/Image-2.jpeg?resize=300%2C375&amp;ssl=1 300w, https:\/\/i0.wp.com\/elgeneracionalpost.com\/wp-content\/uploads\/2023\/03\/Image-2.jpeg?resize=696%2C870&amp;ssl=1 696w, https:\/\/i0.wp.com\/elgeneracionalpost.com\/wp-content\/uploads\/2023\/03\/Image-2.jpeg?resize=1068%2C1335&amp;ssl=1 1068w, https:\/\/i0.wp.com\/elgeneracionalpost.com\/wp-content\/uploads\/2023\/03\/Image-2.jpeg?w=1440&amp;ssl=1 1440w\" data-lazy-sizes=\"(max-width: 696px) 100vw, 696px\" data-lazy-src=\"https:\/\/i0.wp.com\/elgeneracionalpost.com\/wp-content\/uploads\/2023\/03\/Image-2.jpeg?resize=696%2C870&amp;is-pending-load=1#038;ssl=1\" srcset=\"data:image\/gif;base64,R0lGODlhAQABAIAAAAAAAP\/\/\/yH5BAEAAAAALAAAAAABAAEAAAIBRAA7\"\/><noscript><img loading=\"lazy\" data-lazy-fallback=\"1\" data-attachment-id=\"84332\" data-permalink=\"https:\/\/elgeneracionalpost.com\/cultura\/2023\/0403\/84321\/ale-lozano-puedo-con-todo-lo-que-se-me-ponga-por-delante.html\/attachment\/image-2-9\" data-orig-file=\"https:\/\/i0.wp.com\/elgeneracionalpost.com\/wp-content\/uploads\/2023\/03\/Image-2.jpeg?fit=1440%2C1800&amp;ssl=1\" data-orig-size=\"1440,1800\" data-comments-opened=\"0\" data-image-meta=\"{&quot;aperture&quot;:&quot;0&quot;,&quot;credit&quot;:&quot;&quot;,&quot;camera&quot;:&quot;&quot;,&quot;caption&quot;:&quot;&quot;,&quot;created_timestamp&quot;:&quot;0&quot;,&quot;copyright&quot;:&quot;&quot;,&quot;focal_length&quot;:&quot;0&quot;,&quot;iso&quot;:&quot;0&quot;,&quot;shutter_speed&quot;:&quot;0&quot;,&quot;title&quot;:&quot;&quot;,&quot;orientation&quot;:&quot;1&quot;}\" data-image-title=\"Image (2)\" data-image-description=\"\" data-image-caption=\"&lt;p&gt;Ale Lozano lanza su primer tema \u2018Yo Puedo Sola\u2019. | Fuente: @alee_lozano_&lt;\/p&gt;&#10;\" data-medium-file=\"https:\/\/i0.wp.com\/elgeneracionalpost.com\/wp-content\/uploads\/2023\/03\/Image-2.jpeg?fit=240%2C300&amp;ssl=1\" data-large-file=\"https:\/\/i0.wp.com\/elgeneracionalpost.com\/wp-content\/uploads\/2023\/03\/Image-2.jpeg?fit=696%2C870&amp;ssl=1\" decoding=\"async\" class=\"wp-image-84332 size-large\" src=\"https:\/\/i0.wp.com\/elgeneracionalpost.com\/wp-content\/uploads\/2023\/03\/Image-2.jpeg?resize=696%2C870&amp;ssl=1\" alt=\"\" width=\"696\" height=\"870\" srcset=\"https:\/\/i0.wp.com\/elgeneracionalpost.com\/wp-content\/uploads\/2023\/03\/Image-2.jpeg?resize=819%2C1024&amp;ssl=1 819w, https:\/\/i0.wp.com\/elgeneracionalpost.com\/wp-content\/uploads\/2023\/03\/Image-2.jpeg?resize=240%2C300&amp;ssl=1 240w, https:\/\/i0.wp.com\/elgeneracionalpost.com\/wp-content\/uploads\/2023\/03\/Image-2.jpeg?resize=768%2C960&amp;ssl=1 768w, https:\/\/i0.wp.com\/elgeneracionalpost.com\/wp-content\/uploads\/2023\/03\/Image-2.jpeg?resize=1229%2C1536&amp;ssl=1 1229w, https:\/\/i0.wp.com\/elgeneracionalpost.com\/wp-content\/uploads\/2023\/03\/Image-2.jpeg?resize=150%2C188&amp;ssl=1 150w, https:\/\/i0.wp.com\/elgeneracionalpost.com\/wp-content\/uploads\/2023\/03\/Image-2.jpeg?resize=300%2C375&amp;ssl=1 300w, https:\/\/i0.wp.com\/elgeneracionalpost.com\/wp-content\/uploads\/2023\/03\/Image-2.jpeg?resize=696%2C870&amp;ssl=1 696w, https:\/\/i0.wp.com\/elgeneracionalpost.com\/wp-content\/uploads\/2023\/03\/Image-2.jpeg?resize=1068%2C1335&amp;ssl=1 1068w, https:\/\/i0.wp.com\/elgeneracionalpost.com\/wp-content\/uploads\/2023\/03\/Image-2.jpeg?w=1440&amp;ssl=1 1440w\" sizes=\"auto, (max-width: 696px) 100vw, 696px\" data-recalc-dims=\"1\"\/><\/noscript><figcaption id=\"caption-attachment-84332\" class=\"wp-caption-text\">Ale Lozano wydaje swoj\u0105 pierwsz\u0105 piosenk\u0119 \u201eYo Puedo Sola\u201d. | \u0179r\u00f3d\u0142o: @alee_lozano_<\/figcaption><\/figure>\n<\/div>\n<p><strong>P: Kto jest producentem piosenki?<\/strong><\/p>\n<p><strong>A:<\/strong> Muzyczny rytm jest <strong>SMRK bije,<\/strong> U\u017cywa\u0142em jego baz w wi\u0119kszej liczbie piosenek, kt\u00f3re wci\u0105\u017c s\u0105 w fazie dojrzewania i naprawd\u0119 mi si\u0119 to podoba. Efektem jest nagranie i mastering <strong>Danny\u2019ego Delgado<\/strong>, p\u0119kni\u0119cie. Wykaza\u0142 si\u0119 wobec mnie bardzo cierpliwo\u015bci\u0105, dopiero zaczynam komponowa\u0107 i nagrywa\u0107, a on jest mistrzem.<\/p>\n<p><strong>P: Co powiedzia\u0142by\u015b tym wszystkim ludziom, kt\u00f3rzy Ci\u0119 poni\u017caj\u0105, wierz\u0105c, \u017ce jeste\u015b bezwarto\u015bciowy?<\/strong><\/p>\n<p><strong>A:<\/strong> Nie mo\u017cemy pozwoli\u0107, aby reszta decydowa\u0142a o powodzeniu naszych marze\u0144. G\u0142uche uszy! Powiedzia\u0142bym im, \u017ceby skupili si\u0119 na swoich projektach, a nie oceniali marzenia innych ludzi. Bardzo ba\u0142am si\u0119 wypu\u015bci\u0107 t\u0119 piosenk\u0119 z jego powodu: \u201eA co je\u015bli nie b\u0119d\u0105 tego ode mnie oczekiwa\u0107? A co je\u015bli naprawd\u0119 nie zrobi\u0119 tego dobrze? Musisz zaufa\u0107 sobie i postawi\u0107 na siebie, nawet je\u015bli nikt inny tego nie zrobi.<\/p>\n<p><strong>P: Jakiej rady udzieli\u0142by\u015b tym, kt\u00f3rzy nie maj\u0105 odwagi goni\u0107 za swoimi marzeniami?<\/strong><\/p>\n<p><strong>A:<\/strong> Co oni wypuszczaj\u0105! \u017bycie mamy tylko jedno! Du\u017co m\u00f3wi\u0119 o tych rzeczach <em>pom\u00f3\u017c sobie, pom\u00f3\u017c sobie<\/em>m\u00f3j podcast, o tym, \u017ce nie mo\u017cemy by\u0107 \u015bwiadomi tego, co my\u015bl\u0105 i m\u00f3wi\u0105 o nas inni.<\/p>\n<div>\n<p><span class=\"embed-youtube\" style=\"text-align:center; display: block;\"><iframe title=\"YO PUEDO SOLA - Ale \u2020 Lozano\" width=\"790\" height=\"444\" src=\"https:\/\/www.youtube.com\/embed\/bby20vBZrr0?feature=oembed\" frameborder=\"0\" allow=\"accelerometer; autoplay; clipboard-write; encrypted-media; gyroscope; picture-in-picture; web-share\" allowfullscreen><\/iframe><\/span><\/p>\n<\/div>\n<h3\/>\n<div class=\"sharedaddy sd-block sd-like jetpack-likes-widget-wrapper jetpack-likes-widget-unloaded\" id=\"like-post-wrapper-153844979-84321-642b59e6b9847\" data-src=\"https:\/\/widgets.wp.com\/likes\/#blog_id=153844979&amp;post_id=84321&amp;origin=elgeneracionalpost.com&amp;obj_id=153844979-84321-642b59e6b9847\" data-name=\"like-post-frame-153844979-84321-642b59e6b9847\" data-title=\"Me gusta o Compartir\">\n<h3 class=\"sd-title\">Lubi\u0119 to:<\/h3>\n<p><span class=\"button\"><span>lubi\u0119<\/span><\/span> <span class=\"loading\">\u0141adowanie\u2026<\/span><\/p>\n<p><span class=\"sd-text-color\"\/><\/div>\n<p><h3 class=\"jp-relatedposts-headline\"><em>Powi\u0105zany<\/em><\/h3>\n<\/p>\n<\/div>","protected":false},"excerpt":{"rendered":"<p>Mog\u0119 sam pierwszy singiel piwa Ale Lozano Lozano (2000) zaprezentowa\u0142 31 marca sw\u00f3j pierwszy singiel I\u2026 <\/p>","protected":false},"author":1,"featured_media":972,"comment_status":"open","ping_status":"open","sticky":false,"template":"","format":"standard","meta":{"fifu_image_url":"https:\/\/elgeneracionalpost.com\/wp-content\/uploads\/2023\/03\/Image-1-1024x1024.jpeg","fifu_image_alt":"","footnotes":""},"categories":[35],"tags":[],"class_list":["post-970","post","type-post","status-publish","format-standard","has-post-thumbnail","hentry","category-cultura-e-lazer","latest_post"],"yoast_head":"<!-- This site is optimized with the Yoast SEO plugin v27.3 - https:\/\/yoast.com\/product\/yoast-seo-wordpress\/ -->\n<title>&quot;Eu posso lidar com tudo que vem em meu caminho&quot; - Tirinha.com<\/title>\n<meta name=\"robots\" content=\"index, follow, max-snippet:-1, max-image-preview:large, max-video-preview:-1\" \/>\n<link rel=\"canonical\" href=\"https:\/\/tirinha.com\/pl\/970\/potrafie-poradzic-sobie-ze-wszystkim-co-stanie-na-mojej-drodze\/\" \/>\n<meta property=\"og:locale\" content=\"pl_PL\" \/>\n<meta property=\"og:type\" content=\"article\" \/>\n<meta property=\"og:title\" content=\"&quot;Eu posso lidar com tudo que vem em meu caminho&quot; - Tirinha.com\" \/>\n<meta property=\"og:description\" content=\"eu posso sozinhoo primeiro single de Ale Lozano cerveja lozano (2000) apresentou em 31 de mar\u00e7o seu primeiro single eu &hellip;\" \/>\n<meta property=\"og:url\" content=\"https:\/\/tirinha.com\/pl\/970\/potrafie-poradzic-sobie-ze-wszystkim-co-stanie-na-mojej-drodze\/\" \/>\n<meta property=\"og:site_name\" content=\"Tirinha.com\" \/>\n<meta property=\"article:published_time\" content=\"2023-04-03T22:57:43+00:00\" \/>\n<meta property=\"og:image\" content=\"https:\/\/elgeneracionalpost.com\/wp-content\/uploads\/2023\/03\/Image-1-1024x1024.jpeg\" \/>\n<meta name=\"author\" content=\"admin\" \/>\n<meta name=\"twitter:card\" content=\"summary_large_image\" \/>\n<meta name=\"twitter:image\" content=\"https:\/\/elgeneracionalpost.com\/wp-content\/uploads\/2023\/03\/Image-1-1024x1024.jpeg\" \/>\n<meta name=\"twitter:label1\" content=\"Napisane przez\" \/>\n\t<meta name=\"twitter:data1\" content=\"admin\" \/>\n\t<meta name=\"twitter:label2\" content=\"Szacowany czas czytania\" \/>\n\t<meta name=\"twitter:data2\" content=\"5 minut\" \/>\n<script type=\"application\/ld+json\" class=\"yoast-schema-graph\">{\"@context\":\"https:\\\/\\\/schema.org\",\"@graph\":[{\"@type\":\"Article\",\"@id\":\"https:\\\/\\\/tirinha.com\\\/970\\\/eu-posso-lidar-com-tudo-que-vem-em-meu-caminho\\\/#article\",\"isPartOf\":{\"@id\":\"https:\\\/\\\/tirinha.com\\\/970\\\/eu-posso-lidar-com-tudo-que-vem-em-meu-caminho\\\/\"},\"author\":{\"name\":\"admin\",\"@id\":\"https:\\\/\\\/tirinha.com\\\/#\\\/schema\\\/person\\\/e22bdfbe17e0461f7e927e6a1208d4d9\"},\"headline\":\"&#8220;Eu posso lidar com tudo que vem em meu caminho&#8221;\",\"datePublished\":\"2023-04-03T22:57:43+00:00\",\"mainEntityOfPage\":{\"@id\":\"https:\\\/\\\/tirinha.com\\\/970\\\/eu-posso-lidar-com-tudo-que-vem-em-meu-caminho\\\/\"},\"wordCount\":969,\"commentCount\":0,\"publisher\":{\"@id\":\"https:\\\/\\\/tirinha.com\\\/#organization\"},\"image\":{\"@id\":\"https:\\\/\\\/tirinha.com\\\/970\\\/eu-posso-lidar-com-tudo-que-vem-em-meu-caminho\\\/#primaryimage\"},\"thumbnailUrl\":\"https:\\\/\\\/elgeneracionalpost.com\\\/wp-content\\\/uploads\\\/2023\\\/03\\\/Image-1-1024x1024.jpeg\",\"articleSection\":[\"Cultura e lazer\"],\"inLanguage\":\"pl-PL\",\"potentialAction\":[{\"@type\":\"CommentAction\",\"name\":\"Comment\",\"target\":[\"https:\\\/\\\/tirinha.com\\\/970\\\/eu-posso-lidar-com-tudo-que-vem-em-meu-caminho\\\/#respond\"]}]},{\"@type\":\"WebPage\",\"@id\":\"https:\\\/\\\/tirinha.com\\\/970\\\/eu-posso-lidar-com-tudo-que-vem-em-meu-caminho\\\/\",\"url\":\"https:\\\/\\\/tirinha.com\\\/970\\\/eu-posso-lidar-com-tudo-que-vem-em-meu-caminho\\\/\",\"name\":\"\\\"Eu posso lidar com tudo que vem em meu caminho\\\" - Tirinha.com\",\"isPartOf\":{\"@id\":\"https:\\\/\\\/tirinha.com\\\/#website\"},\"primaryImageOfPage\":{\"@id\":\"https:\\\/\\\/tirinha.com\\\/970\\\/eu-posso-lidar-com-tudo-que-vem-em-meu-caminho\\\/#primaryimage\"},\"image\":{\"@id\":\"https:\\\/\\\/tirinha.com\\\/970\\\/eu-posso-lidar-com-tudo-que-vem-em-meu-caminho\\\/#primaryimage\"},\"thumbnailUrl\":\"https:\\\/\\\/elgeneracionalpost.com\\\/wp-content\\\/uploads\\\/2023\\\/03\\\/Image-1-1024x1024.jpeg\",\"datePublished\":\"2023-04-03T22:57:43+00:00\",\"breadcrumb\":{\"@id\":\"https:\\\/\\\/tirinha.com\\\/970\\\/eu-posso-lidar-com-tudo-que-vem-em-meu-caminho\\\/#breadcrumb\"},\"inLanguage\":\"pl-PL\",\"potentialAction\":[{\"@type\":\"ReadAction\",\"target\":[\"https:\\\/\\\/tirinha.com\\\/970\\\/eu-posso-lidar-com-tudo-que-vem-em-meu-caminho\\\/\"]}]},{\"@type\":\"ImageObject\",\"inLanguage\":\"pl-PL\",\"@id\":\"https:\\\/\\\/tirinha.com\\\/970\\\/eu-posso-lidar-com-tudo-que-vem-em-meu-caminho\\\/#primaryimage\",\"url\":\"https:\\\/\\\/elgeneracionalpost.com\\\/wp-content\\\/uploads\\\/2023\\\/03\\\/Image-1-1024x1024.jpeg\",\"contentUrl\":\"https:\\\/\\\/elgeneracionalpost.com\\\/wp-content\\\/uploads\\\/2023\\\/03\\\/Image-1-1024x1024.jpeg\"},{\"@type\":\"BreadcrumbList\",\"@id\":\"https:\\\/\\\/tirinha.com\\\/970\\\/eu-posso-lidar-com-tudo-que-vem-em-meu-caminho\\\/#breadcrumb\",\"itemListElement\":[{\"@type\":\"ListItem\",\"position\":1,\"name\":\"Home\",\"item\":\"https:\\\/\\\/tirinha.com\\\/\"},{\"@type\":\"ListItem\",\"position\":2,\"name\":\"&#8220;Eu posso lidar com tudo que vem em meu caminho&#8221;\"}]},{\"@type\":\"WebSite\",\"@id\":\"https:\\\/\\\/tirinha.com\\\/#website\",\"url\":\"https:\\\/\\\/tirinha.com\\\/\",\"name\":\"Tirinha.com\",\"description\":\"Arte e livros resenhas\",\"publisher\":{\"@id\":\"https:\\\/\\\/tirinha.com\\\/#organization\"},\"potentialAction\":[{\"@type\":\"SearchAction\",\"target\":{\"@type\":\"EntryPoint\",\"urlTemplate\":\"https:\\\/\\\/tirinha.com\\\/?s={search_term_string}\"},\"query-input\":{\"@type\":\"PropertyValueSpecification\",\"valueRequired\":true,\"valueName\":\"search_term_string\"}}],\"inLanguage\":\"pl-PL\"},{\"@type\":\"Organization\",\"@id\":\"https:\\\/\\\/tirinha.com\\\/#organization\",\"name\":\"Tirinha.com\",\"url\":\"https:\\\/\\\/tirinha.com\\\/\",\"logo\":{\"@type\":\"ImageObject\",\"inLanguage\":\"pl-PL\",\"@id\":\"https:\\\/\\\/tirinha.com\\\/#\\\/schema\\\/logo\\\/image\\\/\",\"url\":\"https:\\\/\\\/tirinha.com\\\/wp-content\\\/uploads\\\/2023\\\/08\\\/cropped-Logo-Tirinha.webp\",\"contentUrl\":\"https:\\\/\\\/tirinha.com\\\/wp-content\\\/uploads\\\/2023\\\/08\\\/cropped-Logo-Tirinha.webp\",\"width\":512,\"height\":512,\"caption\":\"Tirinha.com\"},\"image\":{\"@id\":\"https:\\\/\\\/tirinha.com\\\/#\\\/schema\\\/logo\\\/image\\\/\"}},{\"@type\":\"Person\",\"@id\":\"https:\\\/\\\/tirinha.com\\\/#\\\/schema\\\/person\\\/e22bdfbe17e0461f7e927e6a1208d4d9\",\"name\":\"admin\",\"image\":{\"@type\":\"ImageObject\",\"inLanguage\":\"pl-PL\",\"@id\":\"https:\\\/\\\/tirinha.com\\\/wp-content\\\/litespeed\\\/avatar\\\/d0068f7931cc87d7274eb0c3db1deb4b.jpg?ver=1777434315\",\"url\":\"https:\\\/\\\/tirinha.com\\\/wp-content\\\/litespeed\\\/avatar\\\/d0068f7931cc87d7274eb0c3db1deb4b.jpg?ver=1777434315\",\"contentUrl\":\"https:\\\/\\\/tirinha.com\\\/wp-content\\\/litespeed\\\/avatar\\\/d0068f7931cc87d7274eb0c3db1deb4b.jpg?ver=1777434315\",\"caption\":\"admin\"},\"sameAs\":[\"https:\\\/\\\/tirinha.com\"],\"url\":\"https:\\\/\\\/tirinha.com\\\/pl\\\/author\\\/admin\\\/\"}]}<\/script>\n<!-- \/ Yoast SEO plugin. -->","yoast_head_json":{"title":"\"Potrafi\u0119 sobie poradzi\u0107 ze wszystkim, co stanie na mojej drodze\" \u2013 Tirinha.com","robots":{"index":"index","follow":"follow","max-snippet":"max-snippet:-1","max-image-preview":"max-image-preview:large","max-video-preview":"max-video-preview:-1"},"canonical":"https:\/\/tirinha.com\/pl\/970\/potrafie-poradzic-sobie-ze-wszystkim-co-stanie-na-mojej-drodze\/","og_locale":"pl_PL","og_type":"article","og_title":"\"Eu posso lidar com tudo que vem em meu caminho\" - Tirinha.com","og_description":"eu posso sozinhoo primeiro single de Ale Lozano cerveja lozano (2000) apresentou em 31 de mar\u00e7o seu primeiro single eu &hellip;","og_url":"https:\/\/tirinha.com\/pl\/970\/potrafie-poradzic-sobie-ze-wszystkim-co-stanie-na-mojej-drodze\/","og_site_name":"Tirinha.com","article_published_time":"2023-04-03T22:57:43+00:00","og_image":[{"url":"https:\/\/elgeneracionalpost.com\/wp-content\/uploads\/2023\/03\/Image-1-1024x1024.jpeg","type":"","width":"","height":""}],"author":"admin","twitter_card":"summary_large_image","twitter_image":"https:\/\/elgeneracionalpost.com\/wp-content\/uploads\/2023\/03\/Image-1-1024x1024.jpeg","twitter_misc":{"Napisane przez":"admin","Szacowany czas czytania":"5 minut"},"schema":{"@context":"https:\/\/schema.org","@graph":[{"@type":"Article","@id":"https:\/\/tirinha.com\/970\/eu-posso-lidar-com-tudo-que-vem-em-meu-caminho\/#article","isPartOf":{"@id":"https:\/\/tirinha.com\/970\/eu-posso-lidar-com-tudo-que-vem-em-meu-caminho\/"},"author":{"name":"admin","@id":"https:\/\/tirinha.com\/#\/schema\/person\/e22bdfbe17e0461f7e927e6a1208d4d9"},"headline":"&#8220;Eu posso lidar com tudo que vem em meu caminho&#8221;","datePublished":"2023-04-03T22:57:43+00:00","mainEntityOfPage":{"@id":"https:\/\/tirinha.com\/970\/eu-posso-lidar-com-tudo-que-vem-em-meu-caminho\/"},"wordCount":969,"commentCount":0,"publisher":{"@id":"https:\/\/tirinha.com\/#organization"},"image":{"@id":"https:\/\/tirinha.com\/970\/eu-posso-lidar-com-tudo-que-vem-em-meu-caminho\/#primaryimage"},"thumbnailUrl":"https:\/\/elgeneracionalpost.com\/wp-content\/uploads\/2023\/03\/Image-1-1024x1024.jpeg","articleSection":["Cultura e lazer"],"inLanguage":"pl-PL","potentialAction":[{"@type":"CommentAction","name":"Comment","target":["https:\/\/tirinha.com\/970\/eu-posso-lidar-com-tudo-que-vem-em-meu-caminho\/#respond"]}]},{"@type":"WebPage","@id":"https:\/\/tirinha.com\/970\/eu-posso-lidar-com-tudo-que-vem-em-meu-caminho\/","url":"https:\/\/tirinha.com\/970\/eu-posso-lidar-com-tudo-que-vem-em-meu-caminho\/","name":"\"Potrafi\u0119 sobie poradzi\u0107 ze wszystkim, co stanie na mojej drodze\" \u2013 Tirinha.com","isPartOf":{"@id":"https:\/\/tirinha.com\/#website"},"primaryImageOfPage":{"@id":"https:\/\/tirinha.com\/970\/eu-posso-lidar-com-tudo-que-vem-em-meu-caminho\/#primaryimage"},"image":{"@id":"https:\/\/tirinha.com\/970\/eu-posso-lidar-com-tudo-que-vem-em-meu-caminho\/#primaryimage"},"thumbnailUrl":"https:\/\/elgeneracionalpost.com\/wp-content\/uploads\/2023\/03\/Image-1-1024x1024.jpeg","datePublished":"2023-04-03T22:57:43+00:00","breadcrumb":{"@id":"https:\/\/tirinha.com\/970\/eu-posso-lidar-com-tudo-que-vem-em-meu-caminho\/#breadcrumb"},"inLanguage":"pl-PL","potentialAction":[{"@type":"ReadAction","target":["https:\/\/tirinha.com\/970\/eu-posso-lidar-com-tudo-que-vem-em-meu-caminho\/"]}]},{"@type":"ImageObject","inLanguage":"pl-PL","@id":"https:\/\/tirinha.com\/970\/eu-posso-lidar-com-tudo-que-vem-em-meu-caminho\/#primaryimage","url":"https:\/\/elgeneracionalpost.com\/wp-content\/uploads\/2023\/03\/Image-1-1024x1024.jpeg","contentUrl":"https:\/\/elgeneracionalpost.com\/wp-content\/uploads\/2023\/03\/Image-1-1024x1024.jpeg"},{"@type":"BreadcrumbList","@id":"https:\/\/tirinha.com\/970\/eu-posso-lidar-com-tudo-que-vem-em-meu-caminho\/#breadcrumb","itemListElement":[{"@type":"ListItem","position":1,"name":"Home","item":"https:\/\/tirinha.com\/"},{"@type":"ListItem","position":2,"name":"&#8220;Eu posso lidar com tudo que vem em meu caminho&#8221;"}]},{"@type":"WebSite","@id":"https:\/\/tirinha.com\/#website","url":"https:\/\/tirinha.com\/","name":"Tirinha.com","description":"Recenzje dzie\u0142 sztuki i ksi\u0105\u017cek","publisher":{"@id":"https:\/\/tirinha.com\/#organization"},"potentialAction":[{"@type":"SearchAction","target":{"@type":"EntryPoint","urlTemplate":"https:\/\/tirinha.com\/?s={search_term_string}"},"query-input":{"@type":"PropertyValueSpecification","valueRequired":true,"valueName":"search_term_string"}}],"inLanguage":"pl-PL"},{"@type":"Organization","@id":"https:\/\/tirinha.com\/#organization","name":"Tirinha.com","url":"https:\/\/tirinha.com\/","logo":{"@type":"ImageObject","inLanguage":"pl-PL","@id":"https:\/\/tirinha.com\/#\/schema\/logo\/image\/","url":"https:\/\/tirinha.com\/wp-content\/uploads\/2023\/08\/cropped-Logo-Tirinha.webp","contentUrl":"https:\/\/tirinha.com\/wp-content\/uploads\/2023\/08\/cropped-Logo-Tirinha.webp","width":512,"height":512,"caption":"Tirinha.com"},"image":{"@id":"https:\/\/tirinha.com\/#\/schema\/logo\/image\/"}},{"@type":"Person","@id":"https:\/\/tirinha.com\/#\/schema\/person\/e22bdfbe17e0461f7e927e6a1208d4d9","name":"Admin","image":{"@type":"ImageObject","inLanguage":"pl-PL","@id":"https:\/\/tirinha.com\/wp-content\/litespeed\/avatar\/d0068f7931cc87d7274eb0c3db1deb4b.jpg?ver=1777434315","url":"https:\/\/tirinha.com\/wp-content\/litespeed\/avatar\/d0068f7931cc87d7274eb0c3db1deb4b.jpg?ver=1777434315","contentUrl":"https:\/\/tirinha.com\/wp-content\/litespeed\/avatar\/d0068f7931cc87d7274eb0c3db1deb4b.jpg?ver=1777434315","caption":"admin"},"sameAs":["https:\/\/tirinha.com"],"url":"https:\/\/tirinha.com\/pl\/author\/admin\/"}]}},"_links":{"self":[{"href":"https:\/\/tirinha.com\/pl\/wp-json\/wp\/v2\/posts\/970","targetHints":{"allow":["GET"]}}],"collection":[{"href":"https:\/\/tirinha.com\/pl\/wp-json\/wp\/v2\/posts"}],"about":[{"href":"https:\/\/tirinha.com\/pl\/wp-json\/wp\/v2\/types\/post"}],"author":[{"embeddable":true,"href":"https:\/\/tirinha.com\/pl\/wp-json\/wp\/v2\/users\/1"}],"replies":[{"embeddable":true,"href":"https:\/\/tirinha.com\/pl\/wp-json\/wp\/v2\/comments?post=970"}],"version-history":[{"count":0,"href":"https:\/\/tirinha.com\/pl\/wp-json\/wp\/v2\/posts\/970\/revisions"}],"wp:featuredmedia":[{"embeddable":true,"href":"https:\/\/tirinha.com\/pl\/wp-json\/wp\/v2\/media\/972"}],"wp:attachment":[{"href":"https:\/\/tirinha.com\/pl\/wp-json\/wp\/v2\/media?parent=970"}],"wp:term":[{"taxonomy":"category","embeddable":true,"href":"https:\/\/tirinha.com\/pl\/wp-json\/wp\/v2\/categories?post=970"},{"taxonomy":"post_tag","embeddable":true,"href":"https:\/\/tirinha.com\/pl\/wp-json\/wp\/v2\/tags?post=970"}],"curies":[{"name":"wp","href":"https:\/\/api.w.org\/{rel}","templated":true}]}}