{"id":910,"date":"2023-04-03T14:31:05","date_gmt":"2023-04-03T14:31:05","guid":{"rendered":"https:\/\/tirinha.com\/arganda-del-rey-850-000-euros-vao-ser-investidos-para-reforcar-a-imagem-do-primavera-sound\/"},"modified":"2023-04-03T14:31:05","modified_gmt":"2023-04-03T14:31:05","slug":"arganda-del-rey-850-000-euros-vao-ser-investidos-para-reforcar-a-imagem-do-primavera-sound","status":"publish","type":"post","link":"https:\/\/tirinha.com\/pl\/910\/arganda-del-rey-850-000-euros-vao-ser-investidos-para-reforcar-a-imagem-do-primavera-sound\/","title":{"rendered":"ARGANDA DEL REY\/ 850 000 euro zostanie zainwestowanych we wzmocnienie wizerunku Primavera Sound"},"content":{"rendered":"<p><\/p>\n<div>\n<p>W kolejnej edycji festiwalu Primavera Sound, odbywaj\u0105cego si\u0119 w czerwcu w Cidade do Rock w Arganda del Rey, zaprezentowane zostan\u0105 <strong>regionalna inwestycja o warto\u015bci 850 tys. euro maj\u0105ca na celu wzmocnienie wizerunku i atrakcyjno\u015bci turystycznej odpowiednich rynk\u00f3w mi\u0119dzynarodowych sektora dla regionu.<\/strong><\/p>\n<p>Zosta\u0142o to podniesione przez Wsp\u00f3lnot\u0119 Madrytu w o\u015bwiadczeniu, w kt\u00f3rym o tym przypomnia\u0142a <strong>Nast\u0119pna edycja Primavera Sound b\u0119dzie pierwsz\u0105, kt\u00f3ra odb\u0119dzie si\u0119 w dw\u00f3ch hiszpa\u0144skich lokalizacjach: w Barcelonie, gdzie odbywa si\u0119 od 2001 roku, oraz we Wsp\u00f3lnocie Madrytu, nowym gospodarzu.<\/strong><\/p>\n<aside class=\"scaip scaip-1\">\n\t\t<\/aside>\n<p><strong>Konkretnie, od 5 do 11 czerwca, Cidade do Rock, zlokalizowana w mie\u015bcie Arganda del Rey, b\u0119dzie g\u0142\u00f3wn\u0105 scen\u0105 madryckiego wydarzenia<\/strong>kt\u00f3re r\u00f3wnie\u017c b\u0119d\u0105 prowadzone w r\u00f3\u017cnych cz\u0119\u015bciach stolicy.<\/p>\n<p><strong>Oczekuje si\u0119 ponad 300 000 uczestnik\u00f3w (85 000 dziennie w kompleksie Argande\u00f1o i 60 000 w innych przestrzeniach) oraz 200 000 nocleg\u00f3w w regionie<\/strong>, przy \u015brednim koszcie dla uczestnik\u00f3w zagranicznych wynosz\u0105cym 1200 euro w ci\u0105gu 3 dni festiwalu. 50% publiczno\u015bci tego festiwalu ma charakter mi\u0119dzynarodowy i pochodzi g\u0142\u00f3wnie z Wielkiej Brytanii (32%) i Stan\u00f3w Zjednoczonych (14%), a \u015brednia wieku wynosi 29 lat.<\/p>\n<p>Co wi\u0119cej, <strong>Gwarantuj\u0105 one, \u017ce wp\u0142yw gospodarczy wywo\u0142any obecno\u015bci\u0105 opinii publicznej b\u0119dzie mia\u0142 ogromny odd\u017awi\u0119k w mediach Wsp\u00f3lnoty Madrytu<\/strong>poniewa\u017c organizatorzy zainwestuj\u0105 oko\u0142o 1,5 miliona euro w media i dzia\u0142ania specjalne maj\u0105ce na celu promocj\u0119 madryckiego wydarzenia, a jednocze\u015bnie wizerunku regionu, na co z\u0142o\u017cy si\u0119 ponad 4000 wniosk\u00f3w z prasy.<\/p>\n<aside class=\"scaip scaip-2\">\n\t\t<\/aside>\n<p>Udzia\u0142 Ministerstwa w tym wydarzeniu oznacza <strong>konkretne wzgl\u0119dy na korzy\u015b\u0107 Wsp\u00f3lnoty Madrytu w zakresie obecno\u015bci marki zar\u00f3wno na stronie internetowej festiwalu,<\/strong> z ponad 5 milionami unikalnych u\u017cytkownik\u00f3w rocznie; <strong>tak\u017ce w Twoich sieciach spo\u0142eczno\u015bciowych, <\/strong>z zasi\u0119giem na poziomie 355 milion\u00f3w podczas festiwalu i 852 milionami wy\u015bwietle\u0144; oraz w swoim biuletynie, kt\u00f3ry ma ponad 415 000 subskrybent\u00f3w na ca\u0142ym \u015bwiecie.<\/p>\n<p>Z drugiej strony, <strong>Tre\u015bci promuj\u0105ce turystyk\u0119 b\u0119d\u0105 produkowane i dystrybuowane na rzecz Wsp\u00f3lnoty Madrytu w r\u00f3\u017cnych formatach<\/strong> oraz r\u00f3\u017cnymi kana\u0142ami, we wsp\u00f3\u0142pracy z wyspecjalizowanymi artystami i tw\u00f3rcami opinii. Na tydzie\u0144 festiwalowy powstanie tak\u017ce program turystyczny.<\/p>\n<p>Ponadto, zgodnie z umow\u0105,<strong> Wsp\u00f3lnota Madrytu b\u0119dzie mia\u0142a w\u0142asn\u0105 scen\u0119 dla lokalnych zespo\u0142\u00f3w w strefie kibica, kt\u00f3ra zostanie zainstalowana na stadionie pi\u0142karskim C\u00edvitas Metropolitano,<\/strong> kt\u00f3ry b\u0119dzie w\u0119z\u0142em komunikacyjnym pomi\u0119dzy Madrytem a Argand\u0105 del Rey i zostanie mu wydzielona kolejna przestrze\u0144 w Rock City.<\/p>\n<aside class=\"scaip scaip-3\">\n\t\t<\/aside>\n<figure class=\"wp-block-image size-large\"><img fetchpriority=\"high\" decoding=\"async\" width=\"780\" height=\"625\" alt=\"Skalne miasto Arganda del Rey\" class=\"wp-image-342179 jetpack-lazy-image\" data-recalc-dims=\"1\" srcset=\"https:\/\/i0.wp.com\/noticiasparamunicipios.com\/wp-content\/uploads\/2022\/06\/ciudad-del-rock-arganda-festival-e1677001829111.jpg?resize=1024%2C820&amp;ssl=1 1024w, https:\/\/i0.wp.com\/noticiasparamunicipios.com\/wp-content\/uploads\/2022\/06\/ciudad-del-rock-arganda-festival-e1677001829111.jpg?resize=300%2C240&amp;ssl=1 300w, https:\/\/i0.wp.com\/noticiasparamunicipios.com\/wp-content\/uploads\/2022\/06\/ciudad-del-rock-arganda-festival-e1677001829111.jpg?resize=768%2C615&amp;ssl=1 768w, https:\/\/i0.wp.com\/noticiasparamunicipios.com\/wp-content\/uploads\/2022\/06\/ciudad-del-rock-arganda-festival-e1677001829111.jpg?resize=1536%2C1230&amp;ssl=1 1536w, https:\/\/i0.wp.com\/noticiasparamunicipios.com\/wp-content\/uploads\/2022\/06\/ciudad-del-rock-arganda-festival-e1677001829111.jpg?resize=1200%2C961&amp;ssl=1 1200w, https:\/\/i0.wp.com\/noticiasparamunicipios.com\/wp-content\/uploads\/2022\/06\/ciudad-del-rock-arganda-festival-e1677001829111.jpg?resize=1568%2C1255&amp;ssl=1 1568w, https:\/\/i0.wp.com\/noticiasparamunicipios.com\/wp-content\/uploads\/2022\/06\/ciudad-del-rock-arganda-festival-e1677001829111.jpg?resize=400%2C320&amp;ssl=1 400w, https:\/\/i0.wp.com\/noticiasparamunicipios.com\/wp-content\/uploads\/2022\/06\/ciudad-del-rock-arganda-festival-e1677001829111.jpg?w=1694&amp;ssl=1 1694w\" data-lazy-sizes=\"(max-width: 780px) 100vw, 780px\" src=\"https:\/\/i0.wp.com\/noticiasparamunicipios.com\/wp-content\/uploads\/2022\/06\/ciudad-del-rock-arganda-festival-e1677001829111-1024x820.jpg?resize=780%2C625&amp;is-pending-load=1#038;ssl=1\"\/><noscript><img data-lazy-fallback=\"1\" decoding=\"async\" width=\"780\" height=\"625\" src=\"https:\/\/i0.wp.com\/noticiasparamunicipios.com\/wp-content\/uploads\/2022\/06\/ciudad-del-rock-arganda-festival-e1677001829111-1024x820.jpg?resize=780%2C625&amp;ssl=1\" alt=\"Skalne miasto Arganda del Rey\" class=\"wp-image-342179\" srcset=\"https:\/\/i0.wp.com\/noticiasparamunicipios.com\/wp-content\/uploads\/2022\/06\/ciudad-del-rock-arganda-festival-e1677001829111.jpg?resize=1024%2C820&amp;ssl=1 1024w, https:\/\/i0.wp.com\/noticiasparamunicipios.com\/wp-content\/uploads\/2022\/06\/ciudad-del-rock-arganda-festival-e1677001829111.jpg?resize=300%2C240&amp;ssl=1 300w, https:\/\/i0.wp.com\/noticiasparamunicipios.com\/wp-content\/uploads\/2022\/06\/ciudad-del-rock-arganda-festival-e1677001829111.jpg?resize=768%2C615&amp;ssl=1 768w, https:\/\/i0.wp.com\/noticiasparamunicipios.com\/wp-content\/uploads\/2022\/06\/ciudad-del-rock-arganda-festival-e1677001829111.jpg?resize=1536%2C1230&amp;ssl=1 1536w, https:\/\/i0.wp.com\/noticiasparamunicipios.com\/wp-content\/uploads\/2022\/06\/ciudad-del-rock-arganda-festival-e1677001829111.jpg?resize=1200%2C961&amp;ssl=1 1200w, https:\/\/i0.wp.com\/noticiasparamunicipios.com\/wp-content\/uploads\/2022\/06\/ciudad-del-rock-arganda-festival-e1677001829111.jpg?resize=1568%2C1255&amp;ssl=1 1568w, https:\/\/i0.wp.com\/noticiasparamunicipios.com\/wp-content\/uploads\/2022\/06\/ciudad-del-rock-arganda-festival-e1677001829111.jpg?resize=400%2C320&amp;ssl=1 400w, https:\/\/i0.wp.com\/noticiasparamunicipios.com\/wp-content\/uploads\/2022\/06\/ciudad-del-rock-arganda-festival-e1677001829111.jpg?w=1694&amp;ssl=1 1694w\" sizes=\"(max-width: 780px) 100vw, 780px\" data-recalc-dims=\"1\"\/><\/noscript><figcaption class=\"wp-element-caption\">Skalne miasto Arganda del Rey<\/figcaption><\/figure>\n<h2 class=\"wp-block-heading\">Ponad 200 prezentacji<\/h2>\n<p><strong>W Cidade do Rock, oddalonym o oko\u0142o 40 kilometr\u00f3w od centrum stolicy, na 10 scenach odb\u0119dzie si\u0119 ponad 200 wyst\u0119p\u00f3w<\/strong>ale dodatkowo ponad 10 charakterystycznych obiekt\u00f3w w Madrycie b\u0119dzie mia\u0142o programy za po\u015brednictwem stowarzyszenia Madrid en Vivo, a C\u00edvitas Metropolitano stanie si\u0119 stref\u0105 kibica i scen\u0105 w dniu otwarcia, gdzie oferowane b\u0119d\u0105 wyst\u0119py na wysokim poziomie i bezp\u0142atne programy.<\/p>\n<p>Program artystyczny obejmuje kilka gatunk\u00f3w, m.in <strong>arty\u015bci tacy jak Blur, Halsey, New Order, Kendrick Lamar, Depeche Mode, Rosal\u00eda i Calvin Harris,<\/strong> kt\u00f3rzy b\u0119d\u0105 pracowa\u0107 w obu centralach. Prowadzona b\u0119dzie tak\u017ce dzia\u0142alno\u015b\u0107 na rzecz agent\u00f3w bran\u017cy muzycznej.<\/p>\n<p>Co wi\u0119cej, burmistrz Arganda del Rey, Guillermo Hita (PSOE), og\u0142osi\u0142 ju\u017c kilka tygodni temu, \u017ce <strong>Argande\u00f1os b\u0119d\u0105 mieli \u201ezni\u017ck\u0119 20%\u201d na bilety na koncerty na kolejny festiwal Primavera Sound.<\/strong><\/p>\n<aside class=\"scaip scaip-4\">\n\t\t<\/aside>\n<p><h3 class=\"jp-relatedposts-headline\"><em>Powi\u0105zany<\/em><\/h3>\n<\/p><\/div>","protected":false},"excerpt":{"rendered":"<p>W kolejnej edycji festiwalu Primavera Sound, odbywaj\u0105cej si\u0119 ju\u017c w czerwcu w Cidade do Rock w Arganda del Rey, udzia\u0142 wezm\u0105\u2026 <\/p>","protected":false},"author":1,"featured_media":911,"comment_status":"open","ping_status":"open","sticky":false,"template":"","format":"standard","meta":{"fifu_image_url":"https:\/\/noticiasparamunicipios.com\/wp-content\/uploads\/2022\/06\/EuropaPress_4495395_pancarta_presidenta_comunidad_madrid_isabel_diaz_ayuso_dandose_beso-scaled.jpg","fifu_image_alt":"","footnotes":""},"categories":[35],"tags":[],"class_list":["post-910","post","type-post","status-publish","format-standard","has-post-thumbnail","hentry","category-cultura-e-lazer","latest_post"],"yoast_head":"<!-- This site is optimized with the Yoast SEO plugin v27.3 - https:\/\/yoast.com\/product\/yoast-seo-wordpress\/ -->\n<title>ARGANDA DEL REY\/ 850.000 euros v\u00e3o ser investidos para refor\u00e7ar a imagem do Primavera Sound - Tirinha.com<\/title>\n<meta name=\"robots\" content=\"index, follow, max-snippet:-1, max-image-preview:large, max-video-preview:-1\" \/>\n<link rel=\"canonical\" href=\"https:\/\/tirinha.com\/pl\/910\/arganda-del-rey-850-000-euros-vao-ser-investidos-para-reforcar-a-imagem-do-primavera-sound\/\" \/>\n<meta property=\"og:locale\" content=\"pl_PL\" \/>\n<meta property=\"og:type\" content=\"article\" \/>\n<meta property=\"og:title\" content=\"ARGANDA DEL REY\/ 850.000 euros v\u00e3o ser investidos para refor\u00e7ar a imagem do Primavera Sound - Tirinha.com\" \/>\n<meta property=\"og:description\" content=\"A pr\u00f3xima edi\u00e7\u00e3o do festival Primavera Sound, a decorrer em junho na Cidade do Rock em Arganda del Rey, contar\u00e1 &hellip;\" \/>\n<meta property=\"og:url\" content=\"https:\/\/tirinha.com\/pl\/910\/arganda-del-rey-850-000-euros-vao-ser-investidos-para-reforcar-a-imagem-do-primavera-sound\/\" \/>\n<meta property=\"og:site_name\" content=\"Tirinha.com\" \/>\n<meta property=\"article:published_time\" content=\"2023-04-03T14:31:05+00:00\" \/>\n<meta property=\"og:image\" content=\"https:\/\/noticiasparamunicipios.com\/wp-content\/uploads\/2022\/06\/EuropaPress_4495395_pancarta_presidenta_comunidad_madrid_isabel_diaz_ayuso_dandose_beso-scaled.jpg\" \/>\n<meta name=\"author\" content=\"admin\" \/>\n<meta name=\"twitter:card\" content=\"summary_large_image\" \/>\n<meta name=\"twitter:image\" content=\"https:\/\/noticiasparamunicipios.com\/wp-content\/uploads\/2022\/06\/EuropaPress_4495395_pancarta_presidenta_comunidad_madrid_isabel_diaz_ayuso_dandose_beso-scaled.jpg\" \/>\n<meta name=\"twitter:label1\" content=\"Napisane przez\" \/>\n\t<meta name=\"twitter:data1\" content=\"admin\" \/>\n\t<meta name=\"twitter:label2\" content=\"Szacowany czas czytania\" \/>\n\t<meta name=\"twitter:data2\" content=\"3 minuty\" \/>\n<script type=\"application\/ld+json\" class=\"yoast-schema-graph\">{\"@context\":\"https:\\\/\\\/schema.org\",\"@graph\":[{\"@type\":\"Article\",\"@id\":\"https:\\\/\\\/tirinha.com\\\/910\\\/arganda-del-rey-850-000-euros-vao-ser-investidos-para-reforcar-a-imagem-do-primavera-sound\\\/#article\",\"isPartOf\":{\"@id\":\"https:\\\/\\\/tirinha.com\\\/910\\\/arganda-del-rey-850-000-euros-vao-ser-investidos-para-reforcar-a-imagem-do-primavera-sound\\\/\"},\"author\":{\"name\":\"admin\",\"@id\":\"https:\\\/\\\/tirinha.com\\\/#\\\/schema\\\/person\\\/e22bdfbe17e0461f7e927e6a1208d4d9\"},\"headline\":\"ARGANDA DEL REY\\\/ 850.000 euros v\u00e3o ser investidos para refor\u00e7ar a imagem do Primavera Sound\",\"datePublished\":\"2023-04-03T14:31:05+00:00\",\"mainEntityOfPage\":{\"@id\":\"https:\\\/\\\/tirinha.com\\\/910\\\/arganda-del-rey-850-000-euros-vao-ser-investidos-para-reforcar-a-imagem-do-primavera-sound\\\/\"},\"wordCount\":627,\"commentCount\":0,\"publisher\":{\"@id\":\"https:\\\/\\\/tirinha.com\\\/#organization\"},\"image\":{\"@id\":\"https:\\\/\\\/tirinha.com\\\/910\\\/arganda-del-rey-850-000-euros-vao-ser-investidos-para-reforcar-a-imagem-do-primavera-sound\\\/#primaryimage\"},\"thumbnailUrl\":\"https:\\\/\\\/noticiasparamunicipios.com\\\/wp-content\\\/uploads\\\/2022\\\/06\\\/EuropaPress_4495395_pancarta_presidenta_comunidad_madrid_isabel_diaz_ayuso_dandose_beso-scaled.jpg\",\"articleSection\":[\"Cultura e lazer\"],\"inLanguage\":\"pl-PL\",\"potentialAction\":[{\"@type\":\"CommentAction\",\"name\":\"Comment\",\"target\":[\"https:\\\/\\\/tirinha.com\\\/910\\\/arganda-del-rey-850-000-euros-vao-ser-investidos-para-reforcar-a-imagem-do-primavera-sound\\\/#respond\"]}]},{\"@type\":\"WebPage\",\"@id\":\"https:\\\/\\\/tirinha.com\\\/910\\\/arganda-del-rey-850-000-euros-vao-ser-investidos-para-reforcar-a-imagem-do-primavera-sound\\\/\",\"url\":\"https:\\\/\\\/tirinha.com\\\/910\\\/arganda-del-rey-850-000-euros-vao-ser-investidos-para-reforcar-a-imagem-do-primavera-sound\\\/\",\"name\":\"ARGANDA DEL REY\\\/ 850.000 euros v\u00e3o ser investidos para refor\u00e7ar a imagem do Primavera Sound - Tirinha.com\",\"isPartOf\":{\"@id\":\"https:\\\/\\\/tirinha.com\\\/#website\"},\"primaryImageOfPage\":{\"@id\":\"https:\\\/\\\/tirinha.com\\\/910\\\/arganda-del-rey-850-000-euros-vao-ser-investidos-para-reforcar-a-imagem-do-primavera-sound\\\/#primaryimage\"},\"image\":{\"@id\":\"https:\\\/\\\/tirinha.com\\\/910\\\/arganda-del-rey-850-000-euros-vao-ser-investidos-para-reforcar-a-imagem-do-primavera-sound\\\/#primaryimage\"},\"thumbnailUrl\":\"https:\\\/\\\/noticiasparamunicipios.com\\\/wp-content\\\/uploads\\\/2022\\\/06\\\/EuropaPress_4495395_pancarta_presidenta_comunidad_madrid_isabel_diaz_ayuso_dandose_beso-scaled.jpg\",\"datePublished\":\"2023-04-03T14:31:05+00:00\",\"breadcrumb\":{\"@id\":\"https:\\\/\\\/tirinha.com\\\/910\\\/arganda-del-rey-850-000-euros-vao-ser-investidos-para-reforcar-a-imagem-do-primavera-sound\\\/#breadcrumb\"},\"inLanguage\":\"pl-PL\",\"potentialAction\":[{\"@type\":\"ReadAction\",\"target\":[\"https:\\\/\\\/tirinha.com\\\/910\\\/arganda-del-rey-850-000-euros-vao-ser-investidos-para-reforcar-a-imagem-do-primavera-sound\\\/\"]}]},{\"@type\":\"ImageObject\",\"inLanguage\":\"pl-PL\",\"@id\":\"https:\\\/\\\/tirinha.com\\\/910\\\/arganda-del-rey-850-000-euros-vao-ser-investidos-para-reforcar-a-imagem-do-primavera-sound\\\/#primaryimage\",\"url\":\"https:\\\/\\\/noticiasparamunicipios.com\\\/wp-content\\\/uploads\\\/2022\\\/06\\\/EuropaPress_4495395_pancarta_presidenta_comunidad_madrid_isabel_diaz_ayuso_dandose_beso-scaled.jpg\",\"contentUrl\":\"https:\\\/\\\/noticiasparamunicipios.com\\\/wp-content\\\/uploads\\\/2022\\\/06\\\/EuropaPress_4495395_pancarta_presidenta_comunidad_madrid_isabel_diaz_ayuso_dandose_beso-scaled.jpg\"},{\"@type\":\"BreadcrumbList\",\"@id\":\"https:\\\/\\\/tirinha.com\\\/910\\\/arganda-del-rey-850-000-euros-vao-ser-investidos-para-reforcar-a-imagem-do-primavera-sound\\\/#breadcrumb\",\"itemListElement\":[{\"@type\":\"ListItem\",\"position\":1,\"name\":\"Home\",\"item\":\"https:\\\/\\\/tirinha.com\\\/\"},{\"@type\":\"ListItem\",\"position\":2,\"name\":\"ARGANDA DEL REY\\\/ 850.000 euros v\u00e3o ser investidos para refor\u00e7ar a imagem do Primavera Sound\"}]},{\"@type\":\"WebSite\",\"@id\":\"https:\\\/\\\/tirinha.com\\\/#website\",\"url\":\"https:\\\/\\\/tirinha.com\\\/\",\"name\":\"Tirinha.com\",\"description\":\"Arte e livros resenhas\",\"publisher\":{\"@id\":\"https:\\\/\\\/tirinha.com\\\/#organization\"},\"potentialAction\":[{\"@type\":\"SearchAction\",\"target\":{\"@type\":\"EntryPoint\",\"urlTemplate\":\"https:\\\/\\\/tirinha.com\\\/?s={search_term_string}\"},\"query-input\":{\"@type\":\"PropertyValueSpecification\",\"valueRequired\":true,\"valueName\":\"search_term_string\"}}],\"inLanguage\":\"pl-PL\"},{\"@type\":\"Organization\",\"@id\":\"https:\\\/\\\/tirinha.com\\\/#organization\",\"name\":\"Tirinha.com\",\"url\":\"https:\\\/\\\/tirinha.com\\\/\",\"logo\":{\"@type\":\"ImageObject\",\"inLanguage\":\"pl-PL\",\"@id\":\"https:\\\/\\\/tirinha.com\\\/#\\\/schema\\\/logo\\\/image\\\/\",\"url\":\"https:\\\/\\\/tirinha.com\\\/wp-content\\\/uploads\\\/2023\\\/08\\\/cropped-Logo-Tirinha.webp\",\"contentUrl\":\"https:\\\/\\\/tirinha.com\\\/wp-content\\\/uploads\\\/2023\\\/08\\\/cropped-Logo-Tirinha.webp\",\"width\":512,\"height\":512,\"caption\":\"Tirinha.com\"},\"image\":{\"@id\":\"https:\\\/\\\/tirinha.com\\\/#\\\/schema\\\/logo\\\/image\\\/\"}},{\"@type\":\"Person\",\"@id\":\"https:\\\/\\\/tirinha.com\\\/#\\\/schema\\\/person\\\/e22bdfbe17e0461f7e927e6a1208d4d9\",\"name\":\"admin\",\"image\":{\"@type\":\"ImageObject\",\"inLanguage\":\"pl-PL\",\"@id\":\"https:\\\/\\\/tirinha.com\\\/wp-content\\\/litespeed\\\/avatar\\\/d0068f7931cc87d7274eb0c3db1deb4b.jpg?ver=1776829466\",\"url\":\"https:\\\/\\\/tirinha.com\\\/wp-content\\\/litespeed\\\/avatar\\\/d0068f7931cc87d7274eb0c3db1deb4b.jpg?ver=1776829466\",\"contentUrl\":\"https:\\\/\\\/tirinha.com\\\/wp-content\\\/litespeed\\\/avatar\\\/d0068f7931cc87d7274eb0c3db1deb4b.jpg?ver=1776829466\",\"caption\":\"admin\"},\"sameAs\":[\"https:\\\/\\\/tirinha.com\"],\"url\":\"https:\\\/\\\/tirinha.com\\\/pl\\\/author\\\/admin\\\/\"}]}<\/script>\n<!-- \/ Yoast SEO plugin. -->","yoast_head_json":{"title":"ARGANDA DEL REY\/ 850.000 euros v\u00e3o ser investidos para refor\u00e7ar a imagem do Primavera Sound - Tirinha.com","robots":{"index":"index","follow":"follow","max-snippet":"max-snippet:-1","max-image-preview":"max-image-preview:large","max-video-preview":"max-video-preview:-1"},"canonical":"https:\/\/tirinha.com\/pl\/910\/arganda-del-rey-850-000-euros-vao-ser-investidos-para-reforcar-a-imagem-do-primavera-sound\/","og_locale":"pl_PL","og_type":"article","og_title":"ARGANDA DEL REY\/ 850.000 euros v\u00e3o ser investidos para refor\u00e7ar a imagem do Primavera Sound - Tirinha.com","og_description":"A pr\u00f3xima edi\u00e7\u00e3o do festival Primavera Sound, a decorrer em junho na Cidade do Rock em Arganda del Rey, contar\u00e1 &hellip;","og_url":"https:\/\/tirinha.com\/pl\/910\/arganda-del-rey-850-000-euros-vao-ser-investidos-para-reforcar-a-imagem-do-primavera-sound\/","og_site_name":"Tirinha.com","article_published_time":"2023-04-03T14:31:05+00:00","og_image":[{"url":"https:\/\/noticiasparamunicipios.com\/wp-content\/uploads\/2022\/06\/EuropaPress_4495395_pancarta_presidenta_comunidad_madrid_isabel_diaz_ayuso_dandose_beso-scaled.jpg","type":"","width":"","height":""}],"author":"admin","twitter_card":"summary_large_image","twitter_image":"https:\/\/noticiasparamunicipios.com\/wp-content\/uploads\/2022\/06\/EuropaPress_4495395_pancarta_presidenta_comunidad_madrid_isabel_diaz_ayuso_dandose_beso-scaled.jpg","twitter_misc":{"Napisane przez":"admin","Szacowany czas czytania":"3 minuty"},"schema":{"@context":"https:\/\/schema.org","@graph":[{"@type":"Article","@id":"https:\/\/tirinha.com\/910\/arganda-del-rey-850-000-euros-vao-ser-investidos-para-reforcar-a-imagem-do-primavera-sound\/#article","isPartOf":{"@id":"https:\/\/tirinha.com\/910\/arganda-del-rey-850-000-euros-vao-ser-investidos-para-reforcar-a-imagem-do-primavera-sound\/"},"author":{"name":"admin","@id":"https:\/\/tirinha.com\/#\/schema\/person\/e22bdfbe17e0461f7e927e6a1208d4d9"},"headline":"ARGANDA DEL REY\/ 850.000 euros v\u00e3o ser investidos para refor\u00e7ar a imagem do Primavera Sound","datePublished":"2023-04-03T14:31:05+00:00","mainEntityOfPage":{"@id":"https:\/\/tirinha.com\/910\/arganda-del-rey-850-000-euros-vao-ser-investidos-para-reforcar-a-imagem-do-primavera-sound\/"},"wordCount":627,"commentCount":0,"publisher":{"@id":"https:\/\/tirinha.com\/#organization"},"image":{"@id":"https:\/\/tirinha.com\/910\/arganda-del-rey-850-000-euros-vao-ser-investidos-para-reforcar-a-imagem-do-primavera-sound\/#primaryimage"},"thumbnailUrl":"https:\/\/noticiasparamunicipios.com\/wp-content\/uploads\/2022\/06\/EuropaPress_4495395_pancarta_presidenta_comunidad_madrid_isabel_diaz_ayuso_dandose_beso-scaled.jpg","articleSection":["Cultura e lazer"],"inLanguage":"pl-PL","potentialAction":[{"@type":"CommentAction","name":"Comment","target":["https:\/\/tirinha.com\/910\/arganda-del-rey-850-000-euros-vao-ser-investidos-para-reforcar-a-imagem-do-primavera-sound\/#respond"]}]},{"@type":"WebPage","@id":"https:\/\/tirinha.com\/910\/arganda-del-rey-850-000-euros-vao-ser-investidos-para-reforcar-a-imagem-do-primavera-sound\/","url":"https:\/\/tirinha.com\/910\/arganda-del-rey-850-000-euros-vao-ser-investidos-para-reforcar-a-imagem-do-primavera-sound\/","name":"ARGANDA DEL REY\/ 850.000 euros v\u00e3o ser investidos para refor\u00e7ar a imagem do Primavera Sound - Tirinha.com","isPartOf":{"@id":"https:\/\/tirinha.com\/#website"},"primaryImageOfPage":{"@id":"https:\/\/tirinha.com\/910\/arganda-del-rey-850-000-euros-vao-ser-investidos-para-reforcar-a-imagem-do-primavera-sound\/#primaryimage"},"image":{"@id":"https:\/\/tirinha.com\/910\/arganda-del-rey-850-000-euros-vao-ser-investidos-para-reforcar-a-imagem-do-primavera-sound\/#primaryimage"},"thumbnailUrl":"https:\/\/noticiasparamunicipios.com\/wp-content\/uploads\/2022\/06\/EuropaPress_4495395_pancarta_presidenta_comunidad_madrid_isabel_diaz_ayuso_dandose_beso-scaled.jpg","datePublished":"2023-04-03T14:31:05+00:00","breadcrumb":{"@id":"https:\/\/tirinha.com\/910\/arganda-del-rey-850-000-euros-vao-ser-investidos-para-reforcar-a-imagem-do-primavera-sound\/#breadcrumb"},"inLanguage":"pl-PL","potentialAction":[{"@type":"ReadAction","target":["https:\/\/tirinha.com\/910\/arganda-del-rey-850-000-euros-vao-ser-investidos-para-reforcar-a-imagem-do-primavera-sound\/"]}]},{"@type":"ImageObject","inLanguage":"pl-PL","@id":"https:\/\/tirinha.com\/910\/arganda-del-rey-850-000-euros-vao-ser-investidos-para-reforcar-a-imagem-do-primavera-sound\/#primaryimage","url":"https:\/\/noticiasparamunicipios.com\/wp-content\/uploads\/2022\/06\/EuropaPress_4495395_pancarta_presidenta_comunidad_madrid_isabel_diaz_ayuso_dandose_beso-scaled.jpg","contentUrl":"https:\/\/noticiasparamunicipios.com\/wp-content\/uploads\/2022\/06\/EuropaPress_4495395_pancarta_presidenta_comunidad_madrid_isabel_diaz_ayuso_dandose_beso-scaled.jpg"},{"@type":"BreadcrumbList","@id":"https:\/\/tirinha.com\/910\/arganda-del-rey-850-000-euros-vao-ser-investidos-para-reforcar-a-imagem-do-primavera-sound\/#breadcrumb","itemListElement":[{"@type":"ListItem","position":1,"name":"Home","item":"https:\/\/tirinha.com\/"},{"@type":"ListItem","position":2,"name":"ARGANDA DEL REY\/ 850.000 euros v\u00e3o ser investidos para refor\u00e7ar a imagem do Primavera Sound"}]},{"@type":"WebSite","@id":"https:\/\/tirinha.com\/#website","url":"https:\/\/tirinha.com\/","name":"Tirinha.com","description":"Recenzje dzie\u0142 sztuki i ksi\u0105\u017cek","publisher":{"@id":"https:\/\/tirinha.com\/#organization"},"potentialAction":[{"@type":"SearchAction","target":{"@type":"EntryPoint","urlTemplate":"https:\/\/tirinha.com\/?s={search_term_string}"},"query-input":{"@type":"PropertyValueSpecification","valueRequired":true,"valueName":"search_term_string"}}],"inLanguage":"pl-PL"},{"@type":"Organization","@id":"https:\/\/tirinha.com\/#organization","name":"Tirinha.com","url":"https:\/\/tirinha.com\/","logo":{"@type":"ImageObject","inLanguage":"pl-PL","@id":"https:\/\/tirinha.com\/#\/schema\/logo\/image\/","url":"https:\/\/tirinha.com\/wp-content\/uploads\/2023\/08\/cropped-Logo-Tirinha.webp","contentUrl":"https:\/\/tirinha.com\/wp-content\/uploads\/2023\/08\/cropped-Logo-Tirinha.webp","width":512,"height":512,"caption":"Tirinha.com"},"image":{"@id":"https:\/\/tirinha.com\/#\/schema\/logo\/image\/"}},{"@type":"Person","@id":"https:\/\/tirinha.com\/#\/schema\/person\/e22bdfbe17e0461f7e927e6a1208d4d9","name":"Admin","image":{"@type":"ImageObject","inLanguage":"pl-PL","@id":"https:\/\/tirinha.com\/wp-content\/litespeed\/avatar\/d0068f7931cc87d7274eb0c3db1deb4b.jpg?ver=1776829466","url":"https:\/\/tirinha.com\/wp-content\/litespeed\/avatar\/d0068f7931cc87d7274eb0c3db1deb4b.jpg?ver=1776829466","contentUrl":"https:\/\/tirinha.com\/wp-content\/litespeed\/avatar\/d0068f7931cc87d7274eb0c3db1deb4b.jpg?ver=1776829466","caption":"admin"},"sameAs":["https:\/\/tirinha.com"],"url":"https:\/\/tirinha.com\/pl\/author\/admin\/"}]}},"_links":{"self":[{"href":"https:\/\/tirinha.com\/pl\/wp-json\/wp\/v2\/posts\/910","targetHints":{"allow":["GET"]}}],"collection":[{"href":"https:\/\/tirinha.com\/pl\/wp-json\/wp\/v2\/posts"}],"about":[{"href":"https:\/\/tirinha.com\/pl\/wp-json\/wp\/v2\/types\/post"}],"author":[{"embeddable":true,"href":"https:\/\/tirinha.com\/pl\/wp-json\/wp\/v2\/users\/1"}],"replies":[{"embeddable":true,"href":"https:\/\/tirinha.com\/pl\/wp-json\/wp\/v2\/comments?post=910"}],"version-history":[{"count":0,"href":"https:\/\/tirinha.com\/pl\/wp-json\/wp\/v2\/posts\/910\/revisions"}],"wp:featuredmedia":[{"embeddable":true,"href":"https:\/\/tirinha.com\/pl\/wp-json\/wp\/v2\/media\/911"}],"wp:attachment":[{"href":"https:\/\/tirinha.com\/pl\/wp-json\/wp\/v2\/media?parent=910"}],"wp:term":[{"taxonomy":"category","embeddable":true,"href":"https:\/\/tirinha.com\/pl\/wp-json\/wp\/v2\/categories?post=910"},{"taxonomy":"post_tag","embeddable":true,"href":"https:\/\/tirinha.com\/pl\/wp-json\/wp\/v2\/tags?post=910"}],"curies":[{"name":"wp","href":"https:\/\/api.w.org\/{rel}","templated":true}]}}