{"id":889,"date":"2023-04-03T13:54:36","date_gmt":"2023-04-03T13:54:36","guid":{"rendered":"https:\/\/tirinha.com\/san-fernando-de-henares-fim-de-semana-de-comedia-com-agustin-duran-e-gabino-diego\/"},"modified":"2023-04-03T13:54:36","modified_gmt":"2023-04-03T13:54:36","slug":"weekend-komediowy-w-san-fernando-de-henares-z-agustinem-duranem-i-gabino-diego","status":"publish","type":"post","link":"https:\/\/tirinha.com\/pl\/889\/san-fernando-de-henares-fim-de-semana-de-comedia-com-agustin-duran-e-gabino-diego\/","title":{"rendered":"SAN FERNANDO DE HENARES\/ Weekend komediowy z Agust\u00ednem Dur\u00e1nem i Gabino Diego"},"content":{"rendered":"<p><\/p>\n<div>\n<p>W t\u0119 sobot\u0119 i niedziel\u0119 b\u0119dzie czas, aby cieszy\u0107 si\u0119 Teatro Federico Garc\u00eda Lorca i \u015bmia\u0107 si\u0119 z comiesi\u0119cznego zaanga\u017cowania<strong>l II Festiwal Komedii i funkcja \u201eKrzywa szcz\u0119\u015bcia\u201d,<\/strong> odpowiednio. <\/p>\n<p>Komik Agust\u00edn Dur\u00e1n zosta\u0142 wybrany na marzec, a bilety na jego wyst\u0119p podczas II Festiwalu Komedii w San Fernando de Henares zosta\u0142y ju\u017c wyprzedane. <\/p>\n<aside class=\"scaip scaip-1\">\n\t\t<\/aside>\n<p>Druga edycja festiwalu rozpocz\u0119\u0142a si\u0119 w styczniu obecno\u015bci\u0105 Dani Mateo, a zako\u0144czy Leo Harlemem 21 kwietnia. <\/p>\n<h2 class=\"wp-block-heading\">Krzywa szcz\u0119\u015bcia<\/h2>\n<p>T\u0142umacz j\u0119zyka hiszpa\u0144skiego, <strong>Gabino Diego wyst\u0105pi w najbli\u017csz\u0105 niedziel\u0119 w Teatrze Federico Garc\u00eda Lorca, bior\u0105c na scen\u0119 spektakl \u201eKrzywa szcz\u0119\u015bcia\u201d<\/strong>od firmy Descalzos Producciones. <\/p>\n<p>Sesja teatralna rozpocznie si\u0119 o godzinie 20:00, a bilety mo\u017cna kupi\u0107 on-line na stronie Urz\u0119du Miejskiego w cenie jednorazowej 14 euro. Osobom do 25. roku \u017cycia, rencistom i rencistom oraz osobom bezrobotnym powy\u017cej 6 miesi\u0119cy przys\u0142uguje zni\u017cka w wysoko\u015bci 50%. <\/p>\n<aside class=\"scaip scaip-2\">\n\t\t<\/aside>\n<p>Mo\u017cna je tak\u017ce kupi\u0107 w kasie na dwie godziny przed rozpocz\u0119ciem spektaklu oraz w czwartki i pi\u0105tki od 18:00 do 21:00. <\/p>\n<p>Komedia, w kt\u00f3rej wyst\u0119puj\u0105 wspomniani Gabino Diego, Antonio Vico, Jes\u00fas Cisneros i Josu Ormaetxe, ukazuje krucho\u015b\u0107 i bezbronno\u015b\u0107 40-letniego m\u0119\u017cczyzny po zako\u0144czeniu jego zwi\u0105zku, trudno\u015b\u0107 \u017cycia w samotno\u015bci, bez partnera i bez mi\u0142o\u015bci. .<\/p>\n<figure class=\"wp-block-embed is-type-video is-provider-youtube wp-block-embed-youtube wp-embed-aspect-16-9 wp-has-aspect-ratio\">\n<div class=\"wp-block-embed__wrapper\">\n<div class=\"perfmatters-lazy-youtube\" data-src=\"https:\/\/www.youtube.com\/embed\/9WmcxnwIeo8\" data-id=\"9WmcxnwIeo8\" data-query=\"feature=oembed\" onclick=\"perfmattersLazyLoadYouTube(this);\">\n<div><img fetchpriority=\"high\" decoding=\"async\" src=\"https:\/\/i.ytimg.com\/vi\/9WmcxnwIeo8\/hqdefault.jpg\" alt=\"Film na YouTube\" width=\"480\" height=\"360\" data-pin-nopin=\"true\" nopin=\"nopin\"\/><\/div>\n<\/div>\n<p><noscript><iframe title=\"Promocja La Curva de la Happiness z Gabino Diego\" width=\"790\" height=\"444\" src=\"https:\/\/www.youtube.com\/embed\/9WmcxnwIeo8?feature=oembed\" frameborder=\"0\" allow=\"accelerometer; autoplay; clipboard-write; encrypted-media; gyroscope; picture-in-picture; web-share\" allowfullscreen><\/iframe><\/noscript>\n<\/div>\n<\/figure>\n<p>Z \u201eKrzywa szcz\u0119\u015bcia\u201d zabawne jest, \u017ce nawi\u0105zanie do owego bohatera, kt\u00f3ry kszta\u0142tuje si\u0119 w m\u0119skim brzuchu na bazie piw i tapas z baru, m\u00f3wi o kryzysie. Ale tak\u017ce czas na zrobienie wszelkiego rodzaju szalonych rzeczy, aby wr\u00f3ci\u0107 do tego samego miejsca: poszukiwania stabilno\u015bci. Po ma\u0142\u017ce\u0144skiej katastrofie Quino b\u0119dzie musia\u0142 stawi\u0107 czo\u0142a sprzeda\u017cy wsp\u00f3lnego domu i kupnie mieszkania, aby sp\u0119dza\u0107 nowe samotne noce. <\/p>\n<aside class=\"scaip scaip-3\">\n\t\t<\/aside>\n<p>Autorzy Eduardo Gal\u00e1n i Pedro G\u00f3mez zapewniaj\u0105, \u017ce \u201eb\u0119dzie wielu m\u0119\u017cczyzn, kt\u00f3rzy b\u0119d\u0105 si\u0119 z nim identyfikowa\u0107, i wiele kobiet, kt\u00f3re b\u0119d\u0105 \u015bmia\u0107 si\u0119 ze swoich m\u0119\u017c\u00f3w\u201d. <\/p>\n<h2 class=\"wp-block-heading\">Trasa Cap 2023<\/h2>\n<p>Nie mo\u017cna zapomina\u0107, \u017ce od pi\u0105tku i przez ca\u0142y weekend powraca druga edycja \u201eRuta de la tapa\u201d. <strong>S\u0105siedzi b\u0119d\u0105 mogli skosztowa\u0107 tapas przygotowywanych przez 30 lokali na terenie wsi <\/strong>i zag\u0142osuj na swojego faworyta za po\u015brednictwem aplikacji \u201eRutappa\u201d. <\/p>\n<p>Opr\u00f3cz tego b\u0119d\u0105 mogli wzi\u0105\u0107 udzia\u0142 w losowaniu kilku nagr\u00f3d: kolacji dla dw\u00f3ch os\u00f3b o warto\u015bci 100 euro, weekendu tak\u017ce dla dw\u00f3ch os\u00f3b oraz pi\u0119ciu podw\u00f3jnych bilet\u00f3w na spektakl w Teatro Federico Garc\u00eda Lorca.<\/p>\n<aside class=\"scaip scaip-4\">\n\t\t<\/aside>\n<p><h3 class=\"jp-relatedposts-headline\"><em>Powi\u0105zany<\/em><\/h3>\n<\/p><\/div>","protected":false},"excerpt":{"rendered":"<p>W t\u0119 sobot\u0119 i niedziel\u0119 b\u0119dzie czas, aby cieszy\u0107 si\u0119 Teatro Federico Garc\u00eda Lorca i \u015bmia\u0107 si\u0119 z jego miesi\u0119cznych zobowi\u0105za\u0144\u2026 <\/p>","protected":false},"author":1,"featured_media":891,"comment_status":"open","ping_status":"open","sticky":false,"template":"","format":"standard","meta":{"fifu_image_url":"https:\/\/noticiasparamunicipios.com\/wp-content\/uploads\/2023\/01\/la-curva-de-la-felicidad.jpg","fifu_image_alt":"","footnotes":""},"categories":[35],"tags":[],"class_list":["post-889","post","type-post","status-publish","format-standard","has-post-thumbnail","hentry","category-cultura-e-lazer","latest_post"],"yoast_head":"<!-- This site is optimized with the Yoast SEO plugin v27.3 - https:\/\/yoast.com\/product\/yoast-seo-wordpress\/ -->\n<title>SAN FERNANDO DE HENARES\/ Fim de semana de com\u00e9dia com Agust\u00edn Dur\u00e1n e Gabino Diego - Tirinha.com<\/title>\n<meta name=\"robots\" content=\"index, follow, max-snippet:-1, max-image-preview:large, max-video-preview:-1\" \/>\n<link rel=\"canonical\" href=\"https:\/\/tirinha.com\/pl\/889\/weekend-komediowy-w-san-fernando-de-henares-z-agustinem-duranem-i-gabino-diego\/\" \/>\n<meta property=\"og:locale\" content=\"pl_PL\" \/>\n<meta property=\"og:type\" content=\"article\" \/>\n<meta property=\"og:title\" content=\"SAN FERNANDO DE HENARES\/ Fim de semana de com\u00e9dia com Agust\u00edn Dur\u00e1n e Gabino Diego - Tirinha.com\" \/>\n<meta property=\"og:description\" content=\"Neste s\u00e1bado e domingo ser\u00e1 hora de curtir o Teatro Federico Garc\u00eda Lorca e rir com o compromisso mensal del &hellip;\" \/>\n<meta property=\"og:url\" content=\"https:\/\/tirinha.com\/pl\/889\/weekend-komediowy-w-san-fernando-de-henares-z-agustinem-duranem-i-gabino-diego\/\" \/>\n<meta property=\"og:site_name\" content=\"Tirinha.com\" \/>\n<meta property=\"article:published_time\" content=\"2023-04-03T13:54:36+00:00\" \/>\n<meta property=\"og:image\" content=\"https:\/\/noticiasparamunicipios.com\/wp-content\/uploads\/2023\/01\/la-curva-de-la-felicidad.jpg\" \/>\n<meta name=\"author\" content=\"admin\" \/>\n<meta name=\"twitter:card\" content=\"summary_large_image\" \/>\n<meta name=\"twitter:image\" content=\"https:\/\/noticiasparamunicipios.com\/wp-content\/uploads\/2023\/01\/la-curva-de-la-felicidad.jpg\" \/>\n<meta name=\"twitter:label1\" content=\"Napisane przez\" \/>\n\t<meta name=\"twitter:data1\" content=\"admin\" \/>\n\t<meta name=\"twitter:label2\" content=\"Szacowany czas czytania\" \/>\n\t<meta name=\"twitter:data2\" content=\"2 minuty\" \/>\n<script type=\"application\/ld+json\" class=\"yoast-schema-graph\">{\"@context\":\"https:\\\/\\\/schema.org\",\"@graph\":[{\"@type\":\"Article\",\"@id\":\"https:\\\/\\\/tirinha.com\\\/889\\\/san-fernando-de-henares-fim-de-semana-de-comedia-com-agustin-duran-e-gabino-diego\\\/#article\",\"isPartOf\":{\"@id\":\"https:\\\/\\\/tirinha.com\\\/889\\\/san-fernando-de-henares-fim-de-semana-de-comedia-com-agustin-duran-e-gabino-diego\\\/\"},\"author\":{\"name\":\"admin\",\"@id\":\"https:\\\/\\\/tirinha.com\\\/#\\\/schema\\\/person\\\/e22bdfbe17e0461f7e927e6a1208d4d9\"},\"headline\":\"SAN FERNANDO DE HENARES\\\/ Fim de semana de com\u00e9dia com Agust\u00edn Dur\u00e1n e Gabino Diego\",\"datePublished\":\"2023-04-03T13:54:36+00:00\",\"mainEntityOfPage\":{\"@id\":\"https:\\\/\\\/tirinha.com\\\/889\\\/san-fernando-de-henares-fim-de-semana-de-comedia-com-agustin-duran-e-gabino-diego\\\/\"},\"wordCount\":473,\"commentCount\":0,\"publisher\":{\"@id\":\"https:\\\/\\\/tirinha.com\\\/#organization\"},\"image\":{\"@id\":\"https:\\\/\\\/tirinha.com\\\/889\\\/san-fernando-de-henares-fim-de-semana-de-comedia-com-agustin-duran-e-gabino-diego\\\/#primaryimage\"},\"thumbnailUrl\":\"https:\\\/\\\/noticiasparamunicipios.com\\\/wp-content\\\/uploads\\\/2023\\\/01\\\/la-curva-de-la-felicidad.jpg\",\"articleSection\":[\"Cultura e lazer\"],\"inLanguage\":\"pl-PL\",\"potentialAction\":[{\"@type\":\"CommentAction\",\"name\":\"Comment\",\"target\":[\"https:\\\/\\\/tirinha.com\\\/889\\\/san-fernando-de-henares-fim-de-semana-de-comedia-com-agustin-duran-e-gabino-diego\\\/#respond\"]}]},{\"@type\":\"WebPage\",\"@id\":\"https:\\\/\\\/tirinha.com\\\/889\\\/san-fernando-de-henares-fim-de-semana-de-comedia-com-agustin-duran-e-gabino-diego\\\/\",\"url\":\"https:\\\/\\\/tirinha.com\\\/889\\\/san-fernando-de-henares-fim-de-semana-de-comedia-com-agustin-duran-e-gabino-diego\\\/\",\"name\":\"SAN FERNANDO DE HENARES\\\/ Fim de semana de com\u00e9dia com Agust\u00edn Dur\u00e1n e Gabino Diego - Tirinha.com\",\"isPartOf\":{\"@id\":\"https:\\\/\\\/tirinha.com\\\/#website\"},\"primaryImageOfPage\":{\"@id\":\"https:\\\/\\\/tirinha.com\\\/889\\\/san-fernando-de-henares-fim-de-semana-de-comedia-com-agustin-duran-e-gabino-diego\\\/#primaryimage\"},\"image\":{\"@id\":\"https:\\\/\\\/tirinha.com\\\/889\\\/san-fernando-de-henares-fim-de-semana-de-comedia-com-agustin-duran-e-gabino-diego\\\/#primaryimage\"},\"thumbnailUrl\":\"https:\\\/\\\/noticiasparamunicipios.com\\\/wp-content\\\/uploads\\\/2023\\\/01\\\/la-curva-de-la-felicidad.jpg\",\"datePublished\":\"2023-04-03T13:54:36+00:00\",\"breadcrumb\":{\"@id\":\"https:\\\/\\\/tirinha.com\\\/889\\\/san-fernando-de-henares-fim-de-semana-de-comedia-com-agustin-duran-e-gabino-diego\\\/#breadcrumb\"},\"inLanguage\":\"pl-PL\",\"potentialAction\":[{\"@type\":\"ReadAction\",\"target\":[\"https:\\\/\\\/tirinha.com\\\/889\\\/san-fernando-de-henares-fim-de-semana-de-comedia-com-agustin-duran-e-gabino-diego\\\/\"]}]},{\"@type\":\"ImageObject\",\"inLanguage\":\"pl-PL\",\"@id\":\"https:\\\/\\\/tirinha.com\\\/889\\\/san-fernando-de-henares-fim-de-semana-de-comedia-com-agustin-duran-e-gabino-diego\\\/#primaryimage\",\"url\":\"https:\\\/\\\/noticiasparamunicipios.com\\\/wp-content\\\/uploads\\\/2023\\\/01\\\/la-curva-de-la-felicidad.jpg\",\"contentUrl\":\"https:\\\/\\\/noticiasparamunicipios.com\\\/wp-content\\\/uploads\\\/2023\\\/01\\\/la-curva-de-la-felicidad.jpg\"},{\"@type\":\"BreadcrumbList\",\"@id\":\"https:\\\/\\\/tirinha.com\\\/889\\\/san-fernando-de-henares-fim-de-semana-de-comedia-com-agustin-duran-e-gabino-diego\\\/#breadcrumb\",\"itemListElement\":[{\"@type\":\"ListItem\",\"position\":1,\"name\":\"Home\",\"item\":\"https:\\\/\\\/tirinha.com\\\/\"},{\"@type\":\"ListItem\",\"position\":2,\"name\":\"SAN FERNANDO DE HENARES\\\/ Fim de semana de com\u00e9dia com Agust\u00edn Dur\u00e1n e Gabino Diego\"}]},{\"@type\":\"WebSite\",\"@id\":\"https:\\\/\\\/tirinha.com\\\/#website\",\"url\":\"https:\\\/\\\/tirinha.com\\\/\",\"name\":\"Tirinha.com\",\"description\":\"Arte e livros resenhas\",\"publisher\":{\"@id\":\"https:\\\/\\\/tirinha.com\\\/#organization\"},\"potentialAction\":[{\"@type\":\"SearchAction\",\"target\":{\"@type\":\"EntryPoint\",\"urlTemplate\":\"https:\\\/\\\/tirinha.com\\\/?s={search_term_string}\"},\"query-input\":{\"@type\":\"PropertyValueSpecification\",\"valueRequired\":true,\"valueName\":\"search_term_string\"}}],\"inLanguage\":\"pl-PL\"},{\"@type\":\"Organization\",\"@id\":\"https:\\\/\\\/tirinha.com\\\/#organization\",\"name\":\"Tirinha.com\",\"url\":\"https:\\\/\\\/tirinha.com\\\/\",\"logo\":{\"@type\":\"ImageObject\",\"inLanguage\":\"pl-PL\",\"@id\":\"https:\\\/\\\/tirinha.com\\\/#\\\/schema\\\/logo\\\/image\\\/\",\"url\":\"https:\\\/\\\/tirinha.com\\\/wp-content\\\/uploads\\\/2023\\\/08\\\/cropped-Logo-Tirinha.webp\",\"contentUrl\":\"https:\\\/\\\/tirinha.com\\\/wp-content\\\/uploads\\\/2023\\\/08\\\/cropped-Logo-Tirinha.webp\",\"width\":512,\"height\":512,\"caption\":\"Tirinha.com\"},\"image\":{\"@id\":\"https:\\\/\\\/tirinha.com\\\/#\\\/schema\\\/logo\\\/image\\\/\"}},{\"@type\":\"Person\",\"@id\":\"https:\\\/\\\/tirinha.com\\\/#\\\/schema\\\/person\\\/e22bdfbe17e0461f7e927e6a1208d4d9\",\"name\":\"admin\",\"image\":{\"@type\":\"ImageObject\",\"inLanguage\":\"pl-PL\",\"@id\":\"https:\\\/\\\/tirinha.com\\\/wp-content\\\/litespeed\\\/avatar\\\/d0068f7931cc87d7274eb0c3db1deb4b.jpg?ver=1777434315\",\"url\":\"https:\\\/\\\/tirinha.com\\\/wp-content\\\/litespeed\\\/avatar\\\/d0068f7931cc87d7274eb0c3db1deb4b.jpg?ver=1777434315\",\"contentUrl\":\"https:\\\/\\\/tirinha.com\\\/wp-content\\\/litespeed\\\/avatar\\\/d0068f7931cc87d7274eb0c3db1deb4b.jpg?ver=1777434315\",\"caption\":\"admin\"},\"sameAs\":[\"https:\\\/\\\/tirinha.com\"],\"url\":\"https:\\\/\\\/tirinha.com\\\/pl\\\/author\\\/admin\\\/\"}]}<\/script>\n<!-- \/ Yoast SEO plugin. -->","yoast_head_json":{"title":"SAN FERNANDO DE HENARES\/ Weekend komediowy z Agust\u00ednem Dur\u00e1nem i Gabino Diego - Tirinha.com","robots":{"index":"index","follow":"follow","max-snippet":"max-snippet:-1","max-image-preview":"max-image-preview:large","max-video-preview":"max-video-preview:-1"},"canonical":"https:\/\/tirinha.com\/pl\/889\/weekend-komediowy-w-san-fernando-de-henares-z-agustinem-duranem-i-gabino-diego\/","og_locale":"pl_PL","og_type":"article","og_title":"SAN FERNANDO DE HENARES\/ Fim de semana de com\u00e9dia com Agust\u00edn Dur\u00e1n e Gabino Diego - Tirinha.com","og_description":"Neste s\u00e1bado e domingo ser\u00e1 hora de curtir o Teatro Federico Garc\u00eda Lorca e rir com o compromisso mensal del &hellip;","og_url":"https:\/\/tirinha.com\/pl\/889\/weekend-komediowy-w-san-fernando-de-henares-z-agustinem-duranem-i-gabino-diego\/","og_site_name":"Tirinha.com","article_published_time":"2023-04-03T13:54:36+00:00","og_image":[{"url":"https:\/\/noticiasparamunicipios.com\/wp-content\/uploads\/2023\/01\/la-curva-de-la-felicidad.jpg","type":"","width":"","height":""}],"author":"admin","twitter_card":"summary_large_image","twitter_image":"https:\/\/noticiasparamunicipios.com\/wp-content\/uploads\/2023\/01\/la-curva-de-la-felicidad.jpg","twitter_misc":{"Napisane przez":"admin","Szacowany czas czytania":"2 minuty"},"schema":{"@context":"https:\/\/schema.org","@graph":[{"@type":"Article","@id":"https:\/\/tirinha.com\/889\/san-fernando-de-henares-fim-de-semana-de-comedia-com-agustin-duran-e-gabino-diego\/#article","isPartOf":{"@id":"https:\/\/tirinha.com\/889\/san-fernando-de-henares-fim-de-semana-de-comedia-com-agustin-duran-e-gabino-diego\/"},"author":{"name":"admin","@id":"https:\/\/tirinha.com\/#\/schema\/person\/e22bdfbe17e0461f7e927e6a1208d4d9"},"headline":"SAN FERNANDO DE HENARES\/ Fim de semana de com\u00e9dia com Agust\u00edn Dur\u00e1n e Gabino Diego","datePublished":"2023-04-03T13:54:36+00:00","mainEntityOfPage":{"@id":"https:\/\/tirinha.com\/889\/san-fernando-de-henares-fim-de-semana-de-comedia-com-agustin-duran-e-gabino-diego\/"},"wordCount":473,"commentCount":0,"publisher":{"@id":"https:\/\/tirinha.com\/#organization"},"image":{"@id":"https:\/\/tirinha.com\/889\/san-fernando-de-henares-fim-de-semana-de-comedia-com-agustin-duran-e-gabino-diego\/#primaryimage"},"thumbnailUrl":"https:\/\/noticiasparamunicipios.com\/wp-content\/uploads\/2023\/01\/la-curva-de-la-felicidad.jpg","articleSection":["Cultura e lazer"],"inLanguage":"pl-PL","potentialAction":[{"@type":"CommentAction","name":"Comment","target":["https:\/\/tirinha.com\/889\/san-fernando-de-henares-fim-de-semana-de-comedia-com-agustin-duran-e-gabino-diego\/#respond"]}]},{"@type":"WebPage","@id":"https:\/\/tirinha.com\/889\/san-fernando-de-henares-fim-de-semana-de-comedia-com-agustin-duran-e-gabino-diego\/","url":"https:\/\/tirinha.com\/889\/san-fernando-de-henares-fim-de-semana-de-comedia-com-agustin-duran-e-gabino-diego\/","name":"SAN FERNANDO DE HENARES\/ Weekend komediowy z Agust\u00ednem Dur\u00e1nem i Gabino Diego - Tirinha.com","isPartOf":{"@id":"https:\/\/tirinha.com\/#website"},"primaryImageOfPage":{"@id":"https:\/\/tirinha.com\/889\/san-fernando-de-henares-fim-de-semana-de-comedia-com-agustin-duran-e-gabino-diego\/#primaryimage"},"image":{"@id":"https:\/\/tirinha.com\/889\/san-fernando-de-henares-fim-de-semana-de-comedia-com-agustin-duran-e-gabino-diego\/#primaryimage"},"thumbnailUrl":"https:\/\/noticiasparamunicipios.com\/wp-content\/uploads\/2023\/01\/la-curva-de-la-felicidad.jpg","datePublished":"2023-04-03T13:54:36+00:00","breadcrumb":{"@id":"https:\/\/tirinha.com\/889\/san-fernando-de-henares-fim-de-semana-de-comedia-com-agustin-duran-e-gabino-diego\/#breadcrumb"},"inLanguage":"pl-PL","potentialAction":[{"@type":"ReadAction","target":["https:\/\/tirinha.com\/889\/san-fernando-de-henares-fim-de-semana-de-comedia-com-agustin-duran-e-gabino-diego\/"]}]},{"@type":"ImageObject","inLanguage":"pl-PL","@id":"https:\/\/tirinha.com\/889\/san-fernando-de-henares-fim-de-semana-de-comedia-com-agustin-duran-e-gabino-diego\/#primaryimage","url":"https:\/\/noticiasparamunicipios.com\/wp-content\/uploads\/2023\/01\/la-curva-de-la-felicidad.jpg","contentUrl":"https:\/\/noticiasparamunicipios.com\/wp-content\/uploads\/2023\/01\/la-curva-de-la-felicidad.jpg"},{"@type":"BreadcrumbList","@id":"https:\/\/tirinha.com\/889\/san-fernando-de-henares-fim-de-semana-de-comedia-com-agustin-duran-e-gabino-diego\/#breadcrumb","itemListElement":[{"@type":"ListItem","position":1,"name":"Home","item":"https:\/\/tirinha.com\/"},{"@type":"ListItem","position":2,"name":"SAN FERNANDO DE HENARES\/ Fim de semana de com\u00e9dia com Agust\u00edn Dur\u00e1n e Gabino Diego"}]},{"@type":"WebSite","@id":"https:\/\/tirinha.com\/#website","url":"https:\/\/tirinha.com\/","name":"Tirinha.com","description":"Recenzje dzie\u0142 sztuki i ksi\u0105\u017cek","publisher":{"@id":"https:\/\/tirinha.com\/#organization"},"potentialAction":[{"@type":"SearchAction","target":{"@type":"EntryPoint","urlTemplate":"https:\/\/tirinha.com\/?s={search_term_string}"},"query-input":{"@type":"PropertyValueSpecification","valueRequired":true,"valueName":"search_term_string"}}],"inLanguage":"pl-PL"},{"@type":"Organization","@id":"https:\/\/tirinha.com\/#organization","name":"Tirinha.com","url":"https:\/\/tirinha.com\/","logo":{"@type":"ImageObject","inLanguage":"pl-PL","@id":"https:\/\/tirinha.com\/#\/schema\/logo\/image\/","url":"https:\/\/tirinha.com\/wp-content\/uploads\/2023\/08\/cropped-Logo-Tirinha.webp","contentUrl":"https:\/\/tirinha.com\/wp-content\/uploads\/2023\/08\/cropped-Logo-Tirinha.webp","width":512,"height":512,"caption":"Tirinha.com"},"image":{"@id":"https:\/\/tirinha.com\/#\/schema\/logo\/image\/"}},{"@type":"Person","@id":"https:\/\/tirinha.com\/#\/schema\/person\/e22bdfbe17e0461f7e927e6a1208d4d9","name":"Admin","image":{"@type":"ImageObject","inLanguage":"pl-PL","@id":"https:\/\/tirinha.com\/wp-content\/litespeed\/avatar\/d0068f7931cc87d7274eb0c3db1deb4b.jpg?ver=1777434315","url":"https:\/\/tirinha.com\/wp-content\/litespeed\/avatar\/d0068f7931cc87d7274eb0c3db1deb4b.jpg?ver=1777434315","contentUrl":"https:\/\/tirinha.com\/wp-content\/litespeed\/avatar\/d0068f7931cc87d7274eb0c3db1deb4b.jpg?ver=1777434315","caption":"admin"},"sameAs":["https:\/\/tirinha.com"],"url":"https:\/\/tirinha.com\/pl\/author\/admin\/"}]}},"_links":{"self":[{"href":"https:\/\/tirinha.com\/pl\/wp-json\/wp\/v2\/posts\/889","targetHints":{"allow":["GET"]}}],"collection":[{"href":"https:\/\/tirinha.com\/pl\/wp-json\/wp\/v2\/posts"}],"about":[{"href":"https:\/\/tirinha.com\/pl\/wp-json\/wp\/v2\/types\/post"}],"author":[{"embeddable":true,"href":"https:\/\/tirinha.com\/pl\/wp-json\/wp\/v2\/users\/1"}],"replies":[{"embeddable":true,"href":"https:\/\/tirinha.com\/pl\/wp-json\/wp\/v2\/comments?post=889"}],"version-history":[{"count":0,"href":"https:\/\/tirinha.com\/pl\/wp-json\/wp\/v2\/posts\/889\/revisions"}],"wp:featuredmedia":[{"embeddable":true,"href":"https:\/\/tirinha.com\/pl\/wp-json\/wp\/v2\/media\/891"}],"wp:attachment":[{"href":"https:\/\/tirinha.com\/pl\/wp-json\/wp\/v2\/media?parent=889"}],"wp:term":[{"taxonomy":"category","embeddable":true,"href":"https:\/\/tirinha.com\/pl\/wp-json\/wp\/v2\/categories?post=889"},{"taxonomy":"post_tag","embeddable":true,"href":"https:\/\/tirinha.com\/pl\/wp-json\/wp\/v2\/tags?post=889"}],"curies":[{"name":"wp","href":"https:\/\/api.w.org\/{rel}","templated":true}]}}