{"id":874,"date":"2023-04-03T13:36:08","date_gmt":"2023-04-03T13:36:08","guid":{"rendered":"https:\/\/tirinha.com\/na-carapaca-da-tartaruga\/"},"modified":"2023-04-03T13:36:08","modified_gmt":"2023-04-03T13:36:08","slug":"na-carapaca-da-tartaruga","status":"publish","type":"post","link":"https:\/\/tirinha.com\/pl\/874\/na-carapaca-da-tartaruga\/","title":{"rendered":"W skorupie \u017c\u00f3\u0142wia"},"content":{"rendered":"<p><\/p>\n<p>&#13;<\/p>\n<h2 itemprop=\"alternativeHeadline\">Susana Hornos re\u017cyseruje ten serial z Raquel P\u00e9rezem i Nacho Guerrerosem w rolach g\u0142\u00f3wnych<\/h2>\n<p>&#13;\n                <\/p>\n<div itemprop=\"articleBody\">\n<p style=\"text-align: justify;\"><strong>Teatr Fern\u00e1na G\u00f3meza, Centro Cultural da Villa prezentuje \u201e<em>W skorupie \u017c\u00f3\u0142wia<\/em>\u201c<\/strong>dzie\u0142o <strong>Ignasi Vidal<\/strong>, w re\u017cyserii Susany Hornos, z Raquel P\u00e9rezem i Nacho Guerrerosem w rolach g\u0142\u00f3wnych. Prac\u0119 mo\u017cna zobaczy\u0107<strong> Do 23 kwietnia<\/strong> 2023 w \u201e<strong><em>Pok\u00f3j Jardiela Ponceli<\/em><\/strong>\u201d ta przestrze\u0144 zale\u017cy od Wydzia\u0142u Kultury, Turystyki i Sportu Rady Miasta Madrytu.<\/p>\n<p style=\"text-align: justify;\">\n<p style=\"text-align: justify;\"><strong>Spektakl opowiada histori\u0119 rozwiedzionej pary Al\u00edci i Heitora<\/strong> przez d\u0142ugi czas, kt\u00f3ra spotka\u0142a si\u0119 ponownie, aby porozmawia\u0107 o braku r\u00f3wnowagi emocjonalnej c\u00f3rki. w tle <strong>Wielki Czwartek Wielkiego Tygodnia w Sewilli<\/strong>, na pierwszym planie historia \u017cycia rodzinnego pe\u0142nego wzlot\u00f3w i upadk\u00f3w ma\u0142\u017ce\u0144stwa, w kt\u00f3rym wi\u0119kszo\u015b\u0107 wsp\u00f3lnego czasu zajmowa\u0142 ich zaw\u00f3d. Obaj bohaterowie ukrywaj\u0105 swoje poczucie winy w przeci\u0105ganiu liny wyrzut\u00f3w, kt\u00f3rych kulminacj\u0105 jest odkrycie wydarzenia, kt\u00f3re nigdy nie powinno mie\u0107 miejsca.<\/p>\n<div id=\"ctl00_ctl00_cph1_cph1_ctrlBlogPost_sumario\" style=\"background-color:#c11d4d;\" class=\"sumarioCentral\">\n<p style=\"text-align: center;\">Kt\u00f3rego\u015b dnia postanowi\u0142am napisa\u0107 o sprzeczno\u015bciach ludzkich, tych, kt\u00f3re sprawiaj\u0105, \u017ce m\u00f3wimy jedno, a robimy co\u015b przeciwnego.<\/p>\n<\/p><\/div>\n<div id=\"ctl00_ctl00_cph1_cph1_ctrlBlogPost_body2\">\n<p style=\"text-align: justify;\"><strong>Ignasi Vidal opowiada, co sk\u0142oni\u0142o go do pisania<\/strong> \u201c<strong><em>W skorupie \u017c\u00f3\u0142wia<\/em><\/strong>\u201d i jakie s\u0105 g\u0142\u00f3wne idee poruszone w pracy.\u201d<em><strong>Kt\u00f3rego\u015b dnia postanowi\u0142am napisa\u0107 o sprzeczno\u015bciach ludzkich.<\/strong>te, kt\u00f3re sprawiaj\u0105, \u017ce m\u00f3wimy jedno, a robimy co\u015b przeciwnego<\/em>\u201e, komentuje autor. I wyra\u017ca\u201d<em>pilna potrzeba, kt\u00f3r\u0105 musimy sprawia\u0107, aby wygl\u0105da\u0107 dok\u0142adnie odwrotnie ni\u017c jeste\u015bmy, kt\u00f3ra dochodzi do skrajno\u015bci, gdy brak empatii zajmuje w duszy miejsce, kt\u00f3re wsp\u00f3\u0142czucie powinno zajmowa\u0107, mo\u017ce skutkowa\u0107 najbardziej odbiegaj\u0105cymi od normy sytuacjami<\/em>\u201c&quot;. <\/p>\n<p style=\"text-align: justify;\">\n<p style=\"text-align: justify;\">Autor dodaje, \u017ce \u201e<em>kiedy te postacie s\u0105 rozwijane w \u015brodowisku liberalnym, artystycznym i pozornie liberalnym, nabieraj\u0105 groteskowego tonu. I w\u0142a\u015bnie w tym \u015brodowisku tworz\u0119 t\u0119 prac\u0119, kt\u00f3ra rzuca na st\u00f3\u0142 uniwersaln\u0105 plag\u0119 spo\u0142eczn\u0105 i wsp\u00f3\u0142istnieje kat, ofiara i widz\u201d<\/em>.<\/p>\n<p style=\"text-align: justify;\">\n<\/p><\/div>\n<\/p><\/div>","protected":false},"excerpt":{"rendered":"<p>Spektakl re\u017cyseruje Susana Hornos, w kt\u00f3rym wyst\u0119puj\u0105 Raquel P\u00e9rez i Nacho Guerreros. Teatr Fern\u00e1na G\u00f3meza, Centro Cultural\u2026 <\/p>","protected":false},"author":1,"featured_media":0,"comment_status":"open","ping_status":"open","sticky":false,"template":"","format":"standard","meta":{"fifu_image_url":"","fifu_image_alt":"","footnotes":""},"categories":[35],"tags":[],"class_list":["post-874","post","type-post","status-publish","format-standard","hentry","category-cultura-e-lazer","latest_post"],"yoast_head":"<!-- This site is optimized with the Yoast SEO plugin v27.3 - https:\/\/yoast.com\/product\/yoast-seo-wordpress\/ -->\n<title>Na carapa\u00e7a da tartaruga - Tirinha.com<\/title>\n<meta name=\"robots\" content=\"index, follow, max-snippet:-1, max-image-preview:large, max-video-preview:-1\" \/>\n<link rel=\"canonical\" href=\"https:\/\/tirinha.com\/pl\/874\/na-carapaca-da-tartaruga\/\" \/>\n<meta property=\"og:locale\" content=\"pl_PL\" \/>\n<meta property=\"og:type\" content=\"article\" \/>\n<meta property=\"og:title\" content=\"Na carapa\u00e7a da tartaruga - Tirinha.com\" \/>\n<meta property=\"og:description\" content=\"&#013; Susana Hornos dirige este espet\u00e1culo estrelado por Raquel P\u00e9rez e Nacho Guerreros &#013; O teatro Fern\u00e1n G\u00f3mez, Centro Cultural &hellip;\" \/>\n<meta property=\"og:url\" content=\"https:\/\/tirinha.com\/pl\/874\/na-carapaca-da-tartaruga\/\" \/>\n<meta property=\"og:site_name\" content=\"Tirinha.com\" \/>\n<meta property=\"article:published_time\" content=\"2023-04-03T13:36:08+00:00\" \/>\n<meta name=\"author\" content=\"admin\" \/>\n<meta name=\"twitter:card\" content=\"summary_large_image\" \/>\n<meta name=\"twitter:label1\" content=\"Napisane przez\" \/>\n\t<meta name=\"twitter:data1\" content=\"admin\" \/>\n\t<meta name=\"twitter:label2\" content=\"Szacowany czas czytania\" \/>\n\t<meta name=\"twitter:data2\" content=\"2 minuty\" \/>\n<script type=\"application\/ld+json\" class=\"yoast-schema-graph\">{\"@context\":\"https:\\\/\\\/schema.org\",\"@graph\":[{\"@type\":\"Article\",\"@id\":\"https:\\\/\\\/tirinha.com\\\/874\\\/na-carapaca-da-tartaruga\\\/#article\",\"isPartOf\":{\"@id\":\"https:\\\/\\\/tirinha.com\\\/874\\\/na-carapaca-da-tartaruga\\\/\"},\"author\":{\"name\":\"admin\",\"@id\":\"https:\\\/\\\/tirinha.com\\\/#\\\/schema\\\/person\\\/e22bdfbe17e0461f7e927e6a1208d4d9\"},\"headline\":\"Na carapa\u00e7a da tartaruga\",\"datePublished\":\"2023-04-03T13:36:08+00:00\",\"mainEntityOfPage\":{\"@id\":\"https:\\\/\\\/tirinha.com\\\/874\\\/na-carapaca-da-tartaruga\\\/\"},\"wordCount\":357,\"commentCount\":0,\"publisher\":{\"@id\":\"https:\\\/\\\/tirinha.com\\\/#organization\"},\"articleSection\":[\"Cultura e lazer\"],\"inLanguage\":\"pl-PL\",\"potentialAction\":[{\"@type\":\"CommentAction\",\"name\":\"Comment\",\"target\":[\"https:\\\/\\\/tirinha.com\\\/874\\\/na-carapaca-da-tartaruga\\\/#respond\"]}]},{\"@type\":\"WebPage\",\"@id\":\"https:\\\/\\\/tirinha.com\\\/874\\\/na-carapaca-da-tartaruga\\\/\",\"url\":\"https:\\\/\\\/tirinha.com\\\/874\\\/na-carapaca-da-tartaruga\\\/\",\"name\":\"Na carapa\u00e7a da tartaruga - Tirinha.com\",\"isPartOf\":{\"@id\":\"https:\\\/\\\/tirinha.com\\\/#website\"},\"datePublished\":\"2023-04-03T13:36:08+00:00\",\"breadcrumb\":{\"@id\":\"https:\\\/\\\/tirinha.com\\\/874\\\/na-carapaca-da-tartaruga\\\/#breadcrumb\"},\"inLanguage\":\"pl-PL\",\"potentialAction\":[{\"@type\":\"ReadAction\",\"target\":[\"https:\\\/\\\/tirinha.com\\\/874\\\/na-carapaca-da-tartaruga\\\/\"]}]},{\"@type\":\"BreadcrumbList\",\"@id\":\"https:\\\/\\\/tirinha.com\\\/874\\\/na-carapaca-da-tartaruga\\\/#breadcrumb\",\"itemListElement\":[{\"@type\":\"ListItem\",\"position\":1,\"name\":\"Home\",\"item\":\"https:\\\/\\\/tirinha.com\\\/\"},{\"@type\":\"ListItem\",\"position\":2,\"name\":\"Na carapa\u00e7a da tartaruga\"}]},{\"@type\":\"WebSite\",\"@id\":\"https:\\\/\\\/tirinha.com\\\/#website\",\"url\":\"https:\\\/\\\/tirinha.com\\\/\",\"name\":\"Tirinha.com\",\"description\":\"Arte e livros resenhas\",\"publisher\":{\"@id\":\"https:\\\/\\\/tirinha.com\\\/#organization\"},\"potentialAction\":[{\"@type\":\"SearchAction\",\"target\":{\"@type\":\"EntryPoint\",\"urlTemplate\":\"https:\\\/\\\/tirinha.com\\\/?s={search_term_string}\"},\"query-input\":{\"@type\":\"PropertyValueSpecification\",\"valueRequired\":true,\"valueName\":\"search_term_string\"}}],\"inLanguage\":\"pl-PL\"},{\"@type\":\"Organization\",\"@id\":\"https:\\\/\\\/tirinha.com\\\/#organization\",\"name\":\"Tirinha.com\",\"url\":\"https:\\\/\\\/tirinha.com\\\/\",\"logo\":{\"@type\":\"ImageObject\",\"inLanguage\":\"pl-PL\",\"@id\":\"https:\\\/\\\/tirinha.com\\\/#\\\/schema\\\/logo\\\/image\\\/\",\"url\":\"https:\\\/\\\/tirinha.com\\\/wp-content\\\/uploads\\\/2023\\\/08\\\/cropped-Logo-Tirinha.webp\",\"contentUrl\":\"https:\\\/\\\/tirinha.com\\\/wp-content\\\/uploads\\\/2023\\\/08\\\/cropped-Logo-Tirinha.webp\",\"width\":512,\"height\":512,\"caption\":\"Tirinha.com\"},\"image\":{\"@id\":\"https:\\\/\\\/tirinha.com\\\/#\\\/schema\\\/logo\\\/image\\\/\"}},{\"@type\":\"Person\",\"@id\":\"https:\\\/\\\/tirinha.com\\\/#\\\/schema\\\/person\\\/e22bdfbe17e0461f7e927e6a1208d4d9\",\"name\":\"admin\",\"image\":{\"@type\":\"ImageObject\",\"inLanguage\":\"pl-PL\",\"@id\":\"https:\\\/\\\/tirinha.com\\\/wp-content\\\/litespeed\\\/avatar\\\/d0068f7931cc87d7274eb0c3db1deb4b.jpg?ver=1776829466\",\"url\":\"https:\\\/\\\/tirinha.com\\\/wp-content\\\/litespeed\\\/avatar\\\/d0068f7931cc87d7274eb0c3db1deb4b.jpg?ver=1776829466\",\"contentUrl\":\"https:\\\/\\\/tirinha.com\\\/wp-content\\\/litespeed\\\/avatar\\\/d0068f7931cc87d7274eb0c3db1deb4b.jpg?ver=1776829466\",\"caption\":\"admin\"},\"sameAs\":[\"https:\\\/\\\/tirinha.com\"],\"url\":\"https:\\\/\\\/tirinha.com\\\/pl\\\/author\\\/admin\\\/\"}]}<\/script>\n<!-- \/ Yoast SEO plugin. -->","yoast_head_json":{"title":"Na carapa\u00e7a da tartaruga - Tirinha.com","robots":{"index":"index","follow":"follow","max-snippet":"max-snippet:-1","max-image-preview":"max-image-preview:large","max-video-preview":"max-video-preview:-1"},"canonical":"https:\/\/tirinha.com\/pl\/874\/na-carapaca-da-tartaruga\/","og_locale":"pl_PL","og_type":"article","og_title":"Na carapa\u00e7a da tartaruga - Tirinha.com","og_description":"&#13; Susana Hornos dirige este espet\u00e1culo estrelado por Raquel P\u00e9rez e Nacho Guerreros &#13; O teatro Fern\u00e1n G\u00f3mez, Centro Cultural &hellip;","og_url":"https:\/\/tirinha.com\/pl\/874\/na-carapaca-da-tartaruga\/","og_site_name":"Tirinha.com","article_published_time":"2023-04-03T13:36:08+00:00","author":"admin","twitter_card":"summary_large_image","twitter_misc":{"Napisane przez":"admin","Szacowany czas czytania":"2 minuty"},"schema":{"@context":"https:\/\/schema.org","@graph":[{"@type":"Article","@id":"https:\/\/tirinha.com\/874\/na-carapaca-da-tartaruga\/#article","isPartOf":{"@id":"https:\/\/tirinha.com\/874\/na-carapaca-da-tartaruga\/"},"author":{"name":"admin","@id":"https:\/\/tirinha.com\/#\/schema\/person\/e22bdfbe17e0461f7e927e6a1208d4d9"},"headline":"Na carapa\u00e7a da tartaruga","datePublished":"2023-04-03T13:36:08+00:00","mainEntityOfPage":{"@id":"https:\/\/tirinha.com\/874\/na-carapaca-da-tartaruga\/"},"wordCount":357,"commentCount":0,"publisher":{"@id":"https:\/\/tirinha.com\/#organization"},"articleSection":["Cultura e lazer"],"inLanguage":"pl-PL","potentialAction":[{"@type":"CommentAction","name":"Comment","target":["https:\/\/tirinha.com\/874\/na-carapaca-da-tartaruga\/#respond"]}]},{"@type":"WebPage","@id":"https:\/\/tirinha.com\/874\/na-carapaca-da-tartaruga\/","url":"https:\/\/tirinha.com\/874\/na-carapaca-da-tartaruga\/","name":"Na carapa\u00e7a da tartaruga - Tirinha.com","isPartOf":{"@id":"https:\/\/tirinha.com\/#website"},"datePublished":"2023-04-03T13:36:08+00:00","breadcrumb":{"@id":"https:\/\/tirinha.com\/874\/na-carapaca-da-tartaruga\/#breadcrumb"},"inLanguage":"pl-PL","potentialAction":[{"@type":"ReadAction","target":["https:\/\/tirinha.com\/874\/na-carapaca-da-tartaruga\/"]}]},{"@type":"BreadcrumbList","@id":"https:\/\/tirinha.com\/874\/na-carapaca-da-tartaruga\/#breadcrumb","itemListElement":[{"@type":"ListItem","position":1,"name":"Home","item":"https:\/\/tirinha.com\/"},{"@type":"ListItem","position":2,"name":"Na carapa\u00e7a da tartaruga"}]},{"@type":"WebSite","@id":"https:\/\/tirinha.com\/#website","url":"https:\/\/tirinha.com\/","name":"Tirinha.com","description":"Recenzje dzie\u0142 sztuki i ksi\u0105\u017cek","publisher":{"@id":"https:\/\/tirinha.com\/#organization"},"potentialAction":[{"@type":"SearchAction","target":{"@type":"EntryPoint","urlTemplate":"https:\/\/tirinha.com\/?s={search_term_string}"},"query-input":{"@type":"PropertyValueSpecification","valueRequired":true,"valueName":"search_term_string"}}],"inLanguage":"pl-PL"},{"@type":"Organization","@id":"https:\/\/tirinha.com\/#organization","name":"Tirinha.com","url":"https:\/\/tirinha.com\/","logo":{"@type":"ImageObject","inLanguage":"pl-PL","@id":"https:\/\/tirinha.com\/#\/schema\/logo\/image\/","url":"https:\/\/tirinha.com\/wp-content\/uploads\/2023\/08\/cropped-Logo-Tirinha.webp","contentUrl":"https:\/\/tirinha.com\/wp-content\/uploads\/2023\/08\/cropped-Logo-Tirinha.webp","width":512,"height":512,"caption":"Tirinha.com"},"image":{"@id":"https:\/\/tirinha.com\/#\/schema\/logo\/image\/"}},{"@type":"Person","@id":"https:\/\/tirinha.com\/#\/schema\/person\/e22bdfbe17e0461f7e927e6a1208d4d9","name":"Admin","image":{"@type":"ImageObject","inLanguage":"pl-PL","@id":"https:\/\/tirinha.com\/wp-content\/litespeed\/avatar\/d0068f7931cc87d7274eb0c3db1deb4b.jpg?ver=1776829466","url":"https:\/\/tirinha.com\/wp-content\/litespeed\/avatar\/d0068f7931cc87d7274eb0c3db1deb4b.jpg?ver=1776829466","contentUrl":"https:\/\/tirinha.com\/wp-content\/litespeed\/avatar\/d0068f7931cc87d7274eb0c3db1deb4b.jpg?ver=1776829466","caption":"admin"},"sameAs":["https:\/\/tirinha.com"],"url":"https:\/\/tirinha.com\/pl\/author\/admin\/"}]}},"_links":{"self":[{"href":"https:\/\/tirinha.com\/pl\/wp-json\/wp\/v2\/posts\/874","targetHints":{"allow":["GET"]}}],"collection":[{"href":"https:\/\/tirinha.com\/pl\/wp-json\/wp\/v2\/posts"}],"about":[{"href":"https:\/\/tirinha.com\/pl\/wp-json\/wp\/v2\/types\/post"}],"author":[{"embeddable":true,"href":"https:\/\/tirinha.com\/pl\/wp-json\/wp\/v2\/users\/1"}],"replies":[{"embeddable":true,"href":"https:\/\/tirinha.com\/pl\/wp-json\/wp\/v2\/comments?post=874"}],"version-history":[{"count":0,"href":"https:\/\/tirinha.com\/pl\/wp-json\/wp\/v2\/posts\/874\/revisions"}],"wp:attachment":[{"href":"https:\/\/tirinha.com\/pl\/wp-json\/wp\/v2\/media?parent=874"}],"wp:term":[{"taxonomy":"category","embeddable":true,"href":"https:\/\/tirinha.com\/pl\/wp-json\/wp\/v2\/categories?post=874"},{"taxonomy":"post_tag","embeddable":true,"href":"https:\/\/tirinha.com\/pl\/wp-json\/wp\/v2\/tags?post=874"}],"curies":[{"name":"wp","href":"https:\/\/api.w.org\/{rel}","templated":true}]}}