{"id":868,"date":"2023-04-03T13:30:32","date_gmt":"2023-04-03T13:30:32","guid":{"rendered":"https:\/\/tirinha.com\/um-passeio-por-argel-iii\/"},"modified":"2023-04-03T13:30:32","modified_gmt":"2023-04-03T13:30:32","slug":"spacer-po-algierze-iii","status":"publish","type":"post","link":"https:\/\/tirinha.com\/pl\/868\/um-passeio-por-argel-iii\/","title":{"rendered":"Spacer po Algierze (III)"},"content":{"rendered":"<p><\/p>\n<div>\n<p class=\"p1\"><span class=\"s1\">Casbah to cytadela w stolicy, Algierze; Jest ona podzielona na G\u00f3rn\u0105 Casbah i Doln\u0105 Casbah i znajduje si\u0119 zaledwie krok od bardziej nowoczesnych ulic wychodz\u0105cych na Zatok\u0119 Algiersk\u0105, ale kiedy zrobisz ten krok i wejdziesz do Casbah, to jak wej\u015bcie do innego \u015bwiata. Casbah to kocio\u0142 kolor\u00f3w, zapach\u00f3w, wra\u017ce\u0144, w kt\u00f3rym z \u0142atwo\u015bci\u0105 mo\u017cna przenie\u015b\u0107 si\u0119 w inne czasy i pozwoli\u0107 swojej wyobra\u017ani przenie\u015b\u0107 si\u0119 w czasy pierwszych mieszka\u0144c\u00f3w wspomnianej cytadeli i sk\u0105d pochodzi\u0142y wspania\u0142e, a jednocze\u015bnie Z uczu\u0107, walk o wolno\u015b\u0107 i opowie\u015bci o godno\u015bci i woli \u017cycia narodu wy\u0142aniaj\u0105 si\u0119 dramatyczne historie.<\/span><\/p>\n<p class=\"p1\"><span class=\"s1\">Casbah Algieru pochodzi z pocz\u0105tku IV wieku p.n.e. C. i od 1991 roku znajduje si\u0119 na li\u015bcie dziedzictwa narodowego, a w 1992 roku zosta\u0142o wpisane na List\u0119 \u015awiatowego Dziedzictwa UNESCO.<\/span><\/p>\n<p class=\"p1\"><span class=\"s1\">Aby jednak odwiedzi\u0107 Casbah i m\u00f3c j\u0105 poczu\u0107, zrozumie\u0107 i podziwia\u0107, podr\u00f3\u017cnik do\u0142\u0105czy\u0142 do jednej z wycieczek z przewodnikiem po cytadeli. W tym przypadku wybra\u0142 profesjonalnego przewodnika o imieniu Yacine Boushaki, kt\u00f3ry jest synem Casbaha i jest z tego dumny i pe\u0142en pasji, i kt\u00f3ry wie, jak wspaniale przekaza\u0107 histori\u0119, pokaza\u0107 zabytki, a nawet zabawi\u0107 wizyt\u0119 tradycyjn\u0105 muzyk\u0105 z punkt widokowy, z kt\u00f3rego mo\u017cna podziwia\u0107 Casbah w ca\u0142o\u015bci.<\/span><\/p>\n<p class=\"p1\"><span class=\"s1\">Po um\u00f3wieniu wizyty z Yacine (kt\u00f3rego \u0142atwo znale\u017a\u0107 na Facebooku) podr\u00f3\u017cny spotka\u0142 si\u0119 z grup\u0105 turyst\u00f3w w sobotni poranek, oko\u0142o godziny 10, na Plaza de los M\u00e1rtires, przy wej\u015bciu do metra. Pierwsz\u0105 rzecz\u0105, jak\u0105 zrobi\u0142 Yacine, by\u0142o postawienie go\u015bci w sytuacji, czyli opowiedzenie historii historycznych pocz\u0105tk\u00f3w Casbah.<\/span><\/p>\n<p class=\"p1\"><span class=\"s1\">Po om\u00f3wieniu pocz\u0105tk\u00f3w grupa wchodzi do dolnej cz\u0119\u015bci Casbah, gdzie odwiedzaj\u0105cy odkrywaj\u0105 typow\u0105 dzielnic\u0119 w stylu maureta\u0144skim z kr\u0119tymi uliczkami, kt\u00f3re kontrastuj\u0105 z peryferyjn\u0105 urbanistyk\u0105 kolonialn\u0105. Tam zaczynaj\u0105 si\u0119 rozwija\u0107 historie ulic, pomnik\u00f3w i niekt\u00f3rych miejsc, takich jak kawiarnia Malakoff na ulicy Bab el Oued, kt\u00f3ra jest charakterystyczn\u0105 kawiarni\u0105 w dolnej cz\u0119\u015bci Casbah. Przechodzi\u0142y t\u0119dy wielkie nazwiska muzyki Cha\u00e2bi, co potwierdzaj\u0105 zdj\u0119cia, kt\u00f3re mo\u017cna zobaczy\u0107 na \u015bcianach. Tam te\u017c na kaw\u0119 spotykali si\u0119 profesorowie i inni intelektuali\u015bci. To miejsce, kt\u00f3re warto odwiedzi\u0107 i napi\u0107 si\u0119 kawy z typowymi s\u0142odko\u015bciami.<\/span><\/p>\n<p class=\"p2\"><span class=\"s1\"> <img fetchpriority=\"high\" decoding=\"async\" class=\"alignnone size-full wp-image-675874 lazy\" src=\"https:\/\/www.elboletin.com\/wp-content\/uploads\/2022\/12\/argel2-1.jpg\" alt=\"\" width=\"524\" height=\"792\" srcset=\"https:\/\/www.elboletin.com\/wp-content\/uploads\/2022\/12\/argel2-1.jpg 524w, https:\/\/www.elboletin.com\/wp-content\/uploads\/2022\/12\/argel2-1-198x300.jpg 198w\" data-sizes=\"(max-width: 524px) 100vw, 524px\"\/><span class=\"Apple-converted-space\">    <\/span><\/span><\/p>\n<p class=\"p3\"><em><span class=\"s1\">kawa Malakoff <\/span><\/em><\/p>\n<p><img decoding=\"async\" class=\"alignnone size-full wp-image-675873 lazy\" src=\"https:\/\/www.elboletin.com\/wp-content\/uploads\/2022\/12\/argel3-1.jpg\" alt=\"\" width=\"520\" height=\"792\" srcset=\"https:\/\/www.elboletin.com\/wp-content\/uploads\/2022\/12\/argel3-1.jpg 520w, https:\/\/www.elboletin.com\/wp-content\/uploads\/2022\/12\/argel3-1-197x300.jpg 197w\" data-sizes=\"(max-width: 520px) 100vw, 520px\"\/><\/p>\n<p class=\"p3\"><em><span class=\"s1\">Atmosfera kawiarni Malakoff<\/span><\/em><\/p>\n<p class=\"p1\"><span class=\"s1\">Przeje\u017cd\u017camy (i zatrzymujemy si\u0119) przed meczetem Katchaoua, kt\u00f3rego pochodzenie datowane jest na r\u00f3\u017cne sposoby. Faktem jest, \u017ce po kilkukrotnym zawaleniu, obecna odbudowa datuje si\u0119 na rok 1794, za rz\u0105d\u00f3w Deya Hassana. W 1832 roku by\u0142 u\u017cywany do kultu katolickiego podczas francuskiej kolonizacji, pod nazw\u0105 Catedral de San Felipe de Algiers, a po uzyskaniu przez Algieri\u0119 niepodleg\u0142o\u015bci, w 1962 roku ponownie sta\u0142 si\u0119 meczetem. Podr\u00f3\u017cnika zachwyci\u0142o pi\u0119kno fasady z dwoma o\u015bmiok\u0105tnymi minaretami zwr\u00f3conymi w stron\u0119 morza. \u015awi\u0105tynia naprawd\u0119 robi wra\u017cenie i jest warta zobaczenia.<\/span><\/p>\n<p><img decoding=\"async\" class=\"alignnone size-full wp-image-675872 lazy\" src=\"https:\/\/www.elboletin.com\/wp-content\/uploads\/2022\/12\/argel4-1.jpg\" alt=\"\" width=\"466\" height=\"694\" srcset=\"https:\/\/www.elboletin.com\/wp-content\/uploads\/2022\/12\/argel4-1.jpg 466w, https:\/\/www.elboletin.com\/wp-content\/uploads\/2022\/12\/argel4-1-201x300.jpg 201w\" data-sizes=\"(max-width: 466px) 100vw, 466px\"\/><\/p>\n<p class=\"p3\"><span class=\"s1\"><em>Meczet Ketchaoua <\/em><\/span><\/p>\n<p><img loading=\"lazy\" decoding=\"async\" class=\"alignnone size-full wp-image-675871 lazy\" src=\"https:\/\/www.elboletin.com\/wp-content\/uploads\/2022\/12\/argel5-1.jpg\" alt=\"\" width=\"460\" height=\"692\" srcset=\"https:\/\/www.elboletin.com\/wp-content\/uploads\/2022\/12\/argel5-1.jpg 460w, https:\/\/www.elboletin.com\/wp-content\/uploads\/2022\/12\/argel5-1-199x300.jpg 199w\" data-sizes=\"(max-width: 460px) 100vw, 460px\"\/><\/p>\n<p class=\"p3\"><span class=\"s1\"><em>Wyprzeda\u017c<\/em> <\/span><\/p>\n<p class=\"p1\"><span class=\"s1\">A mi\u0119dzy miejscami mo\u017cna spotka\u0107 ludzi na ulicach, na zat\u0142oczonych targowiskach, w ma\u0142ych sklepikach, kt\u00f3re sprzedaj\u0105 wszystko, pogrupowanych wed\u0142ug s\u0105siedztwa wed\u0142ug specjalizacji. Oni patrz\u0105 na ciebie, ty patrzysz na nich i istnieje rodzaj przyjaznego wsp\u00f3\u0142udzia\u0142u, kt\u00f3ry wita ci\u0119 w Casbah, w tej duszy Algieru, z jego ulicami i jego mieszka\u0144cami. Czujesz si\u0119 dobrze i jeste\u015b mile widziany.<\/span><\/p>\n<p class=\"p1\"><span class=\"s1\">Grupa dociera do Maison d&#039;Ali la Pointe. Ali Ammar, lepiej znany jako Ali La Pointe, i jego towarzysze: Hassiba Ben Bouali, Mahmoud \u201eHamid\u201d Bouhamidi i \u201ePetit Omar\u201d. Odmawiaj\u0105c poddania si\u0119, zgin\u0119li, gdy francuscy spadochroniarze wysadzili dom w powietrze w nocy z 8 na 9 pa\u017adziernika 1957 r. Muzeum po\u015bwi\u0119cone temu bohaterowi bitwy o Algier i innym m\u0119czennikom zosta\u0142o otwarte w lipcu 2006 r.<\/span><\/p>\n<p class=\"p2\"><span class=\"s1\"><span class=\"Apple-converted-space\"><img loading=\"lazy\" decoding=\"async\" class=\"alignnone size-full wp-image-675870 lazy\" src=\"https:\/\/www.elboletin.com\/wp-content\/uploads\/2022\/12\/argel6-1.jpg\" alt=\"\" width=\"606\" height=\"394\" srcset=\"https:\/\/www.elboletin.com\/wp-content\/uploads\/2022\/12\/argel6-1.jpg 606w, https:\/\/www.elboletin.com\/wp-content\/uploads\/2022\/12\/argel6-1-300x195.jpg 300w\" data-sizes=\"(max-width: 606px) 100vw, 606px\"\/> <\/span><\/span><\/p>\n<p><img loading=\"lazy\" decoding=\"async\" class=\"alignnone size-full wp-image-675869 lazy\" src=\"https:\/\/www.elboletin.com\/wp-content\/uploads\/2022\/12\/argel7-1.jpg\" alt=\"\" width=\"600\" height=\"390\" srcset=\"https:\/\/www.elboletin.com\/wp-content\/uploads\/2022\/12\/argel7-1.jpg 600w, https:\/\/www.elboletin.com\/wp-content\/uploads\/2022\/12\/argel7-1-300x195.jpg 300w\" data-sizes=\"(max-width: 600px) 100vw, 600px\"\/><\/p>\n<p class=\"p4\"><em><span class=\"s1\">Maison d&#039;Ali la Pointe<\/span><\/em><\/p>\n<p class=\"p1\"><span class=\"s1\">Stamt\u0105d by\u0142 czas na udanie si\u0119 w g\u00f3rn\u0105 cz\u0119\u015b\u0107 Casbah na herbat\u0119 i s\u0142odycze do jednego z dom\u00f3w, sk\u0105d mogli\u015bmy podziwia\u0107 niezr\u00f3wnane widoki na Casbah i Zatok\u0119 Algiersk\u0105, a przewodnik zachwyci\u0142 nas typowymi piosenkami, do kt\u00f3rych przywi\u00f3z\u0142 razem du\u017c\u0105 cz\u0119\u015b\u0107 publiczno\u015bci, kt\u00f3ra uczestniczy\u0142a w trasie Casbah.<\/span><\/p>\n<p class=\"p2\"><span class=\"s1\"><span class=\"Apple-converted-space\"> <img loading=\"lazy\" decoding=\"async\" class=\"alignnone size-full wp-image-675868 lazy\" src=\"https:\/\/www.elboletin.com\/wp-content\/uploads\/2022\/12\/argel8-1.jpg\" alt=\"\" width=\"756\" height=\"508\" srcset=\"https:\/\/www.elboletin.com\/wp-content\/uploads\/2022\/12\/argel8-1.jpg 756w, https:\/\/www.elboletin.com\/wp-content\/uploads\/2022\/12\/argel8-1-300x202.jpg 300w\" data-sizes=\"(max-width: 756px) 100vw, 756px\"\/><\/span><\/span><\/p>\n<p><img loading=\"lazy\" decoding=\"async\" class=\"alignnone size-full wp-image-675867 lazy\" src=\"https:\/\/www.elboletin.com\/wp-content\/uploads\/2022\/12\/argel9-1.jpg\" alt=\"\" width=\"394\" height=\"596\" srcset=\"https:\/\/www.elboletin.com\/wp-content\/uploads\/2022\/12\/argel9-1.jpg 394w, https:\/\/www.elboletin.com\/wp-content\/uploads\/2022\/12\/argel9-1-198x300.jpg 198w\" data-sizes=\"(max-width: 394px) 100vw, 394px\"\/><\/p>\n<p class=\"p5\"><em><span class=\"s1\">kasba<\/span><\/em><\/p>\n<p class=\"p2\"><span class=\"s1\"><span class=\"Apple-converted-space\"> <img loading=\"lazy\" decoding=\"async\" class=\"alignnone size-full wp-image-675866 lazy\" src=\"https:\/\/www.elboletin.com\/wp-content\/uploads\/2022\/12\/argel10-1.jpg\" alt=\"\" width=\"416\" height=\"628\" srcset=\"https:\/\/www.elboletin.com\/wp-content\/uploads\/2022\/12\/argel10-1.jpg 416w, https:\/\/www.elboletin.com\/wp-content\/uploads\/2022\/12\/argel10-1-199x300.jpg 199w\" data-sizes=\"(max-width: 416px) 100vw, 416px\"\/> <\/span><\/span><\/p>\n<p class=\"p6\"><em><span class=\"s1\">\u0179r\u00f3d\u0142o <\/span><\/em><\/p>\n<p><img loading=\"lazy\" decoding=\"async\" class=\"alignnone size-full wp-image-675865 lazy\" src=\"https:\/\/www.elboletin.com\/wp-content\/uploads\/2022\/12\/argel11-1.jpg\" alt=\"\" width=\"778\" height=\"498\" srcset=\"https:\/\/www.elboletin.com\/wp-content\/uploads\/2022\/12\/argel11-1.jpg 778w, https:\/\/www.elboletin.com\/wp-content\/uploads\/2022\/12\/argel11-1-300x192.jpg 300w, https:\/\/www.elboletin.com\/wp-content\/uploads\/2022\/12\/argel11-1-768x492.jpg 768w\" data-sizes=\"(max-width: 778px) 100vw, 778px\"\/><\/p>\n<p class=\"p6\"><em><span class=\"s1\">Rzemie\u015blnicy w Casbah<\/span><\/em><\/p>\n<p class=\"p1\"><span class=\"s1\">Kontynuuj\u0105c wizyt\u0119 w Casbah, warto odwiedzi\u0107 Pa\u0142ac Mustapha Pacha, pochodz\u0105cy z XVIII wieku, w kt\u00f3rym mie\u015bci si\u0119 Narodowe Muzeum O\u015bwietlenia, Miniatur i Kaligrafii. Ten pa\u0142ac po\u0142o\u017cony po\u015brodku Casbah jest spektakularny.<\/span><\/p>\n<p class=\"p2\"><span class=\"s1\"><span class=\"Apple-converted-space\"><img loading=\"lazy\" decoding=\"async\" class=\"alignnone size-full wp-image-675864 lazy\" src=\"https:\/\/www.elboletin.com\/wp-content\/uploads\/2022\/12\/argel12-1.jpg\" alt=\"\" width=\"496\" height=\"750\" srcset=\"https:\/\/www.elboletin.com\/wp-content\/uploads\/2022\/12\/argel12-1.jpg 496w, https:\/\/www.elboletin.com\/wp-content\/uploads\/2022\/12\/argel12-1-198x300.jpg 198w\" data-sizes=\"(max-width: 496px) 100vw, 496px\"\/>  <\/span><\/span><\/p>\n<p class=\"p3\"><em><span class=\"s1\">P\u0142ytki Mustapha Pacha<\/span><\/em><\/p>\n<p><img loading=\"lazy\" decoding=\"async\" class=\"alignnone size-full wp-image-675863 lazy\" src=\"https:\/\/www.elboletin.com\/wp-content\/uploads\/2022\/12\/argel13-1.jpg\" alt=\"\" width=\"724\" height=\"516\" srcset=\"https:\/\/www.elboletin.com\/wp-content\/uploads\/2022\/12\/argel13-1.jpg 724w, https:\/\/www.elboletin.com\/wp-content\/uploads\/2022\/12\/argel13-1-300x214.jpg 300w\" data-sizes=\"(max-width: 724px) 100vw, 724px\"\/><\/p>\n<p class=\"p3\"><em><span class=\"s1\">Mustafa Pasza<\/span><\/em><\/p>\n<p class=\"p1\"><span class=\"s1\">Po dalszym spacerowaniu ulicami i zatrzymywaniu si\u0119 w niekt\u00f3rych sklepach z r\u0119kodzie\u0142em wizyta w Casbah dobieg\u0142a ko\u0144ca, a podr\u00f3\u017cny kontynuowa\u0142 swoj\u0105 podr\u00f3\u017c po Algierze i aby odpocz\u0105\u0107 od wizyty, uda\u0142 si\u0119 do mitycznego El Djazair hotel podczas zwiedzania stolicy. Mo\u017ce ta nazwa nie brzmi Wam znajomo, ale je\u015bli m\u00f3wimy o jej pierwotnej nazwie, Hotel St. George, to zaczyna ona mie\u0107 inn\u0105 histori\u0119... A m\u00f3wi\u0119 o historii, bo jest to jeden z 5 najstarszych hoteli w Afryce. Ten pi\u0119ciogwiazdkowy hotel zosta\u0142 otwarty jako hotel w 1889 roku, ale historia jego budowy si\u0119ga 1514 roku. Wyobra\u017a sobie, czego musia\u0142e\u015b do\u015bwiadczy\u0107\u2026. Ponadto zalet\u0105 jego centralnej lokalizacji jest blisko\u015b\u0107 Muzeum Bardo i Pomnika M\u0119czennik\u00f3w oraz spektakularne widoki na Zatok\u0119 Algiersk\u0105.<\/span><\/p>\n<p class=\"p1\"><span class=\"s1\">Bior\u0105c pod uwag\u0119 t\u0119 histori\u0119, trzeba powiedzie\u0107, \u017ce s\u0142u\u017cy\u0142 on jako Kwatera G\u0142\u00f3wna wojsk alianckich od listopada 1942 do grudnia 1943. Oznacza\u0142o to, \u017ce osobisto\u015bci tamtych czas\u00f3w, takie jak Dwight D. Eisenhower, Winston Churchill i wiele innych os\u00f3b z bur\u017cuazji, przesz\u0142o tam. .obcokrajowcy, arty\u015bci, intelektuali\u015bci i politycy od tamtych czas\u00f3w do dzi\u015b, kt\u00f3rych fotografie wisz\u0105 w kawiarni z widokiem na ogr\u00f3d botaniczny. Mo\u017cliwo\u015b\u0107 kontemplacji zdj\u0119\u0107 os\u00f3b, kt\u00f3re nocowa\u0142y w tym hotelu, to niezwykle ciekawa podr\u00f3\u017c przez histori\u0119. <\/span><\/p>\n<p class=\"p2\"><span class=\"s1\"><span class=\"Apple-converted-space\"> <img loading=\"lazy\" decoding=\"async\" class=\"alignnone size-full wp-image-675862 lazy\" src=\"https:\/\/www.elboletin.com\/wp-content\/uploads\/2022\/12\/argel14-1.jpg\" alt=\"\" width=\"486\" height=\"488\" srcset=\"https:\/\/www.elboletin.com\/wp-content\/uploads\/2022\/12\/argel14-1.jpg 486w, https:\/\/www.elboletin.com\/wp-content\/uploads\/2022\/12\/argel14-1-300x300.jpg 300w, https:\/\/www.elboletin.com\/wp-content\/uploads\/2022\/12\/argel14-1-150x150.jpg 150w\" data-sizes=\"(max-width: 486px) 100vw, 486px\"\/> <\/span><\/span><\/p>\n<p class=\"p3\"><span class=\"s1\"><em>Jardim S\u00e3o Jorge<\/em> <\/span><\/p>\n<p><img loading=\"lazy\" decoding=\"async\" class=\"alignnone size-full wp-image-675861 lazy\" src=\"https:\/\/www.elboletin.com\/wp-content\/uploads\/2022\/12\/argel15-1.jpg\" alt=\"\" width=\"764\" height=\"428\" srcset=\"https:\/\/www.elboletin.com\/wp-content\/uploads\/2022\/12\/argel15-1.jpg 764w, https:\/\/www.elboletin.com\/wp-content\/uploads\/2022\/12\/argel15-1-300x168.jpg 300w\" data-sizes=\"(max-width: 764px) 100vw, 764px\"\/><\/p>\n<p class=\"p3\"><em><span class=\"s1\">\u015awi\u0119ty Jerzy. zadaszona kawiarnia<\/span><\/em><\/p>\n<p class=\"p1\"><span class=\"s1\">Niezale\u017cnie od tego, czy chcesz zatrzyma\u0107 si\u0119 w jednym z dobrze utrzymanych i wygodnych pokoi, \u015bwi\u0119towa\u0107 wydarzenie w jednej z imponuj\u0105cych i zabytkowych sal, czy po prostu zje\u015b\u0107 przek\u0105sk\u0119 w kawiarni w ogrodzie, personel hotelu, od pomocnych kelner\u00f3w po przyjazn\u0105 komunikacj\u0119 i marketingu, kt\u00f3ry po\u015bwi\u0119ci\u0142 znaczn\u0105 cz\u0119\u015b\u0107 swojego czasu na wyja\u015bnienie historii hotelu i pokazanie nam niekt\u00f3rych z jego najbardziej charakterystycznych miejsc, a wszystkie z nich charakteryzuj\u0105 si\u0119 wyj\u0105tkowym traktowaniem i profesjonalizmem, kt\u00f3ry Ci\u0119 przeniesie, wspomagany przez wspania\u0142\u0105 dekoracj\u0119 i odpowiednie otoczenie, do innych marzycielskich czas\u00f3w, w tej oazie po\u0142o\u017conej w centrum Algieru, gdzie mo\u017cesz odpocz\u0105\u0107 i nabra\u0107 si\u0142 w kosmopolitycznym otoczeniu oraz przygotowa\u0107 si\u0119 do kolejnej podr\u00f3\u017cy z tego wspania\u0142ego i uroczego miasta Algier.<\/span><\/p>\n<p class=\"p1\" style=\"text-align: right;\"><em><span class=\"s1\">Autor: Fernando Novo Obiektyw<\/span><\/em><\/p>\n<p class=\"p1\" style=\"text-align: right;\"><em><span class=\"s1\">Prezes Hiszpa\u0144sko-Algierskiego Stowarzyszenia Kulturalnego \u201eMiguel de Cervantes\u201d. ACUHA<\/span><\/em><\/p>\n<\/div>","protected":false},"excerpt":{"rendered":"<p>Casbah to cytadela w stolicy, Algierze; Jest podzielony na G\u00f3rn\u0105 Casbah i Doln\u0105 Casbah i\u2026 <\/p>","protected":false},"author":1,"featured_media":869,"comment_status":"open","ping_status":"open","sticky":false,"template":"","format":"standard","meta":{"fifu_image_url":"https:\/\/www.elboletin.com\/wp-content\/uploads\/2022\/12\/argel1-1.jpg","fifu_image_alt":"","footnotes":""},"categories":[35],"tags":[],"class_list":["post-868","post","type-post","status-publish","format-standard","has-post-thumbnail","hentry","category-cultura-e-lazer","latest_post"],"yoast_head":"<!-- This site is optimized with the Yoast SEO plugin v27.3 - https:\/\/yoast.com\/product\/yoast-seo-wordpress\/ -->\n<title>Um passeio por Argel (III) - Tirinha.com<\/title>\n<meta name=\"robots\" content=\"index, follow, max-snippet:-1, max-image-preview:large, max-video-preview:-1\" \/>\n<link rel=\"canonical\" href=\"https:\/\/tirinha.com\/pl\/868\/spacer-po-algierze-iii\/\" \/>\n<meta property=\"og:locale\" content=\"pl_PL\" \/>\n<meta property=\"og:type\" content=\"article\" \/>\n<meta property=\"og:title\" content=\"Um passeio por Argel (III) - Tirinha.com\" \/>\n<meta property=\"og:description\" content=\"A Casbah \u00e9 uma cidadela dentro da capital, Argel; \u00c9 dividida em Casbah Superior e Casbah Inferior e fica a &hellip;\" \/>\n<meta property=\"og:url\" content=\"https:\/\/tirinha.com\/pl\/868\/spacer-po-algierze-iii\/\" \/>\n<meta property=\"og:site_name\" content=\"Tirinha.com\" \/>\n<meta property=\"article:published_time\" content=\"2023-04-03T13:30:32+00:00\" \/>\n<meta property=\"og:image\" content=\"https:\/\/www.elboletin.com\/wp-content\/uploads\/2022\/12\/argel1-1.jpg\" \/>\n<meta name=\"author\" content=\"admin\" \/>\n<meta name=\"twitter:card\" content=\"summary_large_image\" \/>\n<meta name=\"twitter:image\" content=\"https:\/\/www.elboletin.com\/wp-content\/uploads\/2022\/12\/argel1-1.jpg\" \/>\n<meta name=\"twitter:label1\" content=\"Napisane przez\" \/>\n\t<meta name=\"twitter:data1\" content=\"admin\" \/>\n\t<meta name=\"twitter:label2\" content=\"Szacowany czas czytania\" \/>\n\t<meta name=\"twitter:data2\" content=\"6 minut\" \/>\n<script type=\"application\/ld+json\" class=\"yoast-schema-graph\">{\"@context\":\"https:\\\/\\\/schema.org\",\"@graph\":[{\"@type\":\"Article\",\"@id\":\"https:\\\/\\\/tirinha.com\\\/868\\\/um-passeio-por-argel-iii\\\/#article\",\"isPartOf\":{\"@id\":\"https:\\\/\\\/tirinha.com\\\/868\\\/um-passeio-por-argel-iii\\\/\"},\"author\":{\"name\":\"admin\",\"@id\":\"https:\\\/\\\/tirinha.com\\\/#\\\/schema\\\/person\\\/e22bdfbe17e0461f7e927e6a1208d4d9\"},\"headline\":\"Um passeio por Argel (III)\",\"datePublished\":\"2023-04-03T13:30:32+00:00\",\"mainEntityOfPage\":{\"@id\":\"https:\\\/\\\/tirinha.com\\\/868\\\/um-passeio-por-argel-iii\\\/\"},\"wordCount\":1181,\"commentCount\":0,\"publisher\":{\"@id\":\"https:\\\/\\\/tirinha.com\\\/#organization\"},\"image\":{\"@id\":\"https:\\\/\\\/tirinha.com\\\/868\\\/um-passeio-por-argel-iii\\\/#primaryimage\"},\"thumbnailUrl\":\"https:\\\/\\\/www.elboletin.com\\\/wp-content\\\/uploads\\\/2022\\\/12\\\/argel1-1.jpg\",\"articleSection\":[\"Cultura e lazer\"],\"inLanguage\":\"pl-PL\",\"potentialAction\":[{\"@type\":\"CommentAction\",\"name\":\"Comment\",\"target\":[\"https:\\\/\\\/tirinha.com\\\/868\\\/um-passeio-por-argel-iii\\\/#respond\"]}]},{\"@type\":\"WebPage\",\"@id\":\"https:\\\/\\\/tirinha.com\\\/868\\\/um-passeio-por-argel-iii\\\/\",\"url\":\"https:\\\/\\\/tirinha.com\\\/868\\\/um-passeio-por-argel-iii\\\/\",\"name\":\"Um passeio por Argel (III) - Tirinha.com\",\"isPartOf\":{\"@id\":\"https:\\\/\\\/tirinha.com\\\/#website\"},\"primaryImageOfPage\":{\"@id\":\"https:\\\/\\\/tirinha.com\\\/868\\\/um-passeio-por-argel-iii\\\/#primaryimage\"},\"image\":{\"@id\":\"https:\\\/\\\/tirinha.com\\\/868\\\/um-passeio-por-argel-iii\\\/#primaryimage\"},\"thumbnailUrl\":\"https:\\\/\\\/www.elboletin.com\\\/wp-content\\\/uploads\\\/2022\\\/12\\\/argel1-1.jpg\",\"datePublished\":\"2023-04-03T13:30:32+00:00\",\"breadcrumb\":{\"@id\":\"https:\\\/\\\/tirinha.com\\\/868\\\/um-passeio-por-argel-iii\\\/#breadcrumb\"},\"inLanguage\":\"pl-PL\",\"potentialAction\":[{\"@type\":\"ReadAction\",\"target\":[\"https:\\\/\\\/tirinha.com\\\/868\\\/um-passeio-por-argel-iii\\\/\"]}]},{\"@type\":\"ImageObject\",\"inLanguage\":\"pl-PL\",\"@id\":\"https:\\\/\\\/tirinha.com\\\/868\\\/um-passeio-por-argel-iii\\\/#primaryimage\",\"url\":\"https:\\\/\\\/www.elboletin.com\\\/wp-content\\\/uploads\\\/2022\\\/12\\\/argel1-1.jpg\",\"contentUrl\":\"https:\\\/\\\/www.elboletin.com\\\/wp-content\\\/uploads\\\/2022\\\/12\\\/argel1-1.jpg\"},{\"@type\":\"BreadcrumbList\",\"@id\":\"https:\\\/\\\/tirinha.com\\\/868\\\/um-passeio-por-argel-iii\\\/#breadcrumb\",\"itemListElement\":[{\"@type\":\"ListItem\",\"position\":1,\"name\":\"Home\",\"item\":\"https:\\\/\\\/tirinha.com\\\/\"},{\"@type\":\"ListItem\",\"position\":2,\"name\":\"Um passeio por Argel (III)\"}]},{\"@type\":\"WebSite\",\"@id\":\"https:\\\/\\\/tirinha.com\\\/#website\",\"url\":\"https:\\\/\\\/tirinha.com\\\/\",\"name\":\"Tirinha.com\",\"description\":\"Arte e livros resenhas\",\"publisher\":{\"@id\":\"https:\\\/\\\/tirinha.com\\\/#organization\"},\"potentialAction\":[{\"@type\":\"SearchAction\",\"target\":{\"@type\":\"EntryPoint\",\"urlTemplate\":\"https:\\\/\\\/tirinha.com\\\/?s={search_term_string}\"},\"query-input\":{\"@type\":\"PropertyValueSpecification\",\"valueRequired\":true,\"valueName\":\"search_term_string\"}}],\"inLanguage\":\"pl-PL\"},{\"@type\":\"Organization\",\"@id\":\"https:\\\/\\\/tirinha.com\\\/#organization\",\"name\":\"Tirinha.com\",\"url\":\"https:\\\/\\\/tirinha.com\\\/\",\"logo\":{\"@type\":\"ImageObject\",\"inLanguage\":\"pl-PL\",\"@id\":\"https:\\\/\\\/tirinha.com\\\/#\\\/schema\\\/logo\\\/image\\\/\",\"url\":\"https:\\\/\\\/tirinha.com\\\/wp-content\\\/uploads\\\/2023\\\/08\\\/cropped-Logo-Tirinha.webp\",\"contentUrl\":\"https:\\\/\\\/tirinha.com\\\/wp-content\\\/uploads\\\/2023\\\/08\\\/cropped-Logo-Tirinha.webp\",\"width\":512,\"height\":512,\"caption\":\"Tirinha.com\"},\"image\":{\"@id\":\"https:\\\/\\\/tirinha.com\\\/#\\\/schema\\\/logo\\\/image\\\/\"}},{\"@type\":\"Person\",\"@id\":\"https:\\\/\\\/tirinha.com\\\/#\\\/schema\\\/person\\\/e22bdfbe17e0461f7e927e6a1208d4d9\",\"name\":\"admin\",\"image\":{\"@type\":\"ImageObject\",\"inLanguage\":\"pl-PL\",\"@id\":\"https:\\\/\\\/tirinha.com\\\/wp-content\\\/litespeed\\\/avatar\\\/d0068f7931cc87d7274eb0c3db1deb4b.jpg?ver=1776829466\",\"url\":\"https:\\\/\\\/tirinha.com\\\/wp-content\\\/litespeed\\\/avatar\\\/d0068f7931cc87d7274eb0c3db1deb4b.jpg?ver=1776829466\",\"contentUrl\":\"https:\\\/\\\/tirinha.com\\\/wp-content\\\/litespeed\\\/avatar\\\/d0068f7931cc87d7274eb0c3db1deb4b.jpg?ver=1776829466\",\"caption\":\"admin\"},\"sameAs\":[\"https:\\\/\\\/tirinha.com\"],\"url\":\"https:\\\/\\\/tirinha.com\\\/pl\\\/author\\\/admin\\\/\"}]}<\/script>\n<!-- \/ Yoast SEO plugin. -->","yoast_head_json":{"title":"Spacer po Algierze (III) - Tirinha.com","robots":{"index":"index","follow":"follow","max-snippet":"max-snippet:-1","max-image-preview":"max-image-preview:large","max-video-preview":"max-video-preview:-1"},"canonical":"https:\/\/tirinha.com\/pl\/868\/spacer-po-algierze-iii\/","og_locale":"pl_PL","og_type":"article","og_title":"Um passeio por Argel (III) - Tirinha.com","og_description":"A Casbah \u00e9 uma cidadela dentro da capital, Argel; \u00c9 dividida em Casbah Superior e Casbah Inferior e fica a &hellip;","og_url":"https:\/\/tirinha.com\/pl\/868\/spacer-po-algierze-iii\/","og_site_name":"Tirinha.com","article_published_time":"2023-04-03T13:30:32+00:00","og_image":[{"url":"https:\/\/www.elboletin.com\/wp-content\/uploads\/2022\/12\/argel1-1.jpg","type":"","width":"","height":""}],"author":"admin","twitter_card":"summary_large_image","twitter_image":"https:\/\/www.elboletin.com\/wp-content\/uploads\/2022\/12\/argel1-1.jpg","twitter_misc":{"Napisane przez":"admin","Szacowany czas czytania":"6 minut"},"schema":{"@context":"https:\/\/schema.org","@graph":[{"@type":"Article","@id":"https:\/\/tirinha.com\/868\/um-passeio-por-argel-iii\/#article","isPartOf":{"@id":"https:\/\/tirinha.com\/868\/um-passeio-por-argel-iii\/"},"author":{"name":"admin","@id":"https:\/\/tirinha.com\/#\/schema\/person\/e22bdfbe17e0461f7e927e6a1208d4d9"},"headline":"Um passeio por Argel (III)","datePublished":"2023-04-03T13:30:32+00:00","mainEntityOfPage":{"@id":"https:\/\/tirinha.com\/868\/um-passeio-por-argel-iii\/"},"wordCount":1181,"commentCount":0,"publisher":{"@id":"https:\/\/tirinha.com\/#organization"},"image":{"@id":"https:\/\/tirinha.com\/868\/um-passeio-por-argel-iii\/#primaryimage"},"thumbnailUrl":"https:\/\/www.elboletin.com\/wp-content\/uploads\/2022\/12\/argel1-1.jpg","articleSection":["Cultura e lazer"],"inLanguage":"pl-PL","potentialAction":[{"@type":"CommentAction","name":"Comment","target":["https:\/\/tirinha.com\/868\/um-passeio-por-argel-iii\/#respond"]}]},{"@type":"WebPage","@id":"https:\/\/tirinha.com\/868\/um-passeio-por-argel-iii\/","url":"https:\/\/tirinha.com\/868\/um-passeio-por-argel-iii\/","name":"Spacer po Algierze (III) - Tirinha.com","isPartOf":{"@id":"https:\/\/tirinha.com\/#website"},"primaryImageOfPage":{"@id":"https:\/\/tirinha.com\/868\/um-passeio-por-argel-iii\/#primaryimage"},"image":{"@id":"https:\/\/tirinha.com\/868\/um-passeio-por-argel-iii\/#primaryimage"},"thumbnailUrl":"https:\/\/www.elboletin.com\/wp-content\/uploads\/2022\/12\/argel1-1.jpg","datePublished":"2023-04-03T13:30:32+00:00","breadcrumb":{"@id":"https:\/\/tirinha.com\/868\/um-passeio-por-argel-iii\/#breadcrumb"},"inLanguage":"pl-PL","potentialAction":[{"@type":"ReadAction","target":["https:\/\/tirinha.com\/868\/um-passeio-por-argel-iii\/"]}]},{"@type":"ImageObject","inLanguage":"pl-PL","@id":"https:\/\/tirinha.com\/868\/um-passeio-por-argel-iii\/#primaryimage","url":"https:\/\/www.elboletin.com\/wp-content\/uploads\/2022\/12\/argel1-1.jpg","contentUrl":"https:\/\/www.elboletin.com\/wp-content\/uploads\/2022\/12\/argel1-1.jpg"},{"@type":"BreadcrumbList","@id":"https:\/\/tirinha.com\/868\/um-passeio-por-argel-iii\/#breadcrumb","itemListElement":[{"@type":"ListItem","position":1,"name":"Home","item":"https:\/\/tirinha.com\/"},{"@type":"ListItem","position":2,"name":"Um passeio por Argel (III)"}]},{"@type":"WebSite","@id":"https:\/\/tirinha.com\/#website","url":"https:\/\/tirinha.com\/","name":"Tirinha.com","description":"Recenzje dzie\u0142 sztuki i ksi\u0105\u017cek","publisher":{"@id":"https:\/\/tirinha.com\/#organization"},"potentialAction":[{"@type":"SearchAction","target":{"@type":"EntryPoint","urlTemplate":"https:\/\/tirinha.com\/?s={search_term_string}"},"query-input":{"@type":"PropertyValueSpecification","valueRequired":true,"valueName":"search_term_string"}}],"inLanguage":"pl-PL"},{"@type":"Organization","@id":"https:\/\/tirinha.com\/#organization","name":"Tirinha.com","url":"https:\/\/tirinha.com\/","logo":{"@type":"ImageObject","inLanguage":"pl-PL","@id":"https:\/\/tirinha.com\/#\/schema\/logo\/image\/","url":"https:\/\/tirinha.com\/wp-content\/uploads\/2023\/08\/cropped-Logo-Tirinha.webp","contentUrl":"https:\/\/tirinha.com\/wp-content\/uploads\/2023\/08\/cropped-Logo-Tirinha.webp","width":512,"height":512,"caption":"Tirinha.com"},"image":{"@id":"https:\/\/tirinha.com\/#\/schema\/logo\/image\/"}},{"@type":"Person","@id":"https:\/\/tirinha.com\/#\/schema\/person\/e22bdfbe17e0461f7e927e6a1208d4d9","name":"Admin","image":{"@type":"ImageObject","inLanguage":"pl-PL","@id":"https:\/\/tirinha.com\/wp-content\/litespeed\/avatar\/d0068f7931cc87d7274eb0c3db1deb4b.jpg?ver=1776829466","url":"https:\/\/tirinha.com\/wp-content\/litespeed\/avatar\/d0068f7931cc87d7274eb0c3db1deb4b.jpg?ver=1776829466","contentUrl":"https:\/\/tirinha.com\/wp-content\/litespeed\/avatar\/d0068f7931cc87d7274eb0c3db1deb4b.jpg?ver=1776829466","caption":"admin"},"sameAs":["https:\/\/tirinha.com"],"url":"https:\/\/tirinha.com\/pl\/author\/admin\/"}]}},"_links":{"self":[{"href":"https:\/\/tirinha.com\/pl\/wp-json\/wp\/v2\/posts\/868","targetHints":{"allow":["GET"]}}],"collection":[{"href":"https:\/\/tirinha.com\/pl\/wp-json\/wp\/v2\/posts"}],"about":[{"href":"https:\/\/tirinha.com\/pl\/wp-json\/wp\/v2\/types\/post"}],"author":[{"embeddable":true,"href":"https:\/\/tirinha.com\/pl\/wp-json\/wp\/v2\/users\/1"}],"replies":[{"embeddable":true,"href":"https:\/\/tirinha.com\/pl\/wp-json\/wp\/v2\/comments?post=868"}],"version-history":[{"count":0,"href":"https:\/\/tirinha.com\/pl\/wp-json\/wp\/v2\/posts\/868\/revisions"}],"wp:featuredmedia":[{"embeddable":true,"href":"https:\/\/tirinha.com\/pl\/wp-json\/wp\/v2\/media\/869"}],"wp:attachment":[{"href":"https:\/\/tirinha.com\/pl\/wp-json\/wp\/v2\/media?parent=868"}],"wp:term":[{"taxonomy":"category","embeddable":true,"href":"https:\/\/tirinha.com\/pl\/wp-json\/wp\/v2\/categories?post=868"},{"taxonomy":"post_tag","embeddable":true,"href":"https:\/\/tirinha.com\/pl\/wp-json\/wp\/v2\/tags?post=868"}],"curies":[{"name":"wp","href":"https:\/\/api.w.org\/{rel}","templated":true}]}}