{"id":864,"date":"2023-04-03T13:23:25","date_gmt":"2023-04-03T13:23:25","guid":{"rendered":"https:\/\/tirinha.com\/os-verdadeiros-donos-de-cuba-aparecem-apos-testes-de-dna\/"},"modified":"2023-04-03T13:23:25","modified_gmt":"2023-04-03T13:23:25","slug":"os-verdadeiros-donos-de-cuba-aparecem-apos-testes-de-dna","status":"publish","type":"post","link":"https:\/\/tirinha.com\/pl\/864\/os-verdadeiros-donos-de-cuba-aparecem-apos-testes-de-dna\/","title":{"rendered":"Prawdziwi w\u0142a\u015bciciele Kuby wychodz\u0105 na jaw po badaniach DNA"},"content":{"rendered":"<p><\/p>\n<div>\n<p class=\"p1\"><span class=\"s1\">Cz\u0142owiek oddany historii i innym pasjom nigdy si\u0119 nie podda\u0142: Alejandro Hartmann, historyk miasta Baracoa, najbardziej wysuni\u0119tego na wsch\u00f3d miasta na wyspie i pierwszego z miast za\u0142o\u017conych w 1512 roku. A dok\u0142adniej antropolog, przez cztery lata po\u015bwi\u0119ci\u0142 si\u0119 badania i badania, \u017ce bezpo\u015bredni potomkowie tych prymitywnych aborygen\u00f3w, kt\u00f3rzy byli pierwszymi osadnikami, nadal \u017cyli.<\/span><\/p>\n<p><img fetchpriority=\"high\" decoding=\"async\" class=\"size-full wp-image-677344 lazy\" title=\"Rdzenna Kuba dzisiaj\" src=\"https:\/\/www.elboletin.com\/wp-content\/uploads\/2022\/12\/WhatsApp-Image-2022-12-26-at-08.33.12-1.jpeg\" alt=\"Rdzenna Kuba dzisiaj\" width=\"856\" height=\"1080\" srcset=\"https:\/\/www.elboletin.com\/wp-content\/uploads\/2022\/12\/WhatsApp-Image-2022-12-26-at-08.33.12-1.jpeg 856w, https:\/\/www.elboletin.com\/wp-content\/uploads\/2022\/12\/WhatsApp-Image-2022-12-26-at-08.33.12-1-238x300.jpeg 238w, https:\/\/www.elboletin.com\/wp-content\/uploads\/2022\/12\/WhatsApp-Image-2022-12-26-at-08.33.12-1-768x969.jpeg 768w\" data-sizes=\"(max-width: 856px) 100vw, 856px\"\/><\/p>\n<p class=\"p1\"><span class=\"s1\">Dzi\u015b, ku zdumieniu koneser\u00f3w i mi\u0142o\u015bnik\u00f3w historii narodowej, jest ju\u017c prawie stu Kuba\u0144czyk\u00f3w, kt\u00f3rzy po badaniach DNA przeprowadzonych w Europie potwierdzaj\u0105 sw\u00f3j status spadkobierc\u00f3w lub potomk\u00f3w tych pierwszych mieszka\u0144c\u00f3w wysp, zwanych tak\u017ce Indoamerykanami. Tysi\u0105ce innych r\u00f3wnie\u017c ma nazwiska i fenotypy.<\/span><\/p>\n<p class=\"p1\"><span class=\"s1\">Nie mo\u017cna wykluczy\u0107, \u017ce apel i apel Hartmanna wkr\u00f3tce znalaz\u0142y poparcie w\u015br\u00f3d fotograf\u00f3w, antropolog\u00f3w, genetyk\u00f3w, archeolog\u00f3w, socjolog\u00f3w i samych potomk\u00f3w, zasadniczo zamieszkuj\u0105cych skomplikowane spo\u0142eczno\u015bci we wschodniej prowincji Guantanamo.<\/span><\/p>\n<p class=\"p1\"><span class=\"s1\">Lista os\u00f3b zaanga\u017cowanych w projekt \u201eKuba. dzisiaj rdzenni. Ich twarze i DNA\u201d nie ma ko\u0144ca. Niekt\u00f3re w wi\u0119kszym stopniu, jak Hiszpa\u0144ska Agencja Wsp\u00f3\u0142pracy Mi\u0119dzynarodowej na rzecz Rozwoju i inne, jakkolwiek nieznaczna mo\u017ce by\u0107 ich rola, wykona\u0142y dzie\u0142o o nieobliczalnej warto\u015bci, kt\u00f3re ma sta\u0107 si\u0119 obowi\u0105zkowym punktem odniesienia dla najbardziej uczonych specjalist\u00f3w i dla najpokorniejszym czytelnikiem, bo po mistrzowsku radzi sobie z t\u0105 tak trudn\u0105 do osi\u0105gni\u0119cia dwoisto\u015bci\u0105.<\/span><\/p>\n<p class=\"p1\"><span class=\"s1\">Wyr\u00f3\u017cnienie specjalne i musimy odwo\u0142a\u0107 si\u0119 do tego powiedzenia tak starego, jak prawdziwe<span class=\"Apple-converted-space\">  <\/span>\u017ce obraz jest wart tysi\u0105ca s\u0142\u00f3w, do zakulisowej pracy Kuba\u0144czyka Julio Larramendiego i Hiszpana H\u00e9ctora Garrido.<\/span><\/p>\n<p><img decoding=\"async\" class=\"size-full wp-image-677345 lazy\" title=\"Rdzenna Kuba dzisiaj\" src=\"https:\/\/www.elboletin.com\/wp-content\/uploads\/2022\/12\/WhatsApp-Image-2022-12-26-at-08.33.12.jpeg\" alt=\"Rdzenna Kuba dzisiaj\" width=\"860\" height=\"1080\" srcset=\"https:\/\/www.elboletin.com\/wp-content\/uploads\/2022\/12\/WhatsApp-Image-2022-12-26-at-08.33.12.jpeg 860w, https:\/\/www.elboletin.com\/wp-content\/uploads\/2022\/12\/WhatsApp-Image-2022-12-26-at-08.33.12-239x300.jpeg 239w, https:\/\/www.elboletin.com\/wp-content\/uploads\/2022\/12\/WhatsApp-Image-2022-12-26-at-08.33.12-768x964.jpeg 768w\" data-sizes=\"(max-width: 860px) 100vw, 860px\"\/><\/p>\n<p class=\"p1\"><span class=\"s1\">Tekst, z doskona\u0142\u0105 faktur\u0105 redakcyjn\u0105, projektow\u0105 i drukarsk\u0105, ju\u017c rozprzestrzenia si\u0119 lotem b\u0142yskawicy w kilku obwodach. Nauka ka\u017cdej z 215 stron to przyjemno\u015b\u0107. Nie brakuje moment\u00f3w wielkiego zaskoczenia, ale s\u0105 takie, kt\u00f3re w spos\u00f3b szczeg\u00f3lny wymagaj\u0105 oklask\u00f3w i refleksji. Cytuj\u0119 dos\u0142ownie:<\/span><\/p>\n<p class=\"p1\"><span class=\"s1\">\u201e...dzi\u015b mo\u017cemy powiedzie\u0107, \u017ce na oczach mieszka\u0144c\u00f3w g\u00f3r na wschodzie wyspy wci\u0105\u017c bije duch niekt\u00f3rych india\u0144skich przodk\u00f3w. W spo\u0142eczno\u015bciach, kt\u00f3re ju\u017c znali, zawsze wiedzieli. To my nie wiedzieli\u015bmy\u201d.<\/span><\/p>\n<p class=\"p1\"><span class=\"s1\">Dzi\u0119kuj\u0119, \u201eKuba, dzisiaj rdzenni\u2026\u201d<\/span><\/p>\n<\/div>","protected":false},"excerpt":{"rendered":"<p>Cz\u0142owiek oddany historii i innym pasjom nigdy si\u0119 nie poddawa\u0142: Alejandro Hartmann, historyk miasta Baracoa, najbardziej\u2026 <\/p>","protected":false},"author":1,"featured_media":865,"comment_status":"open","ping_status":"open","sticky":false,"template":"","format":"standard","meta":{"fifu_image_url":"https:\/\/www.elboletin.com\/wp-content\/uploads\/2022\/12\/WhatsApp-Image-2022-12-26-at-08.33.12-1.jpeg","fifu_image_alt":"","footnotes":""},"categories":[35],"tags":[],"class_list":["post-864","post","type-post","status-publish","format-standard","has-post-thumbnail","hentry","category-cultura-e-lazer","latest_post"],"yoast_head":"<!-- This site is optimized with the Yoast SEO plugin v27.3 - https:\/\/yoast.com\/product\/yoast-seo-wordpress\/ -->\n<title>Os verdadeiros donos de Cuba aparecem ap\u00f3s testes de DNA - Tirinha.com<\/title>\n<meta name=\"robots\" content=\"index, follow, max-snippet:-1, max-image-preview:large, max-video-preview:-1\" \/>\n<link rel=\"canonical\" href=\"https:\/\/tirinha.com\/pl\/864\/os-verdadeiros-donos-de-cuba-aparecem-apos-testes-de-dna\/\" \/>\n<meta property=\"og:locale\" content=\"pl_PL\" \/>\n<meta property=\"og:type\" content=\"article\" \/>\n<meta property=\"og:title\" content=\"Os verdadeiros donos de Cuba aparecem ap\u00f3s testes de DNA - Tirinha.com\" \/>\n<meta property=\"og:description\" content=\"Um homem dedicado \u00e0 hist\u00f3ria e a outras paix\u00f5es nunca desistiu: Alejandro Hartmann, historiador da cidade de Baracoa, a mais &hellip;\" \/>\n<meta property=\"og:url\" content=\"https:\/\/tirinha.com\/pl\/864\/os-verdadeiros-donos-de-cuba-aparecem-apos-testes-de-dna\/\" \/>\n<meta property=\"og:site_name\" content=\"Tirinha.com\" \/>\n<meta property=\"article:published_time\" content=\"2023-04-03T13:23:25+00:00\" \/>\n<meta property=\"og:image\" content=\"https:\/\/www.elboletin.com\/wp-content\/uploads\/2022\/12\/WhatsApp-Image-2022-12-26-at-08.33.12-1.jpeg\" \/>\n<meta name=\"author\" content=\"admin\" \/>\n<meta name=\"twitter:card\" content=\"summary_large_image\" \/>\n<meta name=\"twitter:image\" content=\"https:\/\/www.elboletin.com\/wp-content\/uploads\/2022\/12\/WhatsApp-Image-2022-12-26-at-08.33.12-1.jpeg\" \/>\n<meta name=\"twitter:label1\" content=\"Napisane przez\" \/>\n\t<meta name=\"twitter:data1\" content=\"admin\" \/>\n\t<meta name=\"twitter:label2\" content=\"Szacowany czas czytania\" \/>\n\t<meta name=\"twitter:data2\" content=\"2 minuty\" \/>\n<script type=\"application\/ld+json\" class=\"yoast-schema-graph\">{\"@context\":\"https:\\\/\\\/schema.org\",\"@graph\":[{\"@type\":\"Article\",\"@id\":\"https:\\\/\\\/tirinha.com\\\/864\\\/os-verdadeiros-donos-de-cuba-aparecem-apos-testes-de-dna\\\/#article\",\"isPartOf\":{\"@id\":\"https:\\\/\\\/tirinha.com\\\/864\\\/os-verdadeiros-donos-de-cuba-aparecem-apos-testes-de-dna\\\/\"},\"author\":{\"name\":\"admin\",\"@id\":\"https:\\\/\\\/tirinha.com\\\/#\\\/schema\\\/person\\\/e22bdfbe17e0461f7e927e6a1208d4d9\"},\"headline\":\"Os verdadeiros donos de Cuba aparecem ap\u00f3s testes de DNA\",\"datePublished\":\"2023-04-03T13:23:25+00:00\",\"mainEntityOfPage\":{\"@id\":\"https:\\\/\\\/tirinha.com\\\/864\\\/os-verdadeiros-donos-de-cuba-aparecem-apos-testes-de-dna\\\/\"},\"wordCount\":385,\"commentCount\":0,\"publisher\":{\"@id\":\"https:\\\/\\\/tirinha.com\\\/#organization\"},\"image\":{\"@id\":\"https:\\\/\\\/tirinha.com\\\/864\\\/os-verdadeiros-donos-de-cuba-aparecem-apos-testes-de-dna\\\/#primaryimage\"},\"thumbnailUrl\":\"https:\\\/\\\/www.elboletin.com\\\/wp-content\\\/uploads\\\/2022\\\/12\\\/WhatsApp-Image-2022-12-26-at-08.33.12-1.jpeg\",\"articleSection\":[\"Cultura e lazer\"],\"inLanguage\":\"pl-PL\",\"potentialAction\":[{\"@type\":\"CommentAction\",\"name\":\"Comment\",\"target\":[\"https:\\\/\\\/tirinha.com\\\/864\\\/os-verdadeiros-donos-de-cuba-aparecem-apos-testes-de-dna\\\/#respond\"]}]},{\"@type\":\"WebPage\",\"@id\":\"https:\\\/\\\/tirinha.com\\\/864\\\/os-verdadeiros-donos-de-cuba-aparecem-apos-testes-de-dna\\\/\",\"url\":\"https:\\\/\\\/tirinha.com\\\/864\\\/os-verdadeiros-donos-de-cuba-aparecem-apos-testes-de-dna\\\/\",\"name\":\"Os verdadeiros donos de Cuba aparecem ap\u00f3s testes de DNA - Tirinha.com\",\"isPartOf\":{\"@id\":\"https:\\\/\\\/tirinha.com\\\/#website\"},\"primaryImageOfPage\":{\"@id\":\"https:\\\/\\\/tirinha.com\\\/864\\\/os-verdadeiros-donos-de-cuba-aparecem-apos-testes-de-dna\\\/#primaryimage\"},\"image\":{\"@id\":\"https:\\\/\\\/tirinha.com\\\/864\\\/os-verdadeiros-donos-de-cuba-aparecem-apos-testes-de-dna\\\/#primaryimage\"},\"thumbnailUrl\":\"https:\\\/\\\/www.elboletin.com\\\/wp-content\\\/uploads\\\/2022\\\/12\\\/WhatsApp-Image-2022-12-26-at-08.33.12-1.jpeg\",\"datePublished\":\"2023-04-03T13:23:25+00:00\",\"breadcrumb\":{\"@id\":\"https:\\\/\\\/tirinha.com\\\/864\\\/os-verdadeiros-donos-de-cuba-aparecem-apos-testes-de-dna\\\/#breadcrumb\"},\"inLanguage\":\"pl-PL\",\"potentialAction\":[{\"@type\":\"ReadAction\",\"target\":[\"https:\\\/\\\/tirinha.com\\\/864\\\/os-verdadeiros-donos-de-cuba-aparecem-apos-testes-de-dna\\\/\"]}]},{\"@type\":\"ImageObject\",\"inLanguage\":\"pl-PL\",\"@id\":\"https:\\\/\\\/tirinha.com\\\/864\\\/os-verdadeiros-donos-de-cuba-aparecem-apos-testes-de-dna\\\/#primaryimage\",\"url\":\"https:\\\/\\\/www.elboletin.com\\\/wp-content\\\/uploads\\\/2022\\\/12\\\/WhatsApp-Image-2022-12-26-at-08.33.12-1.jpeg\",\"contentUrl\":\"https:\\\/\\\/www.elboletin.com\\\/wp-content\\\/uploads\\\/2022\\\/12\\\/WhatsApp-Image-2022-12-26-at-08.33.12-1.jpeg\"},{\"@type\":\"BreadcrumbList\",\"@id\":\"https:\\\/\\\/tirinha.com\\\/864\\\/os-verdadeiros-donos-de-cuba-aparecem-apos-testes-de-dna\\\/#breadcrumb\",\"itemListElement\":[{\"@type\":\"ListItem\",\"position\":1,\"name\":\"Home\",\"item\":\"https:\\\/\\\/tirinha.com\\\/\"},{\"@type\":\"ListItem\",\"position\":2,\"name\":\"Os verdadeiros donos de Cuba aparecem ap\u00f3s testes de DNA\"}]},{\"@type\":\"WebSite\",\"@id\":\"https:\\\/\\\/tirinha.com\\\/#website\",\"url\":\"https:\\\/\\\/tirinha.com\\\/\",\"name\":\"Tirinha.com\",\"description\":\"Arte e livros resenhas\",\"publisher\":{\"@id\":\"https:\\\/\\\/tirinha.com\\\/#organization\"},\"potentialAction\":[{\"@type\":\"SearchAction\",\"target\":{\"@type\":\"EntryPoint\",\"urlTemplate\":\"https:\\\/\\\/tirinha.com\\\/?s={search_term_string}\"},\"query-input\":{\"@type\":\"PropertyValueSpecification\",\"valueRequired\":true,\"valueName\":\"search_term_string\"}}],\"inLanguage\":\"pl-PL\"},{\"@type\":\"Organization\",\"@id\":\"https:\\\/\\\/tirinha.com\\\/#organization\",\"name\":\"Tirinha.com\",\"url\":\"https:\\\/\\\/tirinha.com\\\/\",\"logo\":{\"@type\":\"ImageObject\",\"inLanguage\":\"pl-PL\",\"@id\":\"https:\\\/\\\/tirinha.com\\\/#\\\/schema\\\/logo\\\/image\\\/\",\"url\":\"https:\\\/\\\/tirinha.com\\\/wp-content\\\/uploads\\\/2023\\\/08\\\/cropped-Logo-Tirinha.webp\",\"contentUrl\":\"https:\\\/\\\/tirinha.com\\\/wp-content\\\/uploads\\\/2023\\\/08\\\/cropped-Logo-Tirinha.webp\",\"width\":512,\"height\":512,\"caption\":\"Tirinha.com\"},\"image\":{\"@id\":\"https:\\\/\\\/tirinha.com\\\/#\\\/schema\\\/logo\\\/image\\\/\"}},{\"@type\":\"Person\",\"@id\":\"https:\\\/\\\/tirinha.com\\\/#\\\/schema\\\/person\\\/e22bdfbe17e0461f7e927e6a1208d4d9\",\"name\":\"admin\",\"image\":{\"@type\":\"ImageObject\",\"inLanguage\":\"pl-PL\",\"@id\":\"https:\\\/\\\/tirinha.com\\\/wp-content\\\/litespeed\\\/avatar\\\/d0068f7931cc87d7274eb0c3db1deb4b.jpg?ver=1777434315\",\"url\":\"https:\\\/\\\/tirinha.com\\\/wp-content\\\/litespeed\\\/avatar\\\/d0068f7931cc87d7274eb0c3db1deb4b.jpg?ver=1777434315\",\"contentUrl\":\"https:\\\/\\\/tirinha.com\\\/wp-content\\\/litespeed\\\/avatar\\\/d0068f7931cc87d7274eb0c3db1deb4b.jpg?ver=1777434315\",\"caption\":\"admin\"},\"sameAs\":[\"https:\\\/\\\/tirinha.com\"],\"url\":\"https:\\\/\\\/tirinha.com\\\/pl\\\/author\\\/admin\\\/\"}]}<\/script>\n<!-- \/ Yoast SEO plugin. -->","yoast_head_json":{"title":"Os verdadeiros donos de Cuba aparecem ap\u00f3s testes de DNA - Tirinha.com","robots":{"index":"index","follow":"follow","max-snippet":"max-snippet:-1","max-image-preview":"max-image-preview:large","max-video-preview":"max-video-preview:-1"},"canonical":"https:\/\/tirinha.com\/pl\/864\/os-verdadeiros-donos-de-cuba-aparecem-apos-testes-de-dna\/","og_locale":"pl_PL","og_type":"article","og_title":"Os verdadeiros donos de Cuba aparecem ap\u00f3s testes de DNA - Tirinha.com","og_description":"Um homem dedicado \u00e0 hist\u00f3ria e a outras paix\u00f5es nunca desistiu: Alejandro Hartmann, historiador da cidade de Baracoa, a mais &hellip;","og_url":"https:\/\/tirinha.com\/pl\/864\/os-verdadeiros-donos-de-cuba-aparecem-apos-testes-de-dna\/","og_site_name":"Tirinha.com","article_published_time":"2023-04-03T13:23:25+00:00","og_image":[{"url":"https:\/\/www.elboletin.com\/wp-content\/uploads\/2022\/12\/WhatsApp-Image-2022-12-26-at-08.33.12-1.jpeg","type":"","width":"","height":""}],"author":"admin","twitter_card":"summary_large_image","twitter_image":"https:\/\/www.elboletin.com\/wp-content\/uploads\/2022\/12\/WhatsApp-Image-2022-12-26-at-08.33.12-1.jpeg","twitter_misc":{"Napisane przez":"admin","Szacowany czas czytania":"2 minuty"},"schema":{"@context":"https:\/\/schema.org","@graph":[{"@type":"Article","@id":"https:\/\/tirinha.com\/864\/os-verdadeiros-donos-de-cuba-aparecem-apos-testes-de-dna\/#article","isPartOf":{"@id":"https:\/\/tirinha.com\/864\/os-verdadeiros-donos-de-cuba-aparecem-apos-testes-de-dna\/"},"author":{"name":"admin","@id":"https:\/\/tirinha.com\/#\/schema\/person\/e22bdfbe17e0461f7e927e6a1208d4d9"},"headline":"Os verdadeiros donos de Cuba aparecem ap\u00f3s testes de DNA","datePublished":"2023-04-03T13:23:25+00:00","mainEntityOfPage":{"@id":"https:\/\/tirinha.com\/864\/os-verdadeiros-donos-de-cuba-aparecem-apos-testes-de-dna\/"},"wordCount":385,"commentCount":0,"publisher":{"@id":"https:\/\/tirinha.com\/#organization"},"image":{"@id":"https:\/\/tirinha.com\/864\/os-verdadeiros-donos-de-cuba-aparecem-apos-testes-de-dna\/#primaryimage"},"thumbnailUrl":"https:\/\/www.elboletin.com\/wp-content\/uploads\/2022\/12\/WhatsApp-Image-2022-12-26-at-08.33.12-1.jpeg","articleSection":["Cultura e lazer"],"inLanguage":"pl-PL","potentialAction":[{"@type":"CommentAction","name":"Comment","target":["https:\/\/tirinha.com\/864\/os-verdadeiros-donos-de-cuba-aparecem-apos-testes-de-dna\/#respond"]}]},{"@type":"WebPage","@id":"https:\/\/tirinha.com\/864\/os-verdadeiros-donos-de-cuba-aparecem-apos-testes-de-dna\/","url":"https:\/\/tirinha.com\/864\/os-verdadeiros-donos-de-cuba-aparecem-apos-testes-de-dna\/","name":"Os verdadeiros donos de Cuba aparecem ap\u00f3s testes de DNA - Tirinha.com","isPartOf":{"@id":"https:\/\/tirinha.com\/#website"},"primaryImageOfPage":{"@id":"https:\/\/tirinha.com\/864\/os-verdadeiros-donos-de-cuba-aparecem-apos-testes-de-dna\/#primaryimage"},"image":{"@id":"https:\/\/tirinha.com\/864\/os-verdadeiros-donos-de-cuba-aparecem-apos-testes-de-dna\/#primaryimage"},"thumbnailUrl":"https:\/\/www.elboletin.com\/wp-content\/uploads\/2022\/12\/WhatsApp-Image-2022-12-26-at-08.33.12-1.jpeg","datePublished":"2023-04-03T13:23:25+00:00","breadcrumb":{"@id":"https:\/\/tirinha.com\/864\/os-verdadeiros-donos-de-cuba-aparecem-apos-testes-de-dna\/#breadcrumb"},"inLanguage":"pl-PL","potentialAction":[{"@type":"ReadAction","target":["https:\/\/tirinha.com\/864\/os-verdadeiros-donos-de-cuba-aparecem-apos-testes-de-dna\/"]}]},{"@type":"ImageObject","inLanguage":"pl-PL","@id":"https:\/\/tirinha.com\/864\/os-verdadeiros-donos-de-cuba-aparecem-apos-testes-de-dna\/#primaryimage","url":"https:\/\/www.elboletin.com\/wp-content\/uploads\/2022\/12\/WhatsApp-Image-2022-12-26-at-08.33.12-1.jpeg","contentUrl":"https:\/\/www.elboletin.com\/wp-content\/uploads\/2022\/12\/WhatsApp-Image-2022-12-26-at-08.33.12-1.jpeg"},{"@type":"BreadcrumbList","@id":"https:\/\/tirinha.com\/864\/os-verdadeiros-donos-de-cuba-aparecem-apos-testes-de-dna\/#breadcrumb","itemListElement":[{"@type":"ListItem","position":1,"name":"Home","item":"https:\/\/tirinha.com\/"},{"@type":"ListItem","position":2,"name":"Os verdadeiros donos de Cuba aparecem ap\u00f3s testes de DNA"}]},{"@type":"WebSite","@id":"https:\/\/tirinha.com\/#website","url":"https:\/\/tirinha.com\/","name":"Tirinha.com","description":"Recenzje dzie\u0142 sztuki i ksi\u0105\u017cek","publisher":{"@id":"https:\/\/tirinha.com\/#organization"},"potentialAction":[{"@type":"SearchAction","target":{"@type":"EntryPoint","urlTemplate":"https:\/\/tirinha.com\/?s={search_term_string}"},"query-input":{"@type":"PropertyValueSpecification","valueRequired":true,"valueName":"search_term_string"}}],"inLanguage":"pl-PL"},{"@type":"Organization","@id":"https:\/\/tirinha.com\/#organization","name":"Tirinha.com","url":"https:\/\/tirinha.com\/","logo":{"@type":"ImageObject","inLanguage":"pl-PL","@id":"https:\/\/tirinha.com\/#\/schema\/logo\/image\/","url":"https:\/\/tirinha.com\/wp-content\/uploads\/2023\/08\/cropped-Logo-Tirinha.webp","contentUrl":"https:\/\/tirinha.com\/wp-content\/uploads\/2023\/08\/cropped-Logo-Tirinha.webp","width":512,"height":512,"caption":"Tirinha.com"},"image":{"@id":"https:\/\/tirinha.com\/#\/schema\/logo\/image\/"}},{"@type":"Person","@id":"https:\/\/tirinha.com\/#\/schema\/person\/e22bdfbe17e0461f7e927e6a1208d4d9","name":"Admin","image":{"@type":"ImageObject","inLanguage":"pl-PL","@id":"https:\/\/tirinha.com\/wp-content\/litespeed\/avatar\/d0068f7931cc87d7274eb0c3db1deb4b.jpg?ver=1777434315","url":"https:\/\/tirinha.com\/wp-content\/litespeed\/avatar\/d0068f7931cc87d7274eb0c3db1deb4b.jpg?ver=1777434315","contentUrl":"https:\/\/tirinha.com\/wp-content\/litespeed\/avatar\/d0068f7931cc87d7274eb0c3db1deb4b.jpg?ver=1777434315","caption":"admin"},"sameAs":["https:\/\/tirinha.com"],"url":"https:\/\/tirinha.com\/pl\/author\/admin\/"}]}},"_links":{"self":[{"href":"https:\/\/tirinha.com\/pl\/wp-json\/wp\/v2\/posts\/864","targetHints":{"allow":["GET"]}}],"collection":[{"href":"https:\/\/tirinha.com\/pl\/wp-json\/wp\/v2\/posts"}],"about":[{"href":"https:\/\/tirinha.com\/pl\/wp-json\/wp\/v2\/types\/post"}],"author":[{"embeddable":true,"href":"https:\/\/tirinha.com\/pl\/wp-json\/wp\/v2\/users\/1"}],"replies":[{"embeddable":true,"href":"https:\/\/tirinha.com\/pl\/wp-json\/wp\/v2\/comments?post=864"}],"version-history":[{"count":0,"href":"https:\/\/tirinha.com\/pl\/wp-json\/wp\/v2\/posts\/864\/revisions"}],"wp:featuredmedia":[{"embeddable":true,"href":"https:\/\/tirinha.com\/pl\/wp-json\/wp\/v2\/media\/865"}],"wp:attachment":[{"href":"https:\/\/tirinha.com\/pl\/wp-json\/wp\/v2\/media?parent=864"}],"wp:term":[{"taxonomy":"category","embeddable":true,"href":"https:\/\/tirinha.com\/pl\/wp-json\/wp\/v2\/categories?post=864"},{"taxonomy":"post_tag","embeddable":true,"href":"https:\/\/tirinha.com\/pl\/wp-json\/wp\/v2\/tags?post=864"}],"curies":[{"name":"wp","href":"https:\/\/api.w.org\/{rel}","templated":true}]}}