{"id":1140,"date":"2023-04-14T12:50:13","date_gmt":"2023-04-14T12:50:13","guid":{"rendered":"https:\/\/tirinha.com\/a-luz-do-ateneo-de-madrid\/"},"modified":"2023-04-14T12:50:13","modified_gmt":"2023-04-14T12:50:13","slug":"a-luz-do-ateneo-de-madrid","status":"publish","type":"post","link":"https:\/\/tirinha.com\/pl\/1140\/a-luz-do-ateneo-de-madrid\/","title":{"rendered":"\u015awiat\u0142o Ateneo de Madrid"},"content":{"rendered":"<p><\/p>\n<div>\n<h2><em>Dwa stulecia w poszukiwaniu \u015bwiat\u0142a<\/em> zbierz wspania\u0142e klejnoty z archiwum instytucji dwustulecia<\/h2>\n<p><strong>Spektakularna biblioteka Ateneo de Madrid, znana jako kolebka wiedzy i kultury, otwiera swoje podwoje dla publiczno\u015bci, aby go\u015bci\u0107 wystaw\u0119 <em>Dwa stulecia w poszukiwaniu \u015bwiat\u0142a<\/em>wycieczka, kt\u00f3ra stara si\u0119 uchwyci\u0107 symbol instytucji: \u015bwiat\u0142o.<\/strong><\/p>\n<p>Instytucja, spadkobierczyni hiszpa\u0144skiego Ateneum, b\u0119d\u0105ca odniesieniem kulturowym i politycznym, zosta\u0142a za\u0142o\u017cona w 1835 roku pod opiek\u0105 regentki Marii Cristiny, z bardzo prostym i z\u0142o\u017conym za\u0142o\u017ceniem: <strong>\u201eroz\u0142\u00f3\u017c \u015bwiat\u0142a\u201d<\/strong>szerzy\u0107 kultur\u0119.<\/p>\n<p>Z biegiem lat liczba cz\u0142onk\u00f3w Ateneo de Madrid zmniejszy\u0142a si\u0119, a ten specjalny program mo\u017ce by\u0107 doskona\u0142\u0105 okazj\u0105 do zwi\u0119kszenia zainteresowania byciem cz\u0119\u015bci\u0105 tej instytucji zlokalizowanej w sercu Barrio de las Letras.<\/p>\n<p>z okazji <strong>obchody dwustulecia<\/strong>Ateneo de Madrid zorganizowa\u0142o wiele propozycji kulturalnych z bezp\u0142atnym dost\u0119pem lub w bardzo przyst\u0119pnej cenie, co jest sposobem na powr\u00f3t do pierwotnej idei tej instytucji i <strong>przybli\u017canie kultury wszystkim warstwom spo\u0142ecznym na ulicach Madrytu<\/strong>by\u0107 <em>Dwa stulecia w poszukiwaniu \u015bwiat\u0142a<\/em> jeden z nich.<\/p>\n<h3>\u015acie\u017cka, z kt\u00f3rej emanuje \u015bwiat\u0142o<\/h3>\n<p>Mariano Jos\u00e9 de Larra by\u0142 jego <strong>pierwszy numer cz\u0142onkowski Ateneum<\/strong>, dlatego po\u015bwi\u0119cona jest mu niewielka cz\u0119\u015b\u0107 wycieczki. Siedmiu za\u0142o\u017cycieli g\u0142osowa\u0142o za w\u0142\u0105czeniem Larry do instytucji za pomoc\u0105 drewnianych kulek, kt\u00f3re mo\u017cna zobaczy\u0107 na wystawie. wi\u0119c zacznij <em>Dwa stulecia w poszukiwaniu \u015bwiat\u0142a<\/em>.<\/p>\n<p>Do <strong>Fotografie<\/strong> To oni s\u0105 bohaterami wystawy i pozwalaj\u0105 zwiedzaj\u0105cym wej\u015b\u0107 do Ateneo de Madrid z perspektywy si\u0119gaj\u0105cej dziesi\u0119cioleci. Jedn\u0105 z nich jest osobliwa kolekcja ma\u0142ych fotografii na szklanych p\u0142ytach <strong>g\u0142\u00f3wnych atrakcji wystawy.<\/strong> Tak naprawd\u0119 to w\u0142a\u015bnie przy oknie zatrzymuje si\u0119 wi\u0119kszo\u015b\u0107 odwiedzaj\u0105cych, wiedzionych ciekawo\u015bci\u0105 tego, co pokazywa\u0142y zdj\u0119cia.<\/p>\n<figure id=\"attachment_85836\" aria-describedby=\"caption-attachment-85836\" style=\"width: 281px\" class=\"wp-caption aligncenter\"><img fetchpriority=\"high\" data-attachment-id=\"85836\" data-permalink=\"https:\/\/elgeneracionalpost.com\/cultura\/2023\/0414\/85822\/ateneo-bicentenario-exposicion-programa-critica.html\/attachment\/expo\" data-orig-file=\"https:\/\/i0.wp.com\/elgeneracionalpost.com\/wp-content\/uploads\/2023\/04\/EXPO.jpg?fit=3024%2C3024&amp;ssl=1\" data-orig-size=\"3024,3024\" data-comments-opened=\"0\" data-image-meta=\"{&quot;aperture&quot;:&quot;1.8&quot;,&quot;credit&quot;:&quot;&quot;,&quot;camera&quot;:&quot;iPhone XR&quot;,&quot;caption&quot;:&quot;&quot;,&quot;created_timestamp&quot;:&quot;1681300255&quot;,&quot;copyright&quot;:&quot;&quot;,&quot;focal_length&quot;:&quot;4.25&quot;,&quot;iso&quot;:&quot;200&quot;,&quot;shutter_speed&quot;:&quot;0.016666666666667&quot;,&quot;title&quot;:&quot;&quot;,&quot;orientation&quot;:&quot;0&quot;}\" data-image-title=\"EXPO\" data-image-description=\"\" data-image-caption=\"\" data-medium-file=\"https:\/\/i0.wp.com\/elgeneracionalpost.com\/wp-content\/uploads\/2023\/04\/EXPO.jpg?fit=300%2C300&amp;ssl=1\" data-large-file=\"https:\/\/i0.wp.com\/elgeneracionalpost.com\/wp-content\/uploads\/2023\/04\/EXPO.jpg?fit=696%2C696&amp;ssl=1\" decoding=\"async\" class=\"wp-image-85836 jetpack-lazy-image\" src=\"https:\/\/i0.wp.com\/elgeneracionalpost.com\/wp-content\/uploads\/2023\/04\/EXPO.jpg?resize=281%2C281&amp;ssl=1\" alt=\"\" width=\"281\" height=\"281\" data-recalc-dims=\"1\" data-lazy-srcset=\"https:\/\/i0.wp.com\/elgeneracionalpost.com\/wp-content\/uploads\/2023\/04\/EXPO.jpg?resize=300%2C300&amp;ssl=1 300w, https:\/\/i0.wp.com\/elgeneracionalpost.com\/wp-content\/uploads\/2023\/04\/EXPO.jpg?resize=1024%2C1024&amp;ssl=1 1024w, https:\/\/i0.wp.com\/elgeneracionalpost.com\/wp-content\/uploads\/2023\/04\/EXPO.jpg?resize=150%2C150&amp;ssl=1 150w, https:\/\/i0.wp.com\/elgeneracionalpost.com\/wp-content\/uploads\/2023\/04\/EXPO.jpg?resize=768%2C768&amp;ssl=1 768w, https:\/\/i0.wp.com\/elgeneracionalpost.com\/wp-content\/uploads\/2023\/04\/EXPO.jpg?resize=1536%2C1536&amp;ssl=1 1536w, https:\/\/i0.wp.com\/elgeneracionalpost.com\/wp-content\/uploads\/2023\/04\/EXPO.jpg?resize=2048%2C2048&amp;ssl=1 2048w, https:\/\/i0.wp.com\/elgeneracionalpost.com\/wp-content\/uploads\/2023\/04\/EXPO.jpg?resize=696%2C696&amp;ssl=1 696w, https:\/\/i0.wp.com\/elgeneracionalpost.com\/wp-content\/uploads\/2023\/04\/EXPO.jpg?resize=1068%2C1068&amp;ssl=1 1068w, https:\/\/i0.wp.com\/elgeneracionalpost.com\/wp-content\/uploads\/2023\/04\/EXPO.jpg?resize=1920%2C1920&amp;ssl=1 1920w, https:\/\/i0.wp.com\/elgeneracionalpost.com\/wp-content\/uploads\/2023\/04\/EXPO.jpg?w=1392&amp;ssl=1 1392w\" data-lazy-sizes=\"(max-width: 281px) 100vw, 281px\" data-lazy-src=\"https:\/\/i0.wp.com\/elgeneracionalpost.com\/wp-content\/uploads\/2023\/04\/EXPO.jpg?resize=281%2C281&amp;is-pending-load=1#038;ssl=1\" srcset=\"data:image\/gif;base64,R0lGODlhAQABAIAAAAAAAP\/\/\/yH5BAEAAAAALAAAAAABAAEAAAIBRAA7\"\/><noscript><img data-lazy-fallback=\"1\" data-attachment-id=\"85836\" data-permalink=\"https:\/\/elgeneracionalpost.com\/cultura\/2023\/0414\/85822\/ateneo-bicentenario-exposicion-programa-critica.html\/attachment\/expo\" data-orig-file=\"https:\/\/i0.wp.com\/elgeneracionalpost.com\/wp-content\/uploads\/2023\/04\/EXPO.jpg?fit=3024%2C3024&amp;ssl=1\" data-orig-size=\"3024,3024\" data-comments-opened=\"0\" data-image-meta=\"{&quot;aperture&quot;:&quot;1.8&quot;,&quot;credit&quot;:&quot;&quot;,&quot;camera&quot;:&quot;iPhone XR&quot;,&quot;caption&quot;:&quot;&quot;,&quot;created_timestamp&quot;:&quot;1681300255&quot;,&quot;copyright&quot;:&quot;&quot;,&quot;focal_length&quot;:&quot;4.25&quot;,&quot;iso&quot;:&quot;200&quot;,&quot;shutter_speed&quot;:&quot;0.016666666666667&quot;,&quot;title&quot;:&quot;&quot;,&quot;orientation&quot;:&quot;0&quot;}\" data-image-title=\"EXPO\" data-image-description=\"\" data-image-caption=\"\" data-medium-file=\"https:\/\/i0.wp.com\/elgeneracionalpost.com\/wp-content\/uploads\/2023\/04\/EXPO.jpg?fit=300%2C300&amp;ssl=1\" data-large-file=\"https:\/\/i0.wp.com\/elgeneracionalpost.com\/wp-content\/uploads\/2023\/04\/EXPO.jpg?fit=696%2C696&amp;ssl=1\" decoding=\"async\" class=\"wp-image-85836\" src=\"https:\/\/i0.wp.com\/elgeneracionalpost.com\/wp-content\/uploads\/2023\/04\/EXPO.jpg?resize=281%2C281&amp;ssl=1\" alt=\"\" width=\"281\" height=\"281\" srcset=\"https:\/\/i0.wp.com\/elgeneracionalpost.com\/wp-content\/uploads\/2023\/04\/EXPO.jpg?resize=300%2C300&amp;ssl=1 300w, https:\/\/i0.wp.com\/elgeneracionalpost.com\/wp-content\/uploads\/2023\/04\/EXPO.jpg?resize=1024%2C1024&amp;ssl=1 1024w, https:\/\/i0.wp.com\/elgeneracionalpost.com\/wp-content\/uploads\/2023\/04\/EXPO.jpg?resize=150%2C150&amp;ssl=1 150w, https:\/\/i0.wp.com\/elgeneracionalpost.com\/wp-content\/uploads\/2023\/04\/EXPO.jpg?resize=768%2C768&amp;ssl=1 768w, https:\/\/i0.wp.com\/elgeneracionalpost.com\/wp-content\/uploads\/2023\/04\/EXPO.jpg?resize=1536%2C1536&amp;ssl=1 1536w, https:\/\/i0.wp.com\/elgeneracionalpost.com\/wp-content\/uploads\/2023\/04\/EXPO.jpg?resize=2048%2C2048&amp;ssl=1 2048w, https:\/\/i0.wp.com\/elgeneracionalpost.com\/wp-content\/uploads\/2023\/04\/EXPO.jpg?resize=696%2C696&amp;ssl=1 696w, https:\/\/i0.wp.com\/elgeneracionalpost.com\/wp-content\/uploads\/2023\/04\/EXPO.jpg?resize=1068%2C1068&amp;ssl=1 1068w, https:\/\/i0.wp.com\/elgeneracionalpost.com\/wp-content\/uploads\/2023\/04\/EXPO.jpg?resize=1920%2C1920&amp;ssl=1 1920w, https:\/\/i0.wp.com\/elgeneracionalpost.com\/wp-content\/uploads\/2023\/04\/EXPO.jpg?w=1392&amp;ssl=1 1392w\" sizes=\"(max-width: 281px) 100vw, 281px\" data-recalc-dims=\"1\"\/><\/noscript><figcaption id=\"caption-attachment-85836\" class=\"wp-caption-text\">Fotografie prezentowane w ramach wystawy \u201eDwa stulecia w poszukiwaniu \u015bwiat\u0142a\u201d | \u0179r\u00f3d\u0142o: Lucia Rivero<\/figcaption><\/figure>\n<p><strong>Archiwizuj dokumenty bibliograficzne i r\u0119kopisy<\/strong> zajmuj\u0105 wa\u017cn\u0105 przestrze\u0144 na trasie, o\u017cywion\u0105 tak\u017ce przez <strong>muzyka klasyczna skomponowana i wykonywana przez cz\u0142onk\u00f3w Ateneo Madrid<\/strong>. Muzyka od pocz\u0105tku istnienia instytucji odgrywa\u0142a w instytucji bardzo wa\u017cn\u0105 rol\u0119, co jest podtrzymywane i celebrowane przez ca\u0142\u0105 wystaw\u0119.<\/p>\n<p><em>Dwa stulecia w poszukiwaniu \u015bwiat\u0142a <\/em>eksponowana jest w La Pecera, pomieszczeniu s\u0105siaduj\u0105cym z g\u0142\u00f3wn\u0105 przestrzeni\u0105 biblioteki, w kt\u00f3rej biurkach <strong>wielkie odniesienia kulturowe zapocz\u0105tkowa\u0142y jego dziedzictwo.<\/strong> Na p\u00f3\u0142kach tej biblioteki wykszta\u0142ci\u0142y si\u0119 ruchy literackie, od intensywnego romantyzmu po pot\u0119\u017cne pokolenie 27 os\u00f3b. Sztuka wsp\u00f3\u0142czesna r\u00f3wnie\u017c znalaz\u0142a swoje miejsce wspinaj\u0105c si\u0119 po schodach Ateneo de Madrid, podobnie jak obawy wielu naukowc\u00f3w. Pierwsze debaty feministyczne<img data-attachment-id=\"85827\" data-permalink=\"https:\/\/elgeneracionalpost.com\/cultura\/2023\/0414\/85822\/ateneo-bicentenario-exposicion-programa-critica.html\/attachment\/imagen-principal-3\" data-orig-file=\"https:\/\/elgeneracionalpost.com\/wp-content\/uploads\/2023\/04\/Imagen-principal.heic\" data-orig-size=\"\" data-comments-opened=\"0\" data-image-meta=\"[]\" data-image-title=\"Imagen principal\" data-image-description=\"\" data-image-caption=\"\" data-medium-file=\"https:\/\/elgeneracionalpost.com\/wp-content\/uploads\/2023\/04\/Imagen-principal.heic\" data-large-file=\"https:\/\/elgeneracionalpost.com\/wp-content\/uploads\/2023\/04\/Imagen-principal.heic\" decoding=\"async\" class=\"alignnone size-full wp-image-85827 jetpack-lazy-image\" src=\"https:\/\/elgeneracionalpost.com\/wp-content\/uploads\/2023\/04\/Imagen-principal.heic\" alt=\"\" data-lazy-src=\"https:\/\/elgeneracionalpost.com\/wp-content\/uploads\/2023\/04\/Imagen-principal.heic?is-pending-load=1\" srcset=\"data:image\/gif;base64,R0lGODlhAQABAIAAAAAAAP\/\/\/yH5BAEAAAAALAAAAAABAAEAAAIBRAA7\"\/><noscript><img data-lazy-fallback=\"1\" data-attachment-id=\"85827\" data-permalink=\"https:\/\/elgeneracionalpost.com\/cultura\/2023\/0414\/85822\/ateneo-bicentenario-exposicion-programa-critica.html\/attachment\/imagen-principal-3\" data-orig-file=\"https:\/\/elgeneracionalpost.com\/wp-content\/uploads\/2023\/04\/Imagen-principal.heic\" data-orig-size=\"\" data-comments-opened=\"0\" data-image-meta=\"[]\" data-image-title=\"Imagen principal\" data-image-description=\"\" data-image-caption=\"\" data-medium-file=\"https:\/\/elgeneracionalpost.com\/wp-content\/uploads\/2023\/04\/Imagen-principal.heic\" data-large-file=\"https:\/\/elgeneracionalpost.com\/wp-content\/uploads\/2023\/04\/Imagen-principal.heic\" decoding=\"async\" class=\"alignnone size-full wp-image-85827\" src=\"https:\/\/elgeneracionalpost.com\/wp-content\/uploads\/2023\/04\/Imagen-principal.heic\" alt=\"\"\/><\/noscript>  Odbywa\u0142y si\u0119 one w pomieszczeniach tego budynku, a korytarzami przechadza\u0142o si\u0119 siedmiu hiszpa\u0144skich laureat\u00f3w Nagrody Nobla.<\/p>\n<figure id=\"attachment_85844\" aria-describedby=\"caption-attachment-85844\" style=\"width: 275px\" class=\"wp-caption aligncenter\"><img data-attachment-id=\"85844\" data-permalink=\"https:\/\/elgeneracionalpost.com\/cultura\/2023\/0414\/85822\/ateneo-bicentenario-exposicion-programa-critica.html\/attachment\/img-6554\" data-orig-file=\"https:\/\/i0.wp.com\/elgeneracionalpost.com\/wp-content\/uploads\/2023\/04\/IMG-6554-rotated.jpg?fit=3024%2C4032&amp;ssl=1\" data-orig-size=\"3024,4032\" data-comments-opened=\"0\" data-image-meta=\"{&quot;aperture&quot;:&quot;1.8&quot;,&quot;credit&quot;:&quot;&quot;,&quot;camera&quot;:&quot;iPhone XR&quot;,&quot;caption&quot;:&quot;&quot;,&quot;created_timestamp&quot;:&quot;1681300561&quot;,&quot;copyright&quot;:&quot;&quot;,&quot;focal_length&quot;:&quot;4.25&quot;,&quot;iso&quot;:&quot;100&quot;,&quot;shutter_speed&quot;:&quot;0.014925373134328&quot;,&quot;title&quot;:&quot;&quot;,&quot;orientation&quot;:&quot;1&quot;}\" data-image-title=\"IMG-6554\" data-image-description=\"\" data-image-caption=\"&lt;p&gt;Biblioteca del Ateneo de Madrid | Fuente: Luc\u00eda Rivero&lt;\/p&gt;&#10;\" data-medium-file=\"https:\/\/i0.wp.com\/elgeneracionalpost.com\/wp-content\/uploads\/2023\/04\/IMG-6554-rotated.jpg?fit=225%2C300&amp;ssl=1\" data-large-file=\"https:\/\/i0.wp.com\/elgeneracionalpost.com\/wp-content\/uploads\/2023\/04\/IMG-6554-rotated.jpg?fit=696%2C928&amp;ssl=1\" decoding=\"async\" class=\"wp-image-85844 jetpack-lazy-image\" src=\"https:\/\/i0.wp.com\/elgeneracionalpost.com\/wp-content\/uploads\/2023\/04\/IMG-6554.jpg?resize=275%2C367&amp;ssl=1\" alt=\"\" width=\"275\" height=\"367\" data-recalc-dims=\"1\" data-lazy-srcset=\"https:\/\/i0.wp.com\/elgeneracionalpost.com\/wp-content\/uploads\/2023\/04\/IMG-6554-rotated.jpg?resize=225%2C300&amp;ssl=1 225w, https:\/\/i0.wp.com\/elgeneracionalpost.com\/wp-content\/uploads\/2023\/04\/IMG-6554-rotated.jpg?resize=768%2C1024&amp;ssl=1 768w, https:\/\/i0.wp.com\/elgeneracionalpost.com\/wp-content\/uploads\/2023\/04\/IMG-6554-rotated.jpg?resize=1152%2C1536&amp;ssl=1 1152w, https:\/\/i0.wp.com\/elgeneracionalpost.com\/wp-content\/uploads\/2023\/04\/IMG-6554-rotated.jpg?resize=1536%2C2048&amp;ssl=1 1536w, https:\/\/i0.wp.com\/elgeneracionalpost.com\/wp-content\/uploads\/2023\/04\/IMG-6554-rotated.jpg?resize=150%2C200&amp;ssl=1 150w, https:\/\/i0.wp.com\/elgeneracionalpost.com\/wp-content\/uploads\/2023\/04\/IMG-6554-rotated.jpg?resize=300%2C400&amp;ssl=1 300w, https:\/\/i0.wp.com\/elgeneracionalpost.com\/wp-content\/uploads\/2023\/04\/IMG-6554-rotated.jpg?resize=696%2C928&amp;ssl=1 696w, https:\/\/i0.wp.com\/elgeneracionalpost.com\/wp-content\/uploads\/2023\/04\/IMG-6554-rotated.jpg?resize=1068%2C1424&amp;ssl=1 1068w, https:\/\/i0.wp.com\/elgeneracionalpost.com\/wp-content\/uploads\/2023\/04\/IMG-6554-rotated.jpg?resize=1920%2C2560&amp;ssl=1 1920w, https:\/\/i0.wp.com\/elgeneracionalpost.com\/wp-content\/uploads\/2023\/04\/IMG-6554-rotated.jpg?w=1392&amp;ssl=1 1392w, https:\/\/i0.wp.com\/elgeneracionalpost.com\/wp-content\/uploads\/2023\/04\/IMG-6554-rotated.jpg?w=2088&amp;ssl=1 2088w\" data-lazy-sizes=\"(max-width: 275px) 100vw, 275px\" data-lazy-src=\"https:\/\/i0.wp.com\/elgeneracionalpost.com\/wp-content\/uploads\/2023\/04\/IMG-6554.jpg?resize=275%2C367&amp;is-pending-load=1#038;ssl=1\" srcset=\"data:image\/gif;base64,R0lGODlhAQABAIAAAAAAAP\/\/\/yH5BAEAAAAALAAAAAABAAEAAAIBRAA7\"\/><noscript><img loading=\"lazy\" data-lazy-fallback=\"1\" data-attachment-id=\"85844\" data-permalink=\"https:\/\/elgeneracionalpost.com\/cultura\/2023\/0414\/85822\/ateneo-bicentenario-exposicion-programa-critica.html\/attachment\/img-6554\" data-orig-file=\"https:\/\/i0.wp.com\/elgeneracionalpost.com\/wp-content\/uploads\/2023\/04\/IMG-6554-rotated.jpg?fit=3024%2C4032&amp;ssl=1\" data-orig-size=\"3024,4032\" data-comments-opened=\"0\" data-image-meta=\"{&quot;aperture&quot;:&quot;1.8&quot;,&quot;credit&quot;:&quot;&quot;,&quot;camera&quot;:&quot;iPhone XR&quot;,&quot;caption&quot;:&quot;&quot;,&quot;created_timestamp&quot;:&quot;1681300561&quot;,&quot;copyright&quot;:&quot;&quot;,&quot;focal_length&quot;:&quot;4.25&quot;,&quot;iso&quot;:&quot;100&quot;,&quot;shutter_speed&quot;:&quot;0.014925373134328&quot;,&quot;title&quot;:&quot;&quot;,&quot;orientation&quot;:&quot;1&quot;}\" data-image-title=\"IMG-6554\" data-image-description=\"\" data-image-caption=\"&lt;p&gt;Biblioteca del Ateneo de Madrid | Fuente: Luc\u00eda Rivero&lt;\/p&gt;&#10;\" data-medium-file=\"https:\/\/i0.wp.com\/elgeneracionalpost.com\/wp-content\/uploads\/2023\/04\/IMG-6554-rotated.jpg?fit=225%2C300&amp;ssl=1\" data-large-file=\"https:\/\/i0.wp.com\/elgeneracionalpost.com\/wp-content\/uploads\/2023\/04\/IMG-6554-rotated.jpg?fit=696%2C928&amp;ssl=1\" decoding=\"async\" class=\"wp-image-85844\" src=\"https:\/\/i0.wp.com\/elgeneracionalpost.com\/wp-content\/uploads\/2023\/04\/IMG-6554.jpg?resize=275%2C367&amp;ssl=1\" alt=\"\" width=\"275\" height=\"367\" srcset=\"https:\/\/i0.wp.com\/elgeneracionalpost.com\/wp-content\/uploads\/2023\/04\/IMG-6554-rotated.jpg?resize=225%2C300&amp;ssl=1 225w, https:\/\/i0.wp.com\/elgeneracionalpost.com\/wp-content\/uploads\/2023\/04\/IMG-6554-rotated.jpg?resize=768%2C1024&amp;ssl=1 768w, https:\/\/i0.wp.com\/elgeneracionalpost.com\/wp-content\/uploads\/2023\/04\/IMG-6554-rotated.jpg?resize=1152%2C1536&amp;ssl=1 1152w, https:\/\/i0.wp.com\/elgeneracionalpost.com\/wp-content\/uploads\/2023\/04\/IMG-6554-rotated.jpg?resize=1536%2C2048&amp;ssl=1 1536w, https:\/\/i0.wp.com\/elgeneracionalpost.com\/wp-content\/uploads\/2023\/04\/IMG-6554-rotated.jpg?resize=150%2C200&amp;ssl=1 150w, https:\/\/i0.wp.com\/elgeneracionalpost.com\/wp-content\/uploads\/2023\/04\/IMG-6554-rotated.jpg?resize=300%2C400&amp;ssl=1 300w, https:\/\/i0.wp.com\/elgeneracionalpost.com\/wp-content\/uploads\/2023\/04\/IMG-6554-rotated.jpg?resize=696%2C928&amp;ssl=1 696w, https:\/\/i0.wp.com\/elgeneracionalpost.com\/wp-content\/uploads\/2023\/04\/IMG-6554-rotated.jpg?resize=1068%2C1424&amp;ssl=1 1068w, https:\/\/i0.wp.com\/elgeneracionalpost.com\/wp-content\/uploads\/2023\/04\/IMG-6554-rotated.jpg?resize=1920%2C2560&amp;ssl=1 1920w, https:\/\/i0.wp.com\/elgeneracionalpost.com\/wp-content\/uploads\/2023\/04\/IMG-6554-rotated.jpg?w=1392&amp;ssl=1 1392w, https:\/\/i0.wp.com\/elgeneracionalpost.com\/wp-content\/uploads\/2023\/04\/IMG-6554-rotated.jpg?w=2088&amp;ssl=1 2088w\" sizes=\"auto, (max-width: 275px) 100vw, 275px\" data-recalc-dims=\"1\"\/><\/noscript><figcaption id=\"caption-attachment-85844\" class=\"wp-caption-text\">Biblioteka Ateneo de Madrid | \u0179r\u00f3d\u0142o: Lucia Rivero<\/figcaption><\/figure>\n<p>Wej\u015bcie do tego pokoju i zobaczenie biurek i \u015bcian pe\u0142nych ksi\u0105\u017cek to co\u015b niesamowitego <strong>oddech wiedzy<\/strong> dla tych, kt\u00f3rzy czuj\u0105, \u017ce kultura p\u0142ynie w ich \u017cy\u0142ach. Bez w\u0105tpienia wyj\u0105tkowa okazja, aby zaj\u0105\u0107 si\u0119 literatur\u0105, sztuk\u0105 i nauk\u0105.<\/p>\n<p>Ca\u0142e dziedzictwo kulturowe i naukowe, kt\u00f3re wywodzi si\u0119 z ka\u017cdej sali Ateneo Madrid i b\u0119dzie kontynuowane w ramach specjalnego programu z okazji dwustulecia w ci\u0105gu ostatnich dw\u00f3ch tygodni. T\u0105 drog\u0105, <strong>Wystaw\u0119 mo\u017cna zwiedza\u0107 do 30 kwietnia.<\/strong><\/p>\n<div class=\"sharedaddy sd-block sd-like jetpack-likes-widget-wrapper jetpack-likes-widget-unloaded\" id=\"like-post-wrapper-153844979-85822-64394c03bf434\" data-src=\"https:\/\/widgets.wp.com\/likes\/#blog_id=153844979&amp;post_id=85822&amp;origin=elgeneracionalpost.com&amp;obj_id=153844979-85822-64394c03bf434\" data-name=\"like-post-frame-153844979-85822-64394c03bf434\" data-title=\"Me gusta o Compartir\">\n<h3 class=\"sd-title\">Lubi\u0119 to:<\/h3>\n<p><span class=\"button\"><span>lubi\u0119<\/span><\/span> <span class=\"loading\">\u0141adowanie\u2026<\/span><\/p>\n<p><span class=\"sd-text-color\"\/><\/div>\n<p><h3 class=\"jp-relatedposts-headline\"><em>Powi\u0105zany<\/em><\/h3>\n<\/p>\n<\/div>","protected":false},"excerpt":{"rendered":"<p>Dwa stulecia w poszukiwaniu \u015bwiat\u0142a, aby zebra\u0107 wspania\u0142e klejnoty archiwum instytucji obchodzonej dwustulecia Spektakularna biblioteka Ateneo de\u2026 <\/p>","protected":false},"author":1,"featured_media":1141,"comment_status":"open","ping_status":"open","sticky":false,"template":"","format":"standard","meta":{"fifu_image_url":"https:\/\/elgeneracionalpost.com\/wp-content\/uploads\/2023\/04\/PORTADA-EG2.jpg","fifu_image_alt":"","footnotes":""},"categories":[35],"tags":[],"class_list":["post-1140","post","type-post","status-publish","format-standard","has-post-thumbnail","hentry","category-cultura-e-lazer","latest_post"],"yoast_head":"<!-- This site is optimized with the Yoast SEO plugin v27.3 - https:\/\/yoast.com\/product\/yoast-seo-wordpress\/ -->\n<title>A luz do Ateneo de Madrid - Tirinha.com<\/title>\n<meta name=\"robots\" content=\"index, follow, max-snippet:-1, max-image-preview:large, max-video-preview:-1\" \/>\n<link rel=\"canonical\" href=\"https:\/\/tirinha.com\/pl\/1140\/a-luz-do-ateneo-de-madrid\/\" \/>\n<meta property=\"og:locale\" content=\"pl_PL\" \/>\n<meta property=\"og:type\" content=\"article\" \/>\n<meta property=\"og:title\" content=\"A luz do Ateneo de Madrid - Tirinha.com\" \/>\n<meta property=\"og:description\" content=\"Dois s\u00e9culos procurando a luz recolher as grandes joias do arquivo da institui\u00e7\u00e3o bicenten\u00e1ria A espetacular biblioteca do Ateneo de &hellip;\" \/>\n<meta property=\"og:url\" content=\"https:\/\/tirinha.com\/pl\/1140\/a-luz-do-ateneo-de-madrid\/\" \/>\n<meta property=\"og:site_name\" content=\"Tirinha.com\" \/>\n<meta property=\"article:published_time\" content=\"2023-04-14T12:50:13+00:00\" \/>\n<meta property=\"og:image\" content=\"https:\/\/elgeneracionalpost.com\/wp-content\/uploads\/2023\/04\/PORTADA-EG2.jpg\" \/>\n<meta name=\"author\" content=\"admin\" \/>\n<meta name=\"twitter:card\" content=\"summary_large_image\" \/>\n<meta name=\"twitter:image\" content=\"https:\/\/elgeneracionalpost.com\/wp-content\/uploads\/2023\/04\/PORTADA-EG2.jpg\" \/>\n<meta name=\"twitter:label1\" content=\"Napisane przez\" \/>\n\t<meta name=\"twitter:data1\" content=\"admin\" \/>\n\t<meta name=\"twitter:label2\" content=\"Szacowany czas czytania\" \/>\n\t<meta name=\"twitter:data2\" content=\"3 minuty\" \/>\n<script type=\"application\/ld+json\" class=\"yoast-schema-graph\">{\"@context\":\"https:\\\/\\\/schema.org\",\"@graph\":[{\"@type\":\"Article\",\"@id\":\"https:\\\/\\\/tirinha.com\\\/1140\\\/a-luz-do-ateneo-de-madrid\\\/#article\",\"isPartOf\":{\"@id\":\"https:\\\/\\\/tirinha.com\\\/1140\\\/a-luz-do-ateneo-de-madrid\\\/\"},\"author\":{\"name\":\"admin\",\"@id\":\"https:\\\/\\\/tirinha.com\\\/#\\\/schema\\\/person\\\/e22bdfbe17e0461f7e927e6a1208d4d9\"},\"headline\":\"A luz do Ateneo de Madrid\",\"datePublished\":\"2023-04-14T12:50:13+00:00\",\"mainEntityOfPage\":{\"@id\":\"https:\\\/\\\/tirinha.com\\\/1140\\\/a-luz-do-ateneo-de-madrid\\\/\"},\"wordCount\":608,\"commentCount\":0,\"publisher\":{\"@id\":\"https:\\\/\\\/tirinha.com\\\/#organization\"},\"image\":{\"@id\":\"https:\\\/\\\/tirinha.com\\\/1140\\\/a-luz-do-ateneo-de-madrid\\\/#primaryimage\"},\"thumbnailUrl\":\"https:\\\/\\\/elgeneracionalpost.com\\\/wp-content\\\/uploads\\\/2023\\\/04\\\/PORTADA-EG2.jpg\",\"articleSection\":[\"Cultura e lazer\"],\"inLanguage\":\"pl-PL\",\"potentialAction\":[{\"@type\":\"CommentAction\",\"name\":\"Comment\",\"target\":[\"https:\\\/\\\/tirinha.com\\\/1140\\\/a-luz-do-ateneo-de-madrid\\\/#respond\"]}]},{\"@type\":\"WebPage\",\"@id\":\"https:\\\/\\\/tirinha.com\\\/1140\\\/a-luz-do-ateneo-de-madrid\\\/\",\"url\":\"https:\\\/\\\/tirinha.com\\\/1140\\\/a-luz-do-ateneo-de-madrid\\\/\",\"name\":\"A luz do Ateneo de Madrid - Tirinha.com\",\"isPartOf\":{\"@id\":\"https:\\\/\\\/tirinha.com\\\/#website\"},\"primaryImageOfPage\":{\"@id\":\"https:\\\/\\\/tirinha.com\\\/1140\\\/a-luz-do-ateneo-de-madrid\\\/#primaryimage\"},\"image\":{\"@id\":\"https:\\\/\\\/tirinha.com\\\/1140\\\/a-luz-do-ateneo-de-madrid\\\/#primaryimage\"},\"thumbnailUrl\":\"https:\\\/\\\/elgeneracionalpost.com\\\/wp-content\\\/uploads\\\/2023\\\/04\\\/PORTADA-EG2.jpg\",\"datePublished\":\"2023-04-14T12:50:13+00:00\",\"breadcrumb\":{\"@id\":\"https:\\\/\\\/tirinha.com\\\/1140\\\/a-luz-do-ateneo-de-madrid\\\/#breadcrumb\"},\"inLanguage\":\"pl-PL\",\"potentialAction\":[{\"@type\":\"ReadAction\",\"target\":[\"https:\\\/\\\/tirinha.com\\\/1140\\\/a-luz-do-ateneo-de-madrid\\\/\"]}]},{\"@type\":\"ImageObject\",\"inLanguage\":\"pl-PL\",\"@id\":\"https:\\\/\\\/tirinha.com\\\/1140\\\/a-luz-do-ateneo-de-madrid\\\/#primaryimage\",\"url\":\"https:\\\/\\\/elgeneracionalpost.com\\\/wp-content\\\/uploads\\\/2023\\\/04\\\/PORTADA-EG2.jpg\",\"contentUrl\":\"https:\\\/\\\/elgeneracionalpost.com\\\/wp-content\\\/uploads\\\/2023\\\/04\\\/PORTADA-EG2.jpg\"},{\"@type\":\"BreadcrumbList\",\"@id\":\"https:\\\/\\\/tirinha.com\\\/1140\\\/a-luz-do-ateneo-de-madrid\\\/#breadcrumb\",\"itemListElement\":[{\"@type\":\"ListItem\",\"position\":1,\"name\":\"Home\",\"item\":\"https:\\\/\\\/tirinha.com\\\/\"},{\"@type\":\"ListItem\",\"position\":2,\"name\":\"A luz do Ateneo de Madrid\"}]},{\"@type\":\"WebSite\",\"@id\":\"https:\\\/\\\/tirinha.com\\\/#website\",\"url\":\"https:\\\/\\\/tirinha.com\\\/\",\"name\":\"Tirinha.com\",\"description\":\"Arte e livros resenhas\",\"publisher\":{\"@id\":\"https:\\\/\\\/tirinha.com\\\/#organization\"},\"potentialAction\":[{\"@type\":\"SearchAction\",\"target\":{\"@type\":\"EntryPoint\",\"urlTemplate\":\"https:\\\/\\\/tirinha.com\\\/?s={search_term_string}\"},\"query-input\":{\"@type\":\"PropertyValueSpecification\",\"valueRequired\":true,\"valueName\":\"search_term_string\"}}],\"inLanguage\":\"pl-PL\"},{\"@type\":\"Organization\",\"@id\":\"https:\\\/\\\/tirinha.com\\\/#organization\",\"name\":\"Tirinha.com\",\"url\":\"https:\\\/\\\/tirinha.com\\\/\",\"logo\":{\"@type\":\"ImageObject\",\"inLanguage\":\"pl-PL\",\"@id\":\"https:\\\/\\\/tirinha.com\\\/#\\\/schema\\\/logo\\\/image\\\/\",\"url\":\"https:\\\/\\\/tirinha.com\\\/wp-content\\\/uploads\\\/2023\\\/08\\\/cropped-Logo-Tirinha.webp\",\"contentUrl\":\"https:\\\/\\\/tirinha.com\\\/wp-content\\\/uploads\\\/2023\\\/08\\\/cropped-Logo-Tirinha.webp\",\"width\":512,\"height\":512,\"caption\":\"Tirinha.com\"},\"image\":{\"@id\":\"https:\\\/\\\/tirinha.com\\\/#\\\/schema\\\/logo\\\/image\\\/\"}},{\"@type\":\"Person\",\"@id\":\"https:\\\/\\\/tirinha.com\\\/#\\\/schema\\\/person\\\/e22bdfbe17e0461f7e927e6a1208d4d9\",\"name\":\"admin\",\"image\":{\"@type\":\"ImageObject\",\"inLanguage\":\"pl-PL\",\"@id\":\"https:\\\/\\\/tirinha.com\\\/wp-content\\\/litespeed\\\/avatar\\\/d0068f7931cc87d7274eb0c3db1deb4b.jpg?ver=1776829466\",\"url\":\"https:\\\/\\\/tirinha.com\\\/wp-content\\\/litespeed\\\/avatar\\\/d0068f7931cc87d7274eb0c3db1deb4b.jpg?ver=1776829466\",\"contentUrl\":\"https:\\\/\\\/tirinha.com\\\/wp-content\\\/litespeed\\\/avatar\\\/d0068f7931cc87d7274eb0c3db1deb4b.jpg?ver=1776829466\",\"caption\":\"admin\"},\"sameAs\":[\"https:\\\/\\\/tirinha.com\"],\"url\":\"https:\\\/\\\/tirinha.com\\\/pl\\\/author\\\/admin\\\/\"}]}<\/script>\n<!-- \/ Yoast SEO plugin. -->","yoast_head_json":{"title":"A luz do Ateneo de Madrid - Tirinha.com","robots":{"index":"index","follow":"follow","max-snippet":"max-snippet:-1","max-image-preview":"max-image-preview:large","max-video-preview":"max-video-preview:-1"},"canonical":"https:\/\/tirinha.com\/pl\/1140\/a-luz-do-ateneo-de-madrid\/","og_locale":"pl_PL","og_type":"article","og_title":"A luz do Ateneo de Madrid - Tirinha.com","og_description":"Dois s\u00e9culos procurando a luz recolher as grandes joias do arquivo da institui\u00e7\u00e3o bicenten\u00e1ria A espetacular biblioteca do Ateneo de &hellip;","og_url":"https:\/\/tirinha.com\/pl\/1140\/a-luz-do-ateneo-de-madrid\/","og_site_name":"Tirinha.com","article_published_time":"2023-04-14T12:50:13+00:00","og_image":[{"url":"https:\/\/elgeneracionalpost.com\/wp-content\/uploads\/2023\/04\/PORTADA-EG2.jpg","type":"","width":"","height":""}],"author":"admin","twitter_card":"summary_large_image","twitter_image":"https:\/\/elgeneracionalpost.com\/wp-content\/uploads\/2023\/04\/PORTADA-EG2.jpg","twitter_misc":{"Napisane przez":"admin","Szacowany czas czytania":"3 minuty"},"schema":{"@context":"https:\/\/schema.org","@graph":[{"@type":"Article","@id":"https:\/\/tirinha.com\/1140\/a-luz-do-ateneo-de-madrid\/#article","isPartOf":{"@id":"https:\/\/tirinha.com\/1140\/a-luz-do-ateneo-de-madrid\/"},"author":{"name":"admin","@id":"https:\/\/tirinha.com\/#\/schema\/person\/e22bdfbe17e0461f7e927e6a1208d4d9"},"headline":"A luz do Ateneo de Madrid","datePublished":"2023-04-14T12:50:13+00:00","mainEntityOfPage":{"@id":"https:\/\/tirinha.com\/1140\/a-luz-do-ateneo-de-madrid\/"},"wordCount":608,"commentCount":0,"publisher":{"@id":"https:\/\/tirinha.com\/#organization"},"image":{"@id":"https:\/\/tirinha.com\/1140\/a-luz-do-ateneo-de-madrid\/#primaryimage"},"thumbnailUrl":"https:\/\/elgeneracionalpost.com\/wp-content\/uploads\/2023\/04\/PORTADA-EG2.jpg","articleSection":["Cultura e lazer"],"inLanguage":"pl-PL","potentialAction":[{"@type":"CommentAction","name":"Comment","target":["https:\/\/tirinha.com\/1140\/a-luz-do-ateneo-de-madrid\/#respond"]}]},{"@type":"WebPage","@id":"https:\/\/tirinha.com\/1140\/a-luz-do-ateneo-de-madrid\/","url":"https:\/\/tirinha.com\/1140\/a-luz-do-ateneo-de-madrid\/","name":"A luz do Ateneo de Madrid - Tirinha.com","isPartOf":{"@id":"https:\/\/tirinha.com\/#website"},"primaryImageOfPage":{"@id":"https:\/\/tirinha.com\/1140\/a-luz-do-ateneo-de-madrid\/#primaryimage"},"image":{"@id":"https:\/\/tirinha.com\/1140\/a-luz-do-ateneo-de-madrid\/#primaryimage"},"thumbnailUrl":"https:\/\/elgeneracionalpost.com\/wp-content\/uploads\/2023\/04\/PORTADA-EG2.jpg","datePublished":"2023-04-14T12:50:13+00:00","breadcrumb":{"@id":"https:\/\/tirinha.com\/1140\/a-luz-do-ateneo-de-madrid\/#breadcrumb"},"inLanguage":"pl-PL","potentialAction":[{"@type":"ReadAction","target":["https:\/\/tirinha.com\/1140\/a-luz-do-ateneo-de-madrid\/"]}]},{"@type":"ImageObject","inLanguage":"pl-PL","@id":"https:\/\/tirinha.com\/1140\/a-luz-do-ateneo-de-madrid\/#primaryimage","url":"https:\/\/elgeneracionalpost.com\/wp-content\/uploads\/2023\/04\/PORTADA-EG2.jpg","contentUrl":"https:\/\/elgeneracionalpost.com\/wp-content\/uploads\/2023\/04\/PORTADA-EG2.jpg"},{"@type":"BreadcrumbList","@id":"https:\/\/tirinha.com\/1140\/a-luz-do-ateneo-de-madrid\/#breadcrumb","itemListElement":[{"@type":"ListItem","position":1,"name":"Home","item":"https:\/\/tirinha.com\/"},{"@type":"ListItem","position":2,"name":"A luz do Ateneo de Madrid"}]},{"@type":"WebSite","@id":"https:\/\/tirinha.com\/#website","url":"https:\/\/tirinha.com\/","name":"Tirinha.com","description":"Recenzje dzie\u0142 sztuki i ksi\u0105\u017cek","publisher":{"@id":"https:\/\/tirinha.com\/#organization"},"potentialAction":[{"@type":"SearchAction","target":{"@type":"EntryPoint","urlTemplate":"https:\/\/tirinha.com\/?s={search_term_string}"},"query-input":{"@type":"PropertyValueSpecification","valueRequired":true,"valueName":"search_term_string"}}],"inLanguage":"pl-PL"},{"@type":"Organization","@id":"https:\/\/tirinha.com\/#organization","name":"Tirinha.com","url":"https:\/\/tirinha.com\/","logo":{"@type":"ImageObject","inLanguage":"pl-PL","@id":"https:\/\/tirinha.com\/#\/schema\/logo\/image\/","url":"https:\/\/tirinha.com\/wp-content\/uploads\/2023\/08\/cropped-Logo-Tirinha.webp","contentUrl":"https:\/\/tirinha.com\/wp-content\/uploads\/2023\/08\/cropped-Logo-Tirinha.webp","width":512,"height":512,"caption":"Tirinha.com"},"image":{"@id":"https:\/\/tirinha.com\/#\/schema\/logo\/image\/"}},{"@type":"Person","@id":"https:\/\/tirinha.com\/#\/schema\/person\/e22bdfbe17e0461f7e927e6a1208d4d9","name":"Admin","image":{"@type":"ImageObject","inLanguage":"pl-PL","@id":"https:\/\/tirinha.com\/wp-content\/litespeed\/avatar\/d0068f7931cc87d7274eb0c3db1deb4b.jpg?ver=1776829466","url":"https:\/\/tirinha.com\/wp-content\/litespeed\/avatar\/d0068f7931cc87d7274eb0c3db1deb4b.jpg?ver=1776829466","contentUrl":"https:\/\/tirinha.com\/wp-content\/litespeed\/avatar\/d0068f7931cc87d7274eb0c3db1deb4b.jpg?ver=1776829466","caption":"admin"},"sameAs":["https:\/\/tirinha.com"],"url":"https:\/\/tirinha.com\/pl\/author\/admin\/"}]}},"_links":{"self":[{"href":"https:\/\/tirinha.com\/pl\/wp-json\/wp\/v2\/posts\/1140","targetHints":{"allow":["GET"]}}],"collection":[{"href":"https:\/\/tirinha.com\/pl\/wp-json\/wp\/v2\/posts"}],"about":[{"href":"https:\/\/tirinha.com\/pl\/wp-json\/wp\/v2\/types\/post"}],"author":[{"embeddable":true,"href":"https:\/\/tirinha.com\/pl\/wp-json\/wp\/v2\/users\/1"}],"replies":[{"embeddable":true,"href":"https:\/\/tirinha.com\/pl\/wp-json\/wp\/v2\/comments?post=1140"}],"version-history":[{"count":0,"href":"https:\/\/tirinha.com\/pl\/wp-json\/wp\/v2\/posts\/1140\/revisions"}],"wp:featuredmedia":[{"embeddable":true,"href":"https:\/\/tirinha.com\/pl\/wp-json\/wp\/v2\/media\/1141"}],"wp:attachment":[{"href":"https:\/\/tirinha.com\/pl\/wp-json\/wp\/v2\/media?parent=1140"}],"wp:term":[{"taxonomy":"category","embeddable":true,"href":"https:\/\/tirinha.com\/pl\/wp-json\/wp\/v2\/categories?post=1140"},{"taxonomy":"post_tag","embeddable":true,"href":"https:\/\/tirinha.com\/pl\/wp-json\/wp\/v2\/tags?post=1140"}],"curies":[{"name":"wp","href":"https:\/\/api.w.org\/{rel}","templated":true}]}}