{"id":1135,"date":"2023-04-13T12:07:57","date_gmt":"2023-04-13T12:07:57","guid":{"rendered":"https:\/\/tirinha.com\/o-poder-curador-do-silencio-o-livro-de-belen-colomina-para-transformar-a-mente\/"},"modified":"2023-04-13T12:07:57","modified_gmt":"2023-04-13T12:07:57","slug":"o-poder-curador-do-silencio-o-livro-de-belen-colomina-para-transformar-a-mente","status":"publish","type":"post","link":"https:\/\/tirinha.com\/pl\/1135\/o-poder-curador-do-silencio-o-livro-de-belen-colomina-para-transformar-a-mente\/","title":{"rendered":"\u201eUzdrawiaj\u0105ca moc ciszy\u201d \u2013 ksi\u0105\u017cka Bel\u00e9na Colominy o przemianie umys\u0142u"},"content":{"rendered":"<p><\/p>\n<div>\n<h2>Bel\u00e9n Colomina przybli\u017ca nas do dobrego samopoczucia poprzez medytacj\u0119<\/h2>\n<p><strong>Bel\u00e9n Colomina, psycholog zdrowia, psychoterapeutka humanistyczna i autorka ksi\u0105\u017cek o psychologii i medytacji, zach\u0119ca nas swoj\u0105 ksi\u0105\u017ck\u0105 <em>Uzdrawiaj\u0105ca moc ciszy w<\/em>przekszta\u0142\u0107 nasz umys\u0142 i osi\u0105gnij dobre samopoczucie poprzez medytacj\u0119, \u201eprzywr\u00f3cenie r\u00f3wnowagi i wewn\u0119trznego spokoju\u201d oraz \u017cyw\u0105 medytacj\u0119 jako \u201edo\u015bwiadczenie\u201d, a nie wynik. <\/strong><\/p>\n<blockquote class=\"instagram-media\" data-instgrm-captioned=\"\" data-instgrm-permalink=\"https:\/\/www.instagram.com\/reel\/Cp0ENCCjAz2\/?utm_source=ig_embed&amp;utm_campaign=loading\" data-instgrm-version=\"14\" style=\" background:#FFF; border:0; border-radius:3px; box-shadow:0 0 1px 0 rgba(0,0,0,0.5),0 1px 10px 0 rgba(0,0,0,0.15); margin: 1px; max-width:658px; min-width:326px; padding:0; width:99.375%; width:-webkit-calc(100% - 2px); width:calc(100% - 2px);\">\n<\/blockquote>\n<p><strong>Pytanie: Kiedy jest w\u0142a\u015bciwy czas na rozpocz\u0119cie medytacji lub uwa\u017cno\u015bci? <\/strong><\/p>\n<p><strong>Reagowa\u0107:<\/strong> My\u015bl\u0119, \u017ce ka\u017cdy moment jest dobry, aby zacz\u0105\u0107. Ale przede wszystkim wtedy, gdy zaczniesz czu\u0107, \u017ce Twoje \u017cycie bardziej dzia\u0142a na autopilocie, gdy zaczniesz odczuwa\u0107 objawy stresu, niepokoju czy cierpienia. Wszystkie objawy tych dozna\u0144 mo\u017cemy odczu\u0107 o ka\u017cdej porze dnia, wi\u0119c ka\u017cda pora jest dobra. Lepiej zacz\u0105\u0107 od medytacji, aby zrozumie\u0107 nasz umys\u0142 i zdoby\u0107 strategie i narz\u0119dzia \u0142agodzenia codziennego cierpienia, kt\u00f3re jest nieod\u0142\u0105czne, ni\u017c zaczyna\u0107 od lek\u00f3w \u0142agodz\u0105cych objawy.<\/p>\n<p><strong>P:<\/strong> <strong>W jakich porach dnia mo\u017cemy \u0107wiczy\u0107 <em>uwa\u017cno\u015b\u0107<\/em>?<\/strong><\/p>\n<p><strong>A:<\/strong> Istniej\u0105 dwa sposoby medytacji: medytacja formalna i medytacja nieformalna. Medytacja formalna polega na tym, \u017ce przeznaczasz czas w ci\u0105gu dnia i miejsce na medytacj\u0119. Z drugiej strony medytacja nieformalna polega na wykonywaniu jej o tej samej porze, co inne codzienne czynno\u015bci, mo\u017ce to by\u0107 podczas jedzenia lub chodzenia, w ten spos\u00f3b poczujesz, \u017ce nie robisz tego na autopilocie, ale jeste\u015b \u015bwiadomy dozna\u0144 w Twoim ciele.<\/p>\n<p><strong>P:<\/strong> <strong>Jak uspokoi\u0107 my\u015bli, gdy zaczynamy medytowa\u0107?<\/strong><\/p>\n<p><strong>A:<\/strong> Osoba sama jest tym, kt\u00f3ry pr\u00f3buje regulowa\u0107 swoje my\u015bli, aby uzyska\u0107 spok\u00f3j psychiczny. Mo\u017cemy u\u017cy\u0107 oddechu lub skierowa\u0107 moj\u0105 uwag\u0119 na bardziej stabilny obiekt, kt\u00f3ry stabilizuje i r\u00f3wnowa\u017cy umys\u0142.<\/p>\n<p><strong>P:<\/strong> <strong>Jakie s\u0105 korzy\u015bci z medytacji w \u017cyciu codziennym?<\/strong><\/p>\n<p><strong>A:<\/strong>  Korzy\u015bci jest wiele, zar\u00f3wno pod wzgl\u0119dem fizycznym, psychicznym, jak i pod wzgl\u0119dem relacji. Ale jedn\u0105 z najwa\u017cniejszych korzy\u015bci jest ulga w codziennym cierpieniu. Pozwala by\u0107 w chwili obecnej, \u0142agodzi stres, zmniejsza niepok\u00f3j, zwi\u0119ksza empati\u0119, zwi\u0119ksza wsp\u00f3\u0142czucie. Kr\u00f3tko m\u00f3wi\u0105c, przekszta\u0142ca tw\u00f3j umys\u0142, poniewa\u017c zwi\u0119ksza \u015bwiadomo\u015b\u0107 refleksyjn\u0105, a w konsekwencji zmniejsza zachowania reaguj\u0105ce na impulsy, kt\u00f3re prowadz\u0105 do wszelkich bod\u017ac\u00f3w awersyjnych.<\/p>\n<p>Pomaga tak\u017ce zaplanowa\u0107 dzie\u0144, rozwi\u0105zywa\u0107 codzienne problemy w bardziej \u015bwiadomy i konstruktywny spos\u00f3b, \u017cy\u0107 w r\u00f3wnowadze, by\u0107 uwa\u017cnym i \u015bwiadomym dozna\u0144 w swoim ciele oraz harmonijnie rozumie\u0107 siebie. W ko\u0144cu mo\u017cesz zharmonizowa\u0107 swoje \u017cycie, poniewa\u017c mo\u017cesz tak\u017ce zharmonizowa\u0107 si\u0119 ze swoimi relacjami, swoimi warto\u015bciami i umys\u0142em. Ostatecznym celem jest by\u0107 \u015bwiadomym swojego \u017cycia i zarz\u0105dza\u0107 nim, a nie pozwoli\u0107, aby \u017cycie ci\u0119 zabra\u0142o.<\/p>\n<p><strong>P:<\/strong> <b>W ksi\u0105\u017cce du\u017co m\u00f3wisz o przemianie umys\u0142u. Jak przebiega ten proces?<\/b><\/p>\n<p><strong>A:<\/strong> Kiedy nabywamy pewne umiej\u0119tno\u015bci, nasz umys\u0142 dzia\u0142a jak ka\u017cdy mi\u0119sie\u0144 w naszym ciele. W ten spos\u00f3b rozwijamy funkcje uwagi i wykonawcze p\u0142ata czo\u0142owego; Zmniejsza aktywowane strefy dla systemu zagro\u017ce\u0144 lub systemu ostrzegania. Kr\u00f3tko m\u00f3wi\u0105c, przekszta\u0142ca wiele mechanizm\u00f3w mentalnych na korzy\u015b\u0107 wielu mechanizm\u00f3w regulacyjnych. Chocia\u017c nie widzimy, co dzieje si\u0119 w naszym m\u00f3zgu, dziej\u0105 si\u0119 pozytywne rzeczy, kt\u00f3re przynosz\u0105 nam korzy\u015bci na co dzie\u0144.<\/p>\n<p>Nie zdajemy sobie r\u00f3wnie\u017c sprawy, jak zmienia si\u0119 struktura naszego m\u00f3zgu pod wp\u0142ywem stresu, kt\u00f3ry generuje du\u017ce ilo\u015bci kortyzolu. Dzi\u0119ki medytacji mo\u017cemy regulowa\u0107 ten hormon, a tak\u017ce inaczej spojrze\u0107 na zmartwienia \u017cyciowe.<\/p>\n<p><strong>P: Czy istnieje bezpo\u015bredni zwi\u0105zek pomi\u0119dzy <em>uwa\u017cno\u015b\u0107<\/em> czy medytacja i buddyzm?<\/strong><\/p>\n<p><strong>A:<\/strong> Medytacja jest sal\u0105 gimnastyczn\u0105 naszego umys\u0142u; polega na zapoznawaniu naszego umys\u0142u ze stanami cnotliwymi, a w tradycji kontemplacyjnej zar\u00f3wno buddyzm, jak i wiele religii stosowa\u0142o medytacj\u0119 dostosowan\u0105 do danej religii.<\/p>\n<p>Nauka wykaza\u0142a, \u017ce medytacja dzia\u0142a na ka\u017cdego. Sami go u\u017cywali\u015bmy, nie wiedz\u0105c, \u017ce u\u017cywamy tego narz\u0119dzia, podobnie jak wiele religii, nie tylko buddyzm. Dlatego jest to narz\u0119dzie dla laika; nie jest to zwi\u0105zane ani powi\u0105zane z religi\u0105, ale religia go u\u017cywa\u0142a.<\/p>\n<p><strong>Pytanie: Dla kogo jest ta ksi\u0105\u017cka?<\/strong><\/p>\n<p><strong>A:<\/strong> Ksi\u0105\u017ck\u0119 mo\u017ce przeczyta\u0107 ka\u017cdy, kto zamierza rozpocz\u0105\u0107 medytacj\u0119, poniewa\u017c wyja\u015bniam, jakie kroki nale\u017cy podj\u0105\u0107, a tak\u017ce zawiera program medytacyjny pozwalaj\u0105cy rozpocz\u0105\u0107 trening umys\u0142u. Je\u015bli jednak jeste\u015b ju\u017c wtajemniczony w medytacj\u0119, jest druga cz\u0119\u015b\u0107, w kt\u00f3rej pog\u0142\u0119biam zrozumienie wzorc\u00f3w naszego umys\u0142u, cierpienia i sposob\u00f3w jego \u0142agodzenia.<\/p>\n<p>Ksi\u0105\u017cka opiera si\u0119 na medytacji i psychologii, ale tak\u017ce na moim do\u015bwiadczeniu jako psychologa. Dzi\u0119ki moim pacjentom widz\u0119, jak medytacja wp\u0142ywa na ich codzienne \u017cycie. Dlatego polecam t\u0119 ksi\u0105\u017ck\u0119 ka\u017cdemu.<\/p>\n<h3>D\u0142ugie do\u015bwiadczenie w medytacji<\/h3>\n<p><strong>P: Kiedy zacz\u0105\u0142e\u015b medytowa\u0107?<\/strong><\/p>\n<p><strong>A:<\/strong> Medytuj\u0119 od wielu lat. Kiedy by\u0142em ma\u0142y, \u0107wiczy\u0142em sztuki walki i zacz\u0105\u0142em medytowa\u0107, nie wiedz\u0105c, \u017ce to robi\u0119. Jako doros\u0142y zda\u0142em sobie spraw\u0119, \u017ce to mi pomog\u0142o i studiuj\u0105c psychologi\u0119, zacz\u0105\u0142em trenowa\u0107 i kszta\u0142ci\u0107 si\u0119 w medytacji i <em>uwa\u017cno\u015b\u0107<\/em>. Mam wi\u0119c ponad 15 lat zawodu i praktyki medytacji.<\/p>\n<p>Dzi\u0119ki temu instrumentowi mog\u0142em nawigowa\u0107 i rozumie\u0107 mechanizm dzia\u0142ania ludzkiego umys\u0142u. Umys\u0142 jest znakomitym i niezb\u0119dnym laboratorium do zrozumienia cierpienia i zrozumienia mechanizm\u00f3w jego \u0142agodzenia.<\/p>\n<p><strong>P: Czy ludzie mog\u0105 czu\u0107, \u017ce utkn\u0119li w medytacji?<\/strong><\/p>\n<p><strong>A:<\/strong> Istnieje wiele przeszk\u00f3d w tej praktyce; umys\u0142 nas sabotuje i stawia op\u00f3r i zaczynaj\u0105 si\u0119 k\u0142\u00f3tnie, \u017ce medytacja jest bezu\u017cyteczna, \u017ce powoduje wi\u0119ksz\u0105 nerwowo\u015b\u0107, a nawet, \u017ce jest strat\u0105 czasu. Musimy stawi\u0107 czo\u0142a przeszkodom jak co\u015b normalnego, poniewa\u017c nasz umys\u0142 stawia op\u00f3r, przyzwyczajony do niepokoju i ha\u0142asu; Spok\u00f3j go niepokoi.<\/p>\n<p>Musimy wyrobi\u0107 sobie nawyk milczenia i w tym celu znale\u017a\u0107 bezpieczne miejsce, w kt\u00f3rym spok\u00f3j b\u0119dzie regulowany. Niezb\u0119dna jest cierpliwo\u015b\u0107 i czas. Czasami zmiany s\u0105 konieczne, je\u015bli czujesz, \u017ce utkn\u0105\u0142e\u015b. Istnieje kilka sposob\u00f3w praktykowania medytacji: uwa\u017cno\u015b\u0107, praktyka generatywna i analityczna. Mo\u017cna przej\u015b\u0107 z jednego do drugiego.<\/p>\n<p><strong>P: Z czego sk\u0142ada si\u0119 ka\u017cda z tych praktyk?<\/strong><\/p>\n<p><strong>A:<\/strong> Pierwsz\u0105 rodzin\u0105 medytacji jest uwaga, czyli ku <em>uwa\u017cno\u015b\u0107<\/em>, w kt\u00f3rym uzyskujemy spok\u00f3j psychiczny. Nast\u0119pnie istnieje rodzina medytacji generatywnych, kt\u00f3re generuj\u0105 stany odporno\u015bci, kultywujemy cnoty w naszym umy\u015ble; jak mi\u0142o\u015b\u0107 czy wsp\u00f3\u0142czucie. Wreszcie s\u0105 analityczne, czyli takie, kt\u00f3re zwi\u0119kszaj\u0105 zrozumienie i m\u0105dro\u015b\u0107, gdy uczymy si\u0119 obserwowa\u0107 nasz umys\u0142 z innego miejsca.<\/p>\n<p>Jest wiele sposob\u00f3w medytacji, tzw <em>uwa\u017cno\u015b\u0107<\/em> jest jednym z nich. Wymaga to od ka\u017cdej osoby dostosowania si\u0119 i rozpocz\u0119cia praktyki, kt\u00f3ra najlepiej pasuje do jej obecnej chwili. Dlatego w ksi\u0105\u017cce przygotowa\u0142em program, kt\u00f3ry polecam \u0107wiczy\u0107 w logicznej kolejno\u015bci, ale mo\u017cesz go zmienia\u0107, je\u015bli uwa\u017casz, \u017ce b\u0119dzie dla Ciebie najlepszy.<\/p>\n<p><strong>P: Czy uwa\u017casz, \u017ce medytacja by\u0142a trendem w ostatnich latach?<\/strong><\/p>\n<p><strong>A:<\/strong> Nast\u0105pi\u0142 rozkwit, poniewa\u017c wyniki nauki pomog\u0142y w upowszechnieniu medytacji jako narz\u0119dzia \u015bwieckiego, a zmiany nast\u0119powa\u0142y po 6 lub 8 tygodniach od codziennego treningu.<\/p>\n<p>Ci\u0105g\u0142a praktyka nie wymaga entuzjazmu, ale przekonania, \u017ce chcesz lub \u017ce pomaga Ci to w prowadzeniu takiego stylu \u017cycia; Chodzi o to, aby zacz\u0105\u0107 spokojnie patrze\u0107 na \u017cycie i pozby\u0107 si\u0119 ha\u0142asu, produktywno\u015bci i stresu. Rozprzestrzeni\u0142 si\u0119 niepok\u00f3j i autopilot i wierzymy, \u017ce \u017cycie decyduje za nas. Medytacja polega na \u015bwiadomo\u015bci, \u017ce wybieramy, dok\u0105d skierowa\u0107 swoje \u017cycie, wychodz\u0105c z bardziej konstruktywnej i odpornej pozycji wewn\u0119trznej.<\/p>\n<div class=\"sharedaddy sd-block sd-like jetpack-likes-widget-wrapper jetpack-likes-widget-unloaded\" id=\"like-post-wrapper-153844979-85612-6437f09b20441\" data-src=\"https:\/\/widgets.wp.com\/likes\/#blog_id=153844979&amp;post_id=85612&amp;origin=elgeneracionalpost.com&amp;obj_id=153844979-85612-6437f09b20441\" data-name=\"like-post-frame-153844979-85612-6437f09b20441\" data-title=\"Me gusta o Compartir\">\n<h3 class=\"sd-title\">Lubi\u0119 to:<\/h3>\n<p><span class=\"button\"><span>lubi\u0119<\/span><\/span> <span class=\"loading\">\u0141adowanie\u2026<\/span><\/p>\n<p><span class=\"sd-text-color\"\/><\/div>\n<p><h3 class=\"jp-relatedposts-headline\"><em>Powi\u0105zany<\/em><\/h3>\n<\/p>\n<\/div>\n<p><script async defer src=\"https:\/\/platform.instagram.com\/en_US\/embeds.js\"><\/script><\/p>","protected":false},"excerpt":{"rendered":"<p>Bel\u00e9n Colomina przybli\u017ca nas do dobrego samopoczucia poprzez medytacj\u0119 Bel\u00e9n Colomina, psycholog zdrowia, psychoterapeuta humanista i autor ksi\u0105\u017cek\u2026 <\/p>","protected":false},"author":1,"featured_media":1136,"comment_status":"open","ping_status":"open","sticky":false,"template":"","format":"standard","meta":{"fifu_image_url":"https:\/\/elgeneracionalpost.com\/wp-content\/uploads\/2023\/04\/belen1.jpg","fifu_image_alt":"","footnotes":""},"categories":[35],"tags":[],"class_list":["post-1135","post","type-post","status-publish","format-standard","has-post-thumbnail","hentry","category-cultura-e-lazer","latest_post"],"yoast_head":"<!-- This site is optimized with the Yoast SEO plugin v27.3 - https:\/\/yoast.com\/product\/yoast-seo-wordpress\/ -->\n<title>&#039;O poder curador do sil\u00eancio&#039;, o livro de Bel\u00e9n Colomina para transformar a mente - Tirinha.com<\/title>\n<meta name=\"robots\" content=\"index, follow, max-snippet:-1, max-image-preview:large, max-video-preview:-1\" \/>\n<link rel=\"canonical\" href=\"https:\/\/tirinha.com\/pl\/1135\/o-poder-curador-do-silencio-o-livro-de-belen-colomina-para-transformar-a-mente\/\" \/>\n<meta property=\"og:locale\" content=\"pl_PL\" \/>\n<meta property=\"og:type\" content=\"article\" \/>\n<meta property=\"og:title\" content=\"&#039;O poder curador do sil\u00eancio&#039;, o livro de Bel\u00e9n Colomina para transformar a mente - Tirinha.com\" \/>\n<meta property=\"og:description\" content=\"Bel\u00e9n Colomina nos aproxima do bem-estar atrav\u00e9s da medita\u00e7\u00e3o Bel\u00e9n Colomina, psic\u00f3loga da sa\u00fade, psicoterapeuta humanista e autora de livros &hellip;\" \/>\n<meta property=\"og:url\" content=\"https:\/\/tirinha.com\/pl\/1135\/o-poder-curador-do-silencio-o-livro-de-belen-colomina-para-transformar-a-mente\/\" \/>\n<meta property=\"og:site_name\" content=\"Tirinha.com\" \/>\n<meta property=\"article:published_time\" content=\"2023-04-13T12:07:57+00:00\" \/>\n<meta property=\"og:image\" content=\"https:\/\/elgeneracionalpost.com\/wp-content\/uploads\/2023\/04\/belen1.jpg\" \/>\n<meta name=\"author\" content=\"admin\" \/>\n<meta name=\"twitter:card\" content=\"summary_large_image\" \/>\n<meta name=\"twitter:image\" content=\"https:\/\/elgeneracionalpost.com\/wp-content\/uploads\/2023\/04\/belen1.jpg\" \/>\n<meta name=\"twitter:label1\" content=\"Napisane przez\" \/>\n\t<meta name=\"twitter:data1\" content=\"admin\" \/>\n\t<meta name=\"twitter:label2\" content=\"Szacowany czas czytania\" \/>\n\t<meta name=\"twitter:data2\" content=\"7 minut\" \/>\n<script type=\"application\/ld+json\" class=\"yoast-schema-graph\">{\"@context\":\"https:\\\/\\\/schema.org\",\"@graph\":[{\"@type\":\"Article\",\"@id\":\"https:\\\/\\\/tirinha.com\\\/1135\\\/o-poder-curador-do-silencio-o-livro-de-belen-colomina-para-transformar-a-mente\\\/#article\",\"isPartOf\":{\"@id\":\"https:\\\/\\\/tirinha.com\\\/1135\\\/o-poder-curador-do-silencio-o-livro-de-belen-colomina-para-transformar-a-mente\\\/\"},\"author\":{\"name\":\"admin\",\"@id\":\"https:\\\/\\\/tirinha.com\\\/#\\\/schema\\\/person\\\/e22bdfbe17e0461f7e927e6a1208d4d9\"},\"headline\":\"&#8216;O poder curador do sil\u00eancio&#8217;, o livro de Bel\u00e9n Colomina para transformar a mente\",\"datePublished\":\"2023-04-13T12:07:57+00:00\",\"mainEntityOfPage\":{\"@id\":\"https:\\\/\\\/tirinha.com\\\/1135\\\/o-poder-curador-do-silencio-o-livro-de-belen-colomina-para-transformar-a-mente\\\/\"},\"wordCount\":1423,\"commentCount\":0,\"publisher\":{\"@id\":\"https:\\\/\\\/tirinha.com\\\/#organization\"},\"image\":{\"@id\":\"https:\\\/\\\/tirinha.com\\\/1135\\\/o-poder-curador-do-silencio-o-livro-de-belen-colomina-para-transformar-a-mente\\\/#primaryimage\"},\"thumbnailUrl\":\"https:\\\/\\\/elgeneracionalpost.com\\\/wp-content\\\/uploads\\\/2023\\\/04\\\/belen1.jpg\",\"articleSection\":[\"Cultura e lazer\"],\"inLanguage\":\"pl-PL\",\"potentialAction\":[{\"@type\":\"CommentAction\",\"name\":\"Comment\",\"target\":[\"https:\\\/\\\/tirinha.com\\\/1135\\\/o-poder-curador-do-silencio-o-livro-de-belen-colomina-para-transformar-a-mente\\\/#respond\"]}]},{\"@type\":\"WebPage\",\"@id\":\"https:\\\/\\\/tirinha.com\\\/1135\\\/o-poder-curador-do-silencio-o-livro-de-belen-colomina-para-transformar-a-mente\\\/\",\"url\":\"https:\\\/\\\/tirinha.com\\\/1135\\\/o-poder-curador-do-silencio-o-livro-de-belen-colomina-para-transformar-a-mente\\\/\",\"name\":\"'O poder curador do sil\u00eancio', o livro de Bel\u00e9n Colomina para transformar a mente - Tirinha.com\",\"isPartOf\":{\"@id\":\"https:\\\/\\\/tirinha.com\\\/#website\"},\"primaryImageOfPage\":{\"@id\":\"https:\\\/\\\/tirinha.com\\\/1135\\\/o-poder-curador-do-silencio-o-livro-de-belen-colomina-para-transformar-a-mente\\\/#primaryimage\"},\"image\":{\"@id\":\"https:\\\/\\\/tirinha.com\\\/1135\\\/o-poder-curador-do-silencio-o-livro-de-belen-colomina-para-transformar-a-mente\\\/#primaryimage\"},\"thumbnailUrl\":\"https:\\\/\\\/elgeneracionalpost.com\\\/wp-content\\\/uploads\\\/2023\\\/04\\\/belen1.jpg\",\"datePublished\":\"2023-04-13T12:07:57+00:00\",\"breadcrumb\":{\"@id\":\"https:\\\/\\\/tirinha.com\\\/1135\\\/o-poder-curador-do-silencio-o-livro-de-belen-colomina-para-transformar-a-mente\\\/#breadcrumb\"},\"inLanguage\":\"pl-PL\",\"potentialAction\":[{\"@type\":\"ReadAction\",\"target\":[\"https:\\\/\\\/tirinha.com\\\/1135\\\/o-poder-curador-do-silencio-o-livro-de-belen-colomina-para-transformar-a-mente\\\/\"]}]},{\"@type\":\"ImageObject\",\"inLanguage\":\"pl-PL\",\"@id\":\"https:\\\/\\\/tirinha.com\\\/1135\\\/o-poder-curador-do-silencio-o-livro-de-belen-colomina-para-transformar-a-mente\\\/#primaryimage\",\"url\":\"https:\\\/\\\/elgeneracionalpost.com\\\/wp-content\\\/uploads\\\/2023\\\/04\\\/belen1.jpg\",\"contentUrl\":\"https:\\\/\\\/elgeneracionalpost.com\\\/wp-content\\\/uploads\\\/2023\\\/04\\\/belen1.jpg\"},{\"@type\":\"BreadcrumbList\",\"@id\":\"https:\\\/\\\/tirinha.com\\\/1135\\\/o-poder-curador-do-silencio-o-livro-de-belen-colomina-para-transformar-a-mente\\\/#breadcrumb\",\"itemListElement\":[{\"@type\":\"ListItem\",\"position\":1,\"name\":\"Home\",\"item\":\"https:\\\/\\\/tirinha.com\\\/\"},{\"@type\":\"ListItem\",\"position\":2,\"name\":\"&#8216;O poder curador do sil\u00eancio&#8217;, o livro de Bel\u00e9n Colomina para transformar a mente\"}]},{\"@type\":\"WebSite\",\"@id\":\"https:\\\/\\\/tirinha.com\\\/#website\",\"url\":\"https:\\\/\\\/tirinha.com\\\/\",\"name\":\"Tirinha.com\",\"description\":\"Arte e livros resenhas\",\"publisher\":{\"@id\":\"https:\\\/\\\/tirinha.com\\\/#organization\"},\"potentialAction\":[{\"@type\":\"SearchAction\",\"target\":{\"@type\":\"EntryPoint\",\"urlTemplate\":\"https:\\\/\\\/tirinha.com\\\/?s={search_term_string}\"},\"query-input\":{\"@type\":\"PropertyValueSpecification\",\"valueRequired\":true,\"valueName\":\"search_term_string\"}}],\"inLanguage\":\"pl-PL\"},{\"@type\":\"Organization\",\"@id\":\"https:\\\/\\\/tirinha.com\\\/#organization\",\"name\":\"Tirinha.com\",\"url\":\"https:\\\/\\\/tirinha.com\\\/\",\"logo\":{\"@type\":\"ImageObject\",\"inLanguage\":\"pl-PL\",\"@id\":\"https:\\\/\\\/tirinha.com\\\/#\\\/schema\\\/logo\\\/image\\\/\",\"url\":\"https:\\\/\\\/tirinha.com\\\/wp-content\\\/uploads\\\/2023\\\/08\\\/cropped-Logo-Tirinha.webp\",\"contentUrl\":\"https:\\\/\\\/tirinha.com\\\/wp-content\\\/uploads\\\/2023\\\/08\\\/cropped-Logo-Tirinha.webp\",\"width\":512,\"height\":512,\"caption\":\"Tirinha.com\"},\"image\":{\"@id\":\"https:\\\/\\\/tirinha.com\\\/#\\\/schema\\\/logo\\\/image\\\/\"}},{\"@type\":\"Person\",\"@id\":\"https:\\\/\\\/tirinha.com\\\/#\\\/schema\\\/person\\\/e22bdfbe17e0461f7e927e6a1208d4d9\",\"name\":\"admin\",\"image\":{\"@type\":\"ImageObject\",\"inLanguage\":\"pl-PL\",\"@id\":\"https:\\\/\\\/tirinha.com\\\/wp-content\\\/litespeed\\\/avatar\\\/d0068f7931cc87d7274eb0c3db1deb4b.jpg?ver=1776829466\",\"url\":\"https:\\\/\\\/tirinha.com\\\/wp-content\\\/litespeed\\\/avatar\\\/d0068f7931cc87d7274eb0c3db1deb4b.jpg?ver=1776829466\",\"contentUrl\":\"https:\\\/\\\/tirinha.com\\\/wp-content\\\/litespeed\\\/avatar\\\/d0068f7931cc87d7274eb0c3db1deb4b.jpg?ver=1776829466\",\"caption\":\"admin\"},\"sameAs\":[\"https:\\\/\\\/tirinha.com\"],\"url\":\"https:\\\/\\\/tirinha.com\\\/pl\\\/author\\\/admin\\\/\"}]}<\/script>\n<!-- \/ Yoast SEO plugin. -->","yoast_head_json":{"title":"'O poder curador do sil\u00eancio', o livro de Bel\u00e9n Colomina para transformar a mente - Tirinha.com","robots":{"index":"index","follow":"follow","max-snippet":"max-snippet:-1","max-image-preview":"max-image-preview:large","max-video-preview":"max-video-preview:-1"},"canonical":"https:\/\/tirinha.com\/pl\/1135\/o-poder-curador-do-silencio-o-livro-de-belen-colomina-para-transformar-a-mente\/","og_locale":"pl_PL","og_type":"article","og_title":"'O poder curador do sil\u00eancio', o livro de Bel\u00e9n Colomina para transformar a mente - Tirinha.com","og_description":"Bel\u00e9n Colomina nos aproxima do bem-estar atrav\u00e9s da medita\u00e7\u00e3o Bel\u00e9n Colomina, psic\u00f3loga da sa\u00fade, psicoterapeuta humanista e autora de livros &hellip;","og_url":"https:\/\/tirinha.com\/pl\/1135\/o-poder-curador-do-silencio-o-livro-de-belen-colomina-para-transformar-a-mente\/","og_site_name":"Tirinha.com","article_published_time":"2023-04-13T12:07:57+00:00","og_image":[{"url":"https:\/\/elgeneracionalpost.com\/wp-content\/uploads\/2023\/04\/belen1.jpg","type":"","width":"","height":""}],"author":"admin","twitter_card":"summary_large_image","twitter_image":"https:\/\/elgeneracionalpost.com\/wp-content\/uploads\/2023\/04\/belen1.jpg","twitter_misc":{"Napisane przez":"admin","Szacowany czas czytania":"7 minut"},"schema":{"@context":"https:\/\/schema.org","@graph":[{"@type":"Article","@id":"https:\/\/tirinha.com\/1135\/o-poder-curador-do-silencio-o-livro-de-belen-colomina-para-transformar-a-mente\/#article","isPartOf":{"@id":"https:\/\/tirinha.com\/1135\/o-poder-curador-do-silencio-o-livro-de-belen-colomina-para-transformar-a-mente\/"},"author":{"name":"admin","@id":"https:\/\/tirinha.com\/#\/schema\/person\/e22bdfbe17e0461f7e927e6a1208d4d9"},"headline":"&#8216;O poder curador do sil\u00eancio&#8217;, o livro de Bel\u00e9n Colomina para transformar a mente","datePublished":"2023-04-13T12:07:57+00:00","mainEntityOfPage":{"@id":"https:\/\/tirinha.com\/1135\/o-poder-curador-do-silencio-o-livro-de-belen-colomina-para-transformar-a-mente\/"},"wordCount":1423,"commentCount":0,"publisher":{"@id":"https:\/\/tirinha.com\/#organization"},"image":{"@id":"https:\/\/tirinha.com\/1135\/o-poder-curador-do-silencio-o-livro-de-belen-colomina-para-transformar-a-mente\/#primaryimage"},"thumbnailUrl":"https:\/\/elgeneracionalpost.com\/wp-content\/uploads\/2023\/04\/belen1.jpg","articleSection":["Cultura e lazer"],"inLanguage":"pl-PL","potentialAction":[{"@type":"CommentAction","name":"Comment","target":["https:\/\/tirinha.com\/1135\/o-poder-curador-do-silencio-o-livro-de-belen-colomina-para-transformar-a-mente\/#respond"]}]},{"@type":"WebPage","@id":"https:\/\/tirinha.com\/1135\/o-poder-curador-do-silencio-o-livro-de-belen-colomina-para-transformar-a-mente\/","url":"https:\/\/tirinha.com\/1135\/o-poder-curador-do-silencio-o-livro-de-belen-colomina-para-transformar-a-mente\/","name":"'O poder curador do sil\u00eancio', o livro de Bel\u00e9n Colomina para transformar a mente - Tirinha.com","isPartOf":{"@id":"https:\/\/tirinha.com\/#website"},"primaryImageOfPage":{"@id":"https:\/\/tirinha.com\/1135\/o-poder-curador-do-silencio-o-livro-de-belen-colomina-para-transformar-a-mente\/#primaryimage"},"image":{"@id":"https:\/\/tirinha.com\/1135\/o-poder-curador-do-silencio-o-livro-de-belen-colomina-para-transformar-a-mente\/#primaryimage"},"thumbnailUrl":"https:\/\/elgeneracionalpost.com\/wp-content\/uploads\/2023\/04\/belen1.jpg","datePublished":"2023-04-13T12:07:57+00:00","breadcrumb":{"@id":"https:\/\/tirinha.com\/1135\/o-poder-curador-do-silencio-o-livro-de-belen-colomina-para-transformar-a-mente\/#breadcrumb"},"inLanguage":"pl-PL","potentialAction":[{"@type":"ReadAction","target":["https:\/\/tirinha.com\/1135\/o-poder-curador-do-silencio-o-livro-de-belen-colomina-para-transformar-a-mente\/"]}]},{"@type":"ImageObject","inLanguage":"pl-PL","@id":"https:\/\/tirinha.com\/1135\/o-poder-curador-do-silencio-o-livro-de-belen-colomina-para-transformar-a-mente\/#primaryimage","url":"https:\/\/elgeneracionalpost.com\/wp-content\/uploads\/2023\/04\/belen1.jpg","contentUrl":"https:\/\/elgeneracionalpost.com\/wp-content\/uploads\/2023\/04\/belen1.jpg"},{"@type":"BreadcrumbList","@id":"https:\/\/tirinha.com\/1135\/o-poder-curador-do-silencio-o-livro-de-belen-colomina-para-transformar-a-mente\/#breadcrumb","itemListElement":[{"@type":"ListItem","position":1,"name":"Home","item":"https:\/\/tirinha.com\/"},{"@type":"ListItem","position":2,"name":"&#8216;O poder curador do sil\u00eancio&#8217;, o livro de Bel\u00e9n Colomina para transformar a mente"}]},{"@type":"WebSite","@id":"https:\/\/tirinha.com\/#website","url":"https:\/\/tirinha.com\/","name":"Tirinha.com","description":"Recenzje dzie\u0142 sztuki i ksi\u0105\u017cek","publisher":{"@id":"https:\/\/tirinha.com\/#organization"},"potentialAction":[{"@type":"SearchAction","target":{"@type":"EntryPoint","urlTemplate":"https:\/\/tirinha.com\/?s={search_term_string}"},"query-input":{"@type":"PropertyValueSpecification","valueRequired":true,"valueName":"search_term_string"}}],"inLanguage":"pl-PL"},{"@type":"Organization","@id":"https:\/\/tirinha.com\/#organization","name":"Tirinha.com","url":"https:\/\/tirinha.com\/","logo":{"@type":"ImageObject","inLanguage":"pl-PL","@id":"https:\/\/tirinha.com\/#\/schema\/logo\/image\/","url":"https:\/\/tirinha.com\/wp-content\/uploads\/2023\/08\/cropped-Logo-Tirinha.webp","contentUrl":"https:\/\/tirinha.com\/wp-content\/uploads\/2023\/08\/cropped-Logo-Tirinha.webp","width":512,"height":512,"caption":"Tirinha.com"},"image":{"@id":"https:\/\/tirinha.com\/#\/schema\/logo\/image\/"}},{"@type":"Person","@id":"https:\/\/tirinha.com\/#\/schema\/person\/e22bdfbe17e0461f7e927e6a1208d4d9","name":"Admin","image":{"@type":"ImageObject","inLanguage":"pl-PL","@id":"https:\/\/tirinha.com\/wp-content\/litespeed\/avatar\/d0068f7931cc87d7274eb0c3db1deb4b.jpg?ver=1776829466","url":"https:\/\/tirinha.com\/wp-content\/litespeed\/avatar\/d0068f7931cc87d7274eb0c3db1deb4b.jpg?ver=1776829466","contentUrl":"https:\/\/tirinha.com\/wp-content\/litespeed\/avatar\/d0068f7931cc87d7274eb0c3db1deb4b.jpg?ver=1776829466","caption":"admin"},"sameAs":["https:\/\/tirinha.com"],"url":"https:\/\/tirinha.com\/pl\/author\/admin\/"}]}},"_links":{"self":[{"href":"https:\/\/tirinha.com\/pl\/wp-json\/wp\/v2\/posts\/1135","targetHints":{"allow":["GET"]}}],"collection":[{"href":"https:\/\/tirinha.com\/pl\/wp-json\/wp\/v2\/posts"}],"about":[{"href":"https:\/\/tirinha.com\/pl\/wp-json\/wp\/v2\/types\/post"}],"author":[{"embeddable":true,"href":"https:\/\/tirinha.com\/pl\/wp-json\/wp\/v2\/users\/1"}],"replies":[{"embeddable":true,"href":"https:\/\/tirinha.com\/pl\/wp-json\/wp\/v2\/comments?post=1135"}],"version-history":[{"count":0,"href":"https:\/\/tirinha.com\/pl\/wp-json\/wp\/v2\/posts\/1135\/revisions"}],"wp:featuredmedia":[{"embeddable":true,"href":"https:\/\/tirinha.com\/pl\/wp-json\/wp\/v2\/media\/1136"}],"wp:attachment":[{"href":"https:\/\/tirinha.com\/pl\/wp-json\/wp\/v2\/media?parent=1135"}],"wp:term":[{"taxonomy":"category","embeddable":true,"href":"https:\/\/tirinha.com\/pl\/wp-json\/wp\/v2\/categories?post=1135"},{"taxonomy":"post_tag","embeddable":true,"href":"https:\/\/tirinha.com\/pl\/wp-json\/wp\/v2\/tags?post=1135"}],"curies":[{"name":"wp","href":"https:\/\/api.w.org\/{rel}","templated":true}]}}