{"id":1126,"date":"2023-04-12T11:41:13","date_gmt":"2023-04-12T11:41:13","guid":{"rendered":"https:\/\/tirinha.com\/rtve-estreia-pacientes-do-dr-garcia-de-almudena-grandes\/"},"modified":"2023-04-12T11:41:13","modified_gmt":"2023-04-12T11:41:13","slug":"rtve-estreia-pacientes-do-dr-garcia-de-almudena-grandes","status":"publish","type":"post","link":"https:\/\/tirinha.com\/pl\/1126\/rtve-estreia-pacientes-do-dr-garcia-de-almudena-grandes\/","title":{"rendered":"RTVE prezentuje premier\u0119 \u201ePacjenci doktora Garc\u00edi\u201d Almudeny Grandes"},"content":{"rendered":"<p><\/p>\n<div>\n<h2 class=\"epigraph\">W serialu wyst\u0105pi\u0105 Javier Rey, Ver\u00f3nica Ech\u00e9gui i Tamar Novas<\/h2>\n<p><strong>Adaptacja pokoju dzieci\u0119cego <em>Epizody nieko\u0144cz\u0105cej si\u0119 wojny<\/em> Zostanie wyemitowany wiosn\u0105 tego roku. <em>Pacjenci doktora Garcii<\/em> B\u0119dzie si\u0119 sk\u0142ada\u0142 z dziesi\u0119ciu odcink\u00f3w \u2013 kt\u00f3rych akcja rozgrywa si\u0119 w latach 1936\u20131976 \u2013 a w obsadzie wyst\u0105pi\u0105 I\u00f1aki Miram\u00f3n, Jon Olivares i Eva Llorach.<\/strong><\/p>\n<figure id=\"attachment_85441\" aria-describedby=\"caption-attachment-85441\" style=\"width: 4178px\" class=\"wp-caption aligncenter\"><img fetchpriority=\"high\" data-attachment-id=\"85441\" data-permalink=\"https:\/\/elgeneracionalpost.com\/cultura\/2023\/0412\/85365\/rtve-estrena-los-pacientes-del-doctor-garcia-de-almudena-grandes.html\/attachment\/_dsc9379\" data-orig-file=\"https:\/\/i0.wp.com\/elgeneracionalpost.com\/wp-content\/uploads\/2023\/04\/DSC9379.jpg?fit=4178%2C2767&amp;ssl=1\" data-orig-size=\"4178,2767\" data-comments-opened=\"0\" data-image-meta=\"{&quot;aperture&quot;:&quot;5.6&quot;,&quot;credit&quot;:&quot;ALAN_OTTO&quot;,&quot;camera&quot;:&quot;NIKON D7000&quot;,&quot;caption&quot;:&quot;&quot;,&quot;created_timestamp&quot;:&quot;1681123407&quot;,&quot;copyright&quot;:&quot;ALAN_OTTO&quot;,&quot;focal_length&quot;:&quot;18&quot;,&quot;iso&quot;:&quot;2000&quot;,&quot;shutter_speed&quot;:&quot;0.004&quot;,&quot;title&quot;:&quot;&quot;,&quot;orientation&quot;:&quot;1&quot;}\" data-image-title=\"_DSC9379\" data-image-description=\"\" data-image-caption=\"\" data-medium-file=\"https:\/\/i0.wp.com\/elgeneracionalpost.com\/wp-content\/uploads\/2023\/04\/DSC9379.jpg?fit=300%2C199&amp;ssl=1\" data-large-file=\"https:\/\/i0.wp.com\/elgeneracionalpost.com\/wp-content\/uploads\/2023\/04\/DSC9379.jpg?fit=696%2C461&amp;ssl=1\" decoding=\"async\" class=\"wp-image-85441 size-full jetpack-lazy-image\" src=\"https:\/\/i0.wp.com\/elgeneracionalpost.com\/wp-content\/uploads\/2023\/04\/DSC9379.jpg?resize=696%2C461&amp;ssl=1\" alt=\"Tamar Novas e Javier Rey |  Fonte: O Geracional See More\" width=\"696\" height=\"461\" data-recalc-dims=\"1\" data-lazy-srcset=\"https:\/\/i0.wp.com\/elgeneracionalpost.com\/wp-content\/uploads\/2023\/04\/DSC9379.jpg?w=4178&amp;ssl=1 4178w, https:\/\/i0.wp.com\/elgeneracionalpost.com\/wp-content\/uploads\/2023\/04\/DSC9379.jpg?resize=300%2C199&amp;ssl=1 300w, https:\/\/i0.wp.com\/elgeneracionalpost.com\/wp-content\/uploads\/2023\/04\/DSC9379.jpg?resize=1024%2C678&amp;ssl=1 1024w, https:\/\/i0.wp.com\/elgeneracionalpost.com\/wp-content\/uploads\/2023\/04\/DSC9379.jpg?resize=768%2C509&amp;ssl=1 768w, https:\/\/i0.wp.com\/elgeneracionalpost.com\/wp-content\/uploads\/2023\/04\/DSC9379.jpg?resize=1536%2C1017&amp;ssl=1 1536w, https:\/\/i0.wp.com\/elgeneracionalpost.com\/wp-content\/uploads\/2023\/04\/DSC9379.jpg?resize=2048%2C1356&amp;ssl=1 2048w, https:\/\/i0.wp.com\/elgeneracionalpost.com\/wp-content\/uploads\/2023\/04\/DSC9379.jpg?resize=150%2C99&amp;ssl=1 150w, https:\/\/i0.wp.com\/elgeneracionalpost.com\/wp-content\/uploads\/2023\/04\/DSC9379.jpg?resize=696%2C461&amp;ssl=1 696w, https:\/\/i0.wp.com\/elgeneracionalpost.com\/wp-content\/uploads\/2023\/04\/DSC9379.jpg?resize=1068%2C707&amp;ssl=1 1068w, https:\/\/i0.wp.com\/elgeneracionalpost.com\/wp-content\/uploads\/2023\/04\/DSC9379.jpg?resize=1920%2C1272&amp;ssl=1 1920w, https:\/\/i0.wp.com\/elgeneracionalpost.com\/wp-content\/uploads\/2023\/04\/DSC9379.jpg?w=1392&amp;ssl=1 1392w\" data-lazy-sizes=\"(max-width: 696px) 100vw, 696px\" data-lazy-src=\"https:\/\/i0.wp.com\/elgeneracionalpost.com\/wp-content\/uploads\/2023\/04\/DSC9379.jpg?resize=696%2C461&amp;is-pending-load=1#038;ssl=1\" srcset=\"data:image\/gif;base64,R0lGODlhAQABAIAAAAAAAP\/\/\/yH5BAEAAAAALAAAAAABAAEAAAIBRAA7\"\/><noscript><img data-lazy-fallback=\"1\" data-attachment-id=\"85441\" data-permalink=\"https:\/\/elgeneracionalpost.com\/cultura\/2023\/0412\/85365\/rtve-estrena-los-pacientes-del-doctor-garcia-de-almudena-grandes.html\/attachment\/_dsc9379\" data-orig-file=\"https:\/\/i0.wp.com\/elgeneracionalpost.com\/wp-content\/uploads\/2023\/04\/DSC9379.jpg?fit=4178%2C2767&amp;ssl=1\" data-orig-size=\"4178,2767\" data-comments-opened=\"0\" data-image-meta=\"{&quot;aperture&quot;:&quot;5.6&quot;,&quot;credit&quot;:&quot;ALAN_OTTO&quot;,&quot;camera&quot;:&quot;NIKON D7000&quot;,&quot;caption&quot;:&quot;&quot;,&quot;created_timestamp&quot;:&quot;1681123407&quot;,&quot;copyright&quot;:&quot;ALAN_OTTO&quot;,&quot;focal_length&quot;:&quot;18&quot;,&quot;iso&quot;:&quot;2000&quot;,&quot;shutter_speed&quot;:&quot;0.004&quot;,&quot;title&quot;:&quot;&quot;,&quot;orientation&quot;:&quot;1&quot;}\" data-image-title=\"_DSC9379\" data-image-description=\"\" data-image-caption=\"\" data-medium-file=\"https:\/\/i0.wp.com\/elgeneracionalpost.com\/wp-content\/uploads\/2023\/04\/DSC9379.jpg?fit=300%2C199&amp;ssl=1\" data-large-file=\"https:\/\/i0.wp.com\/elgeneracionalpost.com\/wp-content\/uploads\/2023\/04\/DSC9379.jpg?fit=696%2C461&amp;ssl=1\" decoding=\"async\" class=\"wp-image-85441 size-full\" src=\"https:\/\/i0.wp.com\/elgeneracionalpost.com\/wp-content\/uploads\/2023\/04\/DSC9379.jpg?resize=696%2C461&amp;ssl=1\" alt=\"Tamar Novas e Javier Rey |  Fonte: O Geracional See More\" width=\"696\" height=\"461\" srcset=\"https:\/\/i0.wp.com\/elgeneracionalpost.com\/wp-content\/uploads\/2023\/04\/DSC9379.jpg?w=4178&amp;ssl=1 4178w, https:\/\/i0.wp.com\/elgeneracionalpost.com\/wp-content\/uploads\/2023\/04\/DSC9379.jpg?resize=300%2C199&amp;ssl=1 300w, https:\/\/i0.wp.com\/elgeneracionalpost.com\/wp-content\/uploads\/2023\/04\/DSC9379.jpg?resize=1024%2C678&amp;ssl=1 1024w, https:\/\/i0.wp.com\/elgeneracionalpost.com\/wp-content\/uploads\/2023\/04\/DSC9379.jpg?resize=768%2C509&amp;ssl=1 768w, https:\/\/i0.wp.com\/elgeneracionalpost.com\/wp-content\/uploads\/2023\/04\/DSC9379.jpg?resize=1536%2C1017&amp;ssl=1 1536w, https:\/\/i0.wp.com\/elgeneracionalpost.com\/wp-content\/uploads\/2023\/04\/DSC9379.jpg?resize=2048%2C1356&amp;ssl=1 2048w, https:\/\/i0.wp.com\/elgeneracionalpost.com\/wp-content\/uploads\/2023\/04\/DSC9379.jpg?resize=150%2C99&amp;ssl=1 150w, https:\/\/i0.wp.com\/elgeneracionalpost.com\/wp-content\/uploads\/2023\/04\/DSC9379.jpg?resize=696%2C461&amp;ssl=1 696w, https:\/\/i0.wp.com\/elgeneracionalpost.com\/wp-content\/uploads\/2023\/04\/DSC9379.jpg?resize=1068%2C707&amp;ssl=1 1068w, https:\/\/i0.wp.com\/elgeneracionalpost.com\/wp-content\/uploads\/2023\/04\/DSC9379.jpg?resize=1920%2C1272&amp;ssl=1 1920w, https:\/\/i0.wp.com\/elgeneracionalpost.com\/wp-content\/uploads\/2023\/04\/DSC9379.jpg?w=1392&amp;ssl=1 1392w\" sizes=\"(max-width: 696px) 100vw, 696px\" data-recalc-dims=\"1\"\/><\/noscript><figcaption id=\"caption-attachment-85441\" class=\"wp-caption-text\">Tamar Novas i Javier Rey | \u0179r\u00f3d\u0142o: Jaime Luj\u00e1n Alarc\u00f3n (O Geracional)<\/figcaption><\/figure>\n<h3><em>Pacjenci doktora Garcii<\/em><\/h3>\n<p>Zosta\u0142 opublikowany przez <strong>Almudeny Grandes<\/strong> w 2017 roku jest to ju\u017c czwarty tytu\u0142 <em>I<\/em><em>epizody nieko\u0144cz\u0105cej si\u0119 wojny<\/em>serial b\u0119d\u0105cy ho\u0142dem dla odcink\u00f3w krajowych <strong>Benito Pereza Galdosa<\/strong>\u2013 ma zamiar szczeg\u00f3\u0142owo om\u00f3wi\u0107 kluczowe momenty oporu wobec Franco.<\/p>\n<p>Doktor Guillermo Garc\u00eda, grany przez <strong>Javier King<\/strong>, w okresie powojennym przebywa\u0142 w Madrycie dzi\u0119ki fa\u0142szywej to\u017csamo\u015bci, kt\u00f3ra uratowa\u0142a mu \u017cycie. charakter <strong>Tamar Novas<\/strong>Manuel Arroyo Ben\u00edtez by\u0142 tym, kt\u00f3ry zaaran\u017cowa\u0142 jego p\u00f3\u017aniejszy powr\u00f3t z wygnania w celu infiltracji <strong>tajna organizacja pomagaj\u0105ca uciekinierom <em>Trzecia Rzesza<\/em><\/strong>.<\/p>\n<p>Adri\u00e1n Gallardo, bokser, kt\u00f3ry zaci\u0105gn\u0105\u0142 si\u0119 do B\u0142\u0119kitnej Dywizji \u2013 grany przez <strong>Jona Olivaresa<\/strong>\u2013 stan\u0105 na ich drodze. Fabu\u0142a, jak to zwykle bywa w przypadku dzie\u0142 Grandesa, jest mieszana<strong> fikcja z wydarzeniami historycznymi<\/strong> kt\u00f3ry wyznaczy\u0142 przysz\u0142o\u015b\u0107 Hiszpanii od wojny domowej do okresu przej\u015bciowego.<\/p>\n<figure id=\"attachment_85442\" aria-describedby=\"caption-attachment-85442\" style=\"width: 1696px\" class=\"wp-caption aligncenter\"><img data-attachment-id=\"85442\" data-permalink=\"https:\/\/elgeneracionalpost.com\/cultura\/2023\/0412\/85365\/rtve-estrena-los-pacientes-del-doctor-garcia-de-almudena-grandes.html\/attachment\/_dsc9363\" data-orig-file=\"https:\/\/i0.wp.com\/elgeneracionalpost.com\/wp-content\/uploads\/2023\/04\/DSC9363.jpg?fit=1696%2C2560&amp;ssl=1\" data-orig-size=\"1696,2560\" data-comments-opened=\"0\" data-image-meta=\"{&quot;aperture&quot;:&quot;7.1&quot;,&quot;credit&quot;:&quot;ALAN_OTTO&quot;,&quot;camera&quot;:&quot;NIKON D7000&quot;,&quot;caption&quot;:&quot;&quot;,&quot;created_timestamp&quot;:&quot;1681123118&quot;,&quot;copyright&quot;:&quot;ALAN_OTTO&quot;,&quot;focal_length&quot;:&quot;31&quot;,&quot;iso&quot;:&quot;2000&quot;,&quot;shutter_speed&quot;:&quot;0.004&quot;,&quot;title&quot;:&quot;&quot;,&quot;orientation&quot;:&quot;1&quot;}\" data-image-title=\"_DSC9363\" data-image-description=\"\" data-image-caption=\"\" data-medium-file=\"https:\/\/i0.wp.com\/elgeneracionalpost.com\/wp-content\/uploads\/2023\/04\/DSC9363.jpg?fit=199%2C300&amp;ssl=1\" data-large-file=\"https:\/\/i0.wp.com\/elgeneracionalpost.com\/wp-content\/uploads\/2023\/04\/DSC9363.jpg?fit=678%2C1024&amp;ssl=1\" decoding=\"async\" class=\"wp-image-85442 size-full jetpack-lazy-image\" src=\"https:\/\/i0.wp.com\/elgeneracionalpost.com\/wp-content\/uploads\/2023\/04\/DSC9363.jpg?resize=696%2C1051&amp;ssl=1\" alt=\"\" width=\"696\" height=\"1051\" data-recalc-dims=\"1\" data-lazy-srcset=\"https:\/\/i0.wp.com\/elgeneracionalpost.com\/wp-content\/uploads\/2023\/04\/DSC9363.jpg?w=1696&amp;ssl=1 1696w, https:\/\/i0.wp.com\/elgeneracionalpost.com\/wp-content\/uploads\/2023\/04\/DSC9363.jpg?resize=199%2C300&amp;ssl=1 199w, https:\/\/i0.wp.com\/elgeneracionalpost.com\/wp-content\/uploads\/2023\/04\/DSC9363.jpg?resize=678%2C1024&amp;ssl=1 678w, https:\/\/i0.wp.com\/elgeneracionalpost.com\/wp-content\/uploads\/2023\/04\/DSC9363.jpg?resize=768%2C1159&amp;ssl=1 768w, https:\/\/i0.wp.com\/elgeneracionalpost.com\/wp-content\/uploads\/2023\/04\/DSC9363.jpg?resize=1018%2C1536&amp;ssl=1 1018w, https:\/\/i0.wp.com\/elgeneracionalpost.com\/wp-content\/uploads\/2023\/04\/DSC9363.jpg?resize=1357%2C2048&amp;ssl=1 1357w, https:\/\/i0.wp.com\/elgeneracionalpost.com\/wp-content\/uploads\/2023\/04\/DSC9363.jpg?resize=150%2C226&amp;ssl=1 150w, https:\/\/i0.wp.com\/elgeneracionalpost.com\/wp-content\/uploads\/2023\/04\/DSC9363.jpg?resize=300%2C453&amp;ssl=1 300w, https:\/\/i0.wp.com\/elgeneracionalpost.com\/wp-content\/uploads\/2023\/04\/DSC9363.jpg?resize=696%2C1051&amp;ssl=1 696w, https:\/\/i0.wp.com\/elgeneracionalpost.com\/wp-content\/uploads\/2023\/04\/DSC9363.jpg?resize=1068%2C1612&amp;ssl=1 1068w\" data-lazy-sizes=\"(max-width: 696px) 100vw, 696px\" data-lazy-src=\"https:\/\/i0.wp.com\/elgeneracionalpost.com\/wp-content\/uploads\/2023\/04\/DSC9363.jpg?resize=696%2C1051&amp;is-pending-load=1#038;ssl=1\" srcset=\"data:image\/gif;base64,R0lGODlhAQABAIAAAAAAAP\/\/\/yH5BAEAAAAALAAAAAABAAEAAAIBRAA7\"\/><noscript><img loading=\"lazy\" data-lazy-fallback=\"1\" data-attachment-id=\"85442\" data-permalink=\"https:\/\/elgeneracionalpost.com\/cultura\/2023\/0412\/85365\/rtve-estrena-los-pacientes-del-doctor-garcia-de-almudena-grandes.html\/attachment\/_dsc9363\" data-orig-file=\"https:\/\/i0.wp.com\/elgeneracionalpost.com\/wp-content\/uploads\/2023\/04\/DSC9363.jpg?fit=1696%2C2560&amp;ssl=1\" data-orig-size=\"1696,2560\" data-comments-opened=\"0\" data-image-meta=\"{&quot;aperture&quot;:&quot;7.1&quot;,&quot;credit&quot;:&quot;ALAN_OTTO&quot;,&quot;camera&quot;:&quot;NIKON D7000&quot;,&quot;caption&quot;:&quot;&quot;,&quot;created_timestamp&quot;:&quot;1681123118&quot;,&quot;copyright&quot;:&quot;ALAN_OTTO&quot;,&quot;focal_length&quot;:&quot;31&quot;,&quot;iso&quot;:&quot;2000&quot;,&quot;shutter_speed&quot;:&quot;0.004&quot;,&quot;title&quot;:&quot;&quot;,&quot;orientation&quot;:&quot;1&quot;}\" data-image-title=\"_DSC9363\" data-image-description=\"\" data-image-caption=\"\" data-medium-file=\"https:\/\/i0.wp.com\/elgeneracionalpost.com\/wp-content\/uploads\/2023\/04\/DSC9363.jpg?fit=199%2C300&amp;ssl=1\" data-large-file=\"https:\/\/i0.wp.com\/elgeneracionalpost.com\/wp-content\/uploads\/2023\/04\/DSC9363.jpg?fit=678%2C1024&amp;ssl=1\" decoding=\"async\" class=\"wp-image-85442 size-full\" src=\"https:\/\/i0.wp.com\/elgeneracionalpost.com\/wp-content\/uploads\/2023\/04\/DSC9363.jpg?resize=696%2C1051&amp;ssl=1\" alt=\"\" width=\"696\" height=\"1051\" srcset=\"https:\/\/i0.wp.com\/elgeneracionalpost.com\/wp-content\/uploads\/2023\/04\/DSC9363.jpg?w=1696&amp;ssl=1 1696w, https:\/\/i0.wp.com\/elgeneracionalpost.com\/wp-content\/uploads\/2023\/04\/DSC9363.jpg?resize=199%2C300&amp;ssl=1 199w, https:\/\/i0.wp.com\/elgeneracionalpost.com\/wp-content\/uploads\/2023\/04\/DSC9363.jpg?resize=678%2C1024&amp;ssl=1 678w, https:\/\/i0.wp.com\/elgeneracionalpost.com\/wp-content\/uploads\/2023\/04\/DSC9363.jpg?resize=768%2C1159&amp;ssl=1 768w, https:\/\/i0.wp.com\/elgeneracionalpost.com\/wp-content\/uploads\/2023\/04\/DSC9363.jpg?resize=1018%2C1536&amp;ssl=1 1018w, https:\/\/i0.wp.com\/elgeneracionalpost.com\/wp-content\/uploads\/2023\/04\/DSC9363.jpg?resize=1357%2C2048&amp;ssl=1 1357w, https:\/\/i0.wp.com\/elgeneracionalpost.com\/wp-content\/uploads\/2023\/04\/DSC9363.jpg?resize=150%2C226&amp;ssl=1 150w, https:\/\/i0.wp.com\/elgeneracionalpost.com\/wp-content\/uploads\/2023\/04\/DSC9363.jpg?resize=300%2C453&amp;ssl=1 300w, https:\/\/i0.wp.com\/elgeneracionalpost.com\/wp-content\/uploads\/2023\/04\/DSC9363.jpg?resize=696%2C1051&amp;ssl=1 696w, https:\/\/i0.wp.com\/elgeneracionalpost.com\/wp-content\/uploads\/2023\/04\/DSC9363.jpg?resize=1068%2C1612&amp;ssl=1 1068w\" sizes=\"auto, (max-width: 696px) 100vw, 696px\" data-recalc-dims=\"1\"\/><\/noscript><figcaption id=\"caption-attachment-85442\" class=\"wp-caption-text\">Plakat promocyjny | \u0179r\u00f3d\u0142o: Jaime Luj\u00e1n Alarc\u00f3n (O Geracional)<\/figcaption><\/figure>\n<h3>Serie<\/h3>\n<p>Re\u017cyser i scenarzysta m.in <em>Mi\u0142o\u015b\u0107 jest wieczna<\/em>, <strong>Joann\u0119 Noguer\u0119<\/strong>, jest odpowiedzialny za adaptacj\u0119 tej Krajowej Nagrody Narracyjnej. Jest to koprodukcja RTVE i Netflix, <strong>nadawany na La 1<\/strong> podczas gdy mo\u017cna si\u0119 nim cieszy\u0107 za po\u015brednictwem <em>przesy\u0142anie strumieniowe<\/em>. To wielkie wyzwanie, aby w ko\u0144cu mie\u0107 na ma\u0142ym ekranie jednego z najlepszych wsp\u00f3\u0142czesnych narrator\u00f3w w j\u0119zyku hiszpa\u0144skim.<\/p>\n<p>Zas\u0142u\u017cony ho\u0142d dla niezapomnianego autora z Madrytu. Jego historie, w dowolnej formie, zapadaj\u0105 w pami\u0119\u0107 czytelnikom i zapewniaj\u0105 rzetelny wgl\u0105d w \u017cycie zwyk\u0142ych ludzi. W <em>Pacjenci doktora Garcii<\/em> bohaterowie, kt\u00f3rzy w oczach tej historii s\u0105 tylko liczbami, <strong>teraz maj\u0105 imiona, nazwiska, l\u0119ki i marzenia<\/strong>. Nie spos\u00f3b nie cieszy\u0107 si\u0119 tym serialem, je\u015bli opr\u00f3cz wci\u0105gaj\u0105cej fabu\u0142y ma wspania\u0142\u0105 obsad\u0119 i sprawdzony kierunek.<\/p>\n<div class=\"sharedaddy sd-block sd-like jetpack-likes-widget-wrapper jetpack-likes-widget-unloaded\" id=\"like-post-wrapper-153844979-85365-643698d857b17\" data-src=\"https:\/\/widgets.wp.com\/likes\/#blog_id=153844979&amp;post_id=85365&amp;origin=elgeneracionalpost.com&amp;obj_id=153844979-85365-643698d857b17\" data-name=\"like-post-frame-153844979-85365-643698d857b17\" data-title=\"Me gusta o Compartir\">\n<h3 class=\"sd-title\">Lubi\u0119 to:<\/h3>\n<p><span class=\"button\"><span>lubi\u0119<\/span><\/span> <span class=\"loading\">\u0141adowanie\u2026<\/span><\/p>\n<p><span class=\"sd-text-color\"\/><\/div>\n<p><h3 class=\"jp-relatedposts-headline\"><em>Powi\u0105zany<\/em><\/h3>\n<\/p>\n<\/div>","protected":false},"excerpt":{"rendered":"<p>W serialu wyst\u0105pi\u0105 Javier Rey, Ver\u00f3nica Ech\u00e9gui i Tamar Novas. Adaptacja pokoju dzieci\u0119cego Odcinki\u2026 <\/p>","protected":false},"author":1,"featured_media":1127,"comment_status":"open","ping_status":"open","sticky":false,"template":"","format":"standard","meta":{"fifu_image_url":"https:\/\/elgeneracionalpost.com\/wp-content\/uploads\/2023\/04\/DSC9437-1024x678.jpg","fifu_image_alt":"","footnotes":""},"categories":[35],"tags":[],"class_list":["post-1126","post","type-post","status-publish","format-standard","has-post-thumbnail","hentry","category-cultura-e-lazer","latest_post"],"yoast_head":"<!-- This site is optimized with the Yoast SEO plugin v27.3 - https:\/\/yoast.com\/product\/yoast-seo-wordpress\/ -->\n<title>RTVE estreia &#039;Pacientes do Dr. Garc\u00eda&#039; de Almudena Grandes - Tirinha.com<\/title>\n<meta name=\"robots\" content=\"index, follow, max-snippet:-1, max-image-preview:large, max-video-preview:-1\" \/>\n<link rel=\"canonical\" href=\"https:\/\/tirinha.com\/pl\/1126\/rtve-estreia-pacientes-do-dr-garcia-de-almudena-grandes\/\" \/>\n<meta property=\"og:locale\" content=\"pl_PL\" \/>\n<meta property=\"og:type\" content=\"article\" \/>\n<meta property=\"og:title\" content=\"RTVE estreia &#039;Pacientes do Dr. Garc\u00eda&#039; de Almudena Grandes - Tirinha.com\" \/>\n<meta property=\"og:description\" content=\"A s\u00e9rie ser\u00e1 estrelada por Javier Rey, Ver\u00f3nica Ech\u00e9gui e Tamar Novas A adapta\u00e7\u00e3o do quarto infantil Epis\u00f3dios de uma &hellip;\" \/>\n<meta property=\"og:url\" content=\"https:\/\/tirinha.com\/pl\/1126\/rtve-estreia-pacientes-do-dr-garcia-de-almudena-grandes\/\" \/>\n<meta property=\"og:site_name\" content=\"Tirinha.com\" \/>\n<meta property=\"article:published_time\" content=\"2023-04-12T11:41:13+00:00\" \/>\n<meta property=\"og:image\" content=\"https:\/\/elgeneracionalpost.com\/wp-content\/uploads\/2023\/04\/DSC9437-1024x678.jpg\" \/>\n<meta name=\"author\" content=\"admin\" \/>\n<meta name=\"twitter:card\" content=\"summary_large_image\" \/>\n<meta name=\"twitter:image\" content=\"https:\/\/elgeneracionalpost.com\/wp-content\/uploads\/2023\/04\/DSC9437-1024x678.jpg\" \/>\n<meta name=\"twitter:label1\" content=\"Napisane przez\" \/>\n\t<meta name=\"twitter:data1\" content=\"admin\" \/>\n\t<meta name=\"twitter:label2\" content=\"Szacowany czas czytania\" \/>\n\t<meta name=\"twitter:data2\" content=\"2 minuty\" \/>\n<script type=\"application\/ld+json\" class=\"yoast-schema-graph\">{\"@context\":\"https:\\\/\\\/schema.org\",\"@graph\":[{\"@type\":\"Article\",\"@id\":\"https:\\\/\\\/tirinha.com\\\/1126\\\/rtve-estreia-pacientes-do-dr-garcia-de-almudena-grandes\\\/#article\",\"isPartOf\":{\"@id\":\"https:\\\/\\\/tirinha.com\\\/1126\\\/rtve-estreia-pacientes-do-dr-garcia-de-almudena-grandes\\\/\"},\"author\":{\"name\":\"admin\",\"@id\":\"https:\\\/\\\/tirinha.com\\\/#\\\/schema\\\/person\\\/e22bdfbe17e0461f7e927e6a1208d4d9\"},\"headline\":\"RTVE estreia &#8216;Pacientes do Dr. Garc\u00eda&#8217; de Almudena Grandes\",\"datePublished\":\"2023-04-12T11:41:13+00:00\",\"mainEntityOfPage\":{\"@id\":\"https:\\\/\\\/tirinha.com\\\/1126\\\/rtve-estreia-pacientes-do-dr-garcia-de-almudena-grandes\\\/\"},\"wordCount\":396,\"commentCount\":0,\"publisher\":{\"@id\":\"https:\\\/\\\/tirinha.com\\\/#organization\"},\"image\":{\"@id\":\"https:\\\/\\\/tirinha.com\\\/1126\\\/rtve-estreia-pacientes-do-dr-garcia-de-almudena-grandes\\\/#primaryimage\"},\"thumbnailUrl\":\"https:\\\/\\\/elgeneracionalpost.com\\\/wp-content\\\/uploads\\\/2023\\\/04\\\/DSC9437-1024x678.jpg\",\"articleSection\":[\"Cultura e lazer\"],\"inLanguage\":\"pl-PL\",\"potentialAction\":[{\"@type\":\"CommentAction\",\"name\":\"Comment\",\"target\":[\"https:\\\/\\\/tirinha.com\\\/1126\\\/rtve-estreia-pacientes-do-dr-garcia-de-almudena-grandes\\\/#respond\"]}]},{\"@type\":\"WebPage\",\"@id\":\"https:\\\/\\\/tirinha.com\\\/1126\\\/rtve-estreia-pacientes-do-dr-garcia-de-almudena-grandes\\\/\",\"url\":\"https:\\\/\\\/tirinha.com\\\/1126\\\/rtve-estreia-pacientes-do-dr-garcia-de-almudena-grandes\\\/\",\"name\":\"RTVE estreia 'Pacientes do Dr. Garc\u00eda' de Almudena Grandes - Tirinha.com\",\"isPartOf\":{\"@id\":\"https:\\\/\\\/tirinha.com\\\/#website\"},\"primaryImageOfPage\":{\"@id\":\"https:\\\/\\\/tirinha.com\\\/1126\\\/rtve-estreia-pacientes-do-dr-garcia-de-almudena-grandes\\\/#primaryimage\"},\"image\":{\"@id\":\"https:\\\/\\\/tirinha.com\\\/1126\\\/rtve-estreia-pacientes-do-dr-garcia-de-almudena-grandes\\\/#primaryimage\"},\"thumbnailUrl\":\"https:\\\/\\\/elgeneracionalpost.com\\\/wp-content\\\/uploads\\\/2023\\\/04\\\/DSC9437-1024x678.jpg\",\"datePublished\":\"2023-04-12T11:41:13+00:00\",\"breadcrumb\":{\"@id\":\"https:\\\/\\\/tirinha.com\\\/1126\\\/rtve-estreia-pacientes-do-dr-garcia-de-almudena-grandes\\\/#breadcrumb\"},\"inLanguage\":\"pl-PL\",\"potentialAction\":[{\"@type\":\"ReadAction\",\"target\":[\"https:\\\/\\\/tirinha.com\\\/1126\\\/rtve-estreia-pacientes-do-dr-garcia-de-almudena-grandes\\\/\"]}]},{\"@type\":\"ImageObject\",\"inLanguage\":\"pl-PL\",\"@id\":\"https:\\\/\\\/tirinha.com\\\/1126\\\/rtve-estreia-pacientes-do-dr-garcia-de-almudena-grandes\\\/#primaryimage\",\"url\":\"https:\\\/\\\/elgeneracionalpost.com\\\/wp-content\\\/uploads\\\/2023\\\/04\\\/DSC9437-1024x678.jpg\",\"contentUrl\":\"https:\\\/\\\/elgeneracionalpost.com\\\/wp-content\\\/uploads\\\/2023\\\/04\\\/DSC9437-1024x678.jpg\"},{\"@type\":\"BreadcrumbList\",\"@id\":\"https:\\\/\\\/tirinha.com\\\/1126\\\/rtve-estreia-pacientes-do-dr-garcia-de-almudena-grandes\\\/#breadcrumb\",\"itemListElement\":[{\"@type\":\"ListItem\",\"position\":1,\"name\":\"Home\",\"item\":\"https:\\\/\\\/tirinha.com\\\/\"},{\"@type\":\"ListItem\",\"position\":2,\"name\":\"RTVE estreia &#8216;Pacientes do Dr. Garc\u00eda&#8217; de Almudena Grandes\"}]},{\"@type\":\"WebSite\",\"@id\":\"https:\\\/\\\/tirinha.com\\\/#website\",\"url\":\"https:\\\/\\\/tirinha.com\\\/\",\"name\":\"Tirinha.com\",\"description\":\"Arte e livros resenhas\",\"publisher\":{\"@id\":\"https:\\\/\\\/tirinha.com\\\/#organization\"},\"potentialAction\":[{\"@type\":\"SearchAction\",\"target\":{\"@type\":\"EntryPoint\",\"urlTemplate\":\"https:\\\/\\\/tirinha.com\\\/?s={search_term_string}\"},\"query-input\":{\"@type\":\"PropertyValueSpecification\",\"valueRequired\":true,\"valueName\":\"search_term_string\"}}],\"inLanguage\":\"pl-PL\"},{\"@type\":\"Organization\",\"@id\":\"https:\\\/\\\/tirinha.com\\\/#organization\",\"name\":\"Tirinha.com\",\"url\":\"https:\\\/\\\/tirinha.com\\\/\",\"logo\":{\"@type\":\"ImageObject\",\"inLanguage\":\"pl-PL\",\"@id\":\"https:\\\/\\\/tirinha.com\\\/#\\\/schema\\\/logo\\\/image\\\/\",\"url\":\"https:\\\/\\\/tirinha.com\\\/wp-content\\\/uploads\\\/2023\\\/08\\\/cropped-Logo-Tirinha.webp\",\"contentUrl\":\"https:\\\/\\\/tirinha.com\\\/wp-content\\\/uploads\\\/2023\\\/08\\\/cropped-Logo-Tirinha.webp\",\"width\":512,\"height\":512,\"caption\":\"Tirinha.com\"},\"image\":{\"@id\":\"https:\\\/\\\/tirinha.com\\\/#\\\/schema\\\/logo\\\/image\\\/\"}},{\"@type\":\"Person\",\"@id\":\"https:\\\/\\\/tirinha.com\\\/#\\\/schema\\\/person\\\/e22bdfbe17e0461f7e927e6a1208d4d9\",\"name\":\"admin\",\"image\":{\"@type\":\"ImageObject\",\"inLanguage\":\"pl-PL\",\"@id\":\"https:\\\/\\\/tirinha.com\\\/wp-content\\\/litespeed\\\/avatar\\\/d0068f7931cc87d7274eb0c3db1deb4b.jpg?ver=1776829466\",\"url\":\"https:\\\/\\\/tirinha.com\\\/wp-content\\\/litespeed\\\/avatar\\\/d0068f7931cc87d7274eb0c3db1deb4b.jpg?ver=1776829466\",\"contentUrl\":\"https:\\\/\\\/tirinha.com\\\/wp-content\\\/litespeed\\\/avatar\\\/d0068f7931cc87d7274eb0c3db1deb4b.jpg?ver=1776829466\",\"caption\":\"admin\"},\"sameAs\":[\"https:\\\/\\\/tirinha.com\"],\"url\":\"https:\\\/\\\/tirinha.com\\\/pl\\\/author\\\/admin\\\/\"}]}<\/script>\n<!-- \/ Yoast SEO plugin. -->","yoast_head_json":{"title":"RTVE estreia 'Pacientes do Dr. Garc\u00eda' de Almudena Grandes - Tirinha.com","robots":{"index":"index","follow":"follow","max-snippet":"max-snippet:-1","max-image-preview":"max-image-preview:large","max-video-preview":"max-video-preview:-1"},"canonical":"https:\/\/tirinha.com\/pl\/1126\/rtve-estreia-pacientes-do-dr-garcia-de-almudena-grandes\/","og_locale":"pl_PL","og_type":"article","og_title":"RTVE estreia 'Pacientes do Dr. Garc\u00eda' de Almudena Grandes - Tirinha.com","og_description":"A s\u00e9rie ser\u00e1 estrelada por Javier Rey, Ver\u00f3nica Ech\u00e9gui e Tamar Novas A adapta\u00e7\u00e3o do quarto infantil Epis\u00f3dios de uma &hellip;","og_url":"https:\/\/tirinha.com\/pl\/1126\/rtve-estreia-pacientes-do-dr-garcia-de-almudena-grandes\/","og_site_name":"Tirinha.com","article_published_time":"2023-04-12T11:41:13+00:00","og_image":[{"url":"https:\/\/elgeneracionalpost.com\/wp-content\/uploads\/2023\/04\/DSC9437-1024x678.jpg","type":"","width":"","height":""}],"author":"admin","twitter_card":"summary_large_image","twitter_image":"https:\/\/elgeneracionalpost.com\/wp-content\/uploads\/2023\/04\/DSC9437-1024x678.jpg","twitter_misc":{"Napisane przez":"admin","Szacowany czas czytania":"2 minuty"},"schema":{"@context":"https:\/\/schema.org","@graph":[{"@type":"Article","@id":"https:\/\/tirinha.com\/1126\/rtve-estreia-pacientes-do-dr-garcia-de-almudena-grandes\/#article","isPartOf":{"@id":"https:\/\/tirinha.com\/1126\/rtve-estreia-pacientes-do-dr-garcia-de-almudena-grandes\/"},"author":{"name":"admin","@id":"https:\/\/tirinha.com\/#\/schema\/person\/e22bdfbe17e0461f7e927e6a1208d4d9"},"headline":"RTVE estreia &#8216;Pacientes do Dr. Garc\u00eda&#8217; de Almudena Grandes","datePublished":"2023-04-12T11:41:13+00:00","mainEntityOfPage":{"@id":"https:\/\/tirinha.com\/1126\/rtve-estreia-pacientes-do-dr-garcia-de-almudena-grandes\/"},"wordCount":396,"commentCount":0,"publisher":{"@id":"https:\/\/tirinha.com\/#organization"},"image":{"@id":"https:\/\/tirinha.com\/1126\/rtve-estreia-pacientes-do-dr-garcia-de-almudena-grandes\/#primaryimage"},"thumbnailUrl":"https:\/\/elgeneracionalpost.com\/wp-content\/uploads\/2023\/04\/DSC9437-1024x678.jpg","articleSection":["Cultura e lazer"],"inLanguage":"pl-PL","potentialAction":[{"@type":"CommentAction","name":"Comment","target":["https:\/\/tirinha.com\/1126\/rtve-estreia-pacientes-do-dr-garcia-de-almudena-grandes\/#respond"]}]},{"@type":"WebPage","@id":"https:\/\/tirinha.com\/1126\/rtve-estreia-pacientes-do-dr-garcia-de-almudena-grandes\/","url":"https:\/\/tirinha.com\/1126\/rtve-estreia-pacientes-do-dr-garcia-de-almudena-grandes\/","name":"RTVE estreia 'Pacientes do Dr. Garc\u00eda' de Almudena Grandes - Tirinha.com","isPartOf":{"@id":"https:\/\/tirinha.com\/#website"},"primaryImageOfPage":{"@id":"https:\/\/tirinha.com\/1126\/rtve-estreia-pacientes-do-dr-garcia-de-almudena-grandes\/#primaryimage"},"image":{"@id":"https:\/\/tirinha.com\/1126\/rtve-estreia-pacientes-do-dr-garcia-de-almudena-grandes\/#primaryimage"},"thumbnailUrl":"https:\/\/elgeneracionalpost.com\/wp-content\/uploads\/2023\/04\/DSC9437-1024x678.jpg","datePublished":"2023-04-12T11:41:13+00:00","breadcrumb":{"@id":"https:\/\/tirinha.com\/1126\/rtve-estreia-pacientes-do-dr-garcia-de-almudena-grandes\/#breadcrumb"},"inLanguage":"pl-PL","potentialAction":[{"@type":"ReadAction","target":["https:\/\/tirinha.com\/1126\/rtve-estreia-pacientes-do-dr-garcia-de-almudena-grandes\/"]}]},{"@type":"ImageObject","inLanguage":"pl-PL","@id":"https:\/\/tirinha.com\/1126\/rtve-estreia-pacientes-do-dr-garcia-de-almudena-grandes\/#primaryimage","url":"https:\/\/elgeneracionalpost.com\/wp-content\/uploads\/2023\/04\/DSC9437-1024x678.jpg","contentUrl":"https:\/\/elgeneracionalpost.com\/wp-content\/uploads\/2023\/04\/DSC9437-1024x678.jpg"},{"@type":"BreadcrumbList","@id":"https:\/\/tirinha.com\/1126\/rtve-estreia-pacientes-do-dr-garcia-de-almudena-grandes\/#breadcrumb","itemListElement":[{"@type":"ListItem","position":1,"name":"Home","item":"https:\/\/tirinha.com\/"},{"@type":"ListItem","position":2,"name":"RTVE estreia &#8216;Pacientes do Dr. Garc\u00eda&#8217; de Almudena Grandes"}]},{"@type":"WebSite","@id":"https:\/\/tirinha.com\/#website","url":"https:\/\/tirinha.com\/","name":"Tirinha.com","description":"Recenzje dzie\u0142 sztuki i ksi\u0105\u017cek","publisher":{"@id":"https:\/\/tirinha.com\/#organization"},"potentialAction":[{"@type":"SearchAction","target":{"@type":"EntryPoint","urlTemplate":"https:\/\/tirinha.com\/?s={search_term_string}"},"query-input":{"@type":"PropertyValueSpecification","valueRequired":true,"valueName":"search_term_string"}}],"inLanguage":"pl-PL"},{"@type":"Organization","@id":"https:\/\/tirinha.com\/#organization","name":"Tirinha.com","url":"https:\/\/tirinha.com\/","logo":{"@type":"ImageObject","inLanguage":"pl-PL","@id":"https:\/\/tirinha.com\/#\/schema\/logo\/image\/","url":"https:\/\/tirinha.com\/wp-content\/uploads\/2023\/08\/cropped-Logo-Tirinha.webp","contentUrl":"https:\/\/tirinha.com\/wp-content\/uploads\/2023\/08\/cropped-Logo-Tirinha.webp","width":512,"height":512,"caption":"Tirinha.com"},"image":{"@id":"https:\/\/tirinha.com\/#\/schema\/logo\/image\/"}},{"@type":"Person","@id":"https:\/\/tirinha.com\/#\/schema\/person\/e22bdfbe17e0461f7e927e6a1208d4d9","name":"Admin","image":{"@type":"ImageObject","inLanguage":"pl-PL","@id":"https:\/\/tirinha.com\/wp-content\/litespeed\/avatar\/d0068f7931cc87d7274eb0c3db1deb4b.jpg?ver=1776829466","url":"https:\/\/tirinha.com\/wp-content\/litespeed\/avatar\/d0068f7931cc87d7274eb0c3db1deb4b.jpg?ver=1776829466","contentUrl":"https:\/\/tirinha.com\/wp-content\/litespeed\/avatar\/d0068f7931cc87d7274eb0c3db1deb4b.jpg?ver=1776829466","caption":"admin"},"sameAs":["https:\/\/tirinha.com"],"url":"https:\/\/tirinha.com\/pl\/author\/admin\/"}]}},"_links":{"self":[{"href":"https:\/\/tirinha.com\/pl\/wp-json\/wp\/v2\/posts\/1126","targetHints":{"allow":["GET"]}}],"collection":[{"href":"https:\/\/tirinha.com\/pl\/wp-json\/wp\/v2\/posts"}],"about":[{"href":"https:\/\/tirinha.com\/pl\/wp-json\/wp\/v2\/types\/post"}],"author":[{"embeddable":true,"href":"https:\/\/tirinha.com\/pl\/wp-json\/wp\/v2\/users\/1"}],"replies":[{"embeddable":true,"href":"https:\/\/tirinha.com\/pl\/wp-json\/wp\/v2\/comments?post=1126"}],"version-history":[{"count":0,"href":"https:\/\/tirinha.com\/pl\/wp-json\/wp\/v2\/posts\/1126\/revisions"}],"wp:featuredmedia":[{"embeddable":true,"href":"https:\/\/tirinha.com\/pl\/wp-json\/wp\/v2\/media\/1127"}],"wp:attachment":[{"href":"https:\/\/tirinha.com\/pl\/wp-json\/wp\/v2\/media?parent=1126"}],"wp:term":[{"taxonomy":"category","embeddable":true,"href":"https:\/\/tirinha.com\/pl\/wp-json\/wp\/v2\/categories?post=1126"},{"taxonomy":"post_tag","embeddable":true,"href":"https:\/\/tirinha.com\/pl\/wp-json\/wp\/v2\/tags?post=1126"}],"curies":[{"name":"wp","href":"https:\/\/api.w.org\/{rel}","templated":true}]}}