{"id":1059,"date":"2023-04-05T10:35:05","date_gmt":"2023-04-05T10:35:05","guid":{"rendered":"https:\/\/tirinha.com\/mickey-e-minnie-comemoram-seu-90o-aniversario\/"},"modified":"2023-04-05T10:35:05","modified_gmt":"2023-04-05T10:35:05","slug":"mickey-e-minnie-comemoram-seu-90o-aniversario","status":"publish","type":"post","link":"https:\/\/tirinha.com\/pl\/1059\/mickey-e-minnie-comemoram-seu-90o-aniversario\/","title":{"rendered":"Mickey i Minnie obchodz\u0105 swoje 90. urodziny"},"content":{"rendered":"<p><\/p>\n<div>\n<h3>Pomimo dziewi\u0119\u0107dziesi\u0119ciu lat duet gryzoni pozostaje w doskona\u0142ej formie, staj\u0105c si\u0119 ikon\u0105 kochan\u0105 zar\u00f3wno przez dzieci, jak i doros\u0142ych.<\/h3>\n<p style=\"text-align:left;\">W ubieg\u0142y weekend najs\u0142ynniejsza mysz Disneya, Myszka Miki, wraz ze swoj\u0105 nieod\u0142\u0105czn\u0105 towarzyszk\u0105, Myszk\u0105 Minnie, obchodzi\u0142a 90. urodziny, a imperium Disneya \u015bwi\u0119towa\u0142o w wielkim stylu.<\/p>\n<p><img fetchpriority=\"high\" data-attachment-id=\"928\" data-permalink=\"https:\/\/elgeneracionalpost.com\/cultura\/2018\/1120\/927\/mickey-y-minnie-celebran-su-90-aniversario.html\/attachment\/mickey-minnie-railroad-header\" data-orig-file=\"https:\/\/i0.wp.com\/elgeneracionalpost.com\/wp-content\/uploads\/2018\/11\/mickey-minnie-railroad-header.jpg?fit=970%2C545&amp;ssl=1\" data-orig-size=\"970,545\" data-comments-opened=\"1\" data-image-meta=\"{&quot;aperture&quot;:&quot;0&quot;,&quot;credit&quot;:&quot;&quot;,&quot;camera&quot;:&quot;&quot;,&quot;caption&quot;:&quot;&quot;,&quot;created_timestamp&quot;:&quot;0&quot;,&quot;copyright&quot;:&quot;&quot;,&quot;focal_length&quot;:&quot;0&quot;,&quot;iso&quot;:&quot;0&quot;,&quot;shutter_speed&quot;:&quot;0&quot;,&quot;title&quot;:&quot;&quot;,&quot;orientation&quot;:&quot;0&quot;}\" data-image-title=\"mickey-minnie-railroad-header\" data-image-description=\"\" data-image-caption=\"\" data-medium-file=\"https:\/\/i0.wp.com\/elgeneracionalpost.com\/wp-content\/uploads\/2018\/11\/mickey-minnie-railroad-header.jpg?fit=300%2C169&amp;ssl=1\" data-large-file=\"https:\/\/i0.wp.com\/elgeneracionalpost.com\/wp-content\/uploads\/2018\/11\/mickey-minnie-railroad-header.jpg?fit=696%2C391&amp;ssl=1\" decoding=\"async\" class=\"alignnone size-full wp-image-928 jetpack-lazy-image\" src=\"https:\/\/i0.wp.com\/elgeneracionalpost.com\/wp-content\/uploads\/2018\/11\/mickey-minnie-railroad-header.jpg?resize=696%2C391&amp;ssl=1\" alt=\"cabe\u00e7alho da ferrovia mickey-minnie\" width=\"696\" height=\"391\" data-recalc-dims=\"1\" data-lazy-src=\"https:\/\/i0.wp.com\/elgeneracionalpost.com\/wp-content\/uploads\/2018\/11\/mickey-minnie-railroad-header.jpg?resize=696%2C391&amp;is-pending-load=1#038;ssl=1\" srcset=\"data:image\/gif;base64,R0lGODlhAQABAIAAAAAAAP\/\/\/yH5BAEAAAAALAAAAAABAAEAAAIBRAA7\"\/><noscript><img data-lazy-fallback=\"1\" data-attachment-id=\"928\" data-permalink=\"https:\/\/elgeneracionalpost.com\/cultura\/2018\/1120\/927\/mickey-y-minnie-celebran-su-90-aniversario.html\/attachment\/mickey-minnie-railroad-header\" data-orig-file=\"https:\/\/i0.wp.com\/elgeneracionalpost.com\/wp-content\/uploads\/2018\/11\/mickey-minnie-railroad-header.jpg?fit=970%2C545&amp;ssl=1\" data-orig-size=\"970,545\" data-comments-opened=\"1\" data-image-meta=\"{&quot;aperture&quot;:&quot;0&quot;,&quot;credit&quot;:&quot;&quot;,&quot;camera&quot;:&quot;&quot;,&quot;caption&quot;:&quot;&quot;,&quot;created_timestamp&quot;:&quot;0&quot;,&quot;copyright&quot;:&quot;&quot;,&quot;focal_length&quot;:&quot;0&quot;,&quot;iso&quot;:&quot;0&quot;,&quot;shutter_speed&quot;:&quot;0&quot;,&quot;title&quot;:&quot;&quot;,&quot;orientation&quot;:&quot;0&quot;}\" data-image-title=\"mickey-minnie-railroad-header\" data-image-description=\"\" data-image-caption=\"\" data-medium-file=\"https:\/\/i0.wp.com\/elgeneracionalpost.com\/wp-content\/uploads\/2018\/11\/mickey-minnie-railroad-header.jpg?fit=300%2C169&amp;ssl=1\" data-large-file=\"https:\/\/i0.wp.com\/elgeneracionalpost.com\/wp-content\/uploads\/2018\/11\/mickey-minnie-railroad-header.jpg?fit=696%2C391&amp;ssl=1\" decoding=\"async\" class=\"alignnone size-full wp-image-928\" src=\"https:\/\/i0.wp.com\/elgeneracionalpost.com\/wp-content\/uploads\/2018\/11\/mickey-minnie-railroad-header.jpg?resize=696%2C391&amp;ssl=1\" alt=\"cabe\u00e7alho da ferrovia mickey-minnie\" width=\"696\" height=\"391\" data-recalc-dims=\"1\"\/><\/noscript><\/p>\n<h5 style=\"text-align:right;\">fotografia Disneya<\/h5>\n<p>Obydwa gryzonie po raz pierwszy pojawi\u0142y si\u0119 w filmie kr\u00f3tkometra\u017cowym <em>szalony samolot<\/em> 15 maja 1928 r., ale sukces odni\u00f3s\u0142 18 listopada 1928 r <em>Parowiec Willie <\/em>w Colony Theatre w Nowym Jorku, staj\u0105c si\u0119 pierwsz\u0105 czarno-bia\u0142\u0105 animacj\u0105 ze zsynchronizowan\u0105 \u015bcie\u017ck\u0105 d\u017awi\u0119kow\u0105.<\/p>\n<p>Ta osobliwa posta\u0107 z du\u017cymi uszami i charyzmatyczn\u0105 atmosfer\u0105 pojawi\u0142a si\u0119, poniewa\u017c Walt Disney by\u0142 zmuszony znale\u017a\u0107 nast\u0119pc\u0119 swojej gwiazdy Oswald the Lucky Rabbit, poniewa\u017c dystrybutor odebra\u0142 mu prawa. Kto m\u00f3g\u0142 przypuszcza\u0107, \u017ce z tej pora\u017cki powstanie jedna z najbardziej ikonicznych postaci kina dzieci\u0119cego?<\/p>\n<p>Pocz\u0105tkowo Disney zdecydowa\u0142 si\u0119 nazwa\u0107 swojego nowego bohatera Mortimerem, ale jego \u017cona Lilian zasugerowa\u0142a mu zmian\u0119 imienia na Myszka Miki, co niew\u0105tpliwie by\u0142o \u015bwietnym wyborem. Cho\u0107 jego nazwa jest do\u015b\u0107 uniwersalna, s\u0105 kraje, w kt\u00f3rych nie jest ona znana jako taka, np. we W\u0142oszech nazywa si\u0119 j\u0105 Topolino, w Szwecji Musse Pigg, a w Chinach Mi Lau Shu. Pierwsze szkice wysz\u0142y spod r\u0119ki rysownika Ubbe Iwerksa, kt\u00f3ry uchwyci\u0142 pomys\u0142 Disneya.<\/p>\n<p>Przez te 90 lat jego wygl\u0105d ulega\u0142 zmianom dostosowuj\u0105c si\u0119 do ka\u017cdej pory roku, w 1929 roku Mickey za\u0142o\u017cy\u0142 swoje s\u0142ynne r\u0119kawiczki, a kilka lat p\u00f3\u017aniej do oczu dodano brwi i \u017arenice, nadaj\u0105c mu bardziej nowoczesny wygl\u0105d.<\/p>\n<p><img data-attachment-id=\"934\" data-permalink=\"https:\/\/elgeneracionalpost.com\/cultura\/2018\/1120\/927\/mickey-y-minnie-celebran-su-90-aniversario.html\/attachment\/_20181120_2120531\" data-orig-file=\"https:\/\/i0.wp.com\/elgeneracionalpost.com\/wp-content\/uploads\/2018\/11\/20181120_2120531.jpg?fit=720%2C1015&amp;ssl=1\" data-orig-size=\"720,1015\" data-comments-opened=\"1\" data-image-meta=\"{&quot;aperture&quot;:&quot;0&quot;,&quot;credit&quot;:&quot;&quot;,&quot;camera&quot;:&quot;&quot;,&quot;caption&quot;:&quot;&quot;,&quot;created_timestamp&quot;:&quot;0&quot;,&quot;copyright&quot;:&quot;&quot;,&quot;focal_length&quot;:&quot;0&quot;,&quot;iso&quot;:&quot;0&quot;,&quot;shutter_speed&quot;:&quot;0&quot;,&quot;title&quot;:&quot;&quot;,&quot;orientation&quot;:&quot;0&quot;}\" data-image-title=\"_20181120_212053(1)\" data-image-description=\"\" data-image-caption=\"\" data-medium-file=\"https:\/\/i0.wp.com\/elgeneracionalpost.com\/wp-content\/uploads\/2018\/11\/20181120_2120531.jpg?fit=213%2C300&amp;ssl=1\" data-large-file=\"https:\/\/i0.wp.com\/elgeneracionalpost.com\/wp-content\/uploads\/2018\/11\/20181120_2120531.jpg?fit=696%2C981&amp;ssl=1\" decoding=\"async\" class=\"alignnone size-full wp-image-934 jetpack-lazy-image\" src=\"https:\/\/i0.wp.com\/elgeneracionalpost.com\/wp-content\/uploads\/2018\/11\/20181120_2120531.jpg?resize=696%2C981&amp;ssl=1\" alt=\"_20181120_212053(1)\" width=\"696\" height=\"981\" data-recalc-dims=\"1\" data-lazy-src=\"https:\/\/i0.wp.com\/elgeneracionalpost.com\/wp-content\/uploads\/2018\/11\/20181120_2120531.jpg?resize=696%2C981&amp;is-pending-load=1#038;ssl=1\" srcset=\"data:image\/gif;base64,R0lGODlhAQABAIAAAAAAAP\/\/\/yH5BAEAAAAALAAAAAABAAEAAAIBRAA7\"\/><noscript><img loading=\"lazy\" data-lazy-fallback=\"1\" data-attachment-id=\"934\" data-permalink=\"https:\/\/elgeneracionalpost.com\/cultura\/2018\/1120\/927\/mickey-y-minnie-celebran-su-90-aniversario.html\/attachment\/_20181120_2120531\" data-orig-file=\"https:\/\/i0.wp.com\/elgeneracionalpost.com\/wp-content\/uploads\/2018\/11\/20181120_2120531.jpg?fit=720%2C1015&amp;ssl=1\" data-orig-size=\"720,1015\" data-comments-opened=\"1\" data-image-meta=\"{&quot;aperture&quot;:&quot;0&quot;,&quot;credit&quot;:&quot;&quot;,&quot;camera&quot;:&quot;&quot;,&quot;caption&quot;:&quot;&quot;,&quot;created_timestamp&quot;:&quot;0&quot;,&quot;copyright&quot;:&quot;&quot;,&quot;focal_length&quot;:&quot;0&quot;,&quot;iso&quot;:&quot;0&quot;,&quot;shutter_speed&quot;:&quot;0&quot;,&quot;title&quot;:&quot;&quot;,&quot;orientation&quot;:&quot;0&quot;}\" data-image-title=\"_20181120_212053(1)\" data-image-description=\"\" data-image-caption=\"\" data-medium-file=\"https:\/\/i0.wp.com\/elgeneracionalpost.com\/wp-content\/uploads\/2018\/11\/20181120_2120531.jpg?fit=213%2C300&amp;ssl=1\" data-large-file=\"https:\/\/i0.wp.com\/elgeneracionalpost.com\/wp-content\/uploads\/2018\/11\/20181120_2120531.jpg?fit=696%2C981&amp;ssl=1\" decoding=\"async\" class=\"alignnone size-full wp-image-934\" src=\"https:\/\/i0.wp.com\/elgeneracionalpost.com\/wp-content\/uploads\/2018\/11\/20181120_2120531.jpg?resize=696%2C981&amp;ssl=1\" alt=\"_20181120_212053(1)\" width=\"696\" height=\"981\" data-recalc-dims=\"1\"\/><\/noscript><\/p>\n<h5 style=\"text-align:right;\">Ewolucja projektu Mickeya na przestrzeni 90 lat. Fotografia na ca\u0142ym \u015bwiecie.<\/h5>\n<p>W 1929 roku z filmem kr\u00f3tkometra\u017cowym <em>Ch\u0142opiec z karnawa\u0142u,<\/em> Mickey przem\u00f3wi\u0142 po raz pierwszy. Co ciekawe, przez te dziewi\u0119\u0107 dekad g\u0142osu udzieli\u0142o mu tylko pi\u0119ciu m\u0119\u017cczyzn: Walt Disney, kt\u00f3ry u\u017cycza\u0142 mu g\u0142osu do 1947 r., zast\u0105pi\u0142 go Jimmy MacDonald, kt\u00f3ry zosta\u0142 zdegradowany w 1977 r. przez Wayne\u2019a Allwine\u2019a, a od 2009 r. najs\u0142ynniejszymi aktorami g\u0142osowymi s\u0105 Bret Iwan i Chris Diamantopoulos. W Hiszpanii obecnym podwajaczem jest Jos\u00e9 Padilla.<\/p>\n<p>Do Hiszpanii przybyli w 1934 roku w codziennych rysunkach Vanguardy pod r\u00f3\u017cnymi imionami: Miguel\u00edn i Mimi, kt\u00f3rych sukces by\u0142 niepodwa\u017calny i mieli nawet w\u0142asne czasopismo.<\/p>\n<p>Kilka lat p\u00f3\u017aniej, w 1935 roku, trafi\u0142 do kin <em>Koncert Zespo\u0142u<\/em>, jego pierwszy kolorowy film kr\u00f3tkometra\u017cowy. P\u00f3\u017aniej, w 1940 roku, pozostawi\u0142 po sobie \u015blad sekwencj\u0105 Ucze\u0144 czarnoksi\u0119\u017cnika w filmie <em>Szyk<\/em>. Ostatni raz Mickey powr\u00f3ci\u0142 na du\u017cy ekran w 2013 roku w filmie kr\u00f3tkometra\u017cowym <em>zdoby\u0107 konia<\/em>.<\/p>\n<p>Co wi\u0119cej, by\u0142 pierwsz\u0105 animowan\u0105 postaci\u0105, kt\u00f3ra 18 listopada 1978 roku mia\u0142a swoj\u0105 gwiazd\u0119 w Hollywood Walk of Fame w swoje 50. urodziny. Jednak cho\u0107 debiutowa\u0142 zawsze razem ze swoj\u0105 dziewczyn\u0105 Minnie, ta ostatnia otrzyma\u0142a gwiazd\u0119 wcze\u015bniej W tym roku.<\/p>\n<p>Z okazji tej uroczysto\u015bci firma chcia\u0142a odda\u0107 ho\u0142d tej osobliwej parze myszy specjalnym programem, kt\u00f3ry potrwa 90 dni, wype\u0142nionym atrakcjami dla dzieci i doros\u0142ych w swoich parkach tematycznych Disneyland Park i Disneyland Paris.<\/p>\n<p>Co wi\u0119cej, setki marek chcia\u0142y odda\u0107 im ho\u0142d, jak cho\u0107by Bershka, m\u0142oda firma nale\u017c\u0105ca do Inditexu, czy hiszpa\u0144ska firma tekstylna El Ganso, kt\u00f3ra wypu\u015bci\u0142a na rynek kolekcj\u0119 ubra\u0144 inspirowanych nimi. Do imprezy do\u0142\u0105czy\u0142a tak\u017ce Pandora, mimo \u017ce wsp\u00f3\u0142pracuje z Disneyem od 2014 roku, i na swoje urodziny wystawi\u0142a do sprzeda\u017cy srebrn\u0105 zawieszk\u0119 Mickey oraz z\u0142ot\u0105 zawieszk\u0119 pr\u00f3by 90. Jednak arty\u015bci i projektanci tacy jak Dolce &amp; Gabbana czy Andy Warhol stworzyli ju\u017c kreacje z tym motywem firma.<\/p>\n<p>Kr\u00f3tko m\u00f3wi\u0105c, te charyzmatyczne postacie, mimo \u017ce s\u0105 najd\u0142u\u017cej \u017cyj\u0105c\u0105 animowan\u0105 par\u0105 na \u015bwiecie, nadal s\u0105 ikon\u0105 kochan\u0105 zar\u00f3wno przez dzieci, jak i doros\u0142ych, a jak powiedzia\u0142 Walt Disney: \u201eMam nadziej\u0119, \u017ce nigdy nie stracimy z oczu jednej rzeczy: \u017ce wszystko zacz\u0119\u0142o si\u0119 od myszy.<\/p>\n<div class=\"sharedaddy sd-block sd-like jetpack-likes-widget-wrapper jetpack-likes-widget-unloaded\" id=\"like-post-wrapper-153844979-927-642d4ed8ded6b\" data-src=\"https:\/\/widgets.wp.com\/likes\/#blog_id=153844979&amp;post_id=927&amp;origin=elgeneracionalpost.com&amp;obj_id=153844979-927-642d4ed8ded6b\" data-name=\"like-post-frame-153844979-927-642d4ed8ded6b\" data-title=\"Me gusta o Compartir\">\n<h3 class=\"sd-title\">Lubi\u0119 to:<\/h3>\n<p><span class=\"button\"><span>lubi\u0119<\/span><\/span> <span class=\"loading\">\u0141adowanie\u2026<\/span><\/p>\n<p><span class=\"sd-text-color\"\/><\/div>\n<p><h3 class=\"jp-relatedposts-headline\"><em>Powi\u0105zany<\/em><\/h3>\n<\/p>\n<\/div>","protected":false},"excerpt":{"rendered":"<p>Pomimo dziewi\u0119\u0107dziesi\u0119ciu lat duet gryzoni pozostaje w doskona\u0142ej formie, staj\u0105c si\u0119 ikon\u0105 kochan\u0105 zar\u00f3wno przez dzieci, jak i doros\u0142ych\u2026 <\/p>","protected":false},"author":1,"featured_media":1060,"comment_status":"open","ping_status":"open","sticky":false,"template":"","format":"standard","meta":{"fifu_image_url":"https:\/\/i2.wp.com\/elgeneracionalpost.com\/wp-content\/uploads\/2018\/11\/mickey-minnie-railroad-header.jpg?fit=970,545&ssl=1","fifu_image_alt":"","footnotes":""},"categories":[35],"tags":[],"class_list":["post-1059","post","type-post","status-publish","format-standard","has-post-thumbnail","hentry","category-cultura-e-lazer","latest_post"],"yoast_head":"<!-- This site is optimized with the Yoast SEO plugin v27.3 - https:\/\/yoast.com\/product\/yoast-seo-wordpress\/ -->\n<title>Mickey e Minnie comemoram seu 90\u00ba anivers\u00e1rio - Tirinha.com<\/title>\n<meta name=\"robots\" content=\"index, follow, max-snippet:-1, max-image-preview:large, max-video-preview:-1\" \/>\n<link rel=\"canonical\" href=\"https:\/\/tirinha.com\/pl\/1059\/mickey-e-minnie-comemoram-seu-90o-aniversario\/\" \/>\n<meta property=\"og:locale\" content=\"pl_PL\" \/>\n<meta property=\"og:type\" content=\"article\" \/>\n<meta property=\"og:title\" content=\"Mickey e Minnie comemoram seu 90\u00ba anivers\u00e1rio - Tirinha.com\" \/>\n<meta property=\"og:description\" content=\"Apesar dos noventa anos, a dupla de roedores segue em plena forma, tornando-se um \u00edcone amado por crian\u00e7as e adultos &hellip;\" \/>\n<meta property=\"og:url\" content=\"https:\/\/tirinha.com\/pl\/1059\/mickey-e-minnie-comemoram-seu-90o-aniversario\/\" \/>\n<meta property=\"og:site_name\" content=\"Tirinha.com\" \/>\n<meta property=\"article:published_time\" content=\"2023-04-05T10:35:05+00:00\" \/>\n<meta property=\"og:image\" content=\"https:\/\/i2.wp.com\/elgeneracionalpost.com\/wp-content\/uploads\/2018\/11\/mickey-minnie-railroad-header.jpg?fit=970,545&ssl=1\" \/>\n<meta name=\"author\" content=\"admin\" \/>\n<meta name=\"twitter:card\" content=\"summary_large_image\" \/>\n<meta name=\"twitter:image\" content=\"https:\/\/i2.wp.com\/elgeneracionalpost.com\/wp-content\/uploads\/2018\/11\/mickey-minnie-railroad-header.jpg?fit=970,545&ssl=1\" \/>\n<meta name=\"twitter:label1\" content=\"Napisane przez\" \/>\n\t<meta name=\"twitter:data1\" content=\"admin\" \/>\n\t<meta name=\"twitter:label2\" content=\"Szacowany czas czytania\" \/>\n\t<meta name=\"twitter:data2\" content=\"3 minuty\" \/>\n<script type=\"application\/ld+json\" class=\"yoast-schema-graph\">{\"@context\":\"https:\\\/\\\/schema.org\",\"@graph\":[{\"@type\":\"Article\",\"@id\":\"https:\\\/\\\/tirinha.com\\\/1059\\\/mickey-e-minnie-comemoram-seu-90o-aniversario\\\/#article\",\"isPartOf\":{\"@id\":\"https:\\\/\\\/tirinha.com\\\/1059\\\/mickey-e-minnie-comemoram-seu-90o-aniversario\\\/\"},\"author\":{\"name\":\"admin\",\"@id\":\"https:\\\/\\\/tirinha.com\\\/#\\\/schema\\\/person\\\/e22bdfbe17e0461f7e927e6a1208d4d9\"},\"headline\":\"Mickey e Minnie comemoram seu 90\u00ba anivers\u00e1rio\",\"datePublished\":\"2023-04-05T10:35:05+00:00\",\"mainEntityOfPage\":{\"@id\":\"https:\\\/\\\/tirinha.com\\\/1059\\\/mickey-e-minnie-comemoram-seu-90o-aniversario\\\/\"},\"wordCount\":683,\"commentCount\":0,\"publisher\":{\"@id\":\"https:\\\/\\\/tirinha.com\\\/#organization\"},\"image\":{\"@id\":\"https:\\\/\\\/tirinha.com\\\/1059\\\/mickey-e-minnie-comemoram-seu-90o-aniversario\\\/#primaryimage\"},\"thumbnailUrl\":\"https:\\\/\\\/i2.wp.com\\\/elgeneracionalpost.com\\\/wp-content\\\/uploads\\\/2018\\\/11\\\/mickey-minnie-railroad-header.jpg?fit=970,545&ssl=1\",\"articleSection\":[\"Cultura e lazer\"],\"inLanguage\":\"pl-PL\",\"potentialAction\":[{\"@type\":\"CommentAction\",\"name\":\"Comment\",\"target\":[\"https:\\\/\\\/tirinha.com\\\/1059\\\/mickey-e-minnie-comemoram-seu-90o-aniversario\\\/#respond\"]}]},{\"@type\":\"WebPage\",\"@id\":\"https:\\\/\\\/tirinha.com\\\/1059\\\/mickey-e-minnie-comemoram-seu-90o-aniversario\\\/\",\"url\":\"https:\\\/\\\/tirinha.com\\\/1059\\\/mickey-e-minnie-comemoram-seu-90o-aniversario\\\/\",\"name\":\"Mickey e Minnie comemoram seu 90\u00ba anivers\u00e1rio - Tirinha.com\",\"isPartOf\":{\"@id\":\"https:\\\/\\\/tirinha.com\\\/#website\"},\"primaryImageOfPage\":{\"@id\":\"https:\\\/\\\/tirinha.com\\\/1059\\\/mickey-e-minnie-comemoram-seu-90o-aniversario\\\/#primaryimage\"},\"image\":{\"@id\":\"https:\\\/\\\/tirinha.com\\\/1059\\\/mickey-e-minnie-comemoram-seu-90o-aniversario\\\/#primaryimage\"},\"thumbnailUrl\":\"https:\\\/\\\/i2.wp.com\\\/elgeneracionalpost.com\\\/wp-content\\\/uploads\\\/2018\\\/11\\\/mickey-minnie-railroad-header.jpg?fit=970,545&ssl=1\",\"datePublished\":\"2023-04-05T10:35:05+00:00\",\"breadcrumb\":{\"@id\":\"https:\\\/\\\/tirinha.com\\\/1059\\\/mickey-e-minnie-comemoram-seu-90o-aniversario\\\/#breadcrumb\"},\"inLanguage\":\"pl-PL\",\"potentialAction\":[{\"@type\":\"ReadAction\",\"target\":[\"https:\\\/\\\/tirinha.com\\\/1059\\\/mickey-e-minnie-comemoram-seu-90o-aniversario\\\/\"]}]},{\"@type\":\"ImageObject\",\"inLanguage\":\"pl-PL\",\"@id\":\"https:\\\/\\\/tirinha.com\\\/1059\\\/mickey-e-minnie-comemoram-seu-90o-aniversario\\\/#primaryimage\",\"url\":\"https:\\\/\\\/i2.wp.com\\\/elgeneracionalpost.com\\\/wp-content\\\/uploads\\\/2018\\\/11\\\/mickey-minnie-railroad-header.jpg?fit=970,545&ssl=1\",\"contentUrl\":\"https:\\\/\\\/i2.wp.com\\\/elgeneracionalpost.com\\\/wp-content\\\/uploads\\\/2018\\\/11\\\/mickey-minnie-railroad-header.jpg?fit=970,545&ssl=1\"},{\"@type\":\"BreadcrumbList\",\"@id\":\"https:\\\/\\\/tirinha.com\\\/1059\\\/mickey-e-minnie-comemoram-seu-90o-aniversario\\\/#breadcrumb\",\"itemListElement\":[{\"@type\":\"ListItem\",\"position\":1,\"name\":\"Home\",\"item\":\"https:\\\/\\\/tirinha.com\\\/\"},{\"@type\":\"ListItem\",\"position\":2,\"name\":\"Mickey e Minnie comemoram seu 90\u00ba anivers\u00e1rio\"}]},{\"@type\":\"WebSite\",\"@id\":\"https:\\\/\\\/tirinha.com\\\/#website\",\"url\":\"https:\\\/\\\/tirinha.com\\\/\",\"name\":\"Tirinha.com\",\"description\":\"Arte e livros resenhas\",\"publisher\":{\"@id\":\"https:\\\/\\\/tirinha.com\\\/#organization\"},\"potentialAction\":[{\"@type\":\"SearchAction\",\"target\":{\"@type\":\"EntryPoint\",\"urlTemplate\":\"https:\\\/\\\/tirinha.com\\\/?s={search_term_string}\"},\"query-input\":{\"@type\":\"PropertyValueSpecification\",\"valueRequired\":true,\"valueName\":\"search_term_string\"}}],\"inLanguage\":\"pl-PL\"},{\"@type\":\"Organization\",\"@id\":\"https:\\\/\\\/tirinha.com\\\/#organization\",\"name\":\"Tirinha.com\",\"url\":\"https:\\\/\\\/tirinha.com\\\/\",\"logo\":{\"@type\":\"ImageObject\",\"inLanguage\":\"pl-PL\",\"@id\":\"https:\\\/\\\/tirinha.com\\\/#\\\/schema\\\/logo\\\/image\\\/\",\"url\":\"https:\\\/\\\/tirinha.com\\\/wp-content\\\/uploads\\\/2023\\\/08\\\/cropped-Logo-Tirinha.webp\",\"contentUrl\":\"https:\\\/\\\/tirinha.com\\\/wp-content\\\/uploads\\\/2023\\\/08\\\/cropped-Logo-Tirinha.webp\",\"width\":512,\"height\":512,\"caption\":\"Tirinha.com\"},\"image\":{\"@id\":\"https:\\\/\\\/tirinha.com\\\/#\\\/schema\\\/logo\\\/image\\\/\"}},{\"@type\":\"Person\",\"@id\":\"https:\\\/\\\/tirinha.com\\\/#\\\/schema\\\/person\\\/e22bdfbe17e0461f7e927e6a1208d4d9\",\"name\":\"admin\",\"image\":{\"@type\":\"ImageObject\",\"inLanguage\":\"pl-PL\",\"@id\":\"https:\\\/\\\/tirinha.com\\\/wp-content\\\/litespeed\\\/avatar\\\/d0068f7931cc87d7274eb0c3db1deb4b.jpg?ver=1776829466\",\"url\":\"https:\\\/\\\/tirinha.com\\\/wp-content\\\/litespeed\\\/avatar\\\/d0068f7931cc87d7274eb0c3db1deb4b.jpg?ver=1776829466\",\"contentUrl\":\"https:\\\/\\\/tirinha.com\\\/wp-content\\\/litespeed\\\/avatar\\\/d0068f7931cc87d7274eb0c3db1deb4b.jpg?ver=1776829466\",\"caption\":\"admin\"},\"sameAs\":[\"https:\\\/\\\/tirinha.com\"],\"url\":\"https:\\\/\\\/tirinha.com\\\/pl\\\/author\\\/admin\\\/\"}]}<\/script>\n<!-- \/ Yoast SEO plugin. -->","yoast_head_json":{"title":"Mickey e Minnie comemoram seu 90\u00ba anivers\u00e1rio - Tirinha.com","robots":{"index":"index","follow":"follow","max-snippet":"max-snippet:-1","max-image-preview":"max-image-preview:large","max-video-preview":"max-video-preview:-1"},"canonical":"https:\/\/tirinha.com\/pl\/1059\/mickey-e-minnie-comemoram-seu-90o-aniversario\/","og_locale":"pl_PL","og_type":"article","og_title":"Mickey e Minnie comemoram seu 90\u00ba anivers\u00e1rio - Tirinha.com","og_description":"Apesar dos noventa anos, a dupla de roedores segue em plena forma, tornando-se um \u00edcone amado por crian\u00e7as e adultos &hellip;","og_url":"https:\/\/tirinha.com\/pl\/1059\/mickey-e-minnie-comemoram-seu-90o-aniversario\/","og_site_name":"Tirinha.com","article_published_time":"2023-04-05T10:35:05+00:00","og_image":[{"url":"https:\/\/i2.wp.com\/elgeneracionalpost.com\/wp-content\/uploads\/2018\/11\/mickey-minnie-railroad-header.jpg?fit=970,545&ssl=1","type":"","width":"","height":""}],"author":"admin","twitter_card":"summary_large_image","twitter_image":"https:\/\/i2.wp.com\/elgeneracionalpost.com\/wp-content\/uploads\/2018\/11\/mickey-minnie-railroad-header.jpg?fit=970,545&ssl=1","twitter_misc":{"Napisane przez":"admin","Szacowany czas czytania":"3 minuty"},"schema":{"@context":"https:\/\/schema.org","@graph":[{"@type":"Article","@id":"https:\/\/tirinha.com\/1059\/mickey-e-minnie-comemoram-seu-90o-aniversario\/#article","isPartOf":{"@id":"https:\/\/tirinha.com\/1059\/mickey-e-minnie-comemoram-seu-90o-aniversario\/"},"author":{"name":"admin","@id":"https:\/\/tirinha.com\/#\/schema\/person\/e22bdfbe17e0461f7e927e6a1208d4d9"},"headline":"Mickey e Minnie comemoram seu 90\u00ba anivers\u00e1rio","datePublished":"2023-04-05T10:35:05+00:00","mainEntityOfPage":{"@id":"https:\/\/tirinha.com\/1059\/mickey-e-minnie-comemoram-seu-90o-aniversario\/"},"wordCount":683,"commentCount":0,"publisher":{"@id":"https:\/\/tirinha.com\/#organization"},"image":{"@id":"https:\/\/tirinha.com\/1059\/mickey-e-minnie-comemoram-seu-90o-aniversario\/#primaryimage"},"thumbnailUrl":"https:\/\/i2.wp.com\/elgeneracionalpost.com\/wp-content\/uploads\/2018\/11\/mickey-minnie-railroad-header.jpg?fit=970,545&ssl=1","articleSection":["Cultura e lazer"],"inLanguage":"pl-PL","potentialAction":[{"@type":"CommentAction","name":"Comment","target":["https:\/\/tirinha.com\/1059\/mickey-e-minnie-comemoram-seu-90o-aniversario\/#respond"]}]},{"@type":"WebPage","@id":"https:\/\/tirinha.com\/1059\/mickey-e-minnie-comemoram-seu-90o-aniversario\/","url":"https:\/\/tirinha.com\/1059\/mickey-e-minnie-comemoram-seu-90o-aniversario\/","name":"Mickey e Minnie comemoram seu 90\u00ba anivers\u00e1rio - Tirinha.com","isPartOf":{"@id":"https:\/\/tirinha.com\/#website"},"primaryImageOfPage":{"@id":"https:\/\/tirinha.com\/1059\/mickey-e-minnie-comemoram-seu-90o-aniversario\/#primaryimage"},"image":{"@id":"https:\/\/tirinha.com\/1059\/mickey-e-minnie-comemoram-seu-90o-aniversario\/#primaryimage"},"thumbnailUrl":"https:\/\/i2.wp.com\/elgeneracionalpost.com\/wp-content\/uploads\/2018\/11\/mickey-minnie-railroad-header.jpg?fit=970,545&ssl=1","datePublished":"2023-04-05T10:35:05+00:00","breadcrumb":{"@id":"https:\/\/tirinha.com\/1059\/mickey-e-minnie-comemoram-seu-90o-aniversario\/#breadcrumb"},"inLanguage":"pl-PL","potentialAction":[{"@type":"ReadAction","target":["https:\/\/tirinha.com\/1059\/mickey-e-minnie-comemoram-seu-90o-aniversario\/"]}]},{"@type":"ImageObject","inLanguage":"pl-PL","@id":"https:\/\/tirinha.com\/1059\/mickey-e-minnie-comemoram-seu-90o-aniversario\/#primaryimage","url":"https:\/\/i2.wp.com\/elgeneracionalpost.com\/wp-content\/uploads\/2018\/11\/mickey-minnie-railroad-header.jpg?fit=970,545&ssl=1","contentUrl":"https:\/\/i2.wp.com\/elgeneracionalpost.com\/wp-content\/uploads\/2018\/11\/mickey-minnie-railroad-header.jpg?fit=970,545&ssl=1"},{"@type":"BreadcrumbList","@id":"https:\/\/tirinha.com\/1059\/mickey-e-minnie-comemoram-seu-90o-aniversario\/#breadcrumb","itemListElement":[{"@type":"ListItem","position":1,"name":"Home","item":"https:\/\/tirinha.com\/"},{"@type":"ListItem","position":2,"name":"Mickey e Minnie comemoram seu 90\u00ba anivers\u00e1rio"}]},{"@type":"WebSite","@id":"https:\/\/tirinha.com\/#website","url":"https:\/\/tirinha.com\/","name":"Tirinha.com","description":"Recenzje dzie\u0142 sztuki i ksi\u0105\u017cek","publisher":{"@id":"https:\/\/tirinha.com\/#organization"},"potentialAction":[{"@type":"SearchAction","target":{"@type":"EntryPoint","urlTemplate":"https:\/\/tirinha.com\/?s={search_term_string}"},"query-input":{"@type":"PropertyValueSpecification","valueRequired":true,"valueName":"search_term_string"}}],"inLanguage":"pl-PL"},{"@type":"Organization","@id":"https:\/\/tirinha.com\/#organization","name":"Tirinha.com","url":"https:\/\/tirinha.com\/","logo":{"@type":"ImageObject","inLanguage":"pl-PL","@id":"https:\/\/tirinha.com\/#\/schema\/logo\/image\/","url":"https:\/\/tirinha.com\/wp-content\/uploads\/2023\/08\/cropped-Logo-Tirinha.webp","contentUrl":"https:\/\/tirinha.com\/wp-content\/uploads\/2023\/08\/cropped-Logo-Tirinha.webp","width":512,"height":512,"caption":"Tirinha.com"},"image":{"@id":"https:\/\/tirinha.com\/#\/schema\/logo\/image\/"}},{"@type":"Person","@id":"https:\/\/tirinha.com\/#\/schema\/person\/e22bdfbe17e0461f7e927e6a1208d4d9","name":"Admin","image":{"@type":"ImageObject","inLanguage":"pl-PL","@id":"https:\/\/tirinha.com\/wp-content\/litespeed\/avatar\/d0068f7931cc87d7274eb0c3db1deb4b.jpg?ver=1776829466","url":"https:\/\/tirinha.com\/wp-content\/litespeed\/avatar\/d0068f7931cc87d7274eb0c3db1deb4b.jpg?ver=1776829466","contentUrl":"https:\/\/tirinha.com\/wp-content\/litespeed\/avatar\/d0068f7931cc87d7274eb0c3db1deb4b.jpg?ver=1776829466","caption":"admin"},"sameAs":["https:\/\/tirinha.com"],"url":"https:\/\/tirinha.com\/pl\/author\/admin\/"}]}},"_links":{"self":[{"href":"https:\/\/tirinha.com\/pl\/wp-json\/wp\/v2\/posts\/1059","targetHints":{"allow":["GET"]}}],"collection":[{"href":"https:\/\/tirinha.com\/pl\/wp-json\/wp\/v2\/posts"}],"about":[{"href":"https:\/\/tirinha.com\/pl\/wp-json\/wp\/v2\/types\/post"}],"author":[{"embeddable":true,"href":"https:\/\/tirinha.com\/pl\/wp-json\/wp\/v2\/users\/1"}],"replies":[{"embeddable":true,"href":"https:\/\/tirinha.com\/pl\/wp-json\/wp\/v2\/comments?post=1059"}],"version-history":[{"count":0,"href":"https:\/\/tirinha.com\/pl\/wp-json\/wp\/v2\/posts\/1059\/revisions"}],"wp:featuredmedia":[{"embeddable":true,"href":"https:\/\/tirinha.com\/pl\/wp-json\/wp\/v2\/media\/1060"}],"wp:attachment":[{"href":"https:\/\/tirinha.com\/pl\/wp-json\/wp\/v2\/media?parent=1059"}],"wp:term":[{"taxonomy":"category","embeddable":true,"href":"https:\/\/tirinha.com\/pl\/wp-json\/wp\/v2\/categories?post=1059"},{"taxonomy":"post_tag","embeddable":true,"href":"https:\/\/tirinha.com\/pl\/wp-json\/wp\/v2\/tags?post=1059"}],"curies":[{"name":"wp","href":"https:\/\/api.w.org\/{rel}","templated":true}]}}