{"id":1055,"date":"2023-04-05T09:50:57","date_gmt":"2023-04-05T09:50:57","guid":{"rendered":"https:\/\/tirinha.com\/madrid-rende-se-aos-pes-do-5-seconds-of-summer\/"},"modified":"2023-04-05T09:50:57","modified_gmt":"2023-04-05T09:50:57","slug":"madrid-rende-se-aos-pes-do-5-seconds-of-summer","status":"publish","type":"post","link":"https:\/\/tirinha.com\/pl\/1055\/madrid-rende-se-aos-pes-do-5-seconds-of-summer\/","title":{"rendered":"Madryt poddaje si\u0119 u st\u00f3p 5 Seconds of Summer"},"content":{"rendered":"<p><\/p>\n<div>\n<h3>W poniedzia\u0142ek, 19 listopada, australijska grupa przypiecz\u0119towa\u0142a tras\u0119 koncertow\u0105 swojego trzeciego albumu w Wizink Center w stolicy, przed ca\u0142kowicie oddan\u0105 publiczno\u015bci\u0105<\/h3>\n<p>Prawie siedem lat po powstaniu zespo\u0142u na obrze\u017cach Sydney Michael Clifford, Calum Hood, Luke Hemmings i Ashton Irwin wracaj\u0105 do Hiszpanii, aby zako\u0144czy\u0107 tras\u0119 koncertow\u0105 zwi\u0105zan\u0105 z ich udanym trzecim albumem. <em>M\u0142oda krew<\/em> w stolicy naszego kraju, gdy\u017c europejska cz\u0119\u015b\u0107 jego ostatniego tourn\u00e9e zako\u0144czy\u0142a si\u0119 w Pal\u00e1cio Vistalegre, tak\u017ce w Madrycie.<\/p>\n<p>Australijski kwartet od lat mo\u017ce odnie\u015b\u0107 niezliczone sukcesy, zw\u0142aszcza od wa\u017cnego dla nich roku 2014, kiedy to po raz drugi relacjonowali wielk\u0105 tras\u0119 koncertow\u0105 po stadionach, kt\u00f3r\u0105 One Direction odbywa\u0142o po ca\u0142ym \u015bwiecie, oraz wyda\u0142 sw\u00f3j pierwszy album studyjny.<em>5 sekund lata<\/em>kt\u00f3ry osi\u0105gn\u0105\u0142 numer jeden w 11 krajach i kt\u00f3rego pierwszy singiel \u201eShe Looking So Perfect\u201d.<em>\u00ab<\/em>dotar\u0142 na szczyt listy Billboardu.<\/p>\n<p>W 2015 roku, korzystaj\u0105c ze swojej ogromnej mi\u0119dzynarodowej popularno\u015bci, wydali sw\u00f3j drugi album <em>Brzmi dobrze, czuje si\u0119 dobrze<\/em>, kt\u00f3ry ponownie osi\u0105gn\u0105\u0142 numer jeden, po czym odby\u0142a si\u0119 du\u017ca mi\u0119dzynarodowa trasa koncertowa, podczas kt\u00f3rej zesp\u00f3\u0142 zastanawia\u0142 si\u0119 nad szczytem, kt\u00f3ry osi\u0105gn\u0105\u0142, oraz konsekwencjami, jakie mo\u017ce mie\u0107 ewentualny upadek. Tak wi\u0119c, po zako\u0144czeniu drugiej trasy, ch\u0142opaki z 5SOS wycofali si\u0119 na jaki\u015b czas ze studia i \u017cycia publicznego, aby skupi\u0107 si\u0119 na komponowaniu i rozwoju.<\/p>\n<p>Efektem tej chwili pami\u0119ci by\u0142 <em>M\u0142oda krew,<\/em> trzeci album, kt\u00f3ry zaprezentowali wczoraj wieczorem w stolicy. Dla fan\u00f3w oczekiwanie by\u0142o d\u0142ugie, ale widz\u0105c rezultat, wydaje si\u0119, \u017ce prawie trzy lata bez nowej muzyki by\u0142y tego warte. Nowe brzmienie, nowy wizerunek i nowy mi\u0119dzynarodowy numer jeden zesz\u0142ego lata, staj\u0105c si\u0119 pierwszym australijskim zespo\u0142em, kt\u00f3ry wypu\u015bci\u0142 trzy albumy z rz\u0119du na pierwsze miejsca na listach przeboj\u00f3w. Je\u015bli chodzi o d\u017awi\u0119k, wydaje si\u0119, \u017ce <em>Australijczycy<\/em> Porzucili swoj\u0105 pasj\u0119 do Green Day i przeszli w stron\u0119 bardziej popu i syntetycznych rytm\u00f3w, chocia\u017c szczero\u015b\u0107 ich tekst\u00f3w jest nadal r\u00f3wnie szorstka, ale bardziej dojrza\u0142a.<\/p>\n<h4><img fetchpriority=\"high\" data-attachment-id=\"890\" data-permalink=\"https:\/\/elgeneracionalpost.com\/cultura\/2018\/1120\/889\/madrid-se-rinde-a-los-pies-de-5-seconds-of-summer.html\/attachment\/img-1516\" data-orig-file=\"https:\/\/i0.wp.com\/elgeneracionalpost.com\/wp-content\/uploads\/2018\/11\/img-1516.jpg?fit=750%2C1055&amp;ssl=1\" data-orig-size=\"750,1055\" data-comments-opened=\"1\" data-image-meta=\"{&quot;aperture&quot;:&quot;0&quot;,&quot;credit&quot;:&quot;&quot;,&quot;camera&quot;:&quot;&quot;,&quot;caption&quot;:&quot;&quot;,&quot;created_timestamp&quot;:&quot;0&quot;,&quot;copyright&quot;:&quot;&quot;,&quot;focal_length&quot;:&quot;0&quot;,&quot;iso&quot;:&quot;0&quot;,&quot;shutter_speed&quot;:&quot;0&quot;,&quot;title&quot;:&quot;&quot;,&quot;orientation&quot;:&quot;0&quot;}\" data-image-title=\"IMG-1516\" data-image-description=\"\" data-image-caption=\"\" data-medium-file=\"https:\/\/i0.wp.com\/elgeneracionalpost.com\/wp-content\/uploads\/2018\/11\/img-1516.jpg?fit=213%2C300&amp;ssl=1\" data-large-file=\"https:\/\/i0.wp.com\/elgeneracionalpost.com\/wp-content\/uploads\/2018\/11\/img-1516.jpg?fit=696%2C979&amp;ssl=1\" decoding=\"async\" class=\"alignnone size-full wp-image-890 jetpack-lazy-image\" src=\"https:\/\/i0.wp.com\/elgeneracionalpost.com\/wp-content\/uploads\/2018\/11\/img-1516.jpg?resize=696%2C979&amp;ssl=1\" alt=\"IMG-1516\" width=\"696\" height=\"979\" data-recalc-dims=\"1\" data-lazy-src=\"https:\/\/i0.wp.com\/elgeneracionalpost.com\/wp-content\/uploads\/2018\/11\/img-1516.jpg?resize=696%2C979&amp;is-pending-load=1#038;ssl=1\" srcset=\"data:image\/gif;base64,R0lGODlhAQABAIAAAAAAAP\/\/\/yH5BAEAAAAALAAAAAABAAEAAAIBRAA7\"\/><noscript><img data-lazy-fallback=\"1\" data-attachment-id=\"890\" data-permalink=\"https:\/\/elgeneracionalpost.com\/cultura\/2018\/1120\/889\/madrid-se-rinde-a-los-pies-de-5-seconds-of-summer.html\/attachment\/img-1516\" data-orig-file=\"https:\/\/i0.wp.com\/elgeneracionalpost.com\/wp-content\/uploads\/2018\/11\/img-1516.jpg?fit=750%2C1055&amp;ssl=1\" data-orig-size=\"750,1055\" data-comments-opened=\"1\" data-image-meta=\"{&quot;aperture&quot;:&quot;0&quot;,&quot;credit&quot;:&quot;&quot;,&quot;camera&quot;:&quot;&quot;,&quot;caption&quot;:&quot;&quot;,&quot;created_timestamp&quot;:&quot;0&quot;,&quot;copyright&quot;:&quot;&quot;,&quot;focal_length&quot;:&quot;0&quot;,&quot;iso&quot;:&quot;0&quot;,&quot;shutter_speed&quot;:&quot;0&quot;,&quot;title&quot;:&quot;&quot;,&quot;orientation&quot;:&quot;0&quot;}\" data-image-title=\"IMG-1516\" data-image-description=\"\" data-image-caption=\"\" data-medium-file=\"https:\/\/i0.wp.com\/elgeneracionalpost.com\/wp-content\/uploads\/2018\/11\/img-1516.jpg?fit=213%2C300&amp;ssl=1\" data-large-file=\"https:\/\/i0.wp.com\/elgeneracionalpost.com\/wp-content\/uploads\/2018\/11\/img-1516.jpg?fit=696%2C979&amp;ssl=1\" decoding=\"async\" class=\"alignnone size-full wp-image-890\" src=\"https:\/\/i0.wp.com\/elgeneracionalpost.com\/wp-content\/uploads\/2018\/11\/img-1516.jpg?resize=696%2C979&amp;ssl=1\" alt=\"IMG-1516\" width=\"696\" height=\"979\" data-recalc-dims=\"1\"\/><\/noscript><em>\u0179r\u00f3d\u0142o: Andy Deluca<\/em><\/h4>\n<p>Wczorajszy wyst\u0119p w Wizink Center by\u0142 niemal kameralny, poniewa\u017c oko\u0142o 8 000 obecnych na nim ludzi znajdowa\u0142o si\u0119 na pod\u0142odze, a trybuny by\u0142y zamkni\u0119te i zas\u0142oni\u0119te ogromnymi czarnymi zas\u0142onami, co dawa\u0142o poczucie blisko\u015bci z zespo\u0142em. Je\u015bli dodamy do tego, \u017ce na scenie jak zwykle nie by\u0142o wielkich ekran\u00f3w, to mo\u017cna powiedzie\u0107, \u017ce wczorajszego wieczoru 5SOS da\u0142o koncert w \u201estarym stylu\u201d. Jednak\u017ce publiczno\u015b\u0107 wyrazi\u0142a ch\u0119\u0107 zobaczenia Australijczyk\u00f3w z powrotem w Hiszpanii, ca\u0142kowicie oddanych ka\u017cdej z piosenek. Wiekszosc z <em>Setlista<\/em> Sk\u0142ada\u0142 si\u0119 on z utwor\u00f3w z ich najnowszego dzie\u0142a, cho\u0107 w kilku miejscach nawi\u0105zali do g\u0142\u00f3wnych singli z pierwszych dw\u00f3ch album\u00f3w.<\/p>\n<p style=\"text-align:justify;\">Jak powiedzia\u0142 Michael Clifford, gitarzysta i solenizant, kt\u00f3rego wczoraj wieczorem pochwali\u0142a ca\u0142a sala za swoje niedawno uko\u0144czone 23 lata, ci z Sydney planuj\u0105 wzi\u0105\u0107 troch\u0119 wolnego po tej d\u0142ugiej trasie, a nast\u0119pnie wr\u00f3ci\u0107 do studia, aby przygotowa\u0107 kolejn\u0105 prac\u0119 z te same ambicje i iluzje. Odpowied\u017a dawnego Palacio de los Deportes by\u0142a jasna: powszechny krzyk pokaza\u0142, \u017ce zn\u00f3w b\u0119dziemy na nich czeka\u0107.<\/p>\n<h4 style=\"text-align:justify;\"><img data-attachment-id=\"893\" data-permalink=\"https:\/\/elgeneracionalpost.com\/cultura\/2018\/1120\/889\/madrid-se-rinde-a-los-pies-de-5-seconds-of-summer.html\/attachment\/5-seconds-of-summer-press-photo-02-2018-billboard-1548-2\" data-orig-file=\"https:\/\/i0.wp.com\/elgeneracionalpost.com\/wp-content\/uploads\/2018\/11\/5-seconds-of-summer-press-photo-02-2018-billboard-15481.jpg?fit=768%2C433&amp;ssl=1\" data-orig-size=\"768,433\" data-comments-opened=\"1\" data-image-meta=\"{&quot;aperture&quot;:&quot;0&quot;,&quot;credit&quot;:&quot;&quot;,&quot;camera&quot;:&quot;&quot;,&quot;caption&quot;:&quot;&quot;,&quot;created_timestamp&quot;:&quot;0&quot;,&quot;copyright&quot;:&quot;&quot;,&quot;focal_length&quot;:&quot;0&quot;,&quot;iso&quot;:&quot;0&quot;,&quot;shutter_speed&quot;:&quot;0&quot;,&quot;title&quot;:&quot;&quot;,&quot;orientation&quot;:&quot;0&quot;}\" data-image-title=\"5-Seconds-of-Summer-press-photo-02-2018-billboard-1548\" data-image-description=\"\" data-image-caption=\"\" data-medium-file=\"https:\/\/i0.wp.com\/elgeneracionalpost.com\/wp-content\/uploads\/2018\/11\/5-seconds-of-summer-press-photo-02-2018-billboard-15481.jpg?fit=300%2C169&amp;ssl=1\" data-large-file=\"https:\/\/i0.wp.com\/elgeneracionalpost.com\/wp-content\/uploads\/2018\/11\/5-seconds-of-summer-press-photo-02-2018-billboard-15481.jpg?fit=696%2C392&amp;ssl=1\" decoding=\"async\" class=\"alignnone size-full wp-image-893 jetpack-lazy-image\" src=\"https:\/\/i0.wp.com\/elgeneracionalpost.com\/wp-content\/uploads\/2018\/11\/5-seconds-of-summer-press-photo-02-2018-billboard-15481.jpg?resize=696%2C392&amp;ssl=1\" alt=\"5-Seconds-of-Summer-press-photo-02-2018-billboard-1548\" width=\"696\" height=\"392\" data-recalc-dims=\"1\" data-lazy-src=\"https:\/\/i0.wp.com\/elgeneracionalpost.com\/wp-content\/uploads\/2018\/11\/5-seconds-of-summer-press-photo-02-2018-billboard-15481.jpg?resize=696%2C392&amp;is-pending-load=1#038;ssl=1\" srcset=\"data:image\/gif;base64,R0lGODlhAQABAIAAAAAAAP\/\/\/yH5BAEAAAAALAAAAAABAAEAAAIBRAA7\"\/><noscript><img loading=\"lazy\" data-lazy-fallback=\"1\" data-attachment-id=\"893\" data-permalink=\"https:\/\/elgeneracionalpost.com\/cultura\/2018\/1120\/889\/madrid-se-rinde-a-los-pies-de-5-seconds-of-summer.html\/attachment\/5-seconds-of-summer-press-photo-02-2018-billboard-1548-2\" data-orig-file=\"https:\/\/i0.wp.com\/elgeneracionalpost.com\/wp-content\/uploads\/2018\/11\/5-seconds-of-summer-press-photo-02-2018-billboard-15481.jpg?fit=768%2C433&amp;ssl=1\" data-orig-size=\"768,433\" data-comments-opened=\"1\" data-image-meta=\"{&quot;aperture&quot;:&quot;0&quot;,&quot;credit&quot;:&quot;&quot;,&quot;camera&quot;:&quot;&quot;,&quot;caption&quot;:&quot;&quot;,&quot;created_timestamp&quot;:&quot;0&quot;,&quot;copyright&quot;:&quot;&quot;,&quot;focal_length&quot;:&quot;0&quot;,&quot;iso&quot;:&quot;0&quot;,&quot;shutter_speed&quot;:&quot;0&quot;,&quot;title&quot;:&quot;&quot;,&quot;orientation&quot;:&quot;0&quot;}\" data-image-title=\"5-Seconds-of-Summer-press-photo-02-2018-billboard-1548\" data-image-description=\"\" data-image-caption=\"\" data-medium-file=\"https:\/\/i0.wp.com\/elgeneracionalpost.com\/wp-content\/uploads\/2018\/11\/5-seconds-of-summer-press-photo-02-2018-billboard-15481.jpg?fit=300%2C169&amp;ssl=1\" data-large-file=\"https:\/\/i0.wp.com\/elgeneracionalpost.com\/wp-content\/uploads\/2018\/11\/5-seconds-of-summer-press-photo-02-2018-billboard-15481.jpg?fit=696%2C392&amp;ssl=1\" decoding=\"async\" class=\"alignnone size-full wp-image-893\" src=\"https:\/\/i0.wp.com\/elgeneracionalpost.com\/wp-content\/uploads\/2018\/11\/5-seconds-of-summer-press-photo-02-2018-billboard-15481.jpg?resize=696%2C392&amp;ssl=1\" alt=\"5-Seconds-of-Summer-press-photo-02-2018-billboard-1548\" width=\"696\" height=\"392\" data-recalc-dims=\"1\"\/><\/noscript>\u0179r\u00f3d\u0142o: Billboard \/ Andy Deluca.<span id=\"more-889\"\/><!--more--><\/h4>\n<div class=\"sharedaddy sd-block sd-like jetpack-likes-widget-wrapper jetpack-likes-widget-unloaded\" id=\"like-post-wrapper-153844979-889-642d4480075d3\" data-src=\"https:\/\/widgets.wp.com\/likes\/#blog_id=153844979&amp;post_id=889&amp;origin=elgeneracionalpost.com&amp;obj_id=153844979-889-642d4480075d3\" data-name=\"like-post-frame-153844979-889-642d4480075d3\" data-title=\"Me gusta o Compartir\">\n<h3 class=\"sd-title\">Lubi\u0119 to:<\/h3>\n<p><span class=\"button\"><span>lubi\u0119<\/span><\/span> <span class=\"loading\">\u0141adowanie\u2026<\/span><\/p>\n<p><span class=\"sd-text-color\"\/><\/div>\n<p><h3 class=\"jp-relatedposts-headline\"><em>Powi\u0105zany<\/em><\/h3>\n<\/p>\n<\/div>","protected":false},"excerpt":{"rendered":"<p>W poniedzia\u0142ek, 19 listopada, australijska grupa przypiecz\u0119towa\u0142a tras\u0119 koncertow\u0105\u2026 <\/p>","protected":false},"author":1,"featured_media":1056,"comment_status":"open","ping_status":"open","sticky":false,"template":"","format":"standard","meta":{"fifu_image_url":"https:\/\/i0.wp.com\/elgeneracionalpost.com\/wp-content\/uploads\/2018\/11\/02-5-seconds-of-summer-press-2018-cr-andy-deluca-billboard-1548.jpg?fit=636,421&ssl=1","fifu_image_alt":"","footnotes":""},"categories":[35],"tags":[],"class_list":["post-1055","post","type-post","status-publish","format-standard","has-post-thumbnail","hentry","category-cultura-e-lazer","latest_post"],"yoast_head":"<!-- This site is optimized with the Yoast SEO plugin v27.3 - https:\/\/yoast.com\/product\/yoast-seo-wordpress\/ -->\n<title>Madrid rende-se aos p\u00e9s do 5 Seconds of Summer - Tirinha.com<\/title>\n<meta name=\"robots\" content=\"index, follow, max-snippet:-1, max-image-preview:large, max-video-preview:-1\" \/>\n<link rel=\"canonical\" href=\"https:\/\/tirinha.com\/pl\/1055\/madrid-rende-se-aos-pes-do-5-seconds-of-summer\/\" \/>\n<meta property=\"og:locale\" content=\"pl_PL\" \/>\n<meta property=\"og:type\" content=\"article\" \/>\n<meta property=\"og:title\" content=\"Madrid rende-se aos p\u00e9s do 5 Seconds of Summer - Tirinha.com\" \/>\n<meta property=\"og:description\" content=\"Nesta segunda-feira, 19 de novembro, o grupo australiano colocou a cereja no topo do bolo para a turn\u00ea de seu &hellip;\" \/>\n<meta property=\"og:url\" content=\"https:\/\/tirinha.com\/pl\/1055\/madrid-rende-se-aos-pes-do-5-seconds-of-summer\/\" \/>\n<meta property=\"og:site_name\" content=\"Tirinha.com\" \/>\n<meta property=\"article:published_time\" content=\"2023-04-05T09:50:57+00:00\" \/>\n<meta property=\"og:image\" content=\"https:\/\/i0.wp.com\/elgeneracionalpost.com\/wp-content\/uploads\/2018\/11\/02-5-seconds-of-summer-press-2018-cr-andy-deluca-billboard-1548.jpg?fit=636,421&ssl=1\" \/>\n<meta name=\"author\" content=\"admin\" \/>\n<meta name=\"twitter:card\" content=\"summary_large_image\" \/>\n<meta name=\"twitter:image\" content=\"https:\/\/i0.wp.com\/elgeneracionalpost.com\/wp-content\/uploads\/2018\/11\/02-5-seconds-of-summer-press-2018-cr-andy-deluca-billboard-1548.jpg?fit=636,421&ssl=1\" \/>\n<meta name=\"twitter:label1\" content=\"Napisane przez\" \/>\n\t<meta name=\"twitter:data1\" content=\"admin\" \/>\n\t<meta name=\"twitter:label2\" content=\"Szacowany czas czytania\" \/>\n\t<meta name=\"twitter:data2\" content=\"3 minuty\" \/>\n<script type=\"application\/ld+json\" class=\"yoast-schema-graph\">{\"@context\":\"https:\\\/\\\/schema.org\",\"@graph\":[{\"@type\":\"Article\",\"@id\":\"https:\\\/\\\/tirinha.com\\\/1055\\\/madrid-rende-se-aos-pes-do-5-seconds-of-summer\\\/#article\",\"isPartOf\":{\"@id\":\"https:\\\/\\\/tirinha.com\\\/1055\\\/madrid-rende-se-aos-pes-do-5-seconds-of-summer\\\/\"},\"author\":{\"name\":\"admin\",\"@id\":\"https:\\\/\\\/tirinha.com\\\/#\\\/schema\\\/person\\\/e22bdfbe17e0461f7e927e6a1208d4d9\"},\"headline\":\"Madrid rende-se aos p\u00e9s do 5 Seconds of Summer\",\"datePublished\":\"2023-04-05T09:50:57+00:00\",\"mainEntityOfPage\":{\"@id\":\"https:\\\/\\\/tirinha.com\\\/1055\\\/madrid-rende-se-aos-pes-do-5-seconds-of-summer\\\/\"},\"wordCount\":599,\"commentCount\":0,\"publisher\":{\"@id\":\"https:\\\/\\\/tirinha.com\\\/#organization\"},\"image\":{\"@id\":\"https:\\\/\\\/tirinha.com\\\/1055\\\/madrid-rende-se-aos-pes-do-5-seconds-of-summer\\\/#primaryimage\"},\"thumbnailUrl\":\"https:\\\/\\\/i0.wp.com\\\/elgeneracionalpost.com\\\/wp-content\\\/uploads\\\/2018\\\/11\\\/02-5-seconds-of-summer-press-2018-cr-andy-deluca-billboard-1548.jpg?fit=636,421&ssl=1\",\"articleSection\":[\"Cultura e lazer\"],\"inLanguage\":\"pl-PL\",\"potentialAction\":[{\"@type\":\"CommentAction\",\"name\":\"Comment\",\"target\":[\"https:\\\/\\\/tirinha.com\\\/1055\\\/madrid-rende-se-aos-pes-do-5-seconds-of-summer\\\/#respond\"]}]},{\"@type\":\"WebPage\",\"@id\":\"https:\\\/\\\/tirinha.com\\\/1055\\\/madrid-rende-se-aos-pes-do-5-seconds-of-summer\\\/\",\"url\":\"https:\\\/\\\/tirinha.com\\\/1055\\\/madrid-rende-se-aos-pes-do-5-seconds-of-summer\\\/\",\"name\":\"Madrid rende-se aos p\u00e9s do 5 Seconds of Summer - Tirinha.com\",\"isPartOf\":{\"@id\":\"https:\\\/\\\/tirinha.com\\\/#website\"},\"primaryImageOfPage\":{\"@id\":\"https:\\\/\\\/tirinha.com\\\/1055\\\/madrid-rende-se-aos-pes-do-5-seconds-of-summer\\\/#primaryimage\"},\"image\":{\"@id\":\"https:\\\/\\\/tirinha.com\\\/1055\\\/madrid-rende-se-aos-pes-do-5-seconds-of-summer\\\/#primaryimage\"},\"thumbnailUrl\":\"https:\\\/\\\/i0.wp.com\\\/elgeneracionalpost.com\\\/wp-content\\\/uploads\\\/2018\\\/11\\\/02-5-seconds-of-summer-press-2018-cr-andy-deluca-billboard-1548.jpg?fit=636,421&ssl=1\",\"datePublished\":\"2023-04-05T09:50:57+00:00\",\"breadcrumb\":{\"@id\":\"https:\\\/\\\/tirinha.com\\\/1055\\\/madrid-rende-se-aos-pes-do-5-seconds-of-summer\\\/#breadcrumb\"},\"inLanguage\":\"pl-PL\",\"potentialAction\":[{\"@type\":\"ReadAction\",\"target\":[\"https:\\\/\\\/tirinha.com\\\/1055\\\/madrid-rende-se-aos-pes-do-5-seconds-of-summer\\\/\"]}]},{\"@type\":\"ImageObject\",\"inLanguage\":\"pl-PL\",\"@id\":\"https:\\\/\\\/tirinha.com\\\/1055\\\/madrid-rende-se-aos-pes-do-5-seconds-of-summer\\\/#primaryimage\",\"url\":\"https:\\\/\\\/i0.wp.com\\\/elgeneracionalpost.com\\\/wp-content\\\/uploads\\\/2018\\\/11\\\/02-5-seconds-of-summer-press-2018-cr-andy-deluca-billboard-1548.jpg?fit=636,421&ssl=1\",\"contentUrl\":\"https:\\\/\\\/i0.wp.com\\\/elgeneracionalpost.com\\\/wp-content\\\/uploads\\\/2018\\\/11\\\/02-5-seconds-of-summer-press-2018-cr-andy-deluca-billboard-1548.jpg?fit=636,421&ssl=1\"},{\"@type\":\"BreadcrumbList\",\"@id\":\"https:\\\/\\\/tirinha.com\\\/1055\\\/madrid-rende-se-aos-pes-do-5-seconds-of-summer\\\/#breadcrumb\",\"itemListElement\":[{\"@type\":\"ListItem\",\"position\":1,\"name\":\"Home\",\"item\":\"https:\\\/\\\/tirinha.com\\\/\"},{\"@type\":\"ListItem\",\"position\":2,\"name\":\"Madrid rende-se aos p\u00e9s do 5 Seconds of Summer\"}]},{\"@type\":\"WebSite\",\"@id\":\"https:\\\/\\\/tirinha.com\\\/#website\",\"url\":\"https:\\\/\\\/tirinha.com\\\/\",\"name\":\"Tirinha.com\",\"description\":\"Arte e livros resenhas\",\"publisher\":{\"@id\":\"https:\\\/\\\/tirinha.com\\\/#organization\"},\"potentialAction\":[{\"@type\":\"SearchAction\",\"target\":{\"@type\":\"EntryPoint\",\"urlTemplate\":\"https:\\\/\\\/tirinha.com\\\/?s={search_term_string}\"},\"query-input\":{\"@type\":\"PropertyValueSpecification\",\"valueRequired\":true,\"valueName\":\"search_term_string\"}}],\"inLanguage\":\"pl-PL\"},{\"@type\":\"Organization\",\"@id\":\"https:\\\/\\\/tirinha.com\\\/#organization\",\"name\":\"Tirinha.com\",\"url\":\"https:\\\/\\\/tirinha.com\\\/\",\"logo\":{\"@type\":\"ImageObject\",\"inLanguage\":\"pl-PL\",\"@id\":\"https:\\\/\\\/tirinha.com\\\/#\\\/schema\\\/logo\\\/image\\\/\",\"url\":\"https:\\\/\\\/tirinha.com\\\/wp-content\\\/uploads\\\/2023\\\/08\\\/cropped-Logo-Tirinha.webp\",\"contentUrl\":\"https:\\\/\\\/tirinha.com\\\/wp-content\\\/uploads\\\/2023\\\/08\\\/cropped-Logo-Tirinha.webp\",\"width\":512,\"height\":512,\"caption\":\"Tirinha.com\"},\"image\":{\"@id\":\"https:\\\/\\\/tirinha.com\\\/#\\\/schema\\\/logo\\\/image\\\/\"}},{\"@type\":\"Person\",\"@id\":\"https:\\\/\\\/tirinha.com\\\/#\\\/schema\\\/person\\\/e22bdfbe17e0461f7e927e6a1208d4d9\",\"name\":\"admin\",\"image\":{\"@type\":\"ImageObject\",\"inLanguage\":\"pl-PL\",\"@id\":\"https:\\\/\\\/tirinha.com\\\/wp-content\\\/litespeed\\\/avatar\\\/d0068f7931cc87d7274eb0c3db1deb4b.jpg?ver=1776829466\",\"url\":\"https:\\\/\\\/tirinha.com\\\/wp-content\\\/litespeed\\\/avatar\\\/d0068f7931cc87d7274eb0c3db1deb4b.jpg?ver=1776829466\",\"contentUrl\":\"https:\\\/\\\/tirinha.com\\\/wp-content\\\/litespeed\\\/avatar\\\/d0068f7931cc87d7274eb0c3db1deb4b.jpg?ver=1776829466\",\"caption\":\"admin\"},\"sameAs\":[\"https:\\\/\\\/tirinha.com\"],\"url\":\"https:\\\/\\\/tirinha.com\\\/pl\\\/author\\\/admin\\\/\"}]}<\/script>\n<!-- \/ Yoast SEO plugin. -->","yoast_head_json":{"title":"Madrid rende-se aos p\u00e9s do 5 Seconds of Summer - Tirinha.com","robots":{"index":"index","follow":"follow","max-snippet":"max-snippet:-1","max-image-preview":"max-image-preview:large","max-video-preview":"max-video-preview:-1"},"canonical":"https:\/\/tirinha.com\/pl\/1055\/madrid-rende-se-aos-pes-do-5-seconds-of-summer\/","og_locale":"pl_PL","og_type":"article","og_title":"Madrid rende-se aos p\u00e9s do 5 Seconds of Summer - Tirinha.com","og_description":"Nesta segunda-feira, 19 de novembro, o grupo australiano colocou a cereja no topo do bolo para a turn\u00ea de seu &hellip;","og_url":"https:\/\/tirinha.com\/pl\/1055\/madrid-rende-se-aos-pes-do-5-seconds-of-summer\/","og_site_name":"Tirinha.com","article_published_time":"2023-04-05T09:50:57+00:00","og_image":[{"url":"https:\/\/i0.wp.com\/elgeneracionalpost.com\/wp-content\/uploads\/2018\/11\/02-5-seconds-of-summer-press-2018-cr-andy-deluca-billboard-1548.jpg?fit=636,421&ssl=1","type":"","width":"","height":""}],"author":"admin","twitter_card":"summary_large_image","twitter_image":"https:\/\/i0.wp.com\/elgeneracionalpost.com\/wp-content\/uploads\/2018\/11\/02-5-seconds-of-summer-press-2018-cr-andy-deluca-billboard-1548.jpg?fit=636,421&ssl=1","twitter_misc":{"Napisane przez":"admin","Szacowany czas czytania":"3 minuty"},"schema":{"@context":"https:\/\/schema.org","@graph":[{"@type":"Article","@id":"https:\/\/tirinha.com\/1055\/madrid-rende-se-aos-pes-do-5-seconds-of-summer\/#article","isPartOf":{"@id":"https:\/\/tirinha.com\/1055\/madrid-rende-se-aos-pes-do-5-seconds-of-summer\/"},"author":{"name":"admin","@id":"https:\/\/tirinha.com\/#\/schema\/person\/e22bdfbe17e0461f7e927e6a1208d4d9"},"headline":"Madrid rende-se aos p\u00e9s do 5 Seconds of Summer","datePublished":"2023-04-05T09:50:57+00:00","mainEntityOfPage":{"@id":"https:\/\/tirinha.com\/1055\/madrid-rende-se-aos-pes-do-5-seconds-of-summer\/"},"wordCount":599,"commentCount":0,"publisher":{"@id":"https:\/\/tirinha.com\/#organization"},"image":{"@id":"https:\/\/tirinha.com\/1055\/madrid-rende-se-aos-pes-do-5-seconds-of-summer\/#primaryimage"},"thumbnailUrl":"https:\/\/i0.wp.com\/elgeneracionalpost.com\/wp-content\/uploads\/2018\/11\/02-5-seconds-of-summer-press-2018-cr-andy-deluca-billboard-1548.jpg?fit=636,421&ssl=1","articleSection":["Cultura e lazer"],"inLanguage":"pl-PL","potentialAction":[{"@type":"CommentAction","name":"Comment","target":["https:\/\/tirinha.com\/1055\/madrid-rende-se-aos-pes-do-5-seconds-of-summer\/#respond"]}]},{"@type":"WebPage","@id":"https:\/\/tirinha.com\/1055\/madrid-rende-se-aos-pes-do-5-seconds-of-summer\/","url":"https:\/\/tirinha.com\/1055\/madrid-rende-se-aos-pes-do-5-seconds-of-summer\/","name":"Madrid rende-se aos p\u00e9s do 5 Seconds of Summer - Tirinha.com","isPartOf":{"@id":"https:\/\/tirinha.com\/#website"},"primaryImageOfPage":{"@id":"https:\/\/tirinha.com\/1055\/madrid-rende-se-aos-pes-do-5-seconds-of-summer\/#primaryimage"},"image":{"@id":"https:\/\/tirinha.com\/1055\/madrid-rende-se-aos-pes-do-5-seconds-of-summer\/#primaryimage"},"thumbnailUrl":"https:\/\/i0.wp.com\/elgeneracionalpost.com\/wp-content\/uploads\/2018\/11\/02-5-seconds-of-summer-press-2018-cr-andy-deluca-billboard-1548.jpg?fit=636,421&ssl=1","datePublished":"2023-04-05T09:50:57+00:00","breadcrumb":{"@id":"https:\/\/tirinha.com\/1055\/madrid-rende-se-aos-pes-do-5-seconds-of-summer\/#breadcrumb"},"inLanguage":"pl-PL","potentialAction":[{"@type":"ReadAction","target":["https:\/\/tirinha.com\/1055\/madrid-rende-se-aos-pes-do-5-seconds-of-summer\/"]}]},{"@type":"ImageObject","inLanguage":"pl-PL","@id":"https:\/\/tirinha.com\/1055\/madrid-rende-se-aos-pes-do-5-seconds-of-summer\/#primaryimage","url":"https:\/\/i0.wp.com\/elgeneracionalpost.com\/wp-content\/uploads\/2018\/11\/02-5-seconds-of-summer-press-2018-cr-andy-deluca-billboard-1548.jpg?fit=636,421&ssl=1","contentUrl":"https:\/\/i0.wp.com\/elgeneracionalpost.com\/wp-content\/uploads\/2018\/11\/02-5-seconds-of-summer-press-2018-cr-andy-deluca-billboard-1548.jpg?fit=636,421&ssl=1"},{"@type":"BreadcrumbList","@id":"https:\/\/tirinha.com\/1055\/madrid-rende-se-aos-pes-do-5-seconds-of-summer\/#breadcrumb","itemListElement":[{"@type":"ListItem","position":1,"name":"Home","item":"https:\/\/tirinha.com\/"},{"@type":"ListItem","position":2,"name":"Madrid rende-se aos p\u00e9s do 5 Seconds of Summer"}]},{"@type":"WebSite","@id":"https:\/\/tirinha.com\/#website","url":"https:\/\/tirinha.com\/","name":"Tirinha.com","description":"Recenzje dzie\u0142 sztuki i ksi\u0105\u017cek","publisher":{"@id":"https:\/\/tirinha.com\/#organization"},"potentialAction":[{"@type":"SearchAction","target":{"@type":"EntryPoint","urlTemplate":"https:\/\/tirinha.com\/?s={search_term_string}"},"query-input":{"@type":"PropertyValueSpecification","valueRequired":true,"valueName":"search_term_string"}}],"inLanguage":"pl-PL"},{"@type":"Organization","@id":"https:\/\/tirinha.com\/#organization","name":"Tirinha.com","url":"https:\/\/tirinha.com\/","logo":{"@type":"ImageObject","inLanguage":"pl-PL","@id":"https:\/\/tirinha.com\/#\/schema\/logo\/image\/","url":"https:\/\/tirinha.com\/wp-content\/uploads\/2023\/08\/cropped-Logo-Tirinha.webp","contentUrl":"https:\/\/tirinha.com\/wp-content\/uploads\/2023\/08\/cropped-Logo-Tirinha.webp","width":512,"height":512,"caption":"Tirinha.com"},"image":{"@id":"https:\/\/tirinha.com\/#\/schema\/logo\/image\/"}},{"@type":"Person","@id":"https:\/\/tirinha.com\/#\/schema\/person\/e22bdfbe17e0461f7e927e6a1208d4d9","name":"Admin","image":{"@type":"ImageObject","inLanguage":"pl-PL","@id":"https:\/\/tirinha.com\/wp-content\/litespeed\/avatar\/d0068f7931cc87d7274eb0c3db1deb4b.jpg?ver=1776829466","url":"https:\/\/tirinha.com\/wp-content\/litespeed\/avatar\/d0068f7931cc87d7274eb0c3db1deb4b.jpg?ver=1776829466","contentUrl":"https:\/\/tirinha.com\/wp-content\/litespeed\/avatar\/d0068f7931cc87d7274eb0c3db1deb4b.jpg?ver=1776829466","caption":"admin"},"sameAs":["https:\/\/tirinha.com"],"url":"https:\/\/tirinha.com\/pl\/author\/admin\/"}]}},"_links":{"self":[{"href":"https:\/\/tirinha.com\/pl\/wp-json\/wp\/v2\/posts\/1055","targetHints":{"allow":["GET"]}}],"collection":[{"href":"https:\/\/tirinha.com\/pl\/wp-json\/wp\/v2\/posts"}],"about":[{"href":"https:\/\/tirinha.com\/pl\/wp-json\/wp\/v2\/types\/post"}],"author":[{"embeddable":true,"href":"https:\/\/tirinha.com\/pl\/wp-json\/wp\/v2\/users\/1"}],"replies":[{"embeddable":true,"href":"https:\/\/tirinha.com\/pl\/wp-json\/wp\/v2\/comments?post=1055"}],"version-history":[{"count":0,"href":"https:\/\/tirinha.com\/pl\/wp-json\/wp\/v2\/posts\/1055\/revisions"}],"wp:featuredmedia":[{"embeddable":true,"href":"https:\/\/tirinha.com\/pl\/wp-json\/wp\/v2\/media\/1056"}],"wp:attachment":[{"href":"https:\/\/tirinha.com\/pl\/wp-json\/wp\/v2\/media?parent=1055"}],"wp:term":[{"taxonomy":"category","embeddable":true,"href":"https:\/\/tirinha.com\/pl\/wp-json\/wp\/v2\/categories?post=1055"},{"taxonomy":"post_tag","embeddable":true,"href":"https:\/\/tirinha.com\/pl\/wp-json\/wp\/v2\/tags?post=1055"}],"curies":[{"name":"wp","href":"https:\/\/api.w.org\/{rel}","templated":true}]}}