{"id":1003,"date":"2023-04-04T00:03:19","date_gmt":"2023-04-04T00:03:19","guid":{"rendered":"https:\/\/tirinha.com\/os-melhores-documentarios-sobre-o-mundo-da-moda\/"},"modified":"2023-04-04T00:03:19","modified_gmt":"2023-04-04T00:03:19","slug":"najlepsze-dokumenty-o-swiecie-mody","status":"publish","type":"post","link":"https:\/\/tirinha.com\/pl\/1003\/os-melhores-documentarios-sobre-o-mundo-da-moda\/","title":{"rendered":"Najlepsze filmy dokumentalne o \u015bwiecie mody"},"content":{"rendered":"<p><\/p>\n<div>\n<h2 class=\"post-subtitle\">Odkryj \u015bwiat mody z innej perspektywy<\/h2>\n<p><strong>Wiele platform w <em>przesy\u0142anie strumieniowe<\/em> Postanowili przybli\u017cy\u0107 ludziom \u015bwiat mody poprzez filmy dokumentalne. Najcz\u0119\u015bciej powracaj\u0105cymi tematami s\u0105 najbardziej kultowe kolekcje najwi\u0119kszych marek, \u017cycie projektant\u00f3w i influencer\u00f3w modowych czy to, co kryje si\u0119 za kulisami ka\u017cdego pokazu.<\/strong><\/p>\n<p>Ka\u017cdego roku marki i ich dyrektorzy kreatywni prezentuj\u0105 swoje kolekcje na wiosn\u0119-lato i jesie\u0144-zim\u0119 na g\u0142\u00f3wnych wybiegach, takich jak Tydzie\u0144 Mody w Pary\u017cu, a tak\u017ce odbywaj\u0105 si\u0119 wa\u017cne wydarzenia modowe, takie jak Gala Met (kt\u00f3ra ma sw\u00f3j w\u0142asny film dokumentalny <em>Pierwszy poniedzia\u0142ek maja<\/em>, wielkie wydarzenie modowe, ale co kryje si\u0119 za ka\u017cd\u0105 firm\u0105 lub dzia\u0142aniem? Dzi\u0119ki poni\u017cszym dokumentom docenisz t\u0119 bran\u017c\u0119 z innego punktu widzenia. \u0141ap wi\u0119c popcorn i daj si\u0119 oczarowa\u0107 \u015bwiatu mody.<\/p>\n<figure id=\"attachment_83898\" aria-describedby=\"caption-attachment-83898\" style=\"width: 2764px\" class=\"wp-caption aligncenter\"><img fetchpriority=\"high\" data-attachment-id=\"83898\" data-permalink=\"https:\/\/elgeneracionalpost.com\/cultura\/moda-tendencias\/2023\/0330\/83880\/los-mejores-documentales-sobre-el-mundo-de-la-moda.html\/attachment\/documentales-moda\" data-orig-file=\"https:\/\/i0.wp.com\/elgeneracionalpost.com\/wp-content\/uploads\/2023\/03\/documentales-moda.jpg?fit=2764%2C4096&amp;ssl=1\" data-orig-size=\"2764,4096\" data-comments-opened=\"0\" data-image-meta=\"{&quot;aperture&quot;:&quot;0&quot;,&quot;credit&quot;:&quot;&quot;,&quot;camera&quot;:&quot;&quot;,&quot;caption&quot;:&quot;&quot;,&quot;created_timestamp&quot;:&quot;0&quot;,&quot;copyright&quot;:&quot;&quot;,&quot;focal_length&quot;:&quot;0&quot;,&quot;iso&quot;:&quot;0&quot;,&quot;shutter_speed&quot;:&quot;0&quot;,&quot;title&quot;:&quot;&quot;,&quot;orientation&quot;:&quot;0&quot;}\" data-image-title=\"documentales moda\" data-image-description=\"\" data-image-caption=\"&lt;p&gt;Portada del documental \u2018El primer lunes de mayo (The First Monday in May)\u2019 | FilmAffinity&lt;\/p&gt;&#10;\" data-medium-file=\"https:\/\/i0.wp.com\/elgeneracionalpost.com\/wp-content\/uploads\/2023\/03\/documentales-moda.jpg?fit=202%2C300&amp;ssl=1\" data-large-file=\"https:\/\/i0.wp.com\/elgeneracionalpost.com\/wp-content\/uploads\/2023\/03\/documentales-moda.jpg?fit=691%2C1024&amp;ssl=1\" decoding=\"async\" class=\"size-full wp-image-83898 jetpack-lazy-image\" src=\"https:\/\/i0.wp.com\/elgeneracionalpost.com\/wp-content\/uploads\/2023\/03\/documentales-moda.jpg?resize=696%2C1031&amp;ssl=1\" alt=\"\" width=\"696\" height=\"1031\" data-recalc-dims=\"1\" data-lazy-srcset=\"https:\/\/i0.wp.com\/elgeneracionalpost.com\/wp-content\/uploads\/2023\/03\/documentales-moda.jpg?w=2764&amp;ssl=1 2764w, https:\/\/i0.wp.com\/elgeneracionalpost.com\/wp-content\/uploads\/2023\/03\/documentales-moda.jpg?resize=202%2C300&amp;ssl=1 202w, https:\/\/i0.wp.com\/elgeneracionalpost.com\/wp-content\/uploads\/2023\/03\/documentales-moda.jpg?resize=691%2C1024&amp;ssl=1 691w, https:\/\/i0.wp.com\/elgeneracionalpost.com\/wp-content\/uploads\/2023\/03\/documentales-moda.jpg?resize=768%2C1138&amp;ssl=1 768w, https:\/\/i0.wp.com\/elgeneracionalpost.com\/wp-content\/uploads\/2023\/03\/documentales-moda.jpg?resize=1037%2C1536&amp;ssl=1 1037w, https:\/\/i0.wp.com\/elgeneracionalpost.com\/wp-content\/uploads\/2023\/03\/documentales-moda.jpg?resize=1382%2C2048&amp;ssl=1 1382w, https:\/\/i0.wp.com\/elgeneracionalpost.com\/wp-content\/uploads\/2023\/03\/documentales-moda.jpg?resize=150%2C222&amp;ssl=1 150w, https:\/\/i0.wp.com\/elgeneracionalpost.com\/wp-content\/uploads\/2023\/03\/documentales-moda.jpg?resize=300%2C445&amp;ssl=1 300w, https:\/\/i0.wp.com\/elgeneracionalpost.com\/wp-content\/uploads\/2023\/03\/documentales-moda.jpg?resize=696%2C1031&amp;ssl=1 696w, https:\/\/i0.wp.com\/elgeneracionalpost.com\/wp-content\/uploads\/2023\/03\/documentales-moda.jpg?resize=1068%2C1583&amp;ssl=1 1068w, https:\/\/i0.wp.com\/elgeneracionalpost.com\/wp-content\/uploads\/2023\/03\/documentales-moda.jpg?resize=1920%2C2845&amp;ssl=1 1920w, https:\/\/i0.wp.com\/elgeneracionalpost.com\/wp-content\/uploads\/2023\/03\/documentales-moda.jpg?w=2088&amp;ssl=1 2088w\" data-lazy-sizes=\"(max-width: 696px) 100vw, 696px\" data-lazy-src=\"https:\/\/i0.wp.com\/elgeneracionalpost.com\/wp-content\/uploads\/2023\/03\/documentales-moda.jpg?resize=696%2C1031&amp;is-pending-load=1#038;ssl=1\" srcset=\"data:image\/gif;base64,R0lGODlhAQABAIAAAAAAAP\/\/\/yH5BAEAAAAALAAAAAABAAEAAAIBRAA7\"\/><noscript><img data-lazy-fallback=\"1\" data-attachment-id=\"83898\" data-permalink=\"https:\/\/elgeneracionalpost.com\/cultura\/moda-tendencias\/2023\/0330\/83880\/los-mejores-documentales-sobre-el-mundo-de-la-moda.html\/attachment\/documentales-moda\" data-orig-file=\"https:\/\/i0.wp.com\/elgeneracionalpost.com\/wp-content\/uploads\/2023\/03\/documentales-moda.jpg?fit=2764%2C4096&amp;ssl=1\" data-orig-size=\"2764,4096\" data-comments-opened=\"0\" data-image-meta=\"{&quot;aperture&quot;:&quot;0&quot;,&quot;credit&quot;:&quot;&quot;,&quot;camera&quot;:&quot;&quot;,&quot;caption&quot;:&quot;&quot;,&quot;created_timestamp&quot;:&quot;0&quot;,&quot;copyright&quot;:&quot;&quot;,&quot;focal_length&quot;:&quot;0&quot;,&quot;iso&quot;:&quot;0&quot;,&quot;shutter_speed&quot;:&quot;0&quot;,&quot;title&quot;:&quot;&quot;,&quot;orientation&quot;:&quot;0&quot;}\" data-image-title=\"documentales moda\" data-image-description=\"\" data-image-caption=\"&lt;p&gt;Portada del documental \u2018El primer lunes de mayo (The First Monday in May)\u2019 | FilmAffinity&lt;\/p&gt;&#10;\" data-medium-file=\"https:\/\/i0.wp.com\/elgeneracionalpost.com\/wp-content\/uploads\/2023\/03\/documentales-moda.jpg?fit=202%2C300&amp;ssl=1\" data-large-file=\"https:\/\/i0.wp.com\/elgeneracionalpost.com\/wp-content\/uploads\/2023\/03\/documentales-moda.jpg?fit=691%2C1024&amp;ssl=1\" decoding=\"async\" class=\"size-full wp-image-83898\" src=\"https:\/\/i0.wp.com\/elgeneracionalpost.com\/wp-content\/uploads\/2023\/03\/documentales-moda.jpg?resize=696%2C1031&amp;ssl=1\" alt=\"\" width=\"696\" height=\"1031\" srcset=\"https:\/\/i0.wp.com\/elgeneracionalpost.com\/wp-content\/uploads\/2023\/03\/documentales-moda.jpg?w=2764&amp;ssl=1 2764w, https:\/\/i0.wp.com\/elgeneracionalpost.com\/wp-content\/uploads\/2023\/03\/documentales-moda.jpg?resize=202%2C300&amp;ssl=1 202w, https:\/\/i0.wp.com\/elgeneracionalpost.com\/wp-content\/uploads\/2023\/03\/documentales-moda.jpg?resize=691%2C1024&amp;ssl=1 691w, https:\/\/i0.wp.com\/elgeneracionalpost.com\/wp-content\/uploads\/2023\/03\/documentales-moda.jpg?resize=768%2C1138&amp;ssl=1 768w, https:\/\/i0.wp.com\/elgeneracionalpost.com\/wp-content\/uploads\/2023\/03\/documentales-moda.jpg?resize=1037%2C1536&amp;ssl=1 1037w, https:\/\/i0.wp.com\/elgeneracionalpost.com\/wp-content\/uploads\/2023\/03\/documentales-moda.jpg?resize=1382%2C2048&amp;ssl=1 1382w, https:\/\/i0.wp.com\/elgeneracionalpost.com\/wp-content\/uploads\/2023\/03\/documentales-moda.jpg?resize=150%2C222&amp;ssl=1 150w, https:\/\/i0.wp.com\/elgeneracionalpost.com\/wp-content\/uploads\/2023\/03\/documentales-moda.jpg?resize=300%2C445&amp;ssl=1 300w, https:\/\/i0.wp.com\/elgeneracionalpost.com\/wp-content\/uploads\/2023\/03\/documentales-moda.jpg?resize=696%2C1031&amp;ssl=1 696w, https:\/\/i0.wp.com\/elgeneracionalpost.com\/wp-content\/uploads\/2023\/03\/documentales-moda.jpg?resize=1068%2C1583&amp;ssl=1 1068w, https:\/\/i0.wp.com\/elgeneracionalpost.com\/wp-content\/uploads\/2023\/03\/documentales-moda.jpg?resize=1920%2C2845&amp;ssl=1 1920w, https:\/\/i0.wp.com\/elgeneracionalpost.com\/wp-content\/uploads\/2023\/03\/documentales-moda.jpg?w=2088&amp;ssl=1 2088w\" sizes=\"(max-width: 696px) 100vw, 696px\" data-recalc-dims=\"1\"\/><\/noscript><figcaption id=\"caption-attachment-83898\" class=\"wp-caption-text\">Ok\u0142adka filmu dokumentalnego \u201ePierwszy poniedzia\u0142ek maja\u201d | \u017ar\u00f3d\u0142o: FilmAffinity<\/figcaption><\/figure>\n<h3><em>Si\u0142a, cia\u0142o, urok: stworzenie kolekcji Dior Cruise<\/em><\/h3>\n<p>Jednym z ostatnich film\u00f3w dokumentalnych, kt\u00f3ry ujrza\u0142 \u015bwiat\u0142o dzienne, by\u0142 Dior. Francuska firma rozpocz\u0119\u0142a dzia\u0142alno\u015b\u0107 w 2023 roku od debiutu <strong><em>przeprowadzanie<\/em><\/strong> <strong>o spektakularnej kolekcji Dior Cruise 2023<\/strong> Marii Grazii Chiuri i jej p\u00f3\u017aniejsza prezentacja na paradzie w Sewilli.<\/p>\n<p>Dior oprowadzi\u0142 po niezb\u0119dnym procesie tw\u00f3rczym i produkcyjnym <strong>z\u0142o\u017cy\u0107 ho\u0142d kulturze andaluzyjskiej<\/strong> w jednym z najbardziej kultowych pokaz\u00f3w i kolekcji mody firmy. Rozmowy z hiszpa\u0144skimi rzemie\u015blnikami, monta\u017c dekoracji na historycznym Plaza de Espa\u00f1a w Sewilli i w skr\u00f3cie szczeg\u00f3\u0142y tej emblematycznej kolekcji.<\/p>\n<p><span class=\"embed-youtube\" style=\"text-align:center; display: block;\"><iframe title=\"Moc, cia\u0142o, Embrujo: tworzenie kolekcji Dior Cruise\" width=\"790\" height=\"444\" src=\"https:\/\/www.youtube.com\/embed\/N4jXLSX5Xe0?feature=oembed\" frameborder=\"0\" allow=\"accelerometer; autoplay; clipboard-write; encrypted-media; gyroscope; picture-in-picture; web-share\" allowfullscreen><\/iframe><\/span><\/p>\n<h3><em>MCQUEEN<\/em><\/h3>\n<p>Wejd\u017a do \u015bwiata legendarnego projektanta <strong>Alexander McQueen<\/strong>To zegarek, kt\u00f3ry trzeba mie\u0107. Dlatego za pomoc\u0105 tego dokumentu oraz poprzez \u015bwiadectwa i wywiady z najbli\u017cszymi i przyjaci\u00f3\u0142mi odbywa podr\u00f3\u017c przez swoje \u017cycie, pe\u0142ne \u015bwiat\u0142ocienia i naznaczone molestowaniem, kt\u00f3rego dozna\u0142 w dzieci\u0144stwie.<\/p>\n<p>Ta\u015bma dost\u0119pna pod adresem <strong>Telewizor apple<\/strong>opowiada najwa\u017cniejsze momenty McQueena i <strong>jak sta\u0142 si\u0119 ikon\u0105 mody<\/strong> pomimo swego skromnego pochodzenia. Ale on te\u017c schodzi ze swoim do piek\u0142a projektant\u00f3w<strong> uzale\u017cnienie od kokainy, paranoja i z\u0142y stan zdrowia<\/strong>. Niezb\u0119dny dokument, dzi\u0119ki kt\u00f3remu mo\u017cesz pozna\u0107 jego najbardziej pami\u0119tne pokazy mody, szalone tempo bran\u017cy i dziedzictwo, jakie pozostawi\u0142 po swojej przedwczesnej \u015bmierci.<\/p>\n<p><span class=\"embed-youtube\" style=\"text-align:center; display: block;\"><iframe title=\"MCQUEEN \u2013 hiszpa\u0144ski zwiastun\" width=\"790\" height=\"444\" src=\"https:\/\/www.youtube.com\/embed\/T_FNmt4KbDc?feature=oembed\" frameborder=\"0\" allow=\"accelerometer; autoplay; clipboard-write; encrypted-media; gyroscope; picture-in-picture; web-share\" allowfullscreen><\/iframe><\/span><\/p>\n<h3><em>Vivienne Westwood: Kr\u00f3lowa Punku<\/em><\/h3>\n<p>O <strong>projektant<\/strong> <strong>Wiede\u0144 Westwood<\/strong> zmar\u0142a w grudniu 2022 r., a dzi\u0119ki temu dokumentowi nie spos\u00f3b nie popa\u015b\u0107 w nostalgi\u0119, wspominaj\u0105c jej wp\u0142yw na bran\u017c\u0119 i dowiaduj\u0105c si\u0119 wi\u0119cej o \u017cyciu tej autentycznej <strong>Ikona<\/strong> <strong>kultur\u0119 i mod\u0119<\/strong> <strong>punk<\/strong>.<\/p>\n<p>Dzi\u0119ki 40-letniemu do\u015bwiadczeniu w modzie i dzi\u0119ki <strong>strzelanie<\/strong>odkryjesz jego walk\u0119 o zachowanie istoty swojej marki, jej zasad i warto\u015bci, jej podr\u00f3\u017cy, ekspansji i dziedzictwa.<\/p>\n<p><span class=\"embed-youtube\" style=\"text-align:center; display: block;\"><iframe title=\"Vivienne Westwood: Reina Punk \u2013 zwiastun | Filmowanie\" width=\"790\" height=\"444\" src=\"https:\/\/www.youtube.com\/embed\/XWzJpNAkN1o?feature=oembed\" frameborder=\"0\" allow=\"accelerometer; autoplay; clipboard-write; encrypted-media; gyroscope; picture-in-picture; web-share\" allowfullscreen><\/iframe><\/span><\/p>\n<h3><em>Ralph Lauren: cz\u0142owiek stoj\u0105cy za mark\u0105<\/em><\/h3>\n<p>Ten dokument autorstwa <strong>HBO Max<\/strong> Opowiada z pierwszej r\u0119ki, kto stoi za s\u0142aw\u0105 i jedn\u0105 z najbardziej wp\u0142ywowych marek w modzie: Ralph Lauren. Co wi\u0119cej, jest to <strong>przemawia sam projektant<\/strong> jego dzieci\u0144stwa, jego ma\u0142\u017ce\u0144stwa, jego stanowiska i stosunku do krytyki, jego kampanii reklamowych i jego wizji aktualnej mody.<\/p>\n<p>Uwzgl\u0119dnione s\u0105 tak\u017ce rozmowy z rodzin\u0105 i wsp\u00f3\u0142pracownikami z firmy, nie zapominaj\u0105c o wielkich nazwiskach ze \u015bwiata mody <strong>Anna Wintour<\/strong>Calvina Kleina czy Naomi Campbell.<\/p>\n<p><span class=\"embed-youtube\" style=\"text-align:center; display: block;\"><iframe title=\"Very Ralph (2019): oficjalny zwiastun | HBO\" width=\"790\" height=\"444\" src=\"https:\/\/www.youtube.com\/embed\/b3T8ttxTX-I?feature=oembed\" frameborder=\"0\" allow=\"accelerometer; autoplay; clipboard-write; encrypted-media; gyroscope; picture-in-picture; web-share\" allowfullscreen><\/iframe><\/span><\/p>\n<h3><em>Olivier Rousteing, cudowny sierota<\/em><\/h3>\n<p><strong>Netflixa<\/strong> proponuje ten odkrywczy dokument o Oliverze Rousteingu, dyrektorze kreatywnym <strong>Balmain<\/strong>oraz jego tw\u00f3rczy i pe\u0142en wyobra\u017ani proces przynoszenia w\u0142asnych rysunk\u00f3w <strong>zbiory<\/strong>. Jednak nie chodzi tylko o mod\u0119, poniewa\u017c pokazuje tak\u017ce swoj\u0105 bardziej osobist\u0105 stron\u0119, zag\u0142\u0119biaj\u0105c si\u0119 w swoje \u017cycie i swoje poszukiwania. <strong>rodzin\u0119 biologiczn\u0105 i odkry\u0107 jej pochodzenie<\/strong>.<\/p>\n<p><span class=\"embed-youtube\" style=\"text-align:center; display: block;\"><iframe title=\"Wonder Boy \u2013 Olivier Rousteing, ne sous X (2019) \u2013 zwiastun (angielskie napisy)\" width=\"790\" height=\"444\" src=\"https:\/\/www.youtube.com\/embed\/bYaWlp1Y75U?feature=oembed\" frameborder=\"0\" allow=\"accelerometer; autoplay; clipboard-write; encrypted-media; gyroscope; picture-in-picture; web-share\" allowfullscreen><\/iframe><\/span><\/p>\n<\/p>\n<div class=\"sharedaddy sd-block sd-like jetpack-likes-widget-wrapper jetpack-likes-widget-unloaded\" id=\"like-post-wrapper-153844979-83880-642b69462e6f4\" data-src=\"https:\/\/widgets.wp.com\/likes\/#blog_id=153844979&amp;post_id=83880&amp;origin=elgeneracionalpost.com&amp;obj_id=153844979-83880-642b69462e6f4\" data-name=\"like-post-frame-153844979-83880-642b69462e6f4\" data-title=\"Me gusta o Compartir\">\n<h3 class=\"sd-title\">Lubi\u0119 to:<\/h3>\n<p><span class=\"button\"><span>lubi\u0119<\/span><\/span> <span class=\"loading\">\u0141adowanie\u2026<\/span><\/p>\n<p><span class=\"sd-text-color\"\/><\/div>\n<p><h3 class=\"jp-relatedposts-headline\"><em>Powi\u0105zany<\/em><\/h3>\n<\/p>\n<\/div>","protected":false},"excerpt":{"rendered":"<p>Odkryj \u015bwiat mody z innej perspektywy Wiele platform nadawczych zdecydowa\u0142o si\u0119 przybli\u017cy\u0107 \u015bwiat\u2026 <\/p>","protected":false},"author":1,"featured_media":1009,"comment_status":"open","ping_status":"open","sticky":false,"template":"","format":"standard","meta":{"fifu_image_url":"https:\/\/i0.wp.com\/elgeneracionalpost.com\/wp-content\/uploads\/2023\/03\/documentales-moda-portada-1.jpg?fit=1024,576&ssl=1","fifu_image_alt":"","footnotes":""},"categories":[35],"tags":[],"class_list":["post-1003","post","type-post","status-publish","format-standard","has-post-thumbnail","hentry","category-cultura-e-lazer","latest_post"],"yoast_head":"<!-- This site is optimized with the Yoast SEO plugin v27.3 - https:\/\/yoast.com\/product\/yoast-seo-wordpress\/ -->\n<title>Os melhores document\u00e1rios sobre o mundo da moda - Tirinha.com<\/title>\n<meta name=\"robots\" content=\"index, follow, max-snippet:-1, max-image-preview:large, max-video-preview:-1\" \/>\n<link rel=\"canonical\" href=\"https:\/\/tirinha.com\/pl\/1003\/najlepsze-dokumenty-o-swiecie-mody\/\" \/>\n<meta property=\"og:locale\" content=\"pl_PL\" \/>\n<meta property=\"og:type\" content=\"article\" \/>\n<meta property=\"og:title\" content=\"Os melhores document\u00e1rios sobre o mundo da moda - Tirinha.com\" \/>\n<meta property=\"og:description\" content=\"Conhe\u00e7a o mundo da moda de outra perspectiva Muitas das plataformas em transmiss\u00e3o Eles optaram por aproximar o mundo da &hellip;\" \/>\n<meta property=\"og:url\" content=\"https:\/\/tirinha.com\/pl\/1003\/najlepsze-dokumenty-o-swiecie-mody\/\" \/>\n<meta property=\"og:site_name\" content=\"Tirinha.com\" \/>\n<meta property=\"article:published_time\" content=\"2023-04-04T00:03:19+00:00\" \/>\n<meta property=\"og:image\" content=\"https:\/\/i0.wp.com\/elgeneracionalpost.com\/wp-content\/uploads\/2023\/03\/documentales-moda-portada-1.jpg?fit=1024,576&ssl=1\" \/>\n<meta name=\"author\" content=\"admin\" \/>\n<meta name=\"twitter:card\" content=\"summary_large_image\" \/>\n<meta name=\"twitter:image\" content=\"https:\/\/i0.wp.com\/elgeneracionalpost.com\/wp-content\/uploads\/2023\/03\/documentales-moda-portada-1.jpg?fit=1024,576&ssl=1\" \/>\n<meta name=\"twitter:label1\" content=\"Napisane przez\" \/>\n\t<meta name=\"twitter:data1\" content=\"admin\" \/>\n\t<meta name=\"twitter:label2\" content=\"Szacowany czas czytania\" \/>\n\t<meta name=\"twitter:data2\" content=\"4 minuty\" \/>\n<script type=\"application\/ld+json\" class=\"yoast-schema-graph\">{\"@context\":\"https:\\\/\\\/schema.org\",\"@graph\":[{\"@type\":\"Article\",\"@id\":\"https:\\\/\\\/tirinha.com\\\/1003\\\/os-melhores-documentarios-sobre-o-mundo-da-moda\\\/#article\",\"isPartOf\":{\"@id\":\"https:\\\/\\\/tirinha.com\\\/1003\\\/os-melhores-documentarios-sobre-o-mundo-da-moda\\\/\"},\"author\":{\"name\":\"admin\",\"@id\":\"https:\\\/\\\/tirinha.com\\\/#\\\/schema\\\/person\\\/e22bdfbe17e0461f7e927e6a1208d4d9\"},\"headline\":\"Os melhores document\u00e1rios sobre o mundo da moda\",\"datePublished\":\"2023-04-04T00:03:19+00:00\",\"mainEntityOfPage\":{\"@id\":\"https:\\\/\\\/tirinha.com\\\/1003\\\/os-melhores-documentarios-sobre-o-mundo-da-moda\\\/\"},\"wordCount\":750,\"commentCount\":0,\"publisher\":{\"@id\":\"https:\\\/\\\/tirinha.com\\\/#organization\"},\"image\":{\"@id\":\"https:\\\/\\\/tirinha.com\\\/1003\\\/os-melhores-documentarios-sobre-o-mundo-da-moda\\\/#primaryimage\"},\"thumbnailUrl\":\"https:\\\/\\\/i0.wp.com\\\/elgeneracionalpost.com\\\/wp-content\\\/uploads\\\/2023\\\/03\\\/documentales-moda-portada-1.jpg?fit=1024,576&ssl=1\",\"articleSection\":[\"Cultura e lazer\"],\"inLanguage\":\"pl-PL\",\"potentialAction\":[{\"@type\":\"CommentAction\",\"name\":\"Comment\",\"target\":[\"https:\\\/\\\/tirinha.com\\\/1003\\\/os-melhores-documentarios-sobre-o-mundo-da-moda\\\/#respond\"]}]},{\"@type\":\"WebPage\",\"@id\":\"https:\\\/\\\/tirinha.com\\\/1003\\\/os-melhores-documentarios-sobre-o-mundo-da-moda\\\/\",\"url\":\"https:\\\/\\\/tirinha.com\\\/1003\\\/os-melhores-documentarios-sobre-o-mundo-da-moda\\\/\",\"name\":\"Os melhores document\u00e1rios sobre o mundo da moda - Tirinha.com\",\"isPartOf\":{\"@id\":\"https:\\\/\\\/tirinha.com\\\/#website\"},\"primaryImageOfPage\":{\"@id\":\"https:\\\/\\\/tirinha.com\\\/1003\\\/os-melhores-documentarios-sobre-o-mundo-da-moda\\\/#primaryimage\"},\"image\":{\"@id\":\"https:\\\/\\\/tirinha.com\\\/1003\\\/os-melhores-documentarios-sobre-o-mundo-da-moda\\\/#primaryimage\"},\"thumbnailUrl\":\"https:\\\/\\\/i0.wp.com\\\/elgeneracionalpost.com\\\/wp-content\\\/uploads\\\/2023\\\/03\\\/documentales-moda-portada-1.jpg?fit=1024,576&ssl=1\",\"datePublished\":\"2023-04-04T00:03:19+00:00\",\"breadcrumb\":{\"@id\":\"https:\\\/\\\/tirinha.com\\\/1003\\\/os-melhores-documentarios-sobre-o-mundo-da-moda\\\/#breadcrumb\"},\"inLanguage\":\"pl-PL\",\"potentialAction\":[{\"@type\":\"ReadAction\",\"target\":[\"https:\\\/\\\/tirinha.com\\\/1003\\\/os-melhores-documentarios-sobre-o-mundo-da-moda\\\/\"]}]},{\"@type\":\"ImageObject\",\"inLanguage\":\"pl-PL\",\"@id\":\"https:\\\/\\\/tirinha.com\\\/1003\\\/os-melhores-documentarios-sobre-o-mundo-da-moda\\\/#primaryimage\",\"url\":\"https:\\\/\\\/i0.wp.com\\\/elgeneracionalpost.com\\\/wp-content\\\/uploads\\\/2023\\\/03\\\/documentales-moda-portada-1.jpg?fit=1024,576&ssl=1\",\"contentUrl\":\"https:\\\/\\\/i0.wp.com\\\/elgeneracionalpost.com\\\/wp-content\\\/uploads\\\/2023\\\/03\\\/documentales-moda-portada-1.jpg?fit=1024,576&ssl=1\"},{\"@type\":\"BreadcrumbList\",\"@id\":\"https:\\\/\\\/tirinha.com\\\/1003\\\/os-melhores-documentarios-sobre-o-mundo-da-moda\\\/#breadcrumb\",\"itemListElement\":[{\"@type\":\"ListItem\",\"position\":1,\"name\":\"Home\",\"item\":\"https:\\\/\\\/tirinha.com\\\/\"},{\"@type\":\"ListItem\",\"position\":2,\"name\":\"Os melhores document\u00e1rios sobre o mundo da moda\"}]},{\"@type\":\"WebSite\",\"@id\":\"https:\\\/\\\/tirinha.com\\\/#website\",\"url\":\"https:\\\/\\\/tirinha.com\\\/\",\"name\":\"Tirinha.com\",\"description\":\"Arte e livros resenhas\",\"publisher\":{\"@id\":\"https:\\\/\\\/tirinha.com\\\/#organization\"},\"potentialAction\":[{\"@type\":\"SearchAction\",\"target\":{\"@type\":\"EntryPoint\",\"urlTemplate\":\"https:\\\/\\\/tirinha.com\\\/?s={search_term_string}\"},\"query-input\":{\"@type\":\"PropertyValueSpecification\",\"valueRequired\":true,\"valueName\":\"search_term_string\"}}],\"inLanguage\":\"pl-PL\"},{\"@type\":\"Organization\",\"@id\":\"https:\\\/\\\/tirinha.com\\\/#organization\",\"name\":\"Tirinha.com\",\"url\":\"https:\\\/\\\/tirinha.com\\\/\",\"logo\":{\"@type\":\"ImageObject\",\"inLanguage\":\"pl-PL\",\"@id\":\"https:\\\/\\\/tirinha.com\\\/#\\\/schema\\\/logo\\\/image\\\/\",\"url\":\"https:\\\/\\\/tirinha.com\\\/wp-content\\\/uploads\\\/2023\\\/08\\\/cropped-Logo-Tirinha.webp\",\"contentUrl\":\"https:\\\/\\\/tirinha.com\\\/wp-content\\\/uploads\\\/2023\\\/08\\\/cropped-Logo-Tirinha.webp\",\"width\":512,\"height\":512,\"caption\":\"Tirinha.com\"},\"image\":{\"@id\":\"https:\\\/\\\/tirinha.com\\\/#\\\/schema\\\/logo\\\/image\\\/\"}},{\"@type\":\"Person\",\"@id\":\"https:\\\/\\\/tirinha.com\\\/#\\\/schema\\\/person\\\/e22bdfbe17e0461f7e927e6a1208d4d9\",\"name\":\"admin\",\"image\":{\"@type\":\"ImageObject\",\"inLanguage\":\"pl-PL\",\"@id\":\"https:\\\/\\\/tirinha.com\\\/wp-content\\\/litespeed\\\/avatar\\\/d0068f7931cc87d7274eb0c3db1deb4b.jpg?ver=1777434315\",\"url\":\"https:\\\/\\\/tirinha.com\\\/wp-content\\\/litespeed\\\/avatar\\\/d0068f7931cc87d7274eb0c3db1deb4b.jpg?ver=1777434315\",\"contentUrl\":\"https:\\\/\\\/tirinha.com\\\/wp-content\\\/litespeed\\\/avatar\\\/d0068f7931cc87d7274eb0c3db1deb4b.jpg?ver=1777434315\",\"caption\":\"admin\"},\"sameAs\":[\"https:\\\/\\\/tirinha.com\"],\"url\":\"https:\\\/\\\/tirinha.com\\\/pl\\\/author\\\/admin\\\/\"}]}<\/script>\n<!-- \/ Yoast SEO plugin. -->","yoast_head_json":{"title":"Najlepsze dokumenty o \u015bwiecie mody - Tirinha.com","robots":{"index":"index","follow":"follow","max-snippet":"max-snippet:-1","max-image-preview":"max-image-preview:large","max-video-preview":"max-video-preview:-1"},"canonical":"https:\/\/tirinha.com\/pl\/1003\/najlepsze-dokumenty-o-swiecie-mody\/","og_locale":"pl_PL","og_type":"article","og_title":"Os melhores document\u00e1rios sobre o mundo da moda - Tirinha.com","og_description":"Conhe\u00e7a o mundo da moda de outra perspectiva Muitas das plataformas em transmiss\u00e3o Eles optaram por aproximar o mundo da &hellip;","og_url":"https:\/\/tirinha.com\/pl\/1003\/najlepsze-dokumenty-o-swiecie-mody\/","og_site_name":"Tirinha.com","article_published_time":"2023-04-04T00:03:19+00:00","og_image":[{"url":"https:\/\/i0.wp.com\/elgeneracionalpost.com\/wp-content\/uploads\/2023\/03\/documentales-moda-portada-1.jpg?fit=1024,576&ssl=1","type":"","width":"","height":""}],"author":"admin","twitter_card":"summary_large_image","twitter_image":"https:\/\/i0.wp.com\/elgeneracionalpost.com\/wp-content\/uploads\/2023\/03\/documentales-moda-portada-1.jpg?fit=1024,576&ssl=1","twitter_misc":{"Napisane przez":"admin","Szacowany czas czytania":"4 minuty"},"schema":{"@context":"https:\/\/schema.org","@graph":[{"@type":"Article","@id":"https:\/\/tirinha.com\/1003\/os-melhores-documentarios-sobre-o-mundo-da-moda\/#article","isPartOf":{"@id":"https:\/\/tirinha.com\/1003\/os-melhores-documentarios-sobre-o-mundo-da-moda\/"},"author":{"name":"admin","@id":"https:\/\/tirinha.com\/#\/schema\/person\/e22bdfbe17e0461f7e927e6a1208d4d9"},"headline":"Os melhores document\u00e1rios sobre o mundo da moda","datePublished":"2023-04-04T00:03:19+00:00","mainEntityOfPage":{"@id":"https:\/\/tirinha.com\/1003\/os-melhores-documentarios-sobre-o-mundo-da-moda\/"},"wordCount":750,"commentCount":0,"publisher":{"@id":"https:\/\/tirinha.com\/#organization"},"image":{"@id":"https:\/\/tirinha.com\/1003\/os-melhores-documentarios-sobre-o-mundo-da-moda\/#primaryimage"},"thumbnailUrl":"https:\/\/i0.wp.com\/elgeneracionalpost.com\/wp-content\/uploads\/2023\/03\/documentales-moda-portada-1.jpg?fit=1024,576&ssl=1","articleSection":["Cultura e lazer"],"inLanguage":"pl-PL","potentialAction":[{"@type":"CommentAction","name":"Comment","target":["https:\/\/tirinha.com\/1003\/os-melhores-documentarios-sobre-o-mundo-da-moda\/#respond"]}]},{"@type":"WebPage","@id":"https:\/\/tirinha.com\/1003\/os-melhores-documentarios-sobre-o-mundo-da-moda\/","url":"https:\/\/tirinha.com\/1003\/os-melhores-documentarios-sobre-o-mundo-da-moda\/","name":"Najlepsze dokumenty o \u015bwiecie mody - Tirinha.com","isPartOf":{"@id":"https:\/\/tirinha.com\/#website"},"primaryImageOfPage":{"@id":"https:\/\/tirinha.com\/1003\/os-melhores-documentarios-sobre-o-mundo-da-moda\/#primaryimage"},"image":{"@id":"https:\/\/tirinha.com\/1003\/os-melhores-documentarios-sobre-o-mundo-da-moda\/#primaryimage"},"thumbnailUrl":"https:\/\/i0.wp.com\/elgeneracionalpost.com\/wp-content\/uploads\/2023\/03\/documentales-moda-portada-1.jpg?fit=1024,576&ssl=1","datePublished":"2023-04-04T00:03:19+00:00","breadcrumb":{"@id":"https:\/\/tirinha.com\/1003\/os-melhores-documentarios-sobre-o-mundo-da-moda\/#breadcrumb"},"inLanguage":"pl-PL","potentialAction":[{"@type":"ReadAction","target":["https:\/\/tirinha.com\/1003\/os-melhores-documentarios-sobre-o-mundo-da-moda\/"]}]},{"@type":"ImageObject","inLanguage":"pl-PL","@id":"https:\/\/tirinha.com\/1003\/os-melhores-documentarios-sobre-o-mundo-da-moda\/#primaryimage","url":"https:\/\/i0.wp.com\/elgeneracionalpost.com\/wp-content\/uploads\/2023\/03\/documentales-moda-portada-1.jpg?fit=1024,576&ssl=1","contentUrl":"https:\/\/i0.wp.com\/elgeneracionalpost.com\/wp-content\/uploads\/2023\/03\/documentales-moda-portada-1.jpg?fit=1024,576&ssl=1"},{"@type":"BreadcrumbList","@id":"https:\/\/tirinha.com\/1003\/os-melhores-documentarios-sobre-o-mundo-da-moda\/#breadcrumb","itemListElement":[{"@type":"ListItem","position":1,"name":"Home","item":"https:\/\/tirinha.com\/"},{"@type":"ListItem","position":2,"name":"Os melhores document\u00e1rios sobre o mundo da moda"}]},{"@type":"WebSite","@id":"https:\/\/tirinha.com\/#website","url":"https:\/\/tirinha.com\/","name":"Tirinha.com","description":"Recenzje dzie\u0142 sztuki i ksi\u0105\u017cek","publisher":{"@id":"https:\/\/tirinha.com\/#organization"},"potentialAction":[{"@type":"SearchAction","target":{"@type":"EntryPoint","urlTemplate":"https:\/\/tirinha.com\/?s={search_term_string}"},"query-input":{"@type":"PropertyValueSpecification","valueRequired":true,"valueName":"search_term_string"}}],"inLanguage":"pl-PL"},{"@type":"Organization","@id":"https:\/\/tirinha.com\/#organization","name":"Tirinha.com","url":"https:\/\/tirinha.com\/","logo":{"@type":"ImageObject","inLanguage":"pl-PL","@id":"https:\/\/tirinha.com\/#\/schema\/logo\/image\/","url":"https:\/\/tirinha.com\/wp-content\/uploads\/2023\/08\/cropped-Logo-Tirinha.webp","contentUrl":"https:\/\/tirinha.com\/wp-content\/uploads\/2023\/08\/cropped-Logo-Tirinha.webp","width":512,"height":512,"caption":"Tirinha.com"},"image":{"@id":"https:\/\/tirinha.com\/#\/schema\/logo\/image\/"}},{"@type":"Person","@id":"https:\/\/tirinha.com\/#\/schema\/person\/e22bdfbe17e0461f7e927e6a1208d4d9","name":"Admin","image":{"@type":"ImageObject","inLanguage":"pl-PL","@id":"https:\/\/tirinha.com\/wp-content\/litespeed\/avatar\/d0068f7931cc87d7274eb0c3db1deb4b.jpg?ver=1777434315","url":"https:\/\/tirinha.com\/wp-content\/litespeed\/avatar\/d0068f7931cc87d7274eb0c3db1deb4b.jpg?ver=1777434315","contentUrl":"https:\/\/tirinha.com\/wp-content\/litespeed\/avatar\/d0068f7931cc87d7274eb0c3db1deb4b.jpg?ver=1777434315","caption":"admin"},"sameAs":["https:\/\/tirinha.com"],"url":"https:\/\/tirinha.com\/pl\/author\/admin\/"}]}},"_links":{"self":[{"href":"https:\/\/tirinha.com\/pl\/wp-json\/wp\/v2\/posts\/1003","targetHints":{"allow":["GET"]}}],"collection":[{"href":"https:\/\/tirinha.com\/pl\/wp-json\/wp\/v2\/posts"}],"about":[{"href":"https:\/\/tirinha.com\/pl\/wp-json\/wp\/v2\/types\/post"}],"author":[{"embeddable":true,"href":"https:\/\/tirinha.com\/pl\/wp-json\/wp\/v2\/users\/1"}],"replies":[{"embeddable":true,"href":"https:\/\/tirinha.com\/pl\/wp-json\/wp\/v2\/comments?post=1003"}],"version-history":[{"count":0,"href":"https:\/\/tirinha.com\/pl\/wp-json\/wp\/v2\/posts\/1003\/revisions"}],"wp:featuredmedia":[{"embeddable":true,"href":"https:\/\/tirinha.com\/pl\/wp-json\/wp\/v2\/media\/1009"}],"wp:attachment":[{"href":"https:\/\/tirinha.com\/pl\/wp-json\/wp\/v2\/media?parent=1003"}],"wp:term":[{"taxonomy":"category","embeddable":true,"href":"https:\/\/tirinha.com\/pl\/wp-json\/wp\/v2\/categories?post=1003"},{"taxonomy":"post_tag","embeddable":true,"href":"https:\/\/tirinha.com\/pl\/wp-json\/wp\/v2\/tags?post=1003"}],"curies":[{"name":"wp","href":"https:\/\/api.w.org\/{rel}","templated":true}]}}