{"id":979,"date":"2023-04-03T22:59:00","date_gmt":"2023-04-03T22:59:00","guid":{"rendered":"https:\/\/tirinha.com\/polo-faz-duplo-esgotado-em-madrid\/"},"modified":"2023-04-03T22:59:00","modified_gmt":"2023-04-03T22:59:00","slug":"polo-faz-duplo-esgotado-em-madrid","status":"publish","type":"post","link":"https:\/\/tirinha.com\/nl\/979\/polo-faz-duplo-esgotado-em-madrid\/","title":{"rendered":"Polo geeft twee uitverkochte concerten in Madrid."},"content":{"rendered":"<p><\/p>\n<div>\n<p><b>Em 30 de mar\u00e7o \u00e0 noite, Pole.  Trouxe a Madrid a sua digress\u00e3o &#8220;Esta vida es un jaleo&#8221; para emocionar o p\u00fablico com cada uma das suas can\u00e7\u00f5es e atua\u00e7\u00f5es, fazendo-lhes arrepiar a pele.<\/b><\/p>\n<p><span style=\"font-weight: 400;\">Ontem \u00e0 noite P\u00f3lo.  Ele revolucionou a vida noturna de Madri com um show espetacular em La Riviera que deixou centenas de seguidores querendo mais.  Horas antes do evento, os f\u00e3s lotaram o local, ansiosos para ver seu artista favorito ao vivo.<\/span><\/p>\n<p><span style=\"font-weight: 400;\">Para muitos, esta n\u00e3o foi a primeira vez que viram Pole.  em a\u00e7\u00e3o, pois haviam assistido a seu concerto no mesmo sal\u00e3o algumas semanas atr\u00e1s.  No entanto, para outros, esta foi a oportunidade de ouro de testemunhar seu show pela primeira vez no <strong>segunda data da turn\u00ea<\/strong> em Madrid. <\/span><span style=\"font-weight: 400;\">\u201cDepois de v\u00ea-lo no ano passado em festivais, precis\u00e1vamos curtir seu show ao vivo novamente\u201d<\/span><span style=\"font-weight: 400;\">alguns dos f\u00e3s comentaram.<\/span><\/p>\n<figure id=\"attachment_84370\" aria-describedby=\"caption-attachment-84370\" style=\"width: 434px\" class=\"wp-caption aligncenter\"><img fetchpriority=\"high\" data-attachment-id=\"84370\" data-permalink=\"https:\/\/elgeneracionalpost.com\/cultura\/2023\/0331\/84347\/pole-sold-out-madrid.html\/attachment\/picsart_23-03-31_15-44-57-447\" data-orig-file=\"https:\/\/i0.wp.com\/elgeneracionalpost.com\/wp-content\/uploads\/2023\/03\/Picsart_23-03-31_15-44-57-447.jpg?fit=1620%2C1080&amp;ssl=1\" data-orig-size=\"1620,1080\" data-comments-opened=\"0\" data-image-meta=\"{&quot;aperture&quot;:&quot;0&quot;,&quot;credit&quot;:&quot;238867270012102&quot;,&quot;camera&quot;:&quot;&quot;,&quot;caption&quot;:&quot;&quot;,&quot;created_timestamp&quot;:&quot;0&quot;,&quot;copyright&quot;:&quot;&quot;,&quot;focal_length&quot;:&quot;0&quot;,&quot;iso&quot;:&quot;0&quot;,&quot;shutter_speed&quot;:&quot;0&quot;,&quot;title&quot;:&quot;&quot;,&quot;orientation&quot;:&quot;1&quot;}\" data-image-title=\"Picsart_23-03-31_15-44-57-447\" data-image-description=\"&lt;p&gt;Fans en el concierto de Pole | Fuente: Marta Parrilla (@martxprojects)&lt;\/p&gt;&#10;\" data-image-caption=\"&lt;p&gt;Fans en el concierto de Pole | Fuente: Marta Parrilla (@martxprojects)&lt;\/p&gt;&#10;\" data-medium-file=\"https:\/\/i0.wp.com\/elgeneracionalpost.com\/wp-content\/uploads\/2023\/03\/Picsart_23-03-31_15-44-57-447.jpg?fit=300%2C200&amp;ssl=1\" data-large-file=\"https:\/\/i0.wp.com\/elgeneracionalpost.com\/wp-content\/uploads\/2023\/03\/Picsart_23-03-31_15-44-57-447.jpg?fit=696%2C464&amp;ssl=1\" decoding=\"async\" class=\"wp-image-84370 jetpack-lazy-image\" src=\"https:\/\/i0.wp.com\/elgeneracionalpost.com\/wp-content\/uploads\/2023\/03\/Picsart_23-03-31_15-44-57-447.jpg?resize=434%2C289&amp;ssl=1\" alt=\"F\u00e3s no show do Pole |  Fonte: Marta Parrilla (@martxprojects)\" width=\"434\" height=\"289\" data-recalc-dims=\"1\" data-lazy-srcset=\"https:\/\/i0.wp.com\/elgeneracionalpost.com\/wp-content\/uploads\/2023\/03\/Picsart_23-03-31_15-44-57-447.jpg?resize=300%2C200&amp;ssl=1 300w, https:\/\/i0.wp.com\/elgeneracionalpost.com\/wp-content\/uploads\/2023\/03\/Picsart_23-03-31_15-44-57-447.jpg?resize=1024%2C683&amp;ssl=1 1024w, https:\/\/i0.wp.com\/elgeneracionalpost.com\/wp-content\/uploads\/2023\/03\/Picsart_23-03-31_15-44-57-447.jpg?resize=768%2C512&amp;ssl=1 768w, https:\/\/i0.wp.com\/elgeneracionalpost.com\/wp-content\/uploads\/2023\/03\/Picsart_23-03-31_15-44-57-447.jpg?resize=1536%2C1024&amp;ssl=1 1536w, https:\/\/i0.wp.com\/elgeneracionalpost.com\/wp-content\/uploads\/2023\/03\/Picsart_23-03-31_15-44-57-447.jpg?resize=150%2C100&amp;ssl=1 150w, https:\/\/i0.wp.com\/elgeneracionalpost.com\/wp-content\/uploads\/2023\/03\/Picsart_23-03-31_15-44-57-447.jpg?resize=696%2C464&amp;ssl=1 696w, https:\/\/i0.wp.com\/elgeneracionalpost.com\/wp-content\/uploads\/2023\/03\/Picsart_23-03-31_15-44-57-447.jpg?resize=1068%2C712&amp;ssl=1 1068w, https:\/\/i0.wp.com\/elgeneracionalpost.com\/wp-content\/uploads\/2023\/03\/Picsart_23-03-31_15-44-57-447.jpg?w=1620&amp;ssl=1 1620w, https:\/\/i0.wp.com\/elgeneracionalpost.com\/wp-content\/uploads\/2023\/03\/Picsart_23-03-31_15-44-57-447.jpg?w=1392&amp;ssl=1 1392w\" data-lazy-sizes=\"(max-width: 434px) 100vw, 434px\" data-lazy-src=\"https:\/\/i0.wp.com\/elgeneracionalpost.com\/wp-content\/uploads\/2023\/03\/Picsart_23-03-31_15-44-57-447.jpg?resize=434%2C289&amp;is-pending-load=1#038;ssl=1\" srcset=\"data:image\/gif;base64,R0lGODlhAQABAIAAAAAAAP\/\/\/yH5BAEAAAAALAAAAAABAAEAAAIBRAA7\"\/><noscript><img data-lazy-fallback=\"1\" data-attachment-id=\"84370\" data-permalink=\"https:\/\/elgeneracionalpost.com\/cultura\/2023\/0331\/84347\/pole-sold-out-madrid.html\/attachment\/picsart_23-03-31_15-44-57-447\" data-orig-file=\"https:\/\/i0.wp.com\/elgeneracionalpost.com\/wp-content\/uploads\/2023\/03\/Picsart_23-03-31_15-44-57-447.jpg?fit=1620%2C1080&amp;ssl=1\" data-orig-size=\"1620,1080\" data-comments-opened=\"0\" data-image-meta=\"{&quot;aperture&quot;:&quot;0&quot;,&quot;credit&quot;:&quot;238867270012102&quot;,&quot;camera&quot;:&quot;&quot;,&quot;caption&quot;:&quot;&quot;,&quot;created_timestamp&quot;:&quot;0&quot;,&quot;copyright&quot;:&quot;&quot;,&quot;focal_length&quot;:&quot;0&quot;,&quot;iso&quot;:&quot;0&quot;,&quot;shutter_speed&quot;:&quot;0&quot;,&quot;title&quot;:&quot;&quot;,&quot;orientation&quot;:&quot;1&quot;}\" data-image-title=\"Picsart_23-03-31_15-44-57-447\" data-image-description=\"&lt;p&gt;Fans en el concierto de Pole | Fuente: Marta Parrilla (@martxprojects)&lt;\/p&gt;&#10;\" data-image-caption=\"&lt;p&gt;Fans en el concierto de Pole | Fuente: Marta Parrilla (@martxprojects)&lt;\/p&gt;&#10;\" data-medium-file=\"https:\/\/i0.wp.com\/elgeneracionalpost.com\/wp-content\/uploads\/2023\/03\/Picsart_23-03-31_15-44-57-447.jpg?fit=300%2C200&amp;ssl=1\" data-large-file=\"https:\/\/i0.wp.com\/elgeneracionalpost.com\/wp-content\/uploads\/2023\/03\/Picsart_23-03-31_15-44-57-447.jpg?fit=696%2C464&amp;ssl=1\" decoding=\"async\" class=\"wp-image-84370\" src=\"https:\/\/i0.wp.com\/elgeneracionalpost.com\/wp-content\/uploads\/2023\/03\/Picsart_23-03-31_15-44-57-447.jpg?resize=434%2C289&amp;ssl=1\" alt=\"F\u00e3s no show do Pole |  Fonte: Marta Parrilla (@martxprojects)\" width=\"434\" height=\"289\" srcset=\"https:\/\/i0.wp.com\/elgeneracionalpost.com\/wp-content\/uploads\/2023\/03\/Picsart_23-03-31_15-44-57-447.jpg?resize=300%2C200&amp;ssl=1 300w, https:\/\/i0.wp.com\/elgeneracionalpost.com\/wp-content\/uploads\/2023\/03\/Picsart_23-03-31_15-44-57-447.jpg?resize=1024%2C683&amp;ssl=1 1024w, https:\/\/i0.wp.com\/elgeneracionalpost.com\/wp-content\/uploads\/2023\/03\/Picsart_23-03-31_15-44-57-447.jpg?resize=768%2C512&amp;ssl=1 768w, https:\/\/i0.wp.com\/elgeneracionalpost.com\/wp-content\/uploads\/2023\/03\/Picsart_23-03-31_15-44-57-447.jpg?resize=1536%2C1024&amp;ssl=1 1536w, https:\/\/i0.wp.com\/elgeneracionalpost.com\/wp-content\/uploads\/2023\/03\/Picsart_23-03-31_15-44-57-447.jpg?resize=150%2C100&amp;ssl=1 150w, https:\/\/i0.wp.com\/elgeneracionalpost.com\/wp-content\/uploads\/2023\/03\/Picsart_23-03-31_15-44-57-447.jpg?resize=696%2C464&amp;ssl=1 696w, https:\/\/i0.wp.com\/elgeneracionalpost.com\/wp-content\/uploads\/2023\/03\/Picsart_23-03-31_15-44-57-447.jpg?resize=1068%2C712&amp;ssl=1 1068w, https:\/\/i0.wp.com\/elgeneracionalpost.com\/wp-content\/uploads\/2023\/03\/Picsart_23-03-31_15-44-57-447.jpg?w=1620&amp;ssl=1 1620w, https:\/\/i0.wp.com\/elgeneracionalpost.com\/wp-content\/uploads\/2023\/03\/Picsart_23-03-31_15-44-57-447.jpg?w=1392&amp;ssl=1 1392w\" sizes=\"(max-width: 434px) 100vw, 434px\" data-recalc-dims=\"1\"\/><\/noscript><figcaption id=\"caption-attachment-84370\" class=\"wp-caption-text\">F\u00e3s no show do Pole |  Fonte: Marta Parrilla (@martxprojects)<\/figcaption><\/figure>\n<p><span style=\"font-weight: 400;\">Espet\u00e1culo do polo.  participantes permitidos <strong>mergulho<\/strong> em uma hist\u00f3ria que come\u00e7ou com o pr\u00f3prio cantor e sua banda na pris\u00e3o, com um adere\u00e7o de grades e placas de deten\u00e7\u00e3o nas quais ele colocou seu nome.  Esta apresenta\u00e7\u00e3o original da banda <strong>surpreso<\/strong> todos e deu a eles o destaque que mereciam antes do show come\u00e7ar.  P\u00f3lo.  n\u00e3o hesitou em agradecer \u00e0 restante equipa pelo apoio e por tornar poss\u00edvel este projeto que, como ele pr\u00f3prio disse, <\/span><strong>\u201c\u00e9 de todos\u201d.<\/strong><\/p>\n<p><strong><span style=\"font-weight: 400;\">Na segunda parte do show eles trocam de roupa e recebem uma liga\u00e7\u00e3o em que ocorre ap\u00f3s o cumprimento da pena e s\u00e3o obrigados a cumprir os \u00faltimos seis meses em casa.  O que leva a uma mudan\u00e7a na roupa de macac\u00e3o de prisioneiro para pijama e roup\u00e3o.<\/span><\/strong><\/p>\n<p><span style=\"font-weight: 400;\">A energia e a paix\u00e3o desse polo.  Cada m\u00fasica que ele colocava cativava o p\u00fablico, que n\u00e3o parava de dan\u00e7ar e cantar a noite toda.  Sem d\u00favida, foi um concerto que ficar\u00e1 na mem\u00f3ria de todos os que tiveram a sorte de assistir.<\/span><\/p>\n<figure id=\"attachment_84374\" aria-describedby=\"caption-attachment-84374\" style=\"width: 449px\" class=\"wp-caption aligncenter\"><img data-attachment-id=\"84374\" data-permalink=\"https:\/\/elgeneracionalpost.com\/cultura\/2023\/0331\/84347\/pole-sold-out-madrid.html\/attachment\/picsart_23-03-31_15-45-07-346\" data-orig-file=\"https:\/\/i0.wp.com\/elgeneracionalpost.com\/wp-content\/uploads\/2023\/03\/Picsart_23-03-31_15-45-07-346.jpg?fit=1620%2C1080&amp;ssl=1\" data-orig-size=\"1620,1080\" data-comments-opened=\"0\" data-image-meta=\"{&quot;aperture&quot;:&quot;0&quot;,&quot;credit&quot;:&quot;238867270012102&quot;,&quot;camera&quot;:&quot;&quot;,&quot;caption&quot;:&quot;&quot;,&quot;created_timestamp&quot;:&quot;0&quot;,&quot;copyright&quot;:&quot;&quot;,&quot;focal_length&quot;:&quot;0&quot;,&quot;iso&quot;:&quot;0&quot;,&quot;shutter_speed&quot;:&quot;0&quot;,&quot;title&quot;:&quot;&quot;,&quot;orientation&quot;:&quot;1&quot;}\" data-image-title=\"Picsart_23-03-31_15-45-07-346\" data-image-description=\"\" data-image-caption=\"&lt;p&gt;Concierto de Pole | Fuente: Marta Parrilla (@martxprojects)&lt;\/p&gt;&#10;\" data-medium-file=\"https:\/\/i0.wp.com\/elgeneracionalpost.com\/wp-content\/uploads\/2023\/03\/Picsart_23-03-31_15-45-07-346.jpg?fit=300%2C200&amp;ssl=1\" data-large-file=\"https:\/\/i0.wp.com\/elgeneracionalpost.com\/wp-content\/uploads\/2023\/03\/Picsart_23-03-31_15-45-07-346.jpg?fit=696%2C464&amp;ssl=1\" decoding=\"async\" class=\"wp-image-84374 jetpack-lazy-image\" src=\"https:\/\/i0.wp.com\/elgeneracionalpost.com\/wp-content\/uploads\/2023\/03\/Picsart_23-03-31_15-45-07-346.jpg?resize=449%2C299&amp;ssl=1\" alt=\"\" width=\"449\" height=\"299\" data-recalc-dims=\"1\" data-lazy-srcset=\"https:\/\/i0.wp.com\/elgeneracionalpost.com\/wp-content\/uploads\/2023\/03\/Picsart_23-03-31_15-45-07-346.jpg?resize=300%2C200&amp;ssl=1 300w, https:\/\/i0.wp.com\/elgeneracionalpost.com\/wp-content\/uploads\/2023\/03\/Picsart_23-03-31_15-45-07-346.jpg?resize=1024%2C683&amp;ssl=1 1024w, https:\/\/i0.wp.com\/elgeneracionalpost.com\/wp-content\/uploads\/2023\/03\/Picsart_23-03-31_15-45-07-346.jpg?resize=768%2C512&amp;ssl=1 768w, https:\/\/i0.wp.com\/elgeneracionalpost.com\/wp-content\/uploads\/2023\/03\/Picsart_23-03-31_15-45-07-346.jpg?resize=1536%2C1024&amp;ssl=1 1536w, https:\/\/i0.wp.com\/elgeneracionalpost.com\/wp-content\/uploads\/2023\/03\/Picsart_23-03-31_15-45-07-346.jpg?resize=150%2C100&amp;ssl=1 150w, https:\/\/i0.wp.com\/elgeneracionalpost.com\/wp-content\/uploads\/2023\/03\/Picsart_23-03-31_15-45-07-346.jpg?resize=696%2C464&amp;ssl=1 696w, https:\/\/i0.wp.com\/elgeneracionalpost.com\/wp-content\/uploads\/2023\/03\/Picsart_23-03-31_15-45-07-346.jpg?resize=1068%2C712&amp;ssl=1 1068w, https:\/\/i0.wp.com\/elgeneracionalpost.com\/wp-content\/uploads\/2023\/03\/Picsart_23-03-31_15-45-07-346.jpg?w=1620&amp;ssl=1 1620w, https:\/\/i0.wp.com\/elgeneracionalpost.com\/wp-content\/uploads\/2023\/03\/Picsart_23-03-31_15-45-07-346.jpg?w=1392&amp;ssl=1 1392w\" data-lazy-sizes=\"(max-width: 449px) 100vw, 449px\" data-lazy-src=\"https:\/\/i0.wp.com\/elgeneracionalpost.com\/wp-content\/uploads\/2023\/03\/Picsart_23-03-31_15-45-07-346.jpg?resize=449%2C299&amp;is-pending-load=1#038;ssl=1\" srcset=\"data:image\/gif;base64,R0lGODlhAQABAIAAAAAAAP\/\/\/yH5BAEAAAAALAAAAAABAAEAAAIBRAA7\"\/><noscript><img loading=\"lazy\" data-lazy-fallback=\"1\" data-attachment-id=\"84374\" data-permalink=\"https:\/\/elgeneracionalpost.com\/cultura\/2023\/0331\/84347\/pole-sold-out-madrid.html\/attachment\/picsart_23-03-31_15-45-07-346\" data-orig-file=\"https:\/\/i0.wp.com\/elgeneracionalpost.com\/wp-content\/uploads\/2023\/03\/Picsart_23-03-31_15-45-07-346.jpg?fit=1620%2C1080&amp;ssl=1\" data-orig-size=\"1620,1080\" data-comments-opened=\"0\" data-image-meta=\"{&quot;aperture&quot;:&quot;0&quot;,&quot;credit&quot;:&quot;238867270012102&quot;,&quot;camera&quot;:&quot;&quot;,&quot;caption&quot;:&quot;&quot;,&quot;created_timestamp&quot;:&quot;0&quot;,&quot;copyright&quot;:&quot;&quot;,&quot;focal_length&quot;:&quot;0&quot;,&quot;iso&quot;:&quot;0&quot;,&quot;shutter_speed&quot;:&quot;0&quot;,&quot;title&quot;:&quot;&quot;,&quot;orientation&quot;:&quot;1&quot;}\" data-image-title=\"Picsart_23-03-31_15-45-07-346\" data-image-description=\"\" data-image-caption=\"&lt;p&gt;Concierto de Pole | Fuente: Marta Parrilla (@martxprojects)&lt;\/p&gt;&#10;\" data-medium-file=\"https:\/\/i0.wp.com\/elgeneracionalpost.com\/wp-content\/uploads\/2023\/03\/Picsart_23-03-31_15-45-07-346.jpg?fit=300%2C200&amp;ssl=1\" data-large-file=\"https:\/\/i0.wp.com\/elgeneracionalpost.com\/wp-content\/uploads\/2023\/03\/Picsart_23-03-31_15-45-07-346.jpg?fit=696%2C464&amp;ssl=1\" decoding=\"async\" class=\"wp-image-84374\" src=\"https:\/\/i0.wp.com\/elgeneracionalpost.com\/wp-content\/uploads\/2023\/03\/Picsart_23-03-31_15-45-07-346.jpg?resize=449%2C299&amp;ssl=1\" alt=\"\" width=\"449\" height=\"299\" srcset=\"https:\/\/i0.wp.com\/elgeneracionalpost.com\/wp-content\/uploads\/2023\/03\/Picsart_23-03-31_15-45-07-346.jpg?resize=300%2C200&amp;ssl=1 300w, https:\/\/i0.wp.com\/elgeneracionalpost.com\/wp-content\/uploads\/2023\/03\/Picsart_23-03-31_15-45-07-346.jpg?resize=1024%2C683&amp;ssl=1 1024w, https:\/\/i0.wp.com\/elgeneracionalpost.com\/wp-content\/uploads\/2023\/03\/Picsart_23-03-31_15-45-07-346.jpg?resize=768%2C512&amp;ssl=1 768w, https:\/\/i0.wp.com\/elgeneracionalpost.com\/wp-content\/uploads\/2023\/03\/Picsart_23-03-31_15-45-07-346.jpg?resize=1536%2C1024&amp;ssl=1 1536w, https:\/\/i0.wp.com\/elgeneracionalpost.com\/wp-content\/uploads\/2023\/03\/Picsart_23-03-31_15-45-07-346.jpg?resize=150%2C100&amp;ssl=1 150w, https:\/\/i0.wp.com\/elgeneracionalpost.com\/wp-content\/uploads\/2023\/03\/Picsart_23-03-31_15-45-07-346.jpg?resize=696%2C464&amp;ssl=1 696w, https:\/\/i0.wp.com\/elgeneracionalpost.com\/wp-content\/uploads\/2023\/03\/Picsart_23-03-31_15-45-07-346.jpg?resize=1068%2C712&amp;ssl=1 1068w, https:\/\/i0.wp.com\/elgeneracionalpost.com\/wp-content\/uploads\/2023\/03\/Picsart_23-03-31_15-45-07-346.jpg?w=1620&amp;ssl=1 1620w, https:\/\/i0.wp.com\/elgeneracionalpost.com\/wp-content\/uploads\/2023\/03\/Picsart_23-03-31_15-45-07-346.jpg?w=1392&amp;ssl=1 1392w\" sizes=\"auto, (max-width: 449px) 100vw, 449px\" data-recalc-dims=\"1\"\/><\/noscript><figcaption id=\"caption-attachment-84374\" class=\"wp-caption-text\">Concerto de p\u00f3lo |  Fonte: Marta Parrilla (@martxprojects)<\/figcaption><\/figure>\n<h3>Setlist da noite&#8230;<\/h3>\n<p><span style=\"font-weight: 400;\">O show come\u00e7ou com uma das faixas mais ic\u00f4nicas de Pole, <i>Foi<\/i>, que foi recebido com gritos pelo p\u00fablico.  Seguido de <em>Menos mal<\/em> En <em>Madri<\/em>m\u00fasica que n\u00e3o poderia faltar em seu repert\u00f3rio quando subiu ao palco do La Riviera que cantou junto com <strong>Mafalda Cardenal<\/strong>.  A dupla fez a sala explodir em aplausos e gritos de emo\u00e7\u00e3o, e a qu\u00edmica entre os dois artistas ficou evidente desde o primeiro momento.<\/span><\/p>\n<p><span style=\"font-weight: 400;\">A atmosfera na sala mudou completamente quando Pole.  come\u00e7ou a interpretar <em>Decis\u00f5es n\u00e3o s\u00e3o tomadas aos domingos<\/em>, que se emocionou ao cant\u00e1-la e foi muito pr\u00f3ximo e dedicado ao p\u00fablico.  As centenas de f\u00e3s presentes na sala n\u00e3o puderam deixar de se emocionar e muitos deles cantaram a letra chorando.  Sem d\u00favidas, foi um dos momentos mais intensos e emocionantes do show, e a conex\u00e3o entre o artista e seus f\u00e3s ficou evidente em cada acorde da m\u00fasica.<\/span><\/p>\n<p><span style=\"font-weight: 400;\">O artista continuou a desfiar alguns de seus maiores sucessos, como <em>A culpa<\/em> En <em>V\u00e1 em frente<\/em>.  Para finalmente terminar com a t\u00e3o esperada can\u00e7\u00e3o <em>batm\u00f3vel<\/em> que j\u00e1 conta com mais de 49 milh\u00f5es de reprodu\u00e7\u00f5es e <em>Granaatappel<\/em> com mais de 25 milh\u00f5es de ouvintes.<\/span><\/p>\n<p><span style=\"font-weight: 400;\">Ap\u00f3s o final falso e pergunte em coro que P\u00f3lo.  cantar mais can\u00e7\u00f5es, retomar o concerto com <em>S\u00e3o Br\u00e1s<\/em> com a apari\u00e7\u00e3o surpresa de Dani Fern\u00e1ndez, o convidado mais especial e inesperado da noite.<\/span><\/p>\n<p><span class=\"embed-youtube\" style=\"text-align:center; display: block;\"><iframe title=\"Pole., Dani Fern\u00e1ndez - San Blas (Video Oficial)\" width=\"790\" height=\"444\" src=\"https:\/\/www.youtube.com\/embed\/jrmPHbA5KoQ?feature=oembed\" frameborder=\"0\" allow=\"accelerometer; autoplay; clipboard-write; encrypted-media; gyroscope; picture-in-picture; web-share\" allowfullscreen><\/iframe><\/span><\/p>\n<h3>Onde posso te ver?<\/h3>\n<p><span style=\"font-weight: 400;\">Turn\u00ea do polo.  continua seu curso impar\u00e1vel e nunca deixa de nos surpreender.  Com a turn\u00ea &#8220;This life is a mess&#8221; ele est\u00e1 conseguindo <strong>preencher todos os quartos<\/strong> por onde passa  Mas ainda h\u00e1 muitas outras datas por vir.<\/span><\/p>\n<p><span style=\"font-weight: 400;\">No pr\u00f3ximo dia 5 de maio, P\u00f3lo.  vai aparecer na sala <strong>Razzmatazz de Barcelona<\/strong>, onde sem d\u00favida voltar\u00e1 a cativar os seus seguidores.  Al\u00e9m disso, a agenda do artista est\u00e1 repleta de festivais para o ver\u00e3o, como o <strong>Boombastic em Madri,<\/strong> marcada para os dias 16 e 17 de junho.<\/span><\/p>\n<p><span style=\"font-weight: 400;\">Temos certeza que os shows que ele preparou ser\u00e3o \u00fanicos e estamos muito ansiosos para ver o que <strong>surpresas<\/strong> Ele nos tem prontos.  A emo\u00e7\u00e3o est\u00e1 crescendo e mal podemos esperar para viver essa experi\u00eancia \u00fanica com nosso artista favorito!<\/span><\/p>\n<blockquote class=\"instagram-media\" data-instgrm-captioned=\"\" data-instgrm-permalink=\"https:\/\/www.instagram.com\/p\/CqGiZ7aMM77\/?utm_source=ig_embed&amp;utm_campaign=loading\" data-instgrm-version=\"14\" style=\" background:#FFF; border:0; border-radius:3px; box-shadow:0 0 1px 0 rgba(0,0,0,0.5),0 1px 10px 0 rgba(0,0,0,0.15); margin: 1px; max-width:658px; min-width:326px; padding:0; width:99.375%; width:-webkit-calc(100% - 2px); width:calc(100% - 2px);\">\n<\/blockquote>\n<div class=\"sharedaddy sd-block sd-like jetpack-likes-widget-wrapper jetpack-likes-widget-unloaded\" id=\"like-post-wrapper-153844979-84347-642b5a33d0fb1\" data-src=\"https:\/\/widgets.wp.com\/likes\/#blog_id=153844979&amp;post_id=84347&amp;origin=elgeneracionalpost.com&amp;obj_id=153844979-84347-642b5a33d0fb1\" data-name=\"like-post-frame-153844979-84347-642b5a33d0fb1\" data-title=\"Me gusta o Compartir\">\n<h3 class=\"sd-title\">Dit vind ik leuk:<\/h3>\n<p><span class=\"button\"><span>Ik vind het leuk<\/span><\/span> <span class=\"loading\">Laden\u2026<\/span><\/p>\n<p><span class=\"sd-text-color\"\/><\/div>\n<p><h3 class=\"jp-relatedposts-headline\"><em>Verwant<\/em><\/h3>\n<\/p>\n<\/div>\n<p><script async defer src=\"https:\/\/platform.instagram.com\/en_US\/embeds.js\"><\/script><\/p>","protected":false},"excerpt":{"rendered":"<p>Em 30 de mar\u00e7o \u00e0 noite, Pole. Trouxe a Madrid a sua digress\u00e3o &#8220;Esta vida es un jaleo&#8221; para emocionar &hellip; <\/p>","protected":false},"author":1,"featured_media":981,"comment_status":"open","ping_status":"open","sticky":false,"template":"","format":"standard","meta":{"fifu_image_url":"https:\/\/elgeneracionalpost.com\/wp-content\/uploads\/2023\/03\/Picsart_23-03-31_15-45-16-458.jpg","fifu_image_alt":"","footnotes":""},"categories":[35],"tags":[],"class_list":["post-979","post","type-post","status-publish","format-standard","has-post-thumbnail","hentry","category-cultura-e-lazer","latest_post"],"yoast_head":"<!-- This site is optimized with the Yoast SEO plugin v27.3 - https:\/\/yoast.com\/product\/yoast-seo-wordpress\/ -->\n<title>P\u00f3lo. faz duplo esgotado em Madrid - Tirinha.com<\/title>\n<meta name=\"robots\" content=\"index, follow, max-snippet:-1, max-image-preview:large, max-video-preview:-1\" \/>\n<link rel=\"canonical\" href=\"https:\/\/tirinha.com\/nl\/979\/polo-faz-duplo-esgotado-em-madrid\/\" \/>\n<meta property=\"og:locale\" content=\"nl_NL\" \/>\n<meta property=\"og:type\" content=\"article\" \/>\n<meta property=\"og:title\" content=\"P\u00f3lo. faz duplo esgotado em Madrid - Tirinha.com\" \/>\n<meta property=\"og:description\" content=\"Em 30 de mar\u00e7o \u00e0 noite, Pole. Trouxe a Madrid a sua digress\u00e3o &#8220;Esta vida es un jaleo&#8221; para emocionar &hellip;\" \/>\n<meta property=\"og:url\" content=\"https:\/\/tirinha.com\/nl\/979\/polo-faz-duplo-esgotado-em-madrid\/\" \/>\n<meta property=\"og:site_name\" content=\"Tirinha.com\" \/>\n<meta property=\"article:published_time\" content=\"2023-04-03T22:59:00+00:00\" \/>\n<meta property=\"og:image\" content=\"https:\/\/elgeneracionalpost.com\/wp-content\/uploads\/2023\/03\/Picsart_23-03-31_15-45-16-458.jpg\" \/>\n<meta name=\"author\" content=\"admin\" \/>\n<meta name=\"twitter:card\" content=\"summary_large_image\" \/>\n<meta name=\"twitter:image\" content=\"https:\/\/elgeneracionalpost.com\/wp-content\/uploads\/2023\/03\/Picsart_23-03-31_15-45-16-458.jpg\" \/>\n<meta name=\"twitter:label1\" content=\"Geschreven door\" \/>\n\t<meta name=\"twitter:data1\" content=\"admin\" \/>\n\t<meta name=\"twitter:label2\" content=\"Geschatte leestijd\" \/>\n\t<meta name=\"twitter:data2\" content=\"4 minuten\" \/>\n<script type=\"application\/ld+json\" class=\"yoast-schema-graph\">{\"@context\":\"https:\\\/\\\/schema.org\",\"@graph\":[{\"@type\":\"Article\",\"@id\":\"https:\\\/\\\/tirinha.com\\\/979\\\/polo-faz-duplo-esgotado-em-madrid\\\/#article\",\"isPartOf\":{\"@id\":\"https:\\\/\\\/tirinha.com\\\/979\\\/polo-faz-duplo-esgotado-em-madrid\\\/\"},\"author\":{\"name\":\"admin\",\"@id\":\"https:\\\/\\\/tirinha.com\\\/#\\\/schema\\\/person\\\/e22bdfbe17e0461f7e927e6a1208d4d9\"},\"headline\":\"P\u00f3lo. faz duplo esgotado em Madrid\",\"datePublished\":\"2023-04-03T22:59:00+00:00\",\"mainEntityOfPage\":{\"@id\":\"https:\\\/\\\/tirinha.com\\\/979\\\/polo-faz-duplo-esgotado-em-madrid\\\/\"},\"wordCount\":790,\"commentCount\":0,\"publisher\":{\"@id\":\"https:\\\/\\\/tirinha.com\\\/#organization\"},\"image\":{\"@id\":\"https:\\\/\\\/tirinha.com\\\/979\\\/polo-faz-duplo-esgotado-em-madrid\\\/#primaryimage\"},\"thumbnailUrl\":\"https:\\\/\\\/elgeneracionalpost.com\\\/wp-content\\\/uploads\\\/2023\\\/03\\\/Picsart_23-03-31_15-45-16-458.jpg\",\"articleSection\":[\"Cultura e lazer\"],\"inLanguage\":\"nl-NL\",\"potentialAction\":[{\"@type\":\"CommentAction\",\"name\":\"Comment\",\"target\":[\"https:\\\/\\\/tirinha.com\\\/979\\\/polo-faz-duplo-esgotado-em-madrid\\\/#respond\"]}]},{\"@type\":\"WebPage\",\"@id\":\"https:\\\/\\\/tirinha.com\\\/979\\\/polo-faz-duplo-esgotado-em-madrid\\\/\",\"url\":\"https:\\\/\\\/tirinha.com\\\/979\\\/polo-faz-duplo-esgotado-em-madrid\\\/\",\"name\":\"P\u00f3lo. faz duplo esgotado em Madrid - Tirinha.com\",\"isPartOf\":{\"@id\":\"https:\\\/\\\/tirinha.com\\\/#website\"},\"primaryImageOfPage\":{\"@id\":\"https:\\\/\\\/tirinha.com\\\/979\\\/polo-faz-duplo-esgotado-em-madrid\\\/#primaryimage\"},\"image\":{\"@id\":\"https:\\\/\\\/tirinha.com\\\/979\\\/polo-faz-duplo-esgotado-em-madrid\\\/#primaryimage\"},\"thumbnailUrl\":\"https:\\\/\\\/elgeneracionalpost.com\\\/wp-content\\\/uploads\\\/2023\\\/03\\\/Picsart_23-03-31_15-45-16-458.jpg\",\"datePublished\":\"2023-04-03T22:59:00+00:00\",\"breadcrumb\":{\"@id\":\"https:\\\/\\\/tirinha.com\\\/979\\\/polo-faz-duplo-esgotado-em-madrid\\\/#breadcrumb\"},\"inLanguage\":\"nl-NL\",\"potentialAction\":[{\"@type\":\"ReadAction\",\"target\":[\"https:\\\/\\\/tirinha.com\\\/979\\\/polo-faz-duplo-esgotado-em-madrid\\\/\"]}]},{\"@type\":\"ImageObject\",\"inLanguage\":\"nl-NL\",\"@id\":\"https:\\\/\\\/tirinha.com\\\/979\\\/polo-faz-duplo-esgotado-em-madrid\\\/#primaryimage\",\"url\":\"https:\\\/\\\/elgeneracionalpost.com\\\/wp-content\\\/uploads\\\/2023\\\/03\\\/Picsart_23-03-31_15-45-16-458.jpg\",\"contentUrl\":\"https:\\\/\\\/elgeneracionalpost.com\\\/wp-content\\\/uploads\\\/2023\\\/03\\\/Picsart_23-03-31_15-45-16-458.jpg\"},{\"@type\":\"BreadcrumbList\",\"@id\":\"https:\\\/\\\/tirinha.com\\\/979\\\/polo-faz-duplo-esgotado-em-madrid\\\/#breadcrumb\",\"itemListElement\":[{\"@type\":\"ListItem\",\"position\":1,\"name\":\"Home\",\"item\":\"https:\\\/\\\/tirinha.com\\\/\"},{\"@type\":\"ListItem\",\"position\":2,\"name\":\"P\u00f3lo. faz duplo esgotado em Madrid\"}]},{\"@type\":\"WebSite\",\"@id\":\"https:\\\/\\\/tirinha.com\\\/#website\",\"url\":\"https:\\\/\\\/tirinha.com\\\/\",\"name\":\"Tirinha.com\",\"description\":\"Arte e livros resenhas\",\"publisher\":{\"@id\":\"https:\\\/\\\/tirinha.com\\\/#organization\"},\"potentialAction\":[{\"@type\":\"SearchAction\",\"target\":{\"@type\":\"EntryPoint\",\"urlTemplate\":\"https:\\\/\\\/tirinha.com\\\/?s={search_term_string}\"},\"query-input\":{\"@type\":\"PropertyValueSpecification\",\"valueRequired\":true,\"valueName\":\"search_term_string\"}}],\"inLanguage\":\"nl-NL\"},{\"@type\":\"Organization\",\"@id\":\"https:\\\/\\\/tirinha.com\\\/#organization\",\"name\":\"Tirinha.com\",\"url\":\"https:\\\/\\\/tirinha.com\\\/\",\"logo\":{\"@type\":\"ImageObject\",\"inLanguage\":\"nl-NL\",\"@id\":\"https:\\\/\\\/tirinha.com\\\/#\\\/schema\\\/logo\\\/image\\\/\",\"url\":\"https:\\\/\\\/tirinha.com\\\/wp-content\\\/uploads\\\/2023\\\/08\\\/cropped-Logo-Tirinha.webp\",\"contentUrl\":\"https:\\\/\\\/tirinha.com\\\/wp-content\\\/uploads\\\/2023\\\/08\\\/cropped-Logo-Tirinha.webp\",\"width\":512,\"height\":512,\"caption\":\"Tirinha.com\"},\"image\":{\"@id\":\"https:\\\/\\\/tirinha.com\\\/#\\\/schema\\\/logo\\\/image\\\/\"}},{\"@type\":\"Person\",\"@id\":\"https:\\\/\\\/tirinha.com\\\/#\\\/schema\\\/person\\\/e22bdfbe17e0461f7e927e6a1208d4d9\",\"name\":\"admin\",\"image\":{\"@type\":\"ImageObject\",\"inLanguage\":\"nl-NL\",\"@id\":\"https:\\\/\\\/tirinha.com\\\/wp-content\\\/litespeed\\\/avatar\\\/d0068f7931cc87d7274eb0c3db1deb4b.jpg?ver=1777434315\",\"url\":\"https:\\\/\\\/tirinha.com\\\/wp-content\\\/litespeed\\\/avatar\\\/d0068f7931cc87d7274eb0c3db1deb4b.jpg?ver=1777434315\",\"contentUrl\":\"https:\\\/\\\/tirinha.com\\\/wp-content\\\/litespeed\\\/avatar\\\/d0068f7931cc87d7274eb0c3db1deb4b.jpg?ver=1777434315\",\"caption\":\"admin\"},\"sameAs\":[\"https:\\\/\\\/tirinha.com\"],\"url\":\"https:\\\/\\\/tirinha.com\\\/nl\\\/author\\\/admin\\\/\"}]}<\/script>\n<!-- \/ Yoast SEO plugin. -->","yoast_head_json":{"title":"P\u00f3lo. faz duplo esgotado em Madrid - Tirinha.com","robots":{"index":"index","follow":"follow","max-snippet":"max-snippet:-1","max-image-preview":"max-image-preview:large","max-video-preview":"max-video-preview:-1"},"canonical":"https:\/\/tirinha.com\/nl\/979\/polo-faz-duplo-esgotado-em-madrid\/","og_locale":"nl_NL","og_type":"article","og_title":"P\u00f3lo. faz duplo esgotado em Madrid - Tirinha.com","og_description":"Em 30 de mar\u00e7o \u00e0 noite, Pole. Trouxe a Madrid a sua digress\u00e3o &#8220;Esta vida es un jaleo&#8221; para emocionar &hellip;","og_url":"https:\/\/tirinha.com\/nl\/979\/polo-faz-duplo-esgotado-em-madrid\/","og_site_name":"Tirinha.com","article_published_time":"2023-04-03T22:59:00+00:00","og_image":[{"url":"https:\/\/elgeneracionalpost.com\/wp-content\/uploads\/2023\/03\/Picsart_23-03-31_15-45-16-458.jpg","type":"","width":"","height":""}],"author":"admin","twitter_card":"summary_large_image","twitter_image":"https:\/\/elgeneracionalpost.com\/wp-content\/uploads\/2023\/03\/Picsart_23-03-31_15-45-16-458.jpg","twitter_misc":{"Geschreven door":"admin","Geschatte leestijd":"4 minuten"},"schema":{"@context":"https:\/\/schema.org","@graph":[{"@type":"Article","@id":"https:\/\/tirinha.com\/979\/polo-faz-duplo-esgotado-em-madrid\/#article","isPartOf":{"@id":"https:\/\/tirinha.com\/979\/polo-faz-duplo-esgotado-em-madrid\/"},"author":{"name":"admin","@id":"https:\/\/tirinha.com\/#\/schema\/person\/e22bdfbe17e0461f7e927e6a1208d4d9"},"headline":"P\u00f3lo. faz duplo esgotado em Madrid","datePublished":"2023-04-03T22:59:00+00:00","mainEntityOfPage":{"@id":"https:\/\/tirinha.com\/979\/polo-faz-duplo-esgotado-em-madrid\/"},"wordCount":790,"commentCount":0,"publisher":{"@id":"https:\/\/tirinha.com\/#organization"},"image":{"@id":"https:\/\/tirinha.com\/979\/polo-faz-duplo-esgotado-em-madrid\/#primaryimage"},"thumbnailUrl":"https:\/\/elgeneracionalpost.com\/wp-content\/uploads\/2023\/03\/Picsart_23-03-31_15-45-16-458.jpg","articleSection":["Cultura e lazer"],"inLanguage":"nl-NL","potentialAction":[{"@type":"CommentAction","name":"Comment","target":["https:\/\/tirinha.com\/979\/polo-faz-duplo-esgotado-em-madrid\/#respond"]}]},{"@type":"WebPage","@id":"https:\/\/tirinha.com\/979\/polo-faz-duplo-esgotado-em-madrid\/","url":"https:\/\/tirinha.com\/979\/polo-faz-duplo-esgotado-em-madrid\/","name":"P\u00f3lo. faz duplo esgotado em Madrid - Tirinha.com","isPartOf":{"@id":"https:\/\/tirinha.com\/#website"},"primaryImageOfPage":{"@id":"https:\/\/tirinha.com\/979\/polo-faz-duplo-esgotado-em-madrid\/#primaryimage"},"image":{"@id":"https:\/\/tirinha.com\/979\/polo-faz-duplo-esgotado-em-madrid\/#primaryimage"},"thumbnailUrl":"https:\/\/elgeneracionalpost.com\/wp-content\/uploads\/2023\/03\/Picsart_23-03-31_15-45-16-458.jpg","datePublished":"2023-04-03T22:59:00+00:00","breadcrumb":{"@id":"https:\/\/tirinha.com\/979\/polo-faz-duplo-esgotado-em-madrid\/#breadcrumb"},"inLanguage":"nl-NL","potentialAction":[{"@type":"ReadAction","target":["https:\/\/tirinha.com\/979\/polo-faz-duplo-esgotado-em-madrid\/"]}]},{"@type":"ImageObject","inLanguage":"nl-NL","@id":"https:\/\/tirinha.com\/979\/polo-faz-duplo-esgotado-em-madrid\/#primaryimage","url":"https:\/\/elgeneracionalpost.com\/wp-content\/uploads\/2023\/03\/Picsart_23-03-31_15-45-16-458.jpg","contentUrl":"https:\/\/elgeneracionalpost.com\/wp-content\/uploads\/2023\/03\/Picsart_23-03-31_15-45-16-458.jpg"},{"@type":"BreadcrumbList","@id":"https:\/\/tirinha.com\/979\/polo-faz-duplo-esgotado-em-madrid\/#breadcrumb","itemListElement":[{"@type":"ListItem","position":1,"name":"Home","item":"https:\/\/tirinha.com\/"},{"@type":"ListItem","position":2,"name":"P\u00f3lo. faz duplo esgotado em Madrid"}]},{"@type":"WebSite","@id":"https:\/\/tirinha.com\/#website","url":"https:\/\/tirinha.com\/","name":"Tirinha.com","description":"Kunst- en boekrecensies","publisher":{"@id":"https:\/\/tirinha.com\/#organization"},"potentialAction":[{"@type":"SearchAction","target":{"@type":"EntryPoint","urlTemplate":"https:\/\/tirinha.com\/?s={search_term_string}"},"query-input":{"@type":"PropertyValueSpecification","valueRequired":true,"valueName":"search_term_string"}}],"inLanguage":"nl-NL"},{"@type":"Organization","@id":"https:\/\/tirinha.com\/#organization","name":"Tirinha.com","url":"https:\/\/tirinha.com\/","logo":{"@type":"ImageObject","inLanguage":"nl-NL","@id":"https:\/\/tirinha.com\/#\/schema\/logo\/image\/","url":"https:\/\/tirinha.com\/wp-content\/uploads\/2023\/08\/cropped-Logo-Tirinha.webp","contentUrl":"https:\/\/tirinha.com\/wp-content\/uploads\/2023\/08\/cropped-Logo-Tirinha.webp","width":512,"height":512,"caption":"Tirinha.com"},"image":{"@id":"https:\/\/tirinha.com\/#\/schema\/logo\/image\/"}},{"@type":"Person","@id":"https:\/\/tirinha.com\/#\/schema\/person\/e22bdfbe17e0461f7e927e6a1208d4d9","name":"beheerder","image":{"@type":"ImageObject","inLanguage":"nl-NL","@id":"https:\/\/tirinha.com\/wp-content\/litespeed\/avatar\/d0068f7931cc87d7274eb0c3db1deb4b.jpg?ver=1777434315","url":"https:\/\/tirinha.com\/wp-content\/litespeed\/avatar\/d0068f7931cc87d7274eb0c3db1deb4b.jpg?ver=1777434315","contentUrl":"https:\/\/tirinha.com\/wp-content\/litespeed\/avatar\/d0068f7931cc87d7274eb0c3db1deb4b.jpg?ver=1777434315","caption":"admin"},"sameAs":["https:\/\/tirinha.com"],"url":"https:\/\/tirinha.com\/nl\/author\/admin\/"}]}},"_links":{"self":[{"href":"https:\/\/tirinha.com\/nl\/wp-json\/wp\/v2\/posts\/979","targetHints":{"allow":["GET"]}}],"collection":[{"href":"https:\/\/tirinha.com\/nl\/wp-json\/wp\/v2\/posts"}],"about":[{"href":"https:\/\/tirinha.com\/nl\/wp-json\/wp\/v2\/types\/post"}],"author":[{"embeddable":true,"href":"https:\/\/tirinha.com\/nl\/wp-json\/wp\/v2\/users\/1"}],"replies":[{"embeddable":true,"href":"https:\/\/tirinha.com\/nl\/wp-json\/wp\/v2\/comments?post=979"}],"version-history":[{"count":0,"href":"https:\/\/tirinha.com\/nl\/wp-json\/wp\/v2\/posts\/979\/revisions"}],"wp:featuredmedia":[{"embeddable":true,"href":"https:\/\/tirinha.com\/nl\/wp-json\/wp\/v2\/media\/981"}],"wp:attachment":[{"href":"https:\/\/tirinha.com\/nl\/wp-json\/wp\/v2\/media?parent=979"}],"wp:term":[{"taxonomy":"category","embeddable":true,"href":"https:\/\/tirinha.com\/nl\/wp-json\/wp\/v2\/categories?post=979"},{"taxonomy":"post_tag","embeddable":true,"href":"https:\/\/tirinha.com\/nl\/wp-json\/wp\/v2\/tags?post=979"}],"curies":[{"name":"wp","href":"https:\/\/api.w.org\/{rel}","templated":true}]}}