{"id":960,"date":"2023-04-03T22:49:35","date_gmt":"2023-04-03T22:49:35","guid":{"rendered":"https:\/\/tirinha.com\/o-ator-miguel-rellan-se-apresenta-no-teatro-principal-de-alicante\/"},"modified":"2023-04-03T22:49:35","modified_gmt":"2023-04-03T22:49:35","slug":"acteur-miguel-rellan-treedt-op-in-het-belangrijkste-theater-van-alicante","status":"publish","type":"post","link":"https:\/\/tirinha.com\/nl\/960\/o-ator-miguel-rellan-se-apresenta-no-teatro-principal-de-alicante\/","title":{"rendered":"Acteur Miguel Rell\u00e1n treedt op in het Teatro Principal in Alicante."},"content":{"rendered":"<p><\/p>\n<p>        Hij studeerde geneeskunde en muziek, maar koos ervoor om zich volledig in anderen te verdiepen. Miguel Rell\u00e1n (Tetu\u00e1n, 1943) heeft sindsdien een carri\u00e8re opgebouwd waarin hij, naar eigen zeggen, zijn rollen zorgvuldig uitkiest, maar de filmwereld graag omarmt, &quot;als ze me maar een paar centen geven&quot;. Aanstaande zaterdag treedt hij op in het Teatro Principal in Alicante. <em><strong>terugkeer naar huis<\/strong><\/em>door Harold Pinter. En afgelopen donderdag begon het tweede seizoen van <em><strong>Onze excuses voor het ongemak.<\/strong><\/em>. Met pensioen gaan? Absoluut niet.\n<\/p>\n<div wp_automatic_readability=\"174\">\n<p class=\"article-body__text question-answers__question\">Hij komt naar Alicante met een toneelstuk.,<em> terugkeer naar huis<\/em>, Het toneelstuk van Harold Pinter, dat het leven van een bepaalde familie met al zijn licht- en schaduwkanten weergeeft. Laten we gaan, net als iedereen.<\/p>\n<p class=\"article-body__text question-answers__answer\">Ja, ik ben bang van wel. Wat er gebeurt, is dat Pinter in dit geval een gezin kiest, net zoals hij een patrouille monteurs had kunnen kiezen, om over mensen te praten. Pinter zei dat zijn theater moeilijk was en dat het moeilijk is om erover te praten, omdat hij begrijpt dat het tegenstrijdig en verwarrend is, maar dat hij probeert het leven te weerspiegelen, wat voor mij ook tegenstrijdig en verwarrend is. Soms, tijdens de repetities, kwam het bij ons op dat <em>terugkeer naar huis <\/em>Het is alsof we over straat lopen en er een raam opengaat naar een tussenverdieping, waardoor we een blik kunnen werpen op een gezin waar we niets van weten. Ze houden van elkaar, maken ruzie, liegen, vertellen elkaar de waarheid\u2026 En na anderhalf uur sluiten de ramen en blijven we achter met commentaar op wat we hebben gezien. Het is het derde stuk van Pinter dat ik heb gedaan, en ik denk dat hij ons in het algemeen een spiegel voorhoudt en zegt: verberg je niet, dit ben jij. Het lijkt me dat de mate van domheid de laatste jaren exponentieel is toegenomen over de hele wereld. Te beginnen bij degenen die het naar ons toe sturen. En zoals altijd zijn wij, de burgers, de schuldigen van wat ons overkomt, omdat we politici kiezen. Dit toont het belang van theater aan.<\/p>\n<p class=\"article-body__text question-answers__question\">In hoeverre is het voor een acteur noodzakelijk om van tijd tot tijd terug te keren naar het theater?<\/p>\n<p class=\"article-body__text question-answers__answer\">Nou, ik doe altijd theater en af en toe doe ik film of televisie om de koelkast halfvol te krijgen. Theater is de waarheid, film is de kunst van de regisseur, die knipt je eruit. Het is hetzelfde als rock of opera zingen. Tegenwoordig kan iedereen zingen. Maar op het podium staan om te zingen, dat is anders. Film is beeld en theater is de waarheid. Theater is een leugen die de toeschouwer accepteert; ik doe alsof ik iemand anders ben en de toeschouwer doet alsof hij het gelooft, maar weet dat ik niet Richard III ben. Dus, in zekere zin, ondanks alle beelden en muziek om ons heen, gaan mensen nu meer dan ooit naar live-voorstellingen, wat het ook is, omdat het onvoorspelbaar is. De beste weergave hiervan is de volgende.<\/p>\n<article class=\"article-quote article-quote--middle-quote\">\n<h3>\u201c&quot;Het lijkt me dat de mate van domheid de afgelopen jaren wereldwijd exponentieel is toegenomen. Te beginnen bij degenen die ons dit sturen.&quot;\u201d<\/h3>\n<\/article>\n<p class=\"article-body__text question-answers__question\">Televisieseries hebben het vak de afgelopen jaren een frisse wind laten waaien. Je bent aan boord met Antonio Resines in<em> Onze excuses voor het ongemak.<\/em>, waarvan het tweede seizoen donderdag in premi\u00e8re ging. Hij lijkt een beetje sceptisch over de wereld van het imago.<\/p>\n<p class=\"article-body__text question-answers__answer\">Geen schijn van kans. De ervaring is erg goed geweest. Als ze me films aanbieden en mijn agenten zeggen dat ik er wat geld voor krijg, dan accepteer ik dat, maar vaak ben ik niet ge\u00efnteresseerd. Ik ben een schutter. Nu ga ik filmen met Mart\u00ednez L\u00e1zaro en ik ben gewend aan het schrappen van rollen, aan dingen waar veel werk in is gestoken die uiteindelijk niet doorgaan of aan films die niet worden uitgebracht. Dus ik heb een zekere afstand. Het is weer iets anders om met vrienden te werken. Juan Cavestany en \u00c1lvaro Fern\u00e1ndez Armero hebben deze serie min of meer op bestelling bedacht, omdat ik van muziek houd en een script wilde over een orkestdirigent. Ze belden me om te zeggen dat ze het verhaal van een orkestdirigent hadden bedacht en ik was blij... maar het was niet de rol voor mij, het was voor Resines (lacht). Werken met vrienden is heel anders, het is geweldig, maar het gebeurt niet altijd en er is geen andere optie dan dingen te accepteren.<\/p>\n<article class=\"article-photo article-photo--\" wp_automatic_readability=\"28\">\n    <!-- \/.multimedia-block__element --><\/p>\n<p class=\"article-photo__footer\">\n            <em>Miguel Rell\u00e1n, in het toneelstuk &quot;Return Home&quot;.<\/em>                    <\/p>\n<p><!-- \/.article-photo__footer --><br \/>\n    <\/article>\n<p><!-- \/.article-photo article-photo-- --><\/p>\n<p class=\"article-body__text question-answers__question\">Wie zou je zonder aarzeling benaderen?<\/p>\n<p class=\"article-body__text question-answers__answer\">Toen ik begon, wilde ik alleen maar filmen met Carlos Saura of Manuel Guti\u00e9rrez Arag\u00f3n, en in het theater met Nuria Espert en Adolfo Marsillach. Ik was enorm ambitieus, totdat ik me realiseerde dat ik alles moest doen. Hoe dan ook, ik kijk de films achteraf niet terug. Ik weet ook heel goed nee te zeggen. Maar in de film- en televisiewereld betaal ik, als ze me betalen; in het theater niet. Theater is heel zwaar, je moet veel discipline hebben, het is een school voor de mens; je leert gul te zijn naar anderen en van anderen om gul naar jou te zijn, je verliest je verlegenheid, je leert in een team te werken en je doet veel cultuur op. Je moet ook je partners heel zorgvuldig kiezen, want je hebt een relatie voor twee jaar met wie je moet samenleven.<\/p>\n<p class=\"article-body__text question-answers__question\">Is de manier waarop films en series worden gemaakt de laatste jaren erg veranderd?<\/p>\n<p class=\"article-body__text question-answers__answer\">Technisch gezien is het overduidelijk. De kabels zijn verdwenen. Maar ik heb niet de indruk dat er nu betere films en series worden gemaakt. Iemand die verantwoordelijk is voor een platform vertelde me dat de kwaliteit voor het publiek waar het platform zich op richt, opnieuw achteruitgaat. Ik heb de indruk dat alles al gezegd is.<em> De Odyssee<\/em>, Homerus vertelde het hele verhaal, en Shakespeare maakte het af. Het hangt er dus vanaf hoe je het vertelt.<\/p>\n<article class=\"article-quote article-quote--middle-quote\">\n<h3>\u201c&quot;Theater is een leugen die je met de toeschouwer aangaat; ik doe alsof ik iemand anders ben, en de toeschouwer doet alsof hij het gelooft.&quot;\u201d<\/h3>\n<\/article>\n<p class=\"article-body__text question-answers__question\">Hij won een Goya voor <em>mijn tante<\/em> In 1986. Speel je geen andere spellen meer?<\/p>\n<p class=\"article-body__text question-answers__answer\">Tja, ik weet het niet. Ik heb veel prijzen gewonnen, maar ik houd ook een zekere afstand tot prijzen. Tenzij je me van het tegendeel overtuigt, zijn prijzen er om iets te promoten. Je kunt meten wie het hoogst springt, maar hoe meet je of de ene acteur beter is dan de andere? Als ik er een ontvang, en dat gebeurt vaak in mijn carri\u00e8re \u2013 ik heb het vaak over Camus, die zei dat als je je consequent aan een artistieke discipline wijdt, je vroeg of laat een prijs zult ontvangen; het lastige is om hem te verdienen. Ik heb er veel die ik niet verdien, en andere die ik wel verdien, heb ik niet gekregen.<\/p>\n<p class=\"article-body__text question-answers__question\">Een acteur heeft geen leeftijdsgrens voor zijn pensioen, omdat er in een film, toneelstuk of serie personages uit alle generaties voorkomen. Denk je wel eens aan dat moment?<\/p>\n<p class=\"article-body__text question-answers__answer\">Nee. Gaat iemand die zich aan een creatieve activiteit wijdt ooit met pensioen? Dichters? Schrijvers? Dansers, omdat ze hun benen niet meer kunnen optillen, maar waarom gaat Vargas Llosa niet met pensioen? In dit werk neemt je gezondheid de dag af waarop je iets verdient, en je bent eigenlijk een beetje dom omdat je geen andere keus hebt. Chaplin zei dat er in dit leven alleen tijd is om amateur te zijn.<\/p>\n<article class=\"article-photo article-photo--\" wp_automatic_readability=\"28\">\n    <!-- \/.multimedia-block__element --><\/p>\n<p class=\"article-photo__footer\">\n            <em>Acteurs Antonio Resines en Miguel Rell\u00e1n, in &quot;Sorry voor het ongemak&quot;.<\/em>            <span>XP\/MOVISTAR+<\/span>        <\/p>\n<p><!-- \/.article-photo__footer --><br \/>\n    <\/article>\n<p><!-- \/.article-photo article-photo-- --><\/p>\n<p class=\"article-body__text question-answers__question\">Het kunstenaarsstatuut werd een paar weken geleden goedgekeurd. Zal er een verschil zijn tussen de situatie voor en na deze goedkeuring in de sector?<\/p>\n<p class=\"article-body__text question-answers__answer\">Nou, ik ken hem niet. Zoals El Brujo al zei, het is alsof ze een ridderlijke status cre\u00ebren. Wat willen ze nou? Dat werklozen een uitkering krijgen? Ten eerste zijn er veel acteurs die werkloos zijn omdat ze het verdienen, omdat ze slecht zijn, omdat ze geen professionals zijn, ze zijn gewoon knap. Er zijn gekloonde en inwisselbare actrices die alleen maar ge\u00efnteresseerd zijn in beroemd worden. En daar hebben ze alle recht toe. Films en televisie maken is heel makkelijk, je tekst opzeggen \u2013 en tegenwoordig zelfs dat niet meer, want je spreekt niet \u2013 en niet over de meubels struikelen, dat is makkelijk. Ik heb een heleboel prachtige lijken gezien die de wereld zouden verslinden. Maar acteur zijn is iets heel anders.<\/p>\n<article class=\"article-quote article-quote--middle-quote\">\n<h3>\u201c&quot;Er zijn veel acteurs die werkloos zijn omdat ze het verdienen, omdat ze slecht zijn, omdat ze niet professioneel zijn, ze zijn gewoon knap.&quot;\u201d<\/h3>\n<\/article>\n<p class=\"article-body__text question-answers__question\">Als je nu gebeld zou worden om een film, een tv-serie of een toneelstuk te pitchen, wie zou je dan aan de andere kant van de lijn willen horen?<\/p>\n<p class=\"article-body__text question-answers__answer\">Nou ja, voor een vriend. Gelukkig heb ik er veel. Van Fernando Colomo tot David Gal\u00e1n Galindo of Jorge Coira. Bovendien zouden het geweldige projecten zijn. Ik heb meestal geluk. Wat er gebeurt, is dat er af en toe een kind is dat ergens in gelooft. Ik maak veel korte films en er zijn onervaren mensen die denken dat de cinema is begonnen met Tarantino. Ik leer graag, maar het stoort me dat ze me op dit moment lesgeven. Er zijn heel domme mensen en heel intelligente mensen.<\/p>\n<p class=\"article-body__text question-answers__question\">Je studeert geneeskunde. Heb je er ooit aan gedacht dat je je niet beter had kunnen toeleggen op het genezen van het lichaam in plaats van te proberen de ziel te genezen?<\/p>\n<p class=\"article-body__text question-answers__answer\">Ik heb geneeskunde gestudeerd omdat mijn vader arts was. Maar ik heb er nooit spijt van gehad. Man, ik zou wel drie levens willen leiden: \u00e9\u00e9n als dirigent, \u00e9\u00e9n als arts en \u00e9\u00e9n als acteur.<\/p>\n<\/p><\/div>","protected":false},"excerpt":{"rendered":"<p>Estudou medicina e m\u00fasica, mas escolheu viver sendo os outros. Miguel Rell\u00e1n (Tetu\u00e1n, 1943) n\u00e3o parou desde ent\u00e3o de forjar &hellip; <\/p>","protected":false},"author":1,"featured_media":961,"comment_status":"open","ping_status":"open","sticky":false,"template":"","format":"standard","meta":{"fifu_image_url":"https:\/\/estaticos-cdn.prensaiberica.es\/clip\/7901d6f7-7324-4832-a478-48da0818f6a4_16-9-aspect-ratio_default_0.jpg","fifu_image_alt":"","footnotes":""},"categories":[35],"tags":[],"class_list":["post-960","post","type-post","status-publish","format-standard","has-post-thumbnail","hentry","category-cultura-e-lazer","latest_post"],"yoast_head":"<!-- This site is optimized with the Yoast SEO plugin v27.3 - https:\/\/yoast.com\/product\/yoast-seo-wordpress\/ -->\n<title>O ator Miguel Rell\u00e1n se apresenta no Teatro Principal de Alicante - Tirinha.com<\/title>\n<meta name=\"robots\" content=\"index, follow, max-snippet:-1, max-image-preview:large, max-video-preview:-1\" \/>\n<link rel=\"canonical\" href=\"https:\/\/tirinha.com\/nl\/960\/acteur-miguel-rellan-treedt-op-in-het-belangrijkste-theater-van-alicante\/\" \/>\n<meta property=\"og:locale\" content=\"nl_NL\" \/>\n<meta property=\"og:type\" content=\"article\" \/>\n<meta property=\"og:title\" content=\"O ator Miguel Rell\u00e1n se apresenta no Teatro Principal de Alicante - Tirinha.com\" \/>\n<meta property=\"og:description\" content=\"Estudou medicina e m\u00fasica, mas escolheu viver sendo os outros. Miguel Rell\u00e1n (Tetu\u00e1n, 1943) n\u00e3o parou desde ent\u00e3o de forjar &hellip;\" \/>\n<meta property=\"og:url\" content=\"https:\/\/tirinha.com\/nl\/960\/acteur-miguel-rellan-treedt-op-in-het-belangrijkste-theater-van-alicante\/\" \/>\n<meta property=\"og:site_name\" content=\"Tirinha.com\" \/>\n<meta property=\"article:published_time\" content=\"2023-04-03T22:49:35+00:00\" \/>\n<meta property=\"og:image\" content=\"https:\/\/estaticos-cdn.prensaiberica.es\/clip\/7901d6f7-7324-4832-a478-48da0818f6a4_16-9-aspect-ratio_default_0.jpg\" \/>\n<meta name=\"author\" content=\"admin\" \/>\n<meta name=\"twitter:card\" content=\"summary_large_image\" \/>\n<meta name=\"twitter:image\" content=\"https:\/\/estaticos-cdn.prensaiberica.es\/clip\/7901d6f7-7324-4832-a478-48da0818f6a4_16-9-aspect-ratio_default_0.jpg\" \/>\n<meta name=\"twitter:label1\" content=\"Geschreven door\" \/>\n\t<meta name=\"twitter:data1\" content=\"admin\" \/>\n\t<meta name=\"twitter:label2\" content=\"Geschatte leestijd\" \/>\n\t<meta name=\"twitter:data2\" content=\"8 minuten\" \/>\n<script type=\"application\/ld+json\" class=\"yoast-schema-graph\">{\"@context\":\"https:\\\/\\\/schema.org\",\"@graph\":[{\"@type\":\"Article\",\"@id\":\"https:\\\/\\\/tirinha.com\\\/960\\\/o-ator-miguel-rellan-se-apresenta-no-teatro-principal-de-alicante\\\/#article\",\"isPartOf\":{\"@id\":\"https:\\\/\\\/tirinha.com\\\/960\\\/o-ator-miguel-rellan-se-apresenta-no-teatro-principal-de-alicante\\\/\"},\"author\":{\"name\":\"admin\",\"@id\":\"https:\\\/\\\/tirinha.com\\\/#\\\/schema\\\/person\\\/e22bdfbe17e0461f7e927e6a1208d4d9\"},\"headline\":\"O ator Miguel Rell\u00e1n se apresenta no Teatro Principal de Alicante\",\"datePublished\":\"2023-04-03T22:49:35+00:00\",\"mainEntityOfPage\":{\"@id\":\"https:\\\/\\\/tirinha.com\\\/960\\\/o-ator-miguel-rellan-se-apresenta-no-teatro-principal-de-alicante\\\/\"},\"wordCount\":1570,\"commentCount\":0,\"publisher\":{\"@id\":\"https:\\\/\\\/tirinha.com\\\/#organization\"},\"image\":{\"@id\":\"https:\\\/\\\/tirinha.com\\\/960\\\/o-ator-miguel-rellan-se-apresenta-no-teatro-principal-de-alicante\\\/#primaryimage\"},\"thumbnailUrl\":\"https:\\\/\\\/estaticos-cdn.prensaiberica.es\\\/clip\\\/7901d6f7-7324-4832-a478-48da0818f6a4_16-9-aspect-ratio_default_0.jpg\",\"articleSection\":[\"Cultura e lazer\"],\"inLanguage\":\"nl-NL\",\"potentialAction\":[{\"@type\":\"CommentAction\",\"name\":\"Comment\",\"target\":[\"https:\\\/\\\/tirinha.com\\\/960\\\/o-ator-miguel-rellan-se-apresenta-no-teatro-principal-de-alicante\\\/#respond\"]}]},{\"@type\":\"WebPage\",\"@id\":\"https:\\\/\\\/tirinha.com\\\/960\\\/o-ator-miguel-rellan-se-apresenta-no-teatro-principal-de-alicante\\\/\",\"url\":\"https:\\\/\\\/tirinha.com\\\/960\\\/o-ator-miguel-rellan-se-apresenta-no-teatro-principal-de-alicante\\\/\",\"name\":\"O ator Miguel Rell\u00e1n se apresenta no Teatro Principal de Alicante - Tirinha.com\",\"isPartOf\":{\"@id\":\"https:\\\/\\\/tirinha.com\\\/#website\"},\"primaryImageOfPage\":{\"@id\":\"https:\\\/\\\/tirinha.com\\\/960\\\/o-ator-miguel-rellan-se-apresenta-no-teatro-principal-de-alicante\\\/#primaryimage\"},\"image\":{\"@id\":\"https:\\\/\\\/tirinha.com\\\/960\\\/o-ator-miguel-rellan-se-apresenta-no-teatro-principal-de-alicante\\\/#primaryimage\"},\"thumbnailUrl\":\"https:\\\/\\\/estaticos-cdn.prensaiberica.es\\\/clip\\\/7901d6f7-7324-4832-a478-48da0818f6a4_16-9-aspect-ratio_default_0.jpg\",\"datePublished\":\"2023-04-03T22:49:35+00:00\",\"breadcrumb\":{\"@id\":\"https:\\\/\\\/tirinha.com\\\/960\\\/o-ator-miguel-rellan-se-apresenta-no-teatro-principal-de-alicante\\\/#breadcrumb\"},\"inLanguage\":\"nl-NL\",\"potentialAction\":[{\"@type\":\"ReadAction\",\"target\":[\"https:\\\/\\\/tirinha.com\\\/960\\\/o-ator-miguel-rellan-se-apresenta-no-teatro-principal-de-alicante\\\/\"]}]},{\"@type\":\"ImageObject\",\"inLanguage\":\"nl-NL\",\"@id\":\"https:\\\/\\\/tirinha.com\\\/960\\\/o-ator-miguel-rellan-se-apresenta-no-teatro-principal-de-alicante\\\/#primaryimage\",\"url\":\"https:\\\/\\\/estaticos-cdn.prensaiberica.es\\\/clip\\\/7901d6f7-7324-4832-a478-48da0818f6a4_16-9-aspect-ratio_default_0.jpg\",\"contentUrl\":\"https:\\\/\\\/estaticos-cdn.prensaiberica.es\\\/clip\\\/7901d6f7-7324-4832-a478-48da0818f6a4_16-9-aspect-ratio_default_0.jpg\"},{\"@type\":\"BreadcrumbList\",\"@id\":\"https:\\\/\\\/tirinha.com\\\/960\\\/o-ator-miguel-rellan-se-apresenta-no-teatro-principal-de-alicante\\\/#breadcrumb\",\"itemListElement\":[{\"@type\":\"ListItem\",\"position\":1,\"name\":\"Home\",\"item\":\"https:\\\/\\\/tirinha.com\\\/\"},{\"@type\":\"ListItem\",\"position\":2,\"name\":\"O ator Miguel Rell\u00e1n se apresenta no Teatro Principal de Alicante\"}]},{\"@type\":\"WebSite\",\"@id\":\"https:\\\/\\\/tirinha.com\\\/#website\",\"url\":\"https:\\\/\\\/tirinha.com\\\/\",\"name\":\"Tirinha.com\",\"description\":\"Arte e livros resenhas\",\"publisher\":{\"@id\":\"https:\\\/\\\/tirinha.com\\\/#organization\"},\"potentialAction\":[{\"@type\":\"SearchAction\",\"target\":{\"@type\":\"EntryPoint\",\"urlTemplate\":\"https:\\\/\\\/tirinha.com\\\/?s={search_term_string}\"},\"query-input\":{\"@type\":\"PropertyValueSpecification\",\"valueRequired\":true,\"valueName\":\"search_term_string\"}}],\"inLanguage\":\"nl-NL\"},{\"@type\":\"Organization\",\"@id\":\"https:\\\/\\\/tirinha.com\\\/#organization\",\"name\":\"Tirinha.com\",\"url\":\"https:\\\/\\\/tirinha.com\\\/\",\"logo\":{\"@type\":\"ImageObject\",\"inLanguage\":\"nl-NL\",\"@id\":\"https:\\\/\\\/tirinha.com\\\/#\\\/schema\\\/logo\\\/image\\\/\",\"url\":\"https:\\\/\\\/tirinha.com\\\/wp-content\\\/uploads\\\/2023\\\/08\\\/cropped-Logo-Tirinha.webp\",\"contentUrl\":\"https:\\\/\\\/tirinha.com\\\/wp-content\\\/uploads\\\/2023\\\/08\\\/cropped-Logo-Tirinha.webp\",\"width\":512,\"height\":512,\"caption\":\"Tirinha.com\"},\"image\":{\"@id\":\"https:\\\/\\\/tirinha.com\\\/#\\\/schema\\\/logo\\\/image\\\/\"}},{\"@type\":\"Person\",\"@id\":\"https:\\\/\\\/tirinha.com\\\/#\\\/schema\\\/person\\\/e22bdfbe17e0461f7e927e6a1208d4d9\",\"name\":\"admin\",\"image\":{\"@type\":\"ImageObject\",\"inLanguage\":\"nl-NL\",\"@id\":\"https:\\\/\\\/tirinha.com\\\/wp-content\\\/litespeed\\\/avatar\\\/d0068f7931cc87d7274eb0c3db1deb4b.jpg?ver=1776829466\",\"url\":\"https:\\\/\\\/tirinha.com\\\/wp-content\\\/litespeed\\\/avatar\\\/d0068f7931cc87d7274eb0c3db1deb4b.jpg?ver=1776829466\",\"contentUrl\":\"https:\\\/\\\/tirinha.com\\\/wp-content\\\/litespeed\\\/avatar\\\/d0068f7931cc87d7274eb0c3db1deb4b.jpg?ver=1776829466\",\"caption\":\"admin\"},\"sameAs\":[\"https:\\\/\\\/tirinha.com\"],\"url\":\"https:\\\/\\\/tirinha.com\\\/nl\\\/author\\\/admin\\\/\"}]}<\/script>\n<!-- \/ Yoast SEO plugin. -->","yoast_head_json":{"title":"Acteur Miguel Rell\u00e1n treedt op in het Teatro Principal in Alicante - Tirinha.com","robots":{"index":"index","follow":"follow","max-snippet":"max-snippet:-1","max-image-preview":"max-image-preview:large","max-video-preview":"max-video-preview:-1"},"canonical":"https:\/\/tirinha.com\/nl\/960\/acteur-miguel-rellan-treedt-op-in-het-belangrijkste-theater-van-alicante\/","og_locale":"nl_NL","og_type":"article","og_title":"O ator Miguel Rell\u00e1n se apresenta no Teatro Principal de Alicante - Tirinha.com","og_description":"Estudou medicina e m\u00fasica, mas escolheu viver sendo os outros. Miguel Rell\u00e1n (Tetu\u00e1n, 1943) n\u00e3o parou desde ent\u00e3o de forjar &hellip;","og_url":"https:\/\/tirinha.com\/nl\/960\/acteur-miguel-rellan-treedt-op-in-het-belangrijkste-theater-van-alicante\/","og_site_name":"Tirinha.com","article_published_time":"2023-04-03T22:49:35+00:00","og_image":[{"url":"https:\/\/estaticos-cdn.prensaiberica.es\/clip\/7901d6f7-7324-4832-a478-48da0818f6a4_16-9-aspect-ratio_default_0.jpg","type":"","width":"","height":""}],"author":"admin","twitter_card":"summary_large_image","twitter_image":"https:\/\/estaticos-cdn.prensaiberica.es\/clip\/7901d6f7-7324-4832-a478-48da0818f6a4_16-9-aspect-ratio_default_0.jpg","twitter_misc":{"Geschreven door":"admin","Geschatte leestijd":"8 minuten"},"schema":{"@context":"https:\/\/schema.org","@graph":[{"@type":"Article","@id":"https:\/\/tirinha.com\/960\/o-ator-miguel-rellan-se-apresenta-no-teatro-principal-de-alicante\/#article","isPartOf":{"@id":"https:\/\/tirinha.com\/960\/o-ator-miguel-rellan-se-apresenta-no-teatro-principal-de-alicante\/"},"author":{"name":"admin","@id":"https:\/\/tirinha.com\/#\/schema\/person\/e22bdfbe17e0461f7e927e6a1208d4d9"},"headline":"O ator Miguel Rell\u00e1n se apresenta no Teatro Principal de Alicante","datePublished":"2023-04-03T22:49:35+00:00","mainEntityOfPage":{"@id":"https:\/\/tirinha.com\/960\/o-ator-miguel-rellan-se-apresenta-no-teatro-principal-de-alicante\/"},"wordCount":1570,"commentCount":0,"publisher":{"@id":"https:\/\/tirinha.com\/#organization"},"image":{"@id":"https:\/\/tirinha.com\/960\/o-ator-miguel-rellan-se-apresenta-no-teatro-principal-de-alicante\/#primaryimage"},"thumbnailUrl":"https:\/\/estaticos-cdn.prensaiberica.es\/clip\/7901d6f7-7324-4832-a478-48da0818f6a4_16-9-aspect-ratio_default_0.jpg","articleSection":["Cultura e lazer"],"inLanguage":"nl-NL","potentialAction":[{"@type":"CommentAction","name":"Comment","target":["https:\/\/tirinha.com\/960\/o-ator-miguel-rellan-se-apresenta-no-teatro-principal-de-alicante\/#respond"]}]},{"@type":"WebPage","@id":"https:\/\/tirinha.com\/960\/o-ator-miguel-rellan-se-apresenta-no-teatro-principal-de-alicante\/","url":"https:\/\/tirinha.com\/960\/o-ator-miguel-rellan-se-apresenta-no-teatro-principal-de-alicante\/","name":"Acteur Miguel Rell\u00e1n treedt op in het Teatro Principal in Alicante - Tirinha.com","isPartOf":{"@id":"https:\/\/tirinha.com\/#website"},"primaryImageOfPage":{"@id":"https:\/\/tirinha.com\/960\/o-ator-miguel-rellan-se-apresenta-no-teatro-principal-de-alicante\/#primaryimage"},"image":{"@id":"https:\/\/tirinha.com\/960\/o-ator-miguel-rellan-se-apresenta-no-teatro-principal-de-alicante\/#primaryimage"},"thumbnailUrl":"https:\/\/estaticos-cdn.prensaiberica.es\/clip\/7901d6f7-7324-4832-a478-48da0818f6a4_16-9-aspect-ratio_default_0.jpg","datePublished":"2023-04-03T22:49:35+00:00","breadcrumb":{"@id":"https:\/\/tirinha.com\/960\/o-ator-miguel-rellan-se-apresenta-no-teatro-principal-de-alicante\/#breadcrumb"},"inLanguage":"nl-NL","potentialAction":[{"@type":"ReadAction","target":["https:\/\/tirinha.com\/960\/o-ator-miguel-rellan-se-apresenta-no-teatro-principal-de-alicante\/"]}]},{"@type":"ImageObject","inLanguage":"nl-NL","@id":"https:\/\/tirinha.com\/960\/o-ator-miguel-rellan-se-apresenta-no-teatro-principal-de-alicante\/#primaryimage","url":"https:\/\/estaticos-cdn.prensaiberica.es\/clip\/7901d6f7-7324-4832-a478-48da0818f6a4_16-9-aspect-ratio_default_0.jpg","contentUrl":"https:\/\/estaticos-cdn.prensaiberica.es\/clip\/7901d6f7-7324-4832-a478-48da0818f6a4_16-9-aspect-ratio_default_0.jpg"},{"@type":"BreadcrumbList","@id":"https:\/\/tirinha.com\/960\/o-ator-miguel-rellan-se-apresenta-no-teatro-principal-de-alicante\/#breadcrumb","itemListElement":[{"@type":"ListItem","position":1,"name":"Home","item":"https:\/\/tirinha.com\/"},{"@type":"ListItem","position":2,"name":"O ator Miguel Rell\u00e1n se apresenta no Teatro Principal de Alicante"}]},{"@type":"WebSite","@id":"https:\/\/tirinha.com\/#website","url":"https:\/\/tirinha.com\/","name":"Tirinha.com","description":"Kunst- en boekrecensies","publisher":{"@id":"https:\/\/tirinha.com\/#organization"},"potentialAction":[{"@type":"SearchAction","target":{"@type":"EntryPoint","urlTemplate":"https:\/\/tirinha.com\/?s={search_term_string}"},"query-input":{"@type":"PropertyValueSpecification","valueRequired":true,"valueName":"search_term_string"}}],"inLanguage":"nl-NL"},{"@type":"Organization","@id":"https:\/\/tirinha.com\/#organization","name":"Tirinha.com","url":"https:\/\/tirinha.com\/","logo":{"@type":"ImageObject","inLanguage":"nl-NL","@id":"https:\/\/tirinha.com\/#\/schema\/logo\/image\/","url":"https:\/\/tirinha.com\/wp-content\/uploads\/2023\/08\/cropped-Logo-Tirinha.webp","contentUrl":"https:\/\/tirinha.com\/wp-content\/uploads\/2023\/08\/cropped-Logo-Tirinha.webp","width":512,"height":512,"caption":"Tirinha.com"},"image":{"@id":"https:\/\/tirinha.com\/#\/schema\/logo\/image\/"}},{"@type":"Person","@id":"https:\/\/tirinha.com\/#\/schema\/person\/e22bdfbe17e0461f7e927e6a1208d4d9","name":"beheerder","image":{"@type":"ImageObject","inLanguage":"nl-NL","@id":"https:\/\/tirinha.com\/wp-content\/litespeed\/avatar\/d0068f7931cc87d7274eb0c3db1deb4b.jpg?ver=1776829466","url":"https:\/\/tirinha.com\/wp-content\/litespeed\/avatar\/d0068f7931cc87d7274eb0c3db1deb4b.jpg?ver=1776829466","contentUrl":"https:\/\/tirinha.com\/wp-content\/litespeed\/avatar\/d0068f7931cc87d7274eb0c3db1deb4b.jpg?ver=1776829466","caption":"admin"},"sameAs":["https:\/\/tirinha.com"],"url":"https:\/\/tirinha.com\/nl\/author\/admin\/"}]}},"_links":{"self":[{"href":"https:\/\/tirinha.com\/nl\/wp-json\/wp\/v2\/posts\/960","targetHints":{"allow":["GET"]}}],"collection":[{"href":"https:\/\/tirinha.com\/nl\/wp-json\/wp\/v2\/posts"}],"about":[{"href":"https:\/\/tirinha.com\/nl\/wp-json\/wp\/v2\/types\/post"}],"author":[{"embeddable":true,"href":"https:\/\/tirinha.com\/nl\/wp-json\/wp\/v2\/users\/1"}],"replies":[{"embeddable":true,"href":"https:\/\/tirinha.com\/nl\/wp-json\/wp\/v2\/comments?post=960"}],"version-history":[{"count":0,"href":"https:\/\/tirinha.com\/nl\/wp-json\/wp\/v2\/posts\/960\/revisions"}],"wp:featuredmedia":[{"embeddable":true,"href":"https:\/\/tirinha.com\/nl\/wp-json\/wp\/v2\/media\/961"}],"wp:attachment":[{"href":"https:\/\/tirinha.com\/nl\/wp-json\/wp\/v2\/media?parent=960"}],"wp:term":[{"taxonomy":"category","embeddable":true,"href":"https:\/\/tirinha.com\/nl\/wp-json\/wp\/v2\/categories?post=960"},{"taxonomy":"post_tag","embeddable":true,"href":"https:\/\/tirinha.com\/nl\/wp-json\/wp\/v2\/tags?post=960"}],"curies":[{"name":"wp","href":"https:\/\/api.w.org\/{rel}","templated":true}]}}