{"id":925,"date":"2023-04-03T17:35:40","date_gmt":"2023-04-03T17:35:40","guid":{"rendered":"https:\/\/tirinha.com\/fuenlabrada-a-cidade-vira-rock-carlos-escobedo-carino-e-ruben-del-pozo\/"},"modified":"2023-04-03T17:35:40","modified_gmt":"2023-04-03T17:35:40","slug":"fuenlabrada-de-stad-verandert-in-rock-carlos-escobedo-carino-en-ruben-del-pozo","status":"publish","type":"post","link":"https:\/\/tirinha.com\/nl\/925\/fuenlabrada-a-cidade-vira-rock-carlos-escobedo-carino-e-ruben-del-pozo\/","title":{"rendered":"FUENLABRADA\/ De stad verandert in rock: Carlos Escobedo, &#039;Cari\u00f1o&#039; en Rub\u00e9n del Pozo"},"content":{"rendered":"<p><\/p>\n<div>\n<p>De stad Fuenlabrada is dit weekend gastheer voor de eerste editie van een nieuw festival: <strong>Het Sterrenfestival<\/strong>die op 24, 25 en 26 maart in Casa da M\u00fasica te zien is met drie optredens van de artiesten. <strong>Carlos Escobedo<\/strong>, <strong>Lieve Ruben Pozo<\/strong> en de bands uit Fuenlabre, &#039;Popdata&#039; en A Tiro.  <\/p>\n<p>In Fuenlabrada opent het Carlos Escobedo-festival met &#039;En estado puro&#039;. Het vindt plaats op vrijdag 24 maart om 22.00 uur. Escobedo is een rockicoon, een gerenommeerd muzikant en zanger van bands zoals... <strong>Nuchter of Habeas Corpus<\/strong>. &#039;En estado puro&#039; is een nieuw project, een akoestische, warme en intieme enscenering.    <\/p>\n<aside class=\"scaip scaip-1\">\n\t\t<\/aside>\n<p>Op zaterdag 25 mei is het de beurt aan &#039;Cari\u00f1o&#039; en de Fuenlabre-band &#039;PopData&#039;. Casa de la M\u00fasica is de locatie voor het optreden van deze Spaanse indiepopband, bestaande uit...<strong> Paola Rivero, Alicia Ros en Maria Talaverano.<\/strong> Ondertussen presenteert Popdata de Fuenlabre ons hun persoonlijke teksten waarmee ze deze nieuwe wereld willen weerspiegelen.  <\/p>\n<figure class=\"wp-block-image size-large\"><img fetchpriority=\"high\" decoding=\"async\" width=\"780\" height=\"446\" alt=\"Muurschildering in het Huis van de Muziek\" class=\"wp-image-379597 jetpack-lazy-image\" data-recalc-dims=\"1\" srcset=\"https:\/\/i0.wp.com\/noticiasparamunicipios.com\/wp-content\/uploads\/2023\/02\/MURAL-CASA-DE-LA-MUSICA-INSTANTE-CONCIERTO-1.png?resize=1024%2C585&amp;ssl=1 1024w, https:\/\/i0.wp.com\/noticiasparamunicipios.com\/wp-content\/uploads\/2023\/02\/MURAL-CASA-DE-LA-MUSICA-INSTANTE-CONCIERTO-1.png?resize=300%2C171&amp;ssl=1 300w, https:\/\/i0.wp.com\/noticiasparamunicipios.com\/wp-content\/uploads\/2023\/02\/MURAL-CASA-DE-LA-MUSICA-INSTANTE-CONCIERTO-1.png?resize=768%2C438&amp;ssl=1 768w, https:\/\/i0.wp.com\/noticiasparamunicipios.com\/wp-content\/uploads\/2023\/02\/MURAL-CASA-DE-LA-MUSICA-INSTANTE-CONCIERTO-1.png?resize=1200%2C685&amp;ssl=1 1200w, https:\/\/i0.wp.com\/noticiasparamunicipios.com\/wp-content\/uploads\/2023\/02\/MURAL-CASA-DE-LA-MUSICA-INSTANTE-CONCIERTO-1.png?resize=400%2C228&amp;ssl=1 400w, https:\/\/i0.wp.com\/noticiasparamunicipios.com\/wp-content\/uploads\/2023\/02\/MURAL-CASA-DE-LA-MUSICA-INSTANTE-CONCIERTO-1.png?w=1433&amp;ssl=1 1433w\" data-lazy-sizes=\"(max-width: 780px) 100vw, 780px\" src=\"https:\/\/i0.wp.com\/noticiasparamunicipios.com\/wp-content\/uploads\/2023\/02\/MURAL-CASA-DE-LA-MUSICA-INSTANTE-CONCIERTO-1.png?resize=780%2C446&amp;is-pending-load=1#038;ssl=1\"\/><noscript><img data-lazy-fallback=\"1\" decoding=\"async\" width=\"780\" height=\"446\" src=\"https:\/\/i0.wp.com\/noticiasparamunicipios.com\/wp-content\/uploads\/2023\/02\/MURAL-CASA-DE-LA-MUSICA-INSTANTE-CONCIERTO-1.png?resize=780%2C446&amp;ssl=1\" alt=\"muurschildering van het muziekhuis\" class=\"wp-image-379597\" srcset=\"https:\/\/i0.wp.com\/noticiasparamunicipios.com\/wp-content\/uploads\/2023\/02\/MURAL-CASA-DE-LA-MUSICA-INSTANTE-CONCIERTO-1.png?resize=1024%2C585&amp;ssl=1 1024w, https:\/\/i0.wp.com\/noticiasparamunicipios.com\/wp-content\/uploads\/2023\/02\/MURAL-CASA-DE-LA-MUSICA-INSTANTE-CONCIERTO-1.png?resize=300%2C171&amp;ssl=1 300w, https:\/\/i0.wp.com\/noticiasparamunicipios.com\/wp-content\/uploads\/2023\/02\/MURAL-CASA-DE-LA-MUSICA-INSTANTE-CONCIERTO-1.png?resize=768%2C438&amp;ssl=1 768w, https:\/\/i0.wp.com\/noticiasparamunicipios.com\/wp-content\/uploads\/2023\/02\/MURAL-CASA-DE-LA-MUSICA-INSTANTE-CONCIERTO-1.png?resize=1200%2C685&amp;ssl=1 1200w, https:\/\/i0.wp.com\/noticiasparamunicipios.com\/wp-content\/uploads\/2023\/02\/MURAL-CASA-DE-LA-MUSICA-INSTANTE-CONCIERTO-1.png?resize=400%2C228&amp;ssl=1 400w, https:\/\/i0.wp.com\/noticiasparamunicipios.com\/wp-content\/uploads\/2023\/02\/MURAL-CASA-DE-LA-MUSICA-INSTANTE-CONCIERTO-1.png?w=1433&amp;ssl=1 1433w\" sizes=\"(max-width: 780px) 100vw, 780px\" data-recalc-dims=\"1\"\/><\/noscript><figcaption class=\"wp-element-caption\">Het Huis van Muziek, Fuenlabrada.<\/figcaption><\/figure>\n<p>En zo eindigt het weekend. <strong>Ruben del Pozo<\/strong>, Tiro treedt zondag om 20:30 uur op. Hij is een muzikant met meer dan 25 jaar ervaring en heeft gespeeld met bands als Pereza en Buenas Noches Rose. &#039;Vampire&#039; is zijn meest recente album. Tiro neemt ons mee naar de puurste rock-&#039;n-roll.    <\/p>\n<p>Afgelopen januari bezochten meer dan 2000 mensen de zeven concerten die tijdens het evenement werden georganiseerd. <strong>Winterfest in Fuenlabrada. <\/strong>Bovendien verschijnt in juni een nieuwe editie van <strong> rockfestival<\/strong>. Het &#039;Switch On Madrid&#039; Urban Culture Festival is een van de muzikale evenementen in Madrid die binnenkort ook in Fuenlabrada zal plaatsvinden.   <\/p>\n<aside class=\"scaip scaip-2\">\n\t\t<\/aside>\n<p>\u201c&quot;Dit soort culturele initiatieven past perfect in Fuenlabrada, een stad waar 351% van de bevolking jonger is dan 35 jaar en die beschikt over een sterk aanbod aan vrijetijds- en opleidingsprogramma&#039;s, evenals voorzieningen die specifiek op jongeren gericht zijn,&quot; aldus de wethouder voor Jeugd en Kinderen.,<strong> Beatriz Penalver.   <\/strong><\/p>\n<p><h3 class=\"jp-relatedposts-headline\"><em>Verwant<\/em><\/h3>\n<\/p><\/div>","protected":false},"excerpt":{"rendered":"<p>A cidade de Fuenlabrada recebe neste fim de semana a primeira edi\u00e7\u00e3o de um novo festival: O Festival das Estrelasque &hellip; <\/p>","protected":false},"author":1,"featured_media":926,"comment_status":"open","ping_status":"open","sticky":false,"template":"","format":"standard","meta":{"fifu_image_url":"https:\/\/noticiasparamunicipios.com\/wp-content\/uploads\/2023\/03\/Carlos-Escobedo.jpg","fifu_image_alt":"","footnotes":""},"categories":[35],"tags":[],"class_list":["post-925","post","type-post","status-publish","format-standard","has-post-thumbnail","hentry","category-cultura-e-lazer","latest_post"],"yoast_head":"<!-- This site is optimized with the Yoast SEO plugin v27.3 - https:\/\/yoast.com\/product\/yoast-seo-wordpress\/ -->\n<title>FUENLABRADA\/ A cidade vira rock: Carlos Escobedo, &#039;Cari\u00f1o&#039; e Rub\u00e9n del Pozo - Tirinha.com<\/title>\n<meta name=\"robots\" content=\"index, follow, max-snippet:-1, max-image-preview:large, max-video-preview:-1\" \/>\n<link rel=\"canonical\" href=\"https:\/\/tirinha.com\/nl\/925\/fuenlabrada-de-stad-verandert-in-rock-carlos-escobedo-carino-en-ruben-del-pozo\/\" \/>\n<meta property=\"og:locale\" content=\"nl_NL\" \/>\n<meta property=\"og:type\" content=\"article\" \/>\n<meta property=\"og:title\" content=\"FUENLABRADA\/ A cidade vira rock: Carlos Escobedo, &#039;Cari\u00f1o&#039; e Rub\u00e9n del Pozo - Tirinha.com\" \/>\n<meta property=\"og:description\" content=\"A cidade de Fuenlabrada recebe neste fim de semana a primeira edi\u00e7\u00e3o de um novo festival: O Festival das Estrelasque &hellip;\" \/>\n<meta property=\"og:url\" content=\"https:\/\/tirinha.com\/nl\/925\/fuenlabrada-de-stad-verandert-in-rock-carlos-escobedo-carino-en-ruben-del-pozo\/\" \/>\n<meta property=\"og:site_name\" content=\"Tirinha.com\" \/>\n<meta property=\"article:published_time\" content=\"2023-04-03T17:35:40+00:00\" \/>\n<meta property=\"og:image\" content=\"https:\/\/noticiasparamunicipios.com\/wp-content\/uploads\/2023\/03\/Carlos-Escobedo.jpg\" \/>\n<meta name=\"author\" content=\"admin\" \/>\n<meta name=\"twitter:card\" content=\"summary_large_image\" \/>\n<meta name=\"twitter:image\" content=\"https:\/\/noticiasparamunicipios.com\/wp-content\/uploads\/2023\/03\/Carlos-Escobedo.jpg\" \/>\n<meta name=\"twitter:label1\" content=\"Geschreven door\" \/>\n\t<meta name=\"twitter:data1\" content=\"admin\" \/>\n\t<meta name=\"twitter:label2\" content=\"Geschatte leestijd\" \/>\n\t<meta name=\"twitter:data2\" content=\"2 minuten\" \/>\n<script type=\"application\/ld+json\" class=\"yoast-schema-graph\">{\"@context\":\"https:\\\/\\\/schema.org\",\"@graph\":[{\"@type\":\"Article\",\"@id\":\"https:\\\/\\\/tirinha.com\\\/925\\\/fuenlabrada-a-cidade-vira-rock-carlos-escobedo-carino-e-ruben-del-pozo\\\/#article\",\"isPartOf\":{\"@id\":\"https:\\\/\\\/tirinha.com\\\/925\\\/fuenlabrada-a-cidade-vira-rock-carlos-escobedo-carino-e-ruben-del-pozo\\\/\"},\"author\":{\"name\":\"admin\",\"@id\":\"https:\\\/\\\/tirinha.com\\\/#\\\/schema\\\/person\\\/e22bdfbe17e0461f7e927e6a1208d4d9\"},\"headline\":\"FUENLABRADA\\\/ A cidade vira rock: Carlos Escobedo, &#8216;Cari\u00f1o&#8217; e Rub\u00e9n del Pozo\",\"datePublished\":\"2023-04-03T17:35:40+00:00\",\"mainEntityOfPage\":{\"@id\":\"https:\\\/\\\/tirinha.com\\\/925\\\/fuenlabrada-a-cidade-vira-rock-carlos-escobedo-carino-e-ruben-del-pozo\\\/\"},\"wordCount\":339,\"commentCount\":0,\"publisher\":{\"@id\":\"https:\\\/\\\/tirinha.com\\\/#organization\"},\"image\":{\"@id\":\"https:\\\/\\\/tirinha.com\\\/925\\\/fuenlabrada-a-cidade-vira-rock-carlos-escobedo-carino-e-ruben-del-pozo\\\/#primaryimage\"},\"thumbnailUrl\":\"https:\\\/\\\/noticiasparamunicipios.com\\\/wp-content\\\/uploads\\\/2023\\\/03\\\/Carlos-Escobedo.jpg\",\"articleSection\":[\"Cultura e lazer\"],\"inLanguage\":\"nl-NL\",\"potentialAction\":[{\"@type\":\"CommentAction\",\"name\":\"Comment\",\"target\":[\"https:\\\/\\\/tirinha.com\\\/925\\\/fuenlabrada-a-cidade-vira-rock-carlos-escobedo-carino-e-ruben-del-pozo\\\/#respond\"]}]},{\"@type\":\"WebPage\",\"@id\":\"https:\\\/\\\/tirinha.com\\\/925\\\/fuenlabrada-a-cidade-vira-rock-carlos-escobedo-carino-e-ruben-del-pozo\\\/\",\"url\":\"https:\\\/\\\/tirinha.com\\\/925\\\/fuenlabrada-a-cidade-vira-rock-carlos-escobedo-carino-e-ruben-del-pozo\\\/\",\"name\":\"FUENLABRADA\\\/ A cidade vira rock: Carlos Escobedo, 'Cari\u00f1o' e Rub\u00e9n del Pozo - Tirinha.com\",\"isPartOf\":{\"@id\":\"https:\\\/\\\/tirinha.com\\\/#website\"},\"primaryImageOfPage\":{\"@id\":\"https:\\\/\\\/tirinha.com\\\/925\\\/fuenlabrada-a-cidade-vira-rock-carlos-escobedo-carino-e-ruben-del-pozo\\\/#primaryimage\"},\"image\":{\"@id\":\"https:\\\/\\\/tirinha.com\\\/925\\\/fuenlabrada-a-cidade-vira-rock-carlos-escobedo-carino-e-ruben-del-pozo\\\/#primaryimage\"},\"thumbnailUrl\":\"https:\\\/\\\/noticiasparamunicipios.com\\\/wp-content\\\/uploads\\\/2023\\\/03\\\/Carlos-Escobedo.jpg\",\"datePublished\":\"2023-04-03T17:35:40+00:00\",\"breadcrumb\":{\"@id\":\"https:\\\/\\\/tirinha.com\\\/925\\\/fuenlabrada-a-cidade-vira-rock-carlos-escobedo-carino-e-ruben-del-pozo\\\/#breadcrumb\"},\"inLanguage\":\"nl-NL\",\"potentialAction\":[{\"@type\":\"ReadAction\",\"target\":[\"https:\\\/\\\/tirinha.com\\\/925\\\/fuenlabrada-a-cidade-vira-rock-carlos-escobedo-carino-e-ruben-del-pozo\\\/\"]}]},{\"@type\":\"ImageObject\",\"inLanguage\":\"nl-NL\",\"@id\":\"https:\\\/\\\/tirinha.com\\\/925\\\/fuenlabrada-a-cidade-vira-rock-carlos-escobedo-carino-e-ruben-del-pozo\\\/#primaryimage\",\"url\":\"https:\\\/\\\/noticiasparamunicipios.com\\\/wp-content\\\/uploads\\\/2023\\\/03\\\/Carlos-Escobedo.jpg\",\"contentUrl\":\"https:\\\/\\\/noticiasparamunicipios.com\\\/wp-content\\\/uploads\\\/2023\\\/03\\\/Carlos-Escobedo.jpg\"},{\"@type\":\"BreadcrumbList\",\"@id\":\"https:\\\/\\\/tirinha.com\\\/925\\\/fuenlabrada-a-cidade-vira-rock-carlos-escobedo-carino-e-ruben-del-pozo\\\/#breadcrumb\",\"itemListElement\":[{\"@type\":\"ListItem\",\"position\":1,\"name\":\"Home\",\"item\":\"https:\\\/\\\/tirinha.com\\\/\"},{\"@type\":\"ListItem\",\"position\":2,\"name\":\"FUENLABRADA\\\/ A cidade vira rock: Carlos Escobedo, &#8216;Cari\u00f1o&#8217; e Rub\u00e9n del Pozo\"}]},{\"@type\":\"WebSite\",\"@id\":\"https:\\\/\\\/tirinha.com\\\/#website\",\"url\":\"https:\\\/\\\/tirinha.com\\\/\",\"name\":\"Tirinha.com\",\"description\":\"Arte e livros resenhas\",\"publisher\":{\"@id\":\"https:\\\/\\\/tirinha.com\\\/#organization\"},\"potentialAction\":[{\"@type\":\"SearchAction\",\"target\":{\"@type\":\"EntryPoint\",\"urlTemplate\":\"https:\\\/\\\/tirinha.com\\\/?s={search_term_string}\"},\"query-input\":{\"@type\":\"PropertyValueSpecification\",\"valueRequired\":true,\"valueName\":\"search_term_string\"}}],\"inLanguage\":\"nl-NL\"},{\"@type\":\"Organization\",\"@id\":\"https:\\\/\\\/tirinha.com\\\/#organization\",\"name\":\"Tirinha.com\",\"url\":\"https:\\\/\\\/tirinha.com\\\/\",\"logo\":{\"@type\":\"ImageObject\",\"inLanguage\":\"nl-NL\",\"@id\":\"https:\\\/\\\/tirinha.com\\\/#\\\/schema\\\/logo\\\/image\\\/\",\"url\":\"https:\\\/\\\/tirinha.com\\\/wp-content\\\/uploads\\\/2023\\\/08\\\/cropped-Logo-Tirinha.webp\",\"contentUrl\":\"https:\\\/\\\/tirinha.com\\\/wp-content\\\/uploads\\\/2023\\\/08\\\/cropped-Logo-Tirinha.webp\",\"width\":512,\"height\":512,\"caption\":\"Tirinha.com\"},\"image\":{\"@id\":\"https:\\\/\\\/tirinha.com\\\/#\\\/schema\\\/logo\\\/image\\\/\"}},{\"@type\":\"Person\",\"@id\":\"https:\\\/\\\/tirinha.com\\\/#\\\/schema\\\/person\\\/e22bdfbe17e0461f7e927e6a1208d4d9\",\"name\":\"admin\",\"image\":{\"@type\":\"ImageObject\",\"inLanguage\":\"nl-NL\",\"@id\":\"https:\\\/\\\/tirinha.com\\\/wp-content\\\/litespeed\\\/avatar\\\/d0068f7931cc87d7274eb0c3db1deb4b.jpg?ver=1776829466\",\"url\":\"https:\\\/\\\/tirinha.com\\\/wp-content\\\/litespeed\\\/avatar\\\/d0068f7931cc87d7274eb0c3db1deb4b.jpg?ver=1776829466\",\"contentUrl\":\"https:\\\/\\\/tirinha.com\\\/wp-content\\\/litespeed\\\/avatar\\\/d0068f7931cc87d7274eb0c3db1deb4b.jpg?ver=1776829466\",\"caption\":\"admin\"},\"sameAs\":[\"https:\\\/\\\/tirinha.com\"],\"url\":\"https:\\\/\\\/tirinha.com\\\/nl\\\/author\\\/admin\\\/\"}]}<\/script>\n<!-- \/ Yoast SEO plugin. -->","yoast_head_json":{"title":"FUENLABRADA\/ De stad wordt rock: Carlos Escobedo, &#039;Cari\u00f1o&#039; en Rub\u00e9n del Pozo - Tirinha.com","robots":{"index":"index","follow":"follow","max-snippet":"max-snippet:-1","max-image-preview":"max-image-preview:large","max-video-preview":"max-video-preview:-1"},"canonical":"https:\/\/tirinha.com\/nl\/925\/fuenlabrada-de-stad-verandert-in-rock-carlos-escobedo-carino-en-ruben-del-pozo\/","og_locale":"nl_NL","og_type":"article","og_title":"FUENLABRADA\/ A cidade vira rock: Carlos Escobedo, 'Cari\u00f1o' e Rub\u00e9n del Pozo - Tirinha.com","og_description":"A cidade de Fuenlabrada recebe neste fim de semana a primeira edi\u00e7\u00e3o de um novo festival: O Festival das Estrelasque &hellip;","og_url":"https:\/\/tirinha.com\/nl\/925\/fuenlabrada-de-stad-verandert-in-rock-carlos-escobedo-carino-en-ruben-del-pozo\/","og_site_name":"Tirinha.com","article_published_time":"2023-04-03T17:35:40+00:00","og_image":[{"url":"https:\/\/noticiasparamunicipios.com\/wp-content\/uploads\/2023\/03\/Carlos-Escobedo.jpg","type":"","width":"","height":""}],"author":"admin","twitter_card":"summary_large_image","twitter_image":"https:\/\/noticiasparamunicipios.com\/wp-content\/uploads\/2023\/03\/Carlos-Escobedo.jpg","twitter_misc":{"Geschreven door":"admin","Geschatte leestijd":"2 minuten"},"schema":{"@context":"https:\/\/schema.org","@graph":[{"@type":"Article","@id":"https:\/\/tirinha.com\/925\/fuenlabrada-a-cidade-vira-rock-carlos-escobedo-carino-e-ruben-del-pozo\/#article","isPartOf":{"@id":"https:\/\/tirinha.com\/925\/fuenlabrada-a-cidade-vira-rock-carlos-escobedo-carino-e-ruben-del-pozo\/"},"author":{"name":"admin","@id":"https:\/\/tirinha.com\/#\/schema\/person\/e22bdfbe17e0461f7e927e6a1208d4d9"},"headline":"FUENLABRADA\/ A cidade vira rock: Carlos Escobedo, &#8216;Cari\u00f1o&#8217; e Rub\u00e9n del Pozo","datePublished":"2023-04-03T17:35:40+00:00","mainEntityOfPage":{"@id":"https:\/\/tirinha.com\/925\/fuenlabrada-a-cidade-vira-rock-carlos-escobedo-carino-e-ruben-del-pozo\/"},"wordCount":339,"commentCount":0,"publisher":{"@id":"https:\/\/tirinha.com\/#organization"},"image":{"@id":"https:\/\/tirinha.com\/925\/fuenlabrada-a-cidade-vira-rock-carlos-escobedo-carino-e-ruben-del-pozo\/#primaryimage"},"thumbnailUrl":"https:\/\/noticiasparamunicipios.com\/wp-content\/uploads\/2023\/03\/Carlos-Escobedo.jpg","articleSection":["Cultura e lazer"],"inLanguage":"nl-NL","potentialAction":[{"@type":"CommentAction","name":"Comment","target":["https:\/\/tirinha.com\/925\/fuenlabrada-a-cidade-vira-rock-carlos-escobedo-carino-e-ruben-del-pozo\/#respond"]}]},{"@type":"WebPage","@id":"https:\/\/tirinha.com\/925\/fuenlabrada-a-cidade-vira-rock-carlos-escobedo-carino-e-ruben-del-pozo\/","url":"https:\/\/tirinha.com\/925\/fuenlabrada-a-cidade-vira-rock-carlos-escobedo-carino-e-ruben-del-pozo\/","name":"FUENLABRADA\/ De stad wordt rock: Carlos Escobedo, &#039;Cari\u00f1o&#039; en Rub\u00e9n del Pozo - Tirinha.com","isPartOf":{"@id":"https:\/\/tirinha.com\/#website"},"primaryImageOfPage":{"@id":"https:\/\/tirinha.com\/925\/fuenlabrada-a-cidade-vira-rock-carlos-escobedo-carino-e-ruben-del-pozo\/#primaryimage"},"image":{"@id":"https:\/\/tirinha.com\/925\/fuenlabrada-a-cidade-vira-rock-carlos-escobedo-carino-e-ruben-del-pozo\/#primaryimage"},"thumbnailUrl":"https:\/\/noticiasparamunicipios.com\/wp-content\/uploads\/2023\/03\/Carlos-Escobedo.jpg","datePublished":"2023-04-03T17:35:40+00:00","breadcrumb":{"@id":"https:\/\/tirinha.com\/925\/fuenlabrada-a-cidade-vira-rock-carlos-escobedo-carino-e-ruben-del-pozo\/#breadcrumb"},"inLanguage":"nl-NL","potentialAction":[{"@type":"ReadAction","target":["https:\/\/tirinha.com\/925\/fuenlabrada-a-cidade-vira-rock-carlos-escobedo-carino-e-ruben-del-pozo\/"]}]},{"@type":"ImageObject","inLanguage":"nl-NL","@id":"https:\/\/tirinha.com\/925\/fuenlabrada-a-cidade-vira-rock-carlos-escobedo-carino-e-ruben-del-pozo\/#primaryimage","url":"https:\/\/noticiasparamunicipios.com\/wp-content\/uploads\/2023\/03\/Carlos-Escobedo.jpg","contentUrl":"https:\/\/noticiasparamunicipios.com\/wp-content\/uploads\/2023\/03\/Carlos-Escobedo.jpg"},{"@type":"BreadcrumbList","@id":"https:\/\/tirinha.com\/925\/fuenlabrada-a-cidade-vira-rock-carlos-escobedo-carino-e-ruben-del-pozo\/#breadcrumb","itemListElement":[{"@type":"ListItem","position":1,"name":"Home","item":"https:\/\/tirinha.com\/"},{"@type":"ListItem","position":2,"name":"FUENLABRADA\/ A cidade vira rock: Carlos Escobedo, &#8216;Cari\u00f1o&#8217; e Rub\u00e9n del Pozo"}]},{"@type":"WebSite","@id":"https:\/\/tirinha.com\/#website","url":"https:\/\/tirinha.com\/","name":"Tirinha.com","description":"Kunst- en boekrecensies","publisher":{"@id":"https:\/\/tirinha.com\/#organization"},"potentialAction":[{"@type":"SearchAction","target":{"@type":"EntryPoint","urlTemplate":"https:\/\/tirinha.com\/?s={search_term_string}"},"query-input":{"@type":"PropertyValueSpecification","valueRequired":true,"valueName":"search_term_string"}}],"inLanguage":"nl-NL"},{"@type":"Organization","@id":"https:\/\/tirinha.com\/#organization","name":"Tirinha.com","url":"https:\/\/tirinha.com\/","logo":{"@type":"ImageObject","inLanguage":"nl-NL","@id":"https:\/\/tirinha.com\/#\/schema\/logo\/image\/","url":"https:\/\/tirinha.com\/wp-content\/uploads\/2023\/08\/cropped-Logo-Tirinha.webp","contentUrl":"https:\/\/tirinha.com\/wp-content\/uploads\/2023\/08\/cropped-Logo-Tirinha.webp","width":512,"height":512,"caption":"Tirinha.com"},"image":{"@id":"https:\/\/tirinha.com\/#\/schema\/logo\/image\/"}},{"@type":"Person","@id":"https:\/\/tirinha.com\/#\/schema\/person\/e22bdfbe17e0461f7e927e6a1208d4d9","name":"beheerder","image":{"@type":"ImageObject","inLanguage":"nl-NL","@id":"https:\/\/tirinha.com\/wp-content\/litespeed\/avatar\/d0068f7931cc87d7274eb0c3db1deb4b.jpg?ver=1776829466","url":"https:\/\/tirinha.com\/wp-content\/litespeed\/avatar\/d0068f7931cc87d7274eb0c3db1deb4b.jpg?ver=1776829466","contentUrl":"https:\/\/tirinha.com\/wp-content\/litespeed\/avatar\/d0068f7931cc87d7274eb0c3db1deb4b.jpg?ver=1776829466","caption":"admin"},"sameAs":["https:\/\/tirinha.com"],"url":"https:\/\/tirinha.com\/nl\/author\/admin\/"}]}},"_links":{"self":[{"href":"https:\/\/tirinha.com\/nl\/wp-json\/wp\/v2\/posts\/925","targetHints":{"allow":["GET"]}}],"collection":[{"href":"https:\/\/tirinha.com\/nl\/wp-json\/wp\/v2\/posts"}],"about":[{"href":"https:\/\/tirinha.com\/nl\/wp-json\/wp\/v2\/types\/post"}],"author":[{"embeddable":true,"href":"https:\/\/tirinha.com\/nl\/wp-json\/wp\/v2\/users\/1"}],"replies":[{"embeddable":true,"href":"https:\/\/tirinha.com\/nl\/wp-json\/wp\/v2\/comments?post=925"}],"version-history":[{"count":0,"href":"https:\/\/tirinha.com\/nl\/wp-json\/wp\/v2\/posts\/925\/revisions"}],"wp:featuredmedia":[{"embeddable":true,"href":"https:\/\/tirinha.com\/nl\/wp-json\/wp\/v2\/media\/926"}],"wp:attachment":[{"href":"https:\/\/tirinha.com\/nl\/wp-json\/wp\/v2\/media?parent=925"}],"wp:term":[{"taxonomy":"category","embeddable":true,"href":"https:\/\/tirinha.com\/nl\/wp-json\/wp\/v2\/categories?post=925"},{"taxonomy":"post_tag","embeddable":true,"href":"https:\/\/tirinha.com\/nl\/wp-json\/wp\/v2\/tags?post=925"}],"curies":[{"name":"wp","href":"https:\/\/api.w.org\/{rel}","templated":true}]}}