{"id":881,"date":"2023-04-03T13:44:06","date_gmt":"2023-04-03T13:44:06","guid":{"rendered":"https:\/\/tirinha.com\/a-obra-de-maria-cordoba-chega-a-madrid\/"},"modified":"2023-04-03T13:44:06","modified_gmt":"2023-04-03T13:44:06","slug":"a-obra-de-maria-cordoba-chega-a-madrid","status":"publish","type":"post","link":"https:\/\/tirinha.com\/nl\/881\/a-obra-de-maria-cordoba-chega-a-madrid\/","title":{"rendered":"Het werk van Mar\u00eda C\u00f3rdoba arriveert in Madrid."},"content":{"rendered":"<p><\/p>\n<div itemprop=\"articleBody\">\n<p style=\"text-align: justify;\">Chega a Madrid em <strong>primeiro roteiro teatral<\/strong> de Mar\u00eda C\u00f3rdoba, uma obra para todos os p\u00fablicos com dura\u00e7\u00e3o aproximada de 70 minutos.  Depois de dois anos de muito trabalho, a Sala AZarte acolhe pela primeira vez no dia 1 de abril, pelas 18h00, a produ\u00e7\u00e3o da atriz, autora e co-realizadora. <\/p>\n<p style=\"text-align: justify;\">\n<p style=\"text-align: justify;\">\n<p style=\"text-align: justify;\">Sofia trabalha como tanatoesteticista na funer\u00e1ria da fam\u00edlia Bendita Luz.  Uma tarde, um falecido bastante especial vira de cabe\u00e7a para baixo sua percep\u00e7\u00e3o do amor.  Dizem do Amor, que ele est\u00e1 no ar, que sempre h\u00e1 uma pausa para um colapso e que ele vem quando voc\u00ea menos espera.  Ou, se n\u00e3o, diga a Sofia.  Voc\u00ea vai sentir falta disso? <\/p>\n<p style=\"text-align: justify;\">\n<p style=\"text-align: justify;\">\n<p style=\"text-align: justify;\">N\u00e3o pode ir \u00e0 estreia?  Trago boas not\u00edcias para voc\u00ea! <strong>Todos os s\u00e1bados \u00e0s 18h<\/strong> na Sala AZarte pode-se ver a obra de Mar\u00eda C\u00f3rdoba pelo pre\u00e7o de 12\u20ac. <\/p>\n<p style=\"text-align: justify;\">\n<p style=\"text-align: justify;\">\n<p style=\"text-align: justify;\">Este trabalho \u00e9 co-dirigido por <strong>Manuel de Andr\u00e9s <\/strong>e estrelando <strong>Pedro Munoz <\/strong>En <strong>Maria C\u00f3rdoba.<\/strong><\/p>\n<p style=\"text-align: justify;\">\n<p style=\"text-align: justify;\">\n<p><\/p>\n<div id=\"ctl00_ctl00_cph1_cph1_ctrlBlogPost_sumario\" style=\"background-color:#c11d4d;\" class=\"sumarioCentral\">\n<p>O primeiro roteiro teatral de Mar\u00eda C\u00f3rdoba chega \u00e0 Sala AZarte<\/p>\n<\/p><\/div>\n<\/p><\/div>","protected":false},"excerpt":{"rendered":"<p>Chega a Madrid em primeiro roteiro teatral de Mar\u00eda C\u00f3rdoba, uma obra para todos os p\u00fablicos com dura\u00e7\u00e3o aproximada de &hellip; <\/p>","protected":false},"author":1,"featured_media":0,"comment_status":"open","ping_status":"open","sticky":false,"template":"","format":"standard","meta":{"fifu_image_url":"","fifu_image_alt":"","footnotes":""},"categories":[35],"tags":[],"class_list":["post-881","post","type-post","status-publish","format-standard","hentry","category-cultura-e-lazer","latest_post"],"yoast_head":"<!-- This site is optimized with the Yoast SEO plugin v27.3 - https:\/\/yoast.com\/product\/yoast-seo-wordpress\/ -->\n<title>A obra de Mar\u00eda C\u00f3rdoba chega a Madrid - Tirinha.com<\/title>\n<meta name=\"robots\" content=\"index, follow, max-snippet:-1, max-image-preview:large, max-video-preview:-1\" \/>\n<link rel=\"canonical\" href=\"https:\/\/tirinha.com\/nl\/881\/a-obra-de-maria-cordoba-chega-a-madrid\/\" \/>\n<meta property=\"og:locale\" content=\"nl_NL\" \/>\n<meta property=\"og:type\" content=\"article\" \/>\n<meta property=\"og:title\" content=\"A obra de Mar\u00eda C\u00f3rdoba chega a Madrid - Tirinha.com\" \/>\n<meta property=\"og:description\" content=\"Chega a Madrid em primeiro roteiro teatral de Mar\u00eda C\u00f3rdoba, uma obra para todos os p\u00fablicos com dura\u00e7\u00e3o aproximada de &hellip;\" \/>\n<meta property=\"og:url\" content=\"https:\/\/tirinha.com\/nl\/881\/a-obra-de-maria-cordoba-chega-a-madrid\/\" \/>\n<meta property=\"og:site_name\" content=\"Tirinha.com\" \/>\n<meta property=\"article:published_time\" content=\"2023-04-03T13:44:06+00:00\" \/>\n<meta name=\"author\" content=\"admin\" \/>\n<meta name=\"twitter:card\" content=\"summary_large_image\" \/>\n<meta name=\"twitter:label1\" content=\"Geschreven door\" \/>\n\t<meta name=\"twitter:data1\" content=\"admin\" \/>\n\t<meta name=\"twitter:label2\" content=\"Geschatte leestijd\" \/>\n\t<meta name=\"twitter:data2\" content=\"1 minuut\" \/>\n<script type=\"application\/ld+json\" class=\"yoast-schema-graph\">{\"@context\":\"https:\\\/\\\/schema.org\",\"@graph\":[{\"@type\":\"Article\",\"@id\":\"https:\\\/\\\/tirinha.com\\\/881\\\/a-obra-de-maria-cordoba-chega-a-madrid\\\/#article\",\"isPartOf\":{\"@id\":\"https:\\\/\\\/tirinha.com\\\/881\\\/a-obra-de-maria-cordoba-chega-a-madrid\\\/\"},\"author\":{\"name\":\"admin\",\"@id\":\"https:\\\/\\\/tirinha.com\\\/#\\\/schema\\\/person\\\/e22bdfbe17e0461f7e927e6a1208d4d9\"},\"headline\":\"A obra de Mar\u00eda C\u00f3rdoba chega a Madrid\",\"datePublished\":\"2023-04-03T13:44:06+00:00\",\"mainEntityOfPage\":{\"@id\":\"https:\\\/\\\/tirinha.com\\\/881\\\/a-obra-de-maria-cordoba-chega-a-madrid\\\/\"},\"wordCount\":189,\"commentCount\":0,\"publisher\":{\"@id\":\"https:\\\/\\\/tirinha.com\\\/#organization\"},\"articleSection\":[\"Cultura e lazer\"],\"inLanguage\":\"nl-NL\",\"potentialAction\":[{\"@type\":\"CommentAction\",\"name\":\"Comment\",\"target\":[\"https:\\\/\\\/tirinha.com\\\/881\\\/a-obra-de-maria-cordoba-chega-a-madrid\\\/#respond\"]}]},{\"@type\":\"WebPage\",\"@id\":\"https:\\\/\\\/tirinha.com\\\/881\\\/a-obra-de-maria-cordoba-chega-a-madrid\\\/\",\"url\":\"https:\\\/\\\/tirinha.com\\\/881\\\/a-obra-de-maria-cordoba-chega-a-madrid\\\/\",\"name\":\"A obra de Mar\u00eda C\u00f3rdoba chega a Madrid - Tirinha.com\",\"isPartOf\":{\"@id\":\"https:\\\/\\\/tirinha.com\\\/#website\"},\"datePublished\":\"2023-04-03T13:44:06+00:00\",\"breadcrumb\":{\"@id\":\"https:\\\/\\\/tirinha.com\\\/881\\\/a-obra-de-maria-cordoba-chega-a-madrid\\\/#breadcrumb\"},\"inLanguage\":\"nl-NL\",\"potentialAction\":[{\"@type\":\"ReadAction\",\"target\":[\"https:\\\/\\\/tirinha.com\\\/881\\\/a-obra-de-maria-cordoba-chega-a-madrid\\\/\"]}]},{\"@type\":\"BreadcrumbList\",\"@id\":\"https:\\\/\\\/tirinha.com\\\/881\\\/a-obra-de-maria-cordoba-chega-a-madrid\\\/#breadcrumb\",\"itemListElement\":[{\"@type\":\"ListItem\",\"position\":1,\"name\":\"Home\",\"item\":\"https:\\\/\\\/tirinha.com\\\/\"},{\"@type\":\"ListItem\",\"position\":2,\"name\":\"A obra de Mar\u00eda C\u00f3rdoba chega a Madrid\"}]},{\"@type\":\"WebSite\",\"@id\":\"https:\\\/\\\/tirinha.com\\\/#website\",\"url\":\"https:\\\/\\\/tirinha.com\\\/\",\"name\":\"Tirinha.com\",\"description\":\"Arte e livros resenhas\",\"publisher\":{\"@id\":\"https:\\\/\\\/tirinha.com\\\/#organization\"},\"potentialAction\":[{\"@type\":\"SearchAction\",\"target\":{\"@type\":\"EntryPoint\",\"urlTemplate\":\"https:\\\/\\\/tirinha.com\\\/?s={search_term_string}\"},\"query-input\":{\"@type\":\"PropertyValueSpecification\",\"valueRequired\":true,\"valueName\":\"search_term_string\"}}],\"inLanguage\":\"nl-NL\"},{\"@type\":\"Organization\",\"@id\":\"https:\\\/\\\/tirinha.com\\\/#organization\",\"name\":\"Tirinha.com\",\"url\":\"https:\\\/\\\/tirinha.com\\\/\",\"logo\":{\"@type\":\"ImageObject\",\"inLanguage\":\"nl-NL\",\"@id\":\"https:\\\/\\\/tirinha.com\\\/#\\\/schema\\\/logo\\\/image\\\/\",\"url\":\"https:\\\/\\\/tirinha.com\\\/wp-content\\\/uploads\\\/2023\\\/08\\\/cropped-Logo-Tirinha.webp\",\"contentUrl\":\"https:\\\/\\\/tirinha.com\\\/wp-content\\\/uploads\\\/2023\\\/08\\\/cropped-Logo-Tirinha.webp\",\"width\":512,\"height\":512,\"caption\":\"Tirinha.com\"},\"image\":{\"@id\":\"https:\\\/\\\/tirinha.com\\\/#\\\/schema\\\/logo\\\/image\\\/\"}},{\"@type\":\"Person\",\"@id\":\"https:\\\/\\\/tirinha.com\\\/#\\\/schema\\\/person\\\/e22bdfbe17e0461f7e927e6a1208d4d9\",\"name\":\"admin\",\"image\":{\"@type\":\"ImageObject\",\"inLanguage\":\"nl-NL\",\"@id\":\"https:\\\/\\\/tirinha.com\\\/wp-content\\\/litespeed\\\/avatar\\\/d0068f7931cc87d7274eb0c3db1deb4b.jpg?ver=1776829466\",\"url\":\"https:\\\/\\\/tirinha.com\\\/wp-content\\\/litespeed\\\/avatar\\\/d0068f7931cc87d7274eb0c3db1deb4b.jpg?ver=1776829466\",\"contentUrl\":\"https:\\\/\\\/tirinha.com\\\/wp-content\\\/litespeed\\\/avatar\\\/d0068f7931cc87d7274eb0c3db1deb4b.jpg?ver=1776829466\",\"caption\":\"admin\"},\"sameAs\":[\"https:\\\/\\\/tirinha.com\"],\"url\":\"https:\\\/\\\/tirinha.com\\\/nl\\\/author\\\/admin\\\/\"}]}<\/script>\n<!-- \/ Yoast SEO plugin. -->","yoast_head_json":{"title":"A obra de Mar\u00eda C\u00f3rdoba chega a Madrid - Tirinha.com","robots":{"index":"index","follow":"follow","max-snippet":"max-snippet:-1","max-image-preview":"max-image-preview:large","max-video-preview":"max-video-preview:-1"},"canonical":"https:\/\/tirinha.com\/nl\/881\/a-obra-de-maria-cordoba-chega-a-madrid\/","og_locale":"nl_NL","og_type":"article","og_title":"A obra de Mar\u00eda C\u00f3rdoba chega a Madrid - Tirinha.com","og_description":"Chega a Madrid em primeiro roteiro teatral de Mar\u00eda C\u00f3rdoba, uma obra para todos os p\u00fablicos com dura\u00e7\u00e3o aproximada de &hellip;","og_url":"https:\/\/tirinha.com\/nl\/881\/a-obra-de-maria-cordoba-chega-a-madrid\/","og_site_name":"Tirinha.com","article_published_time":"2023-04-03T13:44:06+00:00","author":"admin","twitter_card":"summary_large_image","twitter_misc":{"Geschreven door":"admin","Geschatte leestijd":"1 minuut"},"schema":{"@context":"https:\/\/schema.org","@graph":[{"@type":"Article","@id":"https:\/\/tirinha.com\/881\/a-obra-de-maria-cordoba-chega-a-madrid\/#article","isPartOf":{"@id":"https:\/\/tirinha.com\/881\/a-obra-de-maria-cordoba-chega-a-madrid\/"},"author":{"name":"admin","@id":"https:\/\/tirinha.com\/#\/schema\/person\/e22bdfbe17e0461f7e927e6a1208d4d9"},"headline":"A obra de Mar\u00eda C\u00f3rdoba chega a Madrid","datePublished":"2023-04-03T13:44:06+00:00","mainEntityOfPage":{"@id":"https:\/\/tirinha.com\/881\/a-obra-de-maria-cordoba-chega-a-madrid\/"},"wordCount":189,"commentCount":0,"publisher":{"@id":"https:\/\/tirinha.com\/#organization"},"articleSection":["Cultura e lazer"],"inLanguage":"nl-NL","potentialAction":[{"@type":"CommentAction","name":"Comment","target":["https:\/\/tirinha.com\/881\/a-obra-de-maria-cordoba-chega-a-madrid\/#respond"]}]},{"@type":"WebPage","@id":"https:\/\/tirinha.com\/881\/a-obra-de-maria-cordoba-chega-a-madrid\/","url":"https:\/\/tirinha.com\/881\/a-obra-de-maria-cordoba-chega-a-madrid\/","name":"A obra de Mar\u00eda C\u00f3rdoba chega a Madrid - Tirinha.com","isPartOf":{"@id":"https:\/\/tirinha.com\/#website"},"datePublished":"2023-04-03T13:44:06+00:00","breadcrumb":{"@id":"https:\/\/tirinha.com\/881\/a-obra-de-maria-cordoba-chega-a-madrid\/#breadcrumb"},"inLanguage":"nl-NL","potentialAction":[{"@type":"ReadAction","target":["https:\/\/tirinha.com\/881\/a-obra-de-maria-cordoba-chega-a-madrid\/"]}]},{"@type":"BreadcrumbList","@id":"https:\/\/tirinha.com\/881\/a-obra-de-maria-cordoba-chega-a-madrid\/#breadcrumb","itemListElement":[{"@type":"ListItem","position":1,"name":"Home","item":"https:\/\/tirinha.com\/"},{"@type":"ListItem","position":2,"name":"A obra de Mar\u00eda C\u00f3rdoba chega a Madrid"}]},{"@type":"WebSite","@id":"https:\/\/tirinha.com\/#website","url":"https:\/\/tirinha.com\/","name":"Tirinha.com","description":"Kunst- en boekrecensies","publisher":{"@id":"https:\/\/tirinha.com\/#organization"},"potentialAction":[{"@type":"SearchAction","target":{"@type":"EntryPoint","urlTemplate":"https:\/\/tirinha.com\/?s={search_term_string}"},"query-input":{"@type":"PropertyValueSpecification","valueRequired":true,"valueName":"search_term_string"}}],"inLanguage":"nl-NL"},{"@type":"Organization","@id":"https:\/\/tirinha.com\/#organization","name":"Tirinha.com","url":"https:\/\/tirinha.com\/","logo":{"@type":"ImageObject","inLanguage":"nl-NL","@id":"https:\/\/tirinha.com\/#\/schema\/logo\/image\/","url":"https:\/\/tirinha.com\/wp-content\/uploads\/2023\/08\/cropped-Logo-Tirinha.webp","contentUrl":"https:\/\/tirinha.com\/wp-content\/uploads\/2023\/08\/cropped-Logo-Tirinha.webp","width":512,"height":512,"caption":"Tirinha.com"},"image":{"@id":"https:\/\/tirinha.com\/#\/schema\/logo\/image\/"}},{"@type":"Person","@id":"https:\/\/tirinha.com\/#\/schema\/person\/e22bdfbe17e0461f7e927e6a1208d4d9","name":"beheerder","image":{"@type":"ImageObject","inLanguage":"nl-NL","@id":"https:\/\/tirinha.com\/wp-content\/litespeed\/avatar\/d0068f7931cc87d7274eb0c3db1deb4b.jpg?ver=1776829466","url":"https:\/\/tirinha.com\/wp-content\/litespeed\/avatar\/d0068f7931cc87d7274eb0c3db1deb4b.jpg?ver=1776829466","contentUrl":"https:\/\/tirinha.com\/wp-content\/litespeed\/avatar\/d0068f7931cc87d7274eb0c3db1deb4b.jpg?ver=1776829466","caption":"admin"},"sameAs":["https:\/\/tirinha.com"],"url":"https:\/\/tirinha.com\/nl\/author\/admin\/"}]}},"_links":{"self":[{"href":"https:\/\/tirinha.com\/nl\/wp-json\/wp\/v2\/posts\/881","targetHints":{"allow":["GET"]}}],"collection":[{"href":"https:\/\/tirinha.com\/nl\/wp-json\/wp\/v2\/posts"}],"about":[{"href":"https:\/\/tirinha.com\/nl\/wp-json\/wp\/v2\/types\/post"}],"author":[{"embeddable":true,"href":"https:\/\/tirinha.com\/nl\/wp-json\/wp\/v2\/users\/1"}],"replies":[{"embeddable":true,"href":"https:\/\/tirinha.com\/nl\/wp-json\/wp\/v2\/comments?post=881"}],"version-history":[{"count":0,"href":"https:\/\/tirinha.com\/nl\/wp-json\/wp\/v2\/posts\/881\/revisions"}],"wp:attachment":[{"href":"https:\/\/tirinha.com\/nl\/wp-json\/wp\/v2\/media?parent=881"}],"wp:term":[{"taxonomy":"category","embeddable":true,"href":"https:\/\/tirinha.com\/nl\/wp-json\/wp\/v2\/categories?post=881"},{"taxonomy":"post_tag","embeddable":true,"href":"https:\/\/tirinha.com\/nl\/wp-json\/wp\/v2\/tags?post=881"}],"curies":[{"name":"wp","href":"https:\/\/api.w.org\/{rel}","templated":true}]}}