{"id":868,"date":"2023-04-03T13:30:32","date_gmt":"2023-04-03T13:30:32","guid":{"rendered":"https:\/\/tirinha.com\/um-passeio-por-argel-iii\/"},"modified":"2023-04-03T13:30:32","modified_gmt":"2023-04-03T13:30:32","slug":"een-wandeling-door-algiers-iii","status":"publish","type":"post","link":"https:\/\/tirinha.com\/nl\/868\/um-passeio-por-argel-iii\/","title":{"rendered":"Een rondreis door Algiers (III)"},"content":{"rendered":"<p><\/p>\n<div>\n<p class=\"p1\"><span class=\"s1\">De Kasbah is een citadel in de hoofdstad Algiers. Ze is verdeeld in de Boven-Kasbah en de Beneden-Kasbah en ligt op een steenworp afstand van de modernere straten aan de Baai van Algiers. Maar zodra je die stap zet en de Kasbah betreedt, is het alsof je een andere wereld binnenstapt. De Kasbah is een smeltkroes van kleuren, geuren en gewaarwordingen, waar je je gemakkelijk kunt laten meevoeren naar andere tijden en je verbeelding de vrije loop kunt laten, terug naar de tijd van de eerste bewoners van de citadel. Daar ontvouwen zich wonderlijke en tegelijkertijd dramatische verhalen, over gevoelens, over de strijd voor vrijheid en over de waardigheid en de levenslust van een volk.<\/span><\/p>\n<p class=\"p1\"><span class=\"s1\">De Kasbah van Algiers dateert uit het begin van de 4e eeuw voor Christus en is sinds 1991 een nationaal erfgoed. In 1992 werd het door UNESCO uitgeroepen tot werelderfgoed.<\/span><\/p>\n<p class=\"p1\"><span class=\"s1\">Maar om de Kasbah te bezoeken en de sfeer, het begrip en de bewondering ervan te kunnen ervaren, sloot de reiziger zich aan bij een van de rondleidingen door de citadel. Hij koos voor een professionele gids, Yacine Boushaki, een geboren en getogen Kasbah-bewoner die er een passie voor heeft en er trots op is. Boushaki weet de geschiedenis op een prachtige manier over te brengen, de monumenten te laten zien en de bezoekers zelfs te vermaken met traditionele muziek vanaf een uitkijkpunt vanwaar je de Kasbah in al zijn facetten kunt bewonderen.<\/span><\/p>\n<p class=\"p1\"><span class=\"s1\">Nadat de reiziger het bezoek had geregeld met Yacine (die gemakkelijk te vinden is op Facebook), ontmoette hij op zaterdagmorgen rond 10 uur een groep toeristen op Plaza de los M\u00e1rtires, bij de ingang van de metro. Yacine begon de bezoekers meteen in te lichten over de context, oftewel het verhaal te vertellen over het ontstaan van de Kasbah.<\/span><\/p>\n<p class=\"p1\"><span class=\"s1\">Nadat de oorsprong was besproken, betrad de groep de lagere Kasbah, waar de bezoekers een typische Moorse wijk verkenden met zijn kronkelende steegjes die een schril contrast vormden met de omringende koloniale bebouwing. Daar ontvouwden zich de verhalen van de straten, monumenten en plekken zoals caf\u00e9 Malakoff in de Bab el Oued-straat. Dit caf\u00e9 is iconisch voor de lagere Kasbah. Veel grote namen uit de Cha\u00e2bi-muziek kwamen er, en de foto&#039;s aan de muur getuigen hiervan. Ook professoren en andere intellectuelen ontmoetten er elkaar voor een kop koffie. Het is een plek die zeker een bezoek waard is voor een kop koffie en wat typische zoetigheden.<\/span><\/p>\n<p class=\"p2\"><span class=\"s1\"> <img fetchpriority=\"high\" decoding=\"async\" class=\"alignnone size-full wp-image-675874 lazy\" src=\"https:\/\/www.elboletin.com\/wp-content\/uploads\/2022\/12\/argel2-1.jpg\" alt=\"\" width=\"524\" height=\"792\" srcset=\"https:\/\/www.elboletin.com\/wp-content\/uploads\/2022\/12\/argel2-1.jpg 524w, https:\/\/www.elboletin.com\/wp-content\/uploads\/2022\/12\/argel2-1-198x300.jpg 198w\" data-sizes=\"(max-width: 524px) 100vw, 524px\"\/><span class=\"Apple-converted-space\">    <\/span><\/span><\/p>\n<p class=\"p3\"><em><span class=\"s1\">Malakoff-koffie <\/span><\/em><\/p>\n<p><img decoding=\"async\" class=\"alignnone size-full wp-image-675873 lazy\" src=\"https:\/\/www.elboletin.com\/wp-content\/uploads\/2022\/12\/argel3-1.jpg\" alt=\"\" width=\"520\" height=\"792\" srcset=\"https:\/\/www.elboletin.com\/wp-content\/uploads\/2022\/12\/argel3-1.jpg 520w, https:\/\/www.elboletin.com\/wp-content\/uploads\/2022\/12\/argel3-1-197x300.jpg 197w\" data-sizes=\"(max-width: 520px) 100vw, 520px\"\/><\/p>\n<p class=\"p3\"><em><span class=\"s1\">Sfeer van caf\u00e9 Malakoff<\/span><\/em><\/p>\n<p class=\"p1\"><span class=\"s1\">We passeerden (en stopten) voor de Katchaoua-moskee, waarvan de oorsprong gevarieerd is. Na verschillende keren te zijn ingestort, dateert de huidige reconstructie uit 1794, tijdens het bewind van Dey Hassan. In 1832 werd het gebouw tijdens de Franse kolonisatie gebruikt voor katholieke erediensten, onder de naam Kathedraal van San Felipe de Algel, en na de onafhankelijkheid van Algerije in 1962 werd het opnieuw een moskee. De reiziger was onder de indruk van de schoonheid van de gevel met zijn twee achthoekige minaretten die uitkijken op de zee. De tempel is werkelijk indrukwekkend en een bezoek waard.<\/span><\/p>\n<p><img decoding=\"async\" class=\"alignnone size-full wp-image-675872 lazy\" src=\"https:\/\/www.elboletin.com\/wp-content\/uploads\/2022\/12\/argel4-1.jpg\" alt=\"\" width=\"466\" height=\"694\" srcset=\"https:\/\/www.elboletin.com\/wp-content\/uploads\/2022\/12\/argel4-1.jpg 466w, https:\/\/www.elboletin.com\/wp-content\/uploads\/2022\/12\/argel4-1-201x300.jpg 201w\" data-sizes=\"(max-width: 466px) 100vw, 466px\"\/><\/p>\n<p class=\"p3\"><span class=\"s1\"><em>Ketchaoua-moskee <\/em><\/span><\/p>\n<p><img loading=\"lazy\" decoding=\"async\" class=\"alignnone size-full wp-image-675871 lazy\" src=\"https:\/\/www.elboletin.com\/wp-content\/uploads\/2022\/12\/argel5-1.jpg\" alt=\"\" width=\"460\" height=\"692\" srcset=\"https:\/\/www.elboletin.com\/wp-content\/uploads\/2022\/12\/argel5-1.jpg 460w, https:\/\/www.elboletin.com\/wp-content\/uploads\/2022\/12\/argel5-1-199x300.jpg 199w\" data-sizes=\"(max-width: 460px) 100vw, 460px\"\/><\/p>\n<p class=\"p3\"><span class=\"s1\"><em>Liquidatie<\/em> <\/span><\/p>\n<p class=\"p1\"><span class=\"s1\">En tussen de verschillende plekken kom je mensen tegen op straat, op de drukke markten, in de kleine winkeltjes waar van alles te koop is, gegroepeerd per wijk en op basis van hun specialiteit. Ze kijken je aan, jij kijkt hen aan, en er ontstaat een soort vriendelijke saamhorigheid die je verwelkomt in de Casbah, in de ziel van Algiers met zijn straten en zijn mensen. Je voelt je er goed en welkom.<\/span><\/p>\n<p class=\"p1\"><span class=\"s1\">De groep arriveert bij het Maison d&#039;Ali la Pointe. Ali Ammar, beter bekend als Ali La Pointe, en zijn strijdmakker Hassiba Ben Bouali, Mahmoud &quot;Hamid&quot; Bouhamidi en &quot;Petit Omar&quot; weigerden zich over te geven en kwamen om het leven toen het huis in de nacht van 8 op 9 oktober 1957 door Franse parachutisten werd opgeblazen. Dit museum, gewijd aan deze held van de Slag om Algiers en andere martelaren, werd in juli 2006 geopend.<\/span><\/p>\n<p class=\"p2\"><span class=\"s1\"><span class=\"Apple-converted-space\"><img loading=\"lazy\" decoding=\"async\" class=\"alignnone size-full wp-image-675870 lazy\" src=\"https:\/\/www.elboletin.com\/wp-content\/uploads\/2022\/12\/argel6-1.jpg\" alt=\"\" width=\"606\" height=\"394\" srcset=\"https:\/\/www.elboletin.com\/wp-content\/uploads\/2022\/12\/argel6-1.jpg 606w, https:\/\/www.elboletin.com\/wp-content\/uploads\/2022\/12\/argel6-1-300x195.jpg 300w\" data-sizes=\"(max-width: 606px) 100vw, 606px\"\/> <\/span><\/span><\/p>\n<p><img loading=\"lazy\" decoding=\"async\" class=\"alignnone size-full wp-image-675869 lazy\" src=\"https:\/\/www.elboletin.com\/wp-content\/uploads\/2022\/12\/argel7-1.jpg\" alt=\"\" width=\"600\" height=\"390\" srcset=\"https:\/\/www.elboletin.com\/wp-content\/uploads\/2022\/12\/argel7-1.jpg 600w, https:\/\/www.elboletin.com\/wp-content\/uploads\/2022\/12\/argel7-1-300x195.jpg 300w\" data-sizes=\"(max-width: 600px) 100vw, 600px\"\/><\/p>\n<p class=\"p4\"><em><span class=\"s1\">Maison d&#039;Ali la Pointe<\/span><\/em><\/p>\n<p class=\"p1\"><span class=\"s1\">Van daaruit was er tijd om naar het bovenste deel van de Kasbah te gaan en thee en zoetigheden te nuttigen in een van de huizen, vanwaar je een onovertroffen uitzicht had over de Kasbah en de baai van Algiers, terwijl de gids ons vermaakte met traditionele liedjes, meezingend met een groot deel van het publiek dat de Kasbah-rondleiding bijwoonde.<\/span><\/p>\n<p class=\"p2\"><span class=\"s1\"><span class=\"Apple-converted-space\"> <img loading=\"lazy\" decoding=\"async\" class=\"alignnone size-full wp-image-675868 lazy\" src=\"https:\/\/www.elboletin.com\/wp-content\/uploads\/2022\/12\/argel8-1.jpg\" alt=\"\" width=\"756\" height=\"508\" srcset=\"https:\/\/www.elboletin.com\/wp-content\/uploads\/2022\/12\/argel8-1.jpg 756w, https:\/\/www.elboletin.com\/wp-content\/uploads\/2022\/12\/argel8-1-300x202.jpg 300w\" data-sizes=\"(max-width: 756px) 100vw, 756px\"\/><\/span><\/span><\/p>\n<p><img loading=\"lazy\" decoding=\"async\" class=\"alignnone size-full wp-image-675867 lazy\" src=\"https:\/\/www.elboletin.com\/wp-content\/uploads\/2022\/12\/argel9-1.jpg\" alt=\"\" width=\"394\" height=\"596\" srcset=\"https:\/\/www.elboletin.com\/wp-content\/uploads\/2022\/12\/argel9-1.jpg 394w, https:\/\/www.elboletin.com\/wp-content\/uploads\/2022\/12\/argel9-1-198x300.jpg 198w\" data-sizes=\"(max-width: 394px) 100vw, 394px\"\/><\/p>\n<p class=\"p5\"><em><span class=\"s1\">kasbah<\/span><\/em><\/p>\n<p class=\"p2\"><span class=\"s1\"><span class=\"Apple-converted-space\"> <img loading=\"lazy\" decoding=\"async\" class=\"alignnone size-full wp-image-675866 lazy\" src=\"https:\/\/www.elboletin.com\/wp-content\/uploads\/2022\/12\/argel10-1.jpg\" alt=\"\" width=\"416\" height=\"628\" srcset=\"https:\/\/www.elboletin.com\/wp-content\/uploads\/2022\/12\/argel10-1.jpg 416w, https:\/\/www.elboletin.com\/wp-content\/uploads\/2022\/12\/argel10-1-199x300.jpg 199w\" data-sizes=\"(max-width: 416px) 100vw, 416px\"\/> <\/span><\/span><\/p>\n<p class=\"p6\"><em><span class=\"s1\">Bron <\/span><\/em><\/p>\n<p><img loading=\"lazy\" decoding=\"async\" class=\"alignnone size-full wp-image-675865 lazy\" src=\"https:\/\/www.elboletin.com\/wp-content\/uploads\/2022\/12\/argel11-1.jpg\" alt=\"\" width=\"778\" height=\"498\" srcset=\"https:\/\/www.elboletin.com\/wp-content\/uploads\/2022\/12\/argel11-1.jpg 778w, https:\/\/www.elboletin.com\/wp-content\/uploads\/2022\/12\/argel11-1-300x192.jpg 300w, https:\/\/www.elboletin.com\/wp-content\/uploads\/2022\/12\/argel11-1-768x492.jpg 768w\" data-sizes=\"(max-width: 778px) 100vw, 778px\"\/><\/p>\n<p class=\"p6\"><em><span class=\"s1\">Ambachtslieden in de Casbah<\/span><\/em><\/p>\n<p class=\"p1\"><span class=\"s1\">Als vervolg op uw bezoek aan de Kasbah is het zeker de moeite waard om het Mustapha Pacha-paleis te bezichtigen. Dit paleis, dat dateert uit de 18e eeuw en huisvest het Nationaal Museum voor Verluchting, Miniaturen en Kalligrafie. Het paleis, gelegen midden in de Kasbah, is spectaculair.<\/span><\/p>\n<p class=\"p2\"><span class=\"s1\"><span class=\"Apple-converted-space\"><img loading=\"lazy\" decoding=\"async\" class=\"alignnone size-full wp-image-675864 lazy\" src=\"https:\/\/www.elboletin.com\/wp-content\/uploads\/2022\/12\/argel12-1.jpg\" alt=\"\" width=\"496\" height=\"750\" srcset=\"https:\/\/www.elboletin.com\/wp-content\/uploads\/2022\/12\/argel12-1.jpg 496w, https:\/\/www.elboletin.com\/wp-content\/uploads\/2022\/12\/argel12-1-198x300.jpg 198w\" data-sizes=\"(max-width: 496px) 100vw, 496px\"\/>  <\/span><\/span><\/p>\n<p class=\"p3\"><em><span class=\"s1\">Mustapha Pacha Tegels<\/span><\/em><\/p>\n<p><img loading=\"lazy\" decoding=\"async\" class=\"alignnone size-full wp-image-675863 lazy\" src=\"https:\/\/www.elboletin.com\/wp-content\/uploads\/2022\/12\/argel13-1.jpg\" alt=\"\" width=\"724\" height=\"516\" srcset=\"https:\/\/www.elboletin.com\/wp-content\/uploads\/2022\/12\/argel13-1.jpg 724w, https:\/\/www.elboletin.com\/wp-content\/uploads\/2022\/12\/argel13-1-300x214.jpg 300w\" data-sizes=\"(max-width: 724px) 100vw, 724px\"\/><\/p>\n<p class=\"p3\"><em><span class=\"s1\">Mustafa Pasha<\/span><\/em><\/p>\n<p class=\"p1\"><span class=\"s1\">Na nog wat door de straten te hebben geslenterd en een paar ambachtswinkels te hebben bezocht, kwam het bezoek aan de Kasbah ten einde en vervolgde de reiziger zijn rondreis door Algiers. Om even uit te rusten van het bezoek, ging hij naar het legendarische hotel El Djazair. Misschien zegt deze naam u niets, maar als we de oorspronkelijke naam, Hotel St. George, noemen, begint het verhaal zich te ontvouwen\u2026 En ik zeg verhaal, want het is een van de vijf oudste hotels van Afrika. Dit vijfsterrenhotel opende zijn deuren in 1889, maar de bouw ervan gaat terug tot 1514. Stel je voor hoe het er toen moet hebben uitgezien\u2026 Bovendien is het hotel, dankzij de centrale ligging, vlakbij het Bardo Museum en het Martelarenmonument en biedt het een spectaculair uitzicht over de baai van Algiers.<\/span><\/p>\n<p class=\"p1\"><span class=\"s1\">Gezien deze geschiedenis is het belangrijk te vermelden dat het hotel tussen november 1942 en december 1943 dienst deed als hoofdkwartier van de geallieerde troepen. Dit betekende dat prominenten uit die tijd, zoals Dwight D. Eisenhower, Winston Churchill en vele andere leden van de bourgeoisie, er verbleven. Buitenlanders, kunstenaars, intellectuelen en politici, van toen tot nu, hebben er overnacht en hun foto&#039;s hangen in de cafetaria met uitzicht op de botanische tuin. Het is een zeer interessante reis door de geschiedenis om de foto&#039;s te kunnen bekijken van degenen die in dit hotel verbleven. <\/span><\/p>\n<p class=\"p2\"><span class=\"s1\"><span class=\"Apple-converted-space\"> <img loading=\"lazy\" decoding=\"async\" class=\"alignnone size-full wp-image-675862 lazy\" src=\"https:\/\/www.elboletin.com\/wp-content\/uploads\/2022\/12\/argel14-1.jpg\" alt=\"\" width=\"486\" height=\"488\" srcset=\"https:\/\/www.elboletin.com\/wp-content\/uploads\/2022\/12\/argel14-1.jpg 486w, https:\/\/www.elboletin.com\/wp-content\/uploads\/2022\/12\/argel14-1-300x300.jpg 300w, https:\/\/www.elboletin.com\/wp-content\/uploads\/2022\/12\/argel14-1-150x150.jpg 150w\" data-sizes=\"(max-width: 486px) 100vw, 486px\"\/> <\/span><\/span><\/p>\n<p class=\"p3\"><span class=\"s1\"><em>Sint-Joristuin<\/em> <\/span><\/p>\n<p><img loading=\"lazy\" decoding=\"async\" class=\"alignnone size-full wp-image-675861 lazy\" src=\"https:\/\/www.elboletin.com\/wp-content\/uploads\/2022\/12\/argel15-1.jpg\" alt=\"\" width=\"764\" height=\"428\" srcset=\"https:\/\/www.elboletin.com\/wp-content\/uploads\/2022\/12\/argel15-1.jpg 764w, https:\/\/www.elboletin.com\/wp-content\/uploads\/2022\/12\/argel15-1-300x168.jpg 300w\" data-sizes=\"(max-width: 764px) 100vw, 764px\"\/><\/p>\n<p class=\"p3\"><em><span class=\"s1\">Sint-Joris. Overdekte eetzaal.<\/span><\/em><\/p>\n<p class=\"p1\"><span class=\"s1\">Of u nu wilt verblijven in een van de goed onderhouden en comfortabele kamers, een evenement wilt vieren in een van de indrukwekkende en historische zalen, of gewoon een hapje wilt eten in de cafetaria in de tuin, het hotelpersoneel, van de behulpzame obers tot de vriendelijke communicatie- en marketingmanager die ruim de tijd nam om de geschiedenis van het hotel uit te leggen en ons enkele van de meest iconische plekken te laten zien, zal u met een voortreffelijke service en professionaliteit, geholpen door de prachtige inrichting en de juiste sfeer, meenemen naar een andere, dromerige tijd. Deze oase in het hart van Algiers biedt u de mogelijkheid om te ontspannen en nieuwe energie op te doen in een kosmopolitische omgeving, en u voor te bereiden op uw volgende reis vanuit deze prachtige en charmante stad Algiers.<\/span><\/p>\n<p class=\"p1\" style=\"text-align: right;\"><em><span class=\"s1\">Auteur: Fernando Novo Lens<\/span><\/em><\/p>\n<p class=\"p1\" style=\"text-align: right;\"><em><span class=\"s1\">Voorzitter van de Spaans-Algerijnse Culturele Vereniging \u201cMiguel de Cervantes\u201d. ACUHA<\/span><\/em><\/p>\n<\/div>","protected":false},"excerpt":{"rendered":"<p>A Casbah \u00e9 uma cidadela dentro da capital, Argel; \u00c9 dividida em Casbah Superior e Casbah Inferior e fica a &hellip; <\/p>","protected":false},"author":1,"featured_media":869,"comment_status":"open","ping_status":"open","sticky":false,"template":"","format":"standard","meta":{"fifu_image_url":"https:\/\/www.elboletin.com\/wp-content\/uploads\/2022\/12\/argel1-1.jpg","fifu_image_alt":"","footnotes":""},"categories":[35],"tags":[],"class_list":["post-868","post","type-post","status-publish","format-standard","has-post-thumbnail","hentry","category-cultura-e-lazer","latest_post"],"yoast_head":"<!-- This site is optimized with the Yoast SEO plugin v27.3 - https:\/\/yoast.com\/product\/yoast-seo-wordpress\/ -->\n<title>Um passeio por Argel (III) - Tirinha.com<\/title>\n<meta name=\"robots\" content=\"index, follow, max-snippet:-1, max-image-preview:large, max-video-preview:-1\" \/>\n<link rel=\"canonical\" href=\"https:\/\/tirinha.com\/nl\/868\/een-wandeling-door-algiers-iii\/\" \/>\n<meta property=\"og:locale\" content=\"nl_NL\" \/>\n<meta property=\"og:type\" content=\"article\" \/>\n<meta property=\"og:title\" content=\"Um passeio por Argel (III) - Tirinha.com\" \/>\n<meta property=\"og:description\" content=\"A Casbah \u00e9 uma cidadela dentro da capital, Argel; \u00c9 dividida em Casbah Superior e Casbah Inferior e fica a &hellip;\" \/>\n<meta property=\"og:url\" content=\"https:\/\/tirinha.com\/nl\/868\/een-wandeling-door-algiers-iii\/\" \/>\n<meta property=\"og:site_name\" content=\"Tirinha.com\" \/>\n<meta property=\"article:published_time\" content=\"2023-04-03T13:30:32+00:00\" \/>\n<meta property=\"og:image\" content=\"https:\/\/www.elboletin.com\/wp-content\/uploads\/2022\/12\/argel1-1.jpg\" \/>\n<meta name=\"author\" content=\"admin\" \/>\n<meta name=\"twitter:card\" content=\"summary_large_image\" \/>\n<meta name=\"twitter:image\" content=\"https:\/\/www.elboletin.com\/wp-content\/uploads\/2022\/12\/argel1-1.jpg\" \/>\n<meta name=\"twitter:label1\" content=\"Geschreven door\" \/>\n\t<meta name=\"twitter:data1\" content=\"admin\" \/>\n\t<meta name=\"twitter:label2\" content=\"Geschatte leestijd\" \/>\n\t<meta name=\"twitter:data2\" content=\"6 minuten\" \/>\n<script type=\"application\/ld+json\" class=\"yoast-schema-graph\">{\"@context\":\"https:\\\/\\\/schema.org\",\"@graph\":[{\"@type\":\"Article\",\"@id\":\"https:\\\/\\\/tirinha.com\\\/868\\\/um-passeio-por-argel-iii\\\/#article\",\"isPartOf\":{\"@id\":\"https:\\\/\\\/tirinha.com\\\/868\\\/um-passeio-por-argel-iii\\\/\"},\"author\":{\"name\":\"admin\",\"@id\":\"https:\\\/\\\/tirinha.com\\\/#\\\/schema\\\/person\\\/e22bdfbe17e0461f7e927e6a1208d4d9\"},\"headline\":\"Um passeio por Argel (III)\",\"datePublished\":\"2023-04-03T13:30:32+00:00\",\"mainEntityOfPage\":{\"@id\":\"https:\\\/\\\/tirinha.com\\\/868\\\/um-passeio-por-argel-iii\\\/\"},\"wordCount\":1181,\"commentCount\":0,\"publisher\":{\"@id\":\"https:\\\/\\\/tirinha.com\\\/#organization\"},\"image\":{\"@id\":\"https:\\\/\\\/tirinha.com\\\/868\\\/um-passeio-por-argel-iii\\\/#primaryimage\"},\"thumbnailUrl\":\"https:\\\/\\\/www.elboletin.com\\\/wp-content\\\/uploads\\\/2022\\\/12\\\/argel1-1.jpg\",\"articleSection\":[\"Cultura e lazer\"],\"inLanguage\":\"nl-NL\",\"potentialAction\":[{\"@type\":\"CommentAction\",\"name\":\"Comment\",\"target\":[\"https:\\\/\\\/tirinha.com\\\/868\\\/um-passeio-por-argel-iii\\\/#respond\"]}]},{\"@type\":\"WebPage\",\"@id\":\"https:\\\/\\\/tirinha.com\\\/868\\\/um-passeio-por-argel-iii\\\/\",\"url\":\"https:\\\/\\\/tirinha.com\\\/868\\\/um-passeio-por-argel-iii\\\/\",\"name\":\"Um passeio por Argel (III) - Tirinha.com\",\"isPartOf\":{\"@id\":\"https:\\\/\\\/tirinha.com\\\/#website\"},\"primaryImageOfPage\":{\"@id\":\"https:\\\/\\\/tirinha.com\\\/868\\\/um-passeio-por-argel-iii\\\/#primaryimage\"},\"image\":{\"@id\":\"https:\\\/\\\/tirinha.com\\\/868\\\/um-passeio-por-argel-iii\\\/#primaryimage\"},\"thumbnailUrl\":\"https:\\\/\\\/www.elboletin.com\\\/wp-content\\\/uploads\\\/2022\\\/12\\\/argel1-1.jpg\",\"datePublished\":\"2023-04-03T13:30:32+00:00\",\"breadcrumb\":{\"@id\":\"https:\\\/\\\/tirinha.com\\\/868\\\/um-passeio-por-argel-iii\\\/#breadcrumb\"},\"inLanguage\":\"nl-NL\",\"potentialAction\":[{\"@type\":\"ReadAction\",\"target\":[\"https:\\\/\\\/tirinha.com\\\/868\\\/um-passeio-por-argel-iii\\\/\"]}]},{\"@type\":\"ImageObject\",\"inLanguage\":\"nl-NL\",\"@id\":\"https:\\\/\\\/tirinha.com\\\/868\\\/um-passeio-por-argel-iii\\\/#primaryimage\",\"url\":\"https:\\\/\\\/www.elboletin.com\\\/wp-content\\\/uploads\\\/2022\\\/12\\\/argel1-1.jpg\",\"contentUrl\":\"https:\\\/\\\/www.elboletin.com\\\/wp-content\\\/uploads\\\/2022\\\/12\\\/argel1-1.jpg\"},{\"@type\":\"BreadcrumbList\",\"@id\":\"https:\\\/\\\/tirinha.com\\\/868\\\/um-passeio-por-argel-iii\\\/#breadcrumb\",\"itemListElement\":[{\"@type\":\"ListItem\",\"position\":1,\"name\":\"Home\",\"item\":\"https:\\\/\\\/tirinha.com\\\/\"},{\"@type\":\"ListItem\",\"position\":2,\"name\":\"Um passeio por Argel (III)\"}]},{\"@type\":\"WebSite\",\"@id\":\"https:\\\/\\\/tirinha.com\\\/#website\",\"url\":\"https:\\\/\\\/tirinha.com\\\/\",\"name\":\"Tirinha.com\",\"description\":\"Arte e livros resenhas\",\"publisher\":{\"@id\":\"https:\\\/\\\/tirinha.com\\\/#organization\"},\"potentialAction\":[{\"@type\":\"SearchAction\",\"target\":{\"@type\":\"EntryPoint\",\"urlTemplate\":\"https:\\\/\\\/tirinha.com\\\/?s={search_term_string}\"},\"query-input\":{\"@type\":\"PropertyValueSpecification\",\"valueRequired\":true,\"valueName\":\"search_term_string\"}}],\"inLanguage\":\"nl-NL\"},{\"@type\":\"Organization\",\"@id\":\"https:\\\/\\\/tirinha.com\\\/#organization\",\"name\":\"Tirinha.com\",\"url\":\"https:\\\/\\\/tirinha.com\\\/\",\"logo\":{\"@type\":\"ImageObject\",\"inLanguage\":\"nl-NL\",\"@id\":\"https:\\\/\\\/tirinha.com\\\/#\\\/schema\\\/logo\\\/image\\\/\",\"url\":\"https:\\\/\\\/tirinha.com\\\/wp-content\\\/uploads\\\/2023\\\/08\\\/cropped-Logo-Tirinha.webp\",\"contentUrl\":\"https:\\\/\\\/tirinha.com\\\/wp-content\\\/uploads\\\/2023\\\/08\\\/cropped-Logo-Tirinha.webp\",\"width\":512,\"height\":512,\"caption\":\"Tirinha.com\"},\"image\":{\"@id\":\"https:\\\/\\\/tirinha.com\\\/#\\\/schema\\\/logo\\\/image\\\/\"}},{\"@type\":\"Person\",\"@id\":\"https:\\\/\\\/tirinha.com\\\/#\\\/schema\\\/person\\\/e22bdfbe17e0461f7e927e6a1208d4d9\",\"name\":\"admin\",\"image\":{\"@type\":\"ImageObject\",\"inLanguage\":\"nl-NL\",\"@id\":\"https:\\\/\\\/tirinha.com\\\/wp-content\\\/litespeed\\\/avatar\\\/d0068f7931cc87d7274eb0c3db1deb4b.jpg?ver=1776829466\",\"url\":\"https:\\\/\\\/tirinha.com\\\/wp-content\\\/litespeed\\\/avatar\\\/d0068f7931cc87d7274eb0c3db1deb4b.jpg?ver=1776829466\",\"contentUrl\":\"https:\\\/\\\/tirinha.com\\\/wp-content\\\/litespeed\\\/avatar\\\/d0068f7931cc87d7274eb0c3db1deb4b.jpg?ver=1776829466\",\"caption\":\"admin\"},\"sameAs\":[\"https:\\\/\\\/tirinha.com\"],\"url\":\"https:\\\/\\\/tirinha.com\\\/nl\\\/author\\\/admin\\\/\"}]}<\/script>\n<!-- \/ Yoast SEO plugin. -->","yoast_head_json":{"title":"Een wandeling door Algiers (III) - Tirinha.com","robots":{"index":"index","follow":"follow","max-snippet":"max-snippet:-1","max-image-preview":"max-image-preview:large","max-video-preview":"max-video-preview:-1"},"canonical":"https:\/\/tirinha.com\/nl\/868\/een-wandeling-door-algiers-iii\/","og_locale":"nl_NL","og_type":"article","og_title":"Um passeio por Argel (III) - Tirinha.com","og_description":"A Casbah \u00e9 uma cidadela dentro da capital, Argel; \u00c9 dividida em Casbah Superior e Casbah Inferior e fica a &hellip;","og_url":"https:\/\/tirinha.com\/nl\/868\/een-wandeling-door-algiers-iii\/","og_site_name":"Tirinha.com","article_published_time":"2023-04-03T13:30:32+00:00","og_image":[{"url":"https:\/\/www.elboletin.com\/wp-content\/uploads\/2022\/12\/argel1-1.jpg","type":"","width":"","height":""}],"author":"admin","twitter_card":"summary_large_image","twitter_image":"https:\/\/www.elboletin.com\/wp-content\/uploads\/2022\/12\/argel1-1.jpg","twitter_misc":{"Geschreven door":"admin","Geschatte leestijd":"6 minuten"},"schema":{"@context":"https:\/\/schema.org","@graph":[{"@type":"Article","@id":"https:\/\/tirinha.com\/868\/um-passeio-por-argel-iii\/#article","isPartOf":{"@id":"https:\/\/tirinha.com\/868\/um-passeio-por-argel-iii\/"},"author":{"name":"admin","@id":"https:\/\/tirinha.com\/#\/schema\/person\/e22bdfbe17e0461f7e927e6a1208d4d9"},"headline":"Um passeio por Argel (III)","datePublished":"2023-04-03T13:30:32+00:00","mainEntityOfPage":{"@id":"https:\/\/tirinha.com\/868\/um-passeio-por-argel-iii\/"},"wordCount":1181,"commentCount":0,"publisher":{"@id":"https:\/\/tirinha.com\/#organization"},"image":{"@id":"https:\/\/tirinha.com\/868\/um-passeio-por-argel-iii\/#primaryimage"},"thumbnailUrl":"https:\/\/www.elboletin.com\/wp-content\/uploads\/2022\/12\/argel1-1.jpg","articleSection":["Cultura e lazer"],"inLanguage":"nl-NL","potentialAction":[{"@type":"CommentAction","name":"Comment","target":["https:\/\/tirinha.com\/868\/um-passeio-por-argel-iii\/#respond"]}]},{"@type":"WebPage","@id":"https:\/\/tirinha.com\/868\/um-passeio-por-argel-iii\/","url":"https:\/\/tirinha.com\/868\/um-passeio-por-argel-iii\/","name":"Een wandeling door Algiers (III) - Tirinha.com","isPartOf":{"@id":"https:\/\/tirinha.com\/#website"},"primaryImageOfPage":{"@id":"https:\/\/tirinha.com\/868\/um-passeio-por-argel-iii\/#primaryimage"},"image":{"@id":"https:\/\/tirinha.com\/868\/um-passeio-por-argel-iii\/#primaryimage"},"thumbnailUrl":"https:\/\/www.elboletin.com\/wp-content\/uploads\/2022\/12\/argel1-1.jpg","datePublished":"2023-04-03T13:30:32+00:00","breadcrumb":{"@id":"https:\/\/tirinha.com\/868\/um-passeio-por-argel-iii\/#breadcrumb"},"inLanguage":"nl-NL","potentialAction":[{"@type":"ReadAction","target":["https:\/\/tirinha.com\/868\/um-passeio-por-argel-iii\/"]}]},{"@type":"ImageObject","inLanguage":"nl-NL","@id":"https:\/\/tirinha.com\/868\/um-passeio-por-argel-iii\/#primaryimage","url":"https:\/\/www.elboletin.com\/wp-content\/uploads\/2022\/12\/argel1-1.jpg","contentUrl":"https:\/\/www.elboletin.com\/wp-content\/uploads\/2022\/12\/argel1-1.jpg"},{"@type":"BreadcrumbList","@id":"https:\/\/tirinha.com\/868\/um-passeio-por-argel-iii\/#breadcrumb","itemListElement":[{"@type":"ListItem","position":1,"name":"Home","item":"https:\/\/tirinha.com\/"},{"@type":"ListItem","position":2,"name":"Um passeio por Argel (III)"}]},{"@type":"WebSite","@id":"https:\/\/tirinha.com\/#website","url":"https:\/\/tirinha.com\/","name":"Tirinha.com","description":"Kunst- en boekrecensies","publisher":{"@id":"https:\/\/tirinha.com\/#organization"},"potentialAction":[{"@type":"SearchAction","target":{"@type":"EntryPoint","urlTemplate":"https:\/\/tirinha.com\/?s={search_term_string}"},"query-input":{"@type":"PropertyValueSpecification","valueRequired":true,"valueName":"search_term_string"}}],"inLanguage":"nl-NL"},{"@type":"Organization","@id":"https:\/\/tirinha.com\/#organization","name":"Tirinha.com","url":"https:\/\/tirinha.com\/","logo":{"@type":"ImageObject","inLanguage":"nl-NL","@id":"https:\/\/tirinha.com\/#\/schema\/logo\/image\/","url":"https:\/\/tirinha.com\/wp-content\/uploads\/2023\/08\/cropped-Logo-Tirinha.webp","contentUrl":"https:\/\/tirinha.com\/wp-content\/uploads\/2023\/08\/cropped-Logo-Tirinha.webp","width":512,"height":512,"caption":"Tirinha.com"},"image":{"@id":"https:\/\/tirinha.com\/#\/schema\/logo\/image\/"}},{"@type":"Person","@id":"https:\/\/tirinha.com\/#\/schema\/person\/e22bdfbe17e0461f7e927e6a1208d4d9","name":"beheerder","image":{"@type":"ImageObject","inLanguage":"nl-NL","@id":"https:\/\/tirinha.com\/wp-content\/litespeed\/avatar\/d0068f7931cc87d7274eb0c3db1deb4b.jpg?ver=1776829466","url":"https:\/\/tirinha.com\/wp-content\/litespeed\/avatar\/d0068f7931cc87d7274eb0c3db1deb4b.jpg?ver=1776829466","contentUrl":"https:\/\/tirinha.com\/wp-content\/litespeed\/avatar\/d0068f7931cc87d7274eb0c3db1deb4b.jpg?ver=1776829466","caption":"admin"},"sameAs":["https:\/\/tirinha.com"],"url":"https:\/\/tirinha.com\/nl\/author\/admin\/"}]}},"_links":{"self":[{"href":"https:\/\/tirinha.com\/nl\/wp-json\/wp\/v2\/posts\/868","targetHints":{"allow":["GET"]}}],"collection":[{"href":"https:\/\/tirinha.com\/nl\/wp-json\/wp\/v2\/posts"}],"about":[{"href":"https:\/\/tirinha.com\/nl\/wp-json\/wp\/v2\/types\/post"}],"author":[{"embeddable":true,"href":"https:\/\/tirinha.com\/nl\/wp-json\/wp\/v2\/users\/1"}],"replies":[{"embeddable":true,"href":"https:\/\/tirinha.com\/nl\/wp-json\/wp\/v2\/comments?post=868"}],"version-history":[{"count":0,"href":"https:\/\/tirinha.com\/nl\/wp-json\/wp\/v2\/posts\/868\/revisions"}],"wp:featuredmedia":[{"embeddable":true,"href":"https:\/\/tirinha.com\/nl\/wp-json\/wp\/v2\/media\/869"}],"wp:attachment":[{"href":"https:\/\/tirinha.com\/nl\/wp-json\/wp\/v2\/media?parent=868"}],"wp:term":[{"taxonomy":"category","embeddable":true,"href":"https:\/\/tirinha.com\/nl\/wp-json\/wp\/v2\/categories?post=868"},{"taxonomy":"post_tag","embeddable":true,"href":"https:\/\/tirinha.com\/nl\/wp-json\/wp\/v2\/tags?post=868"}],"curies":[{"name":"wp","href":"https:\/\/api.w.org\/{rel}","templated":true}]}}