{"id":1140,"date":"2023-04-14T12:50:13","date_gmt":"2023-04-14T12:50:13","guid":{"rendered":"https:\/\/tirinha.com\/a-luz-do-ateneo-de-madrid\/"},"modified":"2023-04-14T12:50:13","modified_gmt":"2023-04-14T12:50:13","slug":"a-luz-do-ateneo-de-madrid","status":"publish","type":"post","link":"https:\/\/tirinha.com\/nl\/1140\/a-luz-do-ateneo-de-madrid\/","title":{"rendered":"Het licht van het Ateneo de Madrid"},"content":{"rendered":"<p><\/p>\n<div>\n<h2><em>Dois s\u00e9culos procurando a luz<\/em> recolher as grandes joias do arquivo da institui\u00e7\u00e3o bicenten\u00e1ria<\/h2>\n<p><strong>A espetacular biblioteca do Ateneo de Madrid, consagrada como ber\u00e7o do conhecimento e da cultura, abre suas portas ao p\u00fablico para receber a exposi\u00e7\u00e3o <em>Dois s\u00e9culos procurando a luz<\/em>um passeio que tenta capturar o s\u00edmbolo da institui\u00e7\u00e3o: a luz.<\/strong><\/p>\n<p>Herdeira do Ateneu espanhol e uma refer\u00eancia cultural e pol\u00edtica, a institui\u00e7\u00e3o foi fundada em 1835 sob a prote\u00e7\u00e3o da regente Mar\u00eda Cristina com uma premissa muito simples e complexa: <strong>\u201cespalhar as luzes\u201d<\/strong>difundir a cultura.<\/p>\n<p>Ao longo dos anos, o n\u00famero de membros do Ateneo de Madrid foi diminuindo e esta programa\u00e7\u00e3o especial pode ser uma grande oportunidade para aumentar o interesse em fazer parte desta institui\u00e7\u00e3o localizada no cora\u00e7\u00e3o do Barrio de las Letras.<\/p>\n<p>por ocasi\u00e3o do <strong>celebra\u00e7\u00e3o do bicenten\u00e1rio<\/strong>o Ateneo de Madrid organizou uma infinidade de propostas culturais com acesso gratuito ou a um pre\u00e7o muito acess\u00edvel, uma forma de retomar a ideia inicial desta institui\u00e7\u00e3o e <strong>aproximar a cultura de todos os estratos sociais das ruas de Madrid<\/strong>ser <em>Dois s\u00e9culos procurando a luz<\/em> uma delas.<\/p>\n<h3>Um caminho do qual a luz emana<\/h3>\n<p>Mariano Jos\u00e9 de Larra foi seu <strong>primeiro n\u00famero membro do Ateneu<\/strong>, ent\u00e3o uma pequena parte do passeio \u00e9 dedicada a ele.  Os sete fundadores votaram pela incorpora\u00e7\u00e3o da Larra \u00e0 institui\u00e7\u00e3o por meio de bolas de madeira que podem ser vistas na exposi\u00e7\u00e3o.  ent\u00e3o comece <em>Dois s\u00e9culos procurando a luz<\/em>.<\/p>\n<p>Naar de <strong>Fotografias<\/strong> s\u00e3o os protagonistas da exposi\u00e7\u00e3o e permitem ao visitante entrar no Ateneo de Madrid desde uma perspectiva que remonta a d\u00e9cadas.  A peculiar cole\u00e7\u00e3o de pequenas fotografias em placas de vidro \u00e9 um dos <strong>grandes atra\u00e7\u00f5es da exposi\u00e7\u00e3o.<\/strong> Ali\u00e1s, \u00e9 a montra em que a maioria dos visitantes para, movidos pela curiosidade do que \u00e9 que as fotografias mostravam.<\/p>\n<figure id=\"attachment_85836\" aria-describedby=\"caption-attachment-85836\" style=\"width: 281px\" class=\"wp-caption aligncenter\"><img fetchpriority=\"high\" data-attachment-id=\"85836\" data-permalink=\"https:\/\/elgeneracionalpost.com\/cultura\/2023\/0414\/85822\/ateneo-bicentenario-exposicion-programa-critica.html\/attachment\/expo\" data-orig-file=\"https:\/\/i0.wp.com\/elgeneracionalpost.com\/wp-content\/uploads\/2023\/04\/EXPO.jpg?fit=3024%2C3024&amp;ssl=1\" data-orig-size=\"3024,3024\" data-comments-opened=\"0\" data-image-meta=\"{&quot;aperture&quot;:&quot;1.8&quot;,&quot;credit&quot;:&quot;&quot;,&quot;camera&quot;:&quot;iPhone XR&quot;,&quot;caption&quot;:&quot;&quot;,&quot;created_timestamp&quot;:&quot;1681300255&quot;,&quot;copyright&quot;:&quot;&quot;,&quot;focal_length&quot;:&quot;4.25&quot;,&quot;iso&quot;:&quot;200&quot;,&quot;shutter_speed&quot;:&quot;0.016666666666667&quot;,&quot;title&quot;:&quot;&quot;,&quot;orientation&quot;:&quot;0&quot;}\" data-image-title=\"EXPO\" data-image-description=\"\" data-image-caption=\"\" data-medium-file=\"https:\/\/i0.wp.com\/elgeneracionalpost.com\/wp-content\/uploads\/2023\/04\/EXPO.jpg?fit=300%2C300&amp;ssl=1\" data-large-file=\"https:\/\/i0.wp.com\/elgeneracionalpost.com\/wp-content\/uploads\/2023\/04\/EXPO.jpg?fit=696%2C696&amp;ssl=1\" decoding=\"async\" class=\"wp-image-85836 jetpack-lazy-image\" src=\"https:\/\/i0.wp.com\/elgeneracionalpost.com\/wp-content\/uploads\/2023\/04\/EXPO.jpg?resize=281%2C281&amp;ssl=1\" alt=\"\" width=\"281\" height=\"281\" data-recalc-dims=\"1\" data-lazy-srcset=\"https:\/\/i0.wp.com\/elgeneracionalpost.com\/wp-content\/uploads\/2023\/04\/EXPO.jpg?resize=300%2C300&amp;ssl=1 300w, https:\/\/i0.wp.com\/elgeneracionalpost.com\/wp-content\/uploads\/2023\/04\/EXPO.jpg?resize=1024%2C1024&amp;ssl=1 1024w, https:\/\/i0.wp.com\/elgeneracionalpost.com\/wp-content\/uploads\/2023\/04\/EXPO.jpg?resize=150%2C150&amp;ssl=1 150w, https:\/\/i0.wp.com\/elgeneracionalpost.com\/wp-content\/uploads\/2023\/04\/EXPO.jpg?resize=768%2C768&amp;ssl=1 768w, https:\/\/i0.wp.com\/elgeneracionalpost.com\/wp-content\/uploads\/2023\/04\/EXPO.jpg?resize=1536%2C1536&amp;ssl=1 1536w, https:\/\/i0.wp.com\/elgeneracionalpost.com\/wp-content\/uploads\/2023\/04\/EXPO.jpg?resize=2048%2C2048&amp;ssl=1 2048w, https:\/\/i0.wp.com\/elgeneracionalpost.com\/wp-content\/uploads\/2023\/04\/EXPO.jpg?resize=696%2C696&amp;ssl=1 696w, https:\/\/i0.wp.com\/elgeneracionalpost.com\/wp-content\/uploads\/2023\/04\/EXPO.jpg?resize=1068%2C1068&amp;ssl=1 1068w, https:\/\/i0.wp.com\/elgeneracionalpost.com\/wp-content\/uploads\/2023\/04\/EXPO.jpg?resize=1920%2C1920&amp;ssl=1 1920w, https:\/\/i0.wp.com\/elgeneracionalpost.com\/wp-content\/uploads\/2023\/04\/EXPO.jpg?w=1392&amp;ssl=1 1392w\" data-lazy-sizes=\"(max-width: 281px) 100vw, 281px\" data-lazy-src=\"https:\/\/i0.wp.com\/elgeneracionalpost.com\/wp-content\/uploads\/2023\/04\/EXPO.jpg?resize=281%2C281&amp;is-pending-load=1#038;ssl=1\" srcset=\"data:image\/gif;base64,R0lGODlhAQABAIAAAAAAAP\/\/\/yH5BAEAAAAALAAAAAABAAEAAAIBRAA7\"\/><noscript><img data-lazy-fallback=\"1\" data-attachment-id=\"85836\" data-permalink=\"https:\/\/elgeneracionalpost.com\/cultura\/2023\/0414\/85822\/ateneo-bicentenario-exposicion-programa-critica.html\/attachment\/expo\" data-orig-file=\"https:\/\/i0.wp.com\/elgeneracionalpost.com\/wp-content\/uploads\/2023\/04\/EXPO.jpg?fit=3024%2C3024&amp;ssl=1\" data-orig-size=\"3024,3024\" data-comments-opened=\"0\" data-image-meta=\"{&quot;aperture&quot;:&quot;1.8&quot;,&quot;credit&quot;:&quot;&quot;,&quot;camera&quot;:&quot;iPhone XR&quot;,&quot;caption&quot;:&quot;&quot;,&quot;created_timestamp&quot;:&quot;1681300255&quot;,&quot;copyright&quot;:&quot;&quot;,&quot;focal_length&quot;:&quot;4.25&quot;,&quot;iso&quot;:&quot;200&quot;,&quot;shutter_speed&quot;:&quot;0.016666666666667&quot;,&quot;title&quot;:&quot;&quot;,&quot;orientation&quot;:&quot;0&quot;}\" data-image-title=\"EXPO\" data-image-description=\"\" data-image-caption=\"\" data-medium-file=\"https:\/\/i0.wp.com\/elgeneracionalpost.com\/wp-content\/uploads\/2023\/04\/EXPO.jpg?fit=300%2C300&amp;ssl=1\" data-large-file=\"https:\/\/i0.wp.com\/elgeneracionalpost.com\/wp-content\/uploads\/2023\/04\/EXPO.jpg?fit=696%2C696&amp;ssl=1\" decoding=\"async\" class=\"wp-image-85836\" src=\"https:\/\/i0.wp.com\/elgeneracionalpost.com\/wp-content\/uploads\/2023\/04\/EXPO.jpg?resize=281%2C281&amp;ssl=1\" alt=\"\" width=\"281\" height=\"281\" srcset=\"https:\/\/i0.wp.com\/elgeneracionalpost.com\/wp-content\/uploads\/2023\/04\/EXPO.jpg?resize=300%2C300&amp;ssl=1 300w, https:\/\/i0.wp.com\/elgeneracionalpost.com\/wp-content\/uploads\/2023\/04\/EXPO.jpg?resize=1024%2C1024&amp;ssl=1 1024w, https:\/\/i0.wp.com\/elgeneracionalpost.com\/wp-content\/uploads\/2023\/04\/EXPO.jpg?resize=150%2C150&amp;ssl=1 150w, https:\/\/i0.wp.com\/elgeneracionalpost.com\/wp-content\/uploads\/2023\/04\/EXPO.jpg?resize=768%2C768&amp;ssl=1 768w, https:\/\/i0.wp.com\/elgeneracionalpost.com\/wp-content\/uploads\/2023\/04\/EXPO.jpg?resize=1536%2C1536&amp;ssl=1 1536w, https:\/\/i0.wp.com\/elgeneracionalpost.com\/wp-content\/uploads\/2023\/04\/EXPO.jpg?resize=2048%2C2048&amp;ssl=1 2048w, https:\/\/i0.wp.com\/elgeneracionalpost.com\/wp-content\/uploads\/2023\/04\/EXPO.jpg?resize=696%2C696&amp;ssl=1 696w, https:\/\/i0.wp.com\/elgeneracionalpost.com\/wp-content\/uploads\/2023\/04\/EXPO.jpg?resize=1068%2C1068&amp;ssl=1 1068w, https:\/\/i0.wp.com\/elgeneracionalpost.com\/wp-content\/uploads\/2023\/04\/EXPO.jpg?resize=1920%2C1920&amp;ssl=1 1920w, https:\/\/i0.wp.com\/elgeneracionalpost.com\/wp-content\/uploads\/2023\/04\/EXPO.jpg?w=1392&amp;ssl=1 1392w\" sizes=\"(max-width: 281px) 100vw, 281px\" data-recalc-dims=\"1\"\/><\/noscript><figcaption id=\"caption-attachment-85836\" class=\"wp-caption-text\">Fotografias expostas em &#8216;Dois s\u00e9culos \u00e0 procura de luz&#8217; |  Fonte: L\u00facia Rivero See More<\/figcaption><\/figure>\n<p><strong>Arquivar documentos bibliogr\u00e1ficos e manuscritos<\/strong> ocupam um importante espa\u00e7o ao longo do percurso, animado, ainda, por <strong>m\u00fasica cl\u00e1ssica composta e interpretada por membros do Ateneo Madrid<\/strong>.  A m\u00fasica desempenhou um papel muito importante na institui\u00e7\u00e3o desde a sua origem, o que \u00e9 mantido e comemorado ao longo da exposi\u00e7\u00e3o.<\/p>\n<p><em>Dois s\u00e9culos procurando a luz <\/em>est\u00e1 exposto em La Pecera, uma sala cont\u00edgua ao espa\u00e7o principal da biblioteca, em cujas carteiras <strong>grandes refer\u00eancias culturais come\u00e7aram seu legado.<\/strong> Nas estantes desta biblioteca foram forjando-se movimentos liter\u00e1rios, desde o intenso romantismo at\u00e9 \u00e0 poderosa gera\u00e7\u00e3o de 27. Tamb\u00e9m a arte contempor\u00e2nea encontrou o seu lugar subindo as escadas do Ateneo de Madrid, assim como as inquieta\u00e7\u00f5es de numerosos cientistas.  Os primeiros debates feministas<img data-attachment-id=\"85827\" data-permalink=\"https:\/\/elgeneracionalpost.com\/cultura\/2023\/0414\/85822\/ateneo-bicentenario-exposicion-programa-critica.html\/attachment\/imagen-principal-3\" data-orig-file=\"https:\/\/elgeneracionalpost.com\/wp-content\/uploads\/2023\/04\/Imagen-principal.heic\" data-orig-size=\"\" data-comments-opened=\"0\" data-image-meta=\"[]\" data-image-title=\"Imagen principal\" data-image-description=\"\" data-image-caption=\"\" data-medium-file=\"https:\/\/elgeneracionalpost.com\/wp-content\/uploads\/2023\/04\/Imagen-principal.heic\" data-large-file=\"https:\/\/elgeneracionalpost.com\/wp-content\/uploads\/2023\/04\/Imagen-principal.heic\" decoding=\"async\" class=\"alignnone size-full wp-image-85827 jetpack-lazy-image\" src=\"https:\/\/elgeneracionalpost.com\/wp-content\/uploads\/2023\/04\/Imagen-principal.heic\" alt=\"\" data-lazy-src=\"https:\/\/elgeneracionalpost.com\/wp-content\/uploads\/2023\/04\/Imagen-principal.heic?is-pending-load=1\" srcset=\"data:image\/gif;base64,R0lGODlhAQABAIAAAAAAAP\/\/\/yH5BAEAAAAALAAAAAABAAEAAAIBRAA7\"\/><noscript><img data-lazy-fallback=\"1\" data-attachment-id=\"85827\" data-permalink=\"https:\/\/elgeneracionalpost.com\/cultura\/2023\/0414\/85822\/ateneo-bicentenario-exposicion-programa-critica.html\/attachment\/imagen-principal-3\" data-orig-file=\"https:\/\/elgeneracionalpost.com\/wp-content\/uploads\/2023\/04\/Imagen-principal.heic\" data-orig-size=\"\" data-comments-opened=\"0\" data-image-meta=\"[]\" data-image-title=\"Imagen principal\" data-image-description=\"\" data-image-caption=\"\" data-medium-file=\"https:\/\/elgeneracionalpost.com\/wp-content\/uploads\/2023\/04\/Imagen-principal.heic\" data-large-file=\"https:\/\/elgeneracionalpost.com\/wp-content\/uploads\/2023\/04\/Imagen-principal.heic\" decoding=\"async\" class=\"alignnone size-full wp-image-85827\" src=\"https:\/\/elgeneracionalpost.com\/wp-content\/uploads\/2023\/04\/Imagen-principal.heic\" alt=\"\"\/><\/noscript>  Eles foram realizados nas salas deste edif\u00edcio e sete ganhadores do Pr\u00eamio Nobel espanhol percorreram seus corredores.<\/p>\n<figure id=\"attachment_85844\" aria-describedby=\"caption-attachment-85844\" style=\"width: 275px\" class=\"wp-caption aligncenter\"><img data-attachment-id=\"85844\" data-permalink=\"https:\/\/elgeneracionalpost.com\/cultura\/2023\/0414\/85822\/ateneo-bicentenario-exposicion-programa-critica.html\/attachment\/img-6554\" data-orig-file=\"https:\/\/i0.wp.com\/elgeneracionalpost.com\/wp-content\/uploads\/2023\/04\/IMG-6554-rotated.jpg?fit=3024%2C4032&amp;ssl=1\" data-orig-size=\"3024,4032\" data-comments-opened=\"0\" data-image-meta=\"{&quot;aperture&quot;:&quot;1.8&quot;,&quot;credit&quot;:&quot;&quot;,&quot;camera&quot;:&quot;iPhone XR&quot;,&quot;caption&quot;:&quot;&quot;,&quot;created_timestamp&quot;:&quot;1681300561&quot;,&quot;copyright&quot;:&quot;&quot;,&quot;focal_length&quot;:&quot;4.25&quot;,&quot;iso&quot;:&quot;100&quot;,&quot;shutter_speed&quot;:&quot;0.014925373134328&quot;,&quot;title&quot;:&quot;&quot;,&quot;orientation&quot;:&quot;1&quot;}\" data-image-title=\"IMG-6554\" data-image-description=\"\" data-image-caption=\"&lt;p&gt;Biblioteca del Ateneo de Madrid | Fuente: Luc\u00eda Rivero&lt;\/p&gt;&#10;\" data-medium-file=\"https:\/\/i0.wp.com\/elgeneracionalpost.com\/wp-content\/uploads\/2023\/04\/IMG-6554-rotated.jpg?fit=225%2C300&amp;ssl=1\" data-large-file=\"https:\/\/i0.wp.com\/elgeneracionalpost.com\/wp-content\/uploads\/2023\/04\/IMG-6554-rotated.jpg?fit=696%2C928&amp;ssl=1\" decoding=\"async\" class=\"wp-image-85844 jetpack-lazy-image\" src=\"https:\/\/i0.wp.com\/elgeneracionalpost.com\/wp-content\/uploads\/2023\/04\/IMG-6554.jpg?resize=275%2C367&amp;ssl=1\" alt=\"\" width=\"275\" height=\"367\" data-recalc-dims=\"1\" data-lazy-srcset=\"https:\/\/i0.wp.com\/elgeneracionalpost.com\/wp-content\/uploads\/2023\/04\/IMG-6554-rotated.jpg?resize=225%2C300&amp;ssl=1 225w, https:\/\/i0.wp.com\/elgeneracionalpost.com\/wp-content\/uploads\/2023\/04\/IMG-6554-rotated.jpg?resize=768%2C1024&amp;ssl=1 768w, https:\/\/i0.wp.com\/elgeneracionalpost.com\/wp-content\/uploads\/2023\/04\/IMG-6554-rotated.jpg?resize=1152%2C1536&amp;ssl=1 1152w, https:\/\/i0.wp.com\/elgeneracionalpost.com\/wp-content\/uploads\/2023\/04\/IMG-6554-rotated.jpg?resize=1536%2C2048&amp;ssl=1 1536w, https:\/\/i0.wp.com\/elgeneracionalpost.com\/wp-content\/uploads\/2023\/04\/IMG-6554-rotated.jpg?resize=150%2C200&amp;ssl=1 150w, https:\/\/i0.wp.com\/elgeneracionalpost.com\/wp-content\/uploads\/2023\/04\/IMG-6554-rotated.jpg?resize=300%2C400&amp;ssl=1 300w, https:\/\/i0.wp.com\/elgeneracionalpost.com\/wp-content\/uploads\/2023\/04\/IMG-6554-rotated.jpg?resize=696%2C928&amp;ssl=1 696w, https:\/\/i0.wp.com\/elgeneracionalpost.com\/wp-content\/uploads\/2023\/04\/IMG-6554-rotated.jpg?resize=1068%2C1424&amp;ssl=1 1068w, https:\/\/i0.wp.com\/elgeneracionalpost.com\/wp-content\/uploads\/2023\/04\/IMG-6554-rotated.jpg?resize=1920%2C2560&amp;ssl=1 1920w, https:\/\/i0.wp.com\/elgeneracionalpost.com\/wp-content\/uploads\/2023\/04\/IMG-6554-rotated.jpg?w=1392&amp;ssl=1 1392w, https:\/\/i0.wp.com\/elgeneracionalpost.com\/wp-content\/uploads\/2023\/04\/IMG-6554-rotated.jpg?w=2088&amp;ssl=1 2088w\" data-lazy-sizes=\"(max-width: 275px) 100vw, 275px\" data-lazy-src=\"https:\/\/i0.wp.com\/elgeneracionalpost.com\/wp-content\/uploads\/2023\/04\/IMG-6554.jpg?resize=275%2C367&amp;is-pending-load=1#038;ssl=1\" srcset=\"data:image\/gif;base64,R0lGODlhAQABAIAAAAAAAP\/\/\/yH5BAEAAAAALAAAAAABAAEAAAIBRAA7\"\/><noscript><img loading=\"lazy\" data-lazy-fallback=\"1\" data-attachment-id=\"85844\" data-permalink=\"https:\/\/elgeneracionalpost.com\/cultura\/2023\/0414\/85822\/ateneo-bicentenario-exposicion-programa-critica.html\/attachment\/img-6554\" data-orig-file=\"https:\/\/i0.wp.com\/elgeneracionalpost.com\/wp-content\/uploads\/2023\/04\/IMG-6554-rotated.jpg?fit=3024%2C4032&amp;ssl=1\" data-orig-size=\"3024,4032\" data-comments-opened=\"0\" data-image-meta=\"{&quot;aperture&quot;:&quot;1.8&quot;,&quot;credit&quot;:&quot;&quot;,&quot;camera&quot;:&quot;iPhone XR&quot;,&quot;caption&quot;:&quot;&quot;,&quot;created_timestamp&quot;:&quot;1681300561&quot;,&quot;copyright&quot;:&quot;&quot;,&quot;focal_length&quot;:&quot;4.25&quot;,&quot;iso&quot;:&quot;100&quot;,&quot;shutter_speed&quot;:&quot;0.014925373134328&quot;,&quot;title&quot;:&quot;&quot;,&quot;orientation&quot;:&quot;1&quot;}\" data-image-title=\"IMG-6554\" data-image-description=\"\" data-image-caption=\"&lt;p&gt;Biblioteca del Ateneo de Madrid | Fuente: Luc\u00eda Rivero&lt;\/p&gt;&#10;\" data-medium-file=\"https:\/\/i0.wp.com\/elgeneracionalpost.com\/wp-content\/uploads\/2023\/04\/IMG-6554-rotated.jpg?fit=225%2C300&amp;ssl=1\" data-large-file=\"https:\/\/i0.wp.com\/elgeneracionalpost.com\/wp-content\/uploads\/2023\/04\/IMG-6554-rotated.jpg?fit=696%2C928&amp;ssl=1\" decoding=\"async\" class=\"wp-image-85844\" src=\"https:\/\/i0.wp.com\/elgeneracionalpost.com\/wp-content\/uploads\/2023\/04\/IMG-6554.jpg?resize=275%2C367&amp;ssl=1\" alt=\"\" width=\"275\" height=\"367\" srcset=\"https:\/\/i0.wp.com\/elgeneracionalpost.com\/wp-content\/uploads\/2023\/04\/IMG-6554-rotated.jpg?resize=225%2C300&amp;ssl=1 225w, https:\/\/i0.wp.com\/elgeneracionalpost.com\/wp-content\/uploads\/2023\/04\/IMG-6554-rotated.jpg?resize=768%2C1024&amp;ssl=1 768w, https:\/\/i0.wp.com\/elgeneracionalpost.com\/wp-content\/uploads\/2023\/04\/IMG-6554-rotated.jpg?resize=1152%2C1536&amp;ssl=1 1152w, https:\/\/i0.wp.com\/elgeneracionalpost.com\/wp-content\/uploads\/2023\/04\/IMG-6554-rotated.jpg?resize=1536%2C2048&amp;ssl=1 1536w, https:\/\/i0.wp.com\/elgeneracionalpost.com\/wp-content\/uploads\/2023\/04\/IMG-6554-rotated.jpg?resize=150%2C200&amp;ssl=1 150w, https:\/\/i0.wp.com\/elgeneracionalpost.com\/wp-content\/uploads\/2023\/04\/IMG-6554-rotated.jpg?resize=300%2C400&amp;ssl=1 300w, https:\/\/i0.wp.com\/elgeneracionalpost.com\/wp-content\/uploads\/2023\/04\/IMG-6554-rotated.jpg?resize=696%2C928&amp;ssl=1 696w, https:\/\/i0.wp.com\/elgeneracionalpost.com\/wp-content\/uploads\/2023\/04\/IMG-6554-rotated.jpg?resize=1068%2C1424&amp;ssl=1 1068w, https:\/\/i0.wp.com\/elgeneracionalpost.com\/wp-content\/uploads\/2023\/04\/IMG-6554-rotated.jpg?resize=1920%2C2560&amp;ssl=1 1920w, https:\/\/i0.wp.com\/elgeneracionalpost.com\/wp-content\/uploads\/2023\/04\/IMG-6554-rotated.jpg?w=1392&amp;ssl=1 1392w, https:\/\/i0.wp.com\/elgeneracionalpost.com\/wp-content\/uploads\/2023\/04\/IMG-6554-rotated.jpg?w=2088&amp;ssl=1 2088w\" sizes=\"auto, (max-width: 275px) 100vw, 275px\" data-recalc-dims=\"1\"\/><\/noscript><figcaption id=\"caption-attachment-85844\" class=\"wp-caption-text\">Biblioteca do Ateneo de Madrid |  Fonte: L\u00facia Rivero See More<\/figcaption><\/figure>\n<p>Entrar nesta sala, ver as secret\u00e1rias e as paredes repletas de livros \u00e9 um <strong>sopro de conhecimento<\/strong> para quem sente que a cultura corre nas veias.  Sem d\u00favida, uma oportunidade \u00fanica de estar envolvido com letras, arte e ci\u00eancia.<\/p>\n<p>Todo um legado cultural e cient\u00edfico que emana de cada uma das salas do Ateneo Madrid e que continuar\u00e1 com sua programa\u00e7\u00e3o especial bicenten\u00e1ria durante as duas \u00faltimas semanas.  Desta forma, <strong>A exposi\u00e7\u00e3o pode ser visitada at\u00e9 30 de abril.<\/strong><\/p>\n<div class=\"sharedaddy sd-block sd-like jetpack-likes-widget-wrapper jetpack-likes-widget-unloaded\" id=\"like-post-wrapper-153844979-85822-64394c03bf434\" data-src=\"https:\/\/widgets.wp.com\/likes\/#blog_id=153844979&amp;post_id=85822&amp;origin=elgeneracionalpost.com&amp;obj_id=153844979-85822-64394c03bf434\" data-name=\"like-post-frame-153844979-85822-64394c03bf434\" data-title=\"Me gusta o Compartir\">\n<h3 class=\"sd-title\">Dit vind ik leuk:<\/h3>\n<p><span class=\"button\"><span>Ik vind het leuk<\/span><\/span> <span class=\"loading\">Laden\u2026<\/span><\/p>\n<p><span class=\"sd-text-color\"\/><\/div>\n<p><h3 class=\"jp-relatedposts-headline\"><em>Verwant<\/em><\/h3>\n<\/p>\n<\/div>","protected":false},"excerpt":{"rendered":"<p>Dois s\u00e9culos procurando a luz recolher as grandes joias do arquivo da institui\u00e7\u00e3o bicenten\u00e1ria A espetacular biblioteca do Ateneo de &hellip; <\/p>","protected":false},"author":1,"featured_media":1141,"comment_status":"open","ping_status":"open","sticky":false,"template":"","format":"standard","meta":{"fifu_image_url":"https:\/\/elgeneracionalpost.com\/wp-content\/uploads\/2023\/04\/PORTADA-EG2.jpg","fifu_image_alt":"","footnotes":""},"categories":[35],"tags":[],"class_list":["post-1140","post","type-post","status-publish","format-standard","has-post-thumbnail","hentry","category-cultura-e-lazer","latest_post"],"yoast_head":"<!-- This site is optimized with the Yoast SEO plugin v27.3 - https:\/\/yoast.com\/product\/yoast-seo-wordpress\/ -->\n<title>A luz do Ateneo de Madrid - Tirinha.com<\/title>\n<meta name=\"robots\" content=\"index, follow, max-snippet:-1, max-image-preview:large, max-video-preview:-1\" \/>\n<link rel=\"canonical\" href=\"https:\/\/tirinha.com\/nl\/1140\/a-luz-do-ateneo-de-madrid\/\" \/>\n<meta property=\"og:locale\" content=\"nl_NL\" \/>\n<meta property=\"og:type\" content=\"article\" \/>\n<meta property=\"og:title\" content=\"A luz do Ateneo de Madrid - Tirinha.com\" \/>\n<meta property=\"og:description\" content=\"Dois s\u00e9culos procurando a luz recolher as grandes joias do arquivo da institui\u00e7\u00e3o bicenten\u00e1ria A espetacular biblioteca do Ateneo de &hellip;\" \/>\n<meta property=\"og:url\" content=\"https:\/\/tirinha.com\/nl\/1140\/a-luz-do-ateneo-de-madrid\/\" \/>\n<meta property=\"og:site_name\" content=\"Tirinha.com\" \/>\n<meta property=\"article:published_time\" content=\"2023-04-14T12:50:13+00:00\" \/>\n<meta property=\"og:image\" content=\"https:\/\/elgeneracionalpost.com\/wp-content\/uploads\/2023\/04\/PORTADA-EG2.jpg\" \/>\n<meta name=\"author\" content=\"admin\" \/>\n<meta name=\"twitter:card\" content=\"summary_large_image\" \/>\n<meta name=\"twitter:image\" content=\"https:\/\/elgeneracionalpost.com\/wp-content\/uploads\/2023\/04\/PORTADA-EG2.jpg\" \/>\n<meta name=\"twitter:label1\" content=\"Geschreven door\" \/>\n\t<meta name=\"twitter:data1\" content=\"admin\" \/>\n\t<meta name=\"twitter:label2\" content=\"Geschatte leestijd\" \/>\n\t<meta name=\"twitter:data2\" content=\"3 minuten\" \/>\n<script type=\"application\/ld+json\" class=\"yoast-schema-graph\">{\"@context\":\"https:\\\/\\\/schema.org\",\"@graph\":[{\"@type\":\"Article\",\"@id\":\"https:\\\/\\\/tirinha.com\\\/1140\\\/a-luz-do-ateneo-de-madrid\\\/#article\",\"isPartOf\":{\"@id\":\"https:\\\/\\\/tirinha.com\\\/1140\\\/a-luz-do-ateneo-de-madrid\\\/\"},\"author\":{\"name\":\"admin\",\"@id\":\"https:\\\/\\\/tirinha.com\\\/#\\\/schema\\\/person\\\/e22bdfbe17e0461f7e927e6a1208d4d9\"},\"headline\":\"A luz do Ateneo de Madrid\",\"datePublished\":\"2023-04-14T12:50:13+00:00\",\"mainEntityOfPage\":{\"@id\":\"https:\\\/\\\/tirinha.com\\\/1140\\\/a-luz-do-ateneo-de-madrid\\\/\"},\"wordCount\":608,\"commentCount\":0,\"publisher\":{\"@id\":\"https:\\\/\\\/tirinha.com\\\/#organization\"},\"image\":{\"@id\":\"https:\\\/\\\/tirinha.com\\\/1140\\\/a-luz-do-ateneo-de-madrid\\\/#primaryimage\"},\"thumbnailUrl\":\"https:\\\/\\\/elgeneracionalpost.com\\\/wp-content\\\/uploads\\\/2023\\\/04\\\/PORTADA-EG2.jpg\",\"articleSection\":[\"Cultura e lazer\"],\"inLanguage\":\"nl-NL\",\"potentialAction\":[{\"@type\":\"CommentAction\",\"name\":\"Comment\",\"target\":[\"https:\\\/\\\/tirinha.com\\\/1140\\\/a-luz-do-ateneo-de-madrid\\\/#respond\"]}]},{\"@type\":\"WebPage\",\"@id\":\"https:\\\/\\\/tirinha.com\\\/1140\\\/a-luz-do-ateneo-de-madrid\\\/\",\"url\":\"https:\\\/\\\/tirinha.com\\\/1140\\\/a-luz-do-ateneo-de-madrid\\\/\",\"name\":\"A luz do Ateneo de Madrid - Tirinha.com\",\"isPartOf\":{\"@id\":\"https:\\\/\\\/tirinha.com\\\/#website\"},\"primaryImageOfPage\":{\"@id\":\"https:\\\/\\\/tirinha.com\\\/1140\\\/a-luz-do-ateneo-de-madrid\\\/#primaryimage\"},\"image\":{\"@id\":\"https:\\\/\\\/tirinha.com\\\/1140\\\/a-luz-do-ateneo-de-madrid\\\/#primaryimage\"},\"thumbnailUrl\":\"https:\\\/\\\/elgeneracionalpost.com\\\/wp-content\\\/uploads\\\/2023\\\/04\\\/PORTADA-EG2.jpg\",\"datePublished\":\"2023-04-14T12:50:13+00:00\",\"breadcrumb\":{\"@id\":\"https:\\\/\\\/tirinha.com\\\/1140\\\/a-luz-do-ateneo-de-madrid\\\/#breadcrumb\"},\"inLanguage\":\"nl-NL\",\"potentialAction\":[{\"@type\":\"ReadAction\",\"target\":[\"https:\\\/\\\/tirinha.com\\\/1140\\\/a-luz-do-ateneo-de-madrid\\\/\"]}]},{\"@type\":\"ImageObject\",\"inLanguage\":\"nl-NL\",\"@id\":\"https:\\\/\\\/tirinha.com\\\/1140\\\/a-luz-do-ateneo-de-madrid\\\/#primaryimage\",\"url\":\"https:\\\/\\\/elgeneracionalpost.com\\\/wp-content\\\/uploads\\\/2023\\\/04\\\/PORTADA-EG2.jpg\",\"contentUrl\":\"https:\\\/\\\/elgeneracionalpost.com\\\/wp-content\\\/uploads\\\/2023\\\/04\\\/PORTADA-EG2.jpg\"},{\"@type\":\"BreadcrumbList\",\"@id\":\"https:\\\/\\\/tirinha.com\\\/1140\\\/a-luz-do-ateneo-de-madrid\\\/#breadcrumb\",\"itemListElement\":[{\"@type\":\"ListItem\",\"position\":1,\"name\":\"Home\",\"item\":\"https:\\\/\\\/tirinha.com\\\/\"},{\"@type\":\"ListItem\",\"position\":2,\"name\":\"A luz do Ateneo de Madrid\"}]},{\"@type\":\"WebSite\",\"@id\":\"https:\\\/\\\/tirinha.com\\\/#website\",\"url\":\"https:\\\/\\\/tirinha.com\\\/\",\"name\":\"Tirinha.com\",\"description\":\"Arte e livros resenhas\",\"publisher\":{\"@id\":\"https:\\\/\\\/tirinha.com\\\/#organization\"},\"potentialAction\":[{\"@type\":\"SearchAction\",\"target\":{\"@type\":\"EntryPoint\",\"urlTemplate\":\"https:\\\/\\\/tirinha.com\\\/?s={search_term_string}\"},\"query-input\":{\"@type\":\"PropertyValueSpecification\",\"valueRequired\":true,\"valueName\":\"search_term_string\"}}],\"inLanguage\":\"nl-NL\"},{\"@type\":\"Organization\",\"@id\":\"https:\\\/\\\/tirinha.com\\\/#organization\",\"name\":\"Tirinha.com\",\"url\":\"https:\\\/\\\/tirinha.com\\\/\",\"logo\":{\"@type\":\"ImageObject\",\"inLanguage\":\"nl-NL\",\"@id\":\"https:\\\/\\\/tirinha.com\\\/#\\\/schema\\\/logo\\\/image\\\/\",\"url\":\"https:\\\/\\\/tirinha.com\\\/wp-content\\\/uploads\\\/2023\\\/08\\\/cropped-Logo-Tirinha.webp\",\"contentUrl\":\"https:\\\/\\\/tirinha.com\\\/wp-content\\\/uploads\\\/2023\\\/08\\\/cropped-Logo-Tirinha.webp\",\"width\":512,\"height\":512,\"caption\":\"Tirinha.com\"},\"image\":{\"@id\":\"https:\\\/\\\/tirinha.com\\\/#\\\/schema\\\/logo\\\/image\\\/\"}},{\"@type\":\"Person\",\"@id\":\"https:\\\/\\\/tirinha.com\\\/#\\\/schema\\\/person\\\/e22bdfbe17e0461f7e927e6a1208d4d9\",\"name\":\"admin\",\"image\":{\"@type\":\"ImageObject\",\"inLanguage\":\"nl-NL\",\"@id\":\"https:\\\/\\\/tirinha.com\\\/wp-content\\\/litespeed\\\/avatar\\\/d0068f7931cc87d7274eb0c3db1deb4b.jpg?ver=1776829466\",\"url\":\"https:\\\/\\\/tirinha.com\\\/wp-content\\\/litespeed\\\/avatar\\\/d0068f7931cc87d7274eb0c3db1deb4b.jpg?ver=1776829466\",\"contentUrl\":\"https:\\\/\\\/tirinha.com\\\/wp-content\\\/litespeed\\\/avatar\\\/d0068f7931cc87d7274eb0c3db1deb4b.jpg?ver=1776829466\",\"caption\":\"admin\"},\"sameAs\":[\"https:\\\/\\\/tirinha.com\"],\"url\":\"https:\\\/\\\/tirinha.com\\\/nl\\\/author\\\/admin\\\/\"}]}<\/script>\n<!-- \/ Yoast SEO plugin. -->","yoast_head_json":{"title":"A luz do Ateneo de Madrid - Tirinha.com","robots":{"index":"index","follow":"follow","max-snippet":"max-snippet:-1","max-image-preview":"max-image-preview:large","max-video-preview":"max-video-preview:-1"},"canonical":"https:\/\/tirinha.com\/nl\/1140\/a-luz-do-ateneo-de-madrid\/","og_locale":"nl_NL","og_type":"article","og_title":"A luz do Ateneo de Madrid - Tirinha.com","og_description":"Dois s\u00e9culos procurando a luz recolher as grandes joias do arquivo da institui\u00e7\u00e3o bicenten\u00e1ria A espetacular biblioteca do Ateneo de &hellip;","og_url":"https:\/\/tirinha.com\/nl\/1140\/a-luz-do-ateneo-de-madrid\/","og_site_name":"Tirinha.com","article_published_time":"2023-04-14T12:50:13+00:00","og_image":[{"url":"https:\/\/elgeneracionalpost.com\/wp-content\/uploads\/2023\/04\/PORTADA-EG2.jpg","type":"","width":"","height":""}],"author":"admin","twitter_card":"summary_large_image","twitter_image":"https:\/\/elgeneracionalpost.com\/wp-content\/uploads\/2023\/04\/PORTADA-EG2.jpg","twitter_misc":{"Geschreven door":"admin","Geschatte leestijd":"3 minuten"},"schema":{"@context":"https:\/\/schema.org","@graph":[{"@type":"Article","@id":"https:\/\/tirinha.com\/1140\/a-luz-do-ateneo-de-madrid\/#article","isPartOf":{"@id":"https:\/\/tirinha.com\/1140\/a-luz-do-ateneo-de-madrid\/"},"author":{"name":"admin","@id":"https:\/\/tirinha.com\/#\/schema\/person\/e22bdfbe17e0461f7e927e6a1208d4d9"},"headline":"A luz do Ateneo de Madrid","datePublished":"2023-04-14T12:50:13+00:00","mainEntityOfPage":{"@id":"https:\/\/tirinha.com\/1140\/a-luz-do-ateneo-de-madrid\/"},"wordCount":608,"commentCount":0,"publisher":{"@id":"https:\/\/tirinha.com\/#organization"},"image":{"@id":"https:\/\/tirinha.com\/1140\/a-luz-do-ateneo-de-madrid\/#primaryimage"},"thumbnailUrl":"https:\/\/elgeneracionalpost.com\/wp-content\/uploads\/2023\/04\/PORTADA-EG2.jpg","articleSection":["Cultura e lazer"],"inLanguage":"nl-NL","potentialAction":[{"@type":"CommentAction","name":"Comment","target":["https:\/\/tirinha.com\/1140\/a-luz-do-ateneo-de-madrid\/#respond"]}]},{"@type":"WebPage","@id":"https:\/\/tirinha.com\/1140\/a-luz-do-ateneo-de-madrid\/","url":"https:\/\/tirinha.com\/1140\/a-luz-do-ateneo-de-madrid\/","name":"A luz do Ateneo de Madrid - Tirinha.com","isPartOf":{"@id":"https:\/\/tirinha.com\/#website"},"primaryImageOfPage":{"@id":"https:\/\/tirinha.com\/1140\/a-luz-do-ateneo-de-madrid\/#primaryimage"},"image":{"@id":"https:\/\/tirinha.com\/1140\/a-luz-do-ateneo-de-madrid\/#primaryimage"},"thumbnailUrl":"https:\/\/elgeneracionalpost.com\/wp-content\/uploads\/2023\/04\/PORTADA-EG2.jpg","datePublished":"2023-04-14T12:50:13+00:00","breadcrumb":{"@id":"https:\/\/tirinha.com\/1140\/a-luz-do-ateneo-de-madrid\/#breadcrumb"},"inLanguage":"nl-NL","potentialAction":[{"@type":"ReadAction","target":["https:\/\/tirinha.com\/1140\/a-luz-do-ateneo-de-madrid\/"]}]},{"@type":"ImageObject","inLanguage":"nl-NL","@id":"https:\/\/tirinha.com\/1140\/a-luz-do-ateneo-de-madrid\/#primaryimage","url":"https:\/\/elgeneracionalpost.com\/wp-content\/uploads\/2023\/04\/PORTADA-EG2.jpg","contentUrl":"https:\/\/elgeneracionalpost.com\/wp-content\/uploads\/2023\/04\/PORTADA-EG2.jpg"},{"@type":"BreadcrumbList","@id":"https:\/\/tirinha.com\/1140\/a-luz-do-ateneo-de-madrid\/#breadcrumb","itemListElement":[{"@type":"ListItem","position":1,"name":"Home","item":"https:\/\/tirinha.com\/"},{"@type":"ListItem","position":2,"name":"A luz do Ateneo de Madrid"}]},{"@type":"WebSite","@id":"https:\/\/tirinha.com\/#website","url":"https:\/\/tirinha.com\/","name":"Tirinha.com","description":"Kunst- en boekrecensies","publisher":{"@id":"https:\/\/tirinha.com\/#organization"},"potentialAction":[{"@type":"SearchAction","target":{"@type":"EntryPoint","urlTemplate":"https:\/\/tirinha.com\/?s={search_term_string}"},"query-input":{"@type":"PropertyValueSpecification","valueRequired":true,"valueName":"search_term_string"}}],"inLanguage":"nl-NL"},{"@type":"Organization","@id":"https:\/\/tirinha.com\/#organization","name":"Tirinha.com","url":"https:\/\/tirinha.com\/","logo":{"@type":"ImageObject","inLanguage":"nl-NL","@id":"https:\/\/tirinha.com\/#\/schema\/logo\/image\/","url":"https:\/\/tirinha.com\/wp-content\/uploads\/2023\/08\/cropped-Logo-Tirinha.webp","contentUrl":"https:\/\/tirinha.com\/wp-content\/uploads\/2023\/08\/cropped-Logo-Tirinha.webp","width":512,"height":512,"caption":"Tirinha.com"},"image":{"@id":"https:\/\/tirinha.com\/#\/schema\/logo\/image\/"}},{"@type":"Person","@id":"https:\/\/tirinha.com\/#\/schema\/person\/e22bdfbe17e0461f7e927e6a1208d4d9","name":"beheerder","image":{"@type":"ImageObject","inLanguage":"nl-NL","@id":"https:\/\/tirinha.com\/wp-content\/litespeed\/avatar\/d0068f7931cc87d7274eb0c3db1deb4b.jpg?ver=1776829466","url":"https:\/\/tirinha.com\/wp-content\/litespeed\/avatar\/d0068f7931cc87d7274eb0c3db1deb4b.jpg?ver=1776829466","contentUrl":"https:\/\/tirinha.com\/wp-content\/litespeed\/avatar\/d0068f7931cc87d7274eb0c3db1deb4b.jpg?ver=1776829466","caption":"admin"},"sameAs":["https:\/\/tirinha.com"],"url":"https:\/\/tirinha.com\/nl\/author\/admin\/"}]}},"_links":{"self":[{"href":"https:\/\/tirinha.com\/nl\/wp-json\/wp\/v2\/posts\/1140","targetHints":{"allow":["GET"]}}],"collection":[{"href":"https:\/\/tirinha.com\/nl\/wp-json\/wp\/v2\/posts"}],"about":[{"href":"https:\/\/tirinha.com\/nl\/wp-json\/wp\/v2\/types\/post"}],"author":[{"embeddable":true,"href":"https:\/\/tirinha.com\/nl\/wp-json\/wp\/v2\/users\/1"}],"replies":[{"embeddable":true,"href":"https:\/\/tirinha.com\/nl\/wp-json\/wp\/v2\/comments?post=1140"}],"version-history":[{"count":0,"href":"https:\/\/tirinha.com\/nl\/wp-json\/wp\/v2\/posts\/1140\/revisions"}],"wp:featuredmedia":[{"embeddable":true,"href":"https:\/\/tirinha.com\/nl\/wp-json\/wp\/v2\/media\/1141"}],"wp:attachment":[{"href":"https:\/\/tirinha.com\/nl\/wp-json\/wp\/v2\/media?parent=1140"}],"wp:term":[{"taxonomy":"category","embeddable":true,"href":"https:\/\/tirinha.com\/nl\/wp-json\/wp\/v2\/categories?post=1140"},{"taxonomy":"post_tag","embeddable":true,"href":"https:\/\/tirinha.com\/nl\/wp-json\/wp\/v2\/tags?post=1140"}],"curies":[{"name":"wp","href":"https:\/\/api.w.org\/{rel}","templated":true}]}}